{"id":10057,"date":"2020-09-23T17:17:06","date_gmt":"2020-09-23T15:17:06","guid":{"rendered":"https:\/\/blog.empikfoto.pl\/?p=10057"},"modified":"2023-08-17T10:42:39","modified_gmt":"2023-08-17T08:42:39","slug":"fotozeszyt-takiego-dlaczego-warto","status":"publish","type":"post","link":"https:\/\/www.empikfoto.pl\/blog\/fotozeszyt-takiego-dlaczego-warto\/","title":{"rendered":"Fotozeszyt &#8211; co to takiego? Dlaczego warto?"},"content":{"rendered":"<p><strong>Wspomnienia to bardzo cenne pami\u0105tki. Ka\u017cda chwila, kt\u00f3r\u0105 prze\u017cyli\u015bmy stanowi wspania\u0142e do\u015bwiadczenie &#8211; warte zapami\u0119tania. Jednak wraz z up\u0142ywem lat, pami\u0119\u0107 ludzka coraz bardziej zawodzi. Umykaj\u0105 nam szczeg\u00f3\u0142y, imiona dawnych przyjaci\u00f3\u0142, nazwy miast czy zabawne anegdoty\u2026 Istnieje tylko jeden spos\u00f3b na zatrzymanie tego procesu &#8211; stworzenie wehiku\u0142u czasu lub fotozeszytu. Dowiedz si\u0119, co to jest?<\/strong><!--more--><\/p>\n<p>Mimo wielu ludzkich stara\u0144, stworzenie wehiku\u0142u czasu nadal pozostaje w sferze marze\u0144. I cho\u0107 prze\u017cycie czego\u015b jeszcze raz jest niemo\u017cliwe, to istnieje pewien spos\u00f3b na przypomnienie sobie emocji, zapach\u00f3w i d\u017awi\u0119k\u00f3w, kt\u00f3re towarzyszy\u0142y nam danego dnia. Fotografie &#8211; wspania\u0142e pami\u0105tki, kt\u00f3re uwieczniaj\u0105 wspomnienia. Jednak, zamiast przechowywa\u0107 je w pami\u0119ci urz\u0105dze\u0144 elektronicznych, przenie\u015b je na papier. Poznaj <a href=\"https:\/\/www.empikfoto.pl\/fotoksiazka-zeszytowa\"><strong>fotozeszyt<\/strong><\/a>, kt\u00f3ry Ci w tym pomo\u017ce.<\/p>\n<h2><strong>Co zamiast fotoksi\u0105\u017cki lub odbitek?<\/strong><\/h2>\n<p>Kiedy my\u015blisz o wywo\u0142ywaniu zdj\u0119\u0107, to pierwsze na my\u015bl na pewno przychodz\u0105 Ci <a href=\"https:\/\/www.empikfoto.pl\/odbitki\"><strong>odbitki<\/strong><\/a>. To do\u015b\u0107 tani spos\u00f3b na przechowywanie fotografii. Koszt wywo\u0142ania jednego zdj\u0119cia tylko kilkadziesi\u0105t groszy. Jednak w albumach, w kt\u00f3rych przechowywane s\u0105 zdj\u0119cia zajmuj\u0105 wiele miejsca na p\u00f3\u0142ce, cz\u0119sto s\u0105 ci\u0119\u017ckie i niepor\u0119czne.<\/p>\n<p>Alternatyw\u0105 s\u0105 <a href=\"https:\/\/www.empikfoto.pl\/fotoksiazki\"><strong>fotoksi\u0105\u017cki<\/strong><\/a>. To bardzo ciekawy spos\u00f3b na tworzenie historii. Opr\u00f3cz zdj\u0119\u0107 mo\u017cna tam umie\u015bci\u0107 ciekawe opisy, dedykacje i sentencje. Fotografie s\u0105 drukowane na wysokiej jako\u015bci papierze, a twarda oprawa chroni zawarto\u015b\u0107 przed uszkodzeniem. Jednak fotoksi\u0105\u017cki to cz\u0119sto zbyt drogie rozwi\u0105zanie. Dlatego stworzyli\u015bmy <a href=\"https:\/\/www.empikfoto.pl\/fotoksiazka-zeszytowa\"><strong>fotozeszyt<\/strong><\/a>.<\/p>\n<p><img loading=\"lazy\" decoding=\"async\" class=\"aligncenter size-large wp-image-10046\" src=\"https:\/\/blog.empikfoto.pl\/empikfoto\/2020\/09\/fotozeszyt_blog-min-1024x683.jpg\" alt=\"\" width=\"1024\" height=\"683\" srcset=\"https:\/\/www.empikfoto.pl\/blog\/empikfoto\/2020\/09\/fotozeszyt_blog-min-1024x683.jpg 1024w, https:\/\/www.empikfoto.pl\/blog\/empikfoto\/2020\/09\/fotozeszyt_blog-min-300x200.jpg 300w, https:\/\/www.empikfoto.pl\/blog\/empikfoto\/2020\/09\/fotozeszyt_blog-min-768x512.jpg 768w, https:\/\/www.empikfoto.pl\/blog\/empikfoto\/2020\/09\/fotozeszyt_blog-min-1536x1024.jpg 1536w, https:\/\/www.empikfoto.pl\/blog\/empikfoto\/2020\/09\/fotozeszyt_blog-min-2048x1365.jpg 2048w, https:\/\/www.empikfoto.pl\/blog\/empikfoto\/2020\/09\/fotozeszyt_blog-min-330x220.jpg 330w, https:\/\/www.empikfoto.pl\/blog\/empikfoto\/2020\/09\/fotozeszyt_blog-min-400x267.jpg 400w\" sizes=\"auto, (max-width: 1024px) 100vw, 1024px\" \/><\/p>\n<h2><strong>Co to jest fotozeszyt?<\/strong><\/h2>\n<p>Fotozeszyt to nowy, ale bardzo interesuj\u0105cy spos\u00f3b na przechowywanie zdj\u0119\u0107. Produkt idealny pod wieloma wzgl\u0119dami. Wyr\u00f3\u017cnia go <strong>mi\u0119kka ok\u0142adka<\/strong> o gramaturze 250g\/m<sup>2<\/sup> \u2013 mniejszej ni\u017c ta, kt\u00f3r\u0105 ma twarda oprawa fotoksi\u0105\u017cki. Dzi\u0119ki temu fotozeszyty s\u0105 bardziej por\u0119czne, strony \u0142atwiej si\u0119 otwieraj\u0105, a przegl\u0105danie ich jest wygodne.<\/p>\n<p>Wiemy, jak wa\u017cne s\u0105 dla Ciebie zdj\u0119cia i uchwycone na nich wspomnienia. Je\u015bli wybierzesz fotozeszyt, to nie musisz obawia\u0107 si\u0119 o jako\u015b\u0107 wydruk\u00f3w. Do\u0142o\u017cyli\u015bmy wszelkich stara\u0144, aby wszystkie fotografie umieszczone w tym produkcie, mia\u0142y <strong>doskonale odzwierciedlone kolory i szczeg\u00f3\u0142y<\/strong>. Fotografie powstaj\u0105 za pomoc\u0105 druku cyfrowego &#8211; nowoczesnej i profesjonalnej metody drukowania. Gwarantujemy, \u017ce to bardzo trwa\u0142y spos\u00f3b przechowywania zdj\u0119\u0107. Czynniki zewn\u0119trzne, takie jak promieniowanie s\u0142oneczne czy kurz nie wp\u0142ywaj\u0105 na stan produktu.<\/p>\n<p>Wewn\u0105trz produktu wykorzystali\u015bmy <strong>papier kredowy<\/strong> o gramaturze 200g\/m<sup>2<\/sup>. Arkusze o takich parametrach stosuje si\u0119 w wizyt\u00f3wkach. To mi\u0119kki, elastyczny, ale jednocze\u015bnie odpowiednio gruby papier &#8211; idealny do wysokiej jako\u015bci wydruk\u00f3w.<\/p>\n<p>Dost\u0119pne s\u0105 <strong>trzy formaty fotozeszyt\u00f3w<\/strong>:<\/p>\n<ul>\n<li>15&#215;20 &#8211; podobny do zwyk\u0142ego, szkolnego zeszytu &#8211; ten wymiar \u015bwietnie sprawdzi si\u0119 jako pami\u0119tnik ze wspomnieniami z wakacji czy urodzin<\/li>\n<li>20&#215;20 &#8211; w kszta\u0142cie kwadratu &#8211; doskona\u0142y do przechowywania zdj\u0119\u0107 z portali spo\u0142eczno\u015bciowych np. instagrama,<\/li>\n<li>20&#215;30 &#8211; taki jak kartka a4 &#8211; umo\u017cliwia wydruk zdj\u0119\u0107 w du\u017cym rozmiarze.<\/li>\n<\/ul>\n<p>Sam zdecyduj, kt\u00f3ry format bardziej Ci odpowiada i jest dla Ciebie wygodniejszy.<\/p>\n<p><img loading=\"lazy\" decoding=\"async\" class=\"aligncenter size-large wp-image-10417\" src=\"https:\/\/blog.empikfoto.pl\/empikfoto\/2020\/09\/makkefotoknihy-1024x683.jpg\" alt=\"fotozeszyty\" width=\"1024\" height=\"683\" srcset=\"https:\/\/www.empikfoto.pl\/blog\/empikfoto\/2020\/09\/makkefotoknihy-1024x683.jpg 1024w, https:\/\/www.empikfoto.pl\/blog\/empikfoto\/2020\/09\/makkefotoknihy-300x200.jpg 300w, https:\/\/www.empikfoto.pl\/blog\/empikfoto\/2020\/09\/makkefotoknihy-768x512.jpg 768w, https:\/\/www.empikfoto.pl\/blog\/empikfoto\/2020\/09\/makkefotoknihy-1536x1024.jpg 1536w, https:\/\/www.empikfoto.pl\/blog\/empikfoto\/2020\/09\/makkefotoknihy-2048x1365.jpg 2048w, https:\/\/www.empikfoto.pl\/blog\/empikfoto\/2020\/09\/makkefotoknihy-330x220.jpg 330w, https:\/\/www.empikfoto.pl\/blog\/empikfoto\/2020\/09\/makkefotoknihy-400x267.jpg 400w\" sizes=\"auto, (max-width: 1024px) 100vw, 1024px\" \/><\/p>\n<h2><strong>Jak stworzy\u0107 fotozeszyt?<\/strong><\/h2>\n<p>Jeste\u015b zainteresowany nowym sposobem na przechowywanie zdj\u0119\u0107? W fotozeszycie mo\u017cesz umie\u015bci\u0107 od 16 do 36 stron. To wystarczaj\u0105co du\u017co, aby zmie\u015bci\u0107 w produkcie wszystkie fotografie z letnich wypraw. Papier kredowy jest trwa\u0142y i odporny na uszkodzenia, a elegancka, laminowana ok\u0142adka zabezpiecza zawarto\u015b\u0107 przed zagi\u0119ciami i zapewnia og\u00f3ln\u0105 sztywno\u015b\u0107. Dzi\u0119ki temu produkt jest doskonale chroniony, a nawet w przypadku cz\u0119stego przegl\u0105dania nie niszczy si\u0119 i <strong>wygl\u0105da bardzo profesjonalnie<\/strong>, wi\u0119c idealnie sprawdzi si\u0119 jako prezent.<\/p>\n<p>To co wyr\u00f3\u017cnia fotozeszyt na tle pozosta\u0142ych produkt\u00f3w to mo\u017cliwo\u015b\u0107 edytowania ka\u017cdej strony, tak\u017ce ok\u0142adki. <strong>Dowolnie dostosujesz szablon, u\u0142o\u017cysz zdj\u0119cia, dodasz kliparty i ramki.<\/strong> Wiele rodzaj\u00f3w czcionki u\u0142atwi Ci stworzenie wyj\u0105tkowych opis\u00f3w historii.<\/p>\n<p>Wysokiej klasy cyfrowy druk, doskona\u0142y papier kredowy 200g\/m<sup>2<\/sup>, elegancka, laminowana ok\u0142adka oraz wygodne formaty &#8211; <strong><a href=\"https:\/\/www.empikfoto.pl\/fotozeszyty\">fotozeszyt<\/a> <\/strong>w niczym nie ust\u0119puje tradycyjnej fotoksi\u0105\u017cce. Przekonaj si\u0119 sam!<\/p>\n","protected":false},"excerpt":{"rendered":"<p>Wspomnienia to bardzo cenne pami\u0105tki. Ka\u017cda chwila, kt\u00f3r\u0105 prze\u017cyli\u015bmy stanowi wspania\u0142e do\u015bwiadczenie &#8211; warte zapami\u0119tania. Jednak wraz z up\u0142ywem lat, pami\u0119\u0107 ludzka coraz bardziej zawodzi. Umykaj\u0105 nam szczeg\u00f3\u0142y, imiona dawnych przyjaci\u00f3\u0142, nazwy miast czy zabawne anegdoty\u2026 Istnieje tylko jeden spos\u00f3b na zatrzymanie tego procesu &#8211; stworzenie wehiku\u0142u czasu lub fotozeszytu. Dowiedz si\u0119, co to jest?<\/p>\n","protected":false},"author":16,"featured_media":10418,"comment_status":"closed","ping_status":"closed","sticky":false,"template":"","format":"standard","meta":{"footnotes":""},"categories":[784],"tags":[],"class_list":["post-10057","post","type-post","status-publish","format-standard","has-post-thumbnail","hentry","category-lifestyle"],"yoast_head":"<!-- This site is optimized with the Yoast SEO plugin v27.5 - https:\/\/yoast.com\/product\/yoast-seo-wordpress\/ -->\n<title>Fotozeszyt - co to takiego? Dlaczego warto? | Empik Foto<\/title>\n<meta name=\"description\" content=\"Odkryj fotozeszyt: unikalny spos\u00f3b zachowania wspomnie\u0144. Dowiedz si\u0119, dlaczego warto zatrzyma\u0107 chwile w wyj\u0105tkowej formie.\" \/>\n<meta name=\"robots\" content=\"index, follow, max-snippet:-1, max-image-preview:large, max-video-preview:-1\" \/>\n<link rel=\"canonical\" href=\"https:\/\/www.empikfoto.pl\/blog\/fotozeszyt-takiego-dlaczego-warto\/\" \/>\n<meta property=\"og:locale\" content=\"pl_PL\" \/>\n<meta property=\"og:type\" content=\"article\" \/>\n<meta property=\"og:title\" content=\"Fotozeszyt - co to takiego? Dlaczego warto? | Empik Foto\" \/>\n<meta property=\"og:description\" content=\"Odkryj fotozeszyt: unikalny spos\u00f3b zachowania wspomnie\u0144. Dowiedz si\u0119, dlaczego warto zatrzyma\u0107 chwile w wyj\u0105tkowej formie.\" \/>\n<meta property=\"og:url\" content=\"https:\/\/www.empikfoto.pl\/blog\/fotozeszyt-takiego-dlaczego-warto\/\" \/>\n<meta property=\"og:site_name\" content=\"blog.empikfoto.pl\" \/>\n<meta property=\"article:publisher\" content=\"https:\/\/www.facebook.com\/empikfotopl\/\" \/>\n<meta property=\"article:published_time\" content=\"2020-09-23T15:17:06+00:00\" \/>\n<meta property=\"article:modified_time\" content=\"2023-08-17T08:42:39+00:00\" \/>\n<meta property=\"og:image\" content=\"https:\/\/www.empikfoto.pl\/blog\/empikfoto\/2020\/09\/fotozeszyt_slub-min-scaled.jpg\" \/>\n\t<meta property=\"og:image:width\" content=\"2560\" \/>\n\t<meta property=\"og:image:height\" content=\"1707\" \/>\n\t<meta property=\"og:image:type\" content=\"image\/jpeg\" \/>\n<meta name=\"author\" content=\"Patrycja\" \/>\n<meta name=\"twitter:card\" content=\"summary_large_image\" \/>\n<meta name=\"twitter:creator\" content=\"@empikfoto\" \/>\n<meta name=\"twitter:site\" content=\"@empikfoto\" \/>\n<meta name=\"twitter:label1\" content=\"Napisane przez\" \/>\n\t<meta name=\"twitter:data1\" content=\"Patrycja\" \/>\n\t<meta name=\"twitter:label2\" content=\"Szacowany czas czytania\" \/>\n\t<meta name=\"twitter:data2\" content=\"4 minuty\" \/>\n<script type=\"application\/ld+json\" class=\"yoast-schema-graph\">{\"@context\":\"https:\\\/\\\/schema.org\",\"@graph\":[{\"@type\":\"Article\",\"@id\":\"https:\\\/\\\/www.empikfoto.pl\\\/blog\\\/fotozeszyt-takiego-dlaczego-warto\\\/#article\",\"isPartOf\":{\"@id\":\"https:\\\/\\\/www.empikfoto.pl\\\/blog\\\/fotozeszyt-takiego-dlaczego-warto\\\/\"},\"author\":{\"name\":\"Patrycja\",\"@id\":\"https:\\\/\\\/www.empikfoto.pl\\\/blog\\\/#\\\/schema\\\/person\\\/0313802ca5dac502e3266853c59632c0\"},\"headline\":\"Fotozeszyt &#8211; co to takiego? Dlaczego warto?\",\"datePublished\":\"2020-09-23T15:17:06+00:00\",\"dateModified\":\"2023-08-17T08:42:39+00:00\",\"mainEntityOfPage\":{\"@id\":\"https:\\\/\\\/www.empikfoto.pl\\\/blog\\\/fotozeszyt-takiego-dlaczego-warto\\\/\"},\"wordCount\":699,\"image\":{\"@id\":\"https:\\\/\\\/www.empikfoto.pl\\\/blog\\\/fotozeszyt-takiego-dlaczego-warto\\\/#primaryimage\"},\"thumbnailUrl\":\"https:\\\/\\\/www.empikfoto.pl\\\/blog\\\/empikfoto\\\/2020\\\/09\\\/fotozeszyt_slub-min-scaled.jpg\",\"articleSection\":[\"LIFESTYLE\"],\"inLanguage\":\"pl-PL\"},{\"@type\":\"WebPage\",\"@id\":\"https:\\\/\\\/www.empikfoto.pl\\\/blog\\\/fotozeszyt-takiego-dlaczego-warto\\\/\",\"url\":\"https:\\\/\\\/www.empikfoto.pl\\\/blog\\\/fotozeszyt-takiego-dlaczego-warto\\\/\",\"name\":\"Fotozeszyt - co to takiego? Dlaczego warto? | Empik Foto\",\"isPartOf\":{\"@id\":\"https:\\\/\\\/www.empikfoto.pl\\\/blog\\\/#website\"},\"primaryImageOfPage\":{\"@id\":\"https:\\\/\\\/www.empikfoto.pl\\\/blog\\\/fotozeszyt-takiego-dlaczego-warto\\\/#primaryimage\"},\"image\":{\"@id\":\"https:\\\/\\\/www.empikfoto.pl\\\/blog\\\/fotozeszyt-takiego-dlaczego-warto\\\/#primaryimage\"},\"thumbnailUrl\":\"https:\\\/\\\/www.empikfoto.pl\\\/blog\\\/empikfoto\\\/2020\\\/09\\\/fotozeszyt_slub-min-scaled.jpg\",\"datePublished\":\"2020-09-23T15:17:06+00:00\",\"dateModified\":\"2023-08-17T08:42:39+00:00\",\"author\":{\"@id\":\"https:\\\/\\\/www.empikfoto.pl\\\/blog\\\/#\\\/schema\\\/person\\\/0313802ca5dac502e3266853c59632c0\"},\"description\":\"Odkryj fotozeszyt: unikalny spos\u00f3b zachowania wspomnie\u0144. Dowiedz si\u0119, dlaczego warto zatrzyma\u0107 chwile w wyj\u0105tkowej formie.\",\"breadcrumb\":{\"@id\":\"https:\\\/\\\/www.empikfoto.pl\\\/blog\\\/fotozeszyt-takiego-dlaczego-warto\\\/#breadcrumb\"},\"inLanguage\":\"pl-PL\",\"potentialAction\":[{\"@type\":\"ReadAction\",\"target\":[\"https:\\\/\\\/www.empikfoto.pl\\\/blog\\\/fotozeszyt-takiego-dlaczego-warto\\\/\"]}]},{\"@type\":\"ImageObject\",\"inLanguage\":\"pl-PL\",\"@id\":\"https:\\\/\\\/www.empikfoto.pl\\\/blog\\\/fotozeszyt-takiego-dlaczego-warto\\\/#primaryimage\",\"url\":\"https:\\\/\\\/www.empikfoto.pl\\\/blog\\\/empikfoto\\\/2020\\\/09\\\/fotozeszyt_slub-min-scaled.jpg\",\"contentUrl\":\"https:\\\/\\\/www.empikfoto.pl\\\/blog\\\/empikfoto\\\/2020\\\/09\\\/fotozeszyt_slub-min-scaled.jpg\",\"width\":2560,\"height\":1707},{\"@type\":\"BreadcrumbList\",\"@id\":\"https:\\\/\\\/www.empikfoto.pl\\\/blog\\\/fotozeszyt-takiego-dlaczego-warto\\\/#breadcrumb\",\"itemListElement\":[{\"@type\":\"ListItem\",\"position\":1,\"name\":\"Strona g\u0142\u00f3wna\",\"item\":\"https:\\\/\\\/www.empikfoto.pl\\\/blog\\\/\"},{\"@type\":\"ListItem\",\"position\":2,\"name\":\"Fotozeszyt &#8211; co to takiego? Dlaczego warto?\"}]},{\"@type\":\"WebSite\",\"@id\":\"https:\\\/\\\/www.empikfoto.pl\\\/blog\\\/#website\",\"url\":\"https:\\\/\\\/www.empikfoto.pl\\\/blog\\\/\",\"name\":\"blog.empikfoto.pl\",\"description\":\"Poznaj empikfoto.pl od \u015brodka! Dowiedz si\u0119 wi\u0119cej o odbitkach, fotoksi\u0105\u017ckach i fotografii.\",\"potentialAction\":[{\"@type\":\"SearchAction\",\"target\":{\"@type\":\"EntryPoint\",\"urlTemplate\":\"https:\\\/\\\/www.empikfoto.pl\\\/blog\\\/?s={search_term_string}\"},\"query-input\":{\"@type\":\"PropertyValueSpecification\",\"valueRequired\":true,\"valueName\":\"search_term_string\"}}],\"inLanguage\":\"pl-PL\"},{\"@type\":\"Person\",\"@id\":\"https:\\\/\\\/www.empikfoto.pl\\\/blog\\\/#\\\/schema\\\/person\\\/0313802ca5dac502e3266853c59632c0\",\"name\":\"Patrycja\",\"image\":{\"@type\":\"ImageObject\",\"inLanguage\":\"pl-PL\",\"@id\":\"https:\\\/\\\/secure.gravatar.com\\\/avatar\\\/f25168e12215ad42f58e5fb72881daaeb57bd4f907081046016f64bf167db59f?s=96&d=identicon&r=g\",\"url\":\"https:\\\/\\\/secure.gravatar.com\\\/avatar\\\/f25168e12215ad42f58e5fb72881daaeb57bd4f907081046016f64bf167db59f?s=96&d=identicon&r=g\",\"contentUrl\":\"https:\\\/\\\/secure.gravatar.com\\\/avatar\\\/f25168e12215ad42f58e5fb72881daaeb57bd4f907081046016f64bf167db59f?s=96&d=identicon&r=g\",\"caption\":\"Patrycja\"},\"url\":\"https:\\\/\\\/www.empikfoto.pl\\\/blog\\\/author\\\/patrycja\\\/\"}]}<\/script>\n<!-- \/ Yoast SEO plugin. -->","yoast_head_json":{"title":"Fotozeszyt - co to takiego? Dlaczego warto? | Empik Foto","description":"Odkryj fotozeszyt: unikalny spos\u00f3b zachowania wspomnie\u0144. Dowiedz si\u0119, dlaczego warto zatrzyma\u0107 chwile w wyj\u0105tkowej formie.","robots":{"index":"index","follow":"follow","max-snippet":"max-snippet:-1","max-image-preview":"max-image-preview:large","max-video-preview":"max-video-preview:-1"},"canonical":"https:\/\/www.empikfoto.pl\/blog\/fotozeszyt-takiego-dlaczego-warto\/","og_locale":"pl_PL","og_type":"article","og_title":"Fotozeszyt - co to takiego? Dlaczego warto? | Empik Foto","og_description":"Odkryj fotozeszyt: unikalny spos\u00f3b zachowania wspomnie\u0144. Dowiedz si\u0119, dlaczego warto zatrzyma\u0107 chwile w wyj\u0105tkowej formie.","og_url":"https:\/\/www.empikfoto.pl\/blog\/fotozeszyt-takiego-dlaczego-warto\/","og_site_name":"blog.empikfoto.pl","article_publisher":"https:\/\/www.facebook.com\/empikfotopl\/","article_published_time":"2020-09-23T15:17:06+00:00","article_modified_time":"2023-08-17T08:42:39+00:00","og_image":[{"width":2560,"height":1707,"url":"https:\/\/www.empikfoto.pl\/blog\/empikfoto\/2020\/09\/fotozeszyt_slub-min-scaled.jpg","type":"image\/jpeg"}],"author":"Patrycja","twitter_card":"summary_large_image","twitter_creator":"@empikfoto","twitter_site":"@empikfoto","twitter_misc":{"Napisane przez":"Patrycja","Szacowany czas czytania":"4 minuty"},"schema":{"@context":"https:\/\/schema.org","@graph":[{"@type":"Article","@id":"https:\/\/www.empikfoto.pl\/blog\/fotozeszyt-takiego-dlaczego-warto\/#article","isPartOf":{"@id":"https:\/\/www.empikfoto.pl\/blog\/fotozeszyt-takiego-dlaczego-warto\/"},"author":{"name":"Patrycja","@id":"https:\/\/www.empikfoto.pl\/blog\/#\/schema\/person\/0313802ca5dac502e3266853c59632c0"},"headline":"Fotozeszyt &#8211; co to takiego? Dlaczego warto?","datePublished":"2020-09-23T15:17:06+00:00","dateModified":"2023-08-17T08:42:39+00:00","mainEntityOfPage":{"@id":"https:\/\/www.empikfoto.pl\/blog\/fotozeszyt-takiego-dlaczego-warto\/"},"wordCount":699,"image":{"@id":"https:\/\/www.empikfoto.pl\/blog\/fotozeszyt-takiego-dlaczego-warto\/#primaryimage"},"thumbnailUrl":"https:\/\/www.empikfoto.pl\/blog\/empikfoto\/2020\/09\/fotozeszyt_slub-min-scaled.jpg","articleSection":["LIFESTYLE"],"inLanguage":"pl-PL"},{"@type":"WebPage","@id":"https:\/\/www.empikfoto.pl\/blog\/fotozeszyt-takiego-dlaczego-warto\/","url":"https:\/\/www.empikfoto.pl\/blog\/fotozeszyt-takiego-dlaczego-warto\/","name":"Fotozeszyt - co to takiego? Dlaczego warto? | Empik Foto","isPartOf":{"@id":"https:\/\/www.empikfoto.pl\/blog\/#website"},"primaryImageOfPage":{"@id":"https:\/\/www.empikfoto.pl\/blog\/fotozeszyt-takiego-dlaczego-warto\/#primaryimage"},"image":{"@id":"https:\/\/www.empikfoto.pl\/blog\/fotozeszyt-takiego-dlaczego-warto\/#primaryimage"},"thumbnailUrl":"https:\/\/www.empikfoto.pl\/blog\/empikfoto\/2020\/09\/fotozeszyt_slub-min-scaled.jpg","datePublished":"2020-09-23T15:17:06+00:00","dateModified":"2023-08-17T08:42:39+00:00","author":{"@id":"https:\/\/www.empikfoto.pl\/blog\/#\/schema\/person\/0313802ca5dac502e3266853c59632c0"},"description":"Odkryj fotozeszyt: unikalny spos\u00f3b zachowania wspomnie\u0144. Dowiedz si\u0119, dlaczego warto zatrzyma\u0107 chwile w wyj\u0105tkowej formie.","breadcrumb":{"@id":"https:\/\/www.empikfoto.pl\/blog\/fotozeszyt-takiego-dlaczego-warto\/#breadcrumb"},"inLanguage":"pl-PL","potentialAction":[{"@type":"ReadAction","target":["https:\/\/www.empikfoto.pl\/blog\/fotozeszyt-takiego-dlaczego-warto\/"]}]},{"@type":"ImageObject","inLanguage":"pl-PL","@id":"https:\/\/www.empikfoto.pl\/blog\/fotozeszyt-takiego-dlaczego-warto\/#primaryimage","url":"https:\/\/www.empikfoto.pl\/blog\/empikfoto\/2020\/09\/fotozeszyt_slub-min-scaled.jpg","contentUrl":"https:\/\/www.empikfoto.pl\/blog\/empikfoto\/2020\/09\/fotozeszyt_slub-min-scaled.jpg","width":2560,"height":1707},{"@type":"BreadcrumbList","@id":"https:\/\/www.empikfoto.pl\/blog\/fotozeszyt-takiego-dlaczego-warto\/#breadcrumb","itemListElement":[{"@type":"ListItem","position":1,"name":"Strona g\u0142\u00f3wna","item":"https:\/\/www.empikfoto.pl\/blog\/"},{"@type":"ListItem","position":2,"name":"Fotozeszyt &#8211; co to takiego? Dlaczego warto?"}]},{"@type":"WebSite","@id":"https:\/\/www.empikfoto.pl\/blog\/#website","url":"https:\/\/www.empikfoto.pl\/blog\/","name":"blog.empikfoto.pl","description":"Poznaj empikfoto.pl od \u015brodka! Dowiedz si\u0119 wi\u0119cej o odbitkach, fotoksi\u0105\u017ckach i fotografii.","potentialAction":[{"@type":"SearchAction","target":{"@type":"EntryPoint","urlTemplate":"https:\/\/www.empikfoto.pl\/blog\/?s={search_term_string}"},"query-input":{"@type":"PropertyValueSpecification","valueRequired":true,"valueName":"search_term_string"}}],"inLanguage":"pl-PL"},{"@type":"Person","@id":"https:\/\/www.empikfoto.pl\/blog\/#\/schema\/person\/0313802ca5dac502e3266853c59632c0","name":"Patrycja","image":{"@type":"ImageObject","inLanguage":"pl-PL","@id":"https:\/\/secure.gravatar.com\/avatar\/f25168e12215ad42f58e5fb72881daaeb57bd4f907081046016f64bf167db59f?s=96&d=identicon&r=g","url":"https:\/\/secure.gravatar.com\/avatar\/f25168e12215ad42f58e5fb72881daaeb57bd4f907081046016f64bf167db59f?s=96&d=identicon&r=g","contentUrl":"https:\/\/secure.gravatar.com\/avatar\/f25168e12215ad42f58e5fb72881daaeb57bd4f907081046016f64bf167db59f?s=96&d=identicon&r=g","caption":"Patrycja"},"url":"https:\/\/www.empikfoto.pl\/blog\/author\/patrycja\/"}]}},"amp_enabled":true,"_links":{"self":[{"href":"https:\/\/www.empikfoto.pl\/blog\/wp-json\/wp\/v2\/posts\/10057","targetHints":{"allow":["GET"]}}],"collection":[{"href":"https:\/\/www.empikfoto.pl\/blog\/wp-json\/wp\/v2\/posts"}],"about":[{"href":"https:\/\/www.empikfoto.pl\/blog\/wp-json\/wp\/v2\/types\/post"}],"author":[{"embeddable":true,"href":"https:\/\/www.empikfoto.pl\/blog\/wp-json\/wp\/v2\/users\/16"}],"replies":[{"embeddable":true,"href":"https:\/\/www.empikfoto.pl\/blog\/wp-json\/wp\/v2\/comments?post=10057"}],"version-history":[{"count":3,"href":"https:\/\/www.empikfoto.pl\/blog\/wp-json\/wp\/v2\/posts\/10057\/revisions"}],"predecessor-version":[{"id":12748,"href":"https:\/\/www.empikfoto.pl\/blog\/wp-json\/wp\/v2\/posts\/10057\/revisions\/12748"}],"wp:featuredmedia":[{"embeddable":true,"href":"https:\/\/www.empikfoto.pl\/blog\/wp-json\/wp\/v2\/media\/10418"}],"wp:attachment":[{"href":"https:\/\/www.empikfoto.pl\/blog\/wp-json\/wp\/v2\/media?parent=10057"}],"wp:term":[{"taxonomy":"category","embeddable":true,"href":"https:\/\/www.empikfoto.pl\/blog\/wp-json\/wp\/v2\/categories?post=10057"},{"taxonomy":"post_tag","embeddable":true,"href":"https:\/\/www.empikfoto.pl\/blog\/wp-json\/wp\/v2\/tags?post=10057"}],"curies":[{"name":"wp","href":"https:\/\/api.w.org\/{rel}","templated":true}]}}