{"id":10060,"date":"2021-07-23T14:37:14","date_gmt":"2021-07-23T12:37:14","guid":{"rendered":"https:\/\/blog.empikfoto.pl\/?p=10060"},"modified":"2024-07-30T08:54:55","modified_gmt":"2024-07-30T06:54:55","slug":"dlaczego-warto-wywolywac-zdjecia-wakacji","status":"publish","type":"post","link":"https:\/\/www.empikfoto.pl\/blog\/dlaczego-warto-wywolywac-zdjecia-wakacji\/","title":{"rendered":"Dlaczego warto wywo\u0142ywa\u0107 zdj\u0119cia z wakacji?"},"content":{"rendered":"<p><strong>Na pewno masz bardzo du\u017co zdj\u0119\u0107 z wakacji. Fotografie z podr\u00f3\u017cy, codziennych aktywno\u015bci, spotka\u0144 z rodzin\u0105 i imprez ze znajomymi to bardzo cenna pami\u0105tka. Zdj\u0119cia maj\u0105 dar przywo\u0142ywania wspomnie\u0144, wi\u0119c warto do nich wraca\u0107. Nie pozw\u00f3l, \u017ceby zgin\u0119\u0142y w pami\u0119ci Twojego urz\u0105dzenia. Zamiast tego, wywo\u0142aj je! Dowiedz si\u0119, dlaczego warto to robi\u0107. <\/strong><!--more--><\/p>\n<p>Aparat w smartfonie sprawi\u0142, \u017ce w pami\u0119ci telefonu przechowujemy tysi\u0105ce zdj\u0119\u0107. Jednak co w momencie, gdy urz\u0105dzenie zawiedzie i odzyskanie danych nie b\u0119dzie mo\u017cliwe? Utrata cennych pami\u0105tek jest bardzo dotkliwa. Obecnie zwyczaj wywo\u0142ywania zdj\u0119\u0107 sta\u0142 si\u0119 nieco\u2026 staromodny. Warto do tego wr\u00f3ci\u0107 i powiemy Ci dlaczego.<\/p>\n<h2><strong>Motywacja do porz\u0105dk\u00f3w na dyskach pami\u0119ci<\/strong><\/h2>\n<p>Ile pami\u0119ci RAM w Twoim komputerze lub na dysku zewn\u0119trznym zajmuj\u0105 zdj\u0119cia? Na pewno du\u017co prawda? Czy kiedykolwiek wr\u00f3ci\u0142e\u015b do tych fotografii i uporz\u0105dkowa\u0142e\u015b je?<strong> Regularne wywo\u0142ywanie zdj\u0119\u0107:<\/strong><\/p>\n<ul>\n<li>sprzyja porz\u0105dkom w\u015br\u00f3d przechowywanych plik\u00f3w,<\/li>\n<li>zmusza do selekcji na fotografie dobrej jako\u015bci i te do usuni\u0119cia,<\/li>\n<li>mobilizuje do u\u0142o\u017cenia zgromadzonych danych w chronologiczny spos\u00f3b,<\/li>\n<li>uwalnia przestrze\u0144 elektroniczn\u0105.<\/li>\n<\/ul>\n<p>Usu\u0144 te fotografie, kt\u00f3re s\u0105 nieostre i nie przedstawiaj\u0105 niczego interesuj\u0105cego. Ciemne i \u017ale wykadrowane poddaj <strong>obr\u00f3bce fotograficznej<\/strong> w dedykowanym programie. Zajmie Ci to chwil\u0119, a efekt pozostanie na lata. Na ko\u0144cu jeszcze raz obejrzyj zdj\u0119cia i zdecyduj, kt\u00f3re chcesz zachowa\u0107, a kt\u00f3re nie.<\/p>\n<p><img loading=\"lazy\" decoding=\"async\" class=\"aligncenter size-large wp-image-10376\" src=\"https:\/\/blog.empikfoto.pl\/empikfoto\/2020\/09\/odbitki-papier-blysk-9-min-1024x683.jpg\" alt=\"\" width=\"1024\" height=\"683\" srcset=\"https:\/\/www.empikfoto.pl\/blog\/empikfoto\/2020\/09\/odbitki-papier-blysk-9-min-1024x683.jpg 1024w, https:\/\/www.empikfoto.pl\/blog\/empikfoto\/2020\/09\/odbitki-papier-blysk-9-min-300x200.jpg 300w, https:\/\/www.empikfoto.pl\/blog\/empikfoto\/2020\/09\/odbitki-papier-blysk-9-min-768x513.jpg 768w, https:\/\/www.empikfoto.pl\/blog\/empikfoto\/2020\/09\/odbitki-papier-blysk-9-min-1536x1025.jpg 1536w, https:\/\/www.empikfoto.pl\/blog\/empikfoto\/2020\/09\/odbitki-papier-blysk-9-min-2048x1367.jpg 2048w, https:\/\/www.empikfoto.pl\/blog\/empikfoto\/2020\/09\/odbitki-papier-blysk-9-min-330x220.jpg 330w, https:\/\/www.empikfoto.pl\/blog\/empikfoto\/2020\/09\/odbitki-papier-blysk-9-min-400x267.jpg 400w\" sizes=\"auto, (max-width: 1024px) 100vw, 1024px\" \/><\/p>\n<p>Uj\u0105\u0142e\u015b kilka zabawnych min malucha? Zamiast wywo\u0142ywa\u0107 je wszystkie, stw\u00f3rz z nich <strong>kola\u017c<\/strong>. To \u015bwietny spos\u00f3b na zebranie dzieci\u0119cych u\u015bmiech\u00f3w w jednym miejscu.<\/p>\n<h2><strong>Wsp\u00f3lne ogl\u0105danie zdj\u0119\u0107 buduje relacje<\/strong><\/h2>\n<p>Na pewno pami\u0119tasz czo\u0142\u00f3wk\u0119 pewnego familijnego serialu, kt\u00f3ry opowiada o perypetiach rodziny. Zawsze zaczyna\u0142 si\u0119 tym, \u017ce rodzina siedzi wsp\u00f3lnie na kanapie i ogl\u0105da stare zdj\u0119cia sprzed lat. To wspania\u0142y spos\u00f3b na budowanie relacji!<\/p>\n<p><img loading=\"lazy\" decoding=\"async\" class=\"aligncenter size-large wp-image-10374\" src=\"https:\/\/blog.empikfoto.pl\/empikfoto\/2020\/09\/wywo\u0142ywanie-zdj\u0119\u0107-online-1024x576.jpg\" alt=\"wywo\u0142ywanie zdj\u0119\u0107 online\" width=\"1024\" height=\"576\" srcset=\"https:\/\/www.empikfoto.pl\/blog\/empikfoto\/2020\/09\/wywo\u0142ywanie-zdj\u0119\u0107-online-1024x576.jpg 1024w, https:\/\/www.empikfoto.pl\/blog\/empikfoto\/2020\/09\/wywo\u0142ywanie-zdj\u0119\u0107-online-300x169.jpg 300w, https:\/\/www.empikfoto.pl\/blog\/empikfoto\/2020\/09\/wywo\u0142ywanie-zdj\u0119\u0107-online-768x432.jpg 768w, https:\/\/www.empikfoto.pl\/blog\/empikfoto\/2020\/09\/wywo\u0142ywanie-zdj\u0119\u0107-online-1536x864.jpg 1536w, https:\/\/www.empikfoto.pl\/blog\/empikfoto\/2020\/09\/wywo\u0142ywanie-zdj\u0119\u0107-online-2048x1152.jpg 2048w, https:\/\/www.empikfoto.pl\/blog\/empikfoto\/2020\/09\/wywo\u0142ywanie-zdj\u0119\u0107-online-400x225.jpg 400w\" sizes=\"auto, (max-width: 1024px) 100vw, 1024px\" \/><\/p>\n<p>Opowiadanie o tym, co si\u0119 wydarzy\u0142o, kto Ci towarzyszy\u0142 w danej sytuacji, jakie spotka\u0142y Ci\u0119 przygody, sprawia, \u017ce otwierasz si\u0119 na bliskich i zapraszasz ich do swojego \u015bwiata. Dla nich to \u015bwietna okazja do tego, \u017ceby Ci\u0119 bli\u017cej pozna\u0107 i lepiej zrozumie\u0107.<\/p>\n<p>Ogl\u0105danie dawnych zdj\u0119\u0107 to tak\u017ce du\u017ca dawka wiedzy historycznej! Mo\u017ce Tw\u00f3j przodek bra\u0142 udzia\u0142 w jakiej\u015b wa\u017cnej bitwie? Albo kogo\u015b uratowa\u0142? Nie dowiesz si\u0119 tego bez rozmowy przy okazji przegl\u0105dania fotografii.<\/p>\n<h2><strong>Zawsze mo\u017cesz do nich wr\u00f3ci\u0107<\/strong><\/h2>\n<p>Mark Wiking w ksi\u0105\u017cce &#8220;Sztuka tworzenia wspomnie\u0144&#8221; napisa\u0142: &#8220;ludzie najcz\u0119\u015bciej wynie\u015bliby z p\u0142on\u0105cego domu swoje <strong><a href=\"https:\/\/www.empikfoto.pl\/albumy-na-zdjecia-wsuwane\">albumy ze zdj\u0119ciami<\/a><\/strong>&#8220;. Ten cytat zmusza do refleksji nad tym, co jest cenne w \u017cyciu. Okazuje si\u0119, \u017ce nie dobra materialne, takie jak drogocenne przedmioty czy sprz\u0119t elektroniczny, a\u2026 wspomnienia zawarte na niewielkich kartkach i umieszczone w grubych albumach.<\/p>\n<p>Ile razy w ostatnich latach wr\u00f3ci\u0142e\u015b do zdj\u0119\u0107 przechowywanych na dyskach pami\u0119ci? Raz, gdy szuka\u0142e\u015b starego zdj\u0119cia do dowodu, a drugi, kiedy chcia\u0142e\u015b co\u015b komu\u015b pokaza\u0107? Wywo\u0142ywanie fotografii ma sens, bo <strong>\u0142atwiej jest wzi\u0105\u0107 album w r\u0119k\u0119, usi\u0105\u015b\u0107 wygodnie i z kubkiem herbaty zanurzy\u0107 si\u0119 w danych wspomnieniach<\/strong>. Albo zabra\u0107 w dowolne miejsce i podzieli\u0107 si\u0119 emocjami z kim\u015b bliskim. Odbitki to namacalny dow\u00f3d naszych prze\u017cy\u0107. Nie odbieraj sobie tego.<\/p>\n<p><img loading=\"lazy\" decoding=\"async\" class=\"aligncenter size-large wp-image-10375\" src=\"https:\/\/blog.empikfoto.pl\/empikfoto\/2020\/09\/fotokniha-mailing2-1024x684.jpg\" alt=\"\" width=\"1024\" height=\"684\" srcset=\"https:\/\/www.empikfoto.pl\/blog\/empikfoto\/2020\/09\/fotokniha-mailing2-1024x684.jpg 1024w, https:\/\/www.empikfoto.pl\/blog\/empikfoto\/2020\/09\/fotokniha-mailing2-300x200.jpg 300w, https:\/\/www.empikfoto.pl\/blog\/empikfoto\/2020\/09\/fotokniha-mailing2-768x513.jpg 768w, https:\/\/www.empikfoto.pl\/blog\/empikfoto\/2020\/09\/fotokniha-mailing2-1536x1025.jpg 1536w, https:\/\/www.empikfoto.pl\/blog\/empikfoto\/2020\/09\/fotokniha-mailing2-2048x1367.jpg 2048w, https:\/\/www.empikfoto.pl\/blog\/empikfoto\/2020\/09\/fotokniha-mailing2-330x220.jpg 330w, https:\/\/www.empikfoto.pl\/blog\/empikfoto\/2020\/09\/fotokniha-mailing2-400x267.jpg 400w\" sizes=\"auto, (max-width: 1024px) 100vw, 1024px\" \/><\/p>\n<h2><strong>Unikatowe dekoracje<\/strong><\/h2>\n<p>W sklepach pi\u0119trz\u0105 si\u0119 porcelanowe figurki, zabawne dekoracje i inne urocze dodatki do domu. Jednak nic nie b\u0119dzie prezentowa\u0107 si\u0119 tak oryginalnie jak Twoje prywatne fotografie. Wywo\u0142aj kilka ulubionych zdj\u0119\u0107, <strong>opraw je w ramki i powie\u015b na \u015bcianach<\/strong>. Baw si\u0119 formatem i wielko\u015bci\u0105 zdj\u0119\u0107, a w ten spos\u00f3b stworzysz niepowtarzalne kompozycje. Nie wiesz, jak u\u0142o\u017cy\u0107 zdj\u0119cia? Poszukaj podpowiedzi w Internecie &#8211; na znanych portalach znajdziesz ciekawe tutoriale na temat tworzenia \u015bciennych dekoracji.<\/p>\n<p>Opr\u00f3cz <strong><a href=\"https:\/\/www.empikfoto.pl\/ramki-klasyczne\">ramek<\/a> <\/strong>mo\u017cesz tak\u017ce wykorzysta\u0107 np. sznurek i ma\u0142e spinacze. Rozwie\u015b lin\u0119 w wybranym miejscu i przypnij do niej odbitki. Ta wyj\u0105tkowa dekoracja sprawi, \u017ce we wn\u0119trzu b\u0119dzie pasowa\u0107 przyjemna, rodzinna atmosfera. A gdy wywieszone zdj\u0119cia Ci si\u0119 znudz\u0105, \u0142atwo zmienisz je na inne! <strong><a href=\"https:\/\/www.empikfoto.pl\/odbitki\">Wywo\u0142ywanie fotografii<\/a><\/strong> to najlepszy spos\u00f3b na przechowywanie wspomnie\u0144. Zr\u00f3b to dzi\u015b i Ty.<\/p>\n","protected":false},"excerpt":{"rendered":"<p>Na pewno masz bardzo du\u017co zdj\u0119\u0107 z wakacji. Fotografie z podr\u00f3\u017cy, codziennych aktywno\u015bci, spotka\u0144 z rodzin\u0105 i imprez ze znajomymi to bardzo cenna pami\u0105tka. Zdj\u0119cia maj\u0105 dar przywo\u0142ywania wspomnie\u0144, wi\u0119c warto do nich wraca\u0107. Nie pozw\u00f3l, \u017ceby zgin\u0119\u0142y w pami\u0119ci Twojego urz\u0105dzenia. Zamiast tego, wywo\u0142aj je! Dowiedz si\u0119, dlaczego warto to robi\u0107.<\/p>\n","protected":false},"author":16,"featured_media":10372,"comment_status":"closed","ping_status":"closed","sticky":true,"template":"","format":"standard","meta":{"footnotes":""},"categories":[786],"tags":[1127,1113],"class_list":["post-10060","post","type-post","status-publish","format-standard","has-post-thumbnail","hentry","category-inspiracje","tag-zdjecia","tag-zdjecia-z-wakacji"],"yoast_head":"<!-- This site is optimized with the Yoast SEO plugin v27.5 - https:\/\/yoast.com\/product\/yoast-seo-wordpress\/ -->\n<title>Dlaczego warto wywo\u0142ywa\u0107 zdj\u0119cia z wakacji? | Empik Foto<\/title>\n<meta name=\"description\" content=\"Dlaczego warto wywo\u0142ywa\u0107 zdj\u0119cia z wakacji? Odkryj magi\u0119 przechowywania wspomnie\u0144 w formie wydruk\u00f3w. Dlaczego s\u0105 lepsze ni\u017c elektroniczne?\" \/>\n<meta name=\"robots\" content=\"index, follow, max-snippet:-1, max-image-preview:large, max-video-preview:-1\" \/>\n<link rel=\"canonical\" href=\"https:\/\/www.empikfoto.pl\/blog\/dlaczego-warto-wywolywac-zdjecia-wakacji\/\" \/>\n<meta property=\"og:locale\" content=\"pl_PL\" \/>\n<meta property=\"og:type\" content=\"article\" \/>\n<meta property=\"og:title\" content=\"Dlaczego warto wywo\u0142ywa\u0107 zdj\u0119cia z wakacji? | Empik Foto\" \/>\n<meta property=\"og:description\" content=\"Dlaczego warto wywo\u0142ywa\u0107 zdj\u0119cia z wakacji? Odkryj magi\u0119 przechowywania wspomnie\u0144 w formie wydruk\u00f3w. Dlaczego s\u0105 lepsze ni\u017c elektroniczne?\" \/>\n<meta property=\"og:url\" content=\"https:\/\/www.empikfoto.pl\/blog\/dlaczego-warto-wywolywac-zdjecia-wakacji\/\" \/>\n<meta property=\"og:site_name\" content=\"blog.empikfoto.pl\" \/>\n<meta property=\"article:publisher\" content=\"https:\/\/www.facebook.com\/empikfotopl\/\" \/>\n<meta property=\"article:published_time\" content=\"2021-07-23T12:37:14+00:00\" \/>\n<meta property=\"article:modified_time\" content=\"2024-07-30T06:54:55+00:00\" \/>\n<meta property=\"og:image\" content=\"https:\/\/www.empikfoto.pl\/blog\/empikfoto\/2020\/09\/woman-wearing-white-top-852793-min-scaled.jpg\" \/>\n\t<meta property=\"og:image:width\" content=\"2560\" \/>\n\t<meta property=\"og:image:height\" content=\"1707\" \/>\n\t<meta property=\"og:image:type\" content=\"image\/jpeg\" \/>\n<meta name=\"author\" content=\"Patrycja\" \/>\n<meta name=\"twitter:card\" content=\"summary_large_image\" \/>\n<meta name=\"twitter:creator\" content=\"@empikfoto\" \/>\n<meta name=\"twitter:site\" content=\"@empikfoto\" \/>\n<meta name=\"twitter:label1\" content=\"Napisane przez\" \/>\n\t<meta name=\"twitter:data1\" content=\"Patrycja\" \/>\n\t<meta name=\"twitter:label2\" content=\"Szacowany czas czytania\" \/>\n\t<meta name=\"twitter:data2\" content=\"5 minut\" \/>\n<script type=\"application\/ld+json\" class=\"yoast-schema-graph\">{\"@context\":\"https:\\\/\\\/schema.org\",\"@graph\":[{\"@type\":\"Article\",\"@id\":\"https:\\\/\\\/www.empikfoto.pl\\\/blog\\\/dlaczego-warto-wywolywac-zdjecia-wakacji\\\/#article\",\"isPartOf\":{\"@id\":\"https:\\\/\\\/www.empikfoto.pl\\\/blog\\\/dlaczego-warto-wywolywac-zdjecia-wakacji\\\/\"},\"author\":{\"name\":\"Patrycja\",\"@id\":\"https:\\\/\\\/www.empikfoto.pl\\\/blog\\\/#\\\/schema\\\/person\\\/0313802ca5dac502e3266853c59632c0\"},\"headline\":\"Dlaczego warto wywo\u0142ywa\u0107 zdj\u0119cia z wakacji?\",\"datePublished\":\"2021-07-23T12:37:14+00:00\",\"dateModified\":\"2024-07-30T06:54:55+00:00\",\"mainEntityOfPage\":{\"@id\":\"https:\\\/\\\/www.empikfoto.pl\\\/blog\\\/dlaczego-warto-wywolywac-zdjecia-wakacji\\\/\"},\"wordCount\":719,\"image\":{\"@id\":\"https:\\\/\\\/www.empikfoto.pl\\\/blog\\\/dlaczego-warto-wywolywac-zdjecia-wakacji\\\/#primaryimage\"},\"thumbnailUrl\":\"https:\\\/\\\/www.empikfoto.pl\\\/blog\\\/empikfoto\\\/2020\\\/09\\\/woman-wearing-white-top-852793-min-scaled.jpg\",\"keywords\":[\"zdj\u0119cia\",\"zdj\u0119cia z wakacji\"],\"articleSection\":[\"INSPIRACJE\"],\"inLanguage\":\"pl-PL\"},{\"@type\":\"WebPage\",\"@id\":\"https:\\\/\\\/www.empikfoto.pl\\\/blog\\\/dlaczego-warto-wywolywac-zdjecia-wakacji\\\/\",\"url\":\"https:\\\/\\\/www.empikfoto.pl\\\/blog\\\/dlaczego-warto-wywolywac-zdjecia-wakacji\\\/\",\"name\":\"Dlaczego warto wywo\u0142ywa\u0107 zdj\u0119cia z wakacji? | Empik Foto\",\"isPartOf\":{\"@id\":\"https:\\\/\\\/www.empikfoto.pl\\\/blog\\\/#website\"},\"primaryImageOfPage\":{\"@id\":\"https:\\\/\\\/www.empikfoto.pl\\\/blog\\\/dlaczego-warto-wywolywac-zdjecia-wakacji\\\/#primaryimage\"},\"image\":{\"@id\":\"https:\\\/\\\/www.empikfoto.pl\\\/blog\\\/dlaczego-warto-wywolywac-zdjecia-wakacji\\\/#primaryimage\"},\"thumbnailUrl\":\"https:\\\/\\\/www.empikfoto.pl\\\/blog\\\/empikfoto\\\/2020\\\/09\\\/woman-wearing-white-top-852793-min-scaled.jpg\",\"datePublished\":\"2021-07-23T12:37:14+00:00\",\"dateModified\":\"2024-07-30T06:54:55+00:00\",\"author\":{\"@id\":\"https:\\\/\\\/www.empikfoto.pl\\\/blog\\\/#\\\/schema\\\/person\\\/0313802ca5dac502e3266853c59632c0\"},\"description\":\"Dlaczego warto wywo\u0142ywa\u0107 zdj\u0119cia z wakacji? Odkryj magi\u0119 przechowywania wspomnie\u0144 w formie wydruk\u00f3w. Dlaczego s\u0105 lepsze ni\u017c elektroniczne?\",\"breadcrumb\":{\"@id\":\"https:\\\/\\\/www.empikfoto.pl\\\/blog\\\/dlaczego-warto-wywolywac-zdjecia-wakacji\\\/#breadcrumb\"},\"inLanguage\":\"pl-PL\",\"potentialAction\":[{\"@type\":\"ReadAction\",\"target\":[\"https:\\\/\\\/www.empikfoto.pl\\\/blog\\\/dlaczego-warto-wywolywac-zdjecia-wakacji\\\/\"]}]},{\"@type\":\"ImageObject\",\"inLanguage\":\"pl-PL\",\"@id\":\"https:\\\/\\\/www.empikfoto.pl\\\/blog\\\/dlaczego-warto-wywolywac-zdjecia-wakacji\\\/#primaryimage\",\"url\":\"https:\\\/\\\/www.empikfoto.pl\\\/blog\\\/empikfoto\\\/2020\\\/09\\\/woman-wearing-white-top-852793-min-scaled.jpg\",\"contentUrl\":\"https:\\\/\\\/www.empikfoto.pl\\\/blog\\\/empikfoto\\\/2020\\\/09\\\/woman-wearing-white-top-852793-min-scaled.jpg\",\"width\":2560,\"height\":1707,\"caption\":\"zdj\u0119cia z wakacji\"},{\"@type\":\"BreadcrumbList\",\"@id\":\"https:\\\/\\\/www.empikfoto.pl\\\/blog\\\/dlaczego-warto-wywolywac-zdjecia-wakacji\\\/#breadcrumb\",\"itemListElement\":[{\"@type\":\"ListItem\",\"position\":1,\"name\":\"Strona g\u0142\u00f3wna\",\"item\":\"https:\\\/\\\/www.empikfoto.pl\\\/blog\\\/\"},{\"@type\":\"ListItem\",\"position\":2,\"name\":\"Dlaczego warto wywo\u0142ywa\u0107 zdj\u0119cia z wakacji?\"}]},{\"@type\":\"WebSite\",\"@id\":\"https:\\\/\\\/www.empikfoto.pl\\\/blog\\\/#website\",\"url\":\"https:\\\/\\\/www.empikfoto.pl\\\/blog\\\/\",\"name\":\"blog.empikfoto.pl\",\"description\":\"Poznaj empikfoto.pl od \u015brodka! Dowiedz si\u0119 wi\u0119cej o odbitkach, fotoksi\u0105\u017ckach i fotografii.\",\"potentialAction\":[{\"@type\":\"SearchAction\",\"target\":{\"@type\":\"EntryPoint\",\"urlTemplate\":\"https:\\\/\\\/www.empikfoto.pl\\\/blog\\\/?s={search_term_string}\"},\"query-input\":{\"@type\":\"PropertyValueSpecification\",\"valueRequired\":true,\"valueName\":\"search_term_string\"}}],\"inLanguage\":\"pl-PL\"},{\"@type\":\"Person\",\"@id\":\"https:\\\/\\\/www.empikfoto.pl\\\/blog\\\/#\\\/schema\\\/person\\\/0313802ca5dac502e3266853c59632c0\",\"name\":\"Patrycja\",\"image\":{\"@type\":\"ImageObject\",\"inLanguage\":\"pl-PL\",\"@id\":\"https:\\\/\\\/secure.gravatar.com\\\/avatar\\\/f25168e12215ad42f58e5fb72881daaeb57bd4f907081046016f64bf167db59f?s=96&d=identicon&r=g\",\"url\":\"https:\\\/\\\/secure.gravatar.com\\\/avatar\\\/f25168e12215ad42f58e5fb72881daaeb57bd4f907081046016f64bf167db59f?s=96&d=identicon&r=g\",\"contentUrl\":\"https:\\\/\\\/secure.gravatar.com\\\/avatar\\\/f25168e12215ad42f58e5fb72881daaeb57bd4f907081046016f64bf167db59f?s=96&d=identicon&r=g\",\"caption\":\"Patrycja\"},\"url\":\"https:\\\/\\\/www.empikfoto.pl\\\/blog\\\/author\\\/patrycja\\\/\"}]}<\/script>\n<!-- \/ Yoast SEO plugin. -->","yoast_head_json":{"title":"Dlaczego warto wywo\u0142ywa\u0107 zdj\u0119cia z wakacji? | Empik Foto","description":"Dlaczego warto wywo\u0142ywa\u0107 zdj\u0119cia z wakacji? Odkryj magi\u0119 przechowywania wspomnie\u0144 w formie wydruk\u00f3w. Dlaczego s\u0105 lepsze ni\u017c elektroniczne?","robots":{"index":"index","follow":"follow","max-snippet":"max-snippet:-1","max-image-preview":"max-image-preview:large","max-video-preview":"max-video-preview:-1"},"canonical":"https:\/\/www.empikfoto.pl\/blog\/dlaczego-warto-wywolywac-zdjecia-wakacji\/","og_locale":"pl_PL","og_type":"article","og_title":"Dlaczego warto wywo\u0142ywa\u0107 zdj\u0119cia z wakacji? | Empik Foto","og_description":"Dlaczego warto wywo\u0142ywa\u0107 zdj\u0119cia z wakacji? Odkryj magi\u0119 przechowywania wspomnie\u0144 w formie wydruk\u00f3w. Dlaczego s\u0105 lepsze ni\u017c elektroniczne?","og_url":"https:\/\/www.empikfoto.pl\/blog\/dlaczego-warto-wywolywac-zdjecia-wakacji\/","og_site_name":"blog.empikfoto.pl","article_publisher":"https:\/\/www.facebook.com\/empikfotopl\/","article_published_time":"2021-07-23T12:37:14+00:00","article_modified_time":"2024-07-30T06:54:55+00:00","og_image":[{"width":2560,"height":1707,"url":"https:\/\/www.empikfoto.pl\/blog\/empikfoto\/2020\/09\/woman-wearing-white-top-852793-min-scaled.jpg","type":"image\/jpeg"}],"author":"Patrycja","twitter_card":"summary_large_image","twitter_creator":"@empikfoto","twitter_site":"@empikfoto","twitter_misc":{"Napisane przez":"Patrycja","Szacowany czas czytania":"5 minut"},"schema":{"@context":"https:\/\/schema.org","@graph":[{"@type":"Article","@id":"https:\/\/www.empikfoto.pl\/blog\/dlaczego-warto-wywolywac-zdjecia-wakacji\/#article","isPartOf":{"@id":"https:\/\/www.empikfoto.pl\/blog\/dlaczego-warto-wywolywac-zdjecia-wakacji\/"},"author":{"name":"Patrycja","@id":"https:\/\/www.empikfoto.pl\/blog\/#\/schema\/person\/0313802ca5dac502e3266853c59632c0"},"headline":"Dlaczego warto wywo\u0142ywa\u0107 zdj\u0119cia z wakacji?","datePublished":"2021-07-23T12:37:14+00:00","dateModified":"2024-07-30T06:54:55+00:00","mainEntityOfPage":{"@id":"https:\/\/www.empikfoto.pl\/blog\/dlaczego-warto-wywolywac-zdjecia-wakacji\/"},"wordCount":719,"image":{"@id":"https:\/\/www.empikfoto.pl\/blog\/dlaczego-warto-wywolywac-zdjecia-wakacji\/#primaryimage"},"thumbnailUrl":"https:\/\/www.empikfoto.pl\/blog\/empikfoto\/2020\/09\/woman-wearing-white-top-852793-min-scaled.jpg","keywords":["zdj\u0119cia","zdj\u0119cia z wakacji"],"articleSection":["INSPIRACJE"],"inLanguage":"pl-PL"},{"@type":"WebPage","@id":"https:\/\/www.empikfoto.pl\/blog\/dlaczego-warto-wywolywac-zdjecia-wakacji\/","url":"https:\/\/www.empikfoto.pl\/blog\/dlaczego-warto-wywolywac-zdjecia-wakacji\/","name":"Dlaczego warto wywo\u0142ywa\u0107 zdj\u0119cia z wakacji? | Empik Foto","isPartOf":{"@id":"https:\/\/www.empikfoto.pl\/blog\/#website"},"primaryImageOfPage":{"@id":"https:\/\/www.empikfoto.pl\/blog\/dlaczego-warto-wywolywac-zdjecia-wakacji\/#primaryimage"},"image":{"@id":"https:\/\/www.empikfoto.pl\/blog\/dlaczego-warto-wywolywac-zdjecia-wakacji\/#primaryimage"},"thumbnailUrl":"https:\/\/www.empikfoto.pl\/blog\/empikfoto\/2020\/09\/woman-wearing-white-top-852793-min-scaled.jpg","datePublished":"2021-07-23T12:37:14+00:00","dateModified":"2024-07-30T06:54:55+00:00","author":{"@id":"https:\/\/www.empikfoto.pl\/blog\/#\/schema\/person\/0313802ca5dac502e3266853c59632c0"},"description":"Dlaczego warto wywo\u0142ywa\u0107 zdj\u0119cia z wakacji? Odkryj magi\u0119 przechowywania wspomnie\u0144 w formie wydruk\u00f3w. Dlaczego s\u0105 lepsze ni\u017c elektroniczne?","breadcrumb":{"@id":"https:\/\/www.empikfoto.pl\/blog\/dlaczego-warto-wywolywac-zdjecia-wakacji\/#breadcrumb"},"inLanguage":"pl-PL","potentialAction":[{"@type":"ReadAction","target":["https:\/\/www.empikfoto.pl\/blog\/dlaczego-warto-wywolywac-zdjecia-wakacji\/"]}]},{"@type":"ImageObject","inLanguage":"pl-PL","@id":"https:\/\/www.empikfoto.pl\/blog\/dlaczego-warto-wywolywac-zdjecia-wakacji\/#primaryimage","url":"https:\/\/www.empikfoto.pl\/blog\/empikfoto\/2020\/09\/woman-wearing-white-top-852793-min-scaled.jpg","contentUrl":"https:\/\/www.empikfoto.pl\/blog\/empikfoto\/2020\/09\/woman-wearing-white-top-852793-min-scaled.jpg","width":2560,"height":1707,"caption":"zdj\u0119cia z wakacji"},{"@type":"BreadcrumbList","@id":"https:\/\/www.empikfoto.pl\/blog\/dlaczego-warto-wywolywac-zdjecia-wakacji\/#breadcrumb","itemListElement":[{"@type":"ListItem","position":1,"name":"Strona g\u0142\u00f3wna","item":"https:\/\/www.empikfoto.pl\/blog\/"},{"@type":"ListItem","position":2,"name":"Dlaczego warto wywo\u0142ywa\u0107 zdj\u0119cia z wakacji?"}]},{"@type":"WebSite","@id":"https:\/\/www.empikfoto.pl\/blog\/#website","url":"https:\/\/www.empikfoto.pl\/blog\/","name":"blog.empikfoto.pl","description":"Poznaj empikfoto.pl od \u015brodka! Dowiedz si\u0119 wi\u0119cej o odbitkach, fotoksi\u0105\u017ckach i fotografii.","potentialAction":[{"@type":"SearchAction","target":{"@type":"EntryPoint","urlTemplate":"https:\/\/www.empikfoto.pl\/blog\/?s={search_term_string}"},"query-input":{"@type":"PropertyValueSpecification","valueRequired":true,"valueName":"search_term_string"}}],"inLanguage":"pl-PL"},{"@type":"Person","@id":"https:\/\/www.empikfoto.pl\/blog\/#\/schema\/person\/0313802ca5dac502e3266853c59632c0","name":"Patrycja","image":{"@type":"ImageObject","inLanguage":"pl-PL","@id":"https:\/\/secure.gravatar.com\/avatar\/f25168e12215ad42f58e5fb72881daaeb57bd4f907081046016f64bf167db59f?s=96&d=identicon&r=g","url":"https:\/\/secure.gravatar.com\/avatar\/f25168e12215ad42f58e5fb72881daaeb57bd4f907081046016f64bf167db59f?s=96&d=identicon&r=g","contentUrl":"https:\/\/secure.gravatar.com\/avatar\/f25168e12215ad42f58e5fb72881daaeb57bd4f907081046016f64bf167db59f?s=96&d=identicon&r=g","caption":"Patrycja"},"url":"https:\/\/www.empikfoto.pl\/blog\/author\/patrycja\/"}]}},"amp_enabled":true,"_links":{"self":[{"href":"https:\/\/www.empikfoto.pl\/blog\/wp-json\/wp\/v2\/posts\/10060","targetHints":{"allow":["GET"]}}],"collection":[{"href":"https:\/\/www.empikfoto.pl\/blog\/wp-json\/wp\/v2\/posts"}],"about":[{"href":"https:\/\/www.empikfoto.pl\/blog\/wp-json\/wp\/v2\/types\/post"}],"author":[{"embeddable":true,"href":"https:\/\/www.empikfoto.pl\/blog\/wp-json\/wp\/v2\/users\/16"}],"replies":[{"embeddable":true,"href":"https:\/\/www.empikfoto.pl\/blog\/wp-json\/wp\/v2\/comments?post=10060"}],"version-history":[{"count":4,"href":"https:\/\/www.empikfoto.pl\/blog\/wp-json\/wp\/v2\/posts\/10060\/revisions"}],"predecessor-version":[{"id":13051,"href":"https:\/\/www.empikfoto.pl\/blog\/wp-json\/wp\/v2\/posts\/10060\/revisions\/13051"}],"wp:featuredmedia":[{"embeddable":true,"href":"https:\/\/www.empikfoto.pl\/blog\/wp-json\/wp\/v2\/media\/10372"}],"wp:attachment":[{"href":"https:\/\/www.empikfoto.pl\/blog\/wp-json\/wp\/v2\/media?parent=10060"}],"wp:term":[{"taxonomy":"category","embeddable":true,"href":"https:\/\/www.empikfoto.pl\/blog\/wp-json\/wp\/v2\/categories?post=10060"},{"taxonomy":"post_tag","embeddable":true,"href":"https:\/\/www.empikfoto.pl\/blog\/wp-json\/wp\/v2\/tags?post=10060"}],"curies":[{"name":"wp","href":"https:\/\/api.w.org\/{rel}","templated":true}]}}