{"id":10069,"date":"2020-05-23T15:12:05","date_gmt":"2020-05-23T13:12:05","guid":{"rendered":"https:\/\/blog.empikfoto.pl\/?p=10069"},"modified":"2023-07-27T14:33:45","modified_gmt":"2023-07-27T12:33:45","slug":"co-kupic-na-70-urodziny","status":"publish","type":"post","link":"https:\/\/www.empikfoto.pl\/blog\/co-kupic-na-70-urodziny\/","title":{"rendered":"Co kupi\u0107 na 70 urodziny? Inspiruj\u0105cy poradnik"},"content":{"rendered":"<p><strong>Ka\u017cde urodziny to \u015bwietny pow\u00f3d do \u015bwi\u0119towania i sp\u0119dzenia czasu w gronie rodziny. W ko\u0144cu mija kolejny rok pe\u0142en niesamowitych przyg\u00f3d i cennych do\u015bwiadcze\u0144, dlatego warto to uczci\u0107. Wa\u017cna dla Ciebie osoba obchodzi 70 rocznic\u0119 urodzin? Zadbaj o to, \u017ceby ta uroczysto\u015b\u0107 nie by\u0142a taka sama jak zawsze. Pomog\u0105 Ci w tym prezenty z naszej oferty i d\u0142u\u017cej nie b\u0119dziesz si\u0119 zastanawia\u0142, co kupi\u0107 na 70 urodziny!<\/strong><!--more--><\/p>\n<p>W ci\u0105gu 70 lat wydarzy\u0142o si\u0119 bardzo du\u017co, wi\u0119c solenizant mo\u017ce pochwali\u0107 si\u0119 naprawd\u0119 imponuj\u0105cym baga\u017cem do\u015bwiadcze\u0144. Aby uczci\u0107 t\u0119 chwil\u0119, nie wystarczy kupi\u0107 tortu i \u015bwieczek.. Trzeba zadba\u0107 tak\u017ce o odpowiedni upominek, kt\u00f3ry wywo\u0142a u\u015bmiech na twarzy obdarowanego i sprawi mu ogromn\u0105 przyjemno\u015b\u0107. Szukasz pomys\u0142u na co\u015b oryginalnego, niebanalnego i jedynego w swoim rodzaju? Poznaj nasze propozycje, odpowiadaj\u0105ce na pytanie co kupi\u0107 na 70 urodziny.<\/p>\n<h2><strong>Co wybra\u0107 na 70 urodziny dla m\u0119\u017cczyzny?<\/strong><\/h2>\n<p>Zastanawiasz si\u0119, co mo\u017cna kupi\u0107 na 70 urodziny? W takiej sytuacji postaw na upominki, kt\u00f3re b\u0119d\u0105 jednocze\u015bnie wspania\u0142\u0105 pami\u0105tk\u0105 jak np. <a href=\"https:\/\/www.empikfoto.pl\/wystroj-wnetrz\/poduszki\"><strong>poduszka ze zdj\u0119ciem<\/strong><\/a>. W swoim archiwum na pewno masz wsp\u00f3ln\u0105 fotografi\u0119 z solenizantem. Wybierz jedno lub kilka grafik i stw\u00f3rz z nich kola\u017c. W edytorze mo\u017cesz wybiera\u0107 spo\u015br\u00f3d szerokiej gamy te\u0142 i klipart\u00f3w. Je\u015bli nie masz pomys\u0142u na indywidualny projekt, si\u0119gnij po <strong>gotow\u0105 kompozycj\u0119 stworzon\u0105 przez naszych grafik\u00f3w<\/strong>. Dodaj tylko w\u0142asne zdj\u0119cie, a ca\u0142o\u015b\u0107 b\u0119dzie wygl\u0105da\u0107 bardzo profesjonalnie i uroczo!<\/p>\n<p>Nie zapomnij umie\u015bci\u0107 <strong>weso\u0142y napis lub kr\u00f3tk\u0105 dedykacj\u0119<\/strong>, kt\u00f3ra b\u0119dzie nawi\u0105zaniem do \u015bwi\u0119towania 70 urodzin jak np. \u201cNie liczy si\u0119 przebieg, a mo\u017cliwo\u015bci\u201d. To bardzo uniwersalny prezent &#8211; sprawdzi si\u0119 dla ka\u017cdej \u015bwi\u0119tuj\u0105cej osoby.<\/p>\n<p><img loading=\"lazy\" decoding=\"async\" class=\"aligncenter size-large wp-image-10386\" src=\"https:\/\/blog.empikfoto.pl\/empikfoto\/2020\/09\/prezent-dla-taty-min-1-1024x684.jpg\" alt=\"\" width=\"1024\" height=\"684\" srcset=\"https:\/\/www.empikfoto.pl\/blog\/empikfoto\/2020\/09\/prezent-dla-taty-min-1-1024x684.jpg 1024w, https:\/\/www.empikfoto.pl\/blog\/empikfoto\/2020\/09\/prezent-dla-taty-min-1-300x200.jpg 300w, https:\/\/www.empikfoto.pl\/blog\/empikfoto\/2020\/09\/prezent-dla-taty-min-1-768x513.jpg 768w, https:\/\/www.empikfoto.pl\/blog\/empikfoto\/2020\/09\/prezent-dla-taty-min-1-1536x1025.jpg 1536w, https:\/\/www.empikfoto.pl\/blog\/empikfoto\/2020\/09\/prezent-dla-taty-min-1-2048x1367.jpg 2048w, https:\/\/www.empikfoto.pl\/blog\/empikfoto\/2020\/09\/prezent-dla-taty-min-1-330x220.jpg 330w, https:\/\/www.empikfoto.pl\/blog\/empikfoto\/2020\/09\/prezent-dla-taty-min-1-400x267.jpg 400w\" sizes=\"auto, (max-width: 1024px) 100vw, 1024px\" \/><\/p>\n<h2><strong>Prezent z okazji 70 urodzin dla kobiety<\/strong><\/h2>\n<p>Potrzebujesz prezentu na 70 urodziny dla pewnej, cudownej damy? Spraw jej przyjemno\u015b\u0107 i podaruj co\u015b, co zabierze j\u0105 w podr\u00f3\u017c do przesz\u0142o\u015bci, czyli\u2026 <a href=\"https:\/\/www.empikfoto.pl\/fotoksiazki\"><strong>fotoksi\u0105\u017ck\u0119<\/strong><\/a>. W naszym edytorze przygotowali\u015bmy specjalny szablon z tej okazji &#8211; jasne kolory, subtelne, kwiatowe dodatki, miejsca przeznaczone na \u017cyczenia i notatki, a tak\u017ce odpowiednio wykadrowane pola na zdj\u0119cia sprawiaj\u0105, \u017ce ca\u0142o\u015b\u0107 prezentuje si\u0119 bardzo niepowtarzalnie.<\/p>\n<p>Do stworzenia tego prezentu potrzebujesz jedynie <strong>dost\u0119pu do starych zdj\u0119\u0107 solenizantki<\/strong>. Wybierz fotografie, kt\u00f3re przywr\u00f3c\u0105 dawne wspomnienia &#8211; zdj\u0119cia z podr\u00f3\u017cy, z dawnymi przyjaci\u00f3\u0142mi czy zmar\u0142ymi cz\u0142onkami rodziny. Pami\u0119taj o opisach &#8211; s\u0105 bardzo wa\u017cne! Czasami wystarczy, \u017ce dodasz tylko dat\u0119 i miejscowo\u015b\u0107, jednak w wielu miejscach postaw na cytaty znanych os\u00f3b i fragmenty dzie\u0142 literackich np. z przyg\u00f3d Kubusia Puchatka &#8211;<em> \u201cKubusiu, jak si\u0119 pisze mi\u0142o\u015b\u0107? Prosiaczku, mi\u0142o\u015b\u0107 si\u0119 nie pisze. Mi\u0142o\u015b\u0107 si\u0119 czuje\u201d<\/em>. Mo\u017cna te\u017c wybra\u0107 Audrey Hepburn <em>\u201cNajwa\u017cniejsz\u0105 rzecz\u0105 jest, aby cieszy\u0107 si\u0119 swoim \u017cyciem \u2013 by\u0107 szcz\u0119\u015bliwym \u2013 tylko to si\u0119 liczy\u201d<\/em>.<\/p>\n<p><img loading=\"lazy\" decoding=\"async\" class=\"aligncenter size-full wp-image-10387\" src=\"https:\/\/blog.empikfoto.pl\/empikfoto\/2020\/09\/fotokniha.jpg\" alt=\"\" width=\"1000\" height=\"667\" srcset=\"https:\/\/www.empikfoto.pl\/blog\/empikfoto\/2020\/09\/fotokniha.jpg 1000w, https:\/\/www.empikfoto.pl\/blog\/empikfoto\/2020\/09\/fotokniha-300x200.jpg 300w, https:\/\/www.empikfoto.pl\/blog\/empikfoto\/2020\/09\/fotokniha-768x512.jpg 768w, https:\/\/www.empikfoto.pl\/blog\/empikfoto\/2020\/09\/fotokniha-330x220.jpg 330w, https:\/\/www.empikfoto.pl\/blog\/empikfoto\/2020\/09\/fotokniha-400x267.jpg 400w\" sizes=\"auto, (max-width: 1000px) 100vw, 1000px\" \/><\/p>\n<p><strong>Fotoalbum<\/strong> to wyj\u0105tkowa pami\u0105tka, dlatego nie warto tworzy\u0107 jej w po\u015bpiechu. Zadbaj o wszystkie szczeg\u00f3\u0142y, a na pewno wywo\u0142asz \u0142zy wzruszenia na policzkach solenizantki.<\/p>\n<h2><strong>Pomys\u0142 na uniwersalny prezent na 70 urodziny<\/strong><\/h2>\n<p>Szukasz prezentu dla dobrego kolegi lub kole\u017canki z pracy, dawnego nauczyciela lub s\u0105siada? W takiej sytuacji dobrym pomys\u0142em jest wyb\u00f3r uniwersalnego podarunku, kt\u00f3ry b\u0119dzie symbolem sympatii i sposobem na wyra\u017canie pozytywnych emocji jak np. <a href=\"https:\/\/www.empikfoto.pl\/zaproszenia-i-kartki\/kartki\"><strong>fotokartki<\/strong><\/a>. Mo\u017cesz je zaprojektowa\u0107 samodzielnie &#8211; w tym celu potrzebujesz odpowiedniej fotografii. Dobrym pomys\u0142em jest <strong>wykorzystanie zdj\u0119cia z solenizantem<\/strong>, ale mo\u017cesz tak\u017ce wybra\u0107 np. grupowe zdj\u0119cie zespo\u0142u czy klasy.<\/p>\n<p>Nie masz \u017cadnej, wsp\u00f3lnej pami\u0105tki? Nie martw si\u0119! Nasi graficy zadbali o <strong>szeroki wyb\u00f3r \u015bwietnych grafik<\/strong>, wi\u0119c z \u0142atwo\u015bci\u0105 znajdziesz co\u015b odpowiedniego. Aby spersonalizowa\u0107 fotokartk\u0119,<strong> dodaj napis, dat\u0119 i kr\u00f3tkie \u017cyczenia<\/strong>, kt\u00f3re samodzielnie wymy\u015bli\u0142e\u015b. Nie wiesz co napisa\u0107? Pomy\u015bl, o czym marzy solenizant, czego pragnie i co mu brakuje. Zdrowia? Szcz\u0119\u015bcia? A mo\u017ce mi\u0142o\u015bci? Poszukaj inspiracji w Internecie lub popro\u015b o pomoc blisk\u0105 Ci osob\u0119, a Twoje \u017cyczenia b\u0119d\u0105 naprawd\u0119 wyj\u0105tkowe. Fotokartka to tak\u017ce \u015bwietny pomys\u0142 na prezent &#8211; niespodziank\u0119 na 70 urodziny. Wy\u015blij j\u0105 do miejsca zamieszkania solenizanta, a naprawd\u0119 pozytywnie go zaskoczysz!<\/p>\n<p>Sprawd\u017a nasze inne propozycje na <strong><a href=\"https:\/\/www.empikfoto.pl\/prezenty-na-urodziny\">personalizowany prezent<\/a>. <\/strong>To najlepszy spos\u00f3b na uczczenie 70 urodzin.<\/p>\n","protected":false},"excerpt":{"rendered":"<p>Ka\u017cde urodziny to \u015bwietny pow\u00f3d do \u015bwi\u0119towania i sp\u0119dzenia czasu w gronie rodziny. W ko\u0144cu mija kolejny rok pe\u0142en niesamowitych przyg\u00f3d i cennych do\u015bwiadcze\u0144, dlatego warto to uczci\u0107. Wa\u017cna dla Ciebie osoba obchodzi 70 rocznic\u0119 urodzin? Zadbaj o to, \u017ceby ta uroczysto\u015b\u0107 nie by\u0142a taka sama jak zawsze. Pomog\u0105 Ci w tym prezenty z naszej oferty i d\u0142u\u017cej nie b\u0119dziesz si\u0119 zastanawia\u0142, co kupi\u0107 na 70 urodziny!<\/p>\n","protected":false},"author":16,"featured_media":10385,"comment_status":"closed","ping_status":"closed","sticky":false,"template":"","format":"standard","meta":{"footnotes":""},"categories":[113,1059],"tags":[],"class_list":["post-10069","post","type-post","status-publish","format-standard","has-post-thumbnail","hentry","category-pomysl-na-prezent","category-pomysly-na-prezent"],"yoast_head":"<!-- This site is optimized with the Yoast SEO plugin v27.4 - https:\/\/yoast.com\/product\/yoast-seo-wordpress\/ -->\n<title>Co kupi\u0107 na 70 urodziny? Inspiruj\u0105cy poradnik | Empik Foto<\/title>\n<meta name=\"description\" content=\"Co kupi\u0107 na 70 urodziny? Odkryj wyj\u0105tkowe i trafione pomys\u0142y na prezent dla jubilata obchodz\u0105cego 70. urodziny.\" \/>\n<meta name=\"robots\" content=\"index, follow, max-snippet:-1, max-image-preview:large, max-video-preview:-1\" \/>\n<link rel=\"canonical\" href=\"https:\/\/www.empikfoto.pl\/blog\/co-kupic-na-70-urodziny\/\" \/>\n<meta property=\"og:locale\" content=\"pl_PL\" \/>\n<meta property=\"og:type\" content=\"article\" \/>\n<meta property=\"og:title\" content=\"Co kupi\u0107 na 70 urodziny? Inspiruj\u0105cy poradnik | Empik Foto\" \/>\n<meta property=\"og:description\" content=\"Co kupi\u0107 na 70 urodziny? Odkryj wyj\u0105tkowe i trafione pomys\u0142y na prezent dla jubilata obchodz\u0105cego 70. urodziny.\" \/>\n<meta property=\"og:url\" content=\"https:\/\/www.empikfoto.pl\/blog\/co-kupic-na-70-urodziny\/\" \/>\n<meta property=\"og:site_name\" content=\"blog.empikfoto.pl\" \/>\n<meta property=\"article:publisher\" content=\"https:\/\/www.facebook.com\/empikfotopl\/\" \/>\n<meta property=\"article:published_time\" content=\"2020-05-23T13:12:05+00:00\" \/>\n<meta property=\"article:modified_time\" content=\"2023-07-27T12:33:45+00:00\" \/>\n<meta property=\"og:image\" content=\"https:\/\/www.empikfoto.pl\/blog\/empikfoto\/2020\/09\/prezent-na-70-urodziny-scaled.jpg\" \/>\n\t<meta property=\"og:image:width\" content=\"2560\" \/>\n\t<meta property=\"og:image:height\" content=\"1707\" \/>\n\t<meta property=\"og:image:type\" content=\"image\/jpeg\" \/>\n<meta name=\"author\" content=\"Patrycja\" \/>\n<meta name=\"twitter:card\" content=\"summary_large_image\" \/>\n<meta name=\"twitter:creator\" content=\"@empikfoto\" \/>\n<meta name=\"twitter:site\" content=\"@empikfoto\" \/>\n<meta name=\"twitter:label1\" content=\"Napisane przez\" \/>\n\t<meta name=\"twitter:data1\" content=\"Patrycja\" \/>\n\t<meta name=\"twitter:label2\" content=\"Szacowany czas czytania\" \/>\n\t<meta name=\"twitter:data2\" content=\"5 minut\" \/>\n<script type=\"application\/ld+json\" class=\"yoast-schema-graph\">{\"@context\":\"https:\\\/\\\/schema.org\",\"@graph\":[{\"@type\":\"Article\",\"@id\":\"https:\\\/\\\/www.empikfoto.pl\\\/blog\\\/co-kupic-na-70-urodziny\\\/#article\",\"isPartOf\":{\"@id\":\"https:\\\/\\\/www.empikfoto.pl\\\/blog\\\/co-kupic-na-70-urodziny\\\/\"},\"author\":{\"name\":\"Patrycja\",\"@id\":\"https:\\\/\\\/www.empikfoto.pl\\\/blog\\\/#\\\/schema\\\/person\\\/0313802ca5dac502e3266853c59632c0\"},\"headline\":\"Co kupi\u0107 na 70 urodziny? Inspiruj\u0105cy poradnik\",\"datePublished\":\"2020-05-23T13:12:05+00:00\",\"dateModified\":\"2023-07-27T12:33:45+00:00\",\"mainEntityOfPage\":{\"@id\":\"https:\\\/\\\/www.empikfoto.pl\\\/blog\\\/co-kupic-na-70-urodziny\\\/\"},\"wordCount\":736,\"image\":{\"@id\":\"https:\\\/\\\/www.empikfoto.pl\\\/blog\\\/co-kupic-na-70-urodziny\\\/#primaryimage\"},\"thumbnailUrl\":\"https:\\\/\\\/www.empikfoto.pl\\\/blog\\\/empikfoto\\\/2020\\\/09\\\/prezent-na-70-urodziny-scaled.jpg\",\"articleSection\":[\"Pomys\u0142 na prezent\",\"Pomys\u0142y na prezent\"],\"inLanguage\":\"pl-PL\"},{\"@type\":\"WebPage\",\"@id\":\"https:\\\/\\\/www.empikfoto.pl\\\/blog\\\/co-kupic-na-70-urodziny\\\/\",\"url\":\"https:\\\/\\\/www.empikfoto.pl\\\/blog\\\/co-kupic-na-70-urodziny\\\/\",\"name\":\"Co kupi\u0107 na 70 urodziny? Inspiruj\u0105cy poradnik | Empik Foto\",\"isPartOf\":{\"@id\":\"https:\\\/\\\/www.empikfoto.pl\\\/blog\\\/#website\"},\"primaryImageOfPage\":{\"@id\":\"https:\\\/\\\/www.empikfoto.pl\\\/blog\\\/co-kupic-na-70-urodziny\\\/#primaryimage\"},\"image\":{\"@id\":\"https:\\\/\\\/www.empikfoto.pl\\\/blog\\\/co-kupic-na-70-urodziny\\\/#primaryimage\"},\"thumbnailUrl\":\"https:\\\/\\\/www.empikfoto.pl\\\/blog\\\/empikfoto\\\/2020\\\/09\\\/prezent-na-70-urodziny-scaled.jpg\",\"datePublished\":\"2020-05-23T13:12:05+00:00\",\"dateModified\":\"2023-07-27T12:33:45+00:00\",\"author\":{\"@id\":\"https:\\\/\\\/www.empikfoto.pl\\\/blog\\\/#\\\/schema\\\/person\\\/0313802ca5dac502e3266853c59632c0\"},\"description\":\"Co kupi\u0107 na 70 urodziny? Odkryj wyj\u0105tkowe i trafione pomys\u0142y na prezent dla jubilata obchodz\u0105cego 70. urodziny.\",\"breadcrumb\":{\"@id\":\"https:\\\/\\\/www.empikfoto.pl\\\/blog\\\/co-kupic-na-70-urodziny\\\/#breadcrumb\"},\"inLanguage\":\"pl-PL\",\"potentialAction\":[{\"@type\":\"ReadAction\",\"target\":[\"https:\\\/\\\/www.empikfoto.pl\\\/blog\\\/co-kupic-na-70-urodziny\\\/\"]}]},{\"@type\":\"ImageObject\",\"inLanguage\":\"pl-PL\",\"@id\":\"https:\\\/\\\/www.empikfoto.pl\\\/blog\\\/co-kupic-na-70-urodziny\\\/#primaryimage\",\"url\":\"https:\\\/\\\/www.empikfoto.pl\\\/blog\\\/empikfoto\\\/2020\\\/09\\\/prezent-na-70-urodziny-scaled.jpg\",\"contentUrl\":\"https:\\\/\\\/www.empikfoto.pl\\\/blog\\\/empikfoto\\\/2020\\\/09\\\/prezent-na-70-urodziny-scaled.jpg\",\"width\":2560,\"height\":1707,\"caption\":\"prezent-na-70-urodziny\"},{\"@type\":\"BreadcrumbList\",\"@id\":\"https:\\\/\\\/www.empikfoto.pl\\\/blog\\\/co-kupic-na-70-urodziny\\\/#breadcrumb\",\"itemListElement\":[{\"@type\":\"ListItem\",\"position\":1,\"name\":\"Strona g\u0142\u00f3wna\",\"item\":\"https:\\\/\\\/www.empikfoto.pl\\\/blog\\\/\"},{\"@type\":\"ListItem\",\"position\":2,\"name\":\"Co kupi\u0107 na 70 urodziny? Inspiruj\u0105cy poradnik\"}]},{\"@type\":\"WebSite\",\"@id\":\"https:\\\/\\\/www.empikfoto.pl\\\/blog\\\/#website\",\"url\":\"https:\\\/\\\/www.empikfoto.pl\\\/blog\\\/\",\"name\":\"blog.empikfoto.pl\",\"description\":\"Poznaj empikfoto.pl od \u015brodka! Dowiedz si\u0119 wi\u0119cej o odbitkach, fotoksi\u0105\u017ckach i fotografii.\",\"potentialAction\":[{\"@type\":\"SearchAction\",\"target\":{\"@type\":\"EntryPoint\",\"urlTemplate\":\"https:\\\/\\\/www.empikfoto.pl\\\/blog\\\/?s={search_term_string}\"},\"query-input\":{\"@type\":\"PropertyValueSpecification\",\"valueRequired\":true,\"valueName\":\"search_term_string\"}}],\"inLanguage\":\"pl-PL\"},{\"@type\":\"Person\",\"@id\":\"https:\\\/\\\/www.empikfoto.pl\\\/blog\\\/#\\\/schema\\\/person\\\/0313802ca5dac502e3266853c59632c0\",\"name\":\"Patrycja\",\"image\":{\"@type\":\"ImageObject\",\"inLanguage\":\"pl-PL\",\"@id\":\"https:\\\/\\\/secure.gravatar.com\\\/avatar\\\/f25168e12215ad42f58e5fb72881daaeb57bd4f907081046016f64bf167db59f?s=96&d=identicon&r=g\",\"url\":\"https:\\\/\\\/secure.gravatar.com\\\/avatar\\\/f25168e12215ad42f58e5fb72881daaeb57bd4f907081046016f64bf167db59f?s=96&d=identicon&r=g\",\"contentUrl\":\"https:\\\/\\\/secure.gravatar.com\\\/avatar\\\/f25168e12215ad42f58e5fb72881daaeb57bd4f907081046016f64bf167db59f?s=96&d=identicon&r=g\",\"caption\":\"Patrycja\"},\"url\":\"https:\\\/\\\/www.empikfoto.pl\\\/blog\\\/author\\\/patrycja\\\/\"}]}<\/script>\n<!-- \/ Yoast SEO plugin. -->","yoast_head_json":{"title":"Co kupi\u0107 na 70 urodziny? Inspiruj\u0105cy poradnik | Empik Foto","description":"Co kupi\u0107 na 70 urodziny? Odkryj wyj\u0105tkowe i trafione pomys\u0142y na prezent dla jubilata obchodz\u0105cego 70. urodziny.","robots":{"index":"index","follow":"follow","max-snippet":"max-snippet:-1","max-image-preview":"max-image-preview:large","max-video-preview":"max-video-preview:-1"},"canonical":"https:\/\/www.empikfoto.pl\/blog\/co-kupic-na-70-urodziny\/","og_locale":"pl_PL","og_type":"article","og_title":"Co kupi\u0107 na 70 urodziny? Inspiruj\u0105cy poradnik | Empik Foto","og_description":"Co kupi\u0107 na 70 urodziny? Odkryj wyj\u0105tkowe i trafione pomys\u0142y na prezent dla jubilata obchodz\u0105cego 70. urodziny.","og_url":"https:\/\/www.empikfoto.pl\/blog\/co-kupic-na-70-urodziny\/","og_site_name":"blog.empikfoto.pl","article_publisher":"https:\/\/www.facebook.com\/empikfotopl\/","article_published_time":"2020-05-23T13:12:05+00:00","article_modified_time":"2023-07-27T12:33:45+00:00","og_image":[{"width":2560,"height":1707,"url":"https:\/\/www.empikfoto.pl\/blog\/empikfoto\/2020\/09\/prezent-na-70-urodziny-scaled.jpg","type":"image\/jpeg"}],"author":"Patrycja","twitter_card":"summary_large_image","twitter_creator":"@empikfoto","twitter_site":"@empikfoto","twitter_misc":{"Napisane przez":"Patrycja","Szacowany czas czytania":"5 minut"},"schema":{"@context":"https:\/\/schema.org","@graph":[{"@type":"Article","@id":"https:\/\/www.empikfoto.pl\/blog\/co-kupic-na-70-urodziny\/#article","isPartOf":{"@id":"https:\/\/www.empikfoto.pl\/blog\/co-kupic-na-70-urodziny\/"},"author":{"name":"Patrycja","@id":"https:\/\/www.empikfoto.pl\/blog\/#\/schema\/person\/0313802ca5dac502e3266853c59632c0"},"headline":"Co kupi\u0107 na 70 urodziny? Inspiruj\u0105cy poradnik","datePublished":"2020-05-23T13:12:05+00:00","dateModified":"2023-07-27T12:33:45+00:00","mainEntityOfPage":{"@id":"https:\/\/www.empikfoto.pl\/blog\/co-kupic-na-70-urodziny\/"},"wordCount":736,"image":{"@id":"https:\/\/www.empikfoto.pl\/blog\/co-kupic-na-70-urodziny\/#primaryimage"},"thumbnailUrl":"https:\/\/www.empikfoto.pl\/blog\/empikfoto\/2020\/09\/prezent-na-70-urodziny-scaled.jpg","articleSection":["Pomys\u0142 na prezent","Pomys\u0142y na prezent"],"inLanguage":"pl-PL"},{"@type":"WebPage","@id":"https:\/\/www.empikfoto.pl\/blog\/co-kupic-na-70-urodziny\/","url":"https:\/\/www.empikfoto.pl\/blog\/co-kupic-na-70-urodziny\/","name":"Co kupi\u0107 na 70 urodziny? Inspiruj\u0105cy poradnik | Empik Foto","isPartOf":{"@id":"https:\/\/www.empikfoto.pl\/blog\/#website"},"primaryImageOfPage":{"@id":"https:\/\/www.empikfoto.pl\/blog\/co-kupic-na-70-urodziny\/#primaryimage"},"image":{"@id":"https:\/\/www.empikfoto.pl\/blog\/co-kupic-na-70-urodziny\/#primaryimage"},"thumbnailUrl":"https:\/\/www.empikfoto.pl\/blog\/empikfoto\/2020\/09\/prezent-na-70-urodziny-scaled.jpg","datePublished":"2020-05-23T13:12:05+00:00","dateModified":"2023-07-27T12:33:45+00:00","author":{"@id":"https:\/\/www.empikfoto.pl\/blog\/#\/schema\/person\/0313802ca5dac502e3266853c59632c0"},"description":"Co kupi\u0107 na 70 urodziny? Odkryj wyj\u0105tkowe i trafione pomys\u0142y na prezent dla jubilata obchodz\u0105cego 70. urodziny.","breadcrumb":{"@id":"https:\/\/www.empikfoto.pl\/blog\/co-kupic-na-70-urodziny\/#breadcrumb"},"inLanguage":"pl-PL","potentialAction":[{"@type":"ReadAction","target":["https:\/\/www.empikfoto.pl\/blog\/co-kupic-na-70-urodziny\/"]}]},{"@type":"ImageObject","inLanguage":"pl-PL","@id":"https:\/\/www.empikfoto.pl\/blog\/co-kupic-na-70-urodziny\/#primaryimage","url":"https:\/\/www.empikfoto.pl\/blog\/empikfoto\/2020\/09\/prezent-na-70-urodziny-scaled.jpg","contentUrl":"https:\/\/www.empikfoto.pl\/blog\/empikfoto\/2020\/09\/prezent-na-70-urodziny-scaled.jpg","width":2560,"height":1707,"caption":"prezent-na-70-urodziny"},{"@type":"BreadcrumbList","@id":"https:\/\/www.empikfoto.pl\/blog\/co-kupic-na-70-urodziny\/#breadcrumb","itemListElement":[{"@type":"ListItem","position":1,"name":"Strona g\u0142\u00f3wna","item":"https:\/\/www.empikfoto.pl\/blog\/"},{"@type":"ListItem","position":2,"name":"Co kupi\u0107 na 70 urodziny? Inspiruj\u0105cy poradnik"}]},{"@type":"WebSite","@id":"https:\/\/www.empikfoto.pl\/blog\/#website","url":"https:\/\/www.empikfoto.pl\/blog\/","name":"blog.empikfoto.pl","description":"Poznaj empikfoto.pl od \u015brodka! Dowiedz si\u0119 wi\u0119cej o odbitkach, fotoksi\u0105\u017ckach i fotografii.","potentialAction":[{"@type":"SearchAction","target":{"@type":"EntryPoint","urlTemplate":"https:\/\/www.empikfoto.pl\/blog\/?s={search_term_string}"},"query-input":{"@type":"PropertyValueSpecification","valueRequired":true,"valueName":"search_term_string"}}],"inLanguage":"pl-PL"},{"@type":"Person","@id":"https:\/\/www.empikfoto.pl\/blog\/#\/schema\/person\/0313802ca5dac502e3266853c59632c0","name":"Patrycja","image":{"@type":"ImageObject","inLanguage":"pl-PL","@id":"https:\/\/secure.gravatar.com\/avatar\/f25168e12215ad42f58e5fb72881daaeb57bd4f907081046016f64bf167db59f?s=96&d=identicon&r=g","url":"https:\/\/secure.gravatar.com\/avatar\/f25168e12215ad42f58e5fb72881daaeb57bd4f907081046016f64bf167db59f?s=96&d=identicon&r=g","contentUrl":"https:\/\/secure.gravatar.com\/avatar\/f25168e12215ad42f58e5fb72881daaeb57bd4f907081046016f64bf167db59f?s=96&d=identicon&r=g","caption":"Patrycja"},"url":"https:\/\/www.empikfoto.pl\/blog\/author\/patrycja\/"}]}},"amp_enabled":true,"_links":{"self":[{"href":"https:\/\/www.empikfoto.pl\/blog\/wp-json\/wp\/v2\/posts\/10069","targetHints":{"allow":["GET"]}}],"collection":[{"href":"https:\/\/www.empikfoto.pl\/blog\/wp-json\/wp\/v2\/posts"}],"about":[{"href":"https:\/\/www.empikfoto.pl\/blog\/wp-json\/wp\/v2\/types\/post"}],"author":[{"embeddable":true,"href":"https:\/\/www.empikfoto.pl\/blog\/wp-json\/wp\/v2\/users\/16"}],"replies":[{"embeddable":true,"href":"https:\/\/www.empikfoto.pl\/blog\/wp-json\/wp\/v2\/comments?post=10069"}],"version-history":[{"count":3,"href":"https:\/\/www.empikfoto.pl\/blog\/wp-json\/wp\/v2\/posts\/10069\/revisions"}],"predecessor-version":[{"id":12521,"href":"https:\/\/www.empikfoto.pl\/blog\/wp-json\/wp\/v2\/posts\/10069\/revisions\/12521"}],"wp:featuredmedia":[{"embeddable":true,"href":"https:\/\/www.empikfoto.pl\/blog\/wp-json\/wp\/v2\/media\/10385"}],"wp:attachment":[{"href":"https:\/\/www.empikfoto.pl\/blog\/wp-json\/wp\/v2\/media?parent=10069"}],"wp:term":[{"taxonomy":"category","embeddable":true,"href":"https:\/\/www.empikfoto.pl\/blog\/wp-json\/wp\/v2\/categories?post=10069"},{"taxonomy":"post_tag","embeddable":true,"href":"https:\/\/www.empikfoto.pl\/blog\/wp-json\/wp\/v2\/tags?post=10069"}],"curies":[{"name":"wp","href":"https:\/\/api.w.org\/{rel}","templated":true}]}}