{"id":10123,"date":"2022-06-08T12:36:38","date_gmt":"2022-06-08T10:36:38","guid":{"rendered":"https:\/\/blog.empikfoto.pl\/?p=10123"},"modified":"2023-12-21T10:43:30","modified_gmt":"2023-12-21T09:43:30","slug":"10-pomyslow-na-zdjecia-z-wakacji","status":"publish","type":"post","link":"https:\/\/www.empikfoto.pl\/blog\/10-pomyslow-na-zdjecia-z-wakacji\/","title":{"rendered":"10 pomys\u0142\u00f3w na zdj\u0119cia z wakacji"},"content":{"rendered":"<p><strong>Nie pozw\u00f3l, by brak planu na wakacyjny wyjazd przeszkodzi\u0142 Ci w sp\u0119dzeniu gor\u0105cych, letnich dni w wyj\u0105tkowy spos\u00f3b! Wykorzystaj potencja\u0142, jaki skrywa zamieszkiwana przez Ciebie okolica, a nawet Tw\u00f3j w\u0142asny dom. Skorzystaj z naszych sposob\u00f3w, aby zrobi\u0107 niebanalne zdj\u0119cia i doskonale si\u0119 bawi\u0107, gdziekolwiek sp\u0119dzasz sw\u00f3j wakacyjny czas. 10 pomys\u0142\u00f3w na zdj\u0119cia z wakacji!<\/strong><\/p>\n<p><!--more--><\/p>\n<p>Lato w mie\u015bcie nie musi by\u0107 nudne. Ciekawe zdj\u0119cia z wakacji, kt\u00f3re wykonasz wed\u0142ug naszych pomys\u0142\u00f3w, \u015bmia\u0142o mog\u0105 konkurowa\u0107 z kadrami znajomych wypoczywaj\u0105cych w ciep\u0142ych krajach. Gotowy? Zaczynamy!<\/p>\n<h2><strong>1. Sesja w zbo\u017cu<\/strong><\/h2>\n<p>To must have w ka\u017cdym wakacyjnym albumie! Z\u0142ote k\u0142osy, kt\u00f3re w lipcu i sierpniu uginaj\u0105 si\u0119 po ci\u0119\u017carem ziaren to niezwykle atrakcyjne t\u0142o do zdj\u0119\u0107. Je\u015bli przegapi\u0142e\u015b wcze\u015bnie wschodz\u0105ce k\u0142osy \u2013 nic straconego. Powi\u0105zane ju\u017c stogi siana pod koniec wakacji r\u00f3wnie\u017c ciesz\u0105 si\u0119 ogromn\u0105 popularno\u015bci\u0105 w\u015br\u00f3d fotograf\u00f3w! Koniecznie zorientuj si\u0119, czy w Twojej okolicy nie ma podobnych upraw. Je\u017celi nie zbo\u017ce, to mo\u017ce \u017c\u00f3\u0142ty rzepak lub pole kukurydzy? Ka\u017cde z nich b\u0119dzie \u015bwietnym pomys\u0142em na letni\u0105 sesj\u0119.<\/p>\n<p><img loading=\"lazy\" decoding=\"async\" class=\"aligncenter wp-image-10127 size-large\" src=\"https:\/\/blog.empikfoto.pl\/empikfoto\/2020\/09\/pexels-photo-297824-1024x683.jpeg\" alt=\"\" width=\"1024\" height=\"683\" srcset=\"https:\/\/www.empikfoto.pl\/blog\/empikfoto\/2020\/09\/pexels-photo-297824-1024x683.jpeg 1024w, https:\/\/www.empikfoto.pl\/blog\/empikfoto\/2020\/09\/pexels-photo-297824-300x200.jpeg 300w, https:\/\/www.empikfoto.pl\/blog\/empikfoto\/2020\/09\/pexels-photo-297824-768x512.jpeg 768w, https:\/\/www.empikfoto.pl\/blog\/empikfoto\/2020\/09\/pexels-photo-297824-1536x1024.jpeg 1536w, https:\/\/www.empikfoto.pl\/blog\/empikfoto\/2020\/09\/pexels-photo-297824-2048x1365.jpeg 2048w, https:\/\/www.empikfoto.pl\/blog\/empikfoto\/2020\/09\/pexels-photo-297824-330x220.jpeg 330w, https:\/\/www.empikfoto.pl\/blog\/empikfoto\/2020\/09\/pexels-photo-297824-400x267.jpeg 400w\" sizes=\"auto, (max-width: 1024px) 100vw, 1024px\" \/><\/p>\n<h2><strong>2. Dokumentacja prac w ogrodzie<\/strong><\/h2>\n<p>Lubisz prace w ogrodzie? Z przyjemno\u015bci\u0105 obserwujesz, jak z nagiej ziemi wyrastaj\u0105, rozkwitaj\u0105, a potem wi\u0119dn\u0105 ro\u015bliny? Cykl \u017cycia kwiat\u00f3w czy krzew\u00f3w, podobnie jak wykonywane czynno\u015bci ogrodnicze, mo\u017cesz utrwali\u0107 na fotografiach. W zimie na pewno wr\u00f3cisz do nich z przyjemno\u015bci\u0105!<\/p>\n<p><img loading=\"lazy\" decoding=\"async\" class=\"aligncenter wp-image-10133 size-large\" src=\"https:\/\/blog.empikfoto.pl\/empikfoto\/2020\/09\/pexels-photo-709785-1024x683.jpeg\" alt=\"\" width=\"1024\" height=\"683\" srcset=\"https:\/\/www.empikfoto.pl\/blog\/empikfoto\/2020\/09\/pexels-photo-709785-1024x683.jpeg 1024w, https:\/\/www.empikfoto.pl\/blog\/empikfoto\/2020\/09\/pexels-photo-709785-300x200.jpeg 300w, https:\/\/www.empikfoto.pl\/blog\/empikfoto\/2020\/09\/pexels-photo-709785-768x512.jpeg 768w, https:\/\/www.empikfoto.pl\/blog\/empikfoto\/2020\/09\/pexels-photo-709785-1536x1024.jpeg 1536w, https:\/\/www.empikfoto.pl\/blog\/empikfoto\/2020\/09\/pexels-photo-709785-2048x1365.jpeg 2048w, https:\/\/www.empikfoto.pl\/blog\/empikfoto\/2020\/09\/pexels-photo-709785-330x220.jpeg 330w, https:\/\/www.empikfoto.pl\/blog\/empikfoto\/2020\/09\/pexels-photo-709785-400x267.jpeg 400w\" sizes=\"auto, (max-width: 1024px) 100vw, 1024px\" \/><\/p>\n<h2><strong>3. Fotografie z wycieczek po miejskich zabytkach i atrakcjach turystycznych<\/strong><\/h2>\n<p>Poczuj si\u0119 jak turysta we w\u0142asnym mie\u015bcie. Wybierz si\u0119 na wycieczk\u0119 po lokalnych zabytkach i innych atrakcjach, dla kt\u00f3rych przyje\u017cd\u017caj\u0105 tu tury\u015bci. Oczywi\u015bcie nie zapomnij o aparacie! Przy ka\u017cdym punkcie wycieczki zr\u00f3b zdj\u0119cie, a potem stw\u00f3rz z nich w\u0142asny przewodnik wakacyjny po okolicy.<\/p>\n<p><img loading=\"lazy\" decoding=\"async\" class=\"aligncenter wp-image-10134 size-large\" src=\"https:\/\/blog.empikfoto.pl\/empikfoto\/2020\/09\/pexels-photo-2272940-1024x768.jpeg\" alt=\"\" width=\"1024\" height=\"768\" srcset=\"https:\/\/www.empikfoto.pl\/blog\/empikfoto\/2020\/09\/pexels-photo-2272940-1024x768.jpeg 1024w, https:\/\/www.empikfoto.pl\/blog\/empikfoto\/2020\/09\/pexels-photo-2272940-300x225.jpeg 300w, https:\/\/www.empikfoto.pl\/blog\/empikfoto\/2020\/09\/pexels-photo-2272940-768x576.jpeg 768w, https:\/\/www.empikfoto.pl\/blog\/empikfoto\/2020\/09\/pexels-photo-2272940-1536x1152.jpeg 1536w, https:\/\/www.empikfoto.pl\/blog\/empikfoto\/2020\/09\/pexels-photo-2272940-400x300.jpeg 400w, https:\/\/www.empikfoto.pl\/blog\/empikfoto\/2020\/09\/pexels-photo-2272940.jpeg 2000w\" sizes=\"auto, (max-width: 1024px) 100vw, 1024px\" \/><\/p>\n<h2><strong>4. Foodstagramming, czyli fotografuj jedzenie<\/strong><\/h2>\n<p>Masz swoje ulubione smaki? A mo\u017ce lubisz pr\u00f3bowa\u0107 nowych rzeczy? Lato sprzyja kulinarnym eksperymentom, ale nie zapomnij zrobi\u0107 zdj\u0119\u0107 potrawie, kt\u00f3r\u0105 zamierzasz zje\u015b\u0107! Ten trend zyska\u0142 nawet swoj\u0105 nazw\u0119 \u2013 foodstagramming to fotografowanie jedzenia i dzielenie si\u0119 nim za po\u015brednictwem kana\u0142\u00f3w w social mediach. Zabaw si\u0119 w szefa kuchni b\u0105d\u017a eksploruj lokalne miejsc\u00f3wki, by znale\u017a\u0107 prawdziwe kulinarne pere\u0142ki tu\u017c za rogiem Twojego domu. Mo\u017cesz tak\u017ce zabawi\u0107 si\u0119 w krytyka i oceni\u0107 wybrane restauracje w\u0142a\u015bnie w mediach spo\u0142eczno\u015bciowych.<\/p>\n<p>Wci\u0105gaj\u0105ce zaj\u0119cie na lato i spora dawka dobrego smaku gwarantowane! Bon appetit!<\/p>\n<p><img loading=\"lazy\" decoding=\"async\" class=\"aligncenter wp-image-10126 size-large\" src=\"https:\/\/blog.empikfoto.pl\/empikfoto\/2020\/09\/pexels-photo-744780-1024x688.jpeg\" alt=\"\" width=\"1024\" height=\"688\" srcset=\"https:\/\/www.empikfoto.pl\/blog\/empikfoto\/2020\/09\/pexels-photo-744780-1024x688.jpeg 1024w, https:\/\/www.empikfoto.pl\/blog\/empikfoto\/2020\/09\/pexels-photo-744780-300x201.jpeg 300w, https:\/\/www.empikfoto.pl\/blog\/empikfoto\/2020\/09\/pexels-photo-744780-768x516.jpeg 768w, https:\/\/www.empikfoto.pl\/blog\/empikfoto\/2020\/09\/pexels-photo-744780-1536x1031.jpeg 1536w, https:\/\/www.empikfoto.pl\/blog\/empikfoto\/2020\/09\/pexels-photo-744780-2048x1375.jpeg 2048w, https:\/\/www.empikfoto.pl\/blog\/empikfoto\/2020\/09\/pexels-photo-744780-400x269.jpeg 400w\" sizes=\"auto, (max-width: 1024px) 100vw, 1024px\" \/><\/p>\n<h2><strong>5. Metamorfoza wygl\u0105du<\/strong><\/h2>\n<p>Wakacje \u2013 przerwa od pracy czy szko\u0142y to dobry pomys\u0142 na eksperymenty z wygl\u0105dem. Zafarbuj w\u0142osy na r\u00f3\u017cowo, zmie\u0144 spos\u00f3b malowania si\u0119, ubierz inne ni\u017c zazwyczaj ciuchy. A potem urz\u0105d\u017a sobie szalon\u0105 sesj\u0119 zdj\u0119ciow\u0105. Je\u015bli dotychczas brakowa\u0142o Ci odwagi na taki ruch, to najlepszy moment na metamorfoz\u0119 w roku!<\/p>\n<p><img loading=\"lazy\" decoding=\"async\" class=\"aligncenter wp-image-10135 size-large\" src=\"https:\/\/blog.empikfoto.pl\/empikfoto\/2020\/09\/pexels-photo-1510542-1024x683.jpeg\" alt=\"\" width=\"1024\" height=\"683\" srcset=\"https:\/\/www.empikfoto.pl\/blog\/empikfoto\/2020\/09\/pexels-photo-1510542-1024x683.jpeg 1024w, https:\/\/www.empikfoto.pl\/blog\/empikfoto\/2020\/09\/pexels-photo-1510542-300x200.jpeg 300w, https:\/\/www.empikfoto.pl\/blog\/empikfoto\/2020\/09\/pexels-photo-1510542-768x512.jpeg 768w, https:\/\/www.empikfoto.pl\/blog\/empikfoto\/2020\/09\/pexels-photo-1510542-1536x1024.jpeg 1536w, https:\/\/www.empikfoto.pl\/blog\/empikfoto\/2020\/09\/pexels-photo-1510542-2048x1365.jpeg 2048w, https:\/\/www.empikfoto.pl\/blog\/empikfoto\/2020\/09\/pexels-photo-1510542-330x220.jpeg 330w, https:\/\/www.empikfoto.pl\/blog\/empikfoto\/2020\/09\/pexels-photo-1510542-400x267.jpeg 400w\" sizes=\"auto, (max-width: 1024px) 100vw, 1024px\" \/><\/p>\n<h2><strong>6. Uczestnicz w plenerowych imprezach<\/strong><\/h2>\n<p>A tych w wakacje nie brakuje! Koncerty, pikniki, festyny \u2013 wspomnienia ka\u017cdej z nich mo\u017cesz uchwyci\u0107 na fotografiach, kt\u00f3re potem wywo\u0142asz np. w formie<strong><a href=\"https:\/\/www.empikfoto.pl\/fotoksiazki\"> fotoksi\u0105\u017cki<\/a><\/strong>.<\/p>\n<p><img loading=\"lazy\" decoding=\"async\" class=\"aligncenter wp-image-10128 size-large\" src=\"https:\/\/blog.empikfoto.pl\/empikfoto\/2020\/09\/pexels-photo-1684187-1024x576.jpeg\" alt=\"\" width=\"1024\" height=\"576\" srcset=\"https:\/\/www.empikfoto.pl\/blog\/empikfoto\/2020\/09\/pexels-photo-1684187-1024x576.jpeg 1024w, https:\/\/www.empikfoto.pl\/blog\/empikfoto\/2020\/09\/pexels-photo-1684187-300x169.jpeg 300w, https:\/\/www.empikfoto.pl\/blog\/empikfoto\/2020\/09\/pexels-photo-1684187-768x432.jpeg 768w, https:\/\/www.empikfoto.pl\/blog\/empikfoto\/2020\/09\/pexels-photo-1684187-1536x864.jpeg 1536w, https:\/\/www.empikfoto.pl\/blog\/empikfoto\/2020\/09\/pexels-photo-1684187-2048x1152.jpeg 2048w, https:\/\/www.empikfoto.pl\/blog\/empikfoto\/2020\/09\/pexels-photo-1684187-400x225.jpeg 400w\" sizes=\"auto, (max-width: 1024px) 100vw, 1024px\" \/><\/p>\n<h2><strong>7. Uprawiaj sport, dokumentuj osi\u0105gni\u0119cia<\/strong><\/h2>\n<p>Sport to zdrowie, a lato szczeg\u00f3lnie sprzyja rozwojowi aktywno\u015bci fizycznej. Dla os\u00f3b, kt\u00f3re dodatkowo chc\u0105 zrobi\u0107 sobie niezapomniane zdj\u0119cia, jest szans\u0105 do odkrywania nowych plener\u00f3w. Ka\u017cda wycieczka rowerowa mo\u017ce by\u0107 szans\u0105 do napotkania atrakcyjnego miejsca wprost idealnego do zrobienia selfie. Przyjemne z po\u017cytecznym! Wakacyjny album niemal\u017ce sam zape\u0142ni si\u0119 na Twoich oczach!<\/p>\n<p><img loading=\"lazy\" decoding=\"async\" class=\"aligncenter wp-image-10138 size-large\" src=\"https:\/\/blog.empikfoto.pl\/empikfoto\/2020\/09\/pexels-photo-906016-1-1024x683.jpeg\" alt=\"\" width=\"1024\" height=\"683\" srcset=\"https:\/\/www.empikfoto.pl\/blog\/empikfoto\/2020\/09\/pexels-photo-906016-1-1024x683.jpeg 1024w, https:\/\/www.empikfoto.pl\/blog\/empikfoto\/2020\/09\/pexels-photo-906016-1-300x200.jpeg 300w, https:\/\/www.empikfoto.pl\/blog\/empikfoto\/2020\/09\/pexels-photo-906016-1-768x512.jpeg 768w, https:\/\/www.empikfoto.pl\/blog\/empikfoto\/2020\/09\/pexels-photo-906016-1-1536x1024.jpeg 1536w, https:\/\/www.empikfoto.pl\/blog\/empikfoto\/2020\/09\/pexels-photo-906016-1-2048x1365.jpeg 2048w, https:\/\/www.empikfoto.pl\/blog\/empikfoto\/2020\/09\/pexels-photo-906016-1-330x220.jpeg 330w, https:\/\/www.empikfoto.pl\/blog\/empikfoto\/2020\/09\/pexels-photo-906016-1-400x267.jpeg 400w\" sizes=\"auto, (max-width: 1024px) 100vw, 1024px\" \/><\/p>\n<h2><strong>8. Z architektur\u0105 w tle<\/strong><\/h2>\n<p>W ka\u017cdym mie\u015bcie s\u0105 poprzemys\u0142owe hale czy opuszczone kamienice. W tych klimatycznych miejscach nie potrzebujesz nawet dodatkowych efekt\u00f3w specjalnych ani filtr\u00f3w \u2013 zdj\u0119cia po prostu si\u0119 udaj\u0105 i to przy minimalnym wysi\u0142ku.<\/p>\n<p><img loading=\"lazy\" decoding=\"async\" class=\"aligncenter wp-image-10139 size-large\" src=\"https:\/\/blog.empikfoto.pl\/empikfoto\/2020\/09\/pexels-photo-4729524-1024x683.jpeg\" alt=\"\" width=\"1024\" height=\"683\" srcset=\"https:\/\/www.empikfoto.pl\/blog\/empikfoto\/2020\/09\/pexels-photo-4729524-1024x683.jpeg 1024w, https:\/\/www.empikfoto.pl\/blog\/empikfoto\/2020\/09\/pexels-photo-4729524-300x200.jpeg 300w, https:\/\/www.empikfoto.pl\/blog\/empikfoto\/2020\/09\/pexels-photo-4729524-768x512.jpeg 768w, https:\/\/www.empikfoto.pl\/blog\/empikfoto\/2020\/09\/pexels-photo-4729524-1536x1024.jpeg 1536w, https:\/\/www.empikfoto.pl\/blog\/empikfoto\/2020\/09\/pexels-photo-4729524-2048x1365.jpeg 2048w, https:\/\/www.empikfoto.pl\/blog\/empikfoto\/2020\/09\/pexels-photo-4729524-330x220.jpeg 330w, https:\/\/www.empikfoto.pl\/blog\/empikfoto\/2020\/09\/pexels-photo-4729524-400x267.jpeg 400w\" sizes=\"auto, (max-width: 1024px) 100vw, 1024px\" \/><\/p>\n<h2><strong>9. Studio w domu<\/strong><\/h2>\n<p>Latem, kiedy dni s\u0105 d\u0142u\u017csze mo\u017cesz po\u0107wiczy\u0107 praktyczne umiej\u0119tno\u015bci z zakresu fotografii. Zdj\u0119cia robione w domu, przy \u015bwietle naturalnym lub sztucznym pozwol\u0105 Ci stworzy\u0107 pierwsze portfolio prac, potrenowa\u0107 warsztat czy wreszcie po prostu dobrze si\u0119 bawi\u0107.<\/p>\n<p><img loading=\"lazy\" decoding=\"async\" class=\"aligncenter wp-image-10125 size-large\" src=\"https:\/\/blog.empikfoto.pl\/empikfoto\/2020\/09\/pexels-photo-3585037-1024x683.jpeg\" alt=\"\" width=\"1024\" height=\"683\" srcset=\"https:\/\/www.empikfoto.pl\/blog\/empikfoto\/2020\/09\/pexels-photo-3585037-1024x683.jpeg 1024w, https:\/\/www.empikfoto.pl\/blog\/empikfoto\/2020\/09\/pexels-photo-3585037-300x200.jpeg 300w, https:\/\/www.empikfoto.pl\/blog\/empikfoto\/2020\/09\/pexels-photo-3585037-768x512.jpeg 768w, https:\/\/www.empikfoto.pl\/blog\/empikfoto\/2020\/09\/pexels-photo-3585037-1536x1024.jpeg 1536w, https:\/\/www.empikfoto.pl\/blog\/empikfoto\/2020\/09\/pexels-photo-3585037-2048x1365.jpeg 2048w, https:\/\/www.empikfoto.pl\/blog\/empikfoto\/2020\/09\/pexels-photo-3585037-330x220.jpeg 330w, https:\/\/www.empikfoto.pl\/blog\/empikfoto\/2020\/09\/pexels-photo-3585037-400x267.jpeg 400w\" sizes=\"auto, (max-width: 1024px) 100vw, 1024px\" \/><\/p>\n<h2><strong>10. Fotografuj to samo miejsce ka\u017cdego dnia o tej samej porze<\/strong><\/h2>\n<p>I tak przez ca\u0142e wakacje\u2026 albo i d\u0142u\u017cej! Na ten pomys\u0142 wpad\u0142o ju\u017c wielu fotograf\u00f3w, ale raczej \u017caden z nich nie realizowa\u0142 sesji w okolicy Twojego domu. B\u0105d\u017a pierwszy \u2013 sp\u0119d\u017a fajnie czas i stw\u00f3rz wyj\u0105tkow\u0105 pami\u0105tk\u0119 z lata.<\/p>\n<p><img loading=\"lazy\" decoding=\"async\" class=\"aligncenter wp-image-10141 size-large\" src=\"https:\/\/blog.empikfoto.pl\/empikfoto\/2020\/09\/pexels-photo-827209-1024x683.jpeg\" alt=\"\" width=\"1024\" height=\"683\" srcset=\"https:\/\/www.empikfoto.pl\/blog\/empikfoto\/2020\/09\/pexels-photo-827209-1024x683.jpeg 1024w, https:\/\/www.empikfoto.pl\/blog\/empikfoto\/2020\/09\/pexels-photo-827209-300x200.jpeg 300w, https:\/\/www.empikfoto.pl\/blog\/empikfoto\/2020\/09\/pexels-photo-827209-768x512.jpeg 768w, https:\/\/www.empikfoto.pl\/blog\/empikfoto\/2020\/09\/pexels-photo-827209-1536x1024.jpeg 1536w, https:\/\/www.empikfoto.pl\/blog\/empikfoto\/2020\/09\/pexels-photo-827209-2048x1365.jpeg 2048w, https:\/\/www.empikfoto.pl\/blog\/empikfoto\/2020\/09\/pexels-photo-827209-330x220.jpeg 330w, https:\/\/www.empikfoto.pl\/blog\/empikfoto\/2020\/09\/pexels-photo-827209-400x267.jpeg 400w\" sizes=\"auto, (max-width: 1024px) 100vw, 1024px\" \/><\/p>\n<p>Zdj\u0119cia z wakacji mog\u0105 by\u0107 pi\u0119kne, bez wzgl\u0119du na to, gdzie zosta\u0142y wykonane. Liczy si\u0119 technika, pomys\u0142, a przede wszystkim pozytywna energia. Wspomnienia z tego beztroskiego, letniego czasu zostan\u0105 z Tob\u0105 na wiele lat! Skorzystaj z naszych wrze\u015bniowych odbitkowych promocji w Empik Foto i ciesz si\u0119 swoimi wspomnieniami. Wywo\u0142aj <a href=\"https:\/\/www.empikfoto.pl\/odbitki\"><strong>odbitki<\/strong> <\/a>w Empik Foto!<\/p>\n<p><img loading=\"lazy\" decoding=\"async\" class=\"aligncenter wp-image-10130 size-large\" src=\"https:\/\/blog.empikfoto.pl\/empikfoto\/2020\/09\/pexels-photo-1264210-1024x683.jpeg\" alt=\"\" width=\"1024\" height=\"683\" srcset=\"https:\/\/www.empikfoto.pl\/blog\/empikfoto\/2020\/09\/pexels-photo-1264210-1024x683.jpeg 1024w, https:\/\/www.empikfoto.pl\/blog\/empikfoto\/2020\/09\/pexels-photo-1264210-300x200.jpeg 300w, https:\/\/www.empikfoto.pl\/blog\/empikfoto\/2020\/09\/pexels-photo-1264210-768x512.jpeg 768w, https:\/\/www.empikfoto.pl\/blog\/empikfoto\/2020\/09\/pexels-photo-1264210-1536x1024.jpeg 1536w, https:\/\/www.empikfoto.pl\/blog\/empikfoto\/2020\/09\/pexels-photo-1264210-2048x1365.jpeg 2048w, https:\/\/www.empikfoto.pl\/blog\/empikfoto\/2020\/09\/pexels-photo-1264210-330x220.jpeg 330w, https:\/\/www.empikfoto.pl\/blog\/empikfoto\/2020\/09\/pexels-photo-1264210-400x267.jpeg 400w\" sizes=\"auto, (max-width: 1024px) 100vw, 1024px\" \/><\/p>\n","protected":false},"excerpt":{"rendered":"<p>Nie pozw\u00f3l, by brak planu na wakacyjny wyjazd przeszkodzi\u0142 Ci w sp\u0119dzeniu gor\u0105cych, letnich dni w wyj\u0105tkowy spos\u00f3b! Wykorzystaj potencja\u0142, jaki skrywa zamieszkiwana przez Ciebie okolica, a nawet Tw\u00f3j w\u0142asny dom. Skorzystaj z naszych sposob\u00f3w, aby zrobi\u0107 niebanalne zdj\u0119cia i doskonale si\u0119 bawi\u0107, gdziekolwiek sp\u0119dzasz sw\u00f3j wakacyjny czas. 10 pomys\u0142\u00f3w na zdj\u0119cia z wakacji!<\/p>\n","protected":false},"author":16,"featured_media":7742,"comment_status":"closed","ping_status":"closed","sticky":true,"template":"","format":"standard","meta":{"footnotes":""},"categories":[786],"tags":[1109,1113],"class_list":["post-10123","post","type-post","status-publish","format-standard","has-post-thumbnail","hentry","category-inspiracje","tag-wakacje","tag-zdjecia-z-wakacji"],"yoast_head":"<!-- This site is optimized with the Yoast SEO plugin v27.5 - https:\/\/yoast.com\/product\/yoast-seo-wordpress\/ -->\n<title>10 pomys\u0142\u00f3w na zdj\u0119cia z wakacji | Empik Foto<\/title>\n<meta name=\"description\" content=\"10 pomys\u0142\u00f3w na zdj\u0119cia z wakacji. Zainspiruj si\u0119 naszymi propozycjami i uwiecznij magiczne chwile podr\u00f3\u017cy. Sprawd\u017a teraz!\" \/>\n<meta name=\"robots\" content=\"index, follow, max-snippet:-1, max-image-preview:large, max-video-preview:-1\" \/>\n<link rel=\"canonical\" href=\"https:\/\/www.empikfoto.pl\/blog\/10-pomyslow-na-zdjecia-z-wakacji\/\" \/>\n<meta property=\"og:locale\" content=\"pl_PL\" \/>\n<meta property=\"og:type\" content=\"article\" \/>\n<meta property=\"og:title\" content=\"10 pomys\u0142\u00f3w na zdj\u0119cia z wakacji | Empik Foto\" \/>\n<meta property=\"og:description\" content=\"10 pomys\u0142\u00f3w na zdj\u0119cia z wakacji. Zainspiruj si\u0119 naszymi propozycjami i uwiecznij magiczne chwile podr\u00f3\u017cy. Sprawd\u017a teraz!\" \/>\n<meta property=\"og:url\" content=\"https:\/\/www.empikfoto.pl\/blog\/10-pomyslow-na-zdjecia-z-wakacji\/\" \/>\n<meta property=\"og:site_name\" content=\"blog.empikfoto.pl\" \/>\n<meta property=\"article:publisher\" content=\"https:\/\/www.facebook.com\/empikfotopl\/\" \/>\n<meta property=\"article:published_time\" content=\"2022-06-08T10:36:38+00:00\" \/>\n<meta property=\"article:modified_time\" content=\"2023-12-21T09:43:30+00:00\" \/>\n<meta property=\"og:image\" content=\"https:\/\/www.empikfoto.pl\/blog\/empikfoto\/2017\/08\/Empikfoto_Fotowakacje_w_miescie_02.jpg\" \/>\n\t<meta property=\"og:image:width\" content=\"1200\" \/>\n\t<meta property=\"og:image:height\" content=\"800\" \/>\n\t<meta property=\"og:image:type\" content=\"image\/jpeg\" \/>\n<meta name=\"author\" content=\"Patrycja\" \/>\n<meta name=\"twitter:card\" content=\"summary_large_image\" \/>\n<meta name=\"twitter:creator\" content=\"@empikfoto\" \/>\n<meta name=\"twitter:site\" content=\"@empikfoto\" \/>\n<meta name=\"twitter:label1\" content=\"Napisane przez\" \/>\n\t<meta name=\"twitter:data1\" content=\"Patrycja\" \/>\n\t<meta name=\"twitter:label2\" content=\"Szacowany czas czytania\" \/>\n\t<meta name=\"twitter:data2\" content=\"7 minut\" \/>\n<script type=\"application\/ld+json\" class=\"yoast-schema-graph\">{\"@context\":\"https:\\\/\\\/schema.org\",\"@graph\":[{\"@type\":\"Article\",\"@id\":\"https:\\\/\\\/www.empikfoto.pl\\\/blog\\\/10-pomyslow-na-zdjecia-z-wakacji\\\/#article\",\"isPartOf\":{\"@id\":\"https:\\\/\\\/www.empikfoto.pl\\\/blog\\\/10-pomyslow-na-zdjecia-z-wakacji\\\/\"},\"author\":{\"name\":\"Patrycja\",\"@id\":\"https:\\\/\\\/www.empikfoto.pl\\\/blog\\\/#\\\/schema\\\/person\\\/0313802ca5dac502e3266853c59632c0\"},\"headline\":\"10 pomys\u0142\u00f3w na zdj\u0119cia z wakacji\",\"datePublished\":\"2022-06-08T10:36:38+00:00\",\"dateModified\":\"2023-12-21T09:43:30+00:00\",\"mainEntityOfPage\":{\"@id\":\"https:\\\/\\\/www.empikfoto.pl\\\/blog\\\/10-pomyslow-na-zdjecia-z-wakacji\\\/\"},\"wordCount\":806,\"image\":{\"@id\":\"https:\\\/\\\/www.empikfoto.pl\\\/blog\\\/10-pomyslow-na-zdjecia-z-wakacji\\\/#primaryimage\"},\"thumbnailUrl\":\"https:\\\/\\\/www.empikfoto.pl\\\/blog\\\/empikfoto\\\/2017\\\/08\\\/Empikfoto_Fotowakacje_w_miescie_02.jpg\",\"keywords\":[\"wakacje\",\"zdj\u0119cia z wakacji\"],\"articleSection\":[\"INSPIRACJE\"],\"inLanguage\":\"pl-PL\"},{\"@type\":\"WebPage\",\"@id\":\"https:\\\/\\\/www.empikfoto.pl\\\/blog\\\/10-pomyslow-na-zdjecia-z-wakacji\\\/\",\"url\":\"https:\\\/\\\/www.empikfoto.pl\\\/blog\\\/10-pomyslow-na-zdjecia-z-wakacji\\\/\",\"name\":\"10 pomys\u0142\u00f3w na zdj\u0119cia z wakacji | Empik Foto\",\"isPartOf\":{\"@id\":\"https:\\\/\\\/www.empikfoto.pl\\\/blog\\\/#website\"},\"primaryImageOfPage\":{\"@id\":\"https:\\\/\\\/www.empikfoto.pl\\\/blog\\\/10-pomyslow-na-zdjecia-z-wakacji\\\/#primaryimage\"},\"image\":{\"@id\":\"https:\\\/\\\/www.empikfoto.pl\\\/blog\\\/10-pomyslow-na-zdjecia-z-wakacji\\\/#primaryimage\"},\"thumbnailUrl\":\"https:\\\/\\\/www.empikfoto.pl\\\/blog\\\/empikfoto\\\/2017\\\/08\\\/Empikfoto_Fotowakacje_w_miescie_02.jpg\",\"datePublished\":\"2022-06-08T10:36:38+00:00\",\"dateModified\":\"2023-12-21T09:43:30+00:00\",\"author\":{\"@id\":\"https:\\\/\\\/www.empikfoto.pl\\\/blog\\\/#\\\/schema\\\/person\\\/0313802ca5dac502e3266853c59632c0\"},\"description\":\"10 pomys\u0142\u00f3w na zdj\u0119cia z wakacji. Zainspiruj si\u0119 naszymi propozycjami i uwiecznij magiczne chwile podr\u00f3\u017cy. Sprawd\u017a teraz!\",\"breadcrumb\":{\"@id\":\"https:\\\/\\\/www.empikfoto.pl\\\/blog\\\/10-pomyslow-na-zdjecia-z-wakacji\\\/#breadcrumb\"},\"inLanguage\":\"pl-PL\",\"potentialAction\":[{\"@type\":\"ReadAction\",\"target\":[\"https:\\\/\\\/www.empikfoto.pl\\\/blog\\\/10-pomyslow-na-zdjecia-z-wakacji\\\/\"]}]},{\"@type\":\"ImageObject\",\"inLanguage\":\"pl-PL\",\"@id\":\"https:\\\/\\\/www.empikfoto.pl\\\/blog\\\/10-pomyslow-na-zdjecia-z-wakacji\\\/#primaryimage\",\"url\":\"https:\\\/\\\/www.empikfoto.pl\\\/blog\\\/empikfoto\\\/2017\\\/08\\\/Empikfoto_Fotowakacje_w_miescie_02.jpg\",\"contentUrl\":\"https:\\\/\\\/www.empikfoto.pl\\\/blog\\\/empikfoto\\\/2017\\\/08\\\/Empikfoto_Fotowakacje_w_miescie_02.jpg\",\"width\":1200,\"height\":800,\"caption\":\"wywolywanie-zdjec\"},{\"@type\":\"BreadcrumbList\",\"@id\":\"https:\\\/\\\/www.empikfoto.pl\\\/blog\\\/10-pomyslow-na-zdjecia-z-wakacji\\\/#breadcrumb\",\"itemListElement\":[{\"@type\":\"ListItem\",\"position\":1,\"name\":\"Strona g\u0142\u00f3wna\",\"item\":\"https:\\\/\\\/www.empikfoto.pl\\\/blog\\\/\"},{\"@type\":\"ListItem\",\"position\":2,\"name\":\"10 pomys\u0142\u00f3w na zdj\u0119cia z wakacji\"}]},{\"@type\":\"WebSite\",\"@id\":\"https:\\\/\\\/www.empikfoto.pl\\\/blog\\\/#website\",\"url\":\"https:\\\/\\\/www.empikfoto.pl\\\/blog\\\/\",\"name\":\"blog.empikfoto.pl\",\"description\":\"Poznaj empikfoto.pl od \u015brodka! Dowiedz si\u0119 wi\u0119cej o odbitkach, fotoksi\u0105\u017ckach i fotografii.\",\"potentialAction\":[{\"@type\":\"SearchAction\",\"target\":{\"@type\":\"EntryPoint\",\"urlTemplate\":\"https:\\\/\\\/www.empikfoto.pl\\\/blog\\\/?s={search_term_string}\"},\"query-input\":{\"@type\":\"PropertyValueSpecification\",\"valueRequired\":true,\"valueName\":\"search_term_string\"}}],\"inLanguage\":\"pl-PL\"},{\"@type\":\"Person\",\"@id\":\"https:\\\/\\\/www.empikfoto.pl\\\/blog\\\/#\\\/schema\\\/person\\\/0313802ca5dac502e3266853c59632c0\",\"name\":\"Patrycja\",\"image\":{\"@type\":\"ImageObject\",\"inLanguage\":\"pl-PL\",\"@id\":\"https:\\\/\\\/secure.gravatar.com\\\/avatar\\\/f25168e12215ad42f58e5fb72881daaeb57bd4f907081046016f64bf167db59f?s=96&d=identicon&r=g\",\"url\":\"https:\\\/\\\/secure.gravatar.com\\\/avatar\\\/f25168e12215ad42f58e5fb72881daaeb57bd4f907081046016f64bf167db59f?s=96&d=identicon&r=g\",\"contentUrl\":\"https:\\\/\\\/secure.gravatar.com\\\/avatar\\\/f25168e12215ad42f58e5fb72881daaeb57bd4f907081046016f64bf167db59f?s=96&d=identicon&r=g\",\"caption\":\"Patrycja\"},\"url\":\"https:\\\/\\\/www.empikfoto.pl\\\/blog\\\/author\\\/patrycja\\\/\"}]}<\/script>\n<!-- \/ Yoast SEO plugin. -->","yoast_head_json":{"title":"10 pomys\u0142\u00f3w na zdj\u0119cia z wakacji | Empik Foto","description":"10 pomys\u0142\u00f3w na zdj\u0119cia z wakacji. Zainspiruj si\u0119 naszymi propozycjami i uwiecznij magiczne chwile podr\u00f3\u017cy. Sprawd\u017a teraz!","robots":{"index":"index","follow":"follow","max-snippet":"max-snippet:-1","max-image-preview":"max-image-preview:large","max-video-preview":"max-video-preview:-1"},"canonical":"https:\/\/www.empikfoto.pl\/blog\/10-pomyslow-na-zdjecia-z-wakacji\/","og_locale":"pl_PL","og_type":"article","og_title":"10 pomys\u0142\u00f3w na zdj\u0119cia z wakacji | Empik Foto","og_description":"10 pomys\u0142\u00f3w na zdj\u0119cia z wakacji. Zainspiruj si\u0119 naszymi propozycjami i uwiecznij magiczne chwile podr\u00f3\u017cy. Sprawd\u017a teraz!","og_url":"https:\/\/www.empikfoto.pl\/blog\/10-pomyslow-na-zdjecia-z-wakacji\/","og_site_name":"blog.empikfoto.pl","article_publisher":"https:\/\/www.facebook.com\/empikfotopl\/","article_published_time":"2022-06-08T10:36:38+00:00","article_modified_time":"2023-12-21T09:43:30+00:00","og_image":[{"width":1200,"height":800,"url":"https:\/\/www.empikfoto.pl\/blog\/empikfoto\/2017\/08\/Empikfoto_Fotowakacje_w_miescie_02.jpg","type":"image\/jpeg"}],"author":"Patrycja","twitter_card":"summary_large_image","twitter_creator":"@empikfoto","twitter_site":"@empikfoto","twitter_misc":{"Napisane przez":"Patrycja","Szacowany czas czytania":"7 minut"},"schema":{"@context":"https:\/\/schema.org","@graph":[{"@type":"Article","@id":"https:\/\/www.empikfoto.pl\/blog\/10-pomyslow-na-zdjecia-z-wakacji\/#article","isPartOf":{"@id":"https:\/\/www.empikfoto.pl\/blog\/10-pomyslow-na-zdjecia-z-wakacji\/"},"author":{"name":"Patrycja","@id":"https:\/\/www.empikfoto.pl\/blog\/#\/schema\/person\/0313802ca5dac502e3266853c59632c0"},"headline":"10 pomys\u0142\u00f3w na zdj\u0119cia z wakacji","datePublished":"2022-06-08T10:36:38+00:00","dateModified":"2023-12-21T09:43:30+00:00","mainEntityOfPage":{"@id":"https:\/\/www.empikfoto.pl\/blog\/10-pomyslow-na-zdjecia-z-wakacji\/"},"wordCount":806,"image":{"@id":"https:\/\/www.empikfoto.pl\/blog\/10-pomyslow-na-zdjecia-z-wakacji\/#primaryimage"},"thumbnailUrl":"https:\/\/www.empikfoto.pl\/blog\/empikfoto\/2017\/08\/Empikfoto_Fotowakacje_w_miescie_02.jpg","keywords":["wakacje","zdj\u0119cia z wakacji"],"articleSection":["INSPIRACJE"],"inLanguage":"pl-PL"},{"@type":"WebPage","@id":"https:\/\/www.empikfoto.pl\/blog\/10-pomyslow-na-zdjecia-z-wakacji\/","url":"https:\/\/www.empikfoto.pl\/blog\/10-pomyslow-na-zdjecia-z-wakacji\/","name":"10 pomys\u0142\u00f3w na zdj\u0119cia z wakacji | Empik Foto","isPartOf":{"@id":"https:\/\/www.empikfoto.pl\/blog\/#website"},"primaryImageOfPage":{"@id":"https:\/\/www.empikfoto.pl\/blog\/10-pomyslow-na-zdjecia-z-wakacji\/#primaryimage"},"image":{"@id":"https:\/\/www.empikfoto.pl\/blog\/10-pomyslow-na-zdjecia-z-wakacji\/#primaryimage"},"thumbnailUrl":"https:\/\/www.empikfoto.pl\/blog\/empikfoto\/2017\/08\/Empikfoto_Fotowakacje_w_miescie_02.jpg","datePublished":"2022-06-08T10:36:38+00:00","dateModified":"2023-12-21T09:43:30+00:00","author":{"@id":"https:\/\/www.empikfoto.pl\/blog\/#\/schema\/person\/0313802ca5dac502e3266853c59632c0"},"description":"10 pomys\u0142\u00f3w na zdj\u0119cia z wakacji. Zainspiruj si\u0119 naszymi propozycjami i uwiecznij magiczne chwile podr\u00f3\u017cy. Sprawd\u017a teraz!","breadcrumb":{"@id":"https:\/\/www.empikfoto.pl\/blog\/10-pomyslow-na-zdjecia-z-wakacji\/#breadcrumb"},"inLanguage":"pl-PL","potentialAction":[{"@type":"ReadAction","target":["https:\/\/www.empikfoto.pl\/blog\/10-pomyslow-na-zdjecia-z-wakacji\/"]}]},{"@type":"ImageObject","inLanguage":"pl-PL","@id":"https:\/\/www.empikfoto.pl\/blog\/10-pomyslow-na-zdjecia-z-wakacji\/#primaryimage","url":"https:\/\/www.empikfoto.pl\/blog\/empikfoto\/2017\/08\/Empikfoto_Fotowakacje_w_miescie_02.jpg","contentUrl":"https:\/\/www.empikfoto.pl\/blog\/empikfoto\/2017\/08\/Empikfoto_Fotowakacje_w_miescie_02.jpg","width":1200,"height":800,"caption":"wywolywanie-zdjec"},{"@type":"BreadcrumbList","@id":"https:\/\/www.empikfoto.pl\/blog\/10-pomyslow-na-zdjecia-z-wakacji\/#breadcrumb","itemListElement":[{"@type":"ListItem","position":1,"name":"Strona g\u0142\u00f3wna","item":"https:\/\/www.empikfoto.pl\/blog\/"},{"@type":"ListItem","position":2,"name":"10 pomys\u0142\u00f3w na zdj\u0119cia z wakacji"}]},{"@type":"WebSite","@id":"https:\/\/www.empikfoto.pl\/blog\/#website","url":"https:\/\/www.empikfoto.pl\/blog\/","name":"blog.empikfoto.pl","description":"Poznaj empikfoto.pl od \u015brodka! Dowiedz si\u0119 wi\u0119cej o odbitkach, fotoksi\u0105\u017ckach i fotografii.","potentialAction":[{"@type":"SearchAction","target":{"@type":"EntryPoint","urlTemplate":"https:\/\/www.empikfoto.pl\/blog\/?s={search_term_string}"},"query-input":{"@type":"PropertyValueSpecification","valueRequired":true,"valueName":"search_term_string"}}],"inLanguage":"pl-PL"},{"@type":"Person","@id":"https:\/\/www.empikfoto.pl\/blog\/#\/schema\/person\/0313802ca5dac502e3266853c59632c0","name":"Patrycja","image":{"@type":"ImageObject","inLanguage":"pl-PL","@id":"https:\/\/secure.gravatar.com\/avatar\/f25168e12215ad42f58e5fb72881daaeb57bd4f907081046016f64bf167db59f?s=96&d=identicon&r=g","url":"https:\/\/secure.gravatar.com\/avatar\/f25168e12215ad42f58e5fb72881daaeb57bd4f907081046016f64bf167db59f?s=96&d=identicon&r=g","contentUrl":"https:\/\/secure.gravatar.com\/avatar\/f25168e12215ad42f58e5fb72881daaeb57bd4f907081046016f64bf167db59f?s=96&d=identicon&r=g","caption":"Patrycja"},"url":"https:\/\/www.empikfoto.pl\/blog\/author\/patrycja\/"}]}},"amp_enabled":true,"_links":{"self":[{"href":"https:\/\/www.empikfoto.pl\/blog\/wp-json\/wp\/v2\/posts\/10123","targetHints":{"allow":["GET"]}}],"collection":[{"href":"https:\/\/www.empikfoto.pl\/blog\/wp-json\/wp\/v2\/posts"}],"about":[{"href":"https:\/\/www.empikfoto.pl\/blog\/wp-json\/wp\/v2\/types\/post"}],"author":[{"embeddable":true,"href":"https:\/\/www.empikfoto.pl\/blog\/wp-json\/wp\/v2\/users\/16"}],"replies":[{"embeddable":true,"href":"https:\/\/www.empikfoto.pl\/blog\/wp-json\/wp\/v2\/comments?post=10123"}],"version-history":[{"count":8,"href":"https:\/\/www.empikfoto.pl\/blog\/wp-json\/wp\/v2\/posts\/10123\/revisions"}],"predecessor-version":[{"id":12730,"href":"https:\/\/www.empikfoto.pl\/blog\/wp-json\/wp\/v2\/posts\/10123\/revisions\/12730"}],"wp:featuredmedia":[{"embeddable":true,"href":"https:\/\/www.empikfoto.pl\/blog\/wp-json\/wp\/v2\/media\/7742"}],"wp:attachment":[{"href":"https:\/\/www.empikfoto.pl\/blog\/wp-json\/wp\/v2\/media?parent=10123"}],"wp:term":[{"taxonomy":"category","embeddable":true,"href":"https:\/\/www.empikfoto.pl\/blog\/wp-json\/wp\/v2\/categories?post=10123"},{"taxonomy":"post_tag","embeddable":true,"href":"https:\/\/www.empikfoto.pl\/blog\/wp-json\/wp\/v2\/tags?post=10123"}],"curies":[{"name":"wp","href":"https:\/\/api.w.org\/{rel}","templated":true}]}}