{"id":10185,"date":"2020-02-20T11:10:50","date_gmt":"2020-02-20T10:10:50","guid":{"rendered":"https:\/\/blog.empikfoto.pl\/?p=10185"},"modified":"2023-11-29T10:37:22","modified_gmt":"2023-11-29T09:37:22","slug":"kubek-magiczny-prezent-nie-tylko-dla-dziecka","status":"publish","type":"post","link":"https:\/\/www.empikfoto.pl\/blog\/kubek-magiczny-prezent-nie-tylko-dla-dziecka\/","title":{"rendered":"Kubek magiczny \u2013 prezent nie tylko dla dziecka"},"content":{"rendered":"<p>Wiele jeste\u015bmy w stanie zrobi\u0107, by znale\u017a\u0107 ciekawy gad\u017cet na prezent dla najbli\u017cszych lub co\u015b, co by\u0142oby fantastyczn\u0105 form\u0105 reklamy dla tej niewielkiej firmy, kt\u00f3ra nie potrzebuje setek i tysi\u0119cy sztuk artyku\u0142\u00f3w reklamowych. I cho\u0107 z pewno\u015bci\u0105 jest wiele przedmiot\u00f3w spe\u0142niaj\u0105cych te kryteria, to jedn\u0105 z najciekawszych propozycji w tym zakresie s\u0105 <strong>kubki zmieniaj\u0105ce kolor<\/strong>. Sprawd\u017a, dlaczego warto podarowa\u0107 taki <a href=\"https:\/\/www.empikfoto.pl\/kubki\"><strong>kubek<\/strong> <\/a>dziecku, osobie doros\u0142ej lub klientowi, na kt\u00f3rym nam bardzo zale\u017cy.<!--more--><\/p>\n<p>Spytacie, co takiego ma w sobie magiczny kubek, kt\u00f3ry wygl\u0105da tak jak ka\u017cdy inny i tak jak z ka\u017cdego innego mo\u017cna napi\u0107 si\u0119 z niego kawy lub herbaty. No i co z t\u0105 magi\u0105? Tak, to prawda. Magiczne kubki z pozoru niczym nie r\u00f3\u017cni\u0105 si\u0119 od tych, z kt\u00f3rych korzystamy przez ca\u0142e \u017cycie. A jednak jest co\u015b, co czyni je rzeczywi\u015bcie magicznymi. Magia pojawi\u0142a si\u0119 wtedy, gdy pewien sprytny cz\u0142owiek zastosowa\u0142 <strong>specyficzn\u0105 pow\u0142ok\u0119 na powierzchni kubka, kt\u00f3ra reaguje na wysok\u0105 temperatur\u0119<\/strong>. Gdy do takiego kubka naleje si\u0119 gor\u0105cego p\u0142ynu, oczom ukazuje si\u0119 <strong>zdj\u0119cie ukryte na jego powierzchni<\/strong>.<\/p>\n<!--[if lt IE 9]><script>document.createElement('video');<\/script><![endif]-->\n\t<div class=\"wp-playlist wp-video-playlist wp-playlist-light\">\n\t\t<video controls=\"controls\" preload=\"none\" width=\"1028\"\n\t\t height=\"578\"\t><\/video>\n\t<div class=\"wp-playlist-next\"><\/div>\n\t<div class=\"wp-playlist-prev\"><\/div>\n\t<noscript>\n\t<ol>\n\t\t<li><a href='https:\/\/www.empikfoto.pl\/blog\/empikfoto\/2020\/02\/05_KUBEK_MAGICZNY_1920X1080-1.mp4'>kubek magiczny<\/a><\/li>\t<\/ol>\n\t<\/noscript>\n\t<script type=\"application\/json\" class=\"wp-playlist-script\">{\"type\":\"video\",\"tracklist\":false,\"tracknumbers\":true,\"images\":true,\"artists\":true,\"tracks\":[{\"src\":\"https:\\\/\\\/www.empikfoto.pl\\\/blog\\\/empikfoto\\\/2020\\\/02\\\/05_KUBEK_MAGICZNY_1920X1080-1.mp4\",\"type\":\"video\\\/mp4\",\"title\":\"kubek magiczny\",\"caption\":\"\",\"description\":\"\",\"meta\":{\"length_formatted\":\"0:06\"},\"dimensions\":{\"original\":{\"width\":1920,\"height\":1080},\"resized\":{\"width\":1028,\"height\":578}},\"image\":{\"src\":\"https:\\\/\\\/www.empikfoto.pl\\\/blog\\\/wp-includes\\\/images\\\/media\\\/video.svg\",\"width\":48,\"height\":64},\"thumb\":{\"src\":\"https:\\\/\\\/www.empikfoto.pl\\\/blog\\\/wp-includes\\\/images\\\/media\\\/video.svg\",\"width\":48,\"height\":64}}]}<\/script>\n<\/div>\n\t\n<p>Zapewne zapytacie, jak to mo\u017cliwe, bo przecie\u017c \u2013 jak to niekt\u00f3rzy twierdz\u0105 \u2013 ostatnie cuda mia\u0142y miejsce ponad 2000 lat temu. Ot\u00f3\u017c na kubku umieszcza si\u0119 zdj\u0119cie, napis czy grafik\u0119, a nast\u0119pnie ca\u0142a powierzchnia kubka zostaje pokryta specjaln\u0105 czarn\u0105 pow\u0142ok\u0105, kt\u00f3ra po prostu staje si\u0119 przezroczysta pod wp\u0142ywem wysokiej temperatury. Efekty s\u0105 naprawd\u0119 niezwyk\u0142e i potrafi\u0105 zafascynowa\u0107 i dzieci, i doros\u0142ych.<\/p>\n<h2>Magiczny kubek dla dziecka<\/h2>\n<p>Teraz, gdy wiecie ju\u017c jak to dzia\u0142a, wystarczy pomy\u015ble\u0107, jak sprawi\u0107 rado\u015b\u0107 maluszkowi. Z pewno\u015bci\u0105 potraficie wskaza\u0107 bajki i postaci, kt\u00f3re dziecko uwielbia. Stw\u00f3rzcie grafik\u0119 i powierzcie j\u0105 nam albo <strong>wybierzcie co\u015b z gotowych szablon\u00f3w<\/strong>, kt\u00f3re s\u0105 w naszej ofercie, a my przygotujemy <a href=\"https:\/\/www.empikfoto.pl\/kubki-magiczne\"><strong>magiczny kubek dla maluszka<\/strong><\/a>. Dzieci z pewno\u015bci\u0105 uciesz\u0105 si\u0119 tak\u017ce, gdy pod wp\u0142ywem temperatury, na kubku uka\u017ce si\u0119 zdj\u0119cie mamy, taty lub ukochanego psa. Tak, to te\u017c jest mo\u017cliwe, bowiem na kubkach bez problemu nadrukujemy ka\u017cde zdj\u0119cie.<\/p>\n<p><img loading=\"lazy\" decoding=\"async\" class=\"aligncenter size-large wp-image-13317\" src=\"https:\/\/www.empikfoto.pl\/blog\/empikfoto\/2020\/02\/pretty-young-woman-with-little-beautiful-daughter-dressed-warm-sweaters-street-1024x683.jpg\" alt=\"kubek magiczny\" width=\"1024\" height=\"683\" srcset=\"https:\/\/www.empikfoto.pl\/blog\/empikfoto\/2020\/02\/pretty-young-woman-with-little-beautiful-daughter-dressed-warm-sweaters-street-1024x683.jpg 1024w, https:\/\/www.empikfoto.pl\/blog\/empikfoto\/2020\/02\/pretty-young-woman-with-little-beautiful-daughter-dressed-warm-sweaters-street-300x200.jpg 300w, https:\/\/www.empikfoto.pl\/blog\/empikfoto\/2020\/02\/pretty-young-woman-with-little-beautiful-daughter-dressed-warm-sweaters-street-768x512.jpg 768w, https:\/\/www.empikfoto.pl\/blog\/empikfoto\/2020\/02\/pretty-young-woman-with-little-beautiful-daughter-dressed-warm-sweaters-street-330x220.jpg 330w, https:\/\/www.empikfoto.pl\/blog\/empikfoto\/2020\/02\/pretty-young-woman-with-little-beautiful-daughter-dressed-warm-sweaters-street-400x267.jpg 400w, https:\/\/www.empikfoto.pl\/blog\/empikfoto\/2020\/02\/pretty-young-woman-with-little-beautiful-daughter-dressed-warm-sweaters-street.jpg 1500w\" sizes=\"auto, (max-width: 1024px) 100vw, 1024px\" \/><\/p>\n<p>Kubki magiczne dla dzieci maj\u0105 jeszcze inne walory. <strong>To z nich maluchy ch\u0119tnie pij\u0105 nawet to, czego nie lubi\u0105.<\/strong> Znane s\u0105 przypadki, gdy nielubiane kakao staje si\u0119 ulubionym wieczornym napojem. W\u0142a\u015bnie dlatego, \u017ce na kubku pojawia si\u0119 na przyk\u0142ad zdj\u0119cie maluszka z ukochanym domowym czworonogiem.<\/p>\n<h2>Magiczny kubek dla doros\u0142ego<\/h2>\n<p>I cho\u0107 w ka\u017cdym doros\u0142ym cz\u0142owieku pozostaje odrobina dziecka, to tu ju\u017c trudno oczekiwa\u0107, \u017ce magiczny kubek sk\u0142oni go do wypicia czego\u015b, czego nie lubi. Jednak doro\u015bli uwielbiaj\u0105 drobiazgi o zabarwieniu sentymentalnym, lubi\u0105 <strong>humorystyczne gad\u017cety<\/strong> albo takie, kt\u00f3re potrafi\u0105 podkre\u015bli\u0107 ich osobowo\u015b\u0107.<\/p>\n<p>Zatem <a href=\"https:\/\/www.empikfoto.pl\/kubki-magiczne\"><strong>magiczny kubek<\/strong><\/a> dla m\u0142odych ludzi to ten z wyeksponowanymi ideami i zasadami, kt\u00f3rym ho\u0142duj\u0105 w \u017cyciu codziennym. Ci nieco starsi ch\u0119tnie trzymaj\u0105 w r\u0119kach kubki z wizerunkami najbli\u017cszych. Dziadkowie uwielbiaj\u0105 przygl\u0105da\u0107 si\u0119 magicznym kubkom, gdy na ich powierzchni z wolna pojawiaj\u0105 si\u0119 zdj\u0119cia ukochanych wnuk\u00f3w.<\/p>\n<p><img loading=\"lazy\" decoding=\"async\" class=\"aligncenter size-large wp-image-13320\" src=\"https:\/\/www.empikfoto.pl\/blog\/empikfoto\/2020\/02\/portrait-mother-daughter-holding-mug-1024x683.jpg\" alt=\"kubek magiczny\" width=\"1024\" height=\"683\" srcset=\"https:\/\/www.empikfoto.pl\/blog\/empikfoto\/2020\/02\/portrait-mother-daughter-holding-mug-1024x683.jpg 1024w, https:\/\/www.empikfoto.pl\/blog\/empikfoto\/2020\/02\/portrait-mother-daughter-holding-mug-300x200.jpg 300w, https:\/\/www.empikfoto.pl\/blog\/empikfoto\/2020\/02\/portrait-mother-daughter-holding-mug-768x513.jpg 768w, https:\/\/www.empikfoto.pl\/blog\/empikfoto\/2020\/02\/portrait-mother-daughter-holding-mug-330x220.jpg 330w, https:\/\/www.empikfoto.pl\/blog\/empikfoto\/2020\/02\/portrait-mother-daughter-holding-mug-400x267.jpg 400w, https:\/\/www.empikfoto.pl\/blog\/empikfoto\/2020\/02\/portrait-mother-daughter-holding-mug.jpg 1500w\" sizes=\"auto, (max-width: 1024px) 100vw, 1024px\" \/><\/p>\n<p>Z kolei kubki prezentuj\u0105ce grafik\u0119, zdj\u0119cia lub napisy o zabarwieniu humorystycznym <strong>uwielbiane s\u0105 przez ka\u017cdego<\/strong>. Mo\u017cesz dostarczy\u0107 nam tak\u0105 grafik\u0119 przygotowan\u0105 we w\u0142asnym zakresie albo wybra\u0107 co\u015b z naszego katalogu, a my przygotujemy fantastyczny kubek, kt\u00f3ry b\u0119dzie idealnym prezentem.<\/p>\n<h2>Kubek magiczny jako reklama firmy<\/h2>\n<p>Ka\u017cdy, kto prowadzi nawet najmniejsz\u0105 dzia\u0142alno\u015b\u0107 gospodarcz\u0105, doskonale zdaje sobie spraw\u0119, jak <strong>wielk\u0105 moc sprawcz\u0105 ma reklama<\/strong>. Male\u0144kie firmy maj\u0105 jednak zwykle bardzo niewielkie mo\u017cliwo\u015bci w tym zakresie, bo nie potrzebuj\u0105 zamawia\u0107 tysi\u0119cy gad\u017cet\u00f3w reklamowych. Tu wi\u0119c doskona\u0142ym rozwi\u0105zaniem s\u0105 w\u0142a\u015bnie magiczne kubki, kt\u00f3re b\u0119d\u0105 mogli <strong>wr\u0119czy\u0107 swoim dobrym klientom i firmom wsp\u00f3\u0142pracuj\u0105cym<\/strong>. Wystarczy przygotowa\u0107 ciekaw\u0105 grafik\u0119 z logo firmy i zleci\u0107 wykonanie magicznych kubk\u00f3w w\u0142a\u015bnie nam. To doskona\u0142a reklama, kt\u00f3ra mo\u017ce zwr\u00f3ci\u0107 si\u0119 wielokrotnie.<\/p>\n","protected":false},"excerpt":{"rendered":"<p>Wiele jeste\u015bmy w stanie zrobi\u0107, by znale\u017a\u0107 ciekawy gad\u017cet na prezent dla najbli\u017cszych lub co\u015b, co by\u0142oby fantastyczn\u0105 form\u0105 reklamy dla tej niewielkiej firmy, kt\u00f3ra nie potrzebuje setek i tysi\u0119cy sztuk artyku\u0142\u00f3w reklamowych. I cho\u0107 z pewno\u015bci\u0105 jest wiele przedmiot\u00f3w spe\u0142niaj\u0105cych te kryteria, to jedn\u0105 z najciekawszych propozycji w tym zakresie s\u0105 kubki zmieniaj\u0105ce kolor. Sprawd\u017a, dlaczego warto podarowa\u0107 taki kubek dziecku, osobie doros\u0142ej lub klientowi, na kt\u00f3rym nam bardzo zale\u017cy.<\/p>\n","protected":false},"author":16,"featured_media":13316,"comment_status":"closed","ping_status":"closed","sticky":false,"template":"","format":"standard","meta":{"footnotes":""},"categories":[113,1059],"tags":[],"class_list":["post-10185","post","type-post","status-publish","format-standard","has-post-thumbnail","hentry","category-pomysl-na-prezent","category-pomysly-na-prezent"],"yoast_head":"<!-- This site is optimized with the Yoast SEO plugin v27.5 - https:\/\/yoast.com\/product\/yoast-seo-wordpress\/ -->\n<title>Kubek magiczny \u2013 prezent nie tylko dla dziecka | Empik Foto<\/title>\n<meta name=\"description\" content=\"Odkryj magi\u0119 podarunku \u2013 kubek magiczny to niezwyk\u0142y prezent, kt\u00f3ry zachwyca nie tylko dzieci, ale i doros\u0142ych.\" \/>\n<meta name=\"robots\" content=\"index, follow, max-snippet:-1, max-image-preview:large, max-video-preview:-1\" \/>\n<link rel=\"canonical\" href=\"https:\/\/www.empikfoto.pl\/blog\/kubek-magiczny-prezent-nie-tylko-dla-dziecka\/\" \/>\n<meta property=\"og:locale\" content=\"pl_PL\" \/>\n<meta property=\"og:type\" content=\"article\" \/>\n<meta property=\"og:title\" content=\"Kubek magiczny \u2013 prezent nie tylko dla dziecka | Empik Foto\" \/>\n<meta property=\"og:description\" content=\"Odkryj magi\u0119 podarunku \u2013 kubek magiczny to niezwyk\u0142y prezent, kt\u00f3ry zachwyca nie tylko dzieci, ale i doros\u0142ych.\" \/>\n<meta property=\"og:url\" content=\"https:\/\/www.empikfoto.pl\/blog\/kubek-magiczny-prezent-nie-tylko-dla-dziecka\/\" \/>\n<meta property=\"og:site_name\" content=\"blog.empikfoto.pl\" \/>\n<meta property=\"article:publisher\" content=\"https:\/\/www.facebook.com\/empikfotopl\/\" \/>\n<meta property=\"article:published_time\" content=\"2020-02-20T10:10:50+00:00\" \/>\n<meta property=\"article:modified_time\" content=\"2023-11-29T09:37:22+00:00\" \/>\n<meta property=\"og:image\" content=\"https:\/\/www.empikfoto.pl\/blog\/empikfoto\/2020\/02\/close-up-women-drinking-mulled-wine-outdoors.jpg\" \/>\n\t<meta property=\"og:image:width\" content=\"1500\" \/>\n\t<meta property=\"og:image:height\" content=\"750\" \/>\n\t<meta property=\"og:image:type\" content=\"image\/jpeg\" \/>\n<meta name=\"author\" content=\"Patrycja\" \/>\n<meta name=\"twitter:card\" content=\"summary_large_image\" \/>\n<meta name=\"twitter:creator\" content=\"@empikfoto\" \/>\n<meta name=\"twitter:site\" content=\"@empikfoto\" \/>\n<meta name=\"twitter:label1\" content=\"Napisane przez\" \/>\n\t<meta name=\"twitter:data1\" content=\"Patrycja\" \/>\n\t<meta name=\"twitter:label2\" content=\"Szacowany czas czytania\" \/>\n\t<meta name=\"twitter:data2\" content=\"4 minuty\" \/>\n<script type=\"application\/ld+json\" class=\"yoast-schema-graph\">{\"@context\":\"https:\\\/\\\/schema.org\",\"@graph\":[{\"@type\":\"Article\",\"@id\":\"https:\\\/\\\/www.empikfoto.pl\\\/blog\\\/kubek-magiczny-prezent-nie-tylko-dla-dziecka\\\/#article\",\"isPartOf\":{\"@id\":\"https:\\\/\\\/www.empikfoto.pl\\\/blog\\\/kubek-magiczny-prezent-nie-tylko-dla-dziecka\\\/\"},\"author\":{\"name\":\"Patrycja\",\"@id\":\"https:\\\/\\\/www.empikfoto.pl\\\/blog\\\/#\\\/schema\\\/person\\\/0313802ca5dac502e3266853c59632c0\"},\"headline\":\"Kubek magiczny \u2013 prezent nie tylko dla dziecka\",\"datePublished\":\"2020-02-20T10:10:50+00:00\",\"dateModified\":\"2023-11-29T09:37:22+00:00\",\"mainEntityOfPage\":{\"@id\":\"https:\\\/\\\/www.empikfoto.pl\\\/blog\\\/kubek-magiczny-prezent-nie-tylko-dla-dziecka\\\/\"},\"wordCount\":691,\"image\":{\"@id\":\"https:\\\/\\\/www.empikfoto.pl\\\/blog\\\/kubek-magiczny-prezent-nie-tylko-dla-dziecka\\\/#primaryimage\"},\"thumbnailUrl\":\"https:\\\/\\\/www.empikfoto.pl\\\/blog\\\/empikfoto\\\/2020\\\/02\\\/close-up-women-drinking-mulled-wine-outdoors.jpg\",\"articleSection\":[\"Pomys\u0142 na prezent\",\"Pomys\u0142y na prezent\"],\"inLanguage\":\"pl-PL\"},{\"@type\":\"WebPage\",\"@id\":\"https:\\\/\\\/www.empikfoto.pl\\\/blog\\\/kubek-magiczny-prezent-nie-tylko-dla-dziecka\\\/\",\"url\":\"https:\\\/\\\/www.empikfoto.pl\\\/blog\\\/kubek-magiczny-prezent-nie-tylko-dla-dziecka\\\/\",\"name\":\"Kubek magiczny \u2013 prezent nie tylko dla dziecka | Empik Foto\",\"isPartOf\":{\"@id\":\"https:\\\/\\\/www.empikfoto.pl\\\/blog\\\/#website\"},\"primaryImageOfPage\":{\"@id\":\"https:\\\/\\\/www.empikfoto.pl\\\/blog\\\/kubek-magiczny-prezent-nie-tylko-dla-dziecka\\\/#primaryimage\"},\"image\":{\"@id\":\"https:\\\/\\\/www.empikfoto.pl\\\/blog\\\/kubek-magiczny-prezent-nie-tylko-dla-dziecka\\\/#primaryimage\"},\"thumbnailUrl\":\"https:\\\/\\\/www.empikfoto.pl\\\/blog\\\/empikfoto\\\/2020\\\/02\\\/close-up-women-drinking-mulled-wine-outdoors.jpg\",\"datePublished\":\"2020-02-20T10:10:50+00:00\",\"dateModified\":\"2023-11-29T09:37:22+00:00\",\"author\":{\"@id\":\"https:\\\/\\\/www.empikfoto.pl\\\/blog\\\/#\\\/schema\\\/person\\\/0313802ca5dac502e3266853c59632c0\"},\"description\":\"Odkryj magi\u0119 podarunku \u2013 kubek magiczny to niezwyk\u0142y prezent, kt\u00f3ry zachwyca nie tylko dzieci, ale i doros\u0142ych.\",\"breadcrumb\":{\"@id\":\"https:\\\/\\\/www.empikfoto.pl\\\/blog\\\/kubek-magiczny-prezent-nie-tylko-dla-dziecka\\\/#breadcrumb\"},\"inLanguage\":\"pl-PL\",\"potentialAction\":[{\"@type\":\"ReadAction\",\"target\":[\"https:\\\/\\\/www.empikfoto.pl\\\/blog\\\/kubek-magiczny-prezent-nie-tylko-dla-dziecka\\\/\"]}]},{\"@type\":\"ImageObject\",\"inLanguage\":\"pl-PL\",\"@id\":\"https:\\\/\\\/www.empikfoto.pl\\\/blog\\\/kubek-magiczny-prezent-nie-tylko-dla-dziecka\\\/#primaryimage\",\"url\":\"https:\\\/\\\/www.empikfoto.pl\\\/blog\\\/empikfoto\\\/2020\\\/02\\\/close-up-women-drinking-mulled-wine-outdoors.jpg\",\"contentUrl\":\"https:\\\/\\\/www.empikfoto.pl\\\/blog\\\/empikfoto\\\/2020\\\/02\\\/close-up-women-drinking-mulled-wine-outdoors.jpg\",\"width\":1500,\"height\":750,\"caption\":\"kubek magiczny\"},{\"@type\":\"BreadcrumbList\",\"@id\":\"https:\\\/\\\/www.empikfoto.pl\\\/blog\\\/kubek-magiczny-prezent-nie-tylko-dla-dziecka\\\/#breadcrumb\",\"itemListElement\":[{\"@type\":\"ListItem\",\"position\":1,\"name\":\"Strona g\u0142\u00f3wna\",\"item\":\"https:\\\/\\\/www.empikfoto.pl\\\/blog\\\/\"},{\"@type\":\"ListItem\",\"position\":2,\"name\":\"Kubek magiczny \u2013 prezent nie tylko dla dziecka\"}]},{\"@type\":\"WebSite\",\"@id\":\"https:\\\/\\\/www.empikfoto.pl\\\/blog\\\/#website\",\"url\":\"https:\\\/\\\/www.empikfoto.pl\\\/blog\\\/\",\"name\":\"blog.empikfoto.pl\",\"description\":\"Poznaj empikfoto.pl od \u015brodka! Dowiedz si\u0119 wi\u0119cej o odbitkach, fotoksi\u0105\u017ckach i fotografii.\",\"potentialAction\":[{\"@type\":\"SearchAction\",\"target\":{\"@type\":\"EntryPoint\",\"urlTemplate\":\"https:\\\/\\\/www.empikfoto.pl\\\/blog\\\/?s={search_term_string}\"},\"query-input\":{\"@type\":\"PropertyValueSpecification\",\"valueRequired\":true,\"valueName\":\"search_term_string\"}}],\"inLanguage\":\"pl-PL\"},{\"@type\":\"Person\",\"@id\":\"https:\\\/\\\/www.empikfoto.pl\\\/blog\\\/#\\\/schema\\\/person\\\/0313802ca5dac502e3266853c59632c0\",\"name\":\"Patrycja\",\"image\":{\"@type\":\"ImageObject\",\"inLanguage\":\"pl-PL\",\"@id\":\"https:\\\/\\\/secure.gravatar.com\\\/avatar\\\/f25168e12215ad42f58e5fb72881daaeb57bd4f907081046016f64bf167db59f?s=96&d=identicon&r=g\",\"url\":\"https:\\\/\\\/secure.gravatar.com\\\/avatar\\\/f25168e12215ad42f58e5fb72881daaeb57bd4f907081046016f64bf167db59f?s=96&d=identicon&r=g\",\"contentUrl\":\"https:\\\/\\\/secure.gravatar.com\\\/avatar\\\/f25168e12215ad42f58e5fb72881daaeb57bd4f907081046016f64bf167db59f?s=96&d=identicon&r=g\",\"caption\":\"Patrycja\"},\"url\":\"https:\\\/\\\/www.empikfoto.pl\\\/blog\\\/author\\\/patrycja\\\/\"}]}<\/script>\n<!-- \/ Yoast SEO plugin. -->","yoast_head_json":{"title":"Kubek magiczny \u2013 prezent nie tylko dla dziecka | Empik Foto","description":"Odkryj magi\u0119 podarunku \u2013 kubek magiczny to niezwyk\u0142y prezent, kt\u00f3ry zachwyca nie tylko dzieci, ale i doros\u0142ych.","robots":{"index":"index","follow":"follow","max-snippet":"max-snippet:-1","max-image-preview":"max-image-preview:large","max-video-preview":"max-video-preview:-1"},"canonical":"https:\/\/www.empikfoto.pl\/blog\/kubek-magiczny-prezent-nie-tylko-dla-dziecka\/","og_locale":"pl_PL","og_type":"article","og_title":"Kubek magiczny \u2013 prezent nie tylko dla dziecka | Empik Foto","og_description":"Odkryj magi\u0119 podarunku \u2013 kubek magiczny to niezwyk\u0142y prezent, kt\u00f3ry zachwyca nie tylko dzieci, ale i doros\u0142ych.","og_url":"https:\/\/www.empikfoto.pl\/blog\/kubek-magiczny-prezent-nie-tylko-dla-dziecka\/","og_site_name":"blog.empikfoto.pl","article_publisher":"https:\/\/www.facebook.com\/empikfotopl\/","article_published_time":"2020-02-20T10:10:50+00:00","article_modified_time":"2023-11-29T09:37:22+00:00","og_image":[{"width":1500,"height":750,"url":"https:\/\/www.empikfoto.pl\/blog\/empikfoto\/2020\/02\/close-up-women-drinking-mulled-wine-outdoors.jpg","type":"image\/jpeg"}],"author":"Patrycja","twitter_card":"summary_large_image","twitter_creator":"@empikfoto","twitter_site":"@empikfoto","twitter_misc":{"Napisane przez":"Patrycja","Szacowany czas czytania":"4 minuty"},"schema":{"@context":"https:\/\/schema.org","@graph":[{"@type":"Article","@id":"https:\/\/www.empikfoto.pl\/blog\/kubek-magiczny-prezent-nie-tylko-dla-dziecka\/#article","isPartOf":{"@id":"https:\/\/www.empikfoto.pl\/blog\/kubek-magiczny-prezent-nie-tylko-dla-dziecka\/"},"author":{"name":"Patrycja","@id":"https:\/\/www.empikfoto.pl\/blog\/#\/schema\/person\/0313802ca5dac502e3266853c59632c0"},"headline":"Kubek magiczny \u2013 prezent nie tylko dla dziecka","datePublished":"2020-02-20T10:10:50+00:00","dateModified":"2023-11-29T09:37:22+00:00","mainEntityOfPage":{"@id":"https:\/\/www.empikfoto.pl\/blog\/kubek-magiczny-prezent-nie-tylko-dla-dziecka\/"},"wordCount":691,"image":{"@id":"https:\/\/www.empikfoto.pl\/blog\/kubek-magiczny-prezent-nie-tylko-dla-dziecka\/#primaryimage"},"thumbnailUrl":"https:\/\/www.empikfoto.pl\/blog\/empikfoto\/2020\/02\/close-up-women-drinking-mulled-wine-outdoors.jpg","articleSection":["Pomys\u0142 na prezent","Pomys\u0142y na prezent"],"inLanguage":"pl-PL"},{"@type":"WebPage","@id":"https:\/\/www.empikfoto.pl\/blog\/kubek-magiczny-prezent-nie-tylko-dla-dziecka\/","url":"https:\/\/www.empikfoto.pl\/blog\/kubek-magiczny-prezent-nie-tylko-dla-dziecka\/","name":"Kubek magiczny \u2013 prezent nie tylko dla dziecka | Empik Foto","isPartOf":{"@id":"https:\/\/www.empikfoto.pl\/blog\/#website"},"primaryImageOfPage":{"@id":"https:\/\/www.empikfoto.pl\/blog\/kubek-magiczny-prezent-nie-tylko-dla-dziecka\/#primaryimage"},"image":{"@id":"https:\/\/www.empikfoto.pl\/blog\/kubek-magiczny-prezent-nie-tylko-dla-dziecka\/#primaryimage"},"thumbnailUrl":"https:\/\/www.empikfoto.pl\/blog\/empikfoto\/2020\/02\/close-up-women-drinking-mulled-wine-outdoors.jpg","datePublished":"2020-02-20T10:10:50+00:00","dateModified":"2023-11-29T09:37:22+00:00","author":{"@id":"https:\/\/www.empikfoto.pl\/blog\/#\/schema\/person\/0313802ca5dac502e3266853c59632c0"},"description":"Odkryj magi\u0119 podarunku \u2013 kubek magiczny to niezwyk\u0142y prezent, kt\u00f3ry zachwyca nie tylko dzieci, ale i doros\u0142ych.","breadcrumb":{"@id":"https:\/\/www.empikfoto.pl\/blog\/kubek-magiczny-prezent-nie-tylko-dla-dziecka\/#breadcrumb"},"inLanguage":"pl-PL","potentialAction":[{"@type":"ReadAction","target":["https:\/\/www.empikfoto.pl\/blog\/kubek-magiczny-prezent-nie-tylko-dla-dziecka\/"]}]},{"@type":"ImageObject","inLanguage":"pl-PL","@id":"https:\/\/www.empikfoto.pl\/blog\/kubek-magiczny-prezent-nie-tylko-dla-dziecka\/#primaryimage","url":"https:\/\/www.empikfoto.pl\/blog\/empikfoto\/2020\/02\/close-up-women-drinking-mulled-wine-outdoors.jpg","contentUrl":"https:\/\/www.empikfoto.pl\/blog\/empikfoto\/2020\/02\/close-up-women-drinking-mulled-wine-outdoors.jpg","width":1500,"height":750,"caption":"kubek magiczny"},{"@type":"BreadcrumbList","@id":"https:\/\/www.empikfoto.pl\/blog\/kubek-magiczny-prezent-nie-tylko-dla-dziecka\/#breadcrumb","itemListElement":[{"@type":"ListItem","position":1,"name":"Strona g\u0142\u00f3wna","item":"https:\/\/www.empikfoto.pl\/blog\/"},{"@type":"ListItem","position":2,"name":"Kubek magiczny \u2013 prezent nie tylko dla dziecka"}]},{"@type":"WebSite","@id":"https:\/\/www.empikfoto.pl\/blog\/#website","url":"https:\/\/www.empikfoto.pl\/blog\/","name":"blog.empikfoto.pl","description":"Poznaj empikfoto.pl od \u015brodka! Dowiedz si\u0119 wi\u0119cej o odbitkach, fotoksi\u0105\u017ckach i fotografii.","potentialAction":[{"@type":"SearchAction","target":{"@type":"EntryPoint","urlTemplate":"https:\/\/www.empikfoto.pl\/blog\/?s={search_term_string}"},"query-input":{"@type":"PropertyValueSpecification","valueRequired":true,"valueName":"search_term_string"}}],"inLanguage":"pl-PL"},{"@type":"Person","@id":"https:\/\/www.empikfoto.pl\/blog\/#\/schema\/person\/0313802ca5dac502e3266853c59632c0","name":"Patrycja","image":{"@type":"ImageObject","inLanguage":"pl-PL","@id":"https:\/\/secure.gravatar.com\/avatar\/f25168e12215ad42f58e5fb72881daaeb57bd4f907081046016f64bf167db59f?s=96&d=identicon&r=g","url":"https:\/\/secure.gravatar.com\/avatar\/f25168e12215ad42f58e5fb72881daaeb57bd4f907081046016f64bf167db59f?s=96&d=identicon&r=g","contentUrl":"https:\/\/secure.gravatar.com\/avatar\/f25168e12215ad42f58e5fb72881daaeb57bd4f907081046016f64bf167db59f?s=96&d=identicon&r=g","caption":"Patrycja"},"url":"https:\/\/www.empikfoto.pl\/blog\/author\/patrycja\/"}]}},"amp_enabled":true,"_links":{"self":[{"href":"https:\/\/www.empikfoto.pl\/blog\/wp-json\/wp\/v2\/posts\/10185","targetHints":{"allow":["GET"]}}],"collection":[{"href":"https:\/\/www.empikfoto.pl\/blog\/wp-json\/wp\/v2\/posts"}],"about":[{"href":"https:\/\/www.empikfoto.pl\/blog\/wp-json\/wp\/v2\/types\/post"}],"author":[{"embeddable":true,"href":"https:\/\/www.empikfoto.pl\/blog\/wp-json\/wp\/v2\/users\/16"}],"replies":[{"embeddable":true,"href":"https:\/\/www.empikfoto.pl\/blog\/wp-json\/wp\/v2\/comments?post=10185"}],"version-history":[{"count":3,"href":"https:\/\/www.empikfoto.pl\/blog\/wp-json\/wp\/v2\/posts\/10185\/revisions"}],"predecessor-version":[{"id":13321,"href":"https:\/\/www.empikfoto.pl\/blog\/wp-json\/wp\/v2\/posts\/10185\/revisions\/13321"}],"wp:featuredmedia":[{"embeddable":true,"href":"https:\/\/www.empikfoto.pl\/blog\/wp-json\/wp\/v2\/media\/13316"}],"wp:attachment":[{"href":"https:\/\/www.empikfoto.pl\/blog\/wp-json\/wp\/v2\/media?parent=10185"}],"wp:term":[{"taxonomy":"category","embeddable":true,"href":"https:\/\/www.empikfoto.pl\/blog\/wp-json\/wp\/v2\/categories?post=10185"},{"taxonomy":"post_tag","embeddable":true,"href":"https:\/\/www.empikfoto.pl\/blog\/wp-json\/wp\/v2\/tags?post=10185"}],"curies":[{"name":"wp","href":"https:\/\/api.w.org\/{rel}","templated":true}]}}