{"id":10197,"date":"2021-02-20T10:56:44","date_gmt":"2021-02-20T09:56:44","guid":{"rendered":"https:\/\/blog.empikfoto.pl\/?p=10197"},"modified":"2023-08-17T10:53:52","modified_gmt":"2023-08-17T08:53:52","slug":"zdjecia-do-dyplomu-jak-sie-ubrac","status":"publish","type":"post","link":"https:\/\/www.empikfoto.pl\/blog\/zdjecia-do-dyplomu-jak-sie-ubrac\/","title":{"rendered":"Zdj\u0119cia do dyplomu &#8211; jak si\u0119 ubra\u0107?"},"content":{"rendered":"<p><strong>Zawsze chcemy dobrze wygl\u0105da\u0107 na zdj\u0119ciach, a szczeg\u00f3lnie na zdj\u0119ciu do dyplomu. Fotografia dyplomowa jest szczeg\u00f3lnie wa\u017cna, bo sam dyplom to nie tylko dow\u00f3d wielkiego osi\u0105gni\u0119cia. Na jego podstawie b\u0119d\u0105 nas ocenia\u0107 przyszli pracodawcy, firmy headhunterskie i wiele innych os\u00f3b, od kt\u00f3rych mo\u017ce zale\u017ce\u0107 nasza kariera zawodowa. Jak si\u0119 ubra\u0107 do zdj\u0119cia dyplomowego, by \u015bwietnie na nim wygl\u0105da\u0107 i robi\u0107 profesjonalne wra\u017cenie? Zdj\u0119cia do dyplomu &#8211; jak si\u0119 ubra\u0107?<\/strong><!--more--><\/p>\n<p>Wszyscy dobrze wiemy, jakie wymagania musz\u0105 spe\u0142nia\u0107 zdj\u0119cia paszportowe i te do dowodu osobistego. Zdj\u0119cie do dyplomu najcz\u0119\u015bciej nie jest ob\u0142o\u017cone \u017cadnymi regu\u0142ami. Czasami tylko zdarza si\u0119, \u017ce uczelnie maj\u0105 jakie\u015b regulacje w tym zakresie. Czy to jednak oznacza, \u017ce mo\u017cemy p\u00f3j\u015b\u0107 na tak zwany \u017cywio\u0142? Z pewno\u015bci\u0105 nie. <strong>Sam dyplom jest dokumentem oficjalnym<\/strong>, a wi\u0119c i zdj\u0119cie powinno by\u0107 utrzymane w do\u015b\u0107 powa\u017cnym charakterze, co nie oznacza, \u017ce nie mo\u017cemy pokaza\u0107 na nim swojej osobowo\u015bci. Zatem nie wybieramy si\u0119 do fotografa w bluzeczce przypominaj\u0105cej str\u00f3j pla\u017cowy, nie zak\u0142adamy bluzek z dekoltem do pasa, ale te\u017c nie musimy pozowa\u0107 na nim w bia\u0142ym ko\u0142nierzyku zapi\u0119tym pod szyj\u0119. Nie tylko ubi\u00f3r powinien by\u0107 przemy\u015blany, bo tak\u017ce warto zadba\u0107 o w\u0142a\u015bciw\u0105 fryzur\u0119 i makija\u017c.<\/p>\n<h2>Zdj\u0119cia do dyplomu &#8211; jak si\u0119 ubra\u0107? Odpowiedni ubi\u00f3r<\/h2>\n<p>Najbezpieczniejszym rozwi\u0105zaniem jest wybranie jednobarwnej bluzki w jasnym, najlepiej pastelowym kolorze, kt\u00f3ry lubimy i w kt\u00f3rym dobrze wygl\u0105damy. Zatem wszystkie delikatne szaro\u015bci, b\u0142\u0119kity, pudrowe r\u00f3\u017ce czy po prostu biel b\u0119d\u0105 wygl\u0105da\u0107 bardzo dobrze. Do bluzek zawsze \u015bwietnie pasuj\u0105 \u017cakiety i marynarki w stonowanych kolorach, ale\u2026<\/p>\n<p><img loading=\"lazy\" decoding=\"async\" class=\"aligncenter wp-image-10878 size-large\" src=\"https:\/\/www.empikfoto.pl\/blog\/empikfoto\/2021\/02\/pexels-christina-morillo-1181527-1024x683.jpg\" alt=\"Dyplom\" width=\"1024\" height=\"683\" srcset=\"https:\/\/www.empikfoto.pl\/blog\/empikfoto\/2021\/02\/pexels-christina-morillo-1181527-1024x683.jpg 1024w, https:\/\/www.empikfoto.pl\/blog\/empikfoto\/2021\/02\/pexels-christina-morillo-1181527-300x200.jpg 300w, https:\/\/www.empikfoto.pl\/blog\/empikfoto\/2021\/02\/pexels-christina-morillo-1181527-768x512.jpg 768w, https:\/\/www.empikfoto.pl\/blog\/empikfoto\/2021\/02\/pexels-christina-morillo-1181527-330x220.jpg 330w, https:\/\/www.empikfoto.pl\/blog\/empikfoto\/2021\/02\/pexels-christina-morillo-1181527-400x267.jpg 400w, https:\/\/www.empikfoto.pl\/blog\/empikfoto\/2021\/02\/pexels-christina-morillo-1181527.jpg 1280w\" sizes=\"auto, (max-width: 1024px) 100vw, 1024px\" \/><\/p>\n<p>Str\u00f3j, w kt\u00f3rym zaprezentujesz si\u0119 na zdj\u0119ciu, wcale nie musi przypomina\u0107 sztywnego, biurowego dress code\u2019u. Warto troszk\u0119 odej\u015b\u0107 od tej obiegowej sztampy i <strong>za\u0142o\u017cy\u0107 co\u015b, co pozwoli pokaza\u0107 te\u017c nasz charakter<\/strong>. W ko\u0144cu nigdzie nie jest napisane, \u017ce niedopuszczalne s\u0105 wzory i inne kolory. Musz\u0119 przyzna\u0107, \u017ce ch\u0119tniej patrz\u0119 na zdj\u0119cia w dyplomach, gdzie widz\u0119 u\u015bmiechni\u0119t\u0105 kobiet\u0119 w skromnej, ale jak\u017ce radosnej bluzce w kwiatki lub w tej z dziewcz\u0119cymi falbanami. Trzeba jednak uwa\u017ca\u0107, bo odchodz\u0105c od utartych schemat\u00f3w, \u0142atwo mo\u017cna przesadzi\u0107. Wybieraj zatem taki str\u00f3j, kt\u00f3ry poka\u017ce twoj\u0105 osobowo\u015b\u0107, ale zarazem b\u0119dzie skromny i w dobrym gu\u015bcie.<\/p>\n<h2>Makija\u017c czyni cuda<\/h2>\n<p>Wszyscy te\u017c znamy si\u0142\u0119 makija\u017cu. Wprawnie na\u0142o\u017cony make-up czasami zmienia twarz nie do poznania. I cho\u0107 nie m\u00f3wi\u0119 stanowczego \u201enie\u201d takim makija\u017com, to jednak w przypadku zdj\u0119\u0107 dyplomowych jest to niedopuszczalne. Makija\u017c powinien by\u0107 <strong>stonowany, delikatny, ale podkre\u015blaj\u0105cy urod\u0119 fotografowanej osoby<\/strong>. Zanim zaczniesz si\u0119 malowa\u0107, zadbaj jednak o wyregulowanie i delikatne podkre\u015blenie brwi.<\/p>\n<p>Warto u\u017cy\u0107 kosmetyk\u00f3w, kt\u00f3re zatuszuj\u0105 ewentualne niedoskona\u0142o\u015bci cery, wyr\u00f3wnaj\u0105 koloryt sk\u00f3ry i nieco zmatowi\u0105 twarz, bo b\u0119dzie to z korzy\u015bci\u0105 dla zdj\u0119cia. Z pewno\u015bci\u0105 przyda si\u0119 <strong>dobrze dobrany korektor, delikatny fluid i odrobina matuj\u0105cego pudru<\/strong>. Oczy podkre\u015blamy matowymi cieniami, a o tych per\u0142owych czy b\u0142yszcz\u0105cych warto na moment zapomnie\u0107. Rezygnujemy te\u017c z doczepianych rz\u0119s, ale u\u017cywamy dobrej maskary, nawet tej pogrubiaj\u0105cej i wyd\u0142u\u017caj\u0105cej rz\u0119sy.<\/p>\n<p>Bardzo wa\u017cne s\u0105 te\u017c <strong>pomadki<\/strong>. Zdj\u0119cie dyplomowe to nie jest miejsce na agresywnie czerwone i b\u0142yszcz\u0105ce usta. Postaw na klasyk\u0119, wybierz delikatny, naturalny kolor, kt\u00f3ry lekko podkre\u015bli usta, ale nie zdominuje ca\u0142ej twarzy.<\/p>\n<p><img loading=\"lazy\" decoding=\"async\" class=\"aligncenter wp-image-9334\" src=\"https:\/\/blog.empikfoto.pl\/empikfoto\/2020\/04\/zdj\u0119cia-do-dokument\u00f3w2.png\" alt=\"Dyplom\" width=\"800\" height=\"534\" srcset=\"https:\/\/www.empikfoto.pl\/blog\/empikfoto\/2020\/04\/zdj\u0119cia-do-dokument\u00f3w2.png 1000w, https:\/\/www.empikfoto.pl\/blog\/empikfoto\/2020\/04\/zdj\u0119cia-do-dokument\u00f3w2-300x200.png 300w, https:\/\/www.empikfoto.pl\/blog\/empikfoto\/2020\/04\/zdj\u0119cia-do-dokument\u00f3w2-768x512.png 768w, https:\/\/www.empikfoto.pl\/blog\/empikfoto\/2020\/04\/zdj\u0119cia-do-dokument\u00f3w2-330x220.png 330w, https:\/\/www.empikfoto.pl\/blog\/empikfoto\/2020\/04\/zdj\u0119cia-do-dokument\u00f3w2-400x267.png 400w\" sizes=\"auto, (max-width: 800px) 100vw, 800px\" \/><\/p>\n<h2>Fryzura do zdj\u0119cia dyplomowego<\/h2>\n<p>Kto wie, czy przypadkiem to fryzura nie jest tu najwa\u017cniejsza. Wszyscy znamy przypadki, gdy nawet najpi\u0119kniejszy str\u00f3j i makija\u017c zosta\u0142 przy\u0107miony niechlujn\u0105 fryzur\u0105 lub tak\u0105, kt\u00f3ra nijak mia\u0142a si\u0119 do ca\u0142o\u015bci. Musisz wi\u0119c zadba\u0107 o w\u0142a\u015bciwy kolor w\u0142os\u00f3w, dobrze dobrany do karnacji i przede wszystkim w jak najbardziej naturalnym odcieniu. R\u00f3\u017cowe, fioletowe kosmyki nie pasuj\u0105 do dyplomowej fotografii.<\/p>\n<p>Fryzura powinna by\u0107 <strong>skromna<\/strong>, <strong>w lekkim stylu biznesowym<\/strong>, co nie oznacza, \u017ce nale\u017cy zu\u017cy\u0107 ton\u0119 lakieru do w\u0142os\u00f3w. Najlepiej jednak zapomnie\u0107 o irokezach lub o fryzurach wymagaj\u0105cych miejscowego wygolenia w\u0142os\u00f3w. Postaw na proste rozwi\u0105zania, kt\u00f3re zawsze dobrze wygl\u0105daj\u0105 na oficjalnych fotografiach.<\/p>\n<p>Je\u017celi potrzebujesz wywo\u0142ania zdj\u0119\u0107 do dyplomu, skorzystaj z oferty Empik Foto. Wywo\u0142aj <a href=\"https:\/\/www.empikfoto.pl\/odbitki,dokumenty\"><strong>zdj\u0119cia do dokument\u00f3w<\/strong><\/a> i oszcz\u0119d\u017a pieni\u0105dze!<\/p>\n","protected":false},"excerpt":{"rendered":"<p>Zawsze chcemy dobrze wygl\u0105da\u0107 na zdj\u0119ciach, a szczeg\u00f3lnie na zdj\u0119ciu do dyplomu. Fotografia dyplomowa jest szczeg\u00f3lnie wa\u017cna, bo sam dyplom to nie tylko dow\u00f3d wielkiego osi\u0105gni\u0119cia. Na jego podstawie b\u0119d\u0105 nas ocenia\u0107 przyszli pracodawcy, firmy headhunterskie i wiele innych os\u00f3b, od kt\u00f3rych mo\u017ce zale\u017ce\u0107 nasza kariera zawodowa. Jak si\u0119 ubra\u0107 do zdj\u0119cia dyplomowego, by \u015bwietnie na nim wygl\u0105da\u0107 i robi\u0107 profesjonalne wra\u017cenie? Zdj\u0119cia do dyplomu &#8211; jak si\u0119 ubra\u0107?<\/p>\n","protected":false},"author":16,"featured_media":9494,"comment_status":"closed","ping_status":"closed","sticky":false,"template":"","format":"standard","meta":{"footnotes":""},"categories":[750],"tags":[],"class_list":["post-10197","post","type-post","status-publish","format-standard","has-post-thumbnail","hentry","category-poradnik-2"],"yoast_head":"<!-- This site is optimized with the Yoast SEO plugin v27.5 - https:\/\/yoast.com\/product\/yoast-seo-wordpress\/ -->\n<title>Zdj\u0119cia do dyplomu - jak si\u0119 ubra\u0107? | Empik Foto<\/title>\n<meta name=\"description\" content=\"Zdj\u0119cia do dyplomu - jak si\u0119 ubra\u0107? Porady dotycz\u0105ce ubioru na fotografii dyplomowej. Jak dobrze wygl\u0105da\u0107 na zdj\u0119ciach do dokument\u00f3w?\" \/>\n<meta name=\"robots\" content=\"index, follow, max-snippet:-1, max-image-preview:large, max-video-preview:-1\" \/>\n<link rel=\"canonical\" href=\"https:\/\/www.empikfoto.pl\/blog\/zdjecia-do-dyplomu-jak-sie-ubrac\/\" \/>\n<meta property=\"og:locale\" content=\"pl_PL\" \/>\n<meta property=\"og:type\" content=\"article\" \/>\n<meta property=\"og:title\" content=\"Zdj\u0119cia do dyplomu - jak si\u0119 ubra\u0107? | Empik Foto\" \/>\n<meta property=\"og:description\" content=\"Zdj\u0119cia do dyplomu - jak si\u0119 ubra\u0107? Porady dotycz\u0105ce ubioru na fotografii dyplomowej. Jak dobrze wygl\u0105da\u0107 na zdj\u0119ciach do dokument\u00f3w?\" \/>\n<meta property=\"og:url\" content=\"https:\/\/www.empikfoto.pl\/blog\/zdjecia-do-dyplomu-jak-sie-ubrac\/\" \/>\n<meta property=\"og:site_name\" content=\"blog.empikfoto.pl\" \/>\n<meta property=\"article:publisher\" content=\"https:\/\/www.facebook.com\/empikfotopl\/\" \/>\n<meta property=\"article:published_time\" content=\"2021-02-20T09:56:44+00:00\" \/>\n<meta property=\"article:modified_time\" content=\"2023-08-17T08:53:52+00:00\" \/>\n<meta property=\"og:image\" content=\"https:\/\/www.empikfoto.pl\/blog\/empikfoto\/2020\/05\/jak-zrobi\u0107-samodzielnie-zdj\u0119cia-do-dyplomu-scaled.jpg\" \/>\n\t<meta property=\"og:image:width\" content=\"2560\" \/>\n\t<meta property=\"og:image:height\" content=\"1707\" \/>\n\t<meta property=\"og:image:type\" content=\"image\/jpeg\" \/>\n<meta name=\"author\" content=\"Patrycja\" \/>\n<meta name=\"twitter:card\" content=\"summary_large_image\" \/>\n<meta name=\"twitter:creator\" content=\"@empikfoto\" \/>\n<meta name=\"twitter:site\" content=\"@empikfoto\" \/>\n<meta name=\"twitter:label1\" content=\"Napisane przez\" \/>\n\t<meta name=\"twitter:data1\" content=\"Patrycja\" \/>\n\t<meta name=\"twitter:label2\" content=\"Szacowany czas czytania\" \/>\n\t<meta name=\"twitter:data2\" content=\"5 minut\" \/>\n<script type=\"application\/ld+json\" class=\"yoast-schema-graph\">{\"@context\":\"https:\\\/\\\/schema.org\",\"@graph\":[{\"@type\":\"Article\",\"@id\":\"https:\\\/\\\/www.empikfoto.pl\\\/blog\\\/zdjecia-do-dyplomu-jak-sie-ubrac\\\/#article\",\"isPartOf\":{\"@id\":\"https:\\\/\\\/www.empikfoto.pl\\\/blog\\\/zdjecia-do-dyplomu-jak-sie-ubrac\\\/\"},\"author\":{\"name\":\"Patrycja\",\"@id\":\"https:\\\/\\\/www.empikfoto.pl\\\/blog\\\/#\\\/schema\\\/person\\\/0313802ca5dac502e3266853c59632c0\"},\"headline\":\"Zdj\u0119cia do dyplomu &#8211; jak si\u0119 ubra\u0107?\",\"datePublished\":\"2021-02-20T09:56:44+00:00\",\"dateModified\":\"2023-08-17T08:53:52+00:00\",\"mainEntityOfPage\":{\"@id\":\"https:\\\/\\\/www.empikfoto.pl\\\/blog\\\/zdjecia-do-dyplomu-jak-sie-ubrac\\\/\"},\"wordCount\":773,\"image\":{\"@id\":\"https:\\\/\\\/www.empikfoto.pl\\\/blog\\\/zdjecia-do-dyplomu-jak-sie-ubrac\\\/#primaryimage\"},\"thumbnailUrl\":\"https:\\\/\\\/www.empikfoto.pl\\\/blog\\\/empikfoto\\\/2020\\\/05\\\/jak-zrobi\u0107-samodzielnie-zdj\u0119cia-do-dyplomu-scaled.jpg\",\"articleSection\":[\"Poradnik\"],\"inLanguage\":\"pl-PL\"},{\"@type\":\"WebPage\",\"@id\":\"https:\\\/\\\/www.empikfoto.pl\\\/blog\\\/zdjecia-do-dyplomu-jak-sie-ubrac\\\/\",\"url\":\"https:\\\/\\\/www.empikfoto.pl\\\/blog\\\/zdjecia-do-dyplomu-jak-sie-ubrac\\\/\",\"name\":\"Zdj\u0119cia do dyplomu - jak si\u0119 ubra\u0107? | Empik Foto\",\"isPartOf\":{\"@id\":\"https:\\\/\\\/www.empikfoto.pl\\\/blog\\\/#website\"},\"primaryImageOfPage\":{\"@id\":\"https:\\\/\\\/www.empikfoto.pl\\\/blog\\\/zdjecia-do-dyplomu-jak-sie-ubrac\\\/#primaryimage\"},\"image\":{\"@id\":\"https:\\\/\\\/www.empikfoto.pl\\\/blog\\\/zdjecia-do-dyplomu-jak-sie-ubrac\\\/#primaryimage\"},\"thumbnailUrl\":\"https:\\\/\\\/www.empikfoto.pl\\\/blog\\\/empikfoto\\\/2020\\\/05\\\/jak-zrobi\u0107-samodzielnie-zdj\u0119cia-do-dyplomu-scaled.jpg\",\"datePublished\":\"2021-02-20T09:56:44+00:00\",\"dateModified\":\"2023-08-17T08:53:52+00:00\",\"author\":{\"@id\":\"https:\\\/\\\/www.empikfoto.pl\\\/blog\\\/#\\\/schema\\\/person\\\/0313802ca5dac502e3266853c59632c0\"},\"description\":\"Zdj\u0119cia do dyplomu - jak si\u0119 ubra\u0107? Porady dotycz\u0105ce ubioru na fotografii dyplomowej. Jak dobrze wygl\u0105da\u0107 na zdj\u0119ciach do dokument\u00f3w?\",\"breadcrumb\":{\"@id\":\"https:\\\/\\\/www.empikfoto.pl\\\/blog\\\/zdjecia-do-dyplomu-jak-sie-ubrac\\\/#breadcrumb\"},\"inLanguage\":\"pl-PL\",\"potentialAction\":[{\"@type\":\"ReadAction\",\"target\":[\"https:\\\/\\\/www.empikfoto.pl\\\/blog\\\/zdjecia-do-dyplomu-jak-sie-ubrac\\\/\"]}]},{\"@type\":\"ImageObject\",\"inLanguage\":\"pl-PL\",\"@id\":\"https:\\\/\\\/www.empikfoto.pl\\\/blog\\\/zdjecia-do-dyplomu-jak-sie-ubrac\\\/#primaryimage\",\"url\":\"https:\\\/\\\/www.empikfoto.pl\\\/blog\\\/empikfoto\\\/2020\\\/05\\\/jak-zrobi\u0107-samodzielnie-zdj\u0119cia-do-dyplomu-scaled.jpg\",\"contentUrl\":\"https:\\\/\\\/www.empikfoto.pl\\\/blog\\\/empikfoto\\\/2020\\\/05\\\/jak-zrobi\u0107-samodzielnie-zdj\u0119cia-do-dyplomu-scaled.jpg\",\"width\":2560,\"height\":1707,\"caption\":\"Dyplom\"},{\"@type\":\"BreadcrumbList\",\"@id\":\"https:\\\/\\\/www.empikfoto.pl\\\/blog\\\/zdjecia-do-dyplomu-jak-sie-ubrac\\\/#breadcrumb\",\"itemListElement\":[{\"@type\":\"ListItem\",\"position\":1,\"name\":\"Strona g\u0142\u00f3wna\",\"item\":\"https:\\\/\\\/www.empikfoto.pl\\\/blog\\\/\"},{\"@type\":\"ListItem\",\"position\":2,\"name\":\"Zdj\u0119cia do dyplomu &#8211; jak si\u0119 ubra\u0107?\"}]},{\"@type\":\"WebSite\",\"@id\":\"https:\\\/\\\/www.empikfoto.pl\\\/blog\\\/#website\",\"url\":\"https:\\\/\\\/www.empikfoto.pl\\\/blog\\\/\",\"name\":\"blog.empikfoto.pl\",\"description\":\"Poznaj empikfoto.pl od \u015brodka! Dowiedz si\u0119 wi\u0119cej o odbitkach, fotoksi\u0105\u017ckach i fotografii.\",\"potentialAction\":[{\"@type\":\"SearchAction\",\"target\":{\"@type\":\"EntryPoint\",\"urlTemplate\":\"https:\\\/\\\/www.empikfoto.pl\\\/blog\\\/?s={search_term_string}\"},\"query-input\":{\"@type\":\"PropertyValueSpecification\",\"valueRequired\":true,\"valueName\":\"search_term_string\"}}],\"inLanguage\":\"pl-PL\"},{\"@type\":\"Person\",\"@id\":\"https:\\\/\\\/www.empikfoto.pl\\\/blog\\\/#\\\/schema\\\/person\\\/0313802ca5dac502e3266853c59632c0\",\"name\":\"Patrycja\",\"image\":{\"@type\":\"ImageObject\",\"inLanguage\":\"pl-PL\",\"@id\":\"https:\\\/\\\/secure.gravatar.com\\\/avatar\\\/f25168e12215ad42f58e5fb72881daaeb57bd4f907081046016f64bf167db59f?s=96&d=identicon&r=g\",\"url\":\"https:\\\/\\\/secure.gravatar.com\\\/avatar\\\/f25168e12215ad42f58e5fb72881daaeb57bd4f907081046016f64bf167db59f?s=96&d=identicon&r=g\",\"contentUrl\":\"https:\\\/\\\/secure.gravatar.com\\\/avatar\\\/f25168e12215ad42f58e5fb72881daaeb57bd4f907081046016f64bf167db59f?s=96&d=identicon&r=g\",\"caption\":\"Patrycja\"},\"url\":\"https:\\\/\\\/www.empikfoto.pl\\\/blog\\\/author\\\/patrycja\\\/\"}]}<\/script>\n<!-- \/ Yoast SEO plugin. -->","yoast_head_json":{"title":"Zdj\u0119cia do dyplomu - jak si\u0119 ubra\u0107? | Empik Foto","description":"Zdj\u0119cia do dyplomu - jak si\u0119 ubra\u0107? Porady dotycz\u0105ce ubioru na fotografii dyplomowej. Jak dobrze wygl\u0105da\u0107 na zdj\u0119ciach do dokument\u00f3w?","robots":{"index":"index","follow":"follow","max-snippet":"max-snippet:-1","max-image-preview":"max-image-preview:large","max-video-preview":"max-video-preview:-1"},"canonical":"https:\/\/www.empikfoto.pl\/blog\/zdjecia-do-dyplomu-jak-sie-ubrac\/","og_locale":"pl_PL","og_type":"article","og_title":"Zdj\u0119cia do dyplomu - jak si\u0119 ubra\u0107? | Empik Foto","og_description":"Zdj\u0119cia do dyplomu - jak si\u0119 ubra\u0107? Porady dotycz\u0105ce ubioru na fotografii dyplomowej. Jak dobrze wygl\u0105da\u0107 na zdj\u0119ciach do dokument\u00f3w?","og_url":"https:\/\/www.empikfoto.pl\/blog\/zdjecia-do-dyplomu-jak-sie-ubrac\/","og_site_name":"blog.empikfoto.pl","article_publisher":"https:\/\/www.facebook.com\/empikfotopl\/","article_published_time":"2021-02-20T09:56:44+00:00","article_modified_time":"2023-08-17T08:53:52+00:00","og_image":[{"width":2560,"height":1707,"url":"https:\/\/www.empikfoto.pl\/blog\/empikfoto\/2020\/05\/jak-zrobi\u0107-samodzielnie-zdj\u0119cia-do-dyplomu-scaled.jpg","type":"image\/jpeg"}],"author":"Patrycja","twitter_card":"summary_large_image","twitter_creator":"@empikfoto","twitter_site":"@empikfoto","twitter_misc":{"Napisane przez":"Patrycja","Szacowany czas czytania":"5 minut"},"schema":{"@context":"https:\/\/schema.org","@graph":[{"@type":"Article","@id":"https:\/\/www.empikfoto.pl\/blog\/zdjecia-do-dyplomu-jak-sie-ubrac\/#article","isPartOf":{"@id":"https:\/\/www.empikfoto.pl\/blog\/zdjecia-do-dyplomu-jak-sie-ubrac\/"},"author":{"name":"Patrycja","@id":"https:\/\/www.empikfoto.pl\/blog\/#\/schema\/person\/0313802ca5dac502e3266853c59632c0"},"headline":"Zdj\u0119cia do dyplomu &#8211; jak si\u0119 ubra\u0107?","datePublished":"2021-02-20T09:56:44+00:00","dateModified":"2023-08-17T08:53:52+00:00","mainEntityOfPage":{"@id":"https:\/\/www.empikfoto.pl\/blog\/zdjecia-do-dyplomu-jak-sie-ubrac\/"},"wordCount":773,"image":{"@id":"https:\/\/www.empikfoto.pl\/blog\/zdjecia-do-dyplomu-jak-sie-ubrac\/#primaryimage"},"thumbnailUrl":"https:\/\/www.empikfoto.pl\/blog\/empikfoto\/2020\/05\/jak-zrobi\u0107-samodzielnie-zdj\u0119cia-do-dyplomu-scaled.jpg","articleSection":["Poradnik"],"inLanguage":"pl-PL"},{"@type":"WebPage","@id":"https:\/\/www.empikfoto.pl\/blog\/zdjecia-do-dyplomu-jak-sie-ubrac\/","url":"https:\/\/www.empikfoto.pl\/blog\/zdjecia-do-dyplomu-jak-sie-ubrac\/","name":"Zdj\u0119cia do dyplomu - jak si\u0119 ubra\u0107? | Empik Foto","isPartOf":{"@id":"https:\/\/www.empikfoto.pl\/blog\/#website"},"primaryImageOfPage":{"@id":"https:\/\/www.empikfoto.pl\/blog\/zdjecia-do-dyplomu-jak-sie-ubrac\/#primaryimage"},"image":{"@id":"https:\/\/www.empikfoto.pl\/blog\/zdjecia-do-dyplomu-jak-sie-ubrac\/#primaryimage"},"thumbnailUrl":"https:\/\/www.empikfoto.pl\/blog\/empikfoto\/2020\/05\/jak-zrobi\u0107-samodzielnie-zdj\u0119cia-do-dyplomu-scaled.jpg","datePublished":"2021-02-20T09:56:44+00:00","dateModified":"2023-08-17T08:53:52+00:00","author":{"@id":"https:\/\/www.empikfoto.pl\/blog\/#\/schema\/person\/0313802ca5dac502e3266853c59632c0"},"description":"Zdj\u0119cia do dyplomu - jak si\u0119 ubra\u0107? Porady dotycz\u0105ce ubioru na fotografii dyplomowej. Jak dobrze wygl\u0105da\u0107 na zdj\u0119ciach do dokument\u00f3w?","breadcrumb":{"@id":"https:\/\/www.empikfoto.pl\/blog\/zdjecia-do-dyplomu-jak-sie-ubrac\/#breadcrumb"},"inLanguage":"pl-PL","potentialAction":[{"@type":"ReadAction","target":["https:\/\/www.empikfoto.pl\/blog\/zdjecia-do-dyplomu-jak-sie-ubrac\/"]}]},{"@type":"ImageObject","inLanguage":"pl-PL","@id":"https:\/\/www.empikfoto.pl\/blog\/zdjecia-do-dyplomu-jak-sie-ubrac\/#primaryimage","url":"https:\/\/www.empikfoto.pl\/blog\/empikfoto\/2020\/05\/jak-zrobi\u0107-samodzielnie-zdj\u0119cia-do-dyplomu-scaled.jpg","contentUrl":"https:\/\/www.empikfoto.pl\/blog\/empikfoto\/2020\/05\/jak-zrobi\u0107-samodzielnie-zdj\u0119cia-do-dyplomu-scaled.jpg","width":2560,"height":1707,"caption":"Dyplom"},{"@type":"BreadcrumbList","@id":"https:\/\/www.empikfoto.pl\/blog\/zdjecia-do-dyplomu-jak-sie-ubrac\/#breadcrumb","itemListElement":[{"@type":"ListItem","position":1,"name":"Strona g\u0142\u00f3wna","item":"https:\/\/www.empikfoto.pl\/blog\/"},{"@type":"ListItem","position":2,"name":"Zdj\u0119cia do dyplomu &#8211; jak si\u0119 ubra\u0107?"}]},{"@type":"WebSite","@id":"https:\/\/www.empikfoto.pl\/blog\/#website","url":"https:\/\/www.empikfoto.pl\/blog\/","name":"blog.empikfoto.pl","description":"Poznaj empikfoto.pl od \u015brodka! Dowiedz si\u0119 wi\u0119cej o odbitkach, fotoksi\u0105\u017ckach i fotografii.","potentialAction":[{"@type":"SearchAction","target":{"@type":"EntryPoint","urlTemplate":"https:\/\/www.empikfoto.pl\/blog\/?s={search_term_string}"},"query-input":{"@type":"PropertyValueSpecification","valueRequired":true,"valueName":"search_term_string"}}],"inLanguage":"pl-PL"},{"@type":"Person","@id":"https:\/\/www.empikfoto.pl\/blog\/#\/schema\/person\/0313802ca5dac502e3266853c59632c0","name":"Patrycja","image":{"@type":"ImageObject","inLanguage":"pl-PL","@id":"https:\/\/secure.gravatar.com\/avatar\/f25168e12215ad42f58e5fb72881daaeb57bd4f907081046016f64bf167db59f?s=96&d=identicon&r=g","url":"https:\/\/secure.gravatar.com\/avatar\/f25168e12215ad42f58e5fb72881daaeb57bd4f907081046016f64bf167db59f?s=96&d=identicon&r=g","contentUrl":"https:\/\/secure.gravatar.com\/avatar\/f25168e12215ad42f58e5fb72881daaeb57bd4f907081046016f64bf167db59f?s=96&d=identicon&r=g","caption":"Patrycja"},"url":"https:\/\/www.empikfoto.pl\/blog\/author\/patrycja\/"}]}},"amp_enabled":true,"_links":{"self":[{"href":"https:\/\/www.empikfoto.pl\/blog\/wp-json\/wp\/v2\/posts\/10197","targetHints":{"allow":["GET"]}}],"collection":[{"href":"https:\/\/www.empikfoto.pl\/blog\/wp-json\/wp\/v2\/posts"}],"about":[{"href":"https:\/\/www.empikfoto.pl\/blog\/wp-json\/wp\/v2\/types\/post"}],"author":[{"embeddable":true,"href":"https:\/\/www.empikfoto.pl\/blog\/wp-json\/wp\/v2\/users\/16"}],"replies":[{"embeddable":true,"href":"https:\/\/www.empikfoto.pl\/blog\/wp-json\/wp\/v2\/comments?post=10197"}],"version-history":[{"count":5,"href":"https:\/\/www.empikfoto.pl\/blog\/wp-json\/wp\/v2\/posts\/10197\/revisions"}],"predecessor-version":[{"id":12750,"href":"https:\/\/www.empikfoto.pl\/blog\/wp-json\/wp\/v2\/posts\/10197\/revisions\/12750"}],"wp:featuredmedia":[{"embeddable":true,"href":"https:\/\/www.empikfoto.pl\/blog\/wp-json\/wp\/v2\/media\/9494"}],"wp:attachment":[{"href":"https:\/\/www.empikfoto.pl\/blog\/wp-json\/wp\/v2\/media?parent=10197"}],"wp:term":[{"taxonomy":"category","embeddable":true,"href":"https:\/\/www.empikfoto.pl\/blog\/wp-json\/wp\/v2\/categories?post=10197"},{"taxonomy":"post_tag","embeddable":true,"href":"https:\/\/www.empikfoto.pl\/blog\/wp-json\/wp\/v2\/tags?post=10197"}],"curies":[{"name":"wp","href":"https:\/\/api.w.org\/{rel}","templated":true}]}}