{"id":10209,"date":"2020-05-20T10:56:29","date_gmt":"2020-05-20T08:56:29","guid":{"rendered":"https:\/\/blog.empikfoto.pl\/?p=10209"},"modified":"2023-07-24T10:48:13","modified_gmt":"2023-07-24T08:48:13","slug":"co-kupic-rodzicom-rocznice-slubu","status":"publish","type":"post","link":"https:\/\/www.empikfoto.pl\/blog\/co-kupic-rodzicom-rocznice-slubu\/","title":{"rendered":"Co kupi\u0107 rodzicom na rocznic\u0119 \u015blubu?"},"content":{"rendered":"<p><strong>Najcz\u0119\u015bciej zastanawiamy si\u0119 tylko, co kupi\u0107 znajomym na rocznic\u0119 \u015blubu, a cz\u0119sto zapominamy, \u017ce nasi rodzice, b\u0119d\u0105c coraz starszymi, zaczynaj\u0105 obchodzi\u0107 naprawd\u0119 nobliwe jubileusze. 25., 30. lub 50. rocznica \u015blubu wymagaj\u0105 wyj\u0105tkowych uroczysto\u015bci i r\u00f3wnie wyj\u0105tkowych prezent\u00f3w. Warto si\u0119 zastanowi\u0107 i przygotowa\u0107 do tego wydarzenia znacznie wcze\u015bniej, bo tu, jak w ka\u017cdej innej sytuacji, po\u015bpiech bywa z\u0142ym doradc\u0105. Przeczytaj nasz poradnik na temat, co kupi\u0107 rodzicom na rocznic\u0119 \u015blubu i zainspiruj si\u0119!<\/strong><!--more--><\/p>\n<p>Gdy jeste\u015bmy dzie\u0107mi, zwykle nie przywi\u0105zujemy wagi do rocznic \u015blubu naszych rodzic\u00f3w. By\u0107 mo\u017ce dzieje si\u0119 tak dlatego, \u017ce to dopiero rocznice \u201ejednocyfrowe\u201d lub takie, kt\u00f3re z przodu maj\u0105 \u201etylko\u201d jedynk\u0119. Uwa\u017camy w\u00f3wczas, \u017ce uroczysto\u015bci z okazji rocznic \u015blubu zarezerwowane s\u0105 dla dziadk\u00f3w lub innych starszych krewnych, a nasi rodzice s\u0105 przecie\u017c ci\u0105gle m\u0142odzi. Gdy jednak dorastamy lub wr\u0119cz stajemy si\u0119 doro\u015bli, dostrzegamy z niema\u0142ym zdziwieniem, \u017ce tato mocno posiwia\u0142, a pod oczami mamy pojawi\u0142y si\u0119 pierwsze zmarszczki. To niew\u0105tpliwie znak, \u017ce czas p\u0119dzi w zawrotnym tempie i nasi rodzice przygotowuj\u0105 si\u0119 do dwudziestej lub trzydziestej rocznicy \u015blubu. Warto podarowa\u0107 im z tej okazji prezent, kt\u00f3ry nie tylko pozwoli im z sentymentem spojrze\u0107 na ju\u017c minione wsp\u00f3lne lata, ale tak\u017ce sprawi, \u017ce dostrzeg\u0105 oni miejsce na nowe plany i marzenia, kt\u00f3re przecie\u017c nadal mog\u0105 wsp\u00f3lnie realizowa\u0107. Co kupi\u0107 rodzicom na rocznic\u0119 \u015blubu?<\/p>\n<h2>Co kupi\u0107 rodzicom na rocznic\u0119 \u015blubu? Fotoplakat z podr\u00f3\u017cy!<\/h2>\n<p>Tak to ju\u017c jest, \u017ce we wspomnieniach ch\u0119tnie wracamy do miejsc, do kt\u00f3rych uda\u0142o nam si\u0119 pojecha\u0107. Z sentymentem prze\u017cywamy ponownie przygody, kt\u00f3re prze\u017cyli\u015bmy, i wspominamy ludzi, z kt\u00f3rymi w\u00f3wczas sp\u0119dzali\u015bmy mi\u0142y czas. Do minionych wydarze\u0144 cz\u0119sto powracaj\u0105 nawet m\u0142odzi ludzie, ale starsi robi\u0105 to chyba z podw\u00f3jn\u0105 przyjemno\u015bci\u0105. <strong>Przywo\u0142aj wspomnienia rodzic\u00f3w z ich wsp\u00f3lnych podr\u00f3\u017cy i to nie tylko tych spektakularnych<\/strong>. Do egzotycznych miejsc na \u015bwiecie, ale tak\u017ce do tych zwyczajnych, gdy wybierali si\u0119 z namiotem nad jezioro lub przemierzali we dw\u00f3jk\u0119 g\u00f3rskie szlaki.<\/p>\n<p><img loading=\"lazy\" decoding=\"async\" class=\"aligncenter size-full wp-image-12450\" src=\"https:\/\/www.empikfoto.pl\/blog\/empikfoto\/2020\/05\/Co-kupic-rodzicom-na-rocznice-slubu3.jpg\" alt=\"Co kupi\u0107 rodzicom na rocznic\u0119 \u015blubu\" width=\"1000\" height=\"667\" srcset=\"https:\/\/www.empikfoto.pl\/blog\/empikfoto\/2020\/05\/Co-kupic-rodzicom-na-rocznice-slubu3.jpg 1000w, https:\/\/www.empikfoto.pl\/blog\/empikfoto\/2020\/05\/Co-kupic-rodzicom-na-rocznice-slubu3-300x200.jpg 300w, https:\/\/www.empikfoto.pl\/blog\/empikfoto\/2020\/05\/Co-kupic-rodzicom-na-rocznice-slubu3-768x512.jpg 768w, https:\/\/www.empikfoto.pl\/blog\/empikfoto\/2020\/05\/Co-kupic-rodzicom-na-rocznice-slubu3-330x220.jpg 330w, https:\/\/www.empikfoto.pl\/blog\/empikfoto\/2020\/05\/Co-kupic-rodzicom-na-rocznice-slubu3-400x267.jpg 400w\" sizes=\"auto, (max-width: 1000px) 100vw, 1000px\" \/><\/p>\n<p>Poszukaj w domowym archiwum zdj\u0119\u0107 ze wsp\u00f3lnych wyjazd\u00f3w rodzic\u00f3w. Mo\u017ce odnajdziesz te z podr\u00f3\u017cy po\u015blubnej, a mo\u017ce te z pla\u017cy nad Ba\u0142tykiem. Wybierz najlepsze uj\u0119cia i zle\u0107 nam wydrukowanie <a href=\"https:\/\/www.empikfoto.pl\/wystroj-wnetrz\/fotoplakaty\"><strong>fotoplakat\u00f3w<\/strong><\/a>. Odpowied\u017a na pytanie, co kupi\u0107 rodzicom na rocznic\u0119 \u015blubu ju\u017c nie b\u0119dzie sp\u0119dza\u0142o Ci snu z powiek. W naszym kreatorze przygotuj projekt. Mo\u017cesz u\u017cy\u0107 <strong>jednego zdj\u0119cia lub skomponowa\u0107 plakat mozaikowy<\/strong> sk\u0142adaj\u0105cy si\u0119 z wielu fotografii. Wybierz format oraz pod\u0142o\u017ce, na jakim tw\u00f3j projekt zostanie wydrukowany. Przygotowuj\u0105c fotoplakaty, my\u015bl perspektywicznie. Po ich powieszeniu, na \u015bcianie musi zosta\u0107 miejsce na zdj\u0119cia z kolejnych, by\u0107 mo\u017ce nawet jeszcze niezaplanowanych podr\u00f3\u017cy.<\/p>\n<h2>Fotoksi\u0105\u017cka\u2026 czyli rodzinne wspomnienia<\/h2>\n<p>Kiedy\u015b w ka\u017cdym domu na honorowym miejscu le\u017ca\u0142y albumy ze zdj\u0119ciami. Domownicy ch\u0119tnie wracali do wspomnie\u0144 z minionych lat, przegl\u0105daj\u0105c zdj\u0119cia chocia\u017cby podczas popo\u0142udniowej, leniwie pitej kawy. Dzi\u015b \u015bwiat wygl\u0105da nieco inaczej. Robimy telefonami setki, a mo\u017ce tysi\u0105ce zdj\u0119\u0107, kt\u00f3re potem l\u0105duj\u0105 w niezbadanych przestrzeniach komputerowych dysk\u00f3w. Nie jeste\u015bmy w stanie w ci\u0105gu kilku minut dotrze\u0107 do tych <strong>najcenniejszych chwil uwiecznionych w cyfrowych kadrach<\/strong>. <strong><a href=\"https:\/\/www.empikfoto.pl\/prezenty-na-rocznice-slubu\">Fotoksi\u0105\u017cki<\/a> <\/strong>s\u0105 wi\u0119c tym, czego nam trzeba, a te stworzone przy okazji wa\u017cnych rocznic \u015blubu b\u0119d\u0105 szczeg\u00f3lnie cenne.<\/p>\n<p><img loading=\"lazy\" decoding=\"async\" class=\"aligncenter size-full wp-image-12451\" src=\"https:\/\/www.empikfoto.pl\/blog\/empikfoto\/2020\/05\/Co-kupic-rodzicom-na-rocznice-slubu1.jpg\" alt=\"Co kupi\u0107 rodzicom na rocznic\u0119 \u015blubu\" width=\"1000\" height=\"667\" srcset=\"https:\/\/www.empikfoto.pl\/blog\/empikfoto\/2020\/05\/Co-kupic-rodzicom-na-rocznice-slubu1.jpg 1000w, https:\/\/www.empikfoto.pl\/blog\/empikfoto\/2020\/05\/Co-kupic-rodzicom-na-rocznice-slubu1-300x200.jpg 300w, https:\/\/www.empikfoto.pl\/blog\/empikfoto\/2020\/05\/Co-kupic-rodzicom-na-rocznice-slubu1-768x512.jpg 768w, https:\/\/www.empikfoto.pl\/blog\/empikfoto\/2020\/05\/Co-kupic-rodzicom-na-rocznice-slubu1-330x220.jpg 330w, https:\/\/www.empikfoto.pl\/blog\/empikfoto\/2020\/05\/Co-kupic-rodzicom-na-rocznice-slubu1-400x267.jpg 400w\" sizes=\"auto, (max-width: 1000px) 100vw, 1000px\" \/><\/p>\n<p>Przejrzyj zgromadzone pliki cyfrowe i zdj\u0119cia sprzed lat, kt\u00f3re s\u0105 jeszcze wywo\u0142ane w klasycznej formie. Wybierz te, dokumentuj\u0105ce najciekawsze chwile ze wsp\u00f3lnego \u017cycia rodzic\u00f3w. Niech znajdzie si\u0119 tam zdj\u0119cie ze \u015blubu rodzic\u00f3w, z ich wsp\u00f3lnej podr\u00f3\u017cy po\u015blubnej. Do\u0142\u0105cz zdj\u0119cia z narodzin swoich i twojego rodze\u0144stwa. Z pewno\u015bci\u0105 znajdziesz zar\u00f3wno fotografie sentymentalne, jak i te zabawne. U\u0142\u00f3\u017c je w <strong>przemy\u015blanej kolejno\u015bci, a nast\u0119pnie samodzielnie zaprojektuj fotoksi\u0105\u017ck\u0119<\/strong>, korzystaj\u0105c z naszej strony internetowej. Nadaj jej tytu\u0142, dodaj komentarze do wprowadzonych wcze\u015bniej zdj\u0119\u0107, skorzystaj z ciekawych klipart\u00f3w, te\u0142 i ramek. Je\u015bli nie masz w sobie duszy designera, wybierz jeden z gotowych szablon\u00f3w. Tak stworzony projekt wydrukujemy w wybranym formacie i przeka\u017cemy go tobie. Fotoksi\u0105\u017cka to fantastyczny prezent na rocznic\u0119 \u015blubu, po kt\u00f3ry rodzice b\u0119d\u0105 si\u0119ga\u0107 przez wiele kolejnych lat. Szczeg\u00f3lnie, gdy zachowasz go w<strong><a href=\"https:\/\/www.empikfoto.pl\/pudelka-na-fotoksiazki\"> dedykowanym pude\u0142ku<\/a><\/strong>.<\/p>\n","protected":false},"excerpt":{"rendered":"<p>Najcz\u0119\u015bciej zastanawiamy si\u0119 tylko, co kupi\u0107 znajomym na rocznic\u0119 \u015blubu, a cz\u0119sto zapominamy, \u017ce nasi rodzice, b\u0119d\u0105c coraz starszymi, zaczynaj\u0105 obchodzi\u0107 naprawd\u0119 nobliwe jubileusze. 25., 30. lub 50. rocznica \u015blubu wymagaj\u0105 wyj\u0105tkowych uroczysto\u015bci i r\u00f3wnie wyj\u0105tkowych prezent\u00f3w. Warto si\u0119 zastanowi\u0107 i przygotowa\u0107 do tego wydarzenia znacznie wcze\u015bniej, bo tu, jak w ka\u017cdej innej sytuacji, po\u015bpiech bywa z\u0142ym doradc\u0105. Przeczytaj nasz poradnik na temat, co kupi\u0107 rodzicom na rocznic\u0119 \u015blubu i zainspiruj si\u0119!<\/p>\n","protected":false},"author":16,"featured_media":12449,"comment_status":"closed","ping_status":"closed","sticky":false,"template":"","format":"standard","meta":{"footnotes":""},"categories":[113,1059],"tags":[],"class_list":["post-10209","post","type-post","status-publish","format-standard","has-post-thumbnail","hentry","category-pomysl-na-prezent","category-pomysly-na-prezent"],"yoast_head":"<!-- This site is optimized with the Yoast SEO plugin v27.4 - https:\/\/yoast.com\/product\/yoast-seo-wordpress\/ -->\n<title>Co kupi\u0107 rodzicom na rocznic\u0119 \u015blubu? | Empik Foto<\/title>\n<meta name=\"description\" content=\"Co kupi\u0107 rodzicom na rocznic\u0119 \u015blubu? Zainspiruj si\u0119 pomys\u0142ami na prezenty, kt\u00f3re podkre\u015bl\u0105 mi\u0142o\u015b\u0107 i wdzi\u0119czno\u015b\u0107 w ich wyj\u0105tkowym dniu.\" \/>\n<meta name=\"robots\" content=\"index, follow, max-snippet:-1, max-image-preview:large, max-video-preview:-1\" \/>\n<link rel=\"canonical\" href=\"https:\/\/www.empikfoto.pl\/blog\/co-kupic-rodzicom-rocznice-slubu\/\" \/>\n<meta property=\"og:locale\" content=\"pl_PL\" \/>\n<meta property=\"og:type\" content=\"article\" \/>\n<meta property=\"og:title\" content=\"Co kupi\u0107 rodzicom na rocznic\u0119 \u015blubu? | Empik Foto\" \/>\n<meta property=\"og:description\" content=\"Co kupi\u0107 rodzicom na rocznic\u0119 \u015blubu? Zainspiruj si\u0119 pomys\u0142ami na prezenty, kt\u00f3re podkre\u015bl\u0105 mi\u0142o\u015b\u0107 i wdzi\u0119czno\u015b\u0107 w ich wyj\u0105tkowym dniu.\" \/>\n<meta property=\"og:url\" content=\"https:\/\/www.empikfoto.pl\/blog\/co-kupic-rodzicom-rocznice-slubu\/\" \/>\n<meta property=\"og:site_name\" content=\"blog.empikfoto.pl\" \/>\n<meta property=\"article:publisher\" content=\"https:\/\/www.facebook.com\/empikfotopl\/\" \/>\n<meta property=\"article:published_time\" content=\"2020-05-20T08:56:29+00:00\" \/>\n<meta property=\"article:modified_time\" content=\"2023-07-24T08:48:13+00:00\" \/>\n<meta property=\"og:image\" content=\"https:\/\/www.empikfoto.pl\/blog\/empikfoto\/2020\/05\/Co-kupic-rodzicom-na-rocznice-slubu2.jpg\" \/>\n\t<meta property=\"og:image:width\" content=\"1000\" \/>\n\t<meta property=\"og:image:height\" content=\"667\" \/>\n\t<meta property=\"og:image:type\" content=\"image\/jpeg\" \/>\n<meta name=\"author\" content=\"Patrycja\" \/>\n<meta name=\"twitter:card\" content=\"summary_large_image\" \/>\n<meta name=\"twitter:creator\" content=\"@empikfoto\" \/>\n<meta name=\"twitter:site\" content=\"@empikfoto\" \/>\n<meta name=\"twitter:label1\" content=\"Napisane przez\" \/>\n\t<meta name=\"twitter:data1\" content=\"Patrycja\" \/>\n\t<meta name=\"twitter:label2\" content=\"Szacowany czas czytania\" \/>\n\t<meta name=\"twitter:data2\" content=\"5 minut\" \/>\n<script type=\"application\/ld+json\" class=\"yoast-schema-graph\">{\"@context\":\"https:\\\/\\\/schema.org\",\"@graph\":[{\"@type\":\"Article\",\"@id\":\"https:\\\/\\\/www.empikfoto.pl\\\/blog\\\/co-kupic-rodzicom-rocznice-slubu\\\/#article\",\"isPartOf\":{\"@id\":\"https:\\\/\\\/www.empikfoto.pl\\\/blog\\\/co-kupic-rodzicom-rocznice-slubu\\\/\"},\"author\":{\"name\":\"Patrycja\",\"@id\":\"https:\\\/\\\/www.empikfoto.pl\\\/blog\\\/#\\\/schema\\\/person\\\/0313802ca5dac502e3266853c59632c0\"},\"headline\":\"Co kupi\u0107 rodzicom na rocznic\u0119 \u015blubu?\",\"datePublished\":\"2020-05-20T08:56:29+00:00\",\"dateModified\":\"2023-07-24T08:48:13+00:00\",\"mainEntityOfPage\":{\"@id\":\"https:\\\/\\\/www.empikfoto.pl\\\/blog\\\/co-kupic-rodzicom-rocznice-slubu\\\/\"},\"wordCount\":769,\"image\":{\"@id\":\"https:\\\/\\\/www.empikfoto.pl\\\/blog\\\/co-kupic-rodzicom-rocznice-slubu\\\/#primaryimage\"},\"thumbnailUrl\":\"https:\\\/\\\/www.empikfoto.pl\\\/blog\\\/empikfoto\\\/2020\\\/05\\\/Co-kupic-rodzicom-na-rocznice-slubu2.jpg\",\"articleSection\":[\"Pomys\u0142 na prezent\",\"Pomys\u0142y na prezent\"],\"inLanguage\":\"pl-PL\"},{\"@type\":\"WebPage\",\"@id\":\"https:\\\/\\\/www.empikfoto.pl\\\/blog\\\/co-kupic-rodzicom-rocznice-slubu\\\/\",\"url\":\"https:\\\/\\\/www.empikfoto.pl\\\/blog\\\/co-kupic-rodzicom-rocznice-slubu\\\/\",\"name\":\"Co kupi\u0107 rodzicom na rocznic\u0119 \u015blubu? | Empik Foto\",\"isPartOf\":{\"@id\":\"https:\\\/\\\/www.empikfoto.pl\\\/blog\\\/#website\"},\"primaryImageOfPage\":{\"@id\":\"https:\\\/\\\/www.empikfoto.pl\\\/blog\\\/co-kupic-rodzicom-rocznice-slubu\\\/#primaryimage\"},\"image\":{\"@id\":\"https:\\\/\\\/www.empikfoto.pl\\\/blog\\\/co-kupic-rodzicom-rocznice-slubu\\\/#primaryimage\"},\"thumbnailUrl\":\"https:\\\/\\\/www.empikfoto.pl\\\/blog\\\/empikfoto\\\/2020\\\/05\\\/Co-kupic-rodzicom-na-rocznice-slubu2.jpg\",\"datePublished\":\"2020-05-20T08:56:29+00:00\",\"dateModified\":\"2023-07-24T08:48:13+00:00\",\"author\":{\"@id\":\"https:\\\/\\\/www.empikfoto.pl\\\/blog\\\/#\\\/schema\\\/person\\\/0313802ca5dac502e3266853c59632c0\"},\"description\":\"Co kupi\u0107 rodzicom na rocznic\u0119 \u015blubu? Zainspiruj si\u0119 pomys\u0142ami na prezenty, kt\u00f3re podkre\u015bl\u0105 mi\u0142o\u015b\u0107 i wdzi\u0119czno\u015b\u0107 w ich wyj\u0105tkowym dniu.\",\"breadcrumb\":{\"@id\":\"https:\\\/\\\/www.empikfoto.pl\\\/blog\\\/co-kupic-rodzicom-rocznice-slubu\\\/#breadcrumb\"},\"inLanguage\":\"pl-PL\",\"potentialAction\":[{\"@type\":\"ReadAction\",\"target\":[\"https:\\\/\\\/www.empikfoto.pl\\\/blog\\\/co-kupic-rodzicom-rocznice-slubu\\\/\"]}]},{\"@type\":\"ImageObject\",\"inLanguage\":\"pl-PL\",\"@id\":\"https:\\\/\\\/www.empikfoto.pl\\\/blog\\\/co-kupic-rodzicom-rocznice-slubu\\\/#primaryimage\",\"url\":\"https:\\\/\\\/www.empikfoto.pl\\\/blog\\\/empikfoto\\\/2020\\\/05\\\/Co-kupic-rodzicom-na-rocznice-slubu2.jpg\",\"contentUrl\":\"https:\\\/\\\/www.empikfoto.pl\\\/blog\\\/empikfoto\\\/2020\\\/05\\\/Co-kupic-rodzicom-na-rocznice-slubu2.jpg\",\"width\":1000,\"height\":667,\"caption\":\"Co kupi\u0107 rodzicom na rocznic\u0119 \u015blubu\"},{\"@type\":\"BreadcrumbList\",\"@id\":\"https:\\\/\\\/www.empikfoto.pl\\\/blog\\\/co-kupic-rodzicom-rocznice-slubu\\\/#breadcrumb\",\"itemListElement\":[{\"@type\":\"ListItem\",\"position\":1,\"name\":\"Strona g\u0142\u00f3wna\",\"item\":\"https:\\\/\\\/www.empikfoto.pl\\\/blog\\\/\"},{\"@type\":\"ListItem\",\"position\":2,\"name\":\"Co kupi\u0107 rodzicom na rocznic\u0119 \u015blubu?\"}]},{\"@type\":\"WebSite\",\"@id\":\"https:\\\/\\\/www.empikfoto.pl\\\/blog\\\/#website\",\"url\":\"https:\\\/\\\/www.empikfoto.pl\\\/blog\\\/\",\"name\":\"blog.empikfoto.pl\",\"description\":\"Poznaj empikfoto.pl od \u015brodka! Dowiedz si\u0119 wi\u0119cej o odbitkach, fotoksi\u0105\u017ckach i fotografii.\",\"potentialAction\":[{\"@type\":\"SearchAction\",\"target\":{\"@type\":\"EntryPoint\",\"urlTemplate\":\"https:\\\/\\\/www.empikfoto.pl\\\/blog\\\/?s={search_term_string}\"},\"query-input\":{\"@type\":\"PropertyValueSpecification\",\"valueRequired\":true,\"valueName\":\"search_term_string\"}}],\"inLanguage\":\"pl-PL\"},{\"@type\":\"Person\",\"@id\":\"https:\\\/\\\/www.empikfoto.pl\\\/blog\\\/#\\\/schema\\\/person\\\/0313802ca5dac502e3266853c59632c0\",\"name\":\"Patrycja\",\"image\":{\"@type\":\"ImageObject\",\"inLanguage\":\"pl-PL\",\"@id\":\"https:\\\/\\\/secure.gravatar.com\\\/avatar\\\/f25168e12215ad42f58e5fb72881daaeb57bd4f907081046016f64bf167db59f?s=96&d=identicon&r=g\",\"url\":\"https:\\\/\\\/secure.gravatar.com\\\/avatar\\\/f25168e12215ad42f58e5fb72881daaeb57bd4f907081046016f64bf167db59f?s=96&d=identicon&r=g\",\"contentUrl\":\"https:\\\/\\\/secure.gravatar.com\\\/avatar\\\/f25168e12215ad42f58e5fb72881daaeb57bd4f907081046016f64bf167db59f?s=96&d=identicon&r=g\",\"caption\":\"Patrycja\"},\"url\":\"https:\\\/\\\/www.empikfoto.pl\\\/blog\\\/author\\\/patrycja\\\/\"}]}<\/script>\n<!-- \/ Yoast SEO plugin. -->","yoast_head_json":{"title":"Co kupi\u0107 rodzicom na rocznic\u0119 \u015blubu? | Empik Foto","description":"Co kupi\u0107 rodzicom na rocznic\u0119 \u015blubu? Zainspiruj si\u0119 pomys\u0142ami na prezenty, kt\u00f3re podkre\u015bl\u0105 mi\u0142o\u015b\u0107 i wdzi\u0119czno\u015b\u0107 w ich wyj\u0105tkowym dniu.","robots":{"index":"index","follow":"follow","max-snippet":"max-snippet:-1","max-image-preview":"max-image-preview:large","max-video-preview":"max-video-preview:-1"},"canonical":"https:\/\/www.empikfoto.pl\/blog\/co-kupic-rodzicom-rocznice-slubu\/","og_locale":"pl_PL","og_type":"article","og_title":"Co kupi\u0107 rodzicom na rocznic\u0119 \u015blubu? | Empik Foto","og_description":"Co kupi\u0107 rodzicom na rocznic\u0119 \u015blubu? Zainspiruj si\u0119 pomys\u0142ami na prezenty, kt\u00f3re podkre\u015bl\u0105 mi\u0142o\u015b\u0107 i wdzi\u0119czno\u015b\u0107 w ich wyj\u0105tkowym dniu.","og_url":"https:\/\/www.empikfoto.pl\/blog\/co-kupic-rodzicom-rocznice-slubu\/","og_site_name":"blog.empikfoto.pl","article_publisher":"https:\/\/www.facebook.com\/empikfotopl\/","article_published_time":"2020-05-20T08:56:29+00:00","article_modified_time":"2023-07-24T08:48:13+00:00","og_image":[{"width":1000,"height":667,"url":"https:\/\/www.empikfoto.pl\/blog\/empikfoto\/2020\/05\/Co-kupic-rodzicom-na-rocznice-slubu2.jpg","type":"image\/jpeg"}],"author":"Patrycja","twitter_card":"summary_large_image","twitter_creator":"@empikfoto","twitter_site":"@empikfoto","twitter_misc":{"Napisane przez":"Patrycja","Szacowany czas czytania":"5 minut"},"schema":{"@context":"https:\/\/schema.org","@graph":[{"@type":"Article","@id":"https:\/\/www.empikfoto.pl\/blog\/co-kupic-rodzicom-rocznice-slubu\/#article","isPartOf":{"@id":"https:\/\/www.empikfoto.pl\/blog\/co-kupic-rodzicom-rocznice-slubu\/"},"author":{"name":"Patrycja","@id":"https:\/\/www.empikfoto.pl\/blog\/#\/schema\/person\/0313802ca5dac502e3266853c59632c0"},"headline":"Co kupi\u0107 rodzicom na rocznic\u0119 \u015blubu?","datePublished":"2020-05-20T08:56:29+00:00","dateModified":"2023-07-24T08:48:13+00:00","mainEntityOfPage":{"@id":"https:\/\/www.empikfoto.pl\/blog\/co-kupic-rodzicom-rocznice-slubu\/"},"wordCount":769,"image":{"@id":"https:\/\/www.empikfoto.pl\/blog\/co-kupic-rodzicom-rocznice-slubu\/#primaryimage"},"thumbnailUrl":"https:\/\/www.empikfoto.pl\/blog\/empikfoto\/2020\/05\/Co-kupic-rodzicom-na-rocznice-slubu2.jpg","articleSection":["Pomys\u0142 na prezent","Pomys\u0142y na prezent"],"inLanguage":"pl-PL"},{"@type":"WebPage","@id":"https:\/\/www.empikfoto.pl\/blog\/co-kupic-rodzicom-rocznice-slubu\/","url":"https:\/\/www.empikfoto.pl\/blog\/co-kupic-rodzicom-rocznice-slubu\/","name":"Co kupi\u0107 rodzicom na rocznic\u0119 \u015blubu? | Empik Foto","isPartOf":{"@id":"https:\/\/www.empikfoto.pl\/blog\/#website"},"primaryImageOfPage":{"@id":"https:\/\/www.empikfoto.pl\/blog\/co-kupic-rodzicom-rocznice-slubu\/#primaryimage"},"image":{"@id":"https:\/\/www.empikfoto.pl\/blog\/co-kupic-rodzicom-rocznice-slubu\/#primaryimage"},"thumbnailUrl":"https:\/\/www.empikfoto.pl\/blog\/empikfoto\/2020\/05\/Co-kupic-rodzicom-na-rocznice-slubu2.jpg","datePublished":"2020-05-20T08:56:29+00:00","dateModified":"2023-07-24T08:48:13+00:00","author":{"@id":"https:\/\/www.empikfoto.pl\/blog\/#\/schema\/person\/0313802ca5dac502e3266853c59632c0"},"description":"Co kupi\u0107 rodzicom na rocznic\u0119 \u015blubu? Zainspiruj si\u0119 pomys\u0142ami na prezenty, kt\u00f3re podkre\u015bl\u0105 mi\u0142o\u015b\u0107 i wdzi\u0119czno\u015b\u0107 w ich wyj\u0105tkowym dniu.","breadcrumb":{"@id":"https:\/\/www.empikfoto.pl\/blog\/co-kupic-rodzicom-rocznice-slubu\/#breadcrumb"},"inLanguage":"pl-PL","potentialAction":[{"@type":"ReadAction","target":["https:\/\/www.empikfoto.pl\/blog\/co-kupic-rodzicom-rocznice-slubu\/"]}]},{"@type":"ImageObject","inLanguage":"pl-PL","@id":"https:\/\/www.empikfoto.pl\/blog\/co-kupic-rodzicom-rocznice-slubu\/#primaryimage","url":"https:\/\/www.empikfoto.pl\/blog\/empikfoto\/2020\/05\/Co-kupic-rodzicom-na-rocznice-slubu2.jpg","contentUrl":"https:\/\/www.empikfoto.pl\/blog\/empikfoto\/2020\/05\/Co-kupic-rodzicom-na-rocznice-slubu2.jpg","width":1000,"height":667,"caption":"Co kupi\u0107 rodzicom na rocznic\u0119 \u015blubu"},{"@type":"BreadcrumbList","@id":"https:\/\/www.empikfoto.pl\/blog\/co-kupic-rodzicom-rocznice-slubu\/#breadcrumb","itemListElement":[{"@type":"ListItem","position":1,"name":"Strona g\u0142\u00f3wna","item":"https:\/\/www.empikfoto.pl\/blog\/"},{"@type":"ListItem","position":2,"name":"Co kupi\u0107 rodzicom na rocznic\u0119 \u015blubu?"}]},{"@type":"WebSite","@id":"https:\/\/www.empikfoto.pl\/blog\/#website","url":"https:\/\/www.empikfoto.pl\/blog\/","name":"blog.empikfoto.pl","description":"Poznaj empikfoto.pl od \u015brodka! Dowiedz si\u0119 wi\u0119cej o odbitkach, fotoksi\u0105\u017ckach i fotografii.","potentialAction":[{"@type":"SearchAction","target":{"@type":"EntryPoint","urlTemplate":"https:\/\/www.empikfoto.pl\/blog\/?s={search_term_string}"},"query-input":{"@type":"PropertyValueSpecification","valueRequired":true,"valueName":"search_term_string"}}],"inLanguage":"pl-PL"},{"@type":"Person","@id":"https:\/\/www.empikfoto.pl\/blog\/#\/schema\/person\/0313802ca5dac502e3266853c59632c0","name":"Patrycja","image":{"@type":"ImageObject","inLanguage":"pl-PL","@id":"https:\/\/secure.gravatar.com\/avatar\/f25168e12215ad42f58e5fb72881daaeb57bd4f907081046016f64bf167db59f?s=96&d=identicon&r=g","url":"https:\/\/secure.gravatar.com\/avatar\/f25168e12215ad42f58e5fb72881daaeb57bd4f907081046016f64bf167db59f?s=96&d=identicon&r=g","contentUrl":"https:\/\/secure.gravatar.com\/avatar\/f25168e12215ad42f58e5fb72881daaeb57bd4f907081046016f64bf167db59f?s=96&d=identicon&r=g","caption":"Patrycja"},"url":"https:\/\/www.empikfoto.pl\/blog\/author\/patrycja\/"}]}},"amp_enabled":true,"_links":{"self":[{"href":"https:\/\/www.empikfoto.pl\/blog\/wp-json\/wp\/v2\/posts\/10209","targetHints":{"allow":["GET"]}}],"collection":[{"href":"https:\/\/www.empikfoto.pl\/blog\/wp-json\/wp\/v2\/posts"}],"about":[{"href":"https:\/\/www.empikfoto.pl\/blog\/wp-json\/wp\/v2\/types\/post"}],"author":[{"embeddable":true,"href":"https:\/\/www.empikfoto.pl\/blog\/wp-json\/wp\/v2\/users\/16"}],"replies":[{"embeddable":true,"href":"https:\/\/www.empikfoto.pl\/blog\/wp-json\/wp\/v2\/comments?post=10209"}],"version-history":[{"count":5,"href":"https:\/\/www.empikfoto.pl\/blog\/wp-json\/wp\/v2\/posts\/10209\/revisions"}],"predecessor-version":[{"id":12452,"href":"https:\/\/www.empikfoto.pl\/blog\/wp-json\/wp\/v2\/posts\/10209\/revisions\/12452"}],"wp:featuredmedia":[{"embeddable":true,"href":"https:\/\/www.empikfoto.pl\/blog\/wp-json\/wp\/v2\/media\/12449"}],"wp:attachment":[{"href":"https:\/\/www.empikfoto.pl\/blog\/wp-json\/wp\/v2\/media?parent=10209"}],"wp:term":[{"taxonomy":"category","embeddable":true,"href":"https:\/\/www.empikfoto.pl\/blog\/wp-json\/wp\/v2\/categories?post=10209"},{"taxonomy":"post_tag","embeddable":true,"href":"https:\/\/www.empikfoto.pl\/blog\/wp-json\/wp\/v2\/tags?post=10209"}],"curies":[{"name":"wp","href":"https:\/\/api.w.org\/{rel}","templated":true}]}}