{"id":10301,"date":"2020-10-20T10:49:14","date_gmt":"2020-10-20T08:49:14","guid":{"rendered":"https:\/\/blog.empikfoto.pl\/?p=10301"},"modified":"2023-08-25T11:33:21","modified_gmt":"2023-08-25T09:33:21","slug":"plakaty-roslinne-botanika-wiecznie-w-wodzie","status":"publish","type":"post","link":"https:\/\/www.empikfoto.pl\/blog\/plakaty-roslinne-botanika-wiecznie-w-wodzie\/","title":{"rendered":"Plakaty ro\u015blinne &#8211; botanika wiecznie w modzie"},"content":{"rendered":"<p><strong>Plakaty z botanicznymi motywami to niekwestionowany trend wn\u0119trzarski. Inspirowane natur\u0105, rosn\u0105c\u0105 \u015bwiadomo\u015bci\u0105 spo\u0142eczn\u0105 w dziedzinie ekologii oraz modnym stylem skandynawskim \u2013 pasowa\u0107 b\u0119d\u0105 do ka\u017cdego wn\u0119trza. Poszukujesz ro\u015blinnych inspiracji? Zobacz, jakie plakaty dla Ciebie wybrali\u015bmy!<\/strong><!--more--><\/p>\n<h2><strong>Plakaty ro\u015blinne \u2013 w zgodzie z natur\u0105<\/strong><\/h2>\n<p><a href=\"https:\/\/www.empikfoto.pl\/wystroj-wnetrz\/fotoplakaty\"><strong>Plakaty z botanicznymi wzorami<\/strong><\/a> wnios\u0105 do ka\u017cdego wn\u0119trza ro\u015blinne orze\u017awienie, dzi\u0119ki kt\u00f3remu nawet w centrum miasta przeniesiesz si\u0119 na moment do r\u00f3\u017canego ogrodu lub tropikalnej d\u017cungli. Idealne do wn\u0119trz urz\u0105dzonych w stylu skandynawskim, retro, czy te\u017c minimalistycznych. Ro\u015blinne motywy dopasowa\u0107 mo\u017cna jednak do wystroju niemal ka\u017cdego mieszkania. Ziele\u0144 relaksuje i odpr\u0119\u017ca, warto wi\u0119c znale\u017a\u0107 dla niej miejsce w naszym otoczeniu. Jakie plakaty ro\u015blinne wybra\u0107? Przygotowali\u015bmy dla Was par\u0119 propozycji wartych uwagi.<\/p>\n<p><img loading=\"lazy\" decoding=\"async\" class=\"aligncenter wp-image-10903 size-full\" src=\"https:\/\/blog.empikfoto.pl\/empikfoto\/2021\/02\/ramka_liscie02_500x500.jpg\" alt=\"\" width=\"500\" height=\"500\" srcset=\"https:\/\/www.empikfoto.pl\/blog\/empikfoto\/2021\/02\/ramka_liscie02_500x500.jpg 500w, https:\/\/www.empikfoto.pl\/blog\/empikfoto\/2021\/02\/ramka_liscie02_500x500-300x300.jpg 300w, https:\/\/www.empikfoto.pl\/blog\/empikfoto\/2021\/02\/ramka_liscie02_500x500-150x150.jpg 150w, https:\/\/www.empikfoto.pl\/blog\/empikfoto\/2021\/02\/ramka_liscie02_500x500-400x400.jpg 400w\" sizes=\"auto, (max-width: 500px) 100vw, 500px\" \/><\/p>\n<h2><strong>Plakaty tropikalne<\/strong><\/h2>\n<p>Nie ka\u017cdego sta\u0107 na wakacyjn\u0105 podr\u00f3\u017c w tropiki. Ka\u017cdy jednak mo\u017ce poczu\u0107 letni\u0105 atmosfer\u0119 we w\u0142asnym domu. Pomo\u017ce w tym wyb\u00f3r odpowiednich dodatk\u00f3w. Modne tropikalne plakaty wnios\u0105 do wn\u0119trza nieco beztroski, rado\u015bci i wakacyjnego szale\u0144stwa. Hawajskie kwiaty, palmy i egzotyczne owoce sprawi\u0105, \u017ce nawet zim\u0105 poczujesz powiew gor\u0105cego powietrza z Po\u0142udnia. Nasza propozycja to <strong><a href=\"https:\/\/www.empikfoto.pl\/plakat,tropical-czarna-ramka\">plakat w ramce Tropikal<\/a><\/strong>. Grafika z li\u015b\u0107mi i kwiatami na czarnym tle b\u0119dzie \u015bwietnie wygl\u0105da\u0107 w kolorowym salonie lub o\u017cywi jasne, proste wn\u0119trze.<\/p>\n<p>&nbsp;<\/p>\n<p><img loading=\"lazy\" decoding=\"async\" class=\"aligncenter wp-image-10912 size-full\" src=\"https:\/\/blog.empikfoto.pl\/empikfoto\/2021\/02\/ramka_tropical_animals_500x500.jpg\" alt=\"Plakat\" width=\"500\" height=\"500\" srcset=\"https:\/\/www.empikfoto.pl\/blog\/empikfoto\/2021\/02\/ramka_tropical_animals_500x500.jpg 500w, https:\/\/www.empikfoto.pl\/blog\/empikfoto\/2021\/02\/ramka_tropical_animals_500x500-300x300.jpg 300w, https:\/\/www.empikfoto.pl\/blog\/empikfoto\/2021\/02\/ramka_tropical_animals_500x500-150x150.jpg 150w, https:\/\/www.empikfoto.pl\/blog\/empikfoto\/2021\/02\/ramka_tropical_animals_500x500-400x400.jpg 400w\" sizes=\"auto, (max-width: 500px) 100vw, 500px\" \/><\/p>\n<h2><strong>Plakaty le\u015bne<\/strong><\/h2>\n<p>Wolisz pozosta\u0107 w klimacie umiarkowanym? Postaw na plakat prezentuj\u0105cy ziele\u0144 typow\u0105 dla las\u00f3w z naszych region\u00f3w. Zw\u0142aszcza, je\u015bli niecz\u0119sto mo\u017cesz sobie pozwoli\u0107 na wypad za miasto. Le\u015bne plakaty sprawdz\u0105 si\u0119 te\u017c \u015bwietnie w wiejskich domkach i letnich posiad\u0142o\u015bciach. S\u0142owem: pasowa\u0107 b\u0119d\u0105 wsz\u0119dzie. <strong><a href=\"https:\/\/www.empikfoto.pl\/plakat,zielen-czarna-ramka\">Plakat ziele\u0144<\/a><\/strong>, dost\u0119pny w naszym sklepie \u015bwietnie odegra swoj\u0105 rol\u0119 w praktycznie ka\u017cdej aran\u017cacji. Wniesie powiew ch\u0142odnego powietrza i tajemnicy. Ciemne, spokojne kolory pozwol\u0105 Twoim oczom odpocz\u0105\u0107. Na stronie oferty znajdziesz tak\u017ce propozycje po\u0142\u0105czenia plakatu z innymi, r\u00f3wnie\u017c z naszej oferty. W towarzystwie ro\u015blin doniczkowych b\u0119d\u0105 one stanowi\u0107 botaniczny k\u0105cik w Twoim mieszkaniu.<\/p>\n<p><img loading=\"lazy\" decoding=\"async\" class=\"aligncenter wp-image-10897 size-full\" src=\"https:\/\/blog.empikfoto.pl\/empikfoto\/2021\/02\/ramka_kaktus02_500x500.jpg\" alt=\"Plakaty\" width=\"500\" height=\"500\" srcset=\"https:\/\/www.empikfoto.pl\/blog\/empikfoto\/2021\/02\/ramka_kaktus02_500x500.jpg 500w, https:\/\/www.empikfoto.pl\/blog\/empikfoto\/2021\/02\/ramka_kaktus02_500x500-300x300.jpg 300w, https:\/\/www.empikfoto.pl\/blog\/empikfoto\/2021\/02\/ramka_kaktus02_500x500-150x150.jpg 150w, https:\/\/www.empikfoto.pl\/blog\/empikfoto\/2021\/02\/ramka_kaktus02_500x500-400x400.jpg 400w\" sizes=\"auto, (max-width: 500px) 100vw, 500px\" \/><\/p>\n<h2><strong>Ro\u015blinne plakaty do kuchni<\/strong><\/h2>\n<p>Plakaty ro\u015blinne \u015bwietnie sprawdz\u0105 si\u0119 r\u00f3wnie\u017c w kuchni i w jadalni. Idealnym motywem b\u0119d\u0105 w tym przypadku przyprawy: koperek, czosnek, papryczki chili \u2013 opcji jest sporo. W naszym sklepie znajdziesz <a href=\"https:\/\/www.empikfoto.pl\/plakat,przyprawy-czarna-ramka\"><strong>&#8220;plakat przyprawy&#8221;<\/strong><\/a> w czarnej ramce. Ciemne kolory sprawdz\u0105 si\u0119 w ka\u017cdej nowoczesnej kuchni. A mo\u017ce wz\u00f3r ten zainspiruje Ci\u0119 tak\u017ce do stworzenia w\u0142asnego kuchennego \u201eogr\u00f3dka\u201d z przyprawami?<\/p>\n<p><img loading=\"lazy\" decoding=\"async\" class=\"aligncenter wp-image-10764\" src=\"https:\/\/blog.empikfoto.pl\/empikfoto\/2021\/05\/kuchnia_1-min-1024x1024.jpg\" alt=\"plakaty\" width=\"624\" height=\"624\" srcset=\"https:\/\/www.empikfoto.pl\/blog\/empikfoto\/2021\/05\/kuchnia_1-min-1024x1024.jpg 1024w, https:\/\/www.empikfoto.pl\/blog\/empikfoto\/2021\/05\/kuchnia_1-min-300x300.jpg 300w, https:\/\/www.empikfoto.pl\/blog\/empikfoto\/2021\/05\/kuchnia_1-min-150x150.jpg 150w, https:\/\/www.empikfoto.pl\/blog\/empikfoto\/2021\/05\/kuchnia_1-min-768x768.jpg 768w, https:\/\/www.empikfoto.pl\/blog\/empikfoto\/2021\/05\/kuchnia_1-min-1536x1536.jpg 1536w, https:\/\/www.empikfoto.pl\/blog\/empikfoto\/2021\/05\/kuchnia_1-min-2048x2048.jpg 2048w, https:\/\/www.empikfoto.pl\/blog\/empikfoto\/2021\/05\/kuchnia_1-min-400x400.jpg 400w\" sizes=\"auto, (max-width: 624px) 100vw, 624px\" \/><\/p>\n<h2><strong>Nie tylko ziele\u0144<\/strong><\/h2>\n<p>Nie sam\u0105 zieleni\u0105 \u017cyje cz\u0142owiek! Motywy ro\u015blinne wyst\u0119puj\u0105 te\u017c w innej ni\u017c kolorystyce, dzi\u0119ki czemu mo\u017cemy je dopasowa\u0107 do ka\u017cdego koloru \u015bcian i tapety. B\u0119d\u0105 to przede wszystkim grafiki i zdj\u0119cia kwiat\u00f3w. Je\u015bli nie jeste\u015b mi\u0142o\u015bnikiem i ro\u015blin w doniczkach, w ten spos\u00f3b zape\u0142nisz dom kwiatami bez konieczno\u015bci dbania o nie i regularnego podlewania. Ro\u015blinne plakaty pomog\u0105 w zaprowadzeniu harmonii i dadz\u0105 zastrzyk pozytywnej energii. Nasza propozycja to <strong><a href=\"https:\/\/www.empikfoto.pl\/plakat,lawenda-czarna-ramka\">plakat w ramce ze zdj\u0119ciem lawendy<\/a><\/strong>. Kr\u00f3luj\u0105cy na nim fiolet przyniesie oczom odpoczynek i ukoi my\u015bli. Pasowa\u0107 b\u0119dzie do minimalistycznego salonu lub romantycznej sypialni.<\/p>\n<p><img loading=\"lazy\" decoding=\"async\" class=\"aligncenter wp-image-10776\" src=\"https:\/\/blog.empikfoto.pl\/empikfoto\/2021\/05\/sypialnia_1-min-1024x576.jpg\" alt=\"\" width=\"624\" height=\"351\" srcset=\"https:\/\/www.empikfoto.pl\/blog\/empikfoto\/2021\/05\/sypialnia_1-min-1024x576.jpg 1024w, https:\/\/www.empikfoto.pl\/blog\/empikfoto\/2021\/05\/sypialnia_1-min-300x169.jpg 300w, https:\/\/www.empikfoto.pl\/blog\/empikfoto\/2021\/05\/sypialnia_1-min-768x432.jpg 768w, https:\/\/www.empikfoto.pl\/blog\/empikfoto\/2021\/05\/sypialnia_1-min-1536x864.jpg 1536w, https:\/\/www.empikfoto.pl\/blog\/empikfoto\/2021\/05\/sypialnia_1-min-2048x1152.jpg 2048w, https:\/\/www.empikfoto.pl\/blog\/empikfoto\/2021\/05\/sypialnia_1-min-400x225.jpg 400w\" sizes=\"auto, (max-width: 624px) 100vw, 624px\" \/><\/p>\n<h2><strong>Gdzie umie\u015bci\u0107 plakaty ro\u015blinne?<\/strong><\/h2>\n<p>Odpowied\u017a jest prosta: <strong>pasuj\u0105 one do ka\u017cdego pomieszczenia.<\/strong> Wsz\u0119dzie, gdzie przebywamy, ro\u015blinne motywy zapewni\u0105 nam poczucie spokoju i harmonii. Odrywaj\u0105c si\u0119 na chwil\u0119 od codziennych zaj\u0119\u0107 mo\u017cemy poczu\u0107 zielon\u0105 energi\u0119 i przenie\u015b\u0107 si\u0119 my\u015blami w le\u015bne ost\u0119py lub na tropikaln\u0105 pla\u017c\u0119. Botaniczne plakaty <strong>pomagaj\u0105 w zachowaniu pozytywnego nastawienia i wewn\u0119trznej r\u00f3wnowagi.<\/strong> Je\u015bli dodatkowo uprawiamy w domu ro\u015bliny w doniczkach, mo\u017cemy poczu\u0107 wi\u0119\u017a z natur\u0105 nawet je\u015bli mieszkamy w samym sercu miasta. Plakaty ro\u015blinne w sypialni zapewni\u0105 nam spokojny sen, a rozwieszone <strong>w pokoju dzieci\u0119cym uspokoj\u0105 maluszka i u\u0142atwi\u0105 uko\u0142ysanie go do snu<\/strong>. W salonie b\u0119d\u0105 si\u0119 prezentowa\u0107 niezwykle modnie i stylowo. W gabinecie pozwol\u0105 nam na chwil\u0119 oderwa\u0107 si\u0119 od pracy i odpocz\u0105\u0107. Dopasowane do wystroju i charakteru jadalni oraz kuchni b\u0119d\u0105 mie\u0107 pozytywny wp\u0142yw na nasz apetyt. Warto wi\u0119c umie\u015bci\u0107 taki plakat w ka\u017cdym pomieszczeniu w domu.<\/p>\n","protected":false},"excerpt":{"rendered":"<p>Plakaty z botanicznymi motywami to niekwestionowany trend wn\u0119trzarski. Inspirowane natur\u0105, rosn\u0105c\u0105 \u015bwiadomo\u015bci\u0105 spo\u0142eczn\u0105 w dziedzinie ekologii oraz modnym stylem skandynawskim \u2013 pasowa\u0107 b\u0119d\u0105 do ka\u017cdego wn\u0119trza. Poszukujesz ro\u015blinnych inspiracji? Zobacz, jakie plakaty dla Ciebie wybrali\u015bmy!<\/p>\n","protected":false},"author":16,"featured_media":12898,"comment_status":"closed","ping_status":"closed","sticky":false,"template":"","format":"standard","meta":{"footnotes":""},"categories":[1064,113,1059],"tags":[],"class_list":["post-10301","post","type-post","status-publish","format-standard","has-post-thumbnail","hentry","category-plakaty","category-pomysl-na-prezent","category-pomysly-na-prezent"],"yoast_head":"<!-- This site is optimized with the Yoast SEO plugin v27.5 - https:\/\/yoast.com\/product\/yoast-seo-wordpress\/ -->\n<title>Plakaty ro\u015blinne - botanika wiecznie w modzie | Empik Foto<\/title>\n<meta name=\"description\" content=\"Plakaty ro\u015blinne - botanika wiecznie w modzie - Odkryj urok natury w swoim wn\u0119trzu dzi\u0119ki kolekcji plakat\u00f3w ro\u015blinnych.\" \/>\n<meta name=\"robots\" content=\"index, follow, max-snippet:-1, max-image-preview:large, max-video-preview:-1\" \/>\n<link rel=\"canonical\" href=\"https:\/\/www.empikfoto.pl\/blog\/plakaty-roslinne-botanika-wiecznie-w-wodzie\/\" \/>\n<meta property=\"og:locale\" content=\"pl_PL\" \/>\n<meta property=\"og:type\" content=\"article\" \/>\n<meta property=\"og:title\" content=\"Plakaty ro\u015blinne - botanika wiecznie w modzie | Empik Foto\" \/>\n<meta property=\"og:description\" content=\"Plakaty ro\u015blinne - botanika wiecznie w modzie - Odkryj urok natury w swoim wn\u0119trzu dzi\u0119ki kolekcji plakat\u00f3w ro\u015blinnych.\" \/>\n<meta property=\"og:url\" content=\"https:\/\/www.empikfoto.pl\/blog\/plakaty-roslinne-botanika-wiecznie-w-wodzie\/\" \/>\n<meta property=\"og:site_name\" content=\"blog.empikfoto.pl\" \/>\n<meta property=\"article:publisher\" content=\"https:\/\/www.facebook.com\/empikfotopl\/\" \/>\n<meta property=\"article:published_time\" content=\"2020-10-20T08:49:14+00:00\" \/>\n<meta property=\"article:modified_time\" content=\"2023-08-25T09:33:21+00:00\" \/>\n<meta property=\"og:image\" content=\"https:\/\/www.empikfoto.pl\/blog\/empikfoto\/2020\/10\/portret-mloda-kobieta-zalatwia-obrazek-rame-na-scienny-patrzec-kamera.jpg\" \/>\n\t<meta property=\"og:image:width\" content=\"750\" \/>\n\t<meta property=\"og:image:height\" content=\"375\" \/>\n\t<meta property=\"og:image:type\" content=\"image\/jpeg\" \/>\n<meta name=\"author\" content=\"Patrycja\" \/>\n<meta name=\"twitter:card\" content=\"summary_large_image\" \/>\n<meta name=\"twitter:creator\" content=\"@empikfoto\" \/>\n<meta name=\"twitter:site\" content=\"@empikfoto\" \/>\n<meta name=\"twitter:label1\" content=\"Napisane przez\" \/>\n\t<meta name=\"twitter:data1\" content=\"Patrycja\" \/>\n\t<meta name=\"twitter:label2\" content=\"Szacowany czas czytania\" \/>\n\t<meta name=\"twitter:data2\" content=\"5 minut\" \/>\n<script type=\"application\/ld+json\" class=\"yoast-schema-graph\">{\"@context\":\"https:\\\/\\\/schema.org\",\"@graph\":[{\"@type\":\"Article\",\"@id\":\"https:\\\/\\\/www.empikfoto.pl\\\/blog\\\/plakaty-roslinne-botanika-wiecznie-w-wodzie\\\/#article\",\"isPartOf\":{\"@id\":\"https:\\\/\\\/www.empikfoto.pl\\\/blog\\\/plakaty-roslinne-botanika-wiecznie-w-wodzie\\\/\"},\"author\":{\"name\":\"Patrycja\",\"@id\":\"https:\\\/\\\/www.empikfoto.pl\\\/blog\\\/#\\\/schema\\\/person\\\/0313802ca5dac502e3266853c59632c0\"},\"headline\":\"Plakaty ro\u015blinne &#8211; botanika wiecznie w modzie\",\"datePublished\":\"2020-10-20T08:49:14+00:00\",\"dateModified\":\"2023-08-25T09:33:21+00:00\",\"mainEntityOfPage\":{\"@id\":\"https:\\\/\\\/www.empikfoto.pl\\\/blog\\\/plakaty-roslinne-botanika-wiecznie-w-wodzie\\\/\"},\"wordCount\":719,\"image\":{\"@id\":\"https:\\\/\\\/www.empikfoto.pl\\\/blog\\\/plakaty-roslinne-botanika-wiecznie-w-wodzie\\\/#primaryimage\"},\"thumbnailUrl\":\"https:\\\/\\\/www.empikfoto.pl\\\/blog\\\/empikfoto\\\/2020\\\/10\\\/portret-mloda-kobieta-zalatwia-obrazek-rame-na-scienny-patrzec-kamera.jpg\",\"articleSection\":[\"Plakaty\",\"Pomys\u0142 na prezent\",\"Pomys\u0142y na prezent\"],\"inLanguage\":\"pl-PL\"},{\"@type\":\"WebPage\",\"@id\":\"https:\\\/\\\/www.empikfoto.pl\\\/blog\\\/plakaty-roslinne-botanika-wiecznie-w-wodzie\\\/\",\"url\":\"https:\\\/\\\/www.empikfoto.pl\\\/blog\\\/plakaty-roslinne-botanika-wiecznie-w-wodzie\\\/\",\"name\":\"Plakaty ro\u015blinne - botanika wiecznie w modzie | Empik Foto\",\"isPartOf\":{\"@id\":\"https:\\\/\\\/www.empikfoto.pl\\\/blog\\\/#website\"},\"primaryImageOfPage\":{\"@id\":\"https:\\\/\\\/www.empikfoto.pl\\\/blog\\\/plakaty-roslinne-botanika-wiecznie-w-wodzie\\\/#primaryimage\"},\"image\":{\"@id\":\"https:\\\/\\\/www.empikfoto.pl\\\/blog\\\/plakaty-roslinne-botanika-wiecznie-w-wodzie\\\/#primaryimage\"},\"thumbnailUrl\":\"https:\\\/\\\/www.empikfoto.pl\\\/blog\\\/empikfoto\\\/2020\\\/10\\\/portret-mloda-kobieta-zalatwia-obrazek-rame-na-scienny-patrzec-kamera.jpg\",\"datePublished\":\"2020-10-20T08:49:14+00:00\",\"dateModified\":\"2023-08-25T09:33:21+00:00\",\"author\":{\"@id\":\"https:\\\/\\\/www.empikfoto.pl\\\/blog\\\/#\\\/schema\\\/person\\\/0313802ca5dac502e3266853c59632c0\"},\"description\":\"Plakaty ro\u015blinne - botanika wiecznie w modzie - Odkryj urok natury w swoim wn\u0119trzu dzi\u0119ki kolekcji plakat\u00f3w ro\u015blinnych.\",\"breadcrumb\":{\"@id\":\"https:\\\/\\\/www.empikfoto.pl\\\/blog\\\/plakaty-roslinne-botanika-wiecznie-w-wodzie\\\/#breadcrumb\"},\"inLanguage\":\"pl-PL\",\"potentialAction\":[{\"@type\":\"ReadAction\",\"target\":[\"https:\\\/\\\/www.empikfoto.pl\\\/blog\\\/plakaty-roslinne-botanika-wiecznie-w-wodzie\\\/\"]}]},{\"@type\":\"ImageObject\",\"inLanguage\":\"pl-PL\",\"@id\":\"https:\\\/\\\/www.empikfoto.pl\\\/blog\\\/plakaty-roslinne-botanika-wiecznie-w-wodzie\\\/#primaryimage\",\"url\":\"https:\\\/\\\/www.empikfoto.pl\\\/blog\\\/empikfoto\\\/2020\\\/10\\\/portret-mloda-kobieta-zalatwia-obrazek-rame-na-scienny-patrzec-kamera.jpg\",\"contentUrl\":\"https:\\\/\\\/www.empikfoto.pl\\\/blog\\\/empikfoto\\\/2020\\\/10\\\/portret-mloda-kobieta-zalatwia-obrazek-rame-na-scienny-patrzec-kamera.jpg\",\"width\":750,\"height\":375,\"caption\":\"plakaty ro\u015blinne\"},{\"@type\":\"BreadcrumbList\",\"@id\":\"https:\\\/\\\/www.empikfoto.pl\\\/blog\\\/plakaty-roslinne-botanika-wiecznie-w-wodzie\\\/#breadcrumb\",\"itemListElement\":[{\"@type\":\"ListItem\",\"position\":1,\"name\":\"Strona g\u0142\u00f3wna\",\"item\":\"https:\\\/\\\/www.empikfoto.pl\\\/blog\\\/\"},{\"@type\":\"ListItem\",\"position\":2,\"name\":\"Plakaty ro\u015blinne &#8211; botanika wiecznie w modzie\"}]},{\"@type\":\"WebSite\",\"@id\":\"https:\\\/\\\/www.empikfoto.pl\\\/blog\\\/#website\",\"url\":\"https:\\\/\\\/www.empikfoto.pl\\\/blog\\\/\",\"name\":\"blog.empikfoto.pl\",\"description\":\"Poznaj empikfoto.pl od \u015brodka! Dowiedz si\u0119 wi\u0119cej o odbitkach, fotoksi\u0105\u017ckach i fotografii.\",\"potentialAction\":[{\"@type\":\"SearchAction\",\"target\":{\"@type\":\"EntryPoint\",\"urlTemplate\":\"https:\\\/\\\/www.empikfoto.pl\\\/blog\\\/?s={search_term_string}\"},\"query-input\":{\"@type\":\"PropertyValueSpecification\",\"valueRequired\":true,\"valueName\":\"search_term_string\"}}],\"inLanguage\":\"pl-PL\"},{\"@type\":\"Person\",\"@id\":\"https:\\\/\\\/www.empikfoto.pl\\\/blog\\\/#\\\/schema\\\/person\\\/0313802ca5dac502e3266853c59632c0\",\"name\":\"Patrycja\",\"image\":{\"@type\":\"ImageObject\",\"inLanguage\":\"pl-PL\",\"@id\":\"https:\\\/\\\/secure.gravatar.com\\\/avatar\\\/f25168e12215ad42f58e5fb72881daaeb57bd4f907081046016f64bf167db59f?s=96&d=identicon&r=g\",\"url\":\"https:\\\/\\\/secure.gravatar.com\\\/avatar\\\/f25168e12215ad42f58e5fb72881daaeb57bd4f907081046016f64bf167db59f?s=96&d=identicon&r=g\",\"contentUrl\":\"https:\\\/\\\/secure.gravatar.com\\\/avatar\\\/f25168e12215ad42f58e5fb72881daaeb57bd4f907081046016f64bf167db59f?s=96&d=identicon&r=g\",\"caption\":\"Patrycja\"},\"url\":\"https:\\\/\\\/www.empikfoto.pl\\\/blog\\\/author\\\/patrycja\\\/\"}]}<\/script>\n<!-- \/ Yoast SEO plugin. -->","yoast_head_json":{"title":"Plakaty ro\u015blinne - botanika wiecznie w modzie | Empik Foto","description":"Plakaty ro\u015blinne - botanika wiecznie w modzie - Odkryj urok natury w swoim wn\u0119trzu dzi\u0119ki kolekcji plakat\u00f3w ro\u015blinnych.","robots":{"index":"index","follow":"follow","max-snippet":"max-snippet:-1","max-image-preview":"max-image-preview:large","max-video-preview":"max-video-preview:-1"},"canonical":"https:\/\/www.empikfoto.pl\/blog\/plakaty-roslinne-botanika-wiecznie-w-wodzie\/","og_locale":"pl_PL","og_type":"article","og_title":"Plakaty ro\u015blinne - botanika wiecznie w modzie | Empik Foto","og_description":"Plakaty ro\u015blinne - botanika wiecznie w modzie - Odkryj urok natury w swoim wn\u0119trzu dzi\u0119ki kolekcji plakat\u00f3w ro\u015blinnych.","og_url":"https:\/\/www.empikfoto.pl\/blog\/plakaty-roslinne-botanika-wiecznie-w-wodzie\/","og_site_name":"blog.empikfoto.pl","article_publisher":"https:\/\/www.facebook.com\/empikfotopl\/","article_published_time":"2020-10-20T08:49:14+00:00","article_modified_time":"2023-08-25T09:33:21+00:00","og_image":[{"width":750,"height":375,"url":"https:\/\/www.empikfoto.pl\/blog\/empikfoto\/2020\/10\/portret-mloda-kobieta-zalatwia-obrazek-rame-na-scienny-patrzec-kamera.jpg","type":"image\/jpeg"}],"author":"Patrycja","twitter_card":"summary_large_image","twitter_creator":"@empikfoto","twitter_site":"@empikfoto","twitter_misc":{"Napisane przez":"Patrycja","Szacowany czas czytania":"5 minut"},"schema":{"@context":"https:\/\/schema.org","@graph":[{"@type":"Article","@id":"https:\/\/www.empikfoto.pl\/blog\/plakaty-roslinne-botanika-wiecznie-w-wodzie\/#article","isPartOf":{"@id":"https:\/\/www.empikfoto.pl\/blog\/plakaty-roslinne-botanika-wiecznie-w-wodzie\/"},"author":{"name":"Patrycja","@id":"https:\/\/www.empikfoto.pl\/blog\/#\/schema\/person\/0313802ca5dac502e3266853c59632c0"},"headline":"Plakaty ro\u015blinne &#8211; botanika wiecznie w modzie","datePublished":"2020-10-20T08:49:14+00:00","dateModified":"2023-08-25T09:33:21+00:00","mainEntityOfPage":{"@id":"https:\/\/www.empikfoto.pl\/blog\/plakaty-roslinne-botanika-wiecznie-w-wodzie\/"},"wordCount":719,"image":{"@id":"https:\/\/www.empikfoto.pl\/blog\/plakaty-roslinne-botanika-wiecznie-w-wodzie\/#primaryimage"},"thumbnailUrl":"https:\/\/www.empikfoto.pl\/blog\/empikfoto\/2020\/10\/portret-mloda-kobieta-zalatwia-obrazek-rame-na-scienny-patrzec-kamera.jpg","articleSection":["Plakaty","Pomys\u0142 na prezent","Pomys\u0142y na prezent"],"inLanguage":"pl-PL"},{"@type":"WebPage","@id":"https:\/\/www.empikfoto.pl\/blog\/plakaty-roslinne-botanika-wiecznie-w-wodzie\/","url":"https:\/\/www.empikfoto.pl\/blog\/plakaty-roslinne-botanika-wiecznie-w-wodzie\/","name":"Plakaty ro\u015blinne - botanika wiecznie w modzie | Empik Foto","isPartOf":{"@id":"https:\/\/www.empikfoto.pl\/blog\/#website"},"primaryImageOfPage":{"@id":"https:\/\/www.empikfoto.pl\/blog\/plakaty-roslinne-botanika-wiecznie-w-wodzie\/#primaryimage"},"image":{"@id":"https:\/\/www.empikfoto.pl\/blog\/plakaty-roslinne-botanika-wiecznie-w-wodzie\/#primaryimage"},"thumbnailUrl":"https:\/\/www.empikfoto.pl\/blog\/empikfoto\/2020\/10\/portret-mloda-kobieta-zalatwia-obrazek-rame-na-scienny-patrzec-kamera.jpg","datePublished":"2020-10-20T08:49:14+00:00","dateModified":"2023-08-25T09:33:21+00:00","author":{"@id":"https:\/\/www.empikfoto.pl\/blog\/#\/schema\/person\/0313802ca5dac502e3266853c59632c0"},"description":"Plakaty ro\u015blinne - botanika wiecznie w modzie - Odkryj urok natury w swoim wn\u0119trzu dzi\u0119ki kolekcji plakat\u00f3w ro\u015blinnych.","breadcrumb":{"@id":"https:\/\/www.empikfoto.pl\/blog\/plakaty-roslinne-botanika-wiecznie-w-wodzie\/#breadcrumb"},"inLanguage":"pl-PL","potentialAction":[{"@type":"ReadAction","target":["https:\/\/www.empikfoto.pl\/blog\/plakaty-roslinne-botanika-wiecznie-w-wodzie\/"]}]},{"@type":"ImageObject","inLanguage":"pl-PL","@id":"https:\/\/www.empikfoto.pl\/blog\/plakaty-roslinne-botanika-wiecznie-w-wodzie\/#primaryimage","url":"https:\/\/www.empikfoto.pl\/blog\/empikfoto\/2020\/10\/portret-mloda-kobieta-zalatwia-obrazek-rame-na-scienny-patrzec-kamera.jpg","contentUrl":"https:\/\/www.empikfoto.pl\/blog\/empikfoto\/2020\/10\/portret-mloda-kobieta-zalatwia-obrazek-rame-na-scienny-patrzec-kamera.jpg","width":750,"height":375,"caption":"plakaty ro\u015blinne"},{"@type":"BreadcrumbList","@id":"https:\/\/www.empikfoto.pl\/blog\/plakaty-roslinne-botanika-wiecznie-w-wodzie\/#breadcrumb","itemListElement":[{"@type":"ListItem","position":1,"name":"Strona g\u0142\u00f3wna","item":"https:\/\/www.empikfoto.pl\/blog\/"},{"@type":"ListItem","position":2,"name":"Plakaty ro\u015blinne &#8211; botanika wiecznie w modzie"}]},{"@type":"WebSite","@id":"https:\/\/www.empikfoto.pl\/blog\/#website","url":"https:\/\/www.empikfoto.pl\/blog\/","name":"blog.empikfoto.pl","description":"Poznaj empikfoto.pl od \u015brodka! Dowiedz si\u0119 wi\u0119cej o odbitkach, fotoksi\u0105\u017ckach i fotografii.","potentialAction":[{"@type":"SearchAction","target":{"@type":"EntryPoint","urlTemplate":"https:\/\/www.empikfoto.pl\/blog\/?s={search_term_string}"},"query-input":{"@type":"PropertyValueSpecification","valueRequired":true,"valueName":"search_term_string"}}],"inLanguage":"pl-PL"},{"@type":"Person","@id":"https:\/\/www.empikfoto.pl\/blog\/#\/schema\/person\/0313802ca5dac502e3266853c59632c0","name":"Patrycja","image":{"@type":"ImageObject","inLanguage":"pl-PL","@id":"https:\/\/secure.gravatar.com\/avatar\/f25168e12215ad42f58e5fb72881daaeb57bd4f907081046016f64bf167db59f?s=96&d=identicon&r=g","url":"https:\/\/secure.gravatar.com\/avatar\/f25168e12215ad42f58e5fb72881daaeb57bd4f907081046016f64bf167db59f?s=96&d=identicon&r=g","contentUrl":"https:\/\/secure.gravatar.com\/avatar\/f25168e12215ad42f58e5fb72881daaeb57bd4f907081046016f64bf167db59f?s=96&d=identicon&r=g","caption":"Patrycja"},"url":"https:\/\/www.empikfoto.pl\/blog\/author\/patrycja\/"}]}},"amp_enabled":true,"_links":{"self":[{"href":"https:\/\/www.empikfoto.pl\/blog\/wp-json\/wp\/v2\/posts\/10301","targetHints":{"allow":["GET"]}}],"collection":[{"href":"https:\/\/www.empikfoto.pl\/blog\/wp-json\/wp\/v2\/posts"}],"about":[{"href":"https:\/\/www.empikfoto.pl\/blog\/wp-json\/wp\/v2\/types\/post"}],"author":[{"embeddable":true,"href":"https:\/\/www.empikfoto.pl\/blog\/wp-json\/wp\/v2\/users\/16"}],"replies":[{"embeddable":true,"href":"https:\/\/www.empikfoto.pl\/blog\/wp-json\/wp\/v2\/comments?post=10301"}],"version-history":[{"count":3,"href":"https:\/\/www.empikfoto.pl\/blog\/wp-json\/wp\/v2\/posts\/10301\/revisions"}],"predecessor-version":[{"id":12897,"href":"https:\/\/www.empikfoto.pl\/blog\/wp-json\/wp\/v2\/posts\/10301\/revisions\/12897"}],"wp:featuredmedia":[{"embeddable":true,"href":"https:\/\/www.empikfoto.pl\/blog\/wp-json\/wp\/v2\/media\/12898"}],"wp:attachment":[{"href":"https:\/\/www.empikfoto.pl\/blog\/wp-json\/wp\/v2\/media?parent=10301"}],"wp:term":[{"taxonomy":"category","embeddable":true,"href":"https:\/\/www.empikfoto.pl\/blog\/wp-json\/wp\/v2\/categories?post=10301"},{"taxonomy":"post_tag","embeddable":true,"href":"https:\/\/www.empikfoto.pl\/blog\/wp-json\/wp\/v2\/tags?post=10301"}],"curies":[{"name":"wp","href":"https:\/\/api.w.org\/{rel}","templated":true}]}}