{"id":10307,"date":"2021-03-19T10:43:52","date_gmt":"2021-03-19T09:43:52","guid":{"rendered":"https:\/\/blog.empikfoto.pl\/?p=10307"},"modified":"2023-08-29T14:23:17","modified_gmt":"2023-08-29T12:23:17","slug":"plakaty-minimalistyczne-nowoczesnych-wnetrz","status":"publish","type":"post","link":"https:\/\/www.empikfoto.pl\/blog\/plakaty-minimalistyczne-nowoczesnych-wnetrz\/","title":{"rendered":"Plakaty minimalistyczne \u2013 nie tylko do nowoczesnych wn\u0119trz"},"content":{"rendered":"<p><strong>Less is more, jak m\u00f3wi przys\u0142owie. Coraz wi\u0119cej ludzi odczuwa potrzeb\u0119, by przestrze\u0144 wok\u00f3\u0142 siebie wyczy\u015bci\u0107 ze zb\u0119dnych przedmiot\u00f3w i rozpraszaczy i zamiast tego otacza\u0107 si\u0119 prostot\u0105. Nadmiar bywa przyt\u0142aczaj\u0105cy i wie to ka\u017cdy, kto cho\u0107 raz musia\u0142 si\u0119 przeprowadzi\u0107. Minimalizm mo\u017cna praktykowa\u0107 nie tylko kupuj\u0105c mniej, ale te\u017c kupuj\u0105c przedmioty, kt\u00f3re s\u0105 dobrej jako\u015bci oraz ponadczasowe je\u015bli chodzi o estetyk\u0119 i form\u0119. Takie w\u0142a\u015bnie s\u0105 nasze minimalistyczne plakaty.<\/strong><!--more--><\/p>\n<h2><strong>W poszukiwaniu prostoty \u2013 plakaty minimalistyczne od Grafikk Jasikk<\/strong><\/h2>\n<p><img loading=\"lazy\" decoding=\"async\" class=\"aligncenter wp-image-10768\" src=\"https:\/\/blog.empikfoto.pl\/empikfoto\/2021\/05\/pionoweplakaty-min-1024x683.jpg\" alt=\"Plakat\" width=\"824\" height=\"549\" srcset=\"https:\/\/www.empikfoto.pl\/blog\/empikfoto\/2021\/05\/pionoweplakaty-min-1024x683.jpg 1024w, https:\/\/www.empikfoto.pl\/blog\/empikfoto\/2021\/05\/pionoweplakaty-min-300x200.jpg 300w, https:\/\/www.empikfoto.pl\/blog\/empikfoto\/2021\/05\/pionoweplakaty-min-768x512.jpg 768w, https:\/\/www.empikfoto.pl\/blog\/empikfoto\/2021\/05\/pionoweplakaty-min-1536x1024.jpg 1536w, https:\/\/www.empikfoto.pl\/blog\/empikfoto\/2021\/05\/pionoweplakaty-min-2048x1365.jpg 2048w, https:\/\/www.empikfoto.pl\/blog\/empikfoto\/2021\/05\/pionoweplakaty-min-330x220.jpg 330w, https:\/\/www.empikfoto.pl\/blog\/empikfoto\/2021\/05\/pionoweplakaty-min-400x267.jpg 400w\" sizes=\"auto, (max-width: 824px) 100vw, 824px\" \/><\/p>\n<p>Pastelowe t\u0142o i bia\u0142a kreska \u2013 tylko tyle trzeba, by stworzy\u0107 co\u015b niesamowitego. Oczywi\u015bcie kreska musi by\u0107 prowadzona pewn\u0105, ale te\u017c pe\u0142n\u0105 fantazji r\u0119k\u0105. Tak jest w przypadku plakat\u00f3w z kolekcji prezentuj\u0105cej r\u00f3\u017cne emocje i uczucia autorstwa Grafikk Jasikk. Mamy tu i R\u00f3wnowag\u0119 i Nostalgi\u0119. Nie zabrak\u0142o te\u017c <strong><a href=\"https:\/\/www.empikfoto.pl\/plakat,kolekcja-grafikk-jasikk-szczescie-blekit\">Szcz\u0119\u015bcia<\/a><\/strong>, Dumy, <strong><a href=\"https:\/\/www.empikfoto.pl\/plakat,kolekcja-grafikk-jasikk-rownowaga-blekit\">R\u00f3wnowagi<\/a> <\/strong>i Nami\u0119tno\u015bci. Wszystko to podane w bardzo wyrafinowanej, minimalistycznej formie, kt\u00f3ra przypadnie do gustu mi\u0142o\u015bnikom pow\u015bci\u0105gliwego, ale wymownego stylu. Plakaty z tej serii s\u0105 bardzo <strong>stonowane<\/strong>, wi\u0119c z powodzeniem wpasuj\u0105 si\u0119 w ka\u017cde wn\u0119trze. Zar\u00f3wno takie urz\u0105dzone w modnym ostatnio stylu postindustrialnym, jak i bardzo ju\u017c oswojonym stylu scandi czy eklektycznym. Jest w czym wybiera\u0107, bo artystka przygotowa\u0142a naprawd\u0119 spory wyb\u00f3r prac. Nic tez nie stoi na przeszkodzie, by stworzy\u0107 ca\u0142\u0105 galeri\u0119 emocji na \u015bcianie. W ko\u0144cu wszystkie one towarzysz\u0105 nam w codziennym \u017cyciu.<\/p>\n<h2><strong>W prostocie si\u0142a<\/strong><\/h2>\n<p>W\u015br\u00f3d plakat\u00f3w minimalistycznych, kt\u00f3re dla Ciebie przygotowali\u015bmy, wyr\u00f3\u017cniaj\u0105 si\u0119 z pewno\u015bci\u0105 te, na kt\u00f3rych widniej\u0105 <strong>cytaty znanych pisarzy i poet\u00f3w<\/strong>. One tak\u017ce s\u0105 bardzo oszcz\u0119dne w formie, bo i ona nie gra w tym przypadku g\u0142\u00f3wnej roli. Liczy si\u0119 to, co jest na nich napisane, a s\u0105 to wypowiedzi na d\u0142ugo zapadaj\u0105ce w pami\u0119\u0107 i \u2013 cho\u0107 ich autorzy \u017cyli d\u0142ugo przed nami \u2013 zaskakuj\u0105co aktualne. Du\u017cym zainteresowaniem cieszy si\u0119 m.in. plakat ze s\u0142owami <a href=\"https:\/\/www.empikfoto.pl\/plakat,cytat-schulz-czarna-ramka\"><strong>Brunona Schulza<\/strong><\/a>, wzbogacony o grafik\u0119 obrazuj\u0105c\u0105 splecione ze sob\u0105 d\u0142onie. To naprawd\u0119 sugestywny obraz i przekaz, kt\u00f3ry z pewno\u015bci\u0105 w ka\u017cdym mieszkaniu znajdzie swoje miejsce.<\/p>\n<p><img loading=\"lazy\" decoding=\"async\" class=\"aligncenter wp-image-10895 size-medium\" src=\"https:\/\/blog.empikfoto.pl\/empikfoto\/2021\/02\/ramka_home_sweet_home_500x500-300x300.jpg\" alt=\"Brunona Schulza\" width=\"300\" height=\"300\" srcset=\"https:\/\/www.empikfoto.pl\/blog\/empikfoto\/2021\/02\/ramka_home_sweet_home_500x500-300x300.jpg 300w, https:\/\/www.empikfoto.pl\/blog\/empikfoto\/2021\/02\/ramka_home_sweet_home_500x500-150x150.jpg 150w, https:\/\/www.empikfoto.pl\/blog\/empikfoto\/2021\/02\/ramka_home_sweet_home_500x500-400x400.jpg 400w, https:\/\/www.empikfoto.pl\/blog\/empikfoto\/2021\/02\/ramka_home_sweet_home_500x500.jpg 500w\" sizes=\"auto, (max-width: 300px) 100vw, 300px\" \/><\/p>\n<p>Je\u015bli chodzi o plakaty z tekstem, to w ofercie mamy r\u00f3wnie\u017c propozycje \u201el\u017cejszego kalibru\u201d, takie jak <strong>plakaty na cze\u015b\u0107 taty albo typograficzne plakaty z ozdobnymi literami<\/strong>. Je\u015bli masz w\u0142asny pomys\u0142 na minimalistyczny plakat i chcesz go wydrukowa\u0107 na dobrej jako\u015bci papierze, mo\u017cesz skorzysta\u0107 z pustych szablon\u00f3w, kt\u00f3re udost\u0119pnili\u015bmy. Wystarczy, \u017ce wprowadzisz w edytorze sw\u00f3j tekst, obraz, zdj\u0119cie, grafik\u0119 czy klipart, wybierzesz rozmiar, materia\u0142 podk\u0142adowy i typ ramki, a my zajmiemy si\u0119 reszt\u0105.<\/p>\n<h2><strong>Minimalistyczne plakaty botaniczne \u2013 do kuchni i do salonu <\/strong><\/h2>\n<p><img loading=\"lazy\" decoding=\"async\" class=\"aligncenter wp-image-10518 size-full\" src=\"https:\/\/blog.empikfoto.pl\/empikfoto\/2020\/09\/baner_kolekcje_botaniczne.jpg\" alt=\"Plakat\" width=\"805\" height=\"274\" srcset=\"https:\/\/www.empikfoto.pl\/blog\/empikfoto\/2020\/09\/baner_kolekcje_botaniczne.jpg 805w, https:\/\/www.empikfoto.pl\/blog\/empikfoto\/2020\/09\/baner_kolekcje_botaniczne-300x102.jpg 300w, https:\/\/www.empikfoto.pl\/blog\/empikfoto\/2020\/09\/baner_kolekcje_botaniczne-768x261.jpg 768w, https:\/\/www.empikfoto.pl\/blog\/empikfoto\/2020\/09\/baner_kolekcje_botaniczne-400x136.jpg 400w\" sizes=\"auto, (max-width: 805px) 100vw, 805px\" \/><\/p>\n<p>Mo\u017cna uwielbia\u0107 ro\u015bliny, ale absolutnie nie mie\u0107 r\u0119ki do ich uprawiania. Czy oznacza to, \u017ce trzeba z nich zrezygnowa\u0107? Niekoniecznie! Mo\u017cna zast\u0105pi\u0107 je botanicznymi plakatami, kt\u00f3re nie s\u0105 tak k\u0142opotliwe w utrzymaniu. W ofercie mamy ich sporo, pocz\u0105wszy od delikatnych i subtelnych akwareli. Nawi\u0105zuj\u0105 stylem do klasycznych tablic przyrodniczych. Tak\u017ce fotorealistyczne rysunki a na nieco abstrakcyjnych kompozycjach florystycznych sko\u0144czywszy.<\/p>\n<h2><strong>Minimalistyczny plakat \u2013 znajdzie si\u0119 te\u017c co\u015b dla mi\u0142o\u015bnik\u00f3w zwierz\u0105t <\/strong><\/h2>\n<p>Przepi\u0119kne plakaty z wizerunkami zwierz\u0105t, imituj\u0105ce obrazy malowane p\u0119dzlem to nasz absolutny hit. Umie\u015bcili\u015bmy je na bia\u0142ym tle, natomiast pod rysunkiem widnieje starannie wykaligrafowany podpis z nazw\u0105 zwierz\u0119cia. Na swoje nowe domy czekaj\u0105 <strong><a href=\"https:\/\/www.empikfoto.pl\/plakat,giraffe-biala-ramka?rodzaj-papieru=fotograficzny&amp;wymiary=30x20\">urocza \u017cyrafa<\/a><\/strong>, puchaty kot i s\u0142odki kr\u00f3liczek. Doskonale nadaj\u0105 si\u0119 one na przyk\u0142ad do pokoju dzieci\u0119cego.<\/p>\n<p><img loading=\"lazy\" decoding=\"async\" class=\"aligncenter wp-image-10771\" src=\"https:\/\/blog.empikfoto.pl\/empikfoto\/2021\/05\/pok\u00f3jdziecka_2-min-1024x774.jpg\" alt=\"Plakat\" width=\"824\" height=\"623\" srcset=\"https:\/\/www.empikfoto.pl\/blog\/empikfoto\/2021\/05\/pok\u00f3jdziecka_2-min-1024x774.jpg 1024w, https:\/\/www.empikfoto.pl\/blog\/empikfoto\/2021\/05\/pok\u00f3jdziecka_2-min-300x227.jpg 300w, https:\/\/www.empikfoto.pl\/blog\/empikfoto\/2021\/05\/pok\u00f3jdziecka_2-min-768x581.jpg 768w, https:\/\/www.empikfoto.pl\/blog\/empikfoto\/2021\/05\/pok\u00f3jdziecka_2-min-1536x1161.jpg 1536w, https:\/\/www.empikfoto.pl\/blog\/empikfoto\/2021\/05\/pok\u00f3jdziecka_2-min-2048x1549.jpg 2048w, https:\/\/www.empikfoto.pl\/blog\/empikfoto\/2021\/05\/pok\u00f3jdziecka_2-min-400x302.jpg 400w\" sizes=\"auto, (max-width: 824px) 100vw, 824px\" \/><\/p>\n<p>Dekoracje, kt\u00f3re wybieramy do naszego mieszkania, wcale nie musz\u0105 mie\u0107 barokowego charakteru, by zrobi\u0107 wra\u017cenie. Minimalistyczne plakaty sprawdz\u0105 si\u0119 wsz\u0119dzie i dzi\u0119ki swojej prostocie b\u0119d\u0105 ponadczasow\u0105 ozdob\u0105 \u015bcian. <strong>Mo\u017cesz je te\u017c podarowa\u0107 na prezent bliskiej Ci osobie, bo zadomowi\u0105 si\u0119 w wielu wn\u0119trzach dzi\u0119ki swojej prostej, uniwersalnej formie.<\/strong><\/p>\n","protected":false},"excerpt":{"rendered":"<p>Less is more, jak m\u00f3wi przys\u0142owie. Coraz wi\u0119cej ludzi odczuwa potrzeb\u0119, by przestrze\u0144 wok\u00f3\u0142 siebie wyczy\u015bci\u0107 ze zb\u0119dnych przedmiot\u00f3w i rozpraszaczy i zamiast tego otacza\u0107 si\u0119 prostot\u0105. Nadmiar bywa przyt\u0142aczaj\u0105cy i wie to ka\u017cdy, kto cho\u0107 raz musia\u0142 si\u0119 przeprowadzi\u0107. Minimalizm mo\u017cna praktykowa\u0107 nie tylko kupuj\u0105c mniej, ale te\u017c kupuj\u0105c przedmioty, kt\u00f3re s\u0105 dobrej jako\u015bci oraz ponadczasowe je\u015bli chodzi o estetyk\u0119 i form\u0119. Takie w\u0142a\u015bnie s\u0105 nasze minimalistyczne plakaty.<\/p>\n","protected":false},"author":16,"featured_media":10764,"comment_status":"closed","ping_status":"closed","sticky":false,"template":"","format":"standard","meta":{"footnotes":""},"categories":[1064,113,1059],"tags":[],"class_list":["post-10307","post","type-post","status-publish","format-standard","has-post-thumbnail","hentry","category-plakaty","category-pomysl-na-prezent","category-pomysly-na-prezent"],"yoast_head":"<!-- This site is optimized with the Yoast SEO plugin v27.5 - https:\/\/yoast.com\/product\/yoast-seo-wordpress\/ -->\n<title>Plakaty minimalistyczne \u2013 nie tylko do nowoczesnych wn\u0119trz | Empik Foto<\/title>\n<meta name=\"description\" content=\"Zobacz, dlaczego plakaty minimalistyczne pasuj\u0105 nie tylko do nowoczesnych wn\u0119trz. Odkryj r\u00f3\u017cnorodno\u015b\u0107 styl\u00f3w i inspiracji z Empik Foto!&quot;\" \/>\n<meta name=\"robots\" content=\"index, follow, max-snippet:-1, max-image-preview:large, max-video-preview:-1\" \/>\n<link rel=\"canonical\" href=\"https:\/\/www.empikfoto.pl\/blog\/plakaty-minimalistyczne-nowoczesnych-wnetrz\/\" \/>\n<meta property=\"og:locale\" content=\"pl_PL\" \/>\n<meta property=\"og:type\" content=\"article\" \/>\n<meta property=\"og:title\" content=\"Plakaty minimalistyczne \u2013 nie tylko do nowoczesnych wn\u0119trz | Empik Foto\" \/>\n<meta property=\"og:description\" content=\"Zobacz, dlaczego plakaty minimalistyczne pasuj\u0105 nie tylko do nowoczesnych wn\u0119trz. Odkryj r\u00f3\u017cnorodno\u015b\u0107 styl\u00f3w i inspiracji z Empik Foto!&quot;\" \/>\n<meta property=\"og:url\" content=\"https:\/\/www.empikfoto.pl\/blog\/plakaty-minimalistyczne-nowoczesnych-wnetrz\/\" \/>\n<meta property=\"og:site_name\" content=\"blog.empikfoto.pl\" \/>\n<meta property=\"article:publisher\" content=\"https:\/\/www.facebook.com\/empikfotopl\/\" \/>\n<meta property=\"article:published_time\" content=\"2021-03-19T09:43:52+00:00\" \/>\n<meta property=\"article:modified_time\" content=\"2023-08-29T12:23:17+00:00\" \/>\n<meta property=\"og:image\" content=\"https:\/\/www.empikfoto.pl\/blog\/empikfoto\/2021\/05\/kuchnia_1-min-scaled.jpg\" \/>\n\t<meta property=\"og:image:width\" content=\"2560\" \/>\n\t<meta property=\"og:image:height\" content=\"2560\" \/>\n\t<meta property=\"og:image:type\" content=\"image\/jpeg\" \/>\n<meta name=\"author\" content=\"Patrycja\" \/>\n<meta name=\"twitter:card\" content=\"summary_large_image\" \/>\n<meta name=\"twitter:creator\" content=\"@empikfoto\" \/>\n<meta name=\"twitter:site\" content=\"@empikfoto\" \/>\n<meta name=\"twitter:label1\" content=\"Napisane przez\" \/>\n\t<meta name=\"twitter:data1\" content=\"Patrycja\" \/>\n\t<meta name=\"twitter:label2\" content=\"Szacowany czas czytania\" \/>\n\t<meta name=\"twitter:data2\" content=\"5 minut\" \/>\n<script type=\"application\/ld+json\" class=\"yoast-schema-graph\">{\"@context\":\"https:\\\/\\\/schema.org\",\"@graph\":[{\"@type\":\"Article\",\"@id\":\"https:\\\/\\\/www.empikfoto.pl\\\/blog\\\/plakaty-minimalistyczne-nowoczesnych-wnetrz\\\/#article\",\"isPartOf\":{\"@id\":\"https:\\\/\\\/www.empikfoto.pl\\\/blog\\\/plakaty-minimalistyczne-nowoczesnych-wnetrz\\\/\"},\"author\":{\"name\":\"Patrycja\",\"@id\":\"https:\\\/\\\/www.empikfoto.pl\\\/blog\\\/#\\\/schema\\\/person\\\/0313802ca5dac502e3266853c59632c0\"},\"headline\":\"Plakaty minimalistyczne \u2013 nie tylko do nowoczesnych wn\u0119trz\",\"datePublished\":\"2021-03-19T09:43:52+00:00\",\"dateModified\":\"2023-08-29T12:23:17+00:00\",\"mainEntityOfPage\":{\"@id\":\"https:\\\/\\\/www.empikfoto.pl\\\/blog\\\/plakaty-minimalistyczne-nowoczesnych-wnetrz\\\/\"},\"wordCount\":682,\"image\":{\"@id\":\"https:\\\/\\\/www.empikfoto.pl\\\/blog\\\/plakaty-minimalistyczne-nowoczesnych-wnetrz\\\/#primaryimage\"},\"thumbnailUrl\":\"https:\\\/\\\/www.empikfoto.pl\\\/blog\\\/empikfoto\\\/2021\\\/05\\\/kuchnia_1-min-scaled.jpg\",\"articleSection\":[\"Plakaty\",\"Pomys\u0142 na prezent\",\"Pomys\u0142y na prezent\"],\"inLanguage\":\"pl-PL\"},{\"@type\":\"WebPage\",\"@id\":\"https:\\\/\\\/www.empikfoto.pl\\\/blog\\\/plakaty-minimalistyczne-nowoczesnych-wnetrz\\\/\",\"url\":\"https:\\\/\\\/www.empikfoto.pl\\\/blog\\\/plakaty-minimalistyczne-nowoczesnych-wnetrz\\\/\",\"name\":\"Plakaty minimalistyczne \u2013 nie tylko do nowoczesnych wn\u0119trz | Empik Foto\",\"isPartOf\":{\"@id\":\"https:\\\/\\\/www.empikfoto.pl\\\/blog\\\/#website\"},\"primaryImageOfPage\":{\"@id\":\"https:\\\/\\\/www.empikfoto.pl\\\/blog\\\/plakaty-minimalistyczne-nowoczesnych-wnetrz\\\/#primaryimage\"},\"image\":{\"@id\":\"https:\\\/\\\/www.empikfoto.pl\\\/blog\\\/plakaty-minimalistyczne-nowoczesnych-wnetrz\\\/#primaryimage\"},\"thumbnailUrl\":\"https:\\\/\\\/www.empikfoto.pl\\\/blog\\\/empikfoto\\\/2021\\\/05\\\/kuchnia_1-min-scaled.jpg\",\"datePublished\":\"2021-03-19T09:43:52+00:00\",\"dateModified\":\"2023-08-29T12:23:17+00:00\",\"author\":{\"@id\":\"https:\\\/\\\/www.empikfoto.pl\\\/blog\\\/#\\\/schema\\\/person\\\/0313802ca5dac502e3266853c59632c0\"},\"description\":\"Zobacz, dlaczego plakaty minimalistyczne pasuj\u0105 nie tylko do nowoczesnych wn\u0119trz. Odkryj r\u00f3\u017cnorodno\u015b\u0107 styl\u00f3w i inspiracji z Empik Foto!\\\"\",\"breadcrumb\":{\"@id\":\"https:\\\/\\\/www.empikfoto.pl\\\/blog\\\/plakaty-minimalistyczne-nowoczesnych-wnetrz\\\/#breadcrumb\"},\"inLanguage\":\"pl-PL\",\"potentialAction\":[{\"@type\":\"ReadAction\",\"target\":[\"https:\\\/\\\/www.empikfoto.pl\\\/blog\\\/plakaty-minimalistyczne-nowoczesnych-wnetrz\\\/\"]}]},{\"@type\":\"ImageObject\",\"inLanguage\":\"pl-PL\",\"@id\":\"https:\\\/\\\/www.empikfoto.pl\\\/blog\\\/plakaty-minimalistyczne-nowoczesnych-wnetrz\\\/#primaryimage\",\"url\":\"https:\\\/\\\/www.empikfoto.pl\\\/blog\\\/empikfoto\\\/2021\\\/05\\\/kuchnia_1-min-scaled.jpg\",\"contentUrl\":\"https:\\\/\\\/www.empikfoto.pl\\\/blog\\\/empikfoto\\\/2021\\\/05\\\/kuchnia_1-min-scaled.jpg\",\"width\":2560,\"height\":2560,\"caption\":\"plakaty\"},{\"@type\":\"BreadcrumbList\",\"@id\":\"https:\\\/\\\/www.empikfoto.pl\\\/blog\\\/plakaty-minimalistyczne-nowoczesnych-wnetrz\\\/#breadcrumb\",\"itemListElement\":[{\"@type\":\"ListItem\",\"position\":1,\"name\":\"Strona g\u0142\u00f3wna\",\"item\":\"https:\\\/\\\/www.empikfoto.pl\\\/blog\\\/\"},{\"@type\":\"ListItem\",\"position\":2,\"name\":\"Plakaty minimalistyczne \u2013 nie tylko do nowoczesnych wn\u0119trz\"}]},{\"@type\":\"WebSite\",\"@id\":\"https:\\\/\\\/www.empikfoto.pl\\\/blog\\\/#website\",\"url\":\"https:\\\/\\\/www.empikfoto.pl\\\/blog\\\/\",\"name\":\"blog.empikfoto.pl\",\"description\":\"Poznaj empikfoto.pl od \u015brodka! Dowiedz si\u0119 wi\u0119cej o odbitkach, fotoksi\u0105\u017ckach i fotografii.\",\"potentialAction\":[{\"@type\":\"SearchAction\",\"target\":{\"@type\":\"EntryPoint\",\"urlTemplate\":\"https:\\\/\\\/www.empikfoto.pl\\\/blog\\\/?s={search_term_string}\"},\"query-input\":{\"@type\":\"PropertyValueSpecification\",\"valueRequired\":true,\"valueName\":\"search_term_string\"}}],\"inLanguage\":\"pl-PL\"},{\"@type\":\"Person\",\"@id\":\"https:\\\/\\\/www.empikfoto.pl\\\/blog\\\/#\\\/schema\\\/person\\\/0313802ca5dac502e3266853c59632c0\",\"name\":\"Patrycja\",\"image\":{\"@type\":\"ImageObject\",\"inLanguage\":\"pl-PL\",\"@id\":\"https:\\\/\\\/secure.gravatar.com\\\/avatar\\\/f25168e12215ad42f58e5fb72881daaeb57bd4f907081046016f64bf167db59f?s=96&d=identicon&r=g\",\"url\":\"https:\\\/\\\/secure.gravatar.com\\\/avatar\\\/f25168e12215ad42f58e5fb72881daaeb57bd4f907081046016f64bf167db59f?s=96&d=identicon&r=g\",\"contentUrl\":\"https:\\\/\\\/secure.gravatar.com\\\/avatar\\\/f25168e12215ad42f58e5fb72881daaeb57bd4f907081046016f64bf167db59f?s=96&d=identicon&r=g\",\"caption\":\"Patrycja\"},\"url\":\"https:\\\/\\\/www.empikfoto.pl\\\/blog\\\/author\\\/patrycja\\\/\"}]}<\/script>\n<!-- \/ Yoast SEO plugin. -->","yoast_head_json":{"title":"Plakaty minimalistyczne \u2013 nie tylko do nowoczesnych wn\u0119trz | Empik Foto","description":"Zobacz, dlaczego plakaty minimalistyczne pasuj\u0105 nie tylko do nowoczesnych wn\u0119trz. Odkryj r\u00f3\u017cnorodno\u015b\u0107 styl\u00f3w i inspiracji z Empik Foto!\"","robots":{"index":"index","follow":"follow","max-snippet":"max-snippet:-1","max-image-preview":"max-image-preview:large","max-video-preview":"max-video-preview:-1"},"canonical":"https:\/\/www.empikfoto.pl\/blog\/plakaty-minimalistyczne-nowoczesnych-wnetrz\/","og_locale":"pl_PL","og_type":"article","og_title":"Plakaty minimalistyczne \u2013 nie tylko do nowoczesnych wn\u0119trz | Empik Foto","og_description":"Zobacz, dlaczego plakaty minimalistyczne pasuj\u0105 nie tylko do nowoczesnych wn\u0119trz. Odkryj r\u00f3\u017cnorodno\u015b\u0107 styl\u00f3w i inspiracji z Empik Foto!\"","og_url":"https:\/\/www.empikfoto.pl\/blog\/plakaty-minimalistyczne-nowoczesnych-wnetrz\/","og_site_name":"blog.empikfoto.pl","article_publisher":"https:\/\/www.facebook.com\/empikfotopl\/","article_published_time":"2021-03-19T09:43:52+00:00","article_modified_time":"2023-08-29T12:23:17+00:00","og_image":[{"width":2560,"height":2560,"url":"https:\/\/www.empikfoto.pl\/blog\/empikfoto\/2021\/05\/kuchnia_1-min-scaled.jpg","type":"image\/jpeg"}],"author":"Patrycja","twitter_card":"summary_large_image","twitter_creator":"@empikfoto","twitter_site":"@empikfoto","twitter_misc":{"Napisane przez":"Patrycja","Szacowany czas czytania":"5 minut"},"schema":{"@context":"https:\/\/schema.org","@graph":[{"@type":"Article","@id":"https:\/\/www.empikfoto.pl\/blog\/plakaty-minimalistyczne-nowoczesnych-wnetrz\/#article","isPartOf":{"@id":"https:\/\/www.empikfoto.pl\/blog\/plakaty-minimalistyczne-nowoczesnych-wnetrz\/"},"author":{"name":"Patrycja","@id":"https:\/\/www.empikfoto.pl\/blog\/#\/schema\/person\/0313802ca5dac502e3266853c59632c0"},"headline":"Plakaty minimalistyczne \u2013 nie tylko do nowoczesnych wn\u0119trz","datePublished":"2021-03-19T09:43:52+00:00","dateModified":"2023-08-29T12:23:17+00:00","mainEntityOfPage":{"@id":"https:\/\/www.empikfoto.pl\/blog\/plakaty-minimalistyczne-nowoczesnych-wnetrz\/"},"wordCount":682,"image":{"@id":"https:\/\/www.empikfoto.pl\/blog\/plakaty-minimalistyczne-nowoczesnych-wnetrz\/#primaryimage"},"thumbnailUrl":"https:\/\/www.empikfoto.pl\/blog\/empikfoto\/2021\/05\/kuchnia_1-min-scaled.jpg","articleSection":["Plakaty","Pomys\u0142 na prezent","Pomys\u0142y na prezent"],"inLanguage":"pl-PL"},{"@type":"WebPage","@id":"https:\/\/www.empikfoto.pl\/blog\/plakaty-minimalistyczne-nowoczesnych-wnetrz\/","url":"https:\/\/www.empikfoto.pl\/blog\/plakaty-minimalistyczne-nowoczesnych-wnetrz\/","name":"Plakaty minimalistyczne \u2013 nie tylko do nowoczesnych wn\u0119trz | Empik Foto","isPartOf":{"@id":"https:\/\/www.empikfoto.pl\/blog\/#website"},"primaryImageOfPage":{"@id":"https:\/\/www.empikfoto.pl\/blog\/plakaty-minimalistyczne-nowoczesnych-wnetrz\/#primaryimage"},"image":{"@id":"https:\/\/www.empikfoto.pl\/blog\/plakaty-minimalistyczne-nowoczesnych-wnetrz\/#primaryimage"},"thumbnailUrl":"https:\/\/www.empikfoto.pl\/blog\/empikfoto\/2021\/05\/kuchnia_1-min-scaled.jpg","datePublished":"2021-03-19T09:43:52+00:00","dateModified":"2023-08-29T12:23:17+00:00","author":{"@id":"https:\/\/www.empikfoto.pl\/blog\/#\/schema\/person\/0313802ca5dac502e3266853c59632c0"},"description":"Zobacz, dlaczego plakaty minimalistyczne pasuj\u0105 nie tylko do nowoczesnych wn\u0119trz. Odkryj r\u00f3\u017cnorodno\u015b\u0107 styl\u00f3w i inspiracji z Empik Foto!\"","breadcrumb":{"@id":"https:\/\/www.empikfoto.pl\/blog\/plakaty-minimalistyczne-nowoczesnych-wnetrz\/#breadcrumb"},"inLanguage":"pl-PL","potentialAction":[{"@type":"ReadAction","target":["https:\/\/www.empikfoto.pl\/blog\/plakaty-minimalistyczne-nowoczesnych-wnetrz\/"]}]},{"@type":"ImageObject","inLanguage":"pl-PL","@id":"https:\/\/www.empikfoto.pl\/blog\/plakaty-minimalistyczne-nowoczesnych-wnetrz\/#primaryimage","url":"https:\/\/www.empikfoto.pl\/blog\/empikfoto\/2021\/05\/kuchnia_1-min-scaled.jpg","contentUrl":"https:\/\/www.empikfoto.pl\/blog\/empikfoto\/2021\/05\/kuchnia_1-min-scaled.jpg","width":2560,"height":2560,"caption":"plakaty"},{"@type":"BreadcrumbList","@id":"https:\/\/www.empikfoto.pl\/blog\/plakaty-minimalistyczne-nowoczesnych-wnetrz\/#breadcrumb","itemListElement":[{"@type":"ListItem","position":1,"name":"Strona g\u0142\u00f3wna","item":"https:\/\/www.empikfoto.pl\/blog\/"},{"@type":"ListItem","position":2,"name":"Plakaty minimalistyczne \u2013 nie tylko do nowoczesnych wn\u0119trz"}]},{"@type":"WebSite","@id":"https:\/\/www.empikfoto.pl\/blog\/#website","url":"https:\/\/www.empikfoto.pl\/blog\/","name":"blog.empikfoto.pl","description":"Poznaj empikfoto.pl od \u015brodka! Dowiedz si\u0119 wi\u0119cej o odbitkach, fotoksi\u0105\u017ckach i fotografii.","potentialAction":[{"@type":"SearchAction","target":{"@type":"EntryPoint","urlTemplate":"https:\/\/www.empikfoto.pl\/blog\/?s={search_term_string}"},"query-input":{"@type":"PropertyValueSpecification","valueRequired":true,"valueName":"search_term_string"}}],"inLanguage":"pl-PL"},{"@type":"Person","@id":"https:\/\/www.empikfoto.pl\/blog\/#\/schema\/person\/0313802ca5dac502e3266853c59632c0","name":"Patrycja","image":{"@type":"ImageObject","inLanguage":"pl-PL","@id":"https:\/\/secure.gravatar.com\/avatar\/f25168e12215ad42f58e5fb72881daaeb57bd4f907081046016f64bf167db59f?s=96&d=identicon&r=g","url":"https:\/\/secure.gravatar.com\/avatar\/f25168e12215ad42f58e5fb72881daaeb57bd4f907081046016f64bf167db59f?s=96&d=identicon&r=g","contentUrl":"https:\/\/secure.gravatar.com\/avatar\/f25168e12215ad42f58e5fb72881daaeb57bd4f907081046016f64bf167db59f?s=96&d=identicon&r=g","caption":"Patrycja"},"url":"https:\/\/www.empikfoto.pl\/blog\/author\/patrycja\/"}]}},"amp_enabled":true,"_links":{"self":[{"href":"https:\/\/www.empikfoto.pl\/blog\/wp-json\/wp\/v2\/posts\/10307","targetHints":{"allow":["GET"]}}],"collection":[{"href":"https:\/\/www.empikfoto.pl\/blog\/wp-json\/wp\/v2\/posts"}],"about":[{"href":"https:\/\/www.empikfoto.pl\/blog\/wp-json\/wp\/v2\/types\/post"}],"author":[{"embeddable":true,"href":"https:\/\/www.empikfoto.pl\/blog\/wp-json\/wp\/v2\/users\/16"}],"replies":[{"embeddable":true,"href":"https:\/\/www.empikfoto.pl\/blog\/wp-json\/wp\/v2\/comments?post=10307"}],"version-history":[{"count":4,"href":"https:\/\/www.empikfoto.pl\/blog\/wp-json\/wp\/v2\/posts\/10307\/revisions"}],"predecessor-version":[{"id":12916,"href":"https:\/\/www.empikfoto.pl\/blog\/wp-json\/wp\/v2\/posts\/10307\/revisions\/12916"}],"wp:featuredmedia":[{"embeddable":true,"href":"https:\/\/www.empikfoto.pl\/blog\/wp-json\/wp\/v2\/media\/10764"}],"wp:attachment":[{"href":"https:\/\/www.empikfoto.pl\/blog\/wp-json\/wp\/v2\/media?parent=10307"}],"wp:term":[{"taxonomy":"category","embeddable":true,"href":"https:\/\/www.empikfoto.pl\/blog\/wp-json\/wp\/v2\/categories?post=10307"},{"taxonomy":"post_tag","embeddable":true,"href":"https:\/\/www.empikfoto.pl\/blog\/wp-json\/wp\/v2\/tags?post=10307"}],"curies":[{"name":"wp","href":"https:\/\/api.w.org\/{rel}","templated":true}]}}