{"id":10329,"date":"2021-07-20T10:33:39","date_gmt":"2021-07-20T08:33:39","guid":{"rendered":"https:\/\/blog.empikfoto.pl\/?p=10329"},"modified":"2023-08-08T15:19:38","modified_gmt":"2023-08-08T13:19:38","slug":"magnesy-z-podrozy-stworz-wlasne-pamiatki","status":"publish","type":"post","link":"https:\/\/www.empikfoto.pl\/blog\/magnesy-z-podrozy-stworz-wlasne-pamiatki\/","title":{"rendered":"Oryginalne magnesy z podr\u00f3\u017cy \u2013 stw\u00f3rz swoje w\u0142asne pami\u0105tki"},"content":{"rendered":"<p><strong>Z wakacji przywozimy zazwyczaj mn\u00f3stwo mi\u0142ych wspomnie\u0144 i setki zdj\u0119\u0107. Niestety czas urlopu szybko si\u0119 ko\u0144czy. W codziennej bieganinie nie zawsze znajdujemy chwil\u0119, aby w spokoju poprzegl\u0105da\u0107 wszystkie fotografie wykonane podczas letnich woja\u017cy. Szkoda, \u017ceby zamiast nasz\u0105 pami\u0119\u0107, zamieszkiwa\u0142y jedynie t\u0119 w telefonie, dlatego warto wybra\u0107 cho\u0107by kilka najfajniejszych zdj\u0119\u0107 i wywo\u0142a\u0107 je w nieco innej formie, ni\u017c zwykle. Wypr\u00f3buj oryginalne magnesy z podr\u00f3\u017cy!<\/strong><\/p>\n<p><!--more--><\/p>\n<h2><strong>Magnesy z podr\u00f3\u017cy \u2013 super pomys\u0142 na uwiecznienie mi\u0142ych chwil<\/strong><\/h2>\n<p>Na wyczekiwany urlop czy d\u0142ugo planowany wyjazd czeka si\u0119 z ut\u0119sknieniem. Pieczo\u0142owicie przygotowujemy si\u0119 do nich, a kiedy w ko\u0144cu nadejdzie pora na spakowanie walizek, cieszymy si\u0119 ka\u017cdym momentem sp\u0119dzonym poza domem. Dlaczego nie przed\u0142u\u017cy\u0107 sobie tego euforycznego stanu, kt\u00f3ry tak nas nap\u0119dza i motywuje? Aby nie da\u0107 wyblakn\u0105\u0107 wakacyjnym wspomnieniom, wybierz swoje ulubione zdj\u0119cie z wakacji i wpasuj je w wybrany przez siebie <strong><a href=\"https:\/\/www.empikfoto.pl\/wszystkie-produkty\/magnesy\">szablon magnesu <\/a><\/strong>na lod\u00f3wk\u0119. W naszej ofercie znajdziesz ich sporo, pocz\u0105wszy od takich przypominaj\u0105cych zdj\u0119cia z Polaroida, a na artystycznych kompozycjach sko\u0144czywszy.<\/p>\n<p>Wyobra\u017a sobie, jak przyjemnie b\u0119dzie m\u00f3c spogl\u0105da\u0107 codziennie rano, podczas przygotowywania \u015bniadania na s\u0142oneczne kadry z rajskiej wyspy. A je\u015bli uda\u0142o Ci si\u0119 zdoby\u0107 upragniony g\u00f3rski szczyt i chcesz piel\u0119gnowa\u0107 to wspomnienie, to masz doskona\u0142\u0105 okazj\u0119! Pomy\u015bl tylko, jak cz\u0119sto przegl\u0105dasz albumy ze zdj\u0119ciami. Raz, dwa razy do roku? A jak cz\u0119sto otwierasz i zamykasz lod\u00f3wk\u0119? Zdecydowanie cz\u0119\u015bciej prawda? Nie ma zatem lepszego miejsca na to, by powiesi\u0107 swoje ukochane fotografie, wprawiaj\u0105ce Ci\u0119 w dobry nastr\u00f3j!<\/p>\n<p><img loading=\"lazy\" decoding=\"async\" class=\"aligncenter wp-image-10477 size-large\" src=\"https:\/\/blog.empikfoto.pl\/empikfoto\/2020\/09\/photo-1572360995742-c08915c9fff5-1024x683.jpg\" alt=\"\" width=\"1024\" height=\"683\" srcset=\"https:\/\/www.empikfoto.pl\/blog\/empikfoto\/2020\/09\/photo-1572360995742-c08915c9fff5-1024x683.jpg 1024w, https:\/\/www.empikfoto.pl\/blog\/empikfoto\/2020\/09\/photo-1572360995742-c08915c9fff5-300x200.jpg 300w, https:\/\/www.empikfoto.pl\/blog\/empikfoto\/2020\/09\/photo-1572360995742-c08915c9fff5-768x512.jpg 768w, https:\/\/www.empikfoto.pl\/blog\/empikfoto\/2020\/09\/photo-1572360995742-c08915c9fff5-330x220.jpg 330w, https:\/\/www.empikfoto.pl\/blog\/empikfoto\/2020\/09\/photo-1572360995742-c08915c9fff5-400x267.jpg 400w, https:\/\/www.empikfoto.pl\/blog\/empikfoto\/2020\/09\/photo-1572360995742-c08915c9fff5.jpg 1350w\" sizes=\"auto, (max-width: 1024px) 100vw, 1024px\" \/><\/p>\n<h2><strong>Spraw bliskim rado\u015b\u0107 i wydrukuj wakacyjne zdj\u0119cia w formie magnesu na lod\u00f3wk\u0119! <\/strong><\/h2>\n<p>Ze swoich bli\u017cszych i dalszych podr\u00f3\u017cy zawsze starasz si\u0119 przywie\u017a\u0107 bliskim jakie\u015b pami\u0105tki? Ju\u017c nie musisz zastanawia\u0107 si\u0119, co sprawi im przyjemno\u015b\u0107, bo gotowa odpowied\u017a czeka na Ciebie na wirtualnych p\u00f3\u0142kach naszego sklepu. Gwarantujemy, \u017ce Twoje zdj\u0119cie z wakacji w formie <a href=\"https:\/\/www.empikfoto.pl\/wszystkie-produkty\/magnesy\"><strong>magnesu na lod\u00f3wk\u0119<\/strong><\/a> znajdzie honorowe miejsce w ich kolekcji. Jak zawsze pozostawiamy Ci spore pole do popisu, wi\u0119c je\u015bli tylko masz ochot\u0119 na to, by samodzielnie poeksperymentowa\u0107 z grafik\u0105, mo\u017cesz stworzy\u0107 samodzielnie, od podstaw, w\u0142asny projekt takiego gad\u017cetu. S\u0105dzimy, \u017ce obdarowanie kogo\u015b takim prezentem sprawi Ci r\u00f3wnie du\u017c\u0105 przyjemno\u015b\u0107, co jego przygotowywanie.<\/p>\n<p><img loading=\"lazy\" decoding=\"async\" class=\"aligncenter wp-image-10465 size-full\" src=\"https:\/\/blog.empikfoto.pl\/empikfoto\/2020\/09\/photo-1487770931682-b80013ed9cc9.jpg\" alt=\"\" width=\"800\" height=\"800\" srcset=\"https:\/\/www.empikfoto.pl\/blog\/empikfoto\/2020\/09\/photo-1487770931682-b80013ed9cc9.jpg 800w, https:\/\/www.empikfoto.pl\/blog\/empikfoto\/2020\/09\/photo-1487770931682-b80013ed9cc9-300x300.jpg 300w, https:\/\/www.empikfoto.pl\/blog\/empikfoto\/2020\/09\/photo-1487770931682-b80013ed9cc9-150x150.jpg 150w, https:\/\/www.empikfoto.pl\/blog\/empikfoto\/2020\/09\/photo-1487770931682-b80013ed9cc9-768x768.jpg 768w, https:\/\/www.empikfoto.pl\/blog\/empikfoto\/2020\/09\/photo-1487770931682-b80013ed9cc9-400x400.jpg 400w\" sizes=\"auto, (max-width: 800px) 100vw, 800px\" \/><\/p>\n<h2><strong>Kolekcjonuj wspomnienia za pomoc\u0105 magnes\u00f3w<\/strong><\/h2>\n<p>Niekt\u00f3rzy ludzie, by upami\u0119tni\u0107 wszystkie swoje woja\u017ce po \u015bwiecie kupuj\u0105 map\u0119, na kt\u00f3rej pinezkami zaznaczaj\u0105 miejsca, kt\u00f3re uda\u0142o im si\u0119 odwiedzi\u0107. Wed\u0142ug nas r\u00f3wnie dobrym, je\u015bli nawet nie lepszym pomys\u0142em jest sprawianie sobie z ka\u017cdej podr\u00f3\u017cy pami\u0105tki w postaci <a href=\"https:\/\/www.empikfoto.pl\/wszystkie-produkty\/magnesy\"><strong>magnesu na lod\u00f3wk\u0119 z w\u0142asnym zdj\u0119ciem<\/strong><\/a> z pobytu w danym kraju. I tu tak\u017ce mo\u017cna sobie nieco poszale\u0107, wprowadzaj\u0105c na przyk\u0142ad powtarzalne motywy lub pozuj\u0105c za ka\u017cdym razem z ulubionym gad\u017cetem. Pomys\u0142y zostawiamy Tobie, a na siebie bierzemy ich realizacj\u0119. Pami\u0119taj, \u017ce u nas na swoje zam\u00f3wienie czekasz zazwyczaj nie d\u0142u\u017cej, ni\u017c kilka dni.<\/p>\n<p><img loading=\"lazy\" decoding=\"async\" class=\"aligncenter wp-image-10478 size-large\" src=\"https:\/\/blog.empikfoto.pl\/empikfoto\/2020\/09\/pexels-photo-185933-1024x670.jpeg\" alt=\"\" width=\"1024\" height=\"670\" srcset=\"https:\/\/www.empikfoto.pl\/blog\/empikfoto\/2020\/09\/pexels-photo-185933-1024x670.jpeg 1024w, https:\/\/www.empikfoto.pl\/blog\/empikfoto\/2020\/09\/pexels-photo-185933-300x196.jpeg 300w, https:\/\/www.empikfoto.pl\/blog\/empikfoto\/2020\/09\/pexels-photo-185933-768x502.jpeg 768w, https:\/\/www.empikfoto.pl\/blog\/empikfoto\/2020\/09\/pexels-photo-185933-1536x1005.jpeg 1536w, https:\/\/www.empikfoto.pl\/blog\/empikfoto\/2020\/09\/pexels-photo-185933-2048x1340.jpeg 2048w, https:\/\/www.empikfoto.pl\/blog\/empikfoto\/2020\/09\/pexels-photo-185933-400x262.jpeg 400w\" sizes=\"auto, (max-width: 1024px) 100vw, 1024px\" \/><\/p>\n<h2><strong>Magnesy ze zdj\u0119ciami z podr\u00f3\u017cy &#8211; pami\u0105tki, jakich nie ma nikt inny<\/strong><\/h2>\n<p>Je\u015bli z kolejnej wyprawy nie chcesz przywozi\u0107 kolejnego zestawu muszelek, kubka, koszulki czy przys\u0142owiowej ciupagi, postaw na oryginalne gad\u017cety. Wypr\u00f3buj magnesy ze zdj\u0119ciami z podr\u00f3\u017cy. Sta\u0144 si\u0119 prawdziwym kolekcjonerem i wymy\u015blaj coraz to nowe, ciekawe projekty, kt\u00f3rymi zaskoczysz swoich bliskich i przyjaci\u00f3\u0142. Zamiast zanudza\u0107 rodzin\u0119 i znajomych tysi\u0105cami zdj\u0119\u0107 z wakacyjnego wyjazdu, postaw na jedn\u0105, najbardziej oryginaln\u0105, zabawn\u0105 i ciekaw\u0105 fotografi\u0119, a nast\u0119pnie zaprojektuj z jej wykorzystaniem magnesy na lod\u00f3wk\u0119. Do fotografii mo\u017cesz doda\u0107 wymy\u015blony przez siebie napis, a tak\u017ce grafik\u0119 czy inny dekoracyjny element. Je\u015bli cokolwiek sprawi ci trudno\u015b\u0107 podczas korzystania z naszego edytora, ch\u0119tnie Ci pomo\u017cemy. Razem stw\u00f3rzmy doskona\u0142\u0105 przestrze\u0144 dla Twoich wspomnie\u0144.<strong> Zajrzyj na stron\u0119 i do dzie\u0142a!<\/strong><\/p>\n<p><img loading=\"lazy\" decoding=\"async\" class=\"aligncenter wp-image-10480 size-large\" src=\"https:\/\/blog.empikfoto.pl\/empikfoto\/2020\/10\/photo-1601482918840-f1d6960f6e6f-1024x683.jpg\" alt=\"\" width=\"1024\" height=\"683\" srcset=\"https:\/\/www.empikfoto.pl\/blog\/empikfoto\/2020\/10\/photo-1601482918840-f1d6960f6e6f-1024x683.jpg 1024w, https:\/\/www.empikfoto.pl\/blog\/empikfoto\/2020\/10\/photo-1601482918840-f1d6960f6e6f-300x200.jpg 300w, https:\/\/www.empikfoto.pl\/blog\/empikfoto\/2020\/10\/photo-1601482918840-f1d6960f6e6f-768x512.jpg 768w, https:\/\/www.empikfoto.pl\/blog\/empikfoto\/2020\/10\/photo-1601482918840-f1d6960f6e6f-330x220.jpg 330w, https:\/\/www.empikfoto.pl\/blog\/empikfoto\/2020\/10\/photo-1601482918840-f1d6960f6e6f-400x267.jpg 400w, https:\/\/www.empikfoto.pl\/blog\/empikfoto\/2020\/10\/photo-1601482918840-f1d6960f6e6f.jpg 1050w\" sizes=\"auto, (max-width: 1024px) 100vw, 1024px\" \/><\/p>\n","protected":false},"excerpt":{"rendered":"<p>Z wakacji przywozimy zazwyczaj mn\u00f3stwo mi\u0142ych wspomnie\u0144 i setki zdj\u0119\u0107. Niestety czas urlopu szybko si\u0119 ko\u0144czy. W codziennej bieganinie nie zawsze znajdujemy chwil\u0119, aby w spokoju poprzegl\u0105da\u0107 wszystkie fotografie wykonane podczas letnich woja\u017cy. Szkoda, \u017ceby zamiast nasz\u0105 pami\u0119\u0107, zamieszkiwa\u0142y jedynie t\u0119 w telefonie, dlatego warto wybra\u0107 cho\u0107by kilka najfajniejszych zdj\u0119\u0107 i wywo\u0142a\u0107 je w nieco innej formie, ni\u017c zwykle. Wypr\u00f3buj oryginalne magnesy z podr\u00f3\u017cy!<\/p>\n","protected":false},"author":16,"featured_media":10476,"comment_status":"closed","ping_status":"closed","sticky":true,"template":"","format":"standard","meta":{"footnotes":""},"categories":[113,1059],"tags":[],"class_list":["post-10329","post","type-post","status-publish","format-standard","has-post-thumbnail","hentry","category-pomysl-na-prezent","category-pomysly-na-prezent"],"yoast_head":"<!-- This site is optimized with the Yoast SEO plugin v27.5 - https:\/\/yoast.com\/product\/yoast-seo-wordpress\/ -->\n<title>Magnesy z podr\u00f3\u017cy \u2013 stw\u00f3rz swoje w\u0142asne pami\u0105tki | Empik Foto<\/title>\n<meta name=\"description\" content=\"Stw\u00f3rz magnesy z podr\u00f3\u017cy jako wyj\u0105tkowe pami\u0105tki. Dowiedz si\u0119, jak zrobi\u0107 magnesy ze zdj\u0119\u0107 i zachowaj wspomnienia z podr\u00f3\u017cy na lod\u00f3wce!\" \/>\n<meta name=\"robots\" content=\"index, follow, max-snippet:-1, max-image-preview:large, max-video-preview:-1\" \/>\n<link rel=\"canonical\" href=\"https:\/\/www.empikfoto.pl\/blog\/magnesy-z-podrozy-stworz-wlasne-pamiatki\/\" \/>\n<meta property=\"og:locale\" content=\"pl_PL\" \/>\n<meta property=\"og:type\" content=\"article\" \/>\n<meta property=\"og:title\" content=\"Magnesy z podr\u00f3\u017cy \u2013 stw\u00f3rz swoje w\u0142asne pami\u0105tki | Empik Foto\" \/>\n<meta property=\"og:description\" content=\"Stw\u00f3rz magnesy z podr\u00f3\u017cy jako wyj\u0105tkowe pami\u0105tki. Dowiedz si\u0119, jak zrobi\u0107 magnesy ze zdj\u0119\u0107 i zachowaj wspomnienia z podr\u00f3\u017cy na lod\u00f3wce!\" \/>\n<meta property=\"og:url\" content=\"https:\/\/www.empikfoto.pl\/blog\/magnesy-z-podrozy-stworz-wlasne-pamiatki\/\" \/>\n<meta property=\"og:site_name\" content=\"blog.empikfoto.pl\" \/>\n<meta property=\"article:publisher\" content=\"https:\/\/www.facebook.com\/empikfotopl\/\" \/>\n<meta property=\"article:published_time\" content=\"2021-07-20T08:33:39+00:00\" \/>\n<meta property=\"article:modified_time\" content=\"2023-08-08T13:19:38+00:00\" \/>\n<meta property=\"og:image\" content=\"https:\/\/www.empikfoto.pl\/blog\/empikfoto\/2020\/09\/photo-1511843511279-cfd764c09659-1.jpg\" \/>\n\t<meta property=\"og:image:width\" content=\"1352\" \/>\n\t<meta property=\"og:image:height\" content=\"899\" \/>\n\t<meta property=\"og:image:type\" content=\"image\/jpeg\" \/>\n<meta name=\"author\" content=\"Patrycja\" \/>\n<meta name=\"twitter:card\" content=\"summary_large_image\" \/>\n<meta name=\"twitter:creator\" content=\"@empikfoto\" \/>\n<meta name=\"twitter:site\" content=\"@empikfoto\" \/>\n<meta name=\"twitter:label1\" content=\"Napisane przez\" \/>\n\t<meta name=\"twitter:data1\" content=\"Patrycja\" \/>\n\t<meta name=\"twitter:label2\" content=\"Szacowany czas czytania\" \/>\n\t<meta name=\"twitter:data2\" content=\"5 minut\" \/>\n<script type=\"application\/ld+json\" class=\"yoast-schema-graph\">{\"@context\":\"https:\\\/\\\/schema.org\",\"@graph\":[{\"@type\":\"Article\",\"@id\":\"https:\\\/\\\/www.empikfoto.pl\\\/blog\\\/magnesy-z-podrozy-stworz-wlasne-pamiatki\\\/#article\",\"isPartOf\":{\"@id\":\"https:\\\/\\\/www.empikfoto.pl\\\/blog\\\/magnesy-z-podrozy-stworz-wlasne-pamiatki\\\/\"},\"author\":{\"name\":\"Patrycja\",\"@id\":\"https:\\\/\\\/www.empikfoto.pl\\\/blog\\\/#\\\/schema\\\/person\\\/0313802ca5dac502e3266853c59632c0\"},\"headline\":\"Oryginalne magnesy z podr\u00f3\u017cy \u2013 stw\u00f3rz swoje w\u0142asne pami\u0105tki\",\"datePublished\":\"2021-07-20T08:33:39+00:00\",\"dateModified\":\"2023-08-08T13:19:38+00:00\",\"mainEntityOfPage\":{\"@id\":\"https:\\\/\\\/www.empikfoto.pl\\\/blog\\\/magnesy-z-podrozy-stworz-wlasne-pamiatki\\\/\"},\"wordCount\":684,\"image\":{\"@id\":\"https:\\\/\\\/www.empikfoto.pl\\\/blog\\\/magnesy-z-podrozy-stworz-wlasne-pamiatki\\\/#primaryimage\"},\"thumbnailUrl\":\"https:\\\/\\\/www.empikfoto.pl\\\/blog\\\/empikfoto\\\/2020\\\/09\\\/photo-1511843511279-cfd764c09659-1.jpg\",\"articleSection\":[\"Pomys\u0142 na prezent\",\"Pomys\u0142y na prezent\"],\"inLanguage\":\"pl-PL\"},{\"@type\":\"WebPage\",\"@id\":\"https:\\\/\\\/www.empikfoto.pl\\\/blog\\\/magnesy-z-podrozy-stworz-wlasne-pamiatki\\\/\",\"url\":\"https:\\\/\\\/www.empikfoto.pl\\\/blog\\\/magnesy-z-podrozy-stworz-wlasne-pamiatki\\\/\",\"name\":\"Magnesy z podr\u00f3\u017cy \u2013 stw\u00f3rz swoje w\u0142asne pami\u0105tki | Empik Foto\",\"isPartOf\":{\"@id\":\"https:\\\/\\\/www.empikfoto.pl\\\/blog\\\/#website\"},\"primaryImageOfPage\":{\"@id\":\"https:\\\/\\\/www.empikfoto.pl\\\/blog\\\/magnesy-z-podrozy-stworz-wlasne-pamiatki\\\/#primaryimage\"},\"image\":{\"@id\":\"https:\\\/\\\/www.empikfoto.pl\\\/blog\\\/magnesy-z-podrozy-stworz-wlasne-pamiatki\\\/#primaryimage\"},\"thumbnailUrl\":\"https:\\\/\\\/www.empikfoto.pl\\\/blog\\\/empikfoto\\\/2020\\\/09\\\/photo-1511843511279-cfd764c09659-1.jpg\",\"datePublished\":\"2021-07-20T08:33:39+00:00\",\"dateModified\":\"2023-08-08T13:19:38+00:00\",\"author\":{\"@id\":\"https:\\\/\\\/www.empikfoto.pl\\\/blog\\\/#\\\/schema\\\/person\\\/0313802ca5dac502e3266853c59632c0\"},\"description\":\"Stw\u00f3rz magnesy z podr\u00f3\u017cy jako wyj\u0105tkowe pami\u0105tki. Dowiedz si\u0119, jak zrobi\u0107 magnesy ze zdj\u0119\u0107 i zachowaj wspomnienia z podr\u00f3\u017cy na lod\u00f3wce!\",\"breadcrumb\":{\"@id\":\"https:\\\/\\\/www.empikfoto.pl\\\/blog\\\/magnesy-z-podrozy-stworz-wlasne-pamiatki\\\/#breadcrumb\"},\"inLanguage\":\"pl-PL\",\"potentialAction\":[{\"@type\":\"ReadAction\",\"target\":[\"https:\\\/\\\/www.empikfoto.pl\\\/blog\\\/magnesy-z-podrozy-stworz-wlasne-pamiatki\\\/\"]}]},{\"@type\":\"ImageObject\",\"inLanguage\":\"pl-PL\",\"@id\":\"https:\\\/\\\/www.empikfoto.pl\\\/blog\\\/magnesy-z-podrozy-stworz-wlasne-pamiatki\\\/#primaryimage\",\"url\":\"https:\\\/\\\/www.empikfoto.pl\\\/blog\\\/empikfoto\\\/2020\\\/09\\\/photo-1511843511279-cfd764c09659-1.jpg\",\"contentUrl\":\"https:\\\/\\\/www.empikfoto.pl\\\/blog\\\/empikfoto\\\/2020\\\/09\\\/photo-1511843511279-cfd764c09659-1.jpg\",\"width\":1352,\"height\":899,\"caption\":\"Walentynki\"},{\"@type\":\"BreadcrumbList\",\"@id\":\"https:\\\/\\\/www.empikfoto.pl\\\/blog\\\/magnesy-z-podrozy-stworz-wlasne-pamiatki\\\/#breadcrumb\",\"itemListElement\":[{\"@type\":\"ListItem\",\"position\":1,\"name\":\"Strona g\u0142\u00f3wna\",\"item\":\"https:\\\/\\\/www.empikfoto.pl\\\/blog\\\/\"},{\"@type\":\"ListItem\",\"position\":2,\"name\":\"Oryginalne magnesy z podr\u00f3\u017cy \u2013 stw\u00f3rz swoje w\u0142asne pami\u0105tki\"}]},{\"@type\":\"WebSite\",\"@id\":\"https:\\\/\\\/www.empikfoto.pl\\\/blog\\\/#website\",\"url\":\"https:\\\/\\\/www.empikfoto.pl\\\/blog\\\/\",\"name\":\"blog.empikfoto.pl\",\"description\":\"Poznaj empikfoto.pl od \u015brodka! Dowiedz si\u0119 wi\u0119cej o odbitkach, fotoksi\u0105\u017ckach i fotografii.\",\"potentialAction\":[{\"@type\":\"SearchAction\",\"target\":{\"@type\":\"EntryPoint\",\"urlTemplate\":\"https:\\\/\\\/www.empikfoto.pl\\\/blog\\\/?s={search_term_string}\"},\"query-input\":{\"@type\":\"PropertyValueSpecification\",\"valueRequired\":true,\"valueName\":\"search_term_string\"}}],\"inLanguage\":\"pl-PL\"},{\"@type\":\"Person\",\"@id\":\"https:\\\/\\\/www.empikfoto.pl\\\/blog\\\/#\\\/schema\\\/person\\\/0313802ca5dac502e3266853c59632c0\",\"name\":\"Patrycja\",\"image\":{\"@type\":\"ImageObject\",\"inLanguage\":\"pl-PL\",\"@id\":\"https:\\\/\\\/secure.gravatar.com\\\/avatar\\\/f25168e12215ad42f58e5fb72881daaeb57bd4f907081046016f64bf167db59f?s=96&d=identicon&r=g\",\"url\":\"https:\\\/\\\/secure.gravatar.com\\\/avatar\\\/f25168e12215ad42f58e5fb72881daaeb57bd4f907081046016f64bf167db59f?s=96&d=identicon&r=g\",\"contentUrl\":\"https:\\\/\\\/secure.gravatar.com\\\/avatar\\\/f25168e12215ad42f58e5fb72881daaeb57bd4f907081046016f64bf167db59f?s=96&d=identicon&r=g\",\"caption\":\"Patrycja\"},\"url\":\"https:\\\/\\\/www.empikfoto.pl\\\/blog\\\/author\\\/patrycja\\\/\"}]}<\/script>\n<!-- \/ Yoast SEO plugin. -->","yoast_head_json":{"title":"Magnesy z podr\u00f3\u017cy \u2013 stw\u00f3rz swoje w\u0142asne pami\u0105tki | Empik Foto","description":"Stw\u00f3rz magnesy z podr\u00f3\u017cy jako wyj\u0105tkowe pami\u0105tki. Dowiedz si\u0119, jak zrobi\u0107 magnesy ze zdj\u0119\u0107 i zachowaj wspomnienia z podr\u00f3\u017cy na lod\u00f3wce!","robots":{"index":"index","follow":"follow","max-snippet":"max-snippet:-1","max-image-preview":"max-image-preview:large","max-video-preview":"max-video-preview:-1"},"canonical":"https:\/\/www.empikfoto.pl\/blog\/magnesy-z-podrozy-stworz-wlasne-pamiatki\/","og_locale":"pl_PL","og_type":"article","og_title":"Magnesy z podr\u00f3\u017cy \u2013 stw\u00f3rz swoje w\u0142asne pami\u0105tki | Empik Foto","og_description":"Stw\u00f3rz magnesy z podr\u00f3\u017cy jako wyj\u0105tkowe pami\u0105tki. Dowiedz si\u0119, jak zrobi\u0107 magnesy ze zdj\u0119\u0107 i zachowaj wspomnienia z podr\u00f3\u017cy na lod\u00f3wce!","og_url":"https:\/\/www.empikfoto.pl\/blog\/magnesy-z-podrozy-stworz-wlasne-pamiatki\/","og_site_name":"blog.empikfoto.pl","article_publisher":"https:\/\/www.facebook.com\/empikfotopl\/","article_published_time":"2021-07-20T08:33:39+00:00","article_modified_time":"2023-08-08T13:19:38+00:00","og_image":[{"width":1352,"height":899,"url":"https:\/\/www.empikfoto.pl\/blog\/empikfoto\/2020\/09\/photo-1511843511279-cfd764c09659-1.jpg","type":"image\/jpeg"}],"author":"Patrycja","twitter_card":"summary_large_image","twitter_creator":"@empikfoto","twitter_site":"@empikfoto","twitter_misc":{"Napisane przez":"Patrycja","Szacowany czas czytania":"5 minut"},"schema":{"@context":"https:\/\/schema.org","@graph":[{"@type":"Article","@id":"https:\/\/www.empikfoto.pl\/blog\/magnesy-z-podrozy-stworz-wlasne-pamiatki\/#article","isPartOf":{"@id":"https:\/\/www.empikfoto.pl\/blog\/magnesy-z-podrozy-stworz-wlasne-pamiatki\/"},"author":{"name":"Patrycja","@id":"https:\/\/www.empikfoto.pl\/blog\/#\/schema\/person\/0313802ca5dac502e3266853c59632c0"},"headline":"Oryginalne magnesy z podr\u00f3\u017cy \u2013 stw\u00f3rz swoje w\u0142asne pami\u0105tki","datePublished":"2021-07-20T08:33:39+00:00","dateModified":"2023-08-08T13:19:38+00:00","mainEntityOfPage":{"@id":"https:\/\/www.empikfoto.pl\/blog\/magnesy-z-podrozy-stworz-wlasne-pamiatki\/"},"wordCount":684,"image":{"@id":"https:\/\/www.empikfoto.pl\/blog\/magnesy-z-podrozy-stworz-wlasne-pamiatki\/#primaryimage"},"thumbnailUrl":"https:\/\/www.empikfoto.pl\/blog\/empikfoto\/2020\/09\/photo-1511843511279-cfd764c09659-1.jpg","articleSection":["Pomys\u0142 na prezent","Pomys\u0142y na prezent"],"inLanguage":"pl-PL"},{"@type":"WebPage","@id":"https:\/\/www.empikfoto.pl\/blog\/magnesy-z-podrozy-stworz-wlasne-pamiatki\/","url":"https:\/\/www.empikfoto.pl\/blog\/magnesy-z-podrozy-stworz-wlasne-pamiatki\/","name":"Magnesy z podr\u00f3\u017cy \u2013 stw\u00f3rz swoje w\u0142asne pami\u0105tki | Empik Foto","isPartOf":{"@id":"https:\/\/www.empikfoto.pl\/blog\/#website"},"primaryImageOfPage":{"@id":"https:\/\/www.empikfoto.pl\/blog\/magnesy-z-podrozy-stworz-wlasne-pamiatki\/#primaryimage"},"image":{"@id":"https:\/\/www.empikfoto.pl\/blog\/magnesy-z-podrozy-stworz-wlasne-pamiatki\/#primaryimage"},"thumbnailUrl":"https:\/\/www.empikfoto.pl\/blog\/empikfoto\/2020\/09\/photo-1511843511279-cfd764c09659-1.jpg","datePublished":"2021-07-20T08:33:39+00:00","dateModified":"2023-08-08T13:19:38+00:00","author":{"@id":"https:\/\/www.empikfoto.pl\/blog\/#\/schema\/person\/0313802ca5dac502e3266853c59632c0"},"description":"Stw\u00f3rz magnesy z podr\u00f3\u017cy jako wyj\u0105tkowe pami\u0105tki. Dowiedz si\u0119, jak zrobi\u0107 magnesy ze zdj\u0119\u0107 i zachowaj wspomnienia z podr\u00f3\u017cy na lod\u00f3wce!","breadcrumb":{"@id":"https:\/\/www.empikfoto.pl\/blog\/magnesy-z-podrozy-stworz-wlasne-pamiatki\/#breadcrumb"},"inLanguage":"pl-PL","potentialAction":[{"@type":"ReadAction","target":["https:\/\/www.empikfoto.pl\/blog\/magnesy-z-podrozy-stworz-wlasne-pamiatki\/"]}]},{"@type":"ImageObject","inLanguage":"pl-PL","@id":"https:\/\/www.empikfoto.pl\/blog\/magnesy-z-podrozy-stworz-wlasne-pamiatki\/#primaryimage","url":"https:\/\/www.empikfoto.pl\/blog\/empikfoto\/2020\/09\/photo-1511843511279-cfd764c09659-1.jpg","contentUrl":"https:\/\/www.empikfoto.pl\/blog\/empikfoto\/2020\/09\/photo-1511843511279-cfd764c09659-1.jpg","width":1352,"height":899,"caption":"Walentynki"},{"@type":"BreadcrumbList","@id":"https:\/\/www.empikfoto.pl\/blog\/magnesy-z-podrozy-stworz-wlasne-pamiatki\/#breadcrumb","itemListElement":[{"@type":"ListItem","position":1,"name":"Strona g\u0142\u00f3wna","item":"https:\/\/www.empikfoto.pl\/blog\/"},{"@type":"ListItem","position":2,"name":"Oryginalne magnesy z podr\u00f3\u017cy \u2013 stw\u00f3rz swoje w\u0142asne pami\u0105tki"}]},{"@type":"WebSite","@id":"https:\/\/www.empikfoto.pl\/blog\/#website","url":"https:\/\/www.empikfoto.pl\/blog\/","name":"blog.empikfoto.pl","description":"Poznaj empikfoto.pl od \u015brodka! Dowiedz si\u0119 wi\u0119cej o odbitkach, fotoksi\u0105\u017ckach i fotografii.","potentialAction":[{"@type":"SearchAction","target":{"@type":"EntryPoint","urlTemplate":"https:\/\/www.empikfoto.pl\/blog\/?s={search_term_string}"},"query-input":{"@type":"PropertyValueSpecification","valueRequired":true,"valueName":"search_term_string"}}],"inLanguage":"pl-PL"},{"@type":"Person","@id":"https:\/\/www.empikfoto.pl\/blog\/#\/schema\/person\/0313802ca5dac502e3266853c59632c0","name":"Patrycja","image":{"@type":"ImageObject","inLanguage":"pl-PL","@id":"https:\/\/secure.gravatar.com\/avatar\/f25168e12215ad42f58e5fb72881daaeb57bd4f907081046016f64bf167db59f?s=96&d=identicon&r=g","url":"https:\/\/secure.gravatar.com\/avatar\/f25168e12215ad42f58e5fb72881daaeb57bd4f907081046016f64bf167db59f?s=96&d=identicon&r=g","contentUrl":"https:\/\/secure.gravatar.com\/avatar\/f25168e12215ad42f58e5fb72881daaeb57bd4f907081046016f64bf167db59f?s=96&d=identicon&r=g","caption":"Patrycja"},"url":"https:\/\/www.empikfoto.pl\/blog\/author\/patrycja\/"}]}},"amp_enabled":true,"_links":{"self":[{"href":"https:\/\/www.empikfoto.pl\/blog\/wp-json\/wp\/v2\/posts\/10329","targetHints":{"allow":["GET"]}}],"collection":[{"href":"https:\/\/www.empikfoto.pl\/blog\/wp-json\/wp\/v2\/posts"}],"about":[{"href":"https:\/\/www.empikfoto.pl\/blog\/wp-json\/wp\/v2\/types\/post"}],"author":[{"embeddable":true,"href":"https:\/\/www.empikfoto.pl\/blog\/wp-json\/wp\/v2\/users\/16"}],"replies":[{"embeddable":true,"href":"https:\/\/www.empikfoto.pl\/blog\/wp-json\/wp\/v2\/comments?post=10329"}],"version-history":[{"count":4,"href":"https:\/\/www.empikfoto.pl\/blog\/wp-json\/wp\/v2\/posts\/10329\/revisions"}],"predecessor-version":[{"id":12634,"href":"https:\/\/www.empikfoto.pl\/blog\/wp-json\/wp\/v2\/posts\/10329\/revisions\/12634"}],"wp:featuredmedia":[{"embeddable":true,"href":"https:\/\/www.empikfoto.pl\/blog\/wp-json\/wp\/v2\/media\/10476"}],"wp:attachment":[{"href":"https:\/\/www.empikfoto.pl\/blog\/wp-json\/wp\/v2\/media?parent=10329"}],"wp:term":[{"taxonomy":"category","embeddable":true,"href":"https:\/\/www.empikfoto.pl\/blog\/wp-json\/wp\/v2\/categories?post=10329"},{"taxonomy":"post_tag","embeddable":true,"href":"https:\/\/www.empikfoto.pl\/blog\/wp-json\/wp\/v2\/tags?post=10329"}],"curies":[{"name":"wp","href":"https:\/\/api.w.org\/{rel}","templated":true}]}}