{"id":10563,"date":"2023-11-24T08:00:31","date_gmt":"2023-11-24T07:00:31","guid":{"rendered":"https:\/\/blog.empikfoto.pl\/?p=10563"},"modified":"2023-11-30T10:21:24","modified_gmt":"2023-11-30T09:21:24","slug":"kubek-swiateczny-z-nadrukiem","status":"publish","type":"post","link":"https:\/\/www.empikfoto.pl\/blog\/kubek-swiateczny-z-nadrukiem\/","title":{"rendered":"Kubek \u015bwi\u0105teczny z nadrukiem, czyli \u015bwietny prezent na gwiazdk\u0119"},"content":{"rendered":"<p><strong>Gor\u0105ce kakao albo aromatyczna czekolada do picia to idealne napoje na zimne wieczory. Do tego zestawu brakuje jeszcze tylko ksi\u0105\u017cki b\u0105d\u017a ulubionego serialu \u2013 i wymarzonego kubka! Podpowiadamy, jaki wybra\u0107, by nie tylko kawa smakowa\u0142a w nim lepiej, ale by okaza\u0142 si\u0119 prezentem wywo\u0142uj\u0105cym pi\u0119kne wspomnienia. Sprawd\u017a kubek \u015bwi\u0105teczny z nadrukiem, czyli \u015bwietny prezent na gwiazdk\u0119!<\/strong><\/p>\n<p><!--more--><\/p>\n<h2><strong>Kubek \u015bwi\u0105teczny z nadrukiem \u2013 idealny prezent dla ca\u0142ej rodziny<\/strong><\/h2>\n<p>Nieraz bardzo trudno jest zdecydowa\u0107 si\u0119 na zakup konkretnego prezentu \u2013 istnieje obawa, \u017ce mo\u017ce on si\u0119 nie spodoba\u0107 obdarowywanej osobie. <strong>Jednak kubek z nadrukiem jest zawsze idealny.<\/strong> Wykorzystywany do ka\u017cdego napoju bardzo dobrze spe\u0142nia swoj\u0105 funkcj\u0119, a do tego wszystkiego jak wygl\u0105da! Jest to \u015bwietny prezent pod choink\u0119 dla dziadk\u00f3w, rodzic\u00f3w czy te\u017c rodze\u0144stwa. Aby pokaza\u0107 jak bardzo s\u0105 dla Ciebie wa\u017cni, wybierz kubek z pi\u0119knym cytatem czy te\u017c zdecyduj si\u0119 na <strong><a href=\"https:\/\/www.empikfoto.pl\/wszystkie-produkty\/fotokubki-rodzaje\">fotokubek<\/a> <\/strong>z waszym wsp\u00f3lnym zdj\u0119ciem. To b\u0119dzie pami\u0105tka na wiele lat, a przecie\u017c te najtrwalsze prezenty s\u0105 najcenniejsze.<\/p>\n<p><img loading=\"lazy\" decoding=\"async\" class=\"aligncenter size-full wp-image-13222\" src=\"https:\/\/www.empikfoto.pl\/blog\/empikfoto\/2020\/11\/winter-holidays-decorations-warm-colors-family-portrait-mom-dad-their-little-daughter.jpg\" alt=\"kubek \u015bwi\u0105teczny\" width=\"1000\" height=\"667\" srcset=\"https:\/\/www.empikfoto.pl\/blog\/empikfoto\/2020\/11\/winter-holidays-decorations-warm-colors-family-portrait-mom-dad-their-little-daughter.jpg 1000w, https:\/\/www.empikfoto.pl\/blog\/empikfoto\/2020\/11\/winter-holidays-decorations-warm-colors-family-portrait-mom-dad-their-little-daughter-300x200.jpg 300w, https:\/\/www.empikfoto.pl\/blog\/empikfoto\/2020\/11\/winter-holidays-decorations-warm-colors-family-portrait-mom-dad-their-little-daughter-768x512.jpg 768w, https:\/\/www.empikfoto.pl\/blog\/empikfoto\/2020\/11\/winter-holidays-decorations-warm-colors-family-portrait-mom-dad-their-little-daughter-330x220.jpg 330w, https:\/\/www.empikfoto.pl\/blog\/empikfoto\/2020\/11\/winter-holidays-decorations-warm-colors-family-portrait-mom-dad-their-little-daughter-400x267.jpg 400w\" sizes=\"auto, (max-width: 1000px) 100vw, 1000px\" \/><\/p>\n<h2><strong>Spersonalizowany kubek \u2013 prezent pod choink\u0119 dla mi\u0142o\u015bnik\u00f3w herbaty<\/strong><\/h2>\n<p>Ci, kt\u00f3rzy ca\u0142ym sercem kochaj\u0105 zapach i smak aromatycznej herbaty, z pewno\u015bci\u0105 nie wyobra\u017caj\u0105 sobie \u017cycia bez odpowiedniego kubka! W tym przypadku wymagania mog\u0105 by\u0107 nieco wi\u0119ksze, dlatego chc\u0105c zaskoczy\u0107 smakoszy, postaw na <a href=\"https:\/\/www.empikfoto.pl\/duze-kubki-ze-zdjeciem\"><strong>kubek 890 ml<\/strong><\/a>! Do takiego prezentu mo\u017cesz do\u0142\u0105czy\u0107 ulubion\u0105 herbat\u0119 \u2013 w ten spos\u00f3b stworzysz duet idealny. Interesuj\u0105cym dodatkiem b\u0119dzie r\u00f3wnie\u017c s\u0142oiczek z miodem czy te\u017c powid\u0142ami. Przy wyborze kubka <strong>zwr\u00f3\u0107 uwag\u0119 na nadruk i dopasuj go do preferencji obdarowywanej osoby<\/strong>. Spersonalizowane podarunki zawsze sprawiaj\u0105 du\u017c\u0105 rado\u015b\u0107, dlatego ju\u017c d\u0142u\u017cej nie czekaj i sprawd\u017a nasze propozycje.<\/p>\n<h2><strong>Kubek \u015bwi\u0105teczny z nadrukiem \u2013 prezent na Gwiazdk\u0119 dla najm\u0142odszych<\/strong><\/h2>\n<p>Kubek to \u015bwietny prezent nie tylko dla mi\u0142o\u015bnik\u00f3w herbaty, ale r\u00f3wnie\u017c dla fan\u00f3w gor\u0105cej czekolady i kakao. Najm\u0142odszym spodobaj\u0105 si\u0119 nadruki z ulubionymi postaciami z bajek czy te\u017c ze zwierzakami. Nie b\u00f3j si\u0119 zaszale\u0107 z kolorem \u2013 im wi\u0119cej si\u0119 dzieje, tym bardziej zaciekawisz ma\u0142ego smakosza.\u00a0 Sprawd\u017a <a href=\"https:\/\/www.empikfoto.pl\/wszystkie-produkty\/fotokubki?sort=default_desc&amp;kolekcja=zwierzeta,pokoj-dziecka\"><strong>szablony zwierz\u0119ce<\/strong> <\/a>jakie dla Was przygotowali\u015bmy! U\u015bmiech dziecka gwarantowany.<\/p>\n<div id=\"attachment_13217\" style=\"width: 1034px\" class=\"wp-caption aligncenter\"><a href=\"https:\/\/www.empikfoto.pl\/kolekcje\/kolekcja-zimowa-kraina\"><img loading=\"lazy\" decoding=\"async\" aria-describedby=\"caption-attachment-13217\" class=\"wp-image-13217 size-large\" src=\"https:\/\/www.empikfoto.pl\/blog\/empikfoto\/2020\/11\/DSC0899-1024x683.jpg\" alt=\"kubek \u015bwi\u0105teczny\" width=\"1024\" height=\"683\" srcset=\"https:\/\/www.empikfoto.pl\/blog\/empikfoto\/2020\/11\/DSC0899-1024x683.jpg 1024w, https:\/\/www.empikfoto.pl\/blog\/empikfoto\/2020\/11\/DSC0899-300x200.jpg 300w, https:\/\/www.empikfoto.pl\/blog\/empikfoto\/2020\/11\/DSC0899-768x512.jpg 768w, https:\/\/www.empikfoto.pl\/blog\/empikfoto\/2020\/11\/DSC0899-1536x1024.jpg 1536w, https:\/\/www.empikfoto.pl\/blog\/empikfoto\/2020\/11\/DSC0899-2048x1365.jpg 2048w, https:\/\/www.empikfoto.pl\/blog\/empikfoto\/2020\/11\/DSC0899-330x220.jpg 330w, https:\/\/www.empikfoto.pl\/blog\/empikfoto\/2020\/11\/DSC0899-400x267.jpg 400w\" sizes=\"auto, (max-width: 1024px) 100vw, 1024px\" \/><\/a><p id=\"caption-attachment-13217\" class=\"wp-caption-text\">Kubek z nowej kolekcji \u015bwi\u0105tecznej Empik Foto <a href=\"https:\/\/www.empikfoto.pl\/kolekcje\/kolekcja-zimowa-kraina\"><strong>Zimowa kraina<\/strong><\/a>, idealny dla malucha &#8211; <a href=\"https:\/\/www.empikfoto.pl\/kubek,kolekcja-zimowa-kraina\"><strong>Kubek, Kolekcja Zimowa Kraina<\/strong><\/a><\/p><\/div>\n<h2><strong>Kubek z nadrukiem \u2013 na popraw\u0119 humoru<\/strong><\/h2>\n<p>Dzie\u0144 zazwyczaj rozpoczynamy od wypicia kawy albo jakiego\u015b innego ciep\u0142ego napoju. Poranki niestety nie zawsze nale\u017c\u0105 do najprzyjemniejszych, dlatego wszystko co poprawia nam humor jest nieocenione. U\u015bmiech na twarzy z pewno\u015bci\u0105 zagwarantuje zabawny napis albo obrazek na kubku, kt\u00f3ry ju\u017c dzisiaj mo\u017cesz zaprojektowa\u0107, a potem dumnie schowa\u0107 pod choink\u0105. <strong>To \u015bwietny prezent zar\u00f3wno dla najbli\u017cszych, znajomych, jak i koleg\u00f3w z pracy.<\/strong> Wybierz wasze zabawne zdj\u0119cie i przypomnij radosn\u0105 chwil\u0119, kt\u00f3r\u0105 razem prze\u017cyli\u015bcie. Mo\u017ce chcesz, by tych moment\u00f3w by\u0142o wi\u0119cej? Nic straconego \u2013 wykonaj zabawny kola\u017c! Przy wyborze kubka mo\u017cesz skorzysta\u0107 z naszych gotowych propozycji. Znajdziesz co\u015b dla mi\u0142o\u015bnik\u00f3w zwierz\u0105t, fan\u00f3w superbohater\u00f3w czy te\u017c internetowych mem\u00f3w. Nie b\u00f3j si\u0119 zaszale\u0107 z kolorem, w ko\u0144cu ma by\u0107 weso\u0142o!\u00a0 <a href=\"https:\/\/www.empikfoto.pl\/wszystkie-produkty\/fotokubki?sort=default_desc&amp;kolekcja=zwierzeta,koty,smieszne\"><strong>Kliknij tutaj, by pozna\u0107 nasze propozycje.<\/strong><\/a><\/p>\n<div id=\"attachment_13219\" style=\"width: 1034px\" class=\"wp-caption aligncenter\"><a href=\"https:\/\/www.empikfoto.pl\/kubek,kolekcja-dziadek-do-orzechow-wersja-2\"><img loading=\"lazy\" decoding=\"async\" aria-describedby=\"caption-attachment-13219\" class=\"wp-image-13219 size-large\" src=\"https:\/\/www.empikfoto.pl\/blog\/empikfoto\/2020\/11\/DSC1006-1024x683.jpg\" alt=\"kubek \u015bwi\u0105teczny\" width=\"1024\" height=\"683\" srcset=\"https:\/\/www.empikfoto.pl\/blog\/empikfoto\/2020\/11\/DSC1006-1024x683.jpg 1024w, https:\/\/www.empikfoto.pl\/blog\/empikfoto\/2020\/11\/DSC1006-300x200.jpg 300w, https:\/\/www.empikfoto.pl\/blog\/empikfoto\/2020\/11\/DSC1006-768x512.jpg 768w, https:\/\/www.empikfoto.pl\/blog\/empikfoto\/2020\/11\/DSC1006-1536x1024.jpg 1536w, https:\/\/www.empikfoto.pl\/blog\/empikfoto\/2020\/11\/DSC1006-2048x1365.jpg 2048w, https:\/\/www.empikfoto.pl\/blog\/empikfoto\/2020\/11\/DSC1006-330x220.jpg 330w, https:\/\/www.empikfoto.pl\/blog\/empikfoto\/2020\/11\/DSC1006-400x267.jpg 400w\" sizes=\"auto, (max-width: 1024px) 100vw, 1024px\" \/><\/a><p id=\"caption-attachment-13219\" class=\"wp-caption-text\">Poznaj kolekcj\u0119 <a href=\"https:\/\/www.empikfoto.pl\/kolekcje\/kolekcja-dziadka-do-orzechow\"><strong>Dziadka do orzech\u00f3w<\/strong><\/a>, nie tylko na kubkach &#8211; <strong><a href=\"https:\/\/www.empikfoto.pl\/kubek,kolekcja-dziadek-do-orzechow-wersja-2\">Kubek, Kolekcja Dziadek do Orzech\u00f3w &#8211; wersja 2<\/a><\/strong><\/p><\/div>\n<h2><strong>Kubek ze \u015bwi\u0105tecznym motywem \u2013 musisz go mie\u0107!<\/strong><\/h2>\n<p>W Bo\u017ce Narodzenie nie mo\u017ce zabrakn\u0105\u0107 barszczu z uszkami. Teraz wyobra\u017a sobie, jak mi\u0142o by\u0142oby wypi\u0107 go w <a href=\"https:\/\/www.empikfoto.pl\/wszystkie-produkty\/fotokubki?sort=default_desc&amp;kolekcja=swieta\"><strong>\u015bwi\u0105tecznym kubku<\/strong><\/a>. Renifer, ba\u0142wan, gwiazdor to motywy, kt\u00f3re zawsze wzbudzaj\u0105 pozytywne skojarzenia! Szkoda by\u0142oby tego nie wykorzysta\u0107. Wybierz kubek w \u015bwi\u0105tecznym stylu i podaruj go osobie, kt\u00f3rej chcesz sprawi\u0107 niespodziank\u0119. Mo\u017cesz r\u00f3wnie\u017c sam go skomponowa\u0107 \u2013 w\u00f3wczas warto postawi\u0107 na kolory kojarz\u0105ce si\u0119 z gwiazdk\u0105. Mo\u017ce wykorzystasz zdj\u0119cie z poprzednich \u015bwi\u0105t? \u015awietnie pasowa\u0142aby fotografia ukazuj\u0105ca srog\u0105 zim\u0119. Kiedy jeszcze lepi\u0142o si\u0119 ba\u0142wana na podw\u00f3rku, je\u017adzi\u0142o sankami i uczestniczy\u0142o w kuligu. <a href=\"https:\/\/www.empikfoto.pl\/wszystkie-produkty\/fotokubki?sort=default_desc&amp;kolekcja=swieta\"><strong>Kubek z \u015bwi\u0105tecznym nadrukiem<\/strong><\/a> b\u0119dzie idealnym dope\u0142nieniem \u015bwi\u0105tecznych przysmak\u00f3w.<\/p>\n<div id=\"attachment_13218\" style=\"width: 1034px\" class=\"wp-caption aligncenter\"><a href=\"https:\/\/www.empikfoto.pl\/kubek,kolekcja-pana-ciastka-wersja-6\"><img loading=\"lazy\" decoding=\"async\" aria-describedby=\"caption-attachment-13218\" class=\"wp-image-13218 size-large\" src=\"https:\/\/www.empikfoto.pl\/blog\/empikfoto\/2020\/11\/DSC0914-1024x683.jpg\" alt=\"kubek \u015bwi\u0105teczny\" width=\"1024\" height=\"683\" srcset=\"https:\/\/www.empikfoto.pl\/blog\/empikfoto\/2020\/11\/DSC0914-1024x683.jpg 1024w, https:\/\/www.empikfoto.pl\/blog\/empikfoto\/2020\/11\/DSC0914-300x200.jpg 300w, https:\/\/www.empikfoto.pl\/blog\/empikfoto\/2020\/11\/DSC0914-768x512.jpg 768w, https:\/\/www.empikfoto.pl\/blog\/empikfoto\/2020\/11\/DSC0914-1536x1024.jpg 1536w, https:\/\/www.empikfoto.pl\/blog\/empikfoto\/2020\/11\/DSC0914-2048x1365.jpg 2048w, https:\/\/www.empikfoto.pl\/blog\/empikfoto\/2020\/11\/DSC0914-330x220.jpg 330w, https:\/\/www.empikfoto.pl\/blog\/empikfoto\/2020\/11\/DSC0914-400x267.jpg 400w\" sizes=\"auto, (max-width: 1024px) 100vw, 1024px\" \/><\/a><p id=\"caption-attachment-13218\" class=\"wp-caption-text\">A mo\u017ce s\u0142odka kolekcja <a href=\"https:\/\/www.empikfoto.pl\/kolekcje\/kolekcja-pana-ciastka\"><strong>Pana Ciastka<\/strong><\/a>? &#8211; <a href=\"https:\/\/www.empikfoto.pl\/kubek,kolekcja-pana-ciastka-wersja-6\"><strong>Kubek, Kolekcja Pana Ciastka &#8211; wersja 6<\/strong><\/a><\/p><\/div>\n<p>Koc, gor\u0105ca herbata, ulubiona komedia i kubek od Empik Foto \u2013 bliska Ci osoba b\u0119dzie zachwycona! Chcesz pozna\u0107 wi\u0119cej <strong><a href=\"https:\/\/www.empikfoto.pl\/prezenty-swiateczne\">pomys\u0142\u00f3w na prezenty<\/a><\/strong> dla rodziny i znajomych? <strong>Zajrzyj do nas po inspiracje.<\/strong><\/p>\n","protected":false},"excerpt":{"rendered":"<p>Gor\u0105ce kakao albo aromatyczna czekolada do picia to idealne napoje na zimne wieczory. Do tego zestawu brakuje jeszcze tylko ksi\u0105\u017cki b\u0105d\u017a ulubionego serialu \u2013 i wymarzonego kubka! Podpowiadamy, jaki wybra\u0107, by nie tylko kawa smakowa\u0142a w nim lepiej, ale by okaza\u0142 si\u0119 prezentem wywo\u0142uj\u0105cym pi\u0119kne wspomnienia. Sprawd\u017a kubek \u015bwi\u0105teczny z nadrukiem, czyli \u015bwietny prezent na gwiazdk\u0119!<\/p>\n","protected":false},"author":16,"featured_media":13224,"comment_status":"closed","ping_status":"closed","sticky":true,"template":"","format":"standard","meta":{"footnotes":""},"categories":[1059],"tags":[1069,1126,1070,1068],"class_list":["post-10563","post","type-post","status-publish","format-standard","has-post-thumbnail","hentry","category-pomysly-na-prezent","tag-boze-narodzenie","tag-kubek-ze-zdjeciem","tag-pomysl-na-prezent","tag-swieta"],"yoast_head":"<!-- This site is optimized with the Yoast SEO plugin v27.5 - https:\/\/yoast.com\/product\/yoast-seo-wordpress\/ -->\n<title>Kubek \u015bwi\u0105teczny z nadrukiem - prezent na gwiazdk\u0119 | Empik Foto<\/title>\n<meta name=\"description\" content=\"Kubek \u015bwi\u0105teczny z nadrukiem - zaskocz bliskich prezentem na gwiazdk\u0119. Przydatny i pe\u0142en magii upominek. Sprawd\u017a inspiracje!\" \/>\n<meta name=\"robots\" content=\"index, follow, max-snippet:-1, max-image-preview:large, max-video-preview:-1\" \/>\n<link rel=\"canonical\" href=\"https:\/\/www.empikfoto.pl\/blog\/kubek-swiateczny-z-nadrukiem\/\" \/>\n<meta property=\"og:locale\" content=\"pl_PL\" \/>\n<meta property=\"og:type\" content=\"article\" \/>\n<meta property=\"og:title\" content=\"Kubek \u015bwi\u0105teczny z nadrukiem - prezent na gwiazdk\u0119 | Empik Foto\" \/>\n<meta property=\"og:description\" content=\"Kubek \u015bwi\u0105teczny z nadrukiem - zaskocz bliskich prezentem na gwiazdk\u0119. Przydatny i pe\u0142en magii upominek. Sprawd\u017a inspiracje!\" \/>\n<meta property=\"og:url\" content=\"https:\/\/www.empikfoto.pl\/blog\/kubek-swiateczny-z-nadrukiem\/\" \/>\n<meta property=\"og:site_name\" content=\"blog.empikfoto.pl\" \/>\n<meta property=\"article:publisher\" content=\"https:\/\/www.facebook.com\/empikfotopl\/\" \/>\n<meta property=\"article:published_time\" content=\"2023-11-24T07:00:31+00:00\" \/>\n<meta property=\"article:modified_time\" content=\"2023-11-30T09:21:24+00:00\" \/>\n<meta property=\"og:image\" content=\"https:\/\/www.empikfoto.pl\/blog\/empikfoto\/2020\/11\/kubek-swiateczny1-2.jpg\" \/>\n\t<meta property=\"og:image:width\" content=\"1000\" \/>\n\t<meta property=\"og:image:height\" content=\"500\" \/>\n\t<meta property=\"og:image:type\" content=\"image\/jpeg\" \/>\n<meta name=\"author\" content=\"Patrycja\" \/>\n<meta name=\"twitter:card\" content=\"summary_large_image\" \/>\n<meta name=\"twitter:creator\" content=\"@empikfoto\" \/>\n<meta name=\"twitter:site\" content=\"@empikfoto\" \/>\n<meta name=\"twitter:label1\" content=\"Napisane przez\" \/>\n\t<meta name=\"twitter:data1\" content=\"Patrycja\" \/>\n\t<meta name=\"twitter:label2\" content=\"Szacowany czas czytania\" \/>\n\t<meta name=\"twitter:data2\" content=\"5 minut\" \/>\n<script type=\"application\/ld+json\" class=\"yoast-schema-graph\">{\"@context\":\"https:\\\/\\\/schema.org\",\"@graph\":[{\"@type\":\"Article\",\"@id\":\"https:\\\/\\\/www.empikfoto.pl\\\/blog\\\/kubek-swiateczny-z-nadrukiem\\\/#article\",\"isPartOf\":{\"@id\":\"https:\\\/\\\/www.empikfoto.pl\\\/blog\\\/kubek-swiateczny-z-nadrukiem\\\/\"},\"author\":{\"name\":\"Patrycja\",\"@id\":\"https:\\\/\\\/www.empikfoto.pl\\\/blog\\\/#\\\/schema\\\/person\\\/0313802ca5dac502e3266853c59632c0\"},\"headline\":\"Kubek \u015bwi\u0105teczny z nadrukiem, czyli \u015bwietny prezent na gwiazdk\u0119\",\"datePublished\":\"2023-11-24T07:00:31+00:00\",\"dateModified\":\"2023-11-30T09:21:24+00:00\",\"mainEntityOfPage\":{\"@id\":\"https:\\\/\\\/www.empikfoto.pl\\\/blog\\\/kubek-swiateczny-z-nadrukiem\\\/\"},\"wordCount\":775,\"image\":{\"@id\":\"https:\\\/\\\/www.empikfoto.pl\\\/blog\\\/kubek-swiateczny-z-nadrukiem\\\/#primaryimage\"},\"thumbnailUrl\":\"https:\\\/\\\/www.empikfoto.pl\\\/blog\\\/empikfoto\\\/2020\\\/11\\\/kubek-swiateczny1-2.jpg\",\"keywords\":[\"bo\u017ce narodzenie\",\"kubek ze zdj\u0119ciem\",\"pomys\u0142 na prezent\",\"\u015bwi\u0119ta\"],\"articleSection\":[\"Pomys\u0142y na prezent\"],\"inLanguage\":\"pl-PL\"},{\"@type\":\"WebPage\",\"@id\":\"https:\\\/\\\/www.empikfoto.pl\\\/blog\\\/kubek-swiateczny-z-nadrukiem\\\/\",\"url\":\"https:\\\/\\\/www.empikfoto.pl\\\/blog\\\/kubek-swiateczny-z-nadrukiem\\\/\",\"name\":\"Kubek \u015bwi\u0105teczny z nadrukiem - prezent na gwiazdk\u0119 | Empik Foto\",\"isPartOf\":{\"@id\":\"https:\\\/\\\/www.empikfoto.pl\\\/blog\\\/#website\"},\"primaryImageOfPage\":{\"@id\":\"https:\\\/\\\/www.empikfoto.pl\\\/blog\\\/kubek-swiateczny-z-nadrukiem\\\/#primaryimage\"},\"image\":{\"@id\":\"https:\\\/\\\/www.empikfoto.pl\\\/blog\\\/kubek-swiateczny-z-nadrukiem\\\/#primaryimage\"},\"thumbnailUrl\":\"https:\\\/\\\/www.empikfoto.pl\\\/blog\\\/empikfoto\\\/2020\\\/11\\\/kubek-swiateczny1-2.jpg\",\"datePublished\":\"2023-11-24T07:00:31+00:00\",\"dateModified\":\"2023-11-30T09:21:24+00:00\",\"author\":{\"@id\":\"https:\\\/\\\/www.empikfoto.pl\\\/blog\\\/#\\\/schema\\\/person\\\/0313802ca5dac502e3266853c59632c0\"},\"description\":\"Kubek \u015bwi\u0105teczny z nadrukiem - zaskocz bliskich prezentem na gwiazdk\u0119. Przydatny i pe\u0142en magii upominek. Sprawd\u017a inspiracje!\",\"breadcrumb\":{\"@id\":\"https:\\\/\\\/www.empikfoto.pl\\\/blog\\\/kubek-swiateczny-z-nadrukiem\\\/#breadcrumb\"},\"inLanguage\":\"pl-PL\",\"potentialAction\":[{\"@type\":\"ReadAction\",\"target\":[\"https:\\\/\\\/www.empikfoto.pl\\\/blog\\\/kubek-swiateczny-z-nadrukiem\\\/\"]}]},{\"@type\":\"ImageObject\",\"inLanguage\":\"pl-PL\",\"@id\":\"https:\\\/\\\/www.empikfoto.pl\\\/blog\\\/kubek-swiateczny-z-nadrukiem\\\/#primaryimage\",\"url\":\"https:\\\/\\\/www.empikfoto.pl\\\/blog\\\/empikfoto\\\/2020\\\/11\\\/kubek-swiateczny1-2.jpg\",\"contentUrl\":\"https:\\\/\\\/www.empikfoto.pl\\\/blog\\\/empikfoto\\\/2020\\\/11\\\/kubek-swiateczny1-2.jpg\",\"width\":1000,\"height\":500,\"caption\":\"kubek \u015bwi\u0105teczny\"},{\"@type\":\"BreadcrumbList\",\"@id\":\"https:\\\/\\\/www.empikfoto.pl\\\/blog\\\/kubek-swiateczny-z-nadrukiem\\\/#breadcrumb\",\"itemListElement\":[{\"@type\":\"ListItem\",\"position\":1,\"name\":\"Strona g\u0142\u00f3wna\",\"item\":\"https:\\\/\\\/www.empikfoto.pl\\\/blog\\\/\"},{\"@type\":\"ListItem\",\"position\":2,\"name\":\"Kubek \u015bwi\u0105teczny z nadrukiem, czyli \u015bwietny prezent na gwiazdk\u0119\"}]},{\"@type\":\"WebSite\",\"@id\":\"https:\\\/\\\/www.empikfoto.pl\\\/blog\\\/#website\",\"url\":\"https:\\\/\\\/www.empikfoto.pl\\\/blog\\\/\",\"name\":\"blog.empikfoto.pl\",\"description\":\"Poznaj empikfoto.pl od \u015brodka! Dowiedz si\u0119 wi\u0119cej o odbitkach, fotoksi\u0105\u017ckach i fotografii.\",\"potentialAction\":[{\"@type\":\"SearchAction\",\"target\":{\"@type\":\"EntryPoint\",\"urlTemplate\":\"https:\\\/\\\/www.empikfoto.pl\\\/blog\\\/?s={search_term_string}\"},\"query-input\":{\"@type\":\"PropertyValueSpecification\",\"valueRequired\":true,\"valueName\":\"search_term_string\"}}],\"inLanguage\":\"pl-PL\"},{\"@type\":\"Person\",\"@id\":\"https:\\\/\\\/www.empikfoto.pl\\\/blog\\\/#\\\/schema\\\/person\\\/0313802ca5dac502e3266853c59632c0\",\"name\":\"Patrycja\",\"image\":{\"@type\":\"ImageObject\",\"inLanguage\":\"pl-PL\",\"@id\":\"https:\\\/\\\/secure.gravatar.com\\\/avatar\\\/f25168e12215ad42f58e5fb72881daaeb57bd4f907081046016f64bf167db59f?s=96&d=identicon&r=g\",\"url\":\"https:\\\/\\\/secure.gravatar.com\\\/avatar\\\/f25168e12215ad42f58e5fb72881daaeb57bd4f907081046016f64bf167db59f?s=96&d=identicon&r=g\",\"contentUrl\":\"https:\\\/\\\/secure.gravatar.com\\\/avatar\\\/f25168e12215ad42f58e5fb72881daaeb57bd4f907081046016f64bf167db59f?s=96&d=identicon&r=g\",\"caption\":\"Patrycja\"},\"url\":\"https:\\\/\\\/www.empikfoto.pl\\\/blog\\\/author\\\/patrycja\\\/\"}]}<\/script>\n<!-- \/ Yoast SEO plugin. -->","yoast_head_json":{"title":"Kubek \u015bwi\u0105teczny z nadrukiem - prezent na gwiazdk\u0119 | Empik Foto","description":"Kubek \u015bwi\u0105teczny z nadrukiem - zaskocz bliskich prezentem na gwiazdk\u0119. Przydatny i pe\u0142en magii upominek. Sprawd\u017a inspiracje!","robots":{"index":"index","follow":"follow","max-snippet":"max-snippet:-1","max-image-preview":"max-image-preview:large","max-video-preview":"max-video-preview:-1"},"canonical":"https:\/\/www.empikfoto.pl\/blog\/kubek-swiateczny-z-nadrukiem\/","og_locale":"pl_PL","og_type":"article","og_title":"Kubek \u015bwi\u0105teczny z nadrukiem - prezent na gwiazdk\u0119 | Empik Foto","og_description":"Kubek \u015bwi\u0105teczny z nadrukiem - zaskocz bliskich prezentem na gwiazdk\u0119. Przydatny i pe\u0142en magii upominek. Sprawd\u017a inspiracje!","og_url":"https:\/\/www.empikfoto.pl\/blog\/kubek-swiateczny-z-nadrukiem\/","og_site_name":"blog.empikfoto.pl","article_publisher":"https:\/\/www.facebook.com\/empikfotopl\/","article_published_time":"2023-11-24T07:00:31+00:00","article_modified_time":"2023-11-30T09:21:24+00:00","og_image":[{"width":1000,"height":500,"url":"https:\/\/www.empikfoto.pl\/blog\/empikfoto\/2020\/11\/kubek-swiateczny1-2.jpg","type":"image\/jpeg"}],"author":"Patrycja","twitter_card":"summary_large_image","twitter_creator":"@empikfoto","twitter_site":"@empikfoto","twitter_misc":{"Napisane przez":"Patrycja","Szacowany czas czytania":"5 minut"},"schema":{"@context":"https:\/\/schema.org","@graph":[{"@type":"Article","@id":"https:\/\/www.empikfoto.pl\/blog\/kubek-swiateczny-z-nadrukiem\/#article","isPartOf":{"@id":"https:\/\/www.empikfoto.pl\/blog\/kubek-swiateczny-z-nadrukiem\/"},"author":{"name":"Patrycja","@id":"https:\/\/www.empikfoto.pl\/blog\/#\/schema\/person\/0313802ca5dac502e3266853c59632c0"},"headline":"Kubek \u015bwi\u0105teczny z nadrukiem, czyli \u015bwietny prezent na gwiazdk\u0119","datePublished":"2023-11-24T07:00:31+00:00","dateModified":"2023-11-30T09:21:24+00:00","mainEntityOfPage":{"@id":"https:\/\/www.empikfoto.pl\/blog\/kubek-swiateczny-z-nadrukiem\/"},"wordCount":775,"image":{"@id":"https:\/\/www.empikfoto.pl\/blog\/kubek-swiateczny-z-nadrukiem\/#primaryimage"},"thumbnailUrl":"https:\/\/www.empikfoto.pl\/blog\/empikfoto\/2020\/11\/kubek-swiateczny1-2.jpg","keywords":["bo\u017ce narodzenie","kubek ze zdj\u0119ciem","pomys\u0142 na prezent","\u015bwi\u0119ta"],"articleSection":["Pomys\u0142y na prezent"],"inLanguage":"pl-PL"},{"@type":"WebPage","@id":"https:\/\/www.empikfoto.pl\/blog\/kubek-swiateczny-z-nadrukiem\/","url":"https:\/\/www.empikfoto.pl\/blog\/kubek-swiateczny-z-nadrukiem\/","name":"Kubek \u015bwi\u0105teczny z nadrukiem - prezent na gwiazdk\u0119 | Empik Foto","isPartOf":{"@id":"https:\/\/www.empikfoto.pl\/blog\/#website"},"primaryImageOfPage":{"@id":"https:\/\/www.empikfoto.pl\/blog\/kubek-swiateczny-z-nadrukiem\/#primaryimage"},"image":{"@id":"https:\/\/www.empikfoto.pl\/blog\/kubek-swiateczny-z-nadrukiem\/#primaryimage"},"thumbnailUrl":"https:\/\/www.empikfoto.pl\/blog\/empikfoto\/2020\/11\/kubek-swiateczny1-2.jpg","datePublished":"2023-11-24T07:00:31+00:00","dateModified":"2023-11-30T09:21:24+00:00","author":{"@id":"https:\/\/www.empikfoto.pl\/blog\/#\/schema\/person\/0313802ca5dac502e3266853c59632c0"},"description":"Kubek \u015bwi\u0105teczny z nadrukiem - zaskocz bliskich prezentem na gwiazdk\u0119. Przydatny i pe\u0142en magii upominek. Sprawd\u017a inspiracje!","breadcrumb":{"@id":"https:\/\/www.empikfoto.pl\/blog\/kubek-swiateczny-z-nadrukiem\/#breadcrumb"},"inLanguage":"pl-PL","potentialAction":[{"@type":"ReadAction","target":["https:\/\/www.empikfoto.pl\/blog\/kubek-swiateczny-z-nadrukiem\/"]}]},{"@type":"ImageObject","inLanguage":"pl-PL","@id":"https:\/\/www.empikfoto.pl\/blog\/kubek-swiateczny-z-nadrukiem\/#primaryimage","url":"https:\/\/www.empikfoto.pl\/blog\/empikfoto\/2020\/11\/kubek-swiateczny1-2.jpg","contentUrl":"https:\/\/www.empikfoto.pl\/blog\/empikfoto\/2020\/11\/kubek-swiateczny1-2.jpg","width":1000,"height":500,"caption":"kubek \u015bwi\u0105teczny"},{"@type":"BreadcrumbList","@id":"https:\/\/www.empikfoto.pl\/blog\/kubek-swiateczny-z-nadrukiem\/#breadcrumb","itemListElement":[{"@type":"ListItem","position":1,"name":"Strona g\u0142\u00f3wna","item":"https:\/\/www.empikfoto.pl\/blog\/"},{"@type":"ListItem","position":2,"name":"Kubek \u015bwi\u0105teczny z nadrukiem, czyli \u015bwietny prezent na gwiazdk\u0119"}]},{"@type":"WebSite","@id":"https:\/\/www.empikfoto.pl\/blog\/#website","url":"https:\/\/www.empikfoto.pl\/blog\/","name":"blog.empikfoto.pl","description":"Poznaj empikfoto.pl od \u015brodka! Dowiedz si\u0119 wi\u0119cej o odbitkach, fotoksi\u0105\u017ckach i fotografii.","potentialAction":[{"@type":"SearchAction","target":{"@type":"EntryPoint","urlTemplate":"https:\/\/www.empikfoto.pl\/blog\/?s={search_term_string}"},"query-input":{"@type":"PropertyValueSpecification","valueRequired":true,"valueName":"search_term_string"}}],"inLanguage":"pl-PL"},{"@type":"Person","@id":"https:\/\/www.empikfoto.pl\/blog\/#\/schema\/person\/0313802ca5dac502e3266853c59632c0","name":"Patrycja","image":{"@type":"ImageObject","inLanguage":"pl-PL","@id":"https:\/\/secure.gravatar.com\/avatar\/f25168e12215ad42f58e5fb72881daaeb57bd4f907081046016f64bf167db59f?s=96&d=identicon&r=g","url":"https:\/\/secure.gravatar.com\/avatar\/f25168e12215ad42f58e5fb72881daaeb57bd4f907081046016f64bf167db59f?s=96&d=identicon&r=g","contentUrl":"https:\/\/secure.gravatar.com\/avatar\/f25168e12215ad42f58e5fb72881daaeb57bd4f907081046016f64bf167db59f?s=96&d=identicon&r=g","caption":"Patrycja"},"url":"https:\/\/www.empikfoto.pl\/blog\/author\/patrycja\/"}]}},"amp_enabled":true,"_links":{"self":[{"href":"https:\/\/www.empikfoto.pl\/blog\/wp-json\/wp\/v2\/posts\/10563","targetHints":{"allow":["GET"]}}],"collection":[{"href":"https:\/\/www.empikfoto.pl\/blog\/wp-json\/wp\/v2\/posts"}],"about":[{"href":"https:\/\/www.empikfoto.pl\/blog\/wp-json\/wp\/v2\/types\/post"}],"author":[{"embeddable":true,"href":"https:\/\/www.empikfoto.pl\/blog\/wp-json\/wp\/v2\/users\/16"}],"replies":[{"embeddable":true,"href":"https:\/\/www.empikfoto.pl\/blog\/wp-json\/wp\/v2\/comments?post=10563"}],"version-history":[{"count":9,"href":"https:\/\/www.empikfoto.pl\/blog\/wp-json\/wp\/v2\/posts\/10563\/revisions"}],"predecessor-version":[{"id":13283,"href":"https:\/\/www.empikfoto.pl\/blog\/wp-json\/wp\/v2\/posts\/10563\/revisions\/13283"}],"wp:featuredmedia":[{"embeddable":true,"href":"https:\/\/www.empikfoto.pl\/blog\/wp-json\/wp\/v2\/media\/13224"}],"wp:attachment":[{"href":"https:\/\/www.empikfoto.pl\/blog\/wp-json\/wp\/v2\/media?parent=10563"}],"wp:term":[{"taxonomy":"category","embeddable":true,"href":"https:\/\/www.empikfoto.pl\/blog\/wp-json\/wp\/v2\/categories?post=10563"},{"taxonomy":"post_tag","embeddable":true,"href":"https:\/\/www.empikfoto.pl\/blog\/wp-json\/wp\/v2\/tags?post=10563"}],"curies":[{"name":"wp","href":"https:\/\/api.w.org\/{rel}","templated":true}]}}