{"id":10573,"date":"2020-11-20T10:24:19","date_gmt":"2020-11-20T09:24:19","guid":{"rendered":"https:\/\/blog.empikfoto.pl\/?p=10573"},"modified":"2023-07-10T15:33:05","modified_gmt":"2023-07-10T13:33:05","slug":"pomysly-na-swiateczny-prezent-dla-mamy-inspiracje","status":"publish","type":"post","link":"https:\/\/www.empikfoto.pl\/blog\/pomysly-na-swiateczny-prezent-dla-mamy-inspiracje\/","title":{"rendered":"Pomys\u0142y na \u015bwi\u0105teczny prezent dla mamy &#8211; inspiracje"},"content":{"rendered":"<p><strong>Wszyscy to znamy. Gdy pytamy mam\u0119, o czym marzy i jaki prezent sprawi\u0142by jej przyjemno\u015b\u0107, cz\u0119sto s\u0142yszymy, \u017ce ona ju\u017c wszystko ma. Nie nale\u017cy si\u0119 tym przejmowa\u0107, ale skoro mama sprawy nam nie u\u0142atwia, musimy sami troch\u0119 pokombinowa\u0107 i poobserwowa\u0107. Z pewno\u015bci\u0105 w nied\u0142ugim czasie sami przekonamy si\u0119, czym nasza rodzicielka aktualnie si\u0119 pasjonuje albo jakich produkt\u00f3w najcz\u0119\u015bciej szuka w sklepach internetowych. Mamy te\u017c dla Was kilka niezawodnych pomys\u0142\u00f3w na \u015bwi\u0105teczny prezent dla mamy, kt\u00f3re na pewno jej si\u0119 spodobaj\u0105. <\/strong><!--more--><\/p>\n<h2><strong>Co (a raczej kogo) mama kocha najbardziej?<\/strong><\/h2>\n<p><img loading=\"lazy\" decoding=\"async\" class=\"wp-image-10954\" src=\"https:\/\/blog.empikfoto.pl\/empikfoto\/2020\/11\/image001-1024x683.jpg\" alt=\"\" width=\"824\" height=\"550\" srcset=\"https:\/\/www.empikfoto.pl\/blog\/empikfoto\/2020\/11\/image001-1024x683.jpg 1024w, https:\/\/www.empikfoto.pl\/blog\/empikfoto\/2020\/11\/image001-300x200.jpg 300w, https:\/\/www.empikfoto.pl\/blog\/empikfoto\/2020\/11\/image001-768x513.jpg 768w, https:\/\/www.empikfoto.pl\/blog\/empikfoto\/2020\/11\/image001-1536x1025.jpg 1536w, https:\/\/www.empikfoto.pl\/blog\/empikfoto\/2020\/11\/image001-2048x1367.jpg 2048w, https:\/\/www.empikfoto.pl\/blog\/empikfoto\/2020\/11\/image001-330x220.jpg 330w, https:\/\/www.empikfoto.pl\/blog\/empikfoto\/2020\/11\/image001-400x267.jpg 400w\" sizes=\"auto, (max-width: 824px) 100vw, 824px\" \/><\/p>\n<p>Co to za pytanie\u2026 Oczywi\u015bcie, \u017ce Ciebie! Je\u015bli wi\u0119c chcesz j\u0105 uszcz\u0119\u015bliwi\u0107, podaruj sobie i jej wsp\u00f3lnie sp\u0119dzony czas. Szczeg\u00f3lnie je\u015bli na co dzie\u0144 nie macie zbyt wiele okazji, by si\u0119 spotyka\u0107. <strong>Bilet na wystaw\u0119 lub ciekawy film,<\/strong> b\u0105d\u017a koncert to wspania\u0142y \u015bwi\u0105teczny prezent dla mamy. Potem wsp\u00f3lny obiad lub kolacja w przyjemnej restauracji. Brzmi mi\u0142o, prawda? Jeste\u015bmy pewni, \u017ce u\u015bmiech mamy, jaki pojawi si\u0119 na jej twarzy, gdy wr\u0119czysz jej taki prezent, b\u0119dzie najszerszym, jaki kiedykolwiek u niej widziano. Zawsze dobrym pomys\u0142em jest tak\u017ce <strong>samodzielnie zaprojektowana <a href=\"https:\/\/www.empikfoto.pl\/fotoksiazki\">fotoksi\u0105\u017cka<\/a><\/strong>. Mo\u017cesz zebra\u0107 w niej fotografie przedstawiaj\u0105ce najwa\u017cniejsze wydarzenia z ca\u0142ego roku albo przygotowa\u0107 ksi\u0105\u017ck\u0119 w typowo \u015bwi\u0105tecznym klimacie. \u015awietnie b\u0119dzie, je\u015bli na przyk\u0142ad przebierzesz si\u0119 za \u015bwi\u0119tego Miko\u0142aja i do ca\u0142ej zabawy zaanga\u017cujesz swoj\u0105 drug\u0105 po\u0142\u00f3wk\u0119 oraz dzieciaki. Wy b\u0119dziecie si\u0119 przy tym dobrze bawi\u0107 i stworzycie prezent, kt\u00f3ry b\u0119dzie wzrusza\u0142 oraz bawi\u0142, trafiaj\u0105c w sam \u015brodek matczynego serca.<\/p>\n<h2><strong>Personalizowany \u015bwi\u0105teczny prezent dla mamy<\/strong><\/h2>\n<p>W \u015bwi\u0119ta Bo\u017cego Narodzenia nie musisz zasypywa\u0107 swojej mamy nie wiadomo jak drogimi prezentami. Je\u015bli masz dobry pomys\u0142, to bud\u017cet odchodzi na dalszy plan. Twoja mama uwielbia przesiadywa\u0107 z ksi\u0105\u017ck\u0105 w fotelu i s\u0105czy\u0107 sobie podczas lektury ulubiona kaw\u0119 albo herbat\u0119? Spraw jej zatem <strong><a href=\"https:\/\/www.empikfoto.pl\/kubek,kubek-dla-mamy\">kubek<\/a><\/strong>, kt\u00f3ry b\u0119dzie jej o Tobie przypomina\u0142. Mo\u017ce to by\u0107 <strong>model z w\u0142asnym zdj\u0119ciem lub nadrukiem<\/strong> albo z zabawn\u0105 grafik\u0105 b\u0105d\u017a cytatem nawi\u0105zuj\u0105cym do jej zainteresowa\u0144. Opr\u00f3cz kubk\u00f3w, drobnym upominkiem, kt\u00f3ry zawsze si\u0119 sprawdzi jako podarunek pod choink\u0119. Mo\u017ce by\u0107 np. plakat z ciekaw\u0105 grafik\u0105. W naszym asortymencie wyb\u00f3r takich ozd\u00f3b jest spory i znajdzie si\u0119 co\u015b zar\u00f3wno dla mi\u0142o\u015bniczek <strong>klasyki<\/strong>, jak i bardziej <strong>awangardowego stylu<\/strong>.<\/p>\n<p><img loading=\"lazy\" decoding=\"async\" class=\"aligncenter size-large wp-image-12257\" src=\"https:\/\/www.empikfoto.pl\/blog\/empikfoto\/2020\/11\/swiateczny-prezent-dla-mamy-2-1024x683.jpg\" alt=\"\u015bwi\u0105teczny prezent dla mamy 3\" width=\"1024\" height=\"683\" srcset=\"https:\/\/www.empikfoto.pl\/blog\/empikfoto\/2020\/11\/swiateczny-prezent-dla-mamy-2-1024x683.jpg 1024w, https:\/\/www.empikfoto.pl\/blog\/empikfoto\/2020\/11\/swiateczny-prezent-dla-mamy-2-300x200.jpg 300w, https:\/\/www.empikfoto.pl\/blog\/empikfoto\/2020\/11\/swiateczny-prezent-dla-mamy-2-768x513.jpg 768w, https:\/\/www.empikfoto.pl\/blog\/empikfoto\/2020\/11\/swiateczny-prezent-dla-mamy-2-330x220.jpg 330w, https:\/\/www.empikfoto.pl\/blog\/empikfoto\/2020\/11\/swiateczny-prezent-dla-mamy-2-400x267.jpg 400w, https:\/\/www.empikfoto.pl\/blog\/empikfoto\/2020\/11\/swiateczny-prezent-dla-mamy-2.jpg 1500w\" sizes=\"auto, (max-width: 1024px) 100vw, 1024px\" \/><\/p>\n<h2><strong>Niezawodne pomys\u0142y na prezent pod choink\u0119 dla mamy<\/strong><\/h2>\n<p>Mama, tak jak ka\u017cda kobieta, uwielbia kosmetyczne nowinki. Nigdy nie jest tak, \u017ce ma wystarczaj\u0105co du\u017co krem\u00f3w, balsam\u00f3w, myde\u0142ek i innych preparat\u00f3w do piel\u0119gnacji. W \u0142azienkowej szafce zawsze znajdzie si\u0119 miejsce dla kolejnego s\u0142oiczka czy puzderka skrywaj\u0105cego rozkosznie pachn\u0105ce mleczko.\u00a0 Mo\u017cesz przebiera\u0107, wybiera\u0107 i dobiera\u0107 bez ko\u0144ca, poniewa\u017c<strong> oferta dotycz\u0105ca kosmetyk\u00f3w i gotowych zestaw\u00f3w prezentowych<\/strong> w pi\u0119knych opakowaniach jest naprawd\u0119 bardzo du\u017ca.<\/p>\n<p>Zasada \u201enigdy do\u015b\u0107\u201d obowi\u0105zuje r\u00f3wnie\u017c w przypadku <strong>torebek<\/strong>. Je\u015bli bezb\u0142\u0119dnie trafiasz w gust swojej mamy i nie masz w\u0105tpliwo\u015bci, jaki model mo\u017ce przypa\u015b\u0107 jej do gustu, \u015bmia\u0142o kupuj jej torebk\u0119. Mo\u017ce by\u0107 to niewielka wieczorowa kopert\u00f3wka albo praktyczna i niezast\u0105piona na co dzie\u0144 torba typu shopper.<\/p>\n<h2><strong>Pom\u00f3\u017c mamie rozwija\u0107 jej pasje<\/strong><\/h2>\n<p>Jednym z najpi\u0119kniejszych prezent\u00f3w, kt\u00f3re mo\u017cna podarowa\u0107 mamie, jest <strong>mo\u017cliwo\u015b\u0107 rozwijania jej zainteresowa\u0144.<\/strong> Mamy, jak wiadomo, wol\u0105 sobie nic nie kupi\u0107, by m\u00f3c sprawi\u0107 rado\u015b\u0107 innym cz\u0142onkom rodziny. Czas, aby role si\u0119 odwr\u00f3ci\u0142y. Twoja mama zawsze chcia\u0142a nauczy\u0107 si\u0119 szy\u0107 na maszynie, ale nigdy nie mia\u0142a na to czasu? Wykup jej <strong>voucher na kurs<\/strong>. Je\u015bli jej pasj\u0105 jest gotowanie, mo\u017cesz zafundowa\u0107 jej lekcje w profesjonalnej szkole. Nie tylko b\u0119dzie mia\u0142a okazj\u0119 udoskonali\u0107 technik\u0119 i wiedz\u0119 o gotowaniu, ale te\u017c pozna ciekawych ludzi. Kto wie, mo\u017ce te lekcje zaowocuj\u0105 tak\u017ce fajnymi przyja\u017aniami?<\/p>\n<p><img loading=\"lazy\" decoding=\"async\" class=\"aligncenter size-large wp-image-12258\" src=\"https:\/\/www.empikfoto.pl\/blog\/empikfoto\/2020\/11\/swiateczny-prezent-dla-mamy-1-1024x683.jpg\" alt=\"\u015bwi\u0105teczny prezent dla mamy \" width=\"1024\" height=\"683\" srcset=\"https:\/\/www.empikfoto.pl\/blog\/empikfoto\/2020\/11\/swiateczny-prezent-dla-mamy-1-1024x683.jpg 1024w, https:\/\/www.empikfoto.pl\/blog\/empikfoto\/2020\/11\/swiateczny-prezent-dla-mamy-1-300x200.jpg 300w, https:\/\/www.empikfoto.pl\/blog\/empikfoto\/2020\/11\/swiateczny-prezent-dla-mamy-1-768x513.jpg 768w, https:\/\/www.empikfoto.pl\/blog\/empikfoto\/2020\/11\/swiateczny-prezent-dla-mamy-1-330x220.jpg 330w, https:\/\/www.empikfoto.pl\/blog\/empikfoto\/2020\/11\/swiateczny-prezent-dla-mamy-1-400x267.jpg 400w, https:\/\/www.empikfoto.pl\/blog\/empikfoto\/2020\/11\/swiateczny-prezent-dla-mamy-1.jpg 1500w\" sizes=\"auto, (max-width: 1024px) 100vw, 1024px\" \/><\/p>\n<p>Nikt nie zna Twojej mamy lepiej, ni\u017c Ty, wi\u0119c na pewno uda Ci si\u0119 kupi\u0107 jej co\u015b, co sprawi jej szczer\u0105 rado\u015b\u0107. Kiedy, jak nie na \u015bwi\u0119ta, jest ku temu najlepsza okazja? Poznaj inne <strong><a href=\"https:\/\/www.empikfoto.pl\/pomysly-na-prezent\">pomys\u0142y na prezenty <\/a><\/strong>od Empik Foto, by podarowa\u0107 jej pi\u0119kny podarunek od serca.<\/p>\n","protected":false},"excerpt":{"rendered":"<p>Wszyscy to znamy. Gdy pytamy mam\u0119, o czym marzy i jaki prezent sprawi\u0142by jej przyjemno\u015b\u0107, cz\u0119sto s\u0142yszymy, \u017ce ona ju\u017c wszystko ma. Nie nale\u017cy si\u0119 tym przejmowa\u0107, ale skoro mama sprawy nam nie u\u0142atwia, musimy sami troch\u0119 pokombinowa\u0107 i poobserwowa\u0107. Z pewno\u015bci\u0105 w nied\u0142ugim czasie sami przekonamy si\u0119, czym nasza rodzicielka aktualnie si\u0119 pasjonuje albo jakich produkt\u00f3w najcz\u0119\u015bciej szuka w sklepach internetowych. Mamy te\u017c dla Was kilka niezawodnych pomys\u0142\u00f3w na \u015bwi\u0105teczny prezent dla mamy, kt\u00f3re na pewno jej si\u0119 spodobaj\u0105.<\/p>\n","protected":false},"author":16,"featured_media":12256,"comment_status":"closed","ping_status":"closed","sticky":false,"template":"","format":"standard","meta":{"footnotes":""},"categories":[113,1059],"tags":[],"class_list":["post-10573","post","type-post","status-publish","format-standard","has-post-thumbnail","hentry","category-pomysl-na-prezent","category-pomysly-na-prezent"],"yoast_head":"<!-- This site is optimized with the Yoast SEO plugin v27.5 - https:\/\/yoast.com\/product\/yoast-seo-wordpress\/ -->\n<title>Pomys\u0142y na \u015bwi\u0105teczny prezent dla mamy - inspiracje<\/title>\n<meta name=\"description\" content=\"Pomys\u0142y na \u015bwi\u0105teczny prezent dla mamy. Odkryj kreatywne pomys\u0142y na prezenty, kt\u00f3re sprawi\u0105 rado\u015b\u0107 Twojej mamie w tym magicznym czasie.\" \/>\n<meta name=\"robots\" content=\"index, follow, max-snippet:-1, max-image-preview:large, max-video-preview:-1\" \/>\n<link rel=\"canonical\" href=\"https:\/\/www.empikfoto.pl\/blog\/pomysly-na-swiateczny-prezent-dla-mamy-inspiracje\/\" \/>\n<meta property=\"og:locale\" content=\"pl_PL\" \/>\n<meta property=\"og:type\" content=\"article\" \/>\n<meta property=\"og:title\" content=\"Pomys\u0142y na \u015bwi\u0105teczny prezent dla mamy - inspiracje\" \/>\n<meta property=\"og:description\" content=\"Pomys\u0142y na \u015bwi\u0105teczny prezent dla mamy. Odkryj kreatywne pomys\u0142y na prezenty, kt\u00f3re sprawi\u0105 rado\u015b\u0107 Twojej mamie w tym magicznym czasie.\" \/>\n<meta property=\"og:url\" content=\"https:\/\/www.empikfoto.pl\/blog\/pomysly-na-swiateczny-prezent-dla-mamy-inspiracje\/\" \/>\n<meta property=\"og:site_name\" content=\"blog.empikfoto.pl\" \/>\n<meta property=\"article:publisher\" content=\"https:\/\/www.facebook.com\/empikfotopl\/\" \/>\n<meta property=\"article:published_time\" content=\"2020-11-20T09:24:19+00:00\" \/>\n<meta property=\"article:modified_time\" content=\"2023-07-10T13:33:05+00:00\" \/>\n<meta property=\"og:image\" content=\"https:\/\/www.empikfoto.pl\/blog\/empikfoto\/2020\/11\/swiateczny-prezent-dla-mamy-3.jpg\" \/>\n\t<meta property=\"og:image:width\" content=\"1500\" \/>\n\t<meta property=\"og:image:height\" content=\"1001\" \/>\n\t<meta property=\"og:image:type\" content=\"image\/jpeg\" \/>\n<meta name=\"author\" content=\"Patrycja\" \/>\n<meta name=\"twitter:card\" content=\"summary_large_image\" \/>\n<meta name=\"twitter:creator\" content=\"@empikfoto\" \/>\n<meta name=\"twitter:site\" content=\"@empikfoto\" \/>\n<meta name=\"twitter:label1\" content=\"Napisane przez\" \/>\n\t<meta name=\"twitter:data1\" content=\"Patrycja\" \/>\n\t<meta name=\"twitter:label2\" content=\"Szacowany czas czytania\" \/>\n\t<meta name=\"twitter:data2\" content=\"5 minut\" \/>\n<script type=\"application\/ld+json\" class=\"yoast-schema-graph\">{\"@context\":\"https:\\\/\\\/schema.org\",\"@graph\":[{\"@type\":\"Article\",\"@id\":\"https:\\\/\\\/www.empikfoto.pl\\\/blog\\\/pomysly-na-swiateczny-prezent-dla-mamy-inspiracje\\\/#article\",\"isPartOf\":{\"@id\":\"https:\\\/\\\/www.empikfoto.pl\\\/blog\\\/pomysly-na-swiateczny-prezent-dla-mamy-inspiracje\\\/\"},\"author\":{\"name\":\"Patrycja\",\"@id\":\"https:\\\/\\\/www.empikfoto.pl\\\/blog\\\/#\\\/schema\\\/person\\\/0313802ca5dac502e3266853c59632c0\"},\"headline\":\"Pomys\u0142y na \u015bwi\u0105teczny prezent dla mamy &#8211; inspiracje\",\"datePublished\":\"2020-11-20T09:24:19+00:00\",\"dateModified\":\"2023-07-10T13:33:05+00:00\",\"mainEntityOfPage\":{\"@id\":\"https:\\\/\\\/www.empikfoto.pl\\\/blog\\\/pomysly-na-swiateczny-prezent-dla-mamy-inspiracje\\\/\"},\"wordCount\":744,\"image\":{\"@id\":\"https:\\\/\\\/www.empikfoto.pl\\\/blog\\\/pomysly-na-swiateczny-prezent-dla-mamy-inspiracje\\\/#primaryimage\"},\"thumbnailUrl\":\"https:\\\/\\\/www.empikfoto.pl\\\/blog\\\/empikfoto\\\/2020\\\/11\\\/swiateczny-prezent-dla-mamy-3.jpg\",\"articleSection\":[\"Pomys\u0142 na prezent\",\"Pomys\u0142y na prezent\"],\"inLanguage\":\"pl-PL\"},{\"@type\":\"WebPage\",\"@id\":\"https:\\\/\\\/www.empikfoto.pl\\\/blog\\\/pomysly-na-swiateczny-prezent-dla-mamy-inspiracje\\\/\",\"url\":\"https:\\\/\\\/www.empikfoto.pl\\\/blog\\\/pomysly-na-swiateczny-prezent-dla-mamy-inspiracje\\\/\",\"name\":\"Pomys\u0142y na \u015bwi\u0105teczny prezent dla mamy - inspiracje\",\"isPartOf\":{\"@id\":\"https:\\\/\\\/www.empikfoto.pl\\\/blog\\\/#website\"},\"primaryImageOfPage\":{\"@id\":\"https:\\\/\\\/www.empikfoto.pl\\\/blog\\\/pomysly-na-swiateczny-prezent-dla-mamy-inspiracje\\\/#primaryimage\"},\"image\":{\"@id\":\"https:\\\/\\\/www.empikfoto.pl\\\/blog\\\/pomysly-na-swiateczny-prezent-dla-mamy-inspiracje\\\/#primaryimage\"},\"thumbnailUrl\":\"https:\\\/\\\/www.empikfoto.pl\\\/blog\\\/empikfoto\\\/2020\\\/11\\\/swiateczny-prezent-dla-mamy-3.jpg\",\"datePublished\":\"2020-11-20T09:24:19+00:00\",\"dateModified\":\"2023-07-10T13:33:05+00:00\",\"author\":{\"@id\":\"https:\\\/\\\/www.empikfoto.pl\\\/blog\\\/#\\\/schema\\\/person\\\/0313802ca5dac502e3266853c59632c0\"},\"description\":\"Pomys\u0142y na \u015bwi\u0105teczny prezent dla mamy. Odkryj kreatywne pomys\u0142y na prezenty, kt\u00f3re sprawi\u0105 rado\u015b\u0107 Twojej mamie w tym magicznym czasie.\",\"breadcrumb\":{\"@id\":\"https:\\\/\\\/www.empikfoto.pl\\\/blog\\\/pomysly-na-swiateczny-prezent-dla-mamy-inspiracje\\\/#breadcrumb\"},\"inLanguage\":\"pl-PL\",\"potentialAction\":[{\"@type\":\"ReadAction\",\"target\":[\"https:\\\/\\\/www.empikfoto.pl\\\/blog\\\/pomysly-na-swiateczny-prezent-dla-mamy-inspiracje\\\/\"]}]},{\"@type\":\"ImageObject\",\"inLanguage\":\"pl-PL\",\"@id\":\"https:\\\/\\\/www.empikfoto.pl\\\/blog\\\/pomysly-na-swiateczny-prezent-dla-mamy-inspiracje\\\/#primaryimage\",\"url\":\"https:\\\/\\\/www.empikfoto.pl\\\/blog\\\/empikfoto\\\/2020\\\/11\\\/swiateczny-prezent-dla-mamy-3.jpg\",\"contentUrl\":\"https:\\\/\\\/www.empikfoto.pl\\\/blog\\\/empikfoto\\\/2020\\\/11\\\/swiateczny-prezent-dla-mamy-3.jpg\",\"width\":1500,\"height\":1001,\"caption\":\"\u015bwi\u0105teczny prezent dla mamy 3\"},{\"@type\":\"BreadcrumbList\",\"@id\":\"https:\\\/\\\/www.empikfoto.pl\\\/blog\\\/pomysly-na-swiateczny-prezent-dla-mamy-inspiracje\\\/#breadcrumb\",\"itemListElement\":[{\"@type\":\"ListItem\",\"position\":1,\"name\":\"Strona g\u0142\u00f3wna\",\"item\":\"https:\\\/\\\/www.empikfoto.pl\\\/blog\\\/\"},{\"@type\":\"ListItem\",\"position\":2,\"name\":\"Pomys\u0142y na \u015bwi\u0105teczny prezent dla mamy &#8211; inspiracje\"}]},{\"@type\":\"WebSite\",\"@id\":\"https:\\\/\\\/www.empikfoto.pl\\\/blog\\\/#website\",\"url\":\"https:\\\/\\\/www.empikfoto.pl\\\/blog\\\/\",\"name\":\"blog.empikfoto.pl\",\"description\":\"Poznaj empikfoto.pl od \u015brodka! Dowiedz si\u0119 wi\u0119cej o odbitkach, fotoksi\u0105\u017ckach i fotografii.\",\"potentialAction\":[{\"@type\":\"SearchAction\",\"target\":{\"@type\":\"EntryPoint\",\"urlTemplate\":\"https:\\\/\\\/www.empikfoto.pl\\\/blog\\\/?s={search_term_string}\"},\"query-input\":{\"@type\":\"PropertyValueSpecification\",\"valueRequired\":true,\"valueName\":\"search_term_string\"}}],\"inLanguage\":\"pl-PL\"},{\"@type\":\"Person\",\"@id\":\"https:\\\/\\\/www.empikfoto.pl\\\/blog\\\/#\\\/schema\\\/person\\\/0313802ca5dac502e3266853c59632c0\",\"name\":\"Patrycja\",\"image\":{\"@type\":\"ImageObject\",\"inLanguage\":\"pl-PL\",\"@id\":\"https:\\\/\\\/secure.gravatar.com\\\/avatar\\\/f25168e12215ad42f58e5fb72881daaeb57bd4f907081046016f64bf167db59f?s=96&d=identicon&r=g\",\"url\":\"https:\\\/\\\/secure.gravatar.com\\\/avatar\\\/f25168e12215ad42f58e5fb72881daaeb57bd4f907081046016f64bf167db59f?s=96&d=identicon&r=g\",\"contentUrl\":\"https:\\\/\\\/secure.gravatar.com\\\/avatar\\\/f25168e12215ad42f58e5fb72881daaeb57bd4f907081046016f64bf167db59f?s=96&d=identicon&r=g\",\"caption\":\"Patrycja\"},\"url\":\"https:\\\/\\\/www.empikfoto.pl\\\/blog\\\/author\\\/patrycja\\\/\"}]}<\/script>\n<!-- \/ Yoast SEO plugin. -->","yoast_head_json":{"title":"Pomys\u0142y na \u015bwi\u0105teczny prezent dla mamy - inspiracje","description":"Pomys\u0142y na \u015bwi\u0105teczny prezent dla mamy. Odkryj kreatywne pomys\u0142y na prezenty, kt\u00f3re sprawi\u0105 rado\u015b\u0107 Twojej mamie w tym magicznym czasie.","robots":{"index":"index","follow":"follow","max-snippet":"max-snippet:-1","max-image-preview":"max-image-preview:large","max-video-preview":"max-video-preview:-1"},"canonical":"https:\/\/www.empikfoto.pl\/blog\/pomysly-na-swiateczny-prezent-dla-mamy-inspiracje\/","og_locale":"pl_PL","og_type":"article","og_title":"Pomys\u0142y na \u015bwi\u0105teczny prezent dla mamy - inspiracje","og_description":"Pomys\u0142y na \u015bwi\u0105teczny prezent dla mamy. Odkryj kreatywne pomys\u0142y na prezenty, kt\u00f3re sprawi\u0105 rado\u015b\u0107 Twojej mamie w tym magicznym czasie.","og_url":"https:\/\/www.empikfoto.pl\/blog\/pomysly-na-swiateczny-prezent-dla-mamy-inspiracje\/","og_site_name":"blog.empikfoto.pl","article_publisher":"https:\/\/www.facebook.com\/empikfotopl\/","article_published_time":"2020-11-20T09:24:19+00:00","article_modified_time":"2023-07-10T13:33:05+00:00","og_image":[{"width":1500,"height":1001,"url":"https:\/\/www.empikfoto.pl\/blog\/empikfoto\/2020\/11\/swiateczny-prezent-dla-mamy-3.jpg","type":"image\/jpeg"}],"author":"Patrycja","twitter_card":"summary_large_image","twitter_creator":"@empikfoto","twitter_site":"@empikfoto","twitter_misc":{"Napisane przez":"Patrycja","Szacowany czas czytania":"5 minut"},"schema":{"@context":"https:\/\/schema.org","@graph":[{"@type":"Article","@id":"https:\/\/www.empikfoto.pl\/blog\/pomysly-na-swiateczny-prezent-dla-mamy-inspiracje\/#article","isPartOf":{"@id":"https:\/\/www.empikfoto.pl\/blog\/pomysly-na-swiateczny-prezent-dla-mamy-inspiracje\/"},"author":{"name":"Patrycja","@id":"https:\/\/www.empikfoto.pl\/blog\/#\/schema\/person\/0313802ca5dac502e3266853c59632c0"},"headline":"Pomys\u0142y na \u015bwi\u0105teczny prezent dla mamy &#8211; inspiracje","datePublished":"2020-11-20T09:24:19+00:00","dateModified":"2023-07-10T13:33:05+00:00","mainEntityOfPage":{"@id":"https:\/\/www.empikfoto.pl\/blog\/pomysly-na-swiateczny-prezent-dla-mamy-inspiracje\/"},"wordCount":744,"image":{"@id":"https:\/\/www.empikfoto.pl\/blog\/pomysly-na-swiateczny-prezent-dla-mamy-inspiracje\/#primaryimage"},"thumbnailUrl":"https:\/\/www.empikfoto.pl\/blog\/empikfoto\/2020\/11\/swiateczny-prezent-dla-mamy-3.jpg","articleSection":["Pomys\u0142 na prezent","Pomys\u0142y na prezent"],"inLanguage":"pl-PL"},{"@type":"WebPage","@id":"https:\/\/www.empikfoto.pl\/blog\/pomysly-na-swiateczny-prezent-dla-mamy-inspiracje\/","url":"https:\/\/www.empikfoto.pl\/blog\/pomysly-na-swiateczny-prezent-dla-mamy-inspiracje\/","name":"Pomys\u0142y na \u015bwi\u0105teczny prezent dla mamy - inspiracje","isPartOf":{"@id":"https:\/\/www.empikfoto.pl\/blog\/#website"},"primaryImageOfPage":{"@id":"https:\/\/www.empikfoto.pl\/blog\/pomysly-na-swiateczny-prezent-dla-mamy-inspiracje\/#primaryimage"},"image":{"@id":"https:\/\/www.empikfoto.pl\/blog\/pomysly-na-swiateczny-prezent-dla-mamy-inspiracje\/#primaryimage"},"thumbnailUrl":"https:\/\/www.empikfoto.pl\/blog\/empikfoto\/2020\/11\/swiateczny-prezent-dla-mamy-3.jpg","datePublished":"2020-11-20T09:24:19+00:00","dateModified":"2023-07-10T13:33:05+00:00","author":{"@id":"https:\/\/www.empikfoto.pl\/blog\/#\/schema\/person\/0313802ca5dac502e3266853c59632c0"},"description":"Pomys\u0142y na \u015bwi\u0105teczny prezent dla mamy. Odkryj kreatywne pomys\u0142y na prezenty, kt\u00f3re sprawi\u0105 rado\u015b\u0107 Twojej mamie w tym magicznym czasie.","breadcrumb":{"@id":"https:\/\/www.empikfoto.pl\/blog\/pomysly-na-swiateczny-prezent-dla-mamy-inspiracje\/#breadcrumb"},"inLanguage":"pl-PL","potentialAction":[{"@type":"ReadAction","target":["https:\/\/www.empikfoto.pl\/blog\/pomysly-na-swiateczny-prezent-dla-mamy-inspiracje\/"]}]},{"@type":"ImageObject","inLanguage":"pl-PL","@id":"https:\/\/www.empikfoto.pl\/blog\/pomysly-na-swiateczny-prezent-dla-mamy-inspiracje\/#primaryimage","url":"https:\/\/www.empikfoto.pl\/blog\/empikfoto\/2020\/11\/swiateczny-prezent-dla-mamy-3.jpg","contentUrl":"https:\/\/www.empikfoto.pl\/blog\/empikfoto\/2020\/11\/swiateczny-prezent-dla-mamy-3.jpg","width":1500,"height":1001,"caption":"\u015bwi\u0105teczny prezent dla mamy 3"},{"@type":"BreadcrumbList","@id":"https:\/\/www.empikfoto.pl\/blog\/pomysly-na-swiateczny-prezent-dla-mamy-inspiracje\/#breadcrumb","itemListElement":[{"@type":"ListItem","position":1,"name":"Strona g\u0142\u00f3wna","item":"https:\/\/www.empikfoto.pl\/blog\/"},{"@type":"ListItem","position":2,"name":"Pomys\u0142y na \u015bwi\u0105teczny prezent dla mamy &#8211; inspiracje"}]},{"@type":"WebSite","@id":"https:\/\/www.empikfoto.pl\/blog\/#website","url":"https:\/\/www.empikfoto.pl\/blog\/","name":"blog.empikfoto.pl","description":"Poznaj empikfoto.pl od \u015brodka! Dowiedz si\u0119 wi\u0119cej o odbitkach, fotoksi\u0105\u017ckach i fotografii.","potentialAction":[{"@type":"SearchAction","target":{"@type":"EntryPoint","urlTemplate":"https:\/\/www.empikfoto.pl\/blog\/?s={search_term_string}"},"query-input":{"@type":"PropertyValueSpecification","valueRequired":true,"valueName":"search_term_string"}}],"inLanguage":"pl-PL"},{"@type":"Person","@id":"https:\/\/www.empikfoto.pl\/blog\/#\/schema\/person\/0313802ca5dac502e3266853c59632c0","name":"Patrycja","image":{"@type":"ImageObject","inLanguage":"pl-PL","@id":"https:\/\/secure.gravatar.com\/avatar\/f25168e12215ad42f58e5fb72881daaeb57bd4f907081046016f64bf167db59f?s=96&d=identicon&r=g","url":"https:\/\/secure.gravatar.com\/avatar\/f25168e12215ad42f58e5fb72881daaeb57bd4f907081046016f64bf167db59f?s=96&d=identicon&r=g","contentUrl":"https:\/\/secure.gravatar.com\/avatar\/f25168e12215ad42f58e5fb72881daaeb57bd4f907081046016f64bf167db59f?s=96&d=identicon&r=g","caption":"Patrycja"},"url":"https:\/\/www.empikfoto.pl\/blog\/author\/patrycja\/"}]}},"amp_enabled":true,"_links":{"self":[{"href":"https:\/\/www.empikfoto.pl\/blog\/wp-json\/wp\/v2\/posts\/10573","targetHints":{"allow":["GET"]}}],"collection":[{"href":"https:\/\/www.empikfoto.pl\/blog\/wp-json\/wp\/v2\/posts"}],"about":[{"href":"https:\/\/www.empikfoto.pl\/blog\/wp-json\/wp\/v2\/types\/post"}],"author":[{"embeddable":true,"href":"https:\/\/www.empikfoto.pl\/blog\/wp-json\/wp\/v2\/users\/16"}],"replies":[{"embeddable":true,"href":"https:\/\/www.empikfoto.pl\/blog\/wp-json\/wp\/v2\/comments?post=10573"}],"version-history":[{"count":5,"href":"https:\/\/www.empikfoto.pl\/blog\/wp-json\/wp\/v2\/posts\/10573\/revisions"}],"predecessor-version":[{"id":12259,"href":"https:\/\/www.empikfoto.pl\/blog\/wp-json\/wp\/v2\/posts\/10573\/revisions\/12259"}],"wp:featuredmedia":[{"embeddable":true,"href":"https:\/\/www.empikfoto.pl\/blog\/wp-json\/wp\/v2\/media\/12256"}],"wp:attachment":[{"href":"https:\/\/www.empikfoto.pl\/blog\/wp-json\/wp\/v2\/media?parent=10573"}],"wp:term":[{"taxonomy":"category","embeddable":true,"href":"https:\/\/www.empikfoto.pl\/blog\/wp-json\/wp\/v2\/categories?post=10573"},{"taxonomy":"post_tag","embeddable":true,"href":"https:\/\/www.empikfoto.pl\/blog\/wp-json\/wp\/v2\/tags?post=10573"}],"curies":[{"name":"wp","href":"https:\/\/api.w.org\/{rel}","templated":true}]}}