{"id":10673,"date":"2022-03-20T10:18:49","date_gmt":"2022-03-20T09:18:49","guid":{"rendered":"https:\/\/blog.empikfoto.pl\/?p=10673"},"modified":"2023-12-21T10:44:19","modified_gmt":"2023-12-21T09:44:19","slug":"wiosna-obiektywie-czyli-pomysl-pierwsza-wiosenna-fotoksiazke","status":"publish","type":"post","link":"https:\/\/www.empikfoto.pl\/blog\/wiosna-obiektywie-czyli-pomysl-pierwsza-wiosenna-fotoksiazke\/","title":{"rendered":"Wiosna w obiektywie, czyli pomys\u0142 na pierwsz\u0105, wiosenn\u0105 fotoksi\u0105\u017ck\u0119"},"content":{"rendered":"<p><strong>\u00a0<\/strong><strong>S\u0142o\u0144ce coraz \u015bmielej zagl\u0105da zza chmur i pie\u015bci swoimi promieniami sk\u00f3r\u0119 zach\u0119caj\u0105c do aktywno\u015bci na zewn\u0105trz. Uwielbiasz d\u0142ugie rowerowe przeja\u017cd\u017cki? Uczysz si\u0119 po raz pierwszy je\u017adzi\u0107 na rolkach? A mo\u017ce kochasz spacerowa\u0107 po lesie, delektuj\u0105c si\u0119 zapachem i d\u017awi\u0119kami budz\u0105cej si\u0119 przyrody? Upami\u0119tnij te chwile i stw\u00f3rz swoj\u0105 pierwsz\u0105, wiosenn\u0105 fotoksi\u0105\u017ck\u0119. Dowiedz si\u0119, jak to zrobi\u0107!<\/strong><!--more--><\/p>\n<p><strong>\u00a0<\/strong><\/p>\n<p><strong>Jak przygotowa\u0107 fotoksi\u0105\u017ck\u0119 z wiosny?<\/strong><\/p>\n<p>Chcesz prze\u017cy\u0107 t\u0119 wiosn\u0119, tak jak nigdy dot\u0105d, dlatego coraz wi\u0119cej czasu sp\u0119dzasz na zewn\u0105trz? Wypr\u00f3buj tak\u017ce trening uwa\u017cno\u015bci, czyli mindfulness. To sztuka bycia obecnym w danej chwili z pe\u0142nym skupieniem na pozornie nic nieznacz\u0105cych szczeg\u00f3\u0142ach, takich jak krople deszczu na rozwijaj\u0105cych si\u0119 li\u015bciach, czy pe\u0142zaj\u0105ca d\u017cd\u017cownica, kt\u00f3ra ochoczo zabiera si\u0119 do pracy. W tak dog\u0142\u0119bnym prze\u017cywaniu i do\u015bwiadczaniu pomo\u017ce Ci aparat. <strong>R\u00f3b zdj\u0119cia wszystkiemu, co Ci\u0119 zachwyca i wzbudza w Tobie emocje<\/strong>. Nie wiesz od czego zacz\u0105\u0107? Oto kilka pomys\u0142\u00f3w na wiosenne fotografie.<\/p>\n<p><img loading=\"lazy\" decoding=\"async\" class=\"aligncenter wp-image-11197\" src=\"https:\/\/blog.empikfoto.pl\/empikfoto\/2020\/07\/girls-739071_1280-1024x682.jpg\" alt=\"\" width=\"624\" height=\"416\" srcset=\"https:\/\/www.empikfoto.pl\/blog\/empikfoto\/2020\/07\/girls-739071_1280-1024x682.jpg 1024w, https:\/\/www.empikfoto.pl\/blog\/empikfoto\/2020\/07\/girls-739071_1280-300x200.jpg 300w, https:\/\/www.empikfoto.pl\/blog\/empikfoto\/2020\/07\/girls-739071_1280-768x512.jpg 768w, https:\/\/www.empikfoto.pl\/blog\/empikfoto\/2020\/07\/girls-739071_1280-330x220.jpg 330w, https:\/\/www.empikfoto.pl\/blog\/empikfoto\/2020\/07\/girls-739071_1280-400x267.jpg 400w, https:\/\/www.empikfoto.pl\/blog\/empikfoto\/2020\/07\/girls-739071_1280.jpg 1280w\" sizes=\"auto, (max-width: 624px) 100vw, 624px\" \/><\/p>\n<ul>\n<li><strong>Zdj\u0119cia budz\u0105cej si\u0119 do \u017cycia przyrody<\/strong><\/li>\n<\/ul>\n<p>Spakuj <u><a href=\"https:\/\/www.empikfoto.pl\/bidony\">bidon<\/a><\/u>, telefon i rusz przed siebie na rowerze. Wdychaj powietrze i obserwuj jak s\u0142o\u0144ce mieni si\u0119 mi\u0119dzy drzewami. Zatrzymaj si\u0119 w oddaleniu od ludzi, zaczerpnij \u0142yk wody i sp\u00f3jrz pod swoje nogi, jak mr\u00f3wki buduj\u0105 swoje ma\u0142e imperium. P\u00f3jd\u017a ich \u015bladem z aparatem, a z pewno\u015bci\u0105 odkryjesz co\u015b niesamowitego. Nast\u0119pnie zadrzyj g\u0142ow\u0119 do g\u00f3ry i &#8220;upoluj&#8221; obiektywem dzi\u0119cio\u0142a, kt\u00f3ry niestrudzenie pracuje w\u015br\u00f3d drzew. Natura to wspania\u0142y temat na zdj\u0119cia!<\/p>\n<p><img loading=\"lazy\" decoding=\"async\" class=\"aligncenter wp-image-11196\" src=\"https:\/\/blog.empikfoto.pl\/empikfoto\/2020\/07\/magnolia-trees-556718_1280-1024x682.jpg\" alt=\"\" width=\"624\" height=\"416\" srcset=\"https:\/\/www.empikfoto.pl\/blog\/empikfoto\/2020\/07\/magnolia-trees-556718_1280-1024x682.jpg 1024w, https:\/\/www.empikfoto.pl\/blog\/empikfoto\/2020\/07\/magnolia-trees-556718_1280-300x200.jpg 300w, https:\/\/www.empikfoto.pl\/blog\/empikfoto\/2020\/07\/magnolia-trees-556718_1280-768x512.jpg 768w, https:\/\/www.empikfoto.pl\/blog\/empikfoto\/2020\/07\/magnolia-trees-556718_1280-330x220.jpg 330w, https:\/\/www.empikfoto.pl\/blog\/empikfoto\/2020\/07\/magnolia-trees-556718_1280-400x267.jpg 400w, https:\/\/www.empikfoto.pl\/blog\/empikfoto\/2020\/07\/magnolia-trees-556718_1280.jpg 1280w\" sizes=\"auto, (max-width: 624px) 100vw, 624px\" \/><\/p>\n<p>&nbsp;<\/p>\n<ul>\n<li><strong>Fotografie rodziny, przyjaci\u00f3\u0142 i ukochanych pupili<\/strong><\/li>\n<\/ul>\n<p>Sp\u0119dzasz czas z bliskimi? Wykorzystaj to! Fotografuj, jak dzieci si\u0119 \u015bmiej\u0105, jak wiatr rozwiewa im w\u0142osy, jak podnosz\u0105 nogi podczas przeja\u017cd\u017cki przez ka\u0142u\u017ce. Upami\u0119tniaj promienie s\u0142o\u0144ca na ich twarzach, listek wetkni\u0119ty za ucho i szyszk\u0119 w drobnych d\u0142oniach.<\/p>\n<p>Doskona\u0142ym pomys\u0142em jest tak\u017ce uwiecznienie domowych sytuacji, takich jak \u015bwi\u0105teczne przygotowania, czy sprz\u0105tanie, jak np. mycie okien. R\u00f3b zdj\u0119cia, kiedy malujesz pisanki, jak kurz z trzepanych dywan\u00f3w mieni w promieniach s\u0142o\u0144ca lub gdy bliska osoba odbija si\u0119 w umytych w\u0142a\u015bnie oknach. Nie czekaj na dogodn\u0105 chwil\u0119. Najlepsze i niepowtarzalne zdj\u0119cia to efekt spontaniczno\u015bci.<\/p>\n<p><img loading=\"lazy\" decoding=\"async\" class=\"aligncenter wp-image-11195\" src=\"https:\/\/blog.empikfoto.pl\/empikfoto\/2020\/07\/the-little-girl-5378108_1280-1024x682.jpg\" alt=\"\" width=\"624\" height=\"415\" srcset=\"https:\/\/www.empikfoto.pl\/blog\/empikfoto\/2020\/07\/the-little-girl-5378108_1280-1024x682.jpg 1024w, https:\/\/www.empikfoto.pl\/blog\/empikfoto\/2020\/07\/the-little-girl-5378108_1280-300x200.jpg 300w, https:\/\/www.empikfoto.pl\/blog\/empikfoto\/2020\/07\/the-little-girl-5378108_1280-768x511.jpg 768w, https:\/\/www.empikfoto.pl\/blog\/empikfoto\/2020\/07\/the-little-girl-5378108_1280-330x220.jpg 330w, https:\/\/www.empikfoto.pl\/blog\/empikfoto\/2020\/07\/the-little-girl-5378108_1280-400x266.jpg 400w, https:\/\/www.empikfoto.pl\/blog\/empikfoto\/2020\/07\/the-little-girl-5378108_1280.jpg 1280w\" sizes=\"auto, (max-width: 624px) 100vw, 624px\" \/><\/p>\n<ul>\n<li><strong>Obrazy z nowych miejsc i podr\u00f3\u017cy<\/strong><\/li>\n<\/ul>\n<p>Uwielbiasz jazd\u0119 na rowerze po okolicy? Zacznij odkrywa\u0107 tajemnice Twojego miasta! Poszukaj w internecie okolicznych atrakcji historycznych, odwied\u017a ka\u017cd\u0105 z nich i stw\u00f3rz w\u0142asn\u0105 map\u0119 najciekawszych miejsc w Twoim mie\u015bcie. Mo\u017cesz r\u00f3wnie\u017c wyjecha\u0107 poza w\u0142asne miejsce zamieszkania i zwiedza\u0107 tamtejsze okolice. Polska ma naprawd\u0119 wiele do zaoferowania, a wiosn\u0105 wspaniale rozkwita<strong>. <\/strong>Warto by\u0107 \u015bwiadkiem tego procesu.<\/p>\n<p><img loading=\"lazy\" decoding=\"async\" class=\"aligncenter wp-image-11194\" src=\"https:\/\/blog.empikfoto.pl\/empikfoto\/2020\/07\/search-4700433_1280-1024x692.jpg\" alt=\"\" width=\"624\" height=\"422\" srcset=\"https:\/\/www.empikfoto.pl\/blog\/empikfoto\/2020\/07\/search-4700433_1280-1024x692.jpg 1024w, https:\/\/www.empikfoto.pl\/blog\/empikfoto\/2020\/07\/search-4700433_1280-300x203.jpg 300w, https:\/\/www.empikfoto.pl\/blog\/empikfoto\/2020\/07\/search-4700433_1280-768x519.jpg 768w, https:\/\/www.empikfoto.pl\/blog\/empikfoto\/2020\/07\/search-4700433_1280-400x270.jpg 400w, https:\/\/www.empikfoto.pl\/blog\/empikfoto\/2020\/07\/search-4700433_1280.jpg 1280w\" sizes=\"auto, (max-width: 624px) 100vw, 624px\" \/><\/p>\n<p><strong>Jak zrobi\u0107 wiosenn\u0105 fotoksi\u0105\u017ck\u0119?<\/strong><\/p>\n<p>Zrobi\u0142e\u015b tysi\u0105ce zdj\u0119\u0107 sobie, bliskim i naturze? Czas na selekcj\u0119! Wybierz wy\u0142\u0105cznie te fotografie, kt\u00f3re opowiadaj\u0105 jak\u0105\u015b histori\u0119 i budz\u0105 w Tobie pozytywne uczucia. Nast\u0119pnie rozsi\u0105d\u017a si\u0119 wygodnie w fotelu, zadbaj o butelk\u0119 z wod\u0105 i wejd\u017a na stron\u0119 internetow\u0105 z edytorem fotoksi\u0105\u017cki np. <strong>empikfoto.pl<\/strong>.<\/p>\n<p><img loading=\"lazy\" decoding=\"async\" class=\"aligncenter wp-image-7976 size-full\" src=\"https:\/\/blog.empikfoto.pl\/empikfoto\/2017\/11\/Empikfoto_Pomysly-na-prezenty-na-Swieta_002.png\" alt=\"Dzie\u0144 Kobiet\" width=\"863\" height=\"802\" srcset=\"https:\/\/www.empikfoto.pl\/blog\/empikfoto\/2017\/11\/Empikfoto_Pomysly-na-prezenty-na-Swieta_002.png 863w, https:\/\/www.empikfoto.pl\/blog\/empikfoto\/2017\/11\/Empikfoto_Pomysly-na-prezenty-na-Swieta_002-300x279.png 300w, https:\/\/www.empikfoto.pl\/blog\/empikfoto\/2017\/11\/Empikfoto_Pomysly-na-prezenty-na-Swieta_002-768x714.png 768w, https:\/\/www.empikfoto.pl\/blog\/empikfoto\/2017\/11\/Empikfoto_Pomysly-na-prezenty-na-Swieta_002-400x372.png 400w\" sizes=\"auto, (max-width: 863px) 100vw, 863px\" \/><\/p>\n<p>Aby stworzy\u0107 niepowtarzalny album:<\/p>\n<ul>\n<li>wybierz odpowiedni\u0105 ilo\u015b\u0107 stron, format, rodzaj papieru i ok\u0142adki \u2013 ka\u017cdy szczeg\u00f3\u0142 ma znaczenie i wp\u0142yw na ko\u0144cowy efekt!<\/li>\n<li>dobierz wiosenny szablon z dost\u0119pnej puli, taki jak np. &#8220;Bratki&#8221; lub &#8220;Spring is coming&#8221;. Oba utrzymane w modnej, minimalistycznej stylistyce z pewno\u015bci\u0105 przypadn\u0105 Ci do gustu i pi\u0119knie b\u0119d\u0105 korespondowa\u0107 z Twoimi wiosennymi zdj\u0119ciami. Mo\u017cesz tak\u017ce stworzy\u0107 szablon samodzielnie korzystaj\u0105c z dost\u0119pnych grafik, te\u0142 itp.,<\/li>\n<li>za\u0142aduj na serwer wybrane zdj\u0119cia i pouk\u0142adaj je wed\u0142ug w\u0142asnego pomys\u0142u lub\u2026 skorzystaj z opcji automatycznego wype\u0142nienia pustych miejsc fotografiami,<\/li>\n<li>baw si\u0119 i zmieniaj uk\u0142ady zdj\u0119\u0107 \u2013 do wyboru masz wiele gotowych galerii, kt\u00f3re pozwol\u0105 wspaniale wyeksponowa\u0107 np. serie zdj\u0119\u0107 z jednego wydarzenia,<\/li>\n<li>dodawaj cliparty, zmieniaj t\u0142a i podpisuj zdj\u0119cia \u2013 fotoksi\u0105\u017cka ma oddawa\u0107 to, co czu\u0142e\u015b podczas upami\u0119tniania tych chwil. <strong>Opisuj to, co czu\u0142e\u015b i jakie historie wi\u0105\u017c\u0105 si\u0119 z wybranymi fotografiami.<\/strong> Dzi\u0119ki temu, kiedy wr\u00f3cisz do albumu po kilku miesi\u0105cach lub latach zn\u00f3w poczujesz si\u0119, jak wtedy na wiosennej, rowerowej przeja\u017cd\u017cce.<\/li>\n<\/ul>\n<p>Je\u015bli uwa\u017casz, \u017ce sko\u0144czy\u0142e\u015b prac\u0119, sprawd\u017a sw\u00f3j projekt, zaakceptuj go i z\u0142\u00f3\u017c zam\u00f3wienie.<\/p>\n<p>Wiosna to idealny czas na nauk\u0119 uwa\u017cno\u015bci. B\u0105d\u017a kreatywny, upami\u0119tnij ka\u017cd\u0105 chwil\u0119 i stw\u00f3rz niepowtarzalny wiosenny album.<\/p>\n<p>&nbsp;<\/p>\n","protected":false},"excerpt":{"rendered":"<p>\u00a0S\u0142o\u0144ce coraz \u015bmielej zagl\u0105da zza chmur i pie\u015bci swoimi promieniami sk\u00f3r\u0119 zach\u0119caj\u0105c do aktywno\u015bci na zewn\u0105trz. Uwielbiasz d\u0142ugie rowerowe przeja\u017cd\u017cki? Uczysz si\u0119 po raz pierwszy je\u017adzi\u0107 na rolkach? A mo\u017ce kochasz spacerowa\u0107 po lesie, delektuj\u0105c si\u0119 zapachem i d\u017awi\u0119kami budz\u0105cej si\u0119 przyrody? Upami\u0119tnij te chwile i stw\u00f3rz swoj\u0105 pierwsz\u0105, wiosenn\u0105 fotoksi\u0105\u017ck\u0119. Dowiedz si\u0119, jak to zrobi\u0107!<\/p>\n","protected":false},"author":16,"featured_media":10448,"comment_status":"closed","ping_status":"closed","sticky":true,"template":"","format":"standard","meta":{"footnotes":""},"categories":[1],"tags":[1088],"class_list":["post-10673","post","type-post","status-publish","format-standard","has-post-thumbnail","hentry","category-bez-kategorii","tag-fotoksiazka"],"yoast_head":"<!-- This site is optimized with the Yoast SEO plugin v27.5 - https:\/\/yoast.com\/product\/yoast-seo-wordpress\/ -->\n<title>Wiosna w obiektywie, czyli pomys\u0142 na pierwsz\u0105, wiosenn\u0105 fotoksi\u0105\u017ck\u0119 | blog.empikfoto.pl<\/title>\n<meta name=\"robots\" content=\"index, follow, max-snippet:-1, max-image-preview:large, max-video-preview:-1\" \/>\n<link rel=\"canonical\" href=\"https:\/\/www.empikfoto.pl\/blog\/wiosna-obiektywie-czyli-pomysl-pierwsza-wiosenna-fotoksiazke\/\" \/>\n<meta property=\"og:locale\" content=\"pl_PL\" \/>\n<meta property=\"og:type\" content=\"article\" \/>\n<meta property=\"og:title\" content=\"Wiosna w obiektywie, czyli pomys\u0142 na pierwsz\u0105, wiosenn\u0105 fotoksi\u0105\u017ck\u0119 | blog.empikfoto.pl\" \/>\n<meta property=\"og:description\" content=\"\u00a0S\u0142o\u0144ce coraz \u015bmielej zagl\u0105da zza chmur i pie\u015bci swoimi promieniami sk\u00f3r\u0119 zach\u0119caj\u0105c do aktywno\u015bci na zewn\u0105trz. Uwielbiasz d\u0142ugie rowerowe przeja\u017cd\u017cki? Uczysz si\u0119 po raz pierwszy je\u017adzi\u0107 na rolkach? A mo\u017ce kochasz spacerowa\u0107 po lesie, delektuj\u0105c si\u0119 zapachem i d\u017awi\u0119kami budz\u0105cej si\u0119 przyrody? Upami\u0119tnij te chwile i stw\u00f3rz swoj\u0105 pierwsz\u0105, wiosenn\u0105 fotoksi\u0105\u017ck\u0119. Dowiedz si\u0119, jak to zrobi\u0107!\" \/>\n<meta property=\"og:url\" content=\"https:\/\/www.empikfoto.pl\/blog\/wiosna-obiektywie-czyli-pomysl-pierwsza-wiosenna-fotoksiazke\/\" \/>\n<meta property=\"og:site_name\" content=\"blog.empikfoto.pl\" \/>\n<meta property=\"article:publisher\" content=\"https:\/\/www.facebook.com\/empikfotopl\/\" \/>\n<meta property=\"article:published_time\" content=\"2022-03-20T09:18:49+00:00\" \/>\n<meta property=\"article:modified_time\" content=\"2023-12-21T09:44:19+00:00\" \/>\n<meta property=\"og:image\" content=\"https:\/\/www.empikfoto.pl\/blog\/empikfoto\/2020\/09\/ksiazka-2.jpg\" \/>\n\t<meta property=\"og:image:width\" content=\"1096\" \/>\n\t<meta property=\"og:image:height\" content=\"744\" \/>\n\t<meta property=\"og:image:type\" content=\"image\/jpeg\" \/>\n<meta name=\"author\" content=\"Patrycja\" \/>\n<meta name=\"twitter:card\" content=\"summary_large_image\" \/>\n<meta name=\"twitter:creator\" content=\"@empikfoto\" \/>\n<meta name=\"twitter:site\" content=\"@empikfoto\" \/>\n<meta name=\"twitter:label1\" content=\"Napisane przez\" \/>\n\t<meta name=\"twitter:data1\" content=\"Patrycja\" \/>\n\t<meta name=\"twitter:label2\" content=\"Szacowany czas czytania\" \/>\n\t<meta name=\"twitter:data2\" content=\"5 minut\" \/>\n<script type=\"application\/ld+json\" class=\"yoast-schema-graph\">{\"@context\":\"https:\\\/\\\/schema.org\",\"@graph\":[{\"@type\":\"Article\",\"@id\":\"https:\\\/\\\/www.empikfoto.pl\\\/blog\\\/wiosna-obiektywie-czyli-pomysl-pierwsza-wiosenna-fotoksiazke\\\/#article\",\"isPartOf\":{\"@id\":\"https:\\\/\\\/www.empikfoto.pl\\\/blog\\\/wiosna-obiektywie-czyli-pomysl-pierwsza-wiosenna-fotoksiazke\\\/\"},\"author\":{\"name\":\"Patrycja\",\"@id\":\"https:\\\/\\\/www.empikfoto.pl\\\/blog\\\/#\\\/schema\\\/person\\\/0313802ca5dac502e3266853c59632c0\"},\"headline\":\"Wiosna w obiektywie, czyli pomys\u0142 na pierwsz\u0105, wiosenn\u0105 fotoksi\u0105\u017ck\u0119\",\"datePublished\":\"2022-03-20T09:18:49+00:00\",\"dateModified\":\"2023-12-21T09:44:19+00:00\",\"mainEntityOfPage\":{\"@id\":\"https:\\\/\\\/www.empikfoto.pl\\\/blog\\\/wiosna-obiektywie-czyli-pomysl-pierwsza-wiosenna-fotoksiazke\\\/\"},\"wordCount\":785,\"image\":{\"@id\":\"https:\\\/\\\/www.empikfoto.pl\\\/blog\\\/wiosna-obiektywie-czyli-pomysl-pierwsza-wiosenna-fotoksiazke\\\/#primaryimage\"},\"thumbnailUrl\":\"https:\\\/\\\/www.empikfoto.pl\\\/blog\\\/empikfoto\\\/2020\\\/09\\\/ksiazka-2.jpg\",\"keywords\":[\"fotoksi\u0105\u017cka\"],\"inLanguage\":\"pl-PL\"},{\"@type\":\"WebPage\",\"@id\":\"https:\\\/\\\/www.empikfoto.pl\\\/blog\\\/wiosna-obiektywie-czyli-pomysl-pierwsza-wiosenna-fotoksiazke\\\/\",\"url\":\"https:\\\/\\\/www.empikfoto.pl\\\/blog\\\/wiosna-obiektywie-czyli-pomysl-pierwsza-wiosenna-fotoksiazke\\\/\",\"name\":\"Wiosna w obiektywie, czyli pomys\u0142 na pierwsz\u0105, wiosenn\u0105 fotoksi\u0105\u017ck\u0119 | blog.empikfoto.pl\",\"isPartOf\":{\"@id\":\"https:\\\/\\\/www.empikfoto.pl\\\/blog\\\/#website\"},\"primaryImageOfPage\":{\"@id\":\"https:\\\/\\\/www.empikfoto.pl\\\/blog\\\/wiosna-obiektywie-czyli-pomysl-pierwsza-wiosenna-fotoksiazke\\\/#primaryimage\"},\"image\":{\"@id\":\"https:\\\/\\\/www.empikfoto.pl\\\/blog\\\/wiosna-obiektywie-czyli-pomysl-pierwsza-wiosenna-fotoksiazke\\\/#primaryimage\"},\"thumbnailUrl\":\"https:\\\/\\\/www.empikfoto.pl\\\/blog\\\/empikfoto\\\/2020\\\/09\\\/ksiazka-2.jpg\",\"datePublished\":\"2022-03-20T09:18:49+00:00\",\"dateModified\":\"2023-12-21T09:44:19+00:00\",\"author\":{\"@id\":\"https:\\\/\\\/www.empikfoto.pl\\\/blog\\\/#\\\/schema\\\/person\\\/0313802ca5dac502e3266853c59632c0\"},\"breadcrumb\":{\"@id\":\"https:\\\/\\\/www.empikfoto.pl\\\/blog\\\/wiosna-obiektywie-czyli-pomysl-pierwsza-wiosenna-fotoksiazke\\\/#breadcrumb\"},\"inLanguage\":\"pl-PL\",\"potentialAction\":[{\"@type\":\"ReadAction\",\"target\":[\"https:\\\/\\\/www.empikfoto.pl\\\/blog\\\/wiosna-obiektywie-czyli-pomysl-pierwsza-wiosenna-fotoksiazke\\\/\"]}]},{\"@type\":\"ImageObject\",\"inLanguage\":\"pl-PL\",\"@id\":\"https:\\\/\\\/www.empikfoto.pl\\\/blog\\\/wiosna-obiektywie-czyli-pomysl-pierwsza-wiosenna-fotoksiazke\\\/#primaryimage\",\"url\":\"https:\\\/\\\/www.empikfoto.pl\\\/blog\\\/empikfoto\\\/2020\\\/09\\\/ksiazka-2.jpg\",\"contentUrl\":\"https:\\\/\\\/www.empikfoto.pl\\\/blog\\\/empikfoto\\\/2020\\\/09\\\/ksiazka-2.jpg\",\"width\":1096,\"height\":744},{\"@type\":\"BreadcrumbList\",\"@id\":\"https:\\\/\\\/www.empikfoto.pl\\\/blog\\\/wiosna-obiektywie-czyli-pomysl-pierwsza-wiosenna-fotoksiazke\\\/#breadcrumb\",\"itemListElement\":[{\"@type\":\"ListItem\",\"position\":1,\"name\":\"Strona g\u0142\u00f3wna\",\"item\":\"https:\\\/\\\/www.empikfoto.pl\\\/blog\\\/\"},{\"@type\":\"ListItem\",\"position\":2,\"name\":\"Wiosna w obiektywie, czyli pomys\u0142 na pierwsz\u0105, wiosenn\u0105 fotoksi\u0105\u017ck\u0119\"}]},{\"@type\":\"WebSite\",\"@id\":\"https:\\\/\\\/www.empikfoto.pl\\\/blog\\\/#website\",\"url\":\"https:\\\/\\\/www.empikfoto.pl\\\/blog\\\/\",\"name\":\"blog.empikfoto.pl\",\"description\":\"Poznaj empikfoto.pl od \u015brodka! Dowiedz si\u0119 wi\u0119cej o odbitkach, fotoksi\u0105\u017ckach i fotografii.\",\"potentialAction\":[{\"@type\":\"SearchAction\",\"target\":{\"@type\":\"EntryPoint\",\"urlTemplate\":\"https:\\\/\\\/www.empikfoto.pl\\\/blog\\\/?s={search_term_string}\"},\"query-input\":{\"@type\":\"PropertyValueSpecification\",\"valueRequired\":true,\"valueName\":\"search_term_string\"}}],\"inLanguage\":\"pl-PL\"},{\"@type\":\"Person\",\"@id\":\"https:\\\/\\\/www.empikfoto.pl\\\/blog\\\/#\\\/schema\\\/person\\\/0313802ca5dac502e3266853c59632c0\",\"name\":\"Patrycja\",\"image\":{\"@type\":\"ImageObject\",\"inLanguage\":\"pl-PL\",\"@id\":\"https:\\\/\\\/secure.gravatar.com\\\/avatar\\\/f25168e12215ad42f58e5fb72881daaeb57bd4f907081046016f64bf167db59f?s=96&d=identicon&r=g\",\"url\":\"https:\\\/\\\/secure.gravatar.com\\\/avatar\\\/f25168e12215ad42f58e5fb72881daaeb57bd4f907081046016f64bf167db59f?s=96&d=identicon&r=g\",\"contentUrl\":\"https:\\\/\\\/secure.gravatar.com\\\/avatar\\\/f25168e12215ad42f58e5fb72881daaeb57bd4f907081046016f64bf167db59f?s=96&d=identicon&r=g\",\"caption\":\"Patrycja\"},\"url\":\"https:\\\/\\\/www.empikfoto.pl\\\/blog\\\/author\\\/patrycja\\\/\"}]}<\/script>\n<!-- \/ Yoast SEO plugin. -->","yoast_head_json":{"title":"Wiosna w obiektywie, czyli pomys\u0142 na pierwsz\u0105, wiosenn\u0105 fotoksi\u0105\u017ck\u0119 | blog.empikfoto.pl","robots":{"index":"index","follow":"follow","max-snippet":"max-snippet:-1","max-image-preview":"max-image-preview:large","max-video-preview":"max-video-preview:-1"},"canonical":"https:\/\/www.empikfoto.pl\/blog\/wiosna-obiektywie-czyli-pomysl-pierwsza-wiosenna-fotoksiazke\/","og_locale":"pl_PL","og_type":"article","og_title":"Wiosna w obiektywie, czyli pomys\u0142 na pierwsz\u0105, wiosenn\u0105 fotoksi\u0105\u017ck\u0119 | blog.empikfoto.pl","og_description":"\u00a0S\u0142o\u0144ce coraz \u015bmielej zagl\u0105da zza chmur i pie\u015bci swoimi promieniami sk\u00f3r\u0119 zach\u0119caj\u0105c do aktywno\u015bci na zewn\u0105trz. Uwielbiasz d\u0142ugie rowerowe przeja\u017cd\u017cki? Uczysz si\u0119 po raz pierwszy je\u017adzi\u0107 na rolkach? A mo\u017ce kochasz spacerowa\u0107 po lesie, delektuj\u0105c si\u0119 zapachem i d\u017awi\u0119kami budz\u0105cej si\u0119 przyrody? Upami\u0119tnij te chwile i stw\u00f3rz swoj\u0105 pierwsz\u0105, wiosenn\u0105 fotoksi\u0105\u017ck\u0119. Dowiedz si\u0119, jak to zrobi\u0107!","og_url":"https:\/\/www.empikfoto.pl\/blog\/wiosna-obiektywie-czyli-pomysl-pierwsza-wiosenna-fotoksiazke\/","og_site_name":"blog.empikfoto.pl","article_publisher":"https:\/\/www.facebook.com\/empikfotopl\/","article_published_time":"2022-03-20T09:18:49+00:00","article_modified_time":"2023-12-21T09:44:19+00:00","og_image":[{"width":1096,"height":744,"url":"https:\/\/www.empikfoto.pl\/blog\/empikfoto\/2020\/09\/ksiazka-2.jpg","type":"image\/jpeg"}],"author":"Patrycja","twitter_card":"summary_large_image","twitter_creator":"@empikfoto","twitter_site":"@empikfoto","twitter_misc":{"Napisane przez":"Patrycja","Szacowany czas czytania":"5 minut"},"schema":{"@context":"https:\/\/schema.org","@graph":[{"@type":"Article","@id":"https:\/\/www.empikfoto.pl\/blog\/wiosna-obiektywie-czyli-pomysl-pierwsza-wiosenna-fotoksiazke\/#article","isPartOf":{"@id":"https:\/\/www.empikfoto.pl\/blog\/wiosna-obiektywie-czyli-pomysl-pierwsza-wiosenna-fotoksiazke\/"},"author":{"name":"Patrycja","@id":"https:\/\/www.empikfoto.pl\/blog\/#\/schema\/person\/0313802ca5dac502e3266853c59632c0"},"headline":"Wiosna w obiektywie, czyli pomys\u0142 na pierwsz\u0105, wiosenn\u0105 fotoksi\u0105\u017ck\u0119","datePublished":"2022-03-20T09:18:49+00:00","dateModified":"2023-12-21T09:44:19+00:00","mainEntityOfPage":{"@id":"https:\/\/www.empikfoto.pl\/blog\/wiosna-obiektywie-czyli-pomysl-pierwsza-wiosenna-fotoksiazke\/"},"wordCount":785,"image":{"@id":"https:\/\/www.empikfoto.pl\/blog\/wiosna-obiektywie-czyli-pomysl-pierwsza-wiosenna-fotoksiazke\/#primaryimage"},"thumbnailUrl":"https:\/\/www.empikfoto.pl\/blog\/empikfoto\/2020\/09\/ksiazka-2.jpg","keywords":["fotoksi\u0105\u017cka"],"inLanguage":"pl-PL"},{"@type":"WebPage","@id":"https:\/\/www.empikfoto.pl\/blog\/wiosna-obiektywie-czyli-pomysl-pierwsza-wiosenna-fotoksiazke\/","url":"https:\/\/www.empikfoto.pl\/blog\/wiosna-obiektywie-czyli-pomysl-pierwsza-wiosenna-fotoksiazke\/","name":"Wiosna w obiektywie, czyli pomys\u0142 na pierwsz\u0105, wiosenn\u0105 fotoksi\u0105\u017ck\u0119 | blog.empikfoto.pl","isPartOf":{"@id":"https:\/\/www.empikfoto.pl\/blog\/#website"},"primaryImageOfPage":{"@id":"https:\/\/www.empikfoto.pl\/blog\/wiosna-obiektywie-czyli-pomysl-pierwsza-wiosenna-fotoksiazke\/#primaryimage"},"image":{"@id":"https:\/\/www.empikfoto.pl\/blog\/wiosna-obiektywie-czyli-pomysl-pierwsza-wiosenna-fotoksiazke\/#primaryimage"},"thumbnailUrl":"https:\/\/www.empikfoto.pl\/blog\/empikfoto\/2020\/09\/ksiazka-2.jpg","datePublished":"2022-03-20T09:18:49+00:00","dateModified":"2023-12-21T09:44:19+00:00","author":{"@id":"https:\/\/www.empikfoto.pl\/blog\/#\/schema\/person\/0313802ca5dac502e3266853c59632c0"},"breadcrumb":{"@id":"https:\/\/www.empikfoto.pl\/blog\/wiosna-obiektywie-czyli-pomysl-pierwsza-wiosenna-fotoksiazke\/#breadcrumb"},"inLanguage":"pl-PL","potentialAction":[{"@type":"ReadAction","target":["https:\/\/www.empikfoto.pl\/blog\/wiosna-obiektywie-czyli-pomysl-pierwsza-wiosenna-fotoksiazke\/"]}]},{"@type":"ImageObject","inLanguage":"pl-PL","@id":"https:\/\/www.empikfoto.pl\/blog\/wiosna-obiektywie-czyli-pomysl-pierwsza-wiosenna-fotoksiazke\/#primaryimage","url":"https:\/\/www.empikfoto.pl\/blog\/empikfoto\/2020\/09\/ksiazka-2.jpg","contentUrl":"https:\/\/www.empikfoto.pl\/blog\/empikfoto\/2020\/09\/ksiazka-2.jpg","width":1096,"height":744},{"@type":"BreadcrumbList","@id":"https:\/\/www.empikfoto.pl\/blog\/wiosna-obiektywie-czyli-pomysl-pierwsza-wiosenna-fotoksiazke\/#breadcrumb","itemListElement":[{"@type":"ListItem","position":1,"name":"Strona g\u0142\u00f3wna","item":"https:\/\/www.empikfoto.pl\/blog\/"},{"@type":"ListItem","position":2,"name":"Wiosna w obiektywie, czyli pomys\u0142 na pierwsz\u0105, wiosenn\u0105 fotoksi\u0105\u017ck\u0119"}]},{"@type":"WebSite","@id":"https:\/\/www.empikfoto.pl\/blog\/#website","url":"https:\/\/www.empikfoto.pl\/blog\/","name":"blog.empikfoto.pl","description":"Poznaj empikfoto.pl od \u015brodka! Dowiedz si\u0119 wi\u0119cej o odbitkach, fotoksi\u0105\u017ckach i fotografii.","potentialAction":[{"@type":"SearchAction","target":{"@type":"EntryPoint","urlTemplate":"https:\/\/www.empikfoto.pl\/blog\/?s={search_term_string}"},"query-input":{"@type":"PropertyValueSpecification","valueRequired":true,"valueName":"search_term_string"}}],"inLanguage":"pl-PL"},{"@type":"Person","@id":"https:\/\/www.empikfoto.pl\/blog\/#\/schema\/person\/0313802ca5dac502e3266853c59632c0","name":"Patrycja","image":{"@type":"ImageObject","inLanguage":"pl-PL","@id":"https:\/\/secure.gravatar.com\/avatar\/f25168e12215ad42f58e5fb72881daaeb57bd4f907081046016f64bf167db59f?s=96&d=identicon&r=g","url":"https:\/\/secure.gravatar.com\/avatar\/f25168e12215ad42f58e5fb72881daaeb57bd4f907081046016f64bf167db59f?s=96&d=identicon&r=g","contentUrl":"https:\/\/secure.gravatar.com\/avatar\/f25168e12215ad42f58e5fb72881daaeb57bd4f907081046016f64bf167db59f?s=96&d=identicon&r=g","caption":"Patrycja"},"url":"https:\/\/www.empikfoto.pl\/blog\/author\/patrycja\/"}]}},"amp_enabled":true,"_links":{"self":[{"href":"https:\/\/www.empikfoto.pl\/blog\/wp-json\/wp\/v2\/posts\/10673","targetHints":{"allow":["GET"]}}],"collection":[{"href":"https:\/\/www.empikfoto.pl\/blog\/wp-json\/wp\/v2\/posts"}],"about":[{"href":"https:\/\/www.empikfoto.pl\/blog\/wp-json\/wp\/v2\/types\/post"}],"author":[{"embeddable":true,"href":"https:\/\/www.empikfoto.pl\/blog\/wp-json\/wp\/v2\/users\/16"}],"replies":[{"embeddable":true,"href":"https:\/\/www.empikfoto.pl\/blog\/wp-json\/wp\/v2\/comments?post=10673"}],"version-history":[{"count":2,"href":"https:\/\/www.empikfoto.pl\/blog\/wp-json\/wp\/v2\/posts\/10673\/revisions"}],"predecessor-version":[{"id":11198,"href":"https:\/\/www.empikfoto.pl\/blog\/wp-json\/wp\/v2\/posts\/10673\/revisions\/11198"}],"wp:featuredmedia":[{"embeddable":true,"href":"https:\/\/www.empikfoto.pl\/blog\/wp-json\/wp\/v2\/media\/10448"}],"wp:attachment":[{"href":"https:\/\/www.empikfoto.pl\/blog\/wp-json\/wp\/v2\/media?parent=10673"}],"wp:term":[{"taxonomy":"category","embeddable":true,"href":"https:\/\/www.empikfoto.pl\/blog\/wp-json\/wp\/v2\/categories?post=10673"},{"taxonomy":"post_tag","embeddable":true,"href":"https:\/\/www.empikfoto.pl\/blog\/wp-json\/wp\/v2\/tags?post=10673"}],"curies":[{"name":"wp","href":"https:\/\/api.w.org\/{rel}","templated":true}]}}