{"id":10729,"date":"2023-11-27T07:52:57","date_gmt":"2023-11-27T06:52:57","guid":{"rendered":"https:\/\/blog.empikfoto.pl\/?p=10729"},"modified":"2023-11-30T10:20:21","modified_gmt":"2023-11-30T09:20:21","slug":"adresowanie-kartki-jak-to-zrobic","status":"publish","type":"post","link":"https:\/\/www.empikfoto.pl\/blog\/adresowanie-kartki-jak-to-zrobic\/","title":{"rendered":"Adresowanie kartki \u015bwi\u0105tecznej &#8211; jak nale\u017cy zrobi\u0107 to w\u0142a\u015bciwie?"},"content":{"rendered":"<p><strong>Wysy\u0142anie kartek \u015bwi\u0105tecznych to wa\u017cna tradycja dla wielu rodzin. \u0141atwiej jednak powiedzie\u0107 ni\u017c zrobi\u0107, je\u015bli wi\u0119c zastanawiasz si\u0119, w jaki spos\u00f3b podej\u015b\u0107 do tematu przygotowania i adresowania kartek \u015bwi\u0105tecznych, mamy co\u015b dla Ciebie. Adresowanie kartki \u015bwi\u0105tecznej &#8211; jak nale\u017cy zrobi\u0107 to w\u0142a\u015bciwie?<\/strong><\/p>\n<p><!--more--><\/p>\n<h2><strong>Kartki \u015bwi\u0105teczne i sezonowe artyku\u0142y papiernicze<\/strong><\/h2>\n<p>W procesie wysy\u0142ania <strong><a href=\"https:\/\/www.empikfoto.pl\/fotokartki-swiateczne\">kartek \u015bwi\u0105tecznych<\/a> <\/strong>ostatnim krokiem jest ich zaadresowanie. Niezale\u017cnie od tego, czy wysy\u0142asz kartki do wsp\u00f3\u0142pracownik\u00f3w czy te\u017c do najbli\u017cszych, istniej\u0105 proste zasady i wskaz\u00f3wki, kt\u00f3rych warto przestrzega\u0107. Dzi\u0119ki nim b\u0119dziesz mie\u0107 pewno\u015b\u0107, \u017ce \u017cyczenia \u015bwi\u0105teczne bezpiecznie dotr\u0105 do celu. Zacznij od naszego przewodnika poni\u017cej.<\/p>\n<div id=\"attachment_13227\" style=\"width: 1034px\" class=\"wp-caption aligncenter\"><a href=\"https:\/\/www.empikfoto.pl\/fotokartki,kolekcja-dziadek-do-orzechow\"><img loading=\"lazy\" decoding=\"async\" aria-describedby=\"caption-attachment-13227\" class=\"wp-image-13227 size-large\" title=\"adresowanie kartki\" src=\"https:\/\/www.empikfoto.pl\/blog\/empikfoto\/2022\/11\/DSC0864-Edytuj-1024x614.jpg\" alt=\"adresowanie kartki\" width=\"1024\" height=\"614\" srcset=\"https:\/\/www.empikfoto.pl\/blog\/empikfoto\/2022\/11\/DSC0864-Edytuj-1024x614.jpg 1024w, https:\/\/www.empikfoto.pl\/blog\/empikfoto\/2022\/11\/DSC0864-Edytuj-300x180.jpg 300w, https:\/\/www.empikfoto.pl\/blog\/empikfoto\/2022\/11\/DSC0864-Edytuj-768x461.jpg 768w, https:\/\/www.empikfoto.pl\/blog\/empikfoto\/2022\/11\/DSC0864-Edytuj-1536x922.jpg 1536w, https:\/\/www.empikfoto.pl\/blog\/empikfoto\/2022\/11\/DSC0864-Edytuj-2048x1229.jpg 2048w, https:\/\/www.empikfoto.pl\/blog\/empikfoto\/2022\/11\/DSC0864-Edytuj-400x240.jpg 400w\" sizes=\"auto, (max-width: 1024px) 100vw, 1024px\" \/><\/a><p id=\"caption-attachment-13227\" class=\"wp-caption-text\"><a href=\"https:\/\/www.empikfoto.pl\/fotokartki,kolekcja-dziadek-do-orzechow\"><strong>Fotokartka Kolekcja Dziadek do Orzech\u00f3w, 14&#215;14 cm<\/strong><\/a> &#8211; Wys\u0142anie kartki \u015bwi\u0105tecznej to drobny gest, kt\u00f3ry ucieszy blisk\u0105 osob\u0119, kt\u00f3ra j\u0105 otrzyma. Sprawd\u017a nasze sposoby na kreatywne adresowanie kartki.<\/p><\/div>\n<h2><strong>Krok po kroku: jak zaadresowa\u0107 kartk\u0119 \u015bwi\u0105teczn\u0105?<\/strong><\/h2>\n<p>Adresowanie kartki \u015bwi\u0105tecznej jest wa\u017cnym krokiem. Spos\u00f3b, w jaki zwracasz si\u0119 do odbiorcy, mo\u017ce mie\u0107 wp\u0142yw na to, jak adresat przyjmie Twoje \u017cyczenia. Post\u0119puj zgodnie z poni\u017cszymi krokami i zasadami, aby unikn\u0105\u0107 niepo\u017c\u0105danych reakcji.<\/p>\n<ul>\n<li><strong>U\u017cywaj zwrot\u00f3w grzeczno\u015bciowych<\/strong>. Je\u015bli wysy\u0142asz kartki \u015bwi\u0105teczne do osoby, z kt\u00f3r\u0105 nie jeste\u015b bardzo blisko, adresuj\u0105c kopert\u0119, u\u017cyj oficjalnych tytu\u0142\u00f3w, takich jak \u201eSzanowny Pan \/ Szanowna Pani\u201d lub skr\u00f3tu \u201eSz. P.\u201d.<\/li>\n<li>Je\u015bli wysy\u0142asz kartk\u0119 do ma\u0142\u017ce\u0144stwa, u\u017cyj tradycyjnego: \u201ePa\u0144stwo Kowalscy\u201d lub wymie\u0144 r\u00f3wnie\u017c ich imiona.<\/li>\n<li>Zwrot do niezam\u0119\u017cnej pary mieszkaj\u0105cej razem: zwr\u00f3\u0107 si\u0119 \u0142\u0105cz\u0105c ich imiona z \u201ei\u201d, na przyk\u0142ad \u201ePani Anna Nowak i Pan Jan Kowalski\u201d.<\/li>\n<li>Zwroty do rodziny: u\u017cyj nazwiska, aby zaadresowa\u0107 swoj\u0105 kartk\u0119 \u015bwi\u0105teczn\u0105, je\u015bli jest przeznaczona dla ca\u0142ej rodziny, np. \u201eRodzina Kowalskich\u201d.<\/li>\n<li>Pami\u0119taj o tytu\u0142ach profesji. Zawsze u\u017cywaj tytu\u0142\u00f3w zawodowych, adresuj\u0105c kartk\u0119 np. do lekarzy, duchownych czy wybranych urz\u0119dnik\u00f3w.<\/li>\n<li>U\u017cywaj nieformalnych tytu\u0142\u00f3w tylko wobec bliskich przyjaci\u00f3\u0142 i bliskich. Je\u015bli wysy\u0142asz kartk\u0119 \u015bwi\u0105teczn\u0105 do osoby, z kt\u00f3r\u0105 jeste\u015b bardzo blisko, mo\u017cesz pomin\u0105\u0107 tytu\u0142 i po prostu napisa\u0107 \u201eJan Kowalski\u201d lub \u201eAnna Nowak\u201d podczas adresowania kartki.<\/li>\n<li>Wysy\u0142aj\u0105c firmowe kartki \u015bwi\u0105teczne, u\u017cyj adresu biura firmy. Je\u015bli wysy\u0142asz kartki \u015bwi\u0105teczne do firmy lub wsp\u00f3\u0142pracownika, zawsze wysy\u0142aj je na g\u0142\u00f3wny adres biura.<\/li>\n<li>Nie u\u017cywaj skr\u00f3t\u00f3w. Bezpieczniej b\u0119dzie rozwin\u0105\u0107 skr\u00f3ty \u201ePl.\u201d czy \u201eAl.\u201d do \u201ePlac\u201d lub \u201eAleja\u201d.<\/li>\n<\/ul>\n<div id=\"attachment_13229\" style=\"width: 1034px\" class=\"wp-caption aligncenter\"><a href=\"https:\/\/www.empikfoto.pl\/fotokartki,kolekcja-pana-ciastka\"><img loading=\"lazy\" decoding=\"async\" aria-describedby=\"caption-attachment-13229\" class=\"wp-image-13229 size-large\" src=\"https:\/\/www.empikfoto.pl\/blog\/empikfoto\/2022\/11\/DSC0917-1024x614.jpg\" alt=\"adresowanie kartki\" width=\"1024\" height=\"614\" srcset=\"https:\/\/www.empikfoto.pl\/blog\/empikfoto\/2022\/11\/DSC0917-1024x614.jpg 1024w, https:\/\/www.empikfoto.pl\/blog\/empikfoto\/2022\/11\/DSC0917-300x180.jpg 300w, https:\/\/www.empikfoto.pl\/blog\/empikfoto\/2022\/11\/DSC0917-768x461.jpg 768w, https:\/\/www.empikfoto.pl\/blog\/empikfoto\/2022\/11\/DSC0917-1536x922.jpg 1536w, https:\/\/www.empikfoto.pl\/blog\/empikfoto\/2022\/11\/DSC0917-2048x1229.jpg 2048w, https:\/\/www.empikfoto.pl\/blog\/empikfoto\/2022\/11\/DSC0917-400x240.jpg 400w\" sizes=\"auto, (max-width: 1024px) 100vw, 1024px\" \/><\/a><p id=\"caption-attachment-13229\" class=\"wp-caption-text\"><a href=\"https:\/\/www.empikfoto.pl\/fotokartki,kolekcja-pana-ciastka\"><strong>Fotokartka Kolekcja Pana Ciastka, 14&#215;14 cm<\/strong><\/a> &#8211; Adresowanie kartki \u015bwi\u0105tecznej w wyj\u0105tkowy spos\u00f3b dodatkowo zaskoczy odbiorc\u0119 Twoich \u017cycze\u0144.<\/p><\/div>\n<h2><strong>Kreatywne sposoby na adresowanie kartki i koperty<\/strong><\/h2>\n<p>Kiedy ju\u017c ustalisz, jak zaadresowa\u0107 kartk\u0119 \u015bwi\u0105teczn\u0105, mo\u017cesz zacz\u0105\u0107 planowa\u0107 <strong>wygl\u0105d kopert<\/strong>. To zabawny i inspiruj\u0105cy proces, do kt\u00f3rego warto zaprosi\u0107 przyjaci\u00f3\u0142 lub cz\u0142onk\u00f3w rodziny. Stwarzasz dzi\u0119ki temu szans\u0119 na wsp\u00f3lne sp\u0119dzenie czasu i wykazanie si\u0119 kreatywno\u015bci\u0105. O czym nale\u017cy pami\u0119ta\u0107?<\/p>\n<h3><strong>Znajd\u017a idealny d\u0142ugopis lub pi\u00f3ro<\/strong><\/h3>\n<p>Je\u015bli planujesz zastosowa\u0107 profesjonaln\u0105 kaligrafi\u0119 lub pismo odr\u0119czne do adresowania kartek \u015bwi\u0105tecznych lub kopert, <strong>u\u017cyj pi\u00f3ra wiecznego z wk\u0142adem atramentowym<\/strong> lub innego przyrz\u0105du do pisania, kt\u00f3ry uznasz za najbardziej wygodny i odpowiedni. Wprowad\u017a urozmaicenie, u\u017cywaj\u0105c kolorowych kopert, aby wyr\u00f3\u017cni\u0107 swoj\u0105 kartk\u0119! Popularne kolory kopert w okresie \u015bwi\u0105tecznym to postarzane z\u0142oto, biel, czerwie\u0144 i ziele\u0144. Spr\u00f3buj dopasowa\u0107 kopert\u0119 do wzoru kartki.<\/p>\n<h3><strong>Eksperymentuj z kaligrafi\u0105<\/strong><\/h3>\n<p>\u015awi\u0119ta to idealny czas, aby spr\u00f3bowa\u0107 swoich si\u0142 w kaligrafii. U\u017cyj flamastra, aby zacz\u0105\u0107 \u0107wiczy\u0107 z wyprzedzeniem, a nast\u0119pnie zamie\u0144 go na pi\u00f3ro wieczne i zacznij adresowa\u0107 koperty. U\u017cyj czarnego lub bia\u0142ego atramentu, aby dopasowa\u0107 go do koloru koperty.<\/p>\n<div id=\"attachment_11051\" style=\"width: 1290px\" class=\"wp-caption aligncenter\"><img loading=\"lazy\" decoding=\"async\" aria-describedby=\"caption-attachment-11051\" class=\"wp-image-11051 size-full\" src=\"https:\/\/www.empikfoto.pl\/blog\/empikfoto\/2020\/11\/pexels-jonathan-borba-3358727-1.jpg\" alt=\"W\u0142asnor\u0119cznie przygotowane kartki \u015bwi\u0105teczne\" width=\"1280\" height=\"853\" srcset=\"https:\/\/www.empikfoto.pl\/blog\/empikfoto\/2020\/11\/pexels-jonathan-borba-3358727-1.jpg 1280w, https:\/\/www.empikfoto.pl\/blog\/empikfoto\/2020\/11\/pexels-jonathan-borba-3358727-1-300x200.jpg 300w, https:\/\/www.empikfoto.pl\/blog\/empikfoto\/2020\/11\/pexels-jonathan-borba-3358727-1-1024x682.jpg 1024w, https:\/\/www.empikfoto.pl\/blog\/empikfoto\/2020\/11\/pexels-jonathan-borba-3358727-1-768x512.jpg 768w, https:\/\/www.empikfoto.pl\/blog\/empikfoto\/2020\/11\/pexels-jonathan-borba-3358727-1-330x220.jpg 330w, https:\/\/www.empikfoto.pl\/blog\/empikfoto\/2020\/11\/pexels-jonathan-borba-3358727-1-400x267.jpg 400w\" sizes=\"auto, (max-width: 1280px) 100vw, 1280px\" \/><p id=\"caption-attachment-11051\" class=\"wp-caption-text\">W\u0142asnor\u0119czne przygotowanie kartek \u015bwi\u0105tecznych to \u015bwietna zabawa, kt\u00f3rej efekty zaskocz\u0105 obdarowanych bliskich.<\/p><\/div>\n<h3><strong>Postaw na etykiety z adresem<\/strong><\/h3>\n<p>Zaoszcz\u0119d\u017a troch\u0119 czasu, korzystaj\u0105c z <strong>oryginalnych etykiet adresowych<\/strong>, kt\u00f3re pasuj\u0105 do Twojej kartki \u015bwi\u0105tecznej. \u015awi\u0105teczne etykiety z adresami dodadz\u0105 charakteru i uroku Twojej kartce, jednocze\u015bnie pe\u0142ni\u0105c funkcj\u0119 praktyczn\u0105.<\/p>\n<h3><strong>Niestandardowa wysy\u0142ka<\/strong><\/h3>\n<p>Je\u015bli chcesz jeszcze bardziej upi\u0119kszy\u0107 sw\u00f3j list z \u017cyczeniami, <strong>u\u017cyj \u015bwi\u0105tecznych znaczk\u00f3w pocztowych<\/strong>, kt\u00f3re pasuj\u0105 do etykiet adresowych i kartek.<\/p>\n<div id=\"attachment_13232\" style=\"width: 1034px\" class=\"wp-caption aligncenter\"><a href=\"https:\/\/www.empikfoto.pl\/fotokartki,kolekcja-zimowa-kraina\"><img loading=\"lazy\" decoding=\"async\" aria-describedby=\"caption-attachment-13232\" class=\"wp-image-13232 size-large\" src=\"https:\/\/www.empikfoto.pl\/blog\/empikfoto\/2022\/11\/DSC0890-1024x614.jpg\" alt=\"adresowanie kartki\" width=\"1024\" height=\"614\" srcset=\"https:\/\/www.empikfoto.pl\/blog\/empikfoto\/2022\/11\/DSC0890-1024x614.jpg 1024w, https:\/\/www.empikfoto.pl\/blog\/empikfoto\/2022\/11\/DSC0890-300x180.jpg 300w, https:\/\/www.empikfoto.pl\/blog\/empikfoto\/2022\/11\/DSC0890-768x461.jpg 768w, https:\/\/www.empikfoto.pl\/blog\/empikfoto\/2022\/11\/DSC0890-1536x922.jpg 1536w, https:\/\/www.empikfoto.pl\/blog\/empikfoto\/2022\/11\/DSC0890-2048x1229.jpg 2048w, https:\/\/www.empikfoto.pl\/blog\/empikfoto\/2022\/11\/DSC0890-400x240.jpg 400w\" sizes=\"auto, (max-width: 1024px) 100vw, 1024px\" \/><\/a><p id=\"caption-attachment-13232\" class=\"wp-caption-text\"><a href=\"https:\/\/www.empikfoto.pl\/fotokartki,kolekcja-zimowa-kraina\"><strong>Fotokartka Kolekcja Zimowa Kraina, 14&#215;14 cm<\/strong><\/a> &#8211; Je\u017celi nie jeste\u015b fanem r\u0119cznego tworzenia kartek \u015bwi\u0105tecznych, sprawd\u017a najnowsze kolekcje Empik Foto przygotowane z my\u015bl\u0105 o Tobie i Twoich najbli\u017cszych.<\/p><\/div>\n<h2><strong>Podsumowanie<\/strong><\/h2>\n<p>Wysy\u0142anie kartek \u015bwi\u0105tecznych mo\u017ce by\u0107 relaksuj\u0105c\u0105 czynno\u015bci\u0105, je\u015bli zastosujesz powy\u017csze wskaz\u00f3wki, aby upro\u015bci\u0107 ten proces. Po\u015bwi\u0119\u0107 troch\u0119 czasu, aby dobra\u0107 w\u0142a\u015bciwe s\u0142owa, pami\u0119taj\u0105c, aby nada\u0107 swoim kartkom niestandardowy wygl\u0105d, kt\u00f3ry b\u0119dzie odzwierciedla\u0142 Twoj\u0105 \u015bwi\u0105teczn\u0105 rado\u015b\u0107. Zaskocz swoich bliskich tym drobnym <strong><a href=\"https:\/\/www.empikfoto.pl\/prezenty-swiateczne\">prezentem \u015bwi\u0105tecznym<\/a><\/strong> wype\u0142nionym \u017cyczeniami.<\/p>\n","protected":false},"excerpt":{"rendered":"<p>Wysy\u0142anie kartek \u015bwi\u0105tecznych to wa\u017cna tradycja dla wielu rodzin. \u0141atwiej jednak powiedzie\u0107 ni\u017c zrobi\u0107, je\u015bli wi\u0119c zastanawiasz si\u0119, w jaki spos\u00f3b podej\u015b\u0107 do tematu przygotowania i adresowania kartek \u015bwi\u0105tecznych, mamy co\u015b dla Ciebie. Adresowanie kartki \u015bwi\u0105tecznej &#8211; jak nale\u017cy zrobi\u0107 to w\u0142a\u015bciwie?<\/p>\n","protected":false},"author":16,"featured_media":13043,"comment_status":"closed","ping_status":"closed","sticky":true,"template":"","format":"standard","meta":{"footnotes":""},"categories":[750,783],"tags":[1069,1112,1078,1068],"class_list":["post-10729","post","type-post","status-publish","format-standard","has-post-thumbnail","hentry","category-poradnik-2","category-poradniki","tag-boze-narodzenie","tag-fotokartka-z-zyczeniami","tag-kartki-ze-zdjeciem","tag-swieta"],"yoast_head":"<!-- This site is optimized with the Yoast SEO plugin v27.4 - https:\/\/yoast.com\/product\/yoast-seo-wordpress\/ -->\n<title>Adresowanie kartki - jak zrobi\u0107 to w\u0142a\u015bciwie? | Empik Foto<\/title>\n<meta name=\"description\" content=\"Poznaj przygotowane przez nas wskaz\u00f3wki, jak zaadresowa\u0107 kartk\u0119 \u015bwi\u0105teczn\u0105. Jakie s\u0105 najwa\u017cniejsze elementy przy adresowaniu kartki?\" \/>\n<meta name=\"robots\" content=\"index, follow, max-snippet:-1, max-image-preview:large, max-video-preview:-1\" \/>\n<link rel=\"canonical\" href=\"https:\/\/www.empikfoto.pl\/blog\/adresowanie-kartki-jak-to-zrobic\/\" \/>\n<meta property=\"og:locale\" content=\"pl_PL\" \/>\n<meta property=\"og:type\" content=\"article\" \/>\n<meta property=\"og:title\" content=\"Adresowanie kartki - jak zrobi\u0107 to w\u0142a\u015bciwie? | Empik Foto\" \/>\n<meta property=\"og:description\" content=\"Poznaj przygotowane przez nas wskaz\u00f3wki, jak zaadresowa\u0107 kartk\u0119 \u015bwi\u0105teczn\u0105. Jakie s\u0105 najwa\u017cniejsze elementy przy adresowaniu kartki?\" \/>\n<meta property=\"og:url\" content=\"https:\/\/www.empikfoto.pl\/blog\/adresowanie-kartki-jak-to-zrobic\/\" \/>\n<meta property=\"og:site_name\" content=\"blog.empikfoto.pl\" \/>\n<meta property=\"article:publisher\" content=\"https:\/\/www.facebook.com\/empikfotopl\/\" \/>\n<meta property=\"article:published_time\" content=\"2023-11-27T06:52:57+00:00\" \/>\n<meta property=\"article:modified_time\" content=\"2023-11-30T09:20:21+00:00\" \/>\n<meta property=\"og:image\" content=\"https:\/\/www.empikfoto.pl\/blog\/empikfoto\/2022\/11\/adresowanie-kartki.jpg\" \/>\n\t<meta property=\"og:image:width\" content=\"750\" \/>\n\t<meta property=\"og:image:height\" content=\"375\" \/>\n\t<meta property=\"og:image:type\" content=\"image\/jpeg\" \/>\n<meta name=\"author\" content=\"Patrycja\" \/>\n<meta name=\"twitter:card\" content=\"summary_large_image\" \/>\n<meta name=\"twitter:creator\" content=\"@empikfoto\" \/>\n<meta name=\"twitter:site\" content=\"@empikfoto\" \/>\n<meta name=\"twitter:label1\" content=\"Napisane przez\" \/>\n\t<meta name=\"twitter:data1\" content=\"Patrycja\" \/>\n\t<meta name=\"twitter:label2\" content=\"Szacowany czas czytania\" \/>\n\t<meta name=\"twitter:data2\" content=\"5 minut\" \/>\n<script type=\"application\/ld+json\" class=\"yoast-schema-graph\">{\"@context\":\"https:\\\/\\\/schema.org\",\"@graph\":[{\"@type\":\"Article\",\"@id\":\"https:\\\/\\\/www.empikfoto.pl\\\/blog\\\/adresowanie-kartki-jak-to-zrobic\\\/#article\",\"isPartOf\":{\"@id\":\"https:\\\/\\\/www.empikfoto.pl\\\/blog\\\/adresowanie-kartki-jak-to-zrobic\\\/\"},\"author\":{\"name\":\"Patrycja\",\"@id\":\"https:\\\/\\\/www.empikfoto.pl\\\/blog\\\/#\\\/schema\\\/person\\\/0313802ca5dac502e3266853c59632c0\"},\"headline\":\"Adresowanie kartki \u015bwi\u0105tecznej &#8211; jak nale\u017cy zrobi\u0107 to w\u0142a\u015bciwie?\",\"datePublished\":\"2023-11-27T06:52:57+00:00\",\"dateModified\":\"2023-11-30T09:20:21+00:00\",\"mainEntityOfPage\":{\"@id\":\"https:\\\/\\\/www.empikfoto.pl\\\/blog\\\/adresowanie-kartki-jak-to-zrobic\\\/\"},\"wordCount\":872,\"image\":{\"@id\":\"https:\\\/\\\/www.empikfoto.pl\\\/blog\\\/adresowanie-kartki-jak-to-zrobic\\\/#primaryimage\"},\"thumbnailUrl\":\"https:\\\/\\\/www.empikfoto.pl\\\/blog\\\/empikfoto\\\/2022\\\/11\\\/adresowanie-kartki.jpg\",\"keywords\":[\"bo\u017ce narodzenie\",\"fotokartka z \u017cyczeniami\",\"kartki ze zdj\u0119ciem\",\"\u015bwi\u0119ta\"],\"articleSection\":[\"Poradnik\",\"PORADNIKI\"],\"inLanguage\":\"pl-PL\"},{\"@type\":\"WebPage\",\"@id\":\"https:\\\/\\\/www.empikfoto.pl\\\/blog\\\/adresowanie-kartki-jak-to-zrobic\\\/\",\"url\":\"https:\\\/\\\/www.empikfoto.pl\\\/blog\\\/adresowanie-kartki-jak-to-zrobic\\\/\",\"name\":\"Adresowanie kartki - jak zrobi\u0107 to w\u0142a\u015bciwie? | Empik Foto\",\"isPartOf\":{\"@id\":\"https:\\\/\\\/www.empikfoto.pl\\\/blog\\\/#website\"},\"primaryImageOfPage\":{\"@id\":\"https:\\\/\\\/www.empikfoto.pl\\\/blog\\\/adresowanie-kartki-jak-to-zrobic\\\/#primaryimage\"},\"image\":{\"@id\":\"https:\\\/\\\/www.empikfoto.pl\\\/blog\\\/adresowanie-kartki-jak-to-zrobic\\\/#primaryimage\"},\"thumbnailUrl\":\"https:\\\/\\\/www.empikfoto.pl\\\/blog\\\/empikfoto\\\/2022\\\/11\\\/adresowanie-kartki.jpg\",\"datePublished\":\"2023-11-27T06:52:57+00:00\",\"dateModified\":\"2023-11-30T09:20:21+00:00\",\"author\":{\"@id\":\"https:\\\/\\\/www.empikfoto.pl\\\/blog\\\/#\\\/schema\\\/person\\\/0313802ca5dac502e3266853c59632c0\"},\"description\":\"Poznaj przygotowane przez nas wskaz\u00f3wki, jak zaadresowa\u0107 kartk\u0119 \u015bwi\u0105teczn\u0105. Jakie s\u0105 najwa\u017cniejsze elementy przy adresowaniu kartki?\",\"breadcrumb\":{\"@id\":\"https:\\\/\\\/www.empikfoto.pl\\\/blog\\\/adresowanie-kartki-jak-to-zrobic\\\/#breadcrumb\"},\"inLanguage\":\"pl-PL\",\"potentialAction\":[{\"@type\":\"ReadAction\",\"target\":[\"https:\\\/\\\/www.empikfoto.pl\\\/blog\\\/adresowanie-kartki-jak-to-zrobic\\\/\"]}]},{\"@type\":\"ImageObject\",\"inLanguage\":\"pl-PL\",\"@id\":\"https:\\\/\\\/www.empikfoto.pl\\\/blog\\\/adresowanie-kartki-jak-to-zrobic\\\/#primaryimage\",\"url\":\"https:\\\/\\\/www.empikfoto.pl\\\/blog\\\/empikfoto\\\/2022\\\/11\\\/adresowanie-kartki.jpg\",\"contentUrl\":\"https:\\\/\\\/www.empikfoto.pl\\\/blog\\\/empikfoto\\\/2022\\\/11\\\/adresowanie-kartki.jpg\",\"width\":750,\"height\":375,\"caption\":\"adresowanie kartki\"},{\"@type\":\"BreadcrumbList\",\"@id\":\"https:\\\/\\\/www.empikfoto.pl\\\/blog\\\/adresowanie-kartki-jak-to-zrobic\\\/#breadcrumb\",\"itemListElement\":[{\"@type\":\"ListItem\",\"position\":1,\"name\":\"Strona g\u0142\u00f3wna\",\"item\":\"https:\\\/\\\/www.empikfoto.pl\\\/blog\\\/\"},{\"@type\":\"ListItem\",\"position\":2,\"name\":\"Adresowanie kartki \u015bwi\u0105tecznej &#8211; jak nale\u017cy zrobi\u0107 to w\u0142a\u015bciwie?\"}]},{\"@type\":\"WebSite\",\"@id\":\"https:\\\/\\\/www.empikfoto.pl\\\/blog\\\/#website\",\"url\":\"https:\\\/\\\/www.empikfoto.pl\\\/blog\\\/\",\"name\":\"blog.empikfoto.pl\",\"description\":\"Poznaj empikfoto.pl od \u015brodka! Dowiedz si\u0119 wi\u0119cej o odbitkach, fotoksi\u0105\u017ckach i fotografii.\",\"potentialAction\":[{\"@type\":\"SearchAction\",\"target\":{\"@type\":\"EntryPoint\",\"urlTemplate\":\"https:\\\/\\\/www.empikfoto.pl\\\/blog\\\/?s={search_term_string}\"},\"query-input\":{\"@type\":\"PropertyValueSpecification\",\"valueRequired\":true,\"valueName\":\"search_term_string\"}}],\"inLanguage\":\"pl-PL\"},{\"@type\":\"Person\",\"@id\":\"https:\\\/\\\/www.empikfoto.pl\\\/blog\\\/#\\\/schema\\\/person\\\/0313802ca5dac502e3266853c59632c0\",\"name\":\"Patrycja\",\"image\":{\"@type\":\"ImageObject\",\"inLanguage\":\"pl-PL\",\"@id\":\"https:\\\/\\\/secure.gravatar.com\\\/avatar\\\/f25168e12215ad42f58e5fb72881daaeb57bd4f907081046016f64bf167db59f?s=96&d=identicon&r=g\",\"url\":\"https:\\\/\\\/secure.gravatar.com\\\/avatar\\\/f25168e12215ad42f58e5fb72881daaeb57bd4f907081046016f64bf167db59f?s=96&d=identicon&r=g\",\"contentUrl\":\"https:\\\/\\\/secure.gravatar.com\\\/avatar\\\/f25168e12215ad42f58e5fb72881daaeb57bd4f907081046016f64bf167db59f?s=96&d=identicon&r=g\",\"caption\":\"Patrycja\"},\"url\":\"https:\\\/\\\/www.empikfoto.pl\\\/blog\\\/author\\\/patrycja\\\/\"}]}<\/script>\n<!-- \/ Yoast SEO plugin. -->","yoast_head_json":{"title":"Adresowanie kartki - jak zrobi\u0107 to w\u0142a\u015bciwie? | Empik Foto","description":"Poznaj przygotowane przez nas wskaz\u00f3wki, jak zaadresowa\u0107 kartk\u0119 \u015bwi\u0105teczn\u0105. Jakie s\u0105 najwa\u017cniejsze elementy przy adresowaniu kartki?","robots":{"index":"index","follow":"follow","max-snippet":"max-snippet:-1","max-image-preview":"max-image-preview:large","max-video-preview":"max-video-preview:-1"},"canonical":"https:\/\/www.empikfoto.pl\/blog\/adresowanie-kartki-jak-to-zrobic\/","og_locale":"pl_PL","og_type":"article","og_title":"Adresowanie kartki - jak zrobi\u0107 to w\u0142a\u015bciwie? | Empik Foto","og_description":"Poznaj przygotowane przez nas wskaz\u00f3wki, jak zaadresowa\u0107 kartk\u0119 \u015bwi\u0105teczn\u0105. Jakie s\u0105 najwa\u017cniejsze elementy przy adresowaniu kartki?","og_url":"https:\/\/www.empikfoto.pl\/blog\/adresowanie-kartki-jak-to-zrobic\/","og_site_name":"blog.empikfoto.pl","article_publisher":"https:\/\/www.facebook.com\/empikfotopl\/","article_published_time":"2023-11-27T06:52:57+00:00","article_modified_time":"2023-11-30T09:20:21+00:00","og_image":[{"width":750,"height":375,"url":"https:\/\/www.empikfoto.pl\/blog\/empikfoto\/2022\/11\/adresowanie-kartki.jpg","type":"image\/jpeg"}],"author":"Patrycja","twitter_card":"summary_large_image","twitter_creator":"@empikfoto","twitter_site":"@empikfoto","twitter_misc":{"Napisane przez":"Patrycja","Szacowany czas czytania":"5 minut"},"schema":{"@context":"https:\/\/schema.org","@graph":[{"@type":"Article","@id":"https:\/\/www.empikfoto.pl\/blog\/adresowanie-kartki-jak-to-zrobic\/#article","isPartOf":{"@id":"https:\/\/www.empikfoto.pl\/blog\/adresowanie-kartki-jak-to-zrobic\/"},"author":{"name":"Patrycja","@id":"https:\/\/www.empikfoto.pl\/blog\/#\/schema\/person\/0313802ca5dac502e3266853c59632c0"},"headline":"Adresowanie kartki \u015bwi\u0105tecznej &#8211; jak nale\u017cy zrobi\u0107 to w\u0142a\u015bciwie?","datePublished":"2023-11-27T06:52:57+00:00","dateModified":"2023-11-30T09:20:21+00:00","mainEntityOfPage":{"@id":"https:\/\/www.empikfoto.pl\/blog\/adresowanie-kartki-jak-to-zrobic\/"},"wordCount":872,"image":{"@id":"https:\/\/www.empikfoto.pl\/blog\/adresowanie-kartki-jak-to-zrobic\/#primaryimage"},"thumbnailUrl":"https:\/\/www.empikfoto.pl\/blog\/empikfoto\/2022\/11\/adresowanie-kartki.jpg","keywords":["bo\u017ce narodzenie","fotokartka z \u017cyczeniami","kartki ze zdj\u0119ciem","\u015bwi\u0119ta"],"articleSection":["Poradnik","PORADNIKI"],"inLanguage":"pl-PL"},{"@type":"WebPage","@id":"https:\/\/www.empikfoto.pl\/blog\/adresowanie-kartki-jak-to-zrobic\/","url":"https:\/\/www.empikfoto.pl\/blog\/adresowanie-kartki-jak-to-zrobic\/","name":"Adresowanie kartki - jak zrobi\u0107 to w\u0142a\u015bciwie? | Empik Foto","isPartOf":{"@id":"https:\/\/www.empikfoto.pl\/blog\/#website"},"primaryImageOfPage":{"@id":"https:\/\/www.empikfoto.pl\/blog\/adresowanie-kartki-jak-to-zrobic\/#primaryimage"},"image":{"@id":"https:\/\/www.empikfoto.pl\/blog\/adresowanie-kartki-jak-to-zrobic\/#primaryimage"},"thumbnailUrl":"https:\/\/www.empikfoto.pl\/blog\/empikfoto\/2022\/11\/adresowanie-kartki.jpg","datePublished":"2023-11-27T06:52:57+00:00","dateModified":"2023-11-30T09:20:21+00:00","author":{"@id":"https:\/\/www.empikfoto.pl\/blog\/#\/schema\/person\/0313802ca5dac502e3266853c59632c0"},"description":"Poznaj przygotowane przez nas wskaz\u00f3wki, jak zaadresowa\u0107 kartk\u0119 \u015bwi\u0105teczn\u0105. Jakie s\u0105 najwa\u017cniejsze elementy przy adresowaniu kartki?","breadcrumb":{"@id":"https:\/\/www.empikfoto.pl\/blog\/adresowanie-kartki-jak-to-zrobic\/#breadcrumb"},"inLanguage":"pl-PL","potentialAction":[{"@type":"ReadAction","target":["https:\/\/www.empikfoto.pl\/blog\/adresowanie-kartki-jak-to-zrobic\/"]}]},{"@type":"ImageObject","inLanguage":"pl-PL","@id":"https:\/\/www.empikfoto.pl\/blog\/adresowanie-kartki-jak-to-zrobic\/#primaryimage","url":"https:\/\/www.empikfoto.pl\/blog\/empikfoto\/2022\/11\/adresowanie-kartki.jpg","contentUrl":"https:\/\/www.empikfoto.pl\/blog\/empikfoto\/2022\/11\/adresowanie-kartki.jpg","width":750,"height":375,"caption":"adresowanie kartki"},{"@type":"BreadcrumbList","@id":"https:\/\/www.empikfoto.pl\/blog\/adresowanie-kartki-jak-to-zrobic\/#breadcrumb","itemListElement":[{"@type":"ListItem","position":1,"name":"Strona g\u0142\u00f3wna","item":"https:\/\/www.empikfoto.pl\/blog\/"},{"@type":"ListItem","position":2,"name":"Adresowanie kartki \u015bwi\u0105tecznej &#8211; jak nale\u017cy zrobi\u0107 to w\u0142a\u015bciwie?"}]},{"@type":"WebSite","@id":"https:\/\/www.empikfoto.pl\/blog\/#website","url":"https:\/\/www.empikfoto.pl\/blog\/","name":"blog.empikfoto.pl","description":"Poznaj empikfoto.pl od \u015brodka! Dowiedz si\u0119 wi\u0119cej o odbitkach, fotoksi\u0105\u017ckach i fotografii.","potentialAction":[{"@type":"SearchAction","target":{"@type":"EntryPoint","urlTemplate":"https:\/\/www.empikfoto.pl\/blog\/?s={search_term_string}"},"query-input":{"@type":"PropertyValueSpecification","valueRequired":true,"valueName":"search_term_string"}}],"inLanguage":"pl-PL"},{"@type":"Person","@id":"https:\/\/www.empikfoto.pl\/blog\/#\/schema\/person\/0313802ca5dac502e3266853c59632c0","name":"Patrycja","image":{"@type":"ImageObject","inLanguage":"pl-PL","@id":"https:\/\/secure.gravatar.com\/avatar\/f25168e12215ad42f58e5fb72881daaeb57bd4f907081046016f64bf167db59f?s=96&d=identicon&r=g","url":"https:\/\/secure.gravatar.com\/avatar\/f25168e12215ad42f58e5fb72881daaeb57bd4f907081046016f64bf167db59f?s=96&d=identicon&r=g","contentUrl":"https:\/\/secure.gravatar.com\/avatar\/f25168e12215ad42f58e5fb72881daaeb57bd4f907081046016f64bf167db59f?s=96&d=identicon&r=g","caption":"Patrycja"},"url":"https:\/\/www.empikfoto.pl\/blog\/author\/patrycja\/"}]}},"amp_enabled":true,"_links":{"self":[{"href":"https:\/\/www.empikfoto.pl\/blog\/wp-json\/wp\/v2\/posts\/10729","targetHints":{"allow":["GET"]}}],"collection":[{"href":"https:\/\/www.empikfoto.pl\/blog\/wp-json\/wp\/v2\/posts"}],"about":[{"href":"https:\/\/www.empikfoto.pl\/blog\/wp-json\/wp\/v2\/types\/post"}],"author":[{"embeddable":true,"href":"https:\/\/www.empikfoto.pl\/blog\/wp-json\/wp\/v2\/users\/16"}],"replies":[{"embeddable":true,"href":"https:\/\/www.empikfoto.pl\/blog\/wp-json\/wp\/v2\/comments?post=10729"}],"version-history":[{"count":10,"href":"https:\/\/www.empikfoto.pl\/blog\/wp-json\/wp\/v2\/posts\/10729\/revisions"}],"predecessor-version":[{"id":13338,"href":"https:\/\/www.empikfoto.pl\/blog\/wp-json\/wp\/v2\/posts\/10729\/revisions\/13338"}],"wp:featuredmedia":[{"embeddable":true,"href":"https:\/\/www.empikfoto.pl\/blog\/wp-json\/wp\/v2\/media\/13043"}],"wp:attachment":[{"href":"https:\/\/www.empikfoto.pl\/blog\/wp-json\/wp\/v2\/media?parent=10729"}],"wp:term":[{"taxonomy":"category","embeddable":true,"href":"https:\/\/www.empikfoto.pl\/blog\/wp-json\/wp\/v2\/categories?post=10729"},{"taxonomy":"post_tag","embeddable":true,"href":"https:\/\/www.empikfoto.pl\/blog\/wp-json\/wp\/v2\/tags?post=10729"}],"curies":[{"name":"wp","href":"https:\/\/api.w.org\/{rel}","templated":true}]}}