{"id":11355,"date":"2017-10-07T11:42:23","date_gmt":"2017-10-07T09:42:23","guid":{"rendered":"https:\/\/blog.empikfoto.pl\/?p=11355"},"modified":"2023-07-24T12:44:27","modified_gmt":"2023-07-24T10:44:27","slug":"jak-wyznac-milosc-romantycznie","status":"publish","type":"post","link":"https:\/\/www.empikfoto.pl\/blog\/jak-wyznac-milosc-romantycznie\/","title":{"rendered":"Jak wyzna\u0107 mi\u0142o\u015b\u0107 romantycznie?"},"content":{"rendered":"<p>Czasami nie zdajemy sobie sprawy, jak wa\u017cne jest przypominanie naszym najbli\u017cszym, jak bardzo ich kochamy. Nie zawsze jednak odnalezienie odpowiednich s\u0142\u00f3w jest tak proste, jak mog\u0142oby si\u0119 wydawa\u0107. Przychodz\u0105c Wam z pomoc\u0105, przygotowali\u015bmy <strong>najpi\u0119kniejsze wyznania mi\u0142o\u015bci<\/strong> dla niej i dla niego. Mamy nadziej\u0119, \u017ce stan\u0105 si\u0119 dla Was inspiracj\u0105 i dzi\u0119ki nam b\u0119dziecie wiedzieli, jak wyzna\u0107 mi\u0142o\u015b\u0107.<\/p>\n<p><!--more--><\/p>\n<h2><strong>Kiedy chcesz wyzna\u0107 uczucie jemu<\/strong><\/h2>\n<ul>\n<li>Dzi\u0119kuj\u0119, \u017ce zawsze jeste\u015b przy mnie i roz\u015bmieszasz mnie, kiedy chce mi si\u0119 p\u0142aka\u0107. Dzi\u0119kuj\u0119, \u017ce mnie kochasz i pozwalasz mi kocha\u0107 siebie. A przede wszystkim dzi\u0119kuj\u0119 za to, \u017ce jeste\u015b sob\u0105.<\/li>\n<li>Jeste\u015b dla mnie niezast\u0105piony i bezcenny. Nigdy si\u0119 nie zmieniaj.<\/li>\n<li>Odk\u0105d si\u0119 poznali\u015bmy, p\u0142acz\u0119 troch\u0119 mniej, du\u017co wi\u0119cej si\u0119 u\u015bmiecham i wiem, \u017ce \u017cyj\u0119 w szcz\u0119\u015bliwszym \u015bwiecie. Dzi\u0119kuj\u0119 Ci za to. Nigdy nie dowiesz si\u0119, jak bardzo Ci\u0119 kocham.<\/li>\n<li>Nie chodzi o to, \u017ce kocham Ci\u0119 za to, \u017ce pozwalasz mi by\u0107 sob\u0105. Kocham Ci\u0119, bo do tego zach\u0119casz.<\/li>\n<li>Kocham Ci\u0119 tak bardzo, \u017ce gdybym mia\u0142a wybiera\u0107 mi\u0119dzy Tob\u0105 a czekolad\u0105, wybra\u0142abym Ciebie.<\/li>\n<\/ul>\n<p><img loading=\"lazy\" decoding=\"async\" class=\"aligncenter size-full wp-image-12458\" src=\"https:\/\/www.empikfoto.pl\/blog\/empikfoto\/2017\/10\/jak-wyznac-milosc2.jpg\" alt=\"jak wyzna\u0107 mi\u0142o\u015b\u0107\" width=\"1000\" height=\"667\" srcset=\"https:\/\/www.empikfoto.pl\/blog\/empikfoto\/2017\/10\/jak-wyznac-milosc2.jpg 1000w, https:\/\/www.empikfoto.pl\/blog\/empikfoto\/2017\/10\/jak-wyznac-milosc2-300x200.jpg 300w, https:\/\/www.empikfoto.pl\/blog\/empikfoto\/2017\/10\/jak-wyznac-milosc2-768x512.jpg 768w, https:\/\/www.empikfoto.pl\/blog\/empikfoto\/2017\/10\/jak-wyznac-milosc2-330x220.jpg 330w, https:\/\/www.empikfoto.pl\/blog\/empikfoto\/2017\/10\/jak-wyznac-milosc2-400x267.jpg 400w\" sizes=\"auto, (max-width: 1000px) 100vw, 1000px\" \/><\/p>\n<h2><strong>Kiedy chcesz wyzna\u0107 uczucie jej<\/strong><\/h2>\n<ul>\n<li>Nigdy nie zapominaj, \u017ce kocham Ci\u0119 dok\u0142adnie za to, kim jeste\u015b i jestem z Tob\u0105 na ka\u017cdym etapie na drodze ku temu, kim b\u0119dziesz.<\/li>\n<li>Dla mnie powr\u00f3t do domu oznacza powr\u00f3t do Ciebie.<\/li>\n<li>Nie mam nic przeciwko, je\u015bli b\u0119dziesz opowiada\u0107 mi te same historie w k\u00f3\u0142ko przez reszt\u0119 naszego \u017cycia \u2013 nigdy nie znudzi mi si\u0119 s\u0142uchanie Ciebie.<\/li>\n<li>W ci\u0105gu dnia jeste\u015b \u015bwiat\u0142em mojego \u017cycia. W nocy jeste\u015b moj\u0105 gwiazd\u0105 przewodni\u0105.<\/li>\n<li>Ka\u017cdego dnia czuj\u0119 si\u0119 tak b\u0142ogos\u0142awiony, \u017ce mam kogo\u015b takiego jak Ty w moim \u017cyciu. M\u00f3j \u015bwiat by\u0142by o wiele ciemniejszym miejscem bez Ciebie. Kocham Ci\u0119!<\/li>\n<li>Mojej mi\u0142o\u015bci do Ciebie nie da si\u0119 zmierzy\u0107. Po prostu wiem, \u017ce moje serce jest ni\u0105 przepe\u0142nione.<\/li>\n<\/ul>\n<h2>Jak wyzna\u0107 mi\u0142o\u015b\u0107 romantycznie?<\/h2>\n<ul>\n<li>Ka\u017cda rozmowa, ka\u017cda randka, ka\u017cda przeja\u017cd\u017cka, ka\u017cdy u\u015bmiech, ka\u017cda chwila pomi\u0119dzy nimi \u2013 sprawiaj\u0105, \u017ce coraz bardziej si\u0119 w Tobie zakochuj\u0119.<\/li>\n<li>Jestem w Tobie ca\u0142kowicie zakochany. Wszystkie te motyle, piosenki mi\u0142osne i lekko\u015b\u0107 mi\u0142o\u015bci \u2013 z Tob\u0105 wszystko jest prawdziwe.<\/li>\n<li>Odk\u0105d si\u0119 obudzi\u0142am, my\u015bla\u0142am o Tobie w ka\u017cdej chwili i mam nadziej\u0119, \u017ce b\u0119dziesz w moich snach, kiedy p\u00f3jd\u0119 spa\u0107.<\/li>\n<li>Jeste\u015b wi\u0119cej ni\u017c kiedykolwiek marzy\u0142em, wi\u0119cej ni\u017c na to zas\u0142uguj\u0119 i wi\u0119cej ni\u017c kiedykolwiek b\u0119d\u0119 potrzebowa\u0107. Kocham Ci\u0119 coraz bardziej, ka\u017cdego dnia.<\/li>\n<li>Nie pami\u0119tam, jak wygl\u0105da\u0142o \u017cycie bez Ciebie i mam nadziej\u0119, \u017ce nigdy wi\u0119cej nie b\u0119d\u0119 do tego zmuszony. Jeste\u015b ca\u0142ym moim \u015bwiatem!<\/li>\n<\/ul>\n<p><img loading=\"lazy\" decoding=\"async\" class=\"aligncenter size-full wp-image-12457\" src=\"https:\/\/www.empikfoto.pl\/blog\/empikfoto\/2017\/10\/jak-wyznac-milosc3.jpg\" alt=\"jak wyzna\u0107 mi\u0142o\u015b\u0107\" width=\"1000\" height=\"667\" srcset=\"https:\/\/www.empikfoto.pl\/blog\/empikfoto\/2017\/10\/jak-wyznac-milosc3.jpg 1000w, https:\/\/www.empikfoto.pl\/blog\/empikfoto\/2017\/10\/jak-wyznac-milosc3-300x200.jpg 300w, https:\/\/www.empikfoto.pl\/blog\/empikfoto\/2017\/10\/jak-wyznac-milosc3-768x512.jpg 768w, https:\/\/www.empikfoto.pl\/blog\/empikfoto\/2017\/10\/jak-wyznac-milosc3-330x220.jpg 330w, https:\/\/www.empikfoto.pl\/blog\/empikfoto\/2017\/10\/jak-wyznac-milosc3-400x267.jpg 400w\" sizes=\"auto, (max-width: 1000px) 100vw, 1000px\" \/><\/p>\n<p>Wyznanie mi\u0142o\u015bci romantycznie to doskona\u0142y spos\u00f3b na wyra\u017cenie g\u0142\u0119bokich uczu\u0107 w niezwykle wyj\u0105tkowy spos\u00f3b. Pami\u0119tajmy, \u017ce prawdziwa mi\u0142o\u015b\u0107 nie potrzebuje wielkich gest\u00f3w, ale szczero\u015bci i autentyczno\u015bci. Wykorzystajmy te inspiracje, by wyrazi\u0107 nasze uczucia w spos\u00f3b, kt\u00f3ry najlepiej odzwierciedla nasz\u0105 relacj\u0119 i sprawi u\u015bmiech na twarzy naszego ukochanego lub ukochanej.<\/p>\n","protected":false},"excerpt":{"rendered":"<p>Czasami nie zdajemy sobie sprawy, jak wa\u017cne jest przypominanie naszym najbli\u017cszym, jak bardzo ich kochamy. Nie zawsze jednak odnalezienie odpowiednich s\u0142\u00f3w jest tak proste, jak mog\u0142oby si\u0119 wydawa\u0107. Przychodz\u0105c Wam z pomoc\u0105, przygotowali\u015bmy najpi\u0119kniejsze wyznania mi\u0142o\u015bci dla niej i dla niego. Mamy nadziej\u0119, \u017ce stan\u0105 si\u0119 dla Was inspiracj\u0105 i dzi\u0119ki nam b\u0119dziecie wiedzieli, jak wyzna\u0107 mi\u0142o\u015b\u0107.<\/p>\n","protected":false},"author":16,"featured_media":12456,"comment_status":"closed","ping_status":"closed","sticky":false,"template":"","format":"standard","meta":{"footnotes":""},"categories":[786],"tags":[],"class_list":["post-11355","post","type-post","status-publish","format-standard","has-post-thumbnail","hentry","category-inspiracje"],"yoast_head":"<!-- This site is optimized with the Yoast SEO plugin v27.5 - https:\/\/yoast.com\/product\/yoast-seo-wordpress\/ -->\n<title>Jak wyzna\u0107 mi\u0142o\u015b\u0107 romantycznie? | Empik Foto<\/title>\n<meta name=\"description\" content=\"Jak wyzna\u0107 mi\u0142o\u015b\u0107 romantycznie? Odkryj nastrojowe pomys\u0142y i inspiracje na wyj\u0105tkowe wyznania uczu\u0107. Sprawd\u017a nasz artyku\u0142.\" \/>\n<meta name=\"robots\" content=\"index, follow, max-snippet:-1, max-image-preview:large, max-video-preview:-1\" \/>\n<link rel=\"canonical\" href=\"https:\/\/www.empikfoto.pl\/blog\/jak-wyznac-milosc-romantycznie\/\" \/>\n<meta property=\"og:locale\" content=\"pl_PL\" \/>\n<meta property=\"og:type\" content=\"article\" \/>\n<meta property=\"og:title\" content=\"Jak wyzna\u0107 mi\u0142o\u015b\u0107 romantycznie? | Empik Foto\" \/>\n<meta property=\"og:description\" content=\"Jak wyzna\u0107 mi\u0142o\u015b\u0107 romantycznie? Odkryj nastrojowe pomys\u0142y i inspiracje na wyj\u0105tkowe wyznania uczu\u0107. Sprawd\u017a nasz artyku\u0142.\" \/>\n<meta property=\"og:url\" content=\"https:\/\/www.empikfoto.pl\/blog\/jak-wyznac-milosc-romantycznie\/\" \/>\n<meta property=\"og:site_name\" content=\"blog.empikfoto.pl\" \/>\n<meta property=\"article:publisher\" content=\"https:\/\/www.facebook.com\/empikfotopl\/\" \/>\n<meta property=\"article:published_time\" content=\"2017-10-07T09:42:23+00:00\" \/>\n<meta property=\"article:modified_time\" content=\"2023-07-24T10:44:27+00:00\" \/>\n<meta property=\"og:image\" content=\"https:\/\/www.empikfoto.pl\/blog\/empikfoto\/2017\/10\/jak-wyznac-milosc1.jpg\" \/>\n\t<meta property=\"og:image:width\" content=\"1000\" \/>\n\t<meta property=\"og:image:height\" content=\"667\" \/>\n\t<meta property=\"og:image:type\" content=\"image\/jpeg\" \/>\n<meta name=\"author\" content=\"Patrycja\" \/>\n<meta name=\"twitter:card\" content=\"summary_large_image\" \/>\n<meta name=\"twitter:creator\" content=\"@empikfoto\" \/>\n<meta name=\"twitter:site\" content=\"@empikfoto\" \/>\n<meta name=\"twitter:label1\" content=\"Napisane przez\" \/>\n\t<meta name=\"twitter:data1\" content=\"Patrycja\" \/>\n\t<meta name=\"twitter:label2\" content=\"Szacowany czas czytania\" \/>\n\t<meta name=\"twitter:data2\" content=\"4 minuty\" \/>\n<script type=\"application\/ld+json\" class=\"yoast-schema-graph\">{\"@context\":\"https:\\\/\\\/schema.org\",\"@graph\":[{\"@type\":\"Article\",\"@id\":\"https:\\\/\\\/www.empikfoto.pl\\\/blog\\\/jak-wyznac-milosc-romantycznie\\\/#article\",\"isPartOf\":{\"@id\":\"https:\\\/\\\/www.empikfoto.pl\\\/blog\\\/jak-wyznac-milosc-romantycznie\\\/\"},\"author\":{\"name\":\"Patrycja\",\"@id\":\"https:\\\/\\\/www.empikfoto.pl\\\/blog\\\/#\\\/schema\\\/person\\\/0313802ca5dac502e3266853c59632c0\"},\"headline\":\"Jak wyzna\u0107 mi\u0142o\u015b\u0107 romantycznie?\",\"datePublished\":\"2017-10-07T09:42:23+00:00\",\"dateModified\":\"2023-07-24T10:44:27+00:00\",\"mainEntityOfPage\":{\"@id\":\"https:\\\/\\\/www.empikfoto.pl\\\/blog\\\/jak-wyznac-milosc-romantycznie\\\/\"},\"wordCount\":544,\"image\":{\"@id\":\"https:\\\/\\\/www.empikfoto.pl\\\/blog\\\/jak-wyznac-milosc-romantycznie\\\/#primaryimage\"},\"thumbnailUrl\":\"https:\\\/\\\/www.empikfoto.pl\\\/blog\\\/empikfoto\\\/2017\\\/10\\\/jak-wyznac-milosc1.jpg\",\"articleSection\":[\"INSPIRACJE\"],\"inLanguage\":\"pl-PL\"},{\"@type\":\"WebPage\",\"@id\":\"https:\\\/\\\/www.empikfoto.pl\\\/blog\\\/jak-wyznac-milosc-romantycznie\\\/\",\"url\":\"https:\\\/\\\/www.empikfoto.pl\\\/blog\\\/jak-wyznac-milosc-romantycznie\\\/\",\"name\":\"Jak wyzna\u0107 mi\u0142o\u015b\u0107 romantycznie? | Empik Foto\",\"isPartOf\":{\"@id\":\"https:\\\/\\\/www.empikfoto.pl\\\/blog\\\/#website\"},\"primaryImageOfPage\":{\"@id\":\"https:\\\/\\\/www.empikfoto.pl\\\/blog\\\/jak-wyznac-milosc-romantycznie\\\/#primaryimage\"},\"image\":{\"@id\":\"https:\\\/\\\/www.empikfoto.pl\\\/blog\\\/jak-wyznac-milosc-romantycznie\\\/#primaryimage\"},\"thumbnailUrl\":\"https:\\\/\\\/www.empikfoto.pl\\\/blog\\\/empikfoto\\\/2017\\\/10\\\/jak-wyznac-milosc1.jpg\",\"datePublished\":\"2017-10-07T09:42:23+00:00\",\"dateModified\":\"2023-07-24T10:44:27+00:00\",\"author\":{\"@id\":\"https:\\\/\\\/www.empikfoto.pl\\\/blog\\\/#\\\/schema\\\/person\\\/0313802ca5dac502e3266853c59632c0\"},\"description\":\"Jak wyzna\u0107 mi\u0142o\u015b\u0107 romantycznie? Odkryj nastrojowe pomys\u0142y i inspiracje na wyj\u0105tkowe wyznania uczu\u0107. Sprawd\u017a nasz artyku\u0142.\",\"breadcrumb\":{\"@id\":\"https:\\\/\\\/www.empikfoto.pl\\\/blog\\\/jak-wyznac-milosc-romantycznie\\\/#breadcrumb\"},\"inLanguage\":\"pl-PL\",\"potentialAction\":[{\"@type\":\"ReadAction\",\"target\":[\"https:\\\/\\\/www.empikfoto.pl\\\/blog\\\/jak-wyznac-milosc-romantycznie\\\/\"]}]},{\"@type\":\"ImageObject\",\"inLanguage\":\"pl-PL\",\"@id\":\"https:\\\/\\\/www.empikfoto.pl\\\/blog\\\/jak-wyznac-milosc-romantycznie\\\/#primaryimage\",\"url\":\"https:\\\/\\\/www.empikfoto.pl\\\/blog\\\/empikfoto\\\/2017\\\/10\\\/jak-wyznac-milosc1.jpg\",\"contentUrl\":\"https:\\\/\\\/www.empikfoto.pl\\\/blog\\\/empikfoto\\\/2017\\\/10\\\/jak-wyznac-milosc1.jpg\",\"width\":1000,\"height\":667,\"caption\":\"jak wyzna\u0107 mi\u0142o\u015b\u0107\"},{\"@type\":\"BreadcrumbList\",\"@id\":\"https:\\\/\\\/www.empikfoto.pl\\\/blog\\\/jak-wyznac-milosc-romantycznie\\\/#breadcrumb\",\"itemListElement\":[{\"@type\":\"ListItem\",\"position\":1,\"name\":\"Strona g\u0142\u00f3wna\",\"item\":\"https:\\\/\\\/www.empikfoto.pl\\\/blog\\\/\"},{\"@type\":\"ListItem\",\"position\":2,\"name\":\"Jak wyzna\u0107 mi\u0142o\u015b\u0107 romantycznie?\"}]},{\"@type\":\"WebSite\",\"@id\":\"https:\\\/\\\/www.empikfoto.pl\\\/blog\\\/#website\",\"url\":\"https:\\\/\\\/www.empikfoto.pl\\\/blog\\\/\",\"name\":\"blog.empikfoto.pl\",\"description\":\"Poznaj empikfoto.pl od \u015brodka! Dowiedz si\u0119 wi\u0119cej o odbitkach, fotoksi\u0105\u017ckach i fotografii.\",\"potentialAction\":[{\"@type\":\"SearchAction\",\"target\":{\"@type\":\"EntryPoint\",\"urlTemplate\":\"https:\\\/\\\/www.empikfoto.pl\\\/blog\\\/?s={search_term_string}\"},\"query-input\":{\"@type\":\"PropertyValueSpecification\",\"valueRequired\":true,\"valueName\":\"search_term_string\"}}],\"inLanguage\":\"pl-PL\"},{\"@type\":\"Person\",\"@id\":\"https:\\\/\\\/www.empikfoto.pl\\\/blog\\\/#\\\/schema\\\/person\\\/0313802ca5dac502e3266853c59632c0\",\"name\":\"Patrycja\",\"image\":{\"@type\":\"ImageObject\",\"inLanguage\":\"pl-PL\",\"@id\":\"https:\\\/\\\/secure.gravatar.com\\\/avatar\\\/f25168e12215ad42f58e5fb72881daaeb57bd4f907081046016f64bf167db59f?s=96&d=identicon&r=g\",\"url\":\"https:\\\/\\\/secure.gravatar.com\\\/avatar\\\/f25168e12215ad42f58e5fb72881daaeb57bd4f907081046016f64bf167db59f?s=96&d=identicon&r=g\",\"contentUrl\":\"https:\\\/\\\/secure.gravatar.com\\\/avatar\\\/f25168e12215ad42f58e5fb72881daaeb57bd4f907081046016f64bf167db59f?s=96&d=identicon&r=g\",\"caption\":\"Patrycja\"},\"url\":\"https:\\\/\\\/www.empikfoto.pl\\\/blog\\\/author\\\/patrycja\\\/\"}]}<\/script>\n<!-- \/ Yoast SEO plugin. -->","yoast_head_json":{"title":"Jak wyzna\u0107 mi\u0142o\u015b\u0107 romantycznie? | Empik Foto","description":"Jak wyzna\u0107 mi\u0142o\u015b\u0107 romantycznie? Odkryj nastrojowe pomys\u0142y i inspiracje na wyj\u0105tkowe wyznania uczu\u0107. Sprawd\u017a nasz artyku\u0142.","robots":{"index":"index","follow":"follow","max-snippet":"max-snippet:-1","max-image-preview":"max-image-preview:large","max-video-preview":"max-video-preview:-1"},"canonical":"https:\/\/www.empikfoto.pl\/blog\/jak-wyznac-milosc-romantycznie\/","og_locale":"pl_PL","og_type":"article","og_title":"Jak wyzna\u0107 mi\u0142o\u015b\u0107 romantycznie? | Empik Foto","og_description":"Jak wyzna\u0107 mi\u0142o\u015b\u0107 romantycznie? Odkryj nastrojowe pomys\u0142y i inspiracje na wyj\u0105tkowe wyznania uczu\u0107. Sprawd\u017a nasz artyku\u0142.","og_url":"https:\/\/www.empikfoto.pl\/blog\/jak-wyznac-milosc-romantycznie\/","og_site_name":"blog.empikfoto.pl","article_publisher":"https:\/\/www.facebook.com\/empikfotopl\/","article_published_time":"2017-10-07T09:42:23+00:00","article_modified_time":"2023-07-24T10:44:27+00:00","og_image":[{"width":1000,"height":667,"url":"https:\/\/www.empikfoto.pl\/blog\/empikfoto\/2017\/10\/jak-wyznac-milosc1.jpg","type":"image\/jpeg"}],"author":"Patrycja","twitter_card":"summary_large_image","twitter_creator":"@empikfoto","twitter_site":"@empikfoto","twitter_misc":{"Napisane przez":"Patrycja","Szacowany czas czytania":"4 minuty"},"schema":{"@context":"https:\/\/schema.org","@graph":[{"@type":"Article","@id":"https:\/\/www.empikfoto.pl\/blog\/jak-wyznac-milosc-romantycznie\/#article","isPartOf":{"@id":"https:\/\/www.empikfoto.pl\/blog\/jak-wyznac-milosc-romantycznie\/"},"author":{"name":"Patrycja","@id":"https:\/\/www.empikfoto.pl\/blog\/#\/schema\/person\/0313802ca5dac502e3266853c59632c0"},"headline":"Jak wyzna\u0107 mi\u0142o\u015b\u0107 romantycznie?","datePublished":"2017-10-07T09:42:23+00:00","dateModified":"2023-07-24T10:44:27+00:00","mainEntityOfPage":{"@id":"https:\/\/www.empikfoto.pl\/blog\/jak-wyznac-milosc-romantycznie\/"},"wordCount":544,"image":{"@id":"https:\/\/www.empikfoto.pl\/blog\/jak-wyznac-milosc-romantycznie\/#primaryimage"},"thumbnailUrl":"https:\/\/www.empikfoto.pl\/blog\/empikfoto\/2017\/10\/jak-wyznac-milosc1.jpg","articleSection":["INSPIRACJE"],"inLanguage":"pl-PL"},{"@type":"WebPage","@id":"https:\/\/www.empikfoto.pl\/blog\/jak-wyznac-milosc-romantycznie\/","url":"https:\/\/www.empikfoto.pl\/blog\/jak-wyznac-milosc-romantycznie\/","name":"Jak wyzna\u0107 mi\u0142o\u015b\u0107 romantycznie? | Empik Foto","isPartOf":{"@id":"https:\/\/www.empikfoto.pl\/blog\/#website"},"primaryImageOfPage":{"@id":"https:\/\/www.empikfoto.pl\/blog\/jak-wyznac-milosc-romantycznie\/#primaryimage"},"image":{"@id":"https:\/\/www.empikfoto.pl\/blog\/jak-wyznac-milosc-romantycznie\/#primaryimage"},"thumbnailUrl":"https:\/\/www.empikfoto.pl\/blog\/empikfoto\/2017\/10\/jak-wyznac-milosc1.jpg","datePublished":"2017-10-07T09:42:23+00:00","dateModified":"2023-07-24T10:44:27+00:00","author":{"@id":"https:\/\/www.empikfoto.pl\/blog\/#\/schema\/person\/0313802ca5dac502e3266853c59632c0"},"description":"Jak wyzna\u0107 mi\u0142o\u015b\u0107 romantycznie? Odkryj nastrojowe pomys\u0142y i inspiracje na wyj\u0105tkowe wyznania uczu\u0107. Sprawd\u017a nasz artyku\u0142.","breadcrumb":{"@id":"https:\/\/www.empikfoto.pl\/blog\/jak-wyznac-milosc-romantycznie\/#breadcrumb"},"inLanguage":"pl-PL","potentialAction":[{"@type":"ReadAction","target":["https:\/\/www.empikfoto.pl\/blog\/jak-wyznac-milosc-romantycznie\/"]}]},{"@type":"ImageObject","inLanguage":"pl-PL","@id":"https:\/\/www.empikfoto.pl\/blog\/jak-wyznac-milosc-romantycznie\/#primaryimage","url":"https:\/\/www.empikfoto.pl\/blog\/empikfoto\/2017\/10\/jak-wyznac-milosc1.jpg","contentUrl":"https:\/\/www.empikfoto.pl\/blog\/empikfoto\/2017\/10\/jak-wyznac-milosc1.jpg","width":1000,"height":667,"caption":"jak wyzna\u0107 mi\u0142o\u015b\u0107"},{"@type":"BreadcrumbList","@id":"https:\/\/www.empikfoto.pl\/blog\/jak-wyznac-milosc-romantycznie\/#breadcrumb","itemListElement":[{"@type":"ListItem","position":1,"name":"Strona g\u0142\u00f3wna","item":"https:\/\/www.empikfoto.pl\/blog\/"},{"@type":"ListItem","position":2,"name":"Jak wyzna\u0107 mi\u0142o\u015b\u0107 romantycznie?"}]},{"@type":"WebSite","@id":"https:\/\/www.empikfoto.pl\/blog\/#website","url":"https:\/\/www.empikfoto.pl\/blog\/","name":"blog.empikfoto.pl","description":"Poznaj empikfoto.pl od \u015brodka! Dowiedz si\u0119 wi\u0119cej o odbitkach, fotoksi\u0105\u017ckach i fotografii.","potentialAction":[{"@type":"SearchAction","target":{"@type":"EntryPoint","urlTemplate":"https:\/\/www.empikfoto.pl\/blog\/?s={search_term_string}"},"query-input":{"@type":"PropertyValueSpecification","valueRequired":true,"valueName":"search_term_string"}}],"inLanguage":"pl-PL"},{"@type":"Person","@id":"https:\/\/www.empikfoto.pl\/blog\/#\/schema\/person\/0313802ca5dac502e3266853c59632c0","name":"Patrycja","image":{"@type":"ImageObject","inLanguage":"pl-PL","@id":"https:\/\/secure.gravatar.com\/avatar\/f25168e12215ad42f58e5fb72881daaeb57bd4f907081046016f64bf167db59f?s=96&d=identicon&r=g","url":"https:\/\/secure.gravatar.com\/avatar\/f25168e12215ad42f58e5fb72881daaeb57bd4f907081046016f64bf167db59f?s=96&d=identicon&r=g","contentUrl":"https:\/\/secure.gravatar.com\/avatar\/f25168e12215ad42f58e5fb72881daaeb57bd4f907081046016f64bf167db59f?s=96&d=identicon&r=g","caption":"Patrycja"},"url":"https:\/\/www.empikfoto.pl\/blog\/author\/patrycja\/"}]}},"amp_enabled":true,"_links":{"self":[{"href":"https:\/\/www.empikfoto.pl\/blog\/wp-json\/wp\/v2\/posts\/11355","targetHints":{"allow":["GET"]}}],"collection":[{"href":"https:\/\/www.empikfoto.pl\/blog\/wp-json\/wp\/v2\/posts"}],"about":[{"href":"https:\/\/www.empikfoto.pl\/blog\/wp-json\/wp\/v2\/types\/post"}],"author":[{"embeddable":true,"href":"https:\/\/www.empikfoto.pl\/blog\/wp-json\/wp\/v2\/users\/16"}],"replies":[{"embeddable":true,"href":"https:\/\/www.empikfoto.pl\/blog\/wp-json\/wp\/v2\/comments?post=11355"}],"version-history":[{"count":2,"href":"https:\/\/www.empikfoto.pl\/blog\/wp-json\/wp\/v2\/posts\/11355\/revisions"}],"predecessor-version":[{"id":12459,"href":"https:\/\/www.empikfoto.pl\/blog\/wp-json\/wp\/v2\/posts\/11355\/revisions\/12459"}],"wp:featuredmedia":[{"embeddable":true,"href":"https:\/\/www.empikfoto.pl\/blog\/wp-json\/wp\/v2\/media\/12456"}],"wp:attachment":[{"href":"https:\/\/www.empikfoto.pl\/blog\/wp-json\/wp\/v2\/media?parent=11355"}],"wp:term":[{"taxonomy":"category","embeddable":true,"href":"https:\/\/www.empikfoto.pl\/blog\/wp-json\/wp\/v2\/categories?post=11355"},{"taxonomy":"post_tag","embeddable":true,"href":"https:\/\/www.empikfoto.pl\/blog\/wp-json\/wp\/v2\/tags?post=11355"}],"curies":[{"name":"wp","href":"https:\/\/api.w.org\/{rel}","templated":true}]}}