{"id":11417,"date":"2020-10-07T11:57:38","date_gmt":"2020-10-07T09:57:38","guid":{"rendered":"https:\/\/blog.empikfoto.pl\/?p=11417"},"modified":"2023-06-30T08:56:50","modified_gmt":"2023-06-30T06:56:50","slug":"pomysly-udekorowanie-przestrzeni-nad-kanapa","status":"publish","type":"post","link":"https:\/\/www.empikfoto.pl\/blog\/pomysly-udekorowanie-przestrzeni-nad-kanapa\/","title":{"rendered":"Pomys\u0142y na udekorowanie przestrzeni nad kanap\u0105"},"content":{"rendered":"<p>Salon jest miejscem, w kt\u00f3rym sp\u0119dzasz najwi\u0119cej czasu ze swoimi go\u015b\u0107mi. Jako dobry gospodarz, chcesz, by ta przestrze\u0144 by\u0142a przyjazna i funkcjonalna. Jednym z najlepszych sposob\u00f3w, \u017ceby to osi\u0105gn\u0105\u0107, jest staranne zaprojektowanie przestrzeni za kanap\u0105. Sprawd\u017a nasze pomys\u0142y!<\/p>\n<ol>\n<li>Du\u017ca \u015bciana z cegie\u0142<\/li>\n<\/ol>\n<p>\u015aciana z cegie\u0142 b\u0119dzie idealnym t\u0142em dla eklektycznej galerii zdj\u0119\u0107 i obraz\u00f3w umieszczonej nad kanap\u0105. R\u00f3\u017cnorodna tematyka wkomponowana w niejednorodne estetyczne ramki to oryginalny spos\u00f3b na prezentacj\u0119 Twoich upodoba\u0144.<\/p>\n<p>&nbsp;<\/p>\n<ol start=\"2\">\n<li>Zabawne zdj\u0119cia<\/li>\n<\/ol>\n<p>Wybierz swoje ulubione zdj\u0119cia i wydrukuj je w du\u017cym rozmiarze, by stworzy\u0107 przyci\u0105gaj\u0105c\u0105 oko kompozycj\u0119. Du\u017ce, czarno-bia\u0142e fotografie mog\u0105 sta\u0107 si\u0119 wspania\u0142ymi dzie\u0142ami sztuki, czyni\u0105c przestrze\u0144 nad sofa centralnym punktem salonu.<\/p>\n<p>&nbsp;<\/p>\n<ol start=\"3\">\n<li>Lustereczko, powiedz przecie\u2026<\/li>\n<\/ol>\n<p>Powieszenie lustra nad sof\u0105 nie jest nowym trendem, lecz nadal bardzo efektownym i popularnym. Lustro pi\u0119knie podkre\u015bli ascetyczny wystr\u00f3j wn\u0119trza i niezawodnie przykuje uwag\u0119.<\/p>\n<p>&nbsp;<\/p>\n<ol start=\"4\">\n<li>Co\u015b neutralnego<\/li>\n<\/ol>\n<p>Granat, szaro\u015b\u0107 czy biel to popularne odcienie wybierane jako t\u0142o galerii \u015bciennej. Spr\u00f3buj jednak wyeksponowa\u0107 je jako g\u0142\u00f3wne kolory, podkre\u015blaj\u0105c je na przyk\u0142ad kontrastuj\u0105c\u0105 ramk\u0105 na zdj\u0119cia.<\/p>\n<p>&nbsp;<\/p>\n<ol start=\"5\">\n<li>Zosta\u0144 w domu<\/li>\n<\/ol>\n<p>W zabieganym \u015bwiecie warto pami\u0119ta\u0107 o chwili oddechu. Powie\u015b za sof\u0105 oprawiony cytat, przypominaj\u0105cy o tym, \u017ce dom to Tw\u00f3j azyl i czasem warto w nim zosta\u0107.<\/p>\n<p>&nbsp;<\/p>\n<ol start=\"6\">\n<li>Subtelna symetria<\/li>\n<\/ol>\n<p>Dekoruj\u0105c przestrze\u0144 za sof\u0105, spr\u00f3buj zachowa\u0107 symetri\u0119, u\u017cywaj\u0105c przedmiot\u00f3w o podobnych wymiarach, jednak delikatnie r\u00f3\u017cni\u0105cych si\u0119 form\u0105 lub kolorem.<\/p>\n<p>&nbsp;<\/p>\n<ol start=\"7\">\n<li>Zachowaj umiar<\/li>\n<\/ol>\n<p>Jasnoniebieska \u015bciana z bia\u0142ymi akcentami i dost\u0119pem naturalnego \u015bwiat\u0142a stworzy wra\u017cenie domu na pla\u017cy. By dope\u0142ni\u0107 efekt, nad sof\u0105 powie\u015b du\u017cy, jasny obraz.<\/p>\n<p>&nbsp;<\/p>\n<ol start=\"8\">\n<li>Najwa\u017cniejsze jest \u015bwiat\u0142o<\/li>\n<\/ol>\n<p>Du\u017ce lustro na \u015bcianie odbija \u015bwiat\u0142o i sprawia, \u017ce wn\u0119trze wydaje si\u0119 bardziej przestronne, a jednocze\u015bnie przytulne.<\/p>\n<p>&nbsp;<\/p>\n<ol start=\"9\">\n<li>\u015aciana z rodzinnymi zdj\u0119ciami<\/li>\n<\/ol>\n<p>\u015aciana ze zdj\u0119ciami to \u015bwietny pomys\u0142, by nada\u0107 przytulno\u015bci du\u017cym, ch\u0142odnym wn\u0119trzom. Rodzinna galeria szybko stanie si\u0119 centralnym punktem pokoju.<\/p>\n<p>&nbsp;<\/p>\n<ol start=\"10\">\n<li>Blisko natury<\/li>\n<\/ol>\n<p>Kup czyste p\u0142\u00f3tno malarskie i przytwierd\u017a do niego pi\u0119kny wianek z suszonych kwiat\u00f3w. To genialny w swej prostocie pomys\u0142, kt\u00f3ry w po\u0142\u0105czeniu ze \u015bwiat\u0142em i naturalnymi meblami stworzy niepowtarzalny efekt.<\/p>\n","protected":false},"excerpt":{"rendered":"<p>Salon jest miejscem, w kt\u00f3rym sp\u0119dzasz najwi\u0119cej czasu ze swoimi go\u015b\u0107mi. Jako dobry gospodarz, chcesz, by ta przestrze\u0144 by\u0142a przyjazna i funkcjonalna. Jednym z najlepszych sposob\u00f3w, \u017ceby to osi\u0105gn\u0105\u0107, jest staranne zaprojektowanie przestrzeni za kanap\u0105. Sprawd\u017a nasze pomys\u0142y! Du\u017ca \u015bciana z cegie\u0142 \u015aciana z cegie\u0142 b\u0119dzie idealnym t\u0142em dla eklektycznej galerii zdj\u0119\u0107 i obraz\u00f3w umieszczonej nad kanap\u0105. R\u00f3\u017cnorodna tematyka wkomponowana w niejednorodne estetyczne ramki to oryginalny spos\u00f3b na prezentacj\u0119 Twoich upodoba\u0144. &nbsp; Zabawne zdj\u0119cia Wybierz swoje ulubione zdj\u0119cia i wydrukuj je w du\u017cym rozmiarze, by stworzy\u0107 przyci\u0105gaj\u0105c\u0105 oko kompozycj\u0119. Du\u017ce, czarno-bia\u0142e fotografie mog\u0105 sta\u0107 si\u0119 wspania\u0142ymi dzie\u0142ami sztuki, czyni\u0105c przestrze\u0144 nad sofa centralnym punktem salonu. &nbsp; Lustereczko, powiedz przecie\u2026 Powieszenie lustra nad sof\u0105 nie jest nowym trendem, lecz nadal bardzo efektownym i popularnym. Lustro pi\u0119knie podkre\u015bli ascetyczny wystr\u00f3j wn\u0119trza i niezawodnie przykuje uwag\u0119. &nbsp; Co\u015b neutralnego Granat, szaro\u015b\u0107 czy biel to popularne odcienie wybierane jako t\u0142o galerii \u015bciennej. Spr\u00f3buj jednak wyeksponowa\u0107 je jako g\u0142\u00f3wne kolory, podkre\u015blaj\u0105c je na przyk\u0142ad kontrastuj\u0105c\u0105 ramk\u0105 na zdj\u0119cia. &nbsp; Zosta\u0144 w domu W zabieganym \u015bwiecie warto pami\u0119ta\u0107 o chwili oddechu. Powie\u015b za sof\u0105 oprawiony cytat, przypominaj\u0105cy o tym, \u017ce dom to Tw\u00f3j azyl i czasem warto w nim zosta\u0107. &nbsp; Subtelna symetria Dekoruj\u0105c przestrze\u0144 za sof\u0105, spr\u00f3buj zachowa\u0107 symetri\u0119, u\u017cywaj\u0105c przedmiot\u00f3w o podobnych wymiarach, jednak delikatnie r\u00f3\u017cni\u0105cych si\u0119 form\u0105 lub kolorem. &nbsp; Zachowaj umiar Jasnoniebieska \u015bciana z bia\u0142ymi akcentami i dost\u0119pem naturalnego \u015bwiat\u0142a stworzy wra\u017cenie domu na pla\u017cy. By dope\u0142ni\u0107 efekt, nad sof\u0105 powie\u015b du\u017cy, jasny obraz. &nbsp; Najwa\u017cniejsze jest \u015bwiat\u0142o Du\u017ce lustro na \u015bcianie odbija \u015bwiat\u0142o i sprawia, \u017ce wn\u0119trze wydaje si\u0119 bardziej przestronne, a jednocze\u015bnie przytulne. &nbsp; \u015aciana z rodzinnymi zdj\u0119ciami \u015aciana ze zdj\u0119ciami to \u015bwietny pomys\u0142, by nada\u0107 przytulno\u015bci du\u017cym, ch\u0142odnym wn\u0119trzom. Rodzinna galeria szybko stanie si\u0119 centralnym punktem pokoju. &nbsp; Blisko natury Kup czyste p\u0142\u00f3tno malarskie i przytwierd\u017a do niego pi\u0119kny wianek z suszonych kwiat\u00f3w. To genialny w swej prostocie pomys\u0142, kt\u00f3ry w po\u0142\u0105czeniu ze \u015bwiat\u0142em i naturalnymi meblami stworzy niepowtarzalny efekt.<\/p>\n","protected":false},"author":16,"featured_media":0,"comment_status":"closed","ping_status":"closed","sticky":false,"template":"","format":"standard","meta":{"footnotes":""},"categories":[786],"tags":[],"class_list":["post-11417","post","type-post","status-publish","format-standard","hentry","category-inspiracje"],"yoast_head":"<!-- This site is optimized with the Yoast SEO plugin v27.5 - https:\/\/yoast.com\/product\/yoast-seo-wordpress\/ -->\n<title>Pomys\u0142y na udekorowanie przestrzeni nad kanap\u0105 | blog.empikfoto.pl<\/title>\n<meta name=\"robots\" content=\"index, follow, max-snippet:-1, max-image-preview:large, max-video-preview:-1\" \/>\n<link rel=\"canonical\" href=\"https:\/\/www.empikfoto.pl\/blog\/pomysly-udekorowanie-przestrzeni-nad-kanapa\/\" \/>\n<meta property=\"og:locale\" content=\"pl_PL\" \/>\n<meta property=\"og:type\" content=\"article\" \/>\n<meta property=\"og:title\" content=\"Pomys\u0142y na udekorowanie przestrzeni nad kanap\u0105 | blog.empikfoto.pl\" \/>\n<meta property=\"og:description\" content=\"Salon jest miejscem, w kt\u00f3rym sp\u0119dzasz najwi\u0119cej czasu ze swoimi go\u015b\u0107mi. Jako dobry gospodarz, chcesz, by ta przestrze\u0144 by\u0142a przyjazna i funkcjonalna. Jednym z najlepszych sposob\u00f3w, \u017ceby to osi\u0105gn\u0105\u0107, jest staranne zaprojektowanie przestrzeni za kanap\u0105. Sprawd\u017a nasze pomys\u0142y! Du\u017ca \u015bciana z cegie\u0142 \u015aciana z cegie\u0142 b\u0119dzie idealnym t\u0142em dla eklektycznej galerii zdj\u0119\u0107 i obraz\u00f3w umieszczonej nad kanap\u0105. R\u00f3\u017cnorodna tematyka wkomponowana w niejednorodne estetyczne ramki to oryginalny spos\u00f3b na prezentacj\u0119 Twoich upodoba\u0144. &nbsp; Zabawne zdj\u0119cia Wybierz swoje ulubione zdj\u0119cia i wydrukuj je w du\u017cym rozmiarze, by stworzy\u0107 przyci\u0105gaj\u0105c\u0105 oko kompozycj\u0119. Du\u017ce, czarno-bia\u0142e fotografie mog\u0105 sta\u0107 si\u0119 wspania\u0142ymi dzie\u0142ami sztuki, czyni\u0105c przestrze\u0144 nad sofa centralnym punktem salonu. &nbsp; Lustereczko, powiedz przecie\u2026 Powieszenie lustra nad sof\u0105 nie jest nowym trendem, lecz nadal bardzo efektownym i popularnym. Lustro pi\u0119knie podkre\u015bli ascetyczny wystr\u00f3j wn\u0119trza i niezawodnie przykuje uwag\u0119. &nbsp; Co\u015b neutralnego Granat, szaro\u015b\u0107 czy biel to popularne odcienie wybierane jako t\u0142o galerii \u015bciennej. Spr\u00f3buj jednak wyeksponowa\u0107 je jako g\u0142\u00f3wne kolory, podkre\u015blaj\u0105c je na przyk\u0142ad kontrastuj\u0105c\u0105 ramk\u0105 na zdj\u0119cia. &nbsp; Zosta\u0144 w domu W zabieganym \u015bwiecie warto pami\u0119ta\u0107 o chwili oddechu. Powie\u015b za sof\u0105 oprawiony cytat, przypominaj\u0105cy o tym, \u017ce dom to Tw\u00f3j azyl i czasem warto w nim zosta\u0107. &nbsp; Subtelna symetria Dekoruj\u0105c przestrze\u0144 za sof\u0105, spr\u00f3buj zachowa\u0107 symetri\u0119, u\u017cywaj\u0105c przedmiot\u00f3w o podobnych wymiarach, jednak delikatnie r\u00f3\u017cni\u0105cych si\u0119 form\u0105 lub kolorem. &nbsp; Zachowaj umiar Jasnoniebieska \u015bciana z bia\u0142ymi akcentami i dost\u0119pem naturalnego \u015bwiat\u0142a stworzy wra\u017cenie domu na pla\u017cy. By dope\u0142ni\u0107 efekt, nad sof\u0105 powie\u015b du\u017cy, jasny obraz. &nbsp; Najwa\u017cniejsze jest \u015bwiat\u0142o Du\u017ce lustro na \u015bcianie odbija \u015bwiat\u0142o i sprawia, \u017ce wn\u0119trze wydaje si\u0119 bardziej przestronne, a jednocze\u015bnie przytulne. &nbsp; \u015aciana z rodzinnymi zdj\u0119ciami \u015aciana ze zdj\u0119ciami to \u015bwietny pomys\u0142, by nada\u0107 przytulno\u015bci du\u017cym, ch\u0142odnym wn\u0119trzom. Rodzinna galeria szybko stanie si\u0119 centralnym punktem pokoju. &nbsp; Blisko natury Kup czyste p\u0142\u00f3tno malarskie i przytwierd\u017a do niego pi\u0119kny wianek z suszonych kwiat\u00f3w. To genialny w swej prostocie pomys\u0142, kt\u00f3ry w po\u0142\u0105czeniu ze \u015bwiat\u0142em i naturalnymi meblami stworzy niepowtarzalny efekt.\" \/>\n<meta property=\"og:url\" content=\"https:\/\/www.empikfoto.pl\/blog\/pomysly-udekorowanie-przestrzeni-nad-kanapa\/\" \/>\n<meta property=\"og:site_name\" content=\"blog.empikfoto.pl\" \/>\n<meta property=\"article:publisher\" content=\"https:\/\/www.facebook.com\/empikfotopl\/\" \/>\n<meta property=\"article:published_time\" content=\"2020-10-07T09:57:38+00:00\" \/>\n<meta property=\"article:modified_time\" content=\"2023-06-30T06:56:50+00:00\" \/>\n<meta name=\"author\" content=\"Patrycja\" \/>\n<meta name=\"twitter:card\" content=\"summary_large_image\" \/>\n<meta name=\"twitter:creator\" content=\"@empikfoto\" \/>\n<meta name=\"twitter:site\" content=\"@empikfoto\" \/>\n<meta name=\"twitter:label1\" content=\"Napisane przez\" \/>\n\t<meta name=\"twitter:data1\" content=\"Patrycja\" \/>\n\t<meta name=\"twitter:label2\" content=\"Szacowany czas czytania\" \/>\n\t<meta name=\"twitter:data2\" content=\"2 minuty\" \/>\n<script type=\"application\/ld+json\" class=\"yoast-schema-graph\">{\"@context\":\"https:\\\/\\\/schema.org\",\"@graph\":[{\"@type\":\"Article\",\"@id\":\"https:\\\/\\\/www.empikfoto.pl\\\/blog\\\/pomysly-udekorowanie-przestrzeni-nad-kanapa\\\/#article\",\"isPartOf\":{\"@id\":\"https:\\\/\\\/www.empikfoto.pl\\\/blog\\\/pomysly-udekorowanie-przestrzeni-nad-kanapa\\\/\"},\"author\":{\"name\":\"Patrycja\",\"@id\":\"https:\\\/\\\/www.empikfoto.pl\\\/blog\\\/#\\\/schema\\\/person\\\/0313802ca5dac502e3266853c59632c0\"},\"headline\":\"Pomys\u0142y na udekorowanie przestrzeni nad kanap\u0105\",\"datePublished\":\"2020-10-07T09:57:38+00:00\",\"dateModified\":\"2023-06-30T06:56:50+00:00\",\"mainEntityOfPage\":{\"@id\":\"https:\\\/\\\/www.empikfoto.pl\\\/blog\\\/pomysly-udekorowanie-przestrzeni-nad-kanapa\\\/\"},\"wordCount\":399,\"articleSection\":[\"INSPIRACJE\"],\"inLanguage\":\"pl-PL\"},{\"@type\":\"WebPage\",\"@id\":\"https:\\\/\\\/www.empikfoto.pl\\\/blog\\\/pomysly-udekorowanie-przestrzeni-nad-kanapa\\\/\",\"url\":\"https:\\\/\\\/www.empikfoto.pl\\\/blog\\\/pomysly-udekorowanie-przestrzeni-nad-kanapa\\\/\",\"name\":\"Pomys\u0142y na udekorowanie przestrzeni nad kanap\u0105 | blog.empikfoto.pl\",\"isPartOf\":{\"@id\":\"https:\\\/\\\/www.empikfoto.pl\\\/blog\\\/#website\"},\"datePublished\":\"2020-10-07T09:57:38+00:00\",\"dateModified\":\"2023-06-30T06:56:50+00:00\",\"author\":{\"@id\":\"https:\\\/\\\/www.empikfoto.pl\\\/blog\\\/#\\\/schema\\\/person\\\/0313802ca5dac502e3266853c59632c0\"},\"breadcrumb\":{\"@id\":\"https:\\\/\\\/www.empikfoto.pl\\\/blog\\\/pomysly-udekorowanie-przestrzeni-nad-kanapa\\\/#breadcrumb\"},\"inLanguage\":\"pl-PL\",\"potentialAction\":[{\"@type\":\"ReadAction\",\"target\":[\"https:\\\/\\\/www.empikfoto.pl\\\/blog\\\/pomysly-udekorowanie-przestrzeni-nad-kanapa\\\/\"]}]},{\"@type\":\"BreadcrumbList\",\"@id\":\"https:\\\/\\\/www.empikfoto.pl\\\/blog\\\/pomysly-udekorowanie-przestrzeni-nad-kanapa\\\/#breadcrumb\",\"itemListElement\":[{\"@type\":\"ListItem\",\"position\":1,\"name\":\"Strona g\u0142\u00f3wna\",\"item\":\"https:\\\/\\\/www.empikfoto.pl\\\/blog\\\/\"},{\"@type\":\"ListItem\",\"position\":2,\"name\":\"Pomys\u0142y na udekorowanie przestrzeni nad kanap\u0105\"}]},{\"@type\":\"WebSite\",\"@id\":\"https:\\\/\\\/www.empikfoto.pl\\\/blog\\\/#website\",\"url\":\"https:\\\/\\\/www.empikfoto.pl\\\/blog\\\/\",\"name\":\"blog.empikfoto.pl\",\"description\":\"Poznaj empikfoto.pl od \u015brodka! Dowiedz si\u0119 wi\u0119cej o odbitkach, fotoksi\u0105\u017ckach i fotografii.\",\"potentialAction\":[{\"@type\":\"SearchAction\",\"target\":{\"@type\":\"EntryPoint\",\"urlTemplate\":\"https:\\\/\\\/www.empikfoto.pl\\\/blog\\\/?s={search_term_string}\"},\"query-input\":{\"@type\":\"PropertyValueSpecification\",\"valueRequired\":true,\"valueName\":\"search_term_string\"}}],\"inLanguage\":\"pl-PL\"},{\"@type\":\"Person\",\"@id\":\"https:\\\/\\\/www.empikfoto.pl\\\/blog\\\/#\\\/schema\\\/person\\\/0313802ca5dac502e3266853c59632c0\",\"name\":\"Patrycja\",\"image\":{\"@type\":\"ImageObject\",\"inLanguage\":\"pl-PL\",\"@id\":\"https:\\\/\\\/secure.gravatar.com\\\/avatar\\\/f25168e12215ad42f58e5fb72881daaeb57bd4f907081046016f64bf167db59f?s=96&d=identicon&r=g\",\"url\":\"https:\\\/\\\/secure.gravatar.com\\\/avatar\\\/f25168e12215ad42f58e5fb72881daaeb57bd4f907081046016f64bf167db59f?s=96&d=identicon&r=g\",\"contentUrl\":\"https:\\\/\\\/secure.gravatar.com\\\/avatar\\\/f25168e12215ad42f58e5fb72881daaeb57bd4f907081046016f64bf167db59f?s=96&d=identicon&r=g\",\"caption\":\"Patrycja\"},\"url\":\"https:\\\/\\\/www.empikfoto.pl\\\/blog\\\/author\\\/patrycja\\\/\"}]}<\/script>\n<!-- \/ Yoast SEO plugin. -->","yoast_head_json":{"title":"Pomys\u0142y na udekorowanie przestrzeni nad kanap\u0105 | blog.empikfoto.pl","robots":{"index":"index","follow":"follow","max-snippet":"max-snippet:-1","max-image-preview":"max-image-preview:large","max-video-preview":"max-video-preview:-1"},"canonical":"https:\/\/www.empikfoto.pl\/blog\/pomysly-udekorowanie-przestrzeni-nad-kanapa\/","og_locale":"pl_PL","og_type":"article","og_title":"Pomys\u0142y na udekorowanie przestrzeni nad kanap\u0105 | blog.empikfoto.pl","og_description":"Salon jest miejscem, w kt\u00f3rym sp\u0119dzasz najwi\u0119cej czasu ze swoimi go\u015b\u0107mi. Jako dobry gospodarz, chcesz, by ta przestrze\u0144 by\u0142a przyjazna i funkcjonalna. Jednym z najlepszych sposob\u00f3w, \u017ceby to osi\u0105gn\u0105\u0107, jest staranne zaprojektowanie przestrzeni za kanap\u0105. Sprawd\u017a nasze pomys\u0142y! Du\u017ca \u015bciana z cegie\u0142 \u015aciana z cegie\u0142 b\u0119dzie idealnym t\u0142em dla eklektycznej galerii zdj\u0119\u0107 i obraz\u00f3w umieszczonej nad kanap\u0105. R\u00f3\u017cnorodna tematyka wkomponowana w niejednorodne estetyczne ramki to oryginalny spos\u00f3b na prezentacj\u0119 Twoich upodoba\u0144. &nbsp; Zabawne zdj\u0119cia Wybierz swoje ulubione zdj\u0119cia i wydrukuj je w du\u017cym rozmiarze, by stworzy\u0107 przyci\u0105gaj\u0105c\u0105 oko kompozycj\u0119. Du\u017ce, czarno-bia\u0142e fotografie mog\u0105 sta\u0107 si\u0119 wspania\u0142ymi dzie\u0142ami sztuki, czyni\u0105c przestrze\u0144 nad sofa centralnym punktem salonu. &nbsp; Lustereczko, powiedz przecie\u2026 Powieszenie lustra nad sof\u0105 nie jest nowym trendem, lecz nadal bardzo efektownym i popularnym. Lustro pi\u0119knie podkre\u015bli ascetyczny wystr\u00f3j wn\u0119trza i niezawodnie przykuje uwag\u0119. &nbsp; Co\u015b neutralnego Granat, szaro\u015b\u0107 czy biel to popularne odcienie wybierane jako t\u0142o galerii \u015bciennej. Spr\u00f3buj jednak wyeksponowa\u0107 je jako g\u0142\u00f3wne kolory, podkre\u015blaj\u0105c je na przyk\u0142ad kontrastuj\u0105c\u0105 ramk\u0105 na zdj\u0119cia. &nbsp; Zosta\u0144 w domu W zabieganym \u015bwiecie warto pami\u0119ta\u0107 o chwili oddechu. Powie\u015b za sof\u0105 oprawiony cytat, przypominaj\u0105cy o tym, \u017ce dom to Tw\u00f3j azyl i czasem warto w nim zosta\u0107. &nbsp; Subtelna symetria Dekoruj\u0105c przestrze\u0144 za sof\u0105, spr\u00f3buj zachowa\u0107 symetri\u0119, u\u017cywaj\u0105c przedmiot\u00f3w o podobnych wymiarach, jednak delikatnie r\u00f3\u017cni\u0105cych si\u0119 form\u0105 lub kolorem. &nbsp; Zachowaj umiar Jasnoniebieska \u015bciana z bia\u0142ymi akcentami i dost\u0119pem naturalnego \u015bwiat\u0142a stworzy wra\u017cenie domu na pla\u017cy. By dope\u0142ni\u0107 efekt, nad sof\u0105 powie\u015b du\u017cy, jasny obraz. &nbsp; Najwa\u017cniejsze jest \u015bwiat\u0142o Du\u017ce lustro na \u015bcianie odbija \u015bwiat\u0142o i sprawia, \u017ce wn\u0119trze wydaje si\u0119 bardziej przestronne, a jednocze\u015bnie przytulne. &nbsp; \u015aciana z rodzinnymi zdj\u0119ciami \u015aciana ze zdj\u0119ciami to \u015bwietny pomys\u0142, by nada\u0107 przytulno\u015bci du\u017cym, ch\u0142odnym wn\u0119trzom. Rodzinna galeria szybko stanie si\u0119 centralnym punktem pokoju. &nbsp; Blisko natury Kup czyste p\u0142\u00f3tno malarskie i przytwierd\u017a do niego pi\u0119kny wianek z suszonych kwiat\u00f3w. To genialny w swej prostocie pomys\u0142, kt\u00f3ry w po\u0142\u0105czeniu ze \u015bwiat\u0142em i naturalnymi meblami stworzy niepowtarzalny efekt.","og_url":"https:\/\/www.empikfoto.pl\/blog\/pomysly-udekorowanie-przestrzeni-nad-kanapa\/","og_site_name":"blog.empikfoto.pl","article_publisher":"https:\/\/www.facebook.com\/empikfotopl\/","article_published_time":"2020-10-07T09:57:38+00:00","article_modified_time":"2023-06-30T06:56:50+00:00","author":"Patrycja","twitter_card":"summary_large_image","twitter_creator":"@empikfoto","twitter_site":"@empikfoto","twitter_misc":{"Napisane przez":"Patrycja","Szacowany czas czytania":"2 minuty"},"schema":{"@context":"https:\/\/schema.org","@graph":[{"@type":"Article","@id":"https:\/\/www.empikfoto.pl\/blog\/pomysly-udekorowanie-przestrzeni-nad-kanapa\/#article","isPartOf":{"@id":"https:\/\/www.empikfoto.pl\/blog\/pomysly-udekorowanie-przestrzeni-nad-kanapa\/"},"author":{"name":"Patrycja","@id":"https:\/\/www.empikfoto.pl\/blog\/#\/schema\/person\/0313802ca5dac502e3266853c59632c0"},"headline":"Pomys\u0142y na udekorowanie przestrzeni nad kanap\u0105","datePublished":"2020-10-07T09:57:38+00:00","dateModified":"2023-06-30T06:56:50+00:00","mainEntityOfPage":{"@id":"https:\/\/www.empikfoto.pl\/blog\/pomysly-udekorowanie-przestrzeni-nad-kanapa\/"},"wordCount":399,"articleSection":["INSPIRACJE"],"inLanguage":"pl-PL"},{"@type":"WebPage","@id":"https:\/\/www.empikfoto.pl\/blog\/pomysly-udekorowanie-przestrzeni-nad-kanapa\/","url":"https:\/\/www.empikfoto.pl\/blog\/pomysly-udekorowanie-przestrzeni-nad-kanapa\/","name":"Pomys\u0142y na udekorowanie przestrzeni nad kanap\u0105 | blog.empikfoto.pl","isPartOf":{"@id":"https:\/\/www.empikfoto.pl\/blog\/#website"},"datePublished":"2020-10-07T09:57:38+00:00","dateModified":"2023-06-30T06:56:50+00:00","author":{"@id":"https:\/\/www.empikfoto.pl\/blog\/#\/schema\/person\/0313802ca5dac502e3266853c59632c0"},"breadcrumb":{"@id":"https:\/\/www.empikfoto.pl\/blog\/pomysly-udekorowanie-przestrzeni-nad-kanapa\/#breadcrumb"},"inLanguage":"pl-PL","potentialAction":[{"@type":"ReadAction","target":["https:\/\/www.empikfoto.pl\/blog\/pomysly-udekorowanie-przestrzeni-nad-kanapa\/"]}]},{"@type":"BreadcrumbList","@id":"https:\/\/www.empikfoto.pl\/blog\/pomysly-udekorowanie-przestrzeni-nad-kanapa\/#breadcrumb","itemListElement":[{"@type":"ListItem","position":1,"name":"Strona g\u0142\u00f3wna","item":"https:\/\/www.empikfoto.pl\/blog\/"},{"@type":"ListItem","position":2,"name":"Pomys\u0142y na udekorowanie przestrzeni nad kanap\u0105"}]},{"@type":"WebSite","@id":"https:\/\/www.empikfoto.pl\/blog\/#website","url":"https:\/\/www.empikfoto.pl\/blog\/","name":"blog.empikfoto.pl","description":"Poznaj empikfoto.pl od \u015brodka! Dowiedz si\u0119 wi\u0119cej o odbitkach, fotoksi\u0105\u017ckach i fotografii.","potentialAction":[{"@type":"SearchAction","target":{"@type":"EntryPoint","urlTemplate":"https:\/\/www.empikfoto.pl\/blog\/?s={search_term_string}"},"query-input":{"@type":"PropertyValueSpecification","valueRequired":true,"valueName":"search_term_string"}}],"inLanguage":"pl-PL"},{"@type":"Person","@id":"https:\/\/www.empikfoto.pl\/blog\/#\/schema\/person\/0313802ca5dac502e3266853c59632c0","name":"Patrycja","image":{"@type":"ImageObject","inLanguage":"pl-PL","@id":"https:\/\/secure.gravatar.com\/avatar\/f25168e12215ad42f58e5fb72881daaeb57bd4f907081046016f64bf167db59f?s=96&d=identicon&r=g","url":"https:\/\/secure.gravatar.com\/avatar\/f25168e12215ad42f58e5fb72881daaeb57bd4f907081046016f64bf167db59f?s=96&d=identicon&r=g","contentUrl":"https:\/\/secure.gravatar.com\/avatar\/f25168e12215ad42f58e5fb72881daaeb57bd4f907081046016f64bf167db59f?s=96&d=identicon&r=g","caption":"Patrycja"},"url":"https:\/\/www.empikfoto.pl\/blog\/author\/patrycja\/"}]}},"amp_enabled":true,"_links":{"self":[{"href":"https:\/\/www.empikfoto.pl\/blog\/wp-json\/wp\/v2\/posts\/11417","targetHints":{"allow":["GET"]}}],"collection":[{"href":"https:\/\/www.empikfoto.pl\/blog\/wp-json\/wp\/v2\/posts"}],"about":[{"href":"https:\/\/www.empikfoto.pl\/blog\/wp-json\/wp\/v2\/types\/post"}],"author":[{"embeddable":true,"href":"https:\/\/www.empikfoto.pl\/blog\/wp-json\/wp\/v2\/users\/16"}],"replies":[{"embeddable":true,"href":"https:\/\/www.empikfoto.pl\/blog\/wp-json\/wp\/v2\/comments?post=11417"}],"version-history":[{"count":1,"href":"https:\/\/www.empikfoto.pl\/blog\/wp-json\/wp\/v2\/posts\/11417\/revisions"}],"predecessor-version":[{"id":11418,"href":"https:\/\/www.empikfoto.pl\/blog\/wp-json\/wp\/v2\/posts\/11417\/revisions\/11418"}],"wp:attachment":[{"href":"https:\/\/www.empikfoto.pl\/blog\/wp-json\/wp\/v2\/media?parent=11417"}],"wp:term":[{"taxonomy":"category","embeddable":true,"href":"https:\/\/www.empikfoto.pl\/blog\/wp-json\/wp\/v2\/categories?post=11417"},{"taxonomy":"post_tag","embeddable":true,"href":"https:\/\/www.empikfoto.pl\/blog\/wp-json\/wp\/v2\/tags?post=11417"}],"curies":[{"name":"wp","href":"https:\/\/api.w.org\/{rel}","templated":true}]}}