{"id":11462,"date":"2023-07-19T13:00:55","date_gmt":"2023-07-19T11:00:55","guid":{"rendered":"https:\/\/blog.empikfoto.pl\/?p=11462"},"modified":"2023-11-06T13:27:07","modified_gmt":"2023-11-06T12:27:07","slug":"wyjatkowe-pomysly-18-urodziny","status":"publish","type":"post","link":"https:\/\/www.empikfoto.pl\/blog\/wyjatkowe-pomysly-18-urodziny\/","title":{"rendered":"Wyj\u0105tkowe pomys\u0142y na prezent na 18 urodziny"},"content":{"rendered":"<p><strong>18-ty rok \u017cycia jest dla nas bardzo prze\u0142omowy.<\/strong> Dla nastolatka to dzie\u0144 symbolicznego przej\u015bcia w doros\u0142o\u015b\u0107, nabrania pe\u0142ni praw, otrzymania wymarzonego prawa jazdy czy dowodu osobistego. To dzie\u0144, na kt\u00f3ry czekamy i kt\u00f3rego ze zniecierpliwieniem wypatrujemy. Dlatego w\u0142a\u015bnie opr\u00f3cz \u015bwi\u0119towania, powinni\u015bmy zadba\u0107 o jego zapami\u0119tanie na wiele kolejnych lat. Oto nasze sprawdzone <a href=\"https:\/\/www.empikfoto.pl\/prezenty-na-18-urodziny\"><strong>pomys\u0142y na<\/strong> <strong>prezent na 18 urodziny<\/strong><\/a>, kt\u00f3ry pozwoli zachowa\u0107 ten dzie\u0144 w pami\u0119ci na zawsze.<\/p>\n<p><!--more--><\/p>\n<h2><strong>Prezent na 18 dla ch\u0142opaka \u2013 co wybra\u0107?\u00a0<\/strong><\/h2>\n<p>Wybieraj\u0105c prezent naszemu obdarowywanemu, nale\u017cy przede wszystkim wzi\u0105\u0107 pod uwag\u0119<strong> zainteresowania, charakter i gust jubilata<\/strong>. Osiemnaste urodziny zwykle s\u0105 obchodzone bardzo hucznie, wi\u0119c warto postawi\u0107 na <strong>prezent, kt\u00f3ry spe\u0142ni wieloletnie marzenie jubilata<\/strong> \u2013 nie tylko to o doros\u0142o\u015bci! Oto kilka pomys\u0142\u00f3w, kt\u00f3re stanowi\u0105 idealny prezent na 18 dla ch\u0142opaka:<\/p>\n<ul>\n<li data-leveltext=\"\uf0b7\" data-font=\"Symbol\" data-listid=\"1\" data-list-defn-props=\"{&quot;335551671&quot;:18,&quot;335552541&quot;:1,&quot;335559684&quot;:-2,&quot;335559685&quot;:720,&quot;335559991&quot;:360,&quot;469769226&quot;:&quot;Symbol&quot;,&quot;469769242&quot;:[8226],&quot;469777803&quot;:&quot;left&quot;,&quot;469777804&quot;:&quot;\uf0b7&quot;,&quot;469777815&quot;:&quot;hybridMultilevel&quot;}\" aria-setsize=\"-1\" data-aria-posinset=\"18\" data-aria-level=\"1\"><strong>Wymarzony gad\u017cet technologiczny<\/strong> (smartwatch, dron, konsola do gry, s\u0142uchawki). W czasach, gdy wi\u0119kszo\u015b\u0107 naszego czasu korzystamy z technologii \u2013 prezent wr\u0119cz wskazany!<\/li>\n<li data-leveltext=\"\uf0b7\" data-font=\"Symbol\" data-listid=\"1\" data-list-defn-props=\"{&quot;335551671&quot;:18,&quot;335552541&quot;:1,&quot;335559684&quot;:-2,&quot;335559685&quot;:720,&quot;335559991&quot;:360,&quot;469769226&quot;:&quot;Symbol&quot;,&quot;469769242&quot;:[8226],&quot;469777803&quot;:&quot;left&quot;,&quot;469777804&quot;:&quot;\uf0b7&quot;,&quot;469777815&quot;:&quot;hybridMultilevel&quot;}\" aria-setsize=\"-1\" data-aria-posinset=\"18\" data-aria-level=\"1\"><strong>Bilet na koncert ukochanego zespo\u0142u<\/strong>, lub na letni festiwal muzyczny. \u015awietna zabawa i wspomnienia na zawsze w jednym!<\/li>\n<li data-leveltext=\"\uf0b7\" data-font=\"Symbol\" data-listid=\"1\" data-list-defn-props=\"{&quot;335551671&quot;:18,&quot;335552541&quot;:1,&quot;335559684&quot;:-2,&quot;335559685&quot;:720,&quot;335559991&quot;:360,&quot;469769226&quot;:&quot;Symbol&quot;,&quot;469769242&quot;:[8226],&quot;469777803&quot;:&quot;left&quot;,&quot;469777804&quot;:&quot;\uf0b7&quot;,&quot;469777815&quot;:&quot;hybridMultilevel&quot;}\" aria-setsize=\"-1\" data-aria-posinset=\"18\" data-aria-level=\"1\"><strong>Dawka adrenaliny<\/strong>, np. skok na bungee, skok ze spadochronem, przeja\u017cd\u017cka sportowym samochodem, lot w tunelu aerodynamicznym czy kurs nurkowania. To gwarancja \u015bwietnej zabawy i idealny moment, by z\u0142apa\u0107 \u017cycie za rogi!<\/li>\n<li data-leveltext=\"\uf0b7\" data-font=\"Symbol\" data-listid=\"1\" data-list-defn-props=\"{&quot;335551671&quot;:18,&quot;335552541&quot;:1,&quot;335559684&quot;:-2,&quot;335559685&quot;:720,&quot;335559991&quot;:360,&quot;469769226&quot;:&quot;Symbol&quot;,&quot;469769242&quot;:[8226],&quot;469777803&quot;:&quot;left&quot;,&quot;469777804&quot;:&quot;\uf0b7&quot;,&quot;469777815&quot;:&quot;hybridMultilevel&quot;}\" aria-setsize=\"-1\" data-aria-posinset=\"18\" data-aria-level=\"1\"><strong>Sprz\u0119t sportowy dostosowany do zainteresowa\u0144<\/strong>, np. popularna deska SUP, deska do windsurfingu, narty czy dobry rower to rzeczy, kt\u00f3re z pewno\u015bci\u0105 doceni aktywny i dbaj\u0105cy o form\u0119 jubilat. Nie przejmuj si\u0119, je\u015bli nie czujesz si\u0119 mocny w tej dziedzinie \u2013 w specjalistycznych sklepach sportowych wspomog\u0105 Tw\u00f3j wyb\u00f3r wyszkoleni konsultanci i sprzedawcy.<\/li>\n<li data-leveltext=\"\uf0b7\" data-font=\"Symbol\" data-listid=\"1\" data-list-defn-props=\"{&quot;335551671&quot;:18,&quot;335552541&quot;:1,&quot;335559684&quot;:-2,&quot;335559685&quot;:720,&quot;335559991&quot;:360,&quot;469769226&quot;:&quot;Symbol&quot;,&quot;469769242&quot;:[8226],&quot;469777803&quot;:&quot;left&quot;,&quot;469777804&quot;:&quot;\uf0b7&quot;,&quot;469777815&quot;:&quot;hybridMultilevel&quot;}\" aria-setsize=\"-1\" data-aria-posinset=\"18\" data-aria-level=\"1\"><strong>Voucher na podr\u00f3\u017c lub wycieczk\u0119<\/strong> \u2013 solo lub ze znajomymi. Zarezerwuj zaciszne miejsce na imprez\u0119 lub weekendowy citybreak do jednego z turystycznych miast, by prze\u017cy\u0107 wsp\u00f3lnie z jubilatem ten wyj\u0105tkowy dzie\u0144. Kilka klikni\u0119\u0107 i prezent na 18 urodziny gotowy!<\/li>\n<li data-leveltext=\"\uf0b7\" data-font=\"Symbol\" data-listid=\"1\" data-list-defn-props=\"{&quot;335551671&quot;:18,&quot;335552541&quot;:1,&quot;335559684&quot;:-2,&quot;335559685&quot;:720,&quot;335559991&quot;:360,&quot;469769226&quot;:&quot;Symbol&quot;,&quot;469769242&quot;:[8226],&quot;469777803&quot;:&quot;left&quot;,&quot;469777804&quot;:&quot;\uf0b7&quot;,&quot;469777815&quot;:&quot;hybridMultilevel&quot;}\" aria-setsize=\"-1\" data-aria-posinset=\"18\" data-aria-level=\"1\"><strong>Kurs online zwi\u0105zany z zainteresowaniem jubilata<\/strong>, np. programowaniem, nauk\u0105 nowego j\u0119zyka, bezpiecznej jazdy na torze. To prosty pomys\u0142 na prezent na 18 urodziny, kt\u00f3ry chwyci za serce obdarowanego.<\/li>\n<li data-leveltext=\"\uf0b7\" data-font=\"Symbol\" data-listid=\"1\" data-list-defn-props=\"{&quot;335551671&quot;:18,&quot;335552541&quot;:1,&quot;335559684&quot;:-2,&quot;335559685&quot;:720,&quot;335559991&quot;:360,&quot;469769226&quot;:&quot;Symbol&quot;,&quot;469769242&quot;:[8226],&quot;469777803&quot;:&quot;left&quot;,&quot;469777804&quot;:&quot;\uf0b7&quot;,&quot;469777815&quot;:&quot;hybridMultilevel&quot;}\" aria-setsize=\"-1\" data-aria-posinset=\"18\" data-aria-level=\"1\"><a href=\"https:\/\/www.empikfoto.pl\/fotokoszulki\"><strong>Koszulka lub bluza personalizowana<\/strong><\/a>, np. z charakterystycznym dla jubilata powiedzeniem lub kola\u017cem zdj\u0119\u0107 rzeczy, kt\u00f3re si\u0119 z nim kojarz\u0105. U\u015bmiech gwarantowany!<\/li>\n<\/ul>\n<p><img loading=\"lazy\" decoding=\"async\" class=\"aligncenter size-full wp-image-12390\" src=\"https:\/\/www.empikfoto.pl\/blog\/empikfoto\/2014\/10\/pomysly-na-prezent-na-18.jpg\" alt=\"pomys\u0142y na prezent na 18\" width=\"1000\" height=\"667\" srcset=\"https:\/\/www.empikfoto.pl\/blog\/empikfoto\/2014\/10\/pomysly-na-prezent-na-18.jpg 1000w, https:\/\/www.empikfoto.pl\/blog\/empikfoto\/2014\/10\/pomysly-na-prezent-na-18-300x200.jpg 300w, https:\/\/www.empikfoto.pl\/blog\/empikfoto\/2014\/10\/pomysly-na-prezent-na-18-768x512.jpg 768w, https:\/\/www.empikfoto.pl\/blog\/empikfoto\/2014\/10\/pomysly-na-prezent-na-18-330x220.jpg 330w, https:\/\/www.empikfoto.pl\/blog\/empikfoto\/2014\/10\/pomysly-na-prezent-na-18-400x267.jpg 400w\" sizes=\"auto, (max-width: 1000px) 100vw, 1000px\" \/><\/p>\n<h2><strong>Pomys\u0142y na prezent na 18 dla dziewczyny\u00a0<\/strong><\/h2>\n<p>18 urodziny dziewczyny to wyj\u0105tkowy dzie\u0144, kt\u00f3ry zas\u0142uguje na wyj\u0105tkowy prezent. Tym samym, warto dok\u0142adnie przemy\u015ble\u0107 podarunek, by przypomina\u0142 o wej\u015bciu w doros\u0142o\u015b\u0107. Warto, by by\u0142 sentymentalny i sprawi\u0142, \u017ce obdarowana osoba poczuje si\u0119 najwa\u017cniejsza na \u015bwiecie. <strong>Szukasz pomys\u0142u na idealny prezent na 18 dla dziewczyny? Sprawd\u017a nasze propozycje:\u00a0<\/strong><\/p>\n<ul>\n<li data-leveltext=\"\uf0b7\" data-font=\"Symbol\" data-listid=\"1\" data-list-defn-props=\"{&quot;335551671&quot;:18,&quot;335552541&quot;:1,&quot;335559684&quot;:-2,&quot;335559685&quot;:720,&quot;335559991&quot;:360,&quot;469769226&quot;:&quot;Symbol&quot;,&quot;469769242&quot;:[8226],&quot;469777803&quot;:&quot;left&quot;,&quot;469777804&quot;:&quot;\uf0b7&quot;,&quot;469777815&quot;:&quot;hybridMultilevel&quot;}\" aria-setsize=\"-1\" data-aria-posinset=\"18\" data-aria-level=\"1\"><a href=\"https:\/\/www.empikfoto.pl\/bizuteria\"><strong>Pi\u0119kna bi\u017cuteria, np. z grawerem<\/strong><\/a> lub kamieniem szlachetnym to pomys\u0142 na prezent, kt\u00f3ry rozczuli niejedn\u0105 sentymentaln\u0105 jubilatk\u0119. Je\u015bli jubilatka przywi\u0105zuje wag\u0119 do szczeg\u00f3\u0142\u00f3w, a swoj\u0105 bi\u017cuteri\u0119 traktuje niemal\u017ce jak amulety \u2013 postaw na drobny upominek z tej w\u0142a\u015bnie kategorii.<\/li>\n<li data-leveltext=\"\uf0b7\" data-font=\"Symbol\" data-listid=\"1\" data-list-defn-props=\"{&quot;335551671&quot;:18,&quot;335552541&quot;:1,&quot;335559684&quot;:-2,&quot;335559685&quot;:720,&quot;335559991&quot;:360,&quot;469769226&quot;:&quot;Symbol&quot;,&quot;469769242&quot;:[8226],&quot;469777803&quot;:&quot;left&quot;,&quot;469777804&quot;:&quot;\uf0b7&quot;,&quot;469777815&quot;:&quot;hybridMultilevel&quot;}\" aria-setsize=\"-1\" data-aria-posinset=\"18\" data-aria-level=\"1\"><strong>Luksusowe kosmetyki lub kosmetyki ulubionej marki<\/strong> to uniwersalny pomys\u0142 na prezent na 18 dla dziewczyny. Sprawd\u017a, jakich marek najch\u0119tniej u\u017cywa lub co mo\u017ce znajdowa\u0107 si\u0119 na jej li\u015bcie \u017cycze\u0144 i\u2026 spe\u0142nij to marzenie!<\/li>\n<li data-leveltext=\"\uf0b7\" data-font=\"Symbol\" data-listid=\"1\" data-list-defn-props=\"{&quot;335551671&quot;:18,&quot;335552541&quot;:1,&quot;335559684&quot;:-2,&quot;335559685&quot;:720,&quot;335559991&quot;:360,&quot;469769226&quot;:&quot;Symbol&quot;,&quot;469769242&quot;:[8226],&quot;469777803&quot;:&quot;left&quot;,&quot;469777804&quot;:&quot;\uf0b7&quot;,&quot;469777815&quot;:&quot;hybridMultilevel&quot;}\" aria-setsize=\"-1\" data-aria-posinset=\"18\" data-aria-level=\"1\"><strong>Voucher na zabieg SPA<\/strong>, kt\u00f3ry rozlu\u017ani jubilatk\u0119 i sprawi, \u017ce wej\u015bcie w doros\u0142o\u015b\u0107 b\u0119dzie niemo\u017cliwie przyjemne!<\/li>\n<li data-leveltext=\"\uf0b7\" data-font=\"Symbol\" data-listid=\"1\" data-list-defn-props=\"{&quot;335551671&quot;:18,&quot;335552541&quot;:1,&quot;335559684&quot;:-2,&quot;335559685&quot;:720,&quot;335559991&quot;:360,&quot;469769226&quot;:&quot;Symbol&quot;,&quot;469769242&quot;:[8226],&quot;469777803&quot;:&quot;left&quot;,&quot;469777804&quot;:&quot;\uf0b7&quot;,&quot;469777815&quot;:&quot;hybridMultilevel&quot;}\" aria-setsize=\"-1\" data-aria-posinset=\"18\" data-aria-level=\"1\"><strong>Ulubione akcesoria<\/strong>, np. torebka, okulary przeciws\u0142oneczne, apaszka czy koc. Je\u015bli dobrze znasz gust jubilatki i wiesz, co mo\u017ce jej si\u0119 spodoba\u0107, spr\u00f3buj swoich si\u0142 w tych kategoriach. Obdarowana z pewno\u015bci\u0105 doceni to, jak dobrze j\u0105 znasz.<\/li>\n<li data-leveltext=\"\uf0b7\" data-font=\"Symbol\" data-listid=\"1\" data-list-defn-props=\"{&quot;335551671&quot;:18,&quot;335552541&quot;:1,&quot;335559684&quot;:-2,&quot;335559685&quot;:720,&quot;335559991&quot;:360,&quot;469769226&quot;:&quot;Symbol&quot;,&quot;469769242&quot;:[8226],&quot;469777803&quot;:&quot;left&quot;,&quot;469777804&quot;:&quot;\uf0b7&quot;,&quot;469777815&quot;:&quot;hybridMultilevel&quot;}\" aria-setsize=\"-1\" data-aria-posinset=\"18\" data-aria-level=\"1\"><strong>Spersonalizowany album<\/strong>, np. scrapbook, <a href=\"https:\/\/www.empikfoto.pl\/fotoksiazki\"><strong>fotoksi\u0105\u017cka<\/strong> <\/a>czy fotozeszyt. Z pewno\u015bci\u0105 macie dziesi\u0105tki, jak nie setki zdj\u0119\u0107 z ostatnich lat przyja\u017ani \u2013 wykorzystaj je wi\u0119c do stworzenia pi\u0119knej, personalizowanej fotoksi\u0105\u017cki. Opr\u00f3cz zdj\u0119\u0107, mo\u017cesz wykorzysta\u0107 podpisy z datami, Wasze ulubione powiedzonka czy \u017carty, kt\u00f3re rozumiecie tylko Wy. To pomys\u0142 na prezent na 18 urodziny, kt\u00f3ry wielu doprowadza do wzruszenia!<\/li>\n<li data-leveltext=\"\uf0b7\" data-font=\"Symbol\" data-listid=\"1\" data-list-defn-props=\"{&quot;335551671&quot;:18,&quot;335552541&quot;:1,&quot;335559684&quot;:-2,&quot;335559685&quot;:720,&quot;335559991&quot;:360,&quot;469769226&quot;:&quot;Symbol&quot;,&quot;469769242&quot;:[8226],&quot;469777803&quot;:&quot;left&quot;,&quot;469777804&quot;:&quot;\uf0b7&quot;,&quot;469777815&quot;:&quot;hybridMultilevel&quot;}\" aria-setsize=\"-1\" data-aria-posinset=\"18\" data-aria-level=\"1\"><strong>Zestaw przybor\u00f3w do pisania z grawerem<\/strong> to prezent, na kt\u00f3ry cz\u0119sto decyduj\u0105 si\u0119 rodzice, wujkowie lub ciocie, chc\u0105c podarowa\u0107 co\u015b naprawd\u0119 wyj\u0105tkowego. Taki d\u0142ugopis lub zestaw pi\u015bmienniczy cz\u0119sto towarzyszy obdarowanemu wiele lat doros\u0142o\u015bci.<\/li>\n<li data-leveltext=\"\uf0b7\" data-font=\"Symbol\" data-listid=\"1\" data-list-defn-props=\"{&quot;335551671&quot;:18,&quot;335552541&quot;:1,&quot;335559684&quot;:-2,&quot;335559685&quot;:720,&quot;335559991&quot;:360,&quot;469769226&quot;:&quot;Symbol&quot;,&quot;469769242&quot;:[8226],&quot;469777803&quot;:&quot;left&quot;,&quot;469777804&quot;:&quot;\uf0b7&quot;,&quot;469777815&quot;:&quot;hybridMultilevel&quot;}\" aria-setsize=\"-1\" data-aria-posinset=\"18\" data-aria-level=\"1\"><strong>Indywidualna sesja fotograficzna<\/strong> to pomys\u0142 na prezent na 18 dla dziewczyny, kt\u00f3ry otworzy j\u0105 przed obiektywem, pozwoli doceni\u0107 sw\u00f3j wygl\u0105d, poka\u017ce jej inne oblicze i umocni pewno\u015b\u0107 siebie. To pi\u0119kna pami\u0105tka okresu dorastania i okazja do sp\u0119dzenia czasu w niestandardowy spos\u00f3b. Wa\u017cne, by wybra\u0107 fotografa, kt\u00f3ry potrafi wsp\u00f3\u0142pracowa\u0107 na sesji indywidualnej i zamiast stresowa\u0107 \u2013 otworzy nasz\u0105 jubilatk\u0119 na nowe do\u015bwiadczenie.<\/li>\n<li data-leveltext=\"\uf0b7\" data-font=\"Symbol\" data-listid=\"1\" data-list-defn-props=\"{&quot;335551671&quot;:18,&quot;335552541&quot;:1,&quot;335559684&quot;:-2,&quot;335559685&quot;:720,&quot;335559991&quot;:360,&quot;469769226&quot;:&quot;Symbol&quot;,&quot;469769242&quot;:[8226],&quot;469777803&quot;:&quot;left&quot;,&quot;469777804&quot;:&quot;\uf0b7&quot;,&quot;469777815&quot;:&quot;hybridMultilevel&quot;}\" aria-setsize=\"-1\" data-aria-posinset=\"18\" data-aria-level=\"1\"><strong>Voucher na aktywno\u015b\u0107 zwi\u0105zan\u0105 z zainteresowaniem<\/strong>, np. malowanie przy winie, kurs ceramiki, kurs robienia bi\u017cuterii czy tworzenia \u015bwiec sojowych. To kilka kreatywnie sp\u0119dzonych godzin, mn\u00f3stwo nabytych umiej\u0119tno\u015bci, nowe relacje oraz masa inspiracji.<\/li>\n<\/ul>\n<p><img loading=\"lazy\" decoding=\"async\" class=\"aligncenter size-full wp-image-12389\" src=\"https:\/\/www.empikfoto.pl\/blog\/empikfoto\/2014\/10\/pomysly-na-prezent-na-18-urodziny1.jpg\" alt=\"osiemnaste urodziny\" width=\"1000\" height=\"667\" srcset=\"https:\/\/www.empikfoto.pl\/blog\/empikfoto\/2014\/10\/pomysly-na-prezent-na-18-urodziny1.jpg 1000w, https:\/\/www.empikfoto.pl\/blog\/empikfoto\/2014\/10\/pomysly-na-prezent-na-18-urodziny1-300x200.jpg 300w, https:\/\/www.empikfoto.pl\/blog\/empikfoto\/2014\/10\/pomysly-na-prezent-na-18-urodziny1-768x512.jpg 768w, https:\/\/www.empikfoto.pl\/blog\/empikfoto\/2014\/10\/pomysly-na-prezent-na-18-urodziny1-330x220.jpg 330w, https:\/\/www.empikfoto.pl\/blog\/empikfoto\/2014\/10\/pomysly-na-prezent-na-18-urodziny1-400x267.jpg 400w\" sizes=\"auto, (max-width: 1000px) 100vw, 1000px\" \/><\/p>\n<h2><strong>Uniwersalne pomys\u0142y na prezent na 18\u00a0<\/strong><\/h2>\n<p>Ogromn\u0105 popularno\u015bci\u0105 ciesz\u0105 si\u0119 tak\u017ce wszelkiego rodzaju <strong>\u015bmieszne prezenty na 18<\/strong>, takie jak: <a href=\"https:\/\/www.empikfoto.pl\/wystroj-wnetrz\/fotoplakaty\"><strong>plakat w formie ok\u0142adki gazety<\/strong><\/a>. Do tego gad\u017cety z zabawnymi napisami czy przedmioty, kt\u00f3re kojarz\u0105 si\u0119 ze staro\u015bci\u0105. To chyba jeden \u017cart\u00f3w, kt\u00f3ry nigdy nam si\u0119 nie znudzi! Je\u015bli za\u015b szukasz czego\u015b bardziej uniwersalnego, postaw na <a href=\"https:\/\/www.empikfoto.pl\/wszystkie-produkty\/notesy\"><strong>personalizowany kalendarz\/notes\/dziennik<\/strong><\/a>, kt\u00f3ry b\u0119dzie towarzyszy\u0142 obdarowanemu w ka\u017cdej chwili jego \u017cycia i stanie si\u0119 pewnego rodzaju \u201ecentrum dowodzenia\u201d.<\/p>\n<p>Je\u015bli za\u015b nasz jubilat b\u0105d\u017a jubilatka ch\u0119tnie si\u0119gaj\u0105 po <strong>technologiczne rozwi\u0105zania<\/strong>, jako prezent na urodziny wybierz abonament na ulubion\u0105 us\u0142ug\u0119, np. <strong>Legimi, Empik Go, Storytel czy Youtube Premium<\/strong>. To co\u015b, co nie tylko rozwija zainteresowania, ale tak\u017ce u\u0142atwia codzienne \u017cycie! Nasze pomys\u0142y na prezent na 18 Ci\u0119 nie przekona\u0142y? Na to te\u017c mamy rad\u0119! <strong>Zorganizuj jubilatowi przyj\u0119cie niespodziank\u0119<\/strong>, kt\u00f3rym uczcicie jego wej\u015bcie w doros\u0142o\u015b\u0107. Organizacja imprezy stanie si\u0119 \u015bwietnym prezentem samym w sobie. Do tego przygotuj <a href=\"https:\/\/www.empikfoto.pl\/zaproszenia-i-kartki\/kartki\"><strong>spersonalizowan\u0105 kartk\u0119 z okazji 18 urodzin<\/strong><\/a> pe\u0142n\u0105 szczerych \u017cycze\u0144 prosto z serca i\u2026 bawcie si\u0119 dobrze!<\/p>\n","protected":false},"excerpt":{"rendered":"<p>18-ty rok \u017cycia jest dla nas bardzo prze\u0142omowy. Dla nastolatka to dzie\u0144 symbolicznego przej\u015bcia w doros\u0142o\u015b\u0107, nabrania pe\u0142ni praw, otrzymania wymarzonego prawa jazdy czy dowodu osobistego. To dzie\u0144, na kt\u00f3ry czekamy i kt\u00f3rego ze zniecierpliwieniem wypatrujemy. Dlatego w\u0142a\u015bnie opr\u00f3cz \u015bwi\u0119towania, powinni\u015bmy zadba\u0107 o jego zapami\u0119tanie na wiele kolejnych lat. Oto nasze sprawdzone pomys\u0142y na prezent na 18 urodziny, kt\u00f3ry pozwoli zachowa\u0107 ten dzie\u0144 w pami\u0119ci na zawsze.<\/p>\n","protected":false},"author":16,"featured_media":12388,"comment_status":"closed","ping_status":"closed","sticky":true,"template":"","format":"standard","meta":{"footnotes":""},"categories":[786],"tags":[1123,1070,1087],"class_list":["post-11462","post","type-post","status-publish","format-standard","has-post-thumbnail","hentry","category-inspiracje","tag-18-urodziny","tag-pomysl-na-prezent","tag-urodziny"],"yoast_head":"<!-- This site is optimized with the Yoast SEO plugin v27.5 - https:\/\/yoast.com\/product\/yoast-seo-wordpress\/ -->\n<title>Wyj\u0105tkowe pomys\u0142y na prezent na 18 urodziny | Empik Foto<\/title>\n<meta name=\"description\" content=\"Prezent na 18 urodziny - dlaczego jest taki wa\u017cny? Zainspiruj si\u0119 naszym artyku\u0142em i spraw rado\u015b\u0107 solenizantowi!\" \/>\n<meta name=\"robots\" content=\"index, follow, max-snippet:-1, max-image-preview:large, max-video-preview:-1\" \/>\n<link rel=\"canonical\" href=\"https:\/\/www.empikfoto.pl\/blog\/wyjatkowe-pomysly-18-urodziny\/\" \/>\n<meta property=\"og:locale\" content=\"pl_PL\" \/>\n<meta property=\"og:type\" content=\"article\" \/>\n<meta property=\"og:title\" content=\"Wyj\u0105tkowe pomys\u0142y na prezent na 18 urodziny | Empik Foto\" \/>\n<meta property=\"og:description\" content=\"Prezent na 18 urodziny - dlaczego jest taki wa\u017cny? Zainspiruj si\u0119 naszym artyku\u0142em i spraw rado\u015b\u0107 solenizantowi!\" \/>\n<meta property=\"og:url\" content=\"https:\/\/www.empikfoto.pl\/blog\/wyjatkowe-pomysly-18-urodziny\/\" \/>\n<meta property=\"og:site_name\" content=\"blog.empikfoto.pl\" \/>\n<meta property=\"article:publisher\" content=\"https:\/\/www.facebook.com\/empikfotopl\/\" \/>\n<meta property=\"article:published_time\" content=\"2023-07-19T11:00:55+00:00\" \/>\n<meta property=\"article:modified_time\" content=\"2023-11-06T12:27:07+00:00\" \/>\n<meta property=\"og:image\" content=\"https:\/\/www.empikfoto.pl\/blog\/empikfoto\/2014\/10\/pomysly-na-prezent-na-18-urodziny2.jpg\" \/>\n\t<meta property=\"og:image:width\" content=\"1000\" \/>\n\t<meta property=\"og:image:height\" content=\"667\" \/>\n\t<meta property=\"og:image:type\" content=\"image\/jpeg\" \/>\n<meta name=\"author\" content=\"Patrycja\" \/>\n<meta name=\"twitter:card\" content=\"summary_large_image\" \/>\n<meta name=\"twitter:creator\" content=\"@empikfoto\" \/>\n<meta name=\"twitter:site\" content=\"@empikfoto\" \/>\n<meta name=\"twitter:label1\" content=\"Napisane przez\" \/>\n\t<meta name=\"twitter:data1\" content=\"Patrycja\" \/>\n\t<meta name=\"twitter:label2\" content=\"Szacowany czas czytania\" \/>\n\t<meta name=\"twitter:data2\" content=\"6 minut\" \/>\n<script type=\"application\/ld+json\" class=\"yoast-schema-graph\">{\"@context\":\"https:\\\/\\\/schema.org\",\"@graph\":[{\"@type\":\"Article\",\"@id\":\"https:\\\/\\\/www.empikfoto.pl\\\/blog\\\/wyjatkowe-pomysly-18-urodziny\\\/#article\",\"isPartOf\":{\"@id\":\"https:\\\/\\\/www.empikfoto.pl\\\/blog\\\/wyjatkowe-pomysly-18-urodziny\\\/\"},\"author\":{\"name\":\"Patrycja\",\"@id\":\"https:\\\/\\\/www.empikfoto.pl\\\/blog\\\/#\\\/schema\\\/person\\\/0313802ca5dac502e3266853c59632c0\"},\"headline\":\"Wyj\u0105tkowe pomys\u0142y na prezent na 18 urodziny\",\"datePublished\":\"2023-07-19T11:00:55+00:00\",\"dateModified\":\"2023-11-06T12:27:07+00:00\",\"mainEntityOfPage\":{\"@id\":\"https:\\\/\\\/www.empikfoto.pl\\\/blog\\\/wyjatkowe-pomysly-18-urodziny\\\/\"},\"wordCount\":1002,\"image\":{\"@id\":\"https:\\\/\\\/www.empikfoto.pl\\\/blog\\\/wyjatkowe-pomysly-18-urodziny\\\/#primaryimage\"},\"thumbnailUrl\":\"https:\\\/\\\/www.empikfoto.pl\\\/blog\\\/empikfoto\\\/2014\\\/10\\\/pomysly-na-prezent-na-18-urodziny2.jpg\",\"keywords\":[\"18 urodziny\",\"pomys\u0142 na prezent\",\"urodziny\"],\"articleSection\":[\"INSPIRACJE\"],\"inLanguage\":\"pl-PL\"},{\"@type\":\"WebPage\",\"@id\":\"https:\\\/\\\/www.empikfoto.pl\\\/blog\\\/wyjatkowe-pomysly-18-urodziny\\\/\",\"url\":\"https:\\\/\\\/www.empikfoto.pl\\\/blog\\\/wyjatkowe-pomysly-18-urodziny\\\/\",\"name\":\"Wyj\u0105tkowe pomys\u0142y na prezent na 18 urodziny | Empik Foto\",\"isPartOf\":{\"@id\":\"https:\\\/\\\/www.empikfoto.pl\\\/blog\\\/#website\"},\"primaryImageOfPage\":{\"@id\":\"https:\\\/\\\/www.empikfoto.pl\\\/blog\\\/wyjatkowe-pomysly-18-urodziny\\\/#primaryimage\"},\"image\":{\"@id\":\"https:\\\/\\\/www.empikfoto.pl\\\/blog\\\/wyjatkowe-pomysly-18-urodziny\\\/#primaryimage\"},\"thumbnailUrl\":\"https:\\\/\\\/www.empikfoto.pl\\\/blog\\\/empikfoto\\\/2014\\\/10\\\/pomysly-na-prezent-na-18-urodziny2.jpg\",\"datePublished\":\"2023-07-19T11:00:55+00:00\",\"dateModified\":\"2023-11-06T12:27:07+00:00\",\"author\":{\"@id\":\"https:\\\/\\\/www.empikfoto.pl\\\/blog\\\/#\\\/schema\\\/person\\\/0313802ca5dac502e3266853c59632c0\"},\"description\":\"Prezent na 18 urodziny - dlaczego jest taki wa\u017cny? Zainspiruj si\u0119 naszym artyku\u0142em i spraw rado\u015b\u0107 solenizantowi!\",\"breadcrumb\":{\"@id\":\"https:\\\/\\\/www.empikfoto.pl\\\/blog\\\/wyjatkowe-pomysly-18-urodziny\\\/#breadcrumb\"},\"inLanguage\":\"pl-PL\",\"potentialAction\":[{\"@type\":\"ReadAction\",\"target\":[\"https:\\\/\\\/www.empikfoto.pl\\\/blog\\\/wyjatkowe-pomysly-18-urodziny\\\/\"]}]},{\"@type\":\"ImageObject\",\"inLanguage\":\"pl-PL\",\"@id\":\"https:\\\/\\\/www.empikfoto.pl\\\/blog\\\/wyjatkowe-pomysly-18-urodziny\\\/#primaryimage\",\"url\":\"https:\\\/\\\/www.empikfoto.pl\\\/blog\\\/empikfoto\\\/2014\\\/10\\\/pomysly-na-prezent-na-18-urodziny2.jpg\",\"contentUrl\":\"https:\\\/\\\/www.empikfoto.pl\\\/blog\\\/empikfoto\\\/2014\\\/10\\\/pomysly-na-prezent-na-18-urodziny2.jpg\",\"width\":1000,\"height\":667,\"caption\":\"osiemnaste urodziny\"},{\"@type\":\"BreadcrumbList\",\"@id\":\"https:\\\/\\\/www.empikfoto.pl\\\/blog\\\/wyjatkowe-pomysly-18-urodziny\\\/#breadcrumb\",\"itemListElement\":[{\"@type\":\"ListItem\",\"position\":1,\"name\":\"Strona g\u0142\u00f3wna\",\"item\":\"https:\\\/\\\/www.empikfoto.pl\\\/blog\\\/\"},{\"@type\":\"ListItem\",\"position\":2,\"name\":\"Wyj\u0105tkowe pomys\u0142y na prezent na 18 urodziny\"}]},{\"@type\":\"WebSite\",\"@id\":\"https:\\\/\\\/www.empikfoto.pl\\\/blog\\\/#website\",\"url\":\"https:\\\/\\\/www.empikfoto.pl\\\/blog\\\/\",\"name\":\"blog.empikfoto.pl\",\"description\":\"Poznaj empikfoto.pl od \u015brodka! Dowiedz si\u0119 wi\u0119cej o odbitkach, fotoksi\u0105\u017ckach i fotografii.\",\"potentialAction\":[{\"@type\":\"SearchAction\",\"target\":{\"@type\":\"EntryPoint\",\"urlTemplate\":\"https:\\\/\\\/www.empikfoto.pl\\\/blog\\\/?s={search_term_string}\"},\"query-input\":{\"@type\":\"PropertyValueSpecification\",\"valueRequired\":true,\"valueName\":\"search_term_string\"}}],\"inLanguage\":\"pl-PL\"},{\"@type\":\"Person\",\"@id\":\"https:\\\/\\\/www.empikfoto.pl\\\/blog\\\/#\\\/schema\\\/person\\\/0313802ca5dac502e3266853c59632c0\",\"name\":\"Patrycja\",\"image\":{\"@type\":\"ImageObject\",\"inLanguage\":\"pl-PL\",\"@id\":\"https:\\\/\\\/secure.gravatar.com\\\/avatar\\\/f25168e12215ad42f58e5fb72881daaeb57bd4f907081046016f64bf167db59f?s=96&d=identicon&r=g\",\"url\":\"https:\\\/\\\/secure.gravatar.com\\\/avatar\\\/f25168e12215ad42f58e5fb72881daaeb57bd4f907081046016f64bf167db59f?s=96&d=identicon&r=g\",\"contentUrl\":\"https:\\\/\\\/secure.gravatar.com\\\/avatar\\\/f25168e12215ad42f58e5fb72881daaeb57bd4f907081046016f64bf167db59f?s=96&d=identicon&r=g\",\"caption\":\"Patrycja\"},\"url\":\"https:\\\/\\\/www.empikfoto.pl\\\/blog\\\/author\\\/patrycja\\\/\"}]}<\/script>\n<!-- \/ Yoast SEO plugin. -->","yoast_head_json":{"title":"Wyj\u0105tkowe pomys\u0142y na prezent na 18 urodziny | Empik Foto","description":"Prezent na 18 urodziny - dlaczego jest taki wa\u017cny? Zainspiruj si\u0119 naszym artyku\u0142em i spraw rado\u015b\u0107 solenizantowi!","robots":{"index":"index","follow":"follow","max-snippet":"max-snippet:-1","max-image-preview":"max-image-preview:large","max-video-preview":"max-video-preview:-1"},"canonical":"https:\/\/www.empikfoto.pl\/blog\/wyjatkowe-pomysly-18-urodziny\/","og_locale":"pl_PL","og_type":"article","og_title":"Wyj\u0105tkowe pomys\u0142y na prezent na 18 urodziny | Empik Foto","og_description":"Prezent na 18 urodziny - dlaczego jest taki wa\u017cny? Zainspiruj si\u0119 naszym artyku\u0142em i spraw rado\u015b\u0107 solenizantowi!","og_url":"https:\/\/www.empikfoto.pl\/blog\/wyjatkowe-pomysly-18-urodziny\/","og_site_name":"blog.empikfoto.pl","article_publisher":"https:\/\/www.facebook.com\/empikfotopl\/","article_published_time":"2023-07-19T11:00:55+00:00","article_modified_time":"2023-11-06T12:27:07+00:00","og_image":[{"width":1000,"height":667,"url":"https:\/\/www.empikfoto.pl\/blog\/empikfoto\/2014\/10\/pomysly-na-prezent-na-18-urodziny2.jpg","type":"image\/jpeg"}],"author":"Patrycja","twitter_card":"summary_large_image","twitter_creator":"@empikfoto","twitter_site":"@empikfoto","twitter_misc":{"Napisane przez":"Patrycja","Szacowany czas czytania":"6 minut"},"schema":{"@context":"https:\/\/schema.org","@graph":[{"@type":"Article","@id":"https:\/\/www.empikfoto.pl\/blog\/wyjatkowe-pomysly-18-urodziny\/#article","isPartOf":{"@id":"https:\/\/www.empikfoto.pl\/blog\/wyjatkowe-pomysly-18-urodziny\/"},"author":{"name":"Patrycja","@id":"https:\/\/www.empikfoto.pl\/blog\/#\/schema\/person\/0313802ca5dac502e3266853c59632c0"},"headline":"Wyj\u0105tkowe pomys\u0142y na prezent na 18 urodziny","datePublished":"2023-07-19T11:00:55+00:00","dateModified":"2023-11-06T12:27:07+00:00","mainEntityOfPage":{"@id":"https:\/\/www.empikfoto.pl\/blog\/wyjatkowe-pomysly-18-urodziny\/"},"wordCount":1002,"image":{"@id":"https:\/\/www.empikfoto.pl\/blog\/wyjatkowe-pomysly-18-urodziny\/#primaryimage"},"thumbnailUrl":"https:\/\/www.empikfoto.pl\/blog\/empikfoto\/2014\/10\/pomysly-na-prezent-na-18-urodziny2.jpg","keywords":["18 urodziny","pomys\u0142 na prezent","urodziny"],"articleSection":["INSPIRACJE"],"inLanguage":"pl-PL"},{"@type":"WebPage","@id":"https:\/\/www.empikfoto.pl\/blog\/wyjatkowe-pomysly-18-urodziny\/","url":"https:\/\/www.empikfoto.pl\/blog\/wyjatkowe-pomysly-18-urodziny\/","name":"Wyj\u0105tkowe pomys\u0142y na prezent na 18 urodziny | Empik Foto","isPartOf":{"@id":"https:\/\/www.empikfoto.pl\/blog\/#website"},"primaryImageOfPage":{"@id":"https:\/\/www.empikfoto.pl\/blog\/wyjatkowe-pomysly-18-urodziny\/#primaryimage"},"image":{"@id":"https:\/\/www.empikfoto.pl\/blog\/wyjatkowe-pomysly-18-urodziny\/#primaryimage"},"thumbnailUrl":"https:\/\/www.empikfoto.pl\/blog\/empikfoto\/2014\/10\/pomysly-na-prezent-na-18-urodziny2.jpg","datePublished":"2023-07-19T11:00:55+00:00","dateModified":"2023-11-06T12:27:07+00:00","author":{"@id":"https:\/\/www.empikfoto.pl\/blog\/#\/schema\/person\/0313802ca5dac502e3266853c59632c0"},"description":"Prezent na 18 urodziny - dlaczego jest taki wa\u017cny? Zainspiruj si\u0119 naszym artyku\u0142em i spraw rado\u015b\u0107 solenizantowi!","breadcrumb":{"@id":"https:\/\/www.empikfoto.pl\/blog\/wyjatkowe-pomysly-18-urodziny\/#breadcrumb"},"inLanguage":"pl-PL","potentialAction":[{"@type":"ReadAction","target":["https:\/\/www.empikfoto.pl\/blog\/wyjatkowe-pomysly-18-urodziny\/"]}]},{"@type":"ImageObject","inLanguage":"pl-PL","@id":"https:\/\/www.empikfoto.pl\/blog\/wyjatkowe-pomysly-18-urodziny\/#primaryimage","url":"https:\/\/www.empikfoto.pl\/blog\/empikfoto\/2014\/10\/pomysly-na-prezent-na-18-urodziny2.jpg","contentUrl":"https:\/\/www.empikfoto.pl\/blog\/empikfoto\/2014\/10\/pomysly-na-prezent-na-18-urodziny2.jpg","width":1000,"height":667,"caption":"osiemnaste urodziny"},{"@type":"BreadcrumbList","@id":"https:\/\/www.empikfoto.pl\/blog\/wyjatkowe-pomysly-18-urodziny\/#breadcrumb","itemListElement":[{"@type":"ListItem","position":1,"name":"Strona g\u0142\u00f3wna","item":"https:\/\/www.empikfoto.pl\/blog\/"},{"@type":"ListItem","position":2,"name":"Wyj\u0105tkowe pomys\u0142y na prezent na 18 urodziny"}]},{"@type":"WebSite","@id":"https:\/\/www.empikfoto.pl\/blog\/#website","url":"https:\/\/www.empikfoto.pl\/blog\/","name":"blog.empikfoto.pl","description":"Poznaj empikfoto.pl od \u015brodka! Dowiedz si\u0119 wi\u0119cej o odbitkach, fotoksi\u0105\u017ckach i fotografii.","potentialAction":[{"@type":"SearchAction","target":{"@type":"EntryPoint","urlTemplate":"https:\/\/www.empikfoto.pl\/blog\/?s={search_term_string}"},"query-input":{"@type":"PropertyValueSpecification","valueRequired":true,"valueName":"search_term_string"}}],"inLanguage":"pl-PL"},{"@type":"Person","@id":"https:\/\/www.empikfoto.pl\/blog\/#\/schema\/person\/0313802ca5dac502e3266853c59632c0","name":"Patrycja","image":{"@type":"ImageObject","inLanguage":"pl-PL","@id":"https:\/\/secure.gravatar.com\/avatar\/f25168e12215ad42f58e5fb72881daaeb57bd4f907081046016f64bf167db59f?s=96&d=identicon&r=g","url":"https:\/\/secure.gravatar.com\/avatar\/f25168e12215ad42f58e5fb72881daaeb57bd4f907081046016f64bf167db59f?s=96&d=identicon&r=g","contentUrl":"https:\/\/secure.gravatar.com\/avatar\/f25168e12215ad42f58e5fb72881daaeb57bd4f907081046016f64bf167db59f?s=96&d=identicon&r=g","caption":"Patrycja"},"url":"https:\/\/www.empikfoto.pl\/blog\/author\/patrycja\/"}]}},"amp_enabled":true,"_links":{"self":[{"href":"https:\/\/www.empikfoto.pl\/blog\/wp-json\/wp\/v2\/posts\/11462","targetHints":{"allow":["GET"]}}],"collection":[{"href":"https:\/\/www.empikfoto.pl\/blog\/wp-json\/wp\/v2\/posts"}],"about":[{"href":"https:\/\/www.empikfoto.pl\/blog\/wp-json\/wp\/v2\/types\/post"}],"author":[{"embeddable":true,"href":"https:\/\/www.empikfoto.pl\/blog\/wp-json\/wp\/v2\/users\/16"}],"replies":[{"embeddable":true,"href":"https:\/\/www.empikfoto.pl\/blog\/wp-json\/wp\/v2\/comments?post=11462"}],"version-history":[{"count":5,"href":"https:\/\/www.empikfoto.pl\/blog\/wp-json\/wp\/v2\/posts\/11462\/revisions"}],"predecessor-version":[{"id":13100,"href":"https:\/\/www.empikfoto.pl\/blog\/wp-json\/wp\/v2\/posts\/11462\/revisions\/13100"}],"wp:featuredmedia":[{"embeddable":true,"href":"https:\/\/www.empikfoto.pl\/blog\/wp-json\/wp\/v2\/media\/12388"}],"wp:attachment":[{"href":"https:\/\/www.empikfoto.pl\/blog\/wp-json\/wp\/v2\/media?parent=11462"}],"wp:term":[{"taxonomy":"category","embeddable":true,"href":"https:\/\/www.empikfoto.pl\/blog\/wp-json\/wp\/v2\/categories?post=11462"},{"taxonomy":"post_tag","embeddable":true,"href":"https:\/\/www.empikfoto.pl\/blog\/wp-json\/wp\/v2\/tags?post=11462"}],"curies":[{"name":"wp","href":"https:\/\/api.w.org\/{rel}","templated":true}]}}