{"id":11523,"date":"2023-10-30T12:46:20","date_gmt":"2023-10-30T11:46:20","guid":{"rendered":"https:\/\/blog.empikfoto.pl\/?p=11523"},"modified":"2024-02-12T11:11:35","modified_gmt":"2024-02-12T10:11:35","slug":"pokoj-nastolatkow-dekoracje-warto-postawic","status":"publish","type":"post","link":"https:\/\/www.empikfoto.pl\/blog\/pokoj-nastolatkow-dekoracje-warto-postawic\/","title":{"rendered":"Pok\u00f3j nastolatk\u00f3w \u2013 na jakie dekoracje warto postawi\u0107?"},"content":{"rendered":"<p>W\u0142asny pok\u00f3j nastolatk\u00f3w to miejsce, w kt\u00f3rym powinni czu\u0107 si\u0119 w pe\u0142ni swobodnie. Aby czas sp\u0119dzony w swoich \u201eczterech \u015bcianach\u201d by\u0142 dla nich jak najlepszy,\u00a0 warto zadba\u0107 o odpowiedni wystr\u00f3j wn\u0119trza. Jakie dekoracje sprawdz\u0105 si\u0119 w tym przypadku najlepiej?<!--more--><\/p>\n<h2><b>Oryginalne plakaty na \u015bcian\u0119<\/b><\/h2>\n<p>Jednym z najcz\u0119\u015bciej wybieranych dodatk\u00f3w do pokoju nastolatka s\u0105 <strong><a href=\"https:\/\/www.empikfoto.pl\/plakaty-w-ramkach\">du\u017ce plakaty do powieszenia na \u015bcian\u0119<\/a><\/strong>. Nie chodzi jednak o te wyrwane z m\u0142odzie\u017cowego czasopisma, a o <strong>wysokiej jako\u015bci plakaty w du\u017cym formacie<\/strong>, oprawione w stylow\u0105 ramk\u0119. Mo\u017cesz tak\u017ce sam zaprojektowa\u0107 sw\u00f3j plakat i umie\u015bci\u0107 na nim wszystko, co wpasuje si\u0119 w wystr\u00f3j wn\u0119trza i jest zgodne z Twoimi upodobaniami! Istnieje mo\u017cliwo\u015b\u0107 wyboru spo\u015br\u00f3d wielu format\u00f3w \u2013 dobrym pomys\u0142em jest po\u0142\u0105czenie kilku plakat\u00f3w w r\u00f3\u017cnych rozmiarach i powieszenie ich obok siebie.<\/p>\n<p><img loading=\"lazy\" decoding=\"async\" class=\"aligncenter size-large wp-image-13192\" src=\"https:\/\/www.empikfoto.pl\/blog\/empikfoto\/2022\/03\/DSC5594-1024x683.jpg\" alt=\"Pok\u00f3j nastolatk\u00f3w\" width=\"1024\" height=\"683\" srcset=\"https:\/\/www.empikfoto.pl\/blog\/empikfoto\/2022\/03\/DSC5594-1024x683.jpg 1024w, https:\/\/www.empikfoto.pl\/blog\/empikfoto\/2022\/03\/DSC5594-300x200.jpg 300w, https:\/\/www.empikfoto.pl\/blog\/empikfoto\/2022\/03\/DSC5594-768x512.jpg 768w, https:\/\/www.empikfoto.pl\/blog\/empikfoto\/2022\/03\/DSC5594-1536x1024.jpg 1536w, https:\/\/www.empikfoto.pl\/blog\/empikfoto\/2022\/03\/DSC5594-2048x1365.jpg 2048w, https:\/\/www.empikfoto.pl\/blog\/empikfoto\/2022\/03\/DSC5594-330x220.jpg 330w, https:\/\/www.empikfoto.pl\/blog\/empikfoto\/2022\/03\/DSC5594-400x267.jpg 400w\" sizes=\"auto, (max-width: 1024px) 100vw, 1024px\" \/><\/p>\n<h2><b>Wyj\u0105tkowe odbitki retro<\/b><\/h2>\n<p>Na \u015bcianach m\u0142odzie\u017cowych pokoj\u00f3w coraz cz\u0119\u015bciej pojawiaj\u0105 si\u0119 r\u00f3wnie\u017c zdj\u0119cia, zazwyczaj w wi\u0119kszej ilo\u015bci. W ostatnich latach najpopularniejsze sta\u0142y si\u0119 te w stylu polaroid, z charakterystyczn\u0105 bia\u0142\u0105 ramk\u0105. Korzystaj\u0105c z oferty Empik Foto, mo\u017cesz stworzy\u0107 wyj\u0105tkowe <strong><a href=\"https:\/\/www.empikfoto.pl\/odbitki,odbitki-retro\">odbitki retro<\/a><\/strong> z wybranymi przez siebie zdj\u0119ciami. Dzi\u0119ki temu zachowasz najpi\u0119kniejsze chwile swojego \u017cycia na d\u0142u\u017cej i powr\u00f3cisz do nich wspomnieniami przy ka\u017cdym spojrzeniu na \u015bcian\u0119. Doskona\u0142ym sposobem na <strong>ozdobienie pokoju za pomoc\u0105 zdj\u0119\u0107-polaroid\u00f3w<\/strong> jest przypi\u0119cie ich do rozwieszonego na \u015bcianie jutowego sznurka. W tym celu najlepiej u\u017cy\u0107 niewielkich drewnianych klamerek. Dekoracja nabierze jeszcze wi\u0119kszego uroku, je\u015bli ze sznurkiem po\u0142\u0105czysz <strong>lampki LED o ciep\u0142ym \u015bwietle<\/strong>. Tak ozdobiony pok\u00f3j to zdecydowanie marzenie wi\u0119kszo\u015bci nastolatk\u00f3w. Z Empik Foto stworzysz wyj\u0105tkow\u0105 dekoracj\u0119 ze zdj\u0119\u0107 w szybki i niezwykle prosty spos\u00f3b!<\/p>\n<p><img loading=\"lazy\" decoding=\"async\" class=\"aligncenter size-large wp-image-13190\" src=\"https:\/\/www.empikfoto.pl\/blog\/empikfoto\/2022\/03\/DSC1345-1024x683.jpg\" alt=\"Pok\u00f3j nastolatk\u00f3w\" width=\"1024\" height=\"683\" srcset=\"https:\/\/www.empikfoto.pl\/blog\/empikfoto\/2022\/03\/DSC1345-1024x683.jpg 1024w, https:\/\/www.empikfoto.pl\/blog\/empikfoto\/2022\/03\/DSC1345-300x200.jpg 300w, https:\/\/www.empikfoto.pl\/blog\/empikfoto\/2022\/03\/DSC1345-768x512.jpg 768w, https:\/\/www.empikfoto.pl\/blog\/empikfoto\/2022\/03\/DSC1345-1536x1024.jpg 1536w, https:\/\/www.empikfoto.pl\/blog\/empikfoto\/2022\/03\/DSC1345-2048x1365.jpg 2048w, https:\/\/www.empikfoto.pl\/blog\/empikfoto\/2022\/03\/DSC1345-330x220.jpg 330w, https:\/\/www.empikfoto.pl\/blog\/empikfoto\/2022\/03\/DSC1345-400x267.jpg 400w\" sizes=\"auto, (max-width: 1024px) 100vw, 1024px\" \/><\/p>\n<h2><b>Poduszki ze zdj\u0119ciem lub grafik\u0105<\/b><\/h2>\n<p>Urz\u0105dzaj\u0105c m\u0142odzie\u017cowy pok\u00f3j, warto zwr\u00f3ci\u0107 uwag\u0119 r\u00f3wnie\u017c na <a href=\"https:\/\/www.empikfoto.pl\/poduszki\"><strong>poduszki ozdobne<\/strong>.<\/a> R\u00f3\u017cnorodno\u015b\u0107 wzor\u00f3w i kolor\u00f3w sprawia, \u017ce wielu nastolatk\u00f3w wybiera tego typu dekoracje. Je\u017celi dodatkowo istnieje mo\u017cliwo\u015b\u0107 personalizacji poduszek, jest to jeszcze ciekawsza opcja. W Empik Foto mo\u017cesz stworzy\u0107 <strong>poduszki z wybran\u0105 przez siebie fotografi\u0105, tekstem lub grafik\u0105<\/strong>. Dzi\u0119ki temu masz pewno\u015b\u0107, \u017ce b\u0119dzie ona idealnie pasowa\u0142a do Twojego prywatnego kr\u00f3lestwa! Najlepszy efekt uzyskasz \u0142\u0105cz\u0105c ze sob\u0105 kilka r\u00f3\u017cnych poduszek i uk\u0142adaj\u0105c je w jednym miejscu na \u0142\u00f3\u017cku. Te mi\u0119kkie i puszyste dekoracje nie tylko dodaj\u0105 wn\u0119trzom charakteru, ale i powoduj\u0105, \u017ce s\u0105 one bardziej przytulne. W po\u0142\u0105czeniu z ciep\u0142ym kocem oka\u017c\u0105 si\u0119 idealnym wyborem na ch\u0142odne wieczory!<\/p>\n<p>Urz\u0105dzanie pokoju dla nastolatka\u00a0to wielka przyjemno\u015b\u0107. Bior\u0105c pod uwag\u0119 ilo\u015b\u0107 dost\u0119pnych na rynku dekoracji wn\u0119trz, istnieje <strong>wiele mo\u017cliwo\u015bci aran\u017cacji<\/strong> tego pomieszczenia. Wa\u017cne, aby nastolatek sam bra\u0142 aktywny udzia\u0142 w jego aran\u017cowaniu \u2013 w\u00f3wczas b\u0119dzie czu\u0142 si\u0119 w nim w pe\u0142ni komfortowo!<\/p>\n","protected":false},"excerpt":{"rendered":"<p>W\u0142asny pok\u00f3j nastolatk\u00f3w to miejsce, w kt\u00f3rym powinni czu\u0107 si\u0119 w pe\u0142ni swobodnie. Aby czas sp\u0119dzony w swoich \u201eczterech \u015bcianach\u201d by\u0142 dla nich jak najlepszy,\u00a0 warto zadba\u0107 o odpowiedni wystr\u00f3j wn\u0119trza. Jakie dekoracje sprawdz\u0105 si\u0119 w tym przypadku najlepiej?<\/p>\n","protected":false},"author":16,"featured_media":13195,"comment_status":"closed","ping_status":"closed","sticky":false,"template":"","format":"standard","meta":{"footnotes":""},"categories":[786],"tags":[1125],"class_list":["post-11523","post","type-post","status-publish","format-standard","has-post-thumbnail","hentry","category-inspiracje","tag-wystroj-wnetrz"],"yoast_head":"<!-- This site is optimized with the Yoast SEO plugin v27.5 - https:\/\/yoast.com\/product\/yoast-seo-wordpress\/ -->\n<title>Pok\u00f3j nastolatk\u00f3w \u2013 na jakie dekoracje warto postawi\u0107? | blog.empikfoto.pl<\/title>\n<meta name=\"robots\" content=\"index, follow, max-snippet:-1, max-image-preview:large, max-video-preview:-1\" \/>\n<link rel=\"canonical\" href=\"https:\/\/www.empikfoto.pl\/blog\/pokoj-nastolatkow-dekoracje-warto-postawic\/\" \/>\n<meta property=\"og:locale\" content=\"pl_PL\" \/>\n<meta property=\"og:type\" content=\"article\" \/>\n<meta property=\"og:title\" content=\"Pok\u00f3j nastolatk\u00f3w \u2013 na jakie dekoracje warto postawi\u0107? | blog.empikfoto.pl\" \/>\n<meta property=\"og:description\" content=\"W\u0142asny pok\u00f3j nastolatk\u00f3w to miejsce, w kt\u00f3rym powinni czu\u0107 si\u0119 w pe\u0142ni swobodnie. Aby czas sp\u0119dzony w swoich \u201eczterech \u015bcianach\u201d by\u0142 dla nich jak najlepszy,\u00a0 warto zadba\u0107 o odpowiedni wystr\u00f3j wn\u0119trza. Jakie dekoracje sprawdz\u0105 si\u0119 w tym przypadku najlepiej?\" \/>\n<meta property=\"og:url\" content=\"https:\/\/www.empikfoto.pl\/blog\/pokoj-nastolatkow-dekoracje-warto-postawic\/\" \/>\n<meta property=\"og:site_name\" content=\"blog.empikfoto.pl\" \/>\n<meta property=\"article:publisher\" content=\"https:\/\/www.facebook.com\/empikfotopl\/\" \/>\n<meta property=\"article:published_time\" content=\"2023-10-30T11:46:20+00:00\" \/>\n<meta property=\"article:modified_time\" content=\"2024-02-12T10:11:35+00:00\" \/>\n<meta property=\"og:image\" content=\"https:\/\/www.empikfoto.pl\/blog\/empikfoto\/2023\/10\/DSC5253-1-scaled.jpg\" \/>\n\t<meta property=\"og:image:width\" content=\"2560\" \/>\n\t<meta property=\"og:image:height\" content=\"1280\" \/>\n\t<meta property=\"og:image:type\" content=\"image\/jpeg\" \/>\n<meta name=\"author\" content=\"Patrycja\" \/>\n<meta name=\"twitter:card\" content=\"summary_large_image\" \/>\n<meta name=\"twitter:creator\" content=\"@empikfoto\" \/>\n<meta name=\"twitter:site\" content=\"@empikfoto\" \/>\n<meta name=\"twitter:label1\" content=\"Napisane przez\" \/>\n\t<meta name=\"twitter:data1\" content=\"Patrycja\" \/>\n\t<meta name=\"twitter:label2\" content=\"Szacowany czas czytania\" \/>\n\t<meta name=\"twitter:data2\" content=\"4 minuty\" \/>\n<script type=\"application\/ld+json\" class=\"yoast-schema-graph\">{\"@context\":\"https:\\\/\\\/schema.org\",\"@graph\":[{\"@type\":\"Article\",\"@id\":\"https:\\\/\\\/www.empikfoto.pl\\\/blog\\\/pokoj-nastolatkow-dekoracje-warto-postawic\\\/#article\",\"isPartOf\":{\"@id\":\"https:\\\/\\\/www.empikfoto.pl\\\/blog\\\/pokoj-nastolatkow-dekoracje-warto-postawic\\\/\"},\"author\":{\"name\":\"Patrycja\",\"@id\":\"https:\\\/\\\/www.empikfoto.pl\\\/blog\\\/#\\\/schema\\\/person\\\/0313802ca5dac502e3266853c59632c0\"},\"headline\":\"Pok\u00f3j nastolatk\u00f3w \u2013 na jakie dekoracje warto postawi\u0107?\",\"datePublished\":\"2023-10-30T11:46:20+00:00\",\"dateModified\":\"2024-02-12T10:11:35+00:00\",\"mainEntityOfPage\":{\"@id\":\"https:\\\/\\\/www.empikfoto.pl\\\/blog\\\/pokoj-nastolatkow-dekoracje-warto-postawic\\\/\"},\"wordCount\":514,\"image\":{\"@id\":\"https:\\\/\\\/www.empikfoto.pl\\\/blog\\\/pokoj-nastolatkow-dekoracje-warto-postawic\\\/#primaryimage\"},\"thumbnailUrl\":\"https:\\\/\\\/www.empikfoto.pl\\\/blog\\\/empikfoto\\\/2023\\\/10\\\/DSC5253-1-scaled.jpg\",\"keywords\":[\"wystr\u00f3j wn\u0119trz\"],\"articleSection\":[\"INSPIRACJE\"],\"inLanguage\":\"pl-PL\"},{\"@type\":\"WebPage\",\"@id\":\"https:\\\/\\\/www.empikfoto.pl\\\/blog\\\/pokoj-nastolatkow-dekoracje-warto-postawic\\\/\",\"url\":\"https:\\\/\\\/www.empikfoto.pl\\\/blog\\\/pokoj-nastolatkow-dekoracje-warto-postawic\\\/\",\"name\":\"Pok\u00f3j nastolatk\u00f3w \u2013 na jakie dekoracje warto postawi\u0107? | blog.empikfoto.pl\",\"isPartOf\":{\"@id\":\"https:\\\/\\\/www.empikfoto.pl\\\/blog\\\/#website\"},\"primaryImageOfPage\":{\"@id\":\"https:\\\/\\\/www.empikfoto.pl\\\/blog\\\/pokoj-nastolatkow-dekoracje-warto-postawic\\\/#primaryimage\"},\"image\":{\"@id\":\"https:\\\/\\\/www.empikfoto.pl\\\/blog\\\/pokoj-nastolatkow-dekoracje-warto-postawic\\\/#primaryimage\"},\"thumbnailUrl\":\"https:\\\/\\\/www.empikfoto.pl\\\/blog\\\/empikfoto\\\/2023\\\/10\\\/DSC5253-1-scaled.jpg\",\"datePublished\":\"2023-10-30T11:46:20+00:00\",\"dateModified\":\"2024-02-12T10:11:35+00:00\",\"author\":{\"@id\":\"https:\\\/\\\/www.empikfoto.pl\\\/blog\\\/#\\\/schema\\\/person\\\/0313802ca5dac502e3266853c59632c0\"},\"breadcrumb\":{\"@id\":\"https:\\\/\\\/www.empikfoto.pl\\\/blog\\\/pokoj-nastolatkow-dekoracje-warto-postawic\\\/#breadcrumb\"},\"inLanguage\":\"pl-PL\",\"potentialAction\":[{\"@type\":\"ReadAction\",\"target\":[\"https:\\\/\\\/www.empikfoto.pl\\\/blog\\\/pokoj-nastolatkow-dekoracje-warto-postawic\\\/\"]}]},{\"@type\":\"ImageObject\",\"inLanguage\":\"pl-PL\",\"@id\":\"https:\\\/\\\/www.empikfoto.pl\\\/blog\\\/pokoj-nastolatkow-dekoracje-warto-postawic\\\/#primaryimage\",\"url\":\"https:\\\/\\\/www.empikfoto.pl\\\/blog\\\/empikfoto\\\/2023\\\/10\\\/DSC5253-1-scaled.jpg\",\"contentUrl\":\"https:\\\/\\\/www.empikfoto.pl\\\/blog\\\/empikfoto\\\/2023\\\/10\\\/DSC5253-1-scaled.jpg\",\"width\":2560,\"height\":1280,\"caption\":\"Paczkomat WAW198M Marsza\u0142kowska 94\"},{\"@type\":\"BreadcrumbList\",\"@id\":\"https:\\\/\\\/www.empikfoto.pl\\\/blog\\\/pokoj-nastolatkow-dekoracje-warto-postawic\\\/#breadcrumb\",\"itemListElement\":[{\"@type\":\"ListItem\",\"position\":1,\"name\":\"Strona g\u0142\u00f3wna\",\"item\":\"https:\\\/\\\/www.empikfoto.pl\\\/blog\\\/\"},{\"@type\":\"ListItem\",\"position\":2,\"name\":\"Pok\u00f3j nastolatk\u00f3w \u2013 na jakie dekoracje warto postawi\u0107?\"}]},{\"@type\":\"WebSite\",\"@id\":\"https:\\\/\\\/www.empikfoto.pl\\\/blog\\\/#website\",\"url\":\"https:\\\/\\\/www.empikfoto.pl\\\/blog\\\/\",\"name\":\"blog.empikfoto.pl\",\"description\":\"Poznaj empikfoto.pl od \u015brodka! Dowiedz si\u0119 wi\u0119cej o odbitkach, fotoksi\u0105\u017ckach i fotografii.\",\"potentialAction\":[{\"@type\":\"SearchAction\",\"target\":{\"@type\":\"EntryPoint\",\"urlTemplate\":\"https:\\\/\\\/www.empikfoto.pl\\\/blog\\\/?s={search_term_string}\"},\"query-input\":{\"@type\":\"PropertyValueSpecification\",\"valueRequired\":true,\"valueName\":\"search_term_string\"}}],\"inLanguage\":\"pl-PL\"},{\"@type\":\"Person\",\"@id\":\"https:\\\/\\\/www.empikfoto.pl\\\/blog\\\/#\\\/schema\\\/person\\\/0313802ca5dac502e3266853c59632c0\",\"name\":\"Patrycja\",\"image\":{\"@type\":\"ImageObject\",\"inLanguage\":\"pl-PL\",\"@id\":\"https:\\\/\\\/secure.gravatar.com\\\/avatar\\\/f25168e12215ad42f58e5fb72881daaeb57bd4f907081046016f64bf167db59f?s=96&d=identicon&r=g\",\"url\":\"https:\\\/\\\/secure.gravatar.com\\\/avatar\\\/f25168e12215ad42f58e5fb72881daaeb57bd4f907081046016f64bf167db59f?s=96&d=identicon&r=g\",\"contentUrl\":\"https:\\\/\\\/secure.gravatar.com\\\/avatar\\\/f25168e12215ad42f58e5fb72881daaeb57bd4f907081046016f64bf167db59f?s=96&d=identicon&r=g\",\"caption\":\"Patrycja\"},\"url\":\"https:\\\/\\\/www.empikfoto.pl\\\/blog\\\/author\\\/patrycja\\\/\"}]}<\/script>\n<!-- \/ Yoast SEO plugin. -->","yoast_head_json":{"title":"Pok\u00f3j nastolatk\u00f3w \u2013 na jakie dekoracje warto postawi\u0107? | blog.empikfoto.pl","robots":{"index":"index","follow":"follow","max-snippet":"max-snippet:-1","max-image-preview":"max-image-preview:large","max-video-preview":"max-video-preview:-1"},"canonical":"https:\/\/www.empikfoto.pl\/blog\/pokoj-nastolatkow-dekoracje-warto-postawic\/","og_locale":"pl_PL","og_type":"article","og_title":"Pok\u00f3j nastolatk\u00f3w \u2013 na jakie dekoracje warto postawi\u0107? | blog.empikfoto.pl","og_description":"W\u0142asny pok\u00f3j nastolatk\u00f3w to miejsce, w kt\u00f3rym powinni czu\u0107 si\u0119 w pe\u0142ni swobodnie. Aby czas sp\u0119dzony w swoich \u201eczterech \u015bcianach\u201d by\u0142 dla nich jak najlepszy,\u00a0 warto zadba\u0107 o odpowiedni wystr\u00f3j wn\u0119trza. Jakie dekoracje sprawdz\u0105 si\u0119 w tym przypadku najlepiej?","og_url":"https:\/\/www.empikfoto.pl\/blog\/pokoj-nastolatkow-dekoracje-warto-postawic\/","og_site_name":"blog.empikfoto.pl","article_publisher":"https:\/\/www.facebook.com\/empikfotopl\/","article_published_time":"2023-10-30T11:46:20+00:00","article_modified_time":"2024-02-12T10:11:35+00:00","og_image":[{"width":2560,"height":1280,"url":"https:\/\/www.empikfoto.pl\/blog\/empikfoto\/2023\/10\/DSC5253-1-scaled.jpg","type":"image\/jpeg"}],"author":"Patrycja","twitter_card":"summary_large_image","twitter_creator":"@empikfoto","twitter_site":"@empikfoto","twitter_misc":{"Napisane przez":"Patrycja","Szacowany czas czytania":"4 minuty"},"schema":{"@context":"https:\/\/schema.org","@graph":[{"@type":"Article","@id":"https:\/\/www.empikfoto.pl\/blog\/pokoj-nastolatkow-dekoracje-warto-postawic\/#article","isPartOf":{"@id":"https:\/\/www.empikfoto.pl\/blog\/pokoj-nastolatkow-dekoracje-warto-postawic\/"},"author":{"name":"Patrycja","@id":"https:\/\/www.empikfoto.pl\/blog\/#\/schema\/person\/0313802ca5dac502e3266853c59632c0"},"headline":"Pok\u00f3j nastolatk\u00f3w \u2013 na jakie dekoracje warto postawi\u0107?","datePublished":"2023-10-30T11:46:20+00:00","dateModified":"2024-02-12T10:11:35+00:00","mainEntityOfPage":{"@id":"https:\/\/www.empikfoto.pl\/blog\/pokoj-nastolatkow-dekoracje-warto-postawic\/"},"wordCount":514,"image":{"@id":"https:\/\/www.empikfoto.pl\/blog\/pokoj-nastolatkow-dekoracje-warto-postawic\/#primaryimage"},"thumbnailUrl":"https:\/\/www.empikfoto.pl\/blog\/empikfoto\/2023\/10\/DSC5253-1-scaled.jpg","keywords":["wystr\u00f3j wn\u0119trz"],"articleSection":["INSPIRACJE"],"inLanguage":"pl-PL"},{"@type":"WebPage","@id":"https:\/\/www.empikfoto.pl\/blog\/pokoj-nastolatkow-dekoracje-warto-postawic\/","url":"https:\/\/www.empikfoto.pl\/blog\/pokoj-nastolatkow-dekoracje-warto-postawic\/","name":"Pok\u00f3j nastolatk\u00f3w \u2013 na jakie dekoracje warto postawi\u0107? | blog.empikfoto.pl","isPartOf":{"@id":"https:\/\/www.empikfoto.pl\/blog\/#website"},"primaryImageOfPage":{"@id":"https:\/\/www.empikfoto.pl\/blog\/pokoj-nastolatkow-dekoracje-warto-postawic\/#primaryimage"},"image":{"@id":"https:\/\/www.empikfoto.pl\/blog\/pokoj-nastolatkow-dekoracje-warto-postawic\/#primaryimage"},"thumbnailUrl":"https:\/\/www.empikfoto.pl\/blog\/empikfoto\/2023\/10\/DSC5253-1-scaled.jpg","datePublished":"2023-10-30T11:46:20+00:00","dateModified":"2024-02-12T10:11:35+00:00","author":{"@id":"https:\/\/www.empikfoto.pl\/blog\/#\/schema\/person\/0313802ca5dac502e3266853c59632c0"},"breadcrumb":{"@id":"https:\/\/www.empikfoto.pl\/blog\/pokoj-nastolatkow-dekoracje-warto-postawic\/#breadcrumb"},"inLanguage":"pl-PL","potentialAction":[{"@type":"ReadAction","target":["https:\/\/www.empikfoto.pl\/blog\/pokoj-nastolatkow-dekoracje-warto-postawic\/"]}]},{"@type":"ImageObject","inLanguage":"pl-PL","@id":"https:\/\/www.empikfoto.pl\/blog\/pokoj-nastolatkow-dekoracje-warto-postawic\/#primaryimage","url":"https:\/\/www.empikfoto.pl\/blog\/empikfoto\/2023\/10\/DSC5253-1-scaled.jpg","contentUrl":"https:\/\/www.empikfoto.pl\/blog\/empikfoto\/2023\/10\/DSC5253-1-scaled.jpg","width":2560,"height":1280,"caption":"Paczkomat WAW198M Marsza\u0142kowska 94"},{"@type":"BreadcrumbList","@id":"https:\/\/www.empikfoto.pl\/blog\/pokoj-nastolatkow-dekoracje-warto-postawic\/#breadcrumb","itemListElement":[{"@type":"ListItem","position":1,"name":"Strona g\u0142\u00f3wna","item":"https:\/\/www.empikfoto.pl\/blog\/"},{"@type":"ListItem","position":2,"name":"Pok\u00f3j nastolatk\u00f3w \u2013 na jakie dekoracje warto postawi\u0107?"}]},{"@type":"WebSite","@id":"https:\/\/www.empikfoto.pl\/blog\/#website","url":"https:\/\/www.empikfoto.pl\/blog\/","name":"blog.empikfoto.pl","description":"Poznaj empikfoto.pl od \u015brodka! Dowiedz si\u0119 wi\u0119cej o odbitkach, fotoksi\u0105\u017ckach i fotografii.","potentialAction":[{"@type":"SearchAction","target":{"@type":"EntryPoint","urlTemplate":"https:\/\/www.empikfoto.pl\/blog\/?s={search_term_string}"},"query-input":{"@type":"PropertyValueSpecification","valueRequired":true,"valueName":"search_term_string"}}],"inLanguage":"pl-PL"},{"@type":"Person","@id":"https:\/\/www.empikfoto.pl\/blog\/#\/schema\/person\/0313802ca5dac502e3266853c59632c0","name":"Patrycja","image":{"@type":"ImageObject","inLanguage":"pl-PL","@id":"https:\/\/secure.gravatar.com\/avatar\/f25168e12215ad42f58e5fb72881daaeb57bd4f907081046016f64bf167db59f?s=96&d=identicon&r=g","url":"https:\/\/secure.gravatar.com\/avatar\/f25168e12215ad42f58e5fb72881daaeb57bd4f907081046016f64bf167db59f?s=96&d=identicon&r=g","contentUrl":"https:\/\/secure.gravatar.com\/avatar\/f25168e12215ad42f58e5fb72881daaeb57bd4f907081046016f64bf167db59f?s=96&d=identicon&r=g","caption":"Patrycja"},"url":"https:\/\/www.empikfoto.pl\/blog\/author\/patrycja\/"}]}},"amp_enabled":true,"_links":{"self":[{"href":"https:\/\/www.empikfoto.pl\/blog\/wp-json\/wp\/v2\/posts\/11523","targetHints":{"allow":["GET"]}}],"collection":[{"href":"https:\/\/www.empikfoto.pl\/blog\/wp-json\/wp\/v2\/posts"}],"about":[{"href":"https:\/\/www.empikfoto.pl\/blog\/wp-json\/wp\/v2\/types\/post"}],"author":[{"embeddable":true,"href":"https:\/\/www.empikfoto.pl\/blog\/wp-json\/wp\/v2\/users\/16"}],"replies":[{"embeddable":true,"href":"https:\/\/www.empikfoto.pl\/blog\/wp-json\/wp\/v2\/comments?post=11523"}],"version-history":[{"count":3,"href":"https:\/\/www.empikfoto.pl\/blog\/wp-json\/wp\/v2\/posts\/11523\/revisions"}],"predecessor-version":[{"id":13193,"href":"https:\/\/www.empikfoto.pl\/blog\/wp-json\/wp\/v2\/posts\/11523\/revisions\/13193"}],"wp:featuredmedia":[{"embeddable":true,"href":"https:\/\/www.empikfoto.pl\/blog\/wp-json\/wp\/v2\/media\/13195"}],"wp:attachment":[{"href":"https:\/\/www.empikfoto.pl\/blog\/wp-json\/wp\/v2\/media?parent=11523"}],"wp:term":[{"taxonomy":"category","embeddable":true,"href":"https:\/\/www.empikfoto.pl\/blog\/wp-json\/wp\/v2\/categories?post=11523"},{"taxonomy":"post_tag","embeddable":true,"href":"https:\/\/www.empikfoto.pl\/blog\/wp-json\/wp\/v2\/tags?post=11523"}],"curies":[{"name":"wp","href":"https:\/\/api.w.org\/{rel}","templated":true}]}}