{"id":11739,"date":"2023-03-13T15:43:14","date_gmt":"2023-03-13T14:43:14","guid":{"rendered":"https:\/\/www.empikfoto.pl\/blog\/?p=11739"},"modified":"2024-04-03T13:39:27","modified_gmt":"2024-04-03T11:39:27","slug":"pamiatki-na-roczek-czyli-sprawdzone-pomysly-na-pierwsze-urodziny-dziecka","status":"publish","type":"post","link":"https:\/\/www.empikfoto.pl\/blog\/pamiatki-na-roczek-czyli-sprawdzone-pomysly-na-pierwsze-urodziny-dziecka\/","title":{"rendered":"Pami\u0105tki na roczek, czyli sprawdzone pomys\u0142y na pierwsze urodziny dziecka"},"content":{"rendered":"<p><strong>To ju\u017c rok \u017cycia najukocha\u0144szej istoty w Waszym \u017cyciu! W ci\u0105gu minionych 365 dni ca\u0142y \u015bwiat obr\u00f3ci\u0142 si\u0119 do g\u00f3ry nogami, a 100% swojej uwagi, mi\u0142o\u015bci i ciep\u0142a przekazali\u015bcie nowemu cz\u0142onkowi rodziny. Z tym nie\u0142atwym zadaniem, jakim jest rodzicielstwo, mierzycie si\u0119 z pewno\u015bci\u0105 doskonale. Dzi\u0119ki wsparciu, zrozumieniu i ca\u0142emu ogromowi cierpliwo\u015bci na Waszych oczach ro\u015bnie ma\u0142y cz\u0142owiek, kt\u00f3ry swoim dzieciom odwdzi\u0119czy si\u0119 tym samym. Miniony rok z pewno\u015bci\u0105 obfitowa\u0142 w zmiany, trudno\u015bci, kroki milowe rozwoju (zar\u00f3wno Waszego, jak i dzieci\u0105tka), kt\u00f3re warto uwieczni\u0107, by m\u00f3c do nich wraca\u0107 i je wspomina\u0107. Wraz z pierwsz\u0105 zdmuchni\u0119t\u0105 \u015bwieczk\u0105 na torcie rozpoczyna si\u0119 nowy etap i czas podsumowa\u0144. Oto nasze ulubione pami\u0105tki na roczek, kt\u00f3re pozwol\u0105 Wam zapami\u0119ta\u0107 ten okres na zawsze.\u00a0<\/strong><\/p>\n<h2><span data-contrast=\"auto\">Fotoksi\u0105\u017cka dziecka \u2013 pierwszy album ze zdj\u0119ciami<\/span><\/h2>\n<p><span data-contrast=\"auto\">Tyle si\u0119 wydarzy\u0142o! Pierwsze wypowiedziane sylaby, raczkowanie, siadanie, pierwsze nie\u015bmia\u0142e i jeszcze niepewne kroki. Maluszek prze\u017cywa najbardziej gwa\u0142towny rozw\u00f3j, kt\u00f3ry warto skrupulatnie dokumentowa\u0107. Ka\u017cda skwaszona mina, szeroki u\u015bmiech czy zdziwienie wypisane na twarzy s\u0105 niepowtarzalnymi chwilami, kt\u00f3re rodzice ch\u0119tnie celebruj\u0105 i jeszcze ch\u0119tniej fotografuj\u0105. Wszystkie te urocze momenty <strong>warto uwieczni\u0107<\/strong>, a w tym najlepiej pomo\u017ce nam <a href=\"https:\/\/www.empikfoto.pl\/fotoksiazki\/tematy\/dziecko\">fotoksi\u0105\u017cka dziecka<\/a>. Popularnym sposobem na fotografowanie dziecka s\u0105 aktualnie dedykowane <a href=\"https:\/\/www.empikfoto.pl\/karty-do-zdjec\">karty do zdj\u0119\u0107 dzieci\u0119cych<\/a> z numeracj\u0105 poszczeg\u00f3lnych miesi\u0119cy. Znajdziesz je oczywi\u015bcie tak\u017ce na Empik Foto. Dzi\u0119ki przeuroczym obrazkom, ka\u017cdy miesi\u0105c \u017cycia dziecka b\u0119dzie mia\u0142 swoje odzwierciedlenie na zdj\u0119ciu. Fotografie te b\u0119d\u0105 naprawd\u0119 bezcenne przy tworzeniu fotoksi\u0105\u017cki, a obok zdj\u0119\u0107 \u015bmia\u0142o zapisz, co w tym okresie wydarzy\u0142o si\u0119 w \u017cyciu pociechy. Zaskoczysz si\u0119, ile krok\u00f3w milowych wykona\u0142o Twoje dziecko w tak kr\u00f3tkim czasie! <\/span><span data-ccp-props=\"{&quot;201341983&quot;:0,&quot;335559740&quot;:276}\">\u00a0<\/span><\/p>\n<p><span data-contrast=\"auto\">Wybierz najpi\u0119kniejszy szablon z dziesi\u0105tek dost\u0119pnych w tej tematyce na Empik Foto i stw\u00f3rz <a href=\"https:\/\/www.empikfoto.pl\/fotoksiazka,pierwszy-rok-dziecka\">histori\u0119 pierwszego roku<\/a> swojej ukochanej latoro\u015bli. Fotoksi\u0105\u017cka dziecka, zaprojektowana w taki spos\u00f3b, mo\u017ce by\u0107 rokrocznie zamawiana w okresie urodzin i kolekcjonowana, dzi\u0119ki czemu stanie si\u0119 <strong>najpi\u0119kniejsz\u0105 pami\u0105tk\u0105 Waszej rodzinnej historii<\/strong>! Sprawdzi si\u0119 jako idealny prezent urodzinowy przez wszystkie lata \u017cycia, a doros\u0142e dziecko podzi\u0119kuje Wam za niego jeszcze nie jeden raz!<\/span><\/p>\n<div id=\"attachment_11744\" style=\"width: 1289px\" class=\"wp-caption aligncenter\"><img loading=\"lazy\" decoding=\"async\" aria-describedby=\"caption-attachment-11744\" class=\"wp-image-11744 size-full\" src=\"https:\/\/www.empikfoto.pl\/blog\/empikfoto\/2023\/03\/pamiatki-na-roczek-2.jpg\" alt=\"pomys\u0142 na pami\u0105tki na roczek - fotoksi\u0105\u017cka dziecka\" width=\"1279\" height=\"1364\" srcset=\"https:\/\/www.empikfoto.pl\/blog\/empikfoto\/2023\/03\/pamiatki-na-roczek-2.jpg 1279w, https:\/\/www.empikfoto.pl\/blog\/empikfoto\/2023\/03\/pamiatki-na-roczek-2-281x300.jpg 281w, https:\/\/www.empikfoto.pl\/blog\/empikfoto\/2023\/03\/pamiatki-na-roczek-2-960x1024.jpg 960w, https:\/\/www.empikfoto.pl\/blog\/empikfoto\/2023\/03\/pamiatki-na-roczek-2-768x819.jpg 768w, https:\/\/www.empikfoto.pl\/blog\/empikfoto\/2023\/03\/pamiatki-na-roczek-2-400x427.jpg 400w\" sizes=\"auto, (max-width: 1279px) 100vw, 1279px\" \/><p id=\"caption-attachment-11744\" class=\"wp-caption-text\">Na pierwsze urodziny dziecka warto podarowa\u0107 mu pami\u0105tk\u0119, do kt\u00f3rej b\u0119dzie m\u00f3g\u0142 wr\u00f3ci\u0107 po latach. Fotoksi\u0105\u017cka dziecka ze zdj\u0119ciami z pierwszych 12 miesi\u0119cy \u017cycia stanowi\u0107 b\u0119dzie pi\u0119kne wspomnienie dla ca\u0142ej rodziny.<\/p><\/div>\n<h2><span data-contrast=\"auto\">Pami\u0105tki na roczek ze zdj\u0119\u0107 dziecka<\/span><\/h2>\n<p><span data-contrast=\"auto\">Zawsze dobrym pomys\u0142em na prezent s\u0105\u2026 <a href=\"https:\/\/www.empikfoto.pl\/odbitki\">odbitki zdj\u0119\u0107<\/a>. Zachowanie najwa\u017cniejszych chwil \u017cycia dziecka jest zadaniem nie\u0142atwym, ale wartym zachodu. Zbieranie ich do dedykowanego pude\u0142ka (drewnianego, tekturowego czy materia\u0142owego) pozwoli na powr\u00f3t do \u201epierwszych razy\u201d, kiedy tylko najdzie Was chwila nostalgii. Odbitki zdj\u0119\u0107 to tani i skuteczny <strong>spos\u00f3b na utrwalanie wspomnie\u0144<\/strong>. Przygotowanie ich do wywo\u0142ania zajmuje co prawda par\u0119 chwil, szczeg\u00f3lnie, gdy zdj\u0119\u0107 na telefonie mamy niekiedy setki czy tysi\u0105ce, ale jest to zdecydowanie gra warta \u015bwieczki. Sam proces zamawiania jest bardzo intuicyjny, a zam\u00f3wienie na odbitki zdj\u0119\u0107 mo\u017cecie z\u0142o\u017cy\u0107 nawet z poziomu telefonu dzi\u0119ki aplikacji mobilnej Empik Foto. Czy istnieje prostszy spos\u00f3b na idealny prezent na roczek?<\/span><span data-ccp-props=\"{&quot;201341983&quot;:0,&quot;335559740&quot;:276}\">\u00a0<\/span><\/p>\n<p><span data-contrast=\"auto\">Je\u015bli szukacie pomys\u0142u na prezent odrobin\u0119 mniej czasoch\u0142onny, a jednocze\u015bnie nieszablonowy, postawcie na <strong>personalizowane pami\u0105tki na roczek dziecka<\/strong>. S\u0105 to mi\u0119dzy innymi: <strong>puzzle ze zdj\u0119ciem, magnesy na gumie magnetycznej, breloczki ze zdj\u0119ciem, czy <a href=\"https:\/\/www.empikfoto.pl\/wystroj-wnetrz\/fotoobrazy-rodzaje\">fotoobrazy<\/a> i <a href=\"https:\/\/www.empikfoto.pl\/plakaty\">fotoplakaty<\/a><\/strong>. To w\u0142a\u015bnie te ostatnie najcz\u0119\u015bciej podbijaj\u0105 serca rodzic\u00f3w, kt\u00f3rzy decyduj\u0105 si\u0119 na umieszczenie w pokoju dziecka element\u00f3w personalizacji. Popularno\u015bci\u0105 ciesz\u0105 si\u0119 szczeg\u00f3lnie metryczki w formie plakatu, obrazy z imieniem dziecka oraz grafiki tworzone z my\u015bl\u0105 o najm\u0142odszych. Taki element wystroju wn\u0119trza nadaje mu personalnego charakteru i stanowi \u015bwietn\u0105 pami\u0105tk\u0119 na roczek dla pociechy!<\/span><\/p>\n<h2><span data-contrast=\"auto\">Gry i zabawki dla ca\u0142ej rodziny<\/span><\/h2>\n<p><span data-contrast=\"auto\">Cho\u0107 pierwszy rok \u017cycia bywa intensywny zar\u00f3wno dla dziecka, jak i dla rodzic\u00f3w \u2013 nie mo\u017cna zaprzeczy\u0107, \u017ce przynosi ca\u0142e mn\u00f3stwo satysfakcji. To w tym czasie dziecko zaczyna dostawa\u0107 swoje pierwsze zabawki i uczy si\u0119, jak si\u0119 z nimi obchodzi\u0107. Aby nasz pierwszoroczniak czu\u0142 si\u0119 zawsze bezpieczny i zaopiekowany, podaruj mu <strong>zabawk\u0119, kt\u00f3ra b\u0119dzie pami\u0105tk\u0105 z tego okresu jeszcze przez wiele, wiele lat \u2013 na przyk\u0142ad personalizowan\u0105 maskotk\u0119<\/strong>. Przytulanki towarzysz\u0105 dzieciom przez d\u0142ugi czas, a moment rozstania z nimi cz\u0119sto nadchodzi dopiero przy p\u00f3j\u015bciu do szko\u0142y. Niekt\u00f3rzy z nas do dzi\u015b nie s\u0105 w stanie rozsta\u0107 si\u0119 z ulubion\u0105 zabawk\u0105 z dzieci\u0144stwa, co tylko pokazuje, jak wielki wp\u0142yw maj\u0105 na nas nasi mali, pluszowi przyjaciele.<\/span><span data-ccp-props=\"{&quot;201341983&quot;:0,&quot;335559740&quot;:276}\">\u00a0<\/span><\/p>\n<p><span data-contrast=\"auto\">By wspom\u00f3c rozw\u00f3j naszego dziecka, warto od najm\u0142odszych lat zapoznawa\u0107 je z bajkami. Cho\u0107 w tak m\u0142odym wieku nasza pociecha nie jest jeszcze w stanie poj\u0105\u0107 wszystkiego, to <strong>wsp\u00f3lne czytanie dobrze dzia\u0142a na wyobra\u017ani\u0119<\/strong>, a w p\u00f3\u017aniejszym czasie pomo\u017ce poszerzy\u0107 zas\u00f3b s\u0142ownictwa malucha. Ciekawo\u015b\u0107 dziecka jeszcze \u0142atwiej utrzyma\u0107, gdy <strong>samo staje si\u0119 bohaterem takiej bajeczki<\/strong>. W naszej ofercie znajdziecie przekr\u00f3j <a href=\"https:\/\/www.empikfoto.pl\/personalizowana-bajka-dla-dziecka\">personalizowanych bajek<\/a> o r\u00f3\u017cnym stopniu trudno\u015bci, kt\u00f3re z powodzeniem zajm\u0105 dzieci\u0105tko i pomog\u0105 mu osi\u0105gn\u0105\u0107 kolejne kroki milowe w rozwoju. Najm\u0142odszym, najbardziej polecamy bajeczk\u0119 \u201eKontrasty\u201d, kt\u00f3ra \u015bwi\u0119ci triumfy popularno\u015bci w kategorii \u201epami\u0105tki na roczek\u201d. Musicie przetestowa\u0107 j\u0105 sami!<\/span><\/p>\n<div id=\"attachment_11742\" style=\"width: 1290px\" class=\"wp-caption aligncenter\"><img loading=\"lazy\" decoding=\"async\" aria-describedby=\"caption-attachment-11742\" class=\"wp-image-11742 size-full\" src=\"https:\/\/www.empikfoto.pl\/blog\/empikfoto\/2023\/03\/pamiatki-na-roczek-1.jpg\" alt=\"fotoksi\u0105\u017cka dziecka w formie personalizowanej bajki\" width=\"1280\" height=\"1086\" srcset=\"https:\/\/www.empikfoto.pl\/blog\/empikfoto\/2023\/03\/pamiatki-na-roczek-1.jpg 1280w, https:\/\/www.empikfoto.pl\/blog\/empikfoto\/2023\/03\/pamiatki-na-roczek-1-300x255.jpg 300w, https:\/\/www.empikfoto.pl\/blog\/empikfoto\/2023\/03\/pamiatki-na-roczek-1-1024x869.jpg 1024w, https:\/\/www.empikfoto.pl\/blog\/empikfoto\/2023\/03\/pamiatki-na-roczek-1-768x652.jpg 768w, https:\/\/www.empikfoto.pl\/blog\/empikfoto\/2023\/03\/pamiatki-na-roczek-1-400x339.jpg 400w\" sizes=\"auto, (max-width: 1280px) 100vw, 1280px\" \/><p id=\"caption-attachment-11742\" class=\"wp-caption-text\">Fotoksi\u0105\u017cka dziecka w formie personalizowanej bajki to prezent, kt\u00f3ry sprawdzi si\u0119 zar\u00f3wno jako atrakcja dla malucha, jak i jako wyj\u0105tkowa pami\u0105tka, gdy dziecko doro\u015bnie.<\/p><\/div>\n<h2><span data-contrast=\"auto\">Prezent dla dziecka obchodz\u0105cego roczek<\/span><\/h2>\n<p><span data-contrast=\"auto\">Nie zawsze jednak to my jeste\u015bmy rodzicami naszego malutkiego solenizanta. Powy\u017csze pomys\u0142y z powodzeniem sprawdz\u0105 si\u0119 jako <strong>pami\u0105tki na roczek dla dzieci dalszych czy bli\u017cszych krewnych, czy te\u017c dla pociech zaprzyja\u017anionych par<\/strong>. Je\u015bli zostaniesz zaproszony na tak\u0105 uroczysto\u015b\u0107, warto zapyta\u0107, czy jest co\u015b, co rodzicom szczeg\u00f3lnie si\u0119 przyda w nadchodz\u0105cym czasie. By\u0107 mo\u017ce sami nie wpadli na \u017caden z powy\u017cszych pomys\u0142\u00f3w, a gwarantujemy, \u017ce wszystkie z nich sprawi\u0105 zar\u00f3wno rodzicom, jak i maluszkowi &#8211; ogromn\u0105 rado\u015b\u0107!<\/span><\/p>\n\n\n<p><\/p>\n","protected":false},"excerpt":{"rendered":"<p>To ju\u017c rok \u017cycia najukocha\u0144szej istoty w Waszym \u017cyciu! W ci\u0105gu minionych 365 dni ca\u0142y \u015bwiat obr\u00f3ci\u0142 si\u0119 do g\u00f3ry nogami, a 100% swojej uwagi, mi\u0142o\u015bci i ciep\u0142a przekazali\u015bcie nowemu cz\u0142onkowi rodziny. Z tym nie\u0142atwym zadaniem, jakim jest rodzicielstwo, mierzycie si\u0119 z pewno\u015bci\u0105 doskonale. Dzi\u0119ki wsparciu, zrozumieniu i ca\u0142emu ogromowi cierpliwo\u015bci na Waszych oczach ro\u015bnie ma\u0142y cz\u0142owiek, kt\u00f3ry swoim dzieciom odwdzi\u0119czy si\u0119 tym samym. Miniony rok z pewno\u015bci\u0105 obfitowa\u0142 w zmiany, trudno\u015bci, kroki milowe rozwoju (zar\u00f3wno Waszego, jak i dzieci\u0105tka), kt\u00f3re warto uwieczni\u0107, by m\u00f3c do nich wraca\u0107 i je wspomina\u0107. Wraz z pierwsz\u0105 zdmuchni\u0119t\u0105 \u015bwieczk\u0105 na torcie rozpoczyna si\u0119 nowy etap i czas podsumowa\u0144. Oto nasze ulubione pami\u0105tki na roczek, kt\u00f3re pozwol\u0105 Wam zapami\u0119ta\u0107 ten okres na zawsze.\u00a0 Fotoksi\u0105\u017cka dziecka \u2013 pierwszy album ze zdj\u0119ciami Tyle si\u0119 wydarzy\u0142o! Pierwsze wypowiedziane sylaby, raczkowanie, siadanie, pierwsze nie\u015bmia\u0142e i jeszcze niepewne kroki. Maluszek prze\u017cywa najbardziej gwa\u0142towny rozw\u00f3j, kt\u00f3ry warto skrupulatnie dokumentowa\u0107. Ka\u017cda skwaszona mina, szeroki u\u015bmiech czy zdziwienie wypisane na twarzy s\u0105 niepowtarzalnymi chwilami, kt\u00f3re rodzice ch\u0119tnie celebruj\u0105 i jeszcze ch\u0119tniej fotografuj\u0105. Wszystkie te urocze momenty warto uwieczni\u0107, a w tym najlepiej pomo\u017ce nam fotoksi\u0105\u017cka dziecka. Popularnym sposobem na fotografowanie dziecka s\u0105 aktualnie dedykowane karty do zdj\u0119\u0107 dzieci\u0119cych z numeracj\u0105 poszczeg\u00f3lnych miesi\u0119cy. Znajdziesz je oczywi\u015bcie tak\u017ce na Empik Foto. Dzi\u0119ki przeuroczym obrazkom, ka\u017cdy miesi\u0105c \u017cycia dziecka b\u0119dzie mia\u0142 swoje odzwierciedlenie na zdj\u0119ciu. Fotografie te b\u0119d\u0105 naprawd\u0119 bezcenne przy tworzeniu fotoksi\u0105\u017cki, a obok zdj\u0119\u0107 \u015bmia\u0142o zapisz, co w tym okresie wydarzy\u0142o si\u0119 w \u017cyciu pociechy. Zaskoczysz si\u0119, ile krok\u00f3w milowych wykona\u0142o Twoje dziecko w tak kr\u00f3tkim czasie! \u00a0 Wybierz najpi\u0119kniejszy szablon z dziesi\u0105tek dost\u0119pnych w tej tematyce na Empik Foto i stw\u00f3rz histori\u0119 pierwszego roku swojej ukochanej latoro\u015bli. Fotoksi\u0105\u017cka dziecka, zaprojektowana w taki spos\u00f3b, mo\u017ce by\u0107 rokrocznie zamawiana w okresie urodzin i kolekcjonowana, dzi\u0119ki czemu stanie si\u0119 najpi\u0119kniejsz\u0105 pami\u0105tk\u0105 Waszej rodzinnej historii! Sprawdzi si\u0119 jako idealny prezent urodzinowy przez wszystkie lata \u017cycia, a doros\u0142e dziecko podzi\u0119kuje Wam za niego jeszcze nie jeden raz! Pami\u0105tki na roczek ze zdj\u0119\u0107 dziecka Zawsze dobrym pomys\u0142em na prezent s\u0105\u2026 odbitki zdj\u0119\u0107. Zachowanie najwa\u017cniejszych chwil \u017cycia dziecka jest zadaniem nie\u0142atwym, ale wartym zachodu. Zbieranie ich do dedykowanego pude\u0142ka (drewnianego, tekturowego czy materia\u0142owego) pozwoli na powr\u00f3t do \u201epierwszych razy\u201d, kiedy tylko najdzie Was chwila nostalgii. Odbitki zdj\u0119\u0107 to tani i skuteczny spos\u00f3b na utrwalanie wspomnie\u0144. Przygotowanie ich do wywo\u0142ania zajmuje co prawda par\u0119 chwil, szczeg\u00f3lnie, gdy zdj\u0119\u0107 na telefonie mamy niekiedy setki czy tysi\u0105ce, ale jest to zdecydowanie gra warta \u015bwieczki. Sam proces zamawiania jest bardzo intuicyjny, a zam\u00f3wienie na odbitki zdj\u0119\u0107 mo\u017cecie z\u0142o\u017cy\u0107 nawet z poziomu telefonu dzi\u0119ki aplikacji mobilnej Empik Foto. Czy istnieje prostszy spos\u00f3b na idealny prezent na roczek?\u00a0 Je\u015bli szukacie pomys\u0142u na prezent odrobin\u0119 mniej czasoch\u0142onny, a jednocze\u015bnie nieszablonowy, postawcie na personalizowane pami\u0105tki na roczek dziecka. S\u0105 to mi\u0119dzy innymi: puzzle ze zdj\u0119ciem, magnesy na gumie magnetycznej, breloczki ze zdj\u0119ciem, czy fotoobrazy i fotoplakaty. To w\u0142a\u015bnie te ostatnie najcz\u0119\u015bciej podbijaj\u0105 serca rodzic\u00f3w, kt\u00f3rzy decyduj\u0105 si\u0119 na umieszczenie w pokoju dziecka element\u00f3w personalizacji. Popularno\u015bci\u0105 ciesz\u0105 si\u0119 szczeg\u00f3lnie metryczki w formie plakatu, obrazy z imieniem dziecka oraz grafiki tworzone z my\u015bl\u0105 o najm\u0142odszych. Taki element wystroju wn\u0119trza nadaje mu personalnego charakteru i stanowi \u015bwietn\u0105 pami\u0105tk\u0119 na roczek dla pociechy! Gry i zabawki dla ca\u0142ej rodziny Cho\u0107 pierwszy rok \u017cycia bywa intensywny zar\u00f3wno dla dziecka, jak i dla rodzic\u00f3w \u2013 nie mo\u017cna zaprzeczy\u0107, \u017ce przynosi ca\u0142e mn\u00f3stwo satysfakcji. To w tym czasie dziecko zaczyna dostawa\u0107 swoje pierwsze zabawki i uczy si\u0119, jak si\u0119 z nimi obchodzi\u0107. Aby nasz pierwszoroczniak czu\u0142 si\u0119 zawsze bezpieczny i zaopiekowany, podaruj mu zabawk\u0119, kt\u00f3ra b\u0119dzie pami\u0105tk\u0105 z tego okresu jeszcze przez wiele, wiele lat \u2013 na przyk\u0142ad personalizowan\u0105 maskotk\u0119. Przytulanki towarzysz\u0105 dzieciom przez d\u0142ugi czas, a moment rozstania z nimi cz\u0119sto nadchodzi dopiero przy p\u00f3j\u015bciu do szko\u0142y. Niekt\u00f3rzy z nas do dzi\u015b nie s\u0105 w stanie rozsta\u0107 si\u0119 z ulubion\u0105 zabawk\u0105 z dzieci\u0144stwa, co tylko pokazuje, jak wielki wp\u0142yw maj\u0105 na nas nasi mali, pluszowi przyjaciele.\u00a0 By wspom\u00f3c rozw\u00f3j naszego dziecka, warto od najm\u0142odszych lat zapoznawa\u0107 je z bajkami. Cho\u0107 w tak m\u0142odym wieku nasza pociecha nie jest jeszcze w stanie poj\u0105\u0107 wszystkiego, to wsp\u00f3lne czytanie dobrze dzia\u0142a na wyobra\u017ani\u0119, a w p\u00f3\u017aniejszym czasie pomo\u017ce poszerzy\u0107 zas\u00f3b s\u0142ownictwa malucha. Ciekawo\u015b\u0107 dziecka jeszcze \u0142atwiej utrzyma\u0107, gdy samo staje si\u0119 bohaterem takiej bajeczki. W naszej ofercie znajdziecie przekr\u00f3j personalizowanych bajek o r\u00f3\u017cnym stopniu trudno\u015bci, kt\u00f3re z powodzeniem zajm\u0105 dzieci\u0105tko i pomog\u0105 mu osi\u0105gn\u0105\u0107 kolejne kroki milowe w rozwoju. Najm\u0142odszym, najbardziej polecamy bajeczk\u0119 \u201eKontrasty\u201d, kt\u00f3ra \u015bwi\u0119ci triumfy popularno\u015bci w kategorii \u201epami\u0105tki na roczek\u201d. Musicie przetestowa\u0107 j\u0105 sami! Prezent dla dziecka obchodz\u0105cego roczek Nie zawsze jednak to my jeste\u015bmy rodzicami naszego malutkiego solenizanta. Powy\u017csze pomys\u0142y z powodzeniem sprawdz\u0105 si\u0119 jako pami\u0105tki na roczek dla dzieci dalszych czy bli\u017cszych krewnych, czy te\u017c dla pociech zaprzyja\u017anionych par. Je\u015bli zostaniesz zaproszony na tak\u0105 uroczysto\u015b\u0107, warto zapyta\u0107, czy jest co\u015b, co rodzicom szczeg\u00f3lnie si\u0119 przyda w nadchodz\u0105cym czasie. By\u0107 mo\u017ce sami nie wpadli na \u017caden z powy\u017cszych pomys\u0142\u00f3w, a gwarantujemy, \u017ce wszystkie z nich sprawi\u0105 zar\u00f3wno rodzicom, jak i maluszkowi &#8211; ogromn\u0105 rado\u015b\u0107!<\/p>\n","protected":false},"author":16,"featured_media":11741,"comment_status":"closed","ping_status":"closed","sticky":true,"template":"","format":"standard","meta":{"footnotes":""},"categories":[786],"tags":[1070,1089,1090,1087],"class_list":["post-11739","post","type-post","status-publish","format-standard","has-post-thumbnail","hentry","category-inspiracje","tag-pomysl-na-prezent","tag-prezent-dla-dziecka","tag-roczek","tag-urodziny"],"yoast_head":"<!-- This site is optimized with the Yoast SEO plugin v27.5 - https:\/\/yoast.com\/product\/yoast-seo-wordpress\/ -->\n<title>Pami\u0105tki na roczek - co podarowa\u0107 dziecku? | Empik Foto<\/title>\n<meta name=\"description\" content=\"Przedstawiamy pami\u0105tki na roczek, czyli wyj\u0105tkowe prezenty, kt\u00f3re pozwol\u0105 solenizantowi zapami\u0119ta\u0107 pierwsze miesi\u0105ce \u017cycia na zawsze.\u00a0\" \/>\n<meta name=\"robots\" content=\"index, follow, max-snippet:-1, max-image-preview:large, max-video-preview:-1\" \/>\n<link rel=\"canonical\" href=\"https:\/\/www.empikfoto.pl\/blog\/pamiatki-na-roczek-czyli-sprawdzone-pomysly-na-pierwsze-urodziny-dziecka\/\" \/>\n<meta property=\"og:locale\" content=\"pl_PL\" \/>\n<meta property=\"og:type\" content=\"article\" \/>\n<meta property=\"og:title\" content=\"Pami\u0105tki na roczek - co podarowa\u0107 dziecku? | Empik Foto\" \/>\n<meta property=\"og:description\" content=\"Przedstawiamy pami\u0105tki na roczek, czyli wyj\u0105tkowe prezenty, kt\u00f3re pozwol\u0105 solenizantowi zapami\u0119ta\u0107 pierwsze miesi\u0105ce \u017cycia na zawsze.\u00a0\" \/>\n<meta property=\"og:url\" content=\"https:\/\/www.empikfoto.pl\/blog\/pamiatki-na-roczek-czyli-sprawdzone-pomysly-na-pierwsze-urodziny-dziecka\/\" \/>\n<meta property=\"og:site_name\" content=\"blog.empikfoto.pl\" \/>\n<meta property=\"article:publisher\" content=\"https:\/\/www.facebook.com\/empikfotopl\/\" \/>\n<meta property=\"article:published_time\" content=\"2023-03-13T14:43:14+00:00\" \/>\n<meta property=\"article:modified_time\" content=\"2024-04-03T11:39:27+00:00\" \/>\n<meta property=\"og:image\" content=\"https:\/\/www.empikfoto.pl\/blog\/empikfoto\/2023\/03\/pamiatki-na-roczek.jpg\" \/>\n\t<meta property=\"og:image:width\" content=\"1000\" \/>\n\t<meta property=\"og:image:height\" content=\"667\" \/>\n\t<meta property=\"og:image:type\" content=\"image\/jpeg\" \/>\n<meta name=\"author\" content=\"Patrycja\" \/>\n<meta name=\"twitter:card\" content=\"summary_large_image\" \/>\n<meta name=\"twitter:creator\" content=\"@empikfoto\" \/>\n<meta name=\"twitter:site\" content=\"@empikfoto\" \/>\n<meta name=\"twitter:label1\" content=\"Napisane przez\" \/>\n\t<meta name=\"twitter:data1\" content=\"Patrycja\" \/>\n\t<meta name=\"twitter:label2\" content=\"Szacowany czas czytania\" \/>\n\t<meta name=\"twitter:data2\" content=\"6 minut\" \/>\n<script type=\"application\/ld+json\" class=\"yoast-schema-graph\">{\"@context\":\"https:\\\/\\\/schema.org\",\"@graph\":[{\"@type\":\"Article\",\"@id\":\"https:\\\/\\\/www.empikfoto.pl\\\/blog\\\/pamiatki-na-roczek-czyli-sprawdzone-pomysly-na-pierwsze-urodziny-dziecka\\\/#article\",\"isPartOf\":{\"@id\":\"https:\\\/\\\/www.empikfoto.pl\\\/blog\\\/pamiatki-na-roczek-czyli-sprawdzone-pomysly-na-pierwsze-urodziny-dziecka\\\/\"},\"author\":{\"name\":\"Patrycja\",\"@id\":\"https:\\\/\\\/www.empikfoto.pl\\\/blog\\\/#\\\/schema\\\/person\\\/0313802ca5dac502e3266853c59632c0\"},\"headline\":\"Pami\u0105tki na roczek, czyli sprawdzone pomys\u0142y na pierwsze urodziny dziecka\",\"datePublished\":\"2023-03-13T14:43:14+00:00\",\"dateModified\":\"2024-04-03T11:39:27+00:00\",\"mainEntityOfPage\":{\"@id\":\"https:\\\/\\\/www.empikfoto.pl\\\/blog\\\/pamiatki-na-roczek-czyli-sprawdzone-pomysly-na-pierwsze-urodziny-dziecka\\\/\"},\"wordCount\":1080,\"image\":{\"@id\":\"https:\\\/\\\/www.empikfoto.pl\\\/blog\\\/pamiatki-na-roczek-czyli-sprawdzone-pomysly-na-pierwsze-urodziny-dziecka\\\/#primaryimage\"},\"thumbnailUrl\":\"https:\\\/\\\/www.empikfoto.pl\\\/blog\\\/empikfoto\\\/2023\\\/03\\\/pamiatki-na-roczek.jpg\",\"keywords\":[\"pomys\u0142 na prezent\",\"prezent dla dziecka\",\"roczek\",\"urodziny\"],\"articleSection\":[\"INSPIRACJE\"],\"inLanguage\":\"pl-PL\"},{\"@type\":\"WebPage\",\"@id\":\"https:\\\/\\\/www.empikfoto.pl\\\/blog\\\/pamiatki-na-roczek-czyli-sprawdzone-pomysly-na-pierwsze-urodziny-dziecka\\\/\",\"url\":\"https:\\\/\\\/www.empikfoto.pl\\\/blog\\\/pamiatki-na-roczek-czyli-sprawdzone-pomysly-na-pierwsze-urodziny-dziecka\\\/\",\"name\":\"Pami\u0105tki na roczek - co podarowa\u0107 dziecku? | Empik Foto\",\"isPartOf\":{\"@id\":\"https:\\\/\\\/www.empikfoto.pl\\\/blog\\\/#website\"},\"primaryImageOfPage\":{\"@id\":\"https:\\\/\\\/www.empikfoto.pl\\\/blog\\\/pamiatki-na-roczek-czyli-sprawdzone-pomysly-na-pierwsze-urodziny-dziecka\\\/#primaryimage\"},\"image\":{\"@id\":\"https:\\\/\\\/www.empikfoto.pl\\\/blog\\\/pamiatki-na-roczek-czyli-sprawdzone-pomysly-na-pierwsze-urodziny-dziecka\\\/#primaryimage\"},\"thumbnailUrl\":\"https:\\\/\\\/www.empikfoto.pl\\\/blog\\\/empikfoto\\\/2023\\\/03\\\/pamiatki-na-roczek.jpg\",\"datePublished\":\"2023-03-13T14:43:14+00:00\",\"dateModified\":\"2024-04-03T11:39:27+00:00\",\"author\":{\"@id\":\"https:\\\/\\\/www.empikfoto.pl\\\/blog\\\/#\\\/schema\\\/person\\\/0313802ca5dac502e3266853c59632c0\"},\"description\":\"Przedstawiamy pami\u0105tki na roczek, czyli wyj\u0105tkowe prezenty, kt\u00f3re pozwol\u0105 solenizantowi zapami\u0119ta\u0107 pierwsze miesi\u0105ce \u017cycia na zawsze.\u00a0\",\"breadcrumb\":{\"@id\":\"https:\\\/\\\/www.empikfoto.pl\\\/blog\\\/pamiatki-na-roczek-czyli-sprawdzone-pomysly-na-pierwsze-urodziny-dziecka\\\/#breadcrumb\"},\"inLanguage\":\"pl-PL\",\"potentialAction\":[{\"@type\":\"ReadAction\",\"target\":[\"https:\\\/\\\/www.empikfoto.pl\\\/blog\\\/pamiatki-na-roczek-czyli-sprawdzone-pomysly-na-pierwsze-urodziny-dziecka\\\/\"]}]},{\"@type\":\"ImageObject\",\"inLanguage\":\"pl-PL\",\"@id\":\"https:\\\/\\\/www.empikfoto.pl\\\/blog\\\/pamiatki-na-roczek-czyli-sprawdzone-pomysly-na-pierwsze-urodziny-dziecka\\\/#primaryimage\",\"url\":\"https:\\\/\\\/www.empikfoto.pl\\\/blog\\\/empikfoto\\\/2023\\\/03\\\/pamiatki-na-roczek.jpg\",\"contentUrl\":\"https:\\\/\\\/www.empikfoto.pl\\\/blog\\\/empikfoto\\\/2023\\\/03\\\/pamiatki-na-roczek.jpg\",\"width\":1000,\"height\":667,\"caption\":\"Pami\u0105tki na roczek dla dziecka\"},{\"@type\":\"BreadcrumbList\",\"@id\":\"https:\\\/\\\/www.empikfoto.pl\\\/blog\\\/pamiatki-na-roczek-czyli-sprawdzone-pomysly-na-pierwsze-urodziny-dziecka\\\/#breadcrumb\",\"itemListElement\":[{\"@type\":\"ListItem\",\"position\":1,\"name\":\"Strona g\u0142\u00f3wna\",\"item\":\"https:\\\/\\\/www.empikfoto.pl\\\/blog\\\/\"},{\"@type\":\"ListItem\",\"position\":2,\"name\":\"Pami\u0105tki na roczek, czyli sprawdzone pomys\u0142y na pierwsze urodziny dziecka\"}]},{\"@type\":\"WebSite\",\"@id\":\"https:\\\/\\\/www.empikfoto.pl\\\/blog\\\/#website\",\"url\":\"https:\\\/\\\/www.empikfoto.pl\\\/blog\\\/\",\"name\":\"blog.empikfoto.pl\",\"description\":\"Poznaj empikfoto.pl od \u015brodka! Dowiedz si\u0119 wi\u0119cej o odbitkach, fotoksi\u0105\u017ckach i fotografii.\",\"potentialAction\":[{\"@type\":\"SearchAction\",\"target\":{\"@type\":\"EntryPoint\",\"urlTemplate\":\"https:\\\/\\\/www.empikfoto.pl\\\/blog\\\/?s={search_term_string}\"},\"query-input\":{\"@type\":\"PropertyValueSpecification\",\"valueRequired\":true,\"valueName\":\"search_term_string\"}}],\"inLanguage\":\"pl-PL\"},{\"@type\":\"Person\",\"@id\":\"https:\\\/\\\/www.empikfoto.pl\\\/blog\\\/#\\\/schema\\\/person\\\/0313802ca5dac502e3266853c59632c0\",\"name\":\"Patrycja\",\"image\":{\"@type\":\"ImageObject\",\"inLanguage\":\"pl-PL\",\"@id\":\"https:\\\/\\\/secure.gravatar.com\\\/avatar\\\/f25168e12215ad42f58e5fb72881daaeb57bd4f907081046016f64bf167db59f?s=96&d=identicon&r=g\",\"url\":\"https:\\\/\\\/secure.gravatar.com\\\/avatar\\\/f25168e12215ad42f58e5fb72881daaeb57bd4f907081046016f64bf167db59f?s=96&d=identicon&r=g\",\"contentUrl\":\"https:\\\/\\\/secure.gravatar.com\\\/avatar\\\/f25168e12215ad42f58e5fb72881daaeb57bd4f907081046016f64bf167db59f?s=96&d=identicon&r=g\",\"caption\":\"Patrycja\"},\"url\":\"https:\\\/\\\/www.empikfoto.pl\\\/blog\\\/author\\\/patrycja\\\/\"}]}<\/script>\n<!-- \/ Yoast SEO plugin. -->","yoast_head_json":{"title":"Pami\u0105tki na roczek - co podarowa\u0107 dziecku? | Empik Foto","description":"Przedstawiamy pami\u0105tki na roczek, czyli wyj\u0105tkowe prezenty, kt\u00f3re pozwol\u0105 solenizantowi zapami\u0119ta\u0107 pierwsze miesi\u0105ce \u017cycia na zawsze.\u00a0","robots":{"index":"index","follow":"follow","max-snippet":"max-snippet:-1","max-image-preview":"max-image-preview:large","max-video-preview":"max-video-preview:-1"},"canonical":"https:\/\/www.empikfoto.pl\/blog\/pamiatki-na-roczek-czyli-sprawdzone-pomysly-na-pierwsze-urodziny-dziecka\/","og_locale":"pl_PL","og_type":"article","og_title":"Pami\u0105tki na roczek - co podarowa\u0107 dziecku? | Empik Foto","og_description":"Przedstawiamy pami\u0105tki na roczek, czyli wyj\u0105tkowe prezenty, kt\u00f3re pozwol\u0105 solenizantowi zapami\u0119ta\u0107 pierwsze miesi\u0105ce \u017cycia na zawsze.\u00a0","og_url":"https:\/\/www.empikfoto.pl\/blog\/pamiatki-na-roczek-czyli-sprawdzone-pomysly-na-pierwsze-urodziny-dziecka\/","og_site_name":"blog.empikfoto.pl","article_publisher":"https:\/\/www.facebook.com\/empikfotopl\/","article_published_time":"2023-03-13T14:43:14+00:00","article_modified_time":"2024-04-03T11:39:27+00:00","og_image":[{"width":1000,"height":667,"url":"https:\/\/www.empikfoto.pl\/blog\/empikfoto\/2023\/03\/pamiatki-na-roczek.jpg","type":"image\/jpeg"}],"author":"Patrycja","twitter_card":"summary_large_image","twitter_creator":"@empikfoto","twitter_site":"@empikfoto","twitter_misc":{"Napisane przez":"Patrycja","Szacowany czas czytania":"6 minut"},"schema":{"@context":"https:\/\/schema.org","@graph":[{"@type":"Article","@id":"https:\/\/www.empikfoto.pl\/blog\/pamiatki-na-roczek-czyli-sprawdzone-pomysly-na-pierwsze-urodziny-dziecka\/#article","isPartOf":{"@id":"https:\/\/www.empikfoto.pl\/blog\/pamiatki-na-roczek-czyli-sprawdzone-pomysly-na-pierwsze-urodziny-dziecka\/"},"author":{"name":"Patrycja","@id":"https:\/\/www.empikfoto.pl\/blog\/#\/schema\/person\/0313802ca5dac502e3266853c59632c0"},"headline":"Pami\u0105tki na roczek, czyli sprawdzone pomys\u0142y na pierwsze urodziny dziecka","datePublished":"2023-03-13T14:43:14+00:00","dateModified":"2024-04-03T11:39:27+00:00","mainEntityOfPage":{"@id":"https:\/\/www.empikfoto.pl\/blog\/pamiatki-na-roczek-czyli-sprawdzone-pomysly-na-pierwsze-urodziny-dziecka\/"},"wordCount":1080,"image":{"@id":"https:\/\/www.empikfoto.pl\/blog\/pamiatki-na-roczek-czyli-sprawdzone-pomysly-na-pierwsze-urodziny-dziecka\/#primaryimage"},"thumbnailUrl":"https:\/\/www.empikfoto.pl\/blog\/empikfoto\/2023\/03\/pamiatki-na-roczek.jpg","keywords":["pomys\u0142 na prezent","prezent dla dziecka","roczek","urodziny"],"articleSection":["INSPIRACJE"],"inLanguage":"pl-PL"},{"@type":"WebPage","@id":"https:\/\/www.empikfoto.pl\/blog\/pamiatki-na-roczek-czyli-sprawdzone-pomysly-na-pierwsze-urodziny-dziecka\/","url":"https:\/\/www.empikfoto.pl\/blog\/pamiatki-na-roczek-czyli-sprawdzone-pomysly-na-pierwsze-urodziny-dziecka\/","name":"Pami\u0105tki na roczek - co podarowa\u0107 dziecku? | Empik Foto","isPartOf":{"@id":"https:\/\/www.empikfoto.pl\/blog\/#website"},"primaryImageOfPage":{"@id":"https:\/\/www.empikfoto.pl\/blog\/pamiatki-na-roczek-czyli-sprawdzone-pomysly-na-pierwsze-urodziny-dziecka\/#primaryimage"},"image":{"@id":"https:\/\/www.empikfoto.pl\/blog\/pamiatki-na-roczek-czyli-sprawdzone-pomysly-na-pierwsze-urodziny-dziecka\/#primaryimage"},"thumbnailUrl":"https:\/\/www.empikfoto.pl\/blog\/empikfoto\/2023\/03\/pamiatki-na-roczek.jpg","datePublished":"2023-03-13T14:43:14+00:00","dateModified":"2024-04-03T11:39:27+00:00","author":{"@id":"https:\/\/www.empikfoto.pl\/blog\/#\/schema\/person\/0313802ca5dac502e3266853c59632c0"},"description":"Przedstawiamy pami\u0105tki na roczek, czyli wyj\u0105tkowe prezenty, kt\u00f3re pozwol\u0105 solenizantowi zapami\u0119ta\u0107 pierwsze miesi\u0105ce \u017cycia na zawsze.\u00a0","breadcrumb":{"@id":"https:\/\/www.empikfoto.pl\/blog\/pamiatki-na-roczek-czyli-sprawdzone-pomysly-na-pierwsze-urodziny-dziecka\/#breadcrumb"},"inLanguage":"pl-PL","potentialAction":[{"@type":"ReadAction","target":["https:\/\/www.empikfoto.pl\/blog\/pamiatki-na-roczek-czyli-sprawdzone-pomysly-na-pierwsze-urodziny-dziecka\/"]}]},{"@type":"ImageObject","inLanguage":"pl-PL","@id":"https:\/\/www.empikfoto.pl\/blog\/pamiatki-na-roczek-czyli-sprawdzone-pomysly-na-pierwsze-urodziny-dziecka\/#primaryimage","url":"https:\/\/www.empikfoto.pl\/blog\/empikfoto\/2023\/03\/pamiatki-na-roczek.jpg","contentUrl":"https:\/\/www.empikfoto.pl\/blog\/empikfoto\/2023\/03\/pamiatki-na-roczek.jpg","width":1000,"height":667,"caption":"Pami\u0105tki na roczek dla dziecka"},{"@type":"BreadcrumbList","@id":"https:\/\/www.empikfoto.pl\/blog\/pamiatki-na-roczek-czyli-sprawdzone-pomysly-na-pierwsze-urodziny-dziecka\/#breadcrumb","itemListElement":[{"@type":"ListItem","position":1,"name":"Strona g\u0142\u00f3wna","item":"https:\/\/www.empikfoto.pl\/blog\/"},{"@type":"ListItem","position":2,"name":"Pami\u0105tki na roczek, czyli sprawdzone pomys\u0142y na pierwsze urodziny dziecka"}]},{"@type":"WebSite","@id":"https:\/\/www.empikfoto.pl\/blog\/#website","url":"https:\/\/www.empikfoto.pl\/blog\/","name":"blog.empikfoto.pl","description":"Poznaj empikfoto.pl od \u015brodka! Dowiedz si\u0119 wi\u0119cej o odbitkach, fotoksi\u0105\u017ckach i fotografii.","potentialAction":[{"@type":"SearchAction","target":{"@type":"EntryPoint","urlTemplate":"https:\/\/www.empikfoto.pl\/blog\/?s={search_term_string}"},"query-input":{"@type":"PropertyValueSpecification","valueRequired":true,"valueName":"search_term_string"}}],"inLanguage":"pl-PL"},{"@type":"Person","@id":"https:\/\/www.empikfoto.pl\/blog\/#\/schema\/person\/0313802ca5dac502e3266853c59632c0","name":"Patrycja","image":{"@type":"ImageObject","inLanguage":"pl-PL","@id":"https:\/\/secure.gravatar.com\/avatar\/f25168e12215ad42f58e5fb72881daaeb57bd4f907081046016f64bf167db59f?s=96&d=identicon&r=g","url":"https:\/\/secure.gravatar.com\/avatar\/f25168e12215ad42f58e5fb72881daaeb57bd4f907081046016f64bf167db59f?s=96&d=identicon&r=g","contentUrl":"https:\/\/secure.gravatar.com\/avatar\/f25168e12215ad42f58e5fb72881daaeb57bd4f907081046016f64bf167db59f?s=96&d=identicon&r=g","caption":"Patrycja"},"url":"https:\/\/www.empikfoto.pl\/blog\/author\/patrycja\/"}]}},"amp_enabled":true,"_links":{"self":[{"href":"https:\/\/www.empikfoto.pl\/blog\/wp-json\/wp\/v2\/posts\/11739","targetHints":{"allow":["GET"]}}],"collection":[{"href":"https:\/\/www.empikfoto.pl\/blog\/wp-json\/wp\/v2\/posts"}],"about":[{"href":"https:\/\/www.empikfoto.pl\/blog\/wp-json\/wp\/v2\/types\/post"}],"author":[{"embeddable":true,"href":"https:\/\/www.empikfoto.pl\/blog\/wp-json\/wp\/v2\/users\/16"}],"replies":[{"embeddable":true,"href":"https:\/\/www.empikfoto.pl\/blog\/wp-json\/wp\/v2\/comments?post=11739"}],"version-history":[{"count":14,"href":"https:\/\/www.empikfoto.pl\/blog\/wp-json\/wp\/v2\/posts\/11739\/revisions"}],"predecessor-version":[{"id":13751,"href":"https:\/\/www.empikfoto.pl\/blog\/wp-json\/wp\/v2\/posts\/11739\/revisions\/13751"}],"wp:featuredmedia":[{"embeddable":true,"href":"https:\/\/www.empikfoto.pl\/blog\/wp-json\/wp\/v2\/media\/11741"}],"wp:attachment":[{"href":"https:\/\/www.empikfoto.pl\/blog\/wp-json\/wp\/v2\/media?parent=11739"}],"wp:term":[{"taxonomy":"category","embeddable":true,"href":"https:\/\/www.empikfoto.pl\/blog\/wp-json\/wp\/v2\/categories?post=11739"},{"taxonomy":"post_tag","embeddable":true,"href":"https:\/\/www.empikfoto.pl\/blog\/wp-json\/wp\/v2\/tags?post=11739"}],"curies":[{"name":"wp","href":"https:\/\/api.w.org\/{rel}","templated":true}]}}