{"id":11819,"date":"2023-03-27T11:24:45","date_gmt":"2023-03-27T09:24:45","guid":{"rendered":"https:\/\/www.empikfoto.pl\/blog\/?p=11819"},"modified":"2023-11-07T13:16:06","modified_gmt":"2023-11-07T12:16:06","slug":"przenies-swoje-instagramowe-zdjecia-do-fotoksiazki-jak-zapisac-zdjecia-z-instagrama","status":"publish","type":"post","link":"https:\/\/www.empikfoto.pl\/blog\/przenies-swoje-instagramowe-zdjecia-do-fotoksiazki-jak-zapisac-zdjecia-z-instagrama\/","title":{"rendered":"Przenie\u015b swoje instagramowe zdj\u0119cia do fotoksi\u0105\u017cki! Jak zapisa\u0107 zdj\u0119cia z Instagrama?\u00a0"},"content":{"rendered":"<p><strong>Media spo\u0142eczno\u015bciowe pozwalaj\u0105 nam na dzielenie si\u0119 wspomnieniami w par\u0119 sekund, a co wa\u017cniejsze \u2013 mo\u017cemy po te wspomnienia si\u0119gn\u0105\u0107 w\u0142a\u015bciwie w ka\u017cdej chwili. Ich cyfrowe wersje bywaj\u0105 jednak zawodne. Uszkodzone pliki, utrata dost\u0119pu do konta, czy awaria serwisu to tylko jedne z wielu zagro\u017ce\u0144, jakie czekaj\u0105 na nasze wype\u0142nione zdj\u0119ciami profile. Aby unikn\u0105\u0107 niespodzianek, a tak\u017ce cieszy\u0107 si\u0119 swoimi ulubionymi kadrami w namacalny spos\u00f3b, stw\u00f3rz z nich fotoksi\u0105\u017ck\u0119! Pojawia si\u0119 jednak dylemat \u2013 jak zapisa\u0107 zdj\u0119cia z Instagrama na telefonie? A jak pobra\u0107 zdj\u0119cie z Instagrama na komputerze? Czy nie strac\u0105 one na swojej jako\u015bci? Postaramy si\u0119 rozwia\u0107 wszelkie w\u0105tpliwo\u015bci w tym temacie!<\/strong><\/p>\r\n<p><!--more--><\/p>\r\n<h2>Instagram Stories w formie\u2026 fotoksi\u0105\u017cki?<\/h2>\r\n<p><span data-contrast=\"auto\">W czasach, gdy telefon towarzyszy nam na ka\u017cdym kroku i w\u0142a\u015bciwie zawsze mamy go pod r\u0119k\u0105, sta\u0142 si\u0119 on tak\u017ce ulubionym (bo zawsze obecnym!) aparatem wi\u0119kszo\u015bci ludzi. Podobno nie sprz\u0119t czyni fotografa, a jego umiej\u0119tno\u015bci, wi\u0119c \u0142ap ka\u017cd\u0105 chwil\u0119 i nie zastanawiaj si\u0119 zbyt d\u0142ugo! Zdj\u0119cie to jedynie u\u0142amek sekundy, kt\u00f3ry w po\u0142\u0105czeniu z emocjami i Twoim okiem tworzy prawdziwie wieczne wspomnienie.<\/span><\/p>\r\n<p><img loading=\"lazy\" decoding=\"async\" class=\"aligncenter size-large wp-image-13115\" src=\"https:\/\/www.empikfoto.pl\/blog\/empikfoto\/2023\/03\/dwie-mlode-piekne-usmiechniete-dziewczyny-hipster-w-modne-letnie-ubrania-seksowne-beztroskie-kobiety-siedza-na-lawce-na-ulicy-w-okularach-przeciwslonecznych-robia-autoportrety-na-smartfonie-1024x682.jpg\" alt=\"jak zapisa\u0107 zdj\u0119cie z instagrama\" width=\"1024\" height=\"682\" srcset=\"https:\/\/www.empikfoto.pl\/blog\/empikfoto\/2023\/03\/dwie-mlode-piekne-usmiechniete-dziewczyny-hipster-w-modne-letnie-ubrania-seksowne-beztroskie-kobiety-siedza-na-lawce-na-ulicy-w-okularach-przeciwslonecznych-robia-autoportrety-na-smartfonie-1024x682.jpg 1024w, https:\/\/www.empikfoto.pl\/blog\/empikfoto\/2023\/03\/dwie-mlode-piekne-usmiechniete-dziewczyny-hipster-w-modne-letnie-ubrania-seksowne-beztroskie-kobiety-siedza-na-lawce-na-ulicy-w-okularach-przeciwslonecznych-robia-autoportrety-na-smartfonie-300x200.jpg 300w, https:\/\/www.empikfoto.pl\/blog\/empikfoto\/2023\/03\/dwie-mlode-piekne-usmiechniete-dziewczyny-hipster-w-modne-letnie-ubrania-seksowne-beztroskie-kobiety-siedza-na-lawce-na-ulicy-w-okularach-przeciwslonecznych-robia-autoportrety-na-smartfonie-768x512.jpg 768w, https:\/\/www.empikfoto.pl\/blog\/empikfoto\/2023\/03\/dwie-mlode-piekne-usmiechniete-dziewczyny-hipster-w-modne-letnie-ubrania-seksowne-beztroskie-kobiety-siedza-na-lawce-na-ulicy-w-okularach-przeciwslonecznych-robia-autoportrety-na-smartfonie-1536x1024.jpg 1536w, https:\/\/www.empikfoto.pl\/blog\/empikfoto\/2023\/03\/dwie-mlode-piekne-usmiechniete-dziewczyny-hipster-w-modne-letnie-ubrania-seksowne-beztroskie-kobiety-siedza-na-lawce-na-ulicy-w-okularach-przeciwslonecznych-robia-autoportrety-na-smartfonie-330x220.jpg 330w, https:\/\/www.empikfoto.pl\/blog\/empikfoto\/2023\/03\/dwie-mlode-piekne-usmiechniete-dziewczyny-hipster-w-modne-letnie-ubrania-seksowne-beztroskie-kobiety-siedza-na-lawce-na-ulicy-w-okularach-przeciwslonecznych-robia-autoportrety-na-smartfonie-400x267.jpg 400w, https:\/\/www.empikfoto.pl\/blog\/empikfoto\/2023\/03\/dwie-mlode-piekne-usmiechniete-dziewczyny-hipster-w-modne-letnie-ubrania-seksowne-beztroskie-kobiety-siedza-na-lawce-na-ulicy-w-okularach-przeciwslonecznych-robia-autoportrety-na-smartfonie.jpg 2000w\" sizes=\"auto, (max-width: 1024px) 100vw, 1024px\" \/><\/p>\r\n<p><span data-contrast=\"auto\">Niezale\u017cnie od tego, czy w kontek\u015bcie korzystania z Instagrama jeste\u015b #teamposty czy #teamstories, wszystkie Twoje zdj\u0119cia b\u0119d\u0105 wygl\u0105da\u0107 fantastycznie w formie <a href=\"https:\/\/www.empikfoto.pl\/fotoksiazki\"><strong>fotoksi\u0105\u017cki<\/strong><\/a>. Cho\u0107 to wci\u0105\u017c niepopularne rozwi\u0105zanie, zyskuje coraz wi\u0119ksze grono fan\u00f3w w\u015br\u00f3d amator\u00f3w fotografii mobilnej. W Empik Foto wychodzimy na przeciw oczekiwaniom! <strong><a href=\"https:\/\/www.empikfoto.pl\/instabook-mini-fotoksiazka\">Instabook<\/a> zosta\u0142 stworzony z my\u015bl\u0105 o przeniesieniu Twoich zdj\u0119\u0107 z medi\u00f3w spo\u0142eczno\u015bciowych na kartki papieru<\/strong>. Dzi\u0119ki kompaktowemu formatowi oraz specjalnie stworzonym szablonom mo\u017cemy zachowa\u0107 wspomnienia na d\u0142u\u017cej ni\u017c instagramowe 24 godziny. Z pewno\u015bci\u0105 tak jak my \u2013 gdy zrobicie wyj\u0105tkowo \u015bwietne zdj\u0119cie, mogliby\u015bcie ogl\u0105da\u0107 je ca\u0142ymi dniami. Teraz to mo\u017cliwe!<\/span><\/p>\r\n<h2>Jak zapisa\u0107 zdj\u0119cia z Instagrama?<\/h2>\r\n<p><span data-contrast=\"auto\">Instagram powsta\u0142 w 2010 roku, co sprawia, \u017ce <strong>rozwija swoje kolejne funkcjonalno\u015bci ju\u017c od ponad 20 lat<\/strong>. Czujny na g\u0142osy u\u017cytkownik\u00f3w aplikacji, na bie\u017c\u0105co wprowadza liczne udoskonalenia. Przyk\u0142adowe z nich to cho\u0107by mo\u017cliwo\u015b\u0107 zmiany nazwy profilu, archiwizowania zdj\u0119\u0107 (zamiast ich trwa\u0142ego usuwania), czy zablokowania widoku liczby polubie\u0144 naszych post\u00f3w. Jedno natomiast pozosta\u0142o niezmienne \u2013 brak mo\u017cliwo\u015bci pobrania zdj\u0119cia z postu do galerii zdj\u0119\u0107 w telefonie. Tak\u0105 opcj\u0119 umo\u017cliwia nam ju\u017c <strong>Instagram Stories<\/strong>, wi\u0119c kto wie, by\u0107 mo\u017ce i tej mo\u017cliwo\u015bci doczekamy si\u0119 w niedalekiej przysz\u0142o\u015bci?<\/span><span data-ccp-props=\"{&quot;201341983&quot;:0,&quot;335559740&quot;:276}\">\u00a0<\/span><\/p>\r\n<p><img loading=\"lazy\" decoding=\"async\" class=\"aligncenter wp-image-13117 size-large\" title=\"jak zapisa\u0107 zdj\u0119cie z instagrama\" src=\"https:\/\/www.empikfoto.pl\/blog\/empikfoto\/2023\/03\/DSC5526-1024x602.jpg\" alt=\"jak zapisa\u0107 zdj\u0119cie z instagrama\" width=\"1024\" height=\"602\" srcset=\"https:\/\/www.empikfoto.pl\/blog\/empikfoto\/2023\/03\/DSC5526-1024x602.jpg 1024w, https:\/\/www.empikfoto.pl\/blog\/empikfoto\/2023\/03\/DSC5526-300x176.jpg 300w, https:\/\/www.empikfoto.pl\/blog\/empikfoto\/2023\/03\/DSC5526-768x452.jpg 768w, https:\/\/www.empikfoto.pl\/blog\/empikfoto\/2023\/03\/DSC5526-1536x903.jpg 1536w, https:\/\/www.empikfoto.pl\/blog\/empikfoto\/2023\/03\/DSC5526-2048x1204.jpg 2048w, https:\/\/www.empikfoto.pl\/blog\/empikfoto\/2023\/03\/DSC5526-400x235.jpg 400w\" sizes=\"auto, (max-width: 1024px) 100vw, 1024px\" \/><\/p>\r\n<p><span data-contrast=\"auto\">Tymczasem, <strong>trzeba sobie radzi\u0107 alternatywnymi metodami<\/strong>. Najch\u0119tniej wybieran\u0105 opcj\u0105 przez u\u017cytkownik\u00f3w, gdy\u017c najszybsz\u0105 i naj\u0142atwiejsz\u0105, jest robienie <strong>screenshot\u00f3w<\/strong>, czyli zrzut\u00f3w ekranu. Doci\u0119cie ich do wymiaru instagramowego zdj\u0119cia zajmuje dos\u0142ownie par\u0119 sekund i pozwala oby\u0107 si\u0119 bez dodatkowych program\u00f3w. To, co jest jednak bol\u0105czk\u0105 to niewielka, lecz istotna <strong>utrata jako\u015bci<\/strong>. Aby jej unikn\u0105\u0107, konieczne b\u0119dzie zastosowanie program\u00f3w zewn\u0119trznych, umo\u017cliwiaj\u0105cych pobieranie zdj\u0119\u0107. Mog\u0105 by\u0107 to dedykowane aplikacje lub strony internetowe o tej samej funkcjonalno\u015bci. Wystarczy skopiowa\u0107 link do postu, kt\u00f3ry chcemy pobra\u0107 i wklei\u0107 go w witrynie internetowej. To naprawd\u0119 proste!<\/span><span data-ccp-props=\"{&quot;201341983&quot;:0,&quot;335559740&quot;:276}\">\u00a0<\/span><\/p>\r\n<p><span data-contrast=\"auto\">A jak pobra\u0107 zdj\u0119cia z relacji na Instagramie? Tu sprawa jest jeszcze \u0142atwiejsza. Je\u015bli zdj\u0119cie zosta\u0142o przez Ciebie opublikowane mniej ni\u017c 24 godziny temu, wystarczy, \u017ce <strong>otworzysz je i klikniesz w trzy kropeczki w prawym, dolnym rogu<\/strong>. Tam znajdziesz opcj\u0119 &#8220;zapisz&#8221;, a nast\u0119pnie &#8220;zapisz zdj\u0119cie&#8221;. Gotowe!<\/span><\/p>\r\n<h2><span class=\"TextRun SCXW48028593 BCX0\" lang=\"PL-PL\" xml:lang=\"PL-PL\" data-contrast=\"auto\"><span class=\"NormalTextRun SpellingErrorV2Themed SCXW48028593 BCX0\">Fotoksi\u0105\u017cka<\/span><span class=\"NormalTextRun SCXW48028593 BCX0\"> ze zdj\u0119\u0107 z I<\/span><span class=\"NormalTextRun SpellingErrorV2Themed SCXW48028593 BCX0\">nstagrama<\/span><\/span><\/h2>\r\n<p><span data-contrast=\"auto\">Skoro ju\u017c wiesz, jak zapisa\u0107 zdj\u0119cia z Instagrama, mo\u017cesz zabra\u0107 si\u0119 za projektowanie <a href=\"https:\/\/www.empikfoto.pl\/fotoksiazki\"><strong>fotoksi\u0105\u017cki<\/strong><\/a>. Aby uj\u0119cia prezentowa\u0142y si\u0119 jeszcze lepiej, stworzyli\u015bmy specjalny format dedykowany fotografiom z medi\u00f3w spo\u0142eczno\u015bciowych. Jest to <a href=\"https:\/\/www.empikfoto.pl\/instabook-mini-fotoksiazka\"><strong>Instabook<\/strong><\/a>, czyli mini fotoksi\u0105\u017cka o wymiarach 15&#215;15 cm, kt\u00f3r\u0105 od niedawna znajdziecie na stronie Empik Foto. Wysokiej jako\u015bci druk cyfrowy gwarantuje, \u017ce nawet zdj\u0119cia wykonane telefonem, o jako\u015bci odbiegaj\u0105cej tym wykonanym profesjonalnym aparatem, b\u0119d\u0105 prezentowa\u0142y si\u0119 perfekcyjnie. Uk\u0142ady stron w <strong><a href=\"https:\/\/www.empikfoto.pl\/instabook-mini-fotoksiazka\">szablonach Instabooka<\/a><\/strong> przygotowali\u015bmy z my\u015bl\u0105 o formatach tre\u015bci publikowanych na Instagramie &#8211; zar\u00f3wno w formie post\u00f3w, jak i relacji. Dzi\u0119ki temu Twoje zdj\u0119cia zyskaj\u0105 drugie \u017cycie i wpasuj\u0105 si\u0119 idealnie w Twoj\u0105 wymarzon\u0105 fotoksi\u0105\u017ck\u0119!<\/span><span data-ccp-props=\"{&quot;201341983&quot;:0,&quot;335559740&quot;:276}\">\u00a0<\/span><\/p>\r\n<div id=\"attachment_11831\" style=\"width: 510px\" class=\"wp-caption aligncenter\"><img loading=\"lazy\" decoding=\"async\" aria-describedby=\"caption-attachment-11831\" class=\"wp-image-11831 size-full\" src=\"https:\/\/www.empikfoto.pl\/blog\/empikfoto\/2023\/03\/instabook-zdjecia.jpg\" alt=\"jak zapisa\u0107 zdj\u0119cia z instagrama i stworzy\u0107 z nich fotoksi\u0105\u017ck\u0119\" width=\"500\" height=\"500\" srcset=\"https:\/\/www.empikfoto.pl\/blog\/empikfoto\/2023\/03\/instabook-zdjecia.jpg 500w, https:\/\/www.empikfoto.pl\/blog\/empikfoto\/2023\/03\/instabook-zdjecia-300x300.jpg 300w, https:\/\/www.empikfoto.pl\/blog\/empikfoto\/2023\/03\/instabook-zdjecia-150x150.jpg 150w, https:\/\/www.empikfoto.pl\/blog\/empikfoto\/2023\/03\/instabook-zdjecia-400x400.jpg 400w\" sizes=\"auto, (max-width: 500px) 100vw, 500px\" \/><p id=\"caption-attachment-11831\" class=\"wp-caption-text\">Stw\u00f3rz mini fotoksi\u0105\u017ck\u0119 &#8211; <a href=\"https:\/\/www.empikfoto.pl\/instabook-mini-fotoksiazka\"><strong>Instabook<\/strong> <\/a>z ulubionych zdj\u0119\u0107, kt\u00f3rymi dzielisz si\u0119 w mediach spo\u0142eczno\u015bciowych i utrwal wspomnienia na d\u0142u\u017cej!<\/p><\/div>\r\n<h2>Dla siebie lub\u2026 na prezent!<\/h2>\r\n<p><span data-contrast=\"auto\"><a href=\"https:\/\/www.empikfoto.pl\/instabook-mini-fotoksiazka\"><strong>Instabook<\/strong> <\/a>to por\u0119czna i kompaktowa fotoksi\u0105\u017cka, kt\u00f3ra sprawdzi si\u0119 nie tylko jako uzupe\u0142nienie domowej biblioteczki fotoalbum\u00f3w, ale tak\u017ce jako drobny upominek dla bliskiej osoby. Instabook przyjmie ka\u017cdy projekt, kt\u00f3ry dla niego stworzysz, dlatego mo\u017ce sta\u0107 si\u0119: <strong>pami\u0105tk\u0105 z wakacji, wspomnieniem weekendowego wyjazdu, podsumowaniem minionego roku<\/strong> (nie tylko w kontek\u015bcie kalendarzowym, ale tak\u017ce urodzinowym!), albumem z ubieg\u0142orocznej podr\u00f3\u017cy, zapiskiem Waszych pierwszych rozm\u00f3w, upominkiem na <a href=\"https:\/\/www.empikfoto.pl\/blog\/pamiatki-na-roczek-czyli-sprawdzone-pomysly-na-pierwsze-urodziny-dziecka\/\"><strong>roczek dziecka<\/strong><\/a>, czy fotoalbumem ukochanego psiaka. <strong>Wykorzystaj wszystkie funkcjonalno\u015bci Instabooka<\/strong> i zamie\u015b\u0107 w nim tak\u017ce opisy, daty oraz kliparty. Pomys\u0142y z pewno\u015bci\u0105 mo\u017cna mno\u017cy\u0107, a rado\u015bci\u0105, kt\u00f3r\u0105 sprawi fotoksi\u0105\u017cka ze zdj\u0119\u0107 z Instagrama \u2013 mo\u017cna si\u0119 tak\u017ce dzieli\u0107. Tak\u0105 matematyk\u0119 to my lubimy!<\/span><\/p>\r\n","protected":false},"excerpt":{"rendered":"<p>Media spo\u0142eczno\u015bciowe pozwalaj\u0105 nam na dzielenie si\u0119 wspomnieniami w par\u0119 sekund, a co wa\u017cniejsze \u2013 mo\u017cemy po te wspomnienia si\u0119gn\u0105\u0107 w\u0142a\u015bciwie w ka\u017cdej chwili. Ich cyfrowe wersje bywaj\u0105 jednak zawodne. Uszkodzone pliki, utrata dost\u0119pu do konta, czy awaria serwisu to tylko jedne z wielu zagro\u017ce\u0144, jakie czekaj\u0105 na nasze wype\u0142nione zdj\u0119ciami profile. Aby unikn\u0105\u0107 niespodzianek, a tak\u017ce cieszy\u0107 si\u0119 swoimi ulubionymi kadrami w namacalny spos\u00f3b, stw\u00f3rz z nich fotoksi\u0105\u017ck\u0119! Pojawia si\u0119 jednak dylemat \u2013 jak zapisa\u0107 zdj\u0119cia z Instagrama na telefonie? A jak pobra\u0107 zdj\u0119cie z Instagrama na komputerze? Czy nie strac\u0105 one na swojej jako\u015bci? Postaramy si\u0119 rozwia\u0107 wszelkie w\u0105tpliwo\u015bci w tym temacie!<\/p>\n","protected":false},"author":16,"featured_media":13118,"comment_status":"closed","ping_status":"closed","sticky":true,"template":"","format":"standard","meta":{"footnotes":""},"categories":[783],"tags":[1088,1095],"class_list":["post-11819","post","type-post","status-publish","format-standard","has-post-thumbnail","hentry","category-poradniki","tag-fotoksiazka","tag-instabook"],"yoast_head":"<!-- This site is optimized with the Yoast SEO plugin v27.5 - https:\/\/yoast.com\/product\/yoast-seo-wordpress\/ -->\n<title>Jak zapisa\u0107 zdj\u0119cia z Instagrama? | Empik Foto<\/title>\n<meta name=\"description\" content=\"Przenie\u015b swoje ulubione zdj\u0119cia z social medi\u00f3w do fotoksi\u0105\u017cki! Podpowiadamy, jak zapisa\u0107 zdj\u0119cia z Instagrama, aby wykona\u0107 fotoalbum.\" \/>\n<meta name=\"robots\" content=\"index, follow, max-snippet:-1, max-image-preview:large, max-video-preview:-1\" \/>\n<link rel=\"canonical\" href=\"https:\/\/www.empikfoto.pl\/blog\/przenies-swoje-instagramowe-zdjecia-do-fotoksiazki-jak-zapisac-zdjecia-z-instagrama\/\" \/>\n<meta property=\"og:locale\" content=\"pl_PL\" \/>\n<meta property=\"og:type\" content=\"article\" \/>\n<meta property=\"og:title\" content=\"Jak zapisa\u0107 zdj\u0119cia z Instagrama? | Empik Foto\" \/>\n<meta property=\"og:description\" content=\"Przenie\u015b swoje ulubione zdj\u0119cia z social medi\u00f3w do fotoksi\u0105\u017cki! Podpowiadamy, jak zapisa\u0107 zdj\u0119cia z Instagrama, aby wykona\u0107 fotoalbum.\" \/>\n<meta property=\"og:url\" content=\"https:\/\/www.empikfoto.pl\/blog\/przenies-swoje-instagramowe-zdjecia-do-fotoksiazki-jak-zapisac-zdjecia-z-instagrama\/\" \/>\n<meta property=\"og:site_name\" content=\"blog.empikfoto.pl\" \/>\n<meta property=\"article:publisher\" content=\"https:\/\/www.facebook.com\/empikfotopl\/\" \/>\n<meta property=\"article:published_time\" content=\"2023-03-27T09:24:45+00:00\" \/>\n<meta property=\"article:modified_time\" content=\"2023-11-07T12:16:06+00:00\" \/>\n<meta property=\"og:image\" content=\"https:\/\/www.empikfoto.pl\/blog\/empikfoto\/2023\/03\/kobieta-trzyma-smartfon-z-aplikacja-instagram-na-ekranie-kawiarni-1.jpg\" \/>\n\t<meta property=\"og:image:width\" content=\"2000\" \/>\n\t<meta property=\"og:image:height\" content=\"1000\" \/>\n\t<meta property=\"og:image:type\" content=\"image\/jpeg\" \/>\n<meta name=\"author\" content=\"Patrycja\" \/>\n<meta name=\"twitter:card\" content=\"summary_large_image\" \/>\n<meta name=\"twitter:creator\" content=\"@empikfoto\" \/>\n<meta name=\"twitter:site\" content=\"@empikfoto\" \/>\n<meta name=\"twitter:label1\" content=\"Napisane przez\" \/>\n\t<meta name=\"twitter:data1\" content=\"Patrycja\" \/>\n\t<meta name=\"twitter:label2\" content=\"Szacowany czas czytania\" \/>\n\t<meta name=\"twitter:data2\" content=\"5 minut\" \/>\n<script type=\"application\/ld+json\" class=\"yoast-schema-graph\">{\"@context\":\"https:\\\/\\\/schema.org\",\"@graph\":[{\"@type\":\"Article\",\"@id\":\"https:\\\/\\\/www.empikfoto.pl\\\/blog\\\/przenies-swoje-instagramowe-zdjecia-do-fotoksiazki-jak-zapisac-zdjecia-z-instagrama\\\/#article\",\"isPartOf\":{\"@id\":\"https:\\\/\\\/www.empikfoto.pl\\\/blog\\\/przenies-swoje-instagramowe-zdjecia-do-fotoksiazki-jak-zapisac-zdjecia-z-instagrama\\\/\"},\"author\":{\"name\":\"Patrycja\",\"@id\":\"https:\\\/\\\/www.empikfoto.pl\\\/blog\\\/#\\\/schema\\\/person\\\/0313802ca5dac502e3266853c59632c0\"},\"headline\":\"Przenie\u015b swoje instagramowe zdj\u0119cia do fotoksi\u0105\u017cki! Jak zapisa\u0107 zdj\u0119cia z Instagrama?\u00a0\",\"datePublished\":\"2023-03-27T09:24:45+00:00\",\"dateModified\":\"2023-11-07T12:16:06+00:00\",\"mainEntityOfPage\":{\"@id\":\"https:\\\/\\\/www.empikfoto.pl\\\/blog\\\/przenies-swoje-instagramowe-zdjecia-do-fotoksiazki-jak-zapisac-zdjecia-z-instagrama\\\/\"},\"wordCount\":914,\"image\":{\"@id\":\"https:\\\/\\\/www.empikfoto.pl\\\/blog\\\/przenies-swoje-instagramowe-zdjecia-do-fotoksiazki-jak-zapisac-zdjecia-z-instagrama\\\/#primaryimage\"},\"thumbnailUrl\":\"https:\\\/\\\/www.empikfoto.pl\\\/blog\\\/empikfoto\\\/2023\\\/03\\\/kobieta-trzyma-smartfon-z-aplikacja-instagram-na-ekranie-kawiarni-1.jpg\",\"keywords\":[\"fotoksi\u0105\u017cka\",\"instabook\"],\"articleSection\":[\"PORADNIKI\"],\"inLanguage\":\"pl-PL\"},{\"@type\":\"WebPage\",\"@id\":\"https:\\\/\\\/www.empikfoto.pl\\\/blog\\\/przenies-swoje-instagramowe-zdjecia-do-fotoksiazki-jak-zapisac-zdjecia-z-instagrama\\\/\",\"url\":\"https:\\\/\\\/www.empikfoto.pl\\\/blog\\\/przenies-swoje-instagramowe-zdjecia-do-fotoksiazki-jak-zapisac-zdjecia-z-instagrama\\\/\",\"name\":\"Jak zapisa\u0107 zdj\u0119cia z Instagrama? | Empik Foto\",\"isPartOf\":{\"@id\":\"https:\\\/\\\/www.empikfoto.pl\\\/blog\\\/#website\"},\"primaryImageOfPage\":{\"@id\":\"https:\\\/\\\/www.empikfoto.pl\\\/blog\\\/przenies-swoje-instagramowe-zdjecia-do-fotoksiazki-jak-zapisac-zdjecia-z-instagrama\\\/#primaryimage\"},\"image\":{\"@id\":\"https:\\\/\\\/www.empikfoto.pl\\\/blog\\\/przenies-swoje-instagramowe-zdjecia-do-fotoksiazki-jak-zapisac-zdjecia-z-instagrama\\\/#primaryimage\"},\"thumbnailUrl\":\"https:\\\/\\\/www.empikfoto.pl\\\/blog\\\/empikfoto\\\/2023\\\/03\\\/kobieta-trzyma-smartfon-z-aplikacja-instagram-na-ekranie-kawiarni-1.jpg\",\"datePublished\":\"2023-03-27T09:24:45+00:00\",\"dateModified\":\"2023-11-07T12:16:06+00:00\",\"author\":{\"@id\":\"https:\\\/\\\/www.empikfoto.pl\\\/blog\\\/#\\\/schema\\\/person\\\/0313802ca5dac502e3266853c59632c0\"},\"description\":\"Przenie\u015b swoje ulubione zdj\u0119cia z social medi\u00f3w do fotoksi\u0105\u017cki! Podpowiadamy, jak zapisa\u0107 zdj\u0119cia z Instagrama, aby wykona\u0107 fotoalbum.\",\"breadcrumb\":{\"@id\":\"https:\\\/\\\/www.empikfoto.pl\\\/blog\\\/przenies-swoje-instagramowe-zdjecia-do-fotoksiazki-jak-zapisac-zdjecia-z-instagrama\\\/#breadcrumb\"},\"inLanguage\":\"pl-PL\",\"potentialAction\":[{\"@type\":\"ReadAction\",\"target\":[\"https:\\\/\\\/www.empikfoto.pl\\\/blog\\\/przenies-swoje-instagramowe-zdjecia-do-fotoksiazki-jak-zapisac-zdjecia-z-instagrama\\\/\"]}]},{\"@type\":\"ImageObject\",\"inLanguage\":\"pl-PL\",\"@id\":\"https:\\\/\\\/www.empikfoto.pl\\\/blog\\\/przenies-swoje-instagramowe-zdjecia-do-fotoksiazki-jak-zapisac-zdjecia-z-instagrama\\\/#primaryimage\",\"url\":\"https:\\\/\\\/www.empikfoto.pl\\\/blog\\\/empikfoto\\\/2023\\\/03\\\/kobieta-trzyma-smartfon-z-aplikacja-instagram-na-ekranie-kawiarni-1.jpg\",\"contentUrl\":\"https:\\\/\\\/www.empikfoto.pl\\\/blog\\\/empikfoto\\\/2023\\\/03\\\/kobieta-trzyma-smartfon-z-aplikacja-instagram-na-ekranie-kawiarni-1.jpg\",\"width\":2000,\"height\":1000,\"caption\":\"jak zapisa\u0107 zdj\u0119cie z instagrama\"},{\"@type\":\"BreadcrumbList\",\"@id\":\"https:\\\/\\\/www.empikfoto.pl\\\/blog\\\/przenies-swoje-instagramowe-zdjecia-do-fotoksiazki-jak-zapisac-zdjecia-z-instagrama\\\/#breadcrumb\",\"itemListElement\":[{\"@type\":\"ListItem\",\"position\":1,\"name\":\"Strona g\u0142\u00f3wna\",\"item\":\"https:\\\/\\\/www.empikfoto.pl\\\/blog\\\/\"},{\"@type\":\"ListItem\",\"position\":2,\"name\":\"Przenie\u015b swoje instagramowe zdj\u0119cia do fotoksi\u0105\u017cki! Jak zapisa\u0107 zdj\u0119cia z Instagrama?\u00a0\"}]},{\"@type\":\"WebSite\",\"@id\":\"https:\\\/\\\/www.empikfoto.pl\\\/blog\\\/#website\",\"url\":\"https:\\\/\\\/www.empikfoto.pl\\\/blog\\\/\",\"name\":\"blog.empikfoto.pl\",\"description\":\"Poznaj empikfoto.pl od \u015brodka! Dowiedz si\u0119 wi\u0119cej o odbitkach, fotoksi\u0105\u017ckach i fotografii.\",\"potentialAction\":[{\"@type\":\"SearchAction\",\"target\":{\"@type\":\"EntryPoint\",\"urlTemplate\":\"https:\\\/\\\/www.empikfoto.pl\\\/blog\\\/?s={search_term_string}\"},\"query-input\":{\"@type\":\"PropertyValueSpecification\",\"valueRequired\":true,\"valueName\":\"search_term_string\"}}],\"inLanguage\":\"pl-PL\"},{\"@type\":\"Person\",\"@id\":\"https:\\\/\\\/www.empikfoto.pl\\\/blog\\\/#\\\/schema\\\/person\\\/0313802ca5dac502e3266853c59632c0\",\"name\":\"Patrycja\",\"image\":{\"@type\":\"ImageObject\",\"inLanguage\":\"pl-PL\",\"@id\":\"https:\\\/\\\/secure.gravatar.com\\\/avatar\\\/f25168e12215ad42f58e5fb72881daaeb57bd4f907081046016f64bf167db59f?s=96&d=identicon&r=g\",\"url\":\"https:\\\/\\\/secure.gravatar.com\\\/avatar\\\/f25168e12215ad42f58e5fb72881daaeb57bd4f907081046016f64bf167db59f?s=96&d=identicon&r=g\",\"contentUrl\":\"https:\\\/\\\/secure.gravatar.com\\\/avatar\\\/f25168e12215ad42f58e5fb72881daaeb57bd4f907081046016f64bf167db59f?s=96&d=identicon&r=g\",\"caption\":\"Patrycja\"},\"url\":\"https:\\\/\\\/www.empikfoto.pl\\\/blog\\\/author\\\/patrycja\\\/\"}]}<\/script>\n<!-- \/ Yoast SEO plugin. -->","yoast_head_json":{"title":"Jak zapisa\u0107 zdj\u0119cia z Instagrama? | Empik Foto","description":"Przenie\u015b swoje ulubione zdj\u0119cia z social medi\u00f3w do fotoksi\u0105\u017cki! Podpowiadamy, jak zapisa\u0107 zdj\u0119cia z Instagrama, aby wykona\u0107 fotoalbum.","robots":{"index":"index","follow":"follow","max-snippet":"max-snippet:-1","max-image-preview":"max-image-preview:large","max-video-preview":"max-video-preview:-1"},"canonical":"https:\/\/www.empikfoto.pl\/blog\/przenies-swoje-instagramowe-zdjecia-do-fotoksiazki-jak-zapisac-zdjecia-z-instagrama\/","og_locale":"pl_PL","og_type":"article","og_title":"Jak zapisa\u0107 zdj\u0119cia z Instagrama? | Empik Foto","og_description":"Przenie\u015b swoje ulubione zdj\u0119cia z social medi\u00f3w do fotoksi\u0105\u017cki! Podpowiadamy, jak zapisa\u0107 zdj\u0119cia z Instagrama, aby wykona\u0107 fotoalbum.","og_url":"https:\/\/www.empikfoto.pl\/blog\/przenies-swoje-instagramowe-zdjecia-do-fotoksiazki-jak-zapisac-zdjecia-z-instagrama\/","og_site_name":"blog.empikfoto.pl","article_publisher":"https:\/\/www.facebook.com\/empikfotopl\/","article_published_time":"2023-03-27T09:24:45+00:00","article_modified_time":"2023-11-07T12:16:06+00:00","og_image":[{"width":2000,"height":1000,"url":"https:\/\/www.empikfoto.pl\/blog\/empikfoto\/2023\/03\/kobieta-trzyma-smartfon-z-aplikacja-instagram-na-ekranie-kawiarni-1.jpg","type":"image\/jpeg"}],"author":"Patrycja","twitter_card":"summary_large_image","twitter_creator":"@empikfoto","twitter_site":"@empikfoto","twitter_misc":{"Napisane przez":"Patrycja","Szacowany czas czytania":"5 minut"},"schema":{"@context":"https:\/\/schema.org","@graph":[{"@type":"Article","@id":"https:\/\/www.empikfoto.pl\/blog\/przenies-swoje-instagramowe-zdjecia-do-fotoksiazki-jak-zapisac-zdjecia-z-instagrama\/#article","isPartOf":{"@id":"https:\/\/www.empikfoto.pl\/blog\/przenies-swoje-instagramowe-zdjecia-do-fotoksiazki-jak-zapisac-zdjecia-z-instagrama\/"},"author":{"name":"Patrycja","@id":"https:\/\/www.empikfoto.pl\/blog\/#\/schema\/person\/0313802ca5dac502e3266853c59632c0"},"headline":"Przenie\u015b swoje instagramowe zdj\u0119cia do fotoksi\u0105\u017cki! Jak zapisa\u0107 zdj\u0119cia z Instagrama?\u00a0","datePublished":"2023-03-27T09:24:45+00:00","dateModified":"2023-11-07T12:16:06+00:00","mainEntityOfPage":{"@id":"https:\/\/www.empikfoto.pl\/blog\/przenies-swoje-instagramowe-zdjecia-do-fotoksiazki-jak-zapisac-zdjecia-z-instagrama\/"},"wordCount":914,"image":{"@id":"https:\/\/www.empikfoto.pl\/blog\/przenies-swoje-instagramowe-zdjecia-do-fotoksiazki-jak-zapisac-zdjecia-z-instagrama\/#primaryimage"},"thumbnailUrl":"https:\/\/www.empikfoto.pl\/blog\/empikfoto\/2023\/03\/kobieta-trzyma-smartfon-z-aplikacja-instagram-na-ekranie-kawiarni-1.jpg","keywords":["fotoksi\u0105\u017cka","instabook"],"articleSection":["PORADNIKI"],"inLanguage":"pl-PL"},{"@type":"WebPage","@id":"https:\/\/www.empikfoto.pl\/blog\/przenies-swoje-instagramowe-zdjecia-do-fotoksiazki-jak-zapisac-zdjecia-z-instagrama\/","url":"https:\/\/www.empikfoto.pl\/blog\/przenies-swoje-instagramowe-zdjecia-do-fotoksiazki-jak-zapisac-zdjecia-z-instagrama\/","name":"Jak zapisa\u0107 zdj\u0119cia z Instagrama? | Empik Foto","isPartOf":{"@id":"https:\/\/www.empikfoto.pl\/blog\/#website"},"primaryImageOfPage":{"@id":"https:\/\/www.empikfoto.pl\/blog\/przenies-swoje-instagramowe-zdjecia-do-fotoksiazki-jak-zapisac-zdjecia-z-instagrama\/#primaryimage"},"image":{"@id":"https:\/\/www.empikfoto.pl\/blog\/przenies-swoje-instagramowe-zdjecia-do-fotoksiazki-jak-zapisac-zdjecia-z-instagrama\/#primaryimage"},"thumbnailUrl":"https:\/\/www.empikfoto.pl\/blog\/empikfoto\/2023\/03\/kobieta-trzyma-smartfon-z-aplikacja-instagram-na-ekranie-kawiarni-1.jpg","datePublished":"2023-03-27T09:24:45+00:00","dateModified":"2023-11-07T12:16:06+00:00","author":{"@id":"https:\/\/www.empikfoto.pl\/blog\/#\/schema\/person\/0313802ca5dac502e3266853c59632c0"},"description":"Przenie\u015b swoje ulubione zdj\u0119cia z social medi\u00f3w do fotoksi\u0105\u017cki! Podpowiadamy, jak zapisa\u0107 zdj\u0119cia z Instagrama, aby wykona\u0107 fotoalbum.","breadcrumb":{"@id":"https:\/\/www.empikfoto.pl\/blog\/przenies-swoje-instagramowe-zdjecia-do-fotoksiazki-jak-zapisac-zdjecia-z-instagrama\/#breadcrumb"},"inLanguage":"pl-PL","potentialAction":[{"@type":"ReadAction","target":["https:\/\/www.empikfoto.pl\/blog\/przenies-swoje-instagramowe-zdjecia-do-fotoksiazki-jak-zapisac-zdjecia-z-instagrama\/"]}]},{"@type":"ImageObject","inLanguage":"pl-PL","@id":"https:\/\/www.empikfoto.pl\/blog\/przenies-swoje-instagramowe-zdjecia-do-fotoksiazki-jak-zapisac-zdjecia-z-instagrama\/#primaryimage","url":"https:\/\/www.empikfoto.pl\/blog\/empikfoto\/2023\/03\/kobieta-trzyma-smartfon-z-aplikacja-instagram-na-ekranie-kawiarni-1.jpg","contentUrl":"https:\/\/www.empikfoto.pl\/blog\/empikfoto\/2023\/03\/kobieta-trzyma-smartfon-z-aplikacja-instagram-na-ekranie-kawiarni-1.jpg","width":2000,"height":1000,"caption":"jak zapisa\u0107 zdj\u0119cie z instagrama"},{"@type":"BreadcrumbList","@id":"https:\/\/www.empikfoto.pl\/blog\/przenies-swoje-instagramowe-zdjecia-do-fotoksiazki-jak-zapisac-zdjecia-z-instagrama\/#breadcrumb","itemListElement":[{"@type":"ListItem","position":1,"name":"Strona g\u0142\u00f3wna","item":"https:\/\/www.empikfoto.pl\/blog\/"},{"@type":"ListItem","position":2,"name":"Przenie\u015b swoje instagramowe zdj\u0119cia do fotoksi\u0105\u017cki! Jak zapisa\u0107 zdj\u0119cia z Instagrama?\u00a0"}]},{"@type":"WebSite","@id":"https:\/\/www.empikfoto.pl\/blog\/#website","url":"https:\/\/www.empikfoto.pl\/blog\/","name":"blog.empikfoto.pl","description":"Poznaj empikfoto.pl od \u015brodka! Dowiedz si\u0119 wi\u0119cej o odbitkach, fotoksi\u0105\u017ckach i fotografii.","potentialAction":[{"@type":"SearchAction","target":{"@type":"EntryPoint","urlTemplate":"https:\/\/www.empikfoto.pl\/blog\/?s={search_term_string}"},"query-input":{"@type":"PropertyValueSpecification","valueRequired":true,"valueName":"search_term_string"}}],"inLanguage":"pl-PL"},{"@type":"Person","@id":"https:\/\/www.empikfoto.pl\/blog\/#\/schema\/person\/0313802ca5dac502e3266853c59632c0","name":"Patrycja","image":{"@type":"ImageObject","inLanguage":"pl-PL","@id":"https:\/\/secure.gravatar.com\/avatar\/f25168e12215ad42f58e5fb72881daaeb57bd4f907081046016f64bf167db59f?s=96&d=identicon&r=g","url":"https:\/\/secure.gravatar.com\/avatar\/f25168e12215ad42f58e5fb72881daaeb57bd4f907081046016f64bf167db59f?s=96&d=identicon&r=g","contentUrl":"https:\/\/secure.gravatar.com\/avatar\/f25168e12215ad42f58e5fb72881daaeb57bd4f907081046016f64bf167db59f?s=96&d=identicon&r=g","caption":"Patrycja"},"url":"https:\/\/www.empikfoto.pl\/blog\/author\/patrycja\/"}]}},"amp_enabled":true,"_links":{"self":[{"href":"https:\/\/www.empikfoto.pl\/blog\/wp-json\/wp\/v2\/posts\/11819","targetHints":{"allow":["GET"]}}],"collection":[{"href":"https:\/\/www.empikfoto.pl\/blog\/wp-json\/wp\/v2\/posts"}],"about":[{"href":"https:\/\/www.empikfoto.pl\/blog\/wp-json\/wp\/v2\/types\/post"}],"author":[{"embeddable":true,"href":"https:\/\/www.empikfoto.pl\/blog\/wp-json\/wp\/v2\/users\/16"}],"replies":[{"embeddable":true,"href":"https:\/\/www.empikfoto.pl\/blog\/wp-json\/wp\/v2\/comments?post=11819"}],"version-history":[{"count":18,"href":"https:\/\/www.empikfoto.pl\/blog\/wp-json\/wp\/v2\/posts\/11819\/revisions"}],"predecessor-version":[{"id":13119,"href":"https:\/\/www.empikfoto.pl\/blog\/wp-json\/wp\/v2\/posts\/11819\/revisions\/13119"}],"wp:featuredmedia":[{"embeddable":true,"href":"https:\/\/www.empikfoto.pl\/blog\/wp-json\/wp\/v2\/media\/13118"}],"wp:attachment":[{"href":"https:\/\/www.empikfoto.pl\/blog\/wp-json\/wp\/v2\/media?parent=11819"}],"wp:term":[{"taxonomy":"category","embeddable":true,"href":"https:\/\/www.empikfoto.pl\/blog\/wp-json\/wp\/v2\/categories?post=11819"},{"taxonomy":"post_tag","embeddable":true,"href":"https:\/\/www.empikfoto.pl\/blog\/wp-json\/wp\/v2\/tags?post=11819"}],"curies":[{"name":"wp","href":"https:\/\/api.w.org\/{rel}","templated":true}]}}