{"id":11904,"date":"2023-04-27T09:59:29","date_gmt":"2023-04-27T07:59:29","guid":{"rendered":"https:\/\/www.empikfoto.pl\/blog\/?p=11904"},"modified":"2025-02-20T09:08:39","modified_gmt":"2025-02-20T08:08:39","slug":"personalizowany-obraz-na-dzien-mamy-to-latwiejsze-niz-myslisz","status":"publish","type":"post","link":"https:\/\/www.empikfoto.pl\/blog\/personalizowany-obraz-na-dzien-mamy-to-latwiejsze-niz-myslisz\/","title":{"rendered":"Personalizowany obraz na Dzie\u0144 Mamy? To \u0142atwiejsze ni\u017c my\u015blisz!"},"content":{"rendered":"<p><strong>Po sieci od kilku lat kr\u0105\u017cy filmik, w kt\u00f3rym rekruter nagrywa rozmowy z kandydatami na \u201enajci\u0119\u017csz\u0105 prac\u0119 na \u015bwiecie\u201d. Wymagania s\u0105 bezwzgl\u0119dne, a w nich m.in. konieczno\u015b\u0107 pracy niemal\u017ce ca\u0142\u0105 dob\u0119, opieka nad osob\u0105, kt\u00f3ra wymaga ci\u0105g\u0142ego zaanga\u017cowania i uwagi, stale rosn\u0105c\u0105 liczb\u0119 obowi\u0105zk\u00f3w, a przy tym \u2013 pensja wynosz\u0105ca okr\u0105g\u0142e 0 z\u0142otych. Je\u015bli nie znacie tego filmiku i wci\u0105\u017c zastanawiacie si\u0119, jakie stanowisko ma tak irracjonalne wymagania, \u015bpieszymy z pomoc\u0105. To by\u0142a rekrutacja na\u2026 mam\u0119! \ud83d\ude42<\/strong><\/p>\n<h2><span data-contrast=\"auto\">Pomys\u0142y na \u015bwi\u0119towanie Dnia Mamy<\/span><span data-ccp-props=\"{&quot;201341983&quot;:0,&quot;335559740&quot;:276}\">\u00a0<\/span><\/h2>\n<p><span data-contrast=\"auto\">Dziecko najcz\u0119\u015bciej wypowiada swoje pierwsze s\u0142owa w okolicy 1 roku \u017cycia, a cz\u0119sto tym s\u0142owem jest w\u0142a\u015bnie \u201emama\u201d. Od tej chwili ko\u0144czy si\u0119 okres wzgl\u0119dnego spokoju \u2013 a mama sw\u00f3j przydomek b\u0119dzie s\u0142ysze\u0107 nawet dziesi\u0105tki razy dziennie! Aby wyrazi\u0107 wdzi\u0119czno\u015b\u0107 za nieko\u0144cz\u0105ce si\u0119 pok\u0142ady ciep\u0142a, mi\u0142o\u015bci, cierpliwo\u015bci i empatii, jakimi obdarowuj\u0105 nas nasze mamy, dedykujemy im wyj\u0105tkowy dzie\u0144 w roku. Jest on po\u015bwi\u0119cony ich docenieniu, a mowa tu o <strong>Dniu Mamy<\/strong>. W Polsce wypada on <strong>26 maja<\/strong> i jest prawdziwym \u015bwi\u0119tem naszych kochanych superbohaterek. Tego dnia obsypujemy mamy kwiatami, prezentami, czekoladkami, ciep\u0142ymi s\u0142owami i ca\u0142usami. Aby jednak ten dzie\u0144 by\u0142 naprawd\u0119 wyj\u0105tkowy, <strong>sp\u0119d\u017amy z mam\u0105 troch\u0119 czasu<\/strong>. To w\u0142a\u015bnie on, im jeste\u015bmy starsi &#8211; tym jest cenniejszy. Wsp\u00f3lny piknik, wyj\u015bcie do kina, pyszna kawa i ciasto w kawiarni czy zwyk\u0142e &#8220;wpadni\u0119cie na herbat\u0119&#8221; b\u0119d\u0105 dla mamy najpi\u0119kniejszym prezentem. <\/span><span data-ccp-props=\"{&quot;201341983&quot;:0,&quot;335559740&quot;:276}\">\u00a0<\/span><\/p>\n<h2><span data-contrast=\"auto\">5 personalizowanych prezent\u00f3w na Dzie\u0144 Mamy<\/span><span data-ccp-props=\"{&quot;201341983&quot;:0,&quot;335559740&quot;:276}\">\u00a0<\/span><\/h2>\n<p><span data-contrast=\"auto\">Mamy zas\u0142uguj\u0105 na wszystko, co najlepsze \u2013 dlatego dobrym pomys\u0142em na prezent s\u0105 <strong>rzeczy personalizowane<\/strong>, a tym samym, r\u00f3wnie wyj\u0105tkowe i niepowtarzalne, co nasza mama. W\u015br\u00f3d personalizowanych prezent\u00f3w wymieniamy przede wszystkim nasz\u0105 \u201ewielk\u0105 pi\u0105tk\u0119\u201d, czyli: <strong>fotoksi\u0105\u017cki, obrazy, plakaty, breloki i kubki<\/strong>. Chwila, chwila\u2026 <a href=\"https:\/\/www.empikfoto.pl\/wystroj-wnetrz\/fotoobrazy\/dla-mamy\">Obraz na Dzie\u0144 Mamy<\/a>? Zgadza si\u0119! Plakaty i obrazy rokrocznie skradaj\u0105 serca naszych mam, szczeg\u00f3lnie gdy do ich zaprojektowania u\u017cyjemy wsp\u00f3lnych uj\u0119\u0107 z najpi\u0119kniejszych chwil. Zdj\u0119cia wygrzebane z najdalszych zak\u0105tk\u00f3w album\u00f3w s\u0105 idealnym materia\u0142em do przeniesienia na obraz. Wystarczy par\u0119 chwil sp\u0119dzonych na skanowaniu i voil\u00e0!<\/span><span data-ccp-props=\"{&quot;201341983&quot;:0,&quot;335559740&quot;:276}\">\u00a0<\/span><\/p>\n<div id=\"attachment_14368\" style=\"width: 1034px\" class=\"wp-caption aligncenter\"><a href=\"https:\/\/www.empikfoto.pl\/wystroj-wnetrz\/fotoobrazy\"><img loading=\"lazy\" decoding=\"async\" aria-describedby=\"caption-attachment-14368\" class=\"wp-image-14368 size-large\" src=\"https:\/\/www.empikfoto.pl\/blog\/empikfoto\/2023\/04\/obraz-dla-mamy-2-1024x651.jpg\" alt=\"obraz na dzie\u0144 mamy\" width=\"1024\" height=\"651\" \/><\/a><p id=\"caption-attachment-14368\" class=\"wp-caption-text\"><a href=\"https:\/\/www.empikfoto.pl\/wystroj-wnetrz\/fotoobrazy\">Stw\u00f3rz w\u0142asny obraz na Dzie\u0144 Mamy<\/a> <span style=\"color: initial;\">wykorzystuj\u0105c rodzinne zdj\u0119cia.<\/span><\/p><\/div>\n<h2><span data-contrast=\"auto\">Obraz na dzie\u0144 mamy \u2013 gar\u015b\u0107 inspiracji od specjalist\u00f3w w dziedzinie personalizacji!<\/span><span data-ccp-props=\"{&quot;201341983&quot;:0,&quot;335559740&quot;:276}\">\u00a0<\/span><\/h2>\n<p><span data-contrast=\"auto\">Obraz na Dzie\u0144 Matki to produkt \u0142atwy w personalizacji. Jedyne, co Ci\u0119 ogranicza to w\u0142asna wyobra\u017ania! Tw\u00f3j projekt mo\u017ce przybra\u0107 dowoln\u0105 form\u0119 \u2013 a w\u015br\u00f3d naszych propozycji znajdziesz np.:<\/span><span data-ccp-props=\"{&quot;201341983&quot;:0,&quot;335559740&quot;:276}\">\u00a0<\/span><\/p>\n<h3>Kola\u017c, czyli kompozycja wielu zdj\u0119\u0107<\/h3>\n<p><span data-contrast=\"auto\">Mo\u017cesz doda\u0107 zdj\u0119cia z dzieci\u0144stwa, zdj\u0119cia z najwa\u017cniejszych moment\u00f3w \u017cycia rodziny, fotki zrobione telefonem w ci\u0105gu ostatniego roku czy zrzuty ekranu rozmowy, kt\u00f3ra bardzo Ci\u0119 rozczuli\u0142a. By\u0107 mo\u017ce macie zdj\u0119cia z profesjonalnej sesji zdj\u0119ciowej lub sam(a) amatorsko b\u0105d\u017a p\u00f3\u0142profesjonalnie bawisz si\u0119 fotografi\u0105. Zapro\u015b mam\u0119 na wyj\u0105tkow\u0105 sesj\u0119 w studio z t\u0142em z prze\u015bcierad\u0142a, a gwarantujemy \u015bwietn\u0105 zabaw\u0119 i ca\u0142\u0105 mas\u0119 \u015bmiechu!<\/span><\/p>\n<h3>Ok\u0142adka gazety, czyli obraz na Dzie\u0144 Matki w wydaniu Vogue<\/h3>\n<p><span data-contrast=\"auto\">Wybierz zdj\u0119cie swojej mamy i dodaj do niego w edytorze Empik Foto tytu\u0142 magazynu, par\u0119 przykuwaj\u0105cych uwag\u0119 nag\u0142\u00f3wk\u00f3w i koniecznie \u2013 numer wydania i kod kreskowy. Mama bez w\u0105tpienia ucieszy si\u0119 ze swojej pierwszej w \u017cyciu ok\u0142adki, szczeg\u00f3lnie, gdy oka\u017ce si\u0119 zwyci\u0119\u017cczyni\u0105 magazynowego plebiscytu \u201eNajlepsza Mama\u201d.<\/span><span data-ccp-props=\"{&quot;201341983&quot;:0,&quot;335559740&quot;:276}\">\u00a0<\/span><\/p>\n<h3>\u015amieszny tekst lub tablica powiedzonek<\/h3>\n<p><span data-contrast=\"auto\">Ka\u017cda mama ma w swoim arsenale kilka powiedzonek, kt\u00f3re powoduj\u0105 u dzieci natychmiastowe przewr\u00f3cenie oczami. \u201eZjedz mi\u0119sko, zostaw ziemniaczki\u201d, \u201ea co z klas\u00f3wki dosta\u0142a Ania?\u201d, \u201eTy nie jeste\u015b wszyscy\u201d czy \u201enajpierw obowi\u0105zki, p\u00f3\u017aniej przyjemno\u015bci\u201d to tylko kilka z tekst\u00f3w, z kt\u00f3rych znane s\u0105 nasze mamy. Je\u015bli masz ju\u017c w g\u0142owie podobne powiedzenia, idealnie sprawdz\u0105 si\u0119 one jako pomys\u0142 na obraz na Dzie\u0144 Matki, z przymru\u017ceniem oka \ud83d\ude09 Zmieniaj czcionki, dodawaj cliparty b\u0105d\u017a pozostaw czysty i minimalistyczny tekst, a prezent na pewno wywo\u0142a u\u015bmiech na mamusiowej twarzy! Je\u015bli natomiast posiadasz ograniczony bud\u017cet, postaw na <a href=\"https:\/\/www.empikfoto.pl\/wystroj-wnetrz\/fotoplakaty\/dla-mamy\">plakat na Dzie\u0144 Mamy<\/a>, kt\u00f3ry idealnie dopasuje si\u0119 do ka\u017cdej posiadanej ramki. Stw\u00f3rz sw\u00f3j projekt ju\u017c dzi\u015b \u2013 to nic trudnego!<\/span><span data-ccp-props=\"{&quot;201341983&quot;:0,&quot;335559740&quot;:276}\">\u00a0<\/span><\/p>\n<h3>Drzewo genealogiczne<\/h3>\n<p><span data-contrast=\"auto\">To ponadczasowy pomys\u0142 na obraz na Dzie\u0144 Matki. B\u0119dzie wymaga\u0142 jednak od Ciebie nieco wi\u0119cej zaanga\u017cowania. Odnalezienie imion i nazwisk krewnych, ich zdj\u0119\u0107 czy zrozumienie po\u0142\u0105cze\u0144 rodzinnych potrafi sp\u0119dzi\u0107 sen z powiek na kilka dobrych nocy poszukiwa\u0144. Obraz lub plakat przedstawiaj\u0105cy rodzinne drzewo genealogiczne\u00a0to pami\u0105tka, kt\u00f3ra pozwoli cofn\u0105\u0107 si\u0119 w czasie do bliskich, kt\u00f3rych rzadko mamy okazj\u0119 wspomina\u0107, a tak\u017ce pog\u0142\u0119bi wi\u0119zi rodzinne dzi\u0119ki wielogodzinnym rozmowom o przodkach. Naprawd\u0119 warto!<\/span><span data-ccp-props=\"{&quot;201341983&quot;:0,&quot;335559740&quot;:276}\">\u00a0<\/span><\/p>\n<h3>Malowid\u0142o<\/h3>\n<p><span data-contrast=\"auto\">Stworzone wed\u0142ug w\u0142asnej inwencji tw\u00f3rczej! Wykorzystaj swoj\u0105 wyobra\u017ani\u0119, by na p\u0142\u00f3tno przenie\u015b\u0107 Wasze ulubione zdj\u0119cie lub stw\u00f3rz zupe\u0142n\u0105 abstrakcj\u0119, kt\u00f3r\u0105 pokocha Twoja mama. I Ty mo\u017cesz by\u0107 malarzem!<\/span><\/p>\n<div id=\"attachment_14369\" style=\"width: 1034px\" class=\"wp-caption aligncenter\"><a href=\"https:\/\/www.empikfoto.pl\/obrazy-graficzne-gotowe-wzory\"><img loading=\"lazy\" decoding=\"async\" aria-describedby=\"caption-attachment-14369\" class=\"size-large wp-image-14369\" src=\"https:\/\/www.empikfoto.pl\/blog\/empikfoto\/2023\/04\/obraz-dla-mamy-1024x668.jpg\" alt=\"personalizowany obraz dla mamy\" width=\"1024\" height=\"668\" srcset=\"https:\/\/www.empikfoto.pl\/blog\/empikfoto\/2023\/04\/obraz-dla-mamy-1024x668.jpg 1024w, https:\/\/www.empikfoto.pl\/blog\/empikfoto\/2023\/04\/obraz-dla-mamy-300x196.jpg 300w, https:\/\/www.empikfoto.pl\/blog\/empikfoto\/2023\/04\/obraz-dla-mamy-768x501.jpg 768w, https:\/\/www.empikfoto.pl\/blog\/empikfoto\/2023\/04\/obraz-dla-mamy-1536x1001.jpg 1536w, https:\/\/www.empikfoto.pl\/blog\/empikfoto\/2023\/04\/obraz-dla-mamy-2048x1335.jpg 2048w, https:\/\/www.empikfoto.pl\/blog\/empikfoto\/2023\/04\/obraz-dla-mamy-400x261.jpg 400w\" sizes=\"auto, (max-width: 1024px) 100vw, 1024px\" \/><\/a><p id=\"caption-attachment-14369\" class=\"wp-caption-text\">Wybierz jeden z naszych gotowych szablon\u00f3w, dodaj zdj\u0119cie mamy i zaprojektuj wyj\u0105tkowy podarunek!<\/p><\/div>\n<h2><span data-contrast=\"auto\">Plakat na Dzie\u0144 Mamy \u2013 ta\u0144sza alternatywa, kt\u00f3r\u0105 pokochasz<\/span><span data-ccp-props=\"{&quot;201341983&quot;:0,&quot;335559740&quot;:276}\">\u00a0<\/span><\/h2>\n<p><span data-contrast=\"auto\">Obraz na Dzie\u0144 Mamy to pi\u0119kna pami\u0105tka nadrukowana na prawdziwym p\u0142\u00f3tnie. Je\u015bli jednak szukacie innej i ta\u0144szej formy personalizowanej ozdoby na \u015bcian\u0119, plakat w\u0142asnego projektu mo\u017ce okaza\u0107 si\u0119 lepszym wyborem na prezent. Plakat na Dzie\u0144 Mamy mo\u017cesz zam\u00f3wi\u0107 tak\u017ce w wersji z ramk\u0105. <strong>Nie czekaj do ostatniej chwili<\/strong> ze swoim zam\u00f3wieniem, by zd\u0105\u017cy\u0142o doj\u015b\u0107 do Ciebie na czas. Aby upewni\u0107 si\u0119, \u017ce zam\u00f3wienie dotrze w por\u0119, zarezerwuj sobie ok. 4-5 dni na produkcj\u0119 i ok. 2 dni na dostaw\u0119. To pozwoli Wam \u015bwi\u0119towa\u0107 Dzie\u0144 Matki bez zb\u0119dnego stresu o upominek!<\/span><span data-ccp-props=\"{&quot;201341983&quot;:0,&quot;335559740&quot;:276}\">\u00a0<\/span><\/p>\n","protected":false},"excerpt":{"rendered":"<p>Po sieci od kilku lat kr\u0105\u017cy filmik, w kt\u00f3rym rekruter nagrywa rozmowy z kandydatami na \u201enajci\u0119\u017csz\u0105 prac\u0119 na \u015bwiecie\u201d. Wymagania s\u0105 bezwzgl\u0119dne, a w nich m.in. konieczno\u015b\u0107 pracy niemal\u017ce ca\u0142\u0105 dob\u0119, opieka nad osob\u0105, kt\u00f3ra wymaga ci\u0105g\u0142ego zaanga\u017cowania i uwagi, stale rosn\u0105c\u0105 liczb\u0119 obowi\u0105zk\u00f3w, a przy tym \u2013 pensja wynosz\u0105ca okr\u0105g\u0142e 0 z\u0142otych. Je\u015bli nie znacie tego filmiku i wci\u0105\u017c zastanawiacie si\u0119, jakie stanowisko ma tak irracjonalne wymagania, \u015bpieszymy z pomoc\u0105. To by\u0142a rekrutacja na\u2026 mam\u0119! \ud83d\ude42 Pomys\u0142y na \u015bwi\u0119towanie Dnia Mamy\u00a0 Dziecko najcz\u0119\u015bciej wypowiada swoje pierwsze s\u0142owa w okolicy 1 roku \u017cycia, a cz\u0119sto tym s\u0142owem jest w\u0142a\u015bnie \u201emama\u201d. Od tej chwili ko\u0144czy si\u0119 okres wzgl\u0119dnego spokoju \u2013 a mama sw\u00f3j przydomek b\u0119dzie s\u0142ysze\u0107 nawet dziesi\u0105tki razy dziennie! Aby wyrazi\u0107 wdzi\u0119czno\u015b\u0107 za nieko\u0144cz\u0105ce si\u0119 pok\u0142ady ciep\u0142a, mi\u0142o\u015bci, cierpliwo\u015bci i empatii, jakimi obdarowuj\u0105 nas nasze mamy, dedykujemy im wyj\u0105tkowy dzie\u0144 w roku. Jest on po\u015bwi\u0119cony ich docenieniu, a mowa tu o Dniu Mamy. W Polsce wypada on 26 maja i jest prawdziwym \u015bwi\u0119tem naszych kochanych superbohaterek. Tego dnia obsypujemy mamy kwiatami, prezentami, czekoladkami, ciep\u0142ymi s\u0142owami i ca\u0142usami. Aby jednak ten dzie\u0144 by\u0142 naprawd\u0119 wyj\u0105tkowy, sp\u0119d\u017amy z mam\u0105 troch\u0119 czasu. To w\u0142a\u015bnie on, im jeste\u015bmy starsi &#8211; tym jest cenniejszy. Wsp\u00f3lny piknik, wyj\u015bcie do kina, pyszna kawa i ciasto w kawiarni czy zwyk\u0142e &#8220;wpadni\u0119cie na herbat\u0119&#8221; b\u0119d\u0105 dla mamy najpi\u0119kniejszym prezentem. \u00a0 5 personalizowanych prezent\u00f3w na Dzie\u0144 Mamy\u00a0 Mamy zas\u0142uguj\u0105 na wszystko, co najlepsze \u2013 dlatego dobrym pomys\u0142em na prezent s\u0105 rzeczy personalizowane, a tym samym, r\u00f3wnie wyj\u0105tkowe i niepowtarzalne, co nasza mama. W\u015br\u00f3d personalizowanych prezent\u00f3w wymieniamy przede wszystkim nasz\u0105 \u201ewielk\u0105 pi\u0105tk\u0119\u201d, czyli: fotoksi\u0105\u017cki, obrazy, plakaty, breloki i kubki. Chwila, chwila\u2026 Obraz na Dzie\u0144 Mamy? Zgadza si\u0119! Plakaty i obrazy rokrocznie skradaj\u0105 serca naszych mam, szczeg\u00f3lnie gdy do ich zaprojektowania u\u017cyjemy wsp\u00f3lnych uj\u0119\u0107 z najpi\u0119kniejszych chwil. Zdj\u0119cia wygrzebane z najdalszych zak\u0105tk\u00f3w album\u00f3w s\u0105 idealnym materia\u0142em do przeniesienia na obraz. Wystarczy par\u0119 chwil sp\u0119dzonych na skanowaniu i voil\u00e0!\u00a0 Obraz na dzie\u0144 mamy \u2013 gar\u015b\u0107 inspiracji od specjalist\u00f3w w dziedzinie personalizacji!\u00a0 Obraz na Dzie\u0144 Matki to produkt \u0142atwy w personalizacji. Jedyne, co Ci\u0119 ogranicza to w\u0142asna wyobra\u017ania! Tw\u00f3j projekt mo\u017ce przybra\u0107 dowoln\u0105 form\u0119 \u2013 a w\u015br\u00f3d naszych propozycji znajdziesz np.:\u00a0 Kola\u017c, czyli kompozycja wielu zdj\u0119\u0107 Mo\u017cesz doda\u0107 zdj\u0119cia z dzieci\u0144stwa, zdj\u0119cia z najwa\u017cniejszych moment\u00f3w \u017cycia rodziny, fotki zrobione telefonem w ci\u0105gu ostatniego roku czy zrzuty ekranu rozmowy, kt\u00f3ra bardzo Ci\u0119 rozczuli\u0142a. By\u0107 mo\u017ce macie zdj\u0119cia z profesjonalnej sesji zdj\u0119ciowej lub sam(a) amatorsko b\u0105d\u017a p\u00f3\u0142profesjonalnie bawisz si\u0119 fotografi\u0105. Zapro\u015b mam\u0119 na wyj\u0105tkow\u0105 sesj\u0119 w studio z t\u0142em z prze\u015bcierad\u0142a, a gwarantujemy \u015bwietn\u0105 zabaw\u0119 i ca\u0142\u0105 mas\u0119 \u015bmiechu! Ok\u0142adka gazety, czyli obraz na Dzie\u0144 Matki w wydaniu Vogue Wybierz zdj\u0119cie swojej mamy i dodaj do niego w edytorze Empik Foto tytu\u0142 magazynu, par\u0119 przykuwaj\u0105cych uwag\u0119 nag\u0142\u00f3wk\u00f3w i koniecznie \u2013 numer wydania i kod kreskowy. Mama bez w\u0105tpienia ucieszy si\u0119 ze swojej pierwszej w \u017cyciu ok\u0142adki, szczeg\u00f3lnie, gdy oka\u017ce si\u0119 zwyci\u0119\u017cczyni\u0105 magazynowego plebiscytu \u201eNajlepsza Mama\u201d.\u00a0 \u015amieszny tekst lub tablica powiedzonek Ka\u017cda mama ma w swoim arsenale kilka powiedzonek, kt\u00f3re powoduj\u0105 u dzieci natychmiastowe przewr\u00f3cenie oczami. \u201eZjedz mi\u0119sko, zostaw ziemniaczki\u201d, \u201ea co z klas\u00f3wki dosta\u0142a Ania?\u201d, \u201eTy nie jeste\u015b wszyscy\u201d czy \u201enajpierw obowi\u0105zki, p\u00f3\u017aniej przyjemno\u015bci\u201d to tylko kilka z tekst\u00f3w, z kt\u00f3rych znane s\u0105 nasze mamy. Je\u015bli masz ju\u017c w g\u0142owie podobne powiedzenia, idealnie sprawdz\u0105 si\u0119 one jako pomys\u0142 na obraz na Dzie\u0144 Matki, z przymru\u017ceniem oka \ud83d\ude09 Zmieniaj czcionki, dodawaj cliparty b\u0105d\u017a pozostaw czysty i minimalistyczny tekst, a prezent na pewno wywo\u0142a u\u015bmiech na mamusiowej twarzy! Je\u015bli natomiast posiadasz ograniczony bud\u017cet, postaw na plakat na Dzie\u0144 Mamy, kt\u00f3ry idealnie dopasuje si\u0119 do ka\u017cdej posiadanej ramki. Stw\u00f3rz sw\u00f3j projekt ju\u017c dzi\u015b \u2013 to nic trudnego!\u00a0 Drzewo genealogiczne To ponadczasowy pomys\u0142 na obraz na Dzie\u0144 Matki. B\u0119dzie wymaga\u0142 jednak od Ciebie nieco wi\u0119cej zaanga\u017cowania. Odnalezienie imion i nazwisk krewnych, ich zdj\u0119\u0107 czy zrozumienie po\u0142\u0105cze\u0144 rodzinnych potrafi sp\u0119dzi\u0107 sen z powiek na kilka dobrych nocy poszukiwa\u0144. Obraz lub plakat przedstawiaj\u0105cy rodzinne drzewo genealogiczne\u00a0to pami\u0105tka, kt\u00f3ra pozwoli cofn\u0105\u0107 si\u0119 w czasie do bliskich, kt\u00f3rych rzadko mamy okazj\u0119 wspomina\u0107, a tak\u017ce pog\u0142\u0119bi wi\u0119zi rodzinne dzi\u0119ki wielogodzinnym rozmowom o przodkach. Naprawd\u0119 warto!\u00a0 Malowid\u0142o Stworzone wed\u0142ug w\u0142asnej inwencji tw\u00f3rczej! Wykorzystaj swoj\u0105 wyobra\u017ani\u0119, by na p\u0142\u00f3tno przenie\u015b\u0107 Wasze ulubione zdj\u0119cie lub stw\u00f3rz zupe\u0142n\u0105 abstrakcj\u0119, kt\u00f3r\u0105 pokocha Twoja mama. I Ty mo\u017cesz by\u0107 malarzem! Plakat na Dzie\u0144 Mamy \u2013 ta\u0144sza alternatywa, kt\u00f3r\u0105 pokochasz\u00a0 Obraz na Dzie\u0144 Mamy to pi\u0119kna pami\u0105tka nadrukowana na prawdziwym p\u0142\u00f3tnie. Je\u015bli jednak szukacie innej i ta\u0144szej formy personalizowanej ozdoby na \u015bcian\u0119, plakat w\u0142asnego projektu mo\u017ce okaza\u0107 si\u0119 lepszym wyborem na prezent. Plakat na Dzie\u0144 Mamy mo\u017cesz zam\u00f3wi\u0107 tak\u017ce w wersji z ramk\u0105. Nie czekaj do ostatniej chwili ze swoim zam\u00f3wieniem, by zd\u0105\u017cy\u0142o doj\u015b\u0107 do Ciebie na czas. Aby upewni\u0107 si\u0119, \u017ce zam\u00f3wienie dotrze w por\u0119, zarezerwuj sobie ok. 4-5 dni na produkcj\u0119 i ok. 2 dni na dostaw\u0119. To pozwoli Wam \u015bwi\u0119towa\u0107 Dzie\u0144 Matki bez zb\u0119dnego stresu o upominek!\u00a0<\/p>\n","protected":false},"author":16,"featured_media":11906,"comment_status":"closed","ping_status":"closed","sticky":true,"template":"","format":"standard","meta":{"footnotes":""},"categories":[1059],"tags":[1104,1103,1070,1082],"class_list":["post-11904","post","type-post","status-publish","format-standard","has-post-thumbnail","hentry","category-pomysly-na-prezent","tag-dzien-mamy","tag-dzien-matki","tag-pomysl-na-prezent","tag-prezent-dla-niej"],"yoast_head":"<!-- This site is optimized with the Yoast SEO plugin v27.5 - https:\/\/yoast.com\/product\/yoast-seo-wordpress\/ -->\n<title>Personalizowany obraz na Dzie\u0144 Mamy? To proste! | Empik Foto<\/title>\n<meta name=\"description\" content=\"Szukasz inspiracji na prezent na Dzie\u0144 Matki? Sprawd\u017a nasze pomys\u0142y na plakat i obraz na Dzie\u0144 Mamy, kt\u00f3ry mo\u017cesz w pe\u0142ni personalizowa\u0107.\" \/>\n<meta name=\"robots\" content=\"index, follow, max-snippet:-1, max-image-preview:large, max-video-preview:-1\" \/>\n<link rel=\"canonical\" href=\"https:\/\/www.empikfoto.pl\/blog\/personalizowany-obraz-na-dzien-mamy-to-latwiejsze-niz-myslisz\/\" \/>\n<meta property=\"og:locale\" content=\"pl_PL\" \/>\n<meta property=\"og:type\" content=\"article\" \/>\n<meta property=\"og:title\" content=\"Personalizowany obraz na Dzie\u0144 Mamy? To proste! | Empik Foto\" \/>\n<meta property=\"og:description\" content=\"Szukasz inspiracji na prezent na Dzie\u0144 Matki? Sprawd\u017a nasze pomys\u0142y na plakat i obraz na Dzie\u0144 Mamy, kt\u00f3ry mo\u017cesz w pe\u0142ni personalizowa\u0107.\" \/>\n<meta property=\"og:url\" content=\"https:\/\/www.empikfoto.pl\/blog\/personalizowany-obraz-na-dzien-mamy-to-latwiejsze-niz-myslisz\/\" \/>\n<meta property=\"og:site_name\" content=\"blog.empikfoto.pl\" \/>\n<meta property=\"article:publisher\" content=\"https:\/\/www.facebook.com\/empikfotopl\/\" \/>\n<meta property=\"article:published_time\" content=\"2023-04-27T07:59:29+00:00\" \/>\n<meta property=\"article:modified_time\" content=\"2025-02-20T08:08:39+00:00\" \/>\n<meta property=\"og:image\" content=\"https:\/\/www.empikfoto.pl\/blog\/empikfoto\/2023\/04\/obraz-na-dzien-mamy.jpg\" \/>\n\t<meta property=\"og:image:width\" content=\"1000\" \/>\n\t<meta property=\"og:image:height\" content=\"667\" \/>\n\t<meta property=\"og:image:type\" content=\"image\/jpeg\" \/>\n<meta name=\"author\" content=\"Patrycja\" \/>\n<meta name=\"twitter:card\" content=\"summary_large_image\" \/>\n<meta name=\"twitter:creator\" content=\"@empikfoto\" \/>\n<meta name=\"twitter:site\" content=\"@empikfoto\" \/>\n<meta name=\"twitter:label1\" content=\"Napisane przez\" \/>\n\t<meta name=\"twitter:data1\" content=\"Patrycja\" \/>\n\t<meta name=\"twitter:label2\" content=\"Szacowany czas czytania\" \/>\n\t<meta name=\"twitter:data2\" content=\"6 minut\" \/>\n<script type=\"application\/ld+json\" class=\"yoast-schema-graph\">{\"@context\":\"https:\\\/\\\/schema.org\",\"@graph\":[{\"@type\":\"Article\",\"@id\":\"https:\\\/\\\/www.empikfoto.pl\\\/blog\\\/personalizowany-obraz-na-dzien-mamy-to-latwiejsze-niz-myslisz\\\/#article\",\"isPartOf\":{\"@id\":\"https:\\\/\\\/www.empikfoto.pl\\\/blog\\\/personalizowany-obraz-na-dzien-mamy-to-latwiejsze-niz-myslisz\\\/\"},\"author\":{\"name\":\"Patrycja\",\"@id\":\"https:\\\/\\\/www.empikfoto.pl\\\/blog\\\/#\\\/schema\\\/person\\\/0313802ca5dac502e3266853c59632c0\"},\"headline\":\"Personalizowany obraz na Dzie\u0144 Mamy? To \u0142atwiejsze ni\u017c my\u015blisz!\",\"datePublished\":\"2023-04-27T07:59:29+00:00\",\"dateModified\":\"2025-02-20T08:08:39+00:00\",\"mainEntityOfPage\":{\"@id\":\"https:\\\/\\\/www.empikfoto.pl\\\/blog\\\/personalizowany-obraz-na-dzien-mamy-to-latwiejsze-niz-myslisz\\\/\"},\"wordCount\":1017,\"image\":{\"@id\":\"https:\\\/\\\/www.empikfoto.pl\\\/blog\\\/personalizowany-obraz-na-dzien-mamy-to-latwiejsze-niz-myslisz\\\/#primaryimage\"},\"thumbnailUrl\":\"https:\\\/\\\/www.empikfoto.pl\\\/blog\\\/empikfoto\\\/2023\\\/04\\\/obraz-na-dzien-mamy.jpg\",\"keywords\":[\"dzie\u0144 mamy\",\"dzie\u0144 matki\",\"pomys\u0142 na prezent\",\"prezent dla niej\"],\"articleSection\":[\"Pomys\u0142y na prezent\"],\"inLanguage\":\"pl-PL\"},{\"@type\":\"WebPage\",\"@id\":\"https:\\\/\\\/www.empikfoto.pl\\\/blog\\\/personalizowany-obraz-na-dzien-mamy-to-latwiejsze-niz-myslisz\\\/\",\"url\":\"https:\\\/\\\/www.empikfoto.pl\\\/blog\\\/personalizowany-obraz-na-dzien-mamy-to-latwiejsze-niz-myslisz\\\/\",\"name\":\"Personalizowany obraz na Dzie\u0144 Mamy? To proste! | Empik Foto\",\"isPartOf\":{\"@id\":\"https:\\\/\\\/www.empikfoto.pl\\\/blog\\\/#website\"},\"primaryImageOfPage\":{\"@id\":\"https:\\\/\\\/www.empikfoto.pl\\\/blog\\\/personalizowany-obraz-na-dzien-mamy-to-latwiejsze-niz-myslisz\\\/#primaryimage\"},\"image\":{\"@id\":\"https:\\\/\\\/www.empikfoto.pl\\\/blog\\\/personalizowany-obraz-na-dzien-mamy-to-latwiejsze-niz-myslisz\\\/#primaryimage\"},\"thumbnailUrl\":\"https:\\\/\\\/www.empikfoto.pl\\\/blog\\\/empikfoto\\\/2023\\\/04\\\/obraz-na-dzien-mamy.jpg\",\"datePublished\":\"2023-04-27T07:59:29+00:00\",\"dateModified\":\"2025-02-20T08:08:39+00:00\",\"author\":{\"@id\":\"https:\\\/\\\/www.empikfoto.pl\\\/blog\\\/#\\\/schema\\\/person\\\/0313802ca5dac502e3266853c59632c0\"},\"description\":\"Szukasz inspiracji na prezent na Dzie\u0144 Matki? Sprawd\u017a nasze pomys\u0142y na plakat i obraz na Dzie\u0144 Mamy, kt\u00f3ry mo\u017cesz w pe\u0142ni personalizowa\u0107.\",\"breadcrumb\":{\"@id\":\"https:\\\/\\\/www.empikfoto.pl\\\/blog\\\/personalizowany-obraz-na-dzien-mamy-to-latwiejsze-niz-myslisz\\\/#breadcrumb\"},\"inLanguage\":\"pl-PL\",\"potentialAction\":[{\"@type\":\"ReadAction\",\"target\":[\"https:\\\/\\\/www.empikfoto.pl\\\/blog\\\/personalizowany-obraz-na-dzien-mamy-to-latwiejsze-niz-myslisz\\\/\"]}]},{\"@type\":\"ImageObject\",\"inLanguage\":\"pl-PL\",\"@id\":\"https:\\\/\\\/www.empikfoto.pl\\\/blog\\\/personalizowany-obraz-na-dzien-mamy-to-latwiejsze-niz-myslisz\\\/#primaryimage\",\"url\":\"https:\\\/\\\/www.empikfoto.pl\\\/blog\\\/empikfoto\\\/2023\\\/04\\\/obraz-na-dzien-mamy.jpg\",\"contentUrl\":\"https:\\\/\\\/www.empikfoto.pl\\\/blog\\\/empikfoto\\\/2023\\\/04\\\/obraz-na-dzien-mamy.jpg\",\"width\":1000,\"height\":667,\"caption\":\"personalizowany obraz na dzie\u0144 mamy\"},{\"@type\":\"BreadcrumbList\",\"@id\":\"https:\\\/\\\/www.empikfoto.pl\\\/blog\\\/personalizowany-obraz-na-dzien-mamy-to-latwiejsze-niz-myslisz\\\/#breadcrumb\",\"itemListElement\":[{\"@type\":\"ListItem\",\"position\":1,\"name\":\"Strona g\u0142\u00f3wna\",\"item\":\"https:\\\/\\\/www.empikfoto.pl\\\/blog\\\/\"},{\"@type\":\"ListItem\",\"position\":2,\"name\":\"Personalizowany obraz na Dzie\u0144 Mamy? To \u0142atwiejsze ni\u017c my\u015blisz!\"}]},{\"@type\":\"WebSite\",\"@id\":\"https:\\\/\\\/www.empikfoto.pl\\\/blog\\\/#website\",\"url\":\"https:\\\/\\\/www.empikfoto.pl\\\/blog\\\/\",\"name\":\"blog.empikfoto.pl\",\"description\":\"Poznaj empikfoto.pl od \u015brodka! Dowiedz si\u0119 wi\u0119cej o odbitkach, fotoksi\u0105\u017ckach i fotografii.\",\"potentialAction\":[{\"@type\":\"SearchAction\",\"target\":{\"@type\":\"EntryPoint\",\"urlTemplate\":\"https:\\\/\\\/www.empikfoto.pl\\\/blog\\\/?s={search_term_string}\"},\"query-input\":{\"@type\":\"PropertyValueSpecification\",\"valueRequired\":true,\"valueName\":\"search_term_string\"}}],\"inLanguage\":\"pl-PL\"},{\"@type\":\"Person\",\"@id\":\"https:\\\/\\\/www.empikfoto.pl\\\/blog\\\/#\\\/schema\\\/person\\\/0313802ca5dac502e3266853c59632c0\",\"name\":\"Patrycja\",\"image\":{\"@type\":\"ImageObject\",\"inLanguage\":\"pl-PL\",\"@id\":\"https:\\\/\\\/secure.gravatar.com\\\/avatar\\\/f25168e12215ad42f58e5fb72881daaeb57bd4f907081046016f64bf167db59f?s=96&d=identicon&r=g\",\"url\":\"https:\\\/\\\/secure.gravatar.com\\\/avatar\\\/f25168e12215ad42f58e5fb72881daaeb57bd4f907081046016f64bf167db59f?s=96&d=identicon&r=g\",\"contentUrl\":\"https:\\\/\\\/secure.gravatar.com\\\/avatar\\\/f25168e12215ad42f58e5fb72881daaeb57bd4f907081046016f64bf167db59f?s=96&d=identicon&r=g\",\"caption\":\"Patrycja\"},\"url\":\"https:\\\/\\\/www.empikfoto.pl\\\/blog\\\/author\\\/patrycja\\\/\"}]}<\/script>\n<!-- \/ Yoast SEO plugin. -->","yoast_head_json":{"title":"Personalizowany obraz na Dzie\u0144 Mamy? To proste! | Empik Foto","description":"Szukasz inspiracji na prezent na Dzie\u0144 Matki? Sprawd\u017a nasze pomys\u0142y na plakat i obraz na Dzie\u0144 Mamy, kt\u00f3ry mo\u017cesz w pe\u0142ni personalizowa\u0107.","robots":{"index":"index","follow":"follow","max-snippet":"max-snippet:-1","max-image-preview":"max-image-preview:large","max-video-preview":"max-video-preview:-1"},"canonical":"https:\/\/www.empikfoto.pl\/blog\/personalizowany-obraz-na-dzien-mamy-to-latwiejsze-niz-myslisz\/","og_locale":"pl_PL","og_type":"article","og_title":"Personalizowany obraz na Dzie\u0144 Mamy? To proste! | Empik Foto","og_description":"Szukasz inspiracji na prezent na Dzie\u0144 Matki? Sprawd\u017a nasze pomys\u0142y na plakat i obraz na Dzie\u0144 Mamy, kt\u00f3ry mo\u017cesz w pe\u0142ni personalizowa\u0107.","og_url":"https:\/\/www.empikfoto.pl\/blog\/personalizowany-obraz-na-dzien-mamy-to-latwiejsze-niz-myslisz\/","og_site_name":"blog.empikfoto.pl","article_publisher":"https:\/\/www.facebook.com\/empikfotopl\/","article_published_time":"2023-04-27T07:59:29+00:00","article_modified_time":"2025-02-20T08:08:39+00:00","og_image":[{"width":1000,"height":667,"url":"https:\/\/www.empikfoto.pl\/blog\/empikfoto\/2023\/04\/obraz-na-dzien-mamy.jpg","type":"image\/jpeg"}],"author":"Patrycja","twitter_card":"summary_large_image","twitter_creator":"@empikfoto","twitter_site":"@empikfoto","twitter_misc":{"Napisane przez":"Patrycja","Szacowany czas czytania":"6 minut"},"schema":{"@context":"https:\/\/schema.org","@graph":[{"@type":"Article","@id":"https:\/\/www.empikfoto.pl\/blog\/personalizowany-obraz-na-dzien-mamy-to-latwiejsze-niz-myslisz\/#article","isPartOf":{"@id":"https:\/\/www.empikfoto.pl\/blog\/personalizowany-obraz-na-dzien-mamy-to-latwiejsze-niz-myslisz\/"},"author":{"name":"Patrycja","@id":"https:\/\/www.empikfoto.pl\/blog\/#\/schema\/person\/0313802ca5dac502e3266853c59632c0"},"headline":"Personalizowany obraz na Dzie\u0144 Mamy? To \u0142atwiejsze ni\u017c my\u015blisz!","datePublished":"2023-04-27T07:59:29+00:00","dateModified":"2025-02-20T08:08:39+00:00","mainEntityOfPage":{"@id":"https:\/\/www.empikfoto.pl\/blog\/personalizowany-obraz-na-dzien-mamy-to-latwiejsze-niz-myslisz\/"},"wordCount":1017,"image":{"@id":"https:\/\/www.empikfoto.pl\/blog\/personalizowany-obraz-na-dzien-mamy-to-latwiejsze-niz-myslisz\/#primaryimage"},"thumbnailUrl":"https:\/\/www.empikfoto.pl\/blog\/empikfoto\/2023\/04\/obraz-na-dzien-mamy.jpg","keywords":["dzie\u0144 mamy","dzie\u0144 matki","pomys\u0142 na prezent","prezent dla niej"],"articleSection":["Pomys\u0142y na prezent"],"inLanguage":"pl-PL"},{"@type":"WebPage","@id":"https:\/\/www.empikfoto.pl\/blog\/personalizowany-obraz-na-dzien-mamy-to-latwiejsze-niz-myslisz\/","url":"https:\/\/www.empikfoto.pl\/blog\/personalizowany-obraz-na-dzien-mamy-to-latwiejsze-niz-myslisz\/","name":"Personalizowany obraz na Dzie\u0144 Mamy? To proste! | Empik Foto","isPartOf":{"@id":"https:\/\/www.empikfoto.pl\/blog\/#website"},"primaryImageOfPage":{"@id":"https:\/\/www.empikfoto.pl\/blog\/personalizowany-obraz-na-dzien-mamy-to-latwiejsze-niz-myslisz\/#primaryimage"},"image":{"@id":"https:\/\/www.empikfoto.pl\/blog\/personalizowany-obraz-na-dzien-mamy-to-latwiejsze-niz-myslisz\/#primaryimage"},"thumbnailUrl":"https:\/\/www.empikfoto.pl\/blog\/empikfoto\/2023\/04\/obraz-na-dzien-mamy.jpg","datePublished":"2023-04-27T07:59:29+00:00","dateModified":"2025-02-20T08:08:39+00:00","author":{"@id":"https:\/\/www.empikfoto.pl\/blog\/#\/schema\/person\/0313802ca5dac502e3266853c59632c0"},"description":"Szukasz inspiracji na prezent na Dzie\u0144 Matki? Sprawd\u017a nasze pomys\u0142y na plakat i obraz na Dzie\u0144 Mamy, kt\u00f3ry mo\u017cesz w pe\u0142ni personalizowa\u0107.","breadcrumb":{"@id":"https:\/\/www.empikfoto.pl\/blog\/personalizowany-obraz-na-dzien-mamy-to-latwiejsze-niz-myslisz\/#breadcrumb"},"inLanguage":"pl-PL","potentialAction":[{"@type":"ReadAction","target":["https:\/\/www.empikfoto.pl\/blog\/personalizowany-obraz-na-dzien-mamy-to-latwiejsze-niz-myslisz\/"]}]},{"@type":"ImageObject","inLanguage":"pl-PL","@id":"https:\/\/www.empikfoto.pl\/blog\/personalizowany-obraz-na-dzien-mamy-to-latwiejsze-niz-myslisz\/#primaryimage","url":"https:\/\/www.empikfoto.pl\/blog\/empikfoto\/2023\/04\/obraz-na-dzien-mamy.jpg","contentUrl":"https:\/\/www.empikfoto.pl\/blog\/empikfoto\/2023\/04\/obraz-na-dzien-mamy.jpg","width":1000,"height":667,"caption":"personalizowany obraz na dzie\u0144 mamy"},{"@type":"BreadcrumbList","@id":"https:\/\/www.empikfoto.pl\/blog\/personalizowany-obraz-na-dzien-mamy-to-latwiejsze-niz-myslisz\/#breadcrumb","itemListElement":[{"@type":"ListItem","position":1,"name":"Strona g\u0142\u00f3wna","item":"https:\/\/www.empikfoto.pl\/blog\/"},{"@type":"ListItem","position":2,"name":"Personalizowany obraz na Dzie\u0144 Mamy? To \u0142atwiejsze ni\u017c my\u015blisz!"}]},{"@type":"WebSite","@id":"https:\/\/www.empikfoto.pl\/blog\/#website","url":"https:\/\/www.empikfoto.pl\/blog\/","name":"blog.empikfoto.pl","description":"Poznaj empikfoto.pl od \u015brodka! Dowiedz si\u0119 wi\u0119cej o odbitkach, fotoksi\u0105\u017ckach i fotografii.","potentialAction":[{"@type":"SearchAction","target":{"@type":"EntryPoint","urlTemplate":"https:\/\/www.empikfoto.pl\/blog\/?s={search_term_string}"},"query-input":{"@type":"PropertyValueSpecification","valueRequired":true,"valueName":"search_term_string"}}],"inLanguage":"pl-PL"},{"@type":"Person","@id":"https:\/\/www.empikfoto.pl\/blog\/#\/schema\/person\/0313802ca5dac502e3266853c59632c0","name":"Patrycja","image":{"@type":"ImageObject","inLanguage":"pl-PL","@id":"https:\/\/secure.gravatar.com\/avatar\/f25168e12215ad42f58e5fb72881daaeb57bd4f907081046016f64bf167db59f?s=96&d=identicon&r=g","url":"https:\/\/secure.gravatar.com\/avatar\/f25168e12215ad42f58e5fb72881daaeb57bd4f907081046016f64bf167db59f?s=96&d=identicon&r=g","contentUrl":"https:\/\/secure.gravatar.com\/avatar\/f25168e12215ad42f58e5fb72881daaeb57bd4f907081046016f64bf167db59f?s=96&d=identicon&r=g","caption":"Patrycja"},"url":"https:\/\/www.empikfoto.pl\/blog\/author\/patrycja\/"}]}},"amp_enabled":true,"_links":{"self":[{"href":"https:\/\/www.empikfoto.pl\/blog\/wp-json\/wp\/v2\/posts\/11904","targetHints":{"allow":["GET"]}}],"collection":[{"href":"https:\/\/www.empikfoto.pl\/blog\/wp-json\/wp\/v2\/posts"}],"about":[{"href":"https:\/\/www.empikfoto.pl\/blog\/wp-json\/wp\/v2\/types\/post"}],"author":[{"embeddable":true,"href":"https:\/\/www.empikfoto.pl\/blog\/wp-json\/wp\/v2\/users\/16"}],"replies":[{"embeddable":true,"href":"https:\/\/www.empikfoto.pl\/blog\/wp-json\/wp\/v2\/comments?post=11904"}],"version-history":[{"count":7,"href":"https:\/\/www.empikfoto.pl\/blog\/wp-json\/wp\/v2\/posts\/11904\/revisions"}],"predecessor-version":[{"id":14370,"href":"https:\/\/www.empikfoto.pl\/blog\/wp-json\/wp\/v2\/posts\/11904\/revisions\/14370"}],"wp:featuredmedia":[{"embeddable":true,"href":"https:\/\/www.empikfoto.pl\/blog\/wp-json\/wp\/v2\/media\/11906"}],"wp:attachment":[{"href":"https:\/\/www.empikfoto.pl\/blog\/wp-json\/wp\/v2\/media?parent=11904"}],"wp:term":[{"taxonomy":"category","embeddable":true,"href":"https:\/\/www.empikfoto.pl\/blog\/wp-json\/wp\/v2\/categories?post=11904"},{"taxonomy":"post_tag","embeddable":true,"href":"https:\/\/www.empikfoto.pl\/blog\/wp-json\/wp\/v2\/tags?post=11904"}],"curies":[{"name":"wp","href":"https:\/\/api.w.org\/{rel}","templated":true}]}}