{"id":13032,"date":"2023-10-13T09:00:05","date_gmt":"2023-10-13T07:00:05","guid":{"rendered":"https:\/\/www.empikfoto.pl\/blog\/?p=13032"},"modified":"2023-10-16T13:08:51","modified_gmt":"2023-10-16T11:08:51","slug":"dekoracja-sali-weselnej-w-stylu-glamour","status":"publish","type":"post","link":"https:\/\/www.empikfoto.pl\/blog\/dekoracja-sali-weselnej-w-stylu-glamour\/","title":{"rendered":"Dekoracja sali weselnej w stylu glamour \u2013 jak to zrobi\u0107?"},"content":{"rendered":"<p>\u015alub to wyj\u0105tkowy moment w \u017cyciu, kt\u00f3ry wymaga wyj\u0105tkowej oprawy. Jednym z najwa\u017cniejszych aspekt\u00f3w organizacji \u015blubu jest <strong>dekoracja sali weselnej<\/strong>. Je\u015bli marzysz o eleganckim i luksusowym weselu, <strong>styl glamour<\/strong> mo\u017ce by\u0107 idealnym wyborem. W tym artykule przyjrzymy si\u0119, jak stworzy\u0107 magiczne \u015brodowisko na tw\u00f3j wielki dzie\u0144, przy wykorzystaniu dekoracji w stylu glamour. Dekoracja sali weselnej w stylu glamour \u2013 jak to zrobi\u0107?<\/p>\n<p><!--more--><\/p>\n<h2>Czym w\u0142a\u015bciwie jest styl glamour?<\/h2>\n<p>Samo angielskie s\u0142owo oznacza <strong>przepych, blask i urok<\/strong>. Styl za\u015b pojawi\u0142 si\u0119 ju\u017c w czasach tzw. <strong>&#8220;Z\u0142otej Ery Hollywood&#8221;<\/strong>, gdzie najr\u00f3\u017cniejsze gwiazdy wychodzi\u0142y na czerwone dywany w najbardziej szykownych i przesadzonych kreacjach, by skierowa\u0107 na siebie wszystkie reflektory i flesze aparat\u00f3w. Na sukienkach kr\u00f3lowa\u0142 b\u0142ysk, a na d\u0142oniach\u2026 diamenty. Cho\u0107 styl ten ewoluowa\u0142 przez ostatnie lata, wci\u0105\u017c kojarzy nam si\u0119 z <strong>luksusem<\/strong>, natomiast obecnie w nieco bardziej bud\u017cetowej formie. Je\u015bli b\u0142yskotki, szyk i elegancja to trzy frazy, kt\u00f3re idealnie si\u0119 komponuj\u0105 z Wasz\u0105 wizj\u0105 wesela \u2013 podpowiemy, jak wykorzysta\u0107 <a href=\"https:\/\/www.empikfoto.pl\/slub\/glamour\"><strong>dekoracje glamour<\/strong> <\/a>na przyj\u0119ciu.<\/p>\n<p><img loading=\"lazy\" decoding=\"async\" class=\"aligncenter size-full wp-image-13039\" src=\"https:\/\/www.empikfoto.pl\/blog\/empikfoto\/2023\/10\/panna-mloda-w-dlugiej-sukni-siedzi-na-kanapie-pomieszczeniu-w-bialy-studio-wnetrz-jak-w-domu.jpg\" alt=\"styl glamour\" width=\"1000\" height=\"667\" srcset=\"https:\/\/www.empikfoto.pl\/blog\/empikfoto\/2023\/10\/panna-mloda-w-dlugiej-sukni-siedzi-na-kanapie-pomieszczeniu-w-bialy-studio-wnetrz-jak-w-domu.jpg 1000w, https:\/\/www.empikfoto.pl\/blog\/empikfoto\/2023\/10\/panna-mloda-w-dlugiej-sukni-siedzi-na-kanapie-pomieszczeniu-w-bialy-studio-wnetrz-jak-w-domu-300x200.jpg 300w, https:\/\/www.empikfoto.pl\/blog\/empikfoto\/2023\/10\/panna-mloda-w-dlugiej-sukni-siedzi-na-kanapie-pomieszczeniu-w-bialy-studio-wnetrz-jak-w-domu-768x512.jpg 768w, https:\/\/www.empikfoto.pl\/blog\/empikfoto\/2023\/10\/panna-mloda-w-dlugiej-sukni-siedzi-na-kanapie-pomieszczeniu-w-bialy-studio-wnetrz-jak-w-domu-330x220.jpg 330w, https:\/\/www.empikfoto.pl\/blog\/empikfoto\/2023\/10\/panna-mloda-w-dlugiej-sukni-siedzi-na-kanapie-pomieszczeniu-w-bialy-studio-wnetrz-jak-w-domu-400x267.jpg 400w\" sizes=\"auto, (max-width: 1000px) 100vw, 1000px\" \/><\/p>\n<h2>Dekoracja sali weselnej a kolorystyka stylu glamour<\/h2>\n<p>Na pocz\u0105tek wyjd\u017amy od og\u00f3lnej koncepcji, zanim skupimy si\u0119 na detalach. Zastan\u00f3w si\u0119, czy zdecydujesz si\u0119 na po\u0142\u0105czenie kilku pokrewnych ze sob\u0105 kolor\u00f3w, np. <strong>be\u017c, pudrowe kolory, pastele<\/strong>, czy postawisz na <strong>mocny, zdecydowany akcent kolorystyczny<\/strong>, np. <strong>granat czy butelkow\u0105 ziele\u0144<\/strong>. Wszystkie te odcienie w po\u0142\u0105czeniu ze <strong>z\u0142otem<\/strong> czy <strong>srebrem<\/strong> dadz\u0105 luksusowy efekt, na kt\u00f3rym Ci zale\u017cy. Wa\u017cne, by po wybraniu motywu kolorystycznego do\u015b\u0107 sp\u00f3jnie z nim pracowa\u0107, by by\u0142 przewodni dla ca\u0142ej imprezy. No i przypominamy o najwa\u017cniejszej zasadzie wyboru z\u0142ota i srebra \u2013 wybierz tylko jedno z nich! \u0141\u0105czenie jednego i drugiego b\u0119dzie niesp\u00f3jne i zepsuje efekt luksusowego wn\u0119trza. Wbrew pozorom \u2013 mniej znaczy wi\u0119cej!<\/p>\n<h2>O czym nale\u017cy pami\u0119ta\u0107 planuj\u0105c wystr\u00f3j sali weselnej?<\/h2>\n<ul>\n<li data-leveltext=\"\uf0b7\" data-font=\"Symbol\" data-listid=\"1\" data-list-defn-props=\"{&quot;335551671&quot;:0,&quot;335552541&quot;:1,&quot;335559684&quot;:-2,&quot;335559685&quot;:720,&quot;335559991&quot;:360,&quot;469769226&quot;:&quot;Symbol&quot;,&quot;469769242&quot;:[8226],&quot;469777803&quot;:&quot;left&quot;,&quot;469777804&quot;:&quot;\uf0b7&quot;,&quot;469777815&quot;:&quot;hybridMultilevel&quot;}\" aria-setsize=\"-1\" data-aria-posinset=\"0\" data-aria-level=\"1\">\n<h3>Papeteria \u015blubna,<\/h3>\n<\/li>\n<\/ul>\n<p>Wpierw cofnijmy si\u0119 do etapu, w kt\u00f3rym z punktu widzenia go\u015bci wszystko si\u0119 zaczyna. Zar\u00f3wno &#8220;Save the date&#8221;, jak i <a href=\"https:\/\/www.empikfoto.pl\/slub\/glamour\"><strong>zaproszenia<\/strong> <\/a>powinny odpowiada\u0107 charakterowi uroczysto\u015bci. To one te\u017c uchylaj\u0105 r\u0105bka tajemnicy na temat stylu, w jakim planujecie swoje wesele. Na szcz\u0119\u015bcie projekt nie powinien by\u0107 trudny do stworzenia, gdy\u017c w internecie jest mn\u00f3stwo dost\u0119pnych, gotowych szablon\u00f3w dla zaprosze\u0144 w stylu glamour. Skorzystaj z oferty Empik Foto, gdzie otrzymasz gotowe <a href=\"https:\/\/www.empikfoto.pl\/slub\/glamour\"><strong>zaproszenia \u015blubne w stylu glamour<\/strong><\/a>. Je\u015bli za\u015b chcecie posun\u0105\u0107 si\u0119 o krok dalej, warto wybra\u0107 wykonawc\u0119, kt\u00f3ry pewne elementy zaproszenia pokryje specjaln\u0105 foli\u0105. Poz\u0142ocenie czy posrebrzenie zaprosze\u0144 potrafi do\u0142o\u017cy\u0107 kilka groszy do bud\u017cetu weselnego, ale zaproszenia wygl\u0105daj\u0105 wtedy naprawd\u0119 wyj\u0105tkowo i luksusowo!<\/p>\n<p><img loading=\"lazy\" decoding=\"async\" class=\"aligncenter size-large wp-image-13035\" src=\"https:\/\/www.empikfoto.pl\/blog\/empikfoto\/2023\/10\/DSC7322-1024x683.jpg\" alt=\"dekoracja sali weselnej\" width=\"1024\" height=\"683\" srcset=\"https:\/\/www.empikfoto.pl\/blog\/empikfoto\/2023\/10\/DSC7322-1024x683.jpg 1024w, https:\/\/www.empikfoto.pl\/blog\/empikfoto\/2023\/10\/DSC7322-300x200.jpg 300w, https:\/\/www.empikfoto.pl\/blog\/empikfoto\/2023\/10\/DSC7322-768x512.jpg 768w, https:\/\/www.empikfoto.pl\/blog\/empikfoto\/2023\/10\/DSC7322-330x220.jpg 330w, https:\/\/www.empikfoto.pl\/blog\/empikfoto\/2023\/10\/DSC7322-400x267.jpg 400w, https:\/\/www.empikfoto.pl\/blog\/empikfoto\/2023\/10\/DSC7322.jpg 1200w\" sizes=\"auto, (max-width: 1024px) 100vw, 1024px\" \/><\/p>\n<ul>\n<li data-leveltext=\"\uf0b7\" data-font=\"Symbol\" data-listid=\"1\" data-list-defn-props=\"{&quot;335551671&quot;:0,&quot;335552541&quot;:1,&quot;335559684&quot;:-2,&quot;335559685&quot;:720,&quot;335559991&quot;:360,&quot;469769226&quot;:&quot;Symbol&quot;,&quot;469769242&quot;:[8226],&quot;469777803&quot;:&quot;left&quot;,&quot;469777804&quot;:&quot;\uf0b7&quot;,&quot;469777815&quot;:&quot;hybridMultilevel&quot;}\" aria-setsize=\"-1\" data-aria-posinset=\"0\" data-aria-level=\"1\">\n<h3>Wygl\u0105d sto\u0142\u00f3w,<\/h3>\n<\/li>\n<\/ul>\n<p>Jednak papeteria \u015blubna to nie tylko zaproszenia. W tym samym stylu powinny by\u0107 wykonane <a href=\"https:\/\/www.empikfoto.pl\/slub\/winietki-slubne\"><strong>winietki na sto\u0142y<\/strong><\/a>, <a href=\"https:\/\/www.empikfoto.pl\/slub\/numery-stolow-weselnych\"><strong>numery sto\u0142\u00f3w<\/strong><\/a>, <a href=\"https:\/\/www.empikfoto.pl\/slub\/plany-stolow-weselnych\"><strong>plan sto\u0142\u00f3w<\/strong><\/a>, <a href=\"https:\/\/www.empikfoto.pl\/slub\/menu-weselne\"><strong>menu weselne<\/strong><\/a> czy <a href=\"https:\/\/www.empikfoto.pl\/slub\/plakaty-slubne\"><strong>znaki prowadz\u0105ce do wa\u017cnych miejsc<\/strong><\/a>, np. poszczeg\u00f3lnych atrakcji, parkietu, ogrodu (je\u015bli obiekt taki posiada) czy r\u00f3wnie wa\u017cnej\u2026 toalety! Postaw wi\u0119c na sp\u00f3jn\u0105 kolekcj\u0119 w jednym stylu i odcieniu kolorystycznym.<\/p>\n<p>W kwestii sto\u0142\u00f3w, mo\u017cliwo\u015bci do wyboru jest naprawd\u0119 wiele. Pami\u0119taj o najwa\u017cniejszej zasadzie \u2013 <strong>ma si\u0119 b\u0142yszcze\u0107<\/strong>! Wybierz wi\u0119c eleganck\u0105 zastaw\u0119, pi\u0119kne, zdobione sztu\u0107ce, srebrne\/z\u0142ote bie\u017cniki, eleganckie kwiaty (wspania\u0142y efekt daj\u0105 te\u017c li\u015bcie eukaliptusa wplecione w kwiaty na stole). Cho\u0107 jest to nieco dro\u017csze rozwi\u0105zanie, pi\u0119knie wygl\u0105daj\u0105 <strong>kryszta\u0142owe kieliszki czy szklanki<\/strong>. Planuj\u0105c wystr\u00f3j sali weselnej pami\u0119taj tak\u017ce o kryszta\u0142owych \u015bwiecznikach, srebrnych\/z\u0142otych niciach, p\u00f3\u0142transparentnych wst\u0105\u017ckach w wybranej kolorystyce wesela i szykownych serwetkach. B\u0142ysk to Tw\u00f3j sprzymierzeniec!<\/p>\n<p><img loading=\"lazy\" decoding=\"async\" class=\"aligncenter size-large wp-image-13036\" src=\"https:\/\/www.empikfoto.pl\/blog\/empikfoto\/2023\/10\/DSC7176-1024x683.jpg\" alt=\"dekoracja sali weselnej\" width=\"1024\" height=\"683\" srcset=\"https:\/\/www.empikfoto.pl\/blog\/empikfoto\/2023\/10\/DSC7176-1024x683.jpg 1024w, https:\/\/www.empikfoto.pl\/blog\/empikfoto\/2023\/10\/DSC7176-300x200.jpg 300w, https:\/\/www.empikfoto.pl\/blog\/empikfoto\/2023\/10\/DSC7176-768x512.jpg 768w, https:\/\/www.empikfoto.pl\/blog\/empikfoto\/2023\/10\/DSC7176-330x220.jpg 330w, https:\/\/www.empikfoto.pl\/blog\/empikfoto\/2023\/10\/DSC7176-400x267.jpg 400w, https:\/\/www.empikfoto.pl\/blog\/empikfoto\/2023\/10\/DSC7176.jpg 1200w\" sizes=\"auto, (max-width: 1024px) 100vw, 1024px\" \/><\/p>\n<ul>\n<li data-leveltext=\"\uf0b7\" data-font=\"Symbol\" data-listid=\"1\" data-list-defn-props=\"{&quot;335551671&quot;:0,&quot;335552541&quot;:1,&quot;335559684&quot;:-2,&quot;335559685&quot;:720,&quot;335559991&quot;:360,&quot;469769226&quot;:&quot;Symbol&quot;,&quot;469769242&quot;:[8226],&quot;469777803&quot;:&quot;left&quot;,&quot;469777804&quot;:&quot;\uf0b7&quot;,&quot;469777815&quot;:&quot;hybridMultilevel&quot;}\" aria-setsize=\"-1\" data-aria-posinset=\"0\" data-aria-level=\"1\">\n<h3>Wystr\u00f3j sali\/ko\u015bcio\u0142a,<\/h3>\n<\/li>\n<\/ul>\n<p>Dekoracja sali weselnej to trudne zadanie, dlatego w\u0142a\u015bnie Pary M\u0142ode decyduj\u0105 si\u0119 na <strong>wyb\u00f3r motywu przewodniego<\/strong>, kt\u00f3ry u\u0142atwia im podejmowanie trudnych decyzji zwi\u0105zanych z wystrojem. Motyw glamour cho\u0107 efektowny, musi wygl\u0105da\u0107 \u201eci\u0119\u017cko\u201d. Tym samym, postaw na materia\u0142y i elementy o takim charakterze, np. <strong>d\u0142ugie i ci\u0119\u017ckie zas\u0142ony, grube szk\u0142o<\/strong>, smuk\u0142e, lecz masywne <strong>\u015bwieczniki<\/strong>, <strong>motywy marmuru, kamienia czy pikowanej sk\u00f3ry<\/strong>. Cz\u0119sto wykorzystywany jest tak\u017ce <strong>brokat<\/strong>, kt\u00f3ry nadaje subtelno\u015bci i blasku najr\u00f3\u017cniejszym dekoracjom. Du\u017c\u0105 rol\u0119 odgrywaj\u0105 tak\u017ce materia\u0142y, kt\u00f3rych u\u017cyjesz do wystroju. Za luksusowo wygl\u0105daj\u0105ce i eleganckie uwa\u017ca si\u0119 przede wszystkim futerka (np. bia\u0142y, futerkowy dywan?), at\u0142as, aksamit, welur czy delikatnie po\u0142yskuj\u0105c\u0105 satyn\u0119. Natomiast dekoracje \u015blubne sali imituj\u0105ce lustrzane odbicie to efekt, kt\u00f3ry kocha styl glamour!<\/p>\n<p><strong>Je\u015bli tak jak my kochasz b\u0142ysk, szyk i po\u0142ysk \u2013 styl glamour na pewno \u015bpiewaj\u0105co zda egzamin na Waszym przyj\u0119ciu weselnym. Inspiracji w internecie z pewno\u015bci\u0105 znajdziesz bez liku, a efekt jaki stworzysz b\u0119dzie w pami\u0119ci go\u015bci jeszcze przez d\u0142ugi, d\u0142ugi czas!\u00a0<\/strong><\/p>\n","protected":false},"excerpt":{"rendered":"<p>\u015alub to wyj\u0105tkowy moment w \u017cyciu, kt\u00f3ry wymaga wyj\u0105tkowej oprawy. Jednym z najwa\u017cniejszych aspekt\u00f3w organizacji \u015blubu jest dekoracja sali weselnej. Je\u015bli marzysz o eleganckim i luksusowym weselu, styl glamour mo\u017ce by\u0107 idealnym wyborem. W tym artykule przyjrzymy si\u0119, jak stworzy\u0107 magiczne \u015brodowisko na tw\u00f3j wielki dzie\u0144, przy wykorzystaniu dekoracji w stylu glamour. Dekoracja sali weselnej w stylu glamour \u2013 jak to zrobi\u0107?<\/p>\n","protected":false},"author":16,"featured_media":13037,"comment_status":"closed","ping_status":"closed","sticky":true,"template":"","format":"standard","meta":{"footnotes":""},"categories":[783],"tags":[1108,1120,1091,1092],"class_list":["post-13032","post","type-post","status-publish","format-standard","has-post-thumbnail","hentry","category-poradniki","tag-dekoracja-stolu-weselnego","tag-glamour","tag-slub","tag-wesele"],"yoast_head":"<!-- This site is optimized with the Yoast SEO plugin v27.5 - https:\/\/yoast.com\/product\/yoast-seo-wordpress\/ -->\n<title>Dekoracja sali weselnej w stylu glamour \u2013 jak to zrobi\u0107? | Empik Foto<\/title>\n<meta name=\"description\" content=\"Dekoracja sali weselnej w stylu glamour. Odkryj pomys\u0142y na pe\u0142n\u0105 blasku i przepychu opraw\u0119 Twojego wyj\u0105tkowego dnia!\" \/>\n<meta name=\"robots\" content=\"index, follow, max-snippet:-1, max-image-preview:large, max-video-preview:-1\" \/>\n<link rel=\"canonical\" href=\"https:\/\/www.empikfoto.pl\/blog\/dekoracja-sali-weselnej-w-stylu-glamour\/\" \/>\n<meta property=\"og:locale\" content=\"pl_PL\" \/>\n<meta property=\"og:type\" content=\"article\" \/>\n<meta property=\"og:title\" content=\"Dekoracja sali weselnej w stylu glamour \u2013 jak to zrobi\u0107? | Empik Foto\" \/>\n<meta property=\"og:description\" content=\"Dekoracja sali weselnej w stylu glamour. Odkryj pomys\u0142y na pe\u0142n\u0105 blasku i przepychu opraw\u0119 Twojego wyj\u0105tkowego dnia!\" \/>\n<meta property=\"og:url\" content=\"https:\/\/www.empikfoto.pl\/blog\/dekoracja-sali-weselnej-w-stylu-glamour\/\" \/>\n<meta property=\"og:site_name\" content=\"blog.empikfoto.pl\" \/>\n<meta property=\"article:publisher\" content=\"https:\/\/www.facebook.com\/empikfotopl\/\" \/>\n<meta property=\"article:published_time\" content=\"2023-10-13T07:00:05+00:00\" \/>\n<meta property=\"article:modified_time\" content=\"2023-10-16T11:08:51+00:00\" \/>\n<meta property=\"og:image\" content=\"https:\/\/www.empikfoto.pl\/blog\/empikfoto\/2023\/10\/wspaniala-wloska-sala-z-obrazami-na-scianie.jpg\" \/>\n\t<meta property=\"og:image:width\" content=\"1000\" \/>\n\t<meta property=\"og:image:height\" content=\"500\" \/>\n\t<meta property=\"og:image:type\" content=\"image\/jpeg\" \/>\n<meta name=\"author\" content=\"Patrycja\" \/>\n<meta name=\"twitter:card\" content=\"summary_large_image\" \/>\n<meta name=\"twitter:creator\" content=\"@empikfoto\" \/>\n<meta name=\"twitter:site\" content=\"@empikfoto\" \/>\n<meta name=\"twitter:label1\" content=\"Napisane przez\" \/>\n\t<meta name=\"twitter:data1\" content=\"Patrycja\" \/>\n\t<meta name=\"twitter:label2\" content=\"Szacowany czas czytania\" \/>\n\t<meta name=\"twitter:data2\" content=\"5 minut\" \/>\n<script type=\"application\/ld+json\" class=\"yoast-schema-graph\">{\"@context\":\"https:\\\/\\\/schema.org\",\"@graph\":[{\"@type\":\"Article\",\"@id\":\"https:\\\/\\\/www.empikfoto.pl\\\/blog\\\/dekoracja-sali-weselnej-w-stylu-glamour\\\/#article\",\"isPartOf\":{\"@id\":\"https:\\\/\\\/www.empikfoto.pl\\\/blog\\\/dekoracja-sali-weselnej-w-stylu-glamour\\\/\"},\"author\":{\"name\":\"Patrycja\",\"@id\":\"https:\\\/\\\/www.empikfoto.pl\\\/blog\\\/#\\\/schema\\\/person\\\/0313802ca5dac502e3266853c59632c0\"},\"headline\":\"Dekoracja sali weselnej w stylu glamour \u2013 jak to zrobi\u0107?\",\"datePublished\":\"2023-10-13T07:00:05+00:00\",\"dateModified\":\"2023-10-16T11:08:51+00:00\",\"mainEntityOfPage\":{\"@id\":\"https:\\\/\\\/www.empikfoto.pl\\\/blog\\\/dekoracja-sali-weselnej-w-stylu-glamour\\\/\"},\"wordCount\":840,\"image\":{\"@id\":\"https:\\\/\\\/www.empikfoto.pl\\\/blog\\\/dekoracja-sali-weselnej-w-stylu-glamour\\\/#primaryimage\"},\"thumbnailUrl\":\"https:\\\/\\\/www.empikfoto.pl\\\/blog\\\/empikfoto\\\/2023\\\/10\\\/wspaniala-wloska-sala-z-obrazami-na-scianie.jpg\",\"keywords\":[\"dekoracja sto\u0142u weselnego\",\"glamour\",\"\u015blub\",\"wesele\"],\"articleSection\":[\"PORADNIKI\"],\"inLanguage\":\"pl-PL\"},{\"@type\":\"WebPage\",\"@id\":\"https:\\\/\\\/www.empikfoto.pl\\\/blog\\\/dekoracja-sali-weselnej-w-stylu-glamour\\\/\",\"url\":\"https:\\\/\\\/www.empikfoto.pl\\\/blog\\\/dekoracja-sali-weselnej-w-stylu-glamour\\\/\",\"name\":\"Dekoracja sali weselnej w stylu glamour \u2013 jak to zrobi\u0107? | Empik Foto\",\"isPartOf\":{\"@id\":\"https:\\\/\\\/www.empikfoto.pl\\\/blog\\\/#website\"},\"primaryImageOfPage\":{\"@id\":\"https:\\\/\\\/www.empikfoto.pl\\\/blog\\\/dekoracja-sali-weselnej-w-stylu-glamour\\\/#primaryimage\"},\"image\":{\"@id\":\"https:\\\/\\\/www.empikfoto.pl\\\/blog\\\/dekoracja-sali-weselnej-w-stylu-glamour\\\/#primaryimage\"},\"thumbnailUrl\":\"https:\\\/\\\/www.empikfoto.pl\\\/blog\\\/empikfoto\\\/2023\\\/10\\\/wspaniala-wloska-sala-z-obrazami-na-scianie.jpg\",\"datePublished\":\"2023-10-13T07:00:05+00:00\",\"dateModified\":\"2023-10-16T11:08:51+00:00\",\"author\":{\"@id\":\"https:\\\/\\\/www.empikfoto.pl\\\/blog\\\/#\\\/schema\\\/person\\\/0313802ca5dac502e3266853c59632c0\"},\"description\":\"Dekoracja sali weselnej w stylu glamour. Odkryj pomys\u0142y na pe\u0142n\u0105 blasku i przepychu opraw\u0119 Twojego wyj\u0105tkowego dnia!\",\"breadcrumb\":{\"@id\":\"https:\\\/\\\/www.empikfoto.pl\\\/blog\\\/dekoracja-sali-weselnej-w-stylu-glamour\\\/#breadcrumb\"},\"inLanguage\":\"pl-PL\",\"potentialAction\":[{\"@type\":\"ReadAction\",\"target\":[\"https:\\\/\\\/www.empikfoto.pl\\\/blog\\\/dekoracja-sali-weselnej-w-stylu-glamour\\\/\"]}]},{\"@type\":\"ImageObject\",\"inLanguage\":\"pl-PL\",\"@id\":\"https:\\\/\\\/www.empikfoto.pl\\\/blog\\\/dekoracja-sali-weselnej-w-stylu-glamour\\\/#primaryimage\",\"url\":\"https:\\\/\\\/www.empikfoto.pl\\\/blog\\\/empikfoto\\\/2023\\\/10\\\/wspaniala-wloska-sala-z-obrazami-na-scianie.jpg\",\"contentUrl\":\"https:\\\/\\\/www.empikfoto.pl\\\/blog\\\/empikfoto\\\/2023\\\/10\\\/wspaniala-wloska-sala-z-obrazami-na-scianie.jpg\",\"width\":1000,\"height\":500,\"caption\":\"dekoracja sali weselnej\"},{\"@type\":\"BreadcrumbList\",\"@id\":\"https:\\\/\\\/www.empikfoto.pl\\\/blog\\\/dekoracja-sali-weselnej-w-stylu-glamour\\\/#breadcrumb\",\"itemListElement\":[{\"@type\":\"ListItem\",\"position\":1,\"name\":\"Strona g\u0142\u00f3wna\",\"item\":\"https:\\\/\\\/www.empikfoto.pl\\\/blog\\\/\"},{\"@type\":\"ListItem\",\"position\":2,\"name\":\"Dekoracja sali weselnej w stylu glamour \u2013 jak to zrobi\u0107?\"}]},{\"@type\":\"WebSite\",\"@id\":\"https:\\\/\\\/www.empikfoto.pl\\\/blog\\\/#website\",\"url\":\"https:\\\/\\\/www.empikfoto.pl\\\/blog\\\/\",\"name\":\"blog.empikfoto.pl\",\"description\":\"Poznaj empikfoto.pl od \u015brodka! Dowiedz si\u0119 wi\u0119cej o odbitkach, fotoksi\u0105\u017ckach i fotografii.\",\"potentialAction\":[{\"@type\":\"SearchAction\",\"target\":{\"@type\":\"EntryPoint\",\"urlTemplate\":\"https:\\\/\\\/www.empikfoto.pl\\\/blog\\\/?s={search_term_string}\"},\"query-input\":{\"@type\":\"PropertyValueSpecification\",\"valueRequired\":true,\"valueName\":\"search_term_string\"}}],\"inLanguage\":\"pl-PL\"},{\"@type\":\"Person\",\"@id\":\"https:\\\/\\\/www.empikfoto.pl\\\/blog\\\/#\\\/schema\\\/person\\\/0313802ca5dac502e3266853c59632c0\",\"name\":\"Patrycja\",\"image\":{\"@type\":\"ImageObject\",\"inLanguage\":\"pl-PL\",\"@id\":\"https:\\\/\\\/secure.gravatar.com\\\/avatar\\\/f25168e12215ad42f58e5fb72881daaeb57bd4f907081046016f64bf167db59f?s=96&d=identicon&r=g\",\"url\":\"https:\\\/\\\/secure.gravatar.com\\\/avatar\\\/f25168e12215ad42f58e5fb72881daaeb57bd4f907081046016f64bf167db59f?s=96&d=identicon&r=g\",\"contentUrl\":\"https:\\\/\\\/secure.gravatar.com\\\/avatar\\\/f25168e12215ad42f58e5fb72881daaeb57bd4f907081046016f64bf167db59f?s=96&d=identicon&r=g\",\"caption\":\"Patrycja\"},\"url\":\"https:\\\/\\\/www.empikfoto.pl\\\/blog\\\/author\\\/patrycja\\\/\"}]}<\/script>\n<!-- \/ Yoast SEO plugin. -->","yoast_head_json":{"title":"Dekoracja sali weselnej w stylu glamour \u2013 jak to zrobi\u0107? | Empik Foto","description":"Dekoracja sali weselnej w stylu glamour. Odkryj pomys\u0142y na pe\u0142n\u0105 blasku i przepychu opraw\u0119 Twojego wyj\u0105tkowego dnia!","robots":{"index":"index","follow":"follow","max-snippet":"max-snippet:-1","max-image-preview":"max-image-preview:large","max-video-preview":"max-video-preview:-1"},"canonical":"https:\/\/www.empikfoto.pl\/blog\/dekoracja-sali-weselnej-w-stylu-glamour\/","og_locale":"pl_PL","og_type":"article","og_title":"Dekoracja sali weselnej w stylu glamour \u2013 jak to zrobi\u0107? | Empik Foto","og_description":"Dekoracja sali weselnej w stylu glamour. Odkryj pomys\u0142y na pe\u0142n\u0105 blasku i przepychu opraw\u0119 Twojego wyj\u0105tkowego dnia!","og_url":"https:\/\/www.empikfoto.pl\/blog\/dekoracja-sali-weselnej-w-stylu-glamour\/","og_site_name":"blog.empikfoto.pl","article_publisher":"https:\/\/www.facebook.com\/empikfotopl\/","article_published_time":"2023-10-13T07:00:05+00:00","article_modified_time":"2023-10-16T11:08:51+00:00","og_image":[{"width":1000,"height":500,"url":"https:\/\/www.empikfoto.pl\/blog\/empikfoto\/2023\/10\/wspaniala-wloska-sala-z-obrazami-na-scianie.jpg","type":"image\/jpeg"}],"author":"Patrycja","twitter_card":"summary_large_image","twitter_creator":"@empikfoto","twitter_site":"@empikfoto","twitter_misc":{"Napisane przez":"Patrycja","Szacowany czas czytania":"5 minut"},"schema":{"@context":"https:\/\/schema.org","@graph":[{"@type":"Article","@id":"https:\/\/www.empikfoto.pl\/blog\/dekoracja-sali-weselnej-w-stylu-glamour\/#article","isPartOf":{"@id":"https:\/\/www.empikfoto.pl\/blog\/dekoracja-sali-weselnej-w-stylu-glamour\/"},"author":{"name":"Patrycja","@id":"https:\/\/www.empikfoto.pl\/blog\/#\/schema\/person\/0313802ca5dac502e3266853c59632c0"},"headline":"Dekoracja sali weselnej w stylu glamour \u2013 jak to zrobi\u0107?","datePublished":"2023-10-13T07:00:05+00:00","dateModified":"2023-10-16T11:08:51+00:00","mainEntityOfPage":{"@id":"https:\/\/www.empikfoto.pl\/blog\/dekoracja-sali-weselnej-w-stylu-glamour\/"},"wordCount":840,"image":{"@id":"https:\/\/www.empikfoto.pl\/blog\/dekoracja-sali-weselnej-w-stylu-glamour\/#primaryimage"},"thumbnailUrl":"https:\/\/www.empikfoto.pl\/blog\/empikfoto\/2023\/10\/wspaniala-wloska-sala-z-obrazami-na-scianie.jpg","keywords":["dekoracja sto\u0142u weselnego","glamour","\u015blub","wesele"],"articleSection":["PORADNIKI"],"inLanguage":"pl-PL"},{"@type":"WebPage","@id":"https:\/\/www.empikfoto.pl\/blog\/dekoracja-sali-weselnej-w-stylu-glamour\/","url":"https:\/\/www.empikfoto.pl\/blog\/dekoracja-sali-weselnej-w-stylu-glamour\/","name":"Dekoracja sali weselnej w stylu glamour \u2013 jak to zrobi\u0107? | Empik Foto","isPartOf":{"@id":"https:\/\/www.empikfoto.pl\/blog\/#website"},"primaryImageOfPage":{"@id":"https:\/\/www.empikfoto.pl\/blog\/dekoracja-sali-weselnej-w-stylu-glamour\/#primaryimage"},"image":{"@id":"https:\/\/www.empikfoto.pl\/blog\/dekoracja-sali-weselnej-w-stylu-glamour\/#primaryimage"},"thumbnailUrl":"https:\/\/www.empikfoto.pl\/blog\/empikfoto\/2023\/10\/wspaniala-wloska-sala-z-obrazami-na-scianie.jpg","datePublished":"2023-10-13T07:00:05+00:00","dateModified":"2023-10-16T11:08:51+00:00","author":{"@id":"https:\/\/www.empikfoto.pl\/blog\/#\/schema\/person\/0313802ca5dac502e3266853c59632c0"},"description":"Dekoracja sali weselnej w stylu glamour. Odkryj pomys\u0142y na pe\u0142n\u0105 blasku i przepychu opraw\u0119 Twojego wyj\u0105tkowego dnia!","breadcrumb":{"@id":"https:\/\/www.empikfoto.pl\/blog\/dekoracja-sali-weselnej-w-stylu-glamour\/#breadcrumb"},"inLanguage":"pl-PL","potentialAction":[{"@type":"ReadAction","target":["https:\/\/www.empikfoto.pl\/blog\/dekoracja-sali-weselnej-w-stylu-glamour\/"]}]},{"@type":"ImageObject","inLanguage":"pl-PL","@id":"https:\/\/www.empikfoto.pl\/blog\/dekoracja-sali-weselnej-w-stylu-glamour\/#primaryimage","url":"https:\/\/www.empikfoto.pl\/blog\/empikfoto\/2023\/10\/wspaniala-wloska-sala-z-obrazami-na-scianie.jpg","contentUrl":"https:\/\/www.empikfoto.pl\/blog\/empikfoto\/2023\/10\/wspaniala-wloska-sala-z-obrazami-na-scianie.jpg","width":1000,"height":500,"caption":"dekoracja sali weselnej"},{"@type":"BreadcrumbList","@id":"https:\/\/www.empikfoto.pl\/blog\/dekoracja-sali-weselnej-w-stylu-glamour\/#breadcrumb","itemListElement":[{"@type":"ListItem","position":1,"name":"Strona g\u0142\u00f3wna","item":"https:\/\/www.empikfoto.pl\/blog\/"},{"@type":"ListItem","position":2,"name":"Dekoracja sali weselnej w stylu glamour \u2013 jak to zrobi\u0107?"}]},{"@type":"WebSite","@id":"https:\/\/www.empikfoto.pl\/blog\/#website","url":"https:\/\/www.empikfoto.pl\/blog\/","name":"blog.empikfoto.pl","description":"Poznaj empikfoto.pl od \u015brodka! Dowiedz si\u0119 wi\u0119cej o odbitkach, fotoksi\u0105\u017ckach i fotografii.","potentialAction":[{"@type":"SearchAction","target":{"@type":"EntryPoint","urlTemplate":"https:\/\/www.empikfoto.pl\/blog\/?s={search_term_string}"},"query-input":{"@type":"PropertyValueSpecification","valueRequired":true,"valueName":"search_term_string"}}],"inLanguage":"pl-PL"},{"@type":"Person","@id":"https:\/\/www.empikfoto.pl\/blog\/#\/schema\/person\/0313802ca5dac502e3266853c59632c0","name":"Patrycja","image":{"@type":"ImageObject","inLanguage":"pl-PL","@id":"https:\/\/secure.gravatar.com\/avatar\/f25168e12215ad42f58e5fb72881daaeb57bd4f907081046016f64bf167db59f?s=96&d=identicon&r=g","url":"https:\/\/secure.gravatar.com\/avatar\/f25168e12215ad42f58e5fb72881daaeb57bd4f907081046016f64bf167db59f?s=96&d=identicon&r=g","contentUrl":"https:\/\/secure.gravatar.com\/avatar\/f25168e12215ad42f58e5fb72881daaeb57bd4f907081046016f64bf167db59f?s=96&d=identicon&r=g","caption":"Patrycja"},"url":"https:\/\/www.empikfoto.pl\/blog\/author\/patrycja\/"}]}},"amp_enabled":true,"_links":{"self":[{"href":"https:\/\/www.empikfoto.pl\/blog\/wp-json\/wp\/v2\/posts\/13032","targetHints":{"allow":["GET"]}}],"collection":[{"href":"https:\/\/www.empikfoto.pl\/blog\/wp-json\/wp\/v2\/posts"}],"about":[{"href":"https:\/\/www.empikfoto.pl\/blog\/wp-json\/wp\/v2\/types\/post"}],"author":[{"embeddable":true,"href":"https:\/\/www.empikfoto.pl\/blog\/wp-json\/wp\/v2\/users\/16"}],"replies":[{"embeddable":true,"href":"https:\/\/www.empikfoto.pl\/blog\/wp-json\/wp\/v2\/comments?post=13032"}],"version-history":[{"count":3,"href":"https:\/\/www.empikfoto.pl\/blog\/wp-json\/wp\/v2\/posts\/13032\/revisions"}],"predecessor-version":[{"id":13040,"href":"https:\/\/www.empikfoto.pl\/blog\/wp-json\/wp\/v2\/posts\/13032\/revisions\/13040"}],"wp:featuredmedia":[{"embeddable":true,"href":"https:\/\/www.empikfoto.pl\/blog\/wp-json\/wp\/v2\/media\/13037"}],"wp:attachment":[{"href":"https:\/\/www.empikfoto.pl\/blog\/wp-json\/wp\/v2\/media?parent=13032"}],"wp:term":[{"taxonomy":"category","embeddable":true,"href":"https:\/\/www.empikfoto.pl\/blog\/wp-json\/wp\/v2\/categories?post=13032"},{"taxonomy":"post_tag","embeddable":true,"href":"https:\/\/www.empikfoto.pl\/blog\/wp-json\/wp\/v2\/tags?post=13032"}],"curies":[{"name":"wp","href":"https:\/\/api.w.org\/{rel}","templated":true}]}}