{"id":13587,"date":"2024-02-14T08:00:54","date_gmt":"2024-02-14T07:00:54","guid":{"rendered":"https:\/\/www.empikfoto.pl\/blog\/?p=13587"},"modified":"2024-02-14T08:28:40","modified_gmt":"2024-02-14T07:28:40","slug":"idealny-pomysl-na-walentynki-prezenty-spersonalizowane","status":"publish","type":"post","link":"https:\/\/www.empikfoto.pl\/blog\/idealny-pomysl-na-walentynki-prezenty-spersonalizowane\/","title":{"rendered":"Idealny pomys\u0142 na walentynki? Prezenty spersonalizowane"},"content":{"rendered":"<p><span data-contrast=\"auto\">Ju\u017c za chwil\u0119, ju\u017c za moment, najbardziej romantyczny dzie\u0144 w ca\u0142ym roku! <strong>Walentynki<\/strong>, obchodzone rokrocznie <strong>14 lutego<\/strong>, zapisa\u0142y si\u0119 w naszych kalendarzach jako \u015bwi\u0119to mi\u0142o\u015bci. Nawet wieloletnie zwi\u0105zki pami\u0119taj\u0105, \u017ce tego dnia warto wykaza\u0107 odrobin\u0119 inicjatywy, by podsyci\u0107 romantyzm w relacji. Z tego powodu wszyscy zakochani na ca\u0142ym \u015bwiecie obdarowuj\u0105 si\u0119 drobnymi upominkami, sp\u0119dzaj\u0105 razem czas (szczeg\u00f3lnie, gdy na co dzie\u0144 z r\u00f3\u017cnych przyczyn nie maj\u0105 takiej mo\u017cliwo\u015bci) i wyznaj\u0105 sobie swoje uczucia. My tak\u017ce zach\u0119camy Was do celebrowania tego \u015bwi\u0119ta, a w tym artykule przedstawimy Wam niejeden, sprawdzony i uwielbiany <a href=\"https:\/\/www.empikfoto.pl\/walentynki\"><strong>pomys\u0142 na walentynki<\/strong><\/a>.<\/span><span data-ccp-props=\"{}\">\u00a0<\/span><\/p>\n<p><!--more--><\/p>\n<h2><span data-contrast=\"auto\">Co na walentynki: prezent czy prze\u017cycie?<\/span><span data-ccp-props=\"{}\">\u00a0<\/span><\/h2>\n<p><span data-contrast=\"auto\">Metod i pomys\u0142\u00f3w na ten dzie\u0144 jest naprawd\u0119 sporo. Na wst\u0119pie odpowiedz sobie na pytanie, czy chcesz zapewni\u0107 swojej drugiej po\u0142\u00f3wce <strong>do\u015bwiadczenie, czy jednak planujesz postawi\u0107 na materialny podarunek<\/strong>. Obie opcje potrafi\u0105 by\u0107 naprawd\u0119 romantyczne i chwytaj\u0105ce za serce, ale odpowied\u017a na to pytanie pozwoli Ci kombinowa\u0107 dalej i rozpatrywa\u0107 kolejne opcje. Na walentynki namacalny <a href=\"https:\/\/www.empikfoto.pl\/walentynki\"><strong>prezent<\/strong> <\/a>potrafi by\u0107 r\u00f3wnie poruszaj\u0105cy, co czas sp\u0119dzony razem. Dlatego wybieraj\u0105c prezent, postaw na <a href=\"https:\/\/www.empikfoto.pl\/walentynki\"><strong>personalizowane upominki<\/strong><\/a>, kt\u00f3re idealnie trafi\u0105 w gust i zainteresowania Twojej drugiej po\u0142\u00f3wki, za\u015b wybieraj\u0105c prze\u017cycie, kieruj si\u0119 mo\u017cliwo\u015bci\u0105 sp\u0119dzenia jako\u015bciowego czasu we dwoje, np. poprzez wyj\u015bcie do kina, dobrej restauracji, randk\u0119 w domu przy winie i plansz\u00f3wce lub wieczornym ogl\u0105daniu gwiazd. Na piknik mo\u017ce by\u0107 nieco za ch\u0142odno, ale spacer po parku zwie\u0144czony gor\u0105c\u0105 czekolad\u0105 czy grzanym winem \u2013 brzmi idealnie!<\/span><span data-ccp-props=\"{}\">\u00a0<\/span><\/p>\n<div id=\"attachment_13593\" style=\"width: 1034px\" class=\"wp-caption aligncenter\"><a href=\"https:\/\/www.empikfoto.pl\/wyszukiwarka?q=cherry+much\"><img loading=\"lazy\" decoding=\"async\" aria-describedby=\"caption-attachment-13593\" class=\"wp-image-13593 size-large\" src=\"https:\/\/www.empikfoto.pl\/blog\/empikfoto\/2024\/01\/tina_walentynki_cherry1-1-1024x534.jpg\" alt=\"pomys\u0142 na walentynki\" width=\"1024\" height=\"534\" srcset=\"https:\/\/www.empikfoto.pl\/blog\/empikfoto\/2024\/01\/tina_walentynki_cherry1-1-1024x534.jpg 1024w, https:\/\/www.empikfoto.pl\/blog\/empikfoto\/2024\/01\/tina_walentynki_cherry1-1-300x157.jpg 300w, https:\/\/www.empikfoto.pl\/blog\/empikfoto\/2024\/01\/tina_walentynki_cherry1-1-768x401.jpg 768w, https:\/\/www.empikfoto.pl\/blog\/empikfoto\/2024\/01\/tina_walentynki_cherry1-1-1536x801.jpg 1536w, https:\/\/www.empikfoto.pl\/blog\/empikfoto\/2024\/01\/tina_walentynki_cherry1-1-400x209.jpg 400w, https:\/\/www.empikfoto.pl\/blog\/empikfoto\/2024\/01\/tina_walentynki_cherry1-1.jpg 1932w\" sizes=\"auto, (max-width: 1024px) 100vw, 1024px\" \/><\/a><p id=\"caption-attachment-13593\" class=\"wp-caption-text\">Delikatna i cukierkowo r\u00f3\u017cowa kolekcja, z motywem uroczych wi\u015bni, emanuje s\u0142odk\u0105 romantyk\u0105. Idealna dla tych, kt\u00f3rzy pragn\u0105 wyrazi\u0107 mi\u0142o\u015b\u0107 w subtelny i uroczysty spos\u00f3b &#8211; <span data-contrast=\"auto\"><a href=\"https:\/\/www.empikfoto.pl\/wyszukiwarka?q=cherry+much\"><strong>Kolekcja &#8220;I love you cherry much&#8221;<\/strong><\/a><\/span><\/p><\/div>\n<h2><span data-contrast=\"auto\">Pomys\u0142y na prezent na walentynki dla niej<\/span><span data-ccp-props=\"{}\">\u00a0<\/span><\/h2>\n<p><span data-contrast=\"auto\">Kobiety to prawdziwe romantyczne dusze! Nawet je\u015bli Twoja wybranka zaprzecza swojej romantycznej naturze, z pewno\u015bci\u0105 ma\u0142y, uroczy gest rozczuli jej serce. \u015awietny pomys\u0142 na walentynki dla ukochanej to <a href=\"https:\/\/www.empikfoto.pl\/walentynki\"><strong>spersonalizowany prezent<\/strong><\/a>, stworzony z Waszych zdj\u0119\u0107. Opcji tu jest wiele, a najpopularniejsze z nich to <a href=\"https:\/\/www.empikfoto.pl\/fotoksiazki\/tematy\/milosc\"><strong>fotoksi\u0105\u017cka<\/strong><\/a>, <a href=\"https:\/\/www.empikfoto.pl\/kartki-walentynkowe\"><strong>kartka na walentynki<\/strong><\/a>, <a href=\"https:\/\/www.empikfoto.pl\/wystroj-wnetrz\/fotoobrazy?sort=default_desc&amp;kolekcja=walentynki\"><strong>fotoobraz<\/strong><\/a>, <a href=\"https:\/\/www.empikfoto.pl\/wystroj-wnetrz\/poduszki\"><strong>poduszka<\/strong><\/a>, <a href=\"https:\/\/www.empikfoto.pl\/kubki-ze-zdjeciem?sort=default_desc&amp;temat=walentynki\"><strong>kubek<\/strong> <\/a>czy <a href=\"https:\/\/www.empikfoto.pl\/breloki?kolekcja=walentynki\"><strong>brelok<\/strong><\/a>. Ka\u017cdy z tych prezent\u00f3w mo\u017ce by\u0107 spersonalizowany Waszym zdj\u0119ciem, a samo projektowanie jest banalnie proste.\u00a0<\/span><span data-ccp-props=\"{}\">\u00a0<\/span><\/p>\n<div id=\"attachment_13591\" style=\"width: 1034px\" class=\"wp-caption aligncenter\"><a href=\"https:\/\/www.empikfoto.pl\/wyszukiwarka?q=you+and+me+forever\"><img loading=\"lazy\" decoding=\"async\" aria-describedby=\"caption-attachment-13591\" class=\"wp-image-13591 size-large\" src=\"https:\/\/www.empikfoto.pl\/blog\/empikfoto\/2024\/01\/tina_walentynki_yoyandme1-1024x534.jpg\" alt=\"pomys\u0142 na walentynki\" width=\"1024\" height=\"534\" srcset=\"https:\/\/www.empikfoto.pl\/blog\/empikfoto\/2024\/01\/tina_walentynki_yoyandme1-1024x534.jpg 1024w, https:\/\/www.empikfoto.pl\/blog\/empikfoto\/2024\/01\/tina_walentynki_yoyandme1-300x157.jpg 300w, https:\/\/www.empikfoto.pl\/blog\/empikfoto\/2024\/01\/tina_walentynki_yoyandme1-768x401.jpg 768w, https:\/\/www.empikfoto.pl\/blog\/empikfoto\/2024\/01\/tina_walentynki_yoyandme1-1536x801.jpg 1536w, https:\/\/www.empikfoto.pl\/blog\/empikfoto\/2024\/01\/tina_walentynki_yoyandme1-400x209.jpg 400w, https:\/\/www.empikfoto.pl\/blog\/empikfoto\/2024\/01\/tina_walentynki_yoyandme1.jpg 1932w\" sizes=\"auto, (max-width: 1024px) 100vw, 1024px\" \/><\/a><p id=\"caption-attachment-13591\" class=\"wp-caption-text\">Minimalistyczna i romantyczna kolekcja o nowoczesnym wygl\u0105dzie, ozdobiona pudrowo r\u00f3\u017cowymi akcentami. Doskona\u0142a dla par, kt\u00f3re ceni\u0105 prostot\u0119 i trwa\u0142o\u015b\u0107 uczu\u0107 &#8211; <span data-contrast=\"auto\"><a href=\"https:\/\/www.empikfoto.pl\/wyszukiwarka?q=you+and+me+forever\"><strong>Kolekcja &#8220;You and me forever&#8221;<\/strong><\/a><\/span><\/p><\/div>\n<p><span data-contrast=\"auto\">Szczeg\u00f3lnie na t\u0105 specjaln\u0105 okazj\u0119 polecamy jedn\u0105 z nowych, mi\u0142osnych kolekcji szablon\u00f3w. <a href=\"https:\/\/www.empikfoto.pl\/wyszukiwarka?q=cherry+much\"><strong>Kolekcja &#8220;I love you cherry much&#8221;<\/strong><\/a> to cukierkowo r\u00f3\u017cowy szablon z motywem wisienek. Wyst\u0119puje tak\u017ce w wersji czarnej, by trafi\u0107 do serc antyfan\u00f3w koloru r\u00f3\u017cowego. <a href=\"https:\/\/www.empikfoto.pl\/wyszukiwarka?q=you+and+me+forever\"><strong>Kolekcja &#8220;You and me forever&#8221;<\/strong><\/a> to dyskretna, romantyczna i minimalistyczna kolekcja o nowoczesnym wygl\u0105dzie z pudrowo r\u00f3\u017cowymi akcentami. <a href=\"https:\/\/www.empikfoto.pl\/wyszukiwarka?q=kolekcjamilosc\"><strong>Kolekcja &#8220;Mi\u0142o\u015b\u0107&#8221;<\/strong> <\/a>to najbardziej tradycyjna forma wyra\u017cenia swoich uczu\u0107. Kr\u00f3luj\u0105 w niej serduszka i proste, mi\u0142osne symbole. Personalizowany upominek z waszych zdj\u0119\u0107 to wspania\u0142a forma uczczenia Waszej codziennie piel\u0119gnowanej mi\u0142o\u015bci. Picie kawy z kubka z Waszym wizerunkiem, czy plakat z Waszym ulubionym, wsp\u00f3lnym portretem to drobne rzeczy, kt\u00f3re uciesz\u0105 drug\u0105 po\u0142\u00f3wk\u0119 i przeka\u017c\u0105 jej t\u0105 najwa\u017cniejsz\u0105 wiadomo\u015b\u0107: &#8220;kocham Ci\u0119&#8221;.<\/span><span data-ccp-props=\"{}\">\u00a0<\/span><\/p>\n<div id=\"attachment_13592\" style=\"width: 1034px\" class=\"wp-caption aligncenter\"><a href=\"https:\/\/www.empikfoto.pl\/wyszukiwarka?q=kolekcjamilosc\"><img loading=\"lazy\" decoding=\"async\" aria-describedby=\"caption-attachment-13592\" class=\"wp-image-13592 size-large\" src=\"https:\/\/www.empikfoto.pl\/blog\/empikfoto\/2024\/01\/tina_walentynki_milosc1-1024x534.jpg\" alt=\"pomys\u0142 na walentynki\" width=\"1024\" height=\"534\" srcset=\"https:\/\/www.empikfoto.pl\/blog\/empikfoto\/2024\/01\/tina_walentynki_milosc1-1024x534.jpg 1024w, https:\/\/www.empikfoto.pl\/blog\/empikfoto\/2024\/01\/tina_walentynki_milosc1-300x157.jpg 300w, https:\/\/www.empikfoto.pl\/blog\/empikfoto\/2024\/01\/tina_walentynki_milosc1-768x401.jpg 768w, https:\/\/www.empikfoto.pl\/blog\/empikfoto\/2024\/01\/tina_walentynki_milosc1-1536x801.jpg 1536w, https:\/\/www.empikfoto.pl\/blog\/empikfoto\/2024\/01\/tina_walentynki_milosc1-400x209.jpg 400w, https:\/\/www.empikfoto.pl\/blog\/empikfoto\/2024\/01\/tina_walentynki_milosc1.jpg 1913w\" sizes=\"auto, (max-width: 1024px) 100vw, 1024px\" \/><\/a><p id=\"caption-attachment-13592\" class=\"wp-caption-text\">Tradycyjna forma wyra\u017cenia uczu\u0107, gdzie serduszka i mi\u0142osne symbole kr\u00f3luj\u0105. Klasyczna elegancja tej kolekcji sprawia, \u017ce stanowi doskona\u0142e wyra\u017cenie trwaj\u0105cej, g\u0142\u0119bokiej mi\u0142o\u015bci &#8211; <span data-contrast=\"auto\"><a href=\"https:\/\/www.empikfoto.pl\/wyszukiwarka?q=kolekcjamilosc\"><strong>Kolekcja &#8220;Mi\u0142o\u015b\u0107&#8221;<\/strong><\/a><\/span><\/p><\/div>\n<p><span data-contrast=\"auto\">Personalizowany upominek ju\u017c mamy, wi\u0119c zastan\u00f3wmy si\u0119 nad dodatkami. Dobrym pomys\u0142em mo\u017ce by\u0107 drobny, a nic niekosztuj\u0105cy nas gest \u2013 np. <strong>mi\u0142osny li\u015bcik<\/strong> pozostawiony przy poduszce, masa\u017c szyi po ci\u0119\u017ckim dniu, rozczesanie w\u0142os\u00f3w przy wieczornej, piel\u0119gnacyjnej rutynie, czy obejrzenie tej komedii romantycznej, na kt\u00f3r\u0105 nigdy nie chcesz si\u0119 zgodzi\u0107. To malutkie rzeczy, kt\u00f3rymi mo\u017cemy okaza\u0107 nasz\u0105 czu\u0142o\u015b\u0107 i mi\u0142o\u015b\u0107 w stosunku do drugiej po\u0142\u00f3wki. Je\u015bli macie tak\u0105 mo\u017cliwo\u015b\u0107, sp\u0119d\u017acie tego dnia troch\u0119 czasu razem \u2013 mo\u017ce uda Wam si\u0119 p\u00f3j\u015b\u0107 do pracy chwil\u0119 p\u00f3\u017aniej, by zje\u015b\u0107 razem <strong>walentynkowe \u015bniadanie<\/strong>? Lub spotkacie si\u0119 po pracy na kr\u00f3tk\u0105 kaw\u0119 w kawiarni? Mo\u017cecie tak\u017ce wsp\u00f3lnie na kolacj\u0119 przygotowa\u0107 pizz\u0119 w kszta\u0142cie serca lub przynie\u015b\u0107 do domu \u015bwie\u017ce, ci\u0119te kwiaty. Jest tak wiele dyskretnych i (prawie) darmowych sposob\u00f3w na okazanie uczu\u0107!<\/span><span data-ccp-props=\"{}\">\u00a0<\/span><\/p>\n<h2><span data-contrast=\"auto\">Pomys\u0142 na walentynki, kt\u00f3rego nie zapomni!<\/span><span data-ccp-props=\"{}\">\u00a0<\/span><\/h2>\n<p><span data-contrast=\"auto\">Je\u015bli jednak dalej poszukujesz prezentu, jest kilka opcji, kt\u00f3rych jeszcze nie poruszyli\u015bmy. <strong>Ekstremalne prze\u017cycie<\/strong> we dwoje to idealny <a href=\"https:\/\/www.empikfoto.pl\/walentynki\"><strong>prezent na walentynki<\/strong> <\/a>dla tych, kt\u00f3rzy uwielbiaj\u0105 czu\u0107 adrenalin\u0119. Zabawn\u0105 opcj\u0105 mog\u0105 by\u0107 wsp\u00f3lne wy\u015bcigi na torze kartingowym, lot w tunelu aerodynamicznym czy odwiedziny w weso\u0142ym miasteczku. Mamy tak\u017ce kilka niewykorzystanych opcji w formie materialnej, kt\u00f3re jednak nale\u017cy dok\u0142adnie przemy\u015ble\u0107, by upominek skrupulatnie dopasowa\u0107 do osoby obdarowywanej.<\/span><\/p>\n<ul>\n<li><span data-contrast=\"auto\"><strong>Dla ka\u017cdej fanki organizacji<\/strong>, porz\u0105dk\u00f3w i planowania, idealnie nada si\u0119 wysokiej jako\u015bci <span style=\"color: #ff6600;\"><a style=\"color: #ff6600;\" href=\"https:\/\/www.empikfoto.pl\/kalendarze-ksiazkowe\"><strong>planer<\/strong><\/a><\/span>, np. z materia\u0142ow\u0105, eleganck\u0105 ok\u0142adk\u0105. <\/span><\/li>\n<li><span data-contrast=\"auto\"><strong>Dla fana motoryzacji<\/strong> \u2013 <strong>klocki<\/strong>, kt\u00f3re w efekcie ko\u0144cowym stan\u0105 si\u0119 poruszaj\u0105cym si\u0119 samochodem. <\/span><\/li>\n<li><span data-contrast=\"auto\"><strong>Dla fan\u00f3w plansz\u00f3wek<\/strong> \u2013 kolejna gra, kt\u00f3ra \u015bwi\u0119ci triumfy tegorocznych ranking\u00f3w. <\/span><\/li>\n<li><span data-contrast=\"auto\"><strong>Dla wielbicielek b\u0142yskotek<\/strong>, zawsze dobrym pomys\u0142em okazuje si\u0119 by\u0107 <strong>pi\u0119kna bi\u017cuteria lub ciesz\u0105cy oko gad\u017cet<\/strong>, np. broszka, brelok czy d\u0142ugopis z kryszta\u0142kami. <\/span><\/li>\n<\/ul>\n<p><span data-contrast=\"auto\">Wiele jak widzisz zale\u017cy od zainteresowa\u0144, cech charakteru i osobowo\u015bci Twojej wybranki lub wybranka. Jeste\u015bmy natomiast pewni, \u017ce cokolwiek wybierzesz, b\u0119dzie strza\u0142em w dziesi\u0105tk\u0119 dla Twojej walentynki, poniewa\u017c b\u0119dzie podarowane prosto z Twojego serca.<\/span><span data-ccp-props=\"{}\">\u00a0<\/span><\/p>\n","protected":false},"excerpt":{"rendered":"<p>Ju\u017c za chwil\u0119, ju\u017c za moment, najbardziej romantyczny dzie\u0144 w ca\u0142ym roku! Walentynki, obchodzone rokrocznie 14 lutego, zapisa\u0142y si\u0119 w naszych kalendarzach jako \u015bwi\u0119to mi\u0142o\u015bci. Nawet wieloletnie zwi\u0105zki pami\u0119taj\u0105, \u017ce tego dnia warto wykaza\u0107 odrobin\u0119 inicjatywy, by podsyci\u0107 romantyzm w relacji. Z tego powodu wszyscy zakochani na ca\u0142ym \u015bwiecie obdarowuj\u0105 si\u0119 drobnymi upominkami, sp\u0119dzaj\u0105 razem czas (szczeg\u00f3lnie, gdy na co dzie\u0144 z r\u00f3\u017cnych przyczyn nie maj\u0105 takiej mo\u017cliwo\u015bci) i wyznaj\u0105 sobie swoje uczucia. My tak\u017ce zach\u0119camy Was do celebrowania tego \u015bwi\u0119ta, a w tym artykule przedstawimy Wam niejeden, sprawdzony i uwielbiany pomys\u0142 na walentynki.\u00a0<\/p>\n","protected":false},"author":16,"featured_media":13595,"comment_status":"closed","ping_status":"closed","sticky":true,"template":"","format":"standard","meta":{"footnotes":""},"categories":[1059],"tags":[1070,1121,1133,1118,1082,1077],"class_list":["post-13587","post","type-post","status-publish","format-standard","has-post-thumbnail","hentry","category-pomysly-na-prezent","tag-pomysl-na-prezent","tag-prezent-dla-chlopaka","tag-prezent-dla-dziewczyny","tag-prezent-dla-niego","tag-prezent-dla-niej","tag-walentynki"],"yoast_head":"<!-- This site is optimized with the Yoast SEO plugin v27.4 - https:\/\/yoast.com\/product\/yoast-seo-wordpress\/ -->\n<title>Idealny pomys\u0142 na walentynki? Prezenty spersonalizowane | Empik Foto<\/title>\n<meta name=\"description\" content=\"Pomys\u0142 na walentynki! Prezenty spersonalizowane, kt\u00f3re zachwyc\u0105 ukochan\u0105 osob\u0119. Odkryj inspiracje na wyj\u0105tkowe podarunki!\" \/>\n<meta name=\"robots\" content=\"index, follow, max-snippet:-1, max-image-preview:large, max-video-preview:-1\" \/>\n<link rel=\"canonical\" href=\"https:\/\/www.empikfoto.pl\/blog\/idealny-pomysl-na-walentynki-prezenty-spersonalizowane\/\" \/>\n<meta property=\"og:locale\" content=\"pl_PL\" \/>\n<meta property=\"og:type\" content=\"article\" \/>\n<meta property=\"og:title\" content=\"Idealny pomys\u0142 na walentynki? Prezenty spersonalizowane | Empik Foto\" \/>\n<meta property=\"og:description\" content=\"Pomys\u0142 na walentynki! Prezenty spersonalizowane, kt\u00f3re zachwyc\u0105 ukochan\u0105 osob\u0119. Odkryj inspiracje na wyj\u0105tkowe podarunki!\" \/>\n<meta property=\"og:url\" content=\"https:\/\/www.empikfoto.pl\/blog\/idealny-pomysl-na-walentynki-prezenty-spersonalizowane\/\" \/>\n<meta property=\"og:site_name\" content=\"blog.empikfoto.pl\" \/>\n<meta property=\"article:publisher\" content=\"https:\/\/www.facebook.com\/empikfotopl\/\" \/>\n<meta property=\"article:published_time\" content=\"2024-02-14T07:00:54+00:00\" \/>\n<meta property=\"article:modified_time\" content=\"2024-02-14T07:28:40+00:00\" \/>\n<meta property=\"og:image\" content=\"https:\/\/www.empikfoto.pl\/blog\/empikfoto\/2024\/01\/DSC2881.jpg\" \/>\n\t<meta property=\"og:image:width\" content=\"2000\" \/>\n\t<meta property=\"og:image:height\" content=\"1000\" \/>\n\t<meta property=\"og:image:type\" content=\"image\/jpeg\" \/>\n<meta name=\"author\" content=\"Patrycja\" \/>\n<meta name=\"twitter:card\" content=\"summary_large_image\" \/>\n<meta name=\"twitter:creator\" content=\"@empikfoto\" \/>\n<meta name=\"twitter:site\" content=\"@empikfoto\" \/>\n<meta name=\"twitter:label1\" content=\"Napisane przez\" \/>\n\t<meta name=\"twitter:data1\" content=\"Patrycja\" \/>\n\t<meta name=\"twitter:label2\" content=\"Szacowany czas czytania\" \/>\n\t<meta name=\"twitter:data2\" content=\"6 minut\" \/>\n<script type=\"application\/ld+json\" class=\"yoast-schema-graph\">{\"@context\":\"https:\\\/\\\/schema.org\",\"@graph\":[{\"@type\":\"Article\",\"@id\":\"https:\\\/\\\/www.empikfoto.pl\\\/blog\\\/idealny-pomysl-na-walentynki-prezenty-spersonalizowane\\\/#article\",\"isPartOf\":{\"@id\":\"https:\\\/\\\/www.empikfoto.pl\\\/blog\\\/idealny-pomysl-na-walentynki-prezenty-spersonalizowane\\\/\"},\"author\":{\"name\":\"Patrycja\",\"@id\":\"https:\\\/\\\/www.empikfoto.pl\\\/blog\\\/#\\\/schema\\\/person\\\/0313802ca5dac502e3266853c59632c0\"},\"headline\":\"Idealny pomys\u0142 na walentynki? Prezenty spersonalizowane\",\"datePublished\":\"2024-02-14T07:00:54+00:00\",\"dateModified\":\"2024-02-14T07:28:40+00:00\",\"mainEntityOfPage\":{\"@id\":\"https:\\\/\\\/www.empikfoto.pl\\\/blog\\\/idealny-pomysl-na-walentynki-prezenty-spersonalizowane\\\/\"},\"wordCount\":986,\"image\":{\"@id\":\"https:\\\/\\\/www.empikfoto.pl\\\/blog\\\/idealny-pomysl-na-walentynki-prezenty-spersonalizowane\\\/#primaryimage\"},\"thumbnailUrl\":\"https:\\\/\\\/www.empikfoto.pl\\\/blog\\\/empikfoto\\\/2024\\\/01\\\/DSC2881.jpg\",\"keywords\":[\"pomys\u0142 na prezent\",\"prezent dla ch\u0142opaka\",\"prezent dla dziewczyny\",\"prezent dla niego\",\"prezent dla niej\",\"walentynki\"],\"articleSection\":[\"Pomys\u0142y na prezent\"],\"inLanguage\":\"pl-PL\"},{\"@type\":\"WebPage\",\"@id\":\"https:\\\/\\\/www.empikfoto.pl\\\/blog\\\/idealny-pomysl-na-walentynki-prezenty-spersonalizowane\\\/\",\"url\":\"https:\\\/\\\/www.empikfoto.pl\\\/blog\\\/idealny-pomysl-na-walentynki-prezenty-spersonalizowane\\\/\",\"name\":\"Idealny pomys\u0142 na walentynki? Prezenty spersonalizowane | Empik Foto\",\"isPartOf\":{\"@id\":\"https:\\\/\\\/www.empikfoto.pl\\\/blog\\\/#website\"},\"primaryImageOfPage\":{\"@id\":\"https:\\\/\\\/www.empikfoto.pl\\\/blog\\\/idealny-pomysl-na-walentynki-prezenty-spersonalizowane\\\/#primaryimage\"},\"image\":{\"@id\":\"https:\\\/\\\/www.empikfoto.pl\\\/blog\\\/idealny-pomysl-na-walentynki-prezenty-spersonalizowane\\\/#primaryimage\"},\"thumbnailUrl\":\"https:\\\/\\\/www.empikfoto.pl\\\/blog\\\/empikfoto\\\/2024\\\/01\\\/DSC2881.jpg\",\"datePublished\":\"2024-02-14T07:00:54+00:00\",\"dateModified\":\"2024-02-14T07:28:40+00:00\",\"author\":{\"@id\":\"https:\\\/\\\/www.empikfoto.pl\\\/blog\\\/#\\\/schema\\\/person\\\/0313802ca5dac502e3266853c59632c0\"},\"description\":\"Pomys\u0142 na walentynki! Prezenty spersonalizowane, kt\u00f3re zachwyc\u0105 ukochan\u0105 osob\u0119. Odkryj inspiracje na wyj\u0105tkowe podarunki!\",\"breadcrumb\":{\"@id\":\"https:\\\/\\\/www.empikfoto.pl\\\/blog\\\/idealny-pomysl-na-walentynki-prezenty-spersonalizowane\\\/#breadcrumb\"},\"inLanguage\":\"pl-PL\",\"potentialAction\":[{\"@type\":\"ReadAction\",\"target\":[\"https:\\\/\\\/www.empikfoto.pl\\\/blog\\\/idealny-pomysl-na-walentynki-prezenty-spersonalizowane\\\/\"]}]},{\"@type\":\"ImageObject\",\"inLanguage\":\"pl-PL\",\"@id\":\"https:\\\/\\\/www.empikfoto.pl\\\/blog\\\/idealny-pomysl-na-walentynki-prezenty-spersonalizowane\\\/#primaryimage\",\"url\":\"https:\\\/\\\/www.empikfoto.pl\\\/blog\\\/empikfoto\\\/2024\\\/01\\\/DSC2881.jpg\",\"contentUrl\":\"https:\\\/\\\/www.empikfoto.pl\\\/blog\\\/empikfoto\\\/2024\\\/01\\\/DSC2881.jpg\",\"width\":2000,\"height\":1000,\"caption\":\"pomys\u0142 na walentynki\"},{\"@type\":\"BreadcrumbList\",\"@id\":\"https:\\\/\\\/www.empikfoto.pl\\\/blog\\\/idealny-pomysl-na-walentynki-prezenty-spersonalizowane\\\/#breadcrumb\",\"itemListElement\":[{\"@type\":\"ListItem\",\"position\":1,\"name\":\"Strona g\u0142\u00f3wna\",\"item\":\"https:\\\/\\\/www.empikfoto.pl\\\/blog\\\/\"},{\"@type\":\"ListItem\",\"position\":2,\"name\":\"Idealny pomys\u0142 na walentynki? Prezenty spersonalizowane\"}]},{\"@type\":\"WebSite\",\"@id\":\"https:\\\/\\\/www.empikfoto.pl\\\/blog\\\/#website\",\"url\":\"https:\\\/\\\/www.empikfoto.pl\\\/blog\\\/\",\"name\":\"blog.empikfoto.pl\",\"description\":\"Poznaj empikfoto.pl od \u015brodka! Dowiedz si\u0119 wi\u0119cej o odbitkach, fotoksi\u0105\u017ckach i fotografii.\",\"potentialAction\":[{\"@type\":\"SearchAction\",\"target\":{\"@type\":\"EntryPoint\",\"urlTemplate\":\"https:\\\/\\\/www.empikfoto.pl\\\/blog\\\/?s={search_term_string}\"},\"query-input\":{\"@type\":\"PropertyValueSpecification\",\"valueRequired\":true,\"valueName\":\"search_term_string\"}}],\"inLanguage\":\"pl-PL\"},{\"@type\":\"Person\",\"@id\":\"https:\\\/\\\/www.empikfoto.pl\\\/blog\\\/#\\\/schema\\\/person\\\/0313802ca5dac502e3266853c59632c0\",\"name\":\"Patrycja\",\"image\":{\"@type\":\"ImageObject\",\"inLanguage\":\"pl-PL\",\"@id\":\"https:\\\/\\\/secure.gravatar.com\\\/avatar\\\/f25168e12215ad42f58e5fb72881daaeb57bd4f907081046016f64bf167db59f?s=96&d=identicon&r=g\",\"url\":\"https:\\\/\\\/secure.gravatar.com\\\/avatar\\\/f25168e12215ad42f58e5fb72881daaeb57bd4f907081046016f64bf167db59f?s=96&d=identicon&r=g\",\"contentUrl\":\"https:\\\/\\\/secure.gravatar.com\\\/avatar\\\/f25168e12215ad42f58e5fb72881daaeb57bd4f907081046016f64bf167db59f?s=96&d=identicon&r=g\",\"caption\":\"Patrycja\"},\"url\":\"https:\\\/\\\/www.empikfoto.pl\\\/blog\\\/author\\\/patrycja\\\/\"}]}<\/script>\n<!-- \/ Yoast SEO plugin. -->","yoast_head_json":{"title":"Idealny pomys\u0142 na walentynki? Prezenty spersonalizowane | Empik Foto","description":"Pomys\u0142 na walentynki! Prezenty spersonalizowane, kt\u00f3re zachwyc\u0105 ukochan\u0105 osob\u0119. Odkryj inspiracje na wyj\u0105tkowe podarunki!","robots":{"index":"index","follow":"follow","max-snippet":"max-snippet:-1","max-image-preview":"max-image-preview:large","max-video-preview":"max-video-preview:-1"},"canonical":"https:\/\/www.empikfoto.pl\/blog\/idealny-pomysl-na-walentynki-prezenty-spersonalizowane\/","og_locale":"pl_PL","og_type":"article","og_title":"Idealny pomys\u0142 na walentynki? Prezenty spersonalizowane | Empik Foto","og_description":"Pomys\u0142 na walentynki! Prezenty spersonalizowane, kt\u00f3re zachwyc\u0105 ukochan\u0105 osob\u0119. Odkryj inspiracje na wyj\u0105tkowe podarunki!","og_url":"https:\/\/www.empikfoto.pl\/blog\/idealny-pomysl-na-walentynki-prezenty-spersonalizowane\/","og_site_name":"blog.empikfoto.pl","article_publisher":"https:\/\/www.facebook.com\/empikfotopl\/","article_published_time":"2024-02-14T07:00:54+00:00","article_modified_time":"2024-02-14T07:28:40+00:00","og_image":[{"width":2000,"height":1000,"url":"https:\/\/www.empikfoto.pl\/blog\/empikfoto\/2024\/01\/DSC2881.jpg","type":"image\/jpeg"}],"author":"Patrycja","twitter_card":"summary_large_image","twitter_creator":"@empikfoto","twitter_site":"@empikfoto","twitter_misc":{"Napisane przez":"Patrycja","Szacowany czas czytania":"6 minut"},"schema":{"@context":"https:\/\/schema.org","@graph":[{"@type":"Article","@id":"https:\/\/www.empikfoto.pl\/blog\/idealny-pomysl-na-walentynki-prezenty-spersonalizowane\/#article","isPartOf":{"@id":"https:\/\/www.empikfoto.pl\/blog\/idealny-pomysl-na-walentynki-prezenty-spersonalizowane\/"},"author":{"name":"Patrycja","@id":"https:\/\/www.empikfoto.pl\/blog\/#\/schema\/person\/0313802ca5dac502e3266853c59632c0"},"headline":"Idealny pomys\u0142 na walentynki? Prezenty spersonalizowane","datePublished":"2024-02-14T07:00:54+00:00","dateModified":"2024-02-14T07:28:40+00:00","mainEntityOfPage":{"@id":"https:\/\/www.empikfoto.pl\/blog\/idealny-pomysl-na-walentynki-prezenty-spersonalizowane\/"},"wordCount":986,"image":{"@id":"https:\/\/www.empikfoto.pl\/blog\/idealny-pomysl-na-walentynki-prezenty-spersonalizowane\/#primaryimage"},"thumbnailUrl":"https:\/\/www.empikfoto.pl\/blog\/empikfoto\/2024\/01\/DSC2881.jpg","keywords":["pomys\u0142 na prezent","prezent dla ch\u0142opaka","prezent dla dziewczyny","prezent dla niego","prezent dla niej","walentynki"],"articleSection":["Pomys\u0142y na prezent"],"inLanguage":"pl-PL"},{"@type":"WebPage","@id":"https:\/\/www.empikfoto.pl\/blog\/idealny-pomysl-na-walentynki-prezenty-spersonalizowane\/","url":"https:\/\/www.empikfoto.pl\/blog\/idealny-pomysl-na-walentynki-prezenty-spersonalizowane\/","name":"Idealny pomys\u0142 na walentynki? Prezenty spersonalizowane | Empik Foto","isPartOf":{"@id":"https:\/\/www.empikfoto.pl\/blog\/#website"},"primaryImageOfPage":{"@id":"https:\/\/www.empikfoto.pl\/blog\/idealny-pomysl-na-walentynki-prezenty-spersonalizowane\/#primaryimage"},"image":{"@id":"https:\/\/www.empikfoto.pl\/blog\/idealny-pomysl-na-walentynki-prezenty-spersonalizowane\/#primaryimage"},"thumbnailUrl":"https:\/\/www.empikfoto.pl\/blog\/empikfoto\/2024\/01\/DSC2881.jpg","datePublished":"2024-02-14T07:00:54+00:00","dateModified":"2024-02-14T07:28:40+00:00","author":{"@id":"https:\/\/www.empikfoto.pl\/blog\/#\/schema\/person\/0313802ca5dac502e3266853c59632c0"},"description":"Pomys\u0142 na walentynki! Prezenty spersonalizowane, kt\u00f3re zachwyc\u0105 ukochan\u0105 osob\u0119. Odkryj inspiracje na wyj\u0105tkowe podarunki!","breadcrumb":{"@id":"https:\/\/www.empikfoto.pl\/blog\/idealny-pomysl-na-walentynki-prezenty-spersonalizowane\/#breadcrumb"},"inLanguage":"pl-PL","potentialAction":[{"@type":"ReadAction","target":["https:\/\/www.empikfoto.pl\/blog\/idealny-pomysl-na-walentynki-prezenty-spersonalizowane\/"]}]},{"@type":"ImageObject","inLanguage":"pl-PL","@id":"https:\/\/www.empikfoto.pl\/blog\/idealny-pomysl-na-walentynki-prezenty-spersonalizowane\/#primaryimage","url":"https:\/\/www.empikfoto.pl\/blog\/empikfoto\/2024\/01\/DSC2881.jpg","contentUrl":"https:\/\/www.empikfoto.pl\/blog\/empikfoto\/2024\/01\/DSC2881.jpg","width":2000,"height":1000,"caption":"pomys\u0142 na walentynki"},{"@type":"BreadcrumbList","@id":"https:\/\/www.empikfoto.pl\/blog\/idealny-pomysl-na-walentynki-prezenty-spersonalizowane\/#breadcrumb","itemListElement":[{"@type":"ListItem","position":1,"name":"Strona g\u0142\u00f3wna","item":"https:\/\/www.empikfoto.pl\/blog\/"},{"@type":"ListItem","position":2,"name":"Idealny pomys\u0142 na walentynki? Prezenty spersonalizowane"}]},{"@type":"WebSite","@id":"https:\/\/www.empikfoto.pl\/blog\/#website","url":"https:\/\/www.empikfoto.pl\/blog\/","name":"blog.empikfoto.pl","description":"Poznaj empikfoto.pl od \u015brodka! Dowiedz si\u0119 wi\u0119cej o odbitkach, fotoksi\u0105\u017ckach i fotografii.","potentialAction":[{"@type":"SearchAction","target":{"@type":"EntryPoint","urlTemplate":"https:\/\/www.empikfoto.pl\/blog\/?s={search_term_string}"},"query-input":{"@type":"PropertyValueSpecification","valueRequired":true,"valueName":"search_term_string"}}],"inLanguage":"pl-PL"},{"@type":"Person","@id":"https:\/\/www.empikfoto.pl\/blog\/#\/schema\/person\/0313802ca5dac502e3266853c59632c0","name":"Patrycja","image":{"@type":"ImageObject","inLanguage":"pl-PL","@id":"https:\/\/secure.gravatar.com\/avatar\/f25168e12215ad42f58e5fb72881daaeb57bd4f907081046016f64bf167db59f?s=96&d=identicon&r=g","url":"https:\/\/secure.gravatar.com\/avatar\/f25168e12215ad42f58e5fb72881daaeb57bd4f907081046016f64bf167db59f?s=96&d=identicon&r=g","contentUrl":"https:\/\/secure.gravatar.com\/avatar\/f25168e12215ad42f58e5fb72881daaeb57bd4f907081046016f64bf167db59f?s=96&d=identicon&r=g","caption":"Patrycja"},"url":"https:\/\/www.empikfoto.pl\/blog\/author\/patrycja\/"}]}},"amp_enabled":true,"_links":{"self":[{"href":"https:\/\/www.empikfoto.pl\/blog\/wp-json\/wp\/v2\/posts\/13587","targetHints":{"allow":["GET"]}}],"collection":[{"href":"https:\/\/www.empikfoto.pl\/blog\/wp-json\/wp\/v2\/posts"}],"about":[{"href":"https:\/\/www.empikfoto.pl\/blog\/wp-json\/wp\/v2\/types\/post"}],"author":[{"embeddable":true,"href":"https:\/\/www.empikfoto.pl\/blog\/wp-json\/wp\/v2\/users\/16"}],"replies":[{"embeddable":true,"href":"https:\/\/www.empikfoto.pl\/blog\/wp-json\/wp\/v2\/comments?post=13587"}],"version-history":[{"count":5,"href":"https:\/\/www.empikfoto.pl\/blog\/wp-json\/wp\/v2\/posts\/13587\/revisions"}],"predecessor-version":[{"id":13597,"href":"https:\/\/www.empikfoto.pl\/blog\/wp-json\/wp\/v2\/posts\/13587\/revisions\/13597"}],"wp:featuredmedia":[{"embeddable":true,"href":"https:\/\/www.empikfoto.pl\/blog\/wp-json\/wp\/v2\/media\/13595"}],"wp:attachment":[{"href":"https:\/\/www.empikfoto.pl\/blog\/wp-json\/wp\/v2\/media?parent=13587"}],"wp:term":[{"taxonomy":"category","embeddable":true,"href":"https:\/\/www.empikfoto.pl\/blog\/wp-json\/wp\/v2\/categories?post=13587"},{"taxonomy":"post_tag","embeddable":true,"href":"https:\/\/www.empikfoto.pl\/blog\/wp-json\/wp\/v2\/tags?post=13587"}],"curies":[{"name":"wp","href":"https:\/\/api.w.org\/{rel}","templated":true}]}}