{"id":13869,"date":"2024-06-04T09:44:53","date_gmt":"2024-06-04T07:44:53","guid":{"rendered":"https:\/\/www.empikfoto.pl\/blog\/?p=13869"},"modified":"2024-07-03T11:34:25","modified_gmt":"2024-07-03T09:34:25","slug":"jakie-plakaty-do-kuchni-wybrac-nasze-inspiracje-na-pobudzenie-zmyslow","status":"publish","type":"post","link":"https:\/\/www.empikfoto.pl\/blog\/jakie-plakaty-do-kuchni-wybrac-nasze-inspiracje-na-pobudzenie-zmyslow\/","title":{"rendered":"Jakie plakaty do kuchni wybra\u0107? Nasze inspiracje na pobudzenie zmys\u0142\u00f3w!"},"content":{"rendered":"<p>Zdarzy\u0142o Ci si\u0119 ogl\u0105da\u0107 telewizyjny program o gotowaniu i natychmiast zg\u0142odnie\u0107? Zastanawiasz si\u0119 czemu, gdy widzimy reklam\u0119 oszronionego napoju w gor\u0105cy dzie\u0144 automatycznie zaczynaj\u0105 nam pracowa\u0107 \u015blinianki? A mo\u017ce jeste\u015b w stanie niemal\u017ce posmakowa\u0107 kaw\u0119, kt\u00f3ra a\u017c paruje z plakatu znanej sieci\u00f3wki? <strong>Obraz to silny stymulator<\/strong>, szczeg\u00f3lnie, gdy rozchodzi si\u0119 o tak wspania\u0142\u0105 rzecz jak jedzenie. Smakowicie wygl\u0105daj\u0105ce danie to ju\u017c po\u0142owa sukcesu w trudnej sztuce zwanej gotowaniem. Jak wi\u0119c sprawi\u0107, by nasza domowa przestrze\u0144 by\u0142a r\u00f3wnie pobudzaj\u0105ca zmys\u0142y, co prawdziwy posi\u0142ek? Niedrog\u0105, a skuteczn\u0105 drog\u0105 do osi\u0105gni\u0119cia tego celu s\u0105 <a href=\"https:\/\/www.empikfoto.pl\/plakaty\"><strong>plakaty do kuchni<\/strong><\/a>.<\/p>\n<h2>Styl wn\u0119trza a plakaty do kuchni \u2013 inspiracje<\/h2>\n<p>Trendy w wystroju mieszka\u0144 zmieniaj\u0105 si\u0119 bezustannie. Na przestrzeni czasu zmienia si\u0119 tak\u017ce nasze poczucie estetyki, moda, najch\u0119tniej wybierane kolory i perspektywa na to, czym nasze mieszkanie w\u0142a\u015bciwie ma dla nas by\u0107, jak\u0105 mie\u0107 rol\u0119 i czego od niego oczekujemy. Od tradycjonalist\u00f3w, po wielbicieli sztuki i ekstrawagancji, lubi\u0105cych domowe ciep\u0142o i tych, co szalone lubi\u0105 wy\u0142\u0105cznie niewielkie dodatki. Wszyscy w pewnym momencie \u017cycia stajemy przez wyborem wystroju naszego wn\u0119trza, nawet je\u015bli jest ono nie do ko\u0144ca nasze w\u0142asne. W zale\u017cno\u015bci od tego, na jaki styl zdecydujesz si\u0119 w swoich czterech \u015bcianach, <a href=\"https:\/\/www.empikfoto.pl\/plakaty\"><strong>plakaty kuchenne<\/strong><\/a> <strong>mog\u0105 go albo prze\u0142ama\u0107, albo podkre\u015bli\u0107<\/strong>.<\/p>\n<div id=\"attachment_13875\" style=\"width: 1034px\" class=\"wp-caption aligncenter\"><a href=\"https:\/\/www.empikfoto.pl\/plakat,coffee-cappuccino\"><img loading=\"lazy\" decoding=\"async\" aria-describedby=\"caption-attachment-13875\" class=\"wp-image-13875 size-large\" src=\"https:\/\/www.empikfoto.pl\/blog\/empikfoto\/2024\/06\/29509234_7539384-1024x683.jpg\" alt=\"Plakaty do kuchni\" width=\"1024\" height=\"683\" srcset=\"https:\/\/www.empikfoto.pl\/blog\/empikfoto\/2024\/06\/29509234_7539384-1024x683.jpg 1024w, https:\/\/www.empikfoto.pl\/blog\/empikfoto\/2024\/06\/29509234_7539384-300x200.jpg 300w, https:\/\/www.empikfoto.pl\/blog\/empikfoto\/2024\/06\/29509234_7539384-768x512.jpg 768w, https:\/\/www.empikfoto.pl\/blog\/empikfoto\/2024\/06\/29509234_7539384-330x220.jpg 330w, https:\/\/www.empikfoto.pl\/blog\/empikfoto\/2024\/06\/29509234_7539384-400x267.jpg 400w, https:\/\/www.empikfoto.pl\/blog\/empikfoto\/2024\/06\/29509234_7539384.jpg 1500w\" sizes=\"auto, (max-width: 1024px) 100vw, 1024px\" \/><\/a><p id=\"caption-attachment-13875\" class=\"wp-caption-text\"><strong><a href=\"https:\/\/www.empikfoto.pl\/plakat,coffee-cappuccino\">Plakat, Coffee &#8211; Cappuccino<\/a><\/strong><\/p><\/div>\n<p>W przypadku nowoczesnej kuchni o <strong>minimalistycznym stylu<\/strong>, najlepiej pasowa\u0107 b\u0119d\u0105 plakaty o podobnym charakterze. Czarno-bia\u0142e zdj\u0119cia, abstrakcyjne grafiki, prze\u0142amanie intensywnym kolorem przewodnim (najlepiej jednym), czy \u0142agodne, rozmyte widoki: horyzonty, fale czy chmury.<\/p>\n<p>Je\u015bli jeste\u015b fanem stylu <strong>rustykalnego<\/strong>, boho wn\u0119trz o naturalnej, organicznej energii i z elementami w ciep\u0142ych, przytulnych kolorach, wybierz <strong>plakaty do kuchni z motywami ro\u015blinnymi<\/strong> (szczeg\u00f3lnie pi\u0119knie w du\u017cym formacie wygl\u0105daj\u0105 makro zdj\u0119cia ro\u015blin lub przypraw, lub natura skropiona deszczem). Wybieraj ciep\u0142e odcienie, takie jak burgund, be\u017c, pomara\u0144cz, br\u0105z. Szczeg\u00f3lnie be\u017c skrada serca wszystkich fan\u00f3w wn\u0119trz boho, gdzie w r\u00f3\u017cnych odcieniach i konfiguracjach z silniejszymi kolorami tworzy pi\u0119kne, cho\u0107 minimalistyczne kompozycje.<\/p>\n<div id=\"attachment_13879\" style=\"width: 1034px\" class=\"wp-caption aligncenter\"><a href=\"https:\/\/www.empikfoto.pl\/wyszukiwarka?q=simple&amp;kategorie=plakaty\"><img loading=\"lazy\" decoding=\"async\" aria-describedby=\"caption-attachment-13879\" class=\"wp-image-13879 size-large\" src=\"https:\/\/www.empikfoto.pl\/blog\/empikfoto\/2024\/06\/Nowy-projekt-1-1024x341.jpg\" alt=\"plakaty do kuchni\" width=\"1024\" height=\"341\" srcset=\"https:\/\/www.empikfoto.pl\/blog\/empikfoto\/2024\/06\/Nowy-projekt-1-1024x341.jpg 1024w, https:\/\/www.empikfoto.pl\/blog\/empikfoto\/2024\/06\/Nowy-projekt-1-300x100.jpg 300w, https:\/\/www.empikfoto.pl\/blog\/empikfoto\/2024\/06\/Nowy-projekt-1-768x256.jpg 768w, https:\/\/www.empikfoto.pl\/blog\/empikfoto\/2024\/06\/Nowy-projekt-1-400x133.jpg 400w, https:\/\/www.empikfoto.pl\/blog\/empikfoto\/2024\/06\/Nowy-projekt-1.jpg 1500w\" sizes=\"auto, (max-width: 1024px) 100vw, 1024px\" \/><\/a><p id=\"caption-attachment-13879\" class=\"wp-caption-text\"><a href=\"https:\/\/www.empikfoto.pl\/wyszukiwarka?q=simple&amp;kategorie=plakaty\"><strong>Plakaty, Kolekcja Simple<\/strong><\/a><\/p><\/div>\n<p><strong>Kuchnie w stylu industrialnym<\/strong> charakteryzuj\u0105 si\u0119 surowo\u015bci\u0105, szczeg\u00f3lnie kojarzon\u0105 z u\u017cyciem materia\u0142\u00f3w, kt\u00f3re dotychczas by\u0142y ch\u0119tnie zakrywane, np. ceg\u0142y czy betonu (ju\u017c teraz \u2013 betonu dekoracyjnego). W po\u0142\u0105czeniu z metalowymi elementami i mocnymi kontrastami (bia\u0142y, czarny, czerwony) powoduje ponadczasow\u0105 elegancj\u0119, u\u017cyteczno\u015b\u0107 i funkcjonalno\u015b\u0107 w niewymuszonym stylu. Kuchnia industrialna, jak sama nazwa wskazuje, b\u0119dzie uwielbia\u0142a <strong>fotografie z serca wielkich, zindustrializowanych miast (np. Nowego Jorku czy naszej bliskiej Warszawy). <\/strong>Wszelkie motywy miejskie i plakaty typograficzne to strza\u0142 w dziesi\u0105tk\u0119, by wydoby\u0107 z wystroju wn\u0119trza kuchni co\u015b wi\u0119cej, ni\u017c tylko jej oczywist\u0105 funkcj\u0119.<\/p>\n<h2>Plakaty do kuchni \u2013 inspiracje motyw\u00f3w i temat\u00f3w<\/h2>\n<p>Plakaty to nie tylko obraz, to te\u017c to, co si\u0119 za nim kryje i co on niesie. Dlatego w\u0142a\u015bnie tak bardzo uwielbiamy <a href=\"https:\/\/www.empikfoto.pl\/plakaty\"><strong>plakaty z tekstem<\/strong><\/a>, np. naszymi ulubionymi cytatami z ksi\u0105\u017cek, film\u00f3w lub s\u0142\u00f3w wa\u017cnych dla nas autorytet\u00f3w. Je\u015bli zastanawiacie si\u0119, jakie s\u0105 <strong>najpopularniejsze motywy wybierane do kuchni<\/strong>, to mamy dla Was par\u0119 propozycji:<\/p>\n<ul>\n<li data-leveltext=\"\uf0b7\" data-font=\"Symbol\" data-listid=\"4\" data-list-defn-props=\"{&quot;335551671&quot;:0,&quot;335552541&quot;:1,&quot;335559685&quot;:720,&quot;335559991&quot;:360,&quot;469769226&quot;:&quot;Symbol&quot;,&quot;469769242&quot;:[8226],&quot;469777803&quot;:&quot;left&quot;,&quot;469777804&quot;:&quot;\uf0b7&quot;,&quot;469777815&quot;:&quot;hybridMultilevel&quot;}\" aria-setsize=\"-1\" data-aria-posinset=\"0\" data-aria-level=\"1\"><strong>Cytaty<\/strong>, szczeg\u00f3lnie te o smakowaniu, szcz\u0119\u015bciu, chwytaniu nowych mo\u017cliwo\u015bci czy rodzinie,<\/li>\n<li data-leveltext=\"\uf0b7\" data-font=\"Symbol\" data-listid=\"4\" data-list-defn-props=\"{&quot;335551671&quot;:0,&quot;335552541&quot;:1,&quot;335559685&quot;:720,&quot;335559991&quot;:360,&quot;469769226&quot;:&quot;Symbol&quot;,&quot;469769242&quot;:[8226],&quot;469777803&quot;:&quot;left&quot;,&quot;469777804&quot;:&quot;\uf0b7&quot;,&quot;469777815&quot;:&quot;hybridMultilevel&quot;}\" aria-setsize=\"-1\" data-aria-posinset=\"0\" data-aria-level=\"1\"><strong>Motywy kulinarne<\/strong>, np. plakat do kuchni kawa, herbata czy przyprawy, zdj\u0119cia wyj\u0105tkowych potraw,<\/li>\n<li data-leveltext=\"\uf0b7\" data-font=\"Symbol\" data-listid=\"4\" data-list-defn-props=\"{&quot;335551671&quot;:0,&quot;335552541&quot;:1,&quot;335559685&quot;:720,&quot;335559991&quot;:360,&quot;469769226&quot;:&quot;Symbol&quot;,&quot;469769242&quot;:[8226],&quot;469777803&quot;:&quot;left&quot;,&quot;469777804&quot;:&quot;\uf0b7&quot;,&quot;469777815&quot;:&quot;hybridMultilevel&quot;}\" aria-setsize=\"-1\" data-aria-posinset=\"0\" data-aria-level=\"1\"><strong>Sztuka<\/strong>, czyli reprodukcje obraz\u00f3w artyst\u00f3w lub ich nieszablonowe przer\u00f3bki,<\/li>\n<li data-leveltext=\"\uf0b7\" data-font=\"Symbol\" data-listid=\"4\" data-list-defn-props=\"{&quot;335551671&quot;:0,&quot;335552541&quot;:1,&quot;335559685&quot;:720,&quot;335559991&quot;:360,&quot;469769226&quot;:&quot;Symbol&quot;,&quot;469769242&quot;:[8226],&quot;469777803&quot;:&quot;left&quot;,&quot;469777804&quot;:&quot;\uf0b7&quot;,&quot;469777815&quot;:&quot;hybridMultilevel&quot;}\" aria-setsize=\"-1\" data-aria-posinset=\"0\" data-aria-level=\"1\"><strong>Ilustracje owoc\u00f3w, warzyw, zi\u00f3\u0142<\/strong>, cz\u0119sto w formie rycin lub przekroj\u00f3w,<\/li>\n<\/ul>\n<div id=\"attachment_13872\" style=\"width: 1034px\" class=\"wp-caption aligncenter\"><a href=\"https:\/\/www.empikfoto.pl\/wyszukiwarka?q=fruits\"><img loading=\"lazy\" decoding=\"async\" aria-describedby=\"caption-attachment-13872\" class=\"wp-image-13872 size-large\" src=\"https:\/\/www.empikfoto.pl\/blog\/empikfoto\/2024\/06\/Plakaty-do-kuchni-1024x341.jpg\" alt=\"Plakaty do kuchni\" width=\"1024\" height=\"341\" srcset=\"https:\/\/www.empikfoto.pl\/blog\/empikfoto\/2024\/06\/Plakaty-do-kuchni-1024x341.jpg 1024w, https:\/\/www.empikfoto.pl\/blog\/empikfoto\/2024\/06\/Plakaty-do-kuchni-300x100.jpg 300w, https:\/\/www.empikfoto.pl\/blog\/empikfoto\/2024\/06\/Plakaty-do-kuchni-768x256.jpg 768w, https:\/\/www.empikfoto.pl\/blog\/empikfoto\/2024\/06\/Plakaty-do-kuchni-400x133.jpg 400w, https:\/\/www.empikfoto.pl\/blog\/empikfoto\/2024\/06\/Plakaty-do-kuchni.jpg 1500w\" sizes=\"auto, (max-width: 1024px) 100vw, 1024px\" \/><\/a><p id=\"caption-attachment-13872\" class=\"wp-caption-text\"><a href=\"https:\/\/www.empikfoto.pl\/wyszukiwarka?q=fruits\"><strong>Plakaty, Fruits &#8211; Orange, Lemon, Cherry<\/strong><\/a><\/p><\/div>\n<ul>\n<li data-leveltext=\"\uf0b7\" data-font=\"Symbol\" data-listid=\"4\" data-list-defn-props=\"{&quot;335551671&quot;:0,&quot;335552541&quot;:1,&quot;335559685&quot;:720,&quot;335559991&quot;:360,&quot;469769226&quot;:&quot;Symbol&quot;,&quot;469769242&quot;:[8226],&quot;469777803&quot;:&quot;left&quot;,&quot;469777804&quot;:&quot;\uf0b7&quot;,&quot;469777815&quot;:&quot;hybridMultilevel&quot;}\" aria-setsize=\"-1\" data-aria-posinset=\"0\" data-aria-level=\"1\"><strong>Inne ni\u017c cytaty plakaty typograficzne<\/strong>, szczeg\u00f3lnie te minimalistyczne, np. w formie ciekawego ukazania j\u0119zyka polskiego lub pokazuj\u0105ce znaki interpunkcyjne,<\/li>\n<li data-leveltext=\"\uf0b7\" data-font=\"Symbol\" data-listid=\"4\" data-list-defn-props=\"{&quot;335551671&quot;:0,&quot;335552541&quot;:1,&quot;335559685&quot;:720,&quot;335559991&quot;:360,&quot;469769226&quot;:&quot;Symbol&quot;,&quot;469769242&quot;:[8226],&quot;469777803&quot;:&quot;left&quot;,&quot;469777804&quot;:&quot;\uf0b7&quot;,&quot;469777815&quot;:&quot;hybridMultilevel&quot;}\" aria-setsize=\"-1\" data-aria-posinset=\"0\" data-aria-level=\"1\"><strong>Zdj\u0119cia i pami\u0105tki rodzinne<\/strong> \u2013 szczeg\u00f3lnie czarno-bia\u0142e: najcz\u0119\u015bciej wybieramy kadry z codziennego \u017cycia, pami\u0105tki ze s\u0142onecznych wakacji i radosne wspomnienia sprzed wielu lat,<\/li>\n<li data-leveltext=\"\uf0b7\" data-font=\"Symbol\" data-listid=\"4\" data-list-defn-props=\"{&quot;335551671&quot;:0,&quot;335552541&quot;:1,&quot;335559685&quot;:720,&quot;335559991&quot;:360,&quot;469769226&quot;:&quot;Symbol&quot;,&quot;469769242&quot;:[8226],&quot;469777803&quot;:&quot;left&quot;,&quot;469777804&quot;:&quot;\uf0b7&quot;,&quot;469777815&quot;:&quot;hybridMultilevel&quot;}\" aria-setsize=\"-1\" data-aria-posinset=\"0\" data-aria-level=\"1\"><strong>Kadry z natury<\/strong>, takie jak przekr\u00f3j ze s\u0142ojami drzewa, skropione ros\u0105 li\u015bcie, ulubione kwiaty, okwiecone \u0142\u0105ki, kadry z g\u00f3rskich wspinaczek,<\/li>\n<li data-leveltext=\"\uf0b7\" data-font=\"Symbol\" data-listid=\"4\" data-list-defn-props=\"{&quot;335551671&quot;:0,&quot;335552541&quot;:1,&quot;335559685&quot;:720,&quot;335559991&quot;:360,&quot;469769226&quot;:&quot;Symbol&quot;,&quot;469769242&quot;:[8226],&quot;469777803&quot;:&quot;left&quot;,&quot;469777804&quot;:&quot;\uf0b7&quot;,&quot;469777815&quot;:&quot;hybridMultilevel&quot;}\" aria-setsize=\"-1\" data-aria-posinset=\"0\" data-aria-level=\"1\"><strong>A\u2019la przepisy, tutoriale lub infografiki<\/strong> \u2013 plakaty kuchenne w wyj\u0105tkowej estetyce, ukazuj\u0105ce przepisy na ulubione dania lub drinki, rozr\u00f3\u017cnienie rodzaj\u00f3w kawy, nazwy poszczeg\u00f3lnych makaron\u00f3w czy kartka z przepi\u015bnika babci.<\/li>\n<\/ul>\n<div id=\"attachment_13941\" style=\"width: 1034px\" class=\"wp-caption aligncenter\"><a href=\"https:\/\/www.empikfoto.pl\/plakat,margarita\"><img loading=\"lazy\" decoding=\"async\" aria-describedby=\"caption-attachment-13941\" class=\"wp-image-13941 size-large\" src=\"https:\/\/www.empikfoto.pl\/blog\/empikfoto\/2024\/06\/plakat-do-kuchni-1024x764.jpg\" alt=\"jaki plakat do kuchni - margarita\" width=\"1024\" height=\"764\" srcset=\"https:\/\/www.empikfoto.pl\/blog\/empikfoto\/2024\/06\/plakat-do-kuchni-1024x764.jpg 1024w, https:\/\/www.empikfoto.pl\/blog\/empikfoto\/2024\/06\/plakat-do-kuchni-300x224.jpg 300w, https:\/\/www.empikfoto.pl\/blog\/empikfoto\/2024\/06\/plakat-do-kuchni-768x573.jpg 768w, https:\/\/www.empikfoto.pl\/blog\/empikfoto\/2024\/06\/plakat-do-kuchni-1536x1146.jpg 1536w, https:\/\/www.empikfoto.pl\/blog\/empikfoto\/2024\/06\/plakat-do-kuchni-2048x1528.jpg 2048w, https:\/\/www.empikfoto.pl\/blog\/empikfoto\/2024\/06\/plakat-do-kuchni-400x298.jpg 400w\" sizes=\"auto, (max-width: 1024px) 100vw, 1024px\" \/><\/a><p id=\"caption-attachment-13941\" class=\"wp-caption-text\"><strong><a href=\"https:\/\/www.empikfoto.pl\/plakat,margarita\">Plakat, Margarita<\/a><\/strong><\/p><\/div>\n<p><a href=\"https:\/\/www.empikfoto.pl\/plakaty\"><strong>Plakaty do kuchni<\/strong> <\/a>to \u015bwietny spos\u00f3b na od\u015bwie\u017cenie wn\u0119trza i nadanie mu osobistego charakteru. Wybieraj\u0105c je, warto zwr\u00f3ci\u0107 uwag\u0119 na styl kuchni, motywy i tematy. Tak\u017ce na rozmiar i uk\u0142ad pozosta\u0142ych dekoracji i ich sp\u00f3jno\u015b\u0107 z reszt\u0105 pomieszcze\u0144 domowych. Nie nale\u017cy bagatelizowa\u0107 mocy, jak\u0105 maj\u0105 plakaty we wn\u0119trzu. Na przyk\u0142ad, jasne i kolorowe fotografie mog\u0105 rozja\u015bni\u0107 ciemne wn\u0119trze, a stonowane ilustracje wprowadz\u0105 spok\u00f3j do intensywnie kolorowych kuchni. To <strong>idealny pomys\u0142 na niskobud\u017cetow\u0105 metamorfoz\u0119 wn\u0119trza<\/strong>, bez wiercenia, zdzierania czy malowania. Nie b\u00f3j si\u0119 eksperymentowa\u0107 i wyra\u017ca\u0107 siebie poprzez sztuk\u0119 na \u015bcianach swojej kuchni!<\/p>\n","protected":false},"excerpt":{"rendered":"<p>Zdarzy\u0142o Ci si\u0119 ogl\u0105da\u0107 telewizyjny program o gotowaniu i natychmiast zg\u0142odnie\u0107? Zastanawiasz si\u0119 czemu, gdy widzimy reklam\u0119 oszronionego napoju w gor\u0105cy dzie\u0144 automatycznie zaczynaj\u0105 nam pracowa\u0107 \u015blinianki? A mo\u017ce jeste\u015b w stanie niemal\u017ce posmakowa\u0107 kaw\u0119, kt\u00f3ra a\u017c paruje z plakatu znanej sieci\u00f3wki? Obraz to silny stymulator, szczeg\u00f3lnie, gdy rozchodzi si\u0119 o tak wspania\u0142\u0105 rzecz jak jedzenie. Smakowicie wygl\u0105daj\u0105ce danie to ju\u017c po\u0142owa sukcesu w trudnej sztuce zwanej gotowaniem. Jak wi\u0119c sprawi\u0107, by nasza domowa przestrze\u0144 by\u0142a r\u00f3wnie pobudzaj\u0105ca zmys\u0142y, co prawdziwy posi\u0142ek? Niedrog\u0105, a skuteczn\u0105 drog\u0105 do osi\u0105gni\u0119cia tego celu s\u0105 plakaty do kuchni. Styl wn\u0119trza a plakaty do kuchni \u2013 inspiracje Trendy w wystroju mieszka\u0144 zmieniaj\u0105 si\u0119 bezustannie. Na przestrzeni czasu zmienia si\u0119 tak\u017ce nasze poczucie estetyki, moda, najch\u0119tniej wybierane kolory i perspektywa na to, czym nasze mieszkanie w\u0142a\u015bciwie ma dla nas by\u0107, jak\u0105 mie\u0107 rol\u0119 i czego od niego oczekujemy. Od tradycjonalist\u00f3w, po wielbicieli sztuki i ekstrawagancji, lubi\u0105cych domowe ciep\u0142o i tych, co szalone lubi\u0105 wy\u0142\u0105cznie niewielkie dodatki. Wszyscy w pewnym momencie \u017cycia stajemy przez wyborem wystroju naszego wn\u0119trza, nawet je\u015bli jest ono nie do ko\u0144ca nasze w\u0142asne. W zale\u017cno\u015bci od tego, na jaki styl zdecydujesz si\u0119 w swoich czterech \u015bcianach, plakaty kuchenne mog\u0105 go albo prze\u0142ama\u0107, albo podkre\u015bli\u0107. W przypadku nowoczesnej kuchni o minimalistycznym stylu, najlepiej pasowa\u0107 b\u0119d\u0105 plakaty o podobnym charakterze. Czarno-bia\u0142e zdj\u0119cia, abstrakcyjne grafiki, prze\u0142amanie intensywnym kolorem przewodnim (najlepiej jednym), czy \u0142agodne, rozmyte widoki: horyzonty, fale czy chmury. Je\u015bli jeste\u015b fanem stylu rustykalnego, boho wn\u0119trz o naturalnej, organicznej energii i z elementami w ciep\u0142ych, przytulnych kolorach, wybierz plakaty do kuchni z motywami ro\u015blinnymi (szczeg\u00f3lnie pi\u0119knie w du\u017cym formacie wygl\u0105daj\u0105 makro zdj\u0119cia ro\u015blin lub przypraw, lub natura skropiona deszczem). Wybieraj ciep\u0142e odcienie, takie jak burgund, be\u017c, pomara\u0144cz, br\u0105z. Szczeg\u00f3lnie be\u017c skrada serca wszystkich fan\u00f3w wn\u0119trz boho, gdzie w r\u00f3\u017cnych odcieniach i konfiguracjach z silniejszymi kolorami tworzy pi\u0119kne, cho\u0107 minimalistyczne kompozycje. Kuchnie w stylu industrialnym charakteryzuj\u0105 si\u0119 surowo\u015bci\u0105, szczeg\u00f3lnie kojarzon\u0105 z u\u017cyciem materia\u0142\u00f3w, kt\u00f3re dotychczas by\u0142y ch\u0119tnie zakrywane, np. ceg\u0142y czy betonu (ju\u017c teraz \u2013 betonu dekoracyjnego). W po\u0142\u0105czeniu z metalowymi elementami i mocnymi kontrastami (bia\u0142y, czarny, czerwony) powoduje ponadczasow\u0105 elegancj\u0119, u\u017cyteczno\u015b\u0107 i funkcjonalno\u015b\u0107 w niewymuszonym stylu. Kuchnia industrialna, jak sama nazwa wskazuje, b\u0119dzie uwielbia\u0142a fotografie z serca wielkich, zindustrializowanych miast (np. Nowego Jorku czy naszej bliskiej Warszawy). Wszelkie motywy miejskie i plakaty typograficzne to strza\u0142 w dziesi\u0105tk\u0119, by wydoby\u0107 z wystroju wn\u0119trza kuchni co\u015b wi\u0119cej, ni\u017c tylko jej oczywist\u0105 funkcj\u0119. Plakaty do kuchni \u2013 inspiracje motyw\u00f3w i temat\u00f3w Plakaty to nie tylko obraz, to te\u017c to, co si\u0119 za nim kryje i co on niesie. Dlatego w\u0142a\u015bnie tak bardzo uwielbiamy plakaty z tekstem, np. naszymi ulubionymi cytatami z ksi\u0105\u017cek, film\u00f3w lub s\u0142\u00f3w wa\u017cnych dla nas autorytet\u00f3w. Je\u015bli zastanawiacie si\u0119, jakie s\u0105 najpopularniejsze motywy wybierane do kuchni, to mamy dla Was par\u0119 propozycji: Cytaty, szczeg\u00f3lnie te o smakowaniu, szcz\u0119\u015bciu, chwytaniu nowych mo\u017cliwo\u015bci czy rodzinie, Motywy kulinarne, np. plakat do kuchni kawa, herbata czy przyprawy, zdj\u0119cia wyj\u0105tkowych potraw, Sztuka, czyli reprodukcje obraz\u00f3w artyst\u00f3w lub ich nieszablonowe przer\u00f3bki, Ilustracje owoc\u00f3w, warzyw, zi\u00f3\u0142, cz\u0119sto w formie rycin lub przekroj\u00f3w, Inne ni\u017c cytaty plakaty typograficzne, szczeg\u00f3lnie te minimalistyczne, np. w formie ciekawego ukazania j\u0119zyka polskiego lub pokazuj\u0105ce znaki interpunkcyjne, Zdj\u0119cia i pami\u0105tki rodzinne \u2013 szczeg\u00f3lnie czarno-bia\u0142e: najcz\u0119\u015bciej wybieramy kadry z codziennego \u017cycia, pami\u0105tki ze s\u0142onecznych wakacji i radosne wspomnienia sprzed wielu lat, Kadry z natury, takie jak przekr\u00f3j ze s\u0142ojami drzewa, skropione ros\u0105 li\u015bcie, ulubione kwiaty, okwiecone \u0142\u0105ki, kadry z g\u00f3rskich wspinaczek, A\u2019la przepisy, tutoriale lub infografiki \u2013 plakaty kuchenne w wyj\u0105tkowej estetyce, ukazuj\u0105ce przepisy na ulubione dania lub drinki, rozr\u00f3\u017cnienie rodzaj\u00f3w kawy, nazwy poszczeg\u00f3lnych makaron\u00f3w czy kartka z przepi\u015bnika babci. Plakaty do kuchni to \u015bwietny spos\u00f3b na od\u015bwie\u017cenie wn\u0119trza i nadanie mu osobistego charakteru. Wybieraj\u0105c je, warto zwr\u00f3ci\u0107 uwag\u0119 na styl kuchni, motywy i tematy. Tak\u017ce na rozmiar i uk\u0142ad pozosta\u0142ych dekoracji i ich sp\u00f3jno\u015b\u0107 z reszt\u0105 pomieszcze\u0144 domowych. Nie nale\u017cy bagatelizowa\u0107 mocy, jak\u0105 maj\u0105 plakaty we wn\u0119trzu. Na przyk\u0142ad, jasne i kolorowe fotografie mog\u0105 rozja\u015bni\u0107 ciemne wn\u0119trze, a stonowane ilustracje wprowadz\u0105 spok\u00f3j do intensywnie kolorowych kuchni. To idealny pomys\u0142 na niskobud\u017cetow\u0105 metamorfoz\u0119 wn\u0119trza, bez wiercenia, zdzierania czy malowania. Nie b\u00f3j si\u0119 eksperymentowa\u0107 i wyra\u017ca\u0107 siebie poprzez sztuk\u0119 na \u015bcianach swojej kuchni!<\/p>\n","protected":false},"author":16,"featured_media":13940,"comment_status":"closed","ping_status":"closed","sticky":true,"template":"","format":"standard","meta":{"footnotes":""},"categories":[786],"tags":[1160,1161,1125],"class_list":["post-13869","post","type-post","status-publish","format-standard","has-post-thumbnail","hentry","category-inspiracje","tag-plakaty","tag-plakaty-do-kuchni","tag-wystroj-wnetrz"],"yoast_head":"<!-- This site is optimized with the Yoast SEO plugin v27.5 - https:\/\/yoast.com\/product\/yoast-seo-wordpress\/ -->\n<title>Jakie plakaty do kuchni wybra\u0107? | Empik Foto<\/title>\n<meta name=\"description\" content=\"Wybierz najlepsze plakaty do kuchni, korzystaj\u0105c z naszego poradnika. Zainspiruj si\u0119 i wybierz ulubiony plakat z Empik Foto!\" \/>\n<meta name=\"robots\" content=\"index, follow, max-snippet:-1, max-image-preview:large, max-video-preview:-1\" \/>\n<link rel=\"canonical\" href=\"https:\/\/www.empikfoto.pl\/blog\/jakie-plakaty-do-kuchni-wybrac-nasze-inspiracje-na-pobudzenie-zmyslow\/\" \/>\n<meta property=\"og:locale\" content=\"pl_PL\" \/>\n<meta property=\"og:type\" content=\"article\" \/>\n<meta property=\"og:title\" content=\"Jakie plakaty do kuchni wybra\u0107? | Empik Foto\" \/>\n<meta property=\"og:description\" content=\"Wybierz najlepsze plakaty do kuchni, korzystaj\u0105c z naszego poradnika. Zainspiruj si\u0119 i wybierz ulubiony plakat z Empik Foto!\" \/>\n<meta property=\"og:url\" content=\"https:\/\/www.empikfoto.pl\/blog\/jakie-plakaty-do-kuchni-wybrac-nasze-inspiracje-na-pobudzenie-zmyslow\/\" \/>\n<meta property=\"og:site_name\" content=\"blog.empikfoto.pl\" \/>\n<meta property=\"article:publisher\" content=\"https:\/\/www.facebook.com\/empikfotopl\/\" \/>\n<meta property=\"article:published_time\" content=\"2024-06-04T07:44:53+00:00\" \/>\n<meta property=\"article:modified_time\" content=\"2024-07-03T09:34:25+00:00\" \/>\n<meta property=\"og:image\" content=\"https:\/\/www.empikfoto.pl\/blog\/empikfoto\/2024\/06\/plakaty-do-kuchni-1.jpg\" \/>\n\t<meta property=\"og:image:width\" content=\"2483\" \/>\n\t<meta property=\"og:image:height\" content=\"1838\" \/>\n\t<meta property=\"og:image:type\" content=\"image\/jpeg\" \/>\n<meta name=\"author\" content=\"Patrycja\" \/>\n<meta name=\"twitter:card\" content=\"summary_large_image\" \/>\n<meta name=\"twitter:creator\" content=\"@empikfoto\" \/>\n<meta name=\"twitter:site\" content=\"@empikfoto\" \/>\n<meta name=\"twitter:label1\" content=\"Napisane przez\" \/>\n\t<meta name=\"twitter:data1\" content=\"Patrycja\" \/>\n\t<meta name=\"twitter:label2\" content=\"Szacowany czas czytania\" \/>\n\t<meta name=\"twitter:data2\" content=\"6 minut\" \/>\n<script type=\"application\/ld+json\" class=\"yoast-schema-graph\">{\"@context\":\"https:\\\/\\\/schema.org\",\"@graph\":[{\"@type\":\"Article\",\"@id\":\"https:\\\/\\\/www.empikfoto.pl\\\/blog\\\/jakie-plakaty-do-kuchni-wybrac-nasze-inspiracje-na-pobudzenie-zmyslow\\\/#article\",\"isPartOf\":{\"@id\":\"https:\\\/\\\/www.empikfoto.pl\\\/blog\\\/jakie-plakaty-do-kuchni-wybrac-nasze-inspiracje-na-pobudzenie-zmyslow\\\/\"},\"author\":{\"name\":\"Patrycja\",\"@id\":\"https:\\\/\\\/www.empikfoto.pl\\\/blog\\\/#\\\/schema\\\/person\\\/0313802ca5dac502e3266853c59632c0\"},\"headline\":\"Jakie plakaty do kuchni wybra\u0107? Nasze inspiracje na pobudzenie zmys\u0142\u00f3w!\",\"datePublished\":\"2024-06-04T07:44:53+00:00\",\"dateModified\":\"2024-07-03T09:34:25+00:00\",\"mainEntityOfPage\":{\"@id\":\"https:\\\/\\\/www.empikfoto.pl\\\/blog\\\/jakie-plakaty-do-kuchni-wybrac-nasze-inspiracje-na-pobudzenie-zmyslow\\\/\"},\"wordCount\":870,\"image\":{\"@id\":\"https:\\\/\\\/www.empikfoto.pl\\\/blog\\\/jakie-plakaty-do-kuchni-wybrac-nasze-inspiracje-na-pobudzenie-zmyslow\\\/#primaryimage\"},\"thumbnailUrl\":\"https:\\\/\\\/www.empikfoto.pl\\\/blog\\\/empikfoto\\\/2024\\\/06\\\/plakaty-do-kuchni-1.jpg\",\"keywords\":[\"plakaty\",\"plakaty do kuchni\",\"wystr\u00f3j wn\u0119trz\"],\"articleSection\":[\"INSPIRACJE\"],\"inLanguage\":\"pl-PL\"},{\"@type\":\"WebPage\",\"@id\":\"https:\\\/\\\/www.empikfoto.pl\\\/blog\\\/jakie-plakaty-do-kuchni-wybrac-nasze-inspiracje-na-pobudzenie-zmyslow\\\/\",\"url\":\"https:\\\/\\\/www.empikfoto.pl\\\/blog\\\/jakie-plakaty-do-kuchni-wybrac-nasze-inspiracje-na-pobudzenie-zmyslow\\\/\",\"name\":\"Jakie plakaty do kuchni wybra\u0107? | Empik Foto\",\"isPartOf\":{\"@id\":\"https:\\\/\\\/www.empikfoto.pl\\\/blog\\\/#website\"},\"primaryImageOfPage\":{\"@id\":\"https:\\\/\\\/www.empikfoto.pl\\\/blog\\\/jakie-plakaty-do-kuchni-wybrac-nasze-inspiracje-na-pobudzenie-zmyslow\\\/#primaryimage\"},\"image\":{\"@id\":\"https:\\\/\\\/www.empikfoto.pl\\\/blog\\\/jakie-plakaty-do-kuchni-wybrac-nasze-inspiracje-na-pobudzenie-zmyslow\\\/#primaryimage\"},\"thumbnailUrl\":\"https:\\\/\\\/www.empikfoto.pl\\\/blog\\\/empikfoto\\\/2024\\\/06\\\/plakaty-do-kuchni-1.jpg\",\"datePublished\":\"2024-06-04T07:44:53+00:00\",\"dateModified\":\"2024-07-03T09:34:25+00:00\",\"author\":{\"@id\":\"https:\\\/\\\/www.empikfoto.pl\\\/blog\\\/#\\\/schema\\\/person\\\/0313802ca5dac502e3266853c59632c0\"},\"description\":\"Wybierz najlepsze plakaty do kuchni, korzystaj\u0105c z naszego poradnika. Zainspiruj si\u0119 i wybierz ulubiony plakat z Empik Foto!\",\"breadcrumb\":{\"@id\":\"https:\\\/\\\/www.empikfoto.pl\\\/blog\\\/jakie-plakaty-do-kuchni-wybrac-nasze-inspiracje-na-pobudzenie-zmyslow\\\/#breadcrumb\"},\"inLanguage\":\"pl-PL\",\"potentialAction\":[{\"@type\":\"ReadAction\",\"target\":[\"https:\\\/\\\/www.empikfoto.pl\\\/blog\\\/jakie-plakaty-do-kuchni-wybrac-nasze-inspiracje-na-pobudzenie-zmyslow\\\/\"]}]},{\"@type\":\"ImageObject\",\"inLanguage\":\"pl-PL\",\"@id\":\"https:\\\/\\\/www.empikfoto.pl\\\/blog\\\/jakie-plakaty-do-kuchni-wybrac-nasze-inspiracje-na-pobudzenie-zmyslow\\\/#primaryimage\",\"url\":\"https:\\\/\\\/www.empikfoto.pl\\\/blog\\\/empikfoto\\\/2024\\\/06\\\/plakaty-do-kuchni-1.jpg\",\"contentUrl\":\"https:\\\/\\\/www.empikfoto.pl\\\/blog\\\/empikfoto\\\/2024\\\/06\\\/plakaty-do-kuchni-1.jpg\",\"width\":2483,\"height\":1838,\"caption\":\"jakie plakaty do kuchni wybra\u0107\"},{\"@type\":\"BreadcrumbList\",\"@id\":\"https:\\\/\\\/www.empikfoto.pl\\\/blog\\\/jakie-plakaty-do-kuchni-wybrac-nasze-inspiracje-na-pobudzenie-zmyslow\\\/#breadcrumb\",\"itemListElement\":[{\"@type\":\"ListItem\",\"position\":1,\"name\":\"Strona g\u0142\u00f3wna\",\"item\":\"https:\\\/\\\/www.empikfoto.pl\\\/blog\\\/\"},{\"@type\":\"ListItem\",\"position\":2,\"name\":\"Jakie plakaty do kuchni wybra\u0107? Nasze inspiracje na pobudzenie zmys\u0142\u00f3w!\"}]},{\"@type\":\"WebSite\",\"@id\":\"https:\\\/\\\/www.empikfoto.pl\\\/blog\\\/#website\",\"url\":\"https:\\\/\\\/www.empikfoto.pl\\\/blog\\\/\",\"name\":\"blog.empikfoto.pl\",\"description\":\"Poznaj empikfoto.pl od \u015brodka! Dowiedz si\u0119 wi\u0119cej o odbitkach, fotoksi\u0105\u017ckach i fotografii.\",\"potentialAction\":[{\"@type\":\"SearchAction\",\"target\":{\"@type\":\"EntryPoint\",\"urlTemplate\":\"https:\\\/\\\/www.empikfoto.pl\\\/blog\\\/?s={search_term_string}\"},\"query-input\":{\"@type\":\"PropertyValueSpecification\",\"valueRequired\":true,\"valueName\":\"search_term_string\"}}],\"inLanguage\":\"pl-PL\"},{\"@type\":\"Person\",\"@id\":\"https:\\\/\\\/www.empikfoto.pl\\\/blog\\\/#\\\/schema\\\/person\\\/0313802ca5dac502e3266853c59632c0\",\"name\":\"Patrycja\",\"image\":{\"@type\":\"ImageObject\",\"inLanguage\":\"pl-PL\",\"@id\":\"https:\\\/\\\/secure.gravatar.com\\\/avatar\\\/f25168e12215ad42f58e5fb72881daaeb57bd4f907081046016f64bf167db59f?s=96&d=identicon&r=g\",\"url\":\"https:\\\/\\\/secure.gravatar.com\\\/avatar\\\/f25168e12215ad42f58e5fb72881daaeb57bd4f907081046016f64bf167db59f?s=96&d=identicon&r=g\",\"contentUrl\":\"https:\\\/\\\/secure.gravatar.com\\\/avatar\\\/f25168e12215ad42f58e5fb72881daaeb57bd4f907081046016f64bf167db59f?s=96&d=identicon&r=g\",\"caption\":\"Patrycja\"},\"url\":\"https:\\\/\\\/www.empikfoto.pl\\\/blog\\\/author\\\/patrycja\\\/\"}]}<\/script>\n<!-- \/ Yoast SEO plugin. -->","yoast_head_json":{"title":"Jakie plakaty do kuchni wybra\u0107? | Empik Foto","description":"Wybierz najlepsze plakaty do kuchni, korzystaj\u0105c z naszego poradnika. Zainspiruj si\u0119 i wybierz ulubiony plakat z Empik Foto!","robots":{"index":"index","follow":"follow","max-snippet":"max-snippet:-1","max-image-preview":"max-image-preview:large","max-video-preview":"max-video-preview:-1"},"canonical":"https:\/\/www.empikfoto.pl\/blog\/jakie-plakaty-do-kuchni-wybrac-nasze-inspiracje-na-pobudzenie-zmyslow\/","og_locale":"pl_PL","og_type":"article","og_title":"Jakie plakaty do kuchni wybra\u0107? | Empik Foto","og_description":"Wybierz najlepsze plakaty do kuchni, korzystaj\u0105c z naszego poradnika. Zainspiruj si\u0119 i wybierz ulubiony plakat z Empik Foto!","og_url":"https:\/\/www.empikfoto.pl\/blog\/jakie-plakaty-do-kuchni-wybrac-nasze-inspiracje-na-pobudzenie-zmyslow\/","og_site_name":"blog.empikfoto.pl","article_publisher":"https:\/\/www.facebook.com\/empikfotopl\/","article_published_time":"2024-06-04T07:44:53+00:00","article_modified_time":"2024-07-03T09:34:25+00:00","og_image":[{"width":2483,"height":1838,"url":"https:\/\/www.empikfoto.pl\/blog\/empikfoto\/2024\/06\/plakaty-do-kuchni-1.jpg","type":"image\/jpeg"}],"author":"Patrycja","twitter_card":"summary_large_image","twitter_creator":"@empikfoto","twitter_site":"@empikfoto","twitter_misc":{"Napisane przez":"Patrycja","Szacowany czas czytania":"6 minut"},"schema":{"@context":"https:\/\/schema.org","@graph":[{"@type":"Article","@id":"https:\/\/www.empikfoto.pl\/blog\/jakie-plakaty-do-kuchni-wybrac-nasze-inspiracje-na-pobudzenie-zmyslow\/#article","isPartOf":{"@id":"https:\/\/www.empikfoto.pl\/blog\/jakie-plakaty-do-kuchni-wybrac-nasze-inspiracje-na-pobudzenie-zmyslow\/"},"author":{"name":"Patrycja","@id":"https:\/\/www.empikfoto.pl\/blog\/#\/schema\/person\/0313802ca5dac502e3266853c59632c0"},"headline":"Jakie plakaty do kuchni wybra\u0107? Nasze inspiracje na pobudzenie zmys\u0142\u00f3w!","datePublished":"2024-06-04T07:44:53+00:00","dateModified":"2024-07-03T09:34:25+00:00","mainEntityOfPage":{"@id":"https:\/\/www.empikfoto.pl\/blog\/jakie-plakaty-do-kuchni-wybrac-nasze-inspiracje-na-pobudzenie-zmyslow\/"},"wordCount":870,"image":{"@id":"https:\/\/www.empikfoto.pl\/blog\/jakie-plakaty-do-kuchni-wybrac-nasze-inspiracje-na-pobudzenie-zmyslow\/#primaryimage"},"thumbnailUrl":"https:\/\/www.empikfoto.pl\/blog\/empikfoto\/2024\/06\/plakaty-do-kuchni-1.jpg","keywords":["plakaty","plakaty do kuchni","wystr\u00f3j wn\u0119trz"],"articleSection":["INSPIRACJE"],"inLanguage":"pl-PL"},{"@type":"WebPage","@id":"https:\/\/www.empikfoto.pl\/blog\/jakie-plakaty-do-kuchni-wybrac-nasze-inspiracje-na-pobudzenie-zmyslow\/","url":"https:\/\/www.empikfoto.pl\/blog\/jakie-plakaty-do-kuchni-wybrac-nasze-inspiracje-na-pobudzenie-zmyslow\/","name":"Jakie plakaty do kuchni wybra\u0107? | Empik Foto","isPartOf":{"@id":"https:\/\/www.empikfoto.pl\/blog\/#website"},"primaryImageOfPage":{"@id":"https:\/\/www.empikfoto.pl\/blog\/jakie-plakaty-do-kuchni-wybrac-nasze-inspiracje-na-pobudzenie-zmyslow\/#primaryimage"},"image":{"@id":"https:\/\/www.empikfoto.pl\/blog\/jakie-plakaty-do-kuchni-wybrac-nasze-inspiracje-na-pobudzenie-zmyslow\/#primaryimage"},"thumbnailUrl":"https:\/\/www.empikfoto.pl\/blog\/empikfoto\/2024\/06\/plakaty-do-kuchni-1.jpg","datePublished":"2024-06-04T07:44:53+00:00","dateModified":"2024-07-03T09:34:25+00:00","author":{"@id":"https:\/\/www.empikfoto.pl\/blog\/#\/schema\/person\/0313802ca5dac502e3266853c59632c0"},"description":"Wybierz najlepsze plakaty do kuchni, korzystaj\u0105c z naszego poradnika. Zainspiruj si\u0119 i wybierz ulubiony plakat z Empik Foto!","breadcrumb":{"@id":"https:\/\/www.empikfoto.pl\/blog\/jakie-plakaty-do-kuchni-wybrac-nasze-inspiracje-na-pobudzenie-zmyslow\/#breadcrumb"},"inLanguage":"pl-PL","potentialAction":[{"@type":"ReadAction","target":["https:\/\/www.empikfoto.pl\/blog\/jakie-plakaty-do-kuchni-wybrac-nasze-inspiracje-na-pobudzenie-zmyslow\/"]}]},{"@type":"ImageObject","inLanguage":"pl-PL","@id":"https:\/\/www.empikfoto.pl\/blog\/jakie-plakaty-do-kuchni-wybrac-nasze-inspiracje-na-pobudzenie-zmyslow\/#primaryimage","url":"https:\/\/www.empikfoto.pl\/blog\/empikfoto\/2024\/06\/plakaty-do-kuchni-1.jpg","contentUrl":"https:\/\/www.empikfoto.pl\/blog\/empikfoto\/2024\/06\/plakaty-do-kuchni-1.jpg","width":2483,"height":1838,"caption":"jakie plakaty do kuchni wybra\u0107"},{"@type":"BreadcrumbList","@id":"https:\/\/www.empikfoto.pl\/blog\/jakie-plakaty-do-kuchni-wybrac-nasze-inspiracje-na-pobudzenie-zmyslow\/#breadcrumb","itemListElement":[{"@type":"ListItem","position":1,"name":"Strona g\u0142\u00f3wna","item":"https:\/\/www.empikfoto.pl\/blog\/"},{"@type":"ListItem","position":2,"name":"Jakie plakaty do kuchni wybra\u0107? Nasze inspiracje na pobudzenie zmys\u0142\u00f3w!"}]},{"@type":"WebSite","@id":"https:\/\/www.empikfoto.pl\/blog\/#website","url":"https:\/\/www.empikfoto.pl\/blog\/","name":"blog.empikfoto.pl","description":"Poznaj empikfoto.pl od \u015brodka! Dowiedz si\u0119 wi\u0119cej o odbitkach, fotoksi\u0105\u017ckach i fotografii.","potentialAction":[{"@type":"SearchAction","target":{"@type":"EntryPoint","urlTemplate":"https:\/\/www.empikfoto.pl\/blog\/?s={search_term_string}"},"query-input":{"@type":"PropertyValueSpecification","valueRequired":true,"valueName":"search_term_string"}}],"inLanguage":"pl-PL"},{"@type":"Person","@id":"https:\/\/www.empikfoto.pl\/blog\/#\/schema\/person\/0313802ca5dac502e3266853c59632c0","name":"Patrycja","image":{"@type":"ImageObject","inLanguage":"pl-PL","@id":"https:\/\/secure.gravatar.com\/avatar\/f25168e12215ad42f58e5fb72881daaeb57bd4f907081046016f64bf167db59f?s=96&d=identicon&r=g","url":"https:\/\/secure.gravatar.com\/avatar\/f25168e12215ad42f58e5fb72881daaeb57bd4f907081046016f64bf167db59f?s=96&d=identicon&r=g","contentUrl":"https:\/\/secure.gravatar.com\/avatar\/f25168e12215ad42f58e5fb72881daaeb57bd4f907081046016f64bf167db59f?s=96&d=identicon&r=g","caption":"Patrycja"},"url":"https:\/\/www.empikfoto.pl\/blog\/author\/patrycja\/"}]}},"amp_enabled":true,"_links":{"self":[{"href":"https:\/\/www.empikfoto.pl\/blog\/wp-json\/wp\/v2\/posts\/13869","targetHints":{"allow":["GET"]}}],"collection":[{"href":"https:\/\/www.empikfoto.pl\/blog\/wp-json\/wp\/v2\/posts"}],"about":[{"href":"https:\/\/www.empikfoto.pl\/blog\/wp-json\/wp\/v2\/types\/post"}],"author":[{"embeddable":true,"href":"https:\/\/www.empikfoto.pl\/blog\/wp-json\/wp\/v2\/users\/16"}],"replies":[{"embeddable":true,"href":"https:\/\/www.empikfoto.pl\/blog\/wp-json\/wp\/v2\/comments?post=13869"}],"version-history":[{"count":8,"href":"https:\/\/www.empikfoto.pl\/blog\/wp-json\/wp\/v2\/posts\/13869\/revisions"}],"predecessor-version":[{"id":13944,"href":"https:\/\/www.empikfoto.pl\/blog\/wp-json\/wp\/v2\/posts\/13869\/revisions\/13944"}],"wp:featuredmedia":[{"embeddable":true,"href":"https:\/\/www.empikfoto.pl\/blog\/wp-json\/wp\/v2\/media\/13940"}],"wp:attachment":[{"href":"https:\/\/www.empikfoto.pl\/blog\/wp-json\/wp\/v2\/media?parent=13869"}],"wp:term":[{"taxonomy":"category","embeddable":true,"href":"https:\/\/www.empikfoto.pl\/blog\/wp-json\/wp\/v2\/categories?post=13869"},{"taxonomy":"post_tag","embeddable":true,"href":"https:\/\/www.empikfoto.pl\/blog\/wp-json\/wp\/v2\/tags?post=13869"}],"curies":[{"name":"wp","href":"https:\/\/api.w.org\/{rel}","templated":true}]}}