{"id":13973,"date":"2024-07-16T10:27:52","date_gmt":"2024-07-16T08:27:52","guid":{"rendered":"https:\/\/www.empikfoto.pl\/blog\/?p=13973"},"modified":"2024-09-24T10:16:25","modified_gmt":"2024-09-24T08:16:25","slug":"jaki-zestaw-plakatow-do-salonu-wybrac","status":"publish","type":"post","link":"https:\/\/www.empikfoto.pl\/blog\/jaki-zestaw-plakatow-do-salonu-wybrac\/","title":{"rendered":"Jaki zestaw plakat\u00f3w do salonu wybra\u0107? Nasze sprawdzone sety do ka\u017cdego wn\u0119trza"},"content":{"rendered":"<p><span data-contrast=\"auto\"><strong>Wn\u0119trze mieszkania potrafi naprawd\u0119 du\u017co zdradzi\u0107 o jego w\u0142a\u015bcicielu.<\/strong> Nie tylko sam jego wystr\u00f3j, ale tak\u017ce detale znajduj\u0105ce si\u0119 w salonie zwracaj\u0105 uwag\u0119 go\u015bci i sk\u0142adaj\u0105 si\u0119 na harmonijne, sp\u00f3jne wn\u0119trze. Ka\u017cda ramka ze zdj\u0119ciem, kolor poduszki na kanapie, \u015bwiecznik czy lampka, cho\u0107 s\u0105 drobnymi elementami \u2013 wyra\u017caj\u0105 nasz gust i identyfikuj\u0105 nas z mieszkaniem. To, co \u015bwietnie prze\u0142amuje wystr\u00f3j to <a href=\"https:\/\/www.empikfoto.pl\/plakaty\"><strong>plakaty<\/strong><\/a>, a szczeg\u00f3lnie <a href=\"https:\/\/www.empikfoto.pl\/plakaty-graficzne-gotowe-wzory\"><strong>sp\u00f3jne zestawy plakat\u00f3w<\/strong><\/a>, najcz\u0119\u015bciej w tr\u00f3jkach, kt\u00f3re wprowadzaj\u0105 \u017cycie do neutralnego wn\u0119trza. Oto kilka naszych propozycji, dzi\u0119ki kt\u00f3rym Tw\u00f3j salon zab\u0142y\u015bnie na nowo.<\/span><span data-ccp-props=\"{&quot;335551550&quot;:6,&quot;335551620&quot;:6}\">\u00a0<\/span><\/p>\n<h2>Styl wn\u0119trza a zestaw plakat\u00f3w do salonu<\/h2>\n<p><span data-contrast=\"auto\">Aktualnie we wn\u0119trzach trenduje wiele opcji, np. elementy w stylu boho, vintage\u2019owe starocie i antyki, wielokolorowe lastryko, materia\u0142y w pastelowych kolorach czy nowoczesne neony. Od ilo\u015bci mo\u017cliwo\u015bci potrafi rozbole\u0107 g\u0142owa! Na szcz\u0119\u015bcie niezale\u017cnie od tego, jaki styl reprezentuje Twoje mieszkanie, na Empik Foto znajdziesz zestaw plakat\u00f3w do salonu idealnie dopasowany do Twojego wn\u0119trza.<\/span><span data-ccp-props=\"{&quot;335551550&quot;:6,&quot;335551620&quot;:6}\">\u00a0<\/span><\/p>\n<h4>Mocne kolory<\/h4>\n<p><span data-contrast=\"auto\">Na wst\u0119pie, zastan\u00f3w si\u0119 nad <strong>kolorystyk\u0105<\/strong>. Je\u015bli Tw\u00f3j salon charakteryzuj\u0105 neutralne kolory i naturalne tkaniny i faktury, spr\u00f3buj prze\u0142ama\u0107 konwencj\u0119 jaskrawym kolorem. <a href=\"https:\/\/www.empikfoto.pl\/plakaty-graficzne-gotowe-wzory?sort=default_desc&amp;kolor_szablonu=rozowy,pomaranczowy\">Plakaty w pomara\u0144czowo-r\u00f3\u017cowej kolorystyce<\/a> to hit tego sezonu &#8211; pobudzaj\u0105cy, energetyzuj\u0105cy kolor w po\u0142\u0105czeniu z modnymi, nowoczesnymi grafikami \u015bwietnie prze\u0142amuj\u0105 prostot\u0119 wn\u0119trza!<\/span><\/p>\n<div id=\"attachment_13978\" style=\"width: 615px\" class=\"wp-caption aligncenter\"><a href=\"https:\/\/www.empikfoto.pl\/plakat,je-taime\"><img loading=\"lazy\" decoding=\"async\" aria-describedby=\"caption-attachment-13978\" class=\"wp-image-13978\" src=\"https:\/\/www.empikfoto.pl\/blog\/empikfoto\/2024\/07\/zestaw-plakatow-mocne-kolory-1024x820.jpg\" alt=\"zestaw plakat\u00f3w do salonu - mocne kolory\" width=\"605\" height=\"484\" srcset=\"https:\/\/www.empikfoto.pl\/blog\/empikfoto\/2024\/07\/zestaw-plakatow-mocne-kolory-1024x820.jpg 1024w, https:\/\/www.empikfoto.pl\/blog\/empikfoto\/2024\/07\/zestaw-plakatow-mocne-kolory-300x240.jpg 300w, https:\/\/www.empikfoto.pl\/blog\/empikfoto\/2024\/07\/zestaw-plakatow-mocne-kolory-768x615.jpg 768w, https:\/\/www.empikfoto.pl\/blog\/empikfoto\/2024\/07\/zestaw-plakatow-mocne-kolory-1536x1230.jpg 1536w, https:\/\/www.empikfoto.pl\/blog\/empikfoto\/2024\/07\/zestaw-plakatow-mocne-kolory-2048x1640.jpg 2048w, https:\/\/www.empikfoto.pl\/blog\/empikfoto\/2024\/07\/zestaw-plakatow-mocne-kolory-400x320.jpg 400w\" sizes=\"auto, (max-width: 605px) 100vw, 605px\" \/><\/a><p id=\"caption-attachment-13978\" class=\"wp-caption-text\"><a href=\"https:\/\/www.empikfoto.pl\/plakat,je-taime\">Plakat, je t&#8217;aime<\/a><\/p><\/div>\n<h4>Morskie klimaty<\/h4>\n<p><span data-contrast=\"auto\">Do salonu o <strong>morskiej, pla\u017cowej kolorystyce<\/strong>, idealnie sprawdz\u0105 si\u0119 3 plakaty do salonu ukazuj\u0105ce <a href=\"https:\/\/www.empikfoto.pl\/plakaty-graficzne-gotowe-wzory?sort=default_desc&amp;kolekcja=morze\">rysunki morza, zdj\u0119cia \u0142\u00f3dek czy rysunki muszelek<\/a>. B\u0142\u0119kitno-turkusowe barwy pi\u0119knie wyciszaj\u0105 umys\u0142 i pozwalaj\u0105 si\u0119 cho\u0107 na moment przenie\u015b\u0107 nad szumi\u0105cy Ba\u0142tyk.<\/span><span data-ccp-props=\"{&quot;335551550&quot;:6,&quot;335551620&quot;:6}\">\u00a0<\/span><\/p>\n<div id=\"attachment_13979\" style=\"width: 615px\" class=\"wp-caption aligncenter\"><a href=\"https:\/\/www.empikfoto.pl\/plakat,baltyk\"><img loading=\"lazy\" decoding=\"async\" aria-describedby=\"caption-attachment-13979\" class=\"wp-image-13979\" src=\"https:\/\/www.empikfoto.pl\/blog\/empikfoto\/2024\/07\/zestaw-plakatow-baltyk-1024x768.jpg\" alt=\"zestaw plakat\u00f3w do salonu - ba\u0142tyk\" width=\"605\" height=\"454\" srcset=\"https:\/\/www.empikfoto.pl\/blog\/empikfoto\/2024\/07\/zestaw-plakatow-baltyk-1024x768.jpg 1024w, https:\/\/www.empikfoto.pl\/blog\/empikfoto\/2024\/07\/zestaw-plakatow-baltyk-300x225.jpg 300w, https:\/\/www.empikfoto.pl\/blog\/empikfoto\/2024\/07\/zestaw-plakatow-baltyk-768x576.jpg 768w, https:\/\/www.empikfoto.pl\/blog\/empikfoto\/2024\/07\/zestaw-plakatow-baltyk-1536x1152.jpg 1536w, https:\/\/www.empikfoto.pl\/blog\/empikfoto\/2024\/07\/zestaw-plakatow-baltyk-2048x1536.jpg 2048w, https:\/\/www.empikfoto.pl\/blog\/empikfoto\/2024\/07\/zestaw-plakatow-baltyk-400x300.jpg 400w\" sizes=\"auto, (max-width: 605px) 100vw, 605px\" \/><\/a><p id=\"caption-attachment-13979\" class=\"wp-caption-text\"><a href=\"https:\/\/www.empikfoto.pl\/plakat,baltyk\">Plakat, Ba\u0142tyk<\/a><\/p><\/div>\n<h4>Czer\u0144 i biel<\/h4>\n<p><span data-contrast=\"auto\">Mamy te\u017c co\u015b dla <strong>mocno kolorowych wn\u0119trz<\/strong>, w kt\u00f3rych mieszkaj\u0105 prawdziwie kreatywne dusze. Salonowi w takim stylu przyda si\u0119 odrobina spokoju, dlatego zach\u0119camy do si\u0119gni\u0119cia po bogate w szczeg\u00f3\u0142y zodiakalne motywy. <a href=\"https:\/\/www.empikfoto.pl\/plakaty-graficzne-gotowe-wzory?sort=default_desc&amp;kolor_szablonu=czarny\">Czarno-bia\u0142y wz\u00f3r<\/a> nie przyt\u0142oczy ju\u017c wystarczaj\u0105co kolorowego wn\u0119trza, jednocze\u015bnie b\u0119d\u0105c stylowym elementem dekoracyjnym o g\u0142\u0119bszym znaczeniu. Je\u015bli tak jak nam, zdarza Ci si\u0119 regularnie przegl\u0105da\u0107 przygotowany dla Ciebie horoskop \u2013 zestaw 3 plakat\u00f3w do salonu w tej tematyce z pewno\u015bci\u0105 przypadnie Ci do gustu!<\/span><span data-ccp-props=\"{&quot;335551550&quot;:6,&quot;335551620&quot;:6}\">\u00a0<\/span><\/p>\n<div id=\"attachment_13980\" style=\"width: 614px\" class=\"wp-caption aligncenter\"><a href=\"https:\/\/www.empikfoto.pl\/plakat,virgo\"><img loading=\"lazy\" decoding=\"async\" aria-describedby=\"caption-attachment-13980\" class=\"wp-image-13980 size-full\" src=\"https:\/\/www.empikfoto.pl\/blog\/empikfoto\/2024\/07\/zestaw-plakatow-zodiak.jpg\" alt=\"zestaw plakat\u00f3w do salonu - znaki zodiaku\" width=\"604\" height=\"473\" srcset=\"https:\/\/www.empikfoto.pl\/blog\/empikfoto\/2024\/07\/zestaw-plakatow-zodiak.jpg 604w, https:\/\/www.empikfoto.pl\/blog\/empikfoto\/2024\/07\/zestaw-plakatow-zodiak-300x235.jpg 300w, https:\/\/www.empikfoto.pl\/blog\/empikfoto\/2024\/07\/zestaw-plakatow-zodiak-400x313.jpg 400w\" sizes=\"auto, (max-width: 604px) 100vw, 604px\" \/><\/a><p id=\"caption-attachment-13980\" class=\"wp-caption-text\"><a href=\"https:\/\/www.empikfoto.pl\/plakat,virgo\">Plakat, Virgo<\/a><\/p><\/div>\n<h4>Minimalistyczne wn\u0119trza<\/h4>\n<p><span data-contrast=\"auto\">Dla <strong>fan\u00f3w minimalizmu<\/strong> przygotowali\u015bmy kilka pi\u0119knych, delikatnych kolekcji z monochromatyczn\u0105 kolorystyk\u0105. Z my\u015bl\u0105 o estetach, powsta\u0142y <a href=\"https:\/\/www.empikfoto.pl\/wyszukiwarka?q=simple\">kolekcja Simple<\/a>, <a href=\"https:\/\/www.empikfoto.pl\/wyszukiwarka?q=balance\">kolekcja Balance<\/a> czy <a href=\"https:\/\/www.empikfoto.pl\/wyszukiwarka?q=body+mind+soul\">kolekcja Body, Mind, Soul<\/a>. Te kolekcje charakteryzuje mo\u017cliwo\u015b\u0107 wyboru kolorystyki plakatu, poniewa\u017c np. kolekcj\u0119 Simple mo\u017cna kupi\u0107 w trzech wersjach. Wszystkie te propozycje, cho\u0107 nieco r\u00f3\u017cni\u0105ce si\u0119 w stylistyce, to minimalistyczne grafiki o specjalnie dobranych, surowych czcionkach i geometrycznych kszta\u0142tach. Taki zestaw plakat\u00f3w do salonu b\u0119dzie cieszy\u0107 oko przez d\u0142ugi, d\u0142ugi czas!<\/span><span data-ccp-props=\"{&quot;335551550&quot;:6,&quot;335551620&quot;:6}\">\u00a0<\/span><\/p>\n<div id=\"attachment_13982\" style=\"width: 615px\" class=\"wp-caption aligncenter\"><a href=\"https:\/\/www.empikfoto.pl\/plakat,kolekcja-body-mind-soul-ii\"><img loading=\"lazy\" decoding=\"async\" aria-describedby=\"caption-attachment-13982\" class=\"wp-image-13982\" src=\"https:\/\/www.empikfoto.pl\/blog\/empikfoto\/2024\/07\/zestaw-plakatow-minimalizm_2-1024x861.jpg\" alt=\"zestaw plakat\u00f3w do salonu - minimalizm\" width=\"605\" height=\"509\" srcset=\"https:\/\/www.empikfoto.pl\/blog\/empikfoto\/2024\/07\/zestaw-plakatow-minimalizm_2-1024x861.jpg 1024w, https:\/\/www.empikfoto.pl\/blog\/empikfoto\/2024\/07\/zestaw-plakatow-minimalizm_2-300x252.jpg 300w, https:\/\/www.empikfoto.pl\/blog\/empikfoto\/2024\/07\/zestaw-plakatow-minimalizm_2-768x646.jpg 768w, https:\/\/www.empikfoto.pl\/blog\/empikfoto\/2024\/07\/zestaw-plakatow-minimalizm_2-1536x1291.jpg 1536w, https:\/\/www.empikfoto.pl\/blog\/empikfoto\/2024\/07\/zestaw-plakatow-minimalizm_2-2048x1722.jpg 2048w, https:\/\/www.empikfoto.pl\/blog\/empikfoto\/2024\/07\/zestaw-plakatow-minimalizm_2-400x336.jpg 400w\" sizes=\"auto, (max-width: 605px) 100vw, 605px\" \/><\/a><p id=\"caption-attachment-13982\" class=\"wp-caption-text\"><a href=\"https:\/\/www.empikfoto.pl\/plakat,kolekcja-body-mind-soul-ii\">Plakat, Body Mind Soul II<\/a><\/p><\/div>\n<p><span data-contrast=\"auto\">W\u015br\u00f3d naszych <a href=\"https:\/\/www.empikfoto.pl\/plakaty-graficzne-gotowe-wzory\">zestaw\u00f3w plakat\u00f3w<\/a> znajdziecie o wiele wi\u0119cej propozycji, m.in. plakaty do kuchni o w\u0142oskim charakterze, znane dzie\u0142a wielkich malarzy, szalone kola\u017ce czy zwierzakowe, rysunkowe plakaty dla dzieci. Nie martwcie si\u0119 jednak, je\u015bli \u017cadna z naszych propozycji nie przypadnie Wam do gustu. Zawsze taki zestaw plakat\u00f3w do salonu mo\u017cecie <strong>zaprojektowa\u0107 zupe\u0142nie sami<\/strong>!<\/span><span data-ccp-props=\"{&quot;335551550&quot;:6,&quot;335551620&quot;:6}\">\u00a0<\/span><\/p>\n<h2>3 plakaty do salonu \u2013 stw\u00f3rz w\u0142asny projekt wg swojego pomys\u0142u<\/h2>\n<p><span data-contrast=\"auto\">Plakaty nie musz\u0105 by\u0107 gotow\u0105 grafik\u0105. W Empik Foto mo\u017cesz skorzysta\u0107 z opcji <a href=\"https:\/\/www.empikfoto.pl\/wystroj-wnetrz\/fotoplakaty\"><strong>zrobienia plakatu z w\u0142asnego zdj\u0119cia lub z ulubionym napisem<\/strong><\/a> \u2013 cytatem, has\u0142em, s\u0142owem. Stw\u00f3rz zestaw 3 plakat\u00f3w do salonu, zestawiaj\u0105c ze sob\u0105 sp\u00f3jne trzy fotografie lub cytaty. W tym pierwszym przypadku, zwr\u00f3\u0107 szczeg\u00f3ln\u0105 uwag\u0119 na <strong>kolorystyk\u0119 zdj\u0119\u0107 i na ich charakter<\/strong>. Pi\u0119knie wygl\u0105daj\u0105 kadry w tej samej uroczysto\u015bci, np. trzy ulubione zdj\u0119cia \u015blubne, lub trzy fotografie pochodz\u0105ce z tej samej sesji. Je\u015bli nie b\u0119dzie to mo\u017cliwe, mo\u017cesz pos\u0142u\u017cy\u0107 si\u0119 sp\u00f3jno\u015bci\u0105 wynikaj\u0105c\u0105 z tematyki \u2013 w tym celu wybierz np. trzy fotografie z Waszych wsp\u00f3lnych, g\u00f3rskich wycieczek, lub zdj\u0119cia z rodzinnych wyg\u0142up\u00f3w w domu. By za\u015b uzyska\u0107 sp\u00f3jny zestaw 3 plakat\u00f3w do salonu z cytatami, potrzeba naprawd\u0119 niewiele. Wystarczy, \u017ce b\u0119d\u0105 mia\u0142y <strong>jednakow\u0105 czcionk\u0119 lub przestawia\u0142y cytaty w konkretnej konwencji<\/strong>, np. tylko z ulubionych film\u00f3w, albo tylko o tematyce \u201erodzina\u201d. Modne tak\u017ce s\u0105 plakaty a\u2019la wycinki z encyklopedii lub s\u0142ownika, gdzie t\u0142umaczone jest znaczenie danego s\u0142owa. Minimalistyczny raj dla ksi\u0105\u017ckoholik\u00f3w!<\/span><span data-ccp-props=\"{&quot;335551550&quot;:6,&quot;335551620&quot;:6}\">\u00a0<\/span><\/p>\n<p><img loading=\"lazy\" decoding=\"async\" class=\"aligncenter wp-image-13984 size-large\" src=\"https:\/\/www.empikfoto.pl\/blog\/empikfoto\/2024\/07\/zestaw-plakatow-wlasny-projekt_2-1024x872.jpg\" alt=\"zestaw plakat\u00f3w do salonu - w\u0142asny projekt\" width=\"1024\" height=\"872\" srcset=\"https:\/\/www.empikfoto.pl\/blog\/empikfoto\/2024\/07\/zestaw-plakatow-wlasny-projekt_2-1024x872.jpg 1024w, https:\/\/www.empikfoto.pl\/blog\/empikfoto\/2024\/07\/zestaw-plakatow-wlasny-projekt_2-300x255.jpg 300w, https:\/\/www.empikfoto.pl\/blog\/empikfoto\/2024\/07\/zestaw-plakatow-wlasny-projekt_2-768x654.jpg 768w, https:\/\/www.empikfoto.pl\/blog\/empikfoto\/2024\/07\/zestaw-plakatow-wlasny-projekt_2-1536x1308.jpg 1536w, https:\/\/www.empikfoto.pl\/blog\/empikfoto\/2024\/07\/zestaw-plakatow-wlasny-projekt_2-2048x1744.jpg 2048w, https:\/\/www.empikfoto.pl\/blog\/empikfoto\/2024\/07\/zestaw-plakatow-wlasny-projekt_2-400x341.jpg 400w\" sizes=\"auto, (max-width: 1024px) 100vw, 1024px\" \/><\/p>\n<h2>Zestaw 3 plakat\u00f3w do salonu \u2013 pomys\u0142y aran\u017cacji<\/h2>\n<p><span data-contrast=\"auto\">Cho\u0107 w naszych sercach bije prostota i symetria, i najch\u0119tniej powiesiliby\u015bmy plakaty w r\u00f3wnej linii obok siebie, wiemy, \u017ce czasem w pomieszczeniu brakuje odrobiny szale\u0144stwa. Odwa\u017c si\u0119 na powiew \u015bwie\u017co\u015bci i <strong>skomponuj zestaw<\/strong>, a nast\u0119pnie <strong>powie\u015b go w wybranej aran\u017cacji<\/strong> \u2013 od g\u00f3ry do do\u0142u \u015bciany, w du\u017cych odst\u0119pach mi\u0119dzy ramkami lub po\u0142\u0105cz kilka zestaw\u00f3w i stw\u00f3rz z nich <strong>kola\u017c zdj\u0119\u0107<\/strong> na ca\u0142\u0105 \u015bcian\u0119. Plakatowy, kreatywny rozgardiasz to pi\u0119kna dekoracja salonu dla os\u00f3b, kt\u00f3re nie boj\u0105 si\u0119 eksperymentowa\u0107. Tylko od Twojej wyobra\u017ani zale\u017cy ostateczny wyst\u00f3j salonu, dlatego zasi\u0119gnij inspiracji i dzia\u0142aj!<\/span><\/p>\n","protected":false},"excerpt":{"rendered":"<p>Wn\u0119trze mieszkania potrafi naprawd\u0119 du\u017co zdradzi\u0107 o jego w\u0142a\u015bcicielu. Nie tylko sam jego wystr\u00f3j, ale tak\u017ce detale znajduj\u0105ce si\u0119 w salonie zwracaj\u0105 uwag\u0119 go\u015bci i sk\u0142adaj\u0105 si\u0119 na harmonijne, sp\u00f3jne wn\u0119trze. Ka\u017cda ramka ze zdj\u0119ciem, kolor poduszki na kanapie, \u015bwiecznik czy lampka, cho\u0107 s\u0105 drobnymi elementami \u2013 wyra\u017caj\u0105 nasz gust i identyfikuj\u0105 nas z mieszkaniem. To, co \u015bwietnie prze\u0142amuje wystr\u00f3j to plakaty, a szczeg\u00f3lnie sp\u00f3jne zestawy plakat\u00f3w, najcz\u0119\u015bciej w tr\u00f3jkach, kt\u00f3re wprowadzaj\u0105 \u017cycie do neutralnego wn\u0119trza. Oto kilka naszych propozycji, dzi\u0119ki kt\u00f3rym Tw\u00f3j salon zab\u0142y\u015bnie na nowo.\u00a0 Styl wn\u0119trza a zestaw plakat\u00f3w do salonu Aktualnie we wn\u0119trzach trenduje wiele opcji, np. elementy w stylu boho, vintage\u2019owe starocie i antyki, wielokolorowe lastryko, materia\u0142y w pastelowych kolorach czy nowoczesne neony. Od ilo\u015bci mo\u017cliwo\u015bci potrafi rozbole\u0107 g\u0142owa! Na szcz\u0119\u015bcie niezale\u017cnie od tego, jaki styl reprezentuje Twoje mieszkanie, na Empik Foto znajdziesz zestaw plakat\u00f3w do salonu idealnie dopasowany do Twojego wn\u0119trza.\u00a0 Mocne kolory Na wst\u0119pie, zastan\u00f3w si\u0119 nad kolorystyk\u0105. Je\u015bli Tw\u00f3j salon charakteryzuj\u0105 neutralne kolory i naturalne tkaniny i faktury, spr\u00f3buj prze\u0142ama\u0107 konwencj\u0119 jaskrawym kolorem. Plakaty w pomara\u0144czowo-r\u00f3\u017cowej kolorystyce to hit tego sezonu &#8211; pobudzaj\u0105cy, energetyzuj\u0105cy kolor w po\u0142\u0105czeniu z modnymi, nowoczesnymi grafikami \u015bwietnie prze\u0142amuj\u0105 prostot\u0119 wn\u0119trza! Morskie klimaty Do salonu o morskiej, pla\u017cowej kolorystyce, idealnie sprawdz\u0105 si\u0119 3 plakaty do salonu ukazuj\u0105ce rysunki morza, zdj\u0119cia \u0142\u00f3dek czy rysunki muszelek. B\u0142\u0119kitno-turkusowe barwy pi\u0119knie wyciszaj\u0105 umys\u0142 i pozwalaj\u0105 si\u0119 cho\u0107 na moment przenie\u015b\u0107 nad szumi\u0105cy Ba\u0142tyk.\u00a0 Czer\u0144 i biel Mamy te\u017c co\u015b dla mocno kolorowych wn\u0119trz, w kt\u00f3rych mieszkaj\u0105 prawdziwie kreatywne dusze. Salonowi w takim stylu przyda si\u0119 odrobina spokoju, dlatego zach\u0119camy do si\u0119gni\u0119cia po bogate w szczeg\u00f3\u0142y zodiakalne motywy. Czarno-bia\u0142y wz\u00f3r nie przyt\u0142oczy ju\u017c wystarczaj\u0105co kolorowego wn\u0119trza, jednocze\u015bnie b\u0119d\u0105c stylowym elementem dekoracyjnym o g\u0142\u0119bszym znaczeniu. Je\u015bli tak jak nam, zdarza Ci si\u0119 regularnie przegl\u0105da\u0107 przygotowany dla Ciebie horoskop \u2013 zestaw 3 plakat\u00f3w do salonu w tej tematyce z pewno\u015bci\u0105 przypadnie Ci do gustu!\u00a0 Minimalistyczne wn\u0119trza Dla fan\u00f3w minimalizmu przygotowali\u015bmy kilka pi\u0119knych, delikatnych kolekcji z monochromatyczn\u0105 kolorystyk\u0105. Z my\u015bl\u0105 o estetach, powsta\u0142y kolekcja Simple, kolekcja Balance czy kolekcja Body, Mind, Soul. Te kolekcje charakteryzuje mo\u017cliwo\u015b\u0107 wyboru kolorystyki plakatu, poniewa\u017c np. kolekcj\u0119 Simple mo\u017cna kupi\u0107 w trzech wersjach. Wszystkie te propozycje, cho\u0107 nieco r\u00f3\u017cni\u0105ce si\u0119 w stylistyce, to minimalistyczne grafiki o specjalnie dobranych, surowych czcionkach i geometrycznych kszta\u0142tach. Taki zestaw plakat\u00f3w do salonu b\u0119dzie cieszy\u0107 oko przez d\u0142ugi, d\u0142ugi czas!\u00a0 W\u015br\u00f3d naszych zestaw\u00f3w plakat\u00f3w znajdziecie o wiele wi\u0119cej propozycji, m.in. plakaty do kuchni o w\u0142oskim charakterze, znane dzie\u0142a wielkich malarzy, szalone kola\u017ce czy zwierzakowe, rysunkowe plakaty dla dzieci. Nie martwcie si\u0119 jednak, je\u015bli \u017cadna z naszych propozycji nie przypadnie Wam do gustu. Zawsze taki zestaw plakat\u00f3w do salonu mo\u017cecie zaprojektowa\u0107 zupe\u0142nie sami!\u00a0 3 plakaty do salonu \u2013 stw\u00f3rz w\u0142asny projekt wg swojego pomys\u0142u Plakaty nie musz\u0105 by\u0107 gotow\u0105 grafik\u0105. W Empik Foto mo\u017cesz skorzysta\u0107 z opcji zrobienia plakatu z w\u0142asnego zdj\u0119cia lub z ulubionym napisem \u2013 cytatem, has\u0142em, s\u0142owem. Stw\u00f3rz zestaw 3 plakat\u00f3w do salonu, zestawiaj\u0105c ze sob\u0105 sp\u00f3jne trzy fotografie lub cytaty. W tym pierwszym przypadku, zwr\u00f3\u0107 szczeg\u00f3ln\u0105 uwag\u0119 na kolorystyk\u0119 zdj\u0119\u0107 i na ich charakter. Pi\u0119knie wygl\u0105daj\u0105 kadry w tej samej uroczysto\u015bci, np. trzy ulubione zdj\u0119cia \u015blubne, lub trzy fotografie pochodz\u0105ce z tej samej sesji. Je\u015bli nie b\u0119dzie to mo\u017cliwe, mo\u017cesz pos\u0142u\u017cy\u0107 si\u0119 sp\u00f3jno\u015bci\u0105 wynikaj\u0105c\u0105 z tematyki \u2013 w tym celu wybierz np. trzy fotografie z Waszych wsp\u00f3lnych, g\u00f3rskich wycieczek, lub zdj\u0119cia z rodzinnych wyg\u0142up\u00f3w w domu. By za\u015b uzyska\u0107 sp\u00f3jny zestaw 3 plakat\u00f3w do salonu z cytatami, potrzeba naprawd\u0119 niewiele. Wystarczy, \u017ce b\u0119d\u0105 mia\u0142y jednakow\u0105 czcionk\u0119 lub przestawia\u0142y cytaty w konkretnej konwencji, np. tylko z ulubionych film\u00f3w, albo tylko o tematyce \u201erodzina\u201d. Modne tak\u017ce s\u0105 plakaty a\u2019la wycinki z encyklopedii lub s\u0142ownika, gdzie t\u0142umaczone jest znaczenie danego s\u0142owa. Minimalistyczny raj dla ksi\u0105\u017ckoholik\u00f3w!\u00a0 Zestaw 3 plakat\u00f3w do salonu \u2013 pomys\u0142y aran\u017cacji Cho\u0107 w naszych sercach bije prostota i symetria, i najch\u0119tniej powiesiliby\u015bmy plakaty w r\u00f3wnej linii obok siebie, wiemy, \u017ce czasem w pomieszczeniu brakuje odrobiny szale\u0144stwa. Odwa\u017c si\u0119 na powiew \u015bwie\u017co\u015bci i skomponuj zestaw, a nast\u0119pnie powie\u015b go w wybranej aran\u017cacji \u2013 od g\u00f3ry do do\u0142u \u015bciany, w du\u017cych odst\u0119pach mi\u0119dzy ramkami lub po\u0142\u0105cz kilka zestaw\u00f3w i stw\u00f3rz z nich kola\u017c zdj\u0119\u0107 na ca\u0142\u0105 \u015bcian\u0119. Plakatowy, kreatywny rozgardiasz to pi\u0119kna dekoracja salonu dla os\u00f3b, kt\u00f3re nie boj\u0105 si\u0119 eksperymentowa\u0107. Tylko od Twojej wyobra\u017ani zale\u017cy ostateczny wyst\u00f3j salonu, dlatego zasi\u0119gnij inspiracji i dzia\u0142aj!<\/p>\n","protected":false},"author":16,"featured_media":13996,"comment_status":"closed","ping_status":"closed","sticky":false,"template":"","format":"standard","meta":{"footnotes":""},"categories":[786],"tags":[1160,1164,1125],"class_list":["post-13973","post","type-post","status-publish","format-standard","has-post-thumbnail","hentry","category-inspiracje","tag-plakaty","tag-plakaty-do-salonu","tag-wystroj-wnetrz"],"yoast_head":"<!-- This site is optimized with the Yoast SEO plugin v27.5 - https:\/\/yoast.com\/product\/yoast-seo-wordpress\/ -->\n<title>Zestaw plakat\u00f3w do salonu - jaki wybra\u0107? | Empik Foto<\/title>\n<meta name=\"description\" content=\"Zastanawiasz si\u0119, jaki zestaw plakat\u00f3w do salonu wybra\u0107, aby stworzy\u0107 sp\u00f3jn\u0105 dekoracj\u0119? Sprawd\u017a nasze inspiracje!\" \/>\n<meta name=\"robots\" content=\"index, follow, max-snippet:-1, max-image-preview:large, max-video-preview:-1\" \/>\n<link rel=\"canonical\" href=\"https:\/\/www.empikfoto.pl\/blog\/jaki-zestaw-plakatow-do-salonu-wybrac\/\" \/>\n<meta property=\"og:locale\" content=\"pl_PL\" \/>\n<meta property=\"og:type\" content=\"article\" \/>\n<meta property=\"og:title\" content=\"Zestaw plakat\u00f3w do salonu - jaki wybra\u0107? | Empik Foto\" \/>\n<meta property=\"og:description\" content=\"Zastanawiasz si\u0119, jaki zestaw plakat\u00f3w do salonu wybra\u0107, aby stworzy\u0107 sp\u00f3jn\u0105 dekoracj\u0119? Sprawd\u017a nasze inspiracje!\" \/>\n<meta property=\"og:url\" content=\"https:\/\/www.empikfoto.pl\/blog\/jaki-zestaw-plakatow-do-salonu-wybrac\/\" \/>\n<meta property=\"og:site_name\" content=\"blog.empikfoto.pl\" \/>\n<meta property=\"article:publisher\" content=\"https:\/\/www.facebook.com\/empikfotopl\/\" \/>\n<meta property=\"article:published_time\" content=\"2024-07-16T08:27:52+00:00\" \/>\n<meta property=\"article:modified_time\" content=\"2024-09-24T08:16:25+00:00\" \/>\n<meta property=\"og:image\" content=\"https:\/\/www.empikfoto.pl\/blog\/empikfoto\/2024\/07\/zestaw-3-plakatow-do-salonu-2-scaled.jpg\" \/>\n\t<meta property=\"og:image:width\" content=\"2560\" \/>\n\t<meta property=\"og:image:height\" content=\"2213\" \/>\n\t<meta property=\"og:image:type\" content=\"image\/jpeg\" \/>\n<meta name=\"author\" content=\"Patrycja\" \/>\n<meta name=\"twitter:card\" content=\"summary_large_image\" \/>\n<meta name=\"twitter:creator\" content=\"@empikfoto\" \/>\n<meta name=\"twitter:site\" content=\"@empikfoto\" \/>\n<meta name=\"twitter:label1\" content=\"Napisane przez\" \/>\n\t<meta name=\"twitter:data1\" content=\"Patrycja\" \/>\n\t<meta name=\"twitter:label2\" content=\"Szacowany czas czytania\" \/>\n\t<meta name=\"twitter:data2\" content=\"6 minut\" \/>\n<script type=\"application\/ld+json\" class=\"yoast-schema-graph\">{\"@context\":\"https:\\\/\\\/schema.org\",\"@graph\":[{\"@type\":\"Article\",\"@id\":\"https:\\\/\\\/www.empikfoto.pl\\\/blog\\\/jaki-zestaw-plakatow-do-salonu-wybrac\\\/#article\",\"isPartOf\":{\"@id\":\"https:\\\/\\\/www.empikfoto.pl\\\/blog\\\/jaki-zestaw-plakatow-do-salonu-wybrac\\\/\"},\"author\":{\"name\":\"Patrycja\",\"@id\":\"https:\\\/\\\/www.empikfoto.pl\\\/blog\\\/#\\\/schema\\\/person\\\/0313802ca5dac502e3266853c59632c0\"},\"headline\":\"Jaki zestaw plakat\u00f3w do salonu wybra\u0107? Nasze sprawdzone sety do ka\u017cdego wn\u0119trza\",\"datePublished\":\"2024-07-16T08:27:52+00:00\",\"dateModified\":\"2024-09-24T08:16:25+00:00\",\"mainEntityOfPage\":{\"@id\":\"https:\\\/\\\/www.empikfoto.pl\\\/blog\\\/jaki-zestaw-plakatow-do-salonu-wybrac\\\/\"},\"wordCount\":931,\"image\":{\"@id\":\"https:\\\/\\\/www.empikfoto.pl\\\/blog\\\/jaki-zestaw-plakatow-do-salonu-wybrac\\\/#primaryimage\"},\"thumbnailUrl\":\"https:\\\/\\\/www.empikfoto.pl\\\/blog\\\/empikfoto\\\/2024\\\/07\\\/zestaw-3-plakatow-do-salonu-2-scaled.jpg\",\"keywords\":[\"plakaty\",\"plakaty do salonu\",\"wystr\u00f3j wn\u0119trz\"],\"articleSection\":[\"INSPIRACJE\"],\"inLanguage\":\"pl-PL\"},{\"@type\":\"WebPage\",\"@id\":\"https:\\\/\\\/www.empikfoto.pl\\\/blog\\\/jaki-zestaw-plakatow-do-salonu-wybrac\\\/\",\"url\":\"https:\\\/\\\/www.empikfoto.pl\\\/blog\\\/jaki-zestaw-plakatow-do-salonu-wybrac\\\/\",\"name\":\"Zestaw plakat\u00f3w do salonu - jaki wybra\u0107? | Empik Foto\",\"isPartOf\":{\"@id\":\"https:\\\/\\\/www.empikfoto.pl\\\/blog\\\/#website\"},\"primaryImageOfPage\":{\"@id\":\"https:\\\/\\\/www.empikfoto.pl\\\/blog\\\/jaki-zestaw-plakatow-do-salonu-wybrac\\\/#primaryimage\"},\"image\":{\"@id\":\"https:\\\/\\\/www.empikfoto.pl\\\/blog\\\/jaki-zestaw-plakatow-do-salonu-wybrac\\\/#primaryimage\"},\"thumbnailUrl\":\"https:\\\/\\\/www.empikfoto.pl\\\/blog\\\/empikfoto\\\/2024\\\/07\\\/zestaw-3-plakatow-do-salonu-2-scaled.jpg\",\"datePublished\":\"2024-07-16T08:27:52+00:00\",\"dateModified\":\"2024-09-24T08:16:25+00:00\",\"author\":{\"@id\":\"https:\\\/\\\/www.empikfoto.pl\\\/blog\\\/#\\\/schema\\\/person\\\/0313802ca5dac502e3266853c59632c0\"},\"description\":\"Zastanawiasz si\u0119, jaki zestaw plakat\u00f3w do salonu wybra\u0107, aby stworzy\u0107 sp\u00f3jn\u0105 dekoracj\u0119? Sprawd\u017a nasze inspiracje!\",\"breadcrumb\":{\"@id\":\"https:\\\/\\\/www.empikfoto.pl\\\/blog\\\/jaki-zestaw-plakatow-do-salonu-wybrac\\\/#breadcrumb\"},\"inLanguage\":\"pl-PL\",\"potentialAction\":[{\"@type\":\"ReadAction\",\"target\":[\"https:\\\/\\\/www.empikfoto.pl\\\/blog\\\/jaki-zestaw-plakatow-do-salonu-wybrac\\\/\"]}]},{\"@type\":\"ImageObject\",\"inLanguage\":\"pl-PL\",\"@id\":\"https:\\\/\\\/www.empikfoto.pl\\\/blog\\\/jaki-zestaw-plakatow-do-salonu-wybrac\\\/#primaryimage\",\"url\":\"https:\\\/\\\/www.empikfoto.pl\\\/blog\\\/empikfoto\\\/2024\\\/07\\\/zestaw-3-plakatow-do-salonu-2-scaled.jpg\",\"contentUrl\":\"https:\\\/\\\/www.empikfoto.pl\\\/blog\\\/empikfoto\\\/2024\\\/07\\\/zestaw-3-plakatow-do-salonu-2-scaled.jpg\",\"width\":2560,\"height\":2213},{\"@type\":\"BreadcrumbList\",\"@id\":\"https:\\\/\\\/www.empikfoto.pl\\\/blog\\\/jaki-zestaw-plakatow-do-salonu-wybrac\\\/#breadcrumb\",\"itemListElement\":[{\"@type\":\"ListItem\",\"position\":1,\"name\":\"Strona g\u0142\u00f3wna\",\"item\":\"https:\\\/\\\/www.empikfoto.pl\\\/blog\\\/\"},{\"@type\":\"ListItem\",\"position\":2,\"name\":\"Jaki zestaw plakat\u00f3w do salonu wybra\u0107? Nasze sprawdzone sety do ka\u017cdego wn\u0119trza\"}]},{\"@type\":\"WebSite\",\"@id\":\"https:\\\/\\\/www.empikfoto.pl\\\/blog\\\/#website\",\"url\":\"https:\\\/\\\/www.empikfoto.pl\\\/blog\\\/\",\"name\":\"blog.empikfoto.pl\",\"description\":\"Poznaj empikfoto.pl od \u015brodka! Dowiedz si\u0119 wi\u0119cej o odbitkach, fotoksi\u0105\u017ckach i fotografii.\",\"potentialAction\":[{\"@type\":\"SearchAction\",\"target\":{\"@type\":\"EntryPoint\",\"urlTemplate\":\"https:\\\/\\\/www.empikfoto.pl\\\/blog\\\/?s={search_term_string}\"},\"query-input\":{\"@type\":\"PropertyValueSpecification\",\"valueRequired\":true,\"valueName\":\"search_term_string\"}}],\"inLanguage\":\"pl-PL\"},{\"@type\":\"Person\",\"@id\":\"https:\\\/\\\/www.empikfoto.pl\\\/blog\\\/#\\\/schema\\\/person\\\/0313802ca5dac502e3266853c59632c0\",\"name\":\"Patrycja\",\"image\":{\"@type\":\"ImageObject\",\"inLanguage\":\"pl-PL\",\"@id\":\"https:\\\/\\\/secure.gravatar.com\\\/avatar\\\/f25168e12215ad42f58e5fb72881daaeb57bd4f907081046016f64bf167db59f?s=96&d=identicon&r=g\",\"url\":\"https:\\\/\\\/secure.gravatar.com\\\/avatar\\\/f25168e12215ad42f58e5fb72881daaeb57bd4f907081046016f64bf167db59f?s=96&d=identicon&r=g\",\"contentUrl\":\"https:\\\/\\\/secure.gravatar.com\\\/avatar\\\/f25168e12215ad42f58e5fb72881daaeb57bd4f907081046016f64bf167db59f?s=96&d=identicon&r=g\",\"caption\":\"Patrycja\"},\"url\":\"https:\\\/\\\/www.empikfoto.pl\\\/blog\\\/author\\\/patrycja\\\/\"}]}<\/script>\n<!-- \/ Yoast SEO plugin. -->","yoast_head_json":{"title":"Zestaw plakat\u00f3w do salonu - jaki wybra\u0107? | Empik Foto","description":"Zastanawiasz si\u0119, jaki zestaw plakat\u00f3w do salonu wybra\u0107, aby stworzy\u0107 sp\u00f3jn\u0105 dekoracj\u0119? Sprawd\u017a nasze inspiracje!","robots":{"index":"index","follow":"follow","max-snippet":"max-snippet:-1","max-image-preview":"max-image-preview:large","max-video-preview":"max-video-preview:-1"},"canonical":"https:\/\/www.empikfoto.pl\/blog\/jaki-zestaw-plakatow-do-salonu-wybrac\/","og_locale":"pl_PL","og_type":"article","og_title":"Zestaw plakat\u00f3w do salonu - jaki wybra\u0107? | Empik Foto","og_description":"Zastanawiasz si\u0119, jaki zestaw plakat\u00f3w do salonu wybra\u0107, aby stworzy\u0107 sp\u00f3jn\u0105 dekoracj\u0119? Sprawd\u017a nasze inspiracje!","og_url":"https:\/\/www.empikfoto.pl\/blog\/jaki-zestaw-plakatow-do-salonu-wybrac\/","og_site_name":"blog.empikfoto.pl","article_publisher":"https:\/\/www.facebook.com\/empikfotopl\/","article_published_time":"2024-07-16T08:27:52+00:00","article_modified_time":"2024-09-24T08:16:25+00:00","og_image":[{"width":2560,"height":2213,"url":"https:\/\/www.empikfoto.pl\/blog\/empikfoto\/2024\/07\/zestaw-3-plakatow-do-salonu-2-scaled.jpg","type":"image\/jpeg"}],"author":"Patrycja","twitter_card":"summary_large_image","twitter_creator":"@empikfoto","twitter_site":"@empikfoto","twitter_misc":{"Napisane przez":"Patrycja","Szacowany czas czytania":"6 minut"},"schema":{"@context":"https:\/\/schema.org","@graph":[{"@type":"Article","@id":"https:\/\/www.empikfoto.pl\/blog\/jaki-zestaw-plakatow-do-salonu-wybrac\/#article","isPartOf":{"@id":"https:\/\/www.empikfoto.pl\/blog\/jaki-zestaw-plakatow-do-salonu-wybrac\/"},"author":{"name":"Patrycja","@id":"https:\/\/www.empikfoto.pl\/blog\/#\/schema\/person\/0313802ca5dac502e3266853c59632c0"},"headline":"Jaki zestaw plakat\u00f3w do salonu wybra\u0107? Nasze sprawdzone sety do ka\u017cdego wn\u0119trza","datePublished":"2024-07-16T08:27:52+00:00","dateModified":"2024-09-24T08:16:25+00:00","mainEntityOfPage":{"@id":"https:\/\/www.empikfoto.pl\/blog\/jaki-zestaw-plakatow-do-salonu-wybrac\/"},"wordCount":931,"image":{"@id":"https:\/\/www.empikfoto.pl\/blog\/jaki-zestaw-plakatow-do-salonu-wybrac\/#primaryimage"},"thumbnailUrl":"https:\/\/www.empikfoto.pl\/blog\/empikfoto\/2024\/07\/zestaw-3-plakatow-do-salonu-2-scaled.jpg","keywords":["plakaty","plakaty do salonu","wystr\u00f3j wn\u0119trz"],"articleSection":["INSPIRACJE"],"inLanguage":"pl-PL"},{"@type":"WebPage","@id":"https:\/\/www.empikfoto.pl\/blog\/jaki-zestaw-plakatow-do-salonu-wybrac\/","url":"https:\/\/www.empikfoto.pl\/blog\/jaki-zestaw-plakatow-do-salonu-wybrac\/","name":"Zestaw plakat\u00f3w do salonu - jaki wybra\u0107? | Empik Foto","isPartOf":{"@id":"https:\/\/www.empikfoto.pl\/blog\/#website"},"primaryImageOfPage":{"@id":"https:\/\/www.empikfoto.pl\/blog\/jaki-zestaw-plakatow-do-salonu-wybrac\/#primaryimage"},"image":{"@id":"https:\/\/www.empikfoto.pl\/blog\/jaki-zestaw-plakatow-do-salonu-wybrac\/#primaryimage"},"thumbnailUrl":"https:\/\/www.empikfoto.pl\/blog\/empikfoto\/2024\/07\/zestaw-3-plakatow-do-salonu-2-scaled.jpg","datePublished":"2024-07-16T08:27:52+00:00","dateModified":"2024-09-24T08:16:25+00:00","author":{"@id":"https:\/\/www.empikfoto.pl\/blog\/#\/schema\/person\/0313802ca5dac502e3266853c59632c0"},"description":"Zastanawiasz si\u0119, jaki zestaw plakat\u00f3w do salonu wybra\u0107, aby stworzy\u0107 sp\u00f3jn\u0105 dekoracj\u0119? Sprawd\u017a nasze inspiracje!","breadcrumb":{"@id":"https:\/\/www.empikfoto.pl\/blog\/jaki-zestaw-plakatow-do-salonu-wybrac\/#breadcrumb"},"inLanguage":"pl-PL","potentialAction":[{"@type":"ReadAction","target":["https:\/\/www.empikfoto.pl\/blog\/jaki-zestaw-plakatow-do-salonu-wybrac\/"]}]},{"@type":"ImageObject","inLanguage":"pl-PL","@id":"https:\/\/www.empikfoto.pl\/blog\/jaki-zestaw-plakatow-do-salonu-wybrac\/#primaryimage","url":"https:\/\/www.empikfoto.pl\/blog\/empikfoto\/2024\/07\/zestaw-3-plakatow-do-salonu-2-scaled.jpg","contentUrl":"https:\/\/www.empikfoto.pl\/blog\/empikfoto\/2024\/07\/zestaw-3-plakatow-do-salonu-2-scaled.jpg","width":2560,"height":2213},{"@type":"BreadcrumbList","@id":"https:\/\/www.empikfoto.pl\/blog\/jaki-zestaw-plakatow-do-salonu-wybrac\/#breadcrumb","itemListElement":[{"@type":"ListItem","position":1,"name":"Strona g\u0142\u00f3wna","item":"https:\/\/www.empikfoto.pl\/blog\/"},{"@type":"ListItem","position":2,"name":"Jaki zestaw plakat\u00f3w do salonu wybra\u0107? Nasze sprawdzone sety do ka\u017cdego wn\u0119trza"}]},{"@type":"WebSite","@id":"https:\/\/www.empikfoto.pl\/blog\/#website","url":"https:\/\/www.empikfoto.pl\/blog\/","name":"blog.empikfoto.pl","description":"Poznaj empikfoto.pl od \u015brodka! Dowiedz si\u0119 wi\u0119cej o odbitkach, fotoksi\u0105\u017ckach i fotografii.","potentialAction":[{"@type":"SearchAction","target":{"@type":"EntryPoint","urlTemplate":"https:\/\/www.empikfoto.pl\/blog\/?s={search_term_string}"},"query-input":{"@type":"PropertyValueSpecification","valueRequired":true,"valueName":"search_term_string"}}],"inLanguage":"pl-PL"},{"@type":"Person","@id":"https:\/\/www.empikfoto.pl\/blog\/#\/schema\/person\/0313802ca5dac502e3266853c59632c0","name":"Patrycja","image":{"@type":"ImageObject","inLanguage":"pl-PL","@id":"https:\/\/secure.gravatar.com\/avatar\/f25168e12215ad42f58e5fb72881daaeb57bd4f907081046016f64bf167db59f?s=96&d=identicon&r=g","url":"https:\/\/secure.gravatar.com\/avatar\/f25168e12215ad42f58e5fb72881daaeb57bd4f907081046016f64bf167db59f?s=96&d=identicon&r=g","contentUrl":"https:\/\/secure.gravatar.com\/avatar\/f25168e12215ad42f58e5fb72881daaeb57bd4f907081046016f64bf167db59f?s=96&d=identicon&r=g","caption":"Patrycja"},"url":"https:\/\/www.empikfoto.pl\/blog\/author\/patrycja\/"}]}},"amp_enabled":true,"_links":{"self":[{"href":"https:\/\/www.empikfoto.pl\/blog\/wp-json\/wp\/v2\/posts\/13973","targetHints":{"allow":["GET"]}}],"collection":[{"href":"https:\/\/www.empikfoto.pl\/blog\/wp-json\/wp\/v2\/posts"}],"about":[{"href":"https:\/\/www.empikfoto.pl\/blog\/wp-json\/wp\/v2\/types\/post"}],"author":[{"embeddable":true,"href":"https:\/\/www.empikfoto.pl\/blog\/wp-json\/wp\/v2\/users\/16"}],"replies":[{"embeddable":true,"href":"https:\/\/www.empikfoto.pl\/blog\/wp-json\/wp\/v2\/comments?post=13973"}],"version-history":[{"count":9,"href":"https:\/\/www.empikfoto.pl\/blog\/wp-json\/wp\/v2\/posts\/13973\/revisions"}],"predecessor-version":[{"id":13993,"href":"https:\/\/www.empikfoto.pl\/blog\/wp-json\/wp\/v2\/posts\/13973\/revisions\/13993"}],"wp:featuredmedia":[{"embeddable":true,"href":"https:\/\/www.empikfoto.pl\/blog\/wp-json\/wp\/v2\/media\/13996"}],"wp:attachment":[{"href":"https:\/\/www.empikfoto.pl\/blog\/wp-json\/wp\/v2\/media?parent=13973"}],"wp:term":[{"taxonomy":"category","embeddable":true,"href":"https:\/\/www.empikfoto.pl\/blog\/wp-json\/wp\/v2\/categories?post=13973"},{"taxonomy":"post_tag","embeddable":true,"href":"https:\/\/www.empikfoto.pl\/blog\/wp-json\/wp\/v2\/tags?post=13973"}],"curies":[{"name":"wp","href":"https:\/\/api.w.org\/{rel}","templated":true}]}}