{"id":14139,"date":"2024-11-07T15:40:01","date_gmt":"2024-11-07T14:40:01","guid":{"rendered":"https:\/\/www.empikfoto.pl\/blog\/?p=14139"},"modified":"2024-11-07T15:43:13","modified_gmt":"2024-11-07T14:43:13","slug":"prezent-dla-dziadkow-na-swieta-pomysly-na-upominki-pelne-wspomnien","status":"publish","type":"post","link":"https:\/\/www.empikfoto.pl\/blog\/prezent-dla-dziadkow-na-swieta-pomysly-na-upominki-pelne-wspomnien\/","title":{"rendered":"Prezent dla dziadk\u00f3w na \u015bwi\u0119ta &#8211; pomys\u0142y na upominki pe\u0142ne wspomnie\u0144"},"content":{"rendered":"<p><span data-contrast=\"auto\">\u015awi\u0119ta Bo\u017cego Narodzenia to wyj\u0105tkowy moment w roku, kiedy pragniemy, aby nasi bliscy poczuli si\u0119 kochani i docenieni. Poprzez prezenty staramy si\u0119 wyrazi\u0107 nasz\u0105 <\/span><b><span data-contrast=\"auto\">mi\u0142o\u015b\u0107 i wdzi\u0119czno\u015b\u0107<\/span><\/b><span data-contrast=\"auto\">, a tak\u017ce po prostu <\/span><b><span data-contrast=\"auto\">sprawi\u0107 rado\u015b\u0107<\/span><\/b><span data-contrast=\"auto\"> wa\u017cnej dla nas osobie. Dziadkowie pe\u0142ni\u0105 szczeg\u00f3ln\u0105 rol\u0119 w naszym \u017cyciu, dlatego warto, aby \u015bwi\u0105teczne <\/span><b><span data-contrast=\"auto\">upominki dla dziadk\u00f3w<\/span><\/b><span data-contrast=\"auto\"> by\u0142y nie tylko <\/span><b><span data-contrast=\"auto\">praktyczne, <\/span><\/b><span data-contrast=\"auto\">ale przede wszystkim<\/span><b><span data-contrast=\"auto\"> pe\u0142ne emocji i sentymentu<\/span><\/b><span data-contrast=\"auto\">. Jak wi\u0119c znale\u017a\u0107 odpowiedni <a href=\"https:\/\/www.empikfoto.pl\/prezenty-swiateczne\">prezent dla dziadk\u00f3w na \u015bwi\u0119ta<\/a>, kt\u00f3ry <\/span><b><span data-contrast=\"auto\">wzruszy i rozgrzeje ich serca<\/span><\/b><span data-contrast=\"auto\">? Sprawd\u017a nasze inspiracje!<\/span><span data-ccp-props=\"{}\">\u00a0<\/span><\/p>\r\n<h2 aria-level=\"2\"><span data-contrast=\"auto\">Zdj\u0119cie w ramce &#8211; zawsze trafiony prezent dla dziadk\u00f3w na \u015bwi\u0119ta<\/span><span data-ccp-props=\"{&quot;134245418&quot;:true,&quot;134245529&quot;:true,&quot;335559738&quot;:360,&quot;335559739&quot;:120}\">\u00a0<\/span><\/h2>\r\n<p><span data-contrast=\"auto\">Co\u015b w tym jest, \u017ce osoby w wieku dojrza\u0142ym, kt\u00f3re maj\u0105 wi\u0119kszy baga\u017c do\u015bwiadcze\u0144 i ogrom wspomnie\u0144, staj\u0105 si\u0119 <\/span><b><span data-contrast=\"auto\">bardziej sentymentalne<\/span><\/b><span data-contrast=\"auto\">. Dziadkowie przywi\u0105zuj\u0105 jeszcze wi\u0119ksz\u0105 wag\u0119 do chwil sprzed lat \u2013 tych zwi\u0105zanych z m\u0142odo\u015bci\u0105, wa\u017cnymi wydarzeniami rodzinnymi, dorastaniem dzieci i narodzinami wnuk\u00f3w. Otaczanie si\u0119 <\/span><b><span data-contrast=\"auto\">zdj\u0119ciami bliskich przywo\u0142uje te pi\u0119kne wspomnienia i daje poczucie obecno\u015bci <\/span><\/b><span data-contrast=\"auto\">ukochanych os\u00f3b na co dzie\u0144.\u00a0<\/span><span data-ccp-props=\"{}\">\u00a0<\/span><\/p>\r\n<p><b><span data-contrast=\"auto\">Zdj\u0119cie w ramce<\/span><\/b><span data-contrast=\"auto\">, cho\u0107 mo\u017ce wydawa\u0107 si\u0119 skromnym, prostym i ma\u0142o wyszukanym podarunkiem, w rzeczywisto\u015bci mo\u017ce mie\u0107 dla Twoich dziadk\u00f3w szczeg\u00f3lne znaczenie i <\/span><b><span data-contrast=\"auto\">wype\u0142ni\u0107 ich przestrze\u0144 ciep\u0142em rodzinnych wi\u0119zi i wspomnie\u0144<\/span><\/b><span data-contrast=\"auto\">. Wybierz ozdobn\u0105 lub <a href=\"https:\/\/www.empikfoto.pl\/ramki-klasyczne\">klasyczn\u0105 ramk\u0119<\/a>, dopasowan\u0105 do wystroju ich wn\u0119trza, i umie\u015b\u0107 w niej <a href=\"https:\/\/www.empikfoto.pl\/odbitki\">wywo\u0142ane zdj\u0119cie<\/a>, kt\u00f3re b\u0119dzie mia\u0142o dla nich wyj\u0105tkow\u0105 warto\u015b\u0107. Mo\u017ce to by\u0107 f<\/span><b><span data-contrast=\"auto\">otografia z czas\u00f3w m\u0142odo\u015bci,<\/span><\/b><span data-contrast=\"auto\"> uwieczniaj\u0105ca ich wsp\u00f3lne podr\u00f3\u017ce czy pasje lub <\/span><b><span data-contrast=\"auto\">portret wnuk\u00f3w<\/span><\/b><span data-contrast=\"auto\">, kt\u00f3ry ka\u017cdego dnia b\u0119dzie przypomina\u0107 im o rado\u015bci bycia dziadkami.<\/span><span data-ccp-props=\"{}\">\u00a0<\/span><\/p>\r\n<p><img loading=\"lazy\" decoding=\"async\" class=\"aligncenter wp-image-14143 size-full\" src=\"https:\/\/www.empikfoto.pl\/blog\/empikfoto\/2024\/11\/baner_odbitki_swoeta-1.jpg\" alt=\"zdj\u0119cie w ramce jako prezent dla dziadk\u00f3w na \u015bwi\u0119ta\" width=\"816\" height=\"480\" srcset=\"https:\/\/www.empikfoto.pl\/blog\/empikfoto\/2024\/11\/baner_odbitki_swoeta-1.jpg 816w, https:\/\/www.empikfoto.pl\/blog\/empikfoto\/2024\/11\/baner_odbitki_swoeta-1-300x176.jpg 300w, https:\/\/www.empikfoto.pl\/blog\/empikfoto\/2024\/11\/baner_odbitki_swoeta-1-768x452.jpg 768w, https:\/\/www.empikfoto.pl\/blog\/empikfoto\/2024\/11\/baner_odbitki_swoeta-1-400x235.jpg 400w\" sizes=\"auto, (max-width: 816px) 100vw, 816px\" \/><\/p>\r\n<h2 aria-level=\"2\"><span data-contrast=\"auto\">Kalendarz z rodzinnymi zdj\u0119ciami &#8211; prezent, kt\u00f3ry umili ca\u0142y rok\u00a0\u00a0<\/span><span data-ccp-props=\"{&quot;134245418&quot;:true,&quot;134245529&quot;:true,&quot;335559738&quot;:360,&quot;335559739&quot;:120}\">\u00a0<\/span><\/h2>\r\n<p><span data-contrast=\"auto\">Twoi dziadkowie z pewno\u015bci\u0105 korzystaj\u0105 z <\/span><b><span data-contrast=\"auto\">tradycyjnych kalendarzy<\/span><\/b><span data-contrast=\"auto\">, kt\u00f3re mog\u0105 zawiesi\u0107 w zasi\u0119gu wzroku, by by\u0107 na bie\u017c\u0105co z aktualnymi wydarzeniami i wa\u017cnymi dla nich datami. Zwyk\u0142y kalendarz mo\u017ce jednak sta\u0107 si\u0119 czym\u015b wi\u0119cej ni\u017c tylko narz\u0119dziem do organizacji czasu, gdy ozdobimy go<\/span><b><span data-contrast=\"auto\"> rodzinnymi fotografiami<\/span><\/b><span data-contrast=\"auto\">, kt\u00f3re ka\u017cdego dnia b\u0119d\u0105 przenosi\u0107 Twoich dziadk\u00f3w my\u015blami do najpi\u0119kniejszych chwil sp\u0119dzonych z bliskimi. Ka\u017cdy miesi\u0105c mo\u017ce nie\u015b\u0107 ze sob\u0105 inne wspomnienie &#8211; od letnich wakacji, przez radosne momenty z wnukami, a\u017c po wa\u017cne wydarzenia z m\u0142odo\u015bci, kt\u00f3re ukszta\u0142towa\u0142y ich \u017cycie.<\/span><span data-ccp-props=\"{}\">\u00a0<\/span><\/p>\r\n<p><span data-contrast=\"auto\">Zaprojektuj <\/span><a href=\"https:\/\/www.empikfoto.pl\/fotokalendarze\"><b><span data-contrast=\"auto\">personalizowany kalendarz <\/span><\/b><\/a><span data-contrast=\"auto\">pe\u0142en uj\u0119\u0107, kt\u00f3re oddaj\u0105 pasje dziadk\u00f3w i ich relacje rodzinne. Czas \u015bwi\u0105teczny to idealny moment na wr\u0119czenie takiego prezentu, poniewa\u017c wielkimi krokami zbli\u017ca si\u0119 koniec roku kalendarzowego. Spraw swoim dziadkom prezent, kt\u00f3ry jest <\/span><b><span data-contrast=\"auto\">praktyczny, sentymentalny i pe\u0142ny emocji<\/span><\/b><span data-contrast=\"auto\">, a jednocze\u015bnie wzbogaci przestrze\u0144 ich domu.<\/span><span data-ccp-props=\"{}\">\u00a0<\/span><\/p>\r\n<p><img loading=\"lazy\" decoding=\"async\" class=\"aligncenter size-large wp-image-14145\" src=\"https:\/\/www.empikfoto.pl\/blog\/empikfoto\/2024\/11\/kalendarz-prezent-dla-dziadkow-na-swieta-1024x672.jpg\" alt=\"kalendarz - co kupi\u0107 dziadkom na \u015bwi\u0119ta\" width=\"1024\" height=\"672\" srcset=\"https:\/\/www.empikfoto.pl\/blog\/empikfoto\/2024\/11\/kalendarz-prezent-dla-dziadkow-na-swieta-1024x672.jpg 1024w, https:\/\/www.empikfoto.pl\/blog\/empikfoto\/2024\/11\/kalendarz-prezent-dla-dziadkow-na-swieta-300x197.jpg 300w, https:\/\/www.empikfoto.pl\/blog\/empikfoto\/2024\/11\/kalendarz-prezent-dla-dziadkow-na-swieta-768x504.jpg 768w, https:\/\/www.empikfoto.pl\/blog\/empikfoto\/2024\/11\/kalendarz-prezent-dla-dziadkow-na-swieta-400x262.jpg 400w, https:\/\/www.empikfoto.pl\/blog\/empikfoto\/2024\/11\/kalendarz-prezent-dla-dziadkow-na-swieta.jpg 1050w\" sizes=\"auto, (max-width: 1024px) 100vw, 1024px\" \/><\/p>\r\n<h2 aria-level=\"2\"><span data-contrast=\"auto\">Kubki dla dziadk\u00f3w &#8211; \u015bwi\u0105teczne chwile pe\u0142ne ciep\u0142a<\/span><span data-ccp-props=\"{&quot;134245418&quot;:true,&quot;134245529&quot;:true,&quot;335559738&quot;:360,&quot;335559739&quot;:120}\">\u00a0<\/span><\/h2>\r\n<p><span data-contrast=\"auto\">Kubki to element codziennego \u017cycia, kt\u00f3ry towarzyszy dziadkom podczas porannej kawy czy popo\u0142udniowej herbaty. Warto zadba\u0107 o to, aby te proste rytua\u0142y by\u0142y dla nich jeszcze bardziej wyj\u0105tkowe, szczeg\u00f3lnie w okresie \u015bwi\u0105tecznym, kiedy blisko\u015b\u0107 i mi\u0142o\u015b\u0107 staj\u0105 si\u0119 szczeg\u00f3lnie istotne.\u00a0<\/span><span data-ccp-props=\"{}\">\u00a0<\/span><\/p>\r\n<p><a href=\"https:\/\/www.empikfoto.pl\/kubki\/swieta\"><b><span data-contrast=\"auto\">Personalizowane kubki \u015bwi\u0105teczne<\/span><\/b><\/a><span data-contrast=\"auto\">, na kt\u00f3rych mo\u017cesz umie\u015bci\u0107 <\/span><b><span data-contrast=\"auto\">imiona dziadk\u00f3w, ich fotografie z m\u0142odo\u015bci, <\/span><\/b><span data-contrast=\"auto\">czy<\/span><b><span data-contrast=\"auto\"> wsp\u00f3lne zdj\u0119cia z wnukami<\/span><\/b><span data-contrast=\"auto\"> to wspania\u0142y spos\u00f3b, aby umili\u0107 dziadkom codzienno\u015b\u0107. Ka\u017cdy \u0142yk napoju z takiego kubka b\u0119dzie przypomina\u0107 im o wa\u017cnych chwilach sp\u0119dzonych z rodzin\u0105 i to nie tylko w \u015bwi\u0119ta, ale r\u00f3wnie\u017c na co dzie\u0144.\u00a0<\/span><span data-ccp-props=\"{}\">\u00a0<\/span><\/p>\r\n<p><span data-contrast=\"auto\">\u015awietnym pomys\u0142em b\u0119dzie stworzenie<\/span><b><span data-contrast=\"auto\"> unikatowego zestawu kubk\u00f3w dla babci i dziadka<\/span><\/b><span data-contrast=\"auto\">, kt\u00f3re b\u0119d\u0105 idealnie do siebie pasowa\u0107 i podkre\u015bl\u0105 ich wyj\u0105tkow\u0105 wi\u0119\u017a. Na kubku dla babci mo\u017cesz umie\u015bci\u0107 <\/span><b><span data-contrast=\"auto\">ciep\u0142e wyznanie<\/span><\/b><span data-contrast=\"auto\">, takie jak: \u201eNajlepsza Babcia pod s\u0142o\u0144cem \u2013 rozgrzewasz nasze serca jak gor\u0105ca herbatka\u201d, a dla dziadka: \u201eDziadek o wielkim sercu \u2013 zawsze gotowy na przytulanie i herbat\u0119 z wnukami\u201d. Taki <\/span><b><span data-contrast=\"auto\">zestaw kubk\u00f3w z osobistymi dedykacjami <\/span><\/b><span data-contrast=\"auto\">sprawi, \u017ce ka\u017cdy poranek b\u0119dzie dla nich mi\u0142ym przypomnieniem o rodzinnej mi\u0142o\u015bci.<\/span><span data-ccp-props=\"{}\">\u00a0<\/span><\/p>\r\n<p><img loading=\"lazy\" decoding=\"async\" class=\"aligncenter size-large wp-image-14148\" src=\"https:\/\/www.empikfoto.pl\/blog\/empikfoto\/2024\/11\/kubek-prezent-dla-dziadkow-na-swieta-1-1024x706.jpg\" alt=\"co kupi\u0107 dziadkom na \u015bwi\u0119ta? kubek ze zdj\u0119ciem\" width=\"1024\" height=\"706\" srcset=\"https:\/\/www.empikfoto.pl\/blog\/empikfoto\/2024\/11\/kubek-prezent-dla-dziadkow-na-swieta-1-1024x706.jpg 1024w, https:\/\/www.empikfoto.pl\/blog\/empikfoto\/2024\/11\/kubek-prezent-dla-dziadkow-na-swieta-1-300x207.jpg 300w, https:\/\/www.empikfoto.pl\/blog\/empikfoto\/2024\/11\/kubek-prezent-dla-dziadkow-na-swieta-1-768x529.jpg 768w, https:\/\/www.empikfoto.pl\/blog\/empikfoto\/2024\/11\/kubek-prezent-dla-dziadkow-na-swieta-1-1536x1059.jpg 1536w, https:\/\/www.empikfoto.pl\/blog\/empikfoto\/2024\/11\/kubek-prezent-dla-dziadkow-na-swieta-1-2048x1412.jpg 2048w, https:\/\/www.empikfoto.pl\/blog\/empikfoto\/2024\/11\/kubek-prezent-dla-dziadkow-na-swieta-1-400x276.jpg 400w\" sizes=\"auto, (max-width: 1024px) 100vw, 1024px\" \/><\/p>\r\n<h2 aria-level=\"2\"><span data-contrast=\"auto\">Kartka z \u017cyczeniami &#8211; dla dziadk\u00f3w, kt\u00f3rzy mieszkaj\u0105 daleko\u00a0<\/span><span data-ccp-props=\"{&quot;134245418&quot;:true,&quot;134245529&quot;:true,&quot;335559738&quot;:360,&quot;335559739&quot;:120}\">\u00a0<\/span><\/h2>\r\n<p><span data-contrast=\"auto\">Kartka z \u017cyczeniami to niezwyk\u0142y spos\u00f3b na okazanie <\/span><b><span data-contrast=\"auto\">pami\u0119ci i mi\u0142o\u015bci dla dziadk\u00f3w<\/span><\/b><span data-contrast=\"auto\">, <\/span><b><span data-contrast=\"auto\">kt\u00f3rzy mieszkaj\u0105 daleko.<\/span><\/b><span data-contrast=\"auto\"> Cho\u0107 nie mo\u017cecie sp\u0119dzi\u0107 wsp\u00f3lnych \u015bwi\u0105t, osobiste s\u0142owa i serdeczne \u017cyczenia mog\u0105 zdzia\u0142a\u0107 prawdziwe cuda.<\/span><a href=\"https:\/\/www.empikfoto.pl\/fotokartki-swiateczne\"><b><span data-contrast=\"auto\"> Personalizowana kartka \u015bwi\u0105teczna <\/span><\/b><\/a><span data-contrast=\"auto\">pozwala stworzy\u0107 wyj\u0105tkowy projekt, w kt\u00f3rym zawrzesz <\/span><b><span data-contrast=\"auto\">nie tylko s\u0142owa, ale tak\u017ce wsp\u00f3lne wspomnienia<\/span><\/b><span data-contrast=\"auto\">.<\/span><span data-ccp-props=\"{}\">\u00a0<\/span><\/p>\r\n<p><span data-contrast=\"auto\">Dzi\u0119ki mo\u017cliwo\u015bci samodzielnego zaprojektowania kartki, mo\u017cesz nanie\u015b\u0107 na ni\u0105 <\/span><b><span data-contrast=\"auto\">ulubione zdj\u0119cia, sentymentalne grafiki, inspiruj\u0105ce cytaty, czy rysunki wnuk\u00f3w<\/span><\/b><span data-contrast=\"auto\">, sprawiaj\u0105c, \u017ce stanie si\u0119 ona <\/span><b><span data-contrast=\"auto\">warto\u015bciow\u0105 pami\u0105tk\u0105<\/span><\/b><span data-contrast=\"auto\">.<\/span><span data-ccp-props=\"{}\">\u00a0<\/span><\/p>\r\n<p><span data-contrast=\"auto\">Pami\u0119taj, aby w tre\u015bci kartki podkre\u015bli\u0107, jak bardzo cenisz swoich dziadk\u00f3w i jak wiele dla Ciebie znacz\u0105. Taki gest z pewno\u015bci\u0105 przyniesie im nie tylko rado\u015b\u0107, ale r\u00f3wnie\u017c wzmocni Wasze wi\u0119zi, pokazuj\u0105c, \u017ce mi\u0142o\u015b\u0107 i blisko\u015b\u0107 nie znaj\u0105 granic.<\/span><span data-ccp-props=\"{}\">\u00a0<\/span><\/p>\r\n<p><img loading=\"lazy\" decoding=\"async\" class=\"aligncenter wp-image-13230 size-large\" src=\"https:\/\/www.empikfoto.pl\/blog\/empikfoto\/2022\/11\/DSC0923-1024x614.jpg\" alt=\"kartka z \u017cyczeniami jako prezent dla dziadk\u00f3w na \u015bwi\u0119ta\" width=\"1024\" height=\"614\" srcset=\"https:\/\/www.empikfoto.pl\/blog\/empikfoto\/2022\/11\/DSC0923-1024x614.jpg 1024w, https:\/\/www.empikfoto.pl\/blog\/empikfoto\/2022\/11\/DSC0923-300x180.jpg 300w, https:\/\/www.empikfoto.pl\/blog\/empikfoto\/2022\/11\/DSC0923-768x461.jpg 768w, https:\/\/www.empikfoto.pl\/blog\/empikfoto\/2022\/11\/DSC0923-1536x922.jpg 1536w, https:\/\/www.empikfoto.pl\/blog\/empikfoto\/2022\/11\/DSC0923-2048x1229.jpg 2048w, https:\/\/www.empikfoto.pl\/blog\/empikfoto\/2022\/11\/DSC0923-400x240.jpg 400w\" sizes=\"auto, (max-width: 1024px) 100vw, 1024px\" \/><\/p>\r\n<p><b><span data-contrast=\"auto\">Co kupi\u0107 dziadkom na \u015bwi\u0119ta?<\/span><\/b><span data-contrast=\"auto\"> \u015awi\u0105teczne upominki warto wybiera\u0107<\/span><b><span data-contrast=\"auto\"> z sercem<\/span><\/b><span data-contrast=\"auto\"> \u2013 niech b\u0119d\u0105 pe\u0142ne mi\u0142o\u015bci i osobistego znaczenia. <\/span><b><span data-contrast=\"auto\">Wzruszaj\u0105cy prezent dla dziadk\u00f3w na \u015bwi\u0119ta <\/span><\/b><span data-contrast=\"auto\">mo\u017ce by\u0107 prosty, jak<\/span><b><span data-contrast=\"auto\"> zdj\u0119cie w ramce, kalendarz z rodzinnymi fotografiami lub personalizowany kubek<\/span><\/b><span data-contrast=\"auto\">. Wa\u017cne, aby podarunek odzwierciedla\u0142 ich pasje i wyj\u0105tkowe wi\u0119zi rodzinne. Takie prezenty nios\u0105 wi\u0119cej ni\u017c tylko mi\u0142e wspomnienia, ale tak\u017ce sprawiaj\u0105, \u017ce <\/span><b><span data-contrast=\"auto\">\u015bwi\u0119ta staj\u0105 si\u0119 niezapomniane i przepe\u0142nione blisko\u015bci\u0105<\/span><\/b><span data-contrast=\"auto\">.<\/span><span data-ccp-props=\"{}\">\u00a0<\/span><\/p>\r\n\r\n<p>&nbsp;<\/p>\r\n","protected":false},"excerpt":{"rendered":"<p>\u015awi\u0119ta Bo\u017cego Narodzenia to wyj\u0105tkowy moment w roku, kiedy pragniemy, aby nasi bliscy poczuli si\u0119 kochani i docenieni. Poprzez prezenty staramy si\u0119 wyrazi\u0107 nasz\u0105 mi\u0142o\u015b\u0107 i wdzi\u0119czno\u015b\u0107, a tak\u017ce po prostu sprawi\u0107 rado\u015b\u0107 wa\u017cnej dla nas osobie. Dziadkowie pe\u0142ni\u0105 szczeg\u00f3ln\u0105 rol\u0119 w naszym \u017cyciu, dlatego warto, aby \u015bwi\u0105teczne upominki dla dziadk\u00f3w by\u0142y nie tylko praktyczne, ale przede wszystkim pe\u0142ne emocji i sentymentu. Jak wi\u0119c znale\u017a\u0107 odpowiedni prezent dla dziadk\u00f3w na \u015bwi\u0119ta, kt\u00f3ry wzruszy i rozgrzeje ich serca? Sprawd\u017a nasze inspiracje!\u00a0 Zdj\u0119cie w ramce &#8211; zawsze trafiony prezent dla dziadk\u00f3w na \u015bwi\u0119ta\u00a0 Co\u015b w tym jest, \u017ce osoby w wieku dojrza\u0142ym, kt\u00f3re maj\u0105 wi\u0119kszy baga\u017c do\u015bwiadcze\u0144 i ogrom wspomnie\u0144, staj\u0105 si\u0119 bardziej sentymentalne. Dziadkowie przywi\u0105zuj\u0105 jeszcze wi\u0119ksz\u0105 wag\u0119 do chwil sprzed lat \u2013 tych zwi\u0105zanych z m\u0142odo\u015bci\u0105, wa\u017cnymi wydarzeniami rodzinnymi, dorastaniem dzieci i narodzinami wnuk\u00f3w. Otaczanie si\u0119 zdj\u0119ciami bliskich przywo\u0142uje te pi\u0119kne wspomnienia i daje poczucie obecno\u015bci ukochanych os\u00f3b na co dzie\u0144.\u00a0\u00a0 Zdj\u0119cie w ramce, cho\u0107 mo\u017ce wydawa\u0107 si\u0119 skromnym, prostym i ma\u0142o wyszukanym podarunkiem, w rzeczywisto\u015bci mo\u017ce mie\u0107 dla Twoich dziadk\u00f3w szczeg\u00f3lne znaczenie i wype\u0142ni\u0107 ich przestrze\u0144 ciep\u0142em rodzinnych wi\u0119zi i wspomnie\u0144. Wybierz ozdobn\u0105 lub klasyczn\u0105 ramk\u0119, dopasowan\u0105 do wystroju ich wn\u0119trza, i umie\u015b\u0107 w niej wywo\u0142ane zdj\u0119cie, kt\u00f3re b\u0119dzie mia\u0142o dla nich wyj\u0105tkow\u0105 warto\u015b\u0107. Mo\u017ce to by\u0107 fotografia z czas\u00f3w m\u0142odo\u015bci, uwieczniaj\u0105ca ich wsp\u00f3lne podr\u00f3\u017ce czy pasje lub portret wnuk\u00f3w, kt\u00f3ry ka\u017cdego dnia b\u0119dzie przypomina\u0107 im o rado\u015bci bycia dziadkami.\u00a0 Kalendarz z rodzinnymi zdj\u0119ciami &#8211; prezent, kt\u00f3ry umili ca\u0142y rok\u00a0\u00a0\u00a0 Twoi dziadkowie z pewno\u015bci\u0105 korzystaj\u0105 z tradycyjnych kalendarzy, kt\u00f3re mog\u0105 zawiesi\u0107 w zasi\u0119gu wzroku, by by\u0107 na bie\u017c\u0105co z aktualnymi wydarzeniami i wa\u017cnymi dla nich datami. Zwyk\u0142y kalendarz mo\u017ce jednak sta\u0107 si\u0119 czym\u015b wi\u0119cej ni\u017c tylko narz\u0119dziem do organizacji czasu, gdy ozdobimy go rodzinnymi fotografiami, kt\u00f3re ka\u017cdego dnia b\u0119d\u0105 przenosi\u0107 Twoich dziadk\u00f3w my\u015blami do najpi\u0119kniejszych chwil sp\u0119dzonych z bliskimi. Ka\u017cdy miesi\u0105c mo\u017ce nie\u015b\u0107 ze sob\u0105 inne wspomnienie &#8211; od letnich wakacji, przez radosne momenty z wnukami, a\u017c po wa\u017cne wydarzenia z m\u0142odo\u015bci, kt\u00f3re ukszta\u0142towa\u0142y ich \u017cycie.\u00a0 Zaprojektuj personalizowany kalendarz pe\u0142en uj\u0119\u0107, kt\u00f3re oddaj\u0105 pasje dziadk\u00f3w i ich relacje rodzinne. Czas \u015bwi\u0105teczny to idealny moment na wr\u0119czenie takiego prezentu, poniewa\u017c wielkimi krokami zbli\u017ca si\u0119 koniec roku kalendarzowego. Spraw swoim dziadkom prezent, kt\u00f3ry jest praktyczny, sentymentalny i pe\u0142ny emocji, a jednocze\u015bnie wzbogaci przestrze\u0144 ich domu.\u00a0 Kubki dla dziadk\u00f3w &#8211; \u015bwi\u0105teczne chwile pe\u0142ne ciep\u0142a\u00a0 Kubki to element codziennego \u017cycia, kt\u00f3ry towarzyszy dziadkom podczas porannej kawy czy popo\u0142udniowej herbaty. Warto zadba\u0107 o to, aby te proste rytua\u0142y by\u0142y dla nich jeszcze bardziej wyj\u0105tkowe, szczeg\u00f3lnie w okresie \u015bwi\u0105tecznym, kiedy blisko\u015b\u0107 i mi\u0142o\u015b\u0107 staj\u0105 si\u0119 szczeg\u00f3lnie istotne.\u00a0\u00a0 Personalizowane kubki \u015bwi\u0105teczne, na kt\u00f3rych mo\u017cesz umie\u015bci\u0107 imiona dziadk\u00f3w, ich fotografie z m\u0142odo\u015bci, czy wsp\u00f3lne zdj\u0119cia z wnukami to wspania\u0142y spos\u00f3b, aby umili\u0107 dziadkom codzienno\u015b\u0107. Ka\u017cdy \u0142yk napoju z takiego kubka b\u0119dzie przypomina\u0107 im o wa\u017cnych chwilach sp\u0119dzonych z rodzin\u0105 i to nie tylko w \u015bwi\u0119ta, ale r\u00f3wnie\u017c na co dzie\u0144.\u00a0\u00a0 \u015awietnym pomys\u0142em b\u0119dzie stworzenie unikatowego zestawu kubk\u00f3w dla babci i dziadka, kt\u00f3re b\u0119d\u0105 idealnie do siebie pasowa\u0107 i podkre\u015bl\u0105 ich wyj\u0105tkow\u0105 wi\u0119\u017a. Na kubku dla babci mo\u017cesz umie\u015bci\u0107 ciep\u0142e wyznanie, takie jak: \u201eNajlepsza Babcia pod s\u0142o\u0144cem \u2013 rozgrzewasz nasze serca jak gor\u0105ca herbatka\u201d, a dla dziadka: \u201eDziadek o wielkim sercu \u2013 zawsze gotowy na przytulanie i herbat\u0119 z wnukami\u201d. Taki zestaw kubk\u00f3w z osobistymi dedykacjami sprawi, \u017ce ka\u017cdy poranek b\u0119dzie dla nich mi\u0142ym przypomnieniem o rodzinnej mi\u0142o\u015bci.\u00a0 Kartka z \u017cyczeniami &#8211; dla dziadk\u00f3w, kt\u00f3rzy mieszkaj\u0105 daleko\u00a0\u00a0 Kartka z \u017cyczeniami to niezwyk\u0142y spos\u00f3b na okazanie pami\u0119ci i mi\u0142o\u015bci dla dziadk\u00f3w, kt\u00f3rzy mieszkaj\u0105 daleko. Cho\u0107 nie mo\u017cecie sp\u0119dzi\u0107 wsp\u00f3lnych \u015bwi\u0105t, osobiste s\u0142owa i serdeczne \u017cyczenia mog\u0105 zdzia\u0142a\u0107 prawdziwe cuda. Personalizowana kartka \u015bwi\u0105teczna pozwala stworzy\u0107 wyj\u0105tkowy projekt, w kt\u00f3rym zawrzesz nie tylko s\u0142owa, ale tak\u017ce wsp\u00f3lne wspomnienia.\u00a0 Dzi\u0119ki mo\u017cliwo\u015bci samodzielnego zaprojektowania kartki, mo\u017cesz nanie\u015b\u0107 na ni\u0105 ulubione zdj\u0119cia, sentymentalne grafiki, inspiruj\u0105ce cytaty, czy rysunki wnuk\u00f3w, sprawiaj\u0105c, \u017ce stanie si\u0119 ona warto\u015bciow\u0105 pami\u0105tk\u0105.\u00a0 Pami\u0119taj, aby w tre\u015bci kartki podkre\u015bli\u0107, jak bardzo cenisz swoich dziadk\u00f3w i jak wiele dla Ciebie znacz\u0105. Taki gest z pewno\u015bci\u0105 przyniesie im nie tylko rado\u015b\u0107, ale r\u00f3wnie\u017c wzmocni Wasze wi\u0119zi, pokazuj\u0105c, \u017ce mi\u0142o\u015b\u0107 i blisko\u015b\u0107 nie znaj\u0105 granic.\u00a0 Co kupi\u0107 dziadkom na \u015bwi\u0119ta? \u015awi\u0105teczne upominki warto wybiera\u0107 z sercem \u2013 niech b\u0119d\u0105 pe\u0142ne mi\u0142o\u015bci i osobistego znaczenia. Wzruszaj\u0105cy prezent dla dziadk\u00f3w na \u015bwi\u0119ta mo\u017ce by\u0107 prosty, jak zdj\u0119cie w ramce, kalendarz z rodzinnymi fotografiami lub personalizowany kubek. Wa\u017cne, aby podarunek odzwierciedla\u0142 ich pasje i wyj\u0105tkowe wi\u0119zi rodzinne. Takie prezenty nios\u0105 wi\u0119cej ni\u017c tylko mi\u0142e wspomnienia, ale tak\u017ce sprawiaj\u0105, \u017ce \u015bwi\u0119ta staj\u0105 si\u0119 niezapomniane i przepe\u0142nione blisko\u015bci\u0105.\u00a0 &nbsp;<\/p>\n","protected":false},"author":24,"featured_media":14141,"comment_status":"closed","ping_status":"closed","sticky":true,"template":"","format":"standard","meta":{"footnotes":""},"categories":[1059],"tags":[1069,1070,1075,1076,1068],"class_list":["post-14139","post","type-post","status-publish","format-standard","has-post-thumbnail","hentry","category-pomysly-na-prezent","tag-boze-narodzenie","tag-pomysl-na-prezent","tag-prezent-dla-babci","tag-prezent-dla-dziadka","tag-swieta"],"yoast_head":"<!-- This site is optimized with the Yoast SEO plugin v27.5 - https:\/\/yoast.com\/product\/yoast-seo-wordpress\/ -->\n<title>Prezent dla dziadk\u00f3w na \u015bwi\u0119ta - co wybra\u0107? | Empik Foto<\/title>\n<meta name=\"description\" content=\"Zastanawiasz si\u0119, co kupi\u0107 dziadkom na \u015bwi\u0119ta? Sprawd\u017a nasze propozycje na personalizowany prezent dla dziadk\u00f3w na \u015bwi\u0119ta.\" \/>\n<meta name=\"robots\" content=\"index, follow, max-snippet:-1, max-image-preview:large, max-video-preview:-1\" \/>\n<link rel=\"canonical\" href=\"https:\/\/www.empikfoto.pl\/blog\/prezent-dla-dziadkow-na-swieta-pomysly-na-upominki-pelne-wspomnien\/\" \/>\n<meta property=\"og:locale\" content=\"pl_PL\" \/>\n<meta property=\"og:type\" content=\"article\" \/>\n<meta property=\"og:title\" content=\"Prezent dla dziadk\u00f3w na \u015bwi\u0119ta - co wybra\u0107? | Empik Foto\" \/>\n<meta property=\"og:description\" content=\"Zastanawiasz si\u0119, co kupi\u0107 dziadkom na \u015bwi\u0119ta? Sprawd\u017a nasze propozycje na personalizowany prezent dla dziadk\u00f3w na \u015bwi\u0119ta.\" \/>\n<meta property=\"og:url\" content=\"https:\/\/www.empikfoto.pl\/blog\/prezent-dla-dziadkow-na-swieta-pomysly-na-upominki-pelne-wspomnien\/\" \/>\n<meta property=\"og:site_name\" content=\"blog.empikfoto.pl\" \/>\n<meta property=\"article:publisher\" content=\"https:\/\/www.facebook.com\/empikfotopl\/\" \/>\n<meta property=\"article:published_time\" content=\"2024-11-07T14:40:01+00:00\" \/>\n<meta property=\"article:modified_time\" content=\"2024-11-07T14:43:13+00:00\" \/>\n<meta property=\"og:image\" content=\"https:\/\/www.empikfoto.pl\/blog\/empikfoto\/2024\/11\/prezent-dla-dziadkow-na-swieta-scaled.jpg\" \/>\n\t<meta property=\"og:image:width\" content=\"2560\" \/>\n\t<meta property=\"og:image:height\" content=\"1709\" \/>\n\t<meta property=\"og:image:type\" content=\"image\/jpeg\" \/>\n<meta name=\"author\" content=\"Magdalena\" \/>\n<meta name=\"twitter:card\" content=\"summary_large_image\" \/>\n<meta name=\"twitter:creator\" content=\"@empikfoto\" \/>\n<meta name=\"twitter:site\" content=\"@empikfoto\" \/>\n<meta name=\"twitter:label1\" content=\"Napisane przez\" \/>\n\t<meta name=\"twitter:data1\" content=\"Magdalena\" \/>\n\t<meta name=\"twitter:label2\" content=\"Szacowany czas czytania\" \/>\n\t<meta name=\"twitter:data2\" content=\"6 minut\" \/>\n<script type=\"application\/ld+json\" class=\"yoast-schema-graph\">{\"@context\":\"https:\\\/\\\/schema.org\",\"@graph\":[{\"@type\":\"Article\",\"@id\":\"https:\\\/\\\/www.empikfoto.pl\\\/blog\\\/prezent-dla-dziadkow-na-swieta-pomysly-na-upominki-pelne-wspomnien\\\/#article\",\"isPartOf\":{\"@id\":\"https:\\\/\\\/www.empikfoto.pl\\\/blog\\\/prezent-dla-dziadkow-na-swieta-pomysly-na-upominki-pelne-wspomnien\\\/\"},\"author\":{\"name\":\"Magdalena\",\"@id\":\"https:\\\/\\\/www.empikfoto.pl\\\/blog\\\/#\\\/schema\\\/person\\\/f394adde230a2c78b1d5840ec66c5f5d\"},\"headline\":\"Prezent dla dziadk\u00f3w na \u015bwi\u0119ta &#8211; pomys\u0142y na upominki pe\u0142ne wspomnie\u0144\",\"datePublished\":\"2024-11-07T14:40:01+00:00\",\"dateModified\":\"2024-11-07T14:43:13+00:00\",\"mainEntityOfPage\":{\"@id\":\"https:\\\/\\\/www.empikfoto.pl\\\/blog\\\/prezent-dla-dziadkow-na-swieta-pomysly-na-upominki-pelne-wspomnien\\\/\"},\"wordCount\":963,\"image\":{\"@id\":\"https:\\\/\\\/www.empikfoto.pl\\\/blog\\\/prezent-dla-dziadkow-na-swieta-pomysly-na-upominki-pelne-wspomnien\\\/#primaryimage\"},\"thumbnailUrl\":\"https:\\\/\\\/www.empikfoto.pl\\\/blog\\\/empikfoto\\\/2024\\\/11\\\/prezent-dla-dziadkow-na-swieta-scaled.jpg\",\"keywords\":[\"bo\u017ce narodzenie\",\"pomys\u0142 na prezent\",\"prezent dla babci\",\"prezent dla dziadka\",\"\u015bwi\u0119ta\"],\"articleSection\":[\"Pomys\u0142y na prezent\"],\"inLanguage\":\"pl-PL\"},{\"@type\":\"WebPage\",\"@id\":\"https:\\\/\\\/www.empikfoto.pl\\\/blog\\\/prezent-dla-dziadkow-na-swieta-pomysly-na-upominki-pelne-wspomnien\\\/\",\"url\":\"https:\\\/\\\/www.empikfoto.pl\\\/blog\\\/prezent-dla-dziadkow-na-swieta-pomysly-na-upominki-pelne-wspomnien\\\/\",\"name\":\"Prezent dla dziadk\u00f3w na \u015bwi\u0119ta - co wybra\u0107? | Empik Foto\",\"isPartOf\":{\"@id\":\"https:\\\/\\\/www.empikfoto.pl\\\/blog\\\/#website\"},\"primaryImageOfPage\":{\"@id\":\"https:\\\/\\\/www.empikfoto.pl\\\/blog\\\/prezent-dla-dziadkow-na-swieta-pomysly-na-upominki-pelne-wspomnien\\\/#primaryimage\"},\"image\":{\"@id\":\"https:\\\/\\\/www.empikfoto.pl\\\/blog\\\/prezent-dla-dziadkow-na-swieta-pomysly-na-upominki-pelne-wspomnien\\\/#primaryimage\"},\"thumbnailUrl\":\"https:\\\/\\\/www.empikfoto.pl\\\/blog\\\/empikfoto\\\/2024\\\/11\\\/prezent-dla-dziadkow-na-swieta-scaled.jpg\",\"datePublished\":\"2024-11-07T14:40:01+00:00\",\"dateModified\":\"2024-11-07T14:43:13+00:00\",\"author\":{\"@id\":\"https:\\\/\\\/www.empikfoto.pl\\\/blog\\\/#\\\/schema\\\/person\\\/f394adde230a2c78b1d5840ec66c5f5d\"},\"description\":\"Zastanawiasz si\u0119, co kupi\u0107 dziadkom na \u015bwi\u0119ta? Sprawd\u017a nasze propozycje na personalizowany prezent dla dziadk\u00f3w na \u015bwi\u0119ta.\",\"breadcrumb\":{\"@id\":\"https:\\\/\\\/www.empikfoto.pl\\\/blog\\\/prezent-dla-dziadkow-na-swieta-pomysly-na-upominki-pelne-wspomnien\\\/#breadcrumb\"},\"inLanguage\":\"pl-PL\",\"potentialAction\":[{\"@type\":\"ReadAction\",\"target\":[\"https:\\\/\\\/www.empikfoto.pl\\\/blog\\\/prezent-dla-dziadkow-na-swieta-pomysly-na-upominki-pelne-wspomnien\\\/\"]}]},{\"@type\":\"ImageObject\",\"inLanguage\":\"pl-PL\",\"@id\":\"https:\\\/\\\/www.empikfoto.pl\\\/blog\\\/prezent-dla-dziadkow-na-swieta-pomysly-na-upominki-pelne-wspomnien\\\/#primaryimage\",\"url\":\"https:\\\/\\\/www.empikfoto.pl\\\/blog\\\/empikfoto\\\/2024\\\/11\\\/prezent-dla-dziadkow-na-swieta-scaled.jpg\",\"contentUrl\":\"https:\\\/\\\/www.empikfoto.pl\\\/blog\\\/empikfoto\\\/2024\\\/11\\\/prezent-dla-dziadkow-na-swieta-scaled.jpg\",\"width\":2560,\"height\":1709,\"caption\":\"prezent dla dziadk\u00f3w na \u015bwi\u0119ta\"},{\"@type\":\"BreadcrumbList\",\"@id\":\"https:\\\/\\\/www.empikfoto.pl\\\/blog\\\/prezent-dla-dziadkow-na-swieta-pomysly-na-upominki-pelne-wspomnien\\\/#breadcrumb\",\"itemListElement\":[{\"@type\":\"ListItem\",\"position\":1,\"name\":\"Strona g\u0142\u00f3wna\",\"item\":\"https:\\\/\\\/www.empikfoto.pl\\\/blog\\\/\"},{\"@type\":\"ListItem\",\"position\":2,\"name\":\"Prezent dla dziadk\u00f3w na \u015bwi\u0119ta &#8211; pomys\u0142y na upominki pe\u0142ne wspomnie\u0144\"}]},{\"@type\":\"WebSite\",\"@id\":\"https:\\\/\\\/www.empikfoto.pl\\\/blog\\\/#website\",\"url\":\"https:\\\/\\\/www.empikfoto.pl\\\/blog\\\/\",\"name\":\"blog.empikfoto.pl\",\"description\":\"Poznaj empikfoto.pl od \u015brodka! Dowiedz si\u0119 wi\u0119cej o odbitkach, fotoksi\u0105\u017ckach i fotografii.\",\"potentialAction\":[{\"@type\":\"SearchAction\",\"target\":{\"@type\":\"EntryPoint\",\"urlTemplate\":\"https:\\\/\\\/www.empikfoto.pl\\\/blog\\\/?s={search_term_string}\"},\"query-input\":{\"@type\":\"PropertyValueSpecification\",\"valueRequired\":true,\"valueName\":\"search_term_string\"}}],\"inLanguage\":\"pl-PL\"},{\"@type\":\"Person\",\"@id\":\"https:\\\/\\\/www.empikfoto.pl\\\/blog\\\/#\\\/schema\\\/person\\\/f394adde230a2c78b1d5840ec66c5f5d\",\"name\":\"Magdalena\",\"image\":{\"@type\":\"ImageObject\",\"inLanguage\":\"pl-PL\",\"@id\":\"https:\\\/\\\/secure.gravatar.com\\\/avatar\\\/874b117191fd73f8cc0be164b43f75724363784b2c9d57127c4a7b73181b9ea3?s=96&d=identicon&r=g\",\"url\":\"https:\\\/\\\/secure.gravatar.com\\\/avatar\\\/874b117191fd73f8cc0be164b43f75724363784b2c9d57127c4a7b73181b9ea3?s=96&d=identicon&r=g\",\"contentUrl\":\"https:\\\/\\\/secure.gravatar.com\\\/avatar\\\/874b117191fd73f8cc0be164b43f75724363784b2c9d57127c4a7b73181b9ea3?s=96&d=identicon&r=g\",\"caption\":\"Magdalena\"},\"url\":\"https:\\\/\\\/www.empikfoto.pl\\\/blog\\\/author\\\/magda-em\\\/\"}]}<\/script>\n<!-- \/ Yoast SEO plugin. -->","yoast_head_json":{"title":"Prezent dla dziadk\u00f3w na \u015bwi\u0119ta - co wybra\u0107? | Empik Foto","description":"Zastanawiasz si\u0119, co kupi\u0107 dziadkom na \u015bwi\u0119ta? Sprawd\u017a nasze propozycje na personalizowany prezent dla dziadk\u00f3w na \u015bwi\u0119ta.","robots":{"index":"index","follow":"follow","max-snippet":"max-snippet:-1","max-image-preview":"max-image-preview:large","max-video-preview":"max-video-preview:-1"},"canonical":"https:\/\/www.empikfoto.pl\/blog\/prezent-dla-dziadkow-na-swieta-pomysly-na-upominki-pelne-wspomnien\/","og_locale":"pl_PL","og_type":"article","og_title":"Prezent dla dziadk\u00f3w na \u015bwi\u0119ta - co wybra\u0107? | Empik Foto","og_description":"Zastanawiasz si\u0119, co kupi\u0107 dziadkom na \u015bwi\u0119ta? Sprawd\u017a nasze propozycje na personalizowany prezent dla dziadk\u00f3w na \u015bwi\u0119ta.","og_url":"https:\/\/www.empikfoto.pl\/blog\/prezent-dla-dziadkow-na-swieta-pomysly-na-upominki-pelne-wspomnien\/","og_site_name":"blog.empikfoto.pl","article_publisher":"https:\/\/www.facebook.com\/empikfotopl\/","article_published_time":"2024-11-07T14:40:01+00:00","article_modified_time":"2024-11-07T14:43:13+00:00","og_image":[{"width":2560,"height":1709,"url":"https:\/\/www.empikfoto.pl\/blog\/empikfoto\/2024\/11\/prezent-dla-dziadkow-na-swieta-scaled.jpg","type":"image\/jpeg"}],"author":"Magdalena","twitter_card":"summary_large_image","twitter_creator":"@empikfoto","twitter_site":"@empikfoto","twitter_misc":{"Napisane przez":"Magdalena","Szacowany czas czytania":"6 minut"},"schema":{"@context":"https:\/\/schema.org","@graph":[{"@type":"Article","@id":"https:\/\/www.empikfoto.pl\/blog\/prezent-dla-dziadkow-na-swieta-pomysly-na-upominki-pelne-wspomnien\/#article","isPartOf":{"@id":"https:\/\/www.empikfoto.pl\/blog\/prezent-dla-dziadkow-na-swieta-pomysly-na-upominki-pelne-wspomnien\/"},"author":{"name":"Magdalena","@id":"https:\/\/www.empikfoto.pl\/blog\/#\/schema\/person\/f394adde230a2c78b1d5840ec66c5f5d"},"headline":"Prezent dla dziadk\u00f3w na \u015bwi\u0119ta &#8211; pomys\u0142y na upominki pe\u0142ne wspomnie\u0144","datePublished":"2024-11-07T14:40:01+00:00","dateModified":"2024-11-07T14:43:13+00:00","mainEntityOfPage":{"@id":"https:\/\/www.empikfoto.pl\/blog\/prezent-dla-dziadkow-na-swieta-pomysly-na-upominki-pelne-wspomnien\/"},"wordCount":963,"image":{"@id":"https:\/\/www.empikfoto.pl\/blog\/prezent-dla-dziadkow-na-swieta-pomysly-na-upominki-pelne-wspomnien\/#primaryimage"},"thumbnailUrl":"https:\/\/www.empikfoto.pl\/blog\/empikfoto\/2024\/11\/prezent-dla-dziadkow-na-swieta-scaled.jpg","keywords":["bo\u017ce narodzenie","pomys\u0142 na prezent","prezent dla babci","prezent dla dziadka","\u015bwi\u0119ta"],"articleSection":["Pomys\u0142y na prezent"],"inLanguage":"pl-PL"},{"@type":"WebPage","@id":"https:\/\/www.empikfoto.pl\/blog\/prezent-dla-dziadkow-na-swieta-pomysly-na-upominki-pelne-wspomnien\/","url":"https:\/\/www.empikfoto.pl\/blog\/prezent-dla-dziadkow-na-swieta-pomysly-na-upominki-pelne-wspomnien\/","name":"Prezent dla dziadk\u00f3w na \u015bwi\u0119ta - co wybra\u0107? | Empik Foto","isPartOf":{"@id":"https:\/\/www.empikfoto.pl\/blog\/#website"},"primaryImageOfPage":{"@id":"https:\/\/www.empikfoto.pl\/blog\/prezent-dla-dziadkow-na-swieta-pomysly-na-upominki-pelne-wspomnien\/#primaryimage"},"image":{"@id":"https:\/\/www.empikfoto.pl\/blog\/prezent-dla-dziadkow-na-swieta-pomysly-na-upominki-pelne-wspomnien\/#primaryimage"},"thumbnailUrl":"https:\/\/www.empikfoto.pl\/blog\/empikfoto\/2024\/11\/prezent-dla-dziadkow-na-swieta-scaled.jpg","datePublished":"2024-11-07T14:40:01+00:00","dateModified":"2024-11-07T14:43:13+00:00","author":{"@id":"https:\/\/www.empikfoto.pl\/blog\/#\/schema\/person\/f394adde230a2c78b1d5840ec66c5f5d"},"description":"Zastanawiasz si\u0119, co kupi\u0107 dziadkom na \u015bwi\u0119ta? Sprawd\u017a nasze propozycje na personalizowany prezent dla dziadk\u00f3w na \u015bwi\u0119ta.","breadcrumb":{"@id":"https:\/\/www.empikfoto.pl\/blog\/prezent-dla-dziadkow-na-swieta-pomysly-na-upominki-pelne-wspomnien\/#breadcrumb"},"inLanguage":"pl-PL","potentialAction":[{"@type":"ReadAction","target":["https:\/\/www.empikfoto.pl\/blog\/prezent-dla-dziadkow-na-swieta-pomysly-na-upominki-pelne-wspomnien\/"]}]},{"@type":"ImageObject","inLanguage":"pl-PL","@id":"https:\/\/www.empikfoto.pl\/blog\/prezent-dla-dziadkow-na-swieta-pomysly-na-upominki-pelne-wspomnien\/#primaryimage","url":"https:\/\/www.empikfoto.pl\/blog\/empikfoto\/2024\/11\/prezent-dla-dziadkow-na-swieta-scaled.jpg","contentUrl":"https:\/\/www.empikfoto.pl\/blog\/empikfoto\/2024\/11\/prezent-dla-dziadkow-na-swieta-scaled.jpg","width":2560,"height":1709,"caption":"prezent dla dziadk\u00f3w na \u015bwi\u0119ta"},{"@type":"BreadcrumbList","@id":"https:\/\/www.empikfoto.pl\/blog\/prezent-dla-dziadkow-na-swieta-pomysly-na-upominki-pelne-wspomnien\/#breadcrumb","itemListElement":[{"@type":"ListItem","position":1,"name":"Strona g\u0142\u00f3wna","item":"https:\/\/www.empikfoto.pl\/blog\/"},{"@type":"ListItem","position":2,"name":"Prezent dla dziadk\u00f3w na \u015bwi\u0119ta &#8211; pomys\u0142y na upominki pe\u0142ne wspomnie\u0144"}]},{"@type":"WebSite","@id":"https:\/\/www.empikfoto.pl\/blog\/#website","url":"https:\/\/www.empikfoto.pl\/blog\/","name":"blog.empikfoto.pl","description":"Poznaj empikfoto.pl od \u015brodka! Dowiedz si\u0119 wi\u0119cej o odbitkach, fotoksi\u0105\u017ckach i fotografii.","potentialAction":[{"@type":"SearchAction","target":{"@type":"EntryPoint","urlTemplate":"https:\/\/www.empikfoto.pl\/blog\/?s={search_term_string}"},"query-input":{"@type":"PropertyValueSpecification","valueRequired":true,"valueName":"search_term_string"}}],"inLanguage":"pl-PL"},{"@type":"Person","@id":"https:\/\/www.empikfoto.pl\/blog\/#\/schema\/person\/f394adde230a2c78b1d5840ec66c5f5d","name":"Magdalena","image":{"@type":"ImageObject","inLanguage":"pl-PL","@id":"https:\/\/secure.gravatar.com\/avatar\/874b117191fd73f8cc0be164b43f75724363784b2c9d57127c4a7b73181b9ea3?s=96&d=identicon&r=g","url":"https:\/\/secure.gravatar.com\/avatar\/874b117191fd73f8cc0be164b43f75724363784b2c9d57127c4a7b73181b9ea3?s=96&d=identicon&r=g","contentUrl":"https:\/\/secure.gravatar.com\/avatar\/874b117191fd73f8cc0be164b43f75724363784b2c9d57127c4a7b73181b9ea3?s=96&d=identicon&r=g","caption":"Magdalena"},"url":"https:\/\/www.empikfoto.pl\/blog\/author\/magda-em\/"}]}},"amp_enabled":true,"_links":{"self":[{"href":"https:\/\/www.empikfoto.pl\/blog\/wp-json\/wp\/v2\/posts\/14139","targetHints":{"allow":["GET"]}}],"collection":[{"href":"https:\/\/www.empikfoto.pl\/blog\/wp-json\/wp\/v2\/posts"}],"about":[{"href":"https:\/\/www.empikfoto.pl\/blog\/wp-json\/wp\/v2\/types\/post"}],"author":[{"embeddable":true,"href":"https:\/\/www.empikfoto.pl\/blog\/wp-json\/wp\/v2\/users\/24"}],"replies":[{"embeddable":true,"href":"https:\/\/www.empikfoto.pl\/blog\/wp-json\/wp\/v2\/comments?post=14139"}],"version-history":[{"count":6,"href":"https:\/\/www.empikfoto.pl\/blog\/wp-json\/wp\/v2\/posts\/14139\/revisions"}],"predecessor-version":[{"id":14151,"href":"https:\/\/www.empikfoto.pl\/blog\/wp-json\/wp\/v2\/posts\/14139\/revisions\/14151"}],"wp:featuredmedia":[{"embeddable":true,"href":"https:\/\/www.empikfoto.pl\/blog\/wp-json\/wp\/v2\/media\/14141"}],"wp:attachment":[{"href":"https:\/\/www.empikfoto.pl\/blog\/wp-json\/wp\/v2\/media?parent=14139"}],"wp:term":[{"taxonomy":"category","embeddable":true,"href":"https:\/\/www.empikfoto.pl\/blog\/wp-json\/wp\/v2\/categories?post=14139"},{"taxonomy":"post_tag","embeddable":true,"href":"https:\/\/www.empikfoto.pl\/blog\/wp-json\/wp\/v2\/tags?post=14139"}],"curies":[{"name":"wp","href":"https:\/\/api.w.org\/{rel}","templated":true}]}}