{"id":14154,"date":"2024-11-19T14:45:36","date_gmt":"2024-11-19T13:45:36","guid":{"rendered":"https:\/\/www.empikfoto.pl\/blog\/?p=14154"},"modified":"2024-11-19T14:45:37","modified_gmt":"2024-11-19T13:45:37","slug":"prezent-na-swieta-dla-rodzicow-co-wybrac","status":"publish","type":"post","link":"https:\/\/www.empikfoto.pl\/blog\/prezent-na-swieta-dla-rodzicow-co-wybrac\/","title":{"rendered":"Prezent na \u015bwi\u0119ta dla rodzic\u00f3w &#8211; co wybra\u0107?"},"content":{"rendered":"<p><span data-contrast=\"auto\">Zbli\u017caj\u0105 si\u0119 \u015bwi\u0119ta, a wraz z nimi pojawia si\u0119 radosne, ale i pe\u0142ne wyzwa\u0144 pytanie: <\/span><b><span data-contrast=\"auto\">co w tym roku kupi\u0107 rodzicom na \u015bwi\u0119ta<\/span><\/b><span data-contrast=\"auto\">, aby ich zaskoczy\u0107, sprawi\u0107 im przyjemno\u015b\u0107 i jednocze\u015bnie wyrazi\u0107 swoj\u0105 mi\u0142o\u015b\u0107? Wyb\u00f3r idealnego prezentu cz\u0119sto przyprawia o zawr\u00f3t g\u0142owy \u2013 zw\u0142aszcza gdy znamy upodobania rodzic\u00f3w, ale wci\u0105\u017c trudno zdecydowa\u0107 si\u0119 na t\u0119 jedn\u0105, wyj\u0105tkow\u0105 rzecz. Bez wzgl\u0119du na to, czy szukasz dla nich czego\u015b praktycznego, czy mo\u017ce bardziej sentymentalnego, co wzbudzi emocje i dostarczy wzruszaj\u0105cych prze\u017cy\u0107, w naszym <\/span><b><span data-contrast=\"auto\">prezentowniku <\/span><\/b><span data-contrast=\"auto\">znajdziesz<\/span><b><span data-contrast=\"auto\"> <a href=\"https:\/\/www.empikfoto.pl\/prezenty-swiateczne\">oryginalne propozycje na prezenty<\/a> dla mamy i taty<\/span><\/b><span data-contrast=\"auto\">, kt\u00f3re sprawi\u0105, \u017ce te \u015bwi\u0119ta stan\u0105 si\u0119 jeszcze bardziej magiczne!<\/span><span data-ccp-props=\"{}\">\u00a0<\/span><\/p>\n<h2 aria-level=\"2\"><span data-contrast=\"auto\">Fotoksi\u0105\u017cka \u2013 wspomnienia na wyci\u0105gni\u0119cie r\u0119ki<\/span><span data-ccp-props=\"{&quot;134245418&quot;:true,&quot;134245529&quot;:true,&quot;335559738&quot;:360,&quot;335559739&quot;:120}\">\u00a0<\/span><\/h2>\n<p><span data-contrast=\"auto\">Jednym z najpi\u0119kniejszych prezent\u00f3w, kt\u00f3re mo\u017cesz podarowa\u0107 swoim rodzicom na \u015bwi\u0119ta s\u0105 mi\u0142e wspomnienia przekazane w formie wyj\u0105tkowej pami\u0105tki, jak\u0105 jest <\/span><a href=\"https:\/\/www.empikfoto.pl\/fotoksiazki\/tematy\/swieta\"><b><span data-contrast=\"auto\">fotoksi\u0105\u017cka<\/span><\/b><\/a><span data-contrast=\"auto\">. Dzi\u0119ki fotoksi\u0105\u017cce mo\u017cesz w kreatywny spos\u00f3b odtworzy\u0107 <\/span><b><span data-contrast=\"auto\">najpi\u0119kniejsze chwile z \u017cycia rodzic\u00f3w<\/span><\/b><span data-contrast=\"auto\"> i zamkn\u0105\u0107 je w <\/span><b><span data-contrast=\"auto\">estetycznym, personalizowanym formacie<\/span><\/b><span data-contrast=\"auto\">. Fotoksi\u0105\u017cka to nie tylko zbi\u00f3r zdj\u0119\u0107 \u2013 to wyj\u0105tkowa opowie\u015b\u0107, kt\u00f3ra przywo\u0142uje wspomnienia i emocje zwi\u0105zane z wa\u017cnymi momentami takimi jak \u015bluby, rocznice, rodzinne wyjazdy czy urodziny.<\/span><span data-ccp-props=\"{}\">\u00a0<\/span><\/p>\n<p><span data-contrast=\"auto\">W Empik Foto samodzielnie zaprojektujesz fotoksi\u0105\u017ck\u0119 dla rodzic\u00f3w, dodaj\u0105c <\/span><b><span data-contrast=\"auto\">ulubione zdj\u0119cia, daty, opisy i dowolne motywy graficzne<\/span><\/b><span data-contrast=\"auto\">. Mo\u017cliwo\u015b\u0107 wyboru formatu, rozmiaru i wygl\u0105du ok\u0142adki sprawia, \u017ce ka\u017cdy egzemplarz staje si\u0119 unikalny i dostosowany do gustu obdarowywanej osoby. Rodzice na pewno doceni\u0105 Tw\u00f3j osobisty wk\u0142ad, kt\u00f3ry w\u0142o\u017cysz w stworzenie tej wyj\u0105tkowej pami\u0105tki, a wspomnienia, kt\u00f3re w niej zawrzesz, b\u0119d\u0105 mia\u0142y dla nich ogromne znaczenie.<\/span><span data-ccp-props=\"{}\">\u00a0<\/span><\/p>\n<p><span data-contrast=\"auto\">Fotoksi\u0105\u017cka to doskona\u0142y spos\u00f3b, aby uwieczni\u0107 <\/span><b><span data-contrast=\"auto\">wyj\u0105tkowe podr\u00f3\u017ce, histori\u0119 rodzic\u00f3w od momentu poznania a\u017c do teraz, czy codzienne, ale niezapomniane wsp\u00f3lne chwile<\/span><\/b><span data-contrast=\"auto\">. Stworzenie takiego prezentu to nie tylko \u015bwietna zabawa, ale tak\u017ce wspania\u0142a okazja do refleksji nad wsp\u00f3lnymi do\u015bwiadczeniami. W ka\u017cdym momencie przegl\u0105dania fotoksi\u0105\u017cki rodzice b\u0119d\u0105 mogli na nowo prze\u017cywa\u0107 te szczeg\u00f3lne momenty, a ich serca wype\u0142ni rado\u015b\u0107 i wdzi\u0119czno\u015b\u0107 za Twoj\u0105 trosk\u0119.<\/span><span data-ccp-props=\"{}\">\u00a0<\/span><\/p>\n<p><img loading=\"lazy\" decoding=\"async\" class=\"aligncenter wp-image-14157 size-large\" src=\"https:\/\/www.empikfoto.pl\/blog\/empikfoto\/2024\/11\/prezent-dla-rodzicow-na-swieta-scaled-e1732019824937-1024x679.jpg\" alt=\"fotoksi\u0105\u017cka jako prezent dla rodzic\u00f3w na \u015bwi\u0119ta\" width=\"1024\" height=\"679\" srcset=\"https:\/\/www.empikfoto.pl\/blog\/empikfoto\/2024\/11\/prezent-dla-rodzicow-na-swieta-scaled-e1732019824937-1024x679.jpg 1024w, https:\/\/www.empikfoto.pl\/blog\/empikfoto\/2024\/11\/prezent-dla-rodzicow-na-swieta-scaled-e1732019824937-300x199.jpg 300w, https:\/\/www.empikfoto.pl\/blog\/empikfoto\/2024\/11\/prezent-dla-rodzicow-na-swieta-scaled-e1732019824937-768x509.jpg 768w, https:\/\/www.empikfoto.pl\/blog\/empikfoto\/2024\/11\/prezent-dla-rodzicow-na-swieta-scaled-e1732019824937-1536x1019.jpg 1536w, https:\/\/www.empikfoto.pl\/blog\/empikfoto\/2024\/11\/prezent-dla-rodzicow-na-swieta-scaled-e1732019824937-2048x1358.jpg 2048w, https:\/\/www.empikfoto.pl\/blog\/empikfoto\/2024\/11\/prezent-dla-rodzicow-na-swieta-scaled-e1732019824937-330x220.jpg 330w, https:\/\/www.empikfoto.pl\/blog\/empikfoto\/2024\/11\/prezent-dla-rodzicow-na-swieta-scaled-e1732019824937-400x265.jpg 400w\" sizes=\"auto, (max-width: 1024px) 100vw, 1024px\" \/><\/p>\n<h2 aria-level=\"2\"><span data-contrast=\"auto\">Obraz na p\u0142\u00f3tnie \u2013 dla mi\u0142o\u015bnik\u00f3w sztuki\u00a0<\/span><span data-ccp-props=\"{&quot;134245418&quot;:true,&quot;134245529&quot;:true,&quot;335559738&quot;:360,&quot;335559739&quot;:120}\">\u00a0<\/span><\/h2>\n<p><span data-contrast=\"auto\">Kolejn\u0105 inspiruj\u0105c\u0105 propozycj\u0105 na prezent na \u015bwi\u0119ta dla rodzic\u00f3w jest <\/span><a href=\"https:\/\/www.empikfoto.pl\/obrazy\"><b><span data-contrast=\"auto\">obraz na p\u0142\u00f3tnie<\/span><\/b><\/a><span data-contrast=\"auto\">, kt\u00f3ry z pewno\u015bci\u0105 przypadnie do gustu rodzicom pasjonuj\u0105cym si\u0119 sztuk\u0105 i ceni\u0105cym elegancki wystr\u00f3j wn\u0119trz. Taki upominek nie tylko doda wyj\u0105tkowego charakteru ich przestrzeni, ale tak\u017ce stanie si\u0119 dla nich<\/span><b><span data-contrast=\"auto\"> warto\u015bciow\u0105 pami\u0105tk\u0105,<\/span><\/b><span data-contrast=\"auto\"> kt\u00f3ra b\u0119dzie im przypomina\u0107 o Tobie oraz wyj\u0105tkowych chwilach w waszym \u017cyciu.\u00a0<\/span><span data-ccp-props=\"{}\">\u00a0<\/span><\/p>\n<p><span data-contrast=\"auto\">Wybieraj\u0105c obraz na prezent pod choink\u0119, masz wiele mo\u017cliwo\u015bci. Mo\u017cesz zdecydowa\u0107 si\u0119 na <\/span><a href=\"https:\/\/www.empikfoto.pl\/obrazy-graficzne-gotowe-wzory\"><b><span data-contrast=\"auto\">gotowy wz\u00f3r obrazu<\/span><\/b><\/a> w \u015bwi\u0105tecznym klimacie lub nawi\u0105zuj\u0105cy do zainteresowa\u0144 rodzic\u00f3w<span data-contrast=\"auto\">, czy te\u017c stworzy\u0107 co\u015b zupe\u0142nie unikalnego, co odzwierciedli Wasze wsp\u00f3lne prze\u017cycia. <\/span><span data-ccp-props=\"{}\">\u00a0<\/span><\/p>\n<p><span data-contrast=\"auto\">W sklepie internetowym Empik Foto mo\u017cesz zam\u00f3wi\u0107 <\/span><a href=\"https:\/\/www.empikfoto.pl\/wystroj-wnetrz\/fotoobrazy\"><b><span data-contrast=\"auto\">personalizowany obraz na p\u0142\u00f3tnie<\/span><\/b><\/a><span data-contrast=\"auto\">, przedstawiaj\u0105cy zdj\u0119cie lub motyw graficzny, kt\u00f3ry najlepiej odda charakter Waszej rodziny. To mo\u017ce by\u0107 np. <\/span><b><span data-contrast=\"auto\">ulubiony krajobraz z rodzinnego wyjazdu, wsp\u00f3lne zdj\u0119cie z wa\u017cnej uroczysto\u015bci, artystyczny kola\u017c fotografii \u015blubnych lub Twoja w\u0142asna grafika<\/span><\/b><span data-contrast=\"auto\">, kt\u00f3r\u0105 stworzy\u0142e\u015b specjalnie na t\u0119 okazj\u0119.\u00a0\u00a0<\/span><span data-ccp-props=\"{}\">\u00a0<\/span><\/p>\n<p><span data-contrast=\"auto\">Dodatkowo, obraz mo\u017cesz wzbogaci\u0107 o <\/span><b><span data-contrast=\"auto\">inspiruj\u0105ce cytaty, daty lub dedykacje<\/span><\/b><span data-contrast=\"auto\">, kt\u00f3re jeszcze bardziej podkre\u015bl\u0105 emocjonaln\u0105 warto\u015b\u0107 uwiecznionych na nim wspomnie\u0144.\u00a0<\/span><span data-ccp-props=\"{}\">\u00a0<\/span><\/p>\n<p><img loading=\"lazy\" decoding=\"async\" class=\"aligncenter size-large wp-image-14158\" src=\"https:\/\/www.empikfoto.pl\/blog\/empikfoto\/2024\/11\/prezent-dla-rodzicow-na-swieta-2-1024x732.jpg\" alt=\"co kupi\u0107 rodzicom na \u015bwi\u0119ta? obraz personalizowany\" width=\"1024\" height=\"732\" srcset=\"https:\/\/www.empikfoto.pl\/blog\/empikfoto\/2024\/11\/prezent-dla-rodzicow-na-swieta-2-1024x732.jpg 1024w, https:\/\/www.empikfoto.pl\/blog\/empikfoto\/2024\/11\/prezent-dla-rodzicow-na-swieta-2-300x215.jpg 300w, https:\/\/www.empikfoto.pl\/blog\/empikfoto\/2024\/11\/prezent-dla-rodzicow-na-swieta-2-768x549.jpg 768w, https:\/\/www.empikfoto.pl\/blog\/empikfoto\/2024\/11\/prezent-dla-rodzicow-na-swieta-2-1536x1098.jpg 1536w, https:\/\/www.empikfoto.pl\/blog\/empikfoto\/2024\/11\/prezent-dla-rodzicow-na-swieta-2-2048x1465.jpg 2048w, https:\/\/www.empikfoto.pl\/blog\/empikfoto\/2024\/11\/prezent-dla-rodzicow-na-swieta-2-110x80.jpg 110w, https:\/\/www.empikfoto.pl\/blog\/empikfoto\/2024\/11\/prezent-dla-rodzicow-na-swieta-2-400x286.jpg 400w\" sizes=\"auto, (max-width: 1024px) 100vw, 1024px\" \/><\/p>\n<h2 aria-level=\"2\"><span data-contrast=\"auto\">Album na zdj\u0119cia \u2013 klasyka, kt\u00f3ra nigdy nie wyjdzie z mody<\/span><span data-ccp-props=\"{&quot;134245418&quot;:true,&quot;134245529&quot;:true,&quot;335559738&quot;:360,&quot;335559739&quot;:120}\">\u00a0<\/span><\/h2>\n<p><b><span data-contrast=\"auto\">Albumy na zdj\u0119cia <\/span><\/b><span data-contrast=\"auto\">to propozycja na <\/span><b><span data-contrast=\"auto\">klasyczny i praktyczny prezent <\/span><\/b><span data-contrast=\"auto\">na \u015bwi\u0119ta dla rodzic\u00f3w, kt\u00f3ry umo\u017cliwi im zbieranie wspomnie\u0144 z wakacji, rodzinnych spotka\u0144 czy wa\u017cnych uroczysto\u015bci. Mo\u017cesz wybra\u0107 <\/span><a href=\"https:\/\/www.empikfoto.pl\/albumy-na-zdjecia-wsuwane\"><b><span data-contrast=\"auto\">tradycyjny album wsuwany z kieszonkami<\/span><\/b><\/a><span data-contrast=\"auto\">, kt\u00f3ry b\u0119dzie elegancko prezentowa\u0107 zdj\u0119cia, a Twoi rodzice b\u0119d\u0105 mogli je wype\u0142ni\u0107 samodzielnie wybranymi fotografiami lub zdecydowa\u0107 si\u0119 na<\/span><b><span data-contrast=\"auto\"><a href=\"https:\/\/www.empikfoto.pl\/albumy-na-zdjecia\/albumy-wklejane\"> album wklejany<\/a>,<\/span><\/b><span data-contrast=\"auto\"> kt\u00f3ry oferuje znacznie wi\u0119ksze mo\u017cliwo\u015bci tw\u00f3rczej personalizacji, pozwalaj\u0105c na dodawanie w\u0142asnych opis\u00f3w, rysunk\u00f3w czy innych element\u00f3w.<\/span><span data-ccp-props=\"{}\">\u00a0<\/span><\/p>\n<p><span data-contrast=\"auto\">Je\u015bli zdecydujesz si\u0119 na album wklejany, mo\u017cesz podarowa\u0107 go jako pust\u0105 przestrze\u0144, kt\u00f3ra zach\u0119ci Twoich rodzic\u00f3w do samodzielnego tworzenia<\/span><b><span data-contrast=\"auto\"> unikalnej opowie\u015bci o swoim \u017cyciu<\/span><\/b><span data-contrast=\"auto\">. Mo\u017cesz tak\u017ce przygotowa\u0107 dla nich <\/span><b><span data-contrast=\"auto\">w\u0142asny, wyj\u0105tkowy projekt<\/span><\/b><span data-contrast=\"auto\">, wype\u0142niaj\u0105c album <a href=\"https:\/\/www.empikfoto.pl\/odbitki\">zdj\u0119ciami<\/a> i innymi pami\u0105tkami, kt\u00f3re przedstawiaj\u0105 najwa\u017cniejsze momenty w Waszej rodzinnej historii. Taki album z pewno\u015bci\u0105 stanie si\u0119 cenn\u0105 rodzinn\u0105 pami\u0105tk\u0105, kt\u00f3r\u0105 Twoi rodzice b\u0119d\u0105 mogli z dum\u0105 prezentowa\u0107 swoim go\u015bciom.<\/span><span data-ccp-props=\"{}\">\u00a0<\/span><\/p>\n<p><span data-contrast=\"auto\">Wyb\u00f3r idealnego prezentu na \u015bwi\u0119ta dla rodzic\u00f3w mo\u017ce by\u0107 wyzwaniem, ale z naszymi propozycjami z pewno\u015bci\u0105 wybierzesz co\u015b, co sprawi im rado\u015b\u0107. W sklepie internetowym Empik Foto znajdziesz <\/span><a href=\"https:\/\/www.empikfoto.pl\/prezenty-swiateczne\"><b><span data-contrast=\"auto\">wiele inspiruj\u0105cych pomys\u0142\u00f3w na prezenty<\/span><\/b><\/a><span data-contrast=\"auto\">, kt\u00f3re mog\u0105 pom\u00f3c Ci w podj\u0119ciu decyzji. Je\u015bli jednak nadal zastanawiasz si\u0119, co kupi\u0107 rodzicom na \u015bwi\u0119ta, pami\u0119taj, \u017ce najwa\u017cniejsze jest to, aby Tw\u00f3j prezent wyra\u017ca\u0142<\/span><b><span data-contrast=\"auto\"> mi\u0142o\u015b\u0107 i wdzi\u0119czno\u015b\u0107<\/span><\/b><span data-contrast=\"auto\">, jakimi darzysz swoich rodzic\u00f3w.<\/span><span data-ccp-props=\"{}\">\u00a0<\/span><\/p>\n<p>\u00a0<\/p>\n\n\n<p><\/p>\n","protected":false},"excerpt":{"rendered":"<p>Zbli\u017caj\u0105 si\u0119 \u015bwi\u0119ta, a wraz z nimi pojawia si\u0119 radosne, ale i pe\u0142ne wyzwa\u0144 pytanie: co w tym roku kupi\u0107 rodzicom na \u015bwi\u0119ta, aby ich zaskoczy\u0107, sprawi\u0107 im przyjemno\u015b\u0107 i jednocze\u015bnie wyrazi\u0107 swoj\u0105 mi\u0142o\u015b\u0107? Wyb\u00f3r idealnego prezentu cz\u0119sto przyprawia o zawr\u00f3t g\u0142owy \u2013 zw\u0142aszcza gdy znamy upodobania rodzic\u00f3w, ale wci\u0105\u017c trudno zdecydowa\u0107 si\u0119 na t\u0119 jedn\u0105, wyj\u0105tkow\u0105 rzecz. Bez wzgl\u0119du na to, czy szukasz dla nich czego\u015b praktycznego, czy mo\u017ce bardziej sentymentalnego, co wzbudzi emocje i dostarczy wzruszaj\u0105cych prze\u017cy\u0107, w naszym prezentowniku znajdziesz oryginalne propozycje na prezenty dla mamy i taty, kt\u00f3re sprawi\u0105, \u017ce te \u015bwi\u0119ta stan\u0105 si\u0119 jeszcze bardziej magiczne!\u00a0 Fotoksi\u0105\u017cka \u2013 wspomnienia na wyci\u0105gni\u0119cie r\u0119ki\u00a0 Jednym z najpi\u0119kniejszych prezent\u00f3w, kt\u00f3re mo\u017cesz podarowa\u0107 swoim rodzicom na \u015bwi\u0119ta s\u0105 mi\u0142e wspomnienia przekazane w formie wyj\u0105tkowej pami\u0105tki, jak\u0105 jest fotoksi\u0105\u017cka. Dzi\u0119ki fotoksi\u0105\u017cce mo\u017cesz w kreatywny spos\u00f3b odtworzy\u0107 najpi\u0119kniejsze chwile z \u017cycia rodzic\u00f3w i zamkn\u0105\u0107 je w estetycznym, personalizowanym formacie. Fotoksi\u0105\u017cka to nie tylko zbi\u00f3r zdj\u0119\u0107 \u2013 to wyj\u0105tkowa opowie\u015b\u0107, kt\u00f3ra przywo\u0142uje wspomnienia i emocje zwi\u0105zane z wa\u017cnymi momentami takimi jak \u015bluby, rocznice, rodzinne wyjazdy czy urodziny.\u00a0 W Empik Foto samodzielnie zaprojektujesz fotoksi\u0105\u017ck\u0119 dla rodzic\u00f3w, dodaj\u0105c ulubione zdj\u0119cia, daty, opisy i dowolne motywy graficzne. Mo\u017cliwo\u015b\u0107 wyboru formatu, rozmiaru i wygl\u0105du ok\u0142adki sprawia, \u017ce ka\u017cdy egzemplarz staje si\u0119 unikalny i dostosowany do gustu obdarowywanej osoby. Rodzice na pewno doceni\u0105 Tw\u00f3j osobisty wk\u0142ad, kt\u00f3ry w\u0142o\u017cysz w stworzenie tej wyj\u0105tkowej pami\u0105tki, a wspomnienia, kt\u00f3re w niej zawrzesz, b\u0119d\u0105 mia\u0142y dla nich ogromne znaczenie.\u00a0 Fotoksi\u0105\u017cka to doskona\u0142y spos\u00f3b, aby uwieczni\u0107 wyj\u0105tkowe podr\u00f3\u017ce, histori\u0119 rodzic\u00f3w od momentu poznania a\u017c do teraz, czy codzienne, ale niezapomniane wsp\u00f3lne chwile. Stworzenie takiego prezentu to nie tylko \u015bwietna zabawa, ale tak\u017ce wspania\u0142a okazja do refleksji nad wsp\u00f3lnymi do\u015bwiadczeniami. W ka\u017cdym momencie przegl\u0105dania fotoksi\u0105\u017cki rodzice b\u0119d\u0105 mogli na nowo prze\u017cywa\u0107 te szczeg\u00f3lne momenty, a ich serca wype\u0142ni rado\u015b\u0107 i wdzi\u0119czno\u015b\u0107 za Twoj\u0105 trosk\u0119.\u00a0 Obraz na p\u0142\u00f3tnie \u2013 dla mi\u0142o\u015bnik\u00f3w sztuki\u00a0\u00a0 Kolejn\u0105 inspiruj\u0105c\u0105 propozycj\u0105 na prezent na \u015bwi\u0119ta dla rodzic\u00f3w jest obraz na p\u0142\u00f3tnie, kt\u00f3ry z pewno\u015bci\u0105 przypadnie do gustu rodzicom pasjonuj\u0105cym si\u0119 sztuk\u0105 i ceni\u0105cym elegancki wystr\u00f3j wn\u0119trz. Taki upominek nie tylko doda wyj\u0105tkowego charakteru ich przestrzeni, ale tak\u017ce stanie si\u0119 dla nich warto\u015bciow\u0105 pami\u0105tk\u0105, kt\u00f3ra b\u0119dzie im przypomina\u0107 o Tobie oraz wyj\u0105tkowych chwilach w waszym \u017cyciu.\u00a0\u00a0 Wybieraj\u0105c obraz na prezent pod choink\u0119, masz wiele mo\u017cliwo\u015bci. Mo\u017cesz zdecydowa\u0107 si\u0119 na gotowy wz\u00f3r obrazu w \u015bwi\u0105tecznym klimacie lub nawi\u0105zuj\u0105cy do zainteresowa\u0144 rodzic\u00f3w, czy te\u017c stworzy\u0107 co\u015b zupe\u0142nie unikalnego, co odzwierciedli Wasze wsp\u00f3lne prze\u017cycia. \u00a0 W sklepie internetowym Empik Foto mo\u017cesz zam\u00f3wi\u0107 personalizowany obraz na p\u0142\u00f3tnie, przedstawiaj\u0105cy zdj\u0119cie lub motyw graficzny, kt\u00f3ry najlepiej odda charakter Waszej rodziny. To mo\u017ce by\u0107 np. ulubiony krajobraz z rodzinnego wyjazdu, wsp\u00f3lne zdj\u0119cie z wa\u017cnej uroczysto\u015bci, artystyczny kola\u017c fotografii \u015blubnych lub Twoja w\u0142asna grafika, kt\u00f3r\u0105 stworzy\u0142e\u015b specjalnie na t\u0119 okazj\u0119.\u00a0\u00a0\u00a0 Dodatkowo, obraz mo\u017cesz wzbogaci\u0107 o inspiruj\u0105ce cytaty, daty lub dedykacje, kt\u00f3re jeszcze bardziej podkre\u015bl\u0105 emocjonaln\u0105 warto\u015b\u0107 uwiecznionych na nim wspomnie\u0144.\u00a0\u00a0 Album na zdj\u0119cia \u2013 klasyka, kt\u00f3ra nigdy nie wyjdzie z mody\u00a0 Albumy na zdj\u0119cia to propozycja na klasyczny i praktyczny prezent na \u015bwi\u0119ta dla rodzic\u00f3w, kt\u00f3ry umo\u017cliwi im zbieranie wspomnie\u0144 z wakacji, rodzinnych spotka\u0144 czy wa\u017cnych uroczysto\u015bci. Mo\u017cesz wybra\u0107 tradycyjny album wsuwany z kieszonkami, kt\u00f3ry b\u0119dzie elegancko prezentowa\u0107 zdj\u0119cia, a Twoi rodzice b\u0119d\u0105 mogli je wype\u0142ni\u0107 samodzielnie wybranymi fotografiami lub zdecydowa\u0107 si\u0119 na album wklejany, kt\u00f3ry oferuje znacznie wi\u0119ksze mo\u017cliwo\u015bci tw\u00f3rczej personalizacji, pozwalaj\u0105c na dodawanie w\u0142asnych opis\u00f3w, rysunk\u00f3w czy innych element\u00f3w.\u00a0 Je\u015bli zdecydujesz si\u0119 na album wklejany, mo\u017cesz podarowa\u0107 go jako pust\u0105 przestrze\u0144, kt\u00f3ra zach\u0119ci Twoich rodzic\u00f3w do samodzielnego tworzenia unikalnej opowie\u015bci o swoim \u017cyciu. Mo\u017cesz tak\u017ce przygotowa\u0107 dla nich w\u0142asny, wyj\u0105tkowy projekt, wype\u0142niaj\u0105c album zdj\u0119ciami i innymi pami\u0105tkami, kt\u00f3re przedstawiaj\u0105 najwa\u017cniejsze momenty w Waszej rodzinnej historii. Taki album z pewno\u015bci\u0105 stanie si\u0119 cenn\u0105 rodzinn\u0105 pami\u0105tk\u0105, kt\u00f3r\u0105 Twoi rodzice b\u0119d\u0105 mogli z dum\u0105 prezentowa\u0107 swoim go\u015bciom.\u00a0 Wyb\u00f3r idealnego prezentu na \u015bwi\u0119ta dla rodzic\u00f3w mo\u017ce by\u0107 wyzwaniem, ale z naszymi propozycjami z pewno\u015bci\u0105 wybierzesz co\u015b, co sprawi im rado\u015b\u0107. W sklepie internetowym Empik Foto znajdziesz wiele inspiruj\u0105cych pomys\u0142\u00f3w na prezenty, kt\u00f3re mog\u0105 pom\u00f3c Ci w podj\u0119ciu decyzji. Je\u015bli jednak nadal zastanawiasz si\u0119, co kupi\u0107 rodzicom na \u015bwi\u0119ta, pami\u0119taj, \u017ce najwa\u017cniejsze jest to, aby Tw\u00f3j prezent wyra\u017ca\u0142 mi\u0142o\u015b\u0107 i wdzi\u0119czno\u015b\u0107, jakimi darzysz swoich rodzic\u00f3w.\u00a0 \u00a0<\/p>\n","protected":false},"author":24,"featured_media":14162,"comment_status":"closed","ping_status":"closed","sticky":true,"template":"","format":"standard","meta":{"footnotes":""},"categories":[1059],"tags":[1069,1070,1129,1167,1068],"class_list":["post-14154","post","type-post","status-publish","format-standard","has-post-thumbnail","hentry","category-pomysly-na-prezent","tag-boze-narodzenie","tag-pomysl-na-prezent","tag-prezent-dla-mamy","tag-prezent-dla-taty","tag-swieta"],"yoast_head":"<!-- This site is optimized with the Yoast SEO plugin v27.5 - https:\/\/yoast.com\/product\/yoast-seo-wordpress\/ -->\n<title>Prezent na \u015bwi\u0119ta dla rodzic\u00f3w - co wybra\u0107? | Empik Foto<\/title>\n<meta name=\"description\" content=\"Szukasz pomys\u0142u na wyj\u0105tkowy prezent dla rodzic\u00f3w na \u015bwi\u0119ta? Sprawd\u017a nasze propozycje upomink\u00f3w, kt\u00f3re chwyc\u0105 za serce!\" \/>\n<meta name=\"robots\" content=\"index, follow, max-snippet:-1, max-image-preview:large, max-video-preview:-1\" \/>\n<link rel=\"canonical\" href=\"https:\/\/www.empikfoto.pl\/blog\/prezent-na-swieta-dla-rodzicow-co-wybrac\/\" \/>\n<meta property=\"og:locale\" content=\"pl_PL\" \/>\n<meta property=\"og:type\" content=\"article\" \/>\n<meta property=\"og:title\" content=\"Prezent na \u015bwi\u0119ta dla rodzic\u00f3w - co wybra\u0107? | Empik Foto\" \/>\n<meta property=\"og:description\" content=\"Szukasz pomys\u0142u na wyj\u0105tkowy prezent dla rodzic\u00f3w na \u015bwi\u0119ta? Sprawd\u017a nasze propozycje upomink\u00f3w, kt\u00f3re chwyc\u0105 za serce!\" \/>\n<meta property=\"og:url\" content=\"https:\/\/www.empikfoto.pl\/blog\/prezent-na-swieta-dla-rodzicow-co-wybrac\/\" \/>\n<meta property=\"og:site_name\" content=\"blog.empikfoto.pl\" \/>\n<meta property=\"article:publisher\" content=\"https:\/\/www.facebook.com\/empikfotopl\/\" \/>\n<meta property=\"article:published_time\" content=\"2024-11-19T13:45:36+00:00\" \/>\n<meta property=\"article:modified_time\" content=\"2024-11-19T13:45:37+00:00\" \/>\n<meta property=\"og:image\" content=\"https:\/\/www.empikfoto.pl\/blog\/empikfoto\/2024\/11\/prezent-dla-rodzicow-na-swieta-1.jpg\" \/>\n\t<meta property=\"og:image:width\" content=\"2000\" \/>\n\t<meta property=\"og:image:height\" content=\"1335\" \/>\n\t<meta property=\"og:image:type\" content=\"image\/jpeg\" \/>\n<meta name=\"author\" content=\"Magdalena\" \/>\n<meta name=\"twitter:card\" content=\"summary_large_image\" \/>\n<meta name=\"twitter:creator\" content=\"@empikfoto\" \/>\n<meta name=\"twitter:site\" content=\"@empikfoto\" \/>\n<meta name=\"twitter:label1\" content=\"Napisane przez\" \/>\n\t<meta name=\"twitter:data1\" content=\"Magdalena\" \/>\n\t<meta name=\"twitter:label2\" content=\"Szacowany czas czytania\" \/>\n\t<meta name=\"twitter:data2\" content=\"5 minut\" \/>\n<script type=\"application\/ld+json\" class=\"yoast-schema-graph\">{\"@context\":\"https:\\\/\\\/schema.org\",\"@graph\":[{\"@type\":\"Article\",\"@id\":\"https:\\\/\\\/www.empikfoto.pl\\\/blog\\\/prezent-na-swieta-dla-rodzicow-co-wybrac\\\/#article\",\"isPartOf\":{\"@id\":\"https:\\\/\\\/www.empikfoto.pl\\\/blog\\\/prezent-na-swieta-dla-rodzicow-co-wybrac\\\/\"},\"author\":{\"name\":\"Magdalena\",\"@id\":\"https:\\\/\\\/www.empikfoto.pl\\\/blog\\\/#\\\/schema\\\/person\\\/f394adde230a2c78b1d5840ec66c5f5d\"},\"headline\":\"Prezent na \u015bwi\u0119ta dla rodzic\u00f3w &#8211; co wybra\u0107?\",\"datePublished\":\"2024-11-19T13:45:36+00:00\",\"dateModified\":\"2024-11-19T13:45:37+00:00\",\"mainEntityOfPage\":{\"@id\":\"https:\\\/\\\/www.empikfoto.pl\\\/blog\\\/prezent-na-swieta-dla-rodzicow-co-wybrac\\\/\"},\"wordCount\":885,\"image\":{\"@id\":\"https:\\\/\\\/www.empikfoto.pl\\\/blog\\\/prezent-na-swieta-dla-rodzicow-co-wybrac\\\/#primaryimage\"},\"thumbnailUrl\":\"https:\\\/\\\/www.empikfoto.pl\\\/blog\\\/empikfoto\\\/2024\\\/11\\\/prezent-dla-rodzicow-na-swieta-1.jpg\",\"keywords\":[\"bo\u017ce narodzenie\",\"pomys\u0142 na prezent\",\"prezent dla mamy\",\"prezent dla taty\",\"\u015bwi\u0119ta\"],\"articleSection\":[\"Pomys\u0142y na prezent\"],\"inLanguage\":\"pl-PL\"},{\"@type\":\"WebPage\",\"@id\":\"https:\\\/\\\/www.empikfoto.pl\\\/blog\\\/prezent-na-swieta-dla-rodzicow-co-wybrac\\\/\",\"url\":\"https:\\\/\\\/www.empikfoto.pl\\\/blog\\\/prezent-na-swieta-dla-rodzicow-co-wybrac\\\/\",\"name\":\"Prezent na \u015bwi\u0119ta dla rodzic\u00f3w - co wybra\u0107? | Empik Foto\",\"isPartOf\":{\"@id\":\"https:\\\/\\\/www.empikfoto.pl\\\/blog\\\/#website\"},\"primaryImageOfPage\":{\"@id\":\"https:\\\/\\\/www.empikfoto.pl\\\/blog\\\/prezent-na-swieta-dla-rodzicow-co-wybrac\\\/#primaryimage\"},\"image\":{\"@id\":\"https:\\\/\\\/www.empikfoto.pl\\\/blog\\\/prezent-na-swieta-dla-rodzicow-co-wybrac\\\/#primaryimage\"},\"thumbnailUrl\":\"https:\\\/\\\/www.empikfoto.pl\\\/blog\\\/empikfoto\\\/2024\\\/11\\\/prezent-dla-rodzicow-na-swieta-1.jpg\",\"datePublished\":\"2024-11-19T13:45:36+00:00\",\"dateModified\":\"2024-11-19T13:45:37+00:00\",\"author\":{\"@id\":\"https:\\\/\\\/www.empikfoto.pl\\\/blog\\\/#\\\/schema\\\/person\\\/f394adde230a2c78b1d5840ec66c5f5d\"},\"description\":\"Szukasz pomys\u0142u na wyj\u0105tkowy prezent dla rodzic\u00f3w na \u015bwi\u0119ta? Sprawd\u017a nasze propozycje upomink\u00f3w, kt\u00f3re chwyc\u0105 za serce!\",\"breadcrumb\":{\"@id\":\"https:\\\/\\\/www.empikfoto.pl\\\/blog\\\/prezent-na-swieta-dla-rodzicow-co-wybrac\\\/#breadcrumb\"},\"inLanguage\":\"pl-PL\",\"potentialAction\":[{\"@type\":\"ReadAction\",\"target\":[\"https:\\\/\\\/www.empikfoto.pl\\\/blog\\\/prezent-na-swieta-dla-rodzicow-co-wybrac\\\/\"]}]},{\"@type\":\"ImageObject\",\"inLanguage\":\"pl-PL\",\"@id\":\"https:\\\/\\\/www.empikfoto.pl\\\/blog\\\/prezent-na-swieta-dla-rodzicow-co-wybrac\\\/#primaryimage\",\"url\":\"https:\\\/\\\/www.empikfoto.pl\\\/blog\\\/empikfoto\\\/2024\\\/11\\\/prezent-dla-rodzicow-na-swieta-1.jpg\",\"contentUrl\":\"https:\\\/\\\/www.empikfoto.pl\\\/blog\\\/empikfoto\\\/2024\\\/11\\\/prezent-dla-rodzicow-na-swieta-1.jpg\",\"width\":2000,\"height\":1335},{\"@type\":\"BreadcrumbList\",\"@id\":\"https:\\\/\\\/www.empikfoto.pl\\\/blog\\\/prezent-na-swieta-dla-rodzicow-co-wybrac\\\/#breadcrumb\",\"itemListElement\":[{\"@type\":\"ListItem\",\"position\":1,\"name\":\"Strona g\u0142\u00f3wna\",\"item\":\"https:\\\/\\\/www.empikfoto.pl\\\/blog\\\/\"},{\"@type\":\"ListItem\",\"position\":2,\"name\":\"Prezent na \u015bwi\u0119ta dla rodzic\u00f3w &#8211; co wybra\u0107?\"}]},{\"@type\":\"WebSite\",\"@id\":\"https:\\\/\\\/www.empikfoto.pl\\\/blog\\\/#website\",\"url\":\"https:\\\/\\\/www.empikfoto.pl\\\/blog\\\/\",\"name\":\"blog.empikfoto.pl\",\"description\":\"Poznaj empikfoto.pl od \u015brodka! Dowiedz si\u0119 wi\u0119cej o odbitkach, fotoksi\u0105\u017ckach i fotografii.\",\"potentialAction\":[{\"@type\":\"SearchAction\",\"target\":{\"@type\":\"EntryPoint\",\"urlTemplate\":\"https:\\\/\\\/www.empikfoto.pl\\\/blog\\\/?s={search_term_string}\"},\"query-input\":{\"@type\":\"PropertyValueSpecification\",\"valueRequired\":true,\"valueName\":\"search_term_string\"}}],\"inLanguage\":\"pl-PL\"},{\"@type\":\"Person\",\"@id\":\"https:\\\/\\\/www.empikfoto.pl\\\/blog\\\/#\\\/schema\\\/person\\\/f394adde230a2c78b1d5840ec66c5f5d\",\"name\":\"Magdalena\",\"image\":{\"@type\":\"ImageObject\",\"inLanguage\":\"pl-PL\",\"@id\":\"https:\\\/\\\/secure.gravatar.com\\\/avatar\\\/874b117191fd73f8cc0be164b43f75724363784b2c9d57127c4a7b73181b9ea3?s=96&d=identicon&r=g\",\"url\":\"https:\\\/\\\/secure.gravatar.com\\\/avatar\\\/874b117191fd73f8cc0be164b43f75724363784b2c9d57127c4a7b73181b9ea3?s=96&d=identicon&r=g\",\"contentUrl\":\"https:\\\/\\\/secure.gravatar.com\\\/avatar\\\/874b117191fd73f8cc0be164b43f75724363784b2c9d57127c4a7b73181b9ea3?s=96&d=identicon&r=g\",\"caption\":\"Magdalena\"},\"url\":\"https:\\\/\\\/www.empikfoto.pl\\\/blog\\\/author\\\/magda-em\\\/\"}]}<\/script>\n<!-- \/ Yoast SEO plugin. -->","yoast_head_json":{"title":"Prezent na \u015bwi\u0119ta dla rodzic\u00f3w - co wybra\u0107? | Empik Foto","description":"Szukasz pomys\u0142u na wyj\u0105tkowy prezent dla rodzic\u00f3w na \u015bwi\u0119ta? Sprawd\u017a nasze propozycje upomink\u00f3w, kt\u00f3re chwyc\u0105 za serce!","robots":{"index":"index","follow":"follow","max-snippet":"max-snippet:-1","max-image-preview":"max-image-preview:large","max-video-preview":"max-video-preview:-1"},"canonical":"https:\/\/www.empikfoto.pl\/blog\/prezent-na-swieta-dla-rodzicow-co-wybrac\/","og_locale":"pl_PL","og_type":"article","og_title":"Prezent na \u015bwi\u0119ta dla rodzic\u00f3w - co wybra\u0107? | Empik Foto","og_description":"Szukasz pomys\u0142u na wyj\u0105tkowy prezent dla rodzic\u00f3w na \u015bwi\u0119ta? Sprawd\u017a nasze propozycje upomink\u00f3w, kt\u00f3re chwyc\u0105 za serce!","og_url":"https:\/\/www.empikfoto.pl\/blog\/prezent-na-swieta-dla-rodzicow-co-wybrac\/","og_site_name":"blog.empikfoto.pl","article_publisher":"https:\/\/www.facebook.com\/empikfotopl\/","article_published_time":"2024-11-19T13:45:36+00:00","article_modified_time":"2024-11-19T13:45:37+00:00","og_image":[{"width":2000,"height":1335,"url":"https:\/\/www.empikfoto.pl\/blog\/empikfoto\/2024\/11\/prezent-dla-rodzicow-na-swieta-1.jpg","type":"image\/jpeg"}],"author":"Magdalena","twitter_card":"summary_large_image","twitter_creator":"@empikfoto","twitter_site":"@empikfoto","twitter_misc":{"Napisane przez":"Magdalena","Szacowany czas czytania":"5 minut"},"schema":{"@context":"https:\/\/schema.org","@graph":[{"@type":"Article","@id":"https:\/\/www.empikfoto.pl\/blog\/prezent-na-swieta-dla-rodzicow-co-wybrac\/#article","isPartOf":{"@id":"https:\/\/www.empikfoto.pl\/blog\/prezent-na-swieta-dla-rodzicow-co-wybrac\/"},"author":{"name":"Magdalena","@id":"https:\/\/www.empikfoto.pl\/blog\/#\/schema\/person\/f394adde230a2c78b1d5840ec66c5f5d"},"headline":"Prezent na \u015bwi\u0119ta dla rodzic\u00f3w &#8211; co wybra\u0107?","datePublished":"2024-11-19T13:45:36+00:00","dateModified":"2024-11-19T13:45:37+00:00","mainEntityOfPage":{"@id":"https:\/\/www.empikfoto.pl\/blog\/prezent-na-swieta-dla-rodzicow-co-wybrac\/"},"wordCount":885,"image":{"@id":"https:\/\/www.empikfoto.pl\/blog\/prezent-na-swieta-dla-rodzicow-co-wybrac\/#primaryimage"},"thumbnailUrl":"https:\/\/www.empikfoto.pl\/blog\/empikfoto\/2024\/11\/prezent-dla-rodzicow-na-swieta-1.jpg","keywords":["bo\u017ce narodzenie","pomys\u0142 na prezent","prezent dla mamy","prezent dla taty","\u015bwi\u0119ta"],"articleSection":["Pomys\u0142y na prezent"],"inLanguage":"pl-PL"},{"@type":"WebPage","@id":"https:\/\/www.empikfoto.pl\/blog\/prezent-na-swieta-dla-rodzicow-co-wybrac\/","url":"https:\/\/www.empikfoto.pl\/blog\/prezent-na-swieta-dla-rodzicow-co-wybrac\/","name":"Prezent na \u015bwi\u0119ta dla rodzic\u00f3w - co wybra\u0107? | Empik Foto","isPartOf":{"@id":"https:\/\/www.empikfoto.pl\/blog\/#website"},"primaryImageOfPage":{"@id":"https:\/\/www.empikfoto.pl\/blog\/prezent-na-swieta-dla-rodzicow-co-wybrac\/#primaryimage"},"image":{"@id":"https:\/\/www.empikfoto.pl\/blog\/prezent-na-swieta-dla-rodzicow-co-wybrac\/#primaryimage"},"thumbnailUrl":"https:\/\/www.empikfoto.pl\/blog\/empikfoto\/2024\/11\/prezent-dla-rodzicow-na-swieta-1.jpg","datePublished":"2024-11-19T13:45:36+00:00","dateModified":"2024-11-19T13:45:37+00:00","author":{"@id":"https:\/\/www.empikfoto.pl\/blog\/#\/schema\/person\/f394adde230a2c78b1d5840ec66c5f5d"},"description":"Szukasz pomys\u0142u na wyj\u0105tkowy prezent dla rodzic\u00f3w na \u015bwi\u0119ta? Sprawd\u017a nasze propozycje upomink\u00f3w, kt\u00f3re chwyc\u0105 za serce!","breadcrumb":{"@id":"https:\/\/www.empikfoto.pl\/blog\/prezent-na-swieta-dla-rodzicow-co-wybrac\/#breadcrumb"},"inLanguage":"pl-PL","potentialAction":[{"@type":"ReadAction","target":["https:\/\/www.empikfoto.pl\/blog\/prezent-na-swieta-dla-rodzicow-co-wybrac\/"]}]},{"@type":"ImageObject","inLanguage":"pl-PL","@id":"https:\/\/www.empikfoto.pl\/blog\/prezent-na-swieta-dla-rodzicow-co-wybrac\/#primaryimage","url":"https:\/\/www.empikfoto.pl\/blog\/empikfoto\/2024\/11\/prezent-dla-rodzicow-na-swieta-1.jpg","contentUrl":"https:\/\/www.empikfoto.pl\/blog\/empikfoto\/2024\/11\/prezent-dla-rodzicow-na-swieta-1.jpg","width":2000,"height":1335},{"@type":"BreadcrumbList","@id":"https:\/\/www.empikfoto.pl\/blog\/prezent-na-swieta-dla-rodzicow-co-wybrac\/#breadcrumb","itemListElement":[{"@type":"ListItem","position":1,"name":"Strona g\u0142\u00f3wna","item":"https:\/\/www.empikfoto.pl\/blog\/"},{"@type":"ListItem","position":2,"name":"Prezent na \u015bwi\u0119ta dla rodzic\u00f3w &#8211; co wybra\u0107?"}]},{"@type":"WebSite","@id":"https:\/\/www.empikfoto.pl\/blog\/#website","url":"https:\/\/www.empikfoto.pl\/blog\/","name":"blog.empikfoto.pl","description":"Poznaj empikfoto.pl od \u015brodka! Dowiedz si\u0119 wi\u0119cej o odbitkach, fotoksi\u0105\u017ckach i fotografii.","potentialAction":[{"@type":"SearchAction","target":{"@type":"EntryPoint","urlTemplate":"https:\/\/www.empikfoto.pl\/blog\/?s={search_term_string}"},"query-input":{"@type":"PropertyValueSpecification","valueRequired":true,"valueName":"search_term_string"}}],"inLanguage":"pl-PL"},{"@type":"Person","@id":"https:\/\/www.empikfoto.pl\/blog\/#\/schema\/person\/f394adde230a2c78b1d5840ec66c5f5d","name":"Magdalena","image":{"@type":"ImageObject","inLanguage":"pl-PL","@id":"https:\/\/secure.gravatar.com\/avatar\/874b117191fd73f8cc0be164b43f75724363784b2c9d57127c4a7b73181b9ea3?s=96&d=identicon&r=g","url":"https:\/\/secure.gravatar.com\/avatar\/874b117191fd73f8cc0be164b43f75724363784b2c9d57127c4a7b73181b9ea3?s=96&d=identicon&r=g","contentUrl":"https:\/\/secure.gravatar.com\/avatar\/874b117191fd73f8cc0be164b43f75724363784b2c9d57127c4a7b73181b9ea3?s=96&d=identicon&r=g","caption":"Magdalena"},"url":"https:\/\/www.empikfoto.pl\/blog\/author\/magda-em\/"}]}},"amp_enabled":true,"_links":{"self":[{"href":"https:\/\/www.empikfoto.pl\/blog\/wp-json\/wp\/v2\/posts\/14154","targetHints":{"allow":["GET"]}}],"collection":[{"href":"https:\/\/www.empikfoto.pl\/blog\/wp-json\/wp\/v2\/posts"}],"about":[{"href":"https:\/\/www.empikfoto.pl\/blog\/wp-json\/wp\/v2\/types\/post"}],"author":[{"embeddable":true,"href":"https:\/\/www.empikfoto.pl\/blog\/wp-json\/wp\/v2\/users\/24"}],"replies":[{"embeddable":true,"href":"https:\/\/www.empikfoto.pl\/blog\/wp-json\/wp\/v2\/comments?post=14154"}],"version-history":[{"count":7,"href":"https:\/\/www.empikfoto.pl\/blog\/wp-json\/wp\/v2\/posts\/14154\/revisions"}],"predecessor-version":[{"id":14166,"href":"https:\/\/www.empikfoto.pl\/blog\/wp-json\/wp\/v2\/posts\/14154\/revisions\/14166"}],"wp:featuredmedia":[{"embeddable":true,"href":"https:\/\/www.empikfoto.pl\/blog\/wp-json\/wp\/v2\/media\/14162"}],"wp:attachment":[{"href":"https:\/\/www.empikfoto.pl\/blog\/wp-json\/wp\/v2\/media?parent=14154"}],"wp:term":[{"taxonomy":"category","embeddable":true,"href":"https:\/\/www.empikfoto.pl\/blog\/wp-json\/wp\/v2\/categories?post=14154"},{"taxonomy":"post_tag","embeddable":true,"href":"https:\/\/www.empikfoto.pl\/blog\/wp-json\/wp\/v2\/tags?post=14154"}],"curies":[{"name":"wp","href":"https:\/\/api.w.org\/{rel}","templated":true}]}}