{"id":14512,"date":"2025-06-04T14:35:43","date_gmt":"2025-06-04T12:35:43","guid":{"rendered":"https:\/\/www.empikfoto.pl\/blog\/?p=14512"},"modified":"2025-06-04T14:35:54","modified_gmt":"2025-06-04T12:35:54","slug":"recznik-personalizowany-jako-swietny-dodatek-na-wakacje-jak-go-stworzyc","status":"publish","type":"post","link":"https:\/\/www.empikfoto.pl\/blog\/recznik-personalizowany-jako-swietny-dodatek-na-wakacje-jak-go-stworzyc\/","title":{"rendered":"R\u0119cznik personalizowany jako \u015bwietny dodatek na wakacje. Jak go stworzy\u0107?"},"content":{"rendered":"<p><span data-contrast=\"auto\">Czas, gdy <\/span><b><span data-contrast=\"auto\">planujemy letnie wyjazdy<\/span><\/b><span data-contrast=\"auto\">, potrafi by\u0107 naprawd\u0119 ekscytuj\u0105cy. Przegl\u0105damy stroje k\u0105pielowe, kompletujemy garderob\u0119, dopieszczamy zawarto\u015b\u0107 walizki, wybieramy idealne okulary przeciws\u0142oneczne. Liczy si\u0119 ka\u017cdy detal, bo przecie\u017c wakacje to nie tylko odpoczynek, ale te\u017c okazja, \u017ceby poczu\u0107 si\u0119 dobrze we w\u0142asnej sk\u00f3rze, wyrazi\u0107 siebie i wygl\u0105da\u0107 stylowo nawet na pla\u017cy.<\/span><span data-ccp-props=\"{}\">\u00a0<\/span><\/p>\n<p><span data-contrast=\"auto\">Jest jednak jeden element, o kt\u00f3rym cz\u0119sto zapominamy &#8211; <\/span><b><span data-contrast=\"auto\">r\u0119cznik<\/span><\/b><span data-contrast=\"auto\">. Tak, dok\u0142adnie. Ten niepozorny kawa\u0142ek materia\u0142u, kt\u00f3ry wrzucamy do torby w ostatniej chwili, cz\u0119sto z przekonaniem: \u201ebyleby jaki\u015b by\u0142\u201d. A potem, ju\u017c na miejscu, \u017ca\u0142ujemy, \u017ce zn\u00f3w zabrali\u015bmy ze sob\u0105 ten sam wyblak\u0142y wz\u00f3r sprzed dekady. Tymczasem r\u0119cznik mo\u017ce by\u0107 czym\u015b wi\u0119cej ni\u017c zwyk\u0142ym dodatkiem! Mo\u017ce<\/span><b><span data-contrast=\"auto\"> podkre\u015bla\u0107 Tw\u00f3j styl<\/span><\/b><span data-contrast=\"auto\"> i sprawi\u0107, \u017ce wyr\u00f3\u017cnisz si\u0119 nawet na zat\u0142oczonej pla\u017cy. Sprawd\u017a, jak \u0142atwo mo\u017cesz stworzy\u0107 <\/span><a href=\"https:\/\/www.empikfoto.pl\/wszystkie-produkty\/reczniki\"><b><span data-contrast=\"auto\">r\u0119cznik personalizowany<\/span><\/b><\/a><span data-contrast=\"auto\">, kt\u00f3ry b\u0119dzie idealnie pasowa\u0142 do Twojego wakacyjnego klimatu!<\/span><span data-ccp-props=\"{}\">\u00a0<\/span><\/p>\n<h2 aria-level=\"2\"><span data-contrast=\"auto\">R\u0119cznik personalizowany, czyli wyj\u0105tkowy r\u0119cznik z nadrukiem<\/span><span data-ccp-props=\"{&quot;134245418&quot;:true,&quot;134245529&quot;:true,&quot;335559738&quot;:360,&quot;335559739&quot;:120}\">\u00a0<\/span><\/h2>\n<p><span data-contrast=\"auto\">Wyobra\u017a sobie du\u017cy, mi\u0119kki r\u0119cznik z nadrukiem, kt\u00f3ry samodzielnie wybra\u0142e\u015b lub zaprojektowa\u0142e\u015b. Mo\u017ce si\u0119 na nim znale\u017a\u0107 <\/span><b><span data-contrast=\"auto\">Twoje imi\u0119, pseudonim, wakacyjne motto, tropikalna grafika, motyw zwi\u0105zany z Twoja pasj\u0105, fotografia pupila lub zdj\u0119cie z poprzedniego urlopu<\/span><\/b><span data-contrast=\"auto\">, kt\u00f3re zawsze poprawia Ci humor. Personalizowany r\u0119cznik to nie tylko funkcjonalny dodatek\u2026 Z nim ka\u017cde miejsce na pla\u017cy stanie si\u0119 Twoj\u0105 w\u0142asn\u0105 stref\u0105 komfortu. <\/span><span data-ccp-props=\"{}\">\u00a0<\/span><\/p>\n<p><span data-contrast=\"auto\">Nie czekaj, a\u017c zn\u00f3w b\u0119dziesz pakowa\u0107 si\u0119 w po\u015bpiechu i si\u0119gniesz po przypadkowy r\u0119cznik z szafy. Zobacz, jak prosto mo\u017cesz stworzy\u0107 sw\u00f3j unikalny r\u0119cznik z nadrukiem, by zabra\u0107 ze sob\u0105 na wakacje co\u015b, co wyr\u00f3\u017cni Ci\u0119 z t\u0142umu.<\/span><span data-ccp-props=\"{}\">\u00a0<\/span><\/p>\n<h2 aria-level=\"2\"><span data-contrast=\"auto\">Dlaczego warto stworzy\u0107 personalizowany r\u0119cznik na wakacje?<\/span><span data-ccp-props=\"{&quot;134245418&quot;:true,&quot;134245529&quot;:true,&quot;335559738&quot;:360,&quot;335559739&quot;:120}\">\u00a0<\/span><\/h2>\n<p><span data-contrast=\"auto\">Personalizowany r\u0119cznik wyr\u00f3\u017cnia si\u0119 spo\u015br\u00f3d zwyk\u0142ych tekstyli\u00f3w, bo:<\/span><span data-ccp-props=\"{}\">\u00a0<\/span><\/p>\n<ul>\n<li data-leveltext=\"\u25cf\" data-font=\"\" data-listid=\"7\" data-list-defn-props=\"{&quot;335552541&quot;:1,&quot;335559685&quot;:720,&quot;335559991&quot;:360,&quot;469769242&quot;:[8226],&quot;469777803&quot;:&quot;left&quot;,&quot;469777804&quot;:&quot;\u25cf&quot;,&quot;469777815&quot;:&quot;multilevel&quot;}\" aria-setsize=\"-1\" data-aria-posinset=\"1\" data-aria-level=\"1\"><b><span data-contrast=\"auto\">\u015bwietnie wygl\u0105da na zdj\u0119ciach z podr\u00f3\u017cy<\/span><\/b><span data-contrast=\"auto\"> i mo\u017ce urozmaici\u0107 feed na Instagramie;<\/span><span data-ccp-props=\"{}\">\u00a0<\/span><\/li>\n<\/ul>\n<ul>\n<li data-leveltext=\"\u25cf\" data-font=\"\" data-listid=\"6\" data-list-defn-props=\"{&quot;335552541&quot;:1,&quot;335559685&quot;:720,&quot;335559991&quot;:360,&quot;469769242&quot;:[8226],&quot;469777803&quot;:&quot;left&quot;,&quot;469777804&quot;:&quot;\u25cf&quot;,&quot;469777815&quot;:&quot;multilevel&quot;}\" aria-setsize=\"-1\" data-aria-posinset=\"1\" data-aria-level=\"1\"><b><span data-contrast=\"auto\">\u0142atwo go rozpozna\u0107<\/span><\/b><span data-contrast=\"auto\"> w hotelowej pralni, na basenie, czy zat\u0142oczonej pla\u017cy;<\/span><span data-ccp-props=\"{}\">\u00a0<\/span><\/li>\n<\/ul>\n<ul>\n<li data-leveltext=\"\u25cf\" data-font=\"\" data-listid=\"4\" data-list-defn-props=\"{&quot;335552541&quot;:1,&quot;335559685&quot;:720,&quot;335559991&quot;:360,&quot;469769242&quot;:[8226],&quot;469777803&quot;:&quot;left&quot;,&quot;469777804&quot;:&quot;\u25cf&quot;,&quot;469777815&quot;:&quot;multilevel&quot;}\" aria-setsize=\"-1\" data-aria-posinset=\"1\" data-aria-level=\"1\"><b><span data-contrast=\"auto\">podkre\u015bla Tw\u00f3j styl <\/span><\/b><span data-contrast=\"auto\">&#8211;\u00a0 mo\u017cesz dobra\u0107 wz\u00f3r i kolorystyk\u0119 tak, by wsp\u00f3\u0142gra\u0142y z Twoim strojem k\u0105pielowym i innymi dodatkami;<\/span><span data-ccp-props=\"{}\">\u00a0<\/span><\/li>\n<\/ul>\n<ul>\n<li data-leveltext=\"\u25cf\" data-font=\"\" data-listid=\"2\" data-list-defn-props=\"{&quot;335552541&quot;:1,&quot;335559685&quot;:720,&quot;335559991&quot;:360,&quot;469769242&quot;:[8226],&quot;469777803&quot;:&quot;left&quot;,&quot;469777804&quot;:&quot;\u25cf&quot;,&quot;469777815&quot;:&quot;multilevel&quot;}\" aria-setsize=\"-1\" data-aria-posinset=\"1\" data-aria-level=\"1\"><span data-contrast=\"auto\">jest te\u017c <strong>fantastycznym<\/strong> <\/span><b><span data-contrast=\"auto\">pomys\u0142em na prezent<\/span><\/b><span data-contrast=\"auto\">, np. dla przyjaci\u00f3\u0142ki z okazji wsp\u00f3lnego wyjazdu, albo na zako\u0144czenie roku szkolnego dla dziecka.<\/span><span data-ccp-props=\"{}\">\u00a0<\/span><\/li>\n<\/ul>\n<p><a href=\"https:\/\/www.empikfoto.pl\/wszystkie-produkty\/reczniki\"><img loading=\"lazy\" decoding=\"async\" class=\"aligncenter wp-image-14518 size-large\" src=\"https:\/\/www.empikfoto.pl\/blog\/empikfoto\/2025\/06\/recznik-z-nadrukiem-1024x738.jpg\" alt=\"r\u0119cznik z nadrukiem\" width=\"1024\" height=\"738\" srcset=\"https:\/\/www.empikfoto.pl\/blog\/empikfoto\/2025\/06\/recznik-z-nadrukiem-1024x738.jpg 1024w, https:\/\/www.empikfoto.pl\/blog\/empikfoto\/2025\/06\/recznik-z-nadrukiem-300x216.jpg 300w, https:\/\/www.empikfoto.pl\/blog\/empikfoto\/2025\/06\/recznik-z-nadrukiem-768x553.jpg 768w, https:\/\/www.empikfoto.pl\/blog\/empikfoto\/2025\/06\/recznik-z-nadrukiem-1536x1107.jpg 1536w, https:\/\/www.empikfoto.pl\/blog\/empikfoto\/2025\/06\/recznik-z-nadrukiem-110x80.jpg 110w, https:\/\/www.empikfoto.pl\/blog\/empikfoto\/2025\/06\/recznik-z-nadrukiem-400x288.jpg 400w, https:\/\/www.empikfoto.pl\/blog\/empikfoto\/2025\/06\/recznik-z-nadrukiem.jpg 2000w\" sizes=\"auto, (max-width: 1024px) 100vw, 1024px\" \/><\/a><\/p>\n<h2 aria-level=\"2\"><span data-contrast=\"auto\">Jak stworzy\u0107 r\u0119cznik z w\u0142asnym nadrukiem krok po kroku?<\/span><span data-ccp-props=\"{&quot;134245418&quot;:true,&quot;134245529&quot;:true,&quot;335559738&quot;:360,&quot;335559739&quot;:120}\">\u00a0<\/span><\/h2>\n<p><span data-contrast=\"auto\">Wbrew pozorom, to wcale nie jest skomplikowane. Sklepy internetowe takie, jak <a href=\"https:\/\/www.empikfoto.pl\/\">Empik Foto<\/a> umo\u017cliwiaj\u0105 prost\u0105 <\/span><b><span data-contrast=\"auto\">personalizacj\u0119 r\u0119cznik\u00f3w online<\/span><\/b><span data-contrast=\"auto\">, czyli bez potrzeby wychodzenia z domu. Wystarczy mie\u0107 pomys\u0142 lub wybra\u0107 co\u015b z katalogu gotowych wzor\u00f3w, a intuicyjne narz\u0119dzie do projektowania w kilka chwil przeprowadzi Ci\u0119 przez ca\u0142y proces projektowania. Zaczynamy!<\/span><span data-ccp-props=\"{}\">\u00a0<\/span><\/p>\n<ol>\n<li><b><span data-contrast=\"auto\"> Wybierz odpowiedni rozmiar r\u0119cznika<\/span><\/b><\/li>\n<\/ol>\n<p><span data-contrast=\"auto\">Na pla\u017c\u0119 najlepiej sprawdzi si\u0119 du\u017cy r\u0119cznik k\u0105pielowy, np. w rozmiarze 70&#215;140 cm lub wi\u0119kszy. W Empik Foto r\u0119czniki personalizowane wykonane s\u0105 z wysokiej jako\u015bci materia\u0142u: <\/span><b><span data-contrast=\"auto\">50% bawe\u0142ny<\/span><\/b><span data-contrast=\"auto\">, kt\u00f3ra odpowiada za mi\u0119kko\u015b\u0107 i komfort u\u017cytkowania, oraz<\/span><b><span data-contrast=\"auto\"> 50% poliestru<\/span><\/b><span data-contrast=\"auto\">, kt\u00f3ry umo\u017cliwia trwa\u0142e i efektowne nadruki metod\u0105 sublimacji. Dzi\u0119ki temu wz\u00f3r wnika w struktur\u0119 materia\u0142u, nie \u015bciera si\u0119 i zachowuje intensywno\u015b\u0107 nawet po wielu praniach.<\/span><span data-ccp-props=\"{}\">\u00a0<\/span><\/p>\n<ol start=\"2\">\n<li><b><span data-contrast=\"auto\"> Wgraj sw\u00f3j projekt<\/span><\/b><\/li>\n<\/ol>\n<p><span data-contrast=\"auto\">Wgraj sw\u00f3j projekt lub wybierz gotowy szablon. Mo\u017cesz stworzy\u0107 grafik\u0119 od zera, wykorzystuj\u0105c <\/span><b><span data-contrast=\"auto\">w\u0142asne zdj\u0119cie, tekst, rysunek czy ilustracj\u0119<\/span><\/b><span data-contrast=\"auto\">. Alternatywnie, skorzystaj z gotowych wzor\u00f3w oferowanych przez platform\u0119, w\u015br\u00f3d kt\u00f3rych znajdziesz m.in. motywy wakacyjne, tropikalne, dzieci\u0119ce, eleganckie i zabawne.<\/span><span data-ccp-props=\"{}\">\u00a0<\/span><\/p>\n<ol start=\"3\">\n<li><b><span data-contrast=\"auto\"> Dopasuj elementy i zam\u00f3w<\/span><\/b><\/li>\n<\/ol>\n<p><span data-contrast=\"auto\">Kiedy Tw\u00f3j projekt jest prawie gotowy, mo\u017cesz go jeszcze dowolnie modyfikowa\u0107: <\/span><b><span data-contrast=\"auto\">zmienia\u0107 rozmiar element\u00f3w, przesuwa\u0107 je, dodawa\u0107 teksty<\/span><\/b><span data-contrast=\"auto\">. Gdy efekt Ci\u0119 satysfakcjonuje, wystarczy jedno klikni\u0119cie, by z\u0142o\u017cy\u0107 zam\u00f3wienie. R\u0119cznik zostanie dostarczony do Twojego domu w kilka dni.<\/span><span data-ccp-props=\"{}\">\u00a0<\/span><\/p>\n<h2 aria-level=\"2\"><span data-contrast=\"auto\">R\u0119cznik z nadrukiem &#8211; detal, kt\u00f3ry robi r\u00f3\u017cnic\u0119<\/span><span data-ccp-props=\"{&quot;134245418&quot;:true,&quot;134245529&quot;:true,&quot;335559738&quot;:360,&quot;335559739&quot;:120}\">\u00a0<\/span><\/h2>\n<p><span data-contrast=\"auto\">Nie musisz inwestowa\u0107 w drogie akcesoria, by si\u0119 wyr\u00f3\u017cni\u0107. R\u0119cznik personalizowany to stosunkowo<\/span><b><span data-contrast=\"auto\"> niedu\u017cy wydatek, kt\u00f3ry gwarantuje du\u017cy efekt<\/span><\/b><span data-contrast=\"auto\">. Minimalistyczny napis z inicja\u0142ami? Zabawna grafika, kt\u00f3ra rozbawi znajomych? A mo\u017ce pami\u0105tka ze wsp\u00f3lnego wyjazdu? Wszystko zale\u017cy od Ciebie.<\/span><span data-ccp-props=\"{}\">\u00a0<\/span><\/p>\n<p><span data-contrast=\"auto\">Dla dzieci to z kolei frajda i <\/span><b><span data-contrast=\"auto\">spos\u00f3b na wyr\u00f3\u017cnienie si\u0119 w grupie r\u00f3wie\u015bnik\u00f3w na koloniach<\/span><\/b><span data-contrast=\"auto\">. W\u0142asny r\u0119cznik z postaci\u0105 z bajki albo imieniem sprawi, \u017ce poczuj\u0105 si\u0119 wyj\u0105tkowo i ch\u0119tniej b\u0119d\u0105 dba\u0107 o swoje rzeczy.<\/span><span data-ccp-props=\"{}\">\u00a0<\/span><\/p>\n<h2 aria-level=\"2\"><span data-contrast=\"auto\">R\u0119cznik personalizowany na prezent?<\/span><span data-ccp-props=\"{&quot;134245418&quot;:true,&quot;134245529&quot;:true,&quot;335559738&quot;:360,&quot;335559739&quot;:120}\">\u00a0<\/span><\/h2>\n<p><span data-contrast=\"auto\">Je\u015bli szukasz czego\u015b bardziej oryginalnego ni\u017c kolejne perfumy, kubek czy t-shirt, personalizowany r\u0119cznik to \u015bwietna alternatywa. To prezent praktyczny i osobisty, dok\u0142adnie taki, jakiego coraz cz\u0119\u015bciej szukamy. R\u0119cznik personalizowany sprawdzi si\u0119 m.in. jako:<\/span><span data-ccp-props=\"{}\">\u00a0<\/span><\/p>\n<ul>\n<li data-leveltext=\"\u25cf\" data-font=\"\" data-listid=\"3\" data-list-defn-props=\"{&quot;335552541&quot;:1,&quot;335559685&quot;:720,&quot;335559991&quot;:360,&quot;469769242&quot;:[8226],&quot;469777803&quot;:&quot;left&quot;,&quot;469777804&quot;:&quot;\u25cf&quot;,&quot;469777815&quot;:&quot;multilevel&quot;}\" aria-setsize=\"-1\" data-aria-posinset=\"1\" data-aria-level=\"1\"><span data-contrast=\"auto\">prezent na urodziny lub imieniny,<\/span><span data-ccp-props=\"{}\">\u00a0<\/span><\/li>\n<\/ul>\n<ul>\n<li data-leveltext=\"\u25cf\" data-font=\"\" data-listid=\"5\" data-list-defn-props=\"{&quot;335552541&quot;:1,&quot;335559685&quot;:720,&quot;335559991&quot;:360,&quot;469769242&quot;:[8226],&quot;469777803&quot;:&quot;left&quot;,&quot;469777804&quot;:&quot;\u25cf&quot;,&quot;469777815&quot;:&quot;multilevel&quot;}\" aria-setsize=\"-1\" data-aria-posinset=\"1\" data-aria-level=\"1\"><span data-contrast=\"auto\">pami\u0105tka z wyjazdu w gronie przyjaci\u00f3\u0142,<\/span><span data-ccp-props=\"{}\">\u00a0<\/span><\/li>\n<\/ul>\n<ul>\n<li data-leveltext=\"\u25cf\" data-font=\"\" data-listid=\"1\" data-list-defn-props=\"{&quot;335552541&quot;:1,&quot;335559685&quot;:720,&quot;335559991&quot;:360,&quot;469769242&quot;:[8226],&quot;469777803&quot;:&quot;left&quot;,&quot;469777804&quot;:&quot;\u25cf&quot;,&quot;469777815&quot;:&quot;multilevel&quot;}\" aria-setsize=\"-1\" data-aria-posinset=\"1\" data-aria-level=\"1\"><span data-contrast=\"auto\">kreatywny upominek na wiecz\u00f3r panie\u0144ski nad jeziorem,<\/span><span data-ccp-props=\"{}\">\u00a0<\/span><\/li>\n<\/ul>\n<ul>\n<li data-leveltext=\"\u25cf\" data-font=\"\" data-listid=\"1\" data-list-defn-props=\"{&quot;335552541&quot;:1,&quot;335559685&quot;:720,&quot;335559991&quot;:360,&quot;469769242&quot;:[8226],&quot;469777803&quot;:&quot;left&quot;,&quot;469777804&quot;:&quot;\u25cf&quot;,&quot;469777815&quot;:&quot;multilevel&quot;}\" aria-setsize=\"-1\" data-aria-posinset=\"2\" data-aria-level=\"1\"><span data-contrast=\"auto\">upominek dla dziecka na kolonie,<\/span><span data-ccp-props=\"{}\">\u00a0<\/span><\/li>\n<\/ul>\n<ul>\n<li data-leveltext=\"\u25cf\" data-font=\"\" data-listid=\"1\" data-list-defn-props=\"{&quot;335552541&quot;:1,&quot;335559685&quot;:720,&quot;335559991&quot;:360,&quot;469769242&quot;:[8226],&quot;469777803&quot;:&quot;left&quot;,&quot;469777804&quot;:&quot;\u25cf&quot;,&quot;469777815&quot;:&quot;multilevel&quot;}\" aria-setsize=\"-1\" data-aria-posinset=\"3\" data-aria-level=\"1\"><span data-contrast=\"auto\">prezent dla nowo\u017ce\u0144c\u00f3w na podr\u00f3\u017c po\u015blubn\u0105.<\/span><\/li>\n<\/ul>\n<p><span data-contrast=\"auto\">Zbli\u017caj\u0105 si\u0119 wakacje? Nie si\u0119gaj po raz kolejny po przypadkowy, wyblak\u0142y r\u0119cznik z dna szafy. Stw\u00f3rz sw\u00f3j <a href=\"https:\/\/www.empikfoto.pl\/wszystkie-produkty\/reczniki\"><strong>w\u0142asny r\u0119cznik z nadrukiem<\/strong><\/a> &#8211; taki, kt\u00f3ry pasuje do Twojego stylu i wspomnie\u0144. To naprawd\u0119 proste, a efekt? R\u0119cznik, kt\u00f3ry nie tylko \u015bwietnie wygl\u0105da, ale i pozwala si\u0119 wyr\u00f3\u017cni\u0107 na pla\u017cy, czy na basenie. Wystarczy kilka klikni\u0119\u0107, troch\u0119 kreatywno\u015bci i gotowe!<\/span><\/p>\n","protected":false},"excerpt":{"rendered":"<p>Czas, gdy planujemy letnie wyjazdy, potrafi by\u0107 naprawd\u0119 ekscytuj\u0105cy. Przegl\u0105damy stroje k\u0105pielowe, kompletujemy garderob\u0119, dopieszczamy zawarto\u015b\u0107 walizki, wybieramy idealne okulary przeciws\u0142oneczne. Liczy si\u0119 ka\u017cdy detal, bo przecie\u017c wakacje to nie tylko odpoczynek, ale te\u017c okazja, \u017ceby poczu\u0107 si\u0119 dobrze we w\u0142asnej sk\u00f3rze, wyrazi\u0107 siebie i wygl\u0105da\u0107 stylowo nawet na pla\u017cy.\u00a0 Jest jednak jeden element, o kt\u00f3rym cz\u0119sto zapominamy &#8211; r\u0119cznik. Tak, dok\u0142adnie. Ten niepozorny kawa\u0142ek materia\u0142u, kt\u00f3ry wrzucamy do torby w ostatniej chwili, cz\u0119sto z przekonaniem: \u201ebyleby jaki\u015b by\u0142\u201d. A potem, ju\u017c na miejscu, \u017ca\u0142ujemy, \u017ce zn\u00f3w zabrali\u015bmy ze sob\u0105 ten sam wyblak\u0142y wz\u00f3r sprzed dekady. Tymczasem r\u0119cznik mo\u017ce by\u0107 czym\u015b wi\u0119cej ni\u017c zwyk\u0142ym dodatkiem! Mo\u017ce podkre\u015bla\u0107 Tw\u00f3j styl i sprawi\u0107, \u017ce wyr\u00f3\u017cnisz si\u0119 nawet na zat\u0142oczonej pla\u017cy. Sprawd\u017a, jak \u0142atwo mo\u017cesz stworzy\u0107 r\u0119cznik personalizowany, kt\u00f3ry b\u0119dzie idealnie pasowa\u0142 do Twojego wakacyjnego klimatu!\u00a0 R\u0119cznik personalizowany, czyli wyj\u0105tkowy r\u0119cznik z nadrukiem\u00a0 Wyobra\u017a sobie du\u017cy, mi\u0119kki r\u0119cznik z nadrukiem, kt\u00f3ry samodzielnie wybra\u0142e\u015b lub zaprojektowa\u0142e\u015b. Mo\u017ce si\u0119 na nim znale\u017a\u0107 Twoje imi\u0119, pseudonim, wakacyjne motto, tropikalna grafika, motyw zwi\u0105zany z Twoja pasj\u0105, fotografia pupila lub zdj\u0119cie z poprzedniego urlopu, kt\u00f3re zawsze poprawia Ci humor. Personalizowany r\u0119cznik to nie tylko funkcjonalny dodatek\u2026 Z nim ka\u017cde miejsce na pla\u017cy stanie si\u0119 Twoj\u0105 w\u0142asn\u0105 stref\u0105 komfortu. \u00a0 Nie czekaj, a\u017c zn\u00f3w b\u0119dziesz pakowa\u0107 si\u0119 w po\u015bpiechu i si\u0119gniesz po przypadkowy r\u0119cznik z szafy. Zobacz, jak prosto mo\u017cesz stworzy\u0107 sw\u00f3j unikalny r\u0119cznik z nadrukiem, by zabra\u0107 ze sob\u0105 na wakacje co\u015b, co wyr\u00f3\u017cni Ci\u0119 z t\u0142umu.\u00a0 Dlaczego warto stworzy\u0107 personalizowany r\u0119cznik na wakacje?\u00a0 Personalizowany r\u0119cznik wyr\u00f3\u017cnia si\u0119 spo\u015br\u00f3d zwyk\u0142ych tekstyli\u00f3w, bo:\u00a0 \u015bwietnie wygl\u0105da na zdj\u0119ciach z podr\u00f3\u017cy i mo\u017ce urozmaici\u0107 feed na Instagramie;\u00a0 \u0142atwo go rozpozna\u0107 w hotelowej pralni, na basenie, czy zat\u0142oczonej pla\u017cy;\u00a0 podkre\u015bla Tw\u00f3j styl &#8211;\u00a0 mo\u017cesz dobra\u0107 wz\u00f3r i kolorystyk\u0119 tak, by wsp\u00f3\u0142gra\u0142y z Twoim strojem k\u0105pielowym i innymi dodatkami;\u00a0 jest te\u017c fantastycznym pomys\u0142em na prezent, np. dla przyjaci\u00f3\u0142ki z okazji wsp\u00f3lnego wyjazdu, albo na zako\u0144czenie roku szkolnego dla dziecka.\u00a0 Jak stworzy\u0107 r\u0119cznik z w\u0142asnym nadrukiem krok po kroku?\u00a0 Wbrew pozorom, to wcale nie jest skomplikowane. Sklepy internetowe takie, jak Empik Foto umo\u017cliwiaj\u0105 prost\u0105 personalizacj\u0119 r\u0119cznik\u00f3w online, czyli bez potrzeby wychodzenia z domu. Wystarczy mie\u0107 pomys\u0142 lub wybra\u0107 co\u015b z katalogu gotowych wzor\u00f3w, a intuicyjne narz\u0119dzie do projektowania w kilka chwil przeprowadzi Ci\u0119 przez ca\u0142y proces projektowania. Zaczynamy!\u00a0 Wybierz odpowiedni rozmiar r\u0119cznika Na pla\u017c\u0119 najlepiej sprawdzi si\u0119 du\u017cy r\u0119cznik k\u0105pielowy, np. w rozmiarze 70&#215;140 cm lub wi\u0119kszy. W Empik Foto r\u0119czniki personalizowane wykonane s\u0105 z wysokiej jako\u015bci materia\u0142u: 50% bawe\u0142ny, kt\u00f3ra odpowiada za mi\u0119kko\u015b\u0107 i komfort u\u017cytkowania, oraz 50% poliestru, kt\u00f3ry umo\u017cliwia trwa\u0142e i efektowne nadruki metod\u0105 sublimacji. Dzi\u0119ki temu wz\u00f3r wnika w struktur\u0119 materia\u0142u, nie \u015bciera si\u0119 i zachowuje intensywno\u015b\u0107 nawet po wielu praniach.\u00a0 Wgraj sw\u00f3j projekt Wgraj sw\u00f3j projekt lub wybierz gotowy szablon. Mo\u017cesz stworzy\u0107 grafik\u0119 od zera, wykorzystuj\u0105c w\u0142asne zdj\u0119cie, tekst, rysunek czy ilustracj\u0119. Alternatywnie, skorzystaj z gotowych wzor\u00f3w oferowanych przez platform\u0119, w\u015br\u00f3d kt\u00f3rych znajdziesz m.in. motywy wakacyjne, tropikalne, dzieci\u0119ce, eleganckie i zabawne.\u00a0 Dopasuj elementy i zam\u00f3w Kiedy Tw\u00f3j projekt jest prawie gotowy, mo\u017cesz go jeszcze dowolnie modyfikowa\u0107: zmienia\u0107 rozmiar element\u00f3w, przesuwa\u0107 je, dodawa\u0107 teksty. Gdy efekt Ci\u0119 satysfakcjonuje, wystarczy jedno klikni\u0119cie, by z\u0142o\u017cy\u0107 zam\u00f3wienie. R\u0119cznik zostanie dostarczony do Twojego domu w kilka dni.\u00a0 R\u0119cznik z nadrukiem &#8211; detal, kt\u00f3ry robi r\u00f3\u017cnic\u0119\u00a0 Nie musisz inwestowa\u0107 w drogie akcesoria, by si\u0119 wyr\u00f3\u017cni\u0107. R\u0119cznik personalizowany to stosunkowo niedu\u017cy wydatek, kt\u00f3ry gwarantuje du\u017cy efekt. Minimalistyczny napis z inicja\u0142ami? Zabawna grafika, kt\u00f3ra rozbawi znajomych? A mo\u017ce pami\u0105tka ze wsp\u00f3lnego wyjazdu? Wszystko zale\u017cy od Ciebie.\u00a0 Dla dzieci to z kolei frajda i spos\u00f3b na wyr\u00f3\u017cnienie si\u0119 w grupie r\u00f3wie\u015bnik\u00f3w na koloniach. W\u0142asny r\u0119cznik z postaci\u0105 z bajki albo imieniem sprawi, \u017ce poczuj\u0105 si\u0119 wyj\u0105tkowo i ch\u0119tniej b\u0119d\u0105 dba\u0107 o swoje rzeczy.\u00a0 R\u0119cznik personalizowany na prezent?\u00a0 Je\u015bli szukasz czego\u015b bardziej oryginalnego ni\u017c kolejne perfumy, kubek czy t-shirt, personalizowany r\u0119cznik to \u015bwietna alternatywa. To prezent praktyczny i osobisty, dok\u0142adnie taki, jakiego coraz cz\u0119\u015bciej szukamy. R\u0119cznik personalizowany sprawdzi si\u0119 m.in. jako:\u00a0 prezent na urodziny lub imieniny,\u00a0 pami\u0105tka z wyjazdu w gronie przyjaci\u00f3\u0142,\u00a0 kreatywny upominek na wiecz\u00f3r panie\u0144ski nad jeziorem,\u00a0 upominek dla dziecka na kolonie,\u00a0 prezent dla nowo\u017ce\u0144c\u00f3w na podr\u00f3\u017c po\u015blubn\u0105. Zbli\u017caj\u0105 si\u0119 wakacje? Nie si\u0119gaj po raz kolejny po przypadkowy, wyblak\u0142y r\u0119cznik z dna szafy. Stw\u00f3rz sw\u00f3j w\u0142asny r\u0119cznik z nadrukiem &#8211; taki, kt\u00f3ry pasuje do Twojego stylu i wspomnie\u0144. To naprawd\u0119 proste, a efekt? R\u0119cznik, kt\u00f3ry nie tylko \u015bwietnie wygl\u0105da, ale i pozwala si\u0119 wyr\u00f3\u017cni\u0107 na pla\u017cy, czy na basenie. Wystarczy kilka klikni\u0119\u0107, troch\u0119 kreatywno\u015bci i gotowe!<\/p>\n","protected":false},"author":24,"featured_media":14517,"comment_status":"closed","ping_status":"closed","sticky":true,"template":"","format":"standard","meta":{"footnotes":""},"categories":[786],"tags":[1180,1109],"class_list":["post-14512","post","type-post","status-publish","format-standard","has-post-thumbnail","hentry","category-inspiracje","tag-recznik-personalizowany","tag-wakacje"],"yoast_head":"<!-- This site is optimized with the Yoast SEO plugin v27.5 - https:\/\/yoast.com\/product\/yoast-seo-wordpress\/ -->\n<title>R\u0119cznik personalizowany na lato - jak go stworzy\u0107? | Empik Foto<\/title>\n<meta name=\"description\" content=\"Szukasz oryginalnego, ale praktycznego dodatku na wakacje? Zaprojektuj r\u0119cznik personalizowany z dowolnym zdj\u0119ciem, grafik\u0105 lub tekstem.\" \/>\n<meta name=\"robots\" content=\"index, follow, max-snippet:-1, max-image-preview:large, max-video-preview:-1\" \/>\n<link rel=\"canonical\" href=\"https:\/\/www.empikfoto.pl\/blog\/recznik-personalizowany-jako-swietny-dodatek-na-wakacje-jak-go-stworzyc\/\" \/>\n<meta property=\"og:locale\" content=\"pl_PL\" \/>\n<meta property=\"og:type\" content=\"article\" \/>\n<meta property=\"og:title\" content=\"R\u0119cznik personalizowany na lato - jak go stworzy\u0107? | Empik Foto\" \/>\n<meta property=\"og:description\" content=\"Szukasz oryginalnego, ale praktycznego dodatku na wakacje? Zaprojektuj r\u0119cznik personalizowany z dowolnym zdj\u0119ciem, grafik\u0105 lub tekstem.\" \/>\n<meta property=\"og:url\" content=\"https:\/\/www.empikfoto.pl\/blog\/recznik-personalizowany-jako-swietny-dodatek-na-wakacje-jak-go-stworzyc\/\" \/>\n<meta property=\"og:site_name\" content=\"blog.empikfoto.pl\" \/>\n<meta property=\"article:publisher\" content=\"https:\/\/www.facebook.com\/empikfotopl\/\" \/>\n<meta property=\"article:published_time\" content=\"2025-06-04T12:35:43+00:00\" \/>\n<meta property=\"article:modified_time\" content=\"2025-06-04T12:35:54+00:00\" \/>\n<meta property=\"og:image\" content=\"https:\/\/www.empikfoto.pl\/blog\/empikfoto\/2025\/06\/recznik-personalizowany.jpg\" \/>\n\t<meta property=\"og:image:width\" content=\"1233\" \/>\n\t<meta property=\"og:image:height\" content=\"750\" \/>\n\t<meta property=\"og:image:type\" content=\"image\/jpeg\" \/>\n<meta name=\"author\" content=\"Magdalena\" \/>\n<meta name=\"twitter:card\" content=\"summary_large_image\" \/>\n<meta name=\"twitter:creator\" content=\"@empikfoto\" \/>\n<meta name=\"twitter:site\" content=\"@empikfoto\" \/>\n<meta name=\"twitter:label1\" content=\"Napisane przez\" \/>\n\t<meta name=\"twitter:data1\" content=\"Magdalena\" \/>\n\t<meta name=\"twitter:label2\" content=\"Szacowany czas czytania\" \/>\n\t<meta name=\"twitter:data2\" content=\"5 minut\" \/>\n<script type=\"application\/ld+json\" class=\"yoast-schema-graph\">{\"@context\":\"https:\\\/\\\/schema.org\",\"@graph\":[{\"@type\":\"Article\",\"@id\":\"https:\\\/\\\/www.empikfoto.pl\\\/blog\\\/recznik-personalizowany-jako-swietny-dodatek-na-wakacje-jak-go-stworzyc\\\/#article\",\"isPartOf\":{\"@id\":\"https:\\\/\\\/www.empikfoto.pl\\\/blog\\\/recznik-personalizowany-jako-swietny-dodatek-na-wakacje-jak-go-stworzyc\\\/\"},\"author\":{\"name\":\"Magdalena\",\"@id\":\"https:\\\/\\\/www.empikfoto.pl\\\/blog\\\/#\\\/schema\\\/person\\\/f394adde230a2c78b1d5840ec66c5f5d\"},\"headline\":\"R\u0119cznik personalizowany jako \u015bwietny dodatek na wakacje. Jak go stworzy\u0107?\",\"datePublished\":\"2025-06-04T12:35:43+00:00\",\"dateModified\":\"2025-06-04T12:35:54+00:00\",\"mainEntityOfPage\":{\"@id\":\"https:\\\/\\\/www.empikfoto.pl\\\/blog\\\/recznik-personalizowany-jako-swietny-dodatek-na-wakacje-jak-go-stworzyc\\\/\"},\"wordCount\":924,\"image\":{\"@id\":\"https:\\\/\\\/www.empikfoto.pl\\\/blog\\\/recznik-personalizowany-jako-swietny-dodatek-na-wakacje-jak-go-stworzyc\\\/#primaryimage\"},\"thumbnailUrl\":\"https:\\\/\\\/www.empikfoto.pl\\\/blog\\\/empikfoto\\\/2025\\\/06\\\/recznik-personalizowany.jpg\",\"keywords\":[\"r\u0119cznik personalizowany\",\"wakacje\"],\"articleSection\":[\"INSPIRACJE\"],\"inLanguage\":\"pl-PL\"},{\"@type\":\"WebPage\",\"@id\":\"https:\\\/\\\/www.empikfoto.pl\\\/blog\\\/recznik-personalizowany-jako-swietny-dodatek-na-wakacje-jak-go-stworzyc\\\/\",\"url\":\"https:\\\/\\\/www.empikfoto.pl\\\/blog\\\/recznik-personalizowany-jako-swietny-dodatek-na-wakacje-jak-go-stworzyc\\\/\",\"name\":\"R\u0119cznik personalizowany na lato - jak go stworzy\u0107? | Empik Foto\",\"isPartOf\":{\"@id\":\"https:\\\/\\\/www.empikfoto.pl\\\/blog\\\/#website\"},\"primaryImageOfPage\":{\"@id\":\"https:\\\/\\\/www.empikfoto.pl\\\/blog\\\/recznik-personalizowany-jako-swietny-dodatek-na-wakacje-jak-go-stworzyc\\\/#primaryimage\"},\"image\":{\"@id\":\"https:\\\/\\\/www.empikfoto.pl\\\/blog\\\/recznik-personalizowany-jako-swietny-dodatek-na-wakacje-jak-go-stworzyc\\\/#primaryimage\"},\"thumbnailUrl\":\"https:\\\/\\\/www.empikfoto.pl\\\/blog\\\/empikfoto\\\/2025\\\/06\\\/recznik-personalizowany.jpg\",\"datePublished\":\"2025-06-04T12:35:43+00:00\",\"dateModified\":\"2025-06-04T12:35:54+00:00\",\"author\":{\"@id\":\"https:\\\/\\\/www.empikfoto.pl\\\/blog\\\/#\\\/schema\\\/person\\\/f394adde230a2c78b1d5840ec66c5f5d\"},\"description\":\"Szukasz oryginalnego, ale praktycznego dodatku na wakacje? Zaprojektuj r\u0119cznik personalizowany z dowolnym zdj\u0119ciem, grafik\u0105 lub tekstem.\",\"breadcrumb\":{\"@id\":\"https:\\\/\\\/www.empikfoto.pl\\\/blog\\\/recznik-personalizowany-jako-swietny-dodatek-na-wakacje-jak-go-stworzyc\\\/#breadcrumb\"},\"inLanguage\":\"pl-PL\",\"potentialAction\":[{\"@type\":\"ReadAction\",\"target\":[\"https:\\\/\\\/www.empikfoto.pl\\\/blog\\\/recznik-personalizowany-jako-swietny-dodatek-na-wakacje-jak-go-stworzyc\\\/\"]}]},{\"@type\":\"ImageObject\",\"inLanguage\":\"pl-PL\",\"@id\":\"https:\\\/\\\/www.empikfoto.pl\\\/blog\\\/recznik-personalizowany-jako-swietny-dodatek-na-wakacje-jak-go-stworzyc\\\/#primaryimage\",\"url\":\"https:\\\/\\\/www.empikfoto.pl\\\/blog\\\/empikfoto\\\/2025\\\/06\\\/recznik-personalizowany.jpg\",\"contentUrl\":\"https:\\\/\\\/www.empikfoto.pl\\\/blog\\\/empikfoto\\\/2025\\\/06\\\/recznik-personalizowany.jpg\",\"width\":1233,\"height\":750,\"caption\":\"r\u0119cznik personalizowany\"},{\"@type\":\"BreadcrumbList\",\"@id\":\"https:\\\/\\\/www.empikfoto.pl\\\/blog\\\/recznik-personalizowany-jako-swietny-dodatek-na-wakacje-jak-go-stworzyc\\\/#breadcrumb\",\"itemListElement\":[{\"@type\":\"ListItem\",\"position\":1,\"name\":\"Strona g\u0142\u00f3wna\",\"item\":\"https:\\\/\\\/www.empikfoto.pl\\\/blog\\\/\"},{\"@type\":\"ListItem\",\"position\":2,\"name\":\"R\u0119cznik personalizowany jako \u015bwietny dodatek na wakacje. Jak go stworzy\u0107?\"}]},{\"@type\":\"WebSite\",\"@id\":\"https:\\\/\\\/www.empikfoto.pl\\\/blog\\\/#website\",\"url\":\"https:\\\/\\\/www.empikfoto.pl\\\/blog\\\/\",\"name\":\"blog.empikfoto.pl\",\"description\":\"Poznaj empikfoto.pl od \u015brodka! Dowiedz si\u0119 wi\u0119cej o odbitkach, fotoksi\u0105\u017ckach i fotografii.\",\"potentialAction\":[{\"@type\":\"SearchAction\",\"target\":{\"@type\":\"EntryPoint\",\"urlTemplate\":\"https:\\\/\\\/www.empikfoto.pl\\\/blog\\\/?s={search_term_string}\"},\"query-input\":{\"@type\":\"PropertyValueSpecification\",\"valueRequired\":true,\"valueName\":\"search_term_string\"}}],\"inLanguage\":\"pl-PL\"},{\"@type\":\"Person\",\"@id\":\"https:\\\/\\\/www.empikfoto.pl\\\/blog\\\/#\\\/schema\\\/person\\\/f394adde230a2c78b1d5840ec66c5f5d\",\"name\":\"Magdalena\",\"image\":{\"@type\":\"ImageObject\",\"inLanguage\":\"pl-PL\",\"@id\":\"https:\\\/\\\/secure.gravatar.com\\\/avatar\\\/874b117191fd73f8cc0be164b43f75724363784b2c9d57127c4a7b73181b9ea3?s=96&d=identicon&r=g\",\"url\":\"https:\\\/\\\/secure.gravatar.com\\\/avatar\\\/874b117191fd73f8cc0be164b43f75724363784b2c9d57127c4a7b73181b9ea3?s=96&d=identicon&r=g\",\"contentUrl\":\"https:\\\/\\\/secure.gravatar.com\\\/avatar\\\/874b117191fd73f8cc0be164b43f75724363784b2c9d57127c4a7b73181b9ea3?s=96&d=identicon&r=g\",\"caption\":\"Magdalena\"},\"url\":\"https:\\\/\\\/www.empikfoto.pl\\\/blog\\\/author\\\/magda-em\\\/\"}]}<\/script>\n<!-- \/ Yoast SEO plugin. -->","yoast_head_json":{"title":"R\u0119cznik personalizowany na lato - jak go stworzy\u0107? | Empik Foto","description":"Szukasz oryginalnego, ale praktycznego dodatku na wakacje? Zaprojektuj r\u0119cznik personalizowany z dowolnym zdj\u0119ciem, grafik\u0105 lub tekstem.","robots":{"index":"index","follow":"follow","max-snippet":"max-snippet:-1","max-image-preview":"max-image-preview:large","max-video-preview":"max-video-preview:-1"},"canonical":"https:\/\/www.empikfoto.pl\/blog\/recznik-personalizowany-jako-swietny-dodatek-na-wakacje-jak-go-stworzyc\/","og_locale":"pl_PL","og_type":"article","og_title":"R\u0119cznik personalizowany na lato - jak go stworzy\u0107? | Empik Foto","og_description":"Szukasz oryginalnego, ale praktycznego dodatku na wakacje? Zaprojektuj r\u0119cznik personalizowany z dowolnym zdj\u0119ciem, grafik\u0105 lub tekstem.","og_url":"https:\/\/www.empikfoto.pl\/blog\/recznik-personalizowany-jako-swietny-dodatek-na-wakacje-jak-go-stworzyc\/","og_site_name":"blog.empikfoto.pl","article_publisher":"https:\/\/www.facebook.com\/empikfotopl\/","article_published_time":"2025-06-04T12:35:43+00:00","article_modified_time":"2025-06-04T12:35:54+00:00","og_image":[{"width":1233,"height":750,"url":"https:\/\/www.empikfoto.pl\/blog\/empikfoto\/2025\/06\/recznik-personalizowany.jpg","type":"image\/jpeg"}],"author":"Magdalena","twitter_card":"summary_large_image","twitter_creator":"@empikfoto","twitter_site":"@empikfoto","twitter_misc":{"Napisane przez":"Magdalena","Szacowany czas czytania":"5 minut"},"schema":{"@context":"https:\/\/schema.org","@graph":[{"@type":"Article","@id":"https:\/\/www.empikfoto.pl\/blog\/recznik-personalizowany-jako-swietny-dodatek-na-wakacje-jak-go-stworzyc\/#article","isPartOf":{"@id":"https:\/\/www.empikfoto.pl\/blog\/recznik-personalizowany-jako-swietny-dodatek-na-wakacje-jak-go-stworzyc\/"},"author":{"name":"Magdalena","@id":"https:\/\/www.empikfoto.pl\/blog\/#\/schema\/person\/f394adde230a2c78b1d5840ec66c5f5d"},"headline":"R\u0119cznik personalizowany jako \u015bwietny dodatek na wakacje. Jak go stworzy\u0107?","datePublished":"2025-06-04T12:35:43+00:00","dateModified":"2025-06-04T12:35:54+00:00","mainEntityOfPage":{"@id":"https:\/\/www.empikfoto.pl\/blog\/recznik-personalizowany-jako-swietny-dodatek-na-wakacje-jak-go-stworzyc\/"},"wordCount":924,"image":{"@id":"https:\/\/www.empikfoto.pl\/blog\/recznik-personalizowany-jako-swietny-dodatek-na-wakacje-jak-go-stworzyc\/#primaryimage"},"thumbnailUrl":"https:\/\/www.empikfoto.pl\/blog\/empikfoto\/2025\/06\/recznik-personalizowany.jpg","keywords":["r\u0119cznik personalizowany","wakacje"],"articleSection":["INSPIRACJE"],"inLanguage":"pl-PL"},{"@type":"WebPage","@id":"https:\/\/www.empikfoto.pl\/blog\/recznik-personalizowany-jako-swietny-dodatek-na-wakacje-jak-go-stworzyc\/","url":"https:\/\/www.empikfoto.pl\/blog\/recznik-personalizowany-jako-swietny-dodatek-na-wakacje-jak-go-stworzyc\/","name":"R\u0119cznik personalizowany na lato - jak go stworzy\u0107? | Empik Foto","isPartOf":{"@id":"https:\/\/www.empikfoto.pl\/blog\/#website"},"primaryImageOfPage":{"@id":"https:\/\/www.empikfoto.pl\/blog\/recznik-personalizowany-jako-swietny-dodatek-na-wakacje-jak-go-stworzyc\/#primaryimage"},"image":{"@id":"https:\/\/www.empikfoto.pl\/blog\/recznik-personalizowany-jako-swietny-dodatek-na-wakacje-jak-go-stworzyc\/#primaryimage"},"thumbnailUrl":"https:\/\/www.empikfoto.pl\/blog\/empikfoto\/2025\/06\/recznik-personalizowany.jpg","datePublished":"2025-06-04T12:35:43+00:00","dateModified":"2025-06-04T12:35:54+00:00","author":{"@id":"https:\/\/www.empikfoto.pl\/blog\/#\/schema\/person\/f394adde230a2c78b1d5840ec66c5f5d"},"description":"Szukasz oryginalnego, ale praktycznego dodatku na wakacje? Zaprojektuj r\u0119cznik personalizowany z dowolnym zdj\u0119ciem, grafik\u0105 lub tekstem.","breadcrumb":{"@id":"https:\/\/www.empikfoto.pl\/blog\/recznik-personalizowany-jako-swietny-dodatek-na-wakacje-jak-go-stworzyc\/#breadcrumb"},"inLanguage":"pl-PL","potentialAction":[{"@type":"ReadAction","target":["https:\/\/www.empikfoto.pl\/blog\/recznik-personalizowany-jako-swietny-dodatek-na-wakacje-jak-go-stworzyc\/"]}]},{"@type":"ImageObject","inLanguage":"pl-PL","@id":"https:\/\/www.empikfoto.pl\/blog\/recznik-personalizowany-jako-swietny-dodatek-na-wakacje-jak-go-stworzyc\/#primaryimage","url":"https:\/\/www.empikfoto.pl\/blog\/empikfoto\/2025\/06\/recznik-personalizowany.jpg","contentUrl":"https:\/\/www.empikfoto.pl\/blog\/empikfoto\/2025\/06\/recznik-personalizowany.jpg","width":1233,"height":750,"caption":"r\u0119cznik personalizowany"},{"@type":"BreadcrumbList","@id":"https:\/\/www.empikfoto.pl\/blog\/recznik-personalizowany-jako-swietny-dodatek-na-wakacje-jak-go-stworzyc\/#breadcrumb","itemListElement":[{"@type":"ListItem","position":1,"name":"Strona g\u0142\u00f3wna","item":"https:\/\/www.empikfoto.pl\/blog\/"},{"@type":"ListItem","position":2,"name":"R\u0119cznik personalizowany jako \u015bwietny dodatek na wakacje. Jak go stworzy\u0107?"}]},{"@type":"WebSite","@id":"https:\/\/www.empikfoto.pl\/blog\/#website","url":"https:\/\/www.empikfoto.pl\/blog\/","name":"blog.empikfoto.pl","description":"Poznaj empikfoto.pl od \u015brodka! Dowiedz si\u0119 wi\u0119cej o odbitkach, fotoksi\u0105\u017ckach i fotografii.","potentialAction":[{"@type":"SearchAction","target":{"@type":"EntryPoint","urlTemplate":"https:\/\/www.empikfoto.pl\/blog\/?s={search_term_string}"},"query-input":{"@type":"PropertyValueSpecification","valueRequired":true,"valueName":"search_term_string"}}],"inLanguage":"pl-PL"},{"@type":"Person","@id":"https:\/\/www.empikfoto.pl\/blog\/#\/schema\/person\/f394adde230a2c78b1d5840ec66c5f5d","name":"Magdalena","image":{"@type":"ImageObject","inLanguage":"pl-PL","@id":"https:\/\/secure.gravatar.com\/avatar\/874b117191fd73f8cc0be164b43f75724363784b2c9d57127c4a7b73181b9ea3?s=96&d=identicon&r=g","url":"https:\/\/secure.gravatar.com\/avatar\/874b117191fd73f8cc0be164b43f75724363784b2c9d57127c4a7b73181b9ea3?s=96&d=identicon&r=g","contentUrl":"https:\/\/secure.gravatar.com\/avatar\/874b117191fd73f8cc0be164b43f75724363784b2c9d57127c4a7b73181b9ea3?s=96&d=identicon&r=g","caption":"Magdalena"},"url":"https:\/\/www.empikfoto.pl\/blog\/author\/magda-em\/"}]}},"amp_enabled":true,"_links":{"self":[{"href":"https:\/\/www.empikfoto.pl\/blog\/wp-json\/wp\/v2\/posts\/14512","targetHints":{"allow":["GET"]}}],"collection":[{"href":"https:\/\/www.empikfoto.pl\/blog\/wp-json\/wp\/v2\/posts"}],"about":[{"href":"https:\/\/www.empikfoto.pl\/blog\/wp-json\/wp\/v2\/types\/post"}],"author":[{"embeddable":true,"href":"https:\/\/www.empikfoto.pl\/blog\/wp-json\/wp\/v2\/users\/24"}],"replies":[{"embeddable":true,"href":"https:\/\/www.empikfoto.pl\/blog\/wp-json\/wp\/v2\/comments?post=14512"}],"version-history":[{"count":6,"href":"https:\/\/www.empikfoto.pl\/blog\/wp-json\/wp\/v2\/posts\/14512\/revisions"}],"predecessor-version":[{"id":14520,"href":"https:\/\/www.empikfoto.pl\/blog\/wp-json\/wp\/v2\/posts\/14512\/revisions\/14520"}],"wp:featuredmedia":[{"embeddable":true,"href":"https:\/\/www.empikfoto.pl\/blog\/wp-json\/wp\/v2\/media\/14517"}],"wp:attachment":[{"href":"https:\/\/www.empikfoto.pl\/blog\/wp-json\/wp\/v2\/media?parent=14512"}],"wp:term":[{"taxonomy":"category","embeddable":true,"href":"https:\/\/www.empikfoto.pl\/blog\/wp-json\/wp\/v2\/categories?post=14512"},{"taxonomy":"post_tag","embeddable":true,"href":"https:\/\/www.empikfoto.pl\/blog\/wp-json\/wp\/v2\/tags?post=14512"}],"curies":[{"name":"wp","href":"https:\/\/api.w.org\/{rel}","templated":true}]}}