{"id":14573,"date":"2025-07-22T11:15:55","date_gmt":"2025-07-22T09:15:55","guid":{"rendered":"https:\/\/www.empikfoto.pl\/blog\/?p=14573"},"modified":"2025-07-22T11:15:56","modified_gmt":"2025-07-22T09:15:56","slug":"na-jakie-okazje-warto-wybrac-zaproszenia-personalizowane","status":"publish","type":"post","link":"https:\/\/www.empikfoto.pl\/blog\/na-jakie-okazje-warto-wybrac-zaproszenia-personalizowane\/","title":{"rendered":"Na jakie okazje warto wybra\u0107 zaproszenia personalizowane?"},"content":{"rendered":"<p><b><span data-contrast=\"auto\">Zaproszenia<\/span><\/b><span data-contrast=\"auto\"> to co\u015b znacznie wi\u0119cej ni\u017c tylko kartka z informacj\u0105 o wydarzeniu. To <\/span><b><span data-contrast=\"auto\">pierwsza zapowied\u017a stylu, emocji i atmosfery<\/span><\/b><span data-contrast=\"auto\">, jak\u0105 chcemy stworzy\u0107. Ju\u017c sam wygl\u0105d koperty mo\u017ce wzbudza\u0107 ciekawo\u015b\u0107, a dobrze zaprojektowane zaproszenie sprawia, \u017ce go\u015bcie od pierwszej chwili czuj\u0105 si\u0119 cz\u0119\u015bci\u0105 wyj\u0105tkowej uroczysto\u015bci. Dzi\u0119ki personalizacji mo\u017cna w pe\u0142ni <\/span><b><span data-contrast=\"auto\">dopasowa\u0107 projekt do charakteru wydarzenia, gustu gospodarzy i klimatu<\/span><\/b><span data-contrast=\"auto\">, jaki im towarzyszy. Nic dziwnego, \u017ce coraz wi\u0119cej os\u00f3b si\u0119ga po zaproszenia personalizowane i to nie tylko z okazji \u015blubu, ale r\u00f3wnie\u017c wielu innych wa\u017cnych moment\u00f3w. Sprawd\u017a, <\/span><b><span data-contrast=\"auto\">kiedy warto zdecydowa\u0107 si\u0119 na <a href=\"https:\/\/www.empikfoto.pl\/zaproszenia-i-kartki\/zaproszenia\">zaproszenia personalizowane<\/a><\/span><\/b><span data-contrast=\"auto\">, by uczyni\u0107 ka\u017cd\u0105 okazj\u0119 jeszcze bardziej wyj\u0105tkow\u0105.<\/span><span data-ccp-props=\"{&quot;335559738&quot;:240,&quot;335559739&quot;:240}\">\u00a0<\/span><\/p>\n<h2 aria-level=\"2\"><span data-contrast=\"auto\">Personalizowane zaproszenia na \u015blub &#8211; must have udanej uroczysto\u015bci<\/span><span data-ccp-props=\"{&quot;134245418&quot;:true,&quot;134245529&quot;:true,&quot;335559738&quot;:240,&quot;335559739&quot;:240}\">\u00a0<\/span><\/h2>\n<p><span data-contrast=\"auto\">\u015alub to dzie\u0144, kt\u00f3ry zostaje w pami\u0119ci na ca\u0142e \u017cycie, dlatego tak du\u017c\u0105 wag\u0119 przywi\u0105zuje si\u0119 do jego oprawy, a zaproszenia s\u0105 jej integraln\u0105 cz\u0119\u015bci\u0105. <\/span><a href=\"https:\/\/www.empikfoto.pl\/zaproszenia-slubne\"><b><span data-contrast=\"auto\">Personalizowane zaproszenia \u015blubne<\/span><\/b><\/a><span data-contrast=\"auto\"> przekazuj\u0105 nie tylko podstawowe informacje, takie jak imiona nowo\u017ce\u0144c\u00f3w, data czy miejsce ceremonii. Oddaj\u0105 tak\u017ce klimat wydarzenia, jego <\/span><b><span data-contrast=\"auto\">styl, estetyk\u0119 i wyj\u0105tkowy charakter<\/span><\/b><span data-contrast=\"auto\">.<\/span><span data-ccp-props=\"{&quot;335559738&quot;:240,&quot;335559739&quot;:240}\">\u00a0<\/span><\/p>\n<p><span data-contrast=\"auto\">Bez wzgl\u0119du na to, czy planowana jest elegancka ceremonia w pa\u0142acu, czy rustykalne wesele w stodole, zaproszenia mog\u0105 w pe\u0142ni odda\u0107 okre\u015blony nastr\u00f3j. <\/span><b><span data-contrast=\"auto\">Motywy graficzne, kolorystyka, papier, zdobienia<\/span><\/b><span data-contrast=\"auto\"> &#8211; wszystko to mo\u017cna dopasowa\u0107. Warto r\u00f3wnie\u017c doda\u0107 osobisty akcent, np. cytat, podzi\u0119kowanie dla go\u015bci, czy plan dnia, co pokazuje uczestnikom, \u017ce my\u015blimy o nich z ciep\u0142em i trosk\u0105.<\/span><span data-ccp-props=\"{&quot;335559738&quot;:240,&quot;335559739&quot;:240}\">\u00a0<\/span><\/p>\n<h2 aria-level=\"2\"><span data-contrast=\"auto\">Personalizowane zaproszenia na chrzest i komuni\u0119 &#8211; urocza pami\u0105tka dla dziecka i bliskich<\/span><span data-ccp-props=\"{&quot;134245418&quot;:true,&quot;134245529&quot;:true,&quot;335559738&quot;:240,&quot;335559739&quot;:240}\">\u00a0<\/span><\/h2>\n<p><span data-contrast=\"auto\">Uroczysto\u015bci religijne, takie jak <\/span><b><span data-contrast=\"auto\"><a href=\"https:\/\/www.empikfoto.pl\/zaproszenia-na-chrzest\">chrzest<\/a> czy <a href=\"https:\/\/www.empikfoto.pl\/zaproszenia-na-komunie\">pierwsza komunia \u015bwi\u0119ta<\/a><\/span><\/b><span data-contrast=\"auto\">, to wyj\u0105tkowe, pe\u0142ne emocji momenty w \u017cyciu dziecka i jego bliskich. Cho\u0107 s\u0105 bardziej kameralne ni\u017c wesele, r\u00f3wnie\u017c zas\u0142uguj\u0105 na pi\u0119kn\u0105 opraw\u0119. Personalizowane zaproszenia pozwalaj\u0105 odda\u0107 ich wyj\u0105tkowy charakter z delikatno\u015bci\u0105 i klas\u0105.<\/span><span data-ccp-props=\"{&quot;335559738&quot;:240,&quot;335559739&quot;:240}\">\u00a0<\/span><\/p>\n<p><span data-contrast=\"auto\">W przypadku chrztu cz\u0119sto si\u0119ga si\u0119 po<\/span><b><span data-contrast=\"auto\"> pastelowe kolory, motywy anio\u0142k\u00f3w, ga\u0142\u0105zek oliwnych czy subtelnych akwareli<\/span><\/b><span data-contrast=\"auto\">. Komunia natomiast to okazja do wprowadzenia <\/span><b><span data-contrast=\"auto\">z\u0142oconych detali, minimalistycznych symboli religijnych lub delikatnych kwiat\u00f3w<\/span><\/b><span data-contrast=\"auto\">. Personalizacja pozwala doda\u0107 imi\u0119 dziecka, miejsce uroczysto\u015bci, a nawet osobist\u0105 wiadomo\u015b\u0107 dla bliskich.<\/span><span data-ccp-props=\"{&quot;335559738&quot;:240,&quot;335559739&quot;:240}\">\u00a0<\/span><\/p>\n<p><span data-contrast=\"auto\">Personalizowane zaproszenia na chrzest lub komuni\u0119 mog\u0105 sta\u0107 si\u0119 <\/span><b><span data-contrast=\"auto\">pi\u0119kn\u0105 pami\u0105tk\u0105<\/span><\/b><span data-contrast=\"auto\">, szczeg\u00f3lnie je\u015bli dodamy zdj\u0119cie dziecka lub kilka ciep\u0142ych s\u0142\u00f3w od rodzic\u00f3w.\u00a0<\/span><span data-ccp-props=\"{&quot;335559738&quot;:240,&quot;335559739&quot;:240}\">\u00a0<\/span><\/p>\n<h2 aria-level=\"2\"><span data-contrast=\"auto\">Tematyczne zaproszenia na urodziny\u00a0<\/span><span data-ccp-props=\"{&quot;134245418&quot;:true,&quot;134245529&quot;:true,&quot;335559738&quot;:240,&quot;335559739&quot;:240}\">\u00a0<\/span><\/h2>\n<p><span data-contrast=\"auto\"><a href=\"https:\/\/www.empikfoto.pl\/zaproszenia-urodzinowe\"><strong>Personalizowane zaproszenia na urodziny<\/strong><\/a> sprawdzaj\u0105 si\u0119 idealnie przy organizacji imprez <\/span><b><span data-contrast=\"auto\">dzieci\u0119cych<\/span><\/b><span data-contrast=\"auto\">, jak i tych<\/span><b><span data-contrast=\"auto\"> \u201eokr\u0105g\u0142ych\u201d dla doros\u0142ych<\/span><\/b><span data-contrast=\"auto\">.<\/span><span data-ccp-props=\"{&quot;335559738&quot;:240,&quot;335559739&quot;:240}\">\u00a0<\/span><\/p>\n<p><span data-contrast=\"auto\">Dla najm\u0142odszych kr\u00f3luj\u0105 kolorowe, bajkowe motywy:<\/span><b><span data-contrast=\"auto\"> jednoro\u017cce, dinozaury, kosmiczne podr\u00f3\u017ce, las, zwierz\u0119ta czy postacie z ulubionych bajek<\/span><\/b><span data-contrast=\"auto\">. Projekt mo\u017ce zawiera\u0107 <\/span><b><span data-contrast=\"auto\">zdj\u0119cie dziecka, zabawne has\u0142o, a tak\u017ce informacje o atrakcjach<\/span><\/b><span data-contrast=\"auto\">, np. animatorach, warsztatach, konkursach.\u00a0<\/span><span data-ccp-props=\"{&quot;335559738&quot;:240,&quot;335559739&quot;:240}\">\u00a0<\/span><\/p>\n<p><span data-contrast=\"auto\">W przypadku doros\u0142ych sprawdz\u0105 si\u0119 zar\u00f3wno eleganckie projekty, jak i te z przymru\u017ceniem oka. Stylowe zaproszenie <\/span><b><span data-contrast=\"auto\">z rocznikiem jubilata, motywem butelki wina, klimatem retro albo \u017cartobliwym has\u0142em<\/span><\/b><span data-contrast=\"auto\"> to doskona\u0142y spos\u00f3b, by nada\u0107 wydarzeniu lu\u017any i zarazem dopracowany ton. Zaproszenie mo\u017ce r\u00f3wnie\u017c odzwierciedla\u0107 temat imprezy. np. <\/span><b><span data-contrast=\"auto\">garden party, wiecz\u00f3r filmowy czy urodziny w stylu lat 80<\/span><\/b><span data-contrast=\"auto\">.<\/span><span data-ccp-props=\"{&quot;335559738&quot;:240,&quot;335559739&quot;:240}\">\u00a0<\/span><\/p>\n<p><a href=\"https:\/\/www.empikfoto.pl\/zaproszenia-i-kartki\/zaproszenia\"><img loading=\"lazy\" decoding=\"async\" class=\"aligncenter size-large wp-image-13963\" src=\"https:\/\/www.empikfoto.pl\/blog\/empikfoto\/2024\/07\/przyjecie-urodzinowe-dla-dziecka-zaproszenia-1024x683.jpg\" alt=\"przyj\u0119cie urodzinowe dla dziecka - zaproszenie ze zdj\u0119ciem\" width=\"1024\" height=\"683\" srcset=\"https:\/\/www.empikfoto.pl\/blog\/empikfoto\/2024\/07\/przyjecie-urodzinowe-dla-dziecka-zaproszenia-1024x683.jpg 1024w, https:\/\/www.empikfoto.pl\/blog\/empikfoto\/2024\/07\/przyjecie-urodzinowe-dla-dziecka-zaproszenia-300x200.jpg 300w, https:\/\/www.empikfoto.pl\/blog\/empikfoto\/2024\/07\/przyjecie-urodzinowe-dla-dziecka-zaproszenia-768x512.jpg 768w, https:\/\/www.empikfoto.pl\/blog\/empikfoto\/2024\/07\/przyjecie-urodzinowe-dla-dziecka-zaproszenia-400x267.jpg 400w\" sizes=\"auto, (max-width: 1024px) 100vw, 1024px\" \/><\/a><\/p>\n<h2 aria-level=\"2\"><span data-contrast=\"auto\">Rocznice, jubileusze i \u015bwi\u0119ta rodzinne &#8211; uczcij wsp\u00f3ln\u0105 histori\u0119<\/span><span data-ccp-props=\"{&quot;134245418&quot;:true,&quot;134245529&quot;:true,&quot;335559738&quot;:240,&quot;335559739&quot;:240}\">\u00a0<\/span><\/h2>\n<p><span data-contrast=\"auto\">Coraz wi\u0119cej os\u00f3b decyduje si\u0119 na zorganizowanie przyj\u0119cia z okazji rocznicy <\/span><b><span data-contrast=\"auto\">\u015blubu, jubileuszu pracy <\/span><\/b><span data-contrast=\"auto\">czy<\/span><b><span data-contrast=\"auto\"> innych wa\u017cnych moment\u00f3w rodzinnych<\/span><\/b><span data-contrast=\"auto\">. To doskona\u0142a okazja, aby zebra\u0107 bliskich, powspomina\u0107 i podzi\u0119kowa\u0107 sobie nawzajem za wsp\u00f3lne lata.<\/span><span data-ccp-props=\"{&quot;335559738&quot;:240,&quot;335559739&quot;:240}\">\u00a0<\/span><\/p>\n<p><span data-contrast=\"auto\">Personalizowane zaproszenia dodaj\u0105 takim uroczysto\u015bciom wyj\u0105tkowej oprawy. Mog\u0105 zawiera\u0107 <\/span><b><span data-contrast=\"auto\">wsp\u00f3lne zdj\u0119cie jubilat\u00f3w, <\/span><\/b><span data-contrast=\"auto\">zar\u00f3wno aktualne, jak i sprzed lat, <\/span><b><span data-contrast=\"auto\">kr\u00f3tk\u0105 histori\u0119 ich zwi\u0105zku, cytat o mi\u0142o\u015bci <\/span><\/b><span data-contrast=\"auto\">czy <\/span><b><span data-contrast=\"auto\">s\u0142owa<\/span><\/b> <b><span data-contrast=\"auto\">podkre\u015blaj\u0105ce wag\u0119 wsp\u00f3lnych chwil<\/span><\/b><span data-contrast=\"auto\">. Ca\u0142o\u015b\u0107 mo\u017cna utrzyma\u0107 w stylu <\/span><b><span data-contrast=\"auto\">vintage, glamour, minimalistycznym <\/span><\/b><span data-contrast=\"auto\">lub <\/span><b><span data-contrast=\"auto\">boho<\/span><\/b><span data-contrast=\"auto\">. Wszystko zale\u017cy od upodoba\u0144 i charakteru uroczysto\u015bci.\u00a0<\/span><span data-ccp-props=\"{&quot;335559738&quot;:240,&quot;335559739&quot;:240}\">\u00a0<\/span><\/p>\n<h2 aria-level=\"2\"><span data-contrast=\"auto\">Personalizowane zaproszenia firmowe &#8211; wra\u017cenie, kt\u00f3re buduje mark\u0119<\/span><span data-ccp-props=\"{&quot;134245418&quot;:true,&quot;134245529&quot;:true,&quot;335559738&quot;:240,&quot;335559739&quot;:240}\">\u00a0<\/span><\/h2>\n<p><span data-contrast=\"auto\">Zaproszenia personalizowane \u015bwietnie sprawdzaj\u0105 si\u0119 r\u00f3wnie\u017c w \u015bwiecie biznesu. <\/span><b><span data-contrast=\"auto\">Spotkania firmowe, jubileusze dzia\u0142alno\u015bci, uroczyste gale, kolacje z kontrahentami, otwarcia nowych lokalizacji<\/span><\/b><span data-contrast=\"auto\"> to momenty, kt\u00f3re zas\u0142uguj\u0105 na szczeg\u00f3ln\u0105 opraw\u0119. Drukowane zaproszenie podkre\u015bla presti\u017c wydarzenia i \u015bwiadczy o profesjonalizmie organizatora.<\/span><span data-ccp-props=\"{&quot;335559738&quot;:240,&quot;335559739&quot;:240}\">\u00a0<\/span><\/p>\n<p><span data-contrast=\"auto\">Taki projekt mo\u017ce zawiera\u0107 <\/span><b><span data-contrast=\"auto\">logo firmy, harmonogram wydarzenia, cytat za\u0142o\u017cyciela, nazwiska prelegent\u00f3w lub go\u015bci honorowych<\/span><\/b><span data-contrast=\"auto\">. Personalizowane zaproszenia mo\u017cna te\u017c zaprojektowa\u0107 z my\u015bl\u0105 o konkretnej bran\u017cy czy charakterze wydarzenia, bardziej eleganckie, nowoczesne, minimalistyczne lub artystyczne. Co wa\u017cne, mo\u017cna \u0142atwo przygotowa\u0107 je online, a nast\u0119pnie szybko i wygodnie zam\u00f3wi\u0107 w wi\u0119kszym nak\u0142adzie.<\/span><span data-ccp-props=\"{&quot;335559738&quot;:240,&quot;335559739&quot;:240}\">\u00a0<\/span><\/p>\n<h2 aria-level=\"2\"><span data-contrast=\"auto\">Dlaczego warto wybra\u0107 zaproszenia personalizowane?<\/span><span data-ccp-props=\"{&quot;134245418&quot;:true,&quot;134245529&quot;:true,&quot;335559738&quot;:240,&quot;335559739&quot;:240}\">\u00a0<\/span><\/h2>\n<p><span data-contrast=\"auto\">Cho\u0107 dzi\u015b wiele informacji przekazujemy drog\u0105 cyfrow\u0105, <strong>zaproszenie w formie drukowanej<\/strong> ma swoj\u0105 niepowtarzaln\u0105 moc. Personalizacja daje jeszcze wi\u0119cej mo\u017cliwo\u015bci, bo pozwala nada\u0107 ka\u017cdemu wydarzeniu unikalny charakter. Dlaczego to si\u0119 op\u0142aca?<\/span><span data-ccp-props=\"{&quot;335559738&quot;:240,&quot;335559739&quot;:240}\">\u00a0<\/span><\/p>\n<ul>\n<li aria-setsize=\"-1\" data-leveltext=\"\u25cf\" data-font=\"\" data-listid=\"1\" data-list-defn-props=\"{&quot;335552541&quot;:1,&quot;335559685&quot;:720,&quot;335559991&quot;:360,&quot;469769242&quot;:[8226],&quot;469777803&quot;:&quot;left&quot;,&quot;469777804&quot;:&quot;\u25cf&quot;,&quot;469777815&quot;:&quot;multilevel&quot;}\" data-aria-posinset=\"1\" data-aria-level=\"1\"><span data-contrast=\"auto\">Go\u015bcie czuj\u0105 si\u0119 wyr\u00f3\u017cnieni i mile zaproszeni;<\/span><span data-ccp-props=\"{&quot;335559738&quot;:240}\">\u00a0<\/span><\/li>\n<\/ul>\n<ul>\n<li aria-setsize=\"-1\" data-leveltext=\"\u25cf\" data-font=\"\" data-listid=\"1\" data-list-defn-props=\"{&quot;335552541&quot;:1,&quot;335559685&quot;:720,&quot;335559991&quot;:360,&quot;469769242&quot;:[8226],&quot;469777803&quot;:&quot;left&quot;,&quot;469777804&quot;:&quot;\u25cf&quot;,&quot;469777815&quot;:&quot;multilevel&quot;}\" data-aria-posinset=\"2\" data-aria-level=\"1\"><span data-contrast=\"auto\">Zaproszenie zapada w pami\u0119\u0107 i robi dobre pierwsze wra\u017cenie;<\/span><span data-ccp-props=\"{}\">\u00a0<\/span><\/li>\n<\/ul>\n<ul>\n<li aria-setsize=\"-1\" data-leveltext=\"\u25cf\" data-font=\"\" data-listid=\"1\" data-list-defn-props=\"{&quot;335552541&quot;:1,&quot;335559685&quot;:720,&quot;335559991&quot;:360,&quot;469769242&quot;:[8226],&quot;469777803&quot;:&quot;left&quot;,&quot;469777804&quot;:&quot;\u25cf&quot;,&quot;469777815&quot;:&quot;multilevel&quot;}\" data-aria-posinset=\"3\" data-aria-level=\"1\"><span data-contrast=\"auto\">Ca\u0142o\u015b\u0107 jest sp\u00f3jna ze stylem wydarzenia;<\/span><span data-ccp-props=\"{}\">\u00a0<\/span><\/li>\n<\/ul>\n<ul>\n<li aria-setsize=\"-1\" data-leveltext=\"\u25cf\" data-font=\"\" data-listid=\"1\" data-list-defn-props=\"{&quot;335552541&quot;:1,&quot;335559685&quot;:720,&quot;335559991&quot;:360,&quot;469769242&quot;:[8226],&quot;469777803&quot;:&quot;left&quot;,&quot;469777804&quot;:&quot;\u25cf&quot;,&quot;469777815&quot;:&quot;multilevel&quot;}\" data-aria-posinset=\"4\" data-aria-level=\"1\"><span data-contrast=\"auto\">Mo\u017cliwo\u015b\u0107 dodania zdj\u0119cia, dedykacji lub cytatu sprawia, \u017ce staje si\u0119 ono osobist\u0105 pami\u0105tk\u0105;<\/span><span data-ccp-props=\"{}\">\u00a0<\/span><\/li>\n<\/ul>\n<ul>\n<li aria-setsize=\"-1\" data-leveltext=\"\u25cf\" data-font=\"\" data-listid=\"1\" data-list-defn-props=\"{&quot;335552541&quot;:1,&quot;335559685&quot;:720,&quot;335559991&quot;:360,&quot;469769242&quot;:[8226],&quot;469777803&quot;:&quot;left&quot;,&quot;469777804&quot;:&quot;\u25cf&quot;,&quot;469777815&quot;:&quot;multilevel&quot;}\" data-aria-posinset=\"5\" data-aria-level=\"1\"><span data-contrast=\"auto\">To detal, kt\u00f3ry \u015bwiadczy o zaanga\u017cowaniu i trosce o go\u015bci.<\/span><span data-ccp-props=\"{&quot;335559739&quot;:240}\">\u00a0<\/span><\/li>\n<\/ul>\n<p><span data-contrast=\"auto\">W serwisach takich jak <\/span><a href=\"https:\/\/www.empikfoto.pl\/\"><b><span data-contrast=\"auto\">Empik Foto<\/span><\/b><\/a>\u00a0<span data-contrast=\"auto\">w kilku prostych krokach stworzysz zaproszenia dopasowane do Twojej wizji. <strong>Wybierasz format, szablon, dodajesz zdj\u0119cia, tekst i gotowe<\/strong>. Zaproszenia trafiaj\u0105 prosto do Ciebie, gotowe do rozdania.<\/span><\/p>\n<p><strong>Wi\u0119cej informacji, jak zaprojektowa\u0107 zaproszenia ze zdj\u0119ciem znajdziesz w naszym poradniku <a href=\"https:\/\/www.empikfoto.pl\/blog\/jak-zaprojektowac-zaproszenia-ze-zdjeciem\/\">TUTAJ<\/a>.\u00a0<\/strong><\/p>\n<p><span data-contrast=\"auto\">Je\u015bli wi\u0119c planujesz wa\u017cne wydarzenie i chcesz, by wszystko by\u0142o dopi\u0119te na ostatni guzik &#8211; zacznij od zaprosze\u0144. A potem ju\u017c tylko zbieraj komplementy i ciesz si\u0119 chwil\u0105 \ud83d\ude42\u00a0<\/span><\/p>\n","protected":false},"excerpt":{"rendered":"<p>Zaproszenia to co\u015b znacznie wi\u0119cej ni\u017c tylko kartka z informacj\u0105 o wydarzeniu. To pierwsza zapowied\u017a stylu, emocji i atmosfery, jak\u0105 chcemy stworzy\u0107. Ju\u017c sam wygl\u0105d koperty mo\u017ce wzbudza\u0107 ciekawo\u015b\u0107, a dobrze zaprojektowane zaproszenie sprawia, \u017ce go\u015bcie od pierwszej chwili czuj\u0105 si\u0119 cz\u0119\u015bci\u0105 wyj\u0105tkowej uroczysto\u015bci. Dzi\u0119ki personalizacji mo\u017cna w pe\u0142ni dopasowa\u0107 projekt do charakteru wydarzenia, gustu gospodarzy i klimatu, jaki im towarzyszy. Nic dziwnego, \u017ce coraz wi\u0119cej os\u00f3b si\u0119ga po zaproszenia personalizowane i to nie tylko z okazji \u015blubu, ale r\u00f3wnie\u017c wielu innych wa\u017cnych moment\u00f3w. Sprawd\u017a, kiedy warto zdecydowa\u0107 si\u0119 na zaproszenia personalizowane, by uczyni\u0107 ka\u017cd\u0105 okazj\u0119 jeszcze bardziej wyj\u0105tkow\u0105.\u00a0 Personalizowane zaproszenia na \u015blub &#8211; must have udanej uroczysto\u015bci\u00a0 \u015alub to dzie\u0144, kt\u00f3ry zostaje w pami\u0119ci na ca\u0142e \u017cycie, dlatego tak du\u017c\u0105 wag\u0119 przywi\u0105zuje si\u0119 do jego oprawy, a zaproszenia s\u0105 jej integraln\u0105 cz\u0119\u015bci\u0105. Personalizowane zaproszenia \u015blubne przekazuj\u0105 nie tylko podstawowe informacje, takie jak imiona nowo\u017ce\u0144c\u00f3w, data czy miejsce ceremonii. Oddaj\u0105 tak\u017ce klimat wydarzenia, jego styl, estetyk\u0119 i wyj\u0105tkowy charakter.\u00a0 Bez wzgl\u0119du na to, czy planowana jest elegancka ceremonia w pa\u0142acu, czy rustykalne wesele w stodole, zaproszenia mog\u0105 w pe\u0142ni odda\u0107 okre\u015blony nastr\u00f3j. Motywy graficzne, kolorystyka, papier, zdobienia &#8211; wszystko to mo\u017cna dopasowa\u0107. Warto r\u00f3wnie\u017c doda\u0107 osobisty akcent, np. cytat, podzi\u0119kowanie dla go\u015bci, czy plan dnia, co pokazuje uczestnikom, \u017ce my\u015blimy o nich z ciep\u0142em i trosk\u0105.\u00a0 Personalizowane zaproszenia na chrzest i komuni\u0119 &#8211; urocza pami\u0105tka dla dziecka i bliskich\u00a0 Uroczysto\u015bci religijne, takie jak chrzest czy pierwsza komunia \u015bwi\u0119ta, to wyj\u0105tkowe, pe\u0142ne emocji momenty w \u017cyciu dziecka i jego bliskich. Cho\u0107 s\u0105 bardziej kameralne ni\u017c wesele, r\u00f3wnie\u017c zas\u0142uguj\u0105 na pi\u0119kn\u0105 opraw\u0119. Personalizowane zaproszenia pozwalaj\u0105 odda\u0107 ich wyj\u0105tkowy charakter z delikatno\u015bci\u0105 i klas\u0105.\u00a0 W przypadku chrztu cz\u0119sto si\u0119ga si\u0119 po pastelowe kolory, motywy anio\u0142k\u00f3w, ga\u0142\u0105zek oliwnych czy subtelnych akwareli. Komunia natomiast to okazja do wprowadzenia z\u0142oconych detali, minimalistycznych symboli religijnych lub delikatnych kwiat\u00f3w. Personalizacja pozwala doda\u0107 imi\u0119 dziecka, miejsce uroczysto\u015bci, a nawet osobist\u0105 wiadomo\u015b\u0107 dla bliskich.\u00a0 Personalizowane zaproszenia na chrzest lub komuni\u0119 mog\u0105 sta\u0107 si\u0119 pi\u0119kn\u0105 pami\u0105tk\u0105, szczeg\u00f3lnie je\u015bli dodamy zdj\u0119cie dziecka lub kilka ciep\u0142ych s\u0142\u00f3w od rodzic\u00f3w.\u00a0\u00a0 Tematyczne zaproszenia na urodziny\u00a0\u00a0 Personalizowane zaproszenia na urodziny sprawdzaj\u0105 si\u0119 idealnie przy organizacji imprez dzieci\u0119cych, jak i tych \u201eokr\u0105g\u0142ych\u201d dla doros\u0142ych.\u00a0 Dla najm\u0142odszych kr\u00f3luj\u0105 kolorowe, bajkowe motywy: jednoro\u017cce, dinozaury, kosmiczne podr\u00f3\u017ce, las, zwierz\u0119ta czy postacie z ulubionych bajek. Projekt mo\u017ce zawiera\u0107 zdj\u0119cie dziecka, zabawne has\u0142o, a tak\u017ce informacje o atrakcjach, np. animatorach, warsztatach, konkursach.\u00a0\u00a0 W przypadku doros\u0142ych sprawdz\u0105 si\u0119 zar\u00f3wno eleganckie projekty, jak i te z przymru\u017ceniem oka. Stylowe zaproszenie z rocznikiem jubilata, motywem butelki wina, klimatem retro albo \u017cartobliwym has\u0142em to doskona\u0142y spos\u00f3b, by nada\u0107 wydarzeniu lu\u017any i zarazem dopracowany ton. Zaproszenie mo\u017ce r\u00f3wnie\u017c odzwierciedla\u0107 temat imprezy. np. garden party, wiecz\u00f3r filmowy czy urodziny w stylu lat 80.\u00a0 Rocznice, jubileusze i \u015bwi\u0119ta rodzinne &#8211; uczcij wsp\u00f3ln\u0105 histori\u0119\u00a0 Coraz wi\u0119cej os\u00f3b decyduje si\u0119 na zorganizowanie przyj\u0119cia z okazji rocznicy \u015blubu, jubileuszu pracy czy innych wa\u017cnych moment\u00f3w rodzinnych. To doskona\u0142a okazja, aby zebra\u0107 bliskich, powspomina\u0107 i podzi\u0119kowa\u0107 sobie nawzajem za wsp\u00f3lne lata.\u00a0 Personalizowane zaproszenia dodaj\u0105 takim uroczysto\u015bciom wyj\u0105tkowej oprawy. Mog\u0105 zawiera\u0107 wsp\u00f3lne zdj\u0119cie jubilat\u00f3w, zar\u00f3wno aktualne, jak i sprzed lat, kr\u00f3tk\u0105 histori\u0119 ich zwi\u0105zku, cytat o mi\u0142o\u015bci czy s\u0142owa podkre\u015blaj\u0105ce wag\u0119 wsp\u00f3lnych chwil. Ca\u0142o\u015b\u0107 mo\u017cna utrzyma\u0107 w stylu vintage, glamour, minimalistycznym lub boho. Wszystko zale\u017cy od upodoba\u0144 i charakteru uroczysto\u015bci.\u00a0\u00a0 Personalizowane zaproszenia firmowe &#8211; wra\u017cenie, kt\u00f3re buduje mark\u0119\u00a0 Zaproszenia personalizowane \u015bwietnie sprawdzaj\u0105 si\u0119 r\u00f3wnie\u017c w \u015bwiecie biznesu. Spotkania firmowe, jubileusze dzia\u0142alno\u015bci, uroczyste gale, kolacje z kontrahentami, otwarcia nowych lokalizacji to momenty, kt\u00f3re zas\u0142uguj\u0105 na szczeg\u00f3ln\u0105 opraw\u0119. Drukowane zaproszenie podkre\u015bla presti\u017c wydarzenia i \u015bwiadczy o profesjonalizmie organizatora.\u00a0 Taki projekt mo\u017ce zawiera\u0107 logo firmy, harmonogram wydarzenia, cytat za\u0142o\u017cyciela, nazwiska prelegent\u00f3w lub go\u015bci honorowych. Personalizowane zaproszenia mo\u017cna te\u017c zaprojektowa\u0107 z my\u015bl\u0105 o konkretnej bran\u017cy czy charakterze wydarzenia, bardziej eleganckie, nowoczesne, minimalistyczne lub artystyczne. Co wa\u017cne, mo\u017cna \u0142atwo przygotowa\u0107 je online, a nast\u0119pnie szybko i wygodnie zam\u00f3wi\u0107 w wi\u0119kszym nak\u0142adzie.\u00a0 Dlaczego warto wybra\u0107 zaproszenia personalizowane?\u00a0 Cho\u0107 dzi\u015b wiele informacji przekazujemy drog\u0105 cyfrow\u0105, zaproszenie w formie drukowanej ma swoj\u0105 niepowtarzaln\u0105 moc. Personalizacja daje jeszcze wi\u0119cej mo\u017cliwo\u015bci, bo pozwala nada\u0107 ka\u017cdemu wydarzeniu unikalny charakter. Dlaczego to si\u0119 op\u0142aca?\u00a0 Go\u015bcie czuj\u0105 si\u0119 wyr\u00f3\u017cnieni i mile zaproszeni;\u00a0 Zaproszenie zapada w pami\u0119\u0107 i robi dobre pierwsze wra\u017cenie;\u00a0 Ca\u0142o\u015b\u0107 jest sp\u00f3jna ze stylem wydarzenia;\u00a0 Mo\u017cliwo\u015b\u0107 dodania zdj\u0119cia, dedykacji lub cytatu sprawia, \u017ce staje si\u0119 ono osobist\u0105 pami\u0105tk\u0105;\u00a0 To detal, kt\u00f3ry \u015bwiadczy o zaanga\u017cowaniu i trosce o go\u015bci.\u00a0 W serwisach takich jak Empik Foto\u00a0w kilku prostych krokach stworzysz zaproszenia dopasowane do Twojej wizji. Wybierasz format, szablon, dodajesz zdj\u0119cia, tekst i gotowe. Zaproszenia trafiaj\u0105 prosto do Ciebie, gotowe do rozdania. Wi\u0119cej informacji, jak zaprojektowa\u0107 zaproszenia ze zdj\u0119ciem znajdziesz w naszym poradniku TUTAJ.\u00a0 Je\u015bli wi\u0119c planujesz wa\u017cne wydarzenie i chcesz, by wszystko by\u0142o dopi\u0119te na ostatni guzik &#8211; zacznij od zaprosze\u0144. A potem ju\u017c tylko zbieraj komplementy i ciesz si\u0119 chwil\u0105 \ud83d\ude42\u00a0<\/p>\n","protected":false},"author":24,"featured_media":14578,"comment_status":"closed","ping_status":"closed","sticky":false,"template":"","format":"standard","meta":{"footnotes":""},"categories":[784],"tags":[1147,1158],"class_list":["post-14573","post","type-post","status-publish","format-standard","has-post-thumbnail","hentry","category-lifestyle","tag-zaproszenia","tag-zaproszenia-ze-zdjeciem"],"yoast_head":"<!-- This site is optimized with the Yoast SEO plugin v27.5 - https:\/\/yoast.com\/product\/yoast-seo-wordpress\/ -->\n<title>Zaproszenia personalizowane - na jakie okazje? | Empik Foto<\/title>\n<meta name=\"description\" content=\"Sprawd\u017a, na jakie okazje warto wybra\u0107 zaproszenia personalizowane ze zdj\u0119ciem lub grafik\u0105. Zaskocz swoich go\u015bci wyj\u0105tkowym zaproszeniem!\" \/>\n<meta name=\"robots\" content=\"index, follow, max-snippet:-1, max-image-preview:large, max-video-preview:-1\" \/>\n<link rel=\"canonical\" href=\"https:\/\/www.empikfoto.pl\/blog\/na-jakie-okazje-warto-wybrac-zaproszenia-personalizowane\/\" \/>\n<meta property=\"og:locale\" content=\"pl_PL\" \/>\n<meta property=\"og:type\" content=\"article\" \/>\n<meta property=\"og:title\" content=\"Zaproszenia personalizowane - na jakie okazje? | Empik Foto\" \/>\n<meta property=\"og:description\" content=\"Sprawd\u017a, na jakie okazje warto wybra\u0107 zaproszenia personalizowane ze zdj\u0119ciem lub grafik\u0105. Zaskocz swoich go\u015bci wyj\u0105tkowym zaproszeniem!\" \/>\n<meta property=\"og:url\" content=\"https:\/\/www.empikfoto.pl\/blog\/na-jakie-okazje-warto-wybrac-zaproszenia-personalizowane\/\" \/>\n<meta property=\"og:site_name\" content=\"blog.empikfoto.pl\" \/>\n<meta property=\"article:publisher\" content=\"https:\/\/www.facebook.com\/empikfotopl\/\" \/>\n<meta property=\"article:published_time\" content=\"2025-07-22T09:15:55+00:00\" \/>\n<meta property=\"article:modified_time\" content=\"2025-07-22T09:15:56+00:00\" \/>\n<meta property=\"og:image\" content=\"https:\/\/www.empikfoto.pl\/blog\/empikfoto\/2025\/07\/zaproszenia-personalizowane-scaled.jpg\" \/>\n\t<meta property=\"og:image:width\" content=\"2560\" \/>\n\t<meta property=\"og:image:height\" content=\"1928\" \/>\n\t<meta property=\"og:image:type\" content=\"image\/jpeg\" \/>\n<meta name=\"author\" content=\"Magdalena\" \/>\n<meta name=\"twitter:card\" content=\"summary_large_image\" \/>\n<meta name=\"twitter:creator\" content=\"@empikfoto\" \/>\n<meta name=\"twitter:site\" content=\"@empikfoto\" \/>\n<meta name=\"twitter:label1\" content=\"Napisane przez\" \/>\n\t<meta name=\"twitter:data1\" content=\"Magdalena\" \/>\n\t<meta name=\"twitter:label2\" content=\"Szacowany czas czytania\" \/>\n\t<meta name=\"twitter:data2\" content=\"6 minut\" \/>\n<script type=\"application\/ld+json\" class=\"yoast-schema-graph\">{\"@context\":\"https:\\\/\\\/schema.org\",\"@graph\":[{\"@type\":\"Article\",\"@id\":\"https:\\\/\\\/www.empikfoto.pl\\\/blog\\\/na-jakie-okazje-warto-wybrac-zaproszenia-personalizowane\\\/#article\",\"isPartOf\":{\"@id\":\"https:\\\/\\\/www.empikfoto.pl\\\/blog\\\/na-jakie-okazje-warto-wybrac-zaproszenia-personalizowane\\\/\"},\"author\":{\"name\":\"Magdalena\",\"@id\":\"https:\\\/\\\/www.empikfoto.pl\\\/blog\\\/#\\\/schema\\\/person\\\/f394adde230a2c78b1d5840ec66c5f5d\"},\"headline\":\"Na jakie okazje warto wybra\u0107 zaproszenia personalizowane?\",\"datePublished\":\"2025-07-22T09:15:55+00:00\",\"dateModified\":\"2025-07-22T09:15:56+00:00\",\"mainEntityOfPage\":{\"@id\":\"https:\\\/\\\/www.empikfoto.pl\\\/blog\\\/na-jakie-okazje-warto-wybrac-zaproszenia-personalizowane\\\/\"},\"wordCount\":954,\"image\":{\"@id\":\"https:\\\/\\\/www.empikfoto.pl\\\/blog\\\/na-jakie-okazje-warto-wybrac-zaproszenia-personalizowane\\\/#primaryimage\"},\"thumbnailUrl\":\"https:\\\/\\\/www.empikfoto.pl\\\/blog\\\/empikfoto\\\/2025\\\/07\\\/zaproszenia-personalizowane-scaled.jpg\",\"keywords\":[\"zaproszenia\",\"zaproszenia ze zdj\u0119ciem\"],\"articleSection\":[\"LIFESTYLE\"],\"inLanguage\":\"pl-PL\"},{\"@type\":\"WebPage\",\"@id\":\"https:\\\/\\\/www.empikfoto.pl\\\/blog\\\/na-jakie-okazje-warto-wybrac-zaproszenia-personalizowane\\\/\",\"url\":\"https:\\\/\\\/www.empikfoto.pl\\\/blog\\\/na-jakie-okazje-warto-wybrac-zaproszenia-personalizowane\\\/\",\"name\":\"Zaproszenia personalizowane - na jakie okazje? | Empik Foto\",\"isPartOf\":{\"@id\":\"https:\\\/\\\/www.empikfoto.pl\\\/blog\\\/#website\"},\"primaryImageOfPage\":{\"@id\":\"https:\\\/\\\/www.empikfoto.pl\\\/blog\\\/na-jakie-okazje-warto-wybrac-zaproszenia-personalizowane\\\/#primaryimage\"},\"image\":{\"@id\":\"https:\\\/\\\/www.empikfoto.pl\\\/blog\\\/na-jakie-okazje-warto-wybrac-zaproszenia-personalizowane\\\/#primaryimage\"},\"thumbnailUrl\":\"https:\\\/\\\/www.empikfoto.pl\\\/blog\\\/empikfoto\\\/2025\\\/07\\\/zaproszenia-personalizowane-scaled.jpg\",\"datePublished\":\"2025-07-22T09:15:55+00:00\",\"dateModified\":\"2025-07-22T09:15:56+00:00\",\"author\":{\"@id\":\"https:\\\/\\\/www.empikfoto.pl\\\/blog\\\/#\\\/schema\\\/person\\\/f394adde230a2c78b1d5840ec66c5f5d\"},\"description\":\"Sprawd\u017a, na jakie okazje warto wybra\u0107 zaproszenia personalizowane ze zdj\u0119ciem lub grafik\u0105. Zaskocz swoich go\u015bci wyj\u0105tkowym zaproszeniem!\",\"breadcrumb\":{\"@id\":\"https:\\\/\\\/www.empikfoto.pl\\\/blog\\\/na-jakie-okazje-warto-wybrac-zaproszenia-personalizowane\\\/#breadcrumb\"},\"inLanguage\":\"pl-PL\",\"potentialAction\":[{\"@type\":\"ReadAction\",\"target\":[\"https:\\\/\\\/www.empikfoto.pl\\\/blog\\\/na-jakie-okazje-warto-wybrac-zaproszenia-personalizowane\\\/\"]}]},{\"@type\":\"ImageObject\",\"inLanguage\":\"pl-PL\",\"@id\":\"https:\\\/\\\/www.empikfoto.pl\\\/blog\\\/na-jakie-okazje-warto-wybrac-zaproszenia-personalizowane\\\/#primaryimage\",\"url\":\"https:\\\/\\\/www.empikfoto.pl\\\/blog\\\/empikfoto\\\/2025\\\/07\\\/zaproszenia-personalizowane-scaled.jpg\",\"contentUrl\":\"https:\\\/\\\/www.empikfoto.pl\\\/blog\\\/empikfoto\\\/2025\\\/07\\\/zaproszenia-personalizowane-scaled.jpg\",\"width\":2560,\"height\":1928,\"caption\":\"zaproszenia personalizowane ze zdj\u0119ciem\"},{\"@type\":\"BreadcrumbList\",\"@id\":\"https:\\\/\\\/www.empikfoto.pl\\\/blog\\\/na-jakie-okazje-warto-wybrac-zaproszenia-personalizowane\\\/#breadcrumb\",\"itemListElement\":[{\"@type\":\"ListItem\",\"position\":1,\"name\":\"Strona g\u0142\u00f3wna\",\"item\":\"https:\\\/\\\/www.empikfoto.pl\\\/blog\\\/\"},{\"@type\":\"ListItem\",\"position\":2,\"name\":\"Na jakie okazje warto wybra\u0107 zaproszenia personalizowane?\"}]},{\"@type\":\"WebSite\",\"@id\":\"https:\\\/\\\/www.empikfoto.pl\\\/blog\\\/#website\",\"url\":\"https:\\\/\\\/www.empikfoto.pl\\\/blog\\\/\",\"name\":\"blog.empikfoto.pl\",\"description\":\"Poznaj empikfoto.pl od \u015brodka! Dowiedz si\u0119 wi\u0119cej o odbitkach, fotoksi\u0105\u017ckach i fotografii.\",\"potentialAction\":[{\"@type\":\"SearchAction\",\"target\":{\"@type\":\"EntryPoint\",\"urlTemplate\":\"https:\\\/\\\/www.empikfoto.pl\\\/blog\\\/?s={search_term_string}\"},\"query-input\":{\"@type\":\"PropertyValueSpecification\",\"valueRequired\":true,\"valueName\":\"search_term_string\"}}],\"inLanguage\":\"pl-PL\"},{\"@type\":\"Person\",\"@id\":\"https:\\\/\\\/www.empikfoto.pl\\\/blog\\\/#\\\/schema\\\/person\\\/f394adde230a2c78b1d5840ec66c5f5d\",\"name\":\"Magdalena\",\"image\":{\"@type\":\"ImageObject\",\"inLanguage\":\"pl-PL\",\"@id\":\"https:\\\/\\\/secure.gravatar.com\\\/avatar\\\/874b117191fd73f8cc0be164b43f75724363784b2c9d57127c4a7b73181b9ea3?s=96&d=identicon&r=g\",\"url\":\"https:\\\/\\\/secure.gravatar.com\\\/avatar\\\/874b117191fd73f8cc0be164b43f75724363784b2c9d57127c4a7b73181b9ea3?s=96&d=identicon&r=g\",\"contentUrl\":\"https:\\\/\\\/secure.gravatar.com\\\/avatar\\\/874b117191fd73f8cc0be164b43f75724363784b2c9d57127c4a7b73181b9ea3?s=96&d=identicon&r=g\",\"caption\":\"Magdalena\"},\"url\":\"https:\\\/\\\/www.empikfoto.pl\\\/blog\\\/author\\\/magda-em\\\/\"}]}<\/script>\n<!-- \/ Yoast SEO plugin. -->","yoast_head_json":{"title":"Zaproszenia personalizowane - na jakie okazje? | Empik Foto","description":"Sprawd\u017a, na jakie okazje warto wybra\u0107 zaproszenia personalizowane ze zdj\u0119ciem lub grafik\u0105. Zaskocz swoich go\u015bci wyj\u0105tkowym zaproszeniem!","robots":{"index":"index","follow":"follow","max-snippet":"max-snippet:-1","max-image-preview":"max-image-preview:large","max-video-preview":"max-video-preview:-1"},"canonical":"https:\/\/www.empikfoto.pl\/blog\/na-jakie-okazje-warto-wybrac-zaproszenia-personalizowane\/","og_locale":"pl_PL","og_type":"article","og_title":"Zaproszenia personalizowane - na jakie okazje? | Empik Foto","og_description":"Sprawd\u017a, na jakie okazje warto wybra\u0107 zaproszenia personalizowane ze zdj\u0119ciem lub grafik\u0105. Zaskocz swoich go\u015bci wyj\u0105tkowym zaproszeniem!","og_url":"https:\/\/www.empikfoto.pl\/blog\/na-jakie-okazje-warto-wybrac-zaproszenia-personalizowane\/","og_site_name":"blog.empikfoto.pl","article_publisher":"https:\/\/www.facebook.com\/empikfotopl\/","article_published_time":"2025-07-22T09:15:55+00:00","article_modified_time":"2025-07-22T09:15:56+00:00","og_image":[{"width":2560,"height":1928,"url":"https:\/\/www.empikfoto.pl\/blog\/empikfoto\/2025\/07\/zaproszenia-personalizowane-scaled.jpg","type":"image\/jpeg"}],"author":"Magdalena","twitter_card":"summary_large_image","twitter_creator":"@empikfoto","twitter_site":"@empikfoto","twitter_misc":{"Napisane przez":"Magdalena","Szacowany czas czytania":"6 minut"},"schema":{"@context":"https:\/\/schema.org","@graph":[{"@type":"Article","@id":"https:\/\/www.empikfoto.pl\/blog\/na-jakie-okazje-warto-wybrac-zaproszenia-personalizowane\/#article","isPartOf":{"@id":"https:\/\/www.empikfoto.pl\/blog\/na-jakie-okazje-warto-wybrac-zaproszenia-personalizowane\/"},"author":{"name":"Magdalena","@id":"https:\/\/www.empikfoto.pl\/blog\/#\/schema\/person\/f394adde230a2c78b1d5840ec66c5f5d"},"headline":"Na jakie okazje warto wybra\u0107 zaproszenia personalizowane?","datePublished":"2025-07-22T09:15:55+00:00","dateModified":"2025-07-22T09:15:56+00:00","mainEntityOfPage":{"@id":"https:\/\/www.empikfoto.pl\/blog\/na-jakie-okazje-warto-wybrac-zaproszenia-personalizowane\/"},"wordCount":954,"image":{"@id":"https:\/\/www.empikfoto.pl\/blog\/na-jakie-okazje-warto-wybrac-zaproszenia-personalizowane\/#primaryimage"},"thumbnailUrl":"https:\/\/www.empikfoto.pl\/blog\/empikfoto\/2025\/07\/zaproszenia-personalizowane-scaled.jpg","keywords":["zaproszenia","zaproszenia ze zdj\u0119ciem"],"articleSection":["LIFESTYLE"],"inLanguage":"pl-PL"},{"@type":"WebPage","@id":"https:\/\/www.empikfoto.pl\/blog\/na-jakie-okazje-warto-wybrac-zaproszenia-personalizowane\/","url":"https:\/\/www.empikfoto.pl\/blog\/na-jakie-okazje-warto-wybrac-zaproszenia-personalizowane\/","name":"Zaproszenia personalizowane - na jakie okazje? | Empik Foto","isPartOf":{"@id":"https:\/\/www.empikfoto.pl\/blog\/#website"},"primaryImageOfPage":{"@id":"https:\/\/www.empikfoto.pl\/blog\/na-jakie-okazje-warto-wybrac-zaproszenia-personalizowane\/#primaryimage"},"image":{"@id":"https:\/\/www.empikfoto.pl\/blog\/na-jakie-okazje-warto-wybrac-zaproszenia-personalizowane\/#primaryimage"},"thumbnailUrl":"https:\/\/www.empikfoto.pl\/blog\/empikfoto\/2025\/07\/zaproszenia-personalizowane-scaled.jpg","datePublished":"2025-07-22T09:15:55+00:00","dateModified":"2025-07-22T09:15:56+00:00","author":{"@id":"https:\/\/www.empikfoto.pl\/blog\/#\/schema\/person\/f394adde230a2c78b1d5840ec66c5f5d"},"description":"Sprawd\u017a, na jakie okazje warto wybra\u0107 zaproszenia personalizowane ze zdj\u0119ciem lub grafik\u0105. Zaskocz swoich go\u015bci wyj\u0105tkowym zaproszeniem!","breadcrumb":{"@id":"https:\/\/www.empikfoto.pl\/blog\/na-jakie-okazje-warto-wybrac-zaproszenia-personalizowane\/#breadcrumb"},"inLanguage":"pl-PL","potentialAction":[{"@type":"ReadAction","target":["https:\/\/www.empikfoto.pl\/blog\/na-jakie-okazje-warto-wybrac-zaproszenia-personalizowane\/"]}]},{"@type":"ImageObject","inLanguage":"pl-PL","@id":"https:\/\/www.empikfoto.pl\/blog\/na-jakie-okazje-warto-wybrac-zaproszenia-personalizowane\/#primaryimage","url":"https:\/\/www.empikfoto.pl\/blog\/empikfoto\/2025\/07\/zaproszenia-personalizowane-scaled.jpg","contentUrl":"https:\/\/www.empikfoto.pl\/blog\/empikfoto\/2025\/07\/zaproszenia-personalizowane-scaled.jpg","width":2560,"height":1928,"caption":"zaproszenia personalizowane ze zdj\u0119ciem"},{"@type":"BreadcrumbList","@id":"https:\/\/www.empikfoto.pl\/blog\/na-jakie-okazje-warto-wybrac-zaproszenia-personalizowane\/#breadcrumb","itemListElement":[{"@type":"ListItem","position":1,"name":"Strona g\u0142\u00f3wna","item":"https:\/\/www.empikfoto.pl\/blog\/"},{"@type":"ListItem","position":2,"name":"Na jakie okazje warto wybra\u0107 zaproszenia personalizowane?"}]},{"@type":"WebSite","@id":"https:\/\/www.empikfoto.pl\/blog\/#website","url":"https:\/\/www.empikfoto.pl\/blog\/","name":"blog.empikfoto.pl","description":"Poznaj empikfoto.pl od \u015brodka! Dowiedz si\u0119 wi\u0119cej o odbitkach, fotoksi\u0105\u017ckach i fotografii.","potentialAction":[{"@type":"SearchAction","target":{"@type":"EntryPoint","urlTemplate":"https:\/\/www.empikfoto.pl\/blog\/?s={search_term_string}"},"query-input":{"@type":"PropertyValueSpecification","valueRequired":true,"valueName":"search_term_string"}}],"inLanguage":"pl-PL"},{"@type":"Person","@id":"https:\/\/www.empikfoto.pl\/blog\/#\/schema\/person\/f394adde230a2c78b1d5840ec66c5f5d","name":"Magdalena","image":{"@type":"ImageObject","inLanguage":"pl-PL","@id":"https:\/\/secure.gravatar.com\/avatar\/874b117191fd73f8cc0be164b43f75724363784b2c9d57127c4a7b73181b9ea3?s=96&d=identicon&r=g","url":"https:\/\/secure.gravatar.com\/avatar\/874b117191fd73f8cc0be164b43f75724363784b2c9d57127c4a7b73181b9ea3?s=96&d=identicon&r=g","contentUrl":"https:\/\/secure.gravatar.com\/avatar\/874b117191fd73f8cc0be164b43f75724363784b2c9d57127c4a7b73181b9ea3?s=96&d=identicon&r=g","caption":"Magdalena"},"url":"https:\/\/www.empikfoto.pl\/blog\/author\/magda-em\/"}]}},"amp_enabled":true,"_links":{"self":[{"href":"https:\/\/www.empikfoto.pl\/blog\/wp-json\/wp\/v2\/posts\/14573","targetHints":{"allow":["GET"]}}],"collection":[{"href":"https:\/\/www.empikfoto.pl\/blog\/wp-json\/wp\/v2\/posts"}],"about":[{"href":"https:\/\/www.empikfoto.pl\/blog\/wp-json\/wp\/v2\/types\/post"}],"author":[{"embeddable":true,"href":"https:\/\/www.empikfoto.pl\/blog\/wp-json\/wp\/v2\/users\/24"}],"replies":[{"embeddable":true,"href":"https:\/\/www.empikfoto.pl\/blog\/wp-json\/wp\/v2\/comments?post=14573"}],"version-history":[{"count":5,"href":"https:\/\/www.empikfoto.pl\/blog\/wp-json\/wp\/v2\/posts\/14573\/revisions"}],"predecessor-version":[{"id":14579,"href":"https:\/\/www.empikfoto.pl\/blog\/wp-json\/wp\/v2\/posts\/14573\/revisions\/14579"}],"wp:featuredmedia":[{"embeddable":true,"href":"https:\/\/www.empikfoto.pl\/blog\/wp-json\/wp\/v2\/media\/14578"}],"wp:attachment":[{"href":"https:\/\/www.empikfoto.pl\/blog\/wp-json\/wp\/v2\/media?parent=14573"}],"wp:term":[{"taxonomy":"category","embeddable":true,"href":"https:\/\/www.empikfoto.pl\/blog\/wp-json\/wp\/v2\/categories?post=14573"},{"taxonomy":"post_tag","embeddable":true,"href":"https:\/\/www.empikfoto.pl\/blog\/wp-json\/wp\/v2\/tags?post=14573"}],"curies":[{"name":"wp","href":"https:\/\/api.w.org\/{rel}","templated":true}]}}