{"id":14600,"date":"2025-08-07T15:29:04","date_gmt":"2025-08-07T13:29:04","guid":{"rendered":"https:\/\/www.empikfoto.pl\/blog\/?p=14600"},"modified":"2025-09-17T10:21:37","modified_gmt":"2025-09-17T08:21:37","slug":"magnes-ze-zdjeciem-jak-stworzyc-unikalna-pamiatke-z-wakacji","status":"publish","type":"post","link":"https:\/\/www.empikfoto.pl\/blog\/magnes-ze-zdjeciem-jak-stworzyc-unikalna-pamiatke-z-wakacji\/","title":{"rendered":"Magnes ze zdj\u0119ciem &#8211; jak stworzy\u0107 unikaln\u0105 pami\u0105tk\u0119 z wakacji?"},"content":{"rendered":"<p><b><span data-contrast=\"auto\">Wakacyjne wspomnienia maj\u0105 wyj\u0105tkow\u0105 warto\u015b\u0107!<\/span><\/b><span data-contrast=\"auto\"> To czas relaksu, rado\u015bci, przyg\u00f3d, zachwyt\u00f3w i chwil sp\u0119dzonych z bliskimi. <\/span><b><span data-contrast=\"auto\">Zdj\u0119cia z podr\u00f3\u017cy <\/span><\/b><span data-contrast=\"auto\">potrafi\u0105 b\u0142yskawicznie przywo\u0142a\u0107 emocje i przypomnie\u0107 smak lod\u00f3w nad morzem, zapach g\u00f3rskiego powietrza czy zachody s\u0142o\u0144ca nad jeziorem. Zamiast trzyma\u0107 je wy\u0142\u0105cznie w pami\u0119ci telefonu, warto przenie\u015b\u0107 je na <\/span><b><span data-contrast=\"auto\">przedmioty, kt\u00f3re codziennie towarzysz\u0105 nam w domowej przestrzeni<\/span><\/b><span data-contrast=\"auto\">. Jednym z najprostszych i najbardziej efektownych rozwi\u0105za\u0144 jest <\/span><a href=\"https:\/\/www.empikfoto.pl\/magnesy\"><b><span data-contrast=\"auto\">magnes ze zdj\u0119ciem<\/span><\/b><\/a><span data-contrast=\"auto\">. Sprawd\u017a, jak stworzy\u0107 sw\u00f3j w\u0142asny pami\u0105tkowy magnes ze zdj\u0119ciem z wakacji!<\/span><span data-ccp-props=\"{&quot;335559738&quot;:240,&quot;335559739&quot;:240}\">\u00a0<\/span><\/p>\n<h2 aria-level=\"2\"><span data-contrast=\"auto\">Dlaczego warto stworzy\u0107 magnes ze zdj\u0119ciem?<\/span><span data-ccp-props=\"{&quot;134245418&quot;:true,&quot;134245529&quot;:true,&quot;335559738&quot;:240,&quot;335559739&quot;:240}\">\u00a0<\/span><\/h2>\n<p><span data-contrast=\"auto\">Cho\u0107 niewielkie, magnesy maj\u0105 swoje sta\u0142e miejsce w domowej przestrzeni, najcz\u0119\u015bciej <\/span><b><span data-contrast=\"auto\">na lod\u00f3wce<\/span><\/b><span data-contrast=\"auto\">, ale te\u017c na <\/span><b><span data-contrast=\"auto\">tablicach magnetycznych<\/span><\/b><span data-contrast=\"auto\"> czy<\/span><b><span data-contrast=\"auto\"> innych metalowych powierzchniach<\/span><\/b><span data-contrast=\"auto\">. Opr\u00f3cz funkcji praktycznej, jak przytrzymywanie kartek z notatkami, coraz cz\u0119\u015bciej staj\u0105 si\u0119 <\/span><b><span data-contrast=\"auto\">osobist\u0105 galeri\u0105 wspomnie\u0144<\/span><\/b><span data-contrast=\"auto\">. Zdj\u0119cie z rodzinnego wyjazdu, spontaniczne selfie z przyjaci\u00f3\u0142mi nad morzem czy widok z tarasu wynaj\u0119tego domku w g\u00f3rach\u2026 Ka\u017cde z tych uj\u0119\u0107 mo\u017ce sta\u0107 si\u0119 <\/span><b><span data-contrast=\"auto\">niepowtarzaln\u0105 pami\u0105tk\u0105<\/span><\/b><span data-contrast=\"auto\">, kt\u00f3r\u0105 ogl\u0105da si\u0119 o wiele cz\u0119\u015bciej ni\u017c zdj\u0119cia zapisane w galerii smartfona.<\/span><span data-ccp-props=\"{&quot;335559738&quot;:240,&quot;335559739&quot;:240}\">\u00a0<\/span><\/p>\n<p><span data-contrast=\"auto\">Magnes ze zdj\u0119ciem to r\u00f3wnie\u017c \u015bwietna alternatywa dla typowych pami\u0105tek z wakacji. Zamiast kupowa\u0107 kolejny kubek lub brelok z napisem \u201eI &lt;3 Croatia\u201d, mo\u017cna stworzy\u0107 co\u015b naprawd\u0119 osobistego i dopasowanego do swoich wspomnie\u0144. W dodatku to doskona\u0142y pomys\u0142 na <\/span><a href=\"https:\/\/www.empikfoto.pl\/pomysly-na-prezent\"><b><span data-contrast=\"auto\">upominek dla bliskich<\/span><\/b><\/a><span data-contrast=\"auto\">, np. dziadk\u00f3w, kt\u00f3rzy nie byli z nami w podr\u00f3\u017cy, ale z rado\u015bci\u0105 powiesz\u0105 taki magnes na swojej lod\u00f3wce.<\/span><span data-ccp-props=\"{&quot;335559738&quot;:240,&quot;335559739&quot;:240}\">\u00a0<\/span><\/p>\n<h2 aria-level=\"2\"><span data-contrast=\"auto\">Jak wybra\u0107 idealne zdj\u0119cie?<\/span><span data-ccp-props=\"{&quot;134245418&quot;:false,&quot;134245529&quot;:false,&quot;335559738&quot;:280,&quot;335559739&quot;:120}\">\u00a0<\/span><\/h2>\n<p><span data-contrast=\"auto\">Wyb\u00f3r odpowiedniego zdj\u0119cia to kluczowy etap tworzenia unikalnego magnesu. Magnes ma niewielk\u0105 powierzchni\u0119, wi\u0119c najlepiej sprawdz\u0105 si\u0119 <\/span><b><span data-contrast=\"auto\">fotografie z prost\u0105 kompozycj\u0105 i wyra\u017anym punktem g\u0142\u00f3wnym<\/span><\/b><span data-contrast=\"auto\">. Portrety, uj\u0119cia krajobraz\u00f3w z du\u017c\u0105 ilo\u015bci\u0105 przestrzeni, detale architektury &#8211; to wszystko mo\u017ce prezentowa\u0107 si\u0119 \u015bwietnie na niewielkim formacie.<\/span><span data-ccp-props=\"{&quot;335559738&quot;:240,&quot;335559739&quot;:240}\">\u00a0<\/span><\/p>\n<p><span data-contrast=\"auto\">Warto <\/span><b><span data-contrast=\"auto\">unika\u0107 zdj\u0119\u0107 zawieraj\u0105cych du\u017c\u0105 ilo\u015b\u0107 detali<\/span><\/b><span data-contrast=\"auto\">, kt\u00f3re b\u0119d\u0105 trudne do rozpoznania w ma\u0142ej skali. Dobrze te\u017c wcze\u015bniej wykadrowa\u0107 fotografi\u0119 tak, aby najwa\u017cniejsze elementy znalaz\u0142y si\u0119 w centrum. Aby pokaza\u0107 pe\u0142n\u0105 histori\u0119 z wakacji, mo\u017cna wybra\u0107 kilka zdj\u0119\u0107 i zrobi\u0107 z nich<\/span><b><span data-contrast=\"auto\"> seri\u0119 magnes\u00f3w<\/span><\/b><span data-contrast=\"auto\">. Jeden mo\u017ce pokazywa\u0107 moment z pla\u017cy, drugi wsp\u00f3ln\u0105 kolacj\u0119, a trzeci zach\u00f3d s\u0142o\u0144ca widziany z okna pokoju.<\/span><span data-ccp-props=\"{&quot;335559738&quot;:240,&quot;335559739&quot;:240}\">\u00a0<\/span><\/p>\n<h2 aria-level=\"2\"><span data-contrast=\"auto\">Personalizowany magnes ze zdj\u0119ciem<\/span><span data-ccp-props=\"{&quot;134245418&quot;:true,&quot;134245529&quot;:true,&quot;335559738&quot;:360,&quot;335559739&quot;:120}\">\u00a0<\/span><\/h2>\n<p><span data-contrast=\"auto\">Empik Foto umo\u017cliwia \u0142atw\u0105 i intuicyjn\u0105 <\/span><b><span data-contrast=\"auto\">personalizacj\u0119 magnes\u00f3w<\/span><\/b><span data-contrast=\"auto\">. Po wybraniu zdj\u0119cia mo\u017cna dopasowa\u0107<\/span><b><span data-contrast=\"auto\"> format<\/span><\/b><span data-contrast=\"auto\">, a tak\u017ce zdecydowa\u0107, czy doda\u0107 <\/span><b><span data-contrast=\"auto\">podpis, dat\u0119 lub kr\u00f3tk\u0105 wiadomo\u015b\u0107<\/span><\/b><span data-contrast=\"auto\">. Takie drobne detale potrafi\u0105 doda\u0107 magnesowi wyj\u0105tkowego charakteru: \u201eMajorka 2025\u201d, \u201eRodzinne lato w Bieszczadach\u201d albo po prostu serduszko i imi\u0119.<\/span><span data-ccp-props=\"{&quot;335559738&quot;:240,&quot;335559739&quot;:240}\">\u00a0<\/span><\/p>\n<p><span data-contrast=\"auto\">Dost\u0119pnych jest kilka format\u00f3w magnes\u00f3w: <\/span><a href=\"https:\/\/www.empikfoto.pl\/magnes,twoj-tekst?material-wykonania=guma-magnetyczna&amp;wymiar=9x6\"><b><span data-contrast=\"auto\">klasyczne prostok\u0105tne<\/span><\/b><\/a> oraz<b><span data-contrast=\"auto\"> <a href=\"https:\/\/www.empikfoto.pl\/magnes,twoj-projekt?material-wykonania=guma-magnetyczna&amp;wymiar=6-5x6-5\">kwadratowe<\/a><\/span><\/b><span data-contrast=\"auto\">, dzi\u0119ki kt\u00f3rym mo\u017cna stworzy\u0107 ca\u0142\u0105 kolekcj\u0119 wakacyjnych wspomnie\u0144. W ten spos\u00f3b powstaje <\/span><b><span data-contrast=\"auto\">spersonalizowana galeria<\/span><\/b><span data-contrast=\"auto\">, kt\u00f3r\u0105 wystarczy zawiesi\u0107 na lod\u00f3wce.<\/span><span data-ccp-props=\"{&quot;335559738&quot;:240,&quot;335559739&quot;:240}\">\u00a0<\/span><\/p>\n<p><a href=\"https:\/\/www.empikfoto.pl\/magnesy\"><img loading=\"lazy\" decoding=\"async\" class=\"alignright size-full wp-image-14604\" src=\"https:\/\/www.empikfoto.pl\/blog\/empikfoto\/2025\/08\/magnes-ze-zdjeciem.jpg\" alt=\"gumowe magnesy ze zdj\u0119ciami na lod\u00f3wce\" width=\"1658\" height=\"750\" srcset=\"https:\/\/www.empikfoto.pl\/blog\/empikfoto\/2025\/08\/magnes-ze-zdjeciem.jpg 1658w, https:\/\/www.empikfoto.pl\/blog\/empikfoto\/2025\/08\/magnes-ze-zdjeciem-300x136.jpg 300w, https:\/\/www.empikfoto.pl\/blog\/empikfoto\/2025\/08\/magnes-ze-zdjeciem-1024x463.jpg 1024w, https:\/\/www.empikfoto.pl\/blog\/empikfoto\/2025\/08\/magnes-ze-zdjeciem-768x347.jpg 768w, https:\/\/www.empikfoto.pl\/blog\/empikfoto\/2025\/08\/magnes-ze-zdjeciem-1536x695.jpg 1536w, https:\/\/www.empikfoto.pl\/blog\/empikfoto\/2025\/08\/magnes-ze-zdjeciem-400x181.jpg 400w\" sizes=\"auto, (max-width: 1658px) 100vw, 1658px\" \/><\/a><\/p>\n<h2 aria-level=\"2\"><span data-contrast=\"auto\">Magnesy ze zdj\u0119ciem to wi\u0119cej ni\u017c pami\u0105tka<\/span><span data-ccp-props=\"{&quot;134245418&quot;:false,&quot;134245529&quot;:false,&quot;335559738&quot;:280,&quot;335559739&quot;:120}\">\u00a0<\/span><\/h2>\n<p><span data-contrast=\"auto\">Cho\u0107 magnesy kojarz\u0105 si\u0119 przede wszystkim z funkcj\u0105 ozdobn\u0105, maj\u0105 te\u017c swoje zastosowania praktyczne. Mo\u017cna wykorzysta\u0107 je jako znacznik na tablicy plan\u00f3w, przytrzymywa\u0107 pod nimi <\/span><b><span data-contrast=\"auto\">list\u0119 zakup\u00f3w lub wiadomo\u015bci dla domownik\u00f3w<\/span><\/b><span data-contrast=\"auto\">. Dzi\u0119ki temu staj\u0105 si\u0119 nie tylko sentymentalnym drobiazgiem, ale tak\u017ce funkcjonalnym elementem codzienno\u015bci.<\/span><span data-ccp-props=\"{&quot;335559738&quot;:240,&quot;335559739&quot;:240}\">\u00a0<\/span><\/p>\n<p><span data-contrast=\"auto\">Wiele os\u00f3b tworzy z nich <\/span><b><span data-contrast=\"auto\">kolekcje z ka\u017cdego wyjazdu<\/span><\/b><span data-contrast=\"auto\">, po jednym magnesie z ka\u017cdego roku lub miejsca. To pomys\u0142, kt\u00f3ry z czasem przekszta\u0142ca si\u0119 w barwn\u0105, bardzo osobist\u0105 map\u0119 podr\u00f3\u017cy.<\/span><span data-ccp-props=\"{&quot;335559738&quot;:240,&quot;335559739&quot;:240}\">\u00a0<\/span><\/p>\n<h2 aria-level=\"2\"><span data-contrast=\"auto\">Magnes ze zdj\u0119ciem &#8211; pomys\u0142 na prezent od serca<\/span><span data-ccp-props=\"{&quot;134245418&quot;:true,&quot;134245529&quot;:true,&quot;335559738&quot;:240,&quot;335559739&quot;:240}\">\u00a0<\/span><\/h2>\n<p><span data-contrast=\"auto\">Magnes ze zdj\u0119ciem to tak\u017ce pomys\u0142 na <\/span><b><span data-contrast=\"auto\">idealny prezent<\/span><\/b><span data-contrast=\"auto\">. Sprawdzi si\u0119 jako mi\u0142y <\/span><b><span data-contrast=\"auto\">dodatek do listu, wakacyjnej kartki czy pami\u0105tki dla przyjaci\u00f3\u0142<\/span><\/b><span data-contrast=\"auto\">, z kt\u00f3rymi sp\u0119dzi\u0142e\u015b urlop. Mo\u017ce by\u0107 te\u017c symbolicznym upominkiem dla tych, kt\u00f3rzy nie mogli z Tob\u0105 pojecha\u0107. Zdj\u0119cie u\u015bmiechni\u0119tej rodziny czy wsp\u00f3lnej wyprawy z pewno\u015bci\u0105 wywo\u0142a u\u015bmiech.<\/span><span data-ccp-props=\"{&quot;335559738&quot;:240,&quot;335559739&quot;:240}\">\u00a0<\/span><\/p>\n<p><span data-contrast=\"auto\">Magnesy ze zdj\u0119ciem \u015bwietnie sprawdzaj\u0105 si\u0119 tak\u017ce jako<\/span><b><span data-contrast=\"auto\"> forma<\/span><\/b> <b><span data-contrast=\"auto\">wdzi\u0119czno\u015bci<\/span><\/b><span data-contrast=\"auto\">, np. dla gospodarzy wynaj\u0119tego domku, znajomych, kt\u00f3rzy opiekowali si\u0119 zwierzakiem podczas wyjazdu, czy os\u00f3b, kt\u00f3re pomog\u0142y w organizacji podr\u00f3\u017cy. Spersonalizowana forma takiego drobiazgu zostaje na d\u0142u\u017cej ni\u017c zwyk\u0142e \u201edzi\u0119kuj\u0119\u201d.<\/span><span data-ccp-props=\"{&quot;335559738&quot;:240,&quot;335559739&quot;:240}\">\u00a0<\/span><\/p>\n<h2 aria-level=\"2\"><span data-contrast=\"auto\">Jak zam\u00f3wi\u0107 magnes w Empik Foto?<\/span><span data-ccp-props=\"{&quot;134245418&quot;:false,&quot;134245529&quot;:false,&quot;335559738&quot;:280,&quot;335559739&quot;:120}\">\u00a0<\/span><\/h2>\n<p><span data-contrast=\"auto\">Proces tworzenia magnesu ze zdj\u0119ciem w <a href=\"https:\/\/www.empikfoto.pl\/\"><strong>Empik Foto<\/strong><\/a> jest niezwykle prosty i intuicyjny. Wystarczy:<\/span><span data-ccp-props=\"{&quot;335559738&quot;:240,&quot;335559739&quot;:240}\">\u00a0<\/span><\/p>\n<ol>\n<li aria-setsize=\"-1\" data-leveltext=\"%1.\" data-font=\"\" data-listid=\"1\" data-list-defn-props=\"{&quot;335552541&quot;:0,&quot;335559685&quot;:720,&quot;335559991&quot;:360,&quot;469769242&quot;:[65533,0],&quot;469777803&quot;:&quot;left&quot;,&quot;469777804&quot;:&quot;%1.&quot;,&quot;469777815&quot;:&quot;multilevel&quot;}\" data-aria-posinset=\"1\" data-aria-level=\"1\"><span data-contrast=\"auto\">Wybra\u0107 format magnesu (np. prostok\u0105tny, kwadratowy) oraz materia\u0142 podstawy (guma magnetyczna, drewno, aluminium).<\/span><\/li>\n<li aria-setsize=\"-1\" data-leveltext=\"%1.\" data-font=\"\" data-listid=\"1\" data-list-defn-props=\"{&quot;335552541&quot;:0,&quot;335559685&quot;:720,&quot;335559991&quot;:360,&quot;469769242&quot;:[65533,0],&quot;469777803&quot;:&quot;left&quot;,&quot;469777804&quot;:&quot;%1.&quot;,&quot;469777815&quot;:&quot;multilevel&quot;}\" data-aria-posinset=\"1\" data-aria-level=\"1\"><span data-contrast=\"auto\">Doda\u0107 w\u0142asne zdj\u0119cie z dysku lub telefonu.<\/span><span data-ccp-props=\"{}\">\u00a0<\/span><\/li>\n<li aria-setsize=\"-1\" data-leveltext=\"%1.\" data-font=\"\" data-listid=\"1\" data-list-defn-props=\"{&quot;335552541&quot;:0,&quot;335559685&quot;:720,&quot;335559991&quot;:360,&quot;469769242&quot;:[65533,0],&quot;469777803&quot;:&quot;left&quot;,&quot;469777804&quot;:&quot;%1.&quot;,&quot;469777815&quot;:&quot;multilevel&quot;}\" data-aria-posinset=\"1\" data-aria-level=\"1\"><span data-contrast=\"auto\">Doda\u0107 napis lub dat\u0119.<\/span><span data-ccp-props=\"{}\">\u00a0<\/span><\/li>\n<li aria-setsize=\"-1\" data-leveltext=\"%1.\" data-font=\"\" data-listid=\"1\" data-list-defn-props=\"{&quot;335552541&quot;:0,&quot;335559685&quot;:720,&quot;335559991&quot;:360,&quot;469769242&quot;:[65533,0],&quot;469777803&quot;:&quot;left&quot;,&quot;469777804&quot;:&quot;%1.&quot;,&quot;469777815&quot;:&quot;multilevel&quot;}\" data-aria-posinset=\"1\" data-aria-level=\"1\"><span data-contrast=\"auto\">Zatwierdzi\u0107 projekt i z\u0142o\u017cy\u0107 zam\u00f3wienie.<\/span><span data-ccp-props=\"{&quot;335559739&quot;:240}\">\u00a0<\/span><\/li>\n<\/ol>\n<p><span data-contrast=\"auto\">Gotowe magnesy s\u0105 drukowane na <\/span><b><span data-contrast=\"auto\">wysokiej jako\u015bci materia\u0142ach<\/span><\/b><span data-contrast=\"auto\">, co gwarantuje ich trwa\u0142o\u015b\u0107. <\/span><b><span data-contrast=\"auto\">Nie odkszta\u0142caj\u0105 si\u0119, nie blakn\u0105 i \u015bwietnie trzymaj\u0105 si\u0119 metalowych powierzchni.<\/span><\/b><span data-ccp-props=\"{&quot;335559738&quot;:240,&quot;335559739&quot;:240}\">\u00a0<\/span><\/p>\n<p><span data-contrast=\"auto\">Magnes ze zdj\u0119ciem to drobna rzecz o wielkiej warto\u015bci. Pomaga <\/span><b><span data-contrast=\"auto\">zatrzyma\u0107 wakacyjne wspomnienia na d\u0142u\u017cej,<\/span><\/b><span data-contrast=\"auto\"> ozdabia codzienno\u015b\u0107 i przypomina o tym, co naprawd\u0119 wa\u017cne. To tak\u017ce prosty spos\u00f3b na osobisty prezent i tworzenie<\/span><b><span data-contrast=\"auto\"> w\u0142asnej kolekcji pami\u0105tek<\/span><\/b><span data-contrast=\"auto\">, kt\u00f3ra z ka\u017cdym rokiem zyskuje nowy element. Je\u015bli w telefonie czeka ulubione wakacyjne zdj\u0119cie &#8211; to idealny moment, by je wykorzysta\u0107.<\/span><span data-ccp-props=\"{&quot;335559738&quot;:240,&quot;335559739&quot;:240}\">\u00a0<\/span><\/p>\n<p><b><span data-contrast=\"auto\">Zaprojektuj sw\u00f3j magnes i spraw, by wakacyjne wspomnienia towarzyszy\u0142y Ci na co dzie\u0144!<\/span><\/b><span data-ccp-props=\"{&quot;335559738&quot;:240,&quot;335559739&quot;:240}\">\u00a0<\/span><\/p>\n\n\n<p><\/p>\n","protected":false},"excerpt":{"rendered":"<p>Wakacyjne wspomnienia maj\u0105 wyj\u0105tkow\u0105 warto\u015b\u0107! To czas relaksu, rado\u015bci, przyg\u00f3d, zachwyt\u00f3w i chwil sp\u0119dzonych z bliskimi. Zdj\u0119cia z podr\u00f3\u017cy potrafi\u0105 b\u0142yskawicznie przywo\u0142a\u0107 emocje i przypomnie\u0107 smak lod\u00f3w nad morzem, zapach g\u00f3rskiego powietrza czy zachody s\u0142o\u0144ca nad jeziorem. Zamiast trzyma\u0107 je wy\u0142\u0105cznie w pami\u0119ci telefonu, warto przenie\u015b\u0107 je na przedmioty, kt\u00f3re codziennie towarzysz\u0105 nam w domowej przestrzeni. Jednym z najprostszych i najbardziej efektownych rozwi\u0105za\u0144 jest magnes ze zdj\u0119ciem. Sprawd\u017a, jak stworzy\u0107 sw\u00f3j w\u0142asny pami\u0105tkowy magnes ze zdj\u0119ciem z wakacji!\u00a0 Dlaczego warto stworzy\u0107 magnes ze zdj\u0119ciem?\u00a0 Cho\u0107 niewielkie, magnesy maj\u0105 swoje sta\u0142e miejsce w domowej przestrzeni, najcz\u0119\u015bciej na lod\u00f3wce, ale te\u017c na tablicach magnetycznych czy innych metalowych powierzchniach. Opr\u00f3cz funkcji praktycznej, jak przytrzymywanie kartek z notatkami, coraz cz\u0119\u015bciej staj\u0105 si\u0119 osobist\u0105 galeri\u0105 wspomnie\u0144. Zdj\u0119cie z rodzinnego wyjazdu, spontaniczne selfie z przyjaci\u00f3\u0142mi nad morzem czy widok z tarasu wynaj\u0119tego domku w g\u00f3rach\u2026 Ka\u017cde z tych uj\u0119\u0107 mo\u017ce sta\u0107 si\u0119 niepowtarzaln\u0105 pami\u0105tk\u0105, kt\u00f3r\u0105 ogl\u0105da si\u0119 o wiele cz\u0119\u015bciej ni\u017c zdj\u0119cia zapisane w galerii smartfona.\u00a0 Magnes ze zdj\u0119ciem to r\u00f3wnie\u017c \u015bwietna alternatywa dla typowych pami\u0105tek z wakacji. Zamiast kupowa\u0107 kolejny kubek lub brelok z napisem \u201eI &lt;3 Croatia\u201d, mo\u017cna stworzy\u0107 co\u015b naprawd\u0119 osobistego i dopasowanego do swoich wspomnie\u0144. W dodatku to doskona\u0142y pomys\u0142 na upominek dla bliskich, np. dziadk\u00f3w, kt\u00f3rzy nie byli z nami w podr\u00f3\u017cy, ale z rado\u015bci\u0105 powiesz\u0105 taki magnes na swojej lod\u00f3wce.\u00a0 Jak wybra\u0107 idealne zdj\u0119cie?\u00a0 Wyb\u00f3r odpowiedniego zdj\u0119cia to kluczowy etap tworzenia unikalnego magnesu. Magnes ma niewielk\u0105 powierzchni\u0119, wi\u0119c najlepiej sprawdz\u0105 si\u0119 fotografie z prost\u0105 kompozycj\u0105 i wyra\u017anym punktem g\u0142\u00f3wnym. Portrety, uj\u0119cia krajobraz\u00f3w z du\u017c\u0105 ilo\u015bci\u0105 przestrzeni, detale architektury &#8211; to wszystko mo\u017ce prezentowa\u0107 si\u0119 \u015bwietnie na niewielkim formacie.\u00a0 Warto unika\u0107 zdj\u0119\u0107 zawieraj\u0105cych du\u017c\u0105 ilo\u015b\u0107 detali, kt\u00f3re b\u0119d\u0105 trudne do rozpoznania w ma\u0142ej skali. Dobrze te\u017c wcze\u015bniej wykadrowa\u0107 fotografi\u0119 tak, aby najwa\u017cniejsze elementy znalaz\u0142y si\u0119 w centrum. Aby pokaza\u0107 pe\u0142n\u0105 histori\u0119 z wakacji, mo\u017cna wybra\u0107 kilka zdj\u0119\u0107 i zrobi\u0107 z nich seri\u0119 magnes\u00f3w. Jeden mo\u017ce pokazywa\u0107 moment z pla\u017cy, drugi wsp\u00f3ln\u0105 kolacj\u0119, a trzeci zach\u00f3d s\u0142o\u0144ca widziany z okna pokoju.\u00a0 Personalizowany magnes ze zdj\u0119ciem\u00a0 Empik Foto umo\u017cliwia \u0142atw\u0105 i intuicyjn\u0105 personalizacj\u0119 magnes\u00f3w. Po wybraniu zdj\u0119cia mo\u017cna dopasowa\u0107 format, a tak\u017ce zdecydowa\u0107, czy doda\u0107 podpis, dat\u0119 lub kr\u00f3tk\u0105 wiadomo\u015b\u0107. Takie drobne detale potrafi\u0105 doda\u0107 magnesowi wyj\u0105tkowego charakteru: \u201eMajorka 2025\u201d, \u201eRodzinne lato w Bieszczadach\u201d albo po prostu serduszko i imi\u0119.\u00a0 Dost\u0119pnych jest kilka format\u00f3w magnes\u00f3w: klasyczne prostok\u0105tne oraz kwadratowe, dzi\u0119ki kt\u00f3rym mo\u017cna stworzy\u0107 ca\u0142\u0105 kolekcj\u0119 wakacyjnych wspomnie\u0144. W ten spos\u00f3b powstaje spersonalizowana galeria, kt\u00f3r\u0105 wystarczy zawiesi\u0107 na lod\u00f3wce.\u00a0 Magnesy ze zdj\u0119ciem to wi\u0119cej ni\u017c pami\u0105tka\u00a0 Cho\u0107 magnesy kojarz\u0105 si\u0119 przede wszystkim z funkcj\u0105 ozdobn\u0105, maj\u0105 te\u017c swoje zastosowania praktyczne. Mo\u017cna wykorzysta\u0107 je jako znacznik na tablicy plan\u00f3w, przytrzymywa\u0107 pod nimi list\u0119 zakup\u00f3w lub wiadomo\u015bci dla domownik\u00f3w. Dzi\u0119ki temu staj\u0105 si\u0119 nie tylko sentymentalnym drobiazgiem, ale tak\u017ce funkcjonalnym elementem codzienno\u015bci.\u00a0 Wiele os\u00f3b tworzy z nich kolekcje z ka\u017cdego wyjazdu, po jednym magnesie z ka\u017cdego roku lub miejsca. To pomys\u0142, kt\u00f3ry z czasem przekszta\u0142ca si\u0119 w barwn\u0105, bardzo osobist\u0105 map\u0119 podr\u00f3\u017cy.\u00a0 Magnes ze zdj\u0119ciem &#8211; pomys\u0142 na prezent od serca\u00a0 Magnes ze zdj\u0119ciem to tak\u017ce pomys\u0142 na idealny prezent. Sprawdzi si\u0119 jako mi\u0142y dodatek do listu, wakacyjnej kartki czy pami\u0105tki dla przyjaci\u00f3\u0142, z kt\u00f3rymi sp\u0119dzi\u0142e\u015b urlop. Mo\u017ce by\u0107 te\u017c symbolicznym upominkiem dla tych, kt\u00f3rzy nie mogli z Tob\u0105 pojecha\u0107. Zdj\u0119cie u\u015bmiechni\u0119tej rodziny czy wsp\u00f3lnej wyprawy z pewno\u015bci\u0105 wywo\u0142a u\u015bmiech.\u00a0 Magnesy ze zdj\u0119ciem \u015bwietnie sprawdzaj\u0105 si\u0119 tak\u017ce jako forma wdzi\u0119czno\u015bci, np. dla gospodarzy wynaj\u0119tego domku, znajomych, kt\u00f3rzy opiekowali si\u0119 zwierzakiem podczas wyjazdu, czy os\u00f3b, kt\u00f3re pomog\u0142y w organizacji podr\u00f3\u017cy. Spersonalizowana forma takiego drobiazgu zostaje na d\u0142u\u017cej ni\u017c zwyk\u0142e \u201edzi\u0119kuj\u0119\u201d.\u00a0 Jak zam\u00f3wi\u0107 magnes w Empik Foto?\u00a0 Proces tworzenia magnesu ze zdj\u0119ciem w Empik Foto jest niezwykle prosty i intuicyjny. Wystarczy:\u00a0 Wybra\u0107 format magnesu (np. prostok\u0105tny, kwadratowy) oraz materia\u0142 podstawy (guma magnetyczna, drewno, aluminium). Doda\u0107 w\u0142asne zdj\u0119cie z dysku lub telefonu.\u00a0 Doda\u0107 napis lub dat\u0119.\u00a0 Zatwierdzi\u0107 projekt i z\u0142o\u017cy\u0107 zam\u00f3wienie.\u00a0 Gotowe magnesy s\u0105 drukowane na wysokiej jako\u015bci materia\u0142ach, co gwarantuje ich trwa\u0142o\u015b\u0107. Nie odkszta\u0142caj\u0105 si\u0119, nie blakn\u0105 i \u015bwietnie trzymaj\u0105 si\u0119 metalowych powierzchni.\u00a0 Magnes ze zdj\u0119ciem to drobna rzecz o wielkiej warto\u015bci. Pomaga zatrzyma\u0107 wakacyjne wspomnienia na d\u0142u\u017cej, ozdabia codzienno\u015b\u0107 i przypomina o tym, co naprawd\u0119 wa\u017cne. To tak\u017ce prosty spos\u00f3b na osobisty prezent i tworzenie w\u0142asnej kolekcji pami\u0105tek, kt\u00f3ra z ka\u017cdym rokiem zyskuje nowy element. Je\u015bli w telefonie czeka ulubione wakacyjne zdj\u0119cie &#8211; to idealny moment, by je wykorzysta\u0107.\u00a0 Zaprojektuj sw\u00f3j magnes i spraw, by wakacyjne wspomnienia towarzyszy\u0142y Ci na co dzie\u0144!\u00a0<\/p>\n","protected":false},"author":24,"featured_media":14603,"comment_status":"closed","ping_status":"closed","sticky":false,"template":"","format":"standard","meta":{"footnotes":""},"categories":[783],"tags":[1184,1109],"class_list":["post-14600","post","type-post","status-publish","format-standard","has-post-thumbnail","hentry","category-poradniki","tag-magnes","tag-wakacje"],"yoast_head":"<!-- This site is optimized with the Yoast SEO plugin v27.5 - https:\/\/yoast.com\/product\/yoast-seo-wordpress\/ -->\n<title>Magnes ze zdj\u0119ciem - stw\u00f3rz pami\u0105tk\u0119 z wakacji! | Empik Foto<\/title>\n<meta name=\"description\" content=\"Szukasz oryginalnej pami\u0105tki z wyjazdu? Zaprojektuj w\u0142asny, wyj\u0105tkowy magnes ze zdj\u0119ciem z podr\u00f3\u017cy! Ulubiony widok, a mo\u017ce rodzinne zdj\u0119cie?\" \/>\n<meta name=\"robots\" content=\"index, follow, max-snippet:-1, max-image-preview:large, max-video-preview:-1\" \/>\n<link rel=\"canonical\" href=\"https:\/\/www.empikfoto.pl\/blog\/magnes-ze-zdjeciem-jak-stworzyc-unikalna-pamiatke-z-wakacji\/\" \/>\n<meta property=\"og:locale\" content=\"pl_PL\" \/>\n<meta property=\"og:type\" content=\"article\" \/>\n<meta property=\"og:title\" content=\"Magnes ze zdj\u0119ciem - stw\u00f3rz pami\u0105tk\u0119 z wakacji! | Empik Foto\" \/>\n<meta property=\"og:description\" content=\"Szukasz oryginalnej pami\u0105tki z wyjazdu? Zaprojektuj w\u0142asny, wyj\u0105tkowy magnes ze zdj\u0119ciem z podr\u00f3\u017cy! Ulubiony widok, a mo\u017ce rodzinne zdj\u0119cie?\" \/>\n<meta property=\"og:url\" content=\"https:\/\/www.empikfoto.pl\/blog\/magnes-ze-zdjeciem-jak-stworzyc-unikalna-pamiatke-z-wakacji\/\" \/>\n<meta property=\"og:site_name\" content=\"blog.empikfoto.pl\" \/>\n<meta property=\"article:publisher\" content=\"https:\/\/www.facebook.com\/empikfotopl\/\" \/>\n<meta property=\"article:published_time\" content=\"2025-08-07T13:29:04+00:00\" \/>\n<meta property=\"article:modified_time\" content=\"2025-09-17T08:21:37+00:00\" \/>\n<meta property=\"og:image\" content=\"https:\/\/www.empikfoto.pl\/blog\/empikfoto\/2025\/08\/magnesy-ze-zdjeciem.jpg\" \/>\n\t<meta property=\"og:image:width\" content=\"1189\" \/>\n\t<meta property=\"og:image:height\" content=\"750\" \/>\n\t<meta property=\"og:image:type\" content=\"image\/jpeg\" \/>\n<meta name=\"author\" content=\"Magdalena\" \/>\n<meta name=\"twitter:card\" content=\"summary_large_image\" \/>\n<meta name=\"twitter:creator\" content=\"@empikfoto\" \/>\n<meta name=\"twitter:site\" content=\"@empikfoto\" \/>\n<meta name=\"twitter:label1\" content=\"Napisane przez\" \/>\n\t<meta name=\"twitter:data1\" content=\"Magdalena\" \/>\n\t<meta name=\"twitter:label2\" content=\"Szacowany czas czytania\" \/>\n\t<meta name=\"twitter:data2\" content=\"5 minut\" \/>\n<script type=\"application\/ld+json\" class=\"yoast-schema-graph\">{\"@context\":\"https:\\\/\\\/schema.org\",\"@graph\":[{\"@type\":\"Article\",\"@id\":\"https:\\\/\\\/www.empikfoto.pl\\\/blog\\\/magnes-ze-zdjeciem-jak-stworzyc-unikalna-pamiatke-z-wakacji\\\/#article\",\"isPartOf\":{\"@id\":\"https:\\\/\\\/www.empikfoto.pl\\\/blog\\\/magnes-ze-zdjeciem-jak-stworzyc-unikalna-pamiatke-z-wakacji\\\/\"},\"author\":{\"name\":\"Magdalena\",\"@id\":\"https:\\\/\\\/www.empikfoto.pl\\\/blog\\\/#\\\/schema\\\/person\\\/f394adde230a2c78b1d5840ec66c5f5d\"},\"headline\":\"Magnes ze zdj\u0119ciem &#8211; jak stworzy\u0107 unikaln\u0105 pami\u0105tk\u0119 z wakacji?\",\"datePublished\":\"2025-08-07T13:29:04+00:00\",\"dateModified\":\"2025-09-17T08:21:37+00:00\",\"mainEntityOfPage\":{\"@id\":\"https:\\\/\\\/www.empikfoto.pl\\\/blog\\\/magnes-ze-zdjeciem-jak-stworzyc-unikalna-pamiatke-z-wakacji\\\/\"},\"wordCount\":904,\"image\":{\"@id\":\"https:\\\/\\\/www.empikfoto.pl\\\/blog\\\/magnes-ze-zdjeciem-jak-stworzyc-unikalna-pamiatke-z-wakacji\\\/#primaryimage\"},\"thumbnailUrl\":\"https:\\\/\\\/www.empikfoto.pl\\\/blog\\\/empikfoto\\\/2025\\\/08\\\/magnesy-ze-zdjeciem.jpg\",\"keywords\":[\"magnes\",\"wakacje\"],\"articleSection\":[\"PORADNIKI\"],\"inLanguage\":\"pl-PL\"},{\"@type\":\"WebPage\",\"@id\":\"https:\\\/\\\/www.empikfoto.pl\\\/blog\\\/magnes-ze-zdjeciem-jak-stworzyc-unikalna-pamiatke-z-wakacji\\\/\",\"url\":\"https:\\\/\\\/www.empikfoto.pl\\\/blog\\\/magnes-ze-zdjeciem-jak-stworzyc-unikalna-pamiatke-z-wakacji\\\/\",\"name\":\"Magnes ze zdj\u0119ciem - stw\u00f3rz pami\u0105tk\u0119 z wakacji! | Empik Foto\",\"isPartOf\":{\"@id\":\"https:\\\/\\\/www.empikfoto.pl\\\/blog\\\/#website\"},\"primaryImageOfPage\":{\"@id\":\"https:\\\/\\\/www.empikfoto.pl\\\/blog\\\/magnes-ze-zdjeciem-jak-stworzyc-unikalna-pamiatke-z-wakacji\\\/#primaryimage\"},\"image\":{\"@id\":\"https:\\\/\\\/www.empikfoto.pl\\\/blog\\\/magnes-ze-zdjeciem-jak-stworzyc-unikalna-pamiatke-z-wakacji\\\/#primaryimage\"},\"thumbnailUrl\":\"https:\\\/\\\/www.empikfoto.pl\\\/blog\\\/empikfoto\\\/2025\\\/08\\\/magnesy-ze-zdjeciem.jpg\",\"datePublished\":\"2025-08-07T13:29:04+00:00\",\"dateModified\":\"2025-09-17T08:21:37+00:00\",\"author\":{\"@id\":\"https:\\\/\\\/www.empikfoto.pl\\\/blog\\\/#\\\/schema\\\/person\\\/f394adde230a2c78b1d5840ec66c5f5d\"},\"description\":\"Szukasz oryginalnej pami\u0105tki z wyjazdu? Zaprojektuj w\u0142asny, wyj\u0105tkowy magnes ze zdj\u0119ciem z podr\u00f3\u017cy! Ulubiony widok, a mo\u017ce rodzinne zdj\u0119cie?\",\"breadcrumb\":{\"@id\":\"https:\\\/\\\/www.empikfoto.pl\\\/blog\\\/magnes-ze-zdjeciem-jak-stworzyc-unikalna-pamiatke-z-wakacji\\\/#breadcrumb\"},\"inLanguage\":\"pl-PL\",\"potentialAction\":[{\"@type\":\"ReadAction\",\"target\":[\"https:\\\/\\\/www.empikfoto.pl\\\/blog\\\/magnes-ze-zdjeciem-jak-stworzyc-unikalna-pamiatke-z-wakacji\\\/\"]}]},{\"@type\":\"ImageObject\",\"inLanguage\":\"pl-PL\",\"@id\":\"https:\\\/\\\/www.empikfoto.pl\\\/blog\\\/magnes-ze-zdjeciem-jak-stworzyc-unikalna-pamiatke-z-wakacji\\\/#primaryimage\",\"url\":\"https:\\\/\\\/www.empikfoto.pl\\\/blog\\\/empikfoto\\\/2025\\\/08\\\/magnesy-ze-zdjeciem.jpg\",\"contentUrl\":\"https:\\\/\\\/www.empikfoto.pl\\\/blog\\\/empikfoto\\\/2025\\\/08\\\/magnesy-ze-zdjeciem.jpg\",\"width\":1189,\"height\":750,\"caption\":\"magnes ze zdj\u0119ciem z wakacji\"},{\"@type\":\"BreadcrumbList\",\"@id\":\"https:\\\/\\\/www.empikfoto.pl\\\/blog\\\/magnes-ze-zdjeciem-jak-stworzyc-unikalna-pamiatke-z-wakacji\\\/#breadcrumb\",\"itemListElement\":[{\"@type\":\"ListItem\",\"position\":1,\"name\":\"Strona g\u0142\u00f3wna\",\"item\":\"https:\\\/\\\/www.empikfoto.pl\\\/blog\\\/\"},{\"@type\":\"ListItem\",\"position\":2,\"name\":\"Magnes ze zdj\u0119ciem &#8211; jak stworzy\u0107 unikaln\u0105 pami\u0105tk\u0119 z wakacji?\"}]},{\"@type\":\"WebSite\",\"@id\":\"https:\\\/\\\/www.empikfoto.pl\\\/blog\\\/#website\",\"url\":\"https:\\\/\\\/www.empikfoto.pl\\\/blog\\\/\",\"name\":\"blog.empikfoto.pl\",\"description\":\"Poznaj empikfoto.pl od \u015brodka! Dowiedz si\u0119 wi\u0119cej o odbitkach, fotoksi\u0105\u017ckach i fotografii.\",\"potentialAction\":[{\"@type\":\"SearchAction\",\"target\":{\"@type\":\"EntryPoint\",\"urlTemplate\":\"https:\\\/\\\/www.empikfoto.pl\\\/blog\\\/?s={search_term_string}\"},\"query-input\":{\"@type\":\"PropertyValueSpecification\",\"valueRequired\":true,\"valueName\":\"search_term_string\"}}],\"inLanguage\":\"pl-PL\"},{\"@type\":\"Person\",\"@id\":\"https:\\\/\\\/www.empikfoto.pl\\\/blog\\\/#\\\/schema\\\/person\\\/f394adde230a2c78b1d5840ec66c5f5d\",\"name\":\"Magdalena\",\"image\":{\"@type\":\"ImageObject\",\"inLanguage\":\"pl-PL\",\"@id\":\"https:\\\/\\\/secure.gravatar.com\\\/avatar\\\/874b117191fd73f8cc0be164b43f75724363784b2c9d57127c4a7b73181b9ea3?s=96&d=identicon&r=g\",\"url\":\"https:\\\/\\\/secure.gravatar.com\\\/avatar\\\/874b117191fd73f8cc0be164b43f75724363784b2c9d57127c4a7b73181b9ea3?s=96&d=identicon&r=g\",\"contentUrl\":\"https:\\\/\\\/secure.gravatar.com\\\/avatar\\\/874b117191fd73f8cc0be164b43f75724363784b2c9d57127c4a7b73181b9ea3?s=96&d=identicon&r=g\",\"caption\":\"Magdalena\"},\"url\":\"https:\\\/\\\/www.empikfoto.pl\\\/blog\\\/author\\\/magda-em\\\/\"}]}<\/script>\n<!-- \/ Yoast SEO plugin. -->","yoast_head_json":{"title":"Magnes ze zdj\u0119ciem - stw\u00f3rz pami\u0105tk\u0119 z wakacji! | Empik Foto","description":"Szukasz oryginalnej pami\u0105tki z wyjazdu? Zaprojektuj w\u0142asny, wyj\u0105tkowy magnes ze zdj\u0119ciem z podr\u00f3\u017cy! Ulubiony widok, a mo\u017ce rodzinne zdj\u0119cie?","robots":{"index":"index","follow":"follow","max-snippet":"max-snippet:-1","max-image-preview":"max-image-preview:large","max-video-preview":"max-video-preview:-1"},"canonical":"https:\/\/www.empikfoto.pl\/blog\/magnes-ze-zdjeciem-jak-stworzyc-unikalna-pamiatke-z-wakacji\/","og_locale":"pl_PL","og_type":"article","og_title":"Magnes ze zdj\u0119ciem - stw\u00f3rz pami\u0105tk\u0119 z wakacji! | Empik Foto","og_description":"Szukasz oryginalnej pami\u0105tki z wyjazdu? Zaprojektuj w\u0142asny, wyj\u0105tkowy magnes ze zdj\u0119ciem z podr\u00f3\u017cy! Ulubiony widok, a mo\u017ce rodzinne zdj\u0119cie?","og_url":"https:\/\/www.empikfoto.pl\/blog\/magnes-ze-zdjeciem-jak-stworzyc-unikalna-pamiatke-z-wakacji\/","og_site_name":"blog.empikfoto.pl","article_publisher":"https:\/\/www.facebook.com\/empikfotopl\/","article_published_time":"2025-08-07T13:29:04+00:00","article_modified_time":"2025-09-17T08:21:37+00:00","og_image":[{"width":1189,"height":750,"url":"https:\/\/www.empikfoto.pl\/blog\/empikfoto\/2025\/08\/magnesy-ze-zdjeciem.jpg","type":"image\/jpeg"}],"author":"Magdalena","twitter_card":"summary_large_image","twitter_creator":"@empikfoto","twitter_site":"@empikfoto","twitter_misc":{"Napisane przez":"Magdalena","Szacowany czas czytania":"5 minut"},"schema":{"@context":"https:\/\/schema.org","@graph":[{"@type":"Article","@id":"https:\/\/www.empikfoto.pl\/blog\/magnes-ze-zdjeciem-jak-stworzyc-unikalna-pamiatke-z-wakacji\/#article","isPartOf":{"@id":"https:\/\/www.empikfoto.pl\/blog\/magnes-ze-zdjeciem-jak-stworzyc-unikalna-pamiatke-z-wakacji\/"},"author":{"name":"Magdalena","@id":"https:\/\/www.empikfoto.pl\/blog\/#\/schema\/person\/f394adde230a2c78b1d5840ec66c5f5d"},"headline":"Magnes ze zdj\u0119ciem &#8211; jak stworzy\u0107 unikaln\u0105 pami\u0105tk\u0119 z wakacji?","datePublished":"2025-08-07T13:29:04+00:00","dateModified":"2025-09-17T08:21:37+00:00","mainEntityOfPage":{"@id":"https:\/\/www.empikfoto.pl\/blog\/magnes-ze-zdjeciem-jak-stworzyc-unikalna-pamiatke-z-wakacji\/"},"wordCount":904,"image":{"@id":"https:\/\/www.empikfoto.pl\/blog\/magnes-ze-zdjeciem-jak-stworzyc-unikalna-pamiatke-z-wakacji\/#primaryimage"},"thumbnailUrl":"https:\/\/www.empikfoto.pl\/blog\/empikfoto\/2025\/08\/magnesy-ze-zdjeciem.jpg","keywords":["magnes","wakacje"],"articleSection":["PORADNIKI"],"inLanguage":"pl-PL"},{"@type":"WebPage","@id":"https:\/\/www.empikfoto.pl\/blog\/magnes-ze-zdjeciem-jak-stworzyc-unikalna-pamiatke-z-wakacji\/","url":"https:\/\/www.empikfoto.pl\/blog\/magnes-ze-zdjeciem-jak-stworzyc-unikalna-pamiatke-z-wakacji\/","name":"Magnes ze zdj\u0119ciem - stw\u00f3rz pami\u0105tk\u0119 z wakacji! | Empik Foto","isPartOf":{"@id":"https:\/\/www.empikfoto.pl\/blog\/#website"},"primaryImageOfPage":{"@id":"https:\/\/www.empikfoto.pl\/blog\/magnes-ze-zdjeciem-jak-stworzyc-unikalna-pamiatke-z-wakacji\/#primaryimage"},"image":{"@id":"https:\/\/www.empikfoto.pl\/blog\/magnes-ze-zdjeciem-jak-stworzyc-unikalna-pamiatke-z-wakacji\/#primaryimage"},"thumbnailUrl":"https:\/\/www.empikfoto.pl\/blog\/empikfoto\/2025\/08\/magnesy-ze-zdjeciem.jpg","datePublished":"2025-08-07T13:29:04+00:00","dateModified":"2025-09-17T08:21:37+00:00","author":{"@id":"https:\/\/www.empikfoto.pl\/blog\/#\/schema\/person\/f394adde230a2c78b1d5840ec66c5f5d"},"description":"Szukasz oryginalnej pami\u0105tki z wyjazdu? Zaprojektuj w\u0142asny, wyj\u0105tkowy magnes ze zdj\u0119ciem z podr\u00f3\u017cy! Ulubiony widok, a mo\u017ce rodzinne zdj\u0119cie?","breadcrumb":{"@id":"https:\/\/www.empikfoto.pl\/blog\/magnes-ze-zdjeciem-jak-stworzyc-unikalna-pamiatke-z-wakacji\/#breadcrumb"},"inLanguage":"pl-PL","potentialAction":[{"@type":"ReadAction","target":["https:\/\/www.empikfoto.pl\/blog\/magnes-ze-zdjeciem-jak-stworzyc-unikalna-pamiatke-z-wakacji\/"]}]},{"@type":"ImageObject","inLanguage":"pl-PL","@id":"https:\/\/www.empikfoto.pl\/blog\/magnes-ze-zdjeciem-jak-stworzyc-unikalna-pamiatke-z-wakacji\/#primaryimage","url":"https:\/\/www.empikfoto.pl\/blog\/empikfoto\/2025\/08\/magnesy-ze-zdjeciem.jpg","contentUrl":"https:\/\/www.empikfoto.pl\/blog\/empikfoto\/2025\/08\/magnesy-ze-zdjeciem.jpg","width":1189,"height":750,"caption":"magnes ze zdj\u0119ciem z wakacji"},{"@type":"BreadcrumbList","@id":"https:\/\/www.empikfoto.pl\/blog\/magnes-ze-zdjeciem-jak-stworzyc-unikalna-pamiatke-z-wakacji\/#breadcrumb","itemListElement":[{"@type":"ListItem","position":1,"name":"Strona g\u0142\u00f3wna","item":"https:\/\/www.empikfoto.pl\/blog\/"},{"@type":"ListItem","position":2,"name":"Magnes ze zdj\u0119ciem &#8211; jak stworzy\u0107 unikaln\u0105 pami\u0105tk\u0119 z wakacji?"}]},{"@type":"WebSite","@id":"https:\/\/www.empikfoto.pl\/blog\/#website","url":"https:\/\/www.empikfoto.pl\/blog\/","name":"blog.empikfoto.pl","description":"Poznaj empikfoto.pl od \u015brodka! Dowiedz si\u0119 wi\u0119cej o odbitkach, fotoksi\u0105\u017ckach i fotografii.","potentialAction":[{"@type":"SearchAction","target":{"@type":"EntryPoint","urlTemplate":"https:\/\/www.empikfoto.pl\/blog\/?s={search_term_string}"},"query-input":{"@type":"PropertyValueSpecification","valueRequired":true,"valueName":"search_term_string"}}],"inLanguage":"pl-PL"},{"@type":"Person","@id":"https:\/\/www.empikfoto.pl\/blog\/#\/schema\/person\/f394adde230a2c78b1d5840ec66c5f5d","name":"Magdalena","image":{"@type":"ImageObject","inLanguage":"pl-PL","@id":"https:\/\/secure.gravatar.com\/avatar\/874b117191fd73f8cc0be164b43f75724363784b2c9d57127c4a7b73181b9ea3?s=96&d=identicon&r=g","url":"https:\/\/secure.gravatar.com\/avatar\/874b117191fd73f8cc0be164b43f75724363784b2c9d57127c4a7b73181b9ea3?s=96&d=identicon&r=g","contentUrl":"https:\/\/secure.gravatar.com\/avatar\/874b117191fd73f8cc0be164b43f75724363784b2c9d57127c4a7b73181b9ea3?s=96&d=identicon&r=g","caption":"Magdalena"},"url":"https:\/\/www.empikfoto.pl\/blog\/author\/magda-em\/"}]}},"amp_enabled":true,"_links":{"self":[{"href":"https:\/\/www.empikfoto.pl\/blog\/wp-json\/wp\/v2\/posts\/14600","targetHints":{"allow":["GET"]}}],"collection":[{"href":"https:\/\/www.empikfoto.pl\/blog\/wp-json\/wp\/v2\/posts"}],"about":[{"href":"https:\/\/www.empikfoto.pl\/blog\/wp-json\/wp\/v2\/types\/post"}],"author":[{"embeddable":true,"href":"https:\/\/www.empikfoto.pl\/blog\/wp-json\/wp\/v2\/users\/24"}],"replies":[{"embeddable":true,"href":"https:\/\/www.empikfoto.pl\/blog\/wp-json\/wp\/v2\/comments?post=14600"}],"version-history":[{"count":3,"href":"https:\/\/www.empikfoto.pl\/blog\/wp-json\/wp\/v2\/posts\/14600\/revisions"}],"predecessor-version":[{"id":14605,"href":"https:\/\/www.empikfoto.pl\/blog\/wp-json\/wp\/v2\/posts\/14600\/revisions\/14605"}],"wp:featuredmedia":[{"embeddable":true,"href":"https:\/\/www.empikfoto.pl\/blog\/wp-json\/wp\/v2\/media\/14603"}],"wp:attachment":[{"href":"https:\/\/www.empikfoto.pl\/blog\/wp-json\/wp\/v2\/media?parent=14600"}],"wp:term":[{"taxonomy":"category","embeddable":true,"href":"https:\/\/www.empikfoto.pl\/blog\/wp-json\/wp\/v2\/categories?post=14600"},{"taxonomy":"post_tag","embeddable":true,"href":"https:\/\/www.empikfoto.pl\/blog\/wp-json\/wp\/v2\/tags?post=14600"}],"curies":[{"name":"wp","href":"https:\/\/api.w.org\/{rel}","templated":true}]}}