{"id":14607,"date":"2025-08-12T15:14:38","date_gmt":"2025-08-12T13:14:38","guid":{"rendered":"https:\/\/www.empikfoto.pl\/blog\/?p=14607"},"modified":"2025-08-12T15:14:40","modified_gmt":"2025-08-12T13:14:40","slug":"fotoksiazka-z-podrozy-stworz-wlasna-kolekcje-pamietnikow-z-wakacji","status":"publish","type":"post","link":"https:\/\/www.empikfoto.pl\/blog\/fotoksiazka-z-podrozy-stworz-wlasna-kolekcje-pamietnikow-z-wakacji\/","title":{"rendered":"Fotoksi\u0105\u017cka z podr\u00f3\u017cy \u2013 stw\u00f3rz w\u0142asn\u0105 kolekcj\u0119 pami\u0119tnik\u00f3w z wakacji"},"content":{"rendered":"<p><span data-contrast=\"auto\">Z ka\u017cdej podr\u00f3\u017cy przywozimy co\u015b wi\u0119cej ni\u017c zdj\u0119cia i pami\u0105tki. Wracamy ze wspomnieniami, nowymi do\u015bwiadczeniami, \u015bwie\u017cym spojrzeniem, a tak\u017ce cz\u0119sto z decyzjami, kt\u00f3re maj\u0105 wprowadzi\u0107 zmiany w naszym \u017cyciu. Warto zadba\u0107 o to, by te chwile nie rozp\u0142yn\u0119\u0142y si\u0119 w\u015br\u00f3d tysi\u0119cy innych zapisanych na dysku lub w galerii smartfona.<\/span><b><span data-contrast=\"auto\"> Fotoksi\u0105\u017cka z podr\u00f3\u017cy<\/span><\/b><span data-contrast=\"auto\"> to spos\u00f3b na <\/span><b><span data-contrast=\"auto\">zebranie najwa\u017cniejszych moment\u00f3w z wakacji <\/span><\/b><span data-contrast=\"auto\">w jednej, namacalnej formie &#8211; miejscu, gdzie <\/span><b><span data-contrast=\"auto\">fotografie spotykaj\u0105 si\u0119 z notatkami, refleksjami, dat\u0105 albo nazw\u0105 ulicy. <\/span><\/b><span data-contrast=\"auto\">Stw\u00f3rz fotoksi\u0105\u017ck\u0119, kt\u00f3ra stanie si\u0119 Twoim najcenniejszym zbiorem podr\u00f3\u017cniczych historii.<\/span><span data-ccp-props=\"{&quot;335559738&quot;:240,&quot;335559739&quot;:240}\">\u00a0<\/span><\/p>\n<h2 aria-level=\"2\"><span data-contrast=\"auto\">Dlaczego warto stworzy\u0107 fotoksi\u0105\u017ck\u0119 z podr\u00f3\u017cy?<\/span><span data-ccp-props=\"{&quot;134245418&quot;:true,&quot;134245529&quot;:true,&quot;335559738&quot;:360,&quot;335559739&quot;:120}\">\u00a0<\/span><\/h2>\n<p><a href=\"https:\/\/www.empikfoto.pl\/fotoksiazki\/tematy\/wakacje\"><b><span data-contrast=\"auto\">Fotoksi\u0105\u017cka z podr\u00f3\u017cy<\/span><\/b><\/a> <span data-contrast=\"auto\">to nie tylko estetyczna pami\u0105tka, ale przede wszystkim <\/span><b><span data-contrast=\"auto\">spos\u00f3b na uporz\u0105dkowanie wspomnie\u0144 i nadanie im kontekstu<\/span><\/b><span data-contrast=\"auto\">. Pozwala spojrze\u0107 na podr\u00f3\u017c ca\u0142o\u015bciowo i po\u0142\u0105czy\u0107 obrazy z osobistymi refleksjami, datami, nazwami miejsc czy wa\u017cnymi detalami, kt\u00f3re \u0142atwo umykaj\u0105 w cyfrowym chaosie. Dzi\u0119ki fotoksi\u0105\u017cce mo\u017cesz wr\u00f3ci\u0107 do swoich wakacji z now\u0105 perspektyw\u0105, przypominaj\u0105c sobie nie tylko odwiedzone miejsca, ale te\u017c towarzysz\u0105ce im emocje.<\/span><span data-ccp-props=\"{&quot;335559738&quot;:240,&quot;335559739&quot;:240}\">\u00a0<\/span><\/p>\n<p><span data-contrast=\"auto\">Dodatkowo, fotoksi\u0105\u017cka jest wygodna w przechowywaniu i \u0142atwa do udost\u0119pniania bliskim. To trwa\u0142a forma, kt\u00f3ra<\/span><b><span data-contrast=\"auto\"> przetrwa zmieniaj\u0105ce si\u0119 technologie<\/span><\/b><span data-contrast=\"auto\"> i pozostanie <\/span><b><span data-contrast=\"auto\">wyj\u0105tkowym \u015bwiadectwem Twoich podr\u00f3\u017cniczych do\u015bwiadcze\u0144 <\/span><\/b><span data-contrast=\"auto\">na d\u0142ugie lata.<\/span><span data-ccp-props=\"{&quot;335559738&quot;:240,&quot;335559739&quot;:240}\">\u00a0<\/span><\/p>\n<h2 aria-level=\"2\"><span data-contrast=\"auto\">Jak wybra\u0107 zdj\u0119cia do fotoksi\u0105\u017cki?<\/span><span data-ccp-props=\"{&quot;134245418&quot;:true,&quot;134245529&quot;:true,&quot;335559738&quot;:360,&quot;335559739&quot;:120}\">\u00a0<\/span><\/h2>\n<p><b><span data-contrast=\"auto\">Zacznij od przegl\u0105du ca\u0142ego materia\u0142u<\/span><\/b><span data-contrast=\"auto\">, nie tylko tych zdj\u0119\u0107, kt\u00f3re od razu uzna\u0142e\u015b za \u201enajlepsze\u201d. Czasem to nie perfekcyjne kadry, ale <\/span><b><span data-contrast=\"auto\">niepozorne uj\u0119cia<\/span><\/b><span data-contrast=\"auto\"> najlepiej oddaj\u0105 klimat podr\u00f3\u017cy: \u015bniadanie na balkonie, zamglona droga, szyld lokalnej kawiarni czy spontaniczny u\u015bmiech. Szukaj obraz\u00f3w, kt\u00f3re <\/span><b><span data-contrast=\"auto\">przywo\u0142uj\u0105 konkretne chwile i emocje<\/span><\/b><span data-contrast=\"auto\">.<\/span><span data-ccp-props=\"{&quot;335559738&quot;:240,&quot;335559739&quot;:240}\">\u00a0<\/span><\/p>\n<p><b><span data-contrast=\"auto\">Zadbaj o r\u00f3\u017cnorodno\u015b\u0107<\/span><\/b><span data-contrast=\"auto\">. Po\u0142\u0105cz szerokie kadry krajobraz\u00f3w z portretami, detale architektoniczne ze zbli\u017ceniami natury. Dzi\u0119ki temu <\/span><b><span data-contrast=\"auto\">opowie\u015b\u0107 b\u0119dzie pe\u0142niejsza i bardziej dynamiczna<\/span><\/b><span data-contrast=\"auto\">. Je\u015bli masz ochot\u0119, <\/span><b><span data-contrast=\"auto\">dodaj podpisy<\/span><\/b><span data-contrast=\"auto\">: jedno zdanie, my\u015bl, cytat, fragment piosenki albo po prostu nazw\u0119 miejsca. Niekiedy jedno s\u0142owo wystarczy, by przywo\u0142a\u0107 w pami\u0119ci ca\u0142y dzie\u0144.<\/span><span data-ccp-props=\"{&quot;335559738&quot;:240,&quot;335559739&quot;:240}\">\u00a0<\/span><\/p>\n<p><b><span data-contrast=\"auto\">Zwr\u00f3\u0107 r\u00f3wnie\u017c uwag\u0119 na jako\u015b\u0107 zdj\u0119\u0107<\/span><\/b><span data-contrast=\"auto\">. Najlepiej wybiera\u0107 te <\/span><b><span data-contrast=\"auto\">w wysokiej rozdzielczo\u015bci<\/span><\/b><span data-contrast=\"auto\">, kt\u00f3re po wydruku b\u0119d\u0105 wygl\u0105da\u0107 wyra\u017anie i estetycznie. W razie potrzeby si\u0119gnij po narz\u0119dzia do edycji. <\/span><b><span data-contrast=\"auto\">Lekka korekta jasno\u015bci, kontrastu czy kadru<\/span><\/b><span data-contrast=\"auto\"> sprawi, \u017ce zdj\u0119cia b\u0119d\u0105 lepiej si\u0119 prezentowa\u0142y.<\/span><span data-ccp-props=\"{&quot;335559738&quot;:240,&quot;335559739&quot;:240}\">\u00a0<\/span><\/p>\n<p><span data-contrast=\"auto\">Pami\u0119taj, \u017ce<\/span><b><span data-contrast=\"auto\"> fotoksi\u0105\u017cka<\/span><\/b> <b><span data-contrast=\"auto\">nie musi by\u0107 perfekcyjna! Ma by\u0107 Twoja! <\/span><\/b><span data-contrast=\"auto\">Autentyczna, prawdziwa, stworzona z tego, co naprawd\u0119 ma dla Ciebie znaczenie.<\/span><span data-ccp-props=\"{&quot;335559738&quot;:240,&quot;335559739&quot;:240}\">\u00a0<\/span><\/p>\n<p><a href=\"https:\/\/www.empikfoto.pl\/fotoksiazki\/tematy\/wakacje\"><img loading=\"lazy\" decoding=\"async\" class=\"alignright size-full wp-image-14610\" src=\"https:\/\/www.empikfoto.pl\/blog\/empikfoto\/2025\/08\/fotoksiazka-z-podrozy-2.jpg\" alt=\"wakacyjna fotoksi\u0105\u017cka z podr\u00f3\u017cy\" width=\"1371\" height=\"750\" srcset=\"https:\/\/www.empikfoto.pl\/blog\/empikfoto\/2025\/08\/fotoksiazka-z-podrozy-2.jpg 1371w, https:\/\/www.empikfoto.pl\/blog\/empikfoto\/2025\/08\/fotoksiazka-z-podrozy-2-300x164.jpg 300w, https:\/\/www.empikfoto.pl\/blog\/empikfoto\/2025\/08\/fotoksiazka-z-podrozy-2-1024x560.jpg 1024w, https:\/\/www.empikfoto.pl\/blog\/empikfoto\/2025\/08\/fotoksiazka-z-podrozy-2-768x420.jpg 768w, https:\/\/www.empikfoto.pl\/blog\/empikfoto\/2025\/08\/fotoksiazka-z-podrozy-2-400x219.jpg 400w\" sizes=\"auto, (max-width: 1371px) 100vw, 1371px\" \/><\/a><\/p>\n<h2 aria-level=\"2\"><span data-contrast=\"auto\">Kompozycja i uk\u0142ad stron &#8211; jak zaplanowa\u0107 fotoksi\u0105\u017ck\u0119 z podr\u00f3\u017cy?<\/span><span data-ccp-props=\"{&quot;134245418&quot;:true,&quot;134245529&quot;:true,&quot;335559738&quot;:360,&quot;335559739&quot;:120}\">\u00a0<\/span><\/h2>\n<p><span data-contrast=\"auto\">Tworzenie fotoksi\u0105\u017cki z podr\u00f3\u017cy to nie tylko wyb\u00f3r zdj\u0119\u0107, ale tak\u017ce decyzja o tym, jak opowiedzie\u0107 swoj\u0105 histori\u0119. Dobrze przemy\u015blany uk\u0142ad stron pomaga zbudowa\u0107 rytm narracji i prowadzi przez kolejne etapy podr\u00f3\u017cy.<\/span><span data-ccp-props=\"{&quot;335559738&quot;:240,&quot;335559739&quot;:240}\">\u00a0<\/span><\/p>\n<p><b><span data-contrast=\"auto\">U\u0142o\u017cenie zdj\u0119\u0107 chronologicznie<\/span><\/b><span data-contrast=\"auto\">, wed\u0142ug kolejnych dni lub odwiedzanych miejsc nada ca\u0142o\u015bci porz\u0105dek i pozwoli \u0142atwiej odtworzy\u0107 przebieg wydarze\u0144. Mo\u017cesz te\u017c podej\u015b\u0107 do tematu bardziej swobodnie i <\/span><b><span data-contrast=\"auto\">zbudowa\u0107 ksi\u0105\u017ck\u0119 wok\u00f3\u0142 emocji, kolor\u00f3w, motyw\u00f3w przewodnich albo konkretnych wspomnie\u0144<\/span><\/b><span data-contrast=\"auto\">.<\/span><span data-ccp-props=\"{&quot;335559738&quot;:240,&quot;335559739&quot;:240}\">\u00a0<\/span><\/p>\n<p><b><span data-contrast=\"auto\">Zadbaj te\u017c o odpowiednie tempo<\/span><\/b><span data-contrast=\"auto\">. Du\u017ce zdj\u0119cie na ca\u0142\u0105 stron\u0119 mo\u017ce pe\u0142ni\u0107 rol\u0119 przystanku, w kt\u00f3rym warto si\u0119 zatrzyma\u0107. Obok niego mog\u0105 pojawi\u0107 si\u0119 mniejsze kadry, podpisy, czy elementy graficzne. Zmienno\u015b\u0107 uk\u0142adu sprawia, \u017ce ksi\u0105\u017cka staje si\u0119 <\/span><b><span data-contrast=\"auto\">bardziej dynamiczna i wci\u0105gaj\u0105ca.<\/span><\/b><span data-contrast=\"auto\"> Nie b\u00f3j si\u0119 pustych przestrzeni i\u00a0 pozw\u00f3l obrazom oddycha\u0107.<\/span><span data-ccp-props=\"{&quot;335559738&quot;:240,&quot;335559739&quot;:240}\">\u00a0<\/span><\/p>\n<h2 aria-level=\"2\"><span data-contrast=\"auto\">Druk i oprawa &#8211; o czym warto pami\u0119ta\u0107?<\/span><span data-ccp-props=\"{&quot;134245418&quot;:true,&quot;134245529&quot;:true,&quot;335559738&quot;:240,&quot;335559739&quot;:240}\">\u00a0<\/span><\/h2>\n<p><span data-contrast=\"auto\">Gdy Twoja fotoksi\u0105\u017cka jest ju\u017c mniej wi\u0119cej zaplanowana, czas na wyb\u00f3r <\/span><b><span data-contrast=\"auto\">formatu, rodzaju papieru i oprawy<\/span><\/b><span data-contrast=\"auto\">. To w\u0142a\u015bnie te elementy zadecyduj\u0105 o tym, jak b\u0119dzie si\u0119 j\u0105 przegl\u0105da\u0107 za rok, dwa czy dziesi\u0119\u0107 lat. Czy strony b\u0119d\u0105 <\/span><b><span data-contrast=\"auto\">matowe czy b\u0142yszcz\u0105ce<\/span><\/b><span data-contrast=\"auto\">? Czy zdj\u0119cia maj\u0105 by\u0107 na ca\u0142ej rozk\u0142ad\u00f3wce, czy z pozostawionym marginesem? Czy wolisz <\/span><b><span data-contrast=\"auto\"><a href=\"https:\/\/www.empikfoto.pl\/fotoksiazki\/tematy?format=20x30\">tward\u0105<\/a> czy <a href=\"https:\/\/www.empikfoto.pl\/fotoksiazki-miekkie\">mi\u0119kk\u0105 opraw\u0119<\/a><\/span><\/b><span data-contrast=\"auto\">, kt\u00f3ra przypomina szkicownik z podr\u00f3\u017cy?<\/span><span data-ccp-props=\"{&quot;335559738&quot;:240,&quot;335559739&quot;:240}\">\u00a0<\/span><\/p>\n<p><span data-contrast=\"auto\">W <a href=\"https:\/\/www.empikfoto.pl\/\"><strong>Empik Foto<\/strong><\/a> masz mo\u017cliwo\u015b\u0107 dostosowania niemal ka\u017cdego detalu fotoksi\u0105\u017cki do swoich potrzeb. Mo\u017cesz wybra\u0107 rodzaj papieru, liczb\u0119 stron, uk\u0142ad i styl graficzny. Intuicyjny edytor online pozwala stworzy\u0107 fotoksi\u0105\u017ck\u0119 krok po kroku, <\/span><b><span data-contrast=\"auto\"><a href=\"https:\/\/www.empikfoto.pl\/fotoksiazki\/tematy?format=20x30\">z gotowych szablon\u00f3w<\/a><\/span><\/b> lub <b><span data-contrast=\"auto\"><a href=\"https:\/\/www.empikfoto.pl\/fotoksiazka,pusty-szablon?rodzaj-papieru=kredowy&amp;rodzaj-okladki=twarda-blyszczaca&amp;format=20x30&amp;wyjsciowa-ilosc-stron=28\">ca\u0142kowicie od zera<\/a><\/span><\/b><span data-contrast=\"auto\">, je\u015bli zale\u017cy Ci na pe\u0142nej personalizacji.<\/span><span data-ccp-props=\"{&quot;335559738&quot;:240,&quot;335559739&quot;:240}\">\u00a0<\/span><\/p>\n<p><span data-contrast=\"auto\">Wybieraj\u0105c Empik Foto, zyskujesz nie tylko dost\u0119p do wysokiej jako\u015bci druku, ale te\u017c pewno\u015b\u0107, \u017ce Twoje wspomnienia zostan\u0105 utrwalone w formie, do kt\u00f3rej b\u0119dzie si\u0119 chcia\u0142o wraca\u0107.<\/span><span data-ccp-props=\"{&quot;335559738&quot;:240,&quot;335559739&quot;:240}\">\u00a0<\/span><\/p>\n<h2 aria-level=\"2\"><span data-contrast=\"auto\">Fotoksi\u0105\u017cka z podr\u00f3\u017cy jako cz\u0119\u015b\u0107 wi\u0119kszej kolekcji<\/span><span data-ccp-props=\"{&quot;134245418&quot;:true,&quot;134245529&quot;:true,&quot;335559738&quot;:360,&quot;335559739&quot;:120}\">\u00a0<\/span><\/h2>\n<p><span data-contrast=\"auto\">Jedna fotoksi\u0105\u017cka z wakacji to <\/span><b><span data-contrast=\"auto\">pocz\u0105tek pi\u0119knej kolekcji<\/span><\/b><span data-contrast=\"auto\">. Ka\u017cde kolejne wyjazdy mog\u0105 by\u0107 dokumentowane w podobnej formie, co pozwala stworzy\u0107 <\/span><b><span data-contrast=\"auto\">sp\u00f3jn\u0105 seri\u0119 album\u00f3w<\/span><\/b><span data-contrast=\"auto\">. Tak powstaje rodzinny pami\u0119tnik podr\u00f3\u017cniczy, kt\u00f3ry z czasem staje si\u0119 prawdziw\u0105 skarbnic\u0105 wspomnie\u0144. Dzi\u0119ki temu ka\u017cdy, kto si\u0119gnie po kolejne tomy, mo\u017ce prze\u015bledzi\u0107 nie tylko miejsca, ale tak\u017ce rozw\u00f3j podr\u00f3\u017cniczych pasji i zmieniaj\u0105ce si\u0119 historie.<\/span><span data-ccp-props=\"{&quot;335559738&quot;:240,&quot;335559739&quot;:240}\">\u00a0<\/span><\/p>\n<p><span data-contrast=\"auto\">Fotoksi\u0105\u017cka z podr\u00f3\u017cy to wyj\u0105tkowy spos\u00f3b na zachowanie wakacyjnych wspomnie\u0144 w eleganckiej i trwa\u0142ej formie. <strong>Pozwala nie tylko przechowywa\u0107 zdj\u0119cia, ale te\u017c snu\u0107 opowie\u015bci, kt\u00f3re kryj\u0105 si\u0119 za ka\u017cdym uj\u0119ciem<\/strong>. Mo\u017cliwo\u015b\u0107 personalizacji, r\u00f3\u017cnorodno\u015b\u0107 format\u00f3w i intuicyjny proces tworzenia sprawiaj\u0105, \u017ce to idealna forma utrwalenia wyj\u0105tkowych chwil i dzielenia si\u0119 nimi z bliskimi.<\/span><span data-ccp-props=\"{&quot;335559738&quot;:240,&quot;335559739&quot;:240}\">\u00a0<\/span><\/p>\n","protected":false},"excerpt":{"rendered":"<p>Z ka\u017cdej podr\u00f3\u017cy przywozimy co\u015b wi\u0119cej ni\u017c zdj\u0119cia i pami\u0105tki. Wracamy ze wspomnieniami, nowymi do\u015bwiadczeniami, \u015bwie\u017cym spojrzeniem, a tak\u017ce cz\u0119sto z decyzjami, kt\u00f3re maj\u0105 wprowadzi\u0107 zmiany w naszym \u017cyciu. Warto zadba\u0107 o to, by te chwile nie rozp\u0142yn\u0119\u0142y si\u0119 w\u015br\u00f3d tysi\u0119cy innych zapisanych na dysku lub w galerii smartfona. Fotoksi\u0105\u017cka z podr\u00f3\u017cy to spos\u00f3b na zebranie najwa\u017cniejszych moment\u00f3w z wakacji w jednej, namacalnej formie &#8211; miejscu, gdzie fotografie spotykaj\u0105 si\u0119 z notatkami, refleksjami, dat\u0105 albo nazw\u0105 ulicy. Stw\u00f3rz fotoksi\u0105\u017ck\u0119, kt\u00f3ra stanie si\u0119 Twoim najcenniejszym zbiorem podr\u00f3\u017cniczych historii.\u00a0 Dlaczego warto stworzy\u0107 fotoksi\u0105\u017ck\u0119 z podr\u00f3\u017cy?\u00a0 Fotoksi\u0105\u017cka z podr\u00f3\u017cy to nie tylko estetyczna pami\u0105tka, ale przede wszystkim spos\u00f3b na uporz\u0105dkowanie wspomnie\u0144 i nadanie im kontekstu. Pozwala spojrze\u0107 na podr\u00f3\u017c ca\u0142o\u015bciowo i po\u0142\u0105czy\u0107 obrazy z osobistymi refleksjami, datami, nazwami miejsc czy wa\u017cnymi detalami, kt\u00f3re \u0142atwo umykaj\u0105 w cyfrowym chaosie. Dzi\u0119ki fotoksi\u0105\u017cce mo\u017cesz wr\u00f3ci\u0107 do swoich wakacji z now\u0105 perspektyw\u0105, przypominaj\u0105c sobie nie tylko odwiedzone miejsca, ale te\u017c towarzysz\u0105ce im emocje.\u00a0 Dodatkowo, fotoksi\u0105\u017cka jest wygodna w przechowywaniu i \u0142atwa do udost\u0119pniania bliskim. To trwa\u0142a forma, kt\u00f3ra przetrwa zmieniaj\u0105ce si\u0119 technologie i pozostanie wyj\u0105tkowym \u015bwiadectwem Twoich podr\u00f3\u017cniczych do\u015bwiadcze\u0144 na d\u0142ugie lata.\u00a0 Jak wybra\u0107 zdj\u0119cia do fotoksi\u0105\u017cki?\u00a0 Zacznij od przegl\u0105du ca\u0142ego materia\u0142u, nie tylko tych zdj\u0119\u0107, kt\u00f3re od razu uzna\u0142e\u015b za \u201enajlepsze\u201d. Czasem to nie perfekcyjne kadry, ale niepozorne uj\u0119cia najlepiej oddaj\u0105 klimat podr\u00f3\u017cy: \u015bniadanie na balkonie, zamglona droga, szyld lokalnej kawiarni czy spontaniczny u\u015bmiech. Szukaj obraz\u00f3w, kt\u00f3re przywo\u0142uj\u0105 konkretne chwile i emocje.\u00a0 Zadbaj o r\u00f3\u017cnorodno\u015b\u0107. Po\u0142\u0105cz szerokie kadry krajobraz\u00f3w z portretami, detale architektoniczne ze zbli\u017ceniami natury. Dzi\u0119ki temu opowie\u015b\u0107 b\u0119dzie pe\u0142niejsza i bardziej dynamiczna. Je\u015bli masz ochot\u0119, dodaj podpisy: jedno zdanie, my\u015bl, cytat, fragment piosenki albo po prostu nazw\u0119 miejsca. Niekiedy jedno s\u0142owo wystarczy, by przywo\u0142a\u0107 w pami\u0119ci ca\u0142y dzie\u0144.\u00a0 Zwr\u00f3\u0107 r\u00f3wnie\u017c uwag\u0119 na jako\u015b\u0107 zdj\u0119\u0107. Najlepiej wybiera\u0107 te w wysokiej rozdzielczo\u015bci, kt\u00f3re po wydruku b\u0119d\u0105 wygl\u0105da\u0107 wyra\u017anie i estetycznie. W razie potrzeby si\u0119gnij po narz\u0119dzia do edycji. Lekka korekta jasno\u015bci, kontrastu czy kadru sprawi, \u017ce zdj\u0119cia b\u0119d\u0105 lepiej si\u0119 prezentowa\u0142y.\u00a0 Pami\u0119taj, \u017ce fotoksi\u0105\u017cka nie musi by\u0107 perfekcyjna! Ma by\u0107 Twoja! Autentyczna, prawdziwa, stworzona z tego, co naprawd\u0119 ma dla Ciebie znaczenie.\u00a0 Kompozycja i uk\u0142ad stron &#8211; jak zaplanowa\u0107 fotoksi\u0105\u017ck\u0119 z podr\u00f3\u017cy?\u00a0 Tworzenie fotoksi\u0105\u017cki z podr\u00f3\u017cy to nie tylko wyb\u00f3r zdj\u0119\u0107, ale tak\u017ce decyzja o tym, jak opowiedzie\u0107 swoj\u0105 histori\u0119. Dobrze przemy\u015blany uk\u0142ad stron pomaga zbudowa\u0107 rytm narracji i prowadzi przez kolejne etapy podr\u00f3\u017cy.\u00a0 U\u0142o\u017cenie zdj\u0119\u0107 chronologicznie, wed\u0142ug kolejnych dni lub odwiedzanych miejsc nada ca\u0142o\u015bci porz\u0105dek i pozwoli \u0142atwiej odtworzy\u0107 przebieg wydarze\u0144. Mo\u017cesz te\u017c podej\u015b\u0107 do tematu bardziej swobodnie i zbudowa\u0107 ksi\u0105\u017ck\u0119 wok\u00f3\u0142 emocji, kolor\u00f3w, motyw\u00f3w przewodnich albo konkretnych wspomnie\u0144.\u00a0 Zadbaj te\u017c o odpowiednie tempo. Du\u017ce zdj\u0119cie na ca\u0142\u0105 stron\u0119 mo\u017ce pe\u0142ni\u0107 rol\u0119 przystanku, w kt\u00f3rym warto si\u0119 zatrzyma\u0107. Obok niego mog\u0105 pojawi\u0107 si\u0119 mniejsze kadry, podpisy, czy elementy graficzne. Zmienno\u015b\u0107 uk\u0142adu sprawia, \u017ce ksi\u0105\u017cka staje si\u0119 bardziej dynamiczna i wci\u0105gaj\u0105ca. Nie b\u00f3j si\u0119 pustych przestrzeni i\u00a0 pozw\u00f3l obrazom oddycha\u0107.\u00a0 Druk i oprawa &#8211; o czym warto pami\u0119ta\u0107?\u00a0 Gdy Twoja fotoksi\u0105\u017cka jest ju\u017c mniej wi\u0119cej zaplanowana, czas na wyb\u00f3r formatu, rodzaju papieru i oprawy. To w\u0142a\u015bnie te elementy zadecyduj\u0105 o tym, jak b\u0119dzie si\u0119 j\u0105 przegl\u0105da\u0107 za rok, dwa czy dziesi\u0119\u0107 lat. Czy strony b\u0119d\u0105 matowe czy b\u0142yszcz\u0105ce? Czy zdj\u0119cia maj\u0105 by\u0107 na ca\u0142ej rozk\u0142ad\u00f3wce, czy z pozostawionym marginesem? Czy wolisz tward\u0105 czy mi\u0119kk\u0105 opraw\u0119, kt\u00f3ra przypomina szkicownik z podr\u00f3\u017cy?\u00a0 W Empik Foto masz mo\u017cliwo\u015b\u0107 dostosowania niemal ka\u017cdego detalu fotoksi\u0105\u017cki do swoich potrzeb. Mo\u017cesz wybra\u0107 rodzaj papieru, liczb\u0119 stron, uk\u0142ad i styl graficzny. Intuicyjny edytor online pozwala stworzy\u0107 fotoksi\u0105\u017ck\u0119 krok po kroku, z gotowych szablon\u00f3w lub ca\u0142kowicie od zera, je\u015bli zale\u017cy Ci na pe\u0142nej personalizacji.\u00a0 Wybieraj\u0105c Empik Foto, zyskujesz nie tylko dost\u0119p do wysokiej jako\u015bci druku, ale te\u017c pewno\u015b\u0107, \u017ce Twoje wspomnienia zostan\u0105 utrwalone w formie, do kt\u00f3rej b\u0119dzie si\u0119 chcia\u0142o wraca\u0107.\u00a0 Fotoksi\u0105\u017cka z podr\u00f3\u017cy jako cz\u0119\u015b\u0107 wi\u0119kszej kolekcji\u00a0 Jedna fotoksi\u0105\u017cka z wakacji to pocz\u0105tek pi\u0119knej kolekcji. Ka\u017cde kolejne wyjazdy mog\u0105 by\u0107 dokumentowane w podobnej formie, co pozwala stworzy\u0107 sp\u00f3jn\u0105 seri\u0119 album\u00f3w. Tak powstaje rodzinny pami\u0119tnik podr\u00f3\u017cniczy, kt\u00f3ry z czasem staje si\u0119 prawdziw\u0105 skarbnic\u0105 wspomnie\u0144. Dzi\u0119ki temu ka\u017cdy, kto si\u0119gnie po kolejne tomy, mo\u017ce prze\u015bledzi\u0107 nie tylko miejsca, ale tak\u017ce rozw\u00f3j podr\u00f3\u017cniczych pasji i zmieniaj\u0105ce si\u0119 historie.\u00a0 Fotoksi\u0105\u017cka z podr\u00f3\u017cy to wyj\u0105tkowy spos\u00f3b na zachowanie wakacyjnych wspomnie\u0144 w eleganckiej i trwa\u0142ej formie. Pozwala nie tylko przechowywa\u0107 zdj\u0119cia, ale te\u017c snu\u0107 opowie\u015bci, kt\u00f3re kryj\u0105 si\u0119 za ka\u017cdym uj\u0119ciem. Mo\u017cliwo\u015b\u0107 personalizacji, r\u00f3\u017cnorodno\u015b\u0107 format\u00f3w i intuicyjny proces tworzenia sprawiaj\u0105, \u017ce to idealna forma utrwalenia wyj\u0105tkowych chwil i dzielenia si\u0119 nimi z bliskimi.\u00a0<\/p>\n","protected":false},"author":24,"featured_media":14609,"comment_status":"closed","ping_status":"closed","sticky":false,"template":"","format":"standard","meta":{"footnotes":""},"categories":[786],"tags":[1088,1109],"class_list":["post-14607","post","type-post","status-publish","format-standard","has-post-thumbnail","hentry","category-inspiracje","tag-fotoksiazka","tag-wakacje"],"yoast_head":"<!-- This site is optimized with the Yoast SEO plugin v27.5 - https:\/\/yoast.com\/product\/yoast-seo-wordpress\/ -->\n<title>Fotoksi\u0105\u017cka z podr\u00f3\u017cy - stw\u00f3rz pami\u0119tnik z wyjazdu | Empik Foto<\/title>\n<meta name=\"description\" content=\"Kochasz wyjazdy i z ka\u017cdego wracasz z setkami zdj\u0119\u0107? Fotoksi\u0105\u017cka z podr\u00f3\u017cy to wspania\u0142y spos\u00f3b na zebranie ulubionych wspomnie\u0144. Stw\u00f3rz ca\u0142\u0105 kolekcj\u0119!\" \/>\n<meta name=\"robots\" content=\"index, follow, max-snippet:-1, max-image-preview:large, max-video-preview:-1\" \/>\n<link rel=\"canonical\" href=\"https:\/\/www.empikfoto.pl\/blog\/fotoksiazka-z-podrozy-stworz-wlasna-kolekcje-pamietnikow-z-wakacji\/\" \/>\n<meta property=\"og:locale\" content=\"pl_PL\" \/>\n<meta property=\"og:type\" content=\"article\" \/>\n<meta property=\"og:title\" content=\"Fotoksi\u0105\u017cka z podr\u00f3\u017cy - stw\u00f3rz pami\u0119tnik z wyjazdu | Empik Foto\" \/>\n<meta property=\"og:description\" content=\"Kochasz wyjazdy i z ka\u017cdego wracasz z setkami zdj\u0119\u0107? Fotoksi\u0105\u017cka z podr\u00f3\u017cy to wspania\u0142y spos\u00f3b na zebranie ulubionych wspomnie\u0144. Stw\u00f3rz ca\u0142\u0105 kolekcj\u0119!\" \/>\n<meta property=\"og:url\" content=\"https:\/\/www.empikfoto.pl\/blog\/fotoksiazka-z-podrozy-stworz-wlasna-kolekcje-pamietnikow-z-wakacji\/\" \/>\n<meta property=\"og:site_name\" content=\"blog.empikfoto.pl\" \/>\n<meta property=\"article:publisher\" content=\"https:\/\/www.facebook.com\/empikfotopl\/\" \/>\n<meta property=\"article:published_time\" content=\"2025-08-12T13:14:38+00:00\" \/>\n<meta property=\"article:modified_time\" content=\"2025-08-12T13:14:40+00:00\" \/>\n<meta property=\"og:image\" content=\"https:\/\/www.empikfoto.pl\/blog\/empikfoto\/2025\/08\/fotoksiazka-z-podrozy.jpg\" \/>\n\t<meta property=\"og:image:width\" content=\"1421\" \/>\n\t<meta property=\"og:image:height\" content=\"1008\" \/>\n\t<meta property=\"og:image:type\" content=\"image\/jpeg\" \/>\n<meta name=\"author\" content=\"Magdalena\" \/>\n<meta name=\"twitter:card\" content=\"summary_large_image\" \/>\n<meta name=\"twitter:creator\" content=\"@empikfoto\" \/>\n<meta name=\"twitter:site\" content=\"@empikfoto\" \/>\n<meta name=\"twitter:label1\" content=\"Napisane przez\" \/>\n\t<meta name=\"twitter:data1\" content=\"Magdalena\" \/>\n\t<meta name=\"twitter:label2\" content=\"Szacowany czas czytania\" \/>\n\t<meta name=\"twitter:data2\" content=\"5 minut\" \/>\n<script type=\"application\/ld+json\" class=\"yoast-schema-graph\">{\"@context\":\"https:\\\/\\\/schema.org\",\"@graph\":[{\"@type\":\"Article\",\"@id\":\"https:\\\/\\\/www.empikfoto.pl\\\/blog\\\/fotoksiazka-z-podrozy-stworz-wlasna-kolekcje-pamietnikow-z-wakacji\\\/#article\",\"isPartOf\":{\"@id\":\"https:\\\/\\\/www.empikfoto.pl\\\/blog\\\/fotoksiazka-z-podrozy-stworz-wlasna-kolekcje-pamietnikow-z-wakacji\\\/\"},\"author\":{\"name\":\"Magdalena\",\"@id\":\"https:\\\/\\\/www.empikfoto.pl\\\/blog\\\/#\\\/schema\\\/person\\\/f394adde230a2c78b1d5840ec66c5f5d\"},\"headline\":\"Fotoksi\u0105\u017cka z podr\u00f3\u017cy \u2013 stw\u00f3rz w\u0142asn\u0105 kolekcj\u0119 pami\u0119tnik\u00f3w z wakacji\",\"datePublished\":\"2025-08-12T13:14:38+00:00\",\"dateModified\":\"2025-08-12T13:14:40+00:00\",\"mainEntityOfPage\":{\"@id\":\"https:\\\/\\\/www.empikfoto.pl\\\/blog\\\/fotoksiazka-z-podrozy-stworz-wlasna-kolekcje-pamietnikow-z-wakacji\\\/\"},\"wordCount\":940,\"image\":{\"@id\":\"https:\\\/\\\/www.empikfoto.pl\\\/blog\\\/fotoksiazka-z-podrozy-stworz-wlasna-kolekcje-pamietnikow-z-wakacji\\\/#primaryimage\"},\"thumbnailUrl\":\"https:\\\/\\\/www.empikfoto.pl\\\/blog\\\/empikfoto\\\/2025\\\/08\\\/fotoksiazka-z-podrozy.jpg\",\"keywords\":[\"fotoksi\u0105\u017cka\",\"wakacje\"],\"articleSection\":[\"INSPIRACJE\"],\"inLanguage\":\"pl-PL\"},{\"@type\":\"WebPage\",\"@id\":\"https:\\\/\\\/www.empikfoto.pl\\\/blog\\\/fotoksiazka-z-podrozy-stworz-wlasna-kolekcje-pamietnikow-z-wakacji\\\/\",\"url\":\"https:\\\/\\\/www.empikfoto.pl\\\/blog\\\/fotoksiazka-z-podrozy-stworz-wlasna-kolekcje-pamietnikow-z-wakacji\\\/\",\"name\":\"Fotoksi\u0105\u017cka z podr\u00f3\u017cy - stw\u00f3rz pami\u0119tnik z wyjazdu | Empik Foto\",\"isPartOf\":{\"@id\":\"https:\\\/\\\/www.empikfoto.pl\\\/blog\\\/#website\"},\"primaryImageOfPage\":{\"@id\":\"https:\\\/\\\/www.empikfoto.pl\\\/blog\\\/fotoksiazka-z-podrozy-stworz-wlasna-kolekcje-pamietnikow-z-wakacji\\\/#primaryimage\"},\"image\":{\"@id\":\"https:\\\/\\\/www.empikfoto.pl\\\/blog\\\/fotoksiazka-z-podrozy-stworz-wlasna-kolekcje-pamietnikow-z-wakacji\\\/#primaryimage\"},\"thumbnailUrl\":\"https:\\\/\\\/www.empikfoto.pl\\\/blog\\\/empikfoto\\\/2025\\\/08\\\/fotoksiazka-z-podrozy.jpg\",\"datePublished\":\"2025-08-12T13:14:38+00:00\",\"dateModified\":\"2025-08-12T13:14:40+00:00\",\"author\":{\"@id\":\"https:\\\/\\\/www.empikfoto.pl\\\/blog\\\/#\\\/schema\\\/person\\\/f394adde230a2c78b1d5840ec66c5f5d\"},\"description\":\"Kochasz wyjazdy i z ka\u017cdego wracasz z setkami zdj\u0119\u0107? Fotoksi\u0105\u017cka z podr\u00f3\u017cy to wspania\u0142y spos\u00f3b na zebranie ulubionych wspomnie\u0144. Stw\u00f3rz ca\u0142\u0105 kolekcj\u0119!\",\"breadcrumb\":{\"@id\":\"https:\\\/\\\/www.empikfoto.pl\\\/blog\\\/fotoksiazka-z-podrozy-stworz-wlasna-kolekcje-pamietnikow-z-wakacji\\\/#breadcrumb\"},\"inLanguage\":\"pl-PL\",\"potentialAction\":[{\"@type\":\"ReadAction\",\"target\":[\"https:\\\/\\\/www.empikfoto.pl\\\/blog\\\/fotoksiazka-z-podrozy-stworz-wlasna-kolekcje-pamietnikow-z-wakacji\\\/\"]}]},{\"@type\":\"ImageObject\",\"inLanguage\":\"pl-PL\",\"@id\":\"https:\\\/\\\/www.empikfoto.pl\\\/blog\\\/fotoksiazka-z-podrozy-stworz-wlasna-kolekcje-pamietnikow-z-wakacji\\\/#primaryimage\",\"url\":\"https:\\\/\\\/www.empikfoto.pl\\\/blog\\\/empikfoto\\\/2025\\\/08\\\/fotoksiazka-z-podrozy.jpg\",\"contentUrl\":\"https:\\\/\\\/www.empikfoto.pl\\\/blog\\\/empikfoto\\\/2025\\\/08\\\/fotoksiazka-z-podrozy.jpg\",\"width\":1421,\"height\":1008,\"caption\":\"fotoksi\u0105\u017cka z podr\u00f3\u017cy - w\u0142ochy\"},{\"@type\":\"BreadcrumbList\",\"@id\":\"https:\\\/\\\/www.empikfoto.pl\\\/blog\\\/fotoksiazka-z-podrozy-stworz-wlasna-kolekcje-pamietnikow-z-wakacji\\\/#breadcrumb\",\"itemListElement\":[{\"@type\":\"ListItem\",\"position\":1,\"name\":\"Strona g\u0142\u00f3wna\",\"item\":\"https:\\\/\\\/www.empikfoto.pl\\\/blog\\\/\"},{\"@type\":\"ListItem\",\"position\":2,\"name\":\"Fotoksi\u0105\u017cka z podr\u00f3\u017cy \u2013 stw\u00f3rz w\u0142asn\u0105 kolekcj\u0119 pami\u0119tnik\u00f3w z wakacji\"}]},{\"@type\":\"WebSite\",\"@id\":\"https:\\\/\\\/www.empikfoto.pl\\\/blog\\\/#website\",\"url\":\"https:\\\/\\\/www.empikfoto.pl\\\/blog\\\/\",\"name\":\"blog.empikfoto.pl\",\"description\":\"Poznaj empikfoto.pl od \u015brodka! Dowiedz si\u0119 wi\u0119cej o odbitkach, fotoksi\u0105\u017ckach i fotografii.\",\"potentialAction\":[{\"@type\":\"SearchAction\",\"target\":{\"@type\":\"EntryPoint\",\"urlTemplate\":\"https:\\\/\\\/www.empikfoto.pl\\\/blog\\\/?s={search_term_string}\"},\"query-input\":{\"@type\":\"PropertyValueSpecification\",\"valueRequired\":true,\"valueName\":\"search_term_string\"}}],\"inLanguage\":\"pl-PL\"},{\"@type\":\"Person\",\"@id\":\"https:\\\/\\\/www.empikfoto.pl\\\/blog\\\/#\\\/schema\\\/person\\\/f394adde230a2c78b1d5840ec66c5f5d\",\"name\":\"Magdalena\",\"image\":{\"@type\":\"ImageObject\",\"inLanguage\":\"pl-PL\",\"@id\":\"https:\\\/\\\/secure.gravatar.com\\\/avatar\\\/874b117191fd73f8cc0be164b43f75724363784b2c9d57127c4a7b73181b9ea3?s=96&d=identicon&r=g\",\"url\":\"https:\\\/\\\/secure.gravatar.com\\\/avatar\\\/874b117191fd73f8cc0be164b43f75724363784b2c9d57127c4a7b73181b9ea3?s=96&d=identicon&r=g\",\"contentUrl\":\"https:\\\/\\\/secure.gravatar.com\\\/avatar\\\/874b117191fd73f8cc0be164b43f75724363784b2c9d57127c4a7b73181b9ea3?s=96&d=identicon&r=g\",\"caption\":\"Magdalena\"},\"url\":\"https:\\\/\\\/www.empikfoto.pl\\\/blog\\\/author\\\/magda-em\\\/\"}]}<\/script>\n<!-- \/ Yoast SEO plugin. -->","yoast_head_json":{"title":"Fotoksi\u0105\u017cka z podr\u00f3\u017cy - stw\u00f3rz pami\u0119tnik z wyjazdu | Empik Foto","description":"Kochasz wyjazdy i z ka\u017cdego wracasz z setkami zdj\u0119\u0107? Fotoksi\u0105\u017cka z podr\u00f3\u017cy to wspania\u0142y spos\u00f3b na zebranie ulubionych wspomnie\u0144. Stw\u00f3rz ca\u0142\u0105 kolekcj\u0119!","robots":{"index":"index","follow":"follow","max-snippet":"max-snippet:-1","max-image-preview":"max-image-preview:large","max-video-preview":"max-video-preview:-1"},"canonical":"https:\/\/www.empikfoto.pl\/blog\/fotoksiazka-z-podrozy-stworz-wlasna-kolekcje-pamietnikow-z-wakacji\/","og_locale":"pl_PL","og_type":"article","og_title":"Fotoksi\u0105\u017cka z podr\u00f3\u017cy - stw\u00f3rz pami\u0119tnik z wyjazdu | Empik Foto","og_description":"Kochasz wyjazdy i z ka\u017cdego wracasz z setkami zdj\u0119\u0107? Fotoksi\u0105\u017cka z podr\u00f3\u017cy to wspania\u0142y spos\u00f3b na zebranie ulubionych wspomnie\u0144. Stw\u00f3rz ca\u0142\u0105 kolekcj\u0119!","og_url":"https:\/\/www.empikfoto.pl\/blog\/fotoksiazka-z-podrozy-stworz-wlasna-kolekcje-pamietnikow-z-wakacji\/","og_site_name":"blog.empikfoto.pl","article_publisher":"https:\/\/www.facebook.com\/empikfotopl\/","article_published_time":"2025-08-12T13:14:38+00:00","article_modified_time":"2025-08-12T13:14:40+00:00","og_image":[{"width":1421,"height":1008,"url":"https:\/\/www.empikfoto.pl\/blog\/empikfoto\/2025\/08\/fotoksiazka-z-podrozy.jpg","type":"image\/jpeg"}],"author":"Magdalena","twitter_card":"summary_large_image","twitter_creator":"@empikfoto","twitter_site":"@empikfoto","twitter_misc":{"Napisane przez":"Magdalena","Szacowany czas czytania":"5 minut"},"schema":{"@context":"https:\/\/schema.org","@graph":[{"@type":"Article","@id":"https:\/\/www.empikfoto.pl\/blog\/fotoksiazka-z-podrozy-stworz-wlasna-kolekcje-pamietnikow-z-wakacji\/#article","isPartOf":{"@id":"https:\/\/www.empikfoto.pl\/blog\/fotoksiazka-z-podrozy-stworz-wlasna-kolekcje-pamietnikow-z-wakacji\/"},"author":{"name":"Magdalena","@id":"https:\/\/www.empikfoto.pl\/blog\/#\/schema\/person\/f394adde230a2c78b1d5840ec66c5f5d"},"headline":"Fotoksi\u0105\u017cka z podr\u00f3\u017cy \u2013 stw\u00f3rz w\u0142asn\u0105 kolekcj\u0119 pami\u0119tnik\u00f3w z wakacji","datePublished":"2025-08-12T13:14:38+00:00","dateModified":"2025-08-12T13:14:40+00:00","mainEntityOfPage":{"@id":"https:\/\/www.empikfoto.pl\/blog\/fotoksiazka-z-podrozy-stworz-wlasna-kolekcje-pamietnikow-z-wakacji\/"},"wordCount":940,"image":{"@id":"https:\/\/www.empikfoto.pl\/blog\/fotoksiazka-z-podrozy-stworz-wlasna-kolekcje-pamietnikow-z-wakacji\/#primaryimage"},"thumbnailUrl":"https:\/\/www.empikfoto.pl\/blog\/empikfoto\/2025\/08\/fotoksiazka-z-podrozy.jpg","keywords":["fotoksi\u0105\u017cka","wakacje"],"articleSection":["INSPIRACJE"],"inLanguage":"pl-PL"},{"@type":"WebPage","@id":"https:\/\/www.empikfoto.pl\/blog\/fotoksiazka-z-podrozy-stworz-wlasna-kolekcje-pamietnikow-z-wakacji\/","url":"https:\/\/www.empikfoto.pl\/blog\/fotoksiazka-z-podrozy-stworz-wlasna-kolekcje-pamietnikow-z-wakacji\/","name":"Fotoksi\u0105\u017cka z podr\u00f3\u017cy - stw\u00f3rz pami\u0119tnik z wyjazdu | Empik Foto","isPartOf":{"@id":"https:\/\/www.empikfoto.pl\/blog\/#website"},"primaryImageOfPage":{"@id":"https:\/\/www.empikfoto.pl\/blog\/fotoksiazka-z-podrozy-stworz-wlasna-kolekcje-pamietnikow-z-wakacji\/#primaryimage"},"image":{"@id":"https:\/\/www.empikfoto.pl\/blog\/fotoksiazka-z-podrozy-stworz-wlasna-kolekcje-pamietnikow-z-wakacji\/#primaryimage"},"thumbnailUrl":"https:\/\/www.empikfoto.pl\/blog\/empikfoto\/2025\/08\/fotoksiazka-z-podrozy.jpg","datePublished":"2025-08-12T13:14:38+00:00","dateModified":"2025-08-12T13:14:40+00:00","author":{"@id":"https:\/\/www.empikfoto.pl\/blog\/#\/schema\/person\/f394adde230a2c78b1d5840ec66c5f5d"},"description":"Kochasz wyjazdy i z ka\u017cdego wracasz z setkami zdj\u0119\u0107? Fotoksi\u0105\u017cka z podr\u00f3\u017cy to wspania\u0142y spos\u00f3b na zebranie ulubionych wspomnie\u0144. Stw\u00f3rz ca\u0142\u0105 kolekcj\u0119!","breadcrumb":{"@id":"https:\/\/www.empikfoto.pl\/blog\/fotoksiazka-z-podrozy-stworz-wlasna-kolekcje-pamietnikow-z-wakacji\/#breadcrumb"},"inLanguage":"pl-PL","potentialAction":[{"@type":"ReadAction","target":["https:\/\/www.empikfoto.pl\/blog\/fotoksiazka-z-podrozy-stworz-wlasna-kolekcje-pamietnikow-z-wakacji\/"]}]},{"@type":"ImageObject","inLanguage":"pl-PL","@id":"https:\/\/www.empikfoto.pl\/blog\/fotoksiazka-z-podrozy-stworz-wlasna-kolekcje-pamietnikow-z-wakacji\/#primaryimage","url":"https:\/\/www.empikfoto.pl\/blog\/empikfoto\/2025\/08\/fotoksiazka-z-podrozy.jpg","contentUrl":"https:\/\/www.empikfoto.pl\/blog\/empikfoto\/2025\/08\/fotoksiazka-z-podrozy.jpg","width":1421,"height":1008,"caption":"fotoksi\u0105\u017cka z podr\u00f3\u017cy - w\u0142ochy"},{"@type":"BreadcrumbList","@id":"https:\/\/www.empikfoto.pl\/blog\/fotoksiazka-z-podrozy-stworz-wlasna-kolekcje-pamietnikow-z-wakacji\/#breadcrumb","itemListElement":[{"@type":"ListItem","position":1,"name":"Strona g\u0142\u00f3wna","item":"https:\/\/www.empikfoto.pl\/blog\/"},{"@type":"ListItem","position":2,"name":"Fotoksi\u0105\u017cka z podr\u00f3\u017cy \u2013 stw\u00f3rz w\u0142asn\u0105 kolekcj\u0119 pami\u0119tnik\u00f3w z wakacji"}]},{"@type":"WebSite","@id":"https:\/\/www.empikfoto.pl\/blog\/#website","url":"https:\/\/www.empikfoto.pl\/blog\/","name":"blog.empikfoto.pl","description":"Poznaj empikfoto.pl od \u015brodka! Dowiedz si\u0119 wi\u0119cej o odbitkach, fotoksi\u0105\u017ckach i fotografii.","potentialAction":[{"@type":"SearchAction","target":{"@type":"EntryPoint","urlTemplate":"https:\/\/www.empikfoto.pl\/blog\/?s={search_term_string}"},"query-input":{"@type":"PropertyValueSpecification","valueRequired":true,"valueName":"search_term_string"}}],"inLanguage":"pl-PL"},{"@type":"Person","@id":"https:\/\/www.empikfoto.pl\/blog\/#\/schema\/person\/f394adde230a2c78b1d5840ec66c5f5d","name":"Magdalena","image":{"@type":"ImageObject","inLanguage":"pl-PL","@id":"https:\/\/secure.gravatar.com\/avatar\/874b117191fd73f8cc0be164b43f75724363784b2c9d57127c4a7b73181b9ea3?s=96&d=identicon&r=g","url":"https:\/\/secure.gravatar.com\/avatar\/874b117191fd73f8cc0be164b43f75724363784b2c9d57127c4a7b73181b9ea3?s=96&d=identicon&r=g","contentUrl":"https:\/\/secure.gravatar.com\/avatar\/874b117191fd73f8cc0be164b43f75724363784b2c9d57127c4a7b73181b9ea3?s=96&d=identicon&r=g","caption":"Magdalena"},"url":"https:\/\/www.empikfoto.pl\/blog\/author\/magda-em\/"}]}},"amp_enabled":true,"_links":{"self":[{"href":"https:\/\/www.empikfoto.pl\/blog\/wp-json\/wp\/v2\/posts\/14607","targetHints":{"allow":["GET"]}}],"collection":[{"href":"https:\/\/www.empikfoto.pl\/blog\/wp-json\/wp\/v2\/posts"}],"about":[{"href":"https:\/\/www.empikfoto.pl\/blog\/wp-json\/wp\/v2\/types\/post"}],"author":[{"embeddable":true,"href":"https:\/\/www.empikfoto.pl\/blog\/wp-json\/wp\/v2\/users\/24"}],"replies":[{"embeddable":true,"href":"https:\/\/www.empikfoto.pl\/blog\/wp-json\/wp\/v2\/comments?post=14607"}],"version-history":[{"count":4,"href":"https:\/\/www.empikfoto.pl\/blog\/wp-json\/wp\/v2\/posts\/14607\/revisions"}],"predecessor-version":[{"id":14613,"href":"https:\/\/www.empikfoto.pl\/blog\/wp-json\/wp\/v2\/posts\/14607\/revisions\/14613"}],"wp:featuredmedia":[{"embeddable":true,"href":"https:\/\/www.empikfoto.pl\/blog\/wp-json\/wp\/v2\/media\/14609"}],"wp:attachment":[{"href":"https:\/\/www.empikfoto.pl\/blog\/wp-json\/wp\/v2\/media?parent=14607"}],"wp:term":[{"taxonomy":"category","embeddable":true,"href":"https:\/\/www.empikfoto.pl\/blog\/wp-json\/wp\/v2\/categories?post=14607"},{"taxonomy":"post_tag","embeddable":true,"href":"https:\/\/www.empikfoto.pl\/blog\/wp-json\/wp\/v2\/tags?post=14607"}],"curies":[{"name":"wp","href":"https:\/\/api.w.org\/{rel}","templated":true}]}}