{"id":14656,"date":"2025-09-04T10:45:55","date_gmt":"2025-09-04T08:45:55","guid":{"rendered":"https:\/\/www.empikfoto.pl\/blog\/?p=14656"},"modified":"2026-04-28T10:38:53","modified_gmt":"2026-04-28T08:38:53","slug":"pomysly-na-oryginalny-album-z-wakacji","status":"publish","type":"post","link":"https:\/\/www.empikfoto.pl\/blog\/pomysly-na-oryginalny-album-z-wakacji\/","title":{"rendered":"Pomys\u0142y na oryginalny album z wakacji"},"content":{"rendered":"<p><span data-ccp-props=\"{&quot;335559738&quot;:240,&quot;335559739&quot;:240}\">Wrzesie\u0144 to czas, gdy wakacje dobiegaj\u0105 ko\u0144ca, a w pami\u0119ci wci\u0105\u017c mamy \u015bwie\u017ce wspomnienia z letnich podr\u00f3\u017cy. By\u0142 to okres pe\u0142en niezapomnianych przyg\u00f3d, niezwyk\u0142ych widok\u00f3w i wyj\u0105tkowych chwil sp\u0119dzonych z rodzin\u0105 czy przyjaci\u00f3\u0142mi. Ka\u017cde <strong>zdj\u0119cie, notatka czy pami\u0105tka<\/strong> mo\u017ce sta\u0107 si\u0119 cz\u0119\u015bci\u0105 pi\u0119knych wspomnie\u0144, do kt\u00f3rych ch\u0119tnie wracamy przez ca\u0142y rok. Niezale\u017cnie od tego, czy sp\u0119dza\u0142e\u015b czas na <strong>kempingu w lesie<\/strong>, odkrywa\u0142e\u015b <strong>zabytki wielkich miast<\/strong>, czy relaksowa\u0142e\u015b si\u0119 <strong>na pla\u017cy lub nad jeziorem<\/strong>, album z wakacji mo\u017ce sta\u0107 si\u0119 nie tylko miejscem przechowywania zdj\u0119\u0107, ale r\u00f3wnie\u017c kreatywn\u0105 pami\u0105tk\u0105, kt\u00f3ra opowiada histori\u0119 Twoich podr\u00f3\u017cy w osobisty spos\u00f3b. W\u0142a\u015bnie teraz, <strong>na prze\u0142omie lata i jesieni<\/strong>, to doskona\u0142y moment, by <strong>stworzy\u0107 taki album i zatrzyma\u0107 magi\u0119 wakacyjnych chwil na d\u0142u\u017cej. <\/strong><\/span><\/p>\n<p><span data-contrast=\"auto\">Mo\u017cesz wybra\u0107<\/span><b><span data-contrast=\"auto\"> klasyczny album wsuwany, nowoczesn\u0105 fotoksi\u0105\u017ck\u0119<\/span><\/b> lub <b><span data-contrast=\"auto\">kreatywny scrapbook<\/span><\/b><span data-contrast=\"auto\">, w kt\u00f3rym po\u0142\u0105czysz zdj\u0119cia z notatkami, rysunkami i pami\u0105tkami z podr\u00f3\u017cy. W tym wpisie podpowiadamy, jak <\/span><b><span data-contrast=\"auto\">tw\u00f3rczo i oryginalnie<\/span><\/b><span data-contrast=\"auto\"> stworzy\u0107 <\/span><a href=\"https:\/\/www.empikfoto.pl\/albumy-na-zdjecia\"><b><span data-contrast=\"auto\">album z wakacji<\/span><\/b><\/a><span data-contrast=\"auto\">, tak by ka\u017cdy wyjazd zosta\u0142 uwieczniony w niezapomnianej formie.<\/span><span data-ccp-props=\"{&quot;335559738&quot;:240,&quot;335559739&quot;:240}\">\u00a0<\/span><\/p>\n<h2 aria-level=\"2\"><span data-contrast=\"auto\">Fotoksi\u0105\u017cka &#8211; album z wakacji w nowoczesnym wydaniu<\/span><span data-ccp-props=\"{&quot;134245418&quot;:false,&quot;134245529&quot;:false,&quot;335559738&quot;:280,&quot;335559739&quot;:120}\">\u00a0<\/span><\/h2>\n<p><a href=\"https:\/\/www.empikfoto.pl\/fotoksiazki\/tematy\/wakacje\"><b><span data-contrast=\"auto\">Fotoksi\u0105\u017cki<\/span><\/b><\/a> <span data-contrast=\"auto\">to jeden z najwygodniejszych sposob\u00f3w na utrwalenie wakacyjnych wspomnie\u0144. W Empik Foto mo\u017cesz spersonalizowa\u0107 fotoksi\u0105\u017ck\u0119 pod wzgl\u0119dem uk\u0142adu, kolorystyki i dodatkowych element\u00f3w, takich jak teksty, czy kliparty.<\/span><span data-ccp-props=\"{&quot;335559738&quot;:240,&quot;335559739&quot;:240}\">\u00a0<\/span><\/p>\n<p><span data-contrast=\"auto\">Mi\u0142o\u015bnicy miejskich podr\u00f3\u017cy, na przyk\u0142ad wycieczki do Pary\u017ca czy Barcelony, mog\u0105 zastosowa\u0107 <\/span><b><span data-contrast=\"auto\">uk\u0142ad chronologiczny<\/span><\/b><span data-contrast=\"auto\"> i zaprezentowa\u0107 zdj\u0119cia od przyjazdu, przez zwiedzanie najwa\u017cniejszych zabytk\u00f3w, a\u017c po wieczorne spacery ulicami miasta. Ka\u017cda strona mo\u017ce by\u0107 dopasowana do charakteru zdj\u0119cia: szerokie fotografie panoram, detale architektoniczne, uj\u0119cia uliczne z kolorowymi kafejkami czy fontannami. Dodatkowo, warto wple\u015b\u0107 <\/span><b><span data-contrast=\"auto\">kr\u00f3tkie opisy miejsc, ciekawostki, daty i wra\u017cenia z podr\u00f3\u017cy<\/span><\/b><span data-contrast=\"auto\">, kt\u00f3re wprowadz\u0105 odbiorc\u0119 w klimat Twoich wakacji.<\/span><span data-ccp-props=\"{&quot;335559738&quot;:240,&quot;335559739&quot;:240}\">\u00a0<\/span><\/p>\n<p><span data-contrast=\"auto\">Natomiast w przypadku wakacji sp\u0119dzanych na \u0142onie natury, np. kemping w lesie, nad jeziorem lub w g\u00f3rach, fotoksi\u0105\u017cka mo\u017ce przyj\u0105\u0107<\/span><b><span data-contrast=\"auto\"> bardziej swobodny uk\u0142ad<\/span><\/b><span data-contrast=\"auto\">. Wystarczy kilka du\u017cych zdj\u0119\u0107 krajobraz\u00f3w po\u0142\u0105czonych z drobnymi detalami w formie <\/span><b><span data-contrast=\"auto\">grafik i klipart\u00f3w: <\/span><\/b>li\u015bci, rysunk\u00f3w namiot\u00f3w, ma\u0142ych ikon zwi\u0105zanych z przyrod\u0105 czy notatek o obserwowanych zwierz\u0119tach<span data-contrast=\"auto\">. Dzi\u0119ki temu fotoksi\u0105\u017cka stanie si\u0119 nie tylko wizualnym, ale i pe\u0142nym szczeg\u00f3\u0142\u00f3w zapisem wspomnie\u0144.<\/span><span data-ccp-props=\"{&quot;335559738&quot;:240,&quot;335559739&quot;:240}\">\u00a0<\/span><\/p>\n<p><strong>Dowiedz si\u0119 wi\u0119cej o fotoksi\u0105\u017ckach z podr\u00f3\u017cy i stw\u00f3rz w\u0142asn\u0105 kolekcj\u0119 wakacyjnych pami\u0119tnik\u00f3w <a href=\"https:\/\/www.empikfoto.pl\/blog\/fotoksiazka-z-podrozy-stworz-wlasna-kolekcje-pamietnikow-z-wakacji\/\">TUTAJ<\/a>.\u00a0<\/strong><\/p>\n<p><a href=\"https:\/\/www.empikfoto.pl\/fotoksiazki\/tematy\/wakacje\"><img loading=\"lazy\" decoding=\"async\" class=\"aligncenter wp-image-14661 size-large\" src=\"https:\/\/www.empikfoto.pl\/blog\/empikfoto\/2025\/09\/album-z-wakacji-fotoksiazka-e1756975523713-1024x608.jpg\" alt=\"album z wakacji - fotoksi\u0105\u017cka\" width=\"1024\" height=\"608\" srcset=\"https:\/\/www.empikfoto.pl\/blog\/empikfoto\/2025\/09\/album-z-wakacji-fotoksiazka-e1756975523713-1024x608.jpg 1024w, https:\/\/www.empikfoto.pl\/blog\/empikfoto\/2025\/09\/album-z-wakacji-fotoksiazka-e1756975523713-300x178.jpg 300w, https:\/\/www.empikfoto.pl\/blog\/empikfoto\/2025\/09\/album-z-wakacji-fotoksiazka-e1756975523713-768x456.jpg 768w, https:\/\/www.empikfoto.pl\/blog\/empikfoto\/2025\/09\/album-z-wakacji-fotoksiazka-e1756975523713-400x238.jpg 400w, https:\/\/www.empikfoto.pl\/blog\/empikfoto\/2025\/09\/album-z-wakacji-fotoksiazka-e1756975523713.jpg 1417w\" sizes=\"auto, (max-width: 1024px) 100vw, 1024px\" \/><\/a><\/p>\n<h2 aria-level=\"2\"><span data-contrast=\"auto\">Album z wakacji wsuwany &#8211; dla tradycjonalist\u00f3w<\/span><span data-ccp-props=\"{&quot;134245418&quot;:true,&quot;134245529&quot;:true,&quot;335559738&quot;:240,&quot;335559739&quot;:240}\">\u00a0<\/span><\/h2>\n<p><span data-contrast=\"auto\"><a href=\"https:\/\/www.empikfoto.pl\/albumy-na-zdjecia-wsuwane\"><strong>Album wsuwany<\/strong><\/a> to <\/span><b><span data-contrast=\"auto\">klasyczne rozwi\u0105zanie<\/span><\/b><span data-contrast=\"auto\"> dla os\u00f3b, kt\u00f3re ceni\u0105 sobie szybko\u015b\u0107 i wygod\u0119. Zdj\u0119cia umieszcza si\u0119 w specjalnych kieszonkach, dzi\u0119ki czemu <\/span><b><span data-contrast=\"auto\">uk\u0142ad jest gotowy, a zdj\u0119cia bezpiecznie przechowywane<\/span><\/b><span data-contrast=\"auto\">. To \u015bwietny wyb\u00f3r, je\u015bli chcesz w prosty spos\u00f3b zachowa\u0107 wakacyjne wspomnienia, bez konieczno\u015bci dodatkowego wklejania pami\u0105tek czy ozdabiania stron.<\/span><span data-ccp-props=\"{&quot;335559738&quot;:240,&quot;335559739&quot;:240}\">\u00a0<\/span><\/p>\n<h2 aria-level=\"2\"><span data-contrast=\"auto\">Album wklejany i scrapbook &#8211; pe\u0142na dowolno\u015b\u0107 i kreatywno\u015b\u0107<\/span><span data-ccp-props=\"{&quot;134245418&quot;:false,&quot;134245529&quot;:false,&quot;335559738&quot;:280,&quot;335559739&quot;:120}\">\u00a0<\/span><\/h2>\n<p><span data-contrast=\"auto\"><a href=\"https:\/\/www.empikfoto.pl\/albumy-na-zdjecia\/albumy-wklejane\"><strong>Album wklejany<\/strong><\/a> daje wi\u0119ksz\u0105 swobod\u0119 w aran\u017cacji zdj\u0119\u0107 i dodatk\u00f3w. W tego typu albumie mo\u017cesz sam <\/span><b><span data-contrast=\"auto\">decydowa\u0107 o uk\u0142adzie zdj\u0119\u0107, wkleja\u0107 pami\u0105tki <\/span><\/b><span data-contrast=\"auto\">w dowolnej kolejno\u015bci, a nawet <\/span><b><span data-contrast=\"auto\">dodawa\u0107 elementy 3D<\/span><\/b><span data-contrast=\"auto\">, kt\u00f3re nadadz\u0105 przestrzennego charakteru. W\u0142a\u015bciwie album wklejany jest baz\u0105, a <\/span><a href=\"https:\/\/www.empikfoto.pl\/blog\/scrapbooking-czym-sie-je\/\"><b><span data-contrast=\"auto\">scrapbook<\/span><\/b><\/a><span data-contrast=\"auto\"> &#8211; jego artystyczn\u0105, rozbudowan\u0105 wersj\u0105 pe\u0142n\u0105 emocji i wspomnie\u0144.<\/span><span data-ccp-props=\"{&quot;335559738&quot;:240,&quot;335559739&quot;:240}\">\u00a0<\/span><\/p>\n<p><span data-contrast=\"auto\">Do albumu wklejanego idealnie pasuj\u0105 wakacje rodzinne lub wyprawy z przyjaci\u00f3\u0142mi. <\/span><b><span data-contrast=\"auto\">Wsp\u00f3lne zdj\u0119cia, fragmenty map, bilety do muze\u00f3w, znaczki pocztowe,<\/span><\/b><span data-contrast=\"auto\"> a nawet drobne pami\u0105tki, jak <\/span><b><span data-contrast=\"auto\">suszone kwiaty czy muszelk<\/span><\/b><span data-contrast=\"auto\">i, pozwalaj\u0105 odtworzy\u0107 histori\u0119 wakacji w pe\u0142nym wymiarze. Scrapbook mo\u017cna te\u017c prowadzi\u0107 w formie dziennika: przy ka\u017cdym zdj\u0119ciu zapisujesz <\/span><b><span data-contrast=\"auto\">kr\u00f3tk\u0105 histori\u0119 dnia, anegdot\u0119 lub zabawn\u0105 sytuacj\u0119<\/span><\/b><span data-contrast=\"auto\">, dzi\u0119ki czemu album staje si\u0119 interaktywn\u0105 opowie\u015bci\u0105.<\/span><span data-ccp-props=\"{&quot;335559738&quot;:240,&quot;335559739&quot;:240}\">\u00a0<\/span><\/p>\n<h2 aria-level=\"2\"><span data-contrast=\"auto\">Co w \u015brodku &#8211; inspiracje do tworzenia zawarto\u015bci<\/span><span data-ccp-props=\"{&quot;134245418&quot;:false,&quot;134245529&quot;:false,&quot;335559738&quot;:280,&quot;335559739&quot;:120}\">\u00a0<\/span><\/h2>\n<p><span data-contrast=\"auto\">Niezale\u017cnie od tego, jak\u0105 form\u0119 albumu z wakacji wybierzesz, warto pomy\u015ble\u0107 o kilku uniwersalnych elementach, kt\u00f3re uatrakcyjni\u0105 wn\u0119trze:<\/span><span data-ccp-props=\"{&quot;335559738&quot;:240,&quot;335559739&quot;:240}\">\u00a0<\/span><\/p>\n<ol>\n<li aria-setsize=\"-1\" data-leveltext=\"%1.\" data-font=\"\" data-listid=\"2\" data-list-defn-props=\"{&quot;335552541&quot;:0,&quot;335559685&quot;:720,&quot;335559991&quot;:360,&quot;469769242&quot;:[65533,0],&quot;469777803&quot;:&quot;left&quot;,&quot;469777804&quot;:&quot;%1.&quot;,&quot;469777815&quot;:&quot;multilevel&quot;}\" data-aria-posinset=\"1\" data-aria-level=\"1\"><b><span data-contrast=\"auto\">Chronologia lub tematyka<\/span><\/b><span data-contrast=\"auto\"> &#8211; album mo\u017ce by\u0107 prowadzony wed\u0142ug dni wakacji, albo pogrupowany tematycznie: pla\u017ca, g\u00f3ry, zwiedzanie, jedzenie.<\/span><\/li>\n<li aria-setsize=\"-1\" data-leveltext=\"%1.\" data-font=\"\" data-listid=\"2\" data-list-defn-props=\"{&quot;335552541&quot;:0,&quot;335559685&quot;:720,&quot;335559991&quot;:360,&quot;469769242&quot;:[65533,0],&quot;469777803&quot;:&quot;left&quot;,&quot;469777804&quot;:&quot;%1.&quot;,&quot;469777815&quot;:&quot;multilevel&quot;}\" data-aria-posinset=\"1\" data-aria-level=\"1\"><b><span data-contrast=\"auto\">Notatki i wspomnienia<\/span><\/b><span data-contrast=\"auto\"> &#8211; kr\u00f3tkie opisy miejsc, zabawnych sytuacji, dialog\u00f3w lub wra\u017ce\u0144 pomagaj\u0105 zatrzyma\u0107 emocje z podr\u00f3\u017cy.<\/span><\/li>\n<li aria-setsize=\"-1\" data-leveltext=\"%1.\" data-font=\"\" data-listid=\"2\" data-list-defn-props=\"{&quot;335552541&quot;:0,&quot;335559685&quot;:720,&quot;335559991&quot;:360,&quot;469769242&quot;:[65533,0],&quot;469777803&quot;:&quot;left&quot;,&quot;469777804&quot;:&quot;%1.&quot;,&quot;469777815&quot;:&quot;multilevel&quot;}\" data-aria-posinset=\"1\" data-aria-level=\"1\"><b><span data-contrast=\"auto\">Pami\u0105tki i dodatki<\/span><\/b><span data-contrast=\"auto\"> &#8211; bilety, mapy, poczt\u00f3wki, ulotki, muszelki czy suszone li\u015bcie nadadz\u0105 albumowi osobisty charakter.<\/span><\/li>\n<li aria-setsize=\"-1\" data-leveltext=\"%1.\" data-font=\"\" data-listid=\"2\" data-list-defn-props=\"{&quot;335552541&quot;:0,&quot;335559685&quot;:720,&quot;335559991&quot;:360,&quot;469769242&quot;:[65533,0],&quot;469777803&quot;:&quot;left&quot;,&quot;469777804&quot;:&quot;%1.&quot;,&quot;469777815&quot;:&quot;multilevel&quot;}\" data-aria-posinset=\"1\" data-aria-level=\"1\"><b><span data-contrast=\"auto\">Rysunki i ilustracje<\/span><\/b><span data-contrast=\"auto\"> &#8211; dzieci mog\u0105 same tworzy\u0107 mini-szkice, a doro\u015bli wple\u015b\u0107 ma\u0142e grafiki, kt\u00f3re podkre\u015blaj\u0105 charakter wakacji.<\/span><\/li>\n<li aria-setsize=\"-1\" data-leveltext=\"%1.\" data-font=\"\" data-listid=\"2\" data-list-defn-props=\"{&quot;335552541&quot;:0,&quot;335559685&quot;:720,&quot;335559991&quot;:360,&quot;469769242&quot;:[65533,0],&quot;469777803&quot;:&quot;left&quot;,&quot;469777804&quot;:&quot;%1.&quot;,&quot;469777815&quot;:&quot;multilevel&quot;}\" data-aria-posinset=\"1\" data-aria-level=\"1\"><b><span data-contrast=\"auto\">Cytaty i has\u0142a<\/span><\/b><span data-contrast=\"auto\"> &#8211; ulubione powiedzenia, zabawne komentarze, cytaty z przewodnik\u00f3w lub w\u0142asnych obserwacji \u2013 wszystko to nada albumowi narracyjn\u0105 g\u0142\u0119bi\u0119.<\/span><span data-ccp-props=\"{&quot;335559739&quot;:240}\">\u00a0<\/span><\/li>\n<\/ol>\n<h2 aria-level=\"2\"><span data-contrast=\"auto\">Inspiracje w zale\u017cno\u015bci od charakteru wakacji<\/span><span data-ccp-props=\"{&quot;134245418&quot;:false,&quot;134245529&quot;:false,&quot;335559738&quot;:280,&quot;335559739&quot;:120}\">\u00a0<\/span><\/h2>\n<ul>\n<li aria-setsize=\"-1\" data-leveltext=\"\u25cf\" data-font=\"\" data-listid=\"1\" data-list-defn-props=\"{&quot;335552541&quot;:1,&quot;335559685&quot;:720,&quot;335559991&quot;:360,&quot;469769242&quot;:[8226],&quot;469777803&quot;:&quot;left&quot;,&quot;469777804&quot;:&quot;\u25cf&quot;,&quot;469777815&quot;:&quot;multilevel&quot;}\" data-aria-posinset=\"1\" data-aria-level=\"1\"><b><span data-contrast=\"auto\">Kemping w lesie lub nad jeziorem<\/span><\/b><span data-contrast=\"auto\">: naturalne materia\u0142y, r\u0119czne rysunki zwierz\u0105t i ro\u015blin, zdj\u0119cia krajobraz\u00f3w, odciski li\u015bci lub drobne znaleziska z lasu.<\/span><\/li>\n<\/ul>\n<ul>\n<li aria-setsize=\"-1\" data-leveltext=\"\u25cf\" data-font=\"\" data-listid=\"1\" data-list-defn-props=\"{&quot;335552541&quot;:1,&quot;335559685&quot;:720,&quot;335559991&quot;:360,&quot;469769242&quot;:[8226],&quot;469777803&quot;:&quot;left&quot;,&quot;469777804&quot;:&quot;\u25cf&quot;,&quot;469777815&quot;:&quot;multilevel&quot;}\" data-aria-posinset=\"2\" data-aria-level=\"1\"><b><span data-contrast=\"auto\">Podr\u00f3\u017c do miasta<\/span><\/b><span data-contrast=\"auto\">: fotki zabytk\u00f3w, ulic, kawiarenek; mapy, bilety komunikacji miejskiej, poczt\u00f3wki, notatki o lokalnych atrakcjach.<\/span><\/li>\n<\/ul>\n<ul>\n<li aria-setsize=\"-1\" data-leveltext=\"\u25cf\" data-font=\"\" data-listid=\"1\" data-list-defn-props=\"{&quot;335552541&quot;:1,&quot;335559685&quot;:720,&quot;335559991&quot;:360,&quot;469769242&quot;:[8226],&quot;469777803&quot;:&quot;left&quot;,&quot;469777804&quot;:&quot;\u25cf&quot;,&quot;469777815&quot;:&quot;multilevel&quot;}\" data-aria-posinset=\"3\" data-aria-level=\"1\"><b><span data-contrast=\"auto\">Rodzinne wakacje nad morzem<\/span><\/b><span data-contrast=\"auto\">: zdj\u0119cia pla\u017cy i morza, muszelki, drobinki piasku w kopertach, rysunki dzieci\u0119cych budowli z piasku, ulubione cytaty lub piosenki z wakacji.<\/span><\/li>\n<\/ul>\n<ul>\n<li aria-setsize=\"-1\" data-leveltext=\"\u25cf\" data-font=\"\" data-listid=\"1\" data-list-defn-props=\"{&quot;335552541&quot;:1,&quot;335559685&quot;:720,&quot;335559991&quot;:360,&quot;469769242&quot;:[8226],&quot;469777803&quot;:&quot;left&quot;,&quot;469777804&quot;:&quot;\u25cf&quot;,&quot;469777815&quot;:&quot;multilevel&quot;}\" data-aria-posinset=\"4\" data-aria-level=\"1\"><b><span data-contrast=\"auto\">Aktywny wyjazd sportowy<\/span><\/b><span data-contrast=\"auto\">: zdj\u0119cia z tras rowerowych, wspinaczek, kajak\u00f3w; mapki tras; mini-wykresy osi\u0105gni\u0119\u0107 lub odleg\u0142o\u015bci, naklejki sportowe.<\/span><span data-ccp-props=\"{&quot;335559739&quot;:240}\">\u00a0<\/span><\/li>\n<\/ul>\n<h2 aria-level=\"2\"><span data-contrast=\"auto\">Dlaczego warto stworzy\u0107 w\u0142asny album z wakacji?<\/span><span data-ccp-props=\"{&quot;134245418&quot;:false,&quot;134245529&quot;:false,&quot;335559738&quot;:280,&quot;335559739&quot;:120}\">\u00a0<\/span><\/h2>\n<p><span data-contrast=\"auto\">Samodzielne tworzenie albumu z wakacji <\/span><b><span data-contrast=\"auto\">daje ogromn\u0105 satysfakcj\u0119 i mo\u017ce by\u0107 \u015bwietn\u0105 zabaw\u0105 <\/span><\/b><span data-contrast=\"auto\">dla ca\u0142ej rodziny czy grupy przyjaci\u00f3\u0142. Mo\u017cesz dopasowa\u0107 go dok\u0142adnie do swoich potrzeb, podkre\u015bli\u0107 wspomnienia, kt\u00f3re s\u0105 dla Ciebie najwa\u017cniejsze, i zachowa\u0107 je w spos\u00f3b niepowtarzalny. Taki album nie tylko pozwala cieszy\u0107 si\u0119 wspomnieniami, ale te\u017c staje si\u0119 <strong>cenn\u0105 pami\u0105tk\u0105<\/strong>, do kt\u00f3rej ch\u0119tnie wracaj\u0105 wszyscy uczestnicy wakacji.<\/span><span data-ccp-props=\"{&quot;335559738&quot;:240,&quot;335559739&quot;:240}\">\u00a0<\/span><\/p>\n<p>Autorka: Agata Dominiak<\/p>\n","protected":false},"excerpt":{"rendered":"<p>Wrzesie\u0144 to czas, gdy wakacje dobiegaj\u0105 ko\u0144ca, a w pami\u0119ci wci\u0105\u017c mamy \u015bwie\u017ce wspomnienia z letnich podr\u00f3\u017cy. By\u0142 to okres pe\u0142en niezapomnianych przyg\u00f3d, niezwyk\u0142ych widok\u00f3w i wyj\u0105tkowych chwil sp\u0119dzonych z rodzin\u0105 czy przyjaci\u00f3\u0142mi. Ka\u017cde zdj\u0119cie, notatka czy pami\u0105tka mo\u017ce sta\u0107 si\u0119 cz\u0119\u015bci\u0105 pi\u0119knych wspomnie\u0144, do kt\u00f3rych ch\u0119tnie wracamy przez ca\u0142y rok. Niezale\u017cnie od tego, czy sp\u0119dza\u0142e\u015b czas na kempingu w lesie, odkrywa\u0142e\u015b zabytki wielkich miast, czy relaksowa\u0142e\u015b si\u0119 na pla\u017cy lub nad jeziorem, album z wakacji mo\u017ce sta\u0107 si\u0119 nie tylko miejscem przechowywania zdj\u0119\u0107, ale r\u00f3wnie\u017c kreatywn\u0105 pami\u0105tk\u0105, kt\u00f3ra opowiada histori\u0119 Twoich podr\u00f3\u017cy w osobisty spos\u00f3b. W\u0142a\u015bnie teraz, na prze\u0142omie lata i jesieni, to doskona\u0142y moment, by stworzy\u0107 taki album i zatrzyma\u0107 magi\u0119 wakacyjnych chwil na d\u0142u\u017cej. Mo\u017cesz wybra\u0107 klasyczny album wsuwany, nowoczesn\u0105 fotoksi\u0105\u017ck\u0119 lub kreatywny scrapbook, w kt\u00f3rym po\u0142\u0105czysz zdj\u0119cia z notatkami, rysunkami i pami\u0105tkami z podr\u00f3\u017cy. W tym wpisie podpowiadamy, jak tw\u00f3rczo i oryginalnie stworzy\u0107 album z wakacji, tak by ka\u017cdy wyjazd zosta\u0142 uwieczniony w niezapomnianej formie.\u00a0 Fotoksi\u0105\u017cka &#8211; album z wakacji w nowoczesnym wydaniu\u00a0 Fotoksi\u0105\u017cki to jeden z najwygodniejszych sposob\u00f3w na utrwalenie wakacyjnych wspomnie\u0144. W Empik Foto mo\u017cesz spersonalizowa\u0107 fotoksi\u0105\u017ck\u0119 pod wzgl\u0119dem uk\u0142adu, kolorystyki i dodatkowych element\u00f3w, takich jak teksty, czy kliparty.\u00a0 Mi\u0142o\u015bnicy miejskich podr\u00f3\u017cy, na przyk\u0142ad wycieczki do Pary\u017ca czy Barcelony, mog\u0105 zastosowa\u0107 uk\u0142ad chronologiczny i zaprezentowa\u0107 zdj\u0119cia od przyjazdu, przez zwiedzanie najwa\u017cniejszych zabytk\u00f3w, a\u017c po wieczorne spacery ulicami miasta. Ka\u017cda strona mo\u017ce by\u0107 dopasowana do charakteru zdj\u0119cia: szerokie fotografie panoram, detale architektoniczne, uj\u0119cia uliczne z kolorowymi kafejkami czy fontannami. Dodatkowo, warto wple\u015b\u0107 kr\u00f3tkie opisy miejsc, ciekawostki, daty i wra\u017cenia z podr\u00f3\u017cy, kt\u00f3re wprowadz\u0105 odbiorc\u0119 w klimat Twoich wakacji.\u00a0 Natomiast w przypadku wakacji sp\u0119dzanych na \u0142onie natury, np. kemping w lesie, nad jeziorem lub w g\u00f3rach, fotoksi\u0105\u017cka mo\u017ce przyj\u0105\u0107 bardziej swobodny uk\u0142ad. Wystarczy kilka du\u017cych zdj\u0119\u0107 krajobraz\u00f3w po\u0142\u0105czonych z drobnymi detalami w formie grafik i klipart\u00f3w: li\u015bci, rysunk\u00f3w namiot\u00f3w, ma\u0142ych ikon zwi\u0105zanych z przyrod\u0105 czy notatek o obserwowanych zwierz\u0119tach. Dzi\u0119ki temu fotoksi\u0105\u017cka stanie si\u0119 nie tylko wizualnym, ale i pe\u0142nym szczeg\u00f3\u0142\u00f3w zapisem wspomnie\u0144.\u00a0 Dowiedz si\u0119 wi\u0119cej o fotoksi\u0105\u017ckach z podr\u00f3\u017cy i stw\u00f3rz w\u0142asn\u0105 kolekcj\u0119 wakacyjnych pami\u0119tnik\u00f3w TUTAJ.\u00a0 Album z wakacji wsuwany &#8211; dla tradycjonalist\u00f3w\u00a0 Album wsuwany to klasyczne rozwi\u0105zanie dla os\u00f3b, kt\u00f3re ceni\u0105 sobie szybko\u015b\u0107 i wygod\u0119. Zdj\u0119cia umieszcza si\u0119 w specjalnych kieszonkach, dzi\u0119ki czemu uk\u0142ad jest gotowy, a zdj\u0119cia bezpiecznie przechowywane. To \u015bwietny wyb\u00f3r, je\u015bli chcesz w prosty spos\u00f3b zachowa\u0107 wakacyjne wspomnienia, bez konieczno\u015bci dodatkowego wklejania pami\u0105tek czy ozdabiania stron.\u00a0 Album wklejany i scrapbook &#8211; pe\u0142na dowolno\u015b\u0107 i kreatywno\u015b\u0107\u00a0 Album wklejany daje wi\u0119ksz\u0105 swobod\u0119 w aran\u017cacji zdj\u0119\u0107 i dodatk\u00f3w. W tego typu albumie mo\u017cesz sam decydowa\u0107 o uk\u0142adzie zdj\u0119\u0107, wkleja\u0107 pami\u0105tki w dowolnej kolejno\u015bci, a nawet dodawa\u0107 elementy 3D, kt\u00f3re nadadz\u0105 przestrzennego charakteru. W\u0142a\u015bciwie album wklejany jest baz\u0105, a scrapbook &#8211; jego artystyczn\u0105, rozbudowan\u0105 wersj\u0105 pe\u0142n\u0105 emocji i wspomnie\u0144.\u00a0 Do albumu wklejanego idealnie pasuj\u0105 wakacje rodzinne lub wyprawy z przyjaci\u00f3\u0142mi. Wsp\u00f3lne zdj\u0119cia, fragmenty map, bilety do muze\u00f3w, znaczki pocztowe, a nawet drobne pami\u0105tki, jak suszone kwiaty czy muszelki, pozwalaj\u0105 odtworzy\u0107 histori\u0119 wakacji w pe\u0142nym wymiarze. Scrapbook mo\u017cna te\u017c prowadzi\u0107 w formie dziennika: przy ka\u017cdym zdj\u0119ciu zapisujesz kr\u00f3tk\u0105 histori\u0119 dnia, anegdot\u0119 lub zabawn\u0105 sytuacj\u0119, dzi\u0119ki czemu album staje si\u0119 interaktywn\u0105 opowie\u015bci\u0105.\u00a0 Co w \u015brodku &#8211; inspiracje do tworzenia zawarto\u015bci\u00a0 Niezale\u017cnie od tego, jak\u0105 form\u0119 albumu z wakacji wybierzesz, warto pomy\u015ble\u0107 o kilku uniwersalnych elementach, kt\u00f3re uatrakcyjni\u0105 wn\u0119trze:\u00a0 Chronologia lub tematyka &#8211; album mo\u017ce by\u0107 prowadzony wed\u0142ug dni wakacji, albo pogrupowany tematycznie: pla\u017ca, g\u00f3ry, zwiedzanie, jedzenie. Notatki i wspomnienia &#8211; kr\u00f3tkie opisy miejsc, zabawnych sytuacji, dialog\u00f3w lub wra\u017ce\u0144 pomagaj\u0105 zatrzyma\u0107 emocje z podr\u00f3\u017cy. Pami\u0105tki i dodatki &#8211; bilety, mapy, poczt\u00f3wki, ulotki, muszelki czy suszone li\u015bcie nadadz\u0105 albumowi osobisty charakter. Rysunki i ilustracje &#8211; dzieci mog\u0105 same tworzy\u0107 mini-szkice, a doro\u015bli wple\u015b\u0107 ma\u0142e grafiki, kt\u00f3re podkre\u015blaj\u0105 charakter wakacji. Cytaty i has\u0142a &#8211; ulubione powiedzenia, zabawne komentarze, cytaty z przewodnik\u00f3w lub w\u0142asnych obserwacji \u2013 wszystko to nada albumowi narracyjn\u0105 g\u0142\u0119bi\u0119.\u00a0 Inspiracje w zale\u017cno\u015bci od charakteru wakacji\u00a0 Kemping w lesie lub nad jeziorem: naturalne materia\u0142y, r\u0119czne rysunki zwierz\u0105t i ro\u015blin, zdj\u0119cia krajobraz\u00f3w, odciski li\u015bci lub drobne znaleziska z lasu. Podr\u00f3\u017c do miasta: fotki zabytk\u00f3w, ulic, kawiarenek; mapy, bilety komunikacji miejskiej, poczt\u00f3wki, notatki o lokalnych atrakcjach. Rodzinne wakacje nad morzem: zdj\u0119cia pla\u017cy i morza, muszelki, drobinki piasku w kopertach, rysunki dzieci\u0119cych budowli z piasku, ulubione cytaty lub piosenki z wakacji. Aktywny wyjazd sportowy: zdj\u0119cia z tras rowerowych, wspinaczek, kajak\u00f3w; mapki tras; mini-wykresy osi\u0105gni\u0119\u0107 lub odleg\u0142o\u015bci, naklejki sportowe.\u00a0 Dlaczego warto stworzy\u0107 w\u0142asny album z wakacji?\u00a0 Samodzielne tworzenie albumu z wakacji daje ogromn\u0105 satysfakcj\u0119 i mo\u017ce by\u0107 \u015bwietn\u0105 zabaw\u0105 dla ca\u0142ej rodziny czy grupy przyjaci\u00f3\u0142. Mo\u017cesz dopasowa\u0107 go dok\u0142adnie do swoich potrzeb, podkre\u015bli\u0107 wspomnienia, kt\u00f3re s\u0105 dla Ciebie najwa\u017cniejsze, i zachowa\u0107 je w spos\u00f3b niepowtarzalny. Taki album nie tylko pozwala cieszy\u0107 si\u0119 wspomnieniami, ale te\u017c staje si\u0119 cenn\u0105 pami\u0105tk\u0105, do kt\u00f3rej ch\u0119tnie wracaj\u0105 wszyscy uczestnicy wakacji.\u00a0 Autorka: Agata Dominiak<\/p>\n","protected":false},"author":24,"featured_media":14663,"comment_status":"closed","ping_status":"closed","sticky":false,"template":"","format":"standard","meta":{"footnotes":""},"categories":[786],"tags":[1101,1109],"class_list":["post-14656","post","type-post","status-publish","format-standard","has-post-thumbnail","hentry","category-inspiracje","tag-album-na-zdjecia","tag-wakacje"],"yoast_head":"<!-- This site is optimized with the Yoast SEO plugin v27.5 - https:\/\/yoast.com\/product\/yoast-seo-wordpress\/ -->\n<title>Pomys\u0142y na oryginalny album z wakacji | Empik Foto<\/title>\n<meta name=\"description\" content=\"Sprawd\u017a nasze inspiracje na wyj\u0105tkowy album z wakacji w formie fotoksi\u0105\u017cki, klasycznego albumu lub scrapbooka. Zachowaj letnie wspomnienia!\" \/>\n<meta name=\"robots\" content=\"index, follow, max-snippet:-1, max-image-preview:large, max-video-preview:-1\" \/>\n<link rel=\"canonical\" href=\"https:\/\/www.empikfoto.pl\/blog\/pomysly-na-oryginalny-album-z-wakacji\/\" \/>\n<meta property=\"og:locale\" content=\"pl_PL\" \/>\n<meta property=\"og:type\" content=\"article\" \/>\n<meta property=\"og:title\" content=\"Pomys\u0142y na oryginalny album z wakacji | Empik Foto\" \/>\n<meta property=\"og:description\" content=\"Sprawd\u017a nasze inspiracje na wyj\u0105tkowy album z wakacji w formie fotoksi\u0105\u017cki, klasycznego albumu lub scrapbooka. Zachowaj letnie wspomnienia!\" \/>\n<meta property=\"og:url\" content=\"https:\/\/www.empikfoto.pl\/blog\/pomysly-na-oryginalny-album-z-wakacji\/\" \/>\n<meta property=\"og:site_name\" content=\"blog.empikfoto.pl\" \/>\n<meta property=\"article:publisher\" content=\"https:\/\/www.facebook.com\/empikfotopl\/\" \/>\n<meta property=\"article:published_time\" content=\"2025-09-04T08:45:55+00:00\" \/>\n<meta property=\"article:modified_time\" content=\"2026-04-28T08:38:53+00:00\" \/>\n<meta property=\"og:image\" content=\"https:\/\/www.empikfoto.pl\/blog\/empikfoto\/2025\/09\/album-z-wakacji-e1756975226870.jpeg\" \/>\n\t<meta property=\"og:image:width\" content=\"1130\" \/>\n\t<meta property=\"og:image:height\" content=\"726\" \/>\n\t<meta property=\"og:image:type\" content=\"image\/jpeg\" \/>\n<meta name=\"author\" content=\"Magdalena\" \/>\n<meta name=\"twitter:card\" content=\"summary_large_image\" \/>\n<meta name=\"twitter:creator\" content=\"@empikfoto\" \/>\n<meta name=\"twitter:site\" content=\"@empikfoto\" \/>\n<meta name=\"twitter:label1\" content=\"Napisane przez\" \/>\n\t<meta name=\"twitter:data1\" content=\"Magdalena\" \/>\n\t<meta name=\"twitter:label2\" content=\"Szacowany czas czytania\" \/>\n\t<meta name=\"twitter:data2\" content=\"6 minut\" \/>\n<script type=\"application\/ld+json\" class=\"yoast-schema-graph\">{\"@context\":\"https:\\\/\\\/schema.org\",\"@graph\":[{\"@type\":\"Article\",\"@id\":\"https:\\\/\\\/www.empikfoto.pl\\\/blog\\\/pomysly-na-oryginalny-album-z-wakacji\\\/#article\",\"isPartOf\":{\"@id\":\"https:\\\/\\\/www.empikfoto.pl\\\/blog\\\/pomysly-na-oryginalny-album-z-wakacji\\\/\"},\"author\":{\"name\":\"Magdalena\",\"@id\":\"https:\\\/\\\/www.empikfoto.pl\\\/blog\\\/#\\\/schema\\\/person\\\/f394adde230a2c78b1d5840ec66c5f5d\"},\"headline\":\"Pomys\u0142y na oryginalny album z wakacji\",\"datePublished\":\"2025-09-04T08:45:55+00:00\",\"dateModified\":\"2026-04-28T08:38:53+00:00\",\"mainEntityOfPage\":{\"@id\":\"https:\\\/\\\/www.empikfoto.pl\\\/blog\\\/pomysly-na-oryginalny-album-z-wakacji\\\/\"},\"wordCount\":983,\"image\":{\"@id\":\"https:\\\/\\\/www.empikfoto.pl\\\/blog\\\/pomysly-na-oryginalny-album-z-wakacji\\\/#primaryimage\"},\"thumbnailUrl\":\"https:\\\/\\\/www.empikfoto.pl\\\/blog\\\/empikfoto\\\/2025\\\/09\\\/album-z-wakacji-e1756975226870.jpeg\",\"keywords\":[\"album na zdj\u0119cia\",\"wakacje\"],\"articleSection\":[\"INSPIRACJE\"],\"inLanguage\":\"pl-PL\"},{\"@type\":\"WebPage\",\"@id\":\"https:\\\/\\\/www.empikfoto.pl\\\/blog\\\/pomysly-na-oryginalny-album-z-wakacji\\\/\",\"url\":\"https:\\\/\\\/www.empikfoto.pl\\\/blog\\\/pomysly-na-oryginalny-album-z-wakacji\\\/\",\"name\":\"Pomys\u0142y na oryginalny album z wakacji | Empik Foto\",\"isPartOf\":{\"@id\":\"https:\\\/\\\/www.empikfoto.pl\\\/blog\\\/#website\"},\"primaryImageOfPage\":{\"@id\":\"https:\\\/\\\/www.empikfoto.pl\\\/blog\\\/pomysly-na-oryginalny-album-z-wakacji\\\/#primaryimage\"},\"image\":{\"@id\":\"https:\\\/\\\/www.empikfoto.pl\\\/blog\\\/pomysly-na-oryginalny-album-z-wakacji\\\/#primaryimage\"},\"thumbnailUrl\":\"https:\\\/\\\/www.empikfoto.pl\\\/blog\\\/empikfoto\\\/2025\\\/09\\\/album-z-wakacji-e1756975226870.jpeg\",\"datePublished\":\"2025-09-04T08:45:55+00:00\",\"dateModified\":\"2026-04-28T08:38:53+00:00\",\"author\":{\"@id\":\"https:\\\/\\\/www.empikfoto.pl\\\/blog\\\/#\\\/schema\\\/person\\\/f394adde230a2c78b1d5840ec66c5f5d\"},\"description\":\"Sprawd\u017a nasze inspiracje na wyj\u0105tkowy album z wakacji w formie fotoksi\u0105\u017cki, klasycznego albumu lub scrapbooka. Zachowaj letnie wspomnienia!\",\"breadcrumb\":{\"@id\":\"https:\\\/\\\/www.empikfoto.pl\\\/blog\\\/pomysly-na-oryginalny-album-z-wakacji\\\/#breadcrumb\"},\"inLanguage\":\"pl-PL\",\"potentialAction\":[{\"@type\":\"ReadAction\",\"target\":[\"https:\\\/\\\/www.empikfoto.pl\\\/blog\\\/pomysly-na-oryginalny-album-z-wakacji\\\/\"]}]},{\"@type\":\"ImageObject\",\"inLanguage\":\"pl-PL\",\"@id\":\"https:\\\/\\\/www.empikfoto.pl\\\/blog\\\/pomysly-na-oryginalny-album-z-wakacji\\\/#primaryimage\",\"url\":\"https:\\\/\\\/www.empikfoto.pl\\\/blog\\\/empikfoto\\\/2025\\\/09\\\/album-z-wakacji-e1756975226870.jpeg\",\"contentUrl\":\"https:\\\/\\\/www.empikfoto.pl\\\/blog\\\/empikfoto\\\/2025\\\/09\\\/album-z-wakacji-e1756975226870.jpeg\",\"width\":1130,\"height\":726,\"caption\":\"album z wakacji\"},{\"@type\":\"BreadcrumbList\",\"@id\":\"https:\\\/\\\/www.empikfoto.pl\\\/blog\\\/pomysly-na-oryginalny-album-z-wakacji\\\/#breadcrumb\",\"itemListElement\":[{\"@type\":\"ListItem\",\"position\":1,\"name\":\"Strona g\u0142\u00f3wna\",\"item\":\"https:\\\/\\\/www.empikfoto.pl\\\/blog\\\/\"},{\"@type\":\"ListItem\",\"position\":2,\"name\":\"Pomys\u0142y na oryginalny album z wakacji\"}]},{\"@type\":\"WebSite\",\"@id\":\"https:\\\/\\\/www.empikfoto.pl\\\/blog\\\/#website\",\"url\":\"https:\\\/\\\/www.empikfoto.pl\\\/blog\\\/\",\"name\":\"blog.empikfoto.pl\",\"description\":\"Poznaj empikfoto.pl od \u015brodka! Dowiedz si\u0119 wi\u0119cej o odbitkach, fotoksi\u0105\u017ckach i fotografii.\",\"potentialAction\":[{\"@type\":\"SearchAction\",\"target\":{\"@type\":\"EntryPoint\",\"urlTemplate\":\"https:\\\/\\\/www.empikfoto.pl\\\/blog\\\/?s={search_term_string}\"},\"query-input\":{\"@type\":\"PropertyValueSpecification\",\"valueRequired\":true,\"valueName\":\"search_term_string\"}}],\"inLanguage\":\"pl-PL\"},{\"@type\":\"Person\",\"@id\":\"https:\\\/\\\/www.empikfoto.pl\\\/blog\\\/#\\\/schema\\\/person\\\/f394adde230a2c78b1d5840ec66c5f5d\",\"name\":\"Magdalena\",\"image\":{\"@type\":\"ImageObject\",\"inLanguage\":\"pl-PL\",\"@id\":\"https:\\\/\\\/secure.gravatar.com\\\/avatar\\\/874b117191fd73f8cc0be164b43f75724363784b2c9d57127c4a7b73181b9ea3?s=96&d=identicon&r=g\",\"url\":\"https:\\\/\\\/secure.gravatar.com\\\/avatar\\\/874b117191fd73f8cc0be164b43f75724363784b2c9d57127c4a7b73181b9ea3?s=96&d=identicon&r=g\",\"contentUrl\":\"https:\\\/\\\/secure.gravatar.com\\\/avatar\\\/874b117191fd73f8cc0be164b43f75724363784b2c9d57127c4a7b73181b9ea3?s=96&d=identicon&r=g\",\"caption\":\"Magdalena\"},\"url\":\"https:\\\/\\\/www.empikfoto.pl\\\/blog\\\/author\\\/magda-em\\\/\"}]}<\/script>\n<!-- \/ Yoast SEO plugin. -->","yoast_head_json":{"title":"Pomys\u0142y na oryginalny album z wakacji | Empik Foto","description":"Sprawd\u017a nasze inspiracje na wyj\u0105tkowy album z wakacji w formie fotoksi\u0105\u017cki, klasycznego albumu lub scrapbooka. Zachowaj letnie wspomnienia!","robots":{"index":"index","follow":"follow","max-snippet":"max-snippet:-1","max-image-preview":"max-image-preview:large","max-video-preview":"max-video-preview:-1"},"canonical":"https:\/\/www.empikfoto.pl\/blog\/pomysly-na-oryginalny-album-z-wakacji\/","og_locale":"pl_PL","og_type":"article","og_title":"Pomys\u0142y na oryginalny album z wakacji | Empik Foto","og_description":"Sprawd\u017a nasze inspiracje na wyj\u0105tkowy album z wakacji w formie fotoksi\u0105\u017cki, klasycznego albumu lub scrapbooka. Zachowaj letnie wspomnienia!","og_url":"https:\/\/www.empikfoto.pl\/blog\/pomysly-na-oryginalny-album-z-wakacji\/","og_site_name":"blog.empikfoto.pl","article_publisher":"https:\/\/www.facebook.com\/empikfotopl\/","article_published_time":"2025-09-04T08:45:55+00:00","article_modified_time":"2026-04-28T08:38:53+00:00","og_image":[{"width":1130,"height":726,"url":"https:\/\/www.empikfoto.pl\/blog\/empikfoto\/2025\/09\/album-z-wakacji-e1756975226870.jpeg","type":"image\/jpeg"}],"author":"Magdalena","twitter_card":"summary_large_image","twitter_creator":"@empikfoto","twitter_site":"@empikfoto","twitter_misc":{"Napisane przez":"Magdalena","Szacowany czas czytania":"6 minut"},"schema":{"@context":"https:\/\/schema.org","@graph":[{"@type":"Article","@id":"https:\/\/www.empikfoto.pl\/blog\/pomysly-na-oryginalny-album-z-wakacji\/#article","isPartOf":{"@id":"https:\/\/www.empikfoto.pl\/blog\/pomysly-na-oryginalny-album-z-wakacji\/"},"author":{"name":"Magdalena","@id":"https:\/\/www.empikfoto.pl\/blog\/#\/schema\/person\/f394adde230a2c78b1d5840ec66c5f5d"},"headline":"Pomys\u0142y na oryginalny album z wakacji","datePublished":"2025-09-04T08:45:55+00:00","dateModified":"2026-04-28T08:38:53+00:00","mainEntityOfPage":{"@id":"https:\/\/www.empikfoto.pl\/blog\/pomysly-na-oryginalny-album-z-wakacji\/"},"wordCount":983,"image":{"@id":"https:\/\/www.empikfoto.pl\/blog\/pomysly-na-oryginalny-album-z-wakacji\/#primaryimage"},"thumbnailUrl":"https:\/\/www.empikfoto.pl\/blog\/empikfoto\/2025\/09\/album-z-wakacji-e1756975226870.jpeg","keywords":["album na zdj\u0119cia","wakacje"],"articleSection":["INSPIRACJE"],"inLanguage":"pl-PL"},{"@type":"WebPage","@id":"https:\/\/www.empikfoto.pl\/blog\/pomysly-na-oryginalny-album-z-wakacji\/","url":"https:\/\/www.empikfoto.pl\/blog\/pomysly-na-oryginalny-album-z-wakacji\/","name":"Pomys\u0142y na oryginalny album z wakacji | Empik Foto","isPartOf":{"@id":"https:\/\/www.empikfoto.pl\/blog\/#website"},"primaryImageOfPage":{"@id":"https:\/\/www.empikfoto.pl\/blog\/pomysly-na-oryginalny-album-z-wakacji\/#primaryimage"},"image":{"@id":"https:\/\/www.empikfoto.pl\/blog\/pomysly-na-oryginalny-album-z-wakacji\/#primaryimage"},"thumbnailUrl":"https:\/\/www.empikfoto.pl\/blog\/empikfoto\/2025\/09\/album-z-wakacji-e1756975226870.jpeg","datePublished":"2025-09-04T08:45:55+00:00","dateModified":"2026-04-28T08:38:53+00:00","author":{"@id":"https:\/\/www.empikfoto.pl\/blog\/#\/schema\/person\/f394adde230a2c78b1d5840ec66c5f5d"},"description":"Sprawd\u017a nasze inspiracje na wyj\u0105tkowy album z wakacji w formie fotoksi\u0105\u017cki, klasycznego albumu lub scrapbooka. Zachowaj letnie wspomnienia!","breadcrumb":{"@id":"https:\/\/www.empikfoto.pl\/blog\/pomysly-na-oryginalny-album-z-wakacji\/#breadcrumb"},"inLanguage":"pl-PL","potentialAction":[{"@type":"ReadAction","target":["https:\/\/www.empikfoto.pl\/blog\/pomysly-na-oryginalny-album-z-wakacji\/"]}]},{"@type":"ImageObject","inLanguage":"pl-PL","@id":"https:\/\/www.empikfoto.pl\/blog\/pomysly-na-oryginalny-album-z-wakacji\/#primaryimage","url":"https:\/\/www.empikfoto.pl\/blog\/empikfoto\/2025\/09\/album-z-wakacji-e1756975226870.jpeg","contentUrl":"https:\/\/www.empikfoto.pl\/blog\/empikfoto\/2025\/09\/album-z-wakacji-e1756975226870.jpeg","width":1130,"height":726,"caption":"album z wakacji"},{"@type":"BreadcrumbList","@id":"https:\/\/www.empikfoto.pl\/blog\/pomysly-na-oryginalny-album-z-wakacji\/#breadcrumb","itemListElement":[{"@type":"ListItem","position":1,"name":"Strona g\u0142\u00f3wna","item":"https:\/\/www.empikfoto.pl\/blog\/"},{"@type":"ListItem","position":2,"name":"Pomys\u0142y na oryginalny album z wakacji"}]},{"@type":"WebSite","@id":"https:\/\/www.empikfoto.pl\/blog\/#website","url":"https:\/\/www.empikfoto.pl\/blog\/","name":"blog.empikfoto.pl","description":"Poznaj empikfoto.pl od \u015brodka! Dowiedz si\u0119 wi\u0119cej o odbitkach, fotoksi\u0105\u017ckach i fotografii.","potentialAction":[{"@type":"SearchAction","target":{"@type":"EntryPoint","urlTemplate":"https:\/\/www.empikfoto.pl\/blog\/?s={search_term_string}"},"query-input":{"@type":"PropertyValueSpecification","valueRequired":true,"valueName":"search_term_string"}}],"inLanguage":"pl-PL"},{"@type":"Person","@id":"https:\/\/www.empikfoto.pl\/blog\/#\/schema\/person\/f394adde230a2c78b1d5840ec66c5f5d","name":"Magdalena","image":{"@type":"ImageObject","inLanguage":"pl-PL","@id":"https:\/\/secure.gravatar.com\/avatar\/874b117191fd73f8cc0be164b43f75724363784b2c9d57127c4a7b73181b9ea3?s=96&d=identicon&r=g","url":"https:\/\/secure.gravatar.com\/avatar\/874b117191fd73f8cc0be164b43f75724363784b2c9d57127c4a7b73181b9ea3?s=96&d=identicon&r=g","contentUrl":"https:\/\/secure.gravatar.com\/avatar\/874b117191fd73f8cc0be164b43f75724363784b2c9d57127c4a7b73181b9ea3?s=96&d=identicon&r=g","caption":"Magdalena"},"url":"https:\/\/www.empikfoto.pl\/blog\/author\/magda-em\/"}]}},"amp_enabled":true,"_links":{"self":[{"href":"https:\/\/www.empikfoto.pl\/blog\/wp-json\/wp\/v2\/posts\/14656","targetHints":{"allow":["GET"]}}],"collection":[{"href":"https:\/\/www.empikfoto.pl\/blog\/wp-json\/wp\/v2\/posts"}],"about":[{"href":"https:\/\/www.empikfoto.pl\/blog\/wp-json\/wp\/v2\/types\/post"}],"author":[{"embeddable":true,"href":"https:\/\/www.empikfoto.pl\/blog\/wp-json\/wp\/v2\/users\/24"}],"replies":[{"embeddable":true,"href":"https:\/\/www.empikfoto.pl\/blog\/wp-json\/wp\/v2\/comments?post=14656"}],"version-history":[{"count":8,"href":"https:\/\/www.empikfoto.pl\/blog\/wp-json\/wp\/v2\/posts\/14656\/revisions"}],"predecessor-version":[{"id":14982,"href":"https:\/\/www.empikfoto.pl\/blog\/wp-json\/wp\/v2\/posts\/14656\/revisions\/14982"}],"wp:featuredmedia":[{"embeddable":true,"href":"https:\/\/www.empikfoto.pl\/blog\/wp-json\/wp\/v2\/media\/14663"}],"wp:attachment":[{"href":"https:\/\/www.empikfoto.pl\/blog\/wp-json\/wp\/v2\/media?parent=14656"}],"wp:term":[{"taxonomy":"category","embeddable":true,"href":"https:\/\/www.empikfoto.pl\/blog\/wp-json\/wp\/v2\/categories?post=14656"},{"taxonomy":"post_tag","embeddable":true,"href":"https:\/\/www.empikfoto.pl\/blog\/wp-json\/wp\/v2\/tags?post=14656"}],"curies":[{"name":"wp","href":"https:\/\/api.w.org\/{rel}","templated":true}]}}