{"id":14667,"date":"2025-09-10T14:10:27","date_gmt":"2025-09-10T12:10:27","guid":{"rendered":"https:\/\/www.empikfoto.pl\/blog\/?p=14667"},"modified":"2025-09-10T14:10:28","modified_gmt":"2025-09-10T12:10:28","slug":"harmonijka-ze-zdjec-wspomnienia-w-formacie-mini","status":"publish","type":"post","link":"https:\/\/www.empikfoto.pl\/blog\/harmonijka-ze-zdjec-wspomnienia-w-formacie-mini\/","title":{"rendered":"Harmonijka ze zdj\u0119\u0107 &#8211; wspomnienia w formacie mini!"},"content":{"rendered":"<p><span data-contrast=\"auto\">Niekt\u00f3re drobiazgi potrafi\u0105 pomie\u015bci\u0107 ca\u0142\u0105 opowie\u015b\u0107. Takie w\u0142a\u015bnie s\u0105 <\/span><b><span data-contrast=\"auto\">minialbumy fotograficzne w formie harmonijki <\/span><\/b><span data-contrast=\"auto\">&#8211; niewielkie, a jednak pe\u0142ne mocy. Przypominaj\u0105 najpi\u0119kniejsze chwile i staj\u0105 si\u0119 osobist\u0105 pami\u0105tk\u0105, kt\u00f3r\u0105 zawsze mo\u017cna mie\u0107 przy sobie. W czasach, gdy wi\u0119kszo\u015b\u0107 zdj\u0119\u0107 przechowujemy w telefonach i w chmurze, taki materialny drobiazg mo\u017ce mie\u0107 wyj\u0105tkow\u0105 warto\u015b\u0107. Mo\u017cna go dotkn\u0105\u0107, obejrze\u0107 bez po\u015bpiechu i wraca\u0107 do ulubionych moment\u00f3w tak cz\u0119sto, jak si\u0119 chce.<\/span><span data-ccp-props=\"{}\">\u00a0<\/span><\/p>\n<h2 aria-level=\"2\"><span data-contrast=\"auto\">Czym jest harmonijka ze zdj\u0119\u0107?<\/span><span data-ccp-props=\"{&quot;134245418&quot;:true,&quot;134245529&quot;:true,&quot;335559738&quot;:360,&quot;335559739&quot;:120}\">\u00a0<\/span><\/h2>\n<p><span data-contrast=\"auto\"><a href=\"https:\/\/www.empikfoto.pl\/harmonijka-ze-zdjec\"><strong>Harmonijka ze zdj\u0119\u0107<\/strong><\/a> to <\/span><b><span data-contrast=\"auto\">ma\u0142y albumik<\/span><\/b>, kt\u00f3rego strony sk\u0142adaj\u0105 si\u0119 jak akordeon<span data-contrast=\"auto\">. Ka\u017cdy panel to miejsce na inne zdj\u0119cie, a razem tworz\u0105 <\/span><b><span data-contrast=\"auto\">seri\u0119 kadr\u00f3w uk\u0142adaj\u0105cych si\u0119 w histori\u0119<\/span><\/b><span data-contrast=\"auto\">. Wystarczy dobra\u0107 kilka fotografii i u\u0142o\u017cy\u0107 je w odpowiedniej kolejno\u015bci, by powsta\u0142a opowie\u015b\u0107 o wyj\u0105tkowych chwilach. Harmonijk\u0119 mo\u017cna schowa\u0107 do <\/span><b><span data-contrast=\"auto\">torebki, plecaka czy szuflady biurka<\/span><\/b><span data-contrast=\"auto\">, a w odpowiednim momencie roz\u0142o\u017cy\u0107 i da\u0107 si\u0119 porwa\u0107 wspomnieniom.\u00a0<\/span><span data-ccp-props=\"{}\">\u00a0<\/span><\/p>\n<p><span data-contrast=\"auto\">Korzystaj\u0105c z <\/span><b><span data-contrast=\"auto\"><a href=\"https:\/\/www.empikfoto.pl\/harmonijka,twoj-projekt\">prostego kreatora online<\/a> w<\/span><\/b><span data-contrast=\"auto\">\u00a0<strong>Empik Foto<\/strong>, mo\u017cesz w kilka minut stworzy\u0107 w\u0142asn\u0105 harmonijk\u0119. Wybierasz zdj\u0119cia, projektujesz uk\u0142ad lub wybierasz jeden z dedykowanych szablon\u00f3w i odbierasz gotowy, elegancko wykonany album. Harmonijka wykonana jest z <\/span><b><span data-contrast=\"auto\">papieru kredowego b\u0142yszcz\u0105cego 250 g<\/span><\/b><span data-contrast=\"auto\">, co gwarantuje intensywno\u015b\u0107 kolor\u00f3w i trwa\u0142o\u015b\u0107 wydruku. Produkt posiada<\/span><b><span data-contrast=\"auto\"> 7 stron o wymiarze 9 x 14 cm<\/span><\/b><span data-contrast=\"auto\">, kt\u00f3re mo\u017cna w pe\u0142ni spersonalizowa\u0107. Ka\u017cda strona pomie\u015bci zdj\u0119cia, kr\u00f3tkie napisy i elementy graficzne. Jej wymiary po roz\u0142o\u017ceniu to 70 x 14 cm, dzi\u0119ki czemu w pe\u0142ni prezentuje ca\u0142\u0105 histori\u0119. Personalizacja jest mo\u017cliwa po jednej stronie produktu, a ca\u0142o\u015b\u0107 pakowana jest w eleganckie, <\/span><b><span data-contrast=\"auto\">papierowe etui typu \u201esleeve<\/span><\/b><span data-contrast=\"auto\">\u201d, co sprawia, \u017ce album \u015bwietnie sprawdza si\u0119 jako prezent.<\/span><span data-ccp-props=\"{}\">\u00a0<\/span><\/p>\n<h2 aria-level=\"2\"><span data-contrast=\"auto\">Idealny prezent i kreatywna pami\u0105tka<\/span><span data-ccp-props=\"{&quot;134245418&quot;:true,&quot;134245529&quot;:true,&quot;335559738&quot;:360,&quot;335559739&quot;:120}\">\u00a0<\/span><\/h2>\n<p><span data-contrast=\"auto\">Harmonijka ze zdj\u0119\u0107 sprawdza si\u0119 jako drobny, a jednocze\u015bnie bardzo osobisty prezent. Mo\u017ce by\u0107 <\/span><b><span data-contrast=\"auto\">upominkiem dla rodzic\u00f3w z okazji narodzin dziecka, pami\u0105tk\u0105 dla \u015bwiadk\u00f3w lub druhen po \u015blubie, subtelnym \u201edzi\u0119kuj\u0119\u201d dla dziadk\u00f3w<\/span><\/b><span data-contrast=\"auto\">, a tak\u017ce wyj\u0105tkowym gestem <\/span><b><span data-contrast=\"auto\">na Dzie\u0144 Matki, rocznic\u0119, walentynki czy prezent dla przyjaci\u00f3\u0142ki<\/span><\/b><span data-contrast=\"auto\">. To jeden z tych drobiazg\u00f3w, kt\u00f3re pokazuj\u0105, \u017ce w\u0142o\u017cyli\u015bmy w nie serce i czas. Dzi\u0119ki temu, \u017ce w Empik Foto mo\u017cna samodzielnie zaprojektowa\u0107 harmonijk\u0119 online i nada\u0107 jej indywidualny charakter, taki prezent staje si\u0119 jeszcze bardziej unikalny.<\/span><span data-ccp-props=\"{}\">\u00a0<\/span><\/p>\n<p><span data-contrast=\"auto\">Harmonijka ze zdj\u0119\u0107 pozwala zatrzyma\u0107 codzienne, ulotne chwile takie, jak <\/span><b><span data-contrast=\"auto\">u\u015bmiech dziecka, zach\u00f3d s\u0142o\u0144ca, porann\u0105 kaw\u0119 czy spacer z przyjaci\u00f3\u0142mi<\/span><\/b><span data-contrast=\"auto\">. Dzi\u0119ki temu, \u017ce mo\u017cesz je trzyma\u0107 w r\u0119kach wspomnienia staj\u0105 si\u0119 <\/span><b><span data-contrast=\"auto\">bardziej namacalne i pe\u0142ne emocji<\/span><\/b><span data-contrast=\"auto\">. Mo\u017cna komponowa\u0107 <\/span><b><span data-contrast=\"auto\">zdj\u0119cia chronologicznie<\/span><\/b><span data-contrast=\"auto\">, tworzy\u0107 <\/span><b><span data-contrast=\"auto\">miniopowie\u015bci tematyczne<\/span><\/b><span data-contrast=\"auto\"> lub <\/span><b><span data-contrast=\"auto\">miesza\u0107 kadry z r\u00f3\u017cnych wydarze\u0144<\/span><\/b><span data-contrast=\"auto\">. Dodatkowo warto uzupe\u0142ni\u0107 album kr\u00f3tkimi notatkami, podpisami czy elementami graficznymi, dzi\u0119ki kt\u00f3rym ka\u017cdy egzemplarz stanie si\u0119 jedyny w swoim rodzaju.<\/span><span data-ccp-props=\"{}\">\u00a0<\/span><\/p>\n<p><a href=\"https:\/\/www.empikfoto.pl\/harmonijka-ze-zdjec\"><img loading=\"lazy\" decoding=\"async\" class=\"aligncenter size-large wp-image-14672\" src=\"https:\/\/www.empikfoto.pl\/blog\/empikfoto\/2025\/09\/harmonijka-ze-zdjec-2-1024x717.jpg\" alt=\"harmonijki ze zdj\u0119\u0107\" width=\"1024\" height=\"717\" srcset=\"https:\/\/www.empikfoto.pl\/blog\/empikfoto\/2025\/09\/harmonijka-ze-zdjec-2-1024x717.jpg 1024w, https:\/\/www.empikfoto.pl\/blog\/empikfoto\/2025\/09\/harmonijka-ze-zdjec-2-300x210.jpg 300w, https:\/\/www.empikfoto.pl\/blog\/empikfoto\/2025\/09\/harmonijka-ze-zdjec-2-768x538.jpg 768w, https:\/\/www.empikfoto.pl\/blog\/empikfoto\/2025\/09\/harmonijka-ze-zdjec-2-283x198.jpg 283w, https:\/\/www.empikfoto.pl\/blog\/empikfoto\/2025\/09\/harmonijka-ze-zdjec-2-400x280.jpg 400w, https:\/\/www.empikfoto.pl\/blog\/empikfoto\/2025\/09\/harmonijka-ze-zdjec-2.jpg 1344w\" sizes=\"auto, (max-width: 1024px) 100vw, 1024px\" \/><\/a><\/p>\n<h2 aria-level=\"2\"><span data-contrast=\"auto\">Harmonijka jako narz\u0119dzie biznesowe<\/span><span data-ccp-props=\"{&quot;134245418&quot;:true,&quot;134245529&quot;:true,&quot;335559738&quot;:360,&quot;335559739&quot;:120}\">\u00a0<\/span><\/h2>\n<p><span data-contrast=\"auto\">Harmonijki ze zdj\u0119\u0107 mog\u0105 pe\u0142ni\u0107 wiele funkcji, od pami\u0105tki po skuteczne narz\u0119dzie biznesowe. <\/span><b><span data-contrast=\"auto\">W pracy fotografa<\/span><\/b><span data-contrast=\"auto\"> pozwalaj\u0105 podnie\u015b\u0107 atrakcyjno\u015b\u0107 zam\u00f3wienia, budowa\u0107 wi\u0119\u017a z klientem i pokaza\u0107 dba\u0142o\u015b\u0107 o detale. Fotografowie cz\u0119sto przygotowuj\u0105 je samodzielnie, drukuj\u0105c zdj\u0119cia i sk\u0142adaj\u0105c je w harmonijkowe minialbumy, dzi\u0119ki czemu maj\u0105 pe\u0142n\u0105 kontrol\u0119 nad formatem, papierem i stylem wyko\u0144czenia.\u00a0<\/span><span data-ccp-props=\"{}\">\u00a0<\/span><\/p>\n<p><span data-contrast=\"auto\">Jednocze\u015bnie <\/span><b><span data-contrast=\"auto\">gotowe rozwi\u0105zania<\/span><\/b><span data-contrast=\"auto\">, takie jak te dost\u0119pne w Empik Foto, umo\u017cliwiaj\u0105 szybkie zam\u00f3wienie harmonijki, gdy liczy si\u0119 czas lub potrzebna jest wi\u0119ksza ilo\u015b\u0107 egzemplarzy. Minialbum sprawdza si\u0119 jako <\/span><b><span data-contrast=\"auto\">elegancki upominek firmowy, gad\u017cet promocyjny, pami\u0105tka z eventu<\/span><\/b><span data-contrast=\"auto\"> czy <\/span><b><span data-contrast=\"auto\">materia\u0142 do komunikacji wizualnej<\/span><\/b><span data-contrast=\"auto\">. Mo\u017cna go \u0142\u0105czy\u0107 z innymi produktami, tworzy\u0107 zestawy, traktowa\u0107 jako \u201ewizyt\u00f3wk\u0119\u201d swojego biznesu lub jako <\/span><b><span data-contrast=\"auto\">przeno\u015bne portfolio<\/span><\/b><span data-contrast=\"auto\">, prezentuj\u0105ce klientom zdj\u0119cia, projekty artystyczne czy inne realizacje.<\/span><span data-ccp-props=\"{}\">\u00a0<\/span><\/p>\n<p><span data-contrast=\"auto\">Harmonijka ze zdj\u0119\u0107 to prosty spos\u00f3b, by wzbogaci\u0107 ofert\u0119, <\/span><b><span data-contrast=\"auto\">wyr\u00f3\u017cni\u0107 si\u0119 na tle konkurencji<\/span><\/b><span data-contrast=\"auto\"> i da\u0107 odbiorcom pow\u00f3d, by wraca\u0107 po wi\u0119cej.<\/span><span data-ccp-props=\"{}\">\u00a0<\/span><\/p>\n<h2 aria-level=\"2\"><span data-contrast=\"auto\">Harmonijka ze zdj\u0119\u0107 &#8211; dlaczego warto?<\/span><span data-ccp-props=\"{&quot;134245418&quot;:true,&quot;134245529&quot;:true,&quot;335559738&quot;:360,&quot;335559739&quot;:120}\">\u00a0<\/span><\/h2>\n<p><span data-contrast=\"auto\">Mini album w postaci harmonijki pozwala <\/span><b><span data-contrast=\"auto\">zatrzyma\u0107 i w pe\u0142ni wyeksponowa\u0107 wspomnienia<\/span><\/b><span data-contrast=\"auto\">, zar\u00f3wno te wa\u017cne, jak i zwyk\u0142e, ulotne chwile dnia codziennego. Po roz\u0142o\u017ceniu prezentuje ca\u0142\u0105 histori\u0119 w jednym spojrzeniu, a eleganckie etui typu \u201esleeve\u201d sprawia, \u017ce od razu jest gotowa do wr\u0119czenia jako prezent.<\/span><span data-ccp-props=\"{}\">\u00a0<\/span><\/p>\n<p><span data-contrast=\"auto\">Minialbum w formie harmonijki zachwyca nie tylko form\u0105, ale te\u017c trwa\u0142o\u015bci\u0105.<\/span><b><span data-contrast=\"auto\"> Wysokiej jako\u015bci papier i staranny druk<\/span><\/b><span data-contrast=\"auto\"> gwarantuj\u0105 intensywne kolory i efektowny wygl\u0105d zdj\u0119\u0107 przez d\u0142ugi czas. Mo\u017cliwo\u015b\u0107 personalizacji pozwala stworzy\u0107 album wyj\u0105tkowy, <\/span><b><span data-contrast=\"auto\">dopasowany do w\u0142asnego stylu lub okazji.<\/span><\/b><span data-contrast=\"auto\"> Dodaj\u0105c napisy, kr\u00f3tkie notatki czy elementy graficzne, ka\u017cdy egzemplarz staje si\u0119 niepowtarzalny.<\/span><span data-ccp-props=\"{}\">\u00a0<\/span><\/p>\n<p><span data-contrast=\"auto\">Harmonijka ze zdj\u0119\u0107 to oryginalny spos\u00f3b na dzielenie si\u0119 wspomnieniami, ale te\u017c projektami i materia\u0142ami promocyjnymi. Mo\u017cna j\u0105 pokaza\u0107 <\/span><b><span data-contrast=\"auto\">rodzinie, przyjacio\u0142om, klientom lub wsp\u00f3\u0142pracownikom<\/span><\/b><span data-contrast=\"auto\">, zar\u00f3wno w podr\u00f3\u017cy, w domu, jak i podczas spotka\u0144. Dla fotografa lub tw\u00f3rcy mo\u017ce pe\u0142ni\u0107 rol\u0119 <\/span><b><span data-contrast=\"auto\">przeno\u015bnego portfolio<\/span><\/b><span data-contrast=\"auto\">, a dla firm stanowi <\/span><b><span data-contrast=\"auto\">eleganckie narz\u0119dzie komunikacji wizualnej<\/span><\/b><span data-contrast=\"auto\">.<\/span><\/p>\n","protected":false},"excerpt":{"rendered":"<p>Niekt\u00f3re drobiazgi potrafi\u0105 pomie\u015bci\u0107 ca\u0142\u0105 opowie\u015b\u0107. Takie w\u0142a\u015bnie s\u0105 minialbumy fotograficzne w formie harmonijki &#8211; niewielkie, a jednak pe\u0142ne mocy. Przypominaj\u0105 najpi\u0119kniejsze chwile i staj\u0105 si\u0119 osobist\u0105 pami\u0105tk\u0105, kt\u00f3r\u0105 zawsze mo\u017cna mie\u0107 przy sobie. W czasach, gdy wi\u0119kszo\u015b\u0107 zdj\u0119\u0107 przechowujemy w telefonach i w chmurze, taki materialny drobiazg mo\u017ce mie\u0107 wyj\u0105tkow\u0105 warto\u015b\u0107. Mo\u017cna go dotkn\u0105\u0107, obejrze\u0107 bez po\u015bpiechu i wraca\u0107 do ulubionych moment\u00f3w tak cz\u0119sto, jak si\u0119 chce.\u00a0 Czym jest harmonijka ze zdj\u0119\u0107?\u00a0 Harmonijka ze zdj\u0119\u0107 to ma\u0142y albumik, kt\u00f3rego strony sk\u0142adaj\u0105 si\u0119 jak akordeon. Ka\u017cdy panel to miejsce na inne zdj\u0119cie, a razem tworz\u0105 seri\u0119 kadr\u00f3w uk\u0142adaj\u0105cych si\u0119 w histori\u0119. Wystarczy dobra\u0107 kilka fotografii i u\u0142o\u017cy\u0107 je w odpowiedniej kolejno\u015bci, by powsta\u0142a opowie\u015b\u0107 o wyj\u0105tkowych chwilach. Harmonijk\u0119 mo\u017cna schowa\u0107 do torebki, plecaka czy szuflady biurka, a w odpowiednim momencie roz\u0142o\u017cy\u0107 i da\u0107 si\u0119 porwa\u0107 wspomnieniom.\u00a0\u00a0 Korzystaj\u0105c z prostego kreatora online w\u00a0Empik Foto, mo\u017cesz w kilka minut stworzy\u0107 w\u0142asn\u0105 harmonijk\u0119. Wybierasz zdj\u0119cia, projektujesz uk\u0142ad lub wybierasz jeden z dedykowanych szablon\u00f3w i odbierasz gotowy, elegancko wykonany album. Harmonijka wykonana jest z papieru kredowego b\u0142yszcz\u0105cego 250 g, co gwarantuje intensywno\u015b\u0107 kolor\u00f3w i trwa\u0142o\u015b\u0107 wydruku. Produkt posiada 7 stron o wymiarze 9 x 14 cm, kt\u00f3re mo\u017cna w pe\u0142ni spersonalizowa\u0107. Ka\u017cda strona pomie\u015bci zdj\u0119cia, kr\u00f3tkie napisy i elementy graficzne. Jej wymiary po roz\u0142o\u017ceniu to 70 x 14 cm, dzi\u0119ki czemu w pe\u0142ni prezentuje ca\u0142\u0105 histori\u0119. Personalizacja jest mo\u017cliwa po jednej stronie produktu, a ca\u0142o\u015b\u0107 pakowana jest w eleganckie, papierowe etui typu \u201esleeve\u201d, co sprawia, \u017ce album \u015bwietnie sprawdza si\u0119 jako prezent.\u00a0 Idealny prezent i kreatywna pami\u0105tka\u00a0 Harmonijka ze zdj\u0119\u0107 sprawdza si\u0119 jako drobny, a jednocze\u015bnie bardzo osobisty prezent. Mo\u017ce by\u0107 upominkiem dla rodzic\u00f3w z okazji narodzin dziecka, pami\u0105tk\u0105 dla \u015bwiadk\u00f3w lub druhen po \u015blubie, subtelnym \u201edzi\u0119kuj\u0119\u201d dla dziadk\u00f3w, a tak\u017ce wyj\u0105tkowym gestem na Dzie\u0144 Matki, rocznic\u0119, walentynki czy prezent dla przyjaci\u00f3\u0142ki. To jeden z tych drobiazg\u00f3w, kt\u00f3re pokazuj\u0105, \u017ce w\u0142o\u017cyli\u015bmy w nie serce i czas. Dzi\u0119ki temu, \u017ce w Empik Foto mo\u017cna samodzielnie zaprojektowa\u0107 harmonijk\u0119 online i nada\u0107 jej indywidualny charakter, taki prezent staje si\u0119 jeszcze bardziej unikalny.\u00a0 Harmonijka ze zdj\u0119\u0107 pozwala zatrzyma\u0107 codzienne, ulotne chwile takie, jak u\u015bmiech dziecka, zach\u00f3d s\u0142o\u0144ca, porann\u0105 kaw\u0119 czy spacer z przyjaci\u00f3\u0142mi. Dzi\u0119ki temu, \u017ce mo\u017cesz je trzyma\u0107 w r\u0119kach wspomnienia staj\u0105 si\u0119 bardziej namacalne i pe\u0142ne emocji. Mo\u017cna komponowa\u0107 zdj\u0119cia chronologicznie, tworzy\u0107 miniopowie\u015bci tematyczne lub miesza\u0107 kadry z r\u00f3\u017cnych wydarze\u0144. Dodatkowo warto uzupe\u0142ni\u0107 album kr\u00f3tkimi notatkami, podpisami czy elementami graficznymi, dzi\u0119ki kt\u00f3rym ka\u017cdy egzemplarz stanie si\u0119 jedyny w swoim rodzaju.\u00a0 Harmonijka jako narz\u0119dzie biznesowe\u00a0 Harmonijki ze zdj\u0119\u0107 mog\u0105 pe\u0142ni\u0107 wiele funkcji, od pami\u0105tki po skuteczne narz\u0119dzie biznesowe. W pracy fotografa pozwalaj\u0105 podnie\u015b\u0107 atrakcyjno\u015b\u0107 zam\u00f3wienia, budowa\u0107 wi\u0119\u017a z klientem i pokaza\u0107 dba\u0142o\u015b\u0107 o detale. Fotografowie cz\u0119sto przygotowuj\u0105 je samodzielnie, drukuj\u0105c zdj\u0119cia i sk\u0142adaj\u0105c je w harmonijkowe minialbumy, dzi\u0119ki czemu maj\u0105 pe\u0142n\u0105 kontrol\u0119 nad formatem, papierem i stylem wyko\u0144czenia.\u00a0\u00a0 Jednocze\u015bnie gotowe rozwi\u0105zania, takie jak te dost\u0119pne w Empik Foto, umo\u017cliwiaj\u0105 szybkie zam\u00f3wienie harmonijki, gdy liczy si\u0119 czas lub potrzebna jest wi\u0119ksza ilo\u015b\u0107 egzemplarzy. Minialbum sprawdza si\u0119 jako elegancki upominek firmowy, gad\u017cet promocyjny, pami\u0105tka z eventu czy materia\u0142 do komunikacji wizualnej. Mo\u017cna go \u0142\u0105czy\u0107 z innymi produktami, tworzy\u0107 zestawy, traktowa\u0107 jako \u201ewizyt\u00f3wk\u0119\u201d swojego biznesu lub jako przeno\u015bne portfolio, prezentuj\u0105ce klientom zdj\u0119cia, projekty artystyczne czy inne realizacje.\u00a0 Harmonijka ze zdj\u0119\u0107 to prosty spos\u00f3b, by wzbogaci\u0107 ofert\u0119, wyr\u00f3\u017cni\u0107 si\u0119 na tle konkurencji i da\u0107 odbiorcom pow\u00f3d, by wraca\u0107 po wi\u0119cej.\u00a0 Harmonijka ze zdj\u0119\u0107 &#8211; dlaczego warto?\u00a0 Mini album w postaci harmonijki pozwala zatrzyma\u0107 i w pe\u0142ni wyeksponowa\u0107 wspomnienia, zar\u00f3wno te wa\u017cne, jak i zwyk\u0142e, ulotne chwile dnia codziennego. Po roz\u0142o\u017ceniu prezentuje ca\u0142\u0105 histori\u0119 w jednym spojrzeniu, a eleganckie etui typu \u201esleeve\u201d sprawia, \u017ce od razu jest gotowa do wr\u0119czenia jako prezent.\u00a0 Minialbum w formie harmonijki zachwyca nie tylko form\u0105, ale te\u017c trwa\u0142o\u015bci\u0105. Wysokiej jako\u015bci papier i staranny druk gwarantuj\u0105 intensywne kolory i efektowny wygl\u0105d zdj\u0119\u0107 przez d\u0142ugi czas. Mo\u017cliwo\u015b\u0107 personalizacji pozwala stworzy\u0107 album wyj\u0105tkowy, dopasowany do w\u0142asnego stylu lub okazji. Dodaj\u0105c napisy, kr\u00f3tkie notatki czy elementy graficzne, ka\u017cdy egzemplarz staje si\u0119 niepowtarzalny.\u00a0 Harmonijka ze zdj\u0119\u0107 to oryginalny spos\u00f3b na dzielenie si\u0119 wspomnieniami, ale te\u017c projektami i materia\u0142ami promocyjnymi. Mo\u017cna j\u0105 pokaza\u0107 rodzinie, przyjacio\u0142om, klientom lub wsp\u00f3\u0142pracownikom, zar\u00f3wno w podr\u00f3\u017cy, w domu, jak i podczas spotka\u0144. Dla fotografa lub tw\u00f3rcy mo\u017ce pe\u0142ni\u0107 rol\u0119 przeno\u015bnego portfolio, a dla firm stanowi eleganckie narz\u0119dzie komunikacji wizualnej.<\/p>\n","protected":false},"author":24,"featured_media":14671,"comment_status":"closed","ping_status":"closed","sticky":false,"template":"","format":"standard","meta":{"footnotes":""},"categories":[786],"tags":[1186],"class_list":["post-14667","post","type-post","status-publish","format-standard","has-post-thumbnail","hentry","category-inspiracje","tag-harmonijka"],"yoast_head":"<!-- This site is optimized with the Yoast SEO plugin v27.5 - https:\/\/yoast.com\/product\/yoast-seo-wordpress\/ -->\n<title>Harmonijka ze zdj\u0119\u0107 - wspomnienia w formacie mini! | Empik Foto<\/title>\n<meta name=\"description\" content=\"Przechowywanie zdj\u0119\u0107 nie musi kojarzy\u0107 si\u0119 z ci\u0119\u017ckimi albumami. Harmonijka ze zdj\u0119\u0107 to spos\u00f3b na zachowanie ulubionych chwil w kompaktowej formie.\" \/>\n<meta name=\"robots\" content=\"index, follow, max-snippet:-1, max-image-preview:large, max-video-preview:-1\" \/>\n<link rel=\"canonical\" href=\"https:\/\/www.empikfoto.pl\/blog\/harmonijka-ze-zdjec-wspomnienia-w-formacie-mini\/\" \/>\n<meta property=\"og:locale\" content=\"pl_PL\" \/>\n<meta property=\"og:type\" content=\"article\" \/>\n<meta property=\"og:title\" content=\"Harmonijka ze zdj\u0119\u0107 - wspomnienia w formacie mini! | Empik Foto\" \/>\n<meta property=\"og:description\" content=\"Przechowywanie zdj\u0119\u0107 nie musi kojarzy\u0107 si\u0119 z ci\u0119\u017ckimi albumami. Harmonijka ze zdj\u0119\u0107 to spos\u00f3b na zachowanie ulubionych chwil w kompaktowej formie.\" \/>\n<meta property=\"og:url\" content=\"https:\/\/www.empikfoto.pl\/blog\/harmonijka-ze-zdjec-wspomnienia-w-formacie-mini\/\" \/>\n<meta property=\"og:site_name\" content=\"blog.empikfoto.pl\" \/>\n<meta property=\"article:publisher\" content=\"https:\/\/www.facebook.com\/empikfotopl\/\" \/>\n<meta property=\"article:published_time\" content=\"2025-09-10T12:10:27+00:00\" \/>\n<meta property=\"article:modified_time\" content=\"2025-09-10T12:10:28+00:00\" \/>\n<meta property=\"og:image\" content=\"https:\/\/www.empikfoto.pl\/blog\/empikfoto\/2025\/09\/harmonijka-ze-zdjec.jpg\" \/>\n\t<meta property=\"og:image:width\" content=\"1304\" \/>\n\t<meta property=\"og:image:height\" content=\"750\" \/>\n\t<meta property=\"og:image:type\" content=\"image\/jpeg\" \/>\n<meta name=\"author\" content=\"Magdalena\" \/>\n<meta name=\"twitter:card\" content=\"summary_large_image\" \/>\n<meta name=\"twitter:creator\" content=\"@empikfoto\" \/>\n<meta name=\"twitter:site\" content=\"@empikfoto\" \/>\n<meta name=\"twitter:label1\" content=\"Napisane przez\" \/>\n\t<meta name=\"twitter:data1\" content=\"Magdalena\" \/>\n\t<meta name=\"twitter:label2\" content=\"Szacowany czas czytania\" \/>\n\t<meta name=\"twitter:data2\" content=\"5 minut\" \/>\n<script type=\"application\/ld+json\" class=\"yoast-schema-graph\">{\"@context\":\"https:\\\/\\\/schema.org\",\"@graph\":[{\"@type\":\"Article\",\"@id\":\"https:\\\/\\\/www.empikfoto.pl\\\/blog\\\/harmonijka-ze-zdjec-wspomnienia-w-formacie-mini\\\/#article\",\"isPartOf\":{\"@id\":\"https:\\\/\\\/www.empikfoto.pl\\\/blog\\\/harmonijka-ze-zdjec-wspomnienia-w-formacie-mini\\\/\"},\"author\":{\"name\":\"Magdalena\",\"@id\":\"https:\\\/\\\/www.empikfoto.pl\\\/blog\\\/#\\\/schema\\\/person\\\/f394adde230a2c78b1d5840ec66c5f5d\"},\"headline\":\"Harmonijka ze zdj\u0119\u0107 &#8211; wspomnienia w formacie mini!\",\"datePublished\":\"2025-09-10T12:10:27+00:00\",\"dateModified\":\"2025-09-10T12:10:28+00:00\",\"mainEntityOfPage\":{\"@id\":\"https:\\\/\\\/www.empikfoto.pl\\\/blog\\\/harmonijka-ze-zdjec-wspomnienia-w-formacie-mini\\\/\"},\"wordCount\":856,\"image\":{\"@id\":\"https:\\\/\\\/www.empikfoto.pl\\\/blog\\\/harmonijka-ze-zdjec-wspomnienia-w-formacie-mini\\\/#primaryimage\"},\"thumbnailUrl\":\"https:\\\/\\\/www.empikfoto.pl\\\/blog\\\/empikfoto\\\/2025\\\/09\\\/harmonijka-ze-zdjec.jpg\",\"keywords\":[\"harmonijka\"],\"articleSection\":[\"INSPIRACJE\"],\"inLanguage\":\"pl-PL\"},{\"@type\":\"WebPage\",\"@id\":\"https:\\\/\\\/www.empikfoto.pl\\\/blog\\\/harmonijka-ze-zdjec-wspomnienia-w-formacie-mini\\\/\",\"url\":\"https:\\\/\\\/www.empikfoto.pl\\\/blog\\\/harmonijka-ze-zdjec-wspomnienia-w-formacie-mini\\\/\",\"name\":\"Harmonijka ze zdj\u0119\u0107 - wspomnienia w formacie mini! | Empik Foto\",\"isPartOf\":{\"@id\":\"https:\\\/\\\/www.empikfoto.pl\\\/blog\\\/#website\"},\"primaryImageOfPage\":{\"@id\":\"https:\\\/\\\/www.empikfoto.pl\\\/blog\\\/harmonijka-ze-zdjec-wspomnienia-w-formacie-mini\\\/#primaryimage\"},\"image\":{\"@id\":\"https:\\\/\\\/www.empikfoto.pl\\\/blog\\\/harmonijka-ze-zdjec-wspomnienia-w-formacie-mini\\\/#primaryimage\"},\"thumbnailUrl\":\"https:\\\/\\\/www.empikfoto.pl\\\/blog\\\/empikfoto\\\/2025\\\/09\\\/harmonijka-ze-zdjec.jpg\",\"datePublished\":\"2025-09-10T12:10:27+00:00\",\"dateModified\":\"2025-09-10T12:10:28+00:00\",\"author\":{\"@id\":\"https:\\\/\\\/www.empikfoto.pl\\\/blog\\\/#\\\/schema\\\/person\\\/f394adde230a2c78b1d5840ec66c5f5d\"},\"description\":\"Przechowywanie zdj\u0119\u0107 nie musi kojarzy\u0107 si\u0119 z ci\u0119\u017ckimi albumami. Harmonijka ze zdj\u0119\u0107 to spos\u00f3b na zachowanie ulubionych chwil w kompaktowej formie.\",\"breadcrumb\":{\"@id\":\"https:\\\/\\\/www.empikfoto.pl\\\/blog\\\/harmonijka-ze-zdjec-wspomnienia-w-formacie-mini\\\/#breadcrumb\"},\"inLanguage\":\"pl-PL\",\"potentialAction\":[{\"@type\":\"ReadAction\",\"target\":[\"https:\\\/\\\/www.empikfoto.pl\\\/blog\\\/harmonijka-ze-zdjec-wspomnienia-w-formacie-mini\\\/\"]}]},{\"@type\":\"ImageObject\",\"inLanguage\":\"pl-PL\",\"@id\":\"https:\\\/\\\/www.empikfoto.pl\\\/blog\\\/harmonijka-ze-zdjec-wspomnienia-w-formacie-mini\\\/#primaryimage\",\"url\":\"https:\\\/\\\/www.empikfoto.pl\\\/blog\\\/empikfoto\\\/2025\\\/09\\\/harmonijka-ze-zdjec.jpg\",\"contentUrl\":\"https:\\\/\\\/www.empikfoto.pl\\\/blog\\\/empikfoto\\\/2025\\\/09\\\/harmonijka-ze-zdjec.jpg\",\"width\":1304,\"height\":750,\"caption\":\"harmonijka ze zdj\u0119\u0107 - minialbum\"},{\"@type\":\"BreadcrumbList\",\"@id\":\"https:\\\/\\\/www.empikfoto.pl\\\/blog\\\/harmonijka-ze-zdjec-wspomnienia-w-formacie-mini\\\/#breadcrumb\",\"itemListElement\":[{\"@type\":\"ListItem\",\"position\":1,\"name\":\"Strona g\u0142\u00f3wna\",\"item\":\"https:\\\/\\\/www.empikfoto.pl\\\/blog\\\/\"},{\"@type\":\"ListItem\",\"position\":2,\"name\":\"Harmonijka ze zdj\u0119\u0107 &#8211; wspomnienia w formacie mini!\"}]},{\"@type\":\"WebSite\",\"@id\":\"https:\\\/\\\/www.empikfoto.pl\\\/blog\\\/#website\",\"url\":\"https:\\\/\\\/www.empikfoto.pl\\\/blog\\\/\",\"name\":\"blog.empikfoto.pl\",\"description\":\"Poznaj empikfoto.pl od \u015brodka! Dowiedz si\u0119 wi\u0119cej o odbitkach, fotoksi\u0105\u017ckach i fotografii.\",\"potentialAction\":[{\"@type\":\"SearchAction\",\"target\":{\"@type\":\"EntryPoint\",\"urlTemplate\":\"https:\\\/\\\/www.empikfoto.pl\\\/blog\\\/?s={search_term_string}\"},\"query-input\":{\"@type\":\"PropertyValueSpecification\",\"valueRequired\":true,\"valueName\":\"search_term_string\"}}],\"inLanguage\":\"pl-PL\"},{\"@type\":\"Person\",\"@id\":\"https:\\\/\\\/www.empikfoto.pl\\\/blog\\\/#\\\/schema\\\/person\\\/f394adde230a2c78b1d5840ec66c5f5d\",\"name\":\"Magdalena\",\"image\":{\"@type\":\"ImageObject\",\"inLanguage\":\"pl-PL\",\"@id\":\"https:\\\/\\\/secure.gravatar.com\\\/avatar\\\/874b117191fd73f8cc0be164b43f75724363784b2c9d57127c4a7b73181b9ea3?s=96&d=identicon&r=g\",\"url\":\"https:\\\/\\\/secure.gravatar.com\\\/avatar\\\/874b117191fd73f8cc0be164b43f75724363784b2c9d57127c4a7b73181b9ea3?s=96&d=identicon&r=g\",\"contentUrl\":\"https:\\\/\\\/secure.gravatar.com\\\/avatar\\\/874b117191fd73f8cc0be164b43f75724363784b2c9d57127c4a7b73181b9ea3?s=96&d=identicon&r=g\",\"caption\":\"Magdalena\"},\"url\":\"https:\\\/\\\/www.empikfoto.pl\\\/blog\\\/author\\\/magda-em\\\/\"}]}<\/script>\n<!-- \/ Yoast SEO plugin. -->","yoast_head_json":{"title":"Harmonijka ze zdj\u0119\u0107 - wspomnienia w formacie mini! | Empik Foto","description":"Przechowywanie zdj\u0119\u0107 nie musi kojarzy\u0107 si\u0119 z ci\u0119\u017ckimi albumami. Harmonijka ze zdj\u0119\u0107 to spos\u00f3b na zachowanie ulubionych chwil w kompaktowej formie.","robots":{"index":"index","follow":"follow","max-snippet":"max-snippet:-1","max-image-preview":"max-image-preview:large","max-video-preview":"max-video-preview:-1"},"canonical":"https:\/\/www.empikfoto.pl\/blog\/harmonijka-ze-zdjec-wspomnienia-w-formacie-mini\/","og_locale":"pl_PL","og_type":"article","og_title":"Harmonijka ze zdj\u0119\u0107 - wspomnienia w formacie mini! | Empik Foto","og_description":"Przechowywanie zdj\u0119\u0107 nie musi kojarzy\u0107 si\u0119 z ci\u0119\u017ckimi albumami. Harmonijka ze zdj\u0119\u0107 to spos\u00f3b na zachowanie ulubionych chwil w kompaktowej formie.","og_url":"https:\/\/www.empikfoto.pl\/blog\/harmonijka-ze-zdjec-wspomnienia-w-formacie-mini\/","og_site_name":"blog.empikfoto.pl","article_publisher":"https:\/\/www.facebook.com\/empikfotopl\/","article_published_time":"2025-09-10T12:10:27+00:00","article_modified_time":"2025-09-10T12:10:28+00:00","og_image":[{"width":1304,"height":750,"url":"https:\/\/www.empikfoto.pl\/blog\/empikfoto\/2025\/09\/harmonijka-ze-zdjec.jpg","type":"image\/jpeg"}],"author":"Magdalena","twitter_card":"summary_large_image","twitter_creator":"@empikfoto","twitter_site":"@empikfoto","twitter_misc":{"Napisane przez":"Magdalena","Szacowany czas czytania":"5 minut"},"schema":{"@context":"https:\/\/schema.org","@graph":[{"@type":"Article","@id":"https:\/\/www.empikfoto.pl\/blog\/harmonijka-ze-zdjec-wspomnienia-w-formacie-mini\/#article","isPartOf":{"@id":"https:\/\/www.empikfoto.pl\/blog\/harmonijka-ze-zdjec-wspomnienia-w-formacie-mini\/"},"author":{"name":"Magdalena","@id":"https:\/\/www.empikfoto.pl\/blog\/#\/schema\/person\/f394adde230a2c78b1d5840ec66c5f5d"},"headline":"Harmonijka ze zdj\u0119\u0107 &#8211; wspomnienia w formacie mini!","datePublished":"2025-09-10T12:10:27+00:00","dateModified":"2025-09-10T12:10:28+00:00","mainEntityOfPage":{"@id":"https:\/\/www.empikfoto.pl\/blog\/harmonijka-ze-zdjec-wspomnienia-w-formacie-mini\/"},"wordCount":856,"image":{"@id":"https:\/\/www.empikfoto.pl\/blog\/harmonijka-ze-zdjec-wspomnienia-w-formacie-mini\/#primaryimage"},"thumbnailUrl":"https:\/\/www.empikfoto.pl\/blog\/empikfoto\/2025\/09\/harmonijka-ze-zdjec.jpg","keywords":["harmonijka"],"articleSection":["INSPIRACJE"],"inLanguage":"pl-PL"},{"@type":"WebPage","@id":"https:\/\/www.empikfoto.pl\/blog\/harmonijka-ze-zdjec-wspomnienia-w-formacie-mini\/","url":"https:\/\/www.empikfoto.pl\/blog\/harmonijka-ze-zdjec-wspomnienia-w-formacie-mini\/","name":"Harmonijka ze zdj\u0119\u0107 - wspomnienia w formacie mini! | Empik Foto","isPartOf":{"@id":"https:\/\/www.empikfoto.pl\/blog\/#website"},"primaryImageOfPage":{"@id":"https:\/\/www.empikfoto.pl\/blog\/harmonijka-ze-zdjec-wspomnienia-w-formacie-mini\/#primaryimage"},"image":{"@id":"https:\/\/www.empikfoto.pl\/blog\/harmonijka-ze-zdjec-wspomnienia-w-formacie-mini\/#primaryimage"},"thumbnailUrl":"https:\/\/www.empikfoto.pl\/blog\/empikfoto\/2025\/09\/harmonijka-ze-zdjec.jpg","datePublished":"2025-09-10T12:10:27+00:00","dateModified":"2025-09-10T12:10:28+00:00","author":{"@id":"https:\/\/www.empikfoto.pl\/blog\/#\/schema\/person\/f394adde230a2c78b1d5840ec66c5f5d"},"description":"Przechowywanie zdj\u0119\u0107 nie musi kojarzy\u0107 si\u0119 z ci\u0119\u017ckimi albumami. Harmonijka ze zdj\u0119\u0107 to spos\u00f3b na zachowanie ulubionych chwil w kompaktowej formie.","breadcrumb":{"@id":"https:\/\/www.empikfoto.pl\/blog\/harmonijka-ze-zdjec-wspomnienia-w-formacie-mini\/#breadcrumb"},"inLanguage":"pl-PL","potentialAction":[{"@type":"ReadAction","target":["https:\/\/www.empikfoto.pl\/blog\/harmonijka-ze-zdjec-wspomnienia-w-formacie-mini\/"]}]},{"@type":"ImageObject","inLanguage":"pl-PL","@id":"https:\/\/www.empikfoto.pl\/blog\/harmonijka-ze-zdjec-wspomnienia-w-formacie-mini\/#primaryimage","url":"https:\/\/www.empikfoto.pl\/blog\/empikfoto\/2025\/09\/harmonijka-ze-zdjec.jpg","contentUrl":"https:\/\/www.empikfoto.pl\/blog\/empikfoto\/2025\/09\/harmonijka-ze-zdjec.jpg","width":1304,"height":750,"caption":"harmonijka ze zdj\u0119\u0107 - minialbum"},{"@type":"BreadcrumbList","@id":"https:\/\/www.empikfoto.pl\/blog\/harmonijka-ze-zdjec-wspomnienia-w-formacie-mini\/#breadcrumb","itemListElement":[{"@type":"ListItem","position":1,"name":"Strona g\u0142\u00f3wna","item":"https:\/\/www.empikfoto.pl\/blog\/"},{"@type":"ListItem","position":2,"name":"Harmonijka ze zdj\u0119\u0107 &#8211; wspomnienia w formacie mini!"}]},{"@type":"WebSite","@id":"https:\/\/www.empikfoto.pl\/blog\/#website","url":"https:\/\/www.empikfoto.pl\/blog\/","name":"blog.empikfoto.pl","description":"Poznaj empikfoto.pl od \u015brodka! Dowiedz si\u0119 wi\u0119cej o odbitkach, fotoksi\u0105\u017ckach i fotografii.","potentialAction":[{"@type":"SearchAction","target":{"@type":"EntryPoint","urlTemplate":"https:\/\/www.empikfoto.pl\/blog\/?s={search_term_string}"},"query-input":{"@type":"PropertyValueSpecification","valueRequired":true,"valueName":"search_term_string"}}],"inLanguage":"pl-PL"},{"@type":"Person","@id":"https:\/\/www.empikfoto.pl\/blog\/#\/schema\/person\/f394adde230a2c78b1d5840ec66c5f5d","name":"Magdalena","image":{"@type":"ImageObject","inLanguage":"pl-PL","@id":"https:\/\/secure.gravatar.com\/avatar\/874b117191fd73f8cc0be164b43f75724363784b2c9d57127c4a7b73181b9ea3?s=96&d=identicon&r=g","url":"https:\/\/secure.gravatar.com\/avatar\/874b117191fd73f8cc0be164b43f75724363784b2c9d57127c4a7b73181b9ea3?s=96&d=identicon&r=g","contentUrl":"https:\/\/secure.gravatar.com\/avatar\/874b117191fd73f8cc0be164b43f75724363784b2c9d57127c4a7b73181b9ea3?s=96&d=identicon&r=g","caption":"Magdalena"},"url":"https:\/\/www.empikfoto.pl\/blog\/author\/magda-em\/"}]}},"amp_enabled":true,"_links":{"self":[{"href":"https:\/\/www.empikfoto.pl\/blog\/wp-json\/wp\/v2\/posts\/14667","targetHints":{"allow":["GET"]}}],"collection":[{"href":"https:\/\/www.empikfoto.pl\/blog\/wp-json\/wp\/v2\/posts"}],"about":[{"href":"https:\/\/www.empikfoto.pl\/blog\/wp-json\/wp\/v2\/types\/post"}],"author":[{"embeddable":true,"href":"https:\/\/www.empikfoto.pl\/blog\/wp-json\/wp\/v2\/users\/24"}],"replies":[{"embeddable":true,"href":"https:\/\/www.empikfoto.pl\/blog\/wp-json\/wp\/v2\/comments?post=14667"}],"version-history":[{"count":4,"href":"https:\/\/www.empikfoto.pl\/blog\/wp-json\/wp\/v2\/posts\/14667\/revisions"}],"predecessor-version":[{"id":14673,"href":"https:\/\/www.empikfoto.pl\/blog\/wp-json\/wp\/v2\/posts\/14667\/revisions\/14673"}],"wp:featuredmedia":[{"embeddable":true,"href":"https:\/\/www.empikfoto.pl\/blog\/wp-json\/wp\/v2\/media\/14671"}],"wp:attachment":[{"href":"https:\/\/www.empikfoto.pl\/blog\/wp-json\/wp\/v2\/media?parent=14667"}],"wp:term":[{"taxonomy":"category","embeddable":true,"href":"https:\/\/www.empikfoto.pl\/blog\/wp-json\/wp\/v2\/categories?post=14667"},{"taxonomy":"post_tag","embeddable":true,"href":"https:\/\/www.empikfoto.pl\/blog\/wp-json\/wp\/v2\/tags?post=14667"}],"curies":[{"name":"wp","href":"https:\/\/api.w.org\/{rel}","templated":true}]}}