{"id":14750,"date":"2025-10-30T15:18:09","date_gmt":"2025-10-30T14:18:09","guid":{"rendered":"https:\/\/www.empikfoto.pl\/blog\/?p=14750"},"modified":"2025-11-27T14:47:18","modified_gmt":"2025-11-27T13:47:18","slug":"personalizowane-zestawy-prezentowe-dla-kogo-i-na-jakie-okazje-sie-sprawdza","status":"publish","type":"post","link":"https:\/\/www.empikfoto.pl\/blog\/personalizowane-zestawy-prezentowe-dla-kogo-i-na-jakie-okazje-sie-sprawdza\/","title":{"rendered":"Personalizowane zestawy prezentowe &#8211; dla kogo i na jakie okazje si\u0119 sprawdz\u0105?"},"content":{"rendered":"<p><span data-contrast=\"auto\">Bez wzgl\u0119du na charakter okazji, starannie skomponowany prezent zawsze jest wyrazem szacunku i dba\u0142o\u015bci o relacje. <\/span><a href=\"https:\/\/www.empikfoto.pl\/zestawy-prezentowe\"><b><span data-contrast=\"auto\">Personalizowane zestawy prezentowe<\/span><\/b><\/a><span data-contrast=\"auto\"> to \u015bwietna propozycja dla tych, kt\u00f3rzy ceni\u0105 <\/span><b><span data-contrast=\"auto\">oryginalno\u015b\u0107 i indywidualne podej\u015bcie<\/span><\/b><span data-contrast=\"auto\">. Pozwalaj\u0105 elastycznie dopasowa\u0107 zawarto\u015b\u0107 i form\u0119 do potrzeb, bud\u017cetu i charakteru wydarzenia. Sprawd\u017a, <\/span><b><span data-contrast=\"auto\">dla kogo i na jak\u0105 okazj\u0119<\/span><\/b><span data-contrast=\"auto\"> warto si\u0119gn\u0105\u0107 po personalizowane zestawy prezentowe?<\/span><span data-ccp-props=\"{&quot;335559738&quot;:240,&quot;335559739&quot;:240}\">\u00a0<\/span><\/p>\n<h2 aria-level=\"2\"><span data-contrast=\"auto\">Personalizowane zestawy na uroczysto\u015bci rodzinne<\/span><span data-ccp-props=\"{&quot;134245418&quot;:true,&quot;134245529&quot;:true,&quot;335559738&quot;:240,&quot;335559739&quot;:240}\">\u00a0<\/span><\/h2>\n<p><b><span data-contrast=\"auto\">\u015aluby, chrzciny, komunie, urodziny, rocznice<\/span><\/b><span data-contrast=\"auto\"> to wyj\u0105tkowe chwile, kt\u00f3re warto celebrowa\u0107 z bliskimi. Personalizowane zestawy mog\u0105 by\u0107 wr\u0119czane zar\u00f3wno <\/span><b><span data-contrast=\"auto\">przez gospodarzy jako wyraz wdzi\u0119czno\u015bci dla go\u015bci <\/span><\/b><span data-contrast=\"auto\">za ich obecno\u015b\u0107, jak i <\/span><b><span data-contrast=\"auto\">przez<\/span><\/b> <b><span data-contrast=\"auto\">samych go\u015bci <\/span><\/b><span data-contrast=\"auto\">jako wyj\u0105tkowy upominek dla organizator\u00f3w<\/span> <span data-contrast=\"auto\">lub bohater\u00f3w uroczysto\u015bci.\u00a0<\/span><span data-ccp-props=\"{&quot;335559738&quot;:240,&quot;335559739&quot;:240}\">\u00a0<\/span><\/p>\n<p><span data-contrast=\"auto\"><a href=\"https:\/\/www.empikfoto.pl\/zestaw-prezentowy-personalizowany,twoj-projekt-mini-box-z-herbata-czekolada-konfitura-i-miodem\"><strong>Ma\u0142y zestaw z aromatyczn\u0105 herbat\u0105 i s\u0142odko\u015bciami<\/strong><\/a>, opatrzony imieniem, dat\u0105 wydarzenia lub osobist\u0105 dedykacj\u0105, nie tylko podkre\u015bla wyj\u0105tkowo\u015b\u0107 chwili, ale tak\u017ce staje si\u0119 <\/span><b><span data-contrast=\"auto\">cenn\u0105 pami\u0105tk\u0105<\/span><\/b><span data-contrast=\"auto\">, kt\u00f3ra sprawia, \u017ce ka\u017cdy obdarowany ch\u0119tniej wraca my\u015blami do tego szczeg\u00f3lnego dnia. <\/span><\/p>\n<p><span data-contrast=\"auto\">Co wi\u0119cej, personalizowane zestawy mog\u0105 stanowi\u0107<\/span><b><span data-contrast=\"auto\"> element dekoracji sto\u0142u<\/span><\/b><span data-contrast=\"auto\"> i harmonijnie uzupe\u0142nia\u0107 styl<\/span> <span data-contrast=\"auto\">ca\u0142ej uroczysto\u015bci. Dzi\u0119ki temu nie s\u0105 jedynie podarunkiem, lecz tak\u017ce <\/span><b><span data-contrast=\"auto\">przemy\u015blanym detalem<\/span><\/b><span data-contrast=\"auto\">, kt\u00f3ry podkre\u015bla wyj\u0105tkowy charakter wydarzenia i dba\u0142o\u015b\u0107 o ka\u017cdy, nawet najmniejszy szczeg\u00f3\u0142.<\/span><span data-ccp-props=\"{&quot;335559738&quot;:240,&quot;335559739&quot;:240}\">\u00a0<\/span><\/p>\n<h2 aria-level=\"2\"><span data-contrast=\"auto\">Upominki dla pracownik\u00f3w i partner\u00f3w biznesowych<\/span><span data-ccp-props=\"{&quot;134245418&quot;:true,&quot;134245529&quot;:true,&quot;335559738&quot;:240,&quot;335559739&quot;:240}\">\u00a0<\/span><\/h2>\n<p><span data-contrast=\"auto\">W \u015bwiecie biznesu eleganckie podzi\u0119kowanie to <\/span><b><span data-contrast=\"auto\">inwestycja w trwa\u0142e relacje<\/span><\/b><span data-contrast=\"auto\">. Personalizowane zestawy prezentowe s\u0105 tu niezawodnym narz\u0119dziem, gdy\u017c podkre\u015blaj\u0105, \u017ce ka\u017cda wsp\u00f3\u0142praca jest cenna i zauwa\u017cona.<\/span><span data-ccp-props=\"{&quot;335559738&quot;:240,&quot;335559739&quot;:240}\">\u00a0<\/span><\/p>\n<p><span data-contrast=\"auto\">Zestawy przygotowane z my\u015bl\u0105 o <\/span><a href=\"https:\/\/www.empikfoto.pl\/dla-firm\"><b><span data-contrast=\"auto\">pracownikach i partnerach<\/span><\/b><\/a><span data-contrast=\"auto\"> mog\u0105 zawiera\u0107 m.in. kaw\u0119, herbat\u0119, s\u0142odycze, notesy oraz drobne gad\u017cety takie, jak brelok, magnes czy pendrive. Opatrzone logo firmy, imieniem odbiorcy lub indywidualnym podzi\u0119kowaniem stanowi\u0105 form\u0119 uznania oraz s\u0105 <\/span><b><span data-contrast=\"auto\">skutecznym sposobem na budowanie pozytywnych skojarze\u0144 z mark\u0105.<\/span><\/b><\/p>\n<h2><span style=\"color: initial;\">Prezenty dla nauczycieli, wychowawc\u00f3w i opiekun\u00f3w<\/span><\/h2>\n<p><a href=\"https:\/\/www.empikfoto.pl\/szkola\"><b><span data-contrast=\"auto\">Zako\u0144czenie roku szkolnego, Dzie\u0144 Nauczyciela<\/span><\/b><\/a><span data-contrast=\"auto\"> czy inne szkolne uroczysto\u015bci to doskona\u0142a okazja, by wyrazi\u0107 wdzi\u0119czno\u015b\u0107 za prac\u0119 i zaanga\u017cowanie pedagoga. Zamiast tradycyjnych kwiat\u00f3w warto pomy\u015ble\u0107 o personalizowanym zestawie, np. z fili\u017cank\u0105, herbat\u0105 i kartk\u0105 z dedykacj\u0105. Taki prezent jest <\/span><b><span data-contrast=\"auto\">bardziej osobisty, a jednocze\u015bnie praktyczny i elegancki.<\/span><\/b><span data-contrast=\"auto\">\u00a0<\/span><\/p>\n<h2><span style=\"color: initial;\">Zestawy prezentowe na \u015bwi\u0119ta i okazje sezonowe<\/span><\/h2>\n<p><b><span data-contrast=\"auto\">Bo\u017ce Narodzenie, Wielkanoc, Walentynki, Miko\u0142ajki, Dzie\u0144 Matki, czy Dzie\u0144 Babci<\/span><\/b><span data-contrast=\"auto\"> to kolejne doskona\u0142e okazje, by sprawi\u0107 rado\u015b\u0107 bliskim. Personalizowane zestawy w \u015bwi\u0105tecznym wydaniu mog\u0105 zawiera\u0107 imi\u0119 obdarowanej osoby, \u017cyczenia lub <\/span><b><span data-contrast=\"auto\">motywy graficzne nawi\u0105zuj\u0105ce do danej okazji<\/span><\/b><span data-contrast=\"auto\">.<\/span><span data-ccp-props=\"{&quot;335559738&quot;:240,&quot;335559739&quot;:240}\">\u00a0<\/span><\/p>\n<p><span data-contrast=\"auto\">Na Bo\u017ce Narodzenie \u015bwietnie sprawdz\u0105 si\u0119 kompozycje z korzenn\u0105 herbat\u0105, cynamonowym miodem i magnesem z indywidualn\u0105 dedykacj\u0105. Z kolei na Dzie\u0144 Matki warto si\u0119gn\u0105\u0107 po elegancki zestaw z kubkiem, aromatyczn\u0105 kaw\u0105 i kartk\u0105 z osobistymi \u017cyczeniami. Tego typu upominki s\u0105 <\/span><b><span data-contrast=\"auto\">oryginalne i praktyczne<\/span><\/b><span data-contrast=\"auto\">, a przy tym pozwalaj\u0105 <\/span><b><span data-contrast=\"auto\">wyrazi\u0107 blisko\u015b\u0107 i pami\u0119\u0107 w wyj\u0105tkowy spos\u00f3b<\/span><\/b><span data-contrast=\"auto\">.<\/span><\/p>\n<h2><span style=\"color: initial;\">Personalizowane zestawy jako pami\u0105tki z wydarze\u0144<\/span><\/h2>\n<p><span data-contrast=\"auto\">Podczas<\/span><b><span data-contrast=\"auto\"> konferencji, szkole\u0144, zjazd\u00f3w absolwent\u00f3w czy wydarze\u0144 kulturalnych <\/span><\/b><span data-contrast=\"auto\">cz\u0119sto wr\u0119cza si\u0119 uczestnikom drobne pami\u0105tki.<\/span> <span data-contrast=\"auto\">Personalizowany zestaw mo\u017ce zawiera\u0107 np. gad\u017cet z logo wydarzenia, notes, d\u0142ugopis, zak\u0142adk\u0119 do ksi\u0105\u017cki, a tak\u017ce produkty spo\u017cywcze z etykiet\u0105 nawi\u0105zuj\u0105c\u0105 do tematyki spotkania. Wr\u0119czenie uczestnikom tego typu pami\u0105tek jest <\/span><b><span data-contrast=\"auto\">doskona\u0142\u0105 form\u0105 promocji oraz sposobem na budowanie d\u0142ugofalowej relacji<\/span><\/b><span data-contrast=\"auto\"> i pozytywnego wra\u017cenia.<\/span><span data-ccp-props=\"{&quot;335559738&quot;:240,&quot;335559739&quot;:240}\">\u00a0<\/span><\/p>\n<h2><span data-contrast=\"auto\">Zestawy na start, zmian\u0119 lub po prostu bez okazji<\/span><\/h2>\n<p><span data-contrast=\"auto\">Nie ka\u017cda okazja musi by\u0107 zapisana w kalendarzu\u2026 Czasem wystarczy nowy pocz\u0105tek, wa\u017cna zmiana \u017cyciowa albo zwyk\u0142a ch\u0119\u0107 sprawienia komu\u015b przyjemno\u015bci. Personalizowane zestawy \u015bwietnie sprawdzaj\u0105 si\u0119 tak\u017ce jako<\/span><b><span data-contrast=\"auto\"> forma wsparcia lub wyrazu troski<\/span><\/b><span data-contrast=\"auto\">.<\/span><span data-ccp-props=\"{&quot;335559738&quot;:240,&quot;335559739&quot;:240}\">\u00a0<\/span><\/p>\n<p><b><span data-contrast=\"auto\">Nowa praca, przeprowadzka, egzamin, pierwszy dzie\u0144 w szkole, powr\u00f3t po d\u0142u\u017cszej nieobecno\u015bci<\/span><\/b><span data-contrast=\"auto\"> to momenty, kt\u00f3re warto zaznaczy\u0107 cho\u0107by drobnym gestem. Zestaw z kubkiem, aromatyczn\u0105 kaw\u0105, delikatesami, magnesem na lod\u00f3wk\u0119 i kartk\u0105 z motywuj\u0105cym przes\u0142aniem mo\u017ce doda\u0107 otuchy i energii. A je\u015bli nie ma konkretnej okazji? Tym lepiej. <\/span><b><span data-contrast=\"auto\">Niespodziewany prezent cz\u0119sto daje najwi\u0119cej rado\u015bci<\/span><\/b><span data-contrast=\"auto\">, bo wynika z czystej sympatii.<\/span><span data-ccp-props=\"{&quot;335559738&quot;:240,&quot;335559739&quot;:240}\">\u00a0<\/span><\/p>\n<p><a href=\"https:\/\/www.empikfoto.pl\/zestawy-prezentowe\"><img loading=\"lazy\" decoding=\"async\" class=\"aligncenter size-full wp-image-14756\" src=\"https:\/\/www.empikfoto.pl\/blog\/empikfoto\/2025\/10\/zestawy-prezentowe-box-e1761833814930.jpg\" alt=\"Personalizowany box prezentowy\" width=\"1000\" height=\"735\" srcset=\"https:\/\/www.empikfoto.pl\/blog\/empikfoto\/2025\/10\/zestawy-prezentowe-box-e1761833814930.jpg 1000w, https:\/\/www.empikfoto.pl\/blog\/empikfoto\/2025\/10\/zestawy-prezentowe-box-e1761833814930-300x221.jpg 300w, https:\/\/www.empikfoto.pl\/blog\/empikfoto\/2025\/10\/zestawy-prezentowe-box-e1761833814930-768x564.jpg 768w, https:\/\/www.empikfoto.pl\/blog\/empikfoto\/2025\/10\/zestawy-prezentowe-box-e1761833814930-110x80.jpg 110w, https:\/\/www.empikfoto.pl\/blog\/empikfoto\/2025\/10\/zestawy-prezentowe-box-e1761833814930-400x294.jpg 400w\" sizes=\"auto, (max-width: 1000px) 100vw, 1000px\" \/><\/a><\/p>\n<h2><span data-contrast=\"auto\">Jak komponowa\u0107 i pakowa\u0107 zestawy prezentowe?<\/span><span data-ccp-props=\"{&quot;134245418&quot;:false,&quot;134245529&quot;:false,&quot;335559738&quot;:280,&quot;335559739&quot;:120}\">\u00a0<\/span><\/h2>\n<p><span data-contrast=\"auto\">Personalizowany prezent nie musi by\u0107 drogi. Liczy si\u0119 pomys\u0142 i dopasowanie. W Empik Foto stworzyli\u015bmy <a href=\"https:\/\/www.empikfoto.pl\/zestawy-prezentowe\"><strong>gotowe zestawy<\/strong><\/a>, kt\u00f3re wystarczy spersonalizowa\u0107 w edytorze online, by zyska\u0142y wyj\u0105tkowego charakteru. W sk\u0142ad zestaw\u00f3w wchodz\u0105 produkty, takie jak:<\/span><\/p>\n<ul>\n<li aria-setsize=\"-1\" data-leveltext=\"\u25cf\" data-font=\"\" data-listid=\"1\" data-list-defn-props=\"{&quot;335552541&quot;:1,&quot;335559685&quot;:720,&quot;335559991&quot;:360,&quot;469769242&quot;:[8226],&quot;469777803&quot;:&quot;left&quot;,&quot;469777804&quot;:&quot;\u25cf&quot;,&quot;469777815&quot;:&quot;multilevel&quot;}\" data-aria-posinset=\"1\" data-aria-level=\"1\"><span data-contrast=\"auto\">herbaty, kawy, miody, naturalne soki, syropy, czekolady, praliny,<\/span><span data-ccp-props=\"{&quot;335559738&quot;:240}\">\u00a0<\/span><\/li>\n<\/ul>\n<ul>\n<li aria-setsize=\"-1\" data-leveltext=\"\u25cf\" data-font=\"\" data-listid=\"1\" data-list-defn-props=\"{&quot;335552541&quot;:1,&quot;335559685&quot;:720,&quot;335559991&quot;:360,&quot;469769242&quot;:[8226],&quot;469777803&quot;:&quot;left&quot;,&quot;469777804&quot;:&quot;\u25cf&quot;,&quot;469777815&quot;:&quot;multilevel&quot;}\" data-aria-posinset=\"2\" data-aria-level=\"1\"><span data-contrast=\"auto\">suszone owoce i orzechy,<\/span><span data-ccp-props=\"{}\">\u00a0<\/span><\/li>\n<\/ul>\n<ul>\n<li aria-setsize=\"-1\" data-leveltext=\"\u25cf\" data-font=\"\" data-listid=\"1\" data-list-defn-props=\"{&quot;335552541&quot;:1,&quot;335559685&quot;:720,&quot;335559991&quot;:360,&quot;469769242&quot;:[8226],&quot;469777803&quot;:&quot;left&quot;,&quot;469777804&quot;:&quot;\u25cf&quot;,&quot;469777815&quot;:&quot;multilevel&quot;}\" data-aria-posinset=\"3\" data-aria-level=\"1\"><span data-contrast=\"auto\">domowe konfitury i d\u017cemy.<\/span><\/li>\n<\/ul>\n<p>Ale dodatkowe uzupe\u0142nienie ich o inne personalizowane produkty, takie jak\u00a0<span data-contrast=\"auto\">kubki, \u015bwieczki, kosmetyki naturalne,<\/span><span data-ccp-props=\"{}\">\u00a0<\/span><span data-contrast=\"auto\">gad\u017cety biurowe czy <\/span><span data-contrast=\"auto\">kartki z \u017cyczeniami lub cytatami, b\u0119dzie wspania\u0142ym akcentem.<\/span><\/p>\n<p><span data-contrast=\"auto\">Do dyspozycji s\u0105 te\u017c r\u00f3\u017cne <\/span><b><span data-contrast=\"auto\">formy pakowania<\/span><\/b><span data-contrast=\"auto\"> &#8211; od klasycznych pude\u0142ek kraftowych, przez skrzynki z drewna, a\u017c po eleganckie kosze prezentowe lub lniane woreczki.<\/span> <span data-contrast=\"auto\">Warto zwr\u00f3ci\u0107 uwag\u0119, aby ca\u0142o\u015b\u0107 by\u0142a sp\u00f3jna i estetyczna. Nieprze\u0142adowana, ale przemy\u015blana. Czasem wystarcz\u0105 2-3 produkty, kt\u00f3re pasuj\u0105 do okazji i osoby, aby osi\u0105gn\u0105\u0107 \u015bwietny efekt.<\/span><span data-ccp-props=\"{&quot;335559738&quot;:240,&quot;335559739&quot;:240}\">\u00a0<\/span><\/p>\n","protected":false},"excerpt":{"rendered":"<p>Bez wzgl\u0119du na charakter okazji, starannie skomponowany prezent zawsze jest wyrazem szacunku i dba\u0142o\u015bci o relacje. Personalizowane zestawy prezentowe to \u015bwietna propozycja dla tych, kt\u00f3rzy ceni\u0105 oryginalno\u015b\u0107 i indywidualne podej\u015bcie. Pozwalaj\u0105 elastycznie dopasowa\u0107 zawarto\u015b\u0107 i form\u0119 do potrzeb, bud\u017cetu i charakteru wydarzenia. Sprawd\u017a, dla kogo i na jak\u0105 okazj\u0119 warto si\u0119gn\u0105\u0107 po personalizowane zestawy prezentowe?\u00a0 Personalizowane zestawy na uroczysto\u015bci rodzinne\u00a0 \u015aluby, chrzciny, komunie, urodziny, rocznice to wyj\u0105tkowe chwile, kt\u00f3re warto celebrowa\u0107 z bliskimi. Personalizowane zestawy mog\u0105 by\u0107 wr\u0119czane zar\u00f3wno przez gospodarzy jako wyraz wdzi\u0119czno\u015bci dla go\u015bci za ich obecno\u015b\u0107, jak i przez samych go\u015bci jako wyj\u0105tkowy upominek dla organizator\u00f3w lub bohater\u00f3w uroczysto\u015bci.\u00a0\u00a0 Ma\u0142y zestaw z aromatyczn\u0105 herbat\u0105 i s\u0142odko\u015bciami, opatrzony imieniem, dat\u0105 wydarzenia lub osobist\u0105 dedykacj\u0105, nie tylko podkre\u015bla wyj\u0105tkowo\u015b\u0107 chwili, ale tak\u017ce staje si\u0119 cenn\u0105 pami\u0105tk\u0105, kt\u00f3ra sprawia, \u017ce ka\u017cdy obdarowany ch\u0119tniej wraca my\u015blami do tego szczeg\u00f3lnego dnia. Co wi\u0119cej, personalizowane zestawy mog\u0105 stanowi\u0107 element dekoracji sto\u0142u i harmonijnie uzupe\u0142nia\u0107 styl ca\u0142ej uroczysto\u015bci. Dzi\u0119ki temu nie s\u0105 jedynie podarunkiem, lecz tak\u017ce przemy\u015blanym detalem, kt\u00f3ry podkre\u015bla wyj\u0105tkowy charakter wydarzenia i dba\u0142o\u015b\u0107 o ka\u017cdy, nawet najmniejszy szczeg\u00f3\u0142.\u00a0 Upominki dla pracownik\u00f3w i partner\u00f3w biznesowych\u00a0 W \u015bwiecie biznesu eleganckie podzi\u0119kowanie to inwestycja w trwa\u0142e relacje. Personalizowane zestawy prezentowe s\u0105 tu niezawodnym narz\u0119dziem, gdy\u017c podkre\u015blaj\u0105, \u017ce ka\u017cda wsp\u00f3\u0142praca jest cenna i zauwa\u017cona.\u00a0 Zestawy przygotowane z my\u015bl\u0105 o pracownikach i partnerach mog\u0105 zawiera\u0107 m.in. kaw\u0119, herbat\u0119, s\u0142odycze, notesy oraz drobne gad\u017cety takie, jak brelok, magnes czy pendrive. Opatrzone logo firmy, imieniem odbiorcy lub indywidualnym podzi\u0119kowaniem stanowi\u0105 form\u0119 uznania oraz s\u0105 skutecznym sposobem na budowanie pozytywnych skojarze\u0144 z mark\u0105. Prezenty dla nauczycieli, wychowawc\u00f3w i opiekun\u00f3w Zako\u0144czenie roku szkolnego, Dzie\u0144 Nauczyciela czy inne szkolne uroczysto\u015bci to doskona\u0142a okazja, by wyrazi\u0107 wdzi\u0119czno\u015b\u0107 za prac\u0119 i zaanga\u017cowanie pedagoga. Zamiast tradycyjnych kwiat\u00f3w warto pomy\u015ble\u0107 o personalizowanym zestawie, np. z fili\u017cank\u0105, herbat\u0105 i kartk\u0105 z dedykacj\u0105. Taki prezent jest bardziej osobisty, a jednocze\u015bnie praktyczny i elegancki.\u00a0 Zestawy prezentowe na \u015bwi\u0119ta i okazje sezonowe Bo\u017ce Narodzenie, Wielkanoc, Walentynki, Miko\u0142ajki, Dzie\u0144 Matki, czy Dzie\u0144 Babci to kolejne doskona\u0142e okazje, by sprawi\u0107 rado\u015b\u0107 bliskim. Personalizowane zestawy w \u015bwi\u0105tecznym wydaniu mog\u0105 zawiera\u0107 imi\u0119 obdarowanej osoby, \u017cyczenia lub motywy graficzne nawi\u0105zuj\u0105ce do danej okazji.\u00a0 Na Bo\u017ce Narodzenie \u015bwietnie sprawdz\u0105 si\u0119 kompozycje z korzenn\u0105 herbat\u0105, cynamonowym miodem i magnesem z indywidualn\u0105 dedykacj\u0105. Z kolei na Dzie\u0144 Matki warto si\u0119gn\u0105\u0107 po elegancki zestaw z kubkiem, aromatyczn\u0105 kaw\u0105 i kartk\u0105 z osobistymi \u017cyczeniami. Tego typu upominki s\u0105 oryginalne i praktyczne, a przy tym pozwalaj\u0105 wyrazi\u0107 blisko\u015b\u0107 i pami\u0119\u0107 w wyj\u0105tkowy spos\u00f3b. Personalizowane zestawy jako pami\u0105tki z wydarze\u0144 Podczas konferencji, szkole\u0144, zjazd\u00f3w absolwent\u00f3w czy wydarze\u0144 kulturalnych cz\u0119sto wr\u0119cza si\u0119 uczestnikom drobne pami\u0105tki. Personalizowany zestaw mo\u017ce zawiera\u0107 np. gad\u017cet z logo wydarzenia, notes, d\u0142ugopis, zak\u0142adk\u0119 do ksi\u0105\u017cki, a tak\u017ce produkty spo\u017cywcze z etykiet\u0105 nawi\u0105zuj\u0105c\u0105 do tematyki spotkania. Wr\u0119czenie uczestnikom tego typu pami\u0105tek jest doskona\u0142\u0105 form\u0105 promocji oraz sposobem na budowanie d\u0142ugofalowej relacji i pozytywnego wra\u017cenia.\u00a0 Zestawy na start, zmian\u0119 lub po prostu bez okazji Nie ka\u017cda okazja musi by\u0107 zapisana w kalendarzu\u2026 Czasem wystarczy nowy pocz\u0105tek, wa\u017cna zmiana \u017cyciowa albo zwyk\u0142a ch\u0119\u0107 sprawienia komu\u015b przyjemno\u015bci. Personalizowane zestawy \u015bwietnie sprawdzaj\u0105 si\u0119 tak\u017ce jako forma wsparcia lub wyrazu troski.\u00a0 Nowa praca, przeprowadzka, egzamin, pierwszy dzie\u0144 w szkole, powr\u00f3t po d\u0142u\u017cszej nieobecno\u015bci to momenty, kt\u00f3re warto zaznaczy\u0107 cho\u0107by drobnym gestem. Zestaw z kubkiem, aromatyczn\u0105 kaw\u0105, delikatesami, magnesem na lod\u00f3wk\u0119 i kartk\u0105 z motywuj\u0105cym przes\u0142aniem mo\u017ce doda\u0107 otuchy i energii. A je\u015bli nie ma konkretnej okazji? Tym lepiej. Niespodziewany prezent cz\u0119sto daje najwi\u0119cej rado\u015bci, bo wynika z czystej sympatii.\u00a0 Jak komponowa\u0107 i pakowa\u0107 zestawy prezentowe?\u00a0 Personalizowany prezent nie musi by\u0107 drogi. Liczy si\u0119 pomys\u0142 i dopasowanie. W Empik Foto stworzyli\u015bmy gotowe zestawy, kt\u00f3re wystarczy spersonalizowa\u0107 w edytorze online, by zyska\u0142y wyj\u0105tkowego charakteru. W sk\u0142ad zestaw\u00f3w wchodz\u0105 produkty, takie jak: herbaty, kawy, miody, naturalne soki, syropy, czekolady, praliny,\u00a0 suszone owoce i orzechy,\u00a0 domowe konfitury i d\u017cemy. Ale dodatkowe uzupe\u0142nienie ich o inne personalizowane produkty, takie jak\u00a0kubki, \u015bwieczki, kosmetyki naturalne,\u00a0gad\u017cety biurowe czy kartki z \u017cyczeniami lub cytatami, b\u0119dzie wspania\u0142ym akcentem. Do dyspozycji s\u0105 te\u017c r\u00f3\u017cne formy pakowania &#8211; od klasycznych pude\u0142ek kraftowych, przez skrzynki z drewna, a\u017c po eleganckie kosze prezentowe lub lniane woreczki. Warto zwr\u00f3ci\u0107 uwag\u0119, aby ca\u0142o\u015b\u0107 by\u0142a sp\u00f3jna i estetyczna. Nieprze\u0142adowana, ale przemy\u015blana. Czasem wystarcz\u0105 2-3 produkty, kt\u00f3re pasuj\u0105 do okazji i osoby, aby osi\u0105gn\u0105\u0107 \u015bwietny efekt.\u00a0<\/p>\n","protected":false},"author":24,"featured_media":14789,"comment_status":"closed","ping_status":"closed","sticky":true,"template":"","format":"standard","meta":{"footnotes":""},"categories":[1059],"tags":[1070,1191],"class_list":["post-14750","post","type-post","status-publish","format-standard","has-post-thumbnail","hentry","category-pomysly-na-prezent","tag-pomysl-na-prezent","tag-zestawy-prezentowe"],"yoast_head":"<!-- This site is optimized with the Yoast SEO plugin v27.5 - https:\/\/yoast.com\/product\/yoast-seo-wordpress\/ -->\n<title>Zestawy prezentowe - dla kogo i na jakie okazje? | Empik Foto<\/title>\n<meta name=\"description\" content=\"Szukasz prezentu dla rodziny, nauczyciela lub partnera biznesowego? Sprawd\u017a, na jakie okazje sprawdz\u0105 si\u0119 personalizowane zestawy prezentowe.\" \/>\n<meta name=\"robots\" content=\"index, follow, max-snippet:-1, max-image-preview:large, max-video-preview:-1\" \/>\n<link rel=\"canonical\" href=\"https:\/\/www.empikfoto.pl\/blog\/personalizowane-zestawy-prezentowe-dla-kogo-i-na-jakie-okazje-sie-sprawdza\/\" \/>\n<meta property=\"og:locale\" content=\"pl_PL\" \/>\n<meta property=\"og:type\" content=\"article\" \/>\n<meta property=\"og:title\" content=\"Zestawy prezentowe - dla kogo i na jakie okazje? | Empik Foto\" \/>\n<meta property=\"og:description\" content=\"Szukasz prezentu dla rodziny, nauczyciela lub partnera biznesowego? Sprawd\u017a, na jakie okazje sprawdz\u0105 si\u0119 personalizowane zestawy prezentowe.\" \/>\n<meta property=\"og:url\" content=\"https:\/\/www.empikfoto.pl\/blog\/personalizowane-zestawy-prezentowe-dla-kogo-i-na-jakie-okazje-sie-sprawdza\/\" \/>\n<meta property=\"og:site_name\" content=\"blog.empikfoto.pl\" \/>\n<meta property=\"article:publisher\" content=\"https:\/\/www.facebook.com\/empikfotopl\/\" \/>\n<meta property=\"article:published_time\" content=\"2025-10-30T14:18:09+00:00\" \/>\n<meta property=\"article:modified_time\" content=\"2025-11-27T13:47:18+00:00\" \/>\n<meta property=\"og:image\" content=\"https:\/\/www.empikfoto.pl\/blog\/empikfoto\/2025\/10\/zestawy-prezentowe.jpg\" \/>\n\t<meta property=\"og:image:width\" content=\"1000\" \/>\n\t<meta property=\"og:image:height\" content=\"776\" \/>\n\t<meta property=\"og:image:type\" content=\"image\/jpeg\" \/>\n<meta name=\"author\" content=\"Magdalena\" \/>\n<meta name=\"twitter:card\" content=\"summary_large_image\" \/>\n<meta name=\"twitter:creator\" content=\"@empikfoto\" \/>\n<meta name=\"twitter:site\" content=\"@empikfoto\" \/>\n<meta name=\"twitter:label1\" content=\"Napisane przez\" \/>\n\t<meta name=\"twitter:data1\" content=\"Magdalena\" \/>\n\t<meta name=\"twitter:label2\" content=\"Szacowany czas czytania\" \/>\n\t<meta name=\"twitter:data2\" content=\"5 minut\" \/>\n<script type=\"application\/ld+json\" class=\"yoast-schema-graph\">{\"@context\":\"https:\\\/\\\/schema.org\",\"@graph\":[{\"@type\":\"Article\",\"@id\":\"https:\\\/\\\/www.empikfoto.pl\\\/blog\\\/personalizowane-zestawy-prezentowe-dla-kogo-i-na-jakie-okazje-sie-sprawdza\\\/#article\",\"isPartOf\":{\"@id\":\"https:\\\/\\\/www.empikfoto.pl\\\/blog\\\/personalizowane-zestawy-prezentowe-dla-kogo-i-na-jakie-okazje-sie-sprawdza\\\/\"},\"author\":{\"name\":\"Magdalena\",\"@id\":\"https:\\\/\\\/www.empikfoto.pl\\\/blog\\\/#\\\/schema\\\/person\\\/f394adde230a2c78b1d5840ec66c5f5d\"},\"headline\":\"Personalizowane zestawy prezentowe &#8211; dla kogo i na jakie okazje si\u0119 sprawdz\u0105?\",\"datePublished\":\"2025-10-30T14:18:09+00:00\",\"dateModified\":\"2025-11-27T13:47:18+00:00\",\"mainEntityOfPage\":{\"@id\":\"https:\\\/\\\/www.empikfoto.pl\\\/blog\\\/personalizowane-zestawy-prezentowe-dla-kogo-i-na-jakie-okazje-sie-sprawdza\\\/\"},\"wordCount\":848,\"image\":{\"@id\":\"https:\\\/\\\/www.empikfoto.pl\\\/blog\\\/personalizowane-zestawy-prezentowe-dla-kogo-i-na-jakie-okazje-sie-sprawdza\\\/#primaryimage\"},\"thumbnailUrl\":\"https:\\\/\\\/www.empikfoto.pl\\\/blog\\\/empikfoto\\\/2025\\\/10\\\/zestawy-prezentowe.jpg\",\"keywords\":[\"pomys\u0142 na prezent\",\"zestawy prezentowe\"],\"articleSection\":[\"Pomys\u0142y na prezent\"],\"inLanguage\":\"pl-PL\"},{\"@type\":\"WebPage\",\"@id\":\"https:\\\/\\\/www.empikfoto.pl\\\/blog\\\/personalizowane-zestawy-prezentowe-dla-kogo-i-na-jakie-okazje-sie-sprawdza\\\/\",\"url\":\"https:\\\/\\\/www.empikfoto.pl\\\/blog\\\/personalizowane-zestawy-prezentowe-dla-kogo-i-na-jakie-okazje-sie-sprawdza\\\/\",\"name\":\"Zestawy prezentowe - dla kogo i na jakie okazje? | Empik Foto\",\"isPartOf\":{\"@id\":\"https:\\\/\\\/www.empikfoto.pl\\\/blog\\\/#website\"},\"primaryImageOfPage\":{\"@id\":\"https:\\\/\\\/www.empikfoto.pl\\\/blog\\\/personalizowane-zestawy-prezentowe-dla-kogo-i-na-jakie-okazje-sie-sprawdza\\\/#primaryimage\"},\"image\":{\"@id\":\"https:\\\/\\\/www.empikfoto.pl\\\/blog\\\/personalizowane-zestawy-prezentowe-dla-kogo-i-na-jakie-okazje-sie-sprawdza\\\/#primaryimage\"},\"thumbnailUrl\":\"https:\\\/\\\/www.empikfoto.pl\\\/blog\\\/empikfoto\\\/2025\\\/10\\\/zestawy-prezentowe.jpg\",\"datePublished\":\"2025-10-30T14:18:09+00:00\",\"dateModified\":\"2025-11-27T13:47:18+00:00\",\"author\":{\"@id\":\"https:\\\/\\\/www.empikfoto.pl\\\/blog\\\/#\\\/schema\\\/person\\\/f394adde230a2c78b1d5840ec66c5f5d\"},\"description\":\"Szukasz prezentu dla rodziny, nauczyciela lub partnera biznesowego? Sprawd\u017a, na jakie okazje sprawdz\u0105 si\u0119 personalizowane zestawy prezentowe.\",\"breadcrumb\":{\"@id\":\"https:\\\/\\\/www.empikfoto.pl\\\/blog\\\/personalizowane-zestawy-prezentowe-dla-kogo-i-na-jakie-okazje-sie-sprawdza\\\/#breadcrumb\"},\"inLanguage\":\"pl-PL\",\"potentialAction\":[{\"@type\":\"ReadAction\",\"target\":[\"https:\\\/\\\/www.empikfoto.pl\\\/blog\\\/personalizowane-zestawy-prezentowe-dla-kogo-i-na-jakie-okazje-sie-sprawdza\\\/\"]}]},{\"@type\":\"ImageObject\",\"inLanguage\":\"pl-PL\",\"@id\":\"https:\\\/\\\/www.empikfoto.pl\\\/blog\\\/personalizowane-zestawy-prezentowe-dla-kogo-i-na-jakie-okazje-sie-sprawdza\\\/#primaryimage\",\"url\":\"https:\\\/\\\/www.empikfoto.pl\\\/blog\\\/empikfoto\\\/2025\\\/10\\\/zestawy-prezentowe.jpg\",\"contentUrl\":\"https:\\\/\\\/www.empikfoto.pl\\\/blog\\\/empikfoto\\\/2025\\\/10\\\/zestawy-prezentowe.jpg\",\"width\":1000,\"height\":776,\"caption\":\"personalizowane zestawy prezentowe\"},{\"@type\":\"BreadcrumbList\",\"@id\":\"https:\\\/\\\/www.empikfoto.pl\\\/blog\\\/personalizowane-zestawy-prezentowe-dla-kogo-i-na-jakie-okazje-sie-sprawdza\\\/#breadcrumb\",\"itemListElement\":[{\"@type\":\"ListItem\",\"position\":1,\"name\":\"Strona g\u0142\u00f3wna\",\"item\":\"https:\\\/\\\/www.empikfoto.pl\\\/blog\\\/\"},{\"@type\":\"ListItem\",\"position\":2,\"name\":\"Personalizowane zestawy prezentowe &#8211; dla kogo i na jakie okazje si\u0119 sprawdz\u0105?\"}]},{\"@type\":\"WebSite\",\"@id\":\"https:\\\/\\\/www.empikfoto.pl\\\/blog\\\/#website\",\"url\":\"https:\\\/\\\/www.empikfoto.pl\\\/blog\\\/\",\"name\":\"blog.empikfoto.pl\",\"description\":\"Poznaj empikfoto.pl od \u015brodka! Dowiedz si\u0119 wi\u0119cej o odbitkach, fotoksi\u0105\u017ckach i fotografii.\",\"potentialAction\":[{\"@type\":\"SearchAction\",\"target\":{\"@type\":\"EntryPoint\",\"urlTemplate\":\"https:\\\/\\\/www.empikfoto.pl\\\/blog\\\/?s={search_term_string}\"},\"query-input\":{\"@type\":\"PropertyValueSpecification\",\"valueRequired\":true,\"valueName\":\"search_term_string\"}}],\"inLanguage\":\"pl-PL\"},{\"@type\":\"Person\",\"@id\":\"https:\\\/\\\/www.empikfoto.pl\\\/blog\\\/#\\\/schema\\\/person\\\/f394adde230a2c78b1d5840ec66c5f5d\",\"name\":\"Magdalena\",\"image\":{\"@type\":\"ImageObject\",\"inLanguage\":\"pl-PL\",\"@id\":\"https:\\\/\\\/secure.gravatar.com\\\/avatar\\\/874b117191fd73f8cc0be164b43f75724363784b2c9d57127c4a7b73181b9ea3?s=96&d=identicon&r=g\",\"url\":\"https:\\\/\\\/secure.gravatar.com\\\/avatar\\\/874b117191fd73f8cc0be164b43f75724363784b2c9d57127c4a7b73181b9ea3?s=96&d=identicon&r=g\",\"contentUrl\":\"https:\\\/\\\/secure.gravatar.com\\\/avatar\\\/874b117191fd73f8cc0be164b43f75724363784b2c9d57127c4a7b73181b9ea3?s=96&d=identicon&r=g\",\"caption\":\"Magdalena\"},\"url\":\"https:\\\/\\\/www.empikfoto.pl\\\/blog\\\/author\\\/magda-em\\\/\"}]}<\/script>\n<!-- \/ Yoast SEO plugin. -->","yoast_head_json":{"title":"Zestawy prezentowe - dla kogo i na jakie okazje? | Empik Foto","description":"Szukasz prezentu dla rodziny, nauczyciela lub partnera biznesowego? Sprawd\u017a, na jakie okazje sprawdz\u0105 si\u0119 personalizowane zestawy prezentowe.","robots":{"index":"index","follow":"follow","max-snippet":"max-snippet:-1","max-image-preview":"max-image-preview:large","max-video-preview":"max-video-preview:-1"},"canonical":"https:\/\/www.empikfoto.pl\/blog\/personalizowane-zestawy-prezentowe-dla-kogo-i-na-jakie-okazje-sie-sprawdza\/","og_locale":"pl_PL","og_type":"article","og_title":"Zestawy prezentowe - dla kogo i na jakie okazje? | Empik Foto","og_description":"Szukasz prezentu dla rodziny, nauczyciela lub partnera biznesowego? Sprawd\u017a, na jakie okazje sprawdz\u0105 si\u0119 personalizowane zestawy prezentowe.","og_url":"https:\/\/www.empikfoto.pl\/blog\/personalizowane-zestawy-prezentowe-dla-kogo-i-na-jakie-okazje-sie-sprawdza\/","og_site_name":"blog.empikfoto.pl","article_publisher":"https:\/\/www.facebook.com\/empikfotopl\/","article_published_time":"2025-10-30T14:18:09+00:00","article_modified_time":"2025-11-27T13:47:18+00:00","og_image":[{"width":1000,"height":776,"url":"https:\/\/www.empikfoto.pl\/blog\/empikfoto\/2025\/10\/zestawy-prezentowe.jpg","type":"image\/jpeg"}],"author":"Magdalena","twitter_card":"summary_large_image","twitter_creator":"@empikfoto","twitter_site":"@empikfoto","twitter_misc":{"Napisane przez":"Magdalena","Szacowany czas czytania":"5 minut"},"schema":{"@context":"https:\/\/schema.org","@graph":[{"@type":"Article","@id":"https:\/\/www.empikfoto.pl\/blog\/personalizowane-zestawy-prezentowe-dla-kogo-i-na-jakie-okazje-sie-sprawdza\/#article","isPartOf":{"@id":"https:\/\/www.empikfoto.pl\/blog\/personalizowane-zestawy-prezentowe-dla-kogo-i-na-jakie-okazje-sie-sprawdza\/"},"author":{"name":"Magdalena","@id":"https:\/\/www.empikfoto.pl\/blog\/#\/schema\/person\/f394adde230a2c78b1d5840ec66c5f5d"},"headline":"Personalizowane zestawy prezentowe &#8211; dla kogo i na jakie okazje si\u0119 sprawdz\u0105?","datePublished":"2025-10-30T14:18:09+00:00","dateModified":"2025-11-27T13:47:18+00:00","mainEntityOfPage":{"@id":"https:\/\/www.empikfoto.pl\/blog\/personalizowane-zestawy-prezentowe-dla-kogo-i-na-jakie-okazje-sie-sprawdza\/"},"wordCount":848,"image":{"@id":"https:\/\/www.empikfoto.pl\/blog\/personalizowane-zestawy-prezentowe-dla-kogo-i-na-jakie-okazje-sie-sprawdza\/#primaryimage"},"thumbnailUrl":"https:\/\/www.empikfoto.pl\/blog\/empikfoto\/2025\/10\/zestawy-prezentowe.jpg","keywords":["pomys\u0142 na prezent","zestawy prezentowe"],"articleSection":["Pomys\u0142y na prezent"],"inLanguage":"pl-PL"},{"@type":"WebPage","@id":"https:\/\/www.empikfoto.pl\/blog\/personalizowane-zestawy-prezentowe-dla-kogo-i-na-jakie-okazje-sie-sprawdza\/","url":"https:\/\/www.empikfoto.pl\/blog\/personalizowane-zestawy-prezentowe-dla-kogo-i-na-jakie-okazje-sie-sprawdza\/","name":"Zestawy prezentowe - dla kogo i na jakie okazje? | Empik Foto","isPartOf":{"@id":"https:\/\/www.empikfoto.pl\/blog\/#website"},"primaryImageOfPage":{"@id":"https:\/\/www.empikfoto.pl\/blog\/personalizowane-zestawy-prezentowe-dla-kogo-i-na-jakie-okazje-sie-sprawdza\/#primaryimage"},"image":{"@id":"https:\/\/www.empikfoto.pl\/blog\/personalizowane-zestawy-prezentowe-dla-kogo-i-na-jakie-okazje-sie-sprawdza\/#primaryimage"},"thumbnailUrl":"https:\/\/www.empikfoto.pl\/blog\/empikfoto\/2025\/10\/zestawy-prezentowe.jpg","datePublished":"2025-10-30T14:18:09+00:00","dateModified":"2025-11-27T13:47:18+00:00","author":{"@id":"https:\/\/www.empikfoto.pl\/blog\/#\/schema\/person\/f394adde230a2c78b1d5840ec66c5f5d"},"description":"Szukasz prezentu dla rodziny, nauczyciela lub partnera biznesowego? Sprawd\u017a, na jakie okazje sprawdz\u0105 si\u0119 personalizowane zestawy prezentowe.","breadcrumb":{"@id":"https:\/\/www.empikfoto.pl\/blog\/personalizowane-zestawy-prezentowe-dla-kogo-i-na-jakie-okazje-sie-sprawdza\/#breadcrumb"},"inLanguage":"pl-PL","potentialAction":[{"@type":"ReadAction","target":["https:\/\/www.empikfoto.pl\/blog\/personalizowane-zestawy-prezentowe-dla-kogo-i-na-jakie-okazje-sie-sprawdza\/"]}]},{"@type":"ImageObject","inLanguage":"pl-PL","@id":"https:\/\/www.empikfoto.pl\/blog\/personalizowane-zestawy-prezentowe-dla-kogo-i-na-jakie-okazje-sie-sprawdza\/#primaryimage","url":"https:\/\/www.empikfoto.pl\/blog\/empikfoto\/2025\/10\/zestawy-prezentowe.jpg","contentUrl":"https:\/\/www.empikfoto.pl\/blog\/empikfoto\/2025\/10\/zestawy-prezentowe.jpg","width":1000,"height":776,"caption":"personalizowane zestawy prezentowe"},{"@type":"BreadcrumbList","@id":"https:\/\/www.empikfoto.pl\/blog\/personalizowane-zestawy-prezentowe-dla-kogo-i-na-jakie-okazje-sie-sprawdza\/#breadcrumb","itemListElement":[{"@type":"ListItem","position":1,"name":"Strona g\u0142\u00f3wna","item":"https:\/\/www.empikfoto.pl\/blog\/"},{"@type":"ListItem","position":2,"name":"Personalizowane zestawy prezentowe &#8211; dla kogo i na jakie okazje si\u0119 sprawdz\u0105?"}]},{"@type":"WebSite","@id":"https:\/\/www.empikfoto.pl\/blog\/#website","url":"https:\/\/www.empikfoto.pl\/blog\/","name":"blog.empikfoto.pl","description":"Poznaj empikfoto.pl od \u015brodka! Dowiedz si\u0119 wi\u0119cej o odbitkach, fotoksi\u0105\u017ckach i fotografii.","potentialAction":[{"@type":"SearchAction","target":{"@type":"EntryPoint","urlTemplate":"https:\/\/www.empikfoto.pl\/blog\/?s={search_term_string}"},"query-input":{"@type":"PropertyValueSpecification","valueRequired":true,"valueName":"search_term_string"}}],"inLanguage":"pl-PL"},{"@type":"Person","@id":"https:\/\/www.empikfoto.pl\/blog\/#\/schema\/person\/f394adde230a2c78b1d5840ec66c5f5d","name":"Magdalena","image":{"@type":"ImageObject","inLanguage":"pl-PL","@id":"https:\/\/secure.gravatar.com\/avatar\/874b117191fd73f8cc0be164b43f75724363784b2c9d57127c4a7b73181b9ea3?s=96&d=identicon&r=g","url":"https:\/\/secure.gravatar.com\/avatar\/874b117191fd73f8cc0be164b43f75724363784b2c9d57127c4a7b73181b9ea3?s=96&d=identicon&r=g","contentUrl":"https:\/\/secure.gravatar.com\/avatar\/874b117191fd73f8cc0be164b43f75724363784b2c9d57127c4a7b73181b9ea3?s=96&d=identicon&r=g","caption":"Magdalena"},"url":"https:\/\/www.empikfoto.pl\/blog\/author\/magda-em\/"}]}},"amp_enabled":true,"_links":{"self":[{"href":"https:\/\/www.empikfoto.pl\/blog\/wp-json\/wp\/v2\/posts\/14750","targetHints":{"allow":["GET"]}}],"collection":[{"href":"https:\/\/www.empikfoto.pl\/blog\/wp-json\/wp\/v2\/posts"}],"about":[{"href":"https:\/\/www.empikfoto.pl\/blog\/wp-json\/wp\/v2\/types\/post"}],"author":[{"embeddable":true,"href":"https:\/\/www.empikfoto.pl\/blog\/wp-json\/wp\/v2\/users\/24"}],"replies":[{"embeddable":true,"href":"https:\/\/www.empikfoto.pl\/blog\/wp-json\/wp\/v2\/comments?post=14750"}],"version-history":[{"count":5,"href":"https:\/\/www.empikfoto.pl\/blog\/wp-json\/wp\/v2\/posts\/14750\/revisions"}],"predecessor-version":[{"id":14757,"href":"https:\/\/www.empikfoto.pl\/blog\/wp-json\/wp\/v2\/posts\/14750\/revisions\/14757"}],"wp:featuredmedia":[{"embeddable":true,"href":"https:\/\/www.empikfoto.pl\/blog\/wp-json\/wp\/v2\/media\/14789"}],"wp:attachment":[{"href":"https:\/\/www.empikfoto.pl\/blog\/wp-json\/wp\/v2\/media?parent=14750"}],"wp:term":[{"taxonomy":"category","embeddable":true,"href":"https:\/\/www.empikfoto.pl\/blog\/wp-json\/wp\/v2\/categories?post=14750"},{"taxonomy":"post_tag","embeddable":true,"href":"https:\/\/www.empikfoto.pl\/blog\/wp-json\/wp\/v2\/tags?post=14750"}],"curies":[{"name":"wp","href":"https:\/\/api.w.org\/{rel}","templated":true}]}}