{"id":14903,"date":"2026-03-12T14:48:15","date_gmt":"2026-03-12T13:48:15","guid":{"rendered":"https:\/\/www.empikfoto.pl\/blog\/?p=14903"},"modified":"2026-03-24T14:33:48","modified_gmt":"2026-03-24T13:33:48","slug":"wiosenna-metamorfoza-wnetrza-jak-odswiezyc-wystroj-w-kilku-prostych-krokach","status":"publish","type":"post","link":"https:\/\/www.empikfoto.pl\/blog\/wiosenna-metamorfoza-wnetrza-jak-odswiezyc-wystroj-w-kilku-prostych-krokach\/","title":{"rendered":"Wiosenna metamorfoza wn\u0119trza. Jak od\u015bwie\u017cy\u0107 wystr\u00f3j w kilku prostych krokach?"},"content":{"rendered":"<p><span data-contrast=\"auto\">Z pocz\u0105tkiem wiosny\u00a0<\/span><b><span data-contrast=\"auto\">\u015bwiat wok\u00f3\u0142 nas nabiera kolor\u00f3w i lekko\u015bci<\/span><\/b><span data-contrast=\"auto\">. Natura budzi si\u0119 do \u017cycia, s\u0142o\u0144ce coraz \u015bmielej zagl\u0105da w zakamarki naszych mieszka\u0144, a wraz z tym pojawia si\u0119 naturalna ch\u0119\u0107 od\u015bwie\u017cenia wn\u0119trza i wprowadzenia zmian. Cz\u0119sto wydaje nam si\u0119, \u017ce aby poczu\u0107 powiew \u015bwie\u017co\u015bci w czterech \u015bcianach, potrzebujemy ekipy remontowej, wiader farby i sporego bud\u017cetu. Nic bardziej mylnego!\u00a0<\/span><b><span data-contrast=\"auto\">Prawdziwa magia tkwi w detalach i personalizacji<\/span><\/b><span data-contrast=\"auto\">. Zamiast przemalowywa\u0107 \u015bciany, postaw na dodatki, kt\u00f3re wywo\u0142uj\u0105 u\u015bmiech i przywo\u0142uj\u0105 najlepsze wspomnienia. Jak zatem przeprowadzi\u0107\u00a0wiosenne porz\u0105dki w sferze wizualnej? Oto sprawdzony przepis na\u00a0<\/span><b><span data-contrast=\"auto\">szybk\u0105 metamorfoz\u0119 wn\u0119trza<\/span><\/b><span data-contrast=\"auto\">\u00a0z wykorzystaniem nowoczesnych dekoracji i kadr\u00f3w pe\u0142nych emocji.<\/span><\/p>\n<h2><span style=\"color: initial;\">1. Metamorfoza wn\u0119trza zaczyna si\u0119 od \u015bwiat\u0142a i \u015bcian<\/span><\/h2>\n<p><span data-contrast=\"auto\">Pierwszym krokiem do udanej zmiany jest maksymalne wykorzystanie naturalnego \u015bwiat\u0142a.\u00a0<\/span><b><span data-contrast=\"auto\">Umycie okien i zamiana ci\u0119\u017ckich zas\u0142on na zwiewne tkaniny<\/span><\/b><span data-contrast=\"auto\">\u00a0to absolutna podstawa. Wiosenne s\u0142o\u0144ce ma jednak t\u0119 w\u0142a\u015bciwo\u015b\u0107, \u017ce bezlito\u015bnie obna\u017ca puste \u015bciany, kt\u00f3re po zimie mog\u0105 wydawa\u0107 si\u0119 szare i monotonne.<\/span><span data-ccp-props=\"{}\">\u00a0<\/span><\/p>\n<p><span data-contrast=\"auto\">Zamiast jednak chwyta\u0107 za wa\u0142ek i farb\u0119, potraktuj \u015bcian\u0119 jak\u00a0<\/span><b><span data-contrast=\"auto\">galeri\u0119 w\u0142asnych wspomnie\u0144<\/span><\/b><span data-contrast=\"auto\">. Wiosenna metamorfoza wn\u0119trza to idealny moment na wymian\u0119\u00a0<\/span><a href=\"https:\/\/www.empikfoto.pl\/obrazy\"><b><span data-contrast=\"auto\">obraz\u00f3w na p\u0142\u00f3tnie<\/span><\/b><\/a><span data-contrast=\"auto\">. Zrezygnuj z ciemnych, nastrojowych grafik na rzecz jasnych kadr\u00f3w z ostatniej podr\u00f3\u017cy lub rodzinnych sesji plenerowych. Je\u015bli szukasz czego\u015b nowoczesnego, strza\u0142em w dziesi\u0105tk\u0119 b\u0119d\u0105\u00a0<\/span><a href=\"https:\/\/www.empikfoto.pl\/wystroj-wnetrz\/fotopanele\"><b><span data-contrast=\"auto\">fotopanele<\/span><\/b><\/a><span data-contrast=\"auto\">, kt\u00f3re nie wymagaj\u0105 wiercenia dziur, a ich minimalistyczna forma idealnie wpisuje si\u0119 w skandynawsk\u0105 estetyk\u0119. Mi\u0142o\u015bnicy designu mog\u0105 si\u0119gn\u0105\u0107 po <a href=\"https:\/\/www.empikfoto.pl\/wystroj-wnetrz\/fotoobrazy?sort=default_desc&amp;material_wykonania=plotno-2cm&amp;material=aluminium\"><strong>fotoobrazy na aluminium<\/strong><\/a><\/span><span data-contrast=\"auto\">, kt\u00f3re pi\u0119knie odbijaj\u0105 wiosenne \u015bwiat\u0142o, dodaj\u0105c przestrzeni g\u0142\u0119bi i nowoczesnego blasku.\u00a0<\/span><\/p>\n<h2><span style=\"color: initial;\">2. Wiosenna paleta barw w tekstyliach i dodatkach<\/span><\/h2>\n<p><span data-contrast=\"auto\">Wiosna kocha pastele:\u00a0<\/span><b><span data-contrast=\"auto\">sza\u0142wi\u0119, pudrowy r\u00f3\u017c, delikatny b\u0142\u0119kit i s\u0142oneczn\u0105 \u017c\u00f3\u0142\u0107<\/span><\/b><span data-contrast=\"auto\">. Najprostszym sposobem na wprowadzenie tych barw do wn\u0119trza jest wymiana tekstyli\u00f3w.<\/span><span data-ccp-props=\"{}\">\u00a0<\/span><\/p>\n<p><span data-contrast=\"auto\">Twoja kanapa, centrum domowego relaksu, zas\u0142uguje na l\u017cejsz\u0105 opraw\u0119. Zdejmij z niej ci\u0119\u017cki we\u0142niany koc i zast\u0105p go\u00a0<\/span><b><span data-contrast=\"auto\">lekkim pledem<\/span><\/b><span data-contrast=\"auto\">. Prawdziwy charakter nadadz\u0105 jej jednak\u00a0<\/span><a href=\"https:\/\/www.empikfoto.pl\/poduszki\"><b><span data-contrast=\"auto\">personalizowane poduszki<\/span><\/b><\/a><span data-contrast=\"auto\">. Zamiast gotowych wzor\u00f3w z sieci\u00f3wki, mo\u017cesz postawi\u0107 na\u00a0<\/span><b><span data-contrast=\"auto\">poszewki z autorskim nadrukiem<\/span><\/b><span data-contrast=\"auto\">. Mo\u017ce to by\u0107 ulubiony motywuj\u0105cy cytat na wiosn\u0119, energetyczny kola\u017c zdj\u0119\u0107 lub motyw budz\u0105cej si\u0119 do \u017cycia natury.<\/span><span data-ccp-props=\"{}\">\u00a0<\/span><\/p>\n<p><span data-contrast=\"auto\">W jadalni z kolei warto zadba\u0107 o detale, kt\u00f3re umil\u0105 porann\u0105 kaw\u0119.<\/span><b><span data-contrast=\"auto\">\u00a0<a href=\"https:\/\/www.empikfoto.pl\/kubki\">Personalizowane kubki w wiosennych odcieniach<\/a><\/span><\/b><span data-contrast=\"auto\">, wyeksponowane na otwartej p\u00f3\u0142ce, to dekoracja sama w sobie. Mo\u017cesz zaprojektowa\u0107 ca\u0142\u0105 seri\u0119 dla domownik\u00f3w, u\u017cywaj\u0105c barwnych szablon\u00f3w, kt\u00f3re idealnie skomponuj\u0105 si\u0119 z nowym, lnianym obrusem.<\/span><\/p>\n<h2><span style=\"color: initial;\">3. Ziele\u0144 i botaniczne inspiracje w aran\u017cacji<\/span><\/h2>\n<p><span data-contrast=\"auto\">Ziele\u0144 to kolor nadziei i niekwestionowany symbol wiosny.<\/span><b><span data-contrast=\"auto\">\u00a0Ro\u015bliny doniczkowe<\/span><\/b><span data-contrast=\"auto\">\u00a0nie tylko oczyszczaj\u0105 powietrze, ale te\u017c wprowadzaj\u0105 do wn\u0119trza \u017cycie. Je\u015bli jednak nie masz r\u0119ki do kwiat\u00f3w, mo\u017cesz wprowadzi\u0107\u00a0<\/span><b><span data-contrast=\"auto\">motywy ro\u015blinne w formie graficznej<\/span><\/b><span data-contrast=\"auto\">.\u00a0<\/span><span data-ccp-props=\"{}\">\u00a0<\/span><\/p>\n<p><a href=\"https:\/\/www.empikfoto.pl\/plakaty-graficzne-gotowe-wzory\"><b><span data-contrast=\"auto\">Plakaty w ramie z motywami botanicznymi<\/span><\/b><\/a><span data-contrast=\"auto\">\u00a0to trend, kt\u00f3ry nie przemija. Mo\u017cesz stworzy\u0107 w\u0142asn\u0105 kompozycj\u0119, zamawiaj\u0105c wydruki zdj\u0119\u0107 wykonanych podczas wiosennego spaceru w lesie czy parku. Taka zielona aran\u017cacja na \u015bcianie nie wymaga podlewania, a mo\u017ce cieszysz oko tak samo jak prawdziwe ro\u015bliny.<\/span><span data-ccp-props=\"{}\">\u00a0<\/span><\/p>\n<p><span data-contrast=\"auto\">Warto r\u00f3wnie\u017c od\u015bwie\u017cy\u0107 wygl\u0105d lod\u00f3wki. Cz\u0119sto traktujemy j\u0105 czysto u\u017cytkowo, a to idealne miejsce na energetyczny kola\u017c.\u00a0<\/span><a href=\"https:\/\/www.empikfoto.pl\/magnesy\"><b><span data-contrast=\"auto\">Personalizowane fotomagnesy<\/span><\/b><\/a><span data-contrast=\"auto\">\u00a0ze zdj\u0119ciami natury i u\u015bmiechami bliskich stworz\u0105 radosny akcent w sercu domu, a Ty za ka\u017cdym razem, gdy p\u00f3jdziesz po szklank\u0119 wody, poczujesz powiew wiosennej energii.<\/span><\/p>\n<p><a href=\"https:\/\/www.empikfoto.pl\/plakaty-graficzne-gotowe-wzory\"><img loading=\"lazy\" decoding=\"async\" class=\"aligncenter size-large wp-image-14909\" src=\"https:\/\/www.empikfoto.pl\/blog\/empikfoto\/2026\/03\/metamorfoza-wnetrza-2-1024x496.jpg\" alt=\"metamorfoza wn\u0119trza - plakaty\" width=\"1024\" height=\"496\" srcset=\"https:\/\/www.empikfoto.pl\/blog\/empikfoto\/2026\/03\/metamorfoza-wnetrza-2-1024x496.jpg 1024w, https:\/\/www.empikfoto.pl\/blog\/empikfoto\/2026\/03\/metamorfoza-wnetrza-2-300x145.jpg 300w, https:\/\/www.empikfoto.pl\/blog\/empikfoto\/2026\/03\/metamorfoza-wnetrza-2-768x372.jpg 768w, https:\/\/www.empikfoto.pl\/blog\/empikfoto\/2026\/03\/metamorfoza-wnetrza-2-1536x745.jpg 1536w, https:\/\/www.empikfoto.pl\/blog\/empikfoto\/2026\/03\/metamorfoza-wnetrza-2-400x194.jpg 400w, https:\/\/www.empikfoto.pl\/blog\/empikfoto\/2026\/03\/metamorfoza-wnetrza-2.jpg 1547w\" sizes=\"auto, (max-width: 1024px) 100vw, 1024px\" \/><\/a><\/p>\n<h2><span style=\"color: initial;\">4. Wiosenne porz\u0105dki w domowej galerii wspomnie\u0144<\/span><\/h2>\n<p><span data-contrast=\"auto\">Wiosenne porz\u0105dki to nie tylko odkurzanie szaf, ale te\u017c segregacja cyfrowego chaosu. Wi\u0119kszo\u015b\u0107 z nas przechowuje tysi\u0105ce zdj\u0119\u0107 w telefonach, do kt\u00f3rych nigdy nie wraca. Wykorzystaj ten czas na stworzenie<\/span><b><span data-contrast=\"auto\">\u00a0<a href=\"https:\/\/www.empikfoto.pl\/fotoksiazki\">fotoksi\u0105\u017cki<\/a><\/span><\/b><span data-contrast=\"auto\">. Mo\u017ce to by\u0107 podsumowanie minionej zimy lub wielka ksi\u0119ga rodzinnych podr\u00f3\u017cy. Postawiona\u00a0<\/span><b><span data-contrast=\"auto\">na komodzie, obok wazonu z tulipanami<\/span><\/b><span data-contrast=\"auto\">, stanie si\u0119 pretekstem do wsp\u00f3lnych wspomnie\u0144 podczas wiosennych wieczor\u00f3w.<\/span><span data-ccp-props=\"{}\">\u00a0<\/span><\/p>\n<p><span data-contrast=\"auto\">Je\u015bli wolisz bardziej tradycyjne rozwi\u0105zania, postaw na\u00a0<\/span><b><span data-contrast=\"auto\"><a href=\"https:\/\/www.empikfoto.pl\/odbitki\">klasyczne odbitki<\/a>.<\/span><\/b><span data-contrast=\"auto\">\u00a0Wiosn\u0105 warto wyeksponowa\u0107 je w nieoczywisty spos\u00f3b. Zamiast chowa\u0107 je w albumach, przypnij je ozdobnymi klamerkami\u00a0<\/span><b><span data-contrast=\"auto\">do sznurka jutowego<\/span><\/b><span data-contrast=\"auto\">\u00a0rozci\u0105gni\u0119tego w ramie lub stw\u00f3rz swobodn\u0105 galeri\u0119 bezpo\u015brednio na \u015bcianie.\u00a0<\/span><a href=\"https:\/\/www.empikfoto.pl\/odbitki,odbitki-retro\"><b><span data-contrast=\"auto\">Odbitki w stylu retro<\/span><\/b><\/a><span data-contrast=\"auto\">\u00a0z charakterystyczn\u0105 bia\u0142\u0105 ramk\u0105 dodadz\u0105 wn\u0119trzu przytulno\u015bci i modnego sznytu vintage, przypominaj\u0105c o tym, co w domowym zaciszu najwa\u017cniejsze &#8211; o wsp\u00f3lnych chwilach.<\/span><\/p>\n<h2><span style=\"color: initial;\">5. Wiosna w strefie pracy i kreatywno\u015bci<\/span><\/h2>\n<p><span data-contrast=\"auto\">Wiosn\u0105 cz\u0119sto odzyskujemy ch\u0119\u0107 do dzia\u0142ania i nauki. Warto wtedy od\u015bwie\u017cy\u0107 biurko, przy kt\u00f3rym sp\u0119dzamy czas i rodz\u0105 si\u0119 nowe pomys\u0142y.\u00a0<\/span><b><span data-contrast=\"auto\">Nowa podk\u0142adka pod myszk\u0119<\/span><\/b><span data-contrast=\"auto\">\u00a0z motywuj\u0105cym cytatem lub ulubionym zdj\u0119ciem,\u00a0<\/span><b><span data-contrast=\"auto\">personalizowany notes<\/span><\/b><span data-contrast=\"auto\">\u00a0na wiosenne plany czy<\/span><b><span data-contrast=\"auto\">\u00a0<a href=\"https:\/\/www.empikfoto.pl\/fotokalendarze\/kalendarze-biurkowe\">fotokalendarz biurkowy<\/a><\/span><\/b><span data-contrast=\"auto\">, kt\u00f3ry zaczyna si\u0119 od dowolnego miesi\u0105ca (np. od marca!), to drobiazgi, kt\u00f3re sprawi\u0105, \u017ce praca stanie si\u0119 przyjemniejsza.<\/span><span data-ccp-props=\"{}\">\u00a0<\/span><\/p>\n<p><span data-contrast=\"auto\">Kalendarz to zreszt\u0105 jeden z najprostszych sposob\u00f3w na \u015bcienn\u0105 metamorfoz\u0119. Wybieraj\u0105c\u00a0<\/span><a href=\"https:\/\/www.empikfoto.pl\/fotokalendarze\/tematy?format=30x40-A3&amp;sort=default_desc\"><b><span data-contrast=\"auto\">format A3<\/span><\/b><\/a><span data-contrast=\"auto\">, zyskujesz w\u0142a\u015bciwie\u00a0<\/span><b><span data-contrast=\"auto\">12 plakat\u00f3w w jednym<\/span><\/b><span data-contrast=\"auto\">. Dzi\u0119ki temu co miesi\u0105c fundujesz swojej \u015bcianie ma\u0142\u0105 metamorfoz\u0119, odliczaj\u0105c czas do wakacji w otoczeniu ulubionych kadr\u00f3w.<\/span><span data-ccp-props=\"{}\">\u00a0<\/span><\/p>\n<p><span data-contrast=\"auto\">Wiosenna metamorfoza wn\u0119trza nie musi oznacza\u0107 kopiowania katalogowych trend\u00f3w. Zamiast malowa\u0107 \u015bciany i wymienia\u0107 wszystkie meble, postaw na\u00a0<\/span><b><span data-contrast=\"auto\">nowoczesne dodatki<\/span><\/b><span data-contrast=\"auto\">, kt\u00f3re wprowadz\u0105 klimat wiosny i maj\u0105 dla Ciebie znaczenie.\u00a0<\/span><span data-ccp-props=\"{}\">\u00a0<\/span><\/p>\n<p><span data-contrast=\"auto\">Pami\u0119taj, \u017ce najpi\u0119kniejsze wn\u0119trza to te, w kt\u00f3rych\u00a0<\/span><b><span data-contrast=\"auto\">czu\u0107 obecno\u015b\u0107 domownik\u00f3w<\/span><\/b><span data-contrast=\"auto\">. Drewniana ramka z ulubionym zdj\u0119ciem, mi\u0119kka poduszka z wiosennym motywem, personalizowany fotoobraz na \u015bcianie, kilka ro\u015blin doniczkowych i jasne \u015bwiat\u0142o wpadaj\u0105ce przez czyste szyby to najprostszy przepis na\u00a0<\/span><b><span data-contrast=\"auto\">wn\u0119trze pe\u0142ne pozytywnej, wiosennej energii<\/span><\/b><span data-contrast=\"auto\">.<\/span><\/p>\n","protected":false},"excerpt":{"rendered":"<p>Z pocz\u0105tkiem wiosny\u00a0\u015bwiat wok\u00f3\u0142 nas nabiera kolor\u00f3w i lekko\u015bci. Natura budzi si\u0119 do \u017cycia, s\u0142o\u0144ce coraz \u015bmielej zagl\u0105da w zakamarki naszych mieszka\u0144, a wraz z tym pojawia si\u0119 naturalna ch\u0119\u0107 od\u015bwie\u017cenia wn\u0119trza i wprowadzenia zmian. Cz\u0119sto wydaje nam si\u0119, \u017ce aby poczu\u0107 powiew \u015bwie\u017co\u015bci w czterech \u015bcianach, potrzebujemy ekipy remontowej, wiader farby i sporego bud\u017cetu. Nic bardziej mylnego!\u00a0Prawdziwa magia tkwi w detalach i personalizacji. Zamiast przemalowywa\u0107 \u015bciany, postaw na dodatki, kt\u00f3re wywo\u0142uj\u0105 u\u015bmiech i przywo\u0142uj\u0105 najlepsze wspomnienia. Jak zatem przeprowadzi\u0107\u00a0wiosenne porz\u0105dki w sferze wizualnej? Oto sprawdzony przepis na\u00a0szybk\u0105 metamorfoz\u0119 wn\u0119trza\u00a0z wykorzystaniem nowoczesnych dekoracji i kadr\u00f3w pe\u0142nych emocji. 1. Metamorfoza wn\u0119trza zaczyna si\u0119 od \u015bwiat\u0142a i \u015bcian Pierwszym krokiem do udanej zmiany jest maksymalne wykorzystanie naturalnego \u015bwiat\u0142a.\u00a0Umycie okien i zamiana ci\u0119\u017ckich zas\u0142on na zwiewne tkaniny\u00a0to absolutna podstawa. Wiosenne s\u0142o\u0144ce ma jednak t\u0119 w\u0142a\u015bciwo\u015b\u0107, \u017ce bezlito\u015bnie obna\u017ca puste \u015bciany, kt\u00f3re po zimie mog\u0105 wydawa\u0107 si\u0119 szare i monotonne.\u00a0 Zamiast jednak chwyta\u0107 za wa\u0142ek i farb\u0119, potraktuj \u015bcian\u0119 jak\u00a0galeri\u0119 w\u0142asnych wspomnie\u0144. Wiosenna metamorfoza wn\u0119trza to idealny moment na wymian\u0119\u00a0obraz\u00f3w na p\u0142\u00f3tnie. Zrezygnuj z ciemnych, nastrojowych grafik na rzecz jasnych kadr\u00f3w z ostatniej podr\u00f3\u017cy lub rodzinnych sesji plenerowych. Je\u015bli szukasz czego\u015b nowoczesnego, strza\u0142em w dziesi\u0105tk\u0119 b\u0119d\u0105\u00a0fotopanele, kt\u00f3re nie wymagaj\u0105 wiercenia dziur, a ich minimalistyczna forma idealnie wpisuje si\u0119 w skandynawsk\u0105 estetyk\u0119. Mi\u0142o\u015bnicy designu mog\u0105 si\u0119gn\u0105\u0107 po fotoobrazy na aluminium, kt\u00f3re pi\u0119knie odbijaj\u0105 wiosenne \u015bwiat\u0142o, dodaj\u0105c przestrzeni g\u0142\u0119bi i nowoczesnego blasku.\u00a0 2. Wiosenna paleta barw w tekstyliach i dodatkach Wiosna kocha pastele:\u00a0sza\u0142wi\u0119, pudrowy r\u00f3\u017c, delikatny b\u0142\u0119kit i s\u0142oneczn\u0105 \u017c\u00f3\u0142\u0107. Najprostszym sposobem na wprowadzenie tych barw do wn\u0119trza jest wymiana tekstyli\u00f3w.\u00a0 Twoja kanapa, centrum domowego relaksu, zas\u0142uguje na l\u017cejsz\u0105 opraw\u0119. Zdejmij z niej ci\u0119\u017cki we\u0142niany koc i zast\u0105p go\u00a0lekkim pledem. Prawdziwy charakter nadadz\u0105 jej jednak\u00a0personalizowane poduszki. Zamiast gotowych wzor\u00f3w z sieci\u00f3wki, mo\u017cesz postawi\u0107 na\u00a0poszewki z autorskim nadrukiem. Mo\u017ce to by\u0107 ulubiony motywuj\u0105cy cytat na wiosn\u0119, energetyczny kola\u017c zdj\u0119\u0107 lub motyw budz\u0105cej si\u0119 do \u017cycia natury.\u00a0 W jadalni z kolei warto zadba\u0107 o detale, kt\u00f3re umil\u0105 porann\u0105 kaw\u0119.\u00a0Personalizowane kubki w wiosennych odcieniach, wyeksponowane na otwartej p\u00f3\u0142ce, to dekoracja sama w sobie. Mo\u017cesz zaprojektowa\u0107 ca\u0142\u0105 seri\u0119 dla domownik\u00f3w, u\u017cywaj\u0105c barwnych szablon\u00f3w, kt\u00f3re idealnie skomponuj\u0105 si\u0119 z nowym, lnianym obrusem. 3. Ziele\u0144 i botaniczne inspiracje w aran\u017cacji Ziele\u0144 to kolor nadziei i niekwestionowany symbol wiosny.\u00a0Ro\u015bliny doniczkowe\u00a0nie tylko oczyszczaj\u0105 powietrze, ale te\u017c wprowadzaj\u0105 do wn\u0119trza \u017cycie. Je\u015bli jednak nie masz r\u0119ki do kwiat\u00f3w, mo\u017cesz wprowadzi\u0107\u00a0motywy ro\u015blinne w formie graficznej.\u00a0\u00a0 Plakaty w ramie z motywami botanicznymi\u00a0to trend, kt\u00f3ry nie przemija. Mo\u017cesz stworzy\u0107 w\u0142asn\u0105 kompozycj\u0119, zamawiaj\u0105c wydruki zdj\u0119\u0107 wykonanych podczas wiosennego spaceru w lesie czy parku. Taka zielona aran\u017cacja na \u015bcianie nie wymaga podlewania, a mo\u017ce cieszysz oko tak samo jak prawdziwe ro\u015bliny.\u00a0 Warto r\u00f3wnie\u017c od\u015bwie\u017cy\u0107 wygl\u0105d lod\u00f3wki. Cz\u0119sto traktujemy j\u0105 czysto u\u017cytkowo, a to idealne miejsce na energetyczny kola\u017c.\u00a0Personalizowane fotomagnesy\u00a0ze zdj\u0119ciami natury i u\u015bmiechami bliskich stworz\u0105 radosny akcent w sercu domu, a Ty za ka\u017cdym razem, gdy p\u00f3jdziesz po szklank\u0119 wody, poczujesz powiew wiosennej energii. 4. Wiosenne porz\u0105dki w domowej galerii wspomnie\u0144 Wiosenne porz\u0105dki to nie tylko odkurzanie szaf, ale te\u017c segregacja cyfrowego chaosu. Wi\u0119kszo\u015b\u0107 z nas przechowuje tysi\u0105ce zdj\u0119\u0107 w telefonach, do kt\u00f3rych nigdy nie wraca. Wykorzystaj ten czas na stworzenie\u00a0fotoksi\u0105\u017cki. Mo\u017ce to by\u0107 podsumowanie minionej zimy lub wielka ksi\u0119ga rodzinnych podr\u00f3\u017cy. Postawiona\u00a0na komodzie, obok wazonu z tulipanami, stanie si\u0119 pretekstem do wsp\u00f3lnych wspomnie\u0144 podczas wiosennych wieczor\u00f3w.\u00a0 Je\u015bli wolisz bardziej tradycyjne rozwi\u0105zania, postaw na\u00a0klasyczne odbitki.\u00a0Wiosn\u0105 warto wyeksponowa\u0107 je w nieoczywisty spos\u00f3b. Zamiast chowa\u0107 je w albumach, przypnij je ozdobnymi klamerkami\u00a0do sznurka jutowego\u00a0rozci\u0105gni\u0119tego w ramie lub stw\u00f3rz swobodn\u0105 galeri\u0119 bezpo\u015brednio na \u015bcianie.\u00a0Odbitki w stylu retro\u00a0z charakterystyczn\u0105 bia\u0142\u0105 ramk\u0105 dodadz\u0105 wn\u0119trzu przytulno\u015bci i modnego sznytu vintage, przypominaj\u0105c o tym, co w domowym zaciszu najwa\u017cniejsze &#8211; o wsp\u00f3lnych chwilach. 5. Wiosna w strefie pracy i kreatywno\u015bci Wiosn\u0105 cz\u0119sto odzyskujemy ch\u0119\u0107 do dzia\u0142ania i nauki. Warto wtedy od\u015bwie\u017cy\u0107 biurko, przy kt\u00f3rym sp\u0119dzamy czas i rodz\u0105 si\u0119 nowe pomys\u0142y.\u00a0Nowa podk\u0142adka pod myszk\u0119\u00a0z motywuj\u0105cym cytatem lub ulubionym zdj\u0119ciem,\u00a0personalizowany notes\u00a0na wiosenne plany czy\u00a0fotokalendarz biurkowy, kt\u00f3ry zaczyna si\u0119 od dowolnego miesi\u0105ca (np. od marca!), to drobiazgi, kt\u00f3re sprawi\u0105, \u017ce praca stanie si\u0119 przyjemniejsza.\u00a0 Kalendarz to zreszt\u0105 jeden z najprostszych sposob\u00f3w na \u015bcienn\u0105 metamorfoz\u0119. Wybieraj\u0105c\u00a0format A3, zyskujesz w\u0142a\u015bciwie\u00a012 plakat\u00f3w w jednym. Dzi\u0119ki temu co miesi\u0105c fundujesz swojej \u015bcianie ma\u0142\u0105 metamorfoz\u0119, odliczaj\u0105c czas do wakacji w otoczeniu ulubionych kadr\u00f3w.\u00a0 Wiosenna metamorfoza wn\u0119trza nie musi oznacza\u0107 kopiowania katalogowych trend\u00f3w. Zamiast malowa\u0107 \u015bciany i wymienia\u0107 wszystkie meble, postaw na\u00a0nowoczesne dodatki, kt\u00f3re wprowadz\u0105 klimat wiosny i maj\u0105 dla Ciebie znaczenie.\u00a0\u00a0 Pami\u0119taj, \u017ce najpi\u0119kniejsze wn\u0119trza to te, w kt\u00f3rych\u00a0czu\u0107 obecno\u015b\u0107 domownik\u00f3w. Drewniana ramka z ulubionym zdj\u0119ciem, mi\u0119kka poduszka z wiosennym motywem, personalizowany fotoobraz na \u015bcianie, kilka ro\u015blin doniczkowych i jasne \u015bwiat\u0142o wpadaj\u0105ce przez czyste szyby to najprostszy przepis na\u00a0wn\u0119trze pe\u0142ne pozytywnej, wiosennej energii.<\/p>\n","protected":false},"author":24,"featured_media":14908,"comment_status":"closed","ping_status":"closed","sticky":true,"template":"","format":"standard","meta":{"footnotes":""},"categories":[784],"tags":[1125],"class_list":["post-14903","post","type-post","status-publish","format-standard","has-post-thumbnail","hentry","category-lifestyle","tag-wystroj-wnetrz"],"yoast_head":"<!-- This site is optimized with the Yoast SEO plugin v27.4 - https:\/\/yoast.com\/product\/yoast-seo-wordpress\/ -->\n<title>Jak od\u015bwie\u017cy\u0107 wystr\u00f3j? Metamorfoza wn\u0119trza na wiosn\u0119 | Empik Foto<\/title>\n<meta name=\"description\" content=\"Szukasz pomys\u0142u, jak szybko i \u0142atwo od\u015bwie\u017cy\u0107 wystr\u00f3j w domu, mieszkaniu lub biurze? Sprawd\u017a nasze pomys\u0142y na wiosenn\u0105 metamorfoz\u0119 wn\u0119trza!\" \/>\n<meta name=\"robots\" content=\"index, follow, max-snippet:-1, max-image-preview:large, max-video-preview:-1\" \/>\n<link rel=\"canonical\" href=\"https:\/\/www.empikfoto.pl\/blog\/wiosenna-metamorfoza-wnetrza-jak-odswiezyc-wystroj-w-kilku-prostych-krokach\/\" \/>\n<meta property=\"og:locale\" content=\"pl_PL\" \/>\n<meta property=\"og:type\" content=\"article\" \/>\n<meta property=\"og:title\" content=\"Jak od\u015bwie\u017cy\u0107 wystr\u00f3j? Metamorfoza wn\u0119trza na wiosn\u0119 | Empik Foto\" \/>\n<meta property=\"og:description\" content=\"Szukasz pomys\u0142u, jak szybko i \u0142atwo od\u015bwie\u017cy\u0107 wystr\u00f3j w domu, mieszkaniu lub biurze? Sprawd\u017a nasze pomys\u0142y na wiosenn\u0105 metamorfoz\u0119 wn\u0119trza!\" \/>\n<meta property=\"og:url\" content=\"https:\/\/www.empikfoto.pl\/blog\/wiosenna-metamorfoza-wnetrza-jak-odswiezyc-wystroj-w-kilku-prostych-krokach\/\" \/>\n<meta property=\"og:site_name\" content=\"blog.empikfoto.pl\" \/>\n<meta property=\"article:publisher\" content=\"https:\/\/www.facebook.com\/empikfotopl\/\" \/>\n<meta property=\"article:published_time\" content=\"2026-03-12T13:48:15+00:00\" \/>\n<meta property=\"article:modified_time\" content=\"2026-03-24T13:33:48+00:00\" \/>\n<meta property=\"og:image\" content=\"https:\/\/www.empikfoto.pl\/blog\/empikfoto\/2026\/03\/metamorfoza-wnetrza.jpg\" \/>\n\t<meta property=\"og:image:width\" content=\"1330\" \/>\n\t<meta property=\"og:image:height\" content=\"750\" \/>\n\t<meta property=\"og:image:type\" content=\"image\/jpeg\" \/>\n<meta name=\"author\" content=\"Magdalena\" \/>\n<meta name=\"twitter:card\" content=\"summary_large_image\" \/>\n<meta name=\"twitter:creator\" content=\"@empikfoto\" \/>\n<meta name=\"twitter:site\" content=\"@empikfoto\" \/>\n<meta name=\"twitter:label1\" content=\"Napisane przez\" \/>\n\t<meta name=\"twitter:data1\" content=\"Magdalena\" \/>\n\t<meta name=\"twitter:label2\" content=\"Szacowany czas czytania\" \/>\n\t<meta name=\"twitter:data2\" content=\"6 minut\" \/>\n<script type=\"application\/ld+json\" class=\"yoast-schema-graph\">{\"@context\":\"https:\\\/\\\/schema.org\",\"@graph\":[{\"@type\":\"Article\",\"@id\":\"https:\\\/\\\/www.empikfoto.pl\\\/blog\\\/wiosenna-metamorfoza-wnetrza-jak-odswiezyc-wystroj-w-kilku-prostych-krokach\\\/#article\",\"isPartOf\":{\"@id\":\"https:\\\/\\\/www.empikfoto.pl\\\/blog\\\/wiosenna-metamorfoza-wnetrza-jak-odswiezyc-wystroj-w-kilku-prostych-krokach\\\/\"},\"author\":{\"name\":\"Magdalena\",\"@id\":\"https:\\\/\\\/www.empikfoto.pl\\\/blog\\\/#\\\/schema\\\/person\\\/f394adde230a2c78b1d5840ec66c5f5d\"},\"headline\":\"Wiosenna metamorfoza wn\u0119trza. Jak od\u015bwie\u017cy\u0107 wystr\u00f3j w kilku prostych krokach?\",\"datePublished\":\"2026-03-12T13:48:15+00:00\",\"dateModified\":\"2026-03-24T13:33:48+00:00\",\"mainEntityOfPage\":{\"@id\":\"https:\\\/\\\/www.empikfoto.pl\\\/blog\\\/wiosenna-metamorfoza-wnetrza-jak-odswiezyc-wystroj-w-kilku-prostych-krokach\\\/\"},\"wordCount\":969,\"image\":{\"@id\":\"https:\\\/\\\/www.empikfoto.pl\\\/blog\\\/wiosenna-metamorfoza-wnetrza-jak-odswiezyc-wystroj-w-kilku-prostych-krokach\\\/#primaryimage\"},\"thumbnailUrl\":\"https:\\\/\\\/www.empikfoto.pl\\\/blog\\\/empikfoto\\\/2026\\\/03\\\/metamorfoza-wnetrza.jpg\",\"keywords\":[\"wystr\u00f3j wn\u0119trz\"],\"articleSection\":[\"LIFESTYLE\"],\"inLanguage\":\"pl-PL\"},{\"@type\":\"WebPage\",\"@id\":\"https:\\\/\\\/www.empikfoto.pl\\\/blog\\\/wiosenna-metamorfoza-wnetrza-jak-odswiezyc-wystroj-w-kilku-prostych-krokach\\\/\",\"url\":\"https:\\\/\\\/www.empikfoto.pl\\\/blog\\\/wiosenna-metamorfoza-wnetrza-jak-odswiezyc-wystroj-w-kilku-prostych-krokach\\\/\",\"name\":\"Jak od\u015bwie\u017cy\u0107 wystr\u00f3j? Metamorfoza wn\u0119trza na wiosn\u0119 | Empik Foto\",\"isPartOf\":{\"@id\":\"https:\\\/\\\/www.empikfoto.pl\\\/blog\\\/#website\"},\"primaryImageOfPage\":{\"@id\":\"https:\\\/\\\/www.empikfoto.pl\\\/blog\\\/wiosenna-metamorfoza-wnetrza-jak-odswiezyc-wystroj-w-kilku-prostych-krokach\\\/#primaryimage\"},\"image\":{\"@id\":\"https:\\\/\\\/www.empikfoto.pl\\\/blog\\\/wiosenna-metamorfoza-wnetrza-jak-odswiezyc-wystroj-w-kilku-prostych-krokach\\\/#primaryimage\"},\"thumbnailUrl\":\"https:\\\/\\\/www.empikfoto.pl\\\/blog\\\/empikfoto\\\/2026\\\/03\\\/metamorfoza-wnetrza.jpg\",\"datePublished\":\"2026-03-12T13:48:15+00:00\",\"dateModified\":\"2026-03-24T13:33:48+00:00\",\"author\":{\"@id\":\"https:\\\/\\\/www.empikfoto.pl\\\/blog\\\/#\\\/schema\\\/person\\\/f394adde230a2c78b1d5840ec66c5f5d\"},\"description\":\"Szukasz pomys\u0142u, jak szybko i \u0142atwo od\u015bwie\u017cy\u0107 wystr\u00f3j w domu, mieszkaniu lub biurze? Sprawd\u017a nasze pomys\u0142y na wiosenn\u0105 metamorfoz\u0119 wn\u0119trza!\",\"breadcrumb\":{\"@id\":\"https:\\\/\\\/www.empikfoto.pl\\\/blog\\\/wiosenna-metamorfoza-wnetrza-jak-odswiezyc-wystroj-w-kilku-prostych-krokach\\\/#breadcrumb\"},\"inLanguage\":\"pl-PL\",\"potentialAction\":[{\"@type\":\"ReadAction\",\"target\":[\"https:\\\/\\\/www.empikfoto.pl\\\/blog\\\/wiosenna-metamorfoza-wnetrza-jak-odswiezyc-wystroj-w-kilku-prostych-krokach\\\/\"]}]},{\"@type\":\"ImageObject\",\"inLanguage\":\"pl-PL\",\"@id\":\"https:\\\/\\\/www.empikfoto.pl\\\/blog\\\/wiosenna-metamorfoza-wnetrza-jak-odswiezyc-wystroj-w-kilku-prostych-krokach\\\/#primaryimage\",\"url\":\"https:\\\/\\\/www.empikfoto.pl\\\/blog\\\/empikfoto\\\/2026\\\/03\\\/metamorfoza-wnetrza.jpg\",\"contentUrl\":\"https:\\\/\\\/www.empikfoto.pl\\\/blog\\\/empikfoto\\\/2026\\\/03\\\/metamorfoza-wnetrza.jpg\",\"width\":1330,\"height\":750,\"caption\":\"metamorfoza wn\u0119trza na wiosn\u0119\"},{\"@type\":\"BreadcrumbList\",\"@id\":\"https:\\\/\\\/www.empikfoto.pl\\\/blog\\\/wiosenna-metamorfoza-wnetrza-jak-odswiezyc-wystroj-w-kilku-prostych-krokach\\\/#breadcrumb\",\"itemListElement\":[{\"@type\":\"ListItem\",\"position\":1,\"name\":\"Strona g\u0142\u00f3wna\",\"item\":\"https:\\\/\\\/www.empikfoto.pl\\\/blog\\\/\"},{\"@type\":\"ListItem\",\"position\":2,\"name\":\"Wiosenna metamorfoza wn\u0119trza. Jak od\u015bwie\u017cy\u0107 wystr\u00f3j w kilku prostych krokach?\"}]},{\"@type\":\"WebSite\",\"@id\":\"https:\\\/\\\/www.empikfoto.pl\\\/blog\\\/#website\",\"url\":\"https:\\\/\\\/www.empikfoto.pl\\\/blog\\\/\",\"name\":\"blog.empikfoto.pl\",\"description\":\"Poznaj empikfoto.pl od \u015brodka! Dowiedz si\u0119 wi\u0119cej o odbitkach, fotoksi\u0105\u017ckach i fotografii.\",\"potentialAction\":[{\"@type\":\"SearchAction\",\"target\":{\"@type\":\"EntryPoint\",\"urlTemplate\":\"https:\\\/\\\/www.empikfoto.pl\\\/blog\\\/?s={search_term_string}\"},\"query-input\":{\"@type\":\"PropertyValueSpecification\",\"valueRequired\":true,\"valueName\":\"search_term_string\"}}],\"inLanguage\":\"pl-PL\"},{\"@type\":\"Person\",\"@id\":\"https:\\\/\\\/www.empikfoto.pl\\\/blog\\\/#\\\/schema\\\/person\\\/f394adde230a2c78b1d5840ec66c5f5d\",\"name\":\"Magdalena\",\"image\":{\"@type\":\"ImageObject\",\"inLanguage\":\"pl-PL\",\"@id\":\"https:\\\/\\\/secure.gravatar.com\\\/avatar\\\/874b117191fd73f8cc0be164b43f75724363784b2c9d57127c4a7b73181b9ea3?s=96&d=identicon&r=g\",\"url\":\"https:\\\/\\\/secure.gravatar.com\\\/avatar\\\/874b117191fd73f8cc0be164b43f75724363784b2c9d57127c4a7b73181b9ea3?s=96&d=identicon&r=g\",\"contentUrl\":\"https:\\\/\\\/secure.gravatar.com\\\/avatar\\\/874b117191fd73f8cc0be164b43f75724363784b2c9d57127c4a7b73181b9ea3?s=96&d=identicon&r=g\",\"caption\":\"Magdalena\"},\"url\":\"https:\\\/\\\/www.empikfoto.pl\\\/blog\\\/author\\\/magda-em\\\/\"}]}<\/script>\n<!-- \/ Yoast SEO plugin. -->","yoast_head_json":{"title":"Jak od\u015bwie\u017cy\u0107 wystr\u00f3j? Metamorfoza wn\u0119trza na wiosn\u0119 | Empik Foto","description":"Szukasz pomys\u0142u, jak szybko i \u0142atwo od\u015bwie\u017cy\u0107 wystr\u00f3j w domu, mieszkaniu lub biurze? Sprawd\u017a nasze pomys\u0142y na wiosenn\u0105 metamorfoz\u0119 wn\u0119trza!","robots":{"index":"index","follow":"follow","max-snippet":"max-snippet:-1","max-image-preview":"max-image-preview:large","max-video-preview":"max-video-preview:-1"},"canonical":"https:\/\/www.empikfoto.pl\/blog\/wiosenna-metamorfoza-wnetrza-jak-odswiezyc-wystroj-w-kilku-prostych-krokach\/","og_locale":"pl_PL","og_type":"article","og_title":"Jak od\u015bwie\u017cy\u0107 wystr\u00f3j? Metamorfoza wn\u0119trza na wiosn\u0119 | Empik Foto","og_description":"Szukasz pomys\u0142u, jak szybko i \u0142atwo od\u015bwie\u017cy\u0107 wystr\u00f3j w domu, mieszkaniu lub biurze? Sprawd\u017a nasze pomys\u0142y na wiosenn\u0105 metamorfoz\u0119 wn\u0119trza!","og_url":"https:\/\/www.empikfoto.pl\/blog\/wiosenna-metamorfoza-wnetrza-jak-odswiezyc-wystroj-w-kilku-prostych-krokach\/","og_site_name":"blog.empikfoto.pl","article_publisher":"https:\/\/www.facebook.com\/empikfotopl\/","article_published_time":"2026-03-12T13:48:15+00:00","article_modified_time":"2026-03-24T13:33:48+00:00","og_image":[{"width":1330,"height":750,"url":"https:\/\/www.empikfoto.pl\/blog\/empikfoto\/2026\/03\/metamorfoza-wnetrza.jpg","type":"image\/jpeg"}],"author":"Magdalena","twitter_card":"summary_large_image","twitter_creator":"@empikfoto","twitter_site":"@empikfoto","twitter_misc":{"Napisane przez":"Magdalena","Szacowany czas czytania":"6 minut"},"schema":{"@context":"https:\/\/schema.org","@graph":[{"@type":"Article","@id":"https:\/\/www.empikfoto.pl\/blog\/wiosenna-metamorfoza-wnetrza-jak-odswiezyc-wystroj-w-kilku-prostych-krokach\/#article","isPartOf":{"@id":"https:\/\/www.empikfoto.pl\/blog\/wiosenna-metamorfoza-wnetrza-jak-odswiezyc-wystroj-w-kilku-prostych-krokach\/"},"author":{"name":"Magdalena","@id":"https:\/\/www.empikfoto.pl\/blog\/#\/schema\/person\/f394adde230a2c78b1d5840ec66c5f5d"},"headline":"Wiosenna metamorfoza wn\u0119trza. Jak od\u015bwie\u017cy\u0107 wystr\u00f3j w kilku prostych krokach?","datePublished":"2026-03-12T13:48:15+00:00","dateModified":"2026-03-24T13:33:48+00:00","mainEntityOfPage":{"@id":"https:\/\/www.empikfoto.pl\/blog\/wiosenna-metamorfoza-wnetrza-jak-odswiezyc-wystroj-w-kilku-prostych-krokach\/"},"wordCount":969,"image":{"@id":"https:\/\/www.empikfoto.pl\/blog\/wiosenna-metamorfoza-wnetrza-jak-odswiezyc-wystroj-w-kilku-prostych-krokach\/#primaryimage"},"thumbnailUrl":"https:\/\/www.empikfoto.pl\/blog\/empikfoto\/2026\/03\/metamorfoza-wnetrza.jpg","keywords":["wystr\u00f3j wn\u0119trz"],"articleSection":["LIFESTYLE"],"inLanguage":"pl-PL"},{"@type":"WebPage","@id":"https:\/\/www.empikfoto.pl\/blog\/wiosenna-metamorfoza-wnetrza-jak-odswiezyc-wystroj-w-kilku-prostych-krokach\/","url":"https:\/\/www.empikfoto.pl\/blog\/wiosenna-metamorfoza-wnetrza-jak-odswiezyc-wystroj-w-kilku-prostych-krokach\/","name":"Jak od\u015bwie\u017cy\u0107 wystr\u00f3j? Metamorfoza wn\u0119trza na wiosn\u0119 | Empik Foto","isPartOf":{"@id":"https:\/\/www.empikfoto.pl\/blog\/#website"},"primaryImageOfPage":{"@id":"https:\/\/www.empikfoto.pl\/blog\/wiosenna-metamorfoza-wnetrza-jak-odswiezyc-wystroj-w-kilku-prostych-krokach\/#primaryimage"},"image":{"@id":"https:\/\/www.empikfoto.pl\/blog\/wiosenna-metamorfoza-wnetrza-jak-odswiezyc-wystroj-w-kilku-prostych-krokach\/#primaryimage"},"thumbnailUrl":"https:\/\/www.empikfoto.pl\/blog\/empikfoto\/2026\/03\/metamorfoza-wnetrza.jpg","datePublished":"2026-03-12T13:48:15+00:00","dateModified":"2026-03-24T13:33:48+00:00","author":{"@id":"https:\/\/www.empikfoto.pl\/blog\/#\/schema\/person\/f394adde230a2c78b1d5840ec66c5f5d"},"description":"Szukasz pomys\u0142u, jak szybko i \u0142atwo od\u015bwie\u017cy\u0107 wystr\u00f3j w domu, mieszkaniu lub biurze? Sprawd\u017a nasze pomys\u0142y na wiosenn\u0105 metamorfoz\u0119 wn\u0119trza!","breadcrumb":{"@id":"https:\/\/www.empikfoto.pl\/blog\/wiosenna-metamorfoza-wnetrza-jak-odswiezyc-wystroj-w-kilku-prostych-krokach\/#breadcrumb"},"inLanguage":"pl-PL","potentialAction":[{"@type":"ReadAction","target":["https:\/\/www.empikfoto.pl\/blog\/wiosenna-metamorfoza-wnetrza-jak-odswiezyc-wystroj-w-kilku-prostych-krokach\/"]}]},{"@type":"ImageObject","inLanguage":"pl-PL","@id":"https:\/\/www.empikfoto.pl\/blog\/wiosenna-metamorfoza-wnetrza-jak-odswiezyc-wystroj-w-kilku-prostych-krokach\/#primaryimage","url":"https:\/\/www.empikfoto.pl\/blog\/empikfoto\/2026\/03\/metamorfoza-wnetrza.jpg","contentUrl":"https:\/\/www.empikfoto.pl\/blog\/empikfoto\/2026\/03\/metamorfoza-wnetrza.jpg","width":1330,"height":750,"caption":"metamorfoza wn\u0119trza na wiosn\u0119"},{"@type":"BreadcrumbList","@id":"https:\/\/www.empikfoto.pl\/blog\/wiosenna-metamorfoza-wnetrza-jak-odswiezyc-wystroj-w-kilku-prostych-krokach\/#breadcrumb","itemListElement":[{"@type":"ListItem","position":1,"name":"Strona g\u0142\u00f3wna","item":"https:\/\/www.empikfoto.pl\/blog\/"},{"@type":"ListItem","position":2,"name":"Wiosenna metamorfoza wn\u0119trza. Jak od\u015bwie\u017cy\u0107 wystr\u00f3j w kilku prostych krokach?"}]},{"@type":"WebSite","@id":"https:\/\/www.empikfoto.pl\/blog\/#website","url":"https:\/\/www.empikfoto.pl\/blog\/","name":"blog.empikfoto.pl","description":"Poznaj empikfoto.pl od \u015brodka! Dowiedz si\u0119 wi\u0119cej o odbitkach, fotoksi\u0105\u017ckach i fotografii.","potentialAction":[{"@type":"SearchAction","target":{"@type":"EntryPoint","urlTemplate":"https:\/\/www.empikfoto.pl\/blog\/?s={search_term_string}"},"query-input":{"@type":"PropertyValueSpecification","valueRequired":true,"valueName":"search_term_string"}}],"inLanguage":"pl-PL"},{"@type":"Person","@id":"https:\/\/www.empikfoto.pl\/blog\/#\/schema\/person\/f394adde230a2c78b1d5840ec66c5f5d","name":"Magdalena","image":{"@type":"ImageObject","inLanguage":"pl-PL","@id":"https:\/\/secure.gravatar.com\/avatar\/874b117191fd73f8cc0be164b43f75724363784b2c9d57127c4a7b73181b9ea3?s=96&d=identicon&r=g","url":"https:\/\/secure.gravatar.com\/avatar\/874b117191fd73f8cc0be164b43f75724363784b2c9d57127c4a7b73181b9ea3?s=96&d=identicon&r=g","contentUrl":"https:\/\/secure.gravatar.com\/avatar\/874b117191fd73f8cc0be164b43f75724363784b2c9d57127c4a7b73181b9ea3?s=96&d=identicon&r=g","caption":"Magdalena"},"url":"https:\/\/www.empikfoto.pl\/blog\/author\/magda-em\/"}]}},"amp_enabled":true,"_links":{"self":[{"href":"https:\/\/www.empikfoto.pl\/blog\/wp-json\/wp\/v2\/posts\/14903","targetHints":{"allow":["GET"]}}],"collection":[{"href":"https:\/\/www.empikfoto.pl\/blog\/wp-json\/wp\/v2\/posts"}],"about":[{"href":"https:\/\/www.empikfoto.pl\/blog\/wp-json\/wp\/v2\/types\/post"}],"author":[{"embeddable":true,"href":"https:\/\/www.empikfoto.pl\/blog\/wp-json\/wp\/v2\/users\/24"}],"replies":[{"embeddable":true,"href":"https:\/\/www.empikfoto.pl\/blog\/wp-json\/wp\/v2\/comments?post=14903"}],"version-history":[{"count":5,"href":"https:\/\/www.empikfoto.pl\/blog\/wp-json\/wp\/v2\/posts\/14903\/revisions"}],"predecessor-version":[{"id":14910,"href":"https:\/\/www.empikfoto.pl\/blog\/wp-json\/wp\/v2\/posts\/14903\/revisions\/14910"}],"wp:featuredmedia":[{"embeddable":true,"href":"https:\/\/www.empikfoto.pl\/blog\/wp-json\/wp\/v2\/media\/14908"}],"wp:attachment":[{"href":"https:\/\/www.empikfoto.pl\/blog\/wp-json\/wp\/v2\/media?parent=14903"}],"wp:term":[{"taxonomy":"category","embeddable":true,"href":"https:\/\/www.empikfoto.pl\/blog\/wp-json\/wp\/v2\/categories?post=14903"},{"taxonomy":"post_tag","embeddable":true,"href":"https:\/\/www.empikfoto.pl\/blog\/wp-json\/wp\/v2\/tags?post=14903"}],"curies":[{"name":"wp","href":"https:\/\/api.w.org\/{rel}","templated":true}]}}