{"id":1701,"date":"2011-12-06T10:20:26","date_gmt":"2011-12-06T10:20:26","guid":{"rendered":"http:\/\/blog.empikfoto.pl\/?p=1701"},"modified":"2023-06-30T08:13:33","modified_gmt":"2023-06-30T06:13:33","slug":"wyniki-konkursu-andrzejkowego","status":"publish","type":"post","link":"https:\/\/www.empikfoto.pl\/blog\/wyniki-konkursu-andrzejkowego\/","title":{"rendered":"Wyniki konkursu Andrzejkowego!"},"content":{"rendered":"<p>Przyszed\u0142 czas na og\u0142oszenie wynik\u00f3w konkursu Andrzejkowego. Bardzo dzi\u0119kujemy za wszystkie zdj\u0119cia. Poni\u017cej prezentujemy wybrane prace.<\/p>\n<p><a href=\"http:\/\/www.empikfoto.pl\/empikfoto\/konkurs_andrzejkowy\/\" target=\"_blank\" rel=\"noopener\">Tutaj&gt;<\/a> znajdziecie wszystkie zdj\u0119cia, kt\u00f3re wzi\u0119\u0142y udzia\u0142 w konkursie. Nagrody przewidzieli\u015bmy dla wszystkich uczestnik\u00f3w. B\u0119dziemy kontaktowa\u0107 si\u0119 z Wami mailowo!<\/p>\n<p style=\"text-align: center;\"><a href=\"https:\/\/blog.empikfoto.pl\/empikfoto\/2011\/12\/6y.jpg\"><img loading=\"lazy\" decoding=\"async\" class=\"aligncenter size-full wp-image-1702\" title=\"fot. Irena Icikowska\" src=\"https:\/\/blog.empikfoto.pl\/empikfoto\/2011\/12\/6y.jpg\" alt=\"fot. Irena Icikowska\" width=\"630\" height=\"473\" \/><\/a><span style=\"color: #888888;\">&#8220;Ciekawe czy andrzejkowe wr\u00f3\u017cby si\u0119 spe\u0142niaj\u0105&#8230;:)&#8221; fot.Irena Icikowska<\/span><\/p>\n<p style=\"text-align: center;\"><a href=\"https:\/\/blog.empikfoto.pl\/empikfoto\/2011\/12\/DSC06648.jpg\"><img loading=\"lazy\" decoding=\"async\" class=\"aligncenter size-full wp-image-1704\" title=\"fot. Monika S\u0119kowska\" src=\"https:\/\/blog.empikfoto.pl\/empikfoto\/2011\/12\/DSC06648.jpg\" alt=\"fot. Monika S\u0119kowska\" width=\"630\" height=\"421\" \/><\/a><span style=\"color: #888888;\">&#8220;Zdj\u0119cie z Andrzejek w przedszkolu c\u00f3rki. W ciemno\u015bci ogl\u0105danie swoich woskowych stwork\u00f3w :)&#8221;\u00a0 fot. Monika S\u0119kowska<\/span><\/p>\n<p style=\"text-align: center;\"><a href=\"https:\/\/blog.empikfoto.pl\/empikfoto\/2011\/12\/DSC_2507.jpg\"><img loading=\"lazy\" decoding=\"async\" class=\"aligncenter size-full wp-image-1705\" title=\"fot. Agnieszka Surowiec\" src=\"https:\/\/blog.empikfoto.pl\/empikfoto\/2011\/12\/DSC_2507.jpg\" alt=\"fot. Agnieszka Surowiec\" width=\"630\" height=\"422\" \/><\/a><span style=\"color: #888888;\">&#8220;Zabawa Andrzejkowa Martynki &#8211; mojej c\u00f3reczki&#8221; fot. Agnieszka Surowiec<\/span><\/p>\n<p style=\"text-align: center;\"><a href=\"https:\/\/blog.empikfoto.pl\/empikfoto\/2011\/12\/andrzejki.jpg\"><img loading=\"lazy\" decoding=\"async\" class=\"aligncenter size-full wp-image-1707\" title=\"fot. Weronika\" src=\"https:\/\/blog.empikfoto.pl\/empikfoto\/2011\/12\/andrzejki.jpg\" alt=\"fot. Weronika\" width=\"630\" height=\"210\" \/><\/a><span style=\"color: #888888;\">&#8220;W tym roku sp\u0119dzi\u0142am Andrzejki w gronie najbli\u017cszych znajomych. Nie zabrak\u0142o magicznej atmosfery, mn\u00f3stwa zabawy i pyszno\u015bci :)&#8221; fot. Weronika<\/span><\/p>\n<p style=\"text-align: center;\"><a href=\"https:\/\/blog.empikfoto.pl\/empikfoto\/2011\/12\/lanie.jpg\"><br \/>\n<img loading=\"lazy\" decoding=\"async\" class=\"aligncenter size-full wp-image-1703\" title=\"fot. Brygida Bardoda\" src=\"https:\/\/blog.empikfoto.pl\/empikfoto\/2011\/12\/lanie.jpg\" alt=\"fot. Brygida Bardoda\" width=\"630\" height=\"420\" \/><\/a><span style=\"color: #888888;\">fot. Brygida Bardoda<\/span><\/p>\n<p>&nbsp;<\/p>\n<p style=\"text-align: center;\"><a href=\"https:\/\/blog.empikfoto.pl\/empikfoto\/2011\/12\/absent_in_time_without_you_by_BaSkuS.jpg\"><img loading=\"lazy\" decoding=\"async\" class=\"aligncenter size-full wp-image-1706\" title=\"fot. Barbara Pi\u0105tkowska\" src=\"https:\/\/blog.empikfoto.pl\/empikfoto\/2011\/12\/absent_in_time_without_you_by_BaSkuS.jpg\" alt=\"fot. Barbara Pi\u0105tkowska\" width=\"630\" height=\"420\" \/><\/a><span style=\"color: #888888;\">&#8220;Lu\u017ana interpretacja tematu, do lania wosku potrzebne s\u0105 \u015bwieczki.. :-)&#8221;\u00a0 fot.Barbara Pi\u0105tkowska<\/span><\/p>\n<p>&nbsp;<\/p>\n","protected":false},"excerpt":{"rendered":"<p>Przyszed\u0142 czas na og\u0142oszenie wynik\u00f3w konkursu Andrzejkowego. Bardzo dzi\u0119kujemy za wszystkie zdj\u0119cia. Poni\u017cej prezentujemy wybrane prace. Tutaj&gt; znajdziecie wszystkie zdj\u0119cia, kt\u00f3re wzi\u0119\u0142y udzia\u0142 w konkursie. Nagrody przewidzieli\u015bmy dla wszystkich uczestnik\u00f3w. B\u0119dziemy kontaktowa\u0107 si\u0119 z Wami mailowo! &#8220;Ciekawe czy andrzejkowe wr\u00f3\u017cby si\u0119 spe\u0142niaj\u0105&#8230;:)&#8221; fot.Irena Icikowska &#8220;Zdj\u0119cie z Andrzejek w przedszkolu c\u00f3rki. W ciemno\u015bci ogl\u0105danie swoich woskowych stwork\u00f3w :)&#8221;\u00a0 fot. Monika S\u0119kowska &#8220;Zabawa Andrzejkowa Martynki &#8211; mojej c\u00f3reczki&#8221; fot. Agnieszka Surowiec &#8220;W tym roku sp\u0119dzi\u0142am Andrzejki w gronie najbli\u017cszych znajomych. Nie zabrak\u0142o magicznej atmosfery, mn\u00f3stwa zabawy i pyszno\u015bci :)&#8221; fot. Weronika fot. Brygida Bardoda &nbsp; &#8220;Lu\u017ana interpretacja tematu, do lania wosku potrzebne s\u0105 \u015bwieczki.. :-)&#8221;\u00a0 fot.Barbara Pi\u0105tkowska &nbsp;<\/p>\n","protected":false},"author":16,"featured_media":0,"comment_status":"closed","ping_status":"closed","sticky":false,"template":"","format":"standard","meta":{"footnotes":""},"categories":[88],"tags":[],"class_list":["post-1701","post","type-post","status-publish","format-standard","hentry","category-konkurs"],"yoast_head":"<!-- This site is optimized with the Yoast SEO plugin v27.4 - https:\/\/yoast.com\/product\/yoast-seo-wordpress\/ -->\n<title>Wyniki konkursu Andrzejkowego! | blog.empikfoto.pl<\/title>\n<meta name=\"robots\" content=\"index, follow, max-snippet:-1, max-image-preview:large, max-video-preview:-1\" \/>\n<link rel=\"canonical\" href=\"https:\/\/www.empikfoto.pl\/blog\/wyniki-konkursu-andrzejkowego\/\" \/>\n<meta property=\"og:locale\" content=\"pl_PL\" \/>\n<meta property=\"og:type\" content=\"article\" \/>\n<meta property=\"og:title\" content=\"Wyniki konkursu Andrzejkowego! | blog.empikfoto.pl\" \/>\n<meta property=\"og:description\" content=\"Przyszed\u0142 czas na og\u0142oszenie wynik\u00f3w konkursu Andrzejkowego. Bardzo dzi\u0119kujemy za wszystkie zdj\u0119cia. Poni\u017cej prezentujemy wybrane prace. Tutaj&gt; znajdziecie wszystkie zdj\u0119cia, kt\u00f3re wzi\u0119\u0142y udzia\u0142 w konkursie. Nagrody przewidzieli\u015bmy dla wszystkich uczestnik\u00f3w. B\u0119dziemy kontaktowa\u0107 si\u0119 z Wami mailowo! &#8220;Ciekawe czy andrzejkowe wr\u00f3\u017cby si\u0119 spe\u0142niaj\u0105&#8230;:)&#8221; fot.Irena Icikowska &#8220;Zdj\u0119cie z Andrzejek w przedszkolu c\u00f3rki. W ciemno\u015bci ogl\u0105danie swoich woskowych stwork\u00f3w :)&#8221;\u00a0 fot. Monika S\u0119kowska &#8220;Zabawa Andrzejkowa Martynki &#8211; mojej c\u00f3reczki&#8221; fot. Agnieszka Surowiec &#8220;W tym roku sp\u0119dzi\u0142am Andrzejki w gronie najbli\u017cszych znajomych. Nie zabrak\u0142o magicznej atmosfery, mn\u00f3stwa zabawy i pyszno\u015bci :)&#8221; fot. Weronika fot. Brygida Bardoda &nbsp; &#8220;Lu\u017ana interpretacja tematu, do lania wosku potrzebne s\u0105 \u015bwieczki.. :-)&#8221;\u00a0 fot.Barbara Pi\u0105tkowska &nbsp;\" \/>\n<meta property=\"og:url\" content=\"https:\/\/www.empikfoto.pl\/blog\/wyniki-konkursu-andrzejkowego\/\" \/>\n<meta property=\"og:site_name\" content=\"blog.empikfoto.pl\" \/>\n<meta property=\"article:publisher\" content=\"https:\/\/www.facebook.com\/empikfotopl\/\" \/>\n<meta property=\"article:published_time\" content=\"2011-12-06T10:20:26+00:00\" \/>\n<meta property=\"article:modified_time\" content=\"2023-06-30T06:13:33+00:00\" \/>\n<meta property=\"og:image\" content=\"https:\/\/www.empikfoto.pl\/blog\/empikfoto\/2011\/12\/IKONA.jpg\" \/>\n\t<meta property=\"og:image:width\" content=\"150\" \/>\n\t<meta property=\"og:image:height\" content=\"150\" \/>\n\t<meta property=\"og:image:type\" content=\"image\/jpeg\" \/>\n<meta name=\"author\" content=\"Patrycja\" \/>\n<meta name=\"twitter:card\" content=\"summary_large_image\" \/>\n<meta name=\"twitter:creator\" content=\"@empikfoto\" \/>\n<meta name=\"twitter:site\" content=\"@empikfoto\" \/>\n<meta name=\"twitter:label1\" content=\"Napisane przez\" \/>\n\t<meta name=\"twitter:data1\" content=\"Patrycja\" \/>\n\t<meta name=\"twitter:label2\" content=\"Szacowany czas czytania\" \/>\n\t<meta name=\"twitter:data2\" content=\"1 minuta\" \/>\n<script type=\"application\/ld+json\" class=\"yoast-schema-graph\">{\"@context\":\"https:\\\/\\\/schema.org\",\"@graph\":[{\"@type\":\"Article\",\"@id\":\"https:\\\/\\\/www.empikfoto.pl\\\/blog\\\/wyniki-konkursu-andrzejkowego\\\/#article\",\"isPartOf\":{\"@id\":\"https:\\\/\\\/www.empikfoto.pl\\\/blog\\\/wyniki-konkursu-andrzejkowego\\\/\"},\"author\":{\"name\":\"Patrycja\",\"@id\":\"https:\\\/\\\/www.empikfoto.pl\\\/blog\\\/#\\\/schema\\\/person\\\/0313802ca5dac502e3266853c59632c0\"},\"headline\":\"Wyniki konkursu Andrzejkowego!\",\"datePublished\":\"2011-12-06T10:20:26+00:00\",\"dateModified\":\"2023-06-30T06:13:33+00:00\",\"mainEntityOfPage\":{\"@id\":\"https:\\\/\\\/www.empikfoto.pl\\\/blog\\\/wyniki-konkursu-andrzejkowego\\\/\"},\"wordCount\":138,\"image\":{\"@id\":\"https:\\\/\\\/www.empikfoto.pl\\\/blog\\\/wyniki-konkursu-andrzejkowego\\\/#primaryimage\"},\"thumbnailUrl\":\"https:\\\/\\\/blog.empikfoto.pl\\\/empikfoto\\\/2011\\\/12\\\/6y.jpg\",\"articleSection\":[\"Konkurs\"],\"inLanguage\":\"pl-PL\"},{\"@type\":\"WebPage\",\"@id\":\"https:\\\/\\\/www.empikfoto.pl\\\/blog\\\/wyniki-konkursu-andrzejkowego\\\/\",\"url\":\"https:\\\/\\\/www.empikfoto.pl\\\/blog\\\/wyniki-konkursu-andrzejkowego\\\/\",\"name\":\"Wyniki konkursu Andrzejkowego! | blog.empikfoto.pl\",\"isPartOf\":{\"@id\":\"https:\\\/\\\/www.empikfoto.pl\\\/blog\\\/#website\"},\"primaryImageOfPage\":{\"@id\":\"https:\\\/\\\/www.empikfoto.pl\\\/blog\\\/wyniki-konkursu-andrzejkowego\\\/#primaryimage\"},\"image\":{\"@id\":\"https:\\\/\\\/www.empikfoto.pl\\\/blog\\\/wyniki-konkursu-andrzejkowego\\\/#primaryimage\"},\"thumbnailUrl\":\"https:\\\/\\\/blog.empikfoto.pl\\\/empikfoto\\\/2011\\\/12\\\/6y.jpg\",\"datePublished\":\"2011-12-06T10:20:26+00:00\",\"dateModified\":\"2023-06-30T06:13:33+00:00\",\"author\":{\"@id\":\"https:\\\/\\\/www.empikfoto.pl\\\/blog\\\/#\\\/schema\\\/person\\\/0313802ca5dac502e3266853c59632c0\"},\"breadcrumb\":{\"@id\":\"https:\\\/\\\/www.empikfoto.pl\\\/blog\\\/wyniki-konkursu-andrzejkowego\\\/#breadcrumb\"},\"inLanguage\":\"pl-PL\",\"potentialAction\":[{\"@type\":\"ReadAction\",\"target\":[\"https:\\\/\\\/www.empikfoto.pl\\\/blog\\\/wyniki-konkursu-andrzejkowego\\\/\"]}]},{\"@type\":\"ImageObject\",\"inLanguage\":\"pl-PL\",\"@id\":\"https:\\\/\\\/www.empikfoto.pl\\\/blog\\\/wyniki-konkursu-andrzejkowego\\\/#primaryimage\",\"url\":\"https:\\\/\\\/blog.empikfoto.pl\\\/empikfoto\\\/2011\\\/12\\\/6y.jpg\",\"contentUrl\":\"https:\\\/\\\/blog.empikfoto.pl\\\/empikfoto\\\/2011\\\/12\\\/6y.jpg\"},{\"@type\":\"BreadcrumbList\",\"@id\":\"https:\\\/\\\/www.empikfoto.pl\\\/blog\\\/wyniki-konkursu-andrzejkowego\\\/#breadcrumb\",\"itemListElement\":[{\"@type\":\"ListItem\",\"position\":1,\"name\":\"Strona g\u0142\u00f3wna\",\"item\":\"https:\\\/\\\/www.empikfoto.pl\\\/blog\\\/\"},{\"@type\":\"ListItem\",\"position\":2,\"name\":\"Wyniki konkursu Andrzejkowego!\"}]},{\"@type\":\"WebSite\",\"@id\":\"https:\\\/\\\/www.empikfoto.pl\\\/blog\\\/#website\",\"url\":\"https:\\\/\\\/www.empikfoto.pl\\\/blog\\\/\",\"name\":\"blog.empikfoto.pl\",\"description\":\"Poznaj empikfoto.pl od \u015brodka! Dowiedz si\u0119 wi\u0119cej o odbitkach, fotoksi\u0105\u017ckach i fotografii.\",\"potentialAction\":[{\"@type\":\"SearchAction\",\"target\":{\"@type\":\"EntryPoint\",\"urlTemplate\":\"https:\\\/\\\/www.empikfoto.pl\\\/blog\\\/?s={search_term_string}\"},\"query-input\":{\"@type\":\"PropertyValueSpecification\",\"valueRequired\":true,\"valueName\":\"search_term_string\"}}],\"inLanguage\":\"pl-PL\"},{\"@type\":\"Person\",\"@id\":\"https:\\\/\\\/www.empikfoto.pl\\\/blog\\\/#\\\/schema\\\/person\\\/0313802ca5dac502e3266853c59632c0\",\"name\":\"Patrycja\",\"image\":{\"@type\":\"ImageObject\",\"inLanguage\":\"pl-PL\",\"@id\":\"https:\\\/\\\/secure.gravatar.com\\\/avatar\\\/f25168e12215ad42f58e5fb72881daaeb57bd4f907081046016f64bf167db59f?s=96&d=identicon&r=g\",\"url\":\"https:\\\/\\\/secure.gravatar.com\\\/avatar\\\/f25168e12215ad42f58e5fb72881daaeb57bd4f907081046016f64bf167db59f?s=96&d=identicon&r=g\",\"contentUrl\":\"https:\\\/\\\/secure.gravatar.com\\\/avatar\\\/f25168e12215ad42f58e5fb72881daaeb57bd4f907081046016f64bf167db59f?s=96&d=identicon&r=g\",\"caption\":\"Patrycja\"},\"url\":\"https:\\\/\\\/www.empikfoto.pl\\\/blog\\\/author\\\/patrycja\\\/\"}]}<\/script>\n<!-- \/ Yoast SEO plugin. -->","yoast_head_json":{"title":"Wyniki konkursu Andrzejkowego! | blog.empikfoto.pl","robots":{"index":"index","follow":"follow","max-snippet":"max-snippet:-1","max-image-preview":"max-image-preview:large","max-video-preview":"max-video-preview:-1"},"canonical":"https:\/\/www.empikfoto.pl\/blog\/wyniki-konkursu-andrzejkowego\/","og_locale":"pl_PL","og_type":"article","og_title":"Wyniki konkursu Andrzejkowego! | blog.empikfoto.pl","og_description":"Przyszed\u0142 czas na og\u0142oszenie wynik\u00f3w konkursu Andrzejkowego. Bardzo dzi\u0119kujemy za wszystkie zdj\u0119cia. Poni\u017cej prezentujemy wybrane prace. Tutaj&gt; znajdziecie wszystkie zdj\u0119cia, kt\u00f3re wzi\u0119\u0142y udzia\u0142 w konkursie. Nagrody przewidzieli\u015bmy dla wszystkich uczestnik\u00f3w. B\u0119dziemy kontaktowa\u0107 si\u0119 z Wami mailowo! &#8220;Ciekawe czy andrzejkowe wr\u00f3\u017cby si\u0119 spe\u0142niaj\u0105&#8230;:)&#8221; fot.Irena Icikowska &#8220;Zdj\u0119cie z Andrzejek w przedszkolu c\u00f3rki. W ciemno\u015bci ogl\u0105danie swoich woskowych stwork\u00f3w :)&#8221;\u00a0 fot. Monika S\u0119kowska &#8220;Zabawa Andrzejkowa Martynki &#8211; mojej c\u00f3reczki&#8221; fot. Agnieszka Surowiec &#8220;W tym roku sp\u0119dzi\u0142am Andrzejki w gronie najbli\u017cszych znajomych. Nie zabrak\u0142o magicznej atmosfery, mn\u00f3stwa zabawy i pyszno\u015bci :)&#8221; fot. Weronika fot. Brygida Bardoda &nbsp; &#8220;Lu\u017ana interpretacja tematu, do lania wosku potrzebne s\u0105 \u015bwieczki.. :-)&#8221;\u00a0 fot.Barbara Pi\u0105tkowska &nbsp;","og_url":"https:\/\/www.empikfoto.pl\/blog\/wyniki-konkursu-andrzejkowego\/","og_site_name":"blog.empikfoto.pl","article_publisher":"https:\/\/www.facebook.com\/empikfotopl\/","article_published_time":"2011-12-06T10:20:26+00:00","article_modified_time":"2023-06-30T06:13:33+00:00","og_image":[{"width":150,"height":150,"url":"https:\/\/www.empikfoto.pl\/blog\/empikfoto\/2011\/12\/IKONA.jpg","type":"image\/jpeg"}],"author":"Patrycja","twitter_card":"summary_large_image","twitter_creator":"@empikfoto","twitter_site":"@empikfoto","twitter_misc":{"Napisane przez":"Patrycja","Szacowany czas czytania":"1 minuta"},"schema":{"@context":"https:\/\/schema.org","@graph":[{"@type":"Article","@id":"https:\/\/www.empikfoto.pl\/blog\/wyniki-konkursu-andrzejkowego\/#article","isPartOf":{"@id":"https:\/\/www.empikfoto.pl\/blog\/wyniki-konkursu-andrzejkowego\/"},"author":{"name":"Patrycja","@id":"https:\/\/www.empikfoto.pl\/blog\/#\/schema\/person\/0313802ca5dac502e3266853c59632c0"},"headline":"Wyniki konkursu Andrzejkowego!","datePublished":"2011-12-06T10:20:26+00:00","dateModified":"2023-06-30T06:13:33+00:00","mainEntityOfPage":{"@id":"https:\/\/www.empikfoto.pl\/blog\/wyniki-konkursu-andrzejkowego\/"},"wordCount":138,"image":{"@id":"https:\/\/www.empikfoto.pl\/blog\/wyniki-konkursu-andrzejkowego\/#primaryimage"},"thumbnailUrl":"https:\/\/blog.empikfoto.pl\/empikfoto\/2011\/12\/6y.jpg","articleSection":["Konkurs"],"inLanguage":"pl-PL"},{"@type":"WebPage","@id":"https:\/\/www.empikfoto.pl\/blog\/wyniki-konkursu-andrzejkowego\/","url":"https:\/\/www.empikfoto.pl\/blog\/wyniki-konkursu-andrzejkowego\/","name":"Wyniki konkursu Andrzejkowego! | blog.empikfoto.pl","isPartOf":{"@id":"https:\/\/www.empikfoto.pl\/blog\/#website"},"primaryImageOfPage":{"@id":"https:\/\/www.empikfoto.pl\/blog\/wyniki-konkursu-andrzejkowego\/#primaryimage"},"image":{"@id":"https:\/\/www.empikfoto.pl\/blog\/wyniki-konkursu-andrzejkowego\/#primaryimage"},"thumbnailUrl":"https:\/\/blog.empikfoto.pl\/empikfoto\/2011\/12\/6y.jpg","datePublished":"2011-12-06T10:20:26+00:00","dateModified":"2023-06-30T06:13:33+00:00","author":{"@id":"https:\/\/www.empikfoto.pl\/blog\/#\/schema\/person\/0313802ca5dac502e3266853c59632c0"},"breadcrumb":{"@id":"https:\/\/www.empikfoto.pl\/blog\/wyniki-konkursu-andrzejkowego\/#breadcrumb"},"inLanguage":"pl-PL","potentialAction":[{"@type":"ReadAction","target":["https:\/\/www.empikfoto.pl\/blog\/wyniki-konkursu-andrzejkowego\/"]}]},{"@type":"ImageObject","inLanguage":"pl-PL","@id":"https:\/\/www.empikfoto.pl\/blog\/wyniki-konkursu-andrzejkowego\/#primaryimage","url":"https:\/\/blog.empikfoto.pl\/empikfoto\/2011\/12\/6y.jpg","contentUrl":"https:\/\/blog.empikfoto.pl\/empikfoto\/2011\/12\/6y.jpg"},{"@type":"BreadcrumbList","@id":"https:\/\/www.empikfoto.pl\/blog\/wyniki-konkursu-andrzejkowego\/#breadcrumb","itemListElement":[{"@type":"ListItem","position":1,"name":"Strona g\u0142\u00f3wna","item":"https:\/\/www.empikfoto.pl\/blog\/"},{"@type":"ListItem","position":2,"name":"Wyniki konkursu Andrzejkowego!"}]},{"@type":"WebSite","@id":"https:\/\/www.empikfoto.pl\/blog\/#website","url":"https:\/\/www.empikfoto.pl\/blog\/","name":"blog.empikfoto.pl","description":"Poznaj empikfoto.pl od \u015brodka! Dowiedz si\u0119 wi\u0119cej o odbitkach, fotoksi\u0105\u017ckach i fotografii.","potentialAction":[{"@type":"SearchAction","target":{"@type":"EntryPoint","urlTemplate":"https:\/\/www.empikfoto.pl\/blog\/?s={search_term_string}"},"query-input":{"@type":"PropertyValueSpecification","valueRequired":true,"valueName":"search_term_string"}}],"inLanguage":"pl-PL"},{"@type":"Person","@id":"https:\/\/www.empikfoto.pl\/blog\/#\/schema\/person\/0313802ca5dac502e3266853c59632c0","name":"Patrycja","image":{"@type":"ImageObject","inLanguage":"pl-PL","@id":"https:\/\/secure.gravatar.com\/avatar\/f25168e12215ad42f58e5fb72881daaeb57bd4f907081046016f64bf167db59f?s=96&d=identicon&r=g","url":"https:\/\/secure.gravatar.com\/avatar\/f25168e12215ad42f58e5fb72881daaeb57bd4f907081046016f64bf167db59f?s=96&d=identicon&r=g","contentUrl":"https:\/\/secure.gravatar.com\/avatar\/f25168e12215ad42f58e5fb72881daaeb57bd4f907081046016f64bf167db59f?s=96&d=identicon&r=g","caption":"Patrycja"},"url":"https:\/\/www.empikfoto.pl\/blog\/author\/patrycja\/"}]}},"amp_enabled":true,"_links":{"self":[{"href":"https:\/\/www.empikfoto.pl\/blog\/wp-json\/wp\/v2\/posts\/1701","targetHints":{"allow":["GET"]}}],"collection":[{"href":"https:\/\/www.empikfoto.pl\/blog\/wp-json\/wp\/v2\/posts"}],"about":[{"href":"https:\/\/www.empikfoto.pl\/blog\/wp-json\/wp\/v2\/types\/post"}],"author":[{"embeddable":true,"href":"https:\/\/www.empikfoto.pl\/blog\/wp-json\/wp\/v2\/users\/16"}],"replies":[{"embeddable":true,"href":"https:\/\/www.empikfoto.pl\/blog\/wp-json\/wp\/v2\/comments?post=1701"}],"version-history":[{"count":12,"href":"https:\/\/www.empikfoto.pl\/blog\/wp-json\/wp\/v2\/posts\/1701\/revisions"}],"predecessor-version":[{"id":12045,"href":"https:\/\/www.empikfoto.pl\/blog\/wp-json\/wp\/v2\/posts\/1701\/revisions\/12045"}],"wp:attachment":[{"href":"https:\/\/www.empikfoto.pl\/blog\/wp-json\/wp\/v2\/media?parent=1701"}],"wp:term":[{"taxonomy":"category","embeddable":true,"href":"https:\/\/www.empikfoto.pl\/blog\/wp-json\/wp\/v2\/categories?post=1701"},{"taxonomy":"post_tag","embeddable":true,"href":"https:\/\/www.empikfoto.pl\/blog\/wp-json\/wp\/v2\/tags?post=1701"}],"curies":[{"name":"wp","href":"https:\/\/api.w.org\/{rel}","templated":true}]}}