{"id":3372,"date":"2012-03-22T21:11:18","date_gmt":"2012-03-22T20:11:18","guid":{"rendered":"http:\/\/blog.empikfoto.pl\/?p=3372"},"modified":"2025-04-07T11:24:43","modified_gmt":"2025-04-07T09:24:43","slug":"rekordowy-wieczorek-na-temat-fotografii-czarno-bialej","status":"publish","type":"post","link":"https:\/\/www.empikfoto.pl\/blog\/rekordowy-wieczorek-na-temat-fotografii-czarno-bialej\/","title":{"rendered":"Rekordowy Wieczorek na temat fotografii czarno-bia\u0142ej!"},"content":{"rendered":"<p style=\"text-align: left;\"><strong>Kiedy to by\u0142o? Jeszcze w lutym! Spotkali\u015bmy si\u0119 na naszej tablicy, aby po raz kolejny porozmawia\u0107 na wybrany przez Was temat zwi\u0105zany z fotografi\u0105. Tym razem Wtorkowy Wieczorek dotyczy\u0142 fotografii czarno-bia\u0142ej. Temat bardzo og\u00f3lny ale cieszy\u0142 si\u0119\u00a0 wielkim zainteresowaniem!\u00a0 Uwaga, pad\u0142 nowy rekord! Ponad 100 zdj\u0119\u0107 Fan\u00f3w na naszej tablicy, nie licz\u0105c link\u00f3w kieruj\u0105cych do ca\u0142ych galerii!\u00a0 \u0141\u0105cznie z udost\u0119pnionymi galeriami mogli\u015bmy ogl\u0105da\u0107 ok 300 zdj\u0119\u0107. Chyba wyobra\u017cacie sobie jaki problem mieli\u015bmy, aby wybra\u0107 fotografie do publikacji w podsumowaniu?<\/strong><\/p>\n<p style=\"text-align: left;\"><!--more--><\/p>\n<p style=\"text-align: center;\"><a href=\"https:\/\/blog.empikfoto.pl\/empikfoto\/2012\/03\/Ewa-Biero\u0144-Pary\u017c.jpg\"><img loading=\"lazy\" decoding=\"async\" class=\"aligncenter size-full wp-image-3437\" title=\"Ewa-Biero\u0144-Pary\u017c\" src=\"https:\/\/blog.empikfoto.pl\/empikfoto\/2012\/03\/Ewa-Biero\u0144-Pary\u017c.jpg\" alt=\"\" width=\"400\" height=\"400\" srcset=\"https:\/\/www.empikfoto.pl\/blog\/empikfoto\/2012\/03\/Ewa-Biero\u0144-Pary\u017c.jpg 400w, https:\/\/www.empikfoto.pl\/blog\/empikfoto\/2012\/03\/Ewa-Biero\u0144-Pary\u017c-150x150.jpg 150w, https:\/\/www.empikfoto.pl\/blog\/empikfoto\/2012\/03\/Ewa-Biero\u0144-Pary\u017c-300x300.jpg 300w\" sizes=\"auto, (max-width: 400px) 100vw, 400px\" \/><\/a><span style=\"color: #888888;\">Pary\u017c 2008, fot. Ewa Biero\u0144,<\/span> <a href=\"http:\/\/www.ebblue.blogspot.com\/\" target=\"_blank\" rel=\"noopener\">ebblue.blogspot<\/a><\/p>\n<p>&nbsp;<\/p>\n<p style=\"text-align: center;\"><a href=\"https:\/\/blog.empikfoto.pl\/empikfoto\/2012\/03\/Ewa-Biero\u01441.jpg\"><img loading=\"lazy\" decoding=\"async\" class=\"aligncenter size-full wp-image-3436\" title=\"Ewa-Biero\u01441\" src=\"https:\/\/blog.empikfoto.pl\/empikfoto\/2012\/03\/Ewa-Biero\u01441.jpg\" alt=\"\" width=\"400\" height=\"400\" srcset=\"https:\/\/www.empikfoto.pl\/blog\/empikfoto\/2012\/03\/Ewa-Biero\u01441.jpg 400w, https:\/\/www.empikfoto.pl\/blog\/empikfoto\/2012\/03\/Ewa-Biero\u01441-150x150.jpg 150w, https:\/\/www.empikfoto.pl\/blog\/empikfoto\/2012\/03\/Ewa-Biero\u01441-300x300.jpg 300w\" sizes=\"auto, (max-width: 400px) 100vw, 400px\" \/><\/a><span style=\"color: #888888;\">Moja Warszawa, fot. Ewa Biero\u0144,<a href=\"http:\/\/www.ebblue.blogspot.com\/\" target=\"_blank\" rel=\"noopener\"> <span style=\"color: #888888;\">ebblue.blogspot<\/span><\/a><\/span><\/p>\n<p style=\"text-align: left;\">Zacz\u0119li\u015bmy od ankiety,\u00a0 z kt\u00f3rej dowiedzieli\u015bmy si\u0119, \u017ce wi\u0119kszo\u015b\u0107 z Was woli zdj\u0119cia czarno &#8211; bia\u0142e.\u00a0 Dlaczego? Mo\u017ce dlatego, \u017ce pokazuj\u0105 \u015bwiat w spos\u00f3b tajemniczy i niecodzienny? Mo\u017ce po prostu mamy do nich sentyment?<\/p>\n<p style=\"text-align: center;\"><a href=\"https:\/\/blog.empikfoto.pl\/empikfoto\/2012\/03\/low-keyGKowalszyk.jpg\"><img loading=\"lazy\" decoding=\"async\" class=\"aligncenter size-full wp-image-3466\" title=\"low-keyGKowalszyk\" src=\"https:\/\/blog.empikfoto.pl\/empikfoto\/2012\/03\/low-keyGKowalszyk.jpg\" alt=\"\" width=\"400\" height=\"600\" srcset=\"https:\/\/www.empikfoto.pl\/blog\/empikfoto\/2012\/03\/low-keyGKowalszyk.jpg 400w, https:\/\/www.empikfoto.pl\/blog\/empikfoto\/2012\/03\/low-keyGKowalszyk-200x300.jpg 200w\" sizes=\"auto, (max-width: 400px) 100vw, 400px\" \/><\/a><span style=\"color: #888888;\">fot. Gra\u017cyna Kowalczyk<\/span><\/p>\n<p>Postanowili\u015bmy zapyta\u0107.<\/p>\n<p>Co takiego fotografia czarno-bia\u0142a ma w sobie? Dlaczego tak bardzo lubimy zdj\u0119cia monochromatyczne? Ju\u017c od dawna mo\u017cemy cieszy\u0107 si\u0119 pi\u0119knymi kolorami na fotografiach, lecz mimo to nie przestali\u015bmy robi\u0107 zdj\u0119\u0107 w odcieniach szaro\u015bci. Mo\u017ce \u0142atwiej jest zrobi\u0107 takie zdj\u0119cia?<\/p>\n<p style=\"text-align: center;\"><a href=\"https:\/\/blog.empikfoto.pl\/empikfoto\/2012\/03\/MaciejBlum-1.jpg\"><img loading=\"lazy\" decoding=\"async\" class=\"aligncenter size-full wp-image-3443\" title=\"MaciejBlum-(1)\" src=\"https:\/\/blog.empikfoto.pl\/empikfoto\/2012\/03\/MaciejBlum-1.jpg\" alt=\"\" width=\"400\" height=\"600\" srcset=\"https:\/\/www.empikfoto.pl\/blog\/empikfoto\/2012\/03\/MaciejBlum-1.jpg 400w, https:\/\/www.empikfoto.pl\/blog\/empikfoto\/2012\/03\/MaciejBlum-1-200x300.jpg 200w\" sizes=\"auto, (max-width: 400px) 100vw, 400px\" \/><\/a><span style=\"color: #888888;\">fot. Maciej Blum<\/span><\/p>\n<p>Sigrid: <em>Zdj\u0119cia czarno bia\u0142e pozwalaj\u0105 bardziej skupi\u0107 si\u0119 na temacie (cho\u0107 oczywi\u015bcie tematem mo\u017ce by\u0107, r\u00f3wnie\u017c kolor) i podkre\u015blaj\u0105 faktur\u0119. \u015awietnie nadaj\u0105 si\u0119 by uwydatni\u0107 np. piegi czy zmarszczki, dodaj\u0105 charakteru portretowi, cho\u0107 maj\u0105 cz\u0119sto ponury, melancholijny klimat.<\/em><\/p>\n<p style=\"text-align: center;\"><a href=\"https:\/\/blog.empikfoto.pl\/empikfoto\/2012\/03\/MaciejBlum.jpg\"><img loading=\"lazy\" decoding=\"async\" class=\"aligncenter size-full wp-image-3442\" title=\"MaciejBlum\" src=\"https:\/\/blog.empikfoto.pl\/empikfoto\/2012\/03\/MaciejBlum.jpg\" alt=\"\" width=\"400\" height=\"400\" srcset=\"https:\/\/www.empikfoto.pl\/blog\/empikfoto\/2012\/03\/MaciejBlum.jpg 400w, https:\/\/www.empikfoto.pl\/blog\/empikfoto\/2012\/03\/MaciejBlum-150x150.jpg 150w, https:\/\/www.empikfoto.pl\/blog\/empikfoto\/2012\/03\/MaciejBlum-300x300.jpg 300w\" sizes=\"auto, (max-width: 400px) 100vw, 400px\" \/><\/a><span style=\"color: #888888;\">fot. Maciej Blum<\/span><\/p>\n<p title=\"28 lutego 2012 o 19:11\" data-utime=\"1330456266\">Kamil: <em>Brak kolor\u00f3w na fotografii sprawia, \u017ce skupiamy si\u0119 na przes\u0142aniu, emocjach zwi\u0105zanych ze zdj\u0119ciem. Czer\u0144 i biel pozwala przecie\u017c upro\u015bci\u0107 zdj\u0119cie, doda\u0107 mu charakteru, podkre\u015bli\u0107 to, co wa\u017cne, a przecie\u017c nie ka\u017cde zdj\u0119cie nadaje si\u0119, by by\u0107 monochromatycznym.<\/em><\/p>\n<p style=\"text-align: center;\" title=\"28 lutego 2012 o 19:11\" data-utime=\"1330456266\"><a href=\"https:\/\/blog.empikfoto.pl\/empikfoto\/2012\/03\/MichalHabrat1.jpg\"><img loading=\"lazy\" decoding=\"async\" class=\"aligncenter size-full wp-image-3448\" title=\"MichalHabrat1\" src=\"https:\/\/blog.empikfoto.pl\/empikfoto\/2012\/03\/MichalHabrat1.jpg\" alt=\"\" width=\"600\" height=\"399\" srcset=\"https:\/\/www.empikfoto.pl\/blog\/empikfoto\/2012\/03\/MichalHabrat1.jpg 600w, https:\/\/www.empikfoto.pl\/blog\/empikfoto\/2012\/03\/MichalHabrat1-300x200.jpg 300w, https:\/\/www.empikfoto.pl\/blog\/empikfoto\/2012\/03\/MichalHabrat1-330x220.jpg 330w, https:\/\/www.empikfoto.pl\/blog\/empikfoto\/2012\/03\/MichalHabrat1-400x266.jpg 400w\" sizes=\"auto, (max-width: 600px) 100vw, 600px\" \/><\/a><span style=\"color: #888888;\">fot. Micha\u0142 Habrat,<\/span> <a href=\"http:\/\/www.facebook.com\/habolexus \" target=\"_blank\" rel=\"noopener\" data-utime=\"1330456266\">habolexus <\/a><\/p>\n<p title=\"28 lutego 2012 o 19:15\" data-utime=\"1330456537\">Marysia: <em>Wed\u0142ug mnie czarno &#8211; bia\u0142e zdj\u0119cia nie s\u0105 takim \u0142atwym tematem. Bo trzeba mie\u0107 umiar i jest cienka granica \u017ceby troch\u0119 nie przesadzi\u0107. Poza tym nie zawsze wersja czarno-bia\u0142a pasuje do okoliczno\u015bci \ud83d\ude42 Dla mnie najpi\u0119kniejsze s\u0105 czarno-bia\u0142e zdj\u0119cia na kliszy, maj\u0105 sw\u00f3j urok.<br \/>\n<\/em><\/p>\n<p style=\"text-align: center;\" title=\"28 lutego 2012 o 19:15\" data-utime=\"1330456537\"><a href=\"https:\/\/blog.empikfoto.pl\/empikfoto\/2012\/03\/AmadeuszG\u00f3rskiPa\u0142ac-Kultury-i-Nauki-w-Warszawie-czarno-bia\u0142y.jpg\"><img loading=\"lazy\" decoding=\"async\" class=\"aligncenter size-full wp-image-3431\" title=\"AmadeuszG\u00f3rskiPa\u0142ac-Kultury-i-Nauki-w-Warszawie-czarno-bia\u0142y\" src=\"https:\/\/blog.empikfoto.pl\/empikfoto\/2012\/03\/AmadeuszG\u00f3rskiPa\u0142ac-Kultury-i-Nauki-w-Warszawie-czarno-bia\u0142y.jpg\" alt=\"\" width=\"400\" height=\"602\" srcset=\"https:\/\/www.empikfoto.pl\/blog\/empikfoto\/2012\/03\/AmadeuszG\u00f3rskiPa\u0142ac-Kultury-i-Nauki-w-Warszawie-czarno-bia\u0142y.jpg 400w, https:\/\/www.empikfoto.pl\/blog\/empikfoto\/2012\/03\/AmadeuszG\u00f3rskiPa\u0142ac-Kultury-i-Nauki-w-Warszawie-czarno-bia\u0142y-199x300.jpg 199w\" sizes=\"auto, (max-width: 400px) 100vw, 400px\" \/><\/a><span style=\"color: #888888;\">fot. Amadeusz G\u00f3rski, <a href=\"http:\/\/amadeusz-gorski-photography.manifo.com\/\" target=\"_blank\" rel=\"noopener\"><span style=\"color: #888888;\">amadeusz-gorski-photography.manifo.com<\/span><\/a><\/span><\/p>\n<p title=\"28 lutego 2012 o 19:15\" data-utime=\"1330456537\">Basia: <em>Zgadzam si\u0119 w du\u017cej mierze z Sigrid &#8211; uwielbiam czarno- bia\u0142e fotografie z uwydatnionymi cechami szczeg\u00f3lnymi. Nie powiedzia\u0142abym, \u017ce \u0142atwiej robi si\u0119 zdj\u0119cia bw. Ja zawsze fotografuj\u0119 w kolorze, a dopiero potem wybieram zdj\u0119cie\/zdj\u0119cia, kt\u00f3re lepiej wygl\u0105daj\u0105 wed\u0142ug mnie w bw. I bardzo wa\u017cny w tym rodzaju fotografii jest dla mnie kontrast. Zazwyczaj wsp\u00f3\u0142czesne zdj\u0119cia czarno &#8211; bia\u0142e s\u0105 szare i md\u0142e, nie czarno &#8211; bia\u0142e.<\/em><\/p>\n<p style=\"text-align: center;\" title=\"28 lutego 2012 o 19:15\" data-utime=\"1330456537\"><a href=\"https:\/\/blog.empikfoto.pl\/empikfoto\/2012\/03\/30-Alejka-horyzontalna.jpg\"><img loading=\"lazy\" decoding=\"async\" class=\"aligncenter size-full wp-image-3430\" title=\"30-Alejka-horyzontalna\" src=\"https:\/\/blog.empikfoto.pl\/empikfoto\/2012\/03\/30-Alejka-horyzontalna.jpg\" alt=\"\" width=\"600\" height=\"450\" srcset=\"https:\/\/www.empikfoto.pl\/blog\/empikfoto\/2012\/03\/30-Alejka-horyzontalna.jpg 600w, https:\/\/www.empikfoto.pl\/blog\/empikfoto\/2012\/03\/30-Alejka-horyzontalna-300x225.jpg 300w, https:\/\/www.empikfoto.pl\/blog\/empikfoto\/2012\/03\/30-Alejka-horyzontalna-400x300.jpg 400w\" sizes=\"auto, (max-width: 600px) 100vw, 600px\" \/><\/a><span style=\"color: #888888;\">fot. Daga Gorczy\u0144ska, <a href=\"http:\/\/p-otworki.blogspot.com\/\" target=\"_blank\" rel=\"noopener\">p-otworki<\/a><\/span><\/p>\n<p data-ft=\"{&quot;type&quot;:1}\">Dyskusja trwa\u0142a, a my zastanawiali\u015bmy si\u0119 czy wszystkie zdj\u0119cia wygl\u0105daj\u0105 dobrze b&amp;w? Jakie tematy pasuj\u0105 do zdj\u0119\u0107 czarno &#8211; bia\u0142ych?<br \/>\nJakie zdj\u0119cia lepiej wygl\u0105daj\u0105 bez koloru?<\/p>\n<p style=\"text-align: center;\" data-ft=\"{&quot;type&quot;:1}\"><a href=\"https:\/\/blog.empikfoto.pl\/empikfoto\/2012\/03\/Paulina_Odalska.jpg\"><img loading=\"lazy\" decoding=\"async\" class=\"aligncenter size-full wp-image-3446\" title=\"Paulina_Odalska\" src=\"https:\/\/blog.empikfoto.pl\/empikfoto\/2012\/03\/Paulina_Odalska.jpg\" alt=\"\" width=\"400\" height=\"600\" srcset=\"https:\/\/www.empikfoto.pl\/blog\/empikfoto\/2012\/03\/Paulina_Odalska.jpg 400w, https:\/\/www.empikfoto.pl\/blog\/empikfoto\/2012\/03\/Paulina_Odalska-200x300.jpg 200w\" sizes=\"auto, (max-width: 400px) 100vw, 400px\" \/><\/a>fot. Paulina Odalska , <a href=\"https:\/\/www.facebook.com\/pages\/Paulina-Odalska-Photography\/293666620669775\" target=\"_blank\" rel=\"noopener\">Paulina-Odalska-Photography<\/a><\/p>\n<p title=\"28 lutego 2012 o 19:56\" data-utime=\"1330458998\">Paulina: <em>Ja sadze ze wi\u0119kszo\u015b\u0107 zdj\u0119\u0107 wygl\u0105da dobrze w B&amp;W &#8230; ale wszystko zale\u017cy od tego co chcemy uwypukli\u0107 w fotografii<abbr data-ft=\"{&quot;type&quot;:35}\" data-hovercard=\"\/ajax\/hovercard\/page.php?id=185491146093\">.<\/abbr><\/em><\/p>\n<p title=\"28 lutego 2012 o 19:56\" data-utime=\"1330458998\"><em><a href=\"https:\/\/blog.empikfoto.pl\/empikfoto\/2012\/03\/Nel-Niezgoda.jpg\"><img loading=\"lazy\" decoding=\"async\" class=\"aligncenter size-full wp-image-3445\" title=\"Nel-Niezgoda\" src=\"https:\/\/blog.empikfoto.pl\/empikfoto\/2012\/03\/Nel-Niezgoda.jpg\" alt=\"\" width=\"400\" height=\"600\" srcset=\"https:\/\/www.empikfoto.pl\/blog\/empikfoto\/2012\/03\/Nel-Niezgoda.jpg 400w, https:\/\/www.empikfoto.pl\/blog\/empikfoto\/2012\/03\/Nel-Niezgoda-200x300.jpg 200w\" sizes=\"auto, (max-width: 400px) 100vw, 400px\" \/><\/a><\/em><\/p>\n<p style=\"text-align: center;\" title=\"28 lutego 2012 o 19:56\" data-utime=\"1330458998\"><span style=\"color: #888888;\">fot. Nel Niezgoda,<a href=\"https:\/\/www.facebook.com\/pages\/Nel-Niezgoda-Fotografia\/145823822134310\" target=\"_blank\" rel=\"noopener\"> <span style=\"color: #888888;\">Nel-Niezgoda-Fotografia<\/span><\/a><\/span><\/p>\n<p title=\"28 lutego 2012 o 19:56\" data-utime=\"1330458998\">Micha\u0142: <em>Zale\u017cy do zamiar\u00f3w fotografa. Je\u015bli chce pokaza\u0107 \u0142adne &#8220;kolorki&#8221; to jedynie zostaje mu Kolor. A je\u015bli najwa\u017cniejszy jest temat to nie wa\u017cne czy robi krajobraz, czy portret &#8211;\u00a0 czarno-bia\u0142e zdj\u0119cia poka\u017c\u0105 ten temat (&#8230;).<br \/>\n<\/em><\/p>\n<p style=\"text-align: center;\" title=\"28 lutego 2012 o 19:56\" data-utime=\"1330458998\"><a href=\"https:\/\/blog.empikfoto.pl\/empikfoto\/2012\/03\/ARzymek.jpg\"><img loading=\"lazy\" decoding=\"async\" class=\"aligncenter size-full wp-image-3432\" title=\"ARzymek\" src=\"https:\/\/blog.empikfoto.pl\/empikfoto\/2012\/03\/ARzymek.jpg\" alt=\"\" width=\"400\" height=\"400\" srcset=\"https:\/\/www.empikfoto.pl\/blog\/empikfoto\/2012\/03\/ARzymek.jpg 400w, https:\/\/www.empikfoto.pl\/blog\/empikfoto\/2012\/03\/ARzymek-150x150.jpg 150w, https:\/\/www.empikfoto.pl\/blog\/empikfoto\/2012\/03\/ARzymek-300x300.jpg 300w\" sizes=\"auto, (max-width: 400px) 100vw, 400px\" \/><\/a><span style=\"color: #888888;\">fot. Agnieszka Rzymek,\u00a0<a href=\"http:\/\/niebieskie-migdaly.com\/ \" target=\"_blank\" rel=\"noopener\"><span style=\"color: #888888;\">Niebieskie Migda\u0142y Fotografia<\/span><\/a><\/span><\/p>\n<p title=\"28 lutego 2012 o 19:59\" data-utime=\"1330459189\">Julita:\u00a0 <em>Moim zdaniem temat: portret \/reporterka oddaj\u0105 klimat, nadaj\u0105 mocy przedstawianego motywu(&#8230;).<br \/>\n<\/em><\/p>\n<p style=\"text-align: center;\" title=\"28 lutego 2012 o 19:59\" data-utime=\"1330459189\"><a href=\"https:\/\/blog.empikfoto.pl\/empikfoto\/2012\/03\/Maria-Borz\u0119cka-Manija.jpg\"><img loading=\"lazy\" decoding=\"async\" class=\"aligncenter size-full wp-image-3444\" title=\"Maria-Borz\u0119cka-Manija\" src=\"https:\/\/blog.empikfoto.pl\/empikfoto\/2012\/03\/Maria-Borz\u0119cka-Manija.jpg\" alt=\"\" width=\"400\" height=\"360\" srcset=\"https:\/\/www.empikfoto.pl\/blog\/empikfoto\/2012\/03\/Maria-Borz\u0119cka-Manija.jpg 400w, https:\/\/www.empikfoto.pl\/blog\/empikfoto\/2012\/03\/Maria-Borz\u0119cka-Manija-300x270.jpg 300w\" sizes=\"auto, (max-width: 400px) 100vw, 400px\" \/><\/a><span style=\"color: #888888;\">fot. Maria Borz\u0119cka, <a href=\"https:\/\/www.facebook.com\/manija.photography\" target=\"_blank\" rel=\"noopener\">manija.photography<\/a><\/span><\/p>\n<p title=\"28 lutego 2012 o 20:00\" data-utime=\"1330459222\">Anna: <em>Wed\u0142ug mnie ka\u017cde zdj\u0119cie w czerni\/bieli mo\u017ce wygl\u0105da\u0107 fajnie jednak ja nie lubi\u0119 bw, na kt\u00f3rych s\u0105 dzieci (wed\u0142ug mnie powinny by\u0107 kolorowe, \u017cywe i weso\u0142e) oraz krajobraz (ale te\u017c zale\u017cy od tego co przedstawia), fajnie wygl\u0105da street photo w\u0142a\u015bciwie w wi\u0119kszo\u015bci street photography ogl\u0105da\u0142am w bw.<\/em><\/p>\n<p style=\"text-align: center;\" title=\"28 lutego 2012 o 20:00\" data-utime=\"1330459222\"><a href=\"https:\/\/blog.empikfoto.pl\/empikfoto\/2012\/03\/Karolina-Baczek.jpg\"><img loading=\"lazy\" decoding=\"async\" class=\"aligncenter size-full wp-image-3441\" title=\"Karolina-Baczek\" src=\"https:\/\/blog.empikfoto.pl\/empikfoto\/2012\/03\/Karolina-Baczek.jpg\" alt=\"\" width=\"400\" height=\"600\" srcset=\"https:\/\/www.empikfoto.pl\/blog\/empikfoto\/2012\/03\/Karolina-Baczek.jpg 400w, https:\/\/www.empikfoto.pl\/blog\/empikfoto\/2012\/03\/Karolina-Baczek-200x300.jpg 200w\" sizes=\"auto, (max-width: 400px) 100vw, 400px\" \/><\/a><span style=\"color: #888888;\">fot. Karolina B\u0105czek, <a href=\"http:\/\/www.swiatobrazu.pl\/fotografie\/galeria,uzytkownika,55193 \" target=\"_blank\" rel=\"noopener\"><span style=\"color: #888888;\">swiatobrazu.pl\/fotografie\/galeria<\/span><\/a><\/span><\/p>\n<p title=\"28 lutego 2012 o 20:02\" data-utime=\"1330459340\">Basia: <em>Dla mnie przede wszystkim portret i architektura. W portrecie uwypuklamy emocje, uczucia, cechy szczeg\u00f3lne; w architekturze przede wszystkim faktura materia\u0142u, wydobycie element\u00f3w architektury, kt\u00f3re normalnie nam umykaj\u0105.<\/em><\/p>\n<p style=\"text-align: center;\" title=\"28 lutego 2012 o 20:02\" data-utime=\"1330459378\"><a href=\"https:\/\/blog.empikfoto.pl\/empikfoto\/2012\/03\/Joanna-Kowalczyk.jpg\"><img loading=\"lazy\" decoding=\"async\" class=\"aligncenter size-full wp-image-3439\" title=\"Joanna-Kowalczyk\" src=\"https:\/\/blog.empikfoto.pl\/empikfoto\/2012\/03\/Joanna-Kowalczyk.jpg\" alt=\"\" width=\"600\" height=\"504\" srcset=\"https:\/\/www.empikfoto.pl\/blog\/empikfoto\/2012\/03\/Joanna-Kowalczyk.jpg 600w, https:\/\/www.empikfoto.pl\/blog\/empikfoto\/2012\/03\/Joanna-Kowalczyk-300x252.jpg 300w, https:\/\/www.empikfoto.pl\/blog\/empikfoto\/2012\/03\/Joanna-Kowalczyk-400x336.jpg 400w\" sizes=\"auto, (max-width: 600px) 100vw, 600px\" \/><\/a><span style=\"color: #888888;\">fot. Joanna Kowalczyk, <a href=\"https:\/\/www.facebook.com\/JoannaKowalczykPhotography\" target=\"_blank\" rel=\"noopener\">JoannaKowalczykPhotography<\/a><\/span><\/p>\n<p title=\"28 lutego 2012 o 20:11\" data-utime=\"1330459877\">Jakub: \u200e<em>&#8230;ja po zapoznaniu si\u0119 z tw\u00f3rczo\u015bci\u0105 pana <a href=\"http:\/\/www.magnumphotos.com\/C.aspx?VP=XSpecific_MAG.PhotographerDetail_VPage&amp;l1=0&amp;pid=2K7O3R1V0OB0&amp;nm=Alex%20Webb\" target=\"_blank\" rel=\"noopener\">Alexa Webb<\/a>a i paru innych jegomo\u015bci stwierdzi\u0142em bu\u0144czucznie, \u017ce fotografia &#8220;kojojowa&#8221; jest cholernie trudna je\u015bli uznamy kolor za element kompozycji obrazu.<\/em> ..<em>.Dopisz\u0119 jeszcze (bazuj\u0105c na staro szkolonych podr\u0119cznikach, kt\u00f3re ostatnio nami\u0119tnie czytuj\u0119) , \u017ce ambitny fotoamator winien kolor taktowa\u0107 jako \u015brodek wyrazu miast tylko w\u0142a\u015bciwo\u015b\u0107 emulsji \u015bwiat\u0142oczu\u0142ej \ud83d\ude09<\/em><\/p>\n<p style=\"text-align: center;\" title=\"28 lutego 2012 o 20:11\" data-utime=\"1330459877\"><a href=\"https:\/\/blog.empikfoto.pl\/empikfoto\/2012\/03\/KacperCzapp_pies.jpg\"><img loading=\"lazy\" decoding=\"async\" class=\"aligncenter wp-image-3440\" title=\"KacperCzapp_pies\" src=\"https:\/\/blog.empikfoto.pl\/empikfoto\/2012\/03\/KacperCzapp_pies.jpg\" alt=\"\" width=\"600\" height=\"398\" srcset=\"https:\/\/www.empikfoto.pl\/blog\/empikfoto\/2012\/03\/KacperCzapp_pies.jpg 600w, https:\/\/www.empikfoto.pl\/blog\/empikfoto\/2012\/03\/KacperCzapp_pies-300x199.jpg 300w, https:\/\/www.empikfoto.pl\/blog\/empikfoto\/2012\/03\/KacperCzapp_pies-330x220.jpg 330w, https:\/\/www.empikfoto.pl\/blog\/empikfoto\/2012\/03\/KacperCzapp_pies-400x265.jpg 400w\" sizes=\"auto, (max-width: 600px) 100vw, 600px\" \/><\/a><span style=\"color: #888888;\">fot. Kacper Czapp, <a href=\"https:\/\/www.facebook.com\/kczapp\" target=\"_blank\" rel=\"noopener\">facebook.com\/kczapp<\/a><\/span><\/p>\n<p title=\"28 lutego 2012 o 20:54\" data-utime=\"1330462497\">My w tej dyskusji zaproponowali\u015bmy <a href=\"http:\/\/www.fotopolis.pl\/index.php?n=14428\" target=\"_blank\" rel=\"noopener\">Rozmow\u0119 z Tomaszem \u0141azarem<\/a>, z kt\u00f3rej mo\u017cna dowiedzie\u0107 si\u0119 mi\u0119dzy innymi dlaczego zdecydowa\u0142 si\u0119 na wys\u0142anie na konkurs WPP zdj\u0119cia w wersji czarno &#8211; bia\u0142ej. Zach\u0119camy r\u00f3wnie\u017c do obejrzenia zdj\u0119\u0107 <a href=\"http:\/\/www.jacekporemba.com\/\" target=\"_blank\" rel=\"noopener\">Jacka Poremby &#8220;Sudan<\/a>&#8220;, kt\u00f3re naszym zdaniem s\u0105 dowodem na to, i\u017c nie zawsze fotografie w odcieniach szaro\u015bci (bez widocznej bieli i czerni) s\u0105 nijakie i md\u0142e.<\/p>\n<p style=\"text-align: center;\" title=\"28 lutego 2012 o 20:54\" data-utime=\"1330462497\"><a href=\"https:\/\/blog.empikfoto.pl\/empikfoto\/2012\/03\/bduchalska1.jpg\"><img loading=\"lazy\" decoding=\"async\" class=\"aligncenter size-full wp-image-3434\" title=\"bduchalska1\" src=\"https:\/\/blog.empikfoto.pl\/empikfoto\/2012\/03\/bduchalska1.jpg\" alt=\"\" width=\"600\" height=\"423\" srcset=\"https:\/\/www.empikfoto.pl\/blog\/empikfoto\/2012\/03\/bduchalska1.jpg 600w, https:\/\/www.empikfoto.pl\/blog\/empikfoto\/2012\/03\/bduchalska1-300x212.jpg 300w, https:\/\/www.empikfoto.pl\/blog\/empikfoto\/2012\/03\/bduchalska1-400x282.jpg 400w\" sizes=\"auto, (max-width: 600px) 100vw, 600px\" \/><\/a><span style=\"color: #888888;\">fot. Basia Duchalska,<\/span> <a href=\"https:\/\/www.facebook.com\/bduchalskaphotography\" target=\"_blank\" rel=\"noopener\">bduchalskaphotography<\/a><\/p>\n<p>Podczas spotkania przedstawili\u015bmy zdj\u0119cia\u00a0 klasyk\u00f3w reprezentuj\u0105cych r\u00f3\u017cne dziedziny fotografii.<\/p>\n<p><a href=\"http:\/\/www.magnumphotos.com\/C.aspx?VP=XSpecific_MAG.PhotographerDetail_VPage&amp;l1=0&amp;pid=2K7O3R14T1LX&amp;nm=Henri%20Cartier-Bresson\" target=\"_blank\" rel=\"noopener\">Henri Cartier Bresson <\/a>&#8211; Mistrz momentu decyduj\u0105cego. Wydaje si\u0119, \u017ce na ka\u017cdym zdj\u0119ciu uwieczni\u0142 najlepszy moment danej sytuacji. Prawda?<\/p>\n<p>Klasyka w fotografii mody i aktu &#8211; <a href=\"http:\/\/www.helmutnewton.com\/\" target=\"_blank\" rel=\"noopener\">zdj\u0119cia Helmuta Newtona<\/a>. Na zdj\u0119ciach pokazywa\u0142 g\u0142\u00f3wnie silne dominuj\u0105ce kobiety.. najcz\u0119\u015bciej w odcieniach szaro\u015bci.<\/p>\n<p>Wydawa\u0142oby si\u0119, \u017ce fotografie ro\u015blin w czerni i bieli to nic ciekawego? Zobaczcie cudowne zdj\u0119cia <a href=\"http:\/\/www.karlblossfeldtphotos.com\/photos_list_live.asp?ID=14\" target=\"_blank\" rel=\"noopener\">Karla Blosfeldta&#8230;. <\/a><\/p>\n<p style=\"text-align: center;\"><a href=\"https:\/\/blog.empikfoto.pl\/empikfoto\/2012\/03\/basiaduchalska.jpg\"><img loading=\"lazy\" decoding=\"async\" class=\"aligncenter size-full wp-image-3433\" title=\"basiaduchalska\" src=\"https:\/\/blog.empikfoto.pl\/empikfoto\/2012\/03\/basiaduchalska.jpg\" alt=\"\" width=\"400\" height=\"401\" srcset=\"https:\/\/www.empikfoto.pl\/blog\/empikfoto\/2012\/03\/basiaduchalska.jpg 400w, https:\/\/www.empikfoto.pl\/blog\/empikfoto\/2012\/03\/basiaduchalska-150x150.jpg 150w, https:\/\/www.empikfoto.pl\/blog\/empikfoto\/2012\/03\/basiaduchalska-300x300.jpg 300w\" sizes=\"auto, (max-width: 400px) 100vw, 400px\" \/><\/a><span style=\"color: #888888;\">fot. Basia Duchalska, <a href=\"https:\/\/www.facebook.com\/bduchalskaphotography\" target=\"_blank\" rel=\"noopener\"><span style=\"color: #888888;\">bduchalskaphotography<\/span><\/a><\/span><\/p>\n<p>Na koniec troszk\u0119 konkret\u00f3w. <a href=\"http:\/\/www.swiatobrazu.pl\/czarnobialy_swiat_czyli_o_konwersji_zdjec_bw.html\" target=\"_blank\" rel=\"noopener\">Poradnik<\/a> jak zamienia\u0107 zdj\u0119cia na czarno-bia\u0142e. Mo\u017ce Wam si\u0119 przyda? Zobaczcie r\u00f3wnie\u017c na przyk\u0142adzie zdj\u0119\u0107 Gra\u017cyny, jak wykorzystanie r\u00f3\u017cnych filtr\u00f3w mo\u017ce zmieni\u0107 zdj\u0119cie:<\/p>\n<p style=\"text-align: center;\"><a href=\"https:\/\/blog.empikfoto.pl\/empikfoto\/2012\/03\/G_Kowalczyk.jpg\"><img loading=\"lazy\" decoding=\"async\" class=\"aligncenter size-full wp-image-3465\" title=\"G_Kowalczyk\" src=\"https:\/\/blog.empikfoto.pl\/empikfoto\/2012\/03\/G_Kowalczyk.jpg\" alt=\"\" width=\"600\" height=\"201\" srcset=\"https:\/\/www.empikfoto.pl\/blog\/empikfoto\/2012\/03\/G_Kowalczyk.jpg 600w, https:\/\/www.empikfoto.pl\/blog\/empikfoto\/2012\/03\/G_Kowalczyk-300x101.jpg 300w, https:\/\/www.empikfoto.pl\/blog\/empikfoto\/2012\/03\/G_Kowalczyk-400x134.jpg 400w\" sizes=\"auto, (max-width: 600px) 100vw, 600px\" \/><\/a><span style=\"color: #888888;\">Filtr czerwony\/Filtr zielony, fot. Gra\u017cyna Kowalczyk<\/span><\/p>\n<address>Linki polecane przez Fan\u00f3w:<\/address>\n<address><a href=\"http:\/\/www.dwutygodnik.com\/artykul\/1842-lu%C3%ADs-ramon-mar%C3%ADn-fotografie-1908-1940.html\" target=\"_blank\" rel=\"noopener\">Lu\u00eds Ram\u00f3n Mar\u00edn<\/a><\/address>\n<address><a href=\"http:\/\/www.etalberdhasinuz.blogspot.com\/\" target=\"_blank\" rel=\"noopener\">Etalberd Hasinuz <\/a><\/address>\n<address><a href=\"http:\/\/sawyn.flog.pl\/wpis\/1004836\/samotnik-bw\" target=\"_blank\" rel=\"noopener\">http:\/\/sawyn.flog.pl<\/a><a href=\"http:\/\/www.digart.pl\/zoom\/3229896\/+.html\" target=\"_blank\" rel=\"noopener\"> Zawieszka<\/a><\/address>\n<address>\u00a0<\/address>\n<p>Wszystkie powy\u017csze zdj\u0119cia zosta\u0142y opublikowane na tablicy empikfoto.pl na Facebooku podczas Wtorkowego Wieczorka z Fotografi\u0105 28.02.12.<\/p>\n","protected":false},"excerpt":{"rendered":"<p>Kiedy to by\u0142o? Jeszcze w lutym! Spotkali\u015bmy si\u0119 na naszej tablicy, aby po raz kolejny porozmawia\u0107 na wybrany przez Was temat zwi\u0105zany z fotografi\u0105. Tym razem Wtorkowy Wieczorek dotyczy\u0142 fotografii czarno-bia\u0142ej. Temat bardzo og\u00f3lny ale cieszy\u0142 si\u0119\u00a0 wielkim zainteresowaniem!\u00a0 Uwaga, pad\u0142 nowy rekord! Ponad 100 zdj\u0119\u0107 Fan\u00f3w na naszej tablicy, nie licz\u0105c link\u00f3w kieruj\u0105cych do ca\u0142ych galerii!\u00a0 \u0141\u0105cznie z udost\u0119pnionymi galeriami mogli\u015bmy ogl\u0105da\u0107 ok 300 zdj\u0119\u0107. Chyba wyobra\u017cacie sobie jaki problem mieli\u015bmy, aby wybra\u0107 fotografie do publikacji w podsumowaniu?<\/p>\n","protected":false},"author":16,"featured_media":7006,"comment_status":"closed","ping_status":"closed","sticky":false,"template":"","format":"standard","meta":{"footnotes":""},"categories":[783],"tags":[],"class_list":["post-3372","post","type-post","status-publish","format-standard","has-post-thumbnail","hentry","category-poradniki"],"yoast_head":"<!-- This site is optimized with the Yoast SEO plugin v27.5 - https:\/\/yoast.com\/product\/yoast-seo-wordpress\/ -->\n<title>Wieczorek na temat fotografii czarno-bia\u0142ej! | Empik Foto<\/title>\n<meta name=\"description\" content=\"Odkryj pi\u0119kno kontrast\u00f3w na naszym Wieczorze na temat fotografii czarno-bia\u0142ej! Poznaj tajniki tej sztuki czarno-bia\u0142ych obraz\u00f3w.\" \/>\n<meta name=\"robots\" content=\"index, follow, max-snippet:-1, max-image-preview:large, max-video-preview:-1\" \/>\n<link rel=\"canonical\" href=\"https:\/\/www.empikfoto.pl\/blog\/rekordowy-wieczorek-na-temat-fotografii-czarno-bialej\/\" \/>\n<meta property=\"og:locale\" content=\"pl_PL\" \/>\n<meta property=\"og:type\" content=\"article\" \/>\n<meta property=\"og:title\" content=\"Wieczorek na temat fotografii czarno-bia\u0142ej! | Empik Foto\" \/>\n<meta property=\"og:description\" content=\"Odkryj pi\u0119kno kontrast\u00f3w na naszym Wieczorze na temat fotografii czarno-bia\u0142ej! Poznaj tajniki tej sztuki czarno-bia\u0142ych obraz\u00f3w.\" \/>\n<meta property=\"og:url\" content=\"https:\/\/www.empikfoto.pl\/blog\/rekordowy-wieczorek-na-temat-fotografii-czarno-bialej\/\" \/>\n<meta property=\"og:site_name\" content=\"blog.empikfoto.pl\" \/>\n<meta property=\"article:publisher\" content=\"https:\/\/www.facebook.com\/empikfotopl\/\" \/>\n<meta property=\"article:published_time\" content=\"2012-03-22T20:11:18+00:00\" \/>\n<meta property=\"article:modified_time\" content=\"2025-04-07T09:24:43+00:00\" \/>\n<meta property=\"og:image\" content=\"https:\/\/www.empikfoto.pl\/blog\/empikfoto\/2012\/03\/MichalHabrat1-1.jpg\" \/>\n\t<meta property=\"og:image:width\" content=\"750\" \/>\n\t<meta property=\"og:image:height\" content=\"375\" \/>\n\t<meta property=\"og:image:type\" content=\"image\/jpeg\" \/>\n<meta name=\"author\" content=\"Patrycja\" \/>\n<meta name=\"twitter:card\" content=\"summary_large_image\" \/>\n<meta name=\"twitter:creator\" content=\"@empikfoto\" \/>\n<meta name=\"twitter:site\" content=\"@empikfoto\" \/>\n<meta name=\"twitter:label1\" content=\"Napisane przez\" \/>\n\t<meta name=\"twitter:data1\" content=\"Patrycja\" \/>\n\t<meta name=\"twitter:label2\" content=\"Szacowany czas czytania\" \/>\n\t<meta name=\"twitter:data2\" content=\"9 minut\" \/>\n<script type=\"application\/ld+json\" class=\"yoast-schema-graph\">{\"@context\":\"https:\\\/\\\/schema.org\",\"@graph\":[{\"@type\":\"Article\",\"@id\":\"https:\\\/\\\/www.empikfoto.pl\\\/blog\\\/rekordowy-wieczorek-na-temat-fotografii-czarno-bialej\\\/#article\",\"isPartOf\":{\"@id\":\"https:\\\/\\\/www.empikfoto.pl\\\/blog\\\/rekordowy-wieczorek-na-temat-fotografii-czarno-bialej\\\/\"},\"author\":{\"name\":\"Patrycja\",\"@id\":\"https:\\\/\\\/www.empikfoto.pl\\\/blog\\\/#\\\/schema\\\/person\\\/0313802ca5dac502e3266853c59632c0\"},\"headline\":\"Rekordowy Wieczorek na temat fotografii czarno-bia\u0142ej!\",\"datePublished\":\"2012-03-22T20:11:18+00:00\",\"dateModified\":\"2025-04-07T09:24:43+00:00\",\"mainEntityOfPage\":{\"@id\":\"https:\\\/\\\/www.empikfoto.pl\\\/blog\\\/rekordowy-wieczorek-na-temat-fotografii-czarno-bialej\\\/\"},\"wordCount\":1029,\"image\":{\"@id\":\"https:\\\/\\\/www.empikfoto.pl\\\/blog\\\/rekordowy-wieczorek-na-temat-fotografii-czarno-bialej\\\/#primaryimage\"},\"thumbnailUrl\":\"https:\\\/\\\/www.empikfoto.pl\\\/blog\\\/empikfoto\\\/2012\\\/03\\\/MichalHabrat1-1.jpg\",\"articleSection\":[\"PORADNIKI\"],\"inLanguage\":\"pl-PL\"},{\"@type\":\"WebPage\",\"@id\":\"https:\\\/\\\/www.empikfoto.pl\\\/blog\\\/rekordowy-wieczorek-na-temat-fotografii-czarno-bialej\\\/\",\"url\":\"https:\\\/\\\/www.empikfoto.pl\\\/blog\\\/rekordowy-wieczorek-na-temat-fotografii-czarno-bialej\\\/\",\"name\":\"Wieczorek na temat fotografii czarno-bia\u0142ej! | Empik Foto\",\"isPartOf\":{\"@id\":\"https:\\\/\\\/www.empikfoto.pl\\\/blog\\\/#website\"},\"primaryImageOfPage\":{\"@id\":\"https:\\\/\\\/www.empikfoto.pl\\\/blog\\\/rekordowy-wieczorek-na-temat-fotografii-czarno-bialej\\\/#primaryimage\"},\"image\":{\"@id\":\"https:\\\/\\\/www.empikfoto.pl\\\/blog\\\/rekordowy-wieczorek-na-temat-fotografii-czarno-bialej\\\/#primaryimage\"},\"thumbnailUrl\":\"https:\\\/\\\/www.empikfoto.pl\\\/blog\\\/empikfoto\\\/2012\\\/03\\\/MichalHabrat1-1.jpg\",\"datePublished\":\"2012-03-22T20:11:18+00:00\",\"dateModified\":\"2025-04-07T09:24:43+00:00\",\"author\":{\"@id\":\"https:\\\/\\\/www.empikfoto.pl\\\/blog\\\/#\\\/schema\\\/person\\\/0313802ca5dac502e3266853c59632c0\"},\"description\":\"Odkryj pi\u0119kno kontrast\u00f3w na naszym Wieczorze na temat fotografii czarno-bia\u0142ej! Poznaj tajniki tej sztuki czarno-bia\u0142ych obraz\u00f3w.\",\"breadcrumb\":{\"@id\":\"https:\\\/\\\/www.empikfoto.pl\\\/blog\\\/rekordowy-wieczorek-na-temat-fotografii-czarno-bialej\\\/#breadcrumb\"},\"inLanguage\":\"pl-PL\",\"potentialAction\":[{\"@type\":\"ReadAction\",\"target\":[\"https:\\\/\\\/www.empikfoto.pl\\\/blog\\\/rekordowy-wieczorek-na-temat-fotografii-czarno-bialej\\\/\"]}]},{\"@type\":\"ImageObject\",\"inLanguage\":\"pl-PL\",\"@id\":\"https:\\\/\\\/www.empikfoto.pl\\\/blog\\\/rekordowy-wieczorek-na-temat-fotografii-czarno-bialej\\\/#primaryimage\",\"url\":\"https:\\\/\\\/www.empikfoto.pl\\\/blog\\\/empikfoto\\\/2012\\\/03\\\/MichalHabrat1-1.jpg\",\"contentUrl\":\"https:\\\/\\\/www.empikfoto.pl\\\/blog\\\/empikfoto\\\/2012\\\/03\\\/MichalHabrat1-1.jpg\",\"width\":750,\"height\":375},{\"@type\":\"BreadcrumbList\",\"@id\":\"https:\\\/\\\/www.empikfoto.pl\\\/blog\\\/rekordowy-wieczorek-na-temat-fotografii-czarno-bialej\\\/#breadcrumb\",\"itemListElement\":[{\"@type\":\"ListItem\",\"position\":1,\"name\":\"Strona g\u0142\u00f3wna\",\"item\":\"https:\\\/\\\/www.empikfoto.pl\\\/blog\\\/\"},{\"@type\":\"ListItem\",\"position\":2,\"name\":\"Rekordowy Wieczorek na temat fotografii czarno-bia\u0142ej!\"}]},{\"@type\":\"WebSite\",\"@id\":\"https:\\\/\\\/www.empikfoto.pl\\\/blog\\\/#website\",\"url\":\"https:\\\/\\\/www.empikfoto.pl\\\/blog\\\/\",\"name\":\"blog.empikfoto.pl\",\"description\":\"Poznaj empikfoto.pl od \u015brodka! Dowiedz si\u0119 wi\u0119cej o odbitkach, fotoksi\u0105\u017ckach i fotografii.\",\"potentialAction\":[{\"@type\":\"SearchAction\",\"target\":{\"@type\":\"EntryPoint\",\"urlTemplate\":\"https:\\\/\\\/www.empikfoto.pl\\\/blog\\\/?s={search_term_string}\"},\"query-input\":{\"@type\":\"PropertyValueSpecification\",\"valueRequired\":true,\"valueName\":\"search_term_string\"}}],\"inLanguage\":\"pl-PL\"},{\"@type\":\"Person\",\"@id\":\"https:\\\/\\\/www.empikfoto.pl\\\/blog\\\/#\\\/schema\\\/person\\\/0313802ca5dac502e3266853c59632c0\",\"name\":\"Patrycja\",\"image\":{\"@type\":\"ImageObject\",\"inLanguage\":\"pl-PL\",\"@id\":\"https:\\\/\\\/secure.gravatar.com\\\/avatar\\\/f25168e12215ad42f58e5fb72881daaeb57bd4f907081046016f64bf167db59f?s=96&d=identicon&r=g\",\"url\":\"https:\\\/\\\/secure.gravatar.com\\\/avatar\\\/f25168e12215ad42f58e5fb72881daaeb57bd4f907081046016f64bf167db59f?s=96&d=identicon&r=g\",\"contentUrl\":\"https:\\\/\\\/secure.gravatar.com\\\/avatar\\\/f25168e12215ad42f58e5fb72881daaeb57bd4f907081046016f64bf167db59f?s=96&d=identicon&r=g\",\"caption\":\"Patrycja\"},\"url\":\"https:\\\/\\\/www.empikfoto.pl\\\/blog\\\/author\\\/patrycja\\\/\"}]}<\/script>\n<!-- \/ Yoast SEO plugin. -->","yoast_head_json":{"title":"Wieczorek na temat fotografii czarno-bia\u0142ej! | Empik Foto","description":"Odkryj pi\u0119kno kontrast\u00f3w na naszym Wieczorze na temat fotografii czarno-bia\u0142ej! Poznaj tajniki tej sztuki czarno-bia\u0142ych obraz\u00f3w.","robots":{"index":"index","follow":"follow","max-snippet":"max-snippet:-1","max-image-preview":"max-image-preview:large","max-video-preview":"max-video-preview:-1"},"canonical":"https:\/\/www.empikfoto.pl\/blog\/rekordowy-wieczorek-na-temat-fotografii-czarno-bialej\/","og_locale":"pl_PL","og_type":"article","og_title":"Wieczorek na temat fotografii czarno-bia\u0142ej! | Empik Foto","og_description":"Odkryj pi\u0119kno kontrast\u00f3w na naszym Wieczorze na temat fotografii czarno-bia\u0142ej! Poznaj tajniki tej sztuki czarno-bia\u0142ych obraz\u00f3w.","og_url":"https:\/\/www.empikfoto.pl\/blog\/rekordowy-wieczorek-na-temat-fotografii-czarno-bialej\/","og_site_name":"blog.empikfoto.pl","article_publisher":"https:\/\/www.facebook.com\/empikfotopl\/","article_published_time":"2012-03-22T20:11:18+00:00","article_modified_time":"2025-04-07T09:24:43+00:00","og_image":[{"width":750,"height":375,"url":"https:\/\/www.empikfoto.pl\/blog\/empikfoto\/2012\/03\/MichalHabrat1-1.jpg","type":"image\/jpeg"}],"author":"Patrycja","twitter_card":"summary_large_image","twitter_creator":"@empikfoto","twitter_site":"@empikfoto","twitter_misc":{"Napisane przez":"Patrycja","Szacowany czas czytania":"9 minut"},"schema":{"@context":"https:\/\/schema.org","@graph":[{"@type":"Article","@id":"https:\/\/www.empikfoto.pl\/blog\/rekordowy-wieczorek-na-temat-fotografii-czarno-bialej\/#article","isPartOf":{"@id":"https:\/\/www.empikfoto.pl\/blog\/rekordowy-wieczorek-na-temat-fotografii-czarno-bialej\/"},"author":{"name":"Patrycja","@id":"https:\/\/www.empikfoto.pl\/blog\/#\/schema\/person\/0313802ca5dac502e3266853c59632c0"},"headline":"Rekordowy Wieczorek na temat fotografii czarno-bia\u0142ej!","datePublished":"2012-03-22T20:11:18+00:00","dateModified":"2025-04-07T09:24:43+00:00","mainEntityOfPage":{"@id":"https:\/\/www.empikfoto.pl\/blog\/rekordowy-wieczorek-na-temat-fotografii-czarno-bialej\/"},"wordCount":1029,"image":{"@id":"https:\/\/www.empikfoto.pl\/blog\/rekordowy-wieczorek-na-temat-fotografii-czarno-bialej\/#primaryimage"},"thumbnailUrl":"https:\/\/www.empikfoto.pl\/blog\/empikfoto\/2012\/03\/MichalHabrat1-1.jpg","articleSection":["PORADNIKI"],"inLanguage":"pl-PL"},{"@type":"WebPage","@id":"https:\/\/www.empikfoto.pl\/blog\/rekordowy-wieczorek-na-temat-fotografii-czarno-bialej\/","url":"https:\/\/www.empikfoto.pl\/blog\/rekordowy-wieczorek-na-temat-fotografii-czarno-bialej\/","name":"Wieczorek na temat fotografii czarno-bia\u0142ej! | Empik Foto","isPartOf":{"@id":"https:\/\/www.empikfoto.pl\/blog\/#website"},"primaryImageOfPage":{"@id":"https:\/\/www.empikfoto.pl\/blog\/rekordowy-wieczorek-na-temat-fotografii-czarno-bialej\/#primaryimage"},"image":{"@id":"https:\/\/www.empikfoto.pl\/blog\/rekordowy-wieczorek-na-temat-fotografii-czarno-bialej\/#primaryimage"},"thumbnailUrl":"https:\/\/www.empikfoto.pl\/blog\/empikfoto\/2012\/03\/MichalHabrat1-1.jpg","datePublished":"2012-03-22T20:11:18+00:00","dateModified":"2025-04-07T09:24:43+00:00","author":{"@id":"https:\/\/www.empikfoto.pl\/blog\/#\/schema\/person\/0313802ca5dac502e3266853c59632c0"},"description":"Odkryj pi\u0119kno kontrast\u00f3w na naszym Wieczorze na temat fotografii czarno-bia\u0142ej! Poznaj tajniki tej sztuki czarno-bia\u0142ych obraz\u00f3w.","breadcrumb":{"@id":"https:\/\/www.empikfoto.pl\/blog\/rekordowy-wieczorek-na-temat-fotografii-czarno-bialej\/#breadcrumb"},"inLanguage":"pl-PL","potentialAction":[{"@type":"ReadAction","target":["https:\/\/www.empikfoto.pl\/blog\/rekordowy-wieczorek-na-temat-fotografii-czarno-bialej\/"]}]},{"@type":"ImageObject","inLanguage":"pl-PL","@id":"https:\/\/www.empikfoto.pl\/blog\/rekordowy-wieczorek-na-temat-fotografii-czarno-bialej\/#primaryimage","url":"https:\/\/www.empikfoto.pl\/blog\/empikfoto\/2012\/03\/MichalHabrat1-1.jpg","contentUrl":"https:\/\/www.empikfoto.pl\/blog\/empikfoto\/2012\/03\/MichalHabrat1-1.jpg","width":750,"height":375},{"@type":"BreadcrumbList","@id":"https:\/\/www.empikfoto.pl\/blog\/rekordowy-wieczorek-na-temat-fotografii-czarno-bialej\/#breadcrumb","itemListElement":[{"@type":"ListItem","position":1,"name":"Strona g\u0142\u00f3wna","item":"https:\/\/www.empikfoto.pl\/blog\/"},{"@type":"ListItem","position":2,"name":"Rekordowy Wieczorek na temat fotografii czarno-bia\u0142ej!"}]},{"@type":"WebSite","@id":"https:\/\/www.empikfoto.pl\/blog\/#website","url":"https:\/\/www.empikfoto.pl\/blog\/","name":"blog.empikfoto.pl","description":"Poznaj empikfoto.pl od \u015brodka! Dowiedz si\u0119 wi\u0119cej o odbitkach, fotoksi\u0105\u017ckach i fotografii.","potentialAction":[{"@type":"SearchAction","target":{"@type":"EntryPoint","urlTemplate":"https:\/\/www.empikfoto.pl\/blog\/?s={search_term_string}"},"query-input":{"@type":"PropertyValueSpecification","valueRequired":true,"valueName":"search_term_string"}}],"inLanguage":"pl-PL"},{"@type":"Person","@id":"https:\/\/www.empikfoto.pl\/blog\/#\/schema\/person\/0313802ca5dac502e3266853c59632c0","name":"Patrycja","image":{"@type":"ImageObject","inLanguage":"pl-PL","@id":"https:\/\/secure.gravatar.com\/avatar\/f25168e12215ad42f58e5fb72881daaeb57bd4f907081046016f64bf167db59f?s=96&d=identicon&r=g","url":"https:\/\/secure.gravatar.com\/avatar\/f25168e12215ad42f58e5fb72881daaeb57bd4f907081046016f64bf167db59f?s=96&d=identicon&r=g","contentUrl":"https:\/\/secure.gravatar.com\/avatar\/f25168e12215ad42f58e5fb72881daaeb57bd4f907081046016f64bf167db59f?s=96&d=identicon&r=g","caption":"Patrycja"},"url":"https:\/\/www.empikfoto.pl\/blog\/author\/patrycja\/"}]}},"amp_enabled":true,"_links":{"self":[{"href":"https:\/\/www.empikfoto.pl\/blog\/wp-json\/wp\/v2\/posts\/3372","targetHints":{"allow":["GET"]}}],"collection":[{"href":"https:\/\/www.empikfoto.pl\/blog\/wp-json\/wp\/v2\/posts"}],"about":[{"href":"https:\/\/www.empikfoto.pl\/blog\/wp-json\/wp\/v2\/types\/post"}],"author":[{"embeddable":true,"href":"https:\/\/www.empikfoto.pl\/blog\/wp-json\/wp\/v2\/users\/16"}],"replies":[{"embeddable":true,"href":"https:\/\/www.empikfoto.pl\/blog\/wp-json\/wp\/v2\/comments?post=3372"}],"version-history":[{"count":58,"href":"https:\/\/www.empikfoto.pl\/blog\/wp-json\/wp\/v2\/posts\/3372\/revisions"}],"predecessor-version":[{"id":14431,"href":"https:\/\/www.empikfoto.pl\/blog\/wp-json\/wp\/v2\/posts\/3372\/revisions\/14431"}],"wp:featuredmedia":[{"embeddable":true,"href":"https:\/\/www.empikfoto.pl\/blog\/wp-json\/wp\/v2\/media\/7006"}],"wp:attachment":[{"href":"https:\/\/www.empikfoto.pl\/blog\/wp-json\/wp\/v2\/media?parent=3372"}],"wp:term":[{"taxonomy":"category","embeddable":true,"href":"https:\/\/www.empikfoto.pl\/blog\/wp-json\/wp\/v2\/categories?post=3372"},{"taxonomy":"post_tag","embeddable":true,"href":"https:\/\/www.empikfoto.pl\/blog\/wp-json\/wp\/v2\/tags?post=3372"}],"curies":[{"name":"wp","href":"https:\/\/api.w.org\/{rel}","templated":true}]}}