{"id":7151,"date":"2017-04-13T11:49:58","date_gmt":"2017-04-13T09:49:58","guid":{"rendered":"http:\/\/blog.empikfoto.pl\/?p=7151"},"modified":"2023-07-13T15:36:28","modified_gmt":"2023-07-13T13:36:28","slug":"fotograficzne-bledy-podczas-swiat-i-jak-ich-uniknac","status":"publish","type":"post","link":"https:\/\/www.empikfoto.pl\/blog\/fotograficzne-bledy-podczas-swiat-i-jak-ich-uniknac\/","title":{"rendered":"Fotograficzne b\u0142\u0119dy podczas \u015awi\u0105t i jak ich unikn\u0105\u0107"},"content":{"rendered":"<h4><strong>\u015awi\u0119ta to doskona\u0142a okazja, by zrobi\u0107 mn\u00f3stwo zdj\u0119\u0107, do kt\u00f3rych potem z ch\u0119ci\u0105 b\u0119dziecie powraca\u0107. Ale og\u00f3lny rozgardiasz panuj\u0105cy przy stole, wok\u00f3\u0142 kt\u00f3rego zbior\u0105 si\u0119 wszyscy Wasi najbli\u017csi mo\u017ce spowodowa\u0107, \u017ce Wasze fotografie nie do ko\u0144ca Was zadowol\u0105. Fotograficzne b\u0142\u0119dy dla nieprofesjonalnego fotografa s\u0105 cz\u0119ste. Nie przejmujcie si\u0119 jednak tym. Sprawd\u017acie 9 najpopularniejszych b\u0142\u0119d\u00f3w, kt\u00f3re mo\u017cecie pope\u0142ni\u0107 i dowiedzcie si\u0119 jak ich unikn\u0105\u0107!<\/strong><\/h4>\n<h4><!--more--><\/h4>\n<h2>1) Fotograficzne b\u0142\u0119dy to nie perfekcyjny ba\u0142agan<\/h2>\n<p>Wspomnieli\u015bmy o rozgardiaszu przy stole i od razu oczyma wyobra\u017ani widzisz maluchy biegaj\u0105ce wok\u00f3\u0142 niego. Fotograficzne b\u0142\u0119dy gwarantowane! Na dodatek krzes\u0142a porozsuwane w nie\u0142adzie, dziadka, kt\u00f3ry postanowi\u0142 przesi\u0105\u015b\u0107 si\u0119 na kanap\u0119 tu\u017c po deserze. Do tego najbli\u017cszych, kt\u00f3rzy gestykuluj\u0105c opowiadaj\u0105 o ostatnich wakacjach. Trudno nad tym zapanowa\u0107, prawda? Dlatego pami\u0119taj o najwa\u017cniejszej zasadzie w fotografii, czyli <strong>zasadzie z\u0142otego podzia\u0142u<\/strong>. W smartfonie mo\u017cesz w\u0142\u0105czy\u0107 siatk\u0119, kt\u00f3ra pomo\u017ce Ci znale\u017a\u0107 odpowiednie punkty (<em>widzisz j\u0105 na obrazku<\/em>). To w\u0142a\u015bnie w nich powinno znale\u017a\u0107 si\u0119 to, co jest dla Ciebie najwa\u017cniejsze, aby sta\u0142o si\u0119 g\u0142\u00f3wnym motywem wykonanego zdj\u0119cia.<\/p>\n<p><img loading=\"lazy\" decoding=\"async\" class=\"aligncenter wp-image-7173 size-medium\" src=\"https:\/\/www.empikfoto.pl\/blog\/empikfoto\/2017\/04\/Empikfoto-zasada-zlotego-podzialu-300x200.png\" alt=\"\" width=\"300\" height=\"200\" srcset=\"https:\/\/www.empikfoto.pl\/blog\/empikfoto\/2017\/04\/Empikfoto-zasada-zlotego-podzialu-300x200.png 300w, https:\/\/www.empikfoto.pl\/blog\/empikfoto\/2017\/04\/Empikfoto-zasada-zlotego-podzialu-768x512.png 768w, https:\/\/www.empikfoto.pl\/blog\/empikfoto\/2017\/04\/Empikfoto-zasada-zlotego-podzialu-1024x683.png 1024w, https:\/\/www.empikfoto.pl\/blog\/empikfoto\/2017\/04\/Empikfoto-zasada-zlotego-podzialu-330x220.png 330w, https:\/\/www.empikfoto.pl\/blog\/empikfoto\/2017\/04\/Empikfoto-zasada-zlotego-podzialu-400x267.png 400w, https:\/\/www.empikfoto.pl\/blog\/empikfoto\/2017\/04\/Empikfoto-zasada-zlotego-podzialu.png 1200w\" sizes=\"auto, (max-width: 300px) 100vw, 300px\" \/><\/p>\n<p>Pami\u0119taj tak\u017ce, \u017ce gdy wok\u00f3\u0142 Ciebie znajduje si\u0119 mn\u00f3stwo os\u00f3b, <strong>nietrudno o przypadkowe elementy na zdj\u0119ciach<\/strong> \u2013 \u0142okie\u0107, kawa\u0142ek mebla, uciekaj\u0105c\u0105 nog\u0119 itd. Niestety fotografia nie zna na to sposobu, wi\u0119c je\u015bli chcesz z\u0142apa\u0107 naprawd\u0119 fajne momenty, musisz ruszy\u0107 od sto\u0142u i poszuka\u0107 dobrego kadru. Wiemy, \u017ce po \u015bwi\u0105tecznym obiedzie to prawie niemo\u017cliwe, ale my tak\u017ce b\u0119dziemy pr\u00f3bowa\u0107!<\/p>\n<h2>2) Perspektywa ma znaczenie<\/h2>\n<p>Bez wzgl\u0119du na to czy fotografujesz smartfonem, ma\u0142ym aparatem kompaktowym czy profesjonaln\u0105 lustrzank\u0105 \u2013 perspektywa ma ogromne znaczenie. Je\u015bli zbytnio zbli\u017cysz si\u0119 do fotografowanej osoby lub wybranego obiektu \u2013 stan\u0105 si\u0119 nienaturalnie szerokie i p\u0142askie. Je\u015bli jednak sfotografujesz je z daleka \u2013 istnieje ryzyko, \u017ce \u201ezgubi\u0105 si\u0119\u201d w\u015br\u00f3d innych element\u00f3w i przestan\u0105 by\u0107 widoczne. Fotograficzne b\u0142\u0119dy nieuniknione. Dlatego Twoim <strong>najlepszym zoomem b\u0119d\u0105 Twoje nogi<\/strong>.<\/p>\n<p>Najbardziej naturalne portrety powstan\u0105 wtedy, gdy Tw\u00f3j obiektyw znajdzie si\u0119 na linii oczu fotografowanej osoby, wi\u0119c je\u015bli fotografujesz maluchy \u2013<strong> obud\u017a w sobie dziecko i zobacz \u015bwiat z ich perspektywy!\u00a0<\/strong><\/p>\n<h2>3) Rodzina bez g\u0142owy, czyli kadruj z g\u0142ow\u0105<\/h2>\n<p>Wykonane zdj\u0119cia wygl\u0105daj\u0105 \u015bwietnie na mniejszym ekranie, ale gdy ogl\u0105dasz je p\u00f3\u017aniej brakuje im\u2026 \u201eoddechu\u201d? <strong>Zwr\u00f3\u0107 uwag\u0119 na kadrowanie<\/strong>. Je\u015bli chcesz, aby ca\u0142a posta\u0107 zmie\u015bci\u0142a si\u0119 w kadrze, zostaw wok\u00f3\u0142 niej troch\u0119 przestrzeni tak, aby g\u0142owa nie styka\u0142a si\u0119 z kraw\u0119dzi\u0105 zdj\u0119cia. Wykonuj\u0105c portret z bliska mo\u017cesz bezpiecznie kadrowa\u0107 fotografi\u0119 <strong>w po\u0142owie w\u0142os\u00f3w lub czo\u0142a \u2013 nigdy jednak na linii fryzury lub brwi<\/strong>.<\/p>\n<h2>4) Z\u0142ap TEN moment<\/h2>\n<p>Wiesz, jak zachowaj\u0105 si\u0119 maluchy, gdy otrzymaj\u0105 prezenty od wielkanocnego kr\u00f3liczka? Nikt nie zna Twojej rodziny tak dobrze, jak Ty, wi\u0119c z pewno\u015bci\u0105 jeste\u015b w stanie przewidzie\u0107 reakcje swoich najbli\u017cszych. Dlatego obserwuj to, co dzieje si\u0119 przy stole i miej aparat w gotowo\u015bci, aby nie pomin\u0105\u0107 \u017cadnej wa\u017cnej chwili. Henri Cartier Bresson \u2013 jeden z najwi\u0119kszych fotograf\u00f3w w historii nazwa\u0142 to <strong>\u201edecyduj\u0105cym momentem\u201d<\/strong> i to w\u0142a\u015bnie ten musisz uchwyci\u0107.<\/p>\n<h2><img loading=\"lazy\" decoding=\"async\" class=\"aligncenter size-large wp-image-7174\" src=\"https:\/\/blog.empikfoto.pl\/empikfoto\/2017\/04\/Empikfoto-jak-fotografowac-w-swieta-01-1024x683.jpg\" alt=\"\" width=\"1024\" height=\"683\" srcset=\"https:\/\/www.empikfoto.pl\/blog\/empikfoto\/2017\/04\/Empikfoto-jak-fotografowac-w-swieta-01-1024x683.jpg 1024w, https:\/\/www.empikfoto.pl\/blog\/empikfoto\/2017\/04\/Empikfoto-jak-fotografowac-w-swieta-01-300x200.jpg 300w, https:\/\/www.empikfoto.pl\/blog\/empikfoto\/2017\/04\/Empikfoto-jak-fotografowac-w-swieta-01-768x512.jpg 768w, https:\/\/www.empikfoto.pl\/blog\/empikfoto\/2017\/04\/Empikfoto-jak-fotografowac-w-swieta-01-330x220.jpg 330w, https:\/\/www.empikfoto.pl\/blog\/empikfoto\/2017\/04\/Empikfoto-jak-fotografowac-w-swieta-01-400x267.jpg 400w, https:\/\/www.empikfoto.pl\/blog\/empikfoto\/2017\/04\/Empikfoto-jak-fotografowac-w-swieta-01.jpg 1200w\" sizes=\"auto, (max-width: 1024px) 100vw, 1024px\" \/><\/h2>\n<h2><strong>5)\u00a0 Zdj\u0119cia za ciemne, za jasne i w og\u00f3le nie takie<\/strong><\/h2>\n<p>Wi\u0119kszo\u015b\u0107 \u015bwi\u0105tecznych zdj\u0119\u0107 zrobisz przy tzw. <strong>\u015bwietle naturalnym<\/strong>, czyli tym, kt\u00f3re wpada przez okno. Jednak znasz z pewno\u015bci\u0105 powiedzenie, \u017ce \u201e<em>kwiecie\u0144 plecie\u0144 poprzeplata\u2026<\/em>\u201d, prawda? Wiosenna pogoda uwielbia by\u0107 zmienna, dlatego obserwuj s\u0142o\u0144ce.<\/p>\n<p>Najlepsze zdj\u0119cia wykonasz przy tzw. <strong>\u015bwietle rozproszonym<\/strong>, czyli wtedy, gdy za oknem jest jasno, ale s\u0142o\u0144ce jest nieco zachmurzone. Wtedy w\u0142a\u015bnie powstaj\u0105 mi\u0119kkie cienie, a Twoje zdj\u0119cia b\u0119d\u0105 plastyczne. Nieco trudniej jest, gdy za oknem \u015bwieci ostre s\u0142o\u0144ce, kt\u00f3re rzuca kr\u00f3tkie, ale bardzo wyra\u017ane cienie \u2013 te jednak mo\u017cesz kreatywnie wykorzysta\u0107. Dobrze, je\u015bli s\u0142o\u0144ce o\u015bwietla fotografowane twarze nieco z boku. \u015awiec\u0105c na wprost mo\u017ce sprawi\u0107, \u017ce portret stanie si\u0119 p\u0142aski, za\u015b o\u015bwietlaj\u0105c osoby z ty\u0142u stworzy wok\u00f3\u0142 nich jasny kontur, a pierwszy plan b\u0119dzie znacznie ciemniejszy.<\/p>\n<h2>6) Najcz\u0119stsze fotograficzne b\u0142\u0119dy &#8211; zdj\u0119cie z fleszem<\/h2>\n<p>Je\u015bli tylko pozwol\u0105 Ci na to warunki, <strong>wy\u0142\u0105cz flesz<\/strong> i zapomnij, \u017ce Tw\u00f3j aparat w og\u00f3le go posiada. Lampa b\u0142yskowa \u2013 szczeg\u00f3lnie ta ma\u0142a, wbudowana w aparat lub Tw\u00f3j smartfon, do\u015bwietla jedynie pierwszy plan tworz\u0105c p\u0142aski obraz oraz rzucaj\u0105c du\u017ce cienie w tle.<\/p>\n<h2>7) Uwa\u017caj na palce<\/h2>\n<p>Je\u015bli jednak musisz skorzysta\u0107 z flesza \u2013 uwa\u017caj na palce. W og\u00f3lnym rozgardiaszu, gdy chcesz szybko wykona\u0107 zdj\u0119cie mo\u017ce zdarzy\u0107 si\u0119, \u017ce Tw\u00f3j palec zas\u0142oni cz\u0119\u015b\u0107 lampy b\u0142yskowej. Wtedy uda si\u0119 do\u015bwietli\u0107 jedynie po\u0142ow\u0119 zdj\u0119cia, a druga po\u0142owa pozostanie ciemna. Efekt ciekawy, ale chyba nie na \u015bwi\u0105tecznych zdj\u0119ciach. \ud83d\ude09<\/p>\n<h2>8) Wiosenne niebo<\/h2>\n<p>\u015awi\u0119ta to w ko\u0144cu tak\u017ce rodzinne spacery! Je\u015bli tylko pogoda do tego zach\u0119ci, z pewno\u015bci\u0105 ruszycie na zewn\u0105trz, by spali\u0107 kilka kalorii. No w\u0142a\u015bnie. Je\u015bli pogoda\u2026 Bezchmurne i jasne niebo mo\u017ce zamieni\u0107 si\u0119 w bia\u0142\u0105 plam\u0119 na zdj\u0119ciu, wi\u0119c je\u015bli na spacerow\u0105 por\u0119 wybrali\u015bcie po\u0142udnie \u2013 <strong>poszukaj nieco zacienionych miejsc<\/strong> i staraj si\u0119 kadrowa\u0107 tak, aby t\u0142a nie stanowi\u0142 tylko b\u0142\u0119kit.<\/p>\n<p><img loading=\"lazy\" decoding=\"async\" class=\"aligncenter size-large wp-image-7175\" src=\"https:\/\/blog.empikfoto.pl\/empikfoto\/2017\/04\/Empikfoto-jak-fotografowac-w-swieta-02-1024x683.jpg\" alt=\"\" width=\"1024\" height=\"683\" srcset=\"https:\/\/www.empikfoto.pl\/blog\/empikfoto\/2017\/04\/Empikfoto-jak-fotografowac-w-swieta-02-1024x683.jpg 1024w, https:\/\/www.empikfoto.pl\/blog\/empikfoto\/2017\/04\/Empikfoto-jak-fotografowac-w-swieta-02-300x200.jpg 300w, https:\/\/www.empikfoto.pl\/blog\/empikfoto\/2017\/04\/Empikfoto-jak-fotografowac-w-swieta-02-768x512.jpg 768w, https:\/\/www.empikfoto.pl\/blog\/empikfoto\/2017\/04\/Empikfoto-jak-fotografowac-w-swieta-02-330x220.jpg 330w, https:\/\/www.empikfoto.pl\/blog\/empikfoto\/2017\/04\/Empikfoto-jak-fotografowac-w-swieta-02-400x267.jpg 400w, https:\/\/www.empikfoto.pl\/blog\/empikfoto\/2017\/04\/Empikfoto-jak-fotografowac-w-swieta-02.jpg 1200w\" sizes=\"auto, (max-width: 1024px) 100vw, 1024px\" \/><\/p>\n<h2>9) Co tak naprawd\u0119 chcesz zapami\u0119ta\u0107?<\/h2>\n<p>Mn\u00f3stwo pyszno\u015bci na stole i \u015bwi\u0105teczne dekoracje kusz\u0105 wiosennymi, pastelowymi kolorami. Bardzo \u0142atwo ulec pokusie, by kreatywnie zabawi\u0107 si\u0119 fotografi\u0105 i skupi\u0107 na zbli\u017ceniach, zdj\u0119ciach makro, ma\u0142ej g\u0142\u0119bi ostro\u015bci lub bokeh\u2019u. To \u015bwietny pomys\u0142! Pami\u0119taj jednak tak\u017ce o tym, by robi\u0107 jak najwi\u0119cej zdj\u0119\u0107, gdzie <strong>to Wy jeste\u015bcie najwa\u017cniejsi<\/strong>. To do nich wr\u00f3cisz w przysz\u0142o\u015bci z najwi\u0119ksz\u0105 przyjemno\u015bci\u0105!<\/p>\n<p>Podczas \u015awi\u0105t \u017cyczymy Wam mn\u00f3stwa decyduj\u0105cych moment\u00f3w, kt\u00f3re uda Wam si\u0119 z\u0142apa\u0107 i zachowa\u0107 na zawsze! I oczywi\u015bcie czekamy na Wasze najlepsze zdj\u0119cia w komentarzach i naszym<a href=\"https:\/\/www.facebook.com\/empikfotopl\"><strong> facebook\u2019u<\/strong><\/a>!<\/p>\n","protected":false},"excerpt":{"rendered":"<p>\u015awi\u0119ta to doskona\u0142a okazja, by zrobi\u0107 mn\u00f3stwo zdj\u0119\u0107, do kt\u00f3rych potem z ch\u0119ci\u0105 b\u0119dziecie powraca\u0107. Ale og\u00f3lny rozgardiasz panuj\u0105cy przy stole, wok\u00f3\u0142 kt\u00f3rego zbior\u0105 si\u0119 wszyscy Wasi najbli\u017csi mo\u017ce spowodowa\u0107, \u017ce Wasze fotografie nie do ko\u0144ca Was zadowol\u0105. Fotograficzne b\u0142\u0119dy dla nieprofesjonalnego fotografa s\u0105 cz\u0119ste. Nie przejmujcie si\u0119 jednak tym. Sprawd\u017acie 9 najpopularniejszych b\u0142\u0119d\u00f3w, kt\u00f3re mo\u017cecie pope\u0142ni\u0107 i dowiedzcie si\u0119 jak ich unikn\u0105\u0107!<\/p>\n","protected":false},"author":16,"featured_media":7176,"comment_status":"closed","ping_status":"closed","sticky":false,"template":"","format":"standard","meta":{"footnotes":""},"categories":[783],"tags":[],"class_list":["post-7151","post","type-post","status-publish","format-standard","has-post-thumbnail","hentry","category-poradniki"],"yoast_head":"<!-- This site is optimized with the Yoast SEO plugin v27.5 - https:\/\/yoast.com\/product\/yoast-seo-wordpress\/ -->\n<title>Fotograficzne b\u0142\u0119dy podczas \u015awi\u0105t i jak ich unikn\u0105\u0107 | Empik Foto<\/title>\n<meta name=\"description\" content=\"Fotograficzne b\u0142\u0119dy - jak ich unikn\u0105\u0107? Sprawd\u017a nasz przydatny poradnik i tw\u00f3rz doskona\u0142e zdj\u0119cia! Wystarczy, \u017ce zastosujesz si\u0119 do poradnika.\" \/>\n<meta name=\"robots\" content=\"index, follow, max-snippet:-1, max-image-preview:large, max-video-preview:-1\" \/>\n<link rel=\"canonical\" href=\"https:\/\/www.empikfoto.pl\/blog\/fotograficzne-bledy-podczas-swiat-i-jak-ich-uniknac\/\" \/>\n<meta property=\"og:locale\" content=\"pl_PL\" \/>\n<meta property=\"og:type\" content=\"article\" \/>\n<meta property=\"og:title\" content=\"Fotograficzne b\u0142\u0119dy podczas \u015awi\u0105t i jak ich unikn\u0105\u0107 | Empik Foto\" \/>\n<meta property=\"og:description\" content=\"Fotograficzne b\u0142\u0119dy - jak ich unikn\u0105\u0107? Sprawd\u017a nasz przydatny poradnik i tw\u00f3rz doskona\u0142e zdj\u0119cia! Wystarczy, \u017ce zastosujesz si\u0119 do poradnika.\" \/>\n<meta property=\"og:url\" content=\"https:\/\/www.empikfoto.pl\/blog\/fotograficzne-bledy-podczas-swiat-i-jak-ich-uniknac\/\" \/>\n<meta property=\"og:site_name\" content=\"blog.empikfoto.pl\" \/>\n<meta property=\"article:publisher\" content=\"https:\/\/www.facebook.com\/empikfotopl\/\" \/>\n<meta property=\"article:published_time\" content=\"2017-04-13T09:49:58+00:00\" \/>\n<meta property=\"article:modified_time\" content=\"2023-07-13T13:36:28+00:00\" \/>\n<meta property=\"og:image\" content=\"https:\/\/www.empikfoto.pl\/blog\/empikfoto\/2017\/04\/Empikfoto-jak-fotografowac-w-swieta-03.jpg\" \/>\n\t<meta property=\"og:image:width\" content=\"1200\" \/>\n\t<meta property=\"og:image:height\" content=\"800\" \/>\n\t<meta property=\"og:image:type\" content=\"image\/jpeg\" \/>\n<meta name=\"author\" content=\"Patrycja\" \/>\n<meta name=\"twitter:card\" content=\"summary_large_image\" \/>\n<meta name=\"twitter:creator\" content=\"@empikfoto\" \/>\n<meta name=\"twitter:site\" content=\"@empikfoto\" \/>\n<meta name=\"twitter:label1\" content=\"Napisane przez\" \/>\n\t<meta name=\"twitter:data1\" content=\"Patrycja\" \/>\n\t<meta name=\"twitter:label2\" content=\"Szacowany czas czytania\" \/>\n\t<meta name=\"twitter:data2\" content=\"6 minut\" \/>\n<script type=\"application\/ld+json\" class=\"yoast-schema-graph\">{\"@context\":\"https:\\\/\\\/schema.org\",\"@graph\":[{\"@type\":\"Article\",\"@id\":\"https:\\\/\\\/www.empikfoto.pl\\\/blog\\\/fotograficzne-bledy-podczas-swiat-i-jak-ich-uniknac\\\/#article\",\"isPartOf\":{\"@id\":\"https:\\\/\\\/www.empikfoto.pl\\\/blog\\\/fotograficzne-bledy-podczas-swiat-i-jak-ich-uniknac\\\/\"},\"author\":{\"name\":\"Patrycja\",\"@id\":\"https:\\\/\\\/www.empikfoto.pl\\\/blog\\\/#\\\/schema\\\/person\\\/0313802ca5dac502e3266853c59632c0\"},\"headline\":\"Fotograficzne b\u0142\u0119dy podczas \u015awi\u0105t i jak ich unikn\u0105\u0107\",\"datePublished\":\"2017-04-13T09:49:58+00:00\",\"dateModified\":\"2023-07-13T13:36:28+00:00\",\"mainEntityOfPage\":{\"@id\":\"https:\\\/\\\/www.empikfoto.pl\\\/blog\\\/fotograficzne-bledy-podczas-swiat-i-jak-ich-uniknac\\\/\"},\"wordCount\":1060,\"image\":{\"@id\":\"https:\\\/\\\/www.empikfoto.pl\\\/blog\\\/fotograficzne-bledy-podczas-swiat-i-jak-ich-uniknac\\\/#primaryimage\"},\"thumbnailUrl\":\"https:\\\/\\\/www.empikfoto.pl\\\/blog\\\/empikfoto\\\/2017\\\/04\\\/Empikfoto-jak-fotografowac-w-swieta-03.jpg\",\"articleSection\":[\"PORADNIKI\"],\"inLanguage\":\"pl-PL\"},{\"@type\":\"WebPage\",\"@id\":\"https:\\\/\\\/www.empikfoto.pl\\\/blog\\\/fotograficzne-bledy-podczas-swiat-i-jak-ich-uniknac\\\/\",\"url\":\"https:\\\/\\\/www.empikfoto.pl\\\/blog\\\/fotograficzne-bledy-podczas-swiat-i-jak-ich-uniknac\\\/\",\"name\":\"Fotograficzne b\u0142\u0119dy podczas \u015awi\u0105t i jak ich unikn\u0105\u0107 | Empik Foto\",\"isPartOf\":{\"@id\":\"https:\\\/\\\/www.empikfoto.pl\\\/blog\\\/#website\"},\"primaryImageOfPage\":{\"@id\":\"https:\\\/\\\/www.empikfoto.pl\\\/blog\\\/fotograficzne-bledy-podczas-swiat-i-jak-ich-uniknac\\\/#primaryimage\"},\"image\":{\"@id\":\"https:\\\/\\\/www.empikfoto.pl\\\/blog\\\/fotograficzne-bledy-podczas-swiat-i-jak-ich-uniknac\\\/#primaryimage\"},\"thumbnailUrl\":\"https:\\\/\\\/www.empikfoto.pl\\\/blog\\\/empikfoto\\\/2017\\\/04\\\/Empikfoto-jak-fotografowac-w-swieta-03.jpg\",\"datePublished\":\"2017-04-13T09:49:58+00:00\",\"dateModified\":\"2023-07-13T13:36:28+00:00\",\"author\":{\"@id\":\"https:\\\/\\\/www.empikfoto.pl\\\/blog\\\/#\\\/schema\\\/person\\\/0313802ca5dac502e3266853c59632c0\"},\"description\":\"Fotograficzne b\u0142\u0119dy - jak ich unikn\u0105\u0107? Sprawd\u017a nasz przydatny poradnik i tw\u00f3rz doskona\u0142e zdj\u0119cia! Wystarczy, \u017ce zastosujesz si\u0119 do poradnika.\",\"breadcrumb\":{\"@id\":\"https:\\\/\\\/www.empikfoto.pl\\\/blog\\\/fotograficzne-bledy-podczas-swiat-i-jak-ich-uniknac\\\/#breadcrumb\"},\"inLanguage\":\"pl-PL\",\"potentialAction\":[{\"@type\":\"ReadAction\",\"target\":[\"https:\\\/\\\/www.empikfoto.pl\\\/blog\\\/fotograficzne-bledy-podczas-swiat-i-jak-ich-uniknac\\\/\"]}]},{\"@type\":\"ImageObject\",\"inLanguage\":\"pl-PL\",\"@id\":\"https:\\\/\\\/www.empikfoto.pl\\\/blog\\\/fotograficzne-bledy-podczas-swiat-i-jak-ich-uniknac\\\/#primaryimage\",\"url\":\"https:\\\/\\\/www.empikfoto.pl\\\/blog\\\/empikfoto\\\/2017\\\/04\\\/Empikfoto-jak-fotografowac-w-swieta-03.jpg\",\"contentUrl\":\"https:\\\/\\\/www.empikfoto.pl\\\/blog\\\/empikfoto\\\/2017\\\/04\\\/Empikfoto-jak-fotografowac-w-swieta-03.jpg\",\"width\":1200,\"height\":800},{\"@type\":\"BreadcrumbList\",\"@id\":\"https:\\\/\\\/www.empikfoto.pl\\\/blog\\\/fotograficzne-bledy-podczas-swiat-i-jak-ich-uniknac\\\/#breadcrumb\",\"itemListElement\":[{\"@type\":\"ListItem\",\"position\":1,\"name\":\"Strona g\u0142\u00f3wna\",\"item\":\"https:\\\/\\\/www.empikfoto.pl\\\/blog\\\/\"},{\"@type\":\"ListItem\",\"position\":2,\"name\":\"Fotograficzne b\u0142\u0119dy podczas \u015awi\u0105t i jak ich unikn\u0105\u0107\"}]},{\"@type\":\"WebSite\",\"@id\":\"https:\\\/\\\/www.empikfoto.pl\\\/blog\\\/#website\",\"url\":\"https:\\\/\\\/www.empikfoto.pl\\\/blog\\\/\",\"name\":\"blog.empikfoto.pl\",\"description\":\"Poznaj empikfoto.pl od \u015brodka! Dowiedz si\u0119 wi\u0119cej o odbitkach, fotoksi\u0105\u017ckach i fotografii.\",\"potentialAction\":[{\"@type\":\"SearchAction\",\"target\":{\"@type\":\"EntryPoint\",\"urlTemplate\":\"https:\\\/\\\/www.empikfoto.pl\\\/blog\\\/?s={search_term_string}\"},\"query-input\":{\"@type\":\"PropertyValueSpecification\",\"valueRequired\":true,\"valueName\":\"search_term_string\"}}],\"inLanguage\":\"pl-PL\"},{\"@type\":\"Person\",\"@id\":\"https:\\\/\\\/www.empikfoto.pl\\\/blog\\\/#\\\/schema\\\/person\\\/0313802ca5dac502e3266853c59632c0\",\"name\":\"Patrycja\",\"image\":{\"@type\":\"ImageObject\",\"inLanguage\":\"pl-PL\",\"@id\":\"https:\\\/\\\/secure.gravatar.com\\\/avatar\\\/f25168e12215ad42f58e5fb72881daaeb57bd4f907081046016f64bf167db59f?s=96&d=identicon&r=g\",\"url\":\"https:\\\/\\\/secure.gravatar.com\\\/avatar\\\/f25168e12215ad42f58e5fb72881daaeb57bd4f907081046016f64bf167db59f?s=96&d=identicon&r=g\",\"contentUrl\":\"https:\\\/\\\/secure.gravatar.com\\\/avatar\\\/f25168e12215ad42f58e5fb72881daaeb57bd4f907081046016f64bf167db59f?s=96&d=identicon&r=g\",\"caption\":\"Patrycja\"},\"url\":\"https:\\\/\\\/www.empikfoto.pl\\\/blog\\\/author\\\/patrycja\\\/\"}]}<\/script>\n<!-- \/ Yoast SEO plugin. -->","yoast_head_json":{"title":"Fotograficzne b\u0142\u0119dy podczas \u015awi\u0105t i jak ich unikn\u0105\u0107 | Empik Foto","description":"Fotograficzne b\u0142\u0119dy - jak ich unikn\u0105\u0107? Sprawd\u017a nasz przydatny poradnik i tw\u00f3rz doskona\u0142e zdj\u0119cia! Wystarczy, \u017ce zastosujesz si\u0119 do poradnika.","robots":{"index":"index","follow":"follow","max-snippet":"max-snippet:-1","max-image-preview":"max-image-preview:large","max-video-preview":"max-video-preview:-1"},"canonical":"https:\/\/www.empikfoto.pl\/blog\/fotograficzne-bledy-podczas-swiat-i-jak-ich-uniknac\/","og_locale":"pl_PL","og_type":"article","og_title":"Fotograficzne b\u0142\u0119dy podczas \u015awi\u0105t i jak ich unikn\u0105\u0107 | Empik Foto","og_description":"Fotograficzne b\u0142\u0119dy - jak ich unikn\u0105\u0107? Sprawd\u017a nasz przydatny poradnik i tw\u00f3rz doskona\u0142e zdj\u0119cia! Wystarczy, \u017ce zastosujesz si\u0119 do poradnika.","og_url":"https:\/\/www.empikfoto.pl\/blog\/fotograficzne-bledy-podczas-swiat-i-jak-ich-uniknac\/","og_site_name":"blog.empikfoto.pl","article_publisher":"https:\/\/www.facebook.com\/empikfotopl\/","article_published_time":"2017-04-13T09:49:58+00:00","article_modified_time":"2023-07-13T13:36:28+00:00","og_image":[{"width":1200,"height":800,"url":"https:\/\/www.empikfoto.pl\/blog\/empikfoto\/2017\/04\/Empikfoto-jak-fotografowac-w-swieta-03.jpg","type":"image\/jpeg"}],"author":"Patrycja","twitter_card":"summary_large_image","twitter_creator":"@empikfoto","twitter_site":"@empikfoto","twitter_misc":{"Napisane przez":"Patrycja","Szacowany czas czytania":"6 minut"},"schema":{"@context":"https:\/\/schema.org","@graph":[{"@type":"Article","@id":"https:\/\/www.empikfoto.pl\/blog\/fotograficzne-bledy-podczas-swiat-i-jak-ich-uniknac\/#article","isPartOf":{"@id":"https:\/\/www.empikfoto.pl\/blog\/fotograficzne-bledy-podczas-swiat-i-jak-ich-uniknac\/"},"author":{"name":"Patrycja","@id":"https:\/\/www.empikfoto.pl\/blog\/#\/schema\/person\/0313802ca5dac502e3266853c59632c0"},"headline":"Fotograficzne b\u0142\u0119dy podczas \u015awi\u0105t i jak ich unikn\u0105\u0107","datePublished":"2017-04-13T09:49:58+00:00","dateModified":"2023-07-13T13:36:28+00:00","mainEntityOfPage":{"@id":"https:\/\/www.empikfoto.pl\/blog\/fotograficzne-bledy-podczas-swiat-i-jak-ich-uniknac\/"},"wordCount":1060,"image":{"@id":"https:\/\/www.empikfoto.pl\/blog\/fotograficzne-bledy-podczas-swiat-i-jak-ich-uniknac\/#primaryimage"},"thumbnailUrl":"https:\/\/www.empikfoto.pl\/blog\/empikfoto\/2017\/04\/Empikfoto-jak-fotografowac-w-swieta-03.jpg","articleSection":["PORADNIKI"],"inLanguage":"pl-PL"},{"@type":"WebPage","@id":"https:\/\/www.empikfoto.pl\/blog\/fotograficzne-bledy-podczas-swiat-i-jak-ich-uniknac\/","url":"https:\/\/www.empikfoto.pl\/blog\/fotograficzne-bledy-podczas-swiat-i-jak-ich-uniknac\/","name":"Fotograficzne b\u0142\u0119dy podczas \u015awi\u0105t i jak ich unikn\u0105\u0107 | Empik Foto","isPartOf":{"@id":"https:\/\/www.empikfoto.pl\/blog\/#website"},"primaryImageOfPage":{"@id":"https:\/\/www.empikfoto.pl\/blog\/fotograficzne-bledy-podczas-swiat-i-jak-ich-uniknac\/#primaryimage"},"image":{"@id":"https:\/\/www.empikfoto.pl\/blog\/fotograficzne-bledy-podczas-swiat-i-jak-ich-uniknac\/#primaryimage"},"thumbnailUrl":"https:\/\/www.empikfoto.pl\/blog\/empikfoto\/2017\/04\/Empikfoto-jak-fotografowac-w-swieta-03.jpg","datePublished":"2017-04-13T09:49:58+00:00","dateModified":"2023-07-13T13:36:28+00:00","author":{"@id":"https:\/\/www.empikfoto.pl\/blog\/#\/schema\/person\/0313802ca5dac502e3266853c59632c0"},"description":"Fotograficzne b\u0142\u0119dy - jak ich unikn\u0105\u0107? Sprawd\u017a nasz przydatny poradnik i tw\u00f3rz doskona\u0142e zdj\u0119cia! Wystarczy, \u017ce zastosujesz si\u0119 do poradnika.","breadcrumb":{"@id":"https:\/\/www.empikfoto.pl\/blog\/fotograficzne-bledy-podczas-swiat-i-jak-ich-uniknac\/#breadcrumb"},"inLanguage":"pl-PL","potentialAction":[{"@type":"ReadAction","target":["https:\/\/www.empikfoto.pl\/blog\/fotograficzne-bledy-podczas-swiat-i-jak-ich-uniknac\/"]}]},{"@type":"ImageObject","inLanguage":"pl-PL","@id":"https:\/\/www.empikfoto.pl\/blog\/fotograficzne-bledy-podczas-swiat-i-jak-ich-uniknac\/#primaryimage","url":"https:\/\/www.empikfoto.pl\/blog\/empikfoto\/2017\/04\/Empikfoto-jak-fotografowac-w-swieta-03.jpg","contentUrl":"https:\/\/www.empikfoto.pl\/blog\/empikfoto\/2017\/04\/Empikfoto-jak-fotografowac-w-swieta-03.jpg","width":1200,"height":800},{"@type":"BreadcrumbList","@id":"https:\/\/www.empikfoto.pl\/blog\/fotograficzne-bledy-podczas-swiat-i-jak-ich-uniknac\/#breadcrumb","itemListElement":[{"@type":"ListItem","position":1,"name":"Strona g\u0142\u00f3wna","item":"https:\/\/www.empikfoto.pl\/blog\/"},{"@type":"ListItem","position":2,"name":"Fotograficzne b\u0142\u0119dy podczas \u015awi\u0105t i jak ich unikn\u0105\u0107"}]},{"@type":"WebSite","@id":"https:\/\/www.empikfoto.pl\/blog\/#website","url":"https:\/\/www.empikfoto.pl\/blog\/","name":"blog.empikfoto.pl","description":"Poznaj empikfoto.pl od \u015brodka! Dowiedz si\u0119 wi\u0119cej o odbitkach, fotoksi\u0105\u017ckach i fotografii.","potentialAction":[{"@type":"SearchAction","target":{"@type":"EntryPoint","urlTemplate":"https:\/\/www.empikfoto.pl\/blog\/?s={search_term_string}"},"query-input":{"@type":"PropertyValueSpecification","valueRequired":true,"valueName":"search_term_string"}}],"inLanguage":"pl-PL"},{"@type":"Person","@id":"https:\/\/www.empikfoto.pl\/blog\/#\/schema\/person\/0313802ca5dac502e3266853c59632c0","name":"Patrycja","image":{"@type":"ImageObject","inLanguage":"pl-PL","@id":"https:\/\/secure.gravatar.com\/avatar\/f25168e12215ad42f58e5fb72881daaeb57bd4f907081046016f64bf167db59f?s=96&d=identicon&r=g","url":"https:\/\/secure.gravatar.com\/avatar\/f25168e12215ad42f58e5fb72881daaeb57bd4f907081046016f64bf167db59f?s=96&d=identicon&r=g","contentUrl":"https:\/\/secure.gravatar.com\/avatar\/f25168e12215ad42f58e5fb72881daaeb57bd4f907081046016f64bf167db59f?s=96&d=identicon&r=g","caption":"Patrycja"},"url":"https:\/\/www.empikfoto.pl\/blog\/author\/patrycja\/"}]}},"amp_enabled":true,"_links":{"self":[{"href":"https:\/\/www.empikfoto.pl\/blog\/wp-json\/wp\/v2\/posts\/7151","targetHints":{"allow":["GET"]}}],"collection":[{"href":"https:\/\/www.empikfoto.pl\/blog\/wp-json\/wp\/v2\/posts"}],"about":[{"href":"https:\/\/www.empikfoto.pl\/blog\/wp-json\/wp\/v2\/types\/post"}],"author":[{"embeddable":true,"href":"https:\/\/www.empikfoto.pl\/blog\/wp-json\/wp\/v2\/users\/16"}],"replies":[{"embeddable":true,"href":"https:\/\/www.empikfoto.pl\/blog\/wp-json\/wp\/v2\/comments?post=7151"}],"version-history":[{"count":8,"href":"https:\/\/www.empikfoto.pl\/blog\/wp-json\/wp\/v2\/posts\/7151\/revisions"}],"predecessor-version":[{"id":12349,"href":"https:\/\/www.empikfoto.pl\/blog\/wp-json\/wp\/v2\/posts\/7151\/revisions\/12349"}],"wp:featuredmedia":[{"embeddable":true,"href":"https:\/\/www.empikfoto.pl\/blog\/wp-json\/wp\/v2\/media\/7176"}],"wp:attachment":[{"href":"https:\/\/www.empikfoto.pl\/blog\/wp-json\/wp\/v2\/media?parent=7151"}],"wp:term":[{"taxonomy":"category","embeddable":true,"href":"https:\/\/www.empikfoto.pl\/blog\/wp-json\/wp\/v2\/categories?post=7151"},{"taxonomy":"post_tag","embeddable":true,"href":"https:\/\/www.empikfoto.pl\/blog\/wp-json\/wp\/v2\/tags?post=7151"}],"curies":[{"name":"wp","href":"https:\/\/api.w.org\/{rel}","templated":true}]}}