{"id":7246,"date":"2017-04-28T15:33:47","date_gmt":"2017-04-28T13:33:47","guid":{"rendered":"http:\/\/blog.empikfoto.pl\/?p=7246"},"modified":"2023-08-21T12:28:46","modified_gmt":"2023-08-21T10:28:46","slug":"jak-zaprojektowac-fotoksiazke-online","status":"publish","type":"post","link":"https:\/\/www.empikfoto.pl\/blog\/jak-zaprojektowac-fotoksiazke-online\/","title":{"rendered":"Jak zaprojektowa\u0107 fotoksi\u0105\u017ck\u0119 online?"},"content":{"rendered":"<h3><strong>Zastanawiasz si\u0119 jak stworzy\u0107 fotoksi\u0105\u017ck\u0119 online? Przygotowali\u015bmy dla Ciebie specjalny poradnik, kt\u00f3ry pomo\u017ce Ci przygotowa\u0107 wymarzon\u0105 pami\u0105tk\u0119 pe\u0142n\u0105 Twoich najlepszych wspomnie\u0144. Zobacz, co musisz wiedzie\u0107, by stworzy\u0107 swoj\u0105 fotoksi\u0105\u017ck\u0119 ju\u017c w 3 minuty lub przygotowa\u0107 w\u0142asny projekt od podstaw!<\/strong><\/h3>\n<p><!--more--><\/p>\n<p>Fotoksi\u0105\u017cka to \u015bwietny spos\u00f3b, by zachowa\u0107 najpi\u0119kniejsze chwile na d\u0142u\u017cej. To co\u015b wi\u0119cej ni\u017c klasyczny fotoalbum, bowiem masz pe\u0142n\u0105 dowolno\u015b\u0107 podczas projektowania jego wygl\u0105du. Mo\u017cesz dodawa\u0107 najr\u00f3\u017cniejsze uk\u0142ady zdj\u0119\u0107, w\u0142asne podpisy, obrazki oraz t\u0142a, by Tw\u00f3j projekt sta\u0142 si\u0119 histori\u0105 stworzon\u0105 z Twoich wspomnie\u0144. Zobacz, jak to zrobi\u0107!<\/p>\n<h3 style=\"text-align: left;\">Najr\u00f3\u017cniejsze formaty i szablony fotoksi\u0105\u017cek oraz nasz edytor online znajdziesz tutaj:<br \/>\n<a href=\"http:\/\/empikfoto.pl\/fotoksiazki\">empikfoto.pl\/fotoksiazki<\/a><\/h3>\n<h2>1. Wybierz 1 z ponad 130 szablon\u00f3w fotoksi\u0105\u017cki<\/h2>\n<p>Wybierz jeden z ponad 130 gotowych szablon\u00f3w zaprojektowanych na najr\u00f3\u017cniejsze okazje. Motywy zosta\u0142y podzielone wg. 8 kategorii tematycznych (kliknij jedn\u0105 z nich, aby zobaczy\u0107 dost\u0119pne):<\/p>\n<ul>\n<li><strong><a href=\"http:\/\/www.empikfoto.pl\/fotoksiazki\/tematy\/szkola\">Szko\u0142a<\/a><\/strong><\/li>\n<li><strong><a href=\"http:\/\/www.empikfoto.pl\/fotoksiazki\/tematy\/wakacje\">Wakacje<\/a><\/strong><\/li>\n<li><strong><a href=\"http:\/\/www.empikfoto.pl\/fotoksiazki\/tematy\/rodzina\">Rodzina<\/a><\/strong><\/li>\n<li><strong><a href=\"http:\/\/www.empikfoto.pl\/fotoksiazki\/tematy\/slub\">\u015alub<\/a><\/strong><\/li>\n<li><strong><a href=\"http:\/\/www.empikfoto.pl\/fotoksiazki\/tematy\/dziecko\">Dziecko<\/a><\/strong><\/li>\n<li><strong><a href=\"http:\/\/www.empikfoto.pl\/fotoksiazki\/tematy\/nowoczesne\">Nowoczesne<\/a><\/strong><\/li>\n<li><strong><a href=\"http:\/\/www.empikfoto.pl\/fotoksiazki\/tematy\/komunia\">Komunia i Chrzest<\/a><\/strong><\/li>\n<li><strong><a href=\"http:\/\/www.empikfoto.pl\/fotoksiazki\/tematy\/niemowle\">Niemowl\u0119<\/a><\/strong><\/li>\n<\/ul>\n<p>W ka\u017cdej z kategorii znajdziesz szablony dopasowane do tematycznie do charakteru Twoich zdj\u0119\u0107. W ka\u017cdym z nich znajduj\u0105 si\u0119 tak\u017ce odpowiednie t\u0142a, kliparty, elementy ozdobne oraz ramki tekstowe, aby Tw\u00f3j projekt m\u00f3g\u0142 zosta\u0107 w 100% spersonalizowany.<\/p>\n<p>Szablony fotoksi\u0105\u017cek mo\u017cesz tak\u017ce przegl\u0105da\u0107 wg. kategorii <strong><a href=\"http:\/\/www.empikfoto.pl\/fotoksiazki\/tematy?nowosci&amp;format=20x30\">Nowo\u015bci <\/a><\/strong>i <strong><a href=\"http:\/\/www.empikfoto.pl\/fotoksiazki\/tematy?bestsellery&amp;format=20x30\">Bestsellery<\/a><\/strong> lub zobaczy\u0107 <strong><a href=\"http:\/\/www.empikfoto.pl\/fotoksiazki\/tematy?format=20x30\">Wszystkie<\/a><\/strong>.<\/p>\n<h2><a href=\"http:\/\/www.empikfoto.pl\/fotoksiazki\/tematy?bestsellery&amp;format=20x30\"><img loading=\"lazy\" decoding=\"async\" class=\"aligncenter size-full wp-image-7254\" src=\"https:\/\/blog.empikfoto.pl\/empikfoto\/2017\/04\/Empikfoto-jak-stworzyc-fotoksiazke-002.jpg\" alt=\"\" width=\"1200\" height=\"832\" srcset=\"https:\/\/www.empikfoto.pl\/blog\/empikfoto\/2017\/04\/Empikfoto-jak-stworzyc-fotoksiazke-002.jpg 1200w, https:\/\/www.empikfoto.pl\/blog\/empikfoto\/2017\/04\/Empikfoto-jak-stworzyc-fotoksiazke-002-300x208.jpg 300w, https:\/\/www.empikfoto.pl\/blog\/empikfoto\/2017\/04\/Empikfoto-jak-stworzyc-fotoksiazke-002-768x532.jpg 768w, https:\/\/www.empikfoto.pl\/blog\/empikfoto\/2017\/04\/Empikfoto-jak-stworzyc-fotoksiazke-002-1024x710.jpg 1024w, https:\/\/www.empikfoto.pl\/blog\/empikfoto\/2017\/04\/Empikfoto-jak-stworzyc-fotoksiazke-002-400x277.jpg 400w\" sizes=\"auto, (max-width: 1200px) 100vw, 1200px\" \/><\/a>2. Stw\u00f3rz w\u0142asny szablon od podstaw<\/h2>\n<p>Je\u015bli nie chcesz korzysta\u0107 z gotowych szablon\u00f3w, mo\u017cesz tak\u017ce stworzy\u0107 sw\u00f3j projekt zupe\u0142nie od podstaw. Wybieraj\u0105c t\u0119 opcj\u0119 b\u0119dziesz mie\u0107 okazj\u0119 zaprojektowa\u0107 swoj\u0105 fotoksi\u0105\u017ck\u0119 od samego pocz\u0105tku korzystaj\u0105c z dost\u0119pnych te\u0142, klipart\u00f3w i ramek.<\/p>\n<p>Wystarczy, \u017ce klikniesz <strong><a href=\"http:\/\/www.empikfoto.pl\/fotoksiazka,pusty-szablon\">TUTAJ<\/a>.<\/strong><\/p>\n<p><a href=\"http:\/\/www.empikfoto.pl\/fotoksiazka,pusty-szablon\"><img loading=\"lazy\" decoding=\"async\" class=\"aligncenter size-full wp-image-7269\" src=\"https:\/\/blog.empikfoto.pl\/empikfoto\/2017\/04\/Empikfoto-jak-stworzyc-fotoksiazke-002a.jpg\" alt=\"\" width=\"1200\" height=\"675\" srcset=\"https:\/\/www.empikfoto.pl\/blog\/empikfoto\/2017\/04\/Empikfoto-jak-stworzyc-fotoksiazke-002a.jpg 1200w, https:\/\/www.empikfoto.pl\/blog\/empikfoto\/2017\/04\/Empikfoto-jak-stworzyc-fotoksiazke-002a-300x169.jpg 300w, https:\/\/www.empikfoto.pl\/blog\/empikfoto\/2017\/04\/Empikfoto-jak-stworzyc-fotoksiazke-002a-768x432.jpg 768w, https:\/\/www.empikfoto.pl\/blog\/empikfoto\/2017\/04\/Empikfoto-jak-stworzyc-fotoksiazke-002a-1024x576.jpg 1024w, https:\/\/www.empikfoto.pl\/blog\/empikfoto\/2017\/04\/Empikfoto-jak-stworzyc-fotoksiazke-002a-400x225.jpg 400w\" sizes=\"auto, (max-width: 1200px) 100vw, 1200px\" \/><\/a><\/p>\n<h2>3. Wybierz rodzaj papieru, ok\u0142adk\u0119 i format<\/h2>\n<p>Je\u015bli wiesz ju\u017c jaki szablon zamierzasz wykorzysta\u0107 \u2013 czas na wyb\u00f3r dost\u0119pnych opcji. Po klikni\u0119ciu na wybrany motyw mo\u017cesz wybra\u0107 odpowiedni papier, na kt\u00f3rym zostan\u0105 wydrukowane Twoje zdj\u0119cia oraz ok\u0142adk\u0119 Twojej fotoksi\u0105\u017cki. W naszym serwisie dost\u0119pne s\u0105: papier kredowy lub fotograficzny oraz twarde ok\u0142adki b\u0142yszcz\u0105ce lub matowe.<\/p>\n<p><img loading=\"lazy\" decoding=\"async\" class=\"aligncenter size-full wp-image-7255\" src=\"https:\/\/blog.empikfoto.pl\/empikfoto\/2017\/04\/Empikfoto-jak-stworzyc-fotoksiazke-003.jpg\" alt=\"\" width=\"1200\" height=\"833\" srcset=\"https:\/\/www.empikfoto.pl\/blog\/empikfoto\/2017\/04\/Empikfoto-jak-stworzyc-fotoksiazke-003.jpg 1200w, https:\/\/www.empikfoto.pl\/blog\/empikfoto\/2017\/04\/Empikfoto-jak-stworzyc-fotoksiazke-003-300x208.jpg 300w, https:\/\/www.empikfoto.pl\/blog\/empikfoto\/2017\/04\/Empikfoto-jak-stworzyc-fotoksiazke-003-768x533.jpg 768w, https:\/\/www.empikfoto.pl\/blog\/empikfoto\/2017\/04\/Empikfoto-jak-stworzyc-fotoksiazke-003-1024x711.jpg 1024w, https:\/\/www.empikfoto.pl\/blog\/empikfoto\/2017\/04\/Empikfoto-jak-stworzyc-fotoksiazke-003-400x278.jpg 400w\" sizes=\"auto, (max-width: 1200px) 100vw, 1200px\" \/><\/p>\n<p>W tym miejscu mo\u017cesz tak\u017ce zmieni\u0107 format swojej fotoksi\u0105\u017cki. Wystarczy, \u017ce rozwiniesz menu, aby zdecydowa\u0107 si\u0119 inny.\u00a0W naszym serwisie znajdziesz kwadratowe i prostok\u0105tne formaty ju\u017c od 15x15cm a\u017c do 20x30cm &#8211; w tym tak\u017ce fotoksi\u0105\u017cki pionowe i poziome A4.<\/p>\n<p><img loading=\"lazy\" decoding=\"async\" class=\"aligncenter size-full wp-image-7251\" src=\"https:\/\/blog.empikfoto.pl\/empikfoto\/2017\/04\/Empikfoto-jak-stworzyc-fotoksiazke-001.jpg\" alt=\"\" width=\"1200\" height=\"399\" srcset=\"https:\/\/www.empikfoto.pl\/blog\/empikfoto\/2017\/04\/Empikfoto-jak-stworzyc-fotoksiazke-001.jpg 1200w, https:\/\/www.empikfoto.pl\/blog\/empikfoto\/2017\/04\/Empikfoto-jak-stworzyc-fotoksiazke-001-300x100.jpg 300w, https:\/\/www.empikfoto.pl\/blog\/empikfoto\/2017\/04\/Empikfoto-jak-stworzyc-fotoksiazke-001-768x255.jpg 768w, https:\/\/www.empikfoto.pl\/blog\/empikfoto\/2017\/04\/Empikfoto-jak-stworzyc-fotoksiazke-001-1024x340.jpg 1024w, https:\/\/www.empikfoto.pl\/blog\/empikfoto\/2017\/04\/Empikfoto-jak-stworzyc-fotoksiazke-001-400x133.jpg 400w\" sizes=\"auto, (max-width: 1200px) 100vw, 1200px\" \/><img loading=\"lazy\" decoding=\"async\" class=\"aligncenter size-full wp-image-7256\" src=\"https:\/\/blog.empikfoto.pl\/empikfoto\/2017\/04\/Empikfoto-jak-stworzyc-fotoksiazke-004.jpg\" alt=\"\" width=\"1200\" height=\"833\" srcset=\"https:\/\/www.empikfoto.pl\/blog\/empikfoto\/2017\/04\/Empikfoto-jak-stworzyc-fotoksiazke-004.jpg 1200w, https:\/\/www.empikfoto.pl\/blog\/empikfoto\/2017\/04\/Empikfoto-jak-stworzyc-fotoksiazke-004-300x208.jpg 300w, https:\/\/www.empikfoto.pl\/blog\/empikfoto\/2017\/04\/Empikfoto-jak-stworzyc-fotoksiazke-004-768x533.jpg 768w, https:\/\/www.empikfoto.pl\/blog\/empikfoto\/2017\/04\/Empikfoto-jak-stworzyc-fotoksiazke-004-1024x711.jpg 1024w, https:\/\/www.empikfoto.pl\/blog\/empikfoto\/2017\/04\/Empikfoto-jak-stworzyc-fotoksiazke-004-400x278.jpg 400w\" sizes=\"auto, (max-width: 1200px) 100vw, 1200px\" \/><\/p>\n<p>Wystarczy, \u017ce teraz klikniesz tylko <strong>STW\u00d3RZ PROJEKT,<\/strong> aby zacz\u0105\u0107 projektowanie. Pami\u0119taj jednak, \u017ce wybrane w tym momencie opcje nie b\u0119d\u0105 mo\u017cliwe ju\u017c do zmiany podczas projektowania fotoksi\u0105\u017cki!<\/p>\n<h2>4. Rozpocznij projektowanie \u2013 edytor empikfoto.pl<\/h2>\n<p>Jeste\u015b w\u0142a\u015bnie w naszym edytorze, kt\u00f3ry pozwoli Ci w bardzo intuicyjny i \u0142atwy spos\u00f3b przygotowa\u0107 fascynuj\u0105c\u0105 histori\u0119 z Twoich najlepszych wspomnie\u0144. Nie martw si\u0119, je\u015bli nie posiadasz umiej\u0119tno\u015bci graficznych \u2013 nie b\u0119d\u0105 Ci potrzebne. Wystarczy tylko kilka klikni\u0119\u0107 i ju\u017c!<\/p>\n<p>Aby stworzy\u0107 swoj\u0105 fotoksi\u0105\u017ck\u0119,\u00a0<strong>dodaj w\u0142asne zdj\u0119cia<\/strong>. Wybieraj\u0105c odpowiedni\u0105 zak\u0142adk\u0119 mo\u017cesz skorzysta\u0107 ze zdj\u0119\u0107, kt\u00f3re posiadasz na komputerze, kt\u00f3re znajduj\u0105 si\u0119 na Twoim koncie lub te\u017c posiadasz je w mediach spo\u0142eczno\u015bciowych \u2013 Facebooku lub Instagramie.<\/p>\n<p><img loading=\"lazy\" decoding=\"async\" class=\"aligncenter size-full wp-image-7259\" src=\"https:\/\/blog.empikfoto.pl\/empikfoto\/2017\/04\/Empikfoto-jak-stworzyc-fotoksiazke-005.jpg\" alt=\"\" width=\"1200\" height=\"591\" srcset=\"https:\/\/www.empikfoto.pl\/blog\/empikfoto\/2017\/04\/Empikfoto-jak-stworzyc-fotoksiazke-005.jpg 1200w, https:\/\/www.empikfoto.pl\/blog\/empikfoto\/2017\/04\/Empikfoto-jak-stworzyc-fotoksiazke-005-300x148.jpg 300w, https:\/\/www.empikfoto.pl\/blog\/empikfoto\/2017\/04\/Empikfoto-jak-stworzyc-fotoksiazke-005-768x378.jpg 768w, https:\/\/www.empikfoto.pl\/blog\/empikfoto\/2017\/04\/Empikfoto-jak-stworzyc-fotoksiazke-005-1024x504.jpg 1024w, https:\/\/www.empikfoto.pl\/blog\/empikfoto\/2017\/04\/Empikfoto-jak-stworzyc-fotoksiazke-005-400x197.jpg 400w\" sizes=\"auto, (max-width: 1200px) 100vw, 1200px\" \/><\/p>\n<p>Gdy wybierzesz ju\u017c odpowiednie zdj\u0119cia mo\u017cesz tak\u017ce zdecydowa\u0107 si\u0119 na jedn\u0105 z <strong>dw\u00f3ch dost\u0119pnych opcji<\/strong>:<\/p>\n<ul>\n<li><strong>Wype\u0142nij automatycznie zdj\u0119ciami<\/strong> \u2013 edytor sam u\u0142o\u017cy Twoje zdj\u0119cia, a Twoja fotoksi\u0105\u017cka b\u0119dzie gotowa w kilka minut.<\/li>\n<li><strong>Prze\u015blij zdj\u0119cia i stw\u00f3rz samodzielnie<\/strong> \u2013 mo\u017cesz tak\u017ce doda\u0107 wybrane zdj\u0119cia i dowolnie personalizowa\u0107 ka\u017cd\u0105 ze stron Twojej fotoksi\u0105\u017cki.<\/li>\n<\/ul>\n<h2><img loading=\"lazy\" decoding=\"async\" class=\"aligncenter size-full wp-image-7260\" src=\"https:\/\/blog.empikfoto.pl\/empikfoto\/2017\/04\/Empikfoto-jak-stworzyc-fotoksiazke-006.jpg\" alt=\"\" width=\"1200\" height=\"591\" srcset=\"https:\/\/www.empikfoto.pl\/blog\/empikfoto\/2017\/04\/Empikfoto-jak-stworzyc-fotoksiazke-006.jpg 1200w, https:\/\/www.empikfoto.pl\/blog\/empikfoto\/2017\/04\/Empikfoto-jak-stworzyc-fotoksiazke-006-300x148.jpg 300w, https:\/\/www.empikfoto.pl\/blog\/empikfoto\/2017\/04\/Empikfoto-jak-stworzyc-fotoksiazke-006-768x378.jpg 768w, https:\/\/www.empikfoto.pl\/blog\/empikfoto\/2017\/04\/Empikfoto-jak-stworzyc-fotoksiazke-006-1024x504.jpg 1024w, https:\/\/www.empikfoto.pl\/blog\/empikfoto\/2017\/04\/Empikfoto-jak-stworzyc-fotoksiazke-006-400x197.jpg 400w\" sizes=\"auto, (max-width: 1200px) 100vw, 1200px\" \/><\/h2>\n<h2>5. Spersonalizuj sw\u00f3j projekt<\/h2>\n<p>Brawo! W Twoim projekcie znajduj\u0105 si\u0119 ju\u017c zdj\u0119cia, ale to nie wszystko, co mo\u017cesz przygotowa\u0107 w swojej fotoksi\u0105\u017cce. Teraz czas na pe\u0142n\u0105 personalizacj\u0119.<\/p>\n<p>Na dole edytora znajduj\u0105 si\u0119 <strong>strony Twojej fotoksi\u0105\u017cki<\/strong>, kt\u00f3re mo\u017cesz prze\u0142\u0105cza\u0107, aby zaprojektowa\u0107 ka\u017cd\u0105 z nich inaczej. Pomi\u0119dzy stronami mo\u017cesz tak\u017ce prze\u0142\u0105cza\u0107 si\u0119 <strong>przy pomocy strza\u0142ek<\/strong> znajduj\u0105cych si\u0119 po bokach Twojego projektu.<\/p>\n<p>Po prawej stronie pojawi\u0105 si\u0119 <strong>dodane przez Ciebie zdj\u0119cia<\/strong>, kt\u00f3re mo\u017cesz dowolnie uk\u0142ada\u0107 w swoim projekcie. Aby doda\u0107 je na wybranych stronach po prostu <strong>przeci\u0105gnij i upu\u015b\u0107<\/strong> wybrane fotografie. Zdj\u0119cia mo\u017cesz dodawa\u0107 w wybranych miejscach i ramkach, ale mo\u017cesz je r\u00f3wnie\u017c rozci\u0105ga\u0107 na ca\u0142\u0105 szeroko\u015b\u0107 i wysoko\u015b\u0107 strony.<\/p>\n<p>Na ka\u017cdej stronie zaznaczone s\u0105 jednak <strong>BEZPIECZNE LINIE<\/strong> (linia przerywana). Miejsce poza lini\u0105 zostanie tak\u017ce zadrukowane, ale to w\u0142a\u015bnie tam maszyna b\u0119dzie przecina\u0107 papier, wi\u0119c wa\u017cne, aby <strong>NIE POJAWI\u0141Y<\/strong> si\u0119 tam wa\u017cne elementy kadru. Najlepszym rozwi\u0105zaniem jest dodanie tam t\u0142a lub te\u017c nieistotnych element\u00f3w kadru.<\/p>\n<p>Na ka\u017cdej stronie mo\u017cesz wybiera\u0107 odpowiedni\u0105 <strong>kompozycj\u0119 zdj\u0119\u0107<\/strong>, a tak\u017ce dodawa\u0107 <strong>kliparty, ramki, t\u0142a i uk\u0142ady zdj\u0119\u0107<\/strong>. To menu znajdziesz w lewym g\u00f3rnym rogu edytora.<\/p>\n<p><img loading=\"lazy\" decoding=\"async\" class=\"aligncenter size-full wp-image-7262\" src=\"https:\/\/blog.empikfoto.pl\/empikfoto\/2017\/04\/Empikfoto-jak-stworzyc-fotoksiazke-007.jpg\" alt=\"\" width=\"1200\" height=\"585\" srcset=\"https:\/\/www.empikfoto.pl\/blog\/empikfoto\/2017\/04\/Empikfoto-jak-stworzyc-fotoksiazke-007.jpg 1200w, https:\/\/www.empikfoto.pl\/blog\/empikfoto\/2017\/04\/Empikfoto-jak-stworzyc-fotoksiazke-007-300x146.jpg 300w, https:\/\/www.empikfoto.pl\/blog\/empikfoto\/2017\/04\/Empikfoto-jak-stworzyc-fotoksiazke-007-768x374.jpg 768w, https:\/\/www.empikfoto.pl\/blog\/empikfoto\/2017\/04\/Empikfoto-jak-stworzyc-fotoksiazke-007-1024x499.jpg 1024w, https:\/\/www.empikfoto.pl\/blog\/empikfoto\/2017\/04\/Empikfoto-jak-stworzyc-fotoksiazke-007-400x195.jpg 400w\" sizes=\"auto, (max-width: 1200px) 100vw, 1200px\" \/><\/p>\n<ul>\n<li><strong>Kompozycje\u00a0<\/strong>&#8211; gotowe szablony strony z t\u0142em, ustawionymi polami zdj\u0119ciowymi, klipartami itp.<\/li>\n<li><strong>Kliparty\u00a0<\/strong>&#8211; znajdziesz tu obrazki, formy, kszta\u0142ty, a tak\u017ce ozdobniki zdj\u0119\u0107 i tekstu w postaci ramek.<\/li>\n<li><strong>T\u0142a\u00a0<\/strong>&#8211; wybierz t\u0142o, kt\u00f3re ma znale\u017a\u0107 si\u0119 na danej stronie.<\/li>\n<li><strong>Uk\u0142ad stron<\/strong>&#8211; gotowe uk\u0142ady zdj\u0119\u0107 u\u0142o\u017conych na jednej stronie. Mo\u017cesz wybra\u0107 ilo\u015b\u0107 zdj\u0119\u0107, jaka ma znale\u017a\u0107 si\u0119 na danej stronie.<\/li>\n<\/ul>\n<p>Aby doda\u0107 nowe uk\u0142ady, kliparty i t\u0142a kliknij ni\u017cej przycisk <strong>POKA\u017b WI\u0118CEJ<\/strong>. Wy\u015bwietli si\u0119 dodatkowe okno, w kt\u00f3rym mo\u017cesz zaznaczy\u0107 i doda\u0107 inne elementy. Pojawi\u0105 si\u0119 one w kreatorze na pasku po lewej stronie. W ten spos\u00f3b mog\u0105 pojawi\u0107 si\u0119 tam tylko te elementy, kt\u00f3re Ci\u0119 interesuj\u0105.<\/p>\n<p>Z boku Twojego projektu znajduj\u0105 si\u0119 <strong>dodatkowe przyciski<\/strong>, czyli:<\/p>\n<ul>\n<li><strong>Edytuj t\u0142o<\/strong> \u2013 kliknij, by dostosowa\u0107 t\u0142o na danej stronie.<\/li>\n<li><strong>Dodaj pole tekstowe<\/strong> \u2013 kliknij, by doda\u0107 w\u0142asny napis lub komentarz do zdj\u0119cia. Edycja napisu, czcionki i kolory jest mo\u017cliwa po klikni\u0119ciu na dodane ju\u017c pole tekstowe.<\/li>\n<li><strong>Dodaj pole na zdj\u0119cie<\/strong> \u2013 dodatkowe miejsca na zdj\u0119cia w wybranym uk\u0142adzie na stronie.<\/li>\n<li><strong>Dodaj now\u0105 stron\u0119<\/strong> \u2013 dodaj kolejn\u0105 stron\u0119 w projekcie.<\/li>\n<li><strong>Usu\u0144 stron\u0119<\/strong> \u2013 wybierz niepotrzebn\u0105 stron\u0119 i kliknij ten przycisk, aby j\u0105 usun\u0105\u0107.<\/li>\n<\/ul>\n<p><img loading=\"lazy\" decoding=\"async\" class=\"aligncenter size-full wp-image-7265\" src=\"https:\/\/blog.empikfoto.pl\/empikfoto\/2017\/04\/Empikfoto-jak-stworzyc-fotoksiazke-009.jpg\" alt=\"\" width=\"1200\" height=\"585\" srcset=\"https:\/\/www.empikfoto.pl\/blog\/empikfoto\/2017\/04\/Empikfoto-jak-stworzyc-fotoksiazke-009.jpg 1200w, https:\/\/www.empikfoto.pl\/blog\/empikfoto\/2017\/04\/Empikfoto-jak-stworzyc-fotoksiazke-009-300x146.jpg 300w, https:\/\/www.empikfoto.pl\/blog\/empikfoto\/2017\/04\/Empikfoto-jak-stworzyc-fotoksiazke-009-768x374.jpg 768w, https:\/\/www.empikfoto.pl\/blog\/empikfoto\/2017\/04\/Empikfoto-jak-stworzyc-fotoksiazke-009-1024x499.jpg 1024w, https:\/\/www.empikfoto.pl\/blog\/empikfoto\/2017\/04\/Empikfoto-jak-stworzyc-fotoksiazke-009-400x195.jpg 400w\" sizes=\"auto, (max-width: 1200px) 100vw, 1200px\" \/><\/p>\n<h3 style=\"text-align: center;\"><strong>Pami\u0119taj tak\u017ce, \u017ce w ka\u017cdej chwili mo\u017cesz: doda\u0107 nowe zdj\u0119cia, usun\u0105\u0107 niewykorzystane, doda\u0107 nowe uk\u0142ady lub elementy z innych szablon\u00f3w, zmieni\u0107 liczb\u0119 stron lub zdecydowa\u0107 si\u0119 na automatyczne wype\u0142nienie.<\/strong><\/h3>\n<h2>6. Zapisz sw\u00f3j projekt<\/h2>\n<p>Je\u015bli przygotowujesz sw\u00f3j projekt \u2013 pami\u0119taj, by cz\u0119sto go zapisywa\u0107. To pozwoli Ci unikn\u0105\u0107 ryzyka usuni\u0119cia dokonanych zmian w przypadku awarii komputera lub internetu. Tw\u00f3j projekt b\u0119dzie bezpiecznie przechowywany na Twoim koncie i dzi\u0119ki temu bez trudu powr\u00f3cisz do jego edycji w dowolnym momencie. Aby zapisa\u0107 sw\u00f3j projekt, kliknij przycisk <strong>ZAPISZ<\/strong> w prawym, g\u00f3rnym rogu edytora.<\/p>\n<p>Je\u015bli nie jeste\u015b zalogowana\/y na swoje konto &#8211; mo\u017cesz zrobi\u0107 to teraz wpisuj\u0105c sw\u00f3j login i has\u0142o.<\/p>\n<p><img loading=\"lazy\" decoding=\"async\" class=\"aligncenter size-full wp-image-7270\" src=\"https:\/\/blog.empikfoto.pl\/empikfoto\/2017\/04\/Empikfoto-jak-stworzyc-fotoksiazke-010.jpg\" alt=\"\" width=\"1200\" height=\"587\" srcset=\"https:\/\/www.empikfoto.pl\/blog\/empikfoto\/2017\/04\/Empikfoto-jak-stworzyc-fotoksiazke-010.jpg 1200w, https:\/\/www.empikfoto.pl\/blog\/empikfoto\/2017\/04\/Empikfoto-jak-stworzyc-fotoksiazke-010-300x147.jpg 300w, https:\/\/www.empikfoto.pl\/blog\/empikfoto\/2017\/04\/Empikfoto-jak-stworzyc-fotoksiazke-010-768x376.jpg 768w, https:\/\/www.empikfoto.pl\/blog\/empikfoto\/2017\/04\/Empikfoto-jak-stworzyc-fotoksiazke-010-1024x501.jpg 1024w, https:\/\/www.empikfoto.pl\/blog\/empikfoto\/2017\/04\/Empikfoto-jak-stworzyc-fotoksiazke-010-400x196.jpg 400w\" sizes=\"auto, (max-width: 1200px) 100vw, 1200px\" \/><\/p>\n<p>Je\u015bli jeszcze nie posiadasz konta w naszym serwisie, mo\u017cesz za\u0142o\u017cy\u0107 je w tym momencie. Intuicyjny kreator konta pozwoli Ci stworzy\u0107 je w kilka minut, a po zako\u0144czeniu procesu otrzymasz maila potwierdzaj\u0105cego za\u0142o\u017cenie konta na empikfoto.pl.\u00a0Je\u015bli mail do Ciebie nie dotar\u0142 w ci\u0105gu kilku minut \u2013 sprawd\u017a tak\u017ce skrzynk\u0119 wiadomo\u015bci spo\u0142eczno\u015bciowych, SPAM oraz kosz.<\/p>\n<h2>7. Zam\u00f3w sw\u00f3j projekt<\/h2>\n<p>Tw\u00f3j projekt jest gotowy? W takim razie wystarczy, je\u015bli klikniesz przycisk <strong>ZAM\u00d3W<\/strong>. Nasz edytor przeniesie Ci\u0119 do koszyka, gdzie znajdziesz informacje o cenie Twojego zam\u00f3wienia, czasie jego realizacji oraz mo\u017cesz wpisa\u0107 odpowiedni <strong>kod rabatowy<\/strong>.<\/p>\n<h2>8. Darmowa dostawa do salon\u00f3w Empik<\/h2>\n<p>Pami\u0119taj, \u017ce w naszym serwisie mo\u017cesz wybra\u0107 tak\u017ce darmow\u0105 dostaw\u0119 do wybranego salonu Empik w Polsce. Je\u015bli pojawi\u0105 si\u0119 jakiekolwiek pytania dotycz\u0105ce projektowania, dzia\u0142ania naszego edytora lub przesy\u0142ki Twoich zam\u00f3wie\u0144 &#8211; pami\u0119taj, \u017ce mo\u017cesz skontaktowa\u0107 si\u0119 z naszym Centrum Wsparcia Klienta!<\/p>\n","protected":false},"excerpt":{"rendered":"<p>Zastanawiasz si\u0119 jak stworzy\u0107 fotoksi\u0105\u017ck\u0119 online? Przygotowali\u015bmy dla Ciebie specjalny poradnik, kt\u00f3ry pomo\u017ce Ci przygotowa\u0107 wymarzon\u0105 pami\u0105tk\u0119 pe\u0142n\u0105 Twoich najlepszych wspomnie\u0144. Zobacz, co musisz wiedzie\u0107, by stworzy\u0107 swoj\u0105 fotoksi\u0105\u017ck\u0119 ju\u017c w 3 minuty lub przygotowa\u0107 w\u0142asny projekt od podstaw!<\/p>\n","protected":false},"author":16,"featured_media":7275,"comment_status":"closed","ping_status":"closed","sticky":true,"template":"","format":"standard","meta":{"footnotes":""},"categories":[782],"tags":[],"class_list":["post-7246","post","type-post","status-publish","format-standard","has-post-thumbnail","hentry","category-diy"],"yoast_head":"<!-- This site is optimized with the Yoast SEO plugin v27.5 - https:\/\/yoast.com\/product\/yoast-seo-wordpress\/ -->\n<title>Jak zaprojektowa\u0107 fotoksi\u0105\u017ck\u0119 online? | Empik Foto<\/title>\n<meta name=\"description\" content=\"Jak zaprojektowa\u0107 fotoksi\u0105\u017ck\u0119 online? Praktyczny poradnik i kreatywne wskaz\u00f3wki. Zainspiruj si\u0119 artyku\u0142em i uwieczniaj wspomnienia.\" \/>\n<meta name=\"robots\" content=\"index, follow, max-snippet:-1, max-image-preview:large, max-video-preview:-1\" \/>\n<link rel=\"canonical\" href=\"https:\/\/www.empikfoto.pl\/blog\/jak-zaprojektowac-fotoksiazke-online\/\" \/>\n<meta property=\"og:locale\" content=\"pl_PL\" \/>\n<meta property=\"og:type\" content=\"article\" \/>\n<meta property=\"og:title\" content=\"Jak zaprojektowa\u0107 fotoksi\u0105\u017ck\u0119 online? | Empik Foto\" \/>\n<meta property=\"og:description\" content=\"Jak zaprojektowa\u0107 fotoksi\u0105\u017ck\u0119 online? Praktyczny poradnik i kreatywne wskaz\u00f3wki. Zainspiruj si\u0119 artyku\u0142em i uwieczniaj wspomnienia.\" \/>\n<meta property=\"og:url\" content=\"https:\/\/www.empikfoto.pl\/blog\/jak-zaprojektowac-fotoksiazke-online\/\" \/>\n<meta property=\"og:site_name\" content=\"blog.empikfoto.pl\" \/>\n<meta property=\"article:publisher\" content=\"https:\/\/www.facebook.com\/empikfotopl\/\" \/>\n<meta property=\"article:published_time\" content=\"2017-04-28T13:33:47+00:00\" \/>\n<meta property=\"article:modified_time\" content=\"2023-08-21T10:28:46+00:00\" \/>\n<meta property=\"og:image\" content=\"https:\/\/www.empikfoto.pl\/blog\/empikfoto\/2017\/04\/Empikfoto-jak-stworzyc-fotoksiazke-header.jpg\" \/>\n\t<meta property=\"og:image:width\" content=\"1200\" \/>\n\t<meta property=\"og:image:height\" content=\"800\" \/>\n\t<meta property=\"og:image:type\" content=\"image\/jpeg\" \/>\n<meta name=\"author\" content=\"Patrycja\" \/>\n<meta name=\"twitter:card\" content=\"summary_large_image\" \/>\n<meta name=\"twitter:creator\" content=\"@empikfoto\" \/>\n<meta name=\"twitter:site\" content=\"@empikfoto\" \/>\n<meta name=\"twitter:label1\" content=\"Napisane przez\" \/>\n\t<meta name=\"twitter:data1\" content=\"Patrycja\" \/>\n\t<meta name=\"twitter:label2\" content=\"Szacowany czas czytania\" \/>\n\t<meta name=\"twitter:data2\" content=\"9 minut\" \/>\n<script type=\"application\/ld+json\" class=\"yoast-schema-graph\">{\"@context\":\"https:\\\/\\\/schema.org\",\"@graph\":[{\"@type\":\"Article\",\"@id\":\"https:\\\/\\\/www.empikfoto.pl\\\/blog\\\/jak-zaprojektowac-fotoksiazke-online\\\/#article\",\"isPartOf\":{\"@id\":\"https:\\\/\\\/www.empikfoto.pl\\\/blog\\\/jak-zaprojektowac-fotoksiazke-online\\\/\"},\"author\":{\"name\":\"Patrycja\",\"@id\":\"https:\\\/\\\/www.empikfoto.pl\\\/blog\\\/#\\\/schema\\\/person\\\/0313802ca5dac502e3266853c59632c0\"},\"headline\":\"Jak zaprojektowa\u0107 fotoksi\u0105\u017ck\u0119 online?\",\"datePublished\":\"2017-04-28T13:33:47+00:00\",\"dateModified\":\"2023-08-21T10:28:46+00:00\",\"mainEntityOfPage\":{\"@id\":\"https:\\\/\\\/www.empikfoto.pl\\\/blog\\\/jak-zaprojektowac-fotoksiazke-online\\\/\"},\"wordCount\":1335,\"image\":{\"@id\":\"https:\\\/\\\/www.empikfoto.pl\\\/blog\\\/jak-zaprojektowac-fotoksiazke-online\\\/#primaryimage\"},\"thumbnailUrl\":\"https:\\\/\\\/www.empikfoto.pl\\\/blog\\\/empikfoto\\\/2017\\\/04\\\/Empikfoto-jak-stworzyc-fotoksiazke-header.jpg\",\"articleSection\":[\"DIY\"],\"inLanguage\":\"pl-PL\"},{\"@type\":\"WebPage\",\"@id\":\"https:\\\/\\\/www.empikfoto.pl\\\/blog\\\/jak-zaprojektowac-fotoksiazke-online\\\/\",\"url\":\"https:\\\/\\\/www.empikfoto.pl\\\/blog\\\/jak-zaprojektowac-fotoksiazke-online\\\/\",\"name\":\"Jak zaprojektowa\u0107 fotoksi\u0105\u017ck\u0119 online? | Empik Foto\",\"isPartOf\":{\"@id\":\"https:\\\/\\\/www.empikfoto.pl\\\/blog\\\/#website\"},\"primaryImageOfPage\":{\"@id\":\"https:\\\/\\\/www.empikfoto.pl\\\/blog\\\/jak-zaprojektowac-fotoksiazke-online\\\/#primaryimage\"},\"image\":{\"@id\":\"https:\\\/\\\/www.empikfoto.pl\\\/blog\\\/jak-zaprojektowac-fotoksiazke-online\\\/#primaryimage\"},\"thumbnailUrl\":\"https:\\\/\\\/www.empikfoto.pl\\\/blog\\\/empikfoto\\\/2017\\\/04\\\/Empikfoto-jak-stworzyc-fotoksiazke-header.jpg\",\"datePublished\":\"2017-04-28T13:33:47+00:00\",\"dateModified\":\"2023-08-21T10:28:46+00:00\",\"author\":{\"@id\":\"https:\\\/\\\/www.empikfoto.pl\\\/blog\\\/#\\\/schema\\\/person\\\/0313802ca5dac502e3266853c59632c0\"},\"description\":\"Jak zaprojektowa\u0107 fotoksi\u0105\u017ck\u0119 online? Praktyczny poradnik i kreatywne wskaz\u00f3wki. Zainspiruj si\u0119 artyku\u0142em i uwieczniaj wspomnienia.\",\"breadcrumb\":{\"@id\":\"https:\\\/\\\/www.empikfoto.pl\\\/blog\\\/jak-zaprojektowac-fotoksiazke-online\\\/#breadcrumb\"},\"inLanguage\":\"pl-PL\",\"potentialAction\":[{\"@type\":\"ReadAction\",\"target\":[\"https:\\\/\\\/www.empikfoto.pl\\\/blog\\\/jak-zaprojektowac-fotoksiazke-online\\\/\"]}]},{\"@type\":\"ImageObject\",\"inLanguage\":\"pl-PL\",\"@id\":\"https:\\\/\\\/www.empikfoto.pl\\\/blog\\\/jak-zaprojektowac-fotoksiazke-online\\\/#primaryimage\",\"url\":\"https:\\\/\\\/www.empikfoto.pl\\\/blog\\\/empikfoto\\\/2017\\\/04\\\/Empikfoto-jak-stworzyc-fotoksiazke-header.jpg\",\"contentUrl\":\"https:\\\/\\\/www.empikfoto.pl\\\/blog\\\/empikfoto\\\/2017\\\/04\\\/Empikfoto-jak-stworzyc-fotoksiazke-header.jpg\",\"width\":1200,\"height\":800},{\"@type\":\"BreadcrumbList\",\"@id\":\"https:\\\/\\\/www.empikfoto.pl\\\/blog\\\/jak-zaprojektowac-fotoksiazke-online\\\/#breadcrumb\",\"itemListElement\":[{\"@type\":\"ListItem\",\"position\":1,\"name\":\"Strona g\u0142\u00f3wna\",\"item\":\"https:\\\/\\\/www.empikfoto.pl\\\/blog\\\/\"},{\"@type\":\"ListItem\",\"position\":2,\"name\":\"Jak zaprojektowa\u0107 fotoksi\u0105\u017ck\u0119 online?\"}]},{\"@type\":\"WebSite\",\"@id\":\"https:\\\/\\\/www.empikfoto.pl\\\/blog\\\/#website\",\"url\":\"https:\\\/\\\/www.empikfoto.pl\\\/blog\\\/\",\"name\":\"blog.empikfoto.pl\",\"description\":\"Poznaj empikfoto.pl od \u015brodka! Dowiedz si\u0119 wi\u0119cej o odbitkach, fotoksi\u0105\u017ckach i fotografii.\",\"potentialAction\":[{\"@type\":\"SearchAction\",\"target\":{\"@type\":\"EntryPoint\",\"urlTemplate\":\"https:\\\/\\\/www.empikfoto.pl\\\/blog\\\/?s={search_term_string}\"},\"query-input\":{\"@type\":\"PropertyValueSpecification\",\"valueRequired\":true,\"valueName\":\"search_term_string\"}}],\"inLanguage\":\"pl-PL\"},{\"@type\":\"Person\",\"@id\":\"https:\\\/\\\/www.empikfoto.pl\\\/blog\\\/#\\\/schema\\\/person\\\/0313802ca5dac502e3266853c59632c0\",\"name\":\"Patrycja\",\"image\":{\"@type\":\"ImageObject\",\"inLanguage\":\"pl-PL\",\"@id\":\"https:\\\/\\\/secure.gravatar.com\\\/avatar\\\/f25168e12215ad42f58e5fb72881daaeb57bd4f907081046016f64bf167db59f?s=96&d=identicon&r=g\",\"url\":\"https:\\\/\\\/secure.gravatar.com\\\/avatar\\\/f25168e12215ad42f58e5fb72881daaeb57bd4f907081046016f64bf167db59f?s=96&d=identicon&r=g\",\"contentUrl\":\"https:\\\/\\\/secure.gravatar.com\\\/avatar\\\/f25168e12215ad42f58e5fb72881daaeb57bd4f907081046016f64bf167db59f?s=96&d=identicon&r=g\",\"caption\":\"Patrycja\"},\"url\":\"https:\\\/\\\/www.empikfoto.pl\\\/blog\\\/author\\\/patrycja\\\/\"}]}<\/script>\n<!-- \/ Yoast SEO plugin. -->","yoast_head_json":{"title":"Jak zaprojektowa\u0107 fotoksi\u0105\u017ck\u0119 online? | Empik Foto","description":"Jak zaprojektowa\u0107 fotoksi\u0105\u017ck\u0119 online? Praktyczny poradnik i kreatywne wskaz\u00f3wki. Zainspiruj si\u0119 artyku\u0142em i uwieczniaj wspomnienia.","robots":{"index":"index","follow":"follow","max-snippet":"max-snippet:-1","max-image-preview":"max-image-preview:large","max-video-preview":"max-video-preview:-1"},"canonical":"https:\/\/www.empikfoto.pl\/blog\/jak-zaprojektowac-fotoksiazke-online\/","og_locale":"pl_PL","og_type":"article","og_title":"Jak zaprojektowa\u0107 fotoksi\u0105\u017ck\u0119 online? | Empik Foto","og_description":"Jak zaprojektowa\u0107 fotoksi\u0105\u017ck\u0119 online? Praktyczny poradnik i kreatywne wskaz\u00f3wki. Zainspiruj si\u0119 artyku\u0142em i uwieczniaj wspomnienia.","og_url":"https:\/\/www.empikfoto.pl\/blog\/jak-zaprojektowac-fotoksiazke-online\/","og_site_name":"blog.empikfoto.pl","article_publisher":"https:\/\/www.facebook.com\/empikfotopl\/","article_published_time":"2017-04-28T13:33:47+00:00","article_modified_time":"2023-08-21T10:28:46+00:00","og_image":[{"width":1200,"height":800,"url":"https:\/\/www.empikfoto.pl\/blog\/empikfoto\/2017\/04\/Empikfoto-jak-stworzyc-fotoksiazke-header.jpg","type":"image\/jpeg"}],"author":"Patrycja","twitter_card":"summary_large_image","twitter_creator":"@empikfoto","twitter_site":"@empikfoto","twitter_misc":{"Napisane przez":"Patrycja","Szacowany czas czytania":"9 minut"},"schema":{"@context":"https:\/\/schema.org","@graph":[{"@type":"Article","@id":"https:\/\/www.empikfoto.pl\/blog\/jak-zaprojektowac-fotoksiazke-online\/#article","isPartOf":{"@id":"https:\/\/www.empikfoto.pl\/blog\/jak-zaprojektowac-fotoksiazke-online\/"},"author":{"name":"Patrycja","@id":"https:\/\/www.empikfoto.pl\/blog\/#\/schema\/person\/0313802ca5dac502e3266853c59632c0"},"headline":"Jak zaprojektowa\u0107 fotoksi\u0105\u017ck\u0119 online?","datePublished":"2017-04-28T13:33:47+00:00","dateModified":"2023-08-21T10:28:46+00:00","mainEntityOfPage":{"@id":"https:\/\/www.empikfoto.pl\/blog\/jak-zaprojektowac-fotoksiazke-online\/"},"wordCount":1335,"image":{"@id":"https:\/\/www.empikfoto.pl\/blog\/jak-zaprojektowac-fotoksiazke-online\/#primaryimage"},"thumbnailUrl":"https:\/\/www.empikfoto.pl\/blog\/empikfoto\/2017\/04\/Empikfoto-jak-stworzyc-fotoksiazke-header.jpg","articleSection":["DIY"],"inLanguage":"pl-PL"},{"@type":"WebPage","@id":"https:\/\/www.empikfoto.pl\/blog\/jak-zaprojektowac-fotoksiazke-online\/","url":"https:\/\/www.empikfoto.pl\/blog\/jak-zaprojektowac-fotoksiazke-online\/","name":"Jak zaprojektowa\u0107 fotoksi\u0105\u017ck\u0119 online? | Empik Foto","isPartOf":{"@id":"https:\/\/www.empikfoto.pl\/blog\/#website"},"primaryImageOfPage":{"@id":"https:\/\/www.empikfoto.pl\/blog\/jak-zaprojektowac-fotoksiazke-online\/#primaryimage"},"image":{"@id":"https:\/\/www.empikfoto.pl\/blog\/jak-zaprojektowac-fotoksiazke-online\/#primaryimage"},"thumbnailUrl":"https:\/\/www.empikfoto.pl\/blog\/empikfoto\/2017\/04\/Empikfoto-jak-stworzyc-fotoksiazke-header.jpg","datePublished":"2017-04-28T13:33:47+00:00","dateModified":"2023-08-21T10:28:46+00:00","author":{"@id":"https:\/\/www.empikfoto.pl\/blog\/#\/schema\/person\/0313802ca5dac502e3266853c59632c0"},"description":"Jak zaprojektowa\u0107 fotoksi\u0105\u017ck\u0119 online? Praktyczny poradnik i kreatywne wskaz\u00f3wki. Zainspiruj si\u0119 artyku\u0142em i uwieczniaj wspomnienia.","breadcrumb":{"@id":"https:\/\/www.empikfoto.pl\/blog\/jak-zaprojektowac-fotoksiazke-online\/#breadcrumb"},"inLanguage":"pl-PL","potentialAction":[{"@type":"ReadAction","target":["https:\/\/www.empikfoto.pl\/blog\/jak-zaprojektowac-fotoksiazke-online\/"]}]},{"@type":"ImageObject","inLanguage":"pl-PL","@id":"https:\/\/www.empikfoto.pl\/blog\/jak-zaprojektowac-fotoksiazke-online\/#primaryimage","url":"https:\/\/www.empikfoto.pl\/blog\/empikfoto\/2017\/04\/Empikfoto-jak-stworzyc-fotoksiazke-header.jpg","contentUrl":"https:\/\/www.empikfoto.pl\/blog\/empikfoto\/2017\/04\/Empikfoto-jak-stworzyc-fotoksiazke-header.jpg","width":1200,"height":800},{"@type":"BreadcrumbList","@id":"https:\/\/www.empikfoto.pl\/blog\/jak-zaprojektowac-fotoksiazke-online\/#breadcrumb","itemListElement":[{"@type":"ListItem","position":1,"name":"Strona g\u0142\u00f3wna","item":"https:\/\/www.empikfoto.pl\/blog\/"},{"@type":"ListItem","position":2,"name":"Jak zaprojektowa\u0107 fotoksi\u0105\u017ck\u0119 online?"}]},{"@type":"WebSite","@id":"https:\/\/www.empikfoto.pl\/blog\/#website","url":"https:\/\/www.empikfoto.pl\/blog\/","name":"blog.empikfoto.pl","description":"Poznaj empikfoto.pl od \u015brodka! Dowiedz si\u0119 wi\u0119cej o odbitkach, fotoksi\u0105\u017ckach i fotografii.","potentialAction":[{"@type":"SearchAction","target":{"@type":"EntryPoint","urlTemplate":"https:\/\/www.empikfoto.pl\/blog\/?s={search_term_string}"},"query-input":{"@type":"PropertyValueSpecification","valueRequired":true,"valueName":"search_term_string"}}],"inLanguage":"pl-PL"},{"@type":"Person","@id":"https:\/\/www.empikfoto.pl\/blog\/#\/schema\/person\/0313802ca5dac502e3266853c59632c0","name":"Patrycja","image":{"@type":"ImageObject","inLanguage":"pl-PL","@id":"https:\/\/secure.gravatar.com\/avatar\/f25168e12215ad42f58e5fb72881daaeb57bd4f907081046016f64bf167db59f?s=96&d=identicon&r=g","url":"https:\/\/secure.gravatar.com\/avatar\/f25168e12215ad42f58e5fb72881daaeb57bd4f907081046016f64bf167db59f?s=96&d=identicon&r=g","contentUrl":"https:\/\/secure.gravatar.com\/avatar\/f25168e12215ad42f58e5fb72881daaeb57bd4f907081046016f64bf167db59f?s=96&d=identicon&r=g","caption":"Patrycja"},"url":"https:\/\/www.empikfoto.pl\/blog\/author\/patrycja\/"}]}},"amp_enabled":true,"_links":{"self":[{"href":"https:\/\/www.empikfoto.pl\/blog\/wp-json\/wp\/v2\/posts\/7246","targetHints":{"allow":["GET"]}}],"collection":[{"href":"https:\/\/www.empikfoto.pl\/blog\/wp-json\/wp\/v2\/posts"}],"about":[{"href":"https:\/\/www.empikfoto.pl\/blog\/wp-json\/wp\/v2\/types\/post"}],"author":[{"embeddable":true,"href":"https:\/\/www.empikfoto.pl\/blog\/wp-json\/wp\/v2\/users\/16"}],"replies":[{"embeddable":true,"href":"https:\/\/www.empikfoto.pl\/blog\/wp-json\/wp\/v2\/comments?post=7246"}],"version-history":[{"count":11,"href":"https:\/\/www.empikfoto.pl\/blog\/wp-json\/wp\/v2\/posts\/7246\/revisions"}],"predecessor-version":[{"id":12813,"href":"https:\/\/www.empikfoto.pl\/blog\/wp-json\/wp\/v2\/posts\/7246\/revisions\/12813"}],"wp:featuredmedia":[{"embeddable":true,"href":"https:\/\/www.empikfoto.pl\/blog\/wp-json\/wp\/v2\/media\/7275"}],"wp:attachment":[{"href":"https:\/\/www.empikfoto.pl\/blog\/wp-json\/wp\/v2\/media?parent=7246"}],"wp:term":[{"taxonomy":"category","embeddable":true,"href":"https:\/\/www.empikfoto.pl\/blog\/wp-json\/wp\/v2\/categories?post=7246"},{"taxonomy":"post_tag","embeddable":true,"href":"https:\/\/www.empikfoto.pl\/blog\/wp-json\/wp\/v2\/tags?post=7246"}],"curies":[{"name":"wp","href":"https:\/\/api.w.org\/{rel}","templated":true}]}}