{"id":7569,"date":"2017-05-31T17:35:48","date_gmt":"2017-05-31T15:35:48","guid":{"rendered":"http:\/\/blog.empikfoto.pl\/?p=7569"},"modified":"2023-07-26T15:36:00","modified_gmt":"2023-07-26T13:36:00","slug":"kronika-szkolna","status":"publish","type":"post","link":"https:\/\/www.empikfoto.pl\/blog\/kronika-szkolna\/","title":{"rendered":"Kronika szkolna \u2013 jak stworzy\u0107 klasow\u0105 ksi\u0119g\u0119"},"content":{"rendered":"<p><strong>Kronika szkolna to \u015bwietny pomys\u0142, by zachowa\u0107 na zawsze najlepsze wspomnienia ze szkolnej \u0142awki. Na Waszych p\u00f3\u0142kach z pewno\u015bci\u0105 znajduj\u0105 si\u0119 stare albumy z odbitkami, po kt\u00f3re cz\u0119sto si\u0119gacie, by spotka\u0107 koleg\u00f3w i kole\u017canki z klasy oraz ulubionych nauczycieli. Sprawcie wi\u0119c prezent swoim maluchom, kt\u00f3re w\u0142a\u015bnie ko\u0144cz\u0105 kolejny rok szkolny, aby za kilka lat mog\u0142y te\u017c cieszy\u0107 si\u0119 takimi wspomnieniami! Fotoksi\u0105\u017cka to doskona\u0142y spos\u00f3b na kronik\u0119 klasow\u0105 w nowoczesnej formie!<\/strong><!--more--><\/p>\n<h2><strong>Kronika szkolna &#8211; czym jest?<\/strong><\/h2>\n<p>Pami\u0119tacie czasy, w kt\u00f3rych szkolne zdj\u0119cia \u2013 te z wycieczek, klasowych wydarze\u0144 i \u015bwi\u0105t wkleja\u0142o si\u0119 w formie odbitek do grubego albumu? Z pewno\u015bci\u0105 posiadacie w domu takie skarby i jest Wam niezwykle mi\u0142o po nie si\u0119ga\u0107. Pami\u0119tacie jeszcze swoich ulubionych nauczycieli i koleg\u00f3w z \u0142awki? Kronika szkolna to <strong>niezwykle cenna rzecz<\/strong>, kt\u00f3rej warto\u015b\u0107 wzrasta wraz z up\u0142ywem lat. Dzi\u015b, w czasach smartfon\u00f3w i Instagrama, wydawa\u0107 by si\u0119 mog\u0142o, \u017ce taka kronika klasowa jest ju\u017c pass\u00e9, ale nic bardziej mylnego!<\/p>\n<blockquote>\n<h3>Fotoksi\u0105\u017cka to historia z najlepszych szkolnych wspomnie\u0144 i emocji, kt\u00f3re ka\u017cdy ucze\u0144 chcia\u0142by zachowa\u0107 na zawsze.<\/h3>\n<\/blockquote>\n<p>Fotoksi\u0105\u017cka to doskona\u0142y spos\u00f3b na zachowanie ulubionych szkolnych wspomnie\u0144 w nowoczesnej i najlepszej do tego formie. Gdy to Wy, Drodzy Rodzice i Wychowawcy, posiadacie mn\u00f3stwo \u015bwietnych zdj\u0119\u0107 z ca\u0142ego roku, tak\u0105 ksi\u0105\u017ck\u0119 mo\u017cecie przygotowa\u0107 <strong>ju\u017c w kilka minut<\/strong>, aby Wasi mali uczniowie otrzymali wyj\u0105tkowy prezent na wakacje. Projektowanie kroniki szkolnej zajmie Wam jedynie kilka chwil, a ca\u0142a klasa z pewno\u015bci\u0105 b\u0119dzie zachwycona!<\/p>\n<h2><strong>Kronika klasowa jako prezent dla wychowawcy<\/strong><\/h2>\n<p>Kronika klasowa to tak\u017ce \u015bwietny pomys\u0142 na prezent dla wychowawcy. Z ca\u0142\u0105 pewno\u015bci\u0105 Wasze maluchy b\u0119d\u0105 chcia\u0142y podarowa\u0107 swoim ulubionym nauczycielom <strong>oryginalny upominek na koniec roku<\/strong>, a kwiaty i s\u0142odycze cho\u0107 s\u0105 mi\u0142ymi prezentami \u2013 s\u0105 tak\u017ce nietrwa\u0142e. Kronika szkolna w formie fotoksi\u0105\u017cki sprawi za\u015b, \u017ce wychowawca zapami\u0119ta swoj\u0105 klas\u0119 na ca\u0142e \u017cycie i nawet po latach b\u0119dzie m\u00f3g\u0142 wraca\u0107 na lekcj\u0119 z najfajniejszymi uczniami w ca\u0142ej szkole!<\/p>\n<h2><strong>Kronika szkolna &#8211; jak j\u0105 stworzy\u0107?<\/strong><\/h2>\n<p>Przygotowanie klasowej fotoksi\u0105\u017cki jest <strong>niesamowicie \u0142atwe<\/strong>. Je\u015bli macie ju\u017c wybrane najlepsze zdj\u0119cia Waszych pociech, wystarczy, \u017ce odwiedzicie nasz\u0105 specjaln\u0105 stron\u0119, kt\u00f3r\u0105 przygotowali\u015bmy z okazji zako\u0144czenia roku.<\/p>\n<p>Na empikfoto.pl czekaj\u0105 na Was <a href=\"https:\/\/www.empikfoto.pl\/fotoksiazka,kronika-szkolna\"><strong>bestsellerowe szablony stworzone specjalnie dla uczni\u00f3w<\/strong><\/a>. Wystarczy, \u017ce wybierzecie jeden z nich na naszej stronie lub z galerii poni\u017cej, aby przygotowa\u0107 sw\u00f3j projekt. W ka\u017cdym z nich czekaj\u0105 na Was szkolne kliparty, ramki i napisy, dzi\u0119ki kt\u00f3rym bez trudu spersonalizujecie tworzon\u0105 fotoksi\u0105\u017ck\u0119. Mo\u017cecie zdecydowa\u0107 si\u0119 tak\u017ce na <strong>automatyczne uzupe\u0142nienie projektu<\/strong> wybranymi fotografiami, a wtedy ca\u0142y proces zajmie Wam tylko kilka minut.<\/p>\n<div id=\"attachment_7575\" style=\"width: 596px\" class=\"wp-caption aligncenter\"><a href=\"http:\/\/www.empikfoto.pl\/fotoksiazka,wspomnienia-ze-szkolnej-lawki\/?utm_source=blog&amp;utm_medium=wpis&amp;utm_campaign=kronikaszkolna&amp;utm_content31052017\"><img loading=\"lazy\" decoding=\"async\" aria-describedby=\"caption-attachment-7575\" class=\"size-full wp-image-7575\" src=\"https:\/\/blog.empikfoto.pl\/empikfoto\/2017\/06\/Empikfoto-Kronika-szkolna-prezent-dla-ucznia-001.jpg\" alt=\"Empikfoto.pl: Kronika szkolna - idealny prezent dla ucznia\" width=\"586\" height=\"396\" srcset=\"https:\/\/www.empikfoto.pl\/blog\/empikfoto\/2017\/06\/Empikfoto-Kronika-szkolna-prezent-dla-ucznia-001.jpg 586w, https:\/\/www.empikfoto.pl\/blog\/empikfoto\/2017\/06\/Empikfoto-Kronika-szkolna-prezent-dla-ucznia-001-300x203.jpg 300w, https:\/\/www.empikfoto.pl\/blog\/empikfoto\/2017\/06\/Empikfoto-Kronika-szkolna-prezent-dla-ucznia-001-400x270.jpg 400w\" sizes=\"auto, (max-width: 586px) 100vw, 586px\" \/><\/a><p id=\"caption-attachment-7575\" class=\"wp-caption-text\">Kronika szkolna &#8211; Wspomnienia ze szkolnej \u0142awki | empikfoto.pl<\/p><\/div>\n<div id=\"attachment_7576\" style=\"width: 595px\" class=\"wp-caption aligncenter\"><a href=\"http:\/\/www.empikfoto.pl\/fotoksiazka,album-pierwszaka\/?utm_source=blog&amp;utm_medium=wpis&amp;utm_campaign=kronikaszkolna&amp;utm_content31052017\"><img loading=\"lazy\" decoding=\"async\" aria-describedby=\"caption-attachment-7576\" class=\"wp-image-7576 size-full\" src=\"https:\/\/blog.empikfoto.pl\/empikfoto\/2017\/06\/Empikfoto-Kronika-szkolna-prezent-dla-ucznia-002.jpg\" alt=\"Empikfoto.pl: Kronika szkolna - idealny prezent dla ucznia\" width=\"585\" height=\"392\" srcset=\"https:\/\/www.empikfoto.pl\/blog\/empikfoto\/2017\/06\/Empikfoto-Kronika-szkolna-prezent-dla-ucznia-002.jpg 585w, https:\/\/www.empikfoto.pl\/blog\/empikfoto\/2017\/06\/Empikfoto-Kronika-szkolna-prezent-dla-ucznia-002-300x201.jpg 300w, https:\/\/www.empikfoto.pl\/blog\/empikfoto\/2017\/06\/Empikfoto-Kronika-szkolna-prezent-dla-ucznia-002-330x220.jpg 330w, https:\/\/www.empikfoto.pl\/blog\/empikfoto\/2017\/06\/Empikfoto-Kronika-szkolna-prezent-dla-ucznia-002-400x268.jpg 400w\" sizes=\"auto, (max-width: 585px) 100vw, 585px\" \/><\/a><p id=\"caption-attachment-7576\" class=\"wp-caption-text\">Kronika szkolna &#8211; Album pierwszaka | empikfoto.pl<\/p><\/div>\n<div id=\"attachment_7577\" style=\"width: 595px\" class=\"wp-caption aligncenter\"><a href=\"http:\/\/www.empikfoto.pl\/fotoksiazka,moje-przedszkole\/?utm_source=blog&amp;utm_medium=wpis&amp;utm_campaign=kronikaszkolna&amp;utm_content31052017\"><img loading=\"lazy\" decoding=\"async\" aria-describedby=\"caption-attachment-7577\" class=\"wp-image-7577 size-full\" src=\"https:\/\/blog.empikfoto.pl\/empikfoto\/2017\/06\/Empikfoto-Kronika-szkolna-prezent-dla-ucznia-003.jpg\" alt=\"Empikfoto.pl: Kronika szkolna - idealny prezent dla ucznia\" width=\"585\" height=\"393\" srcset=\"https:\/\/www.empikfoto.pl\/blog\/empikfoto\/2017\/06\/Empikfoto-Kronika-szkolna-prezent-dla-ucznia-003.jpg 585w, https:\/\/www.empikfoto.pl\/blog\/empikfoto\/2017\/06\/Empikfoto-Kronika-szkolna-prezent-dla-ucznia-003-300x202.jpg 300w, https:\/\/www.empikfoto.pl\/blog\/empikfoto\/2017\/06\/Empikfoto-Kronika-szkolna-prezent-dla-ucznia-003-400x269.jpg 400w\" sizes=\"auto, (max-width: 585px) 100vw, 585px\" \/><\/a><p id=\"caption-attachment-7577\" class=\"wp-caption-text\">Kronika szkolna &#8211; Moje przedszkole | empikfoto.pl<\/p><\/div>\n<div id=\"attachment_7578\" style=\"width: 596px\" class=\"wp-caption aligncenter\"><a href=\"http:\/\/www.empikfoto.pl\/fotoksiazka,przyjaciele-z-mojej-szkoly\/?utm_source=blog&amp;utm_medium=wpis&amp;utm_campaign=kronikaszkolna&amp;utm_content31052017\"><img loading=\"lazy\" decoding=\"async\" aria-describedby=\"caption-attachment-7578\" class=\"size-full wp-image-7578\" src=\"https:\/\/blog.empikfoto.pl\/empikfoto\/2017\/06\/Empikfoto-Kronika-szkolna-prezent-dla-ucznia-004.jpg\" alt=\"Empikfoto.pl: Kronika szkolna - idealny prezent dla ucznia\" width=\"586\" height=\"393\" srcset=\"https:\/\/www.empikfoto.pl\/blog\/empikfoto\/2017\/06\/Empikfoto-Kronika-szkolna-prezent-dla-ucznia-004.jpg 586w, https:\/\/www.empikfoto.pl\/blog\/empikfoto\/2017\/06\/Empikfoto-Kronika-szkolna-prezent-dla-ucznia-004-300x201.jpg 300w, https:\/\/www.empikfoto.pl\/blog\/empikfoto\/2017\/06\/Empikfoto-Kronika-szkolna-prezent-dla-ucznia-004-330x220.jpg 330w, https:\/\/www.empikfoto.pl\/blog\/empikfoto\/2017\/06\/Empikfoto-Kronika-szkolna-prezent-dla-ucznia-004-400x268.jpg 400w\" sizes=\"auto, (max-width: 586px) 100vw, 586px\" \/><\/a><p id=\"caption-attachment-7578\" class=\"wp-caption-text\">Kronika szkolna &#8211; Przyjaciele z mojej szko\u0142y | empikfoto.pl<\/p><\/div>\n<div id=\"attachment_7579\" style=\"width: 596px\" class=\"wp-caption aligncenter\"><a href=\"http:\/\/www.empikfoto.pl\/fotoksiazka,moja-klasa\/?utm_source=blog&amp;utm_medium=wpis&amp;utm_campaign=kronikaszkolna&amp;utm_content31052017\"><img loading=\"lazy\" decoding=\"async\" aria-describedby=\"caption-attachment-7579\" class=\"wp-image-7579 size-full\" src=\"https:\/\/blog.empikfoto.pl\/empikfoto\/2017\/06\/Empikfoto-Kronika-szkolna-prezent-dla-ucznia-005.jpg\" alt=\"Empikfoto.pl: Kronika szkolna - idealny prezent dla ucznia\" width=\"586\" height=\"394\" srcset=\"https:\/\/www.empikfoto.pl\/blog\/empikfoto\/2017\/06\/Empikfoto-Kronika-szkolna-prezent-dla-ucznia-005.jpg 586w, https:\/\/www.empikfoto.pl\/blog\/empikfoto\/2017\/06\/Empikfoto-Kronika-szkolna-prezent-dla-ucznia-005-300x202.jpg 300w, https:\/\/www.empikfoto.pl\/blog\/empikfoto\/2017\/06\/Empikfoto-Kronika-szkolna-prezent-dla-ucznia-005-400x269.jpg 400w\" sizes=\"auto, (max-width: 586px) 100vw, 586px\" \/><\/a><p id=\"caption-attachment-7579\" class=\"wp-caption-text\">Kronika szkolna &#8211; Moja klasa | empikfoto.pl<\/p><\/div>\n<div id=\"attachment_7580\" style=\"width: 597px\" class=\"wp-caption aligncenter\"><a href=\"http:\/\/www.empikfoto.pl\/fotoksiazka,twoj-projekt-szkola\/?utm_source=blog&amp;utm_medium=wpis&amp;utm_campaign=kronikaszkolna&amp;utm_content31052017\"><img loading=\"lazy\" decoding=\"async\" aria-describedby=\"caption-attachment-7580\" class=\"size-full wp-image-7580\" src=\"https:\/\/blog.empikfoto.pl\/empikfoto\/2017\/06\/Empikfoto-Kronika-szkolna-prezent-dla-ucznia-006.jpg\" alt=\"Empikfoto.pl: Kronika szkolna - idealny prezent dla ucznia\" width=\"587\" height=\"393\" srcset=\"https:\/\/www.empikfoto.pl\/blog\/empikfoto\/2017\/06\/Empikfoto-Kronika-szkolna-prezent-dla-ucznia-006.jpg 587w, https:\/\/www.empikfoto.pl\/blog\/empikfoto\/2017\/06\/Empikfoto-Kronika-szkolna-prezent-dla-ucznia-006-300x201.jpg 300w, https:\/\/www.empikfoto.pl\/blog\/empikfoto\/2017\/06\/Empikfoto-Kronika-szkolna-prezent-dla-ucznia-006-330x220.jpg 330w, https:\/\/www.empikfoto.pl\/blog\/empikfoto\/2017\/06\/Empikfoto-Kronika-szkolna-prezent-dla-ucznia-006-400x268.jpg 400w\" sizes=\"auto, (max-width: 587px) 100vw, 587px\" \/><\/a><p id=\"caption-attachment-7580\" class=\"wp-caption-text\">Kronika szkolna &#8211; Tw\u00f3j projekt: Szko\u0142a | empikfoto.pl<\/p><\/div>\n<div id=\"attachment_7581\" style=\"width: 597px\" class=\"wp-caption aligncenter\"><a href=\"http:\/\/www.empikfoto.pl\/fotoksiazka,kronika-szkolna?rodzaj-papieru=kredowy&amp;rodzaj-okladki=twarda-blyszczaca&amp;format=20x30&amp;wyjsciowa-ilosc-stron=28\/?utm_source=blog&amp;utm_medium=wpis&amp;utm_campaign=kronikaszkolna&amp;utm_content31052017\"><img loading=\"lazy\" decoding=\"async\" aria-describedby=\"caption-attachment-7581\" class=\"size-full wp-image-7581\" src=\"https:\/\/blog.empikfoto.pl\/empikfoto\/2017\/06\/Empikfoto-Kronika-szkolna-prezent-dla-ucznia-007.jpg\" alt=\"Empikfoto.pl: Kronika szkolna - idealny prezent dla ucznia\" width=\"587\" height=\"394\" srcset=\"https:\/\/www.empikfoto.pl\/blog\/empikfoto\/2017\/06\/Empikfoto-Kronika-szkolna-prezent-dla-ucznia-007.jpg 587w, https:\/\/www.empikfoto.pl\/blog\/empikfoto\/2017\/06\/Empikfoto-Kronika-szkolna-prezent-dla-ucznia-007-300x201.jpg 300w, https:\/\/www.empikfoto.pl\/blog\/empikfoto\/2017\/06\/Empikfoto-Kronika-szkolna-prezent-dla-ucznia-007-330x220.jpg 330w, https:\/\/www.empikfoto.pl\/blog\/empikfoto\/2017\/06\/Empikfoto-Kronika-szkolna-prezent-dla-ucznia-007-400x268.jpg 400w\" sizes=\"auto, (max-width: 587px) 100vw, 587px\" \/><\/a><p id=\"caption-attachment-7581\" class=\"wp-caption-text\">Kronika szkolna | empikfoto.pl<\/p><\/div>\n<div id=\"attachment_7582\" style=\"width: 597px\" class=\"wp-caption aligncenter\"><a href=\"http:\/\/www.empikfoto.pl\/fotoksiazka,pusty-szablon\/?utm_source=blog&amp;utm_medium=wpis&amp;utm_campaign=kronikaszkolna&amp;utm_content31052017\"><img loading=\"lazy\" decoding=\"async\" aria-describedby=\"caption-attachment-7582\" class=\"size-full wp-image-7582\" src=\"https:\/\/blog.empikfoto.pl\/empikfoto\/2017\/06\/Empikfoto-Kronika-szkolna-prezent-dla-ucznia-008.jpg\" alt=\"Empikfoto.pl: Kronika szkolna - idealny prezent dla ucznia\" width=\"587\" height=\"394\" srcset=\"https:\/\/www.empikfoto.pl\/blog\/empikfoto\/2017\/06\/Empikfoto-Kronika-szkolna-prezent-dla-ucznia-008.jpg 587w, https:\/\/www.empikfoto.pl\/blog\/empikfoto\/2017\/06\/Empikfoto-Kronika-szkolna-prezent-dla-ucznia-008-300x201.jpg 300w, https:\/\/www.empikfoto.pl\/blog\/empikfoto\/2017\/06\/Empikfoto-Kronika-szkolna-prezent-dla-ucznia-008-330x220.jpg 330w, https:\/\/www.empikfoto.pl\/blog\/empikfoto\/2017\/06\/Empikfoto-Kronika-szkolna-prezent-dla-ucznia-008-400x268.jpg 400w\" sizes=\"auto, (max-width: 587px) 100vw, 587px\" \/><\/a><p id=\"caption-attachment-7582\" class=\"wp-caption-text\">Kronika szkolna &#8211; Pusty szablon | empikfoto.pl<\/p><\/div>\n<p>Szukacie jeszcze wi\u0119cej pomys\u0142\u00f3w na prezent dla ucznia oraz prezent dla nauczyciela na koniec roku? Koniecznie przeczytajcie:<\/p>\n<blockquote>\n<ul>\n<li><strong><a href=\"https:\/\/blog.empikfoto.pl\/2017\/06\/pomysl-na-prezent-dla-ucznia\/\">Pomys\u0142 na prezent dla ucznia<\/a><\/strong><\/li>\n<li><strong><a href=\"https:\/\/blog.empikfoto.pl\/2017\/06\/prezent-dla-nauczyciela\/\">Pomys\u0142 na prezent dla nauczyciela<\/a><\/strong><\/li>\n<\/ul>\n<\/blockquote>\n<p>odwied\u017acie nasz\u0105 stron\u0119:<\/p>\n<blockquote>\n<ul>\n<li><a href=\"http:\/\/www.empikfoto.pl\/szkola\"><strong>Oferta szkolna\u00a0empikfoto.pl<\/strong><\/a><\/li>\n<\/ul>\n<\/blockquote>\n<p>oraz zobaczcie galeri\u0119 <strong><a href=\"http:\/\/www.empikfoto.pl\/szkola\/?utm_source=blog&amp;utm_medium=wpis&amp;utm_campaign=kronikaszkolna&amp;utm_content31052017\">super prezent\u00f3w<\/a><\/strong>!<\/p>\n<div id=\"attachment_7585\" style=\"width: 510px\" class=\"wp-caption aligncenter\"><a href=\"http:\/\/www.empikfoto.pl\/kubek,kubek-ucznia\/?utm_source=blog&amp;utm_medium=wpis&amp;utm_campaign=kronikaszkolna&amp;utm_content31052017\"><img loading=\"lazy\" decoding=\"async\" aria-describedby=\"caption-attachment-7585\" class=\"size-full wp-image-7585\" src=\"https:\/\/blog.empikfoto.pl\/empikfoto\/2017\/06\/Empikfoto-Prezent-dla-ucznia-001-1.jpg\" alt=\"Empikfoto.pl: Prezenty dla ucznia na koniec roku\" width=\"500\" height=\"400\" srcset=\"https:\/\/www.empikfoto.pl\/blog\/empikfoto\/2017\/06\/Empikfoto-Prezent-dla-ucznia-001-1.jpg 500w, https:\/\/www.empikfoto.pl\/blog\/empikfoto\/2017\/06\/Empikfoto-Prezent-dla-ucznia-001-1-300x240.jpg 300w, https:\/\/www.empikfoto.pl\/blog\/empikfoto\/2017\/06\/Empikfoto-Prezent-dla-ucznia-001-1-400x320.jpg 400w\" sizes=\"auto, (max-width: 500px) 100vw, 500px\" \/><\/a><p id=\"caption-attachment-7585\" class=\"wp-caption-text\">Prezent dla ucznia &#8211; Kubek Ucznia | empikfoto.pl<\/p><\/div>\n<div id=\"attachment_7586\" style=\"width: 510px\" class=\"wp-caption aligncenter\"><a href=\"http:\/\/www.empikfoto.pl\/kubek,kubek-uczennicy\/?utm_source=blog&amp;utm_medium=wpis&amp;utm_campaign=kronikaszkolna&amp;utm_content31052017\"><img loading=\"lazy\" decoding=\"async\" aria-describedby=\"caption-attachment-7586\" class=\"size-full wp-image-7586\" src=\"https:\/\/blog.empikfoto.pl\/empikfoto\/2017\/06\/Empikfoto-Prezent-dla-ucznia-002-1.jpg\" alt=\"Empikfoto.pl: Prezenty dla ucznia na koniec roku\" width=\"500\" height=\"400\" srcset=\"https:\/\/www.empikfoto.pl\/blog\/empikfoto\/2017\/06\/Empikfoto-Prezent-dla-ucznia-002-1.jpg 500w, https:\/\/www.empikfoto.pl\/blog\/empikfoto\/2017\/06\/Empikfoto-Prezent-dla-ucznia-002-1-300x240.jpg 300w, https:\/\/www.empikfoto.pl\/blog\/empikfoto\/2017\/06\/Empikfoto-Prezent-dla-ucznia-002-1-400x320.jpg 400w\" sizes=\"auto, (max-width: 500px) 100vw, 500px\" \/><\/a><p id=\"caption-attachment-7586\" class=\"wp-caption-text\">Prezent dla ucznia &#8211; Kubek Uczennicy | empikfoto.pl<\/p><\/div>\n<div id=\"attachment_7587\" style=\"width: 510px\" class=\"wp-caption aligncenter\"><a href=\"http:\/\/www.empikfoto.pl\/kubek,kubek-super-klasy?kolor-produktu=zielony&amp;pojemnosc=440\/?utm_source=blog&amp;utm_medium=wpis&amp;utm_campaign=kronikaszkolna&amp;utm_content31052017\"><img loading=\"lazy\" decoding=\"async\" aria-describedby=\"caption-attachment-7587\" class=\"size-full wp-image-7587\" src=\"https:\/\/blog.empikfoto.pl\/empikfoto\/2017\/06\/Empikfoto-Prezent-dla-ucznia-003-1.jpg\" alt=\"Empikfoto.pl: Prezenty dla ucznia na koniec roku\" width=\"500\" height=\"400\" srcset=\"https:\/\/www.empikfoto.pl\/blog\/empikfoto\/2017\/06\/Empikfoto-Prezent-dla-ucznia-003-1.jpg 500w, https:\/\/www.empikfoto.pl\/blog\/empikfoto\/2017\/06\/Empikfoto-Prezent-dla-ucznia-003-1-300x240.jpg 300w, https:\/\/www.empikfoto.pl\/blog\/empikfoto\/2017\/06\/Empikfoto-Prezent-dla-ucznia-003-1-400x320.jpg 400w\" sizes=\"auto, (max-width: 500px) 100vw, 500px\" \/><\/a><p id=\"caption-attachment-7587\" class=\"wp-caption-text\">Prezent dla ucznia &#8211; Kubek klasowy | empikfoto.pl<\/p><\/div>\n<div id=\"attachment_7588\" style=\"width: 445px\" class=\"wp-caption aligncenter\"><a href=\"http:\/\/www.empikfoto.pl\/plakat,plakat-klasowy\/?utm_source=blog&amp;utm_medium=wpis&amp;utm_campaign=kronikaszkolna&amp;utm_content31052017\"><img loading=\"lazy\" decoding=\"async\" aria-describedby=\"caption-attachment-7588\" class=\"size-full wp-image-7588\" src=\"https:\/\/blog.empikfoto.pl\/empikfoto\/2017\/06\/Empikfoto-Prezent-dla-ucznia-008.jpg\" alt=\"Empikfoto.pl: Prezenty dla ucznia na koniec roku\" width=\"435\" height=\"435\" srcset=\"https:\/\/www.empikfoto.pl\/blog\/empikfoto\/2017\/06\/Empikfoto-Prezent-dla-ucznia-008.jpg 435w, https:\/\/www.empikfoto.pl\/blog\/empikfoto\/2017\/06\/Empikfoto-Prezent-dla-ucznia-008-150x150.jpg 150w, https:\/\/www.empikfoto.pl\/blog\/empikfoto\/2017\/06\/Empikfoto-Prezent-dla-ucznia-008-300x300.jpg 300w, https:\/\/www.empikfoto.pl\/blog\/empikfoto\/2017\/06\/Empikfoto-Prezent-dla-ucznia-008-400x400.jpg 400w\" sizes=\"auto, (max-width: 435px) 100vw, 435px\" \/><\/a><p id=\"caption-attachment-7588\" class=\"wp-caption-text\">Prezent dla ucznia &#8211; FotoPlakat klasowy | empikfoto.pl<\/p><\/div>\n<div id=\"attachment_7589\" style=\"width: 445px\" class=\"wp-caption aligncenter\"><a href=\"http:\/\/www.empikfoto.pl\/obraz,obraz-klasowy\/?utm_source=blog&amp;utm_medium=wpis&amp;utm_campaign=kronikaszkolna&amp;utm_content31052017\"><img loading=\"lazy\" decoding=\"async\" aria-describedby=\"caption-attachment-7589\" class=\"size-full wp-image-7589\" src=\"https:\/\/blog.empikfoto.pl\/empikfoto\/2017\/06\/Empikfoto-Prezent-dla-ucznia-009-1.jpg\" alt=\"Empikfoto.pl: Prezenty dla ucznia na koniec roku\" width=\"435\" height=\"435\" srcset=\"https:\/\/www.empikfoto.pl\/blog\/empikfoto\/2017\/06\/Empikfoto-Prezent-dla-ucznia-009-1.jpg 435w, https:\/\/www.empikfoto.pl\/blog\/empikfoto\/2017\/06\/Empikfoto-Prezent-dla-ucznia-009-1-150x150.jpg 150w, https:\/\/www.empikfoto.pl\/blog\/empikfoto\/2017\/06\/Empikfoto-Prezent-dla-ucznia-009-1-300x300.jpg 300w, https:\/\/www.empikfoto.pl\/blog\/empikfoto\/2017\/06\/Empikfoto-Prezent-dla-ucznia-009-1-400x400.jpg 400w\" sizes=\"auto, (max-width: 435px) 100vw, 435px\" \/><\/a><p id=\"caption-attachment-7589\" class=\"wp-caption-text\">Prezent dla ucznia &#8211; FotoObraz klasowy | empikfoto.pl<\/p><\/div>\n<div id=\"attachment_7590\" style=\"width: 590px\" class=\"wp-caption aligncenter\"><a href=\"http:\/\/www.empikfoto.pl\/koszulka,koszulka-ucznia\/?utm_source=blog&amp;utm_medium=wpis&amp;utm_campaign=kronikaszkolna&amp;utm_content31052017\"><img loading=\"lazy\" decoding=\"async\" aria-describedby=\"caption-attachment-7590\" class=\"size-full wp-image-7590\" src=\"https:\/\/blog.empikfoto.pl\/empikfoto\/2017\/06\/Empikfoto-Prezent-dla-ucznia-004.png\" alt=\"Empikfoto.pl: Prezenty dla ucznia na koniec roku\" width=\"580\" height=\"435\" srcset=\"https:\/\/www.empikfoto.pl\/blog\/empikfoto\/2017\/06\/Empikfoto-Prezent-dla-ucznia-004.png 580w, https:\/\/www.empikfoto.pl\/blog\/empikfoto\/2017\/06\/Empikfoto-Prezent-dla-ucznia-004-300x225.png 300w, https:\/\/www.empikfoto.pl\/blog\/empikfoto\/2017\/06\/Empikfoto-Prezent-dla-ucznia-004-400x300.png 400w\" sizes=\"auto, (max-width: 580px) 100vw, 580px\" \/><\/a><p id=\"caption-attachment-7590\" class=\"wp-caption-text\">Prezent dla ucznia &#8211; Koszulka Ucznia | empikfoto.pl<\/p><\/div>\n<div id=\"attachment_7591\" style=\"width: 590px\" class=\"wp-caption aligncenter\"><a href=\"http:\/\/www.empikfoto.pl\/koszulka,klasowy-t-shirt\/?utm_source=blog&amp;utm_medium=wpis&amp;utm_campaign=kronikaszkolna&amp;utm_content31052017\"><img loading=\"lazy\" decoding=\"async\" aria-describedby=\"caption-attachment-7591\" class=\"size-full wp-image-7591\" src=\"https:\/\/blog.empikfoto.pl\/empikfoto\/2017\/06\/Empikfoto-Prezent-dla-ucznia-005.png\" alt=\"Empikfoto.pl: Prezenty dla ucznia na koniec roku\" width=\"580\" height=\"435\" srcset=\"https:\/\/www.empikfoto.pl\/blog\/empikfoto\/2017\/06\/Empikfoto-Prezent-dla-ucznia-005.png 580w, https:\/\/www.empikfoto.pl\/blog\/empikfoto\/2017\/06\/Empikfoto-Prezent-dla-ucznia-005-300x225.png 300w, https:\/\/www.empikfoto.pl\/blog\/empikfoto\/2017\/06\/Empikfoto-Prezent-dla-ucznia-005-400x300.png 400w\" sizes=\"auto, (max-width: 580px) 100vw, 580px\" \/><\/a><p id=\"caption-attachment-7591\" class=\"wp-caption-text\">Prezent dla ucznia &#8211; Koszulka klasowa | empikfoto.pl<\/p><\/div>\n<div id=\"attachment_7592\" style=\"width: 471px\" class=\"wp-caption aligncenter\"><a href=\"http:\/\/www.empikfoto.pl\/torba,stroj-gimnastyczny\/?utm_source=blog&amp;utm_medium=wpis&amp;utm_campaign=kronikaszkolna&amp;utm_content31052017\"><img loading=\"lazy\" decoding=\"async\" aria-describedby=\"caption-attachment-7592\" class=\"size-full wp-image-7592\" src=\"https:\/\/blog.empikfoto.pl\/empikfoto\/2017\/06\/Empikfoto-Prezent-dla-ucznia-006.png\" alt=\"Empikfoto.pl: Prezenty dla ucznia na koniec roku\" width=\"461\" height=\"435\" srcset=\"https:\/\/www.empikfoto.pl\/blog\/empikfoto\/2017\/06\/Empikfoto-Prezent-dla-ucznia-006.png 461w, https:\/\/www.empikfoto.pl\/blog\/empikfoto\/2017\/06\/Empikfoto-Prezent-dla-ucznia-006-300x283.png 300w, https:\/\/www.empikfoto.pl\/blog\/empikfoto\/2017\/06\/Empikfoto-Prezent-dla-ucznia-006-400x377.png 400w\" sizes=\"auto, (max-width: 461px) 100vw, 461px\" \/><\/a><p id=\"caption-attachment-7592\" class=\"wp-caption-text\">Prezent dla ucznia &#8211; Torba na str\u00f3j gimnastyczny | empikfoto.pl<\/p><\/div>\n<div id=\"attachment_7593\" style=\"width: 590px\" class=\"wp-caption aligncenter\"><a href=\"http:\/\/www.empikfoto.pl\/plakat,slodkie-chwile-przedszkolaka\/?utm_source=blog&amp;utm_medium=wpis&amp;utm_campaign=kronikaszkolna&amp;utm_content31052017\"><img loading=\"lazy\" decoding=\"async\" aria-describedby=\"caption-attachment-7593\" class=\"size-full wp-image-7593\" src=\"https:\/\/blog.empikfoto.pl\/empikfoto\/2017\/06\/Empikfoto-Prezent-dla-ucznia-007-1.png\" alt=\"Empikfoto.pl: Prezenty dla ucznia na koniec roku\" width=\"580\" height=\"435\" srcset=\"https:\/\/www.empikfoto.pl\/blog\/empikfoto\/2017\/06\/Empikfoto-Prezent-dla-ucznia-007-1.png 580w, https:\/\/www.empikfoto.pl\/blog\/empikfoto\/2017\/06\/Empikfoto-Prezent-dla-ucznia-007-1-300x225.png 300w, https:\/\/www.empikfoto.pl\/blog\/empikfoto\/2017\/06\/Empikfoto-Prezent-dla-ucznia-007-1-400x300.png 400w\" sizes=\"auto, (max-width: 580px) 100vw, 580px\" \/><\/a><p id=\"caption-attachment-7593\" class=\"wp-caption-text\">Prezent dla ucznia &#8211; FotoPlakat S\u0142odkie chwile Przedszkolaka | empikfoto.pl<\/p><\/div>\n<p>&nbsp;<\/p>\n","protected":false},"excerpt":{"rendered":"<p>Kronika szkolna to \u015bwietny pomys\u0142, by zachowa\u0107 na zawsze najlepsze wspomnienia ze szkolnej \u0142awki. Na Waszych p\u00f3\u0142kach z pewno\u015bci\u0105 znajduj\u0105 si\u0119 stare albumy z odbitkami, po kt\u00f3re cz\u0119sto si\u0119gacie, by spotka\u0107 koleg\u00f3w i kole\u017canki z klasy oraz ulubionych nauczycieli. Sprawcie wi\u0119c prezent swoim maluchom, kt\u00f3re w\u0142a\u015bnie ko\u0144cz\u0105 kolejny rok szkolny, aby za kilka lat mog\u0142y te\u017c cieszy\u0107 si\u0119 takimi wspomnieniami! Fotoksi\u0105\u017cka to doskona\u0142y spos\u00f3b na kronik\u0119 klasow\u0105 w nowoczesnej formie!<\/p>\n","protected":false},"author":16,"featured_media":7597,"comment_status":"closed","ping_status":"closed","sticky":true,"template":"","format":"standard","meta":{"footnotes":""},"categories":[782],"tags":[],"class_list":["post-7569","post","type-post","status-publish","format-standard","has-post-thumbnail","hentry","category-diy"],"yoast_head":"<!-- This site is optimized with the Yoast SEO plugin v27.4 - https:\/\/yoast.com\/product\/yoast-seo-wordpress\/ -->\n<title>Kronika szkolna \u2013 jak stworzy\u0107 klasow\u0105 ksi\u0119g\u0119 | Empik Foto<\/title>\n<meta name=\"description\" content=\"Kronika szkolna to \u015bwietny pomys\u0142, by zachowa\u0107 na zawsze najlepsze wspomnienia ze szkolnej \u0142awki. Zobacz, jak j\u0105 zaprojektowa\u0107 w 3 minuty!\" \/>\n<meta name=\"robots\" content=\"index, follow, max-snippet:-1, max-image-preview:large, max-video-preview:-1\" \/>\n<link rel=\"canonical\" href=\"https:\/\/www.empikfoto.pl\/blog\/kronika-szkolna\/\" \/>\n<meta property=\"og:locale\" content=\"pl_PL\" \/>\n<meta property=\"og:type\" content=\"article\" \/>\n<meta property=\"og:title\" content=\"Kronika szkolna \u2013 jak stworzy\u0107 klasow\u0105 ksi\u0119g\u0119 w 3 minuty\" \/>\n<meta property=\"og:description\" content=\"Kronika szkolna to \u015bwietny pomys\u0142, by zachowa\u0107 na zawsze najlepsze wspomnienia ze szkolnej \u0142awki. Zobacz, jak j\u0105 zaprojektowa\u0107 w 3 minuty!\" \/>\n<meta property=\"og:url\" content=\"https:\/\/www.empikfoto.pl\/blog\/kronika-szkolna\/\" \/>\n<meta property=\"og:site_name\" content=\"blog.empikfoto.pl\" \/>\n<meta property=\"article:publisher\" content=\"https:\/\/www.facebook.com\/empikfotopl\/\" \/>\n<meta property=\"article:published_time\" content=\"2017-05-31T15:35:48+00:00\" \/>\n<meta property=\"article:modified_time\" content=\"2023-07-26T13:36:00+00:00\" \/>\n<meta property=\"og:image\" content=\"https:\/\/www.empikfoto.pl\/blog\/empikfoto\/2017\/06\/Empikfoto-Prezent-dla-ucznia-000.png\" \/>\n\t<meta property=\"og:image:width\" content=\"1200\" \/>\n\t<meta property=\"og:image:height\" content=\"800\" \/>\n\t<meta property=\"og:image:type\" content=\"image\/png\" \/>\n<meta name=\"author\" content=\"Patrycja\" \/>\n<meta name=\"twitter:card\" content=\"summary_large_image\" \/>\n<meta name=\"twitter:creator\" content=\"@empikfoto\" \/>\n<meta name=\"twitter:site\" content=\"@empikfoto\" \/>\n<meta name=\"twitter:label1\" content=\"Napisane przez\" \/>\n\t<meta name=\"twitter:data1\" content=\"Patrycja\" \/>\n\t<meta name=\"twitter:label2\" content=\"Szacowany czas czytania\" \/>\n\t<meta name=\"twitter:data2\" content=\"7 minut\" \/>\n<script type=\"application\/ld+json\" class=\"yoast-schema-graph\">{\"@context\":\"https:\\\/\\\/schema.org\",\"@graph\":[{\"@type\":\"Article\",\"@id\":\"https:\\\/\\\/www.empikfoto.pl\\\/blog\\\/kronika-szkolna\\\/#article\",\"isPartOf\":{\"@id\":\"https:\\\/\\\/www.empikfoto.pl\\\/blog\\\/kronika-szkolna\\\/\"},\"author\":{\"name\":\"Patrycja\",\"@id\":\"https:\\\/\\\/www.empikfoto.pl\\\/blog\\\/#\\\/schema\\\/person\\\/0313802ca5dac502e3266853c59632c0\"},\"headline\":\"Kronika szkolna \u2013 jak stworzy\u0107 klasow\u0105 ksi\u0119g\u0119\",\"datePublished\":\"2017-05-31T15:35:48+00:00\",\"dateModified\":\"2023-07-26T13:36:00+00:00\",\"mainEntityOfPage\":{\"@id\":\"https:\\\/\\\/www.empikfoto.pl\\\/blog\\\/kronika-szkolna\\\/\"},\"wordCount\":789,\"image\":{\"@id\":\"https:\\\/\\\/www.empikfoto.pl\\\/blog\\\/kronika-szkolna\\\/#primaryimage\"},\"thumbnailUrl\":\"https:\\\/\\\/www.empikfoto.pl\\\/blog\\\/empikfoto\\\/2017\\\/06\\\/Empikfoto-Prezent-dla-ucznia-000.png\",\"articleSection\":[\"DIY\"],\"inLanguage\":\"pl-PL\"},{\"@type\":\"WebPage\",\"@id\":\"https:\\\/\\\/www.empikfoto.pl\\\/blog\\\/kronika-szkolna\\\/\",\"url\":\"https:\\\/\\\/www.empikfoto.pl\\\/blog\\\/kronika-szkolna\\\/\",\"name\":\"Kronika szkolna \u2013 jak stworzy\u0107 klasow\u0105 ksi\u0119g\u0119 | Empik Foto\",\"isPartOf\":{\"@id\":\"https:\\\/\\\/www.empikfoto.pl\\\/blog\\\/#website\"},\"primaryImageOfPage\":{\"@id\":\"https:\\\/\\\/www.empikfoto.pl\\\/blog\\\/kronika-szkolna\\\/#primaryimage\"},\"image\":{\"@id\":\"https:\\\/\\\/www.empikfoto.pl\\\/blog\\\/kronika-szkolna\\\/#primaryimage\"},\"thumbnailUrl\":\"https:\\\/\\\/www.empikfoto.pl\\\/blog\\\/empikfoto\\\/2017\\\/06\\\/Empikfoto-Prezent-dla-ucznia-000.png\",\"datePublished\":\"2017-05-31T15:35:48+00:00\",\"dateModified\":\"2023-07-26T13:36:00+00:00\",\"author\":{\"@id\":\"https:\\\/\\\/www.empikfoto.pl\\\/blog\\\/#\\\/schema\\\/person\\\/0313802ca5dac502e3266853c59632c0\"},\"description\":\"Kronika szkolna to \u015bwietny pomys\u0142, by zachowa\u0107 na zawsze najlepsze wspomnienia ze szkolnej \u0142awki. Zobacz, jak j\u0105 zaprojektowa\u0107 w 3 minuty!\",\"breadcrumb\":{\"@id\":\"https:\\\/\\\/www.empikfoto.pl\\\/blog\\\/kronika-szkolna\\\/#breadcrumb\"},\"inLanguage\":\"pl-PL\",\"potentialAction\":[{\"@type\":\"ReadAction\",\"target\":[\"https:\\\/\\\/www.empikfoto.pl\\\/blog\\\/kronika-szkolna\\\/\"]}]},{\"@type\":\"ImageObject\",\"inLanguage\":\"pl-PL\",\"@id\":\"https:\\\/\\\/www.empikfoto.pl\\\/blog\\\/kronika-szkolna\\\/#primaryimage\",\"url\":\"https:\\\/\\\/www.empikfoto.pl\\\/blog\\\/empikfoto\\\/2017\\\/06\\\/Empikfoto-Prezent-dla-ucznia-000.png\",\"contentUrl\":\"https:\\\/\\\/www.empikfoto.pl\\\/blog\\\/empikfoto\\\/2017\\\/06\\\/Empikfoto-Prezent-dla-ucznia-000.png\",\"width\":1200,\"height\":800},{\"@type\":\"BreadcrumbList\",\"@id\":\"https:\\\/\\\/www.empikfoto.pl\\\/blog\\\/kronika-szkolna\\\/#breadcrumb\",\"itemListElement\":[{\"@type\":\"ListItem\",\"position\":1,\"name\":\"Strona g\u0142\u00f3wna\",\"item\":\"https:\\\/\\\/www.empikfoto.pl\\\/blog\\\/\"},{\"@type\":\"ListItem\",\"position\":2,\"name\":\"Kronika szkolna \u2013 jak stworzy\u0107 klasow\u0105 ksi\u0119g\u0119\"}]},{\"@type\":\"WebSite\",\"@id\":\"https:\\\/\\\/www.empikfoto.pl\\\/blog\\\/#website\",\"url\":\"https:\\\/\\\/www.empikfoto.pl\\\/blog\\\/\",\"name\":\"blog.empikfoto.pl\",\"description\":\"Poznaj empikfoto.pl od \u015brodka! Dowiedz si\u0119 wi\u0119cej o odbitkach, fotoksi\u0105\u017ckach i fotografii.\",\"potentialAction\":[{\"@type\":\"SearchAction\",\"target\":{\"@type\":\"EntryPoint\",\"urlTemplate\":\"https:\\\/\\\/www.empikfoto.pl\\\/blog\\\/?s={search_term_string}\"},\"query-input\":{\"@type\":\"PropertyValueSpecification\",\"valueRequired\":true,\"valueName\":\"search_term_string\"}}],\"inLanguage\":\"pl-PL\"},{\"@type\":\"Person\",\"@id\":\"https:\\\/\\\/www.empikfoto.pl\\\/blog\\\/#\\\/schema\\\/person\\\/0313802ca5dac502e3266853c59632c0\",\"name\":\"Patrycja\",\"image\":{\"@type\":\"ImageObject\",\"inLanguage\":\"pl-PL\",\"@id\":\"https:\\\/\\\/secure.gravatar.com\\\/avatar\\\/f25168e12215ad42f58e5fb72881daaeb57bd4f907081046016f64bf167db59f?s=96&d=identicon&r=g\",\"url\":\"https:\\\/\\\/secure.gravatar.com\\\/avatar\\\/f25168e12215ad42f58e5fb72881daaeb57bd4f907081046016f64bf167db59f?s=96&d=identicon&r=g\",\"contentUrl\":\"https:\\\/\\\/secure.gravatar.com\\\/avatar\\\/f25168e12215ad42f58e5fb72881daaeb57bd4f907081046016f64bf167db59f?s=96&d=identicon&r=g\",\"caption\":\"Patrycja\"},\"url\":\"https:\\\/\\\/www.empikfoto.pl\\\/blog\\\/author\\\/patrycja\\\/\"}]}<\/script>\n<!-- \/ Yoast SEO plugin. -->","yoast_head_json":{"title":"Kronika szkolna \u2013 jak stworzy\u0107 klasow\u0105 ksi\u0119g\u0119 | Empik Foto","description":"Kronika szkolna to \u015bwietny pomys\u0142, by zachowa\u0107 na zawsze najlepsze wspomnienia ze szkolnej \u0142awki. Zobacz, jak j\u0105 zaprojektowa\u0107 w 3 minuty!","robots":{"index":"index","follow":"follow","max-snippet":"max-snippet:-1","max-image-preview":"max-image-preview:large","max-video-preview":"max-video-preview:-1"},"canonical":"https:\/\/www.empikfoto.pl\/blog\/kronika-szkolna\/","og_locale":"pl_PL","og_type":"article","og_title":"Kronika szkolna \u2013 jak stworzy\u0107 klasow\u0105 ksi\u0119g\u0119 w 3 minuty","og_description":"Kronika szkolna to \u015bwietny pomys\u0142, by zachowa\u0107 na zawsze najlepsze wspomnienia ze szkolnej \u0142awki. Zobacz, jak j\u0105 zaprojektowa\u0107 w 3 minuty!","og_url":"https:\/\/www.empikfoto.pl\/blog\/kronika-szkolna\/","og_site_name":"blog.empikfoto.pl","article_publisher":"https:\/\/www.facebook.com\/empikfotopl\/","article_published_time":"2017-05-31T15:35:48+00:00","article_modified_time":"2023-07-26T13:36:00+00:00","og_image":[{"width":1200,"height":800,"url":"https:\/\/www.empikfoto.pl\/blog\/empikfoto\/2017\/06\/Empikfoto-Prezent-dla-ucznia-000.png","type":"image\/png"}],"author":"Patrycja","twitter_card":"summary_large_image","twitter_creator":"@empikfoto","twitter_site":"@empikfoto","twitter_misc":{"Napisane przez":"Patrycja","Szacowany czas czytania":"7 minut"},"schema":{"@context":"https:\/\/schema.org","@graph":[{"@type":"Article","@id":"https:\/\/www.empikfoto.pl\/blog\/kronika-szkolna\/#article","isPartOf":{"@id":"https:\/\/www.empikfoto.pl\/blog\/kronika-szkolna\/"},"author":{"name":"Patrycja","@id":"https:\/\/www.empikfoto.pl\/blog\/#\/schema\/person\/0313802ca5dac502e3266853c59632c0"},"headline":"Kronika szkolna \u2013 jak stworzy\u0107 klasow\u0105 ksi\u0119g\u0119","datePublished":"2017-05-31T15:35:48+00:00","dateModified":"2023-07-26T13:36:00+00:00","mainEntityOfPage":{"@id":"https:\/\/www.empikfoto.pl\/blog\/kronika-szkolna\/"},"wordCount":789,"image":{"@id":"https:\/\/www.empikfoto.pl\/blog\/kronika-szkolna\/#primaryimage"},"thumbnailUrl":"https:\/\/www.empikfoto.pl\/blog\/empikfoto\/2017\/06\/Empikfoto-Prezent-dla-ucznia-000.png","articleSection":["DIY"],"inLanguage":"pl-PL"},{"@type":"WebPage","@id":"https:\/\/www.empikfoto.pl\/blog\/kronika-szkolna\/","url":"https:\/\/www.empikfoto.pl\/blog\/kronika-szkolna\/","name":"Kronika szkolna \u2013 jak stworzy\u0107 klasow\u0105 ksi\u0119g\u0119 | Empik Foto","isPartOf":{"@id":"https:\/\/www.empikfoto.pl\/blog\/#website"},"primaryImageOfPage":{"@id":"https:\/\/www.empikfoto.pl\/blog\/kronika-szkolna\/#primaryimage"},"image":{"@id":"https:\/\/www.empikfoto.pl\/blog\/kronika-szkolna\/#primaryimage"},"thumbnailUrl":"https:\/\/www.empikfoto.pl\/blog\/empikfoto\/2017\/06\/Empikfoto-Prezent-dla-ucznia-000.png","datePublished":"2017-05-31T15:35:48+00:00","dateModified":"2023-07-26T13:36:00+00:00","author":{"@id":"https:\/\/www.empikfoto.pl\/blog\/#\/schema\/person\/0313802ca5dac502e3266853c59632c0"},"description":"Kronika szkolna to \u015bwietny pomys\u0142, by zachowa\u0107 na zawsze najlepsze wspomnienia ze szkolnej \u0142awki. Zobacz, jak j\u0105 zaprojektowa\u0107 w 3 minuty!","breadcrumb":{"@id":"https:\/\/www.empikfoto.pl\/blog\/kronika-szkolna\/#breadcrumb"},"inLanguage":"pl-PL","potentialAction":[{"@type":"ReadAction","target":["https:\/\/www.empikfoto.pl\/blog\/kronika-szkolna\/"]}]},{"@type":"ImageObject","inLanguage":"pl-PL","@id":"https:\/\/www.empikfoto.pl\/blog\/kronika-szkolna\/#primaryimage","url":"https:\/\/www.empikfoto.pl\/blog\/empikfoto\/2017\/06\/Empikfoto-Prezent-dla-ucznia-000.png","contentUrl":"https:\/\/www.empikfoto.pl\/blog\/empikfoto\/2017\/06\/Empikfoto-Prezent-dla-ucznia-000.png","width":1200,"height":800},{"@type":"BreadcrumbList","@id":"https:\/\/www.empikfoto.pl\/blog\/kronika-szkolna\/#breadcrumb","itemListElement":[{"@type":"ListItem","position":1,"name":"Strona g\u0142\u00f3wna","item":"https:\/\/www.empikfoto.pl\/blog\/"},{"@type":"ListItem","position":2,"name":"Kronika szkolna \u2013 jak stworzy\u0107 klasow\u0105 ksi\u0119g\u0119"}]},{"@type":"WebSite","@id":"https:\/\/www.empikfoto.pl\/blog\/#website","url":"https:\/\/www.empikfoto.pl\/blog\/","name":"blog.empikfoto.pl","description":"Poznaj empikfoto.pl od \u015brodka! Dowiedz si\u0119 wi\u0119cej o odbitkach, fotoksi\u0105\u017ckach i fotografii.","potentialAction":[{"@type":"SearchAction","target":{"@type":"EntryPoint","urlTemplate":"https:\/\/www.empikfoto.pl\/blog\/?s={search_term_string}"},"query-input":{"@type":"PropertyValueSpecification","valueRequired":true,"valueName":"search_term_string"}}],"inLanguage":"pl-PL"},{"@type":"Person","@id":"https:\/\/www.empikfoto.pl\/blog\/#\/schema\/person\/0313802ca5dac502e3266853c59632c0","name":"Patrycja","image":{"@type":"ImageObject","inLanguage":"pl-PL","@id":"https:\/\/secure.gravatar.com\/avatar\/f25168e12215ad42f58e5fb72881daaeb57bd4f907081046016f64bf167db59f?s=96&d=identicon&r=g","url":"https:\/\/secure.gravatar.com\/avatar\/f25168e12215ad42f58e5fb72881daaeb57bd4f907081046016f64bf167db59f?s=96&d=identicon&r=g","contentUrl":"https:\/\/secure.gravatar.com\/avatar\/f25168e12215ad42f58e5fb72881daaeb57bd4f907081046016f64bf167db59f?s=96&d=identicon&r=g","caption":"Patrycja"},"url":"https:\/\/www.empikfoto.pl\/blog\/author\/patrycja\/"}]}},"amp_enabled":true,"_links":{"self":[{"href":"https:\/\/www.empikfoto.pl\/blog\/wp-json\/wp\/v2\/posts\/7569","targetHints":{"allow":["GET"]}}],"collection":[{"href":"https:\/\/www.empikfoto.pl\/blog\/wp-json\/wp\/v2\/posts"}],"about":[{"href":"https:\/\/www.empikfoto.pl\/blog\/wp-json\/wp\/v2\/types\/post"}],"author":[{"embeddable":true,"href":"https:\/\/www.empikfoto.pl\/blog\/wp-json\/wp\/v2\/users\/16"}],"replies":[{"embeddable":true,"href":"https:\/\/www.empikfoto.pl\/blog\/wp-json\/wp\/v2\/comments?post=7569"}],"version-history":[{"count":15,"href":"https:\/\/www.empikfoto.pl\/blog\/wp-json\/wp\/v2\/posts\/7569\/revisions"}],"predecessor-version":[{"id":12508,"href":"https:\/\/www.empikfoto.pl\/blog\/wp-json\/wp\/v2\/posts\/7569\/revisions\/12508"}],"wp:featuredmedia":[{"embeddable":true,"href":"https:\/\/www.empikfoto.pl\/blog\/wp-json\/wp\/v2\/media\/7597"}],"wp:attachment":[{"href":"https:\/\/www.empikfoto.pl\/blog\/wp-json\/wp\/v2\/media?parent=7569"}],"wp:term":[{"taxonomy":"category","embeddable":true,"href":"https:\/\/www.empikfoto.pl\/blog\/wp-json\/wp\/v2\/categories?post=7569"},{"taxonomy":"post_tag","embeddable":true,"href":"https:\/\/www.empikfoto.pl\/blog\/wp-json\/wp\/v2\/tags?post=7569"}],"curies":[{"name":"wp","href":"https:\/\/api.w.org\/{rel}","templated":true}]}}