{"id":7970,"date":"2017-11-12T13:00:14","date_gmt":"2017-11-12T12:00:14","guid":{"rendered":"http:\/\/blog.empikfoto.pl\/?p=7970"},"modified":"2023-08-01T10:14:55","modified_gmt":"2023-08-01T08:14:55","slug":"pomysly-na-prezent-na-swieta","status":"publish","type":"post","link":"https:\/\/www.empikfoto.pl\/blog\/pomysly-na-prezent-na-swieta\/","title":{"rendered":"Pomys\u0142y na prezent na \u015bwi\u0119ta &#8211; dlaczego warto dzieli\u0107 si\u0119 wspomnieniami?"},"content":{"rendered":"<p><strong>Szukacie pomys\u0142\u00f3w na prezent pod choink\u0119?<\/strong> Do \u015awi\u0105t pozosta\u0142o jeszcze troch\u0119 czasu, ale list\u0119 gwiazdkowych podarunk\u00f3w warto przygotowa\u0107 ju\u017c teraz, by w przed\u015bwi\u0105tecznym zabieganiu nie kupowa\u0107 ich na ostatni\u0105 chwil\u0119. Przeczytajcie post na naszym blogu i sprawd\u017acie <a href=\"https:\/\/www.empikfoto.pl\/prezenty-swiateczne\"><strong>pomys\u0142y na prezent na \u015bwi\u0119ta<\/strong><\/a>. Dowiedzcie si\u0119 dlaczego warto dzieli\u0107 si\u0119 wspomnieniami i wr\u0119cza\u0107 w\u0142asnor\u0119cznie wykonane prezenty.<\/p>\n<p><!--more--><\/p>\n<h2>Czy dawanie prezent\u00f3w jest fajniejsze ni\u017c dostawanie?<\/h2>\n<p>\u015awi\u0119ta Bo\u017cego Narodzenia to chyba najbardziej magiczny czas w roku. Wszystkie obowi\u0105zki, codzienny po\u015bpiech i rzeczy, kt\u00f3re trzeba zrobi\u0107 na wczoraj przestaj\u0105 mie\u0107 tak wielkie znaczenie, a my znacznie wi\u0119cej uwagi po\u015bwi\u0119camy swoim bliskim. Cieszymy si\u0119 ciep\u0142em, ka\u017cd\u0105 wsp\u00f3lnie sp\u0119dzon\u0105 chwil\u0105 i gdzie\u015b w powietrzu po prostu czu\u0107 t\u0119 atmosfer\u0119. Atmosfer\u0119 spokoju, mi\u0142o\u015bci i rado\u015bci. <strong>Czy to wi\u0105\u017ce si\u0119 z prezentami pod choink\u0105? Z ca\u0142\u0105 pewno\u015bci\u0105, ale cho\u0107 lubimy je dostawa\u0107 to w \u015awi\u0119ta Bo\u017cego Narodzenia znacznie bardziej lubimy je\u2026 wr\u0119cza\u0107. <\/strong>Wszyscy kochamy niespodzianki, ale na Gwiazdk\u0119 wolimy jednak wciela\u0107 si\u0119 w rol\u0119 Miko\u0142aja.<\/p>\n<p>Dlaczego? Psychologowie uwa\u017caj\u0105, \u017ce prezenty wywo\u0142uj\u0105 rado\u015b\u0107, a gdy sprawiamy j\u0105 najbli\u017cszym \u2013 sprawiamy j\u0105 tak\u017ce sobie. Wtedy, gdy czujemy, \u017ce kto\u015b za spraw\u0105 naszego ma\u0142ego gestu poczu\u0142 si\u0119 przyjemnie, uwalniane s\u0105 <strong>endorfiny, czyli tzw. hormon szcz\u0119\u015bcia<\/strong>. Badania wskazuj\u0105, \u017ce a\u017c 64% z nas woli dawa\u0107 prezenty ni\u017c je otrzymywa\u0107, a wr\u0119czanie podarunk\u00f3w sprawia, \u017ce <strong>stajemy si\u0119 sobie bli\u017csi i zacie\u015bniamy wi\u0119zy spo\u0142eczne<\/strong>. A czy jest lepszy moment w ci\u0105gu ca\u0142ego roku ni\u017c \u015awi\u0119ta Bo\u017cego Narodzenia?<\/p>\n<p><img loading=\"lazy\" decoding=\"async\" class=\"aligncenter size-full wp-image-12548\" src=\"https:\/\/www.empikfoto.pl\/blog\/empikfoto\/2017\/11\/Pomysly-na-prezent-na-swieta-3.jpg\" alt=\"Pomys\u0142y na prezent na \u015bwi\u0119ta \" width=\"1000\" height=\"668\" srcset=\"https:\/\/www.empikfoto.pl\/blog\/empikfoto\/2017\/11\/Pomysly-na-prezent-na-swieta-3.jpg 1000w, https:\/\/www.empikfoto.pl\/blog\/empikfoto\/2017\/11\/Pomysly-na-prezent-na-swieta-3-300x200.jpg 300w, https:\/\/www.empikfoto.pl\/blog\/empikfoto\/2017\/11\/Pomysly-na-prezent-na-swieta-3-768x513.jpg 768w, https:\/\/www.empikfoto.pl\/blog\/empikfoto\/2017\/11\/Pomysly-na-prezent-na-swieta-3-330x220.jpg 330w, https:\/\/www.empikfoto.pl\/blog\/empikfoto\/2017\/11\/Pomysly-na-prezent-na-swieta-3-400x267.jpg 400w\" sizes=\"auto, (max-width: 1000px) 100vw, 1000px\" \/><\/p>\n<h2>Dlaczego wspomnienia to najlepszy pomys\u0142 na prezent<\/h2>\n<p>Prezenty wywo\u0142uj\u0105 rado\u015b\u0107, wolimy je wr\u0119cza\u0107 ni\u017c otrzymywa\u0107, ale czy\u2026 dotyczy to wszystkich podarunk\u00f3w? Z ca\u0142\u0105 pewno\u015bci\u0105 ka\u017cdy gest jest niezwykle mi\u0142y (tak, tak, nawet skarpetki!), ale <strong>doceniamy przede wszystkim te prezenty, kt\u00f3re wi\u0105\u017c\u0105 si\u0119 z nami<\/strong> i nasz\u0105 relacj\u0105 z osob\u0105 je wr\u0119czaj\u0105c\u0105. Dlatego w\u0142a\u015bnie <strong>wspomnienia to najlepsze <a href=\"https:\/\/www.empikfoto.pl\/prezenty-swiateczne\">pomys\u0142y na prezent na \u015bwi\u0119ta<\/a><\/strong>. Zdj\u0119cia w ciekawej aran\u017cacji to nie tylko <a href=\"https:\/\/www.empikfoto.pl\/odbitki\"><strong>odbitki<\/strong><\/a>, strony <a href=\"https:\/\/www.empikfoto.pl\/fotoksiazki\"><strong>fotoksi\u0105\u017cki<\/strong><\/a>, <a href=\"https:\/\/www.empikfoto.pl\/albumy-na-zdjecia\"><strong>fotografie w albumie<\/strong><\/a> czy <a href=\"https:\/\/www.empikfoto.pl\/wystroj-wnetrz\/poduszki\"><strong>nadruk na poduszce<\/strong><\/a>. To wa\u017cne, wsp\u00f3lnie sp\u0119dzone chwile, do kt\u00f3rych uwielbiacie powraca\u0107. Co\u015b, co \u0142\u0105czy Was na zawsze, ale ju\u017c nigdy nie powt\u00f3rzy si\u0119 w tej samej formie. Prezenty ze zdj\u0119\u0107 to doskona\u0142y pomys\u0142, bowiem <strong>powr\u00f3t do najpi\u0119kniejszych chwil rozgrzewa serce<\/strong>, wywo\u0142uje u\u015bmiech, utrwala emocje i sprawia, \u017ce jeste\u015bmy sobie bli\u017csi.<\/p>\n<h2>Co podarowa\u0107 na \u015awi\u0119ta? Pomys\u0142y na prezent na \u015bwi\u0119ta<\/h2>\n<p>Wspomnienia to \u015bwietny pomys\u0142 na prezent na \u015awi\u0119ta, ale jak podarowa\u0107 je najbli\u017cszym? Najlepsze rozwi\u0105zanie to oczywi\u015bcie <strong>w\u0142asnor\u0119cznie wykonane podarunki<\/strong>! Doceniamy je znacznie bardziej dlatego, \u017ce zosta\u0142y przygotowane specjalnie dla nas i kto\u015b w\u0142o\u017cy\u0142 w to sw\u00f3j czas, energi\u0119, talent, a przede wszystkim serce. Wykorzystuj\u0105c wsp\u00f3lne zdj\u0119cia macie naprawd\u0119 mn\u00f3stwo mo\u017cliwo\u015bci, by wykona\u0107 <strong>wyj\u0105tkowe prezenty pod choink\u0119<\/strong>. I nie martwcie si\u0119 o sw\u00f3j talent plastyczny! Zobaczcie, co warto przygotowa\u0107 dla najbli\u017cszych i jakie to proste!<\/p>\n<p><img loading=\"lazy\" decoding=\"async\" class=\"aligncenter size-full wp-image-12550\" src=\"https:\/\/www.empikfoto.pl\/blog\/empikfoto\/2017\/11\/Pomysly-na-prezent-na-swieta-2.jpg\" alt=\"Pomys\u0142y na prezent na \u015bwi\u0119ta \" width=\"1000\" height=\"667\" srcset=\"https:\/\/www.empikfoto.pl\/blog\/empikfoto\/2017\/11\/Pomysly-na-prezent-na-swieta-2.jpg 1000w, https:\/\/www.empikfoto.pl\/blog\/empikfoto\/2017\/11\/Pomysly-na-prezent-na-swieta-2-300x200.jpg 300w, https:\/\/www.empikfoto.pl\/blog\/empikfoto\/2017\/11\/Pomysly-na-prezent-na-swieta-2-768x512.jpg 768w, https:\/\/www.empikfoto.pl\/blog\/empikfoto\/2017\/11\/Pomysly-na-prezent-na-swieta-2-330x220.jpg 330w, https:\/\/www.empikfoto.pl\/blog\/empikfoto\/2017\/11\/Pomysly-na-prezent-na-swieta-2-400x267.jpg 400w\" sizes=\"auto, (max-width: 1000px) 100vw, 1000px\" \/><\/p>\n<h2>Pomys\u0142y na prezent na \u015bwi\u0119ta dla mamy i taty<\/h2>\n<p>To chyba w\u0142a\u015bnie im chcieliby\u015bcie wr\u0119czy\u0107 najbardziej wzruszaj\u0105cy podarunek, prawda? <strong>Rodzice doskonale pami\u0119taj\u0105 ka\u017cd\u0105 chwil\u0119 sp\u0119dzon\u0105 z Wami<\/strong> \u2013 pierwszy kroczek, pierwsze s\u0142owo, pierwsze wsp\u00f3lne wakacje, Wasze najtrudniejsze egzaminy, wyjazdy z przyjaci\u00f3\u0142mi i wreszcie Wasz \u015blub. By\u0107 mo\u017ce niejednokrotnie t\u0119skni\u0105 teraz za swoimi doros\u0142ymi ju\u017c pociechami, kt\u00f3re jeszcze tak nie dawno zabierali na spacer, a dzi\u015b ju\u017c mieszkaj\u0105 w zupe\u0142nie innym mie\u015bcie.<\/p>\n<p>Mama i tata zas\u0142uguj\u0105 na to, by prezent pod choink\u0119, kt\u00f3ry otrzymaj\u0105, wyra\u017ca\u0142 <strong>Wasz\u0105 wdzi\u0119czno\u015b\u0107 i mi\u0142o\u015b\u0107<\/strong>. Doskona\u0142ym pomys\u0142em b\u0119dzie <a href=\"http:\/\/www.empikfoto.pl\/fotoksiazki\/?utm_source=blog&amp;utm_medium=wpis&amp;utm_campaign=xmass\"><strong>fotoksi\u0105\u017cka rodzinna <\/strong><\/a>, w kt\u00f3rej mo\u017cecie wykorzysta\u0107 wsp\u00f3lne zdj\u0119cia \u2013 nie tylko te najnowsze, ale tak\u017ce (a mo\u017ce przede wszystkim) fotografie z Waszego dzieci\u0144stwa. Dodaj\u0105c w\u0142asne podpisy i kliparty, macie szans\u0119 stworzy\u0107 <a href=\"http:\/\/www.empikfoto.pl\/fotoksiazka,wspolne-chwile\/?utm_source=blog&amp;utm_medium=wpis&amp;utm_campaign=xmass\"><strong>rodzinn\u0105 kronik\u0119<\/strong><\/a>, do kt\u00f3rej \u2013 gwarantujemy \u2013 rodzice b\u0119d\u0105 zagl\u0105da\u0107 nie tylko podczas \u015awi\u0105t. Nie ma pi\u0119kniejszego sposobu, by powiedzie\u0107 im \u201ekochamy Was\u201d, ni\u017c podarowanie ka\u017cdej chwili, o kt\u00f3rej pami\u0119tacie. A pami\u0119tacie o niej przecie\u017c w\u0142a\u015bnie dzi\u0119ki nim.<\/p>\n<h2>Pomys\u0142y na prezent na \u015bwi\u0119ta dla dziewczyny i ch\u0142opaka<\/h2>\n<p>Pomys\u0142 na prezent dla zakochanych musi by\u0107 wyj\u0105tkowy. Chcecie przecie\u017c wr\u0119czy\u0107 sobie co\u015b, co sprawi, \u017ce b\u0119dziecie pami\u0119tali o sobie nawzajem w ka\u017cdej chwili, a szczeg\u00f3lnie tych, kt\u00f3re sp\u0119dzacie osobno. Na szcz\u0119\u015bcie macie tak du\u017co wsp\u00f3lnych i <strong>baaardzo romantycznych wspomnie\u0144<\/strong>. Przygotowanie prezentu dla Twojego ch\u0142opaka lub Twojej dziewczyny nie b\u0119dzie problemem. Lubicie wsp\u00f3lne poranki? Gorzej, gdy nie mo\u017cecie sp\u0119dza\u0107 ich razem? <a href=\"http:\/\/www.empikfoto.pl\/fotoprezenty\/fotokubki-rodzaje\/?utm_source=blog&amp;utm_medium=wpis&amp;utm_campaign=xmass\"><strong>Kubek z Waszym wsp\u00f3lnym zdj\u0119ciem <\/strong><\/a>sprawi, \u017ce znajdziecie si\u0119 obok siebie z ka\u017cdym \u0142ykiem kawy. A je\u015bli to nie poranki, ale leniwe wieczory s\u0105 Wasz\u0105 ulubion\u0105 por\u0105 dnia \u2013 przygotujcie <strong><a href=\"http:\/\/www.empikfoto.pl\/wystroj-wnetrz\/poduszki\/?utm_source=blog&amp;utm_medium=wpis&amp;utm_campaign=xmass\">poduszk\u0119 dla zakochanych<\/a><\/strong>.<\/p>\n<p>Dla nowo\u017ce\u0144c\u00f3w mamy za to co\u015b specjalnego. Dekorujecie w\u0142a\u015bnie swoje pierwsze cztery k\u0105ty? W takim razie zadbajcie o to, by by\u0142o w nich czu\u0107 Wasz\u0105 mi\u0142o\u015b\u0107! <strong>Fotoobrazy to co\u015b wi\u0119cej ni\u017c zdj\u0119cie wisz\u0105ce na \u015bcianie<\/strong>, bowiem s\u0105 drukowane na specjalnym p\u0142\u00f3tnie rozci\u0105gni\u0119tym na ramie malarskiej. Fotografia zostaje przeniesiona tak\u017ce na boki obrazu, wi\u0119c na \u015bcianie wygl\u0105da to naprawd\u0119 wyj\u0105tkowo. Sprawd\u017acie <strong><a href=\"http:\/\/www.empikfoto.pl\/wystroj-wnetrz\/fotoobrazy-rodzaje\/?utm_source=blog&amp;utm_medium=wpis&amp;utm_campaign=xmass\">TUTAJ<\/a><\/strong>!<\/p>\n<p><img loading=\"lazy\" decoding=\"async\" class=\"aligncenter size-full wp-image-12549\" src=\"https:\/\/www.empikfoto.pl\/blog\/empikfoto\/2017\/11\/Pomysly-na-prezent-na-swieta-1.jpg\" alt=\"Pomys\u0142y na prezent na \u015bwi\u0119ta \" width=\"1000\" height=\"667\" srcset=\"https:\/\/www.empikfoto.pl\/blog\/empikfoto\/2017\/11\/Pomysly-na-prezent-na-swieta-1.jpg 1000w, https:\/\/www.empikfoto.pl\/blog\/empikfoto\/2017\/11\/Pomysly-na-prezent-na-swieta-1-300x200.jpg 300w, https:\/\/www.empikfoto.pl\/blog\/empikfoto\/2017\/11\/Pomysly-na-prezent-na-swieta-1-768x512.jpg 768w, https:\/\/www.empikfoto.pl\/blog\/empikfoto\/2017\/11\/Pomysly-na-prezent-na-swieta-1-330x220.jpg 330w, https:\/\/www.empikfoto.pl\/blog\/empikfoto\/2017\/11\/Pomysly-na-prezent-na-swieta-1-400x267.jpg 400w\" sizes=\"auto, (max-width: 1000px) 100vw, 1000px\" \/><\/p>\n<h2>Prezenty dla najbli\u017cszych \u2013 spraw rado\u015b\u0107 wszystkim, kt\u00f3rych kochasz!<\/h2>\n<p>\u015awi\u0119ta Bo\u017cego Narodzenia to taki czas, w kt\u00f3rym chcemy sprawia\u0107 jak najwi\u0119cej rado\u015bci. Mo\u017ce w tym roku warto wyrzuci\u0107 z listy standardowe podarunki takie, jak wspomniane wcze\u015bniej skarpetki i krawaty? Do Gwiazdki pozosta\u0142o du\u017co czasu, wi\u0119c by\u0107 mo\u017ce spersonalizowane prezenty uda Wam si\u0119 przygotowa\u0107 tak\u017ce dla innych. Warto przygotowa\u0107 prezent dla dziadk\u00f3w, m\u0142odszego rodze\u0144stwa lub przyjaci\u00f3\u0142.\u00a0Prezent dla babci i dziadka powinien by\u0107 r\u00f3wnie wzruszaj\u0105cy, jak dla rodzic\u00f3w i w tym wypadku \u015bwietnie sprawdzi si\u0119 tak\u017ce <a href=\"http:\/\/www.empikfoto.pl\/fotoksiazka,kochanym-dziadkom\/?utm_source=blog&amp;utm_medium=wpis&amp;utm_campaign=xmass\"><strong>fotoksi\u0105\u017cka z szablonem stworzonym specjalnie dla nich<\/strong><\/a>. Maluchy kochaj\u0105 kreatywne zabawy, wi\u0119c z pewno\u015bci\u0105 spodobaj\u0105 im si\u0119 <a href=\"http:\/\/www.empikfoto.pl\/fotoprezenty\/fotopuzzle\/?utm_source=blog&amp;utm_medium=wpis&amp;utm_campaign=xmass\"><strong>puzzle<\/strong><\/a>, <a href=\"http:\/\/www.empikfoto.pl\/wystroj-wnetrz\/fotoobrazy-do-malowania\/?utm_source=blog&amp;utm_medium=wpis&amp;utm_campaign=xmass\"><strong>obrazy do kolorowania<\/strong><\/a> lub <a href=\"http:\/\/www.empikfoto.pl\/fotoprezenty\/maskotki\/?utm_source=blog&amp;utm_medium=wpis&amp;utm_campaign=xmass\"><strong>maskotki ze zdj\u0119ciem<\/strong><\/a>. A dla przyjaci\u00f3\u0142? <a href=\"http:\/\/www.empikfoto.pl\/fotoprezenty\/fotokubki-rodzaje\/?utm_source=blog&amp;utm_medium=wpis&amp;utm_campaign=xmass\"><strong>Kubki<\/strong><\/a>, <a href=\"http:\/\/www.empikfoto.pl\/fotoprezenty\/etui\/?utm_source=blog&amp;utm_medium=wpis&amp;utm_campaign=xmass\"><strong>etui<\/strong><\/a>, <a href=\"http:\/\/www.empikfoto.pl\/fotoprezenty\/torby\/?utm_source=blog&amp;utm_medium=wpis&amp;utm_campaign=xmass\"><strong>torby<\/strong><\/a> lub <a href=\"http:\/\/www.empikfoto.pl\/odbitki,instafoty\/?utm_source=blog&amp;utm_medium=wpis&amp;utm_campaign=xmass\"><strong>InstaFoty<\/strong><\/a> zamkni\u0119te w fajnym pude\u0142ku.<\/p>\n<p><strong>Przez ca\u0142y przed\u015bwi\u0105teczny okres zamierzamy Was inspirowa\u0107 i prezentowa\u0107 \u015bwietne pomys\u0142y na prezenty pod choink\u0119 dla najbli\u017cszych. <\/strong><\/p>\n","protected":false},"excerpt":{"rendered":"<p>Szukacie pomys\u0142\u00f3w na prezent pod choink\u0119? Do \u015awi\u0105t pozosta\u0142o jeszcze troch\u0119 czasu, ale list\u0119 gwiazdkowych podarunk\u00f3w warto przygotowa\u0107 ju\u017c teraz, by w przed\u015bwi\u0105tecznym zabieganiu nie kupowa\u0107 ich na ostatni\u0105 chwil\u0119. Przeczytajcie post na naszym blogu i sprawd\u017acie pomys\u0142y na prezent na \u015bwi\u0119ta. Dowiedzcie si\u0119 dlaczego warto dzieli\u0107 si\u0119 wspomnieniami i wr\u0119cza\u0107 w\u0142asnor\u0119cznie wykonane prezenty.<\/p>\n","protected":false},"author":16,"featured_media":7973,"comment_status":"closed","ping_status":"closed","sticky":true,"template":"","format":"standard","meta":{"footnotes":""},"categories":[784],"tags":[],"class_list":["post-7970","post","type-post","status-publish","format-standard","has-post-thumbnail","hentry","category-lifestyle"],"yoast_head":"<!-- This site is optimized with the Yoast SEO plugin v27.5 - https:\/\/yoast.com\/product\/yoast-seo-wordpress\/ -->\n<title>Pomys\u0142y na prezent na \u015bwi\u0119ta | Empik Foto<\/title>\n<meta name=\"description\" content=\"Odkryj wyj\u0105tkowe pomys\u0142y na prezent na \u015bwi\u0119ta, Podaruj bliskim wsp\u00f3lne wspomnienia, do kt\u00f3rych b\u0119d\u0105 mogli wraca\u0107.\" \/>\n<meta name=\"robots\" content=\"index, follow, max-snippet:-1, max-image-preview:large, max-video-preview:-1\" \/>\n<link rel=\"canonical\" href=\"https:\/\/www.empikfoto.pl\/blog\/pomysly-na-prezent-na-swieta\/\" \/>\n<meta property=\"og:locale\" content=\"pl_PL\" \/>\n<meta property=\"og:type\" content=\"article\" \/>\n<meta property=\"og:title\" content=\"Pomys\u0142y na prezent na \u015bwi\u0119ta | Empik Foto\" \/>\n<meta property=\"og:description\" content=\"Odkryj wyj\u0105tkowe pomys\u0142y na prezent na \u015bwi\u0119ta, Podaruj bliskim wsp\u00f3lne wspomnienia, do kt\u00f3rych b\u0119d\u0105 mogli wraca\u0107.\" \/>\n<meta property=\"og:url\" content=\"https:\/\/www.empikfoto.pl\/blog\/pomysly-na-prezent-na-swieta\/\" \/>\n<meta property=\"og:site_name\" content=\"blog.empikfoto.pl\" \/>\n<meta property=\"article:publisher\" content=\"https:\/\/www.facebook.com\/empikfotopl\/\" \/>\n<meta property=\"article:published_time\" content=\"2017-11-12T12:00:14+00:00\" \/>\n<meta property=\"article:modified_time\" content=\"2023-08-01T08:14:55+00:00\" \/>\n<meta property=\"og:image\" content=\"https:\/\/www.empikfoto.pl\/blog\/empikfoto\/2017\/11\/Empikfoto_Pomysly-na-prezenty-na-Swieta.jpg\" \/>\n\t<meta property=\"og:image:width\" content=\"1200\" \/>\n\t<meta property=\"og:image:height\" content=\"800\" \/>\n\t<meta property=\"og:image:type\" content=\"image\/jpeg\" \/>\n<meta name=\"author\" content=\"Patrycja\" \/>\n<meta name=\"twitter:card\" content=\"summary_large_image\" \/>\n<meta name=\"twitter:creator\" content=\"@empikfoto\" \/>\n<meta name=\"twitter:site\" content=\"@empikfoto\" \/>\n<meta name=\"twitter:label1\" content=\"Napisane przez\" \/>\n\t<meta name=\"twitter:data1\" content=\"Patrycja\" \/>\n\t<meta name=\"twitter:label2\" content=\"Szacowany czas czytania\" \/>\n\t<meta name=\"twitter:data2\" content=\"7 minut\" \/>\n<script type=\"application\/ld+json\" class=\"yoast-schema-graph\">{\"@context\":\"https:\\\/\\\/schema.org\",\"@graph\":[{\"@type\":\"Article\",\"@id\":\"https:\\\/\\\/www.empikfoto.pl\\\/blog\\\/pomysly-na-prezent-na-swieta\\\/#article\",\"isPartOf\":{\"@id\":\"https:\\\/\\\/www.empikfoto.pl\\\/blog\\\/pomysly-na-prezent-na-swieta\\\/\"},\"author\":{\"name\":\"Patrycja\",\"@id\":\"https:\\\/\\\/www.empikfoto.pl\\\/blog\\\/#\\\/schema\\\/person\\\/0313802ca5dac502e3266853c59632c0\"},\"headline\":\"Pomys\u0142y na prezent na \u015bwi\u0119ta &#8211; dlaczego warto dzieli\u0107 si\u0119 wspomnieniami?\",\"datePublished\":\"2017-11-12T12:00:14+00:00\",\"dateModified\":\"2023-08-01T08:14:55+00:00\",\"mainEntityOfPage\":{\"@id\":\"https:\\\/\\\/www.empikfoto.pl\\\/blog\\\/pomysly-na-prezent-na-swieta\\\/\"},\"wordCount\":1132,\"image\":{\"@id\":\"https:\\\/\\\/www.empikfoto.pl\\\/blog\\\/pomysly-na-prezent-na-swieta\\\/#primaryimage\"},\"thumbnailUrl\":\"https:\\\/\\\/www.empikfoto.pl\\\/blog\\\/empikfoto\\\/2017\\\/11\\\/Empikfoto_Pomysly-na-prezenty-na-Swieta.jpg\",\"articleSection\":[\"LIFESTYLE\"],\"inLanguage\":\"pl-PL\"},{\"@type\":\"WebPage\",\"@id\":\"https:\\\/\\\/www.empikfoto.pl\\\/blog\\\/pomysly-na-prezent-na-swieta\\\/\",\"url\":\"https:\\\/\\\/www.empikfoto.pl\\\/blog\\\/pomysly-na-prezent-na-swieta\\\/\",\"name\":\"Pomys\u0142y na prezent na \u015bwi\u0119ta | Empik Foto\",\"isPartOf\":{\"@id\":\"https:\\\/\\\/www.empikfoto.pl\\\/blog\\\/#website\"},\"primaryImageOfPage\":{\"@id\":\"https:\\\/\\\/www.empikfoto.pl\\\/blog\\\/pomysly-na-prezent-na-swieta\\\/#primaryimage\"},\"image\":{\"@id\":\"https:\\\/\\\/www.empikfoto.pl\\\/blog\\\/pomysly-na-prezent-na-swieta\\\/#primaryimage\"},\"thumbnailUrl\":\"https:\\\/\\\/www.empikfoto.pl\\\/blog\\\/empikfoto\\\/2017\\\/11\\\/Empikfoto_Pomysly-na-prezenty-na-Swieta.jpg\",\"datePublished\":\"2017-11-12T12:00:14+00:00\",\"dateModified\":\"2023-08-01T08:14:55+00:00\",\"author\":{\"@id\":\"https:\\\/\\\/www.empikfoto.pl\\\/blog\\\/#\\\/schema\\\/person\\\/0313802ca5dac502e3266853c59632c0\"},\"description\":\"Odkryj wyj\u0105tkowe pomys\u0142y na prezent na \u015bwi\u0119ta, Podaruj bliskim wsp\u00f3lne wspomnienia, do kt\u00f3rych b\u0119d\u0105 mogli wraca\u0107.\",\"breadcrumb\":{\"@id\":\"https:\\\/\\\/www.empikfoto.pl\\\/blog\\\/pomysly-na-prezent-na-swieta\\\/#breadcrumb\"},\"inLanguage\":\"pl-PL\",\"potentialAction\":[{\"@type\":\"ReadAction\",\"target\":[\"https:\\\/\\\/www.empikfoto.pl\\\/blog\\\/pomysly-na-prezent-na-swieta\\\/\"]}]},{\"@type\":\"ImageObject\",\"inLanguage\":\"pl-PL\",\"@id\":\"https:\\\/\\\/www.empikfoto.pl\\\/blog\\\/pomysly-na-prezent-na-swieta\\\/#primaryimage\",\"url\":\"https:\\\/\\\/www.empikfoto.pl\\\/blog\\\/empikfoto\\\/2017\\\/11\\\/Empikfoto_Pomysly-na-prezenty-na-Swieta.jpg\",\"contentUrl\":\"https:\\\/\\\/www.empikfoto.pl\\\/blog\\\/empikfoto\\\/2017\\\/11\\\/Empikfoto_Pomysly-na-prezenty-na-Swieta.jpg\",\"width\":1200,\"height\":800,\"caption\":\"Empikfoto.pl: Pomys\u0142y na prezenty na \u015awi\u0119ta\"},{\"@type\":\"BreadcrumbList\",\"@id\":\"https:\\\/\\\/www.empikfoto.pl\\\/blog\\\/pomysly-na-prezent-na-swieta\\\/#breadcrumb\",\"itemListElement\":[{\"@type\":\"ListItem\",\"position\":1,\"name\":\"Strona g\u0142\u00f3wna\",\"item\":\"https:\\\/\\\/www.empikfoto.pl\\\/blog\\\/\"},{\"@type\":\"ListItem\",\"position\":2,\"name\":\"Pomys\u0142y na prezent na \u015bwi\u0119ta &#8211; dlaczego warto dzieli\u0107 si\u0119 wspomnieniami?\"}]},{\"@type\":\"WebSite\",\"@id\":\"https:\\\/\\\/www.empikfoto.pl\\\/blog\\\/#website\",\"url\":\"https:\\\/\\\/www.empikfoto.pl\\\/blog\\\/\",\"name\":\"blog.empikfoto.pl\",\"description\":\"Poznaj empikfoto.pl od \u015brodka! Dowiedz si\u0119 wi\u0119cej o odbitkach, fotoksi\u0105\u017ckach i fotografii.\",\"potentialAction\":[{\"@type\":\"SearchAction\",\"target\":{\"@type\":\"EntryPoint\",\"urlTemplate\":\"https:\\\/\\\/www.empikfoto.pl\\\/blog\\\/?s={search_term_string}\"},\"query-input\":{\"@type\":\"PropertyValueSpecification\",\"valueRequired\":true,\"valueName\":\"search_term_string\"}}],\"inLanguage\":\"pl-PL\"},{\"@type\":\"Person\",\"@id\":\"https:\\\/\\\/www.empikfoto.pl\\\/blog\\\/#\\\/schema\\\/person\\\/0313802ca5dac502e3266853c59632c0\",\"name\":\"Patrycja\",\"image\":{\"@type\":\"ImageObject\",\"inLanguage\":\"pl-PL\",\"@id\":\"https:\\\/\\\/secure.gravatar.com\\\/avatar\\\/f25168e12215ad42f58e5fb72881daaeb57bd4f907081046016f64bf167db59f?s=96&d=identicon&r=g\",\"url\":\"https:\\\/\\\/secure.gravatar.com\\\/avatar\\\/f25168e12215ad42f58e5fb72881daaeb57bd4f907081046016f64bf167db59f?s=96&d=identicon&r=g\",\"contentUrl\":\"https:\\\/\\\/secure.gravatar.com\\\/avatar\\\/f25168e12215ad42f58e5fb72881daaeb57bd4f907081046016f64bf167db59f?s=96&d=identicon&r=g\",\"caption\":\"Patrycja\"},\"url\":\"https:\\\/\\\/www.empikfoto.pl\\\/blog\\\/author\\\/patrycja\\\/\"}]}<\/script>\n<!-- \/ Yoast SEO plugin. -->","yoast_head_json":{"title":"Pomys\u0142y na prezent na \u015bwi\u0119ta | Empik Foto","description":"Odkryj wyj\u0105tkowe pomys\u0142y na prezent na \u015bwi\u0119ta, Podaruj bliskim wsp\u00f3lne wspomnienia, do kt\u00f3rych b\u0119d\u0105 mogli wraca\u0107.","robots":{"index":"index","follow":"follow","max-snippet":"max-snippet:-1","max-image-preview":"max-image-preview:large","max-video-preview":"max-video-preview:-1"},"canonical":"https:\/\/www.empikfoto.pl\/blog\/pomysly-na-prezent-na-swieta\/","og_locale":"pl_PL","og_type":"article","og_title":"Pomys\u0142y na prezent na \u015bwi\u0119ta | Empik Foto","og_description":"Odkryj wyj\u0105tkowe pomys\u0142y na prezent na \u015bwi\u0119ta, Podaruj bliskim wsp\u00f3lne wspomnienia, do kt\u00f3rych b\u0119d\u0105 mogli wraca\u0107.","og_url":"https:\/\/www.empikfoto.pl\/blog\/pomysly-na-prezent-na-swieta\/","og_site_name":"blog.empikfoto.pl","article_publisher":"https:\/\/www.facebook.com\/empikfotopl\/","article_published_time":"2017-11-12T12:00:14+00:00","article_modified_time":"2023-08-01T08:14:55+00:00","og_image":[{"width":1200,"height":800,"url":"https:\/\/www.empikfoto.pl\/blog\/empikfoto\/2017\/11\/Empikfoto_Pomysly-na-prezenty-na-Swieta.jpg","type":"image\/jpeg"}],"author":"Patrycja","twitter_card":"summary_large_image","twitter_creator":"@empikfoto","twitter_site":"@empikfoto","twitter_misc":{"Napisane przez":"Patrycja","Szacowany czas czytania":"7 minut"},"schema":{"@context":"https:\/\/schema.org","@graph":[{"@type":"Article","@id":"https:\/\/www.empikfoto.pl\/blog\/pomysly-na-prezent-na-swieta\/#article","isPartOf":{"@id":"https:\/\/www.empikfoto.pl\/blog\/pomysly-na-prezent-na-swieta\/"},"author":{"name":"Patrycja","@id":"https:\/\/www.empikfoto.pl\/blog\/#\/schema\/person\/0313802ca5dac502e3266853c59632c0"},"headline":"Pomys\u0142y na prezent na \u015bwi\u0119ta &#8211; dlaczego warto dzieli\u0107 si\u0119 wspomnieniami?","datePublished":"2017-11-12T12:00:14+00:00","dateModified":"2023-08-01T08:14:55+00:00","mainEntityOfPage":{"@id":"https:\/\/www.empikfoto.pl\/blog\/pomysly-na-prezent-na-swieta\/"},"wordCount":1132,"image":{"@id":"https:\/\/www.empikfoto.pl\/blog\/pomysly-na-prezent-na-swieta\/#primaryimage"},"thumbnailUrl":"https:\/\/www.empikfoto.pl\/blog\/empikfoto\/2017\/11\/Empikfoto_Pomysly-na-prezenty-na-Swieta.jpg","articleSection":["LIFESTYLE"],"inLanguage":"pl-PL"},{"@type":"WebPage","@id":"https:\/\/www.empikfoto.pl\/blog\/pomysly-na-prezent-na-swieta\/","url":"https:\/\/www.empikfoto.pl\/blog\/pomysly-na-prezent-na-swieta\/","name":"Pomys\u0142y na prezent na \u015bwi\u0119ta | Empik Foto","isPartOf":{"@id":"https:\/\/www.empikfoto.pl\/blog\/#website"},"primaryImageOfPage":{"@id":"https:\/\/www.empikfoto.pl\/blog\/pomysly-na-prezent-na-swieta\/#primaryimage"},"image":{"@id":"https:\/\/www.empikfoto.pl\/blog\/pomysly-na-prezent-na-swieta\/#primaryimage"},"thumbnailUrl":"https:\/\/www.empikfoto.pl\/blog\/empikfoto\/2017\/11\/Empikfoto_Pomysly-na-prezenty-na-Swieta.jpg","datePublished":"2017-11-12T12:00:14+00:00","dateModified":"2023-08-01T08:14:55+00:00","author":{"@id":"https:\/\/www.empikfoto.pl\/blog\/#\/schema\/person\/0313802ca5dac502e3266853c59632c0"},"description":"Odkryj wyj\u0105tkowe pomys\u0142y na prezent na \u015bwi\u0119ta, Podaruj bliskim wsp\u00f3lne wspomnienia, do kt\u00f3rych b\u0119d\u0105 mogli wraca\u0107.","breadcrumb":{"@id":"https:\/\/www.empikfoto.pl\/blog\/pomysly-na-prezent-na-swieta\/#breadcrumb"},"inLanguage":"pl-PL","potentialAction":[{"@type":"ReadAction","target":["https:\/\/www.empikfoto.pl\/blog\/pomysly-na-prezent-na-swieta\/"]}]},{"@type":"ImageObject","inLanguage":"pl-PL","@id":"https:\/\/www.empikfoto.pl\/blog\/pomysly-na-prezent-na-swieta\/#primaryimage","url":"https:\/\/www.empikfoto.pl\/blog\/empikfoto\/2017\/11\/Empikfoto_Pomysly-na-prezenty-na-Swieta.jpg","contentUrl":"https:\/\/www.empikfoto.pl\/blog\/empikfoto\/2017\/11\/Empikfoto_Pomysly-na-prezenty-na-Swieta.jpg","width":1200,"height":800,"caption":"Empikfoto.pl: Pomys\u0142y na prezenty na \u015awi\u0119ta"},{"@type":"BreadcrumbList","@id":"https:\/\/www.empikfoto.pl\/blog\/pomysly-na-prezent-na-swieta\/#breadcrumb","itemListElement":[{"@type":"ListItem","position":1,"name":"Strona g\u0142\u00f3wna","item":"https:\/\/www.empikfoto.pl\/blog\/"},{"@type":"ListItem","position":2,"name":"Pomys\u0142y na prezent na \u015bwi\u0119ta &#8211; dlaczego warto dzieli\u0107 si\u0119 wspomnieniami?"}]},{"@type":"WebSite","@id":"https:\/\/www.empikfoto.pl\/blog\/#website","url":"https:\/\/www.empikfoto.pl\/blog\/","name":"blog.empikfoto.pl","description":"Poznaj empikfoto.pl od \u015brodka! Dowiedz si\u0119 wi\u0119cej o odbitkach, fotoksi\u0105\u017ckach i fotografii.","potentialAction":[{"@type":"SearchAction","target":{"@type":"EntryPoint","urlTemplate":"https:\/\/www.empikfoto.pl\/blog\/?s={search_term_string}"},"query-input":{"@type":"PropertyValueSpecification","valueRequired":true,"valueName":"search_term_string"}}],"inLanguage":"pl-PL"},{"@type":"Person","@id":"https:\/\/www.empikfoto.pl\/blog\/#\/schema\/person\/0313802ca5dac502e3266853c59632c0","name":"Patrycja","image":{"@type":"ImageObject","inLanguage":"pl-PL","@id":"https:\/\/secure.gravatar.com\/avatar\/f25168e12215ad42f58e5fb72881daaeb57bd4f907081046016f64bf167db59f?s=96&d=identicon&r=g","url":"https:\/\/secure.gravatar.com\/avatar\/f25168e12215ad42f58e5fb72881daaeb57bd4f907081046016f64bf167db59f?s=96&d=identicon&r=g","contentUrl":"https:\/\/secure.gravatar.com\/avatar\/f25168e12215ad42f58e5fb72881daaeb57bd4f907081046016f64bf167db59f?s=96&d=identicon&r=g","caption":"Patrycja"},"url":"https:\/\/www.empikfoto.pl\/blog\/author\/patrycja\/"}]}},"amp_enabled":true,"_links":{"self":[{"href":"https:\/\/www.empikfoto.pl\/blog\/wp-json\/wp\/v2\/posts\/7970","targetHints":{"allow":["GET"]}}],"collection":[{"href":"https:\/\/www.empikfoto.pl\/blog\/wp-json\/wp\/v2\/posts"}],"about":[{"href":"https:\/\/www.empikfoto.pl\/blog\/wp-json\/wp\/v2\/types\/post"}],"author":[{"embeddable":true,"href":"https:\/\/www.empikfoto.pl\/blog\/wp-json\/wp\/v2\/users\/16"}],"replies":[{"embeddable":true,"href":"https:\/\/www.empikfoto.pl\/blog\/wp-json\/wp\/v2\/comments?post=7970"}],"version-history":[{"count":9,"href":"https:\/\/www.empikfoto.pl\/blog\/wp-json\/wp\/v2\/posts\/7970\/revisions"}],"predecessor-version":[{"id":12551,"href":"https:\/\/www.empikfoto.pl\/blog\/wp-json\/wp\/v2\/posts\/7970\/revisions\/12551"}],"wp:featuredmedia":[{"embeddable":true,"href":"https:\/\/www.empikfoto.pl\/blog\/wp-json\/wp\/v2\/media\/7973"}],"wp:attachment":[{"href":"https:\/\/www.empikfoto.pl\/blog\/wp-json\/wp\/v2\/media?parent=7970"}],"wp:term":[{"taxonomy":"category","embeddable":true,"href":"https:\/\/www.empikfoto.pl\/blog\/wp-json\/wp\/v2\/categories?post=7970"},{"taxonomy":"post_tag","embeddable":true,"href":"https:\/\/www.empikfoto.pl\/blog\/wp-json\/wp\/v2\/tags?post=7970"}],"curies":[{"name":"wp","href":"https:\/\/api.w.org\/{rel}","templated":true}]}}