{"id":7984,"date":"2023-11-21T06:00:54","date_gmt":"2023-11-21T05:00:54","guid":{"rendered":"http:\/\/blog.empikfoto.pl\/?p=7984"},"modified":"2023-11-21T15:09:01","modified_gmt":"2023-11-21T14:09:01","slug":"15-pomyslow-na-prezent-na-swieta","status":"publish","type":"post","link":"https:\/\/www.empikfoto.pl\/blog\/15-pomyslow-na-prezent-na-swieta\/","title":{"rendered":"15 pomys\u0142\u00f3w na prezent na \u015bwi\u0119ta. Zainspiruj si\u0119!"},"content":{"rendered":"<p><strong>Szukacie pomys\u0142\u00f3w na prezent na \u015bwi\u0119ta dla najbli\u017cszych? Chcecie podarowa\u0107 im co\u015b wzruszaj\u0105cego i pe\u0142nego emocji? Przygotowali\u015bmy dla Was 15 inspiracji na prezenty ze zdj\u0119\u0107 dla mamy, taty, dziadk\u00f3w, rodze\u0144stwa i przyjaci\u00f3\u0142! Zobaczcie koniecznie i przygotujcie miko\u0142ajow\u0105 list\u0119 ju\u017c teraz!<\/strong><\/p>\n<p><!--more--><\/p>\n<h2>Odbitki &#8211; pomys\u0142 na prezent na \u015bwi\u0119ta dla kreatywnych<\/h2>\n<p><a href=\"https:\/\/www.empikfoto.pl\/odbitki\"><strong>Papierowe odbitki<\/strong><\/a> maj\u0105 w sobie pewn\u0105 magi\u0119. Do wywo\u0142anych wspomnie\u0144 si\u0119gamy znacznie ch\u0119tniej ni\u017c do fotografii zapisanych w pami\u0119ci smartfona lub aparatu. Dlaczego wi\u0119c nie stworzy\u0107 z nich \u015bwi\u0105tecznego podarunku dla najbli\u017cszych? Taki <strong><a href=\"https:\/\/www.empikfoto.pl\/prezenty-swiateczne\" target=\"_blank\" rel=\"noopener\">pomys\u0142 na prezent<\/a><\/strong> ze zdj\u0119\u0107 sprawdzi si\u0119 szczeg\u00f3lnie w przypadku najlepszych przyjaci\u00f3\u0142 i rodze\u0144stwa. Co mo\u017cecie przygotowa\u0107? Pude\u0142ko pe\u0142ne wspomnie\u0144. Koniecznie przejrzyjcie inspiracje na Pinterest.com. Wystarczy, \u017ce wpiszecie &#8220;photo gift idea&#8221;, a znajdziecie mn\u00f3stwo pomys\u0142\u00f3w na prezenty ze zdj\u0119\u0107. \u015awieczniki, pude\u0142eczka, notesy, dzienniki, drewniane ramki, a nawet bi\u017cuteri\u0119!<\/p>\n<p><a href=\"https:\/\/www.empikfoto.pl\/odbitki\"><img loading=\"lazy\" decoding=\"async\" class=\"aligncenter wp-image-12675 size-full\" src=\"https:\/\/www.empikfoto.pl\/blog\/empikfoto\/2017\/11\/prezent-na-swieta2.jpg\" alt=\"prezent na \u015bwi\u0119ta\" width=\"1000\" height=\"667\" srcset=\"https:\/\/www.empikfoto.pl\/blog\/empikfoto\/2017\/11\/prezent-na-swieta2.jpg 1000w, https:\/\/www.empikfoto.pl\/blog\/empikfoto\/2017\/11\/prezent-na-swieta2-300x200.jpg 300w, https:\/\/www.empikfoto.pl\/blog\/empikfoto\/2017\/11\/prezent-na-swieta2-768x512.jpg 768w, https:\/\/www.empikfoto.pl\/blog\/empikfoto\/2017\/11\/prezent-na-swieta2-330x220.jpg 330w, https:\/\/www.empikfoto.pl\/blog\/empikfoto\/2017\/11\/prezent-na-swieta2-400x267.jpg 400w\" sizes=\"auto, (max-width: 1000px) 100vw, 1000px\" \/><\/a><\/p>\n<h2>Odbitki kwadratowe \u2013 pomys\u0142 na prezent dla fan\u00f3w Instagrama<\/h2>\n<p><a href=\"https:\/\/www.empikfoto.pl\/odbitki,odbitki-kwadratowe\"><strong>Instafoty<\/strong> <\/a>to r\u00f3wnie\u017c odbitki, ale w kwadratowym formacie 10&#215;10 cm. Taki rozmiar przypomina zdj\u0119cia publikowane na Instagramie, wiec doskonale sprawdzi si\u0119 w przypadku najwi\u0119kszych fanek i fan\u00f3w tej aplikacji. Z kwadratowych zdj\u0119\u0107 mo\u017cecie przygotowa\u0107 mn\u00f3stwo \u015bwietnych prezent\u00f3w. Od wspomnianych wcze\u015bniej pude\u0142ek ze wspomnieniami, a\u017c po w\u0142asnor\u0119cznie wykonane ramy w du\u017cych rozmiarach, na kt\u00f3rych przypniecie nie tylko fotografie, ale i inspiruj\u0105ce cytaty, z\u0142ote my\u015bli lub ciekawe grafiki.<\/p>\n<h2>Fotoksi\u0105\u017cka \u2013 pomys\u0142 na prezent dla tych, kt\u00f3rych najbardziej kochasz<\/h2>\n<p><a href=\"https:\/\/www.empikfoto.pl\/fotoksiazki\"><strong>Fotoksi\u0105\u017cka<\/strong><\/a> to doskona\u0142y pomys\u0142 na prezent po choink\u0119 dla rodzic\u00f3w i dziadk\u00f3w, cho\u0107 z ca\u0142\u0105 pewno\u015bci\u0105 spodoba si\u0119 tak\u017ce Waszej drugiej po\u0142\u00f3wce, przyjacio\u0142om i wszystkim, kt\u00f3rzy s\u0105 bliscy Waszym sercom. W naszym serwisie czekaj\u0105 na Was fotoksi\u0105\u017cki 20&#215;30 cm oraz w wielu innych formatach \u2013 od 15&#215;15 cm do nawet 30&#215;30 cm. Je\u015bli zdecydujecie si\u0119 na wyb\u00f3r gotowych szablon\u00f3w, projekt zajmie Wam tylko kilka minut, a na empikfoto.pl czeka ich naprawd\u0119 sporo. Od bardzo romantycznych dla zakochanych, przez nowoczesne dla najlepszych przyjaci\u00f3\u0142, a\u017c po klasyczne i bardzo eleganckie dla mamy, taty i dziadk\u00f3w.<\/p>\n<div id=\"attachment_13211\" style=\"width: 1034px\" class=\"wp-caption aligncenter\"><a href=\"https:\/\/www.empikfoto.pl\/kolekcje\/kolekcja-dziadka-do-orzechow\"><img loading=\"lazy\" decoding=\"async\" aria-describedby=\"caption-attachment-13211\" class=\"wp-image-13211 size-large\" src=\"https:\/\/www.empikfoto.pl\/blog\/empikfoto\/2023\/11\/DSC0862-Edytuj-1024x683.jpg\" alt=\"prezent na \u015bwi\u0119ta\" width=\"1024\" height=\"683\" \/><\/a><p id=\"caption-attachment-13211\" class=\"wp-caption-text\">Skorzystaj z naszych propozycji na magiczne \u015bwi\u0119ta z now\u0105 kolekcj\u0105 <a href=\"https:\/\/www.empikfoto.pl\/kolekcje\/kolekcja-dziadka-do-orzechow\"><strong>Dziadka do orzech\u00f3w<\/strong><\/a> &#8211; <a href=\"https:\/\/www.empikfoto.pl\/fotoksiazka,kolekcja-dziadek-do-orzechow\"><strong>fotoksi\u0105\u017cka<\/strong><\/a>, <a href=\"https:\/\/www.empikfoto.pl\/brelok,kolekcja-dziadek-do-orzechow-wersja-2\"><strong>brelok<\/strong><\/a>, <a href=\"https:\/\/www.empikfoto.pl\/magnes,kolekcja-dziadek-do-orzechow-wersja-2\"><strong>magnes<\/strong><\/a>, a mo\u017ce <a href=\"https:\/\/www.empikfoto.pl\/fotokartki,kolekcja-dziadek-do-orzechow\"><strong>kartka \u015bwi\u0105teczna<\/strong><\/a>?<\/p><\/div>\n<h2>Kalendarz ze zdj\u0119ciami \u2013 pomys\u0142 na prezent na ca\u0142y rok<\/h2>\n<p>Kalendarz ze zdj\u0119ciami to, podobnie jak fotoksi\u0105\u017cka, \u015bwietny pomys\u0142 na prezent dla ka\u017cdego. Sk\u0105d wiemy, \u017ce jest \u015bwietny? To w\u0142a\u015bnie <a href=\"https:\/\/www.empikfoto.pl\/fotokalendarze\"><strong>fotokalendarze<\/strong> <\/a>w bestsellerowych formatach 20&#215;30 cm i 30&#215;40 cm s\u0105 jednymi z najcz\u0119\u015bciej wybieranych prezent\u00f3w pod choink\u0119 w naszym serwisie. Czeka na Was ponad 50 szablon\u00f3w na r\u00f3\u017cne okazje, a w projekcie mo\u017cecie u\u017cy\u0107 zdj\u0119\u0107 z komputera i profili w social media. Do tego przygotowali\u015bmy mn\u00f3stwo klipart\u00f3w, te\u0142 i ramek oraz mo\u017cliwo\u015b\u0107 dodawania w\u0142asnych p\u00f3l tekstowych i wa\u017cnych \u015bwi\u0105t takich, jak urodziny czy rocznice.<\/p>\n<h2>Kubek ze zdj\u0119ciem \u2013 pomys\u0142 na prezent dla tych, kt\u00f3rzy potrzebuj\u0105 energii<\/h2>\n<p>Szukacie pomys\u0142u na prezent na \u015bwi\u0119ta, w kt\u00f3rym wykorzystacie zdj\u0119cia w nieoczywistej formie? W takim razie poznajcie nasz\u0105 ofert\u0119 <a href=\"https:\/\/www.empikfoto.pl\/kubki\"><strong>fotokubk\u00f3w<\/strong><\/a>, kt\u00f3re mo\u017cecie przygotowa\u0107 w kilka minut. U\u017cyjcie zdj\u0119\u0107, ulubionych cytat\u00f3w lub naszych gotowych szablon\u00f3w. Na empikfoto.pl czekaj\u0105 na Was kubki w standardowych rozmiarach <strong>330 ml<\/strong> i <strong>440 ml<\/strong>, a tak\u017ce <a href=\"https:\/\/www.empikfoto.pl\/kubki-z-lyzeczka\"><strong>kubki z \u0142y\u017ceczk\u0105<\/strong><\/a> i<a href=\"https:\/\/www.empikfoto.pl\/kubki-magiczne\"><strong> kubki magiczne<\/strong><\/a>, na kt\u00f3rych zdj\u0119cie pojawi si\u0119 dopiero wtedy, gdy w \u015brodku znajdzie si\u0119 gor\u0105cy nap\u00f3j. Wyobra\u017cacie sobie lepszy poranek ni\u017c ten, podczas kt\u00f3rego z ka\u017cdym \u0142ykiem kawy wracacie do ulubionych wspomnie\u0144? Podarujcie go w takim razie najbli\u017cszym!<\/p>\n<div id=\"attachment_13212\" style=\"width: 1034px\" class=\"wp-caption aligncenter\"><a href=\"https:\/\/www.empikfoto.pl\/kolekcje\/kolekcja-pod-choinke\"><img loading=\"lazy\" decoding=\"async\" aria-describedby=\"caption-attachment-13212\" class=\"wp-image-13212 size-large\" src=\"https:\/\/www.empikfoto.pl\/blog\/empikfoto\/2023\/11\/DSC0929-Edytuj-1024x683.jpg\" alt=\"prezent na \u015bwi\u0119ta\" width=\"1024\" height=\"683\" srcset=\"https:\/\/www.empikfoto.pl\/blog\/empikfoto\/2023\/11\/DSC0929-Edytuj-1024x683.jpg 1024w, https:\/\/www.empikfoto.pl\/blog\/empikfoto\/2023\/11\/DSC0929-Edytuj-300x200.jpg 300w, https:\/\/www.empikfoto.pl\/blog\/empikfoto\/2023\/11\/DSC0929-Edytuj-768x512.jpg 768w, https:\/\/www.empikfoto.pl\/blog\/empikfoto\/2023\/11\/DSC0929-Edytuj-1536x1024.jpg 1536w, https:\/\/www.empikfoto.pl\/blog\/empikfoto\/2023\/11\/DSC0929-Edytuj-2048x1365.jpg 2048w, https:\/\/www.empikfoto.pl\/blog\/empikfoto\/2023\/11\/DSC0929-Edytuj-330x220.jpg 330w, https:\/\/www.empikfoto.pl\/blog\/empikfoto\/2023\/11\/DSC0929-Edytuj-400x267.jpg 400w\" sizes=\"auto, (max-width: 1024px) 100vw, 1024px\" \/><\/a><p id=\"caption-attachment-13212\" class=\"wp-caption-text\">\u015awi\u0105teczny kubek z kolekcji <a href=\"https:\/\/www.empikfoto.pl\/kolekcje\/kolekcja-pod-choinke\"><strong>Pod Choink\u0119<\/strong><\/a> mo\u017cesz dowolnie spersonalizowa\u0107, dodaj\u0105c sw\u00f3j tekst czy zdj\u0119cie &#8211; <a href=\"https:\/\/www.empikfoto.pl\/kubek,kolekcja-pod-choinke-wersja-2\"><strong>Kubek, Kolekcja Pod Choink\u0119 &#8211; wersja 2<\/strong><\/a><\/p><\/div>\n<h2>Poduszka ze zdj\u0119ciem \u2013 pomys\u0142 na prezent dla \u015bpiocha<\/h2>\n<p>Je\u015bli zamiast energii o poranku chcecie podarowa\u0107 najbli\u017cszym przemi\u0142e wieczory, to \u015bwietnym pomys\u0142em na prezent na \u015bwi\u0119ta b\u0119dzie <a href=\"https:\/\/www.empikfoto.pl\/wystroj-wnetrz\/poduszki\"><strong>poduszka ze zdj\u0119ciem lub has\u0142em<\/strong><\/a>. W naszym serwisie czekaj\u0105 na Was poduszki w trzech wymiarach: 25&#215;25 cm, 38&#215;38 cm oraz 40&#215;40 cm wykonane z bawe\u0142ny, zamszu lub satyny. W tym wypadku tak\u017ce mo\u017cecie korzysta\u0107 z gotowych szablon\u00f3w lub zaprojektowa\u0107 w\u0142asny, by w 100% spersonalizowa\u0107 prezent dla Waszego rodzinnego \u015bpiocha.<\/p>\n<h2>Koszulka ze zdj\u0119ciem \u2013 pomys\u0142 na spersonalizowany prezent<\/h2>\n<p>Szukacie czego\u015b naprawd\u0119 oryginalnego? W takim razie <a href=\"https:\/\/www.empikfoto.pl\/fotokoszulki\"><strong>koszulka ze zdj\u0119ciem<\/strong><\/a> b\u0119dzie \u015bwietna! To dobry pomys\u0142 na prezent pod choink\u0119 w\u0142a\u015bciwie dla ka\u017cdego cz\u0142onka rodziny \u2013 malucha, \u017cony, m\u0119\u017ca lub rodzic\u00f3w. Na empikfoto.pl czekaj\u0105 t-shirty w r\u00f3\u017cnych kolorach, na kt\u00f3re mo\u017cecie nanie\u015b\u0107 ulubione wspomnienia. Korzystajcie z gotowych szablon\u00f3w lub projektujcie je od podstaw. Przygotowali\u015bmy co\u015b specjalnego dla najm\u0142odszych pociech, zakochanych, fan\u00f3w Instagrama, dziadk\u00f3w, rodzic\u00f3w i wiele, wiele wi\u0119cej. Sami sprawd\u017acie!<\/p>\n<p><img loading=\"lazy\" decoding=\"async\" class=\"aligncenter size-full wp-image-12676\" src=\"https:\/\/www.empikfoto.pl\/blog\/empikfoto\/2017\/11\/prezent-na-swieta.jpg\" alt=\"prezent na \u015bwi\u0119ta\" width=\"1000\" height=\"667\" srcset=\"https:\/\/www.empikfoto.pl\/blog\/empikfoto\/2017\/11\/prezent-na-swieta.jpg 1000w, https:\/\/www.empikfoto.pl\/blog\/empikfoto\/2017\/11\/prezent-na-swieta-300x200.jpg 300w, https:\/\/www.empikfoto.pl\/blog\/empikfoto\/2017\/11\/prezent-na-swieta-768x512.jpg 768w, https:\/\/www.empikfoto.pl\/blog\/empikfoto\/2017\/11\/prezent-na-swieta-330x220.jpg 330w, https:\/\/www.empikfoto.pl\/blog\/empikfoto\/2017\/11\/prezent-na-swieta-400x267.jpg 400w\" sizes=\"auto, (max-width: 1000px) 100vw, 1000px\" \/><\/p>\n<h2>Fotoobraz \u2013 pomys\u0142 na prezent do domu<\/h2>\n<p><a href=\"https:\/\/www.empikfoto.pl\/wystroj-wnetrz\/fotoobrazy\"><strong>Fotoobraz<\/strong> <\/a>to \u015bwietny pomys\u0142 na prezent do domu. Najwi\u0119kszy u\u015bmiech wywo\u0142a szczeg\u00f3lnie jako prezent pod choink\u0119 dla tych, kt\u00f3rzy w\u0142a\u015bnie urz\u0105dzaj\u0105 swoje cztery k\u0105ty. Chcecie wprowadzi\u0107 do ich przytulnego gniazdka jeszcze wi\u0119cej ciep\u0142a i rodzinnej atmosfery? W naszym serwisie znajdziecie <strong>fotoobrazy w najr\u00f3\u017cniejszych formatach.<\/strong> Od kwadratowych 30&#215;30 cm do pionowych i poziomych w rozmiarze nawet 100&#215;70 cm. Co r\u00f3\u017cni fotoobraz od klasycznych zdj\u0119\u0107 w ramce? Fotografia drukowana jest na p\u0142\u00f3tnie oprawionym na kro\u015bnie, czyli wewn\u0119trznej ramie wykonanej z drewna. Kraw\u0119dzie obrazu (2 cm lub 4 cm) s\u0105 tak\u017ce zadrukowane, wi\u0119c nie musicie martwi\u0107 si\u0119 o dodatkowe wyko\u0144czenie i monta\u017c.<\/p>\n<h2>Maskotka ze zdj\u0119ciem \u2013 pomys\u0142 na prezent dla malucha<\/h2>\n<p>Maluchy z ca\u0142\u0105 pewno\u015bci\u0105 przygotowuj\u0105 w\u0142a\u015bnie listy do \u015awi\u0119tego Miko\u0142aja. Ale bez wzgl\u0119du na to, co znajduje si\u0119 na pozycji numer jeden, ka\u017cda pociecha kocha urocze pluszaki! Dlatego <a href=\"https:\/\/www.empikfoto.pl\/maskotki\"><strong>maskotka ze zdj\u0119ciem<\/strong> <\/a>to doskona\u0142y pomys\u0142 na prezent na \u015bwi\u0119ta dla dziecka. W naszym serwisie czekaj\u0105 przes\u0142odkie misie i \u017cyrafa, na kt\u00f3rych koszulkach mo\u017cecie zaprojektowa\u0107 w\u0142asne nadruki. Taka maskotka z ca\u0142\u0105 pewno\u015bci\u0105 b\u0119dzie wyr\u00f3\u017cnia\u0107 si\u0119 na p\u00f3\u0142ce z zabawkami i stanie si\u0119 ulubionym pluszakiem Waszej pociechy!<\/p>\n<p><a href=\"https:\/\/www.empikfoto.pl\/maskotki\"><img loading=\"lazy\" decoding=\"async\" class=\"aligncenter wp-image-12669 size-large\" src=\"https:\/\/www.empikfoto.pl\/blog\/empikfoto\/2017\/11\/Mis_tygrys_w_pudelku_sesja_swiateczna_prezent-na-swieta-1024x601.jpg\" alt=\"prezent na \u015bwi\u0119ta\" width=\"1024\" height=\"601\" srcset=\"https:\/\/www.empikfoto.pl\/blog\/empikfoto\/2017\/11\/Mis_tygrys_w_pudelku_sesja_swiateczna_prezent-na-swieta-1024x601.jpg 1024w, https:\/\/www.empikfoto.pl\/blog\/empikfoto\/2017\/11\/Mis_tygrys_w_pudelku_sesja_swiateczna_prezent-na-swieta-300x176.jpg 300w, https:\/\/www.empikfoto.pl\/blog\/empikfoto\/2017\/11\/Mis_tygrys_w_pudelku_sesja_swiateczna_prezent-na-swieta-768x451.jpg 768w, https:\/\/www.empikfoto.pl\/blog\/empikfoto\/2017\/11\/Mis_tygrys_w_pudelku_sesja_swiateczna_prezent-na-swieta-400x235.jpg 400w, https:\/\/www.empikfoto.pl\/blog\/empikfoto\/2017\/11\/Mis_tygrys_w_pudelku_sesja_swiateczna_prezent-na-swieta.jpg 1280w\" sizes=\"auto, (max-width: 1024px) 100vw, 1024px\" \/><\/a><\/p>\n<h2>Fotopuzzle ze zdj\u0119ciem \u2013 pomys\u0142 na oryginalny prezent<\/h2>\n<p>Przygotowuj\u0105c \u015bwi\u0105teczne podarunki, z ca\u0142\u0105 pewno\u015bci\u0105 chcecie przygotowa\u0107 te\u017c co\u015b bardzo oryginalnego. Co\u015b, co b\u0119dzie nie tylko wzruszaj\u0105ce, ale i bardzo pomys\u0142owe. W tym wypadku koniecznie sprawd\u017acie w naszym serwisie <a href=\"https:\/\/www.empikfoto.pl\/puzzle\"><strong>puzzle ze zdj\u0119ciem<\/strong><\/a>. B\u0119d\u0105 one \u015bwietnym pomys\u0142em na prezent pod choink\u0119 dla Waszej drugiej po\u0142\u00f3wki, rodze\u0144stwa lub przyjaci\u00f3\u0142. Korzystaj\u0105c z gotowych szablon\u00f3w lub projektuj\u0105c w\u0142asny, mo\u017cecie wykorzysta\u0107 ulubione wspomnienia, kt\u00f3re wsp\u00f3lnie dzielicie. Dla maluch\u00f3w przygotowali\u015bmy puzzle z 30 element\u00f3w, a na prawdziwych fan\u00f3w uk\u0142adanek czekaj\u0105 puzzle, kt\u00f3re wymagaj\u0105 u\u0142o\u017cenia a\u017c 1000 kawa\u0142k\u00f3w.<\/p>\n<h2>Etui i torby \u2013 pomys\u0142y na prezent dla przyjaciela<\/h2>\n<p>Podczas \u015bwi\u0105t nie mo\u017cna zapomnie\u0107 tak\u017ce o tych, z kt\u00f3rymi po\u0142\u0105czy\u0142y Was wsp\u00f3lne pasje i wspomnienia dzielone na p\u00f3\u0142. Mamy na my\u015bli oczywi\u015bcie Waszych najlepszych przyjaci\u00f3\u0142, dla kt\u00f3rych tak\u017ce mo\u017cecie by\u0107 najfajniejszymi Miko\u0142ajami! Dobrym pomys\u0142em na prezent na \u015bwi\u0119ta w tym wypadku b\u0119d\u0105 <a href=\"https:\/\/www.empikfoto.pl\/wszystkie-produkty\/etui\"><strong>etui do telefon\u00f3w ze zdj\u0119ciem<\/strong>. <\/a>Mo\u017cecie je dowolnie zaprojektowa\u0107. Sami sprawd\u017acie!<\/p>\n","protected":false},"excerpt":{"rendered":"<p>Szukacie pomys\u0142\u00f3w na prezent na \u015bwi\u0119ta dla najbli\u017cszych? Chcecie podarowa\u0107 im co\u015b wzruszaj\u0105cego i pe\u0142nego emocji? Przygotowali\u015bmy dla Was 15 inspiracji na prezenty ze zdj\u0119\u0107 dla mamy, taty, dziadk\u00f3w, rodze\u0144stwa i przyjaci\u00f3\u0142! Zobaczcie koniecznie i przygotujcie miko\u0142ajow\u0105 list\u0119 ju\u017c teraz!<\/p>\n","protected":false},"author":16,"featured_media":12677,"comment_status":"closed","ping_status":"closed","sticky":true,"template":"","format":"standard","meta":{"footnotes":""},"categories":[786,113],"tags":[1069,1070,1068],"class_list":["post-7984","post","type-post","status-publish","format-standard","has-post-thumbnail","hentry","category-inspiracje","category-pomysl-na-prezent","tag-boze-narodzenie","tag-pomysl-na-prezent","tag-swieta"],"yoast_head":"<!-- This site is optimized with the Yoast SEO plugin v27.5 - https:\/\/yoast.com\/product\/yoast-seo-wordpress\/ -->\n<title>15 pomys\u0142\u00f3w na prezent na \u015bwi\u0119ta. Zainspiruj si\u0119! | Empik Foto<\/title>\n<meta name=\"description\" content=\"Szukacie pomys\u0142\u00f3w na prezent na \u015bwi\u0119ta dla najbli\u017cszych? Chcecie podarowa\u0107 im co\u015b wzruszaj\u0105cego i pe\u0142nego emocji? Sprawd\u017a 15 inspiracji!\" \/>\n<meta name=\"robots\" content=\"index, follow, max-snippet:-1, max-image-preview:large, max-video-preview:-1\" \/>\n<link rel=\"canonical\" href=\"https:\/\/www.empikfoto.pl\/blog\/15-pomyslow-na-prezent-na-swieta\/\" \/>\n<meta property=\"og:locale\" content=\"pl_PL\" \/>\n<meta property=\"og:type\" content=\"article\" \/>\n<meta property=\"og:title\" content=\"15 pomys\u0142\u00f3w na prezent na \u015bwi\u0119ta. Zainspiruj si\u0119! | Empik Foto\" \/>\n<meta property=\"og:description\" content=\"Szukacie pomys\u0142\u00f3w na prezent na \u015bwi\u0119ta dla najbli\u017cszych? Chcecie podarowa\u0107 im co\u015b wzruszaj\u0105cego i pe\u0142nego emocji? Sprawd\u017a 15 inspiracji!\" \/>\n<meta property=\"og:url\" content=\"https:\/\/www.empikfoto.pl\/blog\/15-pomyslow-na-prezent-na-swieta\/\" \/>\n<meta property=\"og:site_name\" content=\"blog.empikfoto.pl\" \/>\n<meta property=\"article:publisher\" content=\"https:\/\/www.facebook.com\/empikfotopl\/\" \/>\n<meta property=\"article:published_time\" content=\"2023-11-21T05:00:54+00:00\" \/>\n<meta property=\"article:modified_time\" content=\"2023-11-21T14:09:01+00:00\" \/>\n<meta property=\"og:image\" content=\"https:\/\/www.empikfoto.pl\/blog\/empikfoto\/2017\/11\/prezent-na-swieta-1.jpg\" \/>\n\t<meta property=\"og:image:width\" content=\"1000\" \/>\n\t<meta property=\"og:image:height\" content=\"667\" \/>\n\t<meta property=\"og:image:type\" content=\"image\/jpeg\" \/>\n<meta name=\"author\" content=\"Patrycja\" \/>\n<meta name=\"twitter:card\" content=\"summary_large_image\" \/>\n<meta name=\"twitter:creator\" content=\"@empikfoto\" \/>\n<meta name=\"twitter:site\" content=\"@empikfoto\" \/>\n<meta name=\"twitter:label1\" content=\"Napisane przez\" \/>\n\t<meta name=\"twitter:data1\" content=\"Patrycja\" \/>\n\t<meta name=\"twitter:label2\" content=\"Szacowany czas czytania\" \/>\n\t<meta name=\"twitter:data2\" content=\"8 minut\" \/>\n<script type=\"application\/ld+json\" class=\"yoast-schema-graph\">{\"@context\":\"https:\\\/\\\/schema.org\",\"@graph\":[{\"@type\":\"Article\",\"@id\":\"https:\\\/\\\/www.empikfoto.pl\\\/blog\\\/15-pomyslow-na-prezent-na-swieta\\\/#article\",\"isPartOf\":{\"@id\":\"https:\\\/\\\/www.empikfoto.pl\\\/blog\\\/15-pomyslow-na-prezent-na-swieta\\\/\"},\"author\":{\"name\":\"Patrycja\",\"@id\":\"https:\\\/\\\/www.empikfoto.pl\\\/blog\\\/#\\\/schema\\\/person\\\/0313802ca5dac502e3266853c59632c0\"},\"headline\":\"15 pomys\u0142\u00f3w na prezent na \u015bwi\u0119ta. Zainspiruj si\u0119!\",\"datePublished\":\"2023-11-21T05:00:54+00:00\",\"dateModified\":\"2023-11-21T14:09:01+00:00\",\"mainEntityOfPage\":{\"@id\":\"https:\\\/\\\/www.empikfoto.pl\\\/blog\\\/15-pomyslow-na-prezent-na-swieta\\\/\"},\"wordCount\":1286,\"image\":{\"@id\":\"https:\\\/\\\/www.empikfoto.pl\\\/blog\\\/15-pomyslow-na-prezent-na-swieta\\\/#primaryimage\"},\"thumbnailUrl\":\"https:\\\/\\\/www.empikfoto.pl\\\/blog\\\/empikfoto\\\/2017\\\/11\\\/prezent-na-swieta-1.jpg\",\"keywords\":[\"bo\u017ce narodzenie\",\"pomys\u0142 na prezent\",\"\u015bwi\u0119ta\"],\"articleSection\":[\"INSPIRACJE\",\"Pomys\u0142 na prezent\"],\"inLanguage\":\"pl-PL\"},{\"@type\":\"WebPage\",\"@id\":\"https:\\\/\\\/www.empikfoto.pl\\\/blog\\\/15-pomyslow-na-prezent-na-swieta\\\/\",\"url\":\"https:\\\/\\\/www.empikfoto.pl\\\/blog\\\/15-pomyslow-na-prezent-na-swieta\\\/\",\"name\":\"15 pomys\u0142\u00f3w na prezent na \u015bwi\u0119ta. Zainspiruj si\u0119! | Empik Foto\",\"isPartOf\":{\"@id\":\"https:\\\/\\\/www.empikfoto.pl\\\/blog\\\/#website\"},\"primaryImageOfPage\":{\"@id\":\"https:\\\/\\\/www.empikfoto.pl\\\/blog\\\/15-pomyslow-na-prezent-na-swieta\\\/#primaryimage\"},\"image\":{\"@id\":\"https:\\\/\\\/www.empikfoto.pl\\\/blog\\\/15-pomyslow-na-prezent-na-swieta\\\/#primaryimage\"},\"thumbnailUrl\":\"https:\\\/\\\/www.empikfoto.pl\\\/blog\\\/empikfoto\\\/2017\\\/11\\\/prezent-na-swieta-1.jpg\",\"datePublished\":\"2023-11-21T05:00:54+00:00\",\"dateModified\":\"2023-11-21T14:09:01+00:00\",\"author\":{\"@id\":\"https:\\\/\\\/www.empikfoto.pl\\\/blog\\\/#\\\/schema\\\/person\\\/0313802ca5dac502e3266853c59632c0\"},\"description\":\"Szukacie pomys\u0142\u00f3w na prezent na \u015bwi\u0119ta dla najbli\u017cszych? Chcecie podarowa\u0107 im co\u015b wzruszaj\u0105cego i pe\u0142nego emocji? Sprawd\u017a 15 inspiracji!\",\"breadcrumb\":{\"@id\":\"https:\\\/\\\/www.empikfoto.pl\\\/blog\\\/15-pomyslow-na-prezent-na-swieta\\\/#breadcrumb\"},\"inLanguage\":\"pl-PL\",\"potentialAction\":[{\"@type\":\"ReadAction\",\"target\":[\"https:\\\/\\\/www.empikfoto.pl\\\/blog\\\/15-pomyslow-na-prezent-na-swieta\\\/\"]}]},{\"@type\":\"ImageObject\",\"inLanguage\":\"pl-PL\",\"@id\":\"https:\\\/\\\/www.empikfoto.pl\\\/blog\\\/15-pomyslow-na-prezent-na-swieta\\\/#primaryimage\",\"url\":\"https:\\\/\\\/www.empikfoto.pl\\\/blog\\\/empikfoto\\\/2017\\\/11\\\/prezent-na-swieta-1.jpg\",\"contentUrl\":\"https:\\\/\\\/www.empikfoto.pl\\\/blog\\\/empikfoto\\\/2017\\\/11\\\/prezent-na-swieta-1.jpg\",\"width\":1000,\"height\":667},{\"@type\":\"BreadcrumbList\",\"@id\":\"https:\\\/\\\/www.empikfoto.pl\\\/blog\\\/15-pomyslow-na-prezent-na-swieta\\\/#breadcrumb\",\"itemListElement\":[{\"@type\":\"ListItem\",\"position\":1,\"name\":\"Strona g\u0142\u00f3wna\",\"item\":\"https:\\\/\\\/www.empikfoto.pl\\\/blog\\\/\"},{\"@type\":\"ListItem\",\"position\":2,\"name\":\"15 pomys\u0142\u00f3w na prezent na \u015bwi\u0119ta. Zainspiruj si\u0119!\"}]},{\"@type\":\"WebSite\",\"@id\":\"https:\\\/\\\/www.empikfoto.pl\\\/blog\\\/#website\",\"url\":\"https:\\\/\\\/www.empikfoto.pl\\\/blog\\\/\",\"name\":\"blog.empikfoto.pl\",\"description\":\"Poznaj empikfoto.pl od \u015brodka! Dowiedz si\u0119 wi\u0119cej o odbitkach, fotoksi\u0105\u017ckach i fotografii.\",\"potentialAction\":[{\"@type\":\"SearchAction\",\"target\":{\"@type\":\"EntryPoint\",\"urlTemplate\":\"https:\\\/\\\/www.empikfoto.pl\\\/blog\\\/?s={search_term_string}\"},\"query-input\":{\"@type\":\"PropertyValueSpecification\",\"valueRequired\":true,\"valueName\":\"search_term_string\"}}],\"inLanguage\":\"pl-PL\"},{\"@type\":\"Person\",\"@id\":\"https:\\\/\\\/www.empikfoto.pl\\\/blog\\\/#\\\/schema\\\/person\\\/0313802ca5dac502e3266853c59632c0\",\"name\":\"Patrycja\",\"image\":{\"@type\":\"ImageObject\",\"inLanguage\":\"pl-PL\",\"@id\":\"https:\\\/\\\/secure.gravatar.com\\\/avatar\\\/f25168e12215ad42f58e5fb72881daaeb57bd4f907081046016f64bf167db59f?s=96&d=identicon&r=g\",\"url\":\"https:\\\/\\\/secure.gravatar.com\\\/avatar\\\/f25168e12215ad42f58e5fb72881daaeb57bd4f907081046016f64bf167db59f?s=96&d=identicon&r=g\",\"contentUrl\":\"https:\\\/\\\/secure.gravatar.com\\\/avatar\\\/f25168e12215ad42f58e5fb72881daaeb57bd4f907081046016f64bf167db59f?s=96&d=identicon&r=g\",\"caption\":\"Patrycja\"},\"url\":\"https:\\\/\\\/www.empikfoto.pl\\\/blog\\\/author\\\/patrycja\\\/\"}]}<\/script>\n<!-- \/ Yoast SEO plugin. -->","yoast_head_json":{"title":"15 pomys\u0142\u00f3w na prezent na \u015bwi\u0119ta. Zainspiruj si\u0119! | Empik Foto","description":"Szukacie pomys\u0142\u00f3w na prezent na \u015bwi\u0119ta dla najbli\u017cszych? Chcecie podarowa\u0107 im co\u015b wzruszaj\u0105cego i pe\u0142nego emocji? Sprawd\u017a 15 inspiracji!","robots":{"index":"index","follow":"follow","max-snippet":"max-snippet:-1","max-image-preview":"max-image-preview:large","max-video-preview":"max-video-preview:-1"},"canonical":"https:\/\/www.empikfoto.pl\/blog\/15-pomyslow-na-prezent-na-swieta\/","og_locale":"pl_PL","og_type":"article","og_title":"15 pomys\u0142\u00f3w na prezent na \u015bwi\u0119ta. Zainspiruj si\u0119! | Empik Foto","og_description":"Szukacie pomys\u0142\u00f3w na prezent na \u015bwi\u0119ta dla najbli\u017cszych? Chcecie podarowa\u0107 im co\u015b wzruszaj\u0105cego i pe\u0142nego emocji? Sprawd\u017a 15 inspiracji!","og_url":"https:\/\/www.empikfoto.pl\/blog\/15-pomyslow-na-prezent-na-swieta\/","og_site_name":"blog.empikfoto.pl","article_publisher":"https:\/\/www.facebook.com\/empikfotopl\/","article_published_time":"2023-11-21T05:00:54+00:00","article_modified_time":"2023-11-21T14:09:01+00:00","og_image":[{"width":1000,"height":667,"url":"https:\/\/www.empikfoto.pl\/blog\/empikfoto\/2017\/11\/prezent-na-swieta-1.jpg","type":"image\/jpeg"}],"author":"Patrycja","twitter_card":"summary_large_image","twitter_creator":"@empikfoto","twitter_site":"@empikfoto","twitter_misc":{"Napisane przez":"Patrycja","Szacowany czas czytania":"8 minut"},"schema":{"@context":"https:\/\/schema.org","@graph":[{"@type":"Article","@id":"https:\/\/www.empikfoto.pl\/blog\/15-pomyslow-na-prezent-na-swieta\/#article","isPartOf":{"@id":"https:\/\/www.empikfoto.pl\/blog\/15-pomyslow-na-prezent-na-swieta\/"},"author":{"name":"Patrycja","@id":"https:\/\/www.empikfoto.pl\/blog\/#\/schema\/person\/0313802ca5dac502e3266853c59632c0"},"headline":"15 pomys\u0142\u00f3w na prezent na \u015bwi\u0119ta. Zainspiruj si\u0119!","datePublished":"2023-11-21T05:00:54+00:00","dateModified":"2023-11-21T14:09:01+00:00","mainEntityOfPage":{"@id":"https:\/\/www.empikfoto.pl\/blog\/15-pomyslow-na-prezent-na-swieta\/"},"wordCount":1286,"image":{"@id":"https:\/\/www.empikfoto.pl\/blog\/15-pomyslow-na-prezent-na-swieta\/#primaryimage"},"thumbnailUrl":"https:\/\/www.empikfoto.pl\/blog\/empikfoto\/2017\/11\/prezent-na-swieta-1.jpg","keywords":["bo\u017ce narodzenie","pomys\u0142 na prezent","\u015bwi\u0119ta"],"articleSection":["INSPIRACJE","Pomys\u0142 na prezent"],"inLanguage":"pl-PL"},{"@type":"WebPage","@id":"https:\/\/www.empikfoto.pl\/blog\/15-pomyslow-na-prezent-na-swieta\/","url":"https:\/\/www.empikfoto.pl\/blog\/15-pomyslow-na-prezent-na-swieta\/","name":"15 pomys\u0142\u00f3w na prezent na \u015bwi\u0119ta. Zainspiruj si\u0119! | Empik Foto","isPartOf":{"@id":"https:\/\/www.empikfoto.pl\/blog\/#website"},"primaryImageOfPage":{"@id":"https:\/\/www.empikfoto.pl\/blog\/15-pomyslow-na-prezent-na-swieta\/#primaryimage"},"image":{"@id":"https:\/\/www.empikfoto.pl\/blog\/15-pomyslow-na-prezent-na-swieta\/#primaryimage"},"thumbnailUrl":"https:\/\/www.empikfoto.pl\/blog\/empikfoto\/2017\/11\/prezent-na-swieta-1.jpg","datePublished":"2023-11-21T05:00:54+00:00","dateModified":"2023-11-21T14:09:01+00:00","author":{"@id":"https:\/\/www.empikfoto.pl\/blog\/#\/schema\/person\/0313802ca5dac502e3266853c59632c0"},"description":"Szukacie pomys\u0142\u00f3w na prezent na \u015bwi\u0119ta dla najbli\u017cszych? Chcecie podarowa\u0107 im co\u015b wzruszaj\u0105cego i pe\u0142nego emocji? Sprawd\u017a 15 inspiracji!","breadcrumb":{"@id":"https:\/\/www.empikfoto.pl\/blog\/15-pomyslow-na-prezent-na-swieta\/#breadcrumb"},"inLanguage":"pl-PL","potentialAction":[{"@type":"ReadAction","target":["https:\/\/www.empikfoto.pl\/blog\/15-pomyslow-na-prezent-na-swieta\/"]}]},{"@type":"ImageObject","inLanguage":"pl-PL","@id":"https:\/\/www.empikfoto.pl\/blog\/15-pomyslow-na-prezent-na-swieta\/#primaryimage","url":"https:\/\/www.empikfoto.pl\/blog\/empikfoto\/2017\/11\/prezent-na-swieta-1.jpg","contentUrl":"https:\/\/www.empikfoto.pl\/blog\/empikfoto\/2017\/11\/prezent-na-swieta-1.jpg","width":1000,"height":667},{"@type":"BreadcrumbList","@id":"https:\/\/www.empikfoto.pl\/blog\/15-pomyslow-na-prezent-na-swieta\/#breadcrumb","itemListElement":[{"@type":"ListItem","position":1,"name":"Strona g\u0142\u00f3wna","item":"https:\/\/www.empikfoto.pl\/blog\/"},{"@type":"ListItem","position":2,"name":"15 pomys\u0142\u00f3w na prezent na \u015bwi\u0119ta. Zainspiruj si\u0119!"}]},{"@type":"WebSite","@id":"https:\/\/www.empikfoto.pl\/blog\/#website","url":"https:\/\/www.empikfoto.pl\/blog\/","name":"blog.empikfoto.pl","description":"Poznaj empikfoto.pl od \u015brodka! Dowiedz si\u0119 wi\u0119cej o odbitkach, fotoksi\u0105\u017ckach i fotografii.","potentialAction":[{"@type":"SearchAction","target":{"@type":"EntryPoint","urlTemplate":"https:\/\/www.empikfoto.pl\/blog\/?s={search_term_string}"},"query-input":{"@type":"PropertyValueSpecification","valueRequired":true,"valueName":"search_term_string"}}],"inLanguage":"pl-PL"},{"@type":"Person","@id":"https:\/\/www.empikfoto.pl\/blog\/#\/schema\/person\/0313802ca5dac502e3266853c59632c0","name":"Patrycja","image":{"@type":"ImageObject","inLanguage":"pl-PL","@id":"https:\/\/secure.gravatar.com\/avatar\/f25168e12215ad42f58e5fb72881daaeb57bd4f907081046016f64bf167db59f?s=96&d=identicon&r=g","url":"https:\/\/secure.gravatar.com\/avatar\/f25168e12215ad42f58e5fb72881daaeb57bd4f907081046016f64bf167db59f?s=96&d=identicon&r=g","contentUrl":"https:\/\/secure.gravatar.com\/avatar\/f25168e12215ad42f58e5fb72881daaeb57bd4f907081046016f64bf167db59f?s=96&d=identicon&r=g","caption":"Patrycja"},"url":"https:\/\/www.empikfoto.pl\/blog\/author\/patrycja\/"}]}},"amp_enabled":true,"_links":{"self":[{"href":"https:\/\/www.empikfoto.pl\/blog\/wp-json\/wp\/v2\/posts\/7984","targetHints":{"allow":["GET"]}}],"collection":[{"href":"https:\/\/www.empikfoto.pl\/blog\/wp-json\/wp\/v2\/posts"}],"about":[{"href":"https:\/\/www.empikfoto.pl\/blog\/wp-json\/wp\/v2\/types\/post"}],"author":[{"embeddable":true,"href":"https:\/\/www.empikfoto.pl\/blog\/wp-json\/wp\/v2\/users\/16"}],"replies":[{"embeddable":true,"href":"https:\/\/www.empikfoto.pl\/blog\/wp-json\/wp\/v2\/comments?post=7984"}],"version-history":[{"count":23,"href":"https:\/\/www.empikfoto.pl\/blog\/wp-json\/wp\/v2\/posts\/7984\/revisions"}],"predecessor-version":[{"id":13237,"href":"https:\/\/www.empikfoto.pl\/blog\/wp-json\/wp\/v2\/posts\/7984\/revisions\/13237"}],"wp:featuredmedia":[{"embeddable":true,"href":"https:\/\/www.empikfoto.pl\/blog\/wp-json\/wp\/v2\/media\/12677"}],"wp:attachment":[{"href":"https:\/\/www.empikfoto.pl\/blog\/wp-json\/wp\/v2\/media?parent=7984"}],"wp:term":[{"taxonomy":"category","embeddable":true,"href":"https:\/\/www.empikfoto.pl\/blog\/wp-json\/wp\/v2\/categories?post=7984"},{"taxonomy":"post_tag","embeddable":true,"href":"https:\/\/www.empikfoto.pl\/blog\/wp-json\/wp\/v2\/tags?post=7984"}],"curies":[{"name":"wp","href":"https:\/\/api.w.org\/{rel}","templated":true}]}}