{"id":8095,"date":"2017-12-15T15:06:43","date_gmt":"2017-12-15T14:06:43","guid":{"rendered":"http:\/\/blog.empikfoto.pl\/?p=8095"},"modified":"2023-11-29T13:01:44","modified_gmt":"2023-11-29T12:01:44","slug":"pomysly-oryginalne-zapakowanie-fotoksiazki","status":"publish","type":"post","link":"https:\/\/www.empikfoto.pl\/blog\/pomysly-oryginalne-zapakowanie-fotoksiazki\/","title":{"rendered":"Pomys\u0142y na oryginalne zapakowanie fotoksi\u0105\u017cki"},"content":{"rendered":"<p>M\u00f3wi si\u0119, \u017ce pierwsze wra\u017cenie jest najwa\u017cniejsze, bo zostaje w pami\u0119ci najd\u0142u\u017cej. Tak jest nie tylko z lud\u017ami, ale i z rzeczami, kt\u00f3re dostajemy. Je\u015bli co\u015b ju\u017c na pierwszy rzut oka wydaje nam si\u0119 \u0142adne, to przyci\u0105ga nasz\u0105 uwag\u0119 i pobudza ciekawo\u015b\u0107. Dlatego daj\u0105c komu\u015b wyj\u0105tkowy prezent na \u015bwi\u0119ta, nie powinni\u015bmy zapomina\u0107 o jego <strong>odpowiednim zapakowaniu<\/strong>. Sprawd\u017a nasze pomys\u0142y na oryginalne zapakowanie fotoksi\u0105\u017cki.<\/p>\n<p><!--more--><\/p>\n<p>Jest wiele metod na to, aby pokaza\u0107 bliskim, \u017ce s\u0105 dla nas wa\u017cni. Do najpopularniejszych z\u00a0nich mo\u017cemy zaliczy\u0107 <strong>wr\u0119czanie upomink\u00f3w<\/strong>, szczeg\u00f3lnie tych wykonanych w\u0142asnor\u0119cznie. Nie ka\u017cdy jednak ma wystarczaj\u0105ce zdolno\u015bci manualne, by samodzielnie przygotowa\u0107 czy kreatywnie zapakowa\u0107 podarunek. Na szcz\u0119\u015bcie mo\u017cemy skorzysta\u0107 z <strong>gotowych projekt\u00f3w lub szablon\u00f3w <\/strong>i dzi\u0119ki nim wykona\u0107 wyj\u0105tkowy prezent dla najbli\u017cszych. Jednymi z tych, kt\u00f3re pozwalaj\u0105 na d\u0142ugo zachowa\u0107 dobre wspomnienia s\u0105 <strong><a href=\"http:\/\/www.empikfoto.pl\/fotoprezenty\">fotoprezenty<\/a><\/strong>, takie jak na przyk\u0142ad <strong><a href=\"http:\/\/www.empikfoto.pl\/fotoksiazki\">fotoksi\u0105\u017cka<\/a><\/strong>, kt\u00f3r\u0105 mo\u017cemy wype\u0142ni\u0107 ulubionymi zdj\u0119ciami ze wsp\u00f3lnych podr\u00f3\u017cy i spotka\u0144, zabawnymi historiami rodzinnymi czy dowcipnymi cytatami przyjaci\u00f3\u0142.<\/p>\n<p><img loading=\"lazy\" decoding=\"async\" class=\"aligncenter size-large wp-image-13334\" src=\"https:\/\/www.empikfoto.pl\/blog\/empikfoto\/2017\/12\/view-beautifully-decorated-scrapbook-1024x683.jpg\" alt=\"fotoksi\u0105\u017cka\" width=\"1024\" height=\"683\" srcset=\"https:\/\/www.empikfoto.pl\/blog\/empikfoto\/2017\/12\/view-beautifully-decorated-scrapbook-1024x683.jpg 1024w, https:\/\/www.empikfoto.pl\/blog\/empikfoto\/2017\/12\/view-beautifully-decorated-scrapbook-300x200.jpg 300w, https:\/\/www.empikfoto.pl\/blog\/empikfoto\/2017\/12\/view-beautifully-decorated-scrapbook-768x512.jpg 768w, https:\/\/www.empikfoto.pl\/blog\/empikfoto\/2017\/12\/view-beautifully-decorated-scrapbook-330x220.jpg 330w, https:\/\/www.empikfoto.pl\/blog\/empikfoto\/2017\/12\/view-beautifully-decorated-scrapbook-400x267.jpg 400w, https:\/\/www.empikfoto.pl\/blog\/empikfoto\/2017\/12\/view-beautifully-decorated-scrapbook.jpg 1500w\" sizes=\"auto, (max-width: 1024px) 100vw, 1024px\" \/><\/p>\n<p>Dzi\u0119ki wskaz\u00f3wkom, kt\u00f3re znajdziemy w <strong><a href=\"https:\/\/www.empikfoto.pl\/blog\/pomysly-oryginalne-zapakowanie-fotoksiazki\/\">tutorialu<\/a> <\/strong>przygotowanym przez empikfoto.pl, szybko i wygodnie dobierzemy idealny szablon albo stworzymy w\u0142asn\u0105 kompozycj\u0119. Warto tak\u017ce zaskoczy\u0107 bliskich <strong>pomys\u0142owym opakowaniem<\/strong>. Jak kreatywnie zapakowa\u0107 fotoksi\u0105\u017ck\u0119 pe\u0142n\u0105 wspomnie\u0144? Poni\u017cej przedstawiamy kilka naszych propozycji.<\/p>\n<h2>Oryginalna prostota<\/h2>\n<p><strong>Wystarczy<\/strong>: zwyk\u0142a br\u0105zowa tektura, ta\u015bma klej\u0105ca i mazaki (nie permanentne!) w wielu kolorach<\/p>\n<p>Nasz\u0105 spersonalizowan\u0105 fotoksi\u0105\u017ck\u0119 pakujemy, jak zwyk\u0142\u0105 paczk\u0119. Od wewn\u0105trz na kraw\u0119dziach przyklejamy ta\u015bm\u0119 klej\u0105c\u0105, by nie uszkodzi\u0142a si\u0119 podczas przenoszenia. Na wierzchu piszemy r\u0119cznie dla kogo jest prezent lub rysujemy symbol zwi\u0105zany z dan\u0105 osob\u0105 (np. je\u015bli lubi muzyk\u0119 mo\u017cemy narysowa\u0107 pi\u0119ciolini\u0119). Mi\u0142ym elementem na ka\u017cdym z prezent\u00f3w b\u0119dzie tak\u017ce wygospodarowany fragment z \u017cyczeniami. Dzi\u0119ki temu zwyk\u0142a br\u0105zowa tektura nabierze indywidualnego charakteru.<\/p>\n<h2>Ozdobny wachlarz<\/h2>\n<p><strong>Wystarczy<\/strong>: krepina w jednym kolorze, ta\u015bma klej\u0105ca, klej, bilecik prezentowy, ozdobna kokarda<\/p>\n<p>Je\u015bli chcemy zapakowa\u0107 fotoksia\u017ck\u0119 tradycyjnie, ale z odrobin\u0105 finezji, to ten spos\u00f3b jest idealny. Rozwijamy krepin\u0119, prezent umieszczamy przy w\u0119\u017cszej kraw\u0119dzi na \u015brodku, zostawiaj\u0105c od do\u0142u 4-5 cm. Nad fotoksi\u0105\u017ck\u0105 odmierzamy 20 cm i odcinamy krepin\u0119. Doln\u0105 cz\u0119\u015b\u0107 pakujemy jak tradycyjn\u0105 paczk\u0119, za\u015b z g\u00f3rnej robimy wachlarz \u2013 zginamy r\u00f3wne paski o szeroko\u015bci 1 cm. Nast\u0119pnie dociskamy ca\u0142o\u015b\u0107 do szczytu ksi\u0105\u017cki tak, aby zgi\u0119cia by\u0142y lepiej widoczne i na \u015brodku przyklejamy ta\u015bm\u0105 klej\u0105c\u0105. Rozk\u0142adamy dwa ma\u0142e wachlarze i \u0142\u0105czymy brzegi za pomoc\u0105 kleju. Przywieszamy bilecik prezentowy oraz ozdobn\u0105 kokard\u0119.<\/p>\n<p><img loading=\"lazy\" decoding=\"async\" class=\"aligncenter size-large wp-image-13336\" src=\"https:\/\/www.empikfoto.pl\/blog\/empikfoto\/2017\/12\/boho-macrame-assortment-indoors-1024x683.jpg\" alt=\"fotoksi\u0105\u017cka\" width=\"1024\" height=\"683\" srcset=\"https:\/\/www.empikfoto.pl\/blog\/empikfoto\/2017\/12\/boho-macrame-assortment-indoors-1024x683.jpg 1024w, https:\/\/www.empikfoto.pl\/blog\/empikfoto\/2017\/12\/boho-macrame-assortment-indoors-300x200.jpg 300w, https:\/\/www.empikfoto.pl\/blog\/empikfoto\/2017\/12\/boho-macrame-assortment-indoors-768x513.jpg 768w, https:\/\/www.empikfoto.pl\/blog\/empikfoto\/2017\/12\/boho-macrame-assortment-indoors-330x220.jpg 330w, https:\/\/www.empikfoto.pl\/blog\/empikfoto\/2017\/12\/boho-macrame-assortment-indoors-400x267.jpg 400w, https:\/\/www.empikfoto.pl\/blog\/empikfoto\/2017\/12\/boho-macrame-assortment-indoors.jpg 1500w\" sizes=\"auto, (max-width: 1024px) 100vw, 1024px\" \/><\/p>\n<h2>Konwencjonalny szyk<\/h2>\n<p><strong>Wystarczy<\/strong>: ozdobny papier, ta\u015bma klej\u0105ca, bilecik prezentowy, ozdobna kokarda<\/p>\n<p>Klasycznie, ale elegancko \u2013 to jest mo\u017cliwe. Korzystaj\u0105c z szerokiego wachlarza wzor\u00f3w papier\u00f3w ozdobnych, mo\u017cemy dobra\u0107 odpowiednie kolory i motywy do charakteru naszych bliskich. Je\u015bli chcemy zachowa\u0107 szyk, powinni\u015bmy dopasowa\u0107 tak\u017ce bilecik prezentowy i\u00a0kokard\u0119. Podczas pakowania prezent\u00f3w \u015bwi\u0105tecznych mo\u017cemy pokusi\u0107 si\u0119 o dodatki z\u00a0brokatem, sztucznym \u015bniegiem czy elementami stroju \u015awi\u0119tego Miko\u0142aja lub elf\u00f3w.<\/p>\n<h2>Niespodziankowe pude\u0142ko<\/h2>\n<p><strong>Wystarczy<\/strong>: gotowe pude\u0142ko z motywem \u015bwi\u0105tecznym, bibu\u0142a w r\u00f3\u017cnych kolorach, kartka \u015bwi\u0105teczna<\/p>\n<p>Dosy\u0107 prosty spos\u00f3b na pierwszy rzut oka, ale mimo wszystko wymagaj\u0105cy wiele cierpliwo\u015bci. Aby nasza fotoksi\u0105\u017cka by\u0142a bezpiecznie, ale i ciekawie zapakowana, musimy poci\u0105\u0107 bibu\u0142\u0119 na cienkie paski. Najpro\u015bciej i najszybciej zrobimy to bez rozwijania bibu\u0142y. Potrzebujemy serpentyn o szeroko\u015bci oko\u0142o 0,5 cm. Nast\u0119pnie ka\u017cd\u0105 z nich tniemy na kr\u00f3tkie (ok. 10 -15 cm) paski. Wrzucamy do po\u0142owy pude\u0142ka, k\u0142adziemy fotoksi\u0105\u017ck\u0119 i zasypujemy reszt\u0105 bibu\u0142y. Na wierzch k\u0142adziemy kartk\u0119 \u015bwi\u0105teczn\u0105 z \u017cyczeniami.<\/p>\n<p><img loading=\"lazy\" decoding=\"async\" class=\"aligncenter size-large wp-image-13335\" src=\"https:\/\/www.empikfoto.pl\/blog\/empikfoto\/2017\/12\/close-up-person-cutting-lace-with-knife-wooden-desk-1024x683.jpg\" alt=\"fotoksi\u0105\u017cka\" width=\"1024\" height=\"683\" srcset=\"https:\/\/www.empikfoto.pl\/blog\/empikfoto\/2017\/12\/close-up-person-cutting-lace-with-knife-wooden-desk-1024x683.jpg 1024w, https:\/\/www.empikfoto.pl\/blog\/empikfoto\/2017\/12\/close-up-person-cutting-lace-with-knife-wooden-desk-300x200.jpg 300w, https:\/\/www.empikfoto.pl\/blog\/empikfoto\/2017\/12\/close-up-person-cutting-lace-with-knife-wooden-desk-768x512.jpg 768w, https:\/\/www.empikfoto.pl\/blog\/empikfoto\/2017\/12\/close-up-person-cutting-lace-with-knife-wooden-desk-330x220.jpg 330w, https:\/\/www.empikfoto.pl\/blog\/empikfoto\/2017\/12\/close-up-person-cutting-lace-with-knife-wooden-desk-400x267.jpg 400w, https:\/\/www.empikfoto.pl\/blog\/empikfoto\/2017\/12\/close-up-person-cutting-lace-with-knife-wooden-desk.jpg 1500w\" sizes=\"auto, (max-width: 1024px) 100vw, 1024px\" \/><\/p>\n<h2>Wst\u0105\u017ckowy koszyczek<\/h2>\n<p><strong>Wystarcz\u0105<\/strong>: r\u00f3\u017cnej grubo\u015bci i koloru wst\u0105\u017cki (minimum 2), zszywacz<\/p>\n<p>Fotoksi\u0105\u017cka wykonana od serca sama w sobie jest ju\u017c unikalna, wi\u0119c nie musimy zakrywa\u0107 prezentu wieloma warstwami opakowania. Mo\u017cemy wr\u0119czy\u0107 j\u0105 z wielk\u0105, kolorow\u0105 kokard\u0105 na \u015brodku. Jak to zrobi\u0107? Odmierzamy wst\u0105\u017ck\u0119 wzd\u0142u\u017c i w poprzek obwodu fotoksi\u0105\u017cki\u00a0i doliczamy do tego 60 cm. Najlepszy efekt uzyskamy u\u017cywaj\u0105c o\u015bmiu wst\u0105\u017cek. Ze wszystkich uk\u0142adamy krzy\u017cyk (cztery w pionie i cztery w poziomie jedna na drugiej), najlepiej na p\u0142askiej powierzchni, i zszywamy je po\u015brodku metod\u0105 X. Nast\u0119pnie k\u0142adziemy ksi\u0105\u017ck\u0119 na wst\u0105\u017ckach, podnosimy wst\u0105\u017cki poziome i wi\u0105\u017cemy na \u015brodku w supe\u0142ek, tak samo z pionowymi. P\u00f3\u017aniej podnosimy wszystkie paski, dzielimy je na p\u00f3\u0142 i robimy kokard\u0119. Na sam koniec wyr\u00f3wnujemy p\u0119telki i gotowe.<\/p>\n<p><strong>Dzi\u0119ki tym propozycjom nie tylko zaskoczymy bliskich oryginalnie zapakowanym prezentem, ale w prosty spos\u00f3b &#8220;w\u0142o\u017cymy&#8221; tak\u017ce odrobin\u0119 siebie w \u015bwi\u0105teczne podarunki.<\/strong><\/p>\n","protected":false},"excerpt":{"rendered":"<p>M\u00f3wi si\u0119, \u017ce pierwsze wra\u017cenie jest najwa\u017cniejsze, bo zostaje w pami\u0119ci najd\u0142u\u017cej. Tak jest nie tylko z lud\u017ami, ale i z rzeczami, kt\u00f3re dostajemy. Je\u015bli co\u015b ju\u017c na pierwszy rzut oka wydaje nam si\u0119 \u0142adne, to przyci\u0105ga nasz\u0105 uwag\u0119 i pobudza ciekawo\u015b\u0107. Dlatego daj\u0105c komu\u015b wyj\u0105tkowy prezent na \u015bwi\u0119ta, nie powinni\u015bmy zapomina\u0107 o jego odpowiednim zapakowaniu. Sprawd\u017a nasze pomys\u0142y na oryginalne zapakowanie fotoksi\u0105\u017cki.<\/p>\n","protected":false},"author":16,"featured_media":13333,"comment_status":"closed","ping_status":"closed","sticky":false,"template":"","format":"standard","meta":{"footnotes":""},"categories":[782],"tags":[],"class_list":["post-8095","post","type-post","status-publish","format-standard","has-post-thumbnail","hentry","category-diy"],"yoast_head":"<!-- This site is optimized with the Yoast SEO plugin v27.5 - https:\/\/yoast.com\/product\/yoast-seo-wordpress\/ -->\n<title>Pomys\u0142y na oryginalne zapakowanie fotoksi\u0105\u017cki | Empik Foto<\/title>\n<meta name=\"robots\" content=\"index, follow, max-snippet:-1, max-image-preview:large, max-video-preview:-1\" \/>\n<link rel=\"canonical\" href=\"https:\/\/www.empikfoto.pl\/blog\/pomysly-oryginalne-zapakowanie-fotoksiazki\/\" \/>\n<meta property=\"og:locale\" content=\"pl_PL\" \/>\n<meta property=\"og:type\" content=\"article\" \/>\n<meta property=\"og:title\" content=\"Pomys\u0142y na oryginalne zapakowanie fotoksi\u0105\u017cki | Empik Foto\" \/>\n<meta property=\"og:description\" content=\"M\u00f3wi si\u0119, \u017ce pierwsze wra\u017cenie jest najwa\u017cniejsze, bo zostaje w pami\u0119ci najd\u0142u\u017cej. Tak jest nie tylko z lud\u017ami, ale i z rzeczami, kt\u00f3re dostajemy. Je\u015bli co\u015b ju\u017c na pierwszy rzut oka wydaje nam si\u0119 \u0142adne, to przyci\u0105ga nasz\u0105 uwag\u0119 i pobudza ciekawo\u015b\u0107. Dlatego daj\u0105c komu\u015b wyj\u0105tkowy prezent na \u015bwi\u0119ta, nie powinni\u015bmy zapomina\u0107 o jego odpowiednim zapakowaniu. Sprawd\u017a nasze pomys\u0142y na oryginalne zapakowanie fotoksi\u0105\u017cki.\" \/>\n<meta property=\"og:url\" content=\"https:\/\/www.empikfoto.pl\/blog\/pomysly-oryginalne-zapakowanie-fotoksiazki\/\" \/>\n<meta property=\"og:site_name\" content=\"blog.empikfoto.pl\" \/>\n<meta property=\"article:publisher\" content=\"https:\/\/www.facebook.com\/empikfotopl\/\" \/>\n<meta property=\"article:published_time\" content=\"2017-12-15T14:06:43+00:00\" \/>\n<meta property=\"article:modified_time\" content=\"2023-11-29T12:01:44+00:00\" \/>\n<meta property=\"og:image\" content=\"https:\/\/www.empikfoto.pl\/blog\/empikfoto\/2017\/12\/wooden-art-pieces-painting-process.jpg\" \/>\n\t<meta property=\"og:image:width\" content=\"1500\" \/>\n\t<meta property=\"og:image:height\" content=\"750\" \/>\n\t<meta property=\"og:image:type\" content=\"image\/jpeg\" \/>\n<meta name=\"author\" content=\"Patrycja\" \/>\n<meta name=\"twitter:card\" content=\"summary_large_image\" \/>\n<meta name=\"twitter:creator\" content=\"@empikfoto\" \/>\n<meta name=\"twitter:site\" content=\"@empikfoto\" \/>\n<meta name=\"twitter:label1\" content=\"Napisane przez\" \/>\n\t<meta name=\"twitter:data1\" content=\"Patrycja\" \/>\n\t<meta name=\"twitter:label2\" content=\"Szacowany czas czytania\" \/>\n\t<meta name=\"twitter:data2\" content=\"5 minut\" \/>\n<script type=\"application\/ld+json\" class=\"yoast-schema-graph\">{\"@context\":\"https:\\\/\\\/schema.org\",\"@graph\":[{\"@type\":\"Article\",\"@id\":\"https:\\\/\\\/www.empikfoto.pl\\\/blog\\\/pomysly-oryginalne-zapakowanie-fotoksiazki\\\/#article\",\"isPartOf\":{\"@id\":\"https:\\\/\\\/www.empikfoto.pl\\\/blog\\\/pomysly-oryginalne-zapakowanie-fotoksiazki\\\/\"},\"author\":{\"name\":\"Patrycja\",\"@id\":\"https:\\\/\\\/www.empikfoto.pl\\\/blog\\\/#\\\/schema\\\/person\\\/0313802ca5dac502e3266853c59632c0\"},\"headline\":\"Pomys\u0142y na oryginalne zapakowanie fotoksi\u0105\u017cki\",\"datePublished\":\"2017-12-15T14:06:43+00:00\",\"dateModified\":\"2023-11-29T12:01:44+00:00\",\"mainEntityOfPage\":{\"@id\":\"https:\\\/\\\/www.empikfoto.pl\\\/blog\\\/pomysly-oryginalne-zapakowanie-fotoksiazki\\\/\"},\"wordCount\":836,\"image\":{\"@id\":\"https:\\\/\\\/www.empikfoto.pl\\\/blog\\\/pomysly-oryginalne-zapakowanie-fotoksiazki\\\/#primaryimage\"},\"thumbnailUrl\":\"https:\\\/\\\/www.empikfoto.pl\\\/blog\\\/empikfoto\\\/2017\\\/12\\\/wooden-art-pieces-painting-process.jpg\",\"articleSection\":[\"DIY\"],\"inLanguage\":\"pl-PL\"},{\"@type\":\"WebPage\",\"@id\":\"https:\\\/\\\/www.empikfoto.pl\\\/blog\\\/pomysly-oryginalne-zapakowanie-fotoksiazki\\\/\",\"url\":\"https:\\\/\\\/www.empikfoto.pl\\\/blog\\\/pomysly-oryginalne-zapakowanie-fotoksiazki\\\/\",\"name\":\"Pomys\u0142y na oryginalne zapakowanie fotoksi\u0105\u017cki | Empik Foto\",\"isPartOf\":{\"@id\":\"https:\\\/\\\/www.empikfoto.pl\\\/blog\\\/#website\"},\"primaryImageOfPage\":{\"@id\":\"https:\\\/\\\/www.empikfoto.pl\\\/blog\\\/pomysly-oryginalne-zapakowanie-fotoksiazki\\\/#primaryimage\"},\"image\":{\"@id\":\"https:\\\/\\\/www.empikfoto.pl\\\/blog\\\/pomysly-oryginalne-zapakowanie-fotoksiazki\\\/#primaryimage\"},\"thumbnailUrl\":\"https:\\\/\\\/www.empikfoto.pl\\\/blog\\\/empikfoto\\\/2017\\\/12\\\/wooden-art-pieces-painting-process.jpg\",\"datePublished\":\"2017-12-15T14:06:43+00:00\",\"dateModified\":\"2023-11-29T12:01:44+00:00\",\"author\":{\"@id\":\"https:\\\/\\\/www.empikfoto.pl\\\/blog\\\/#\\\/schema\\\/person\\\/0313802ca5dac502e3266853c59632c0\"},\"breadcrumb\":{\"@id\":\"https:\\\/\\\/www.empikfoto.pl\\\/blog\\\/pomysly-oryginalne-zapakowanie-fotoksiazki\\\/#breadcrumb\"},\"inLanguage\":\"pl-PL\",\"potentialAction\":[{\"@type\":\"ReadAction\",\"target\":[\"https:\\\/\\\/www.empikfoto.pl\\\/blog\\\/pomysly-oryginalne-zapakowanie-fotoksiazki\\\/\"]}]},{\"@type\":\"ImageObject\",\"inLanguage\":\"pl-PL\",\"@id\":\"https:\\\/\\\/www.empikfoto.pl\\\/blog\\\/pomysly-oryginalne-zapakowanie-fotoksiazki\\\/#primaryimage\",\"url\":\"https:\\\/\\\/www.empikfoto.pl\\\/blog\\\/empikfoto\\\/2017\\\/12\\\/wooden-art-pieces-painting-process.jpg\",\"contentUrl\":\"https:\\\/\\\/www.empikfoto.pl\\\/blog\\\/empikfoto\\\/2017\\\/12\\\/wooden-art-pieces-painting-process.jpg\",\"width\":1500,\"height\":750,\"caption\":\"fotoksi\u0105\u017cka\"},{\"@type\":\"BreadcrumbList\",\"@id\":\"https:\\\/\\\/www.empikfoto.pl\\\/blog\\\/pomysly-oryginalne-zapakowanie-fotoksiazki\\\/#breadcrumb\",\"itemListElement\":[{\"@type\":\"ListItem\",\"position\":1,\"name\":\"Strona g\u0142\u00f3wna\",\"item\":\"https:\\\/\\\/www.empikfoto.pl\\\/blog\\\/\"},{\"@type\":\"ListItem\",\"position\":2,\"name\":\"Pomys\u0142y na oryginalne zapakowanie fotoksi\u0105\u017cki\"}]},{\"@type\":\"WebSite\",\"@id\":\"https:\\\/\\\/www.empikfoto.pl\\\/blog\\\/#website\",\"url\":\"https:\\\/\\\/www.empikfoto.pl\\\/blog\\\/\",\"name\":\"blog.empikfoto.pl\",\"description\":\"Poznaj empikfoto.pl od \u015brodka! Dowiedz si\u0119 wi\u0119cej o odbitkach, fotoksi\u0105\u017ckach i fotografii.\",\"potentialAction\":[{\"@type\":\"SearchAction\",\"target\":{\"@type\":\"EntryPoint\",\"urlTemplate\":\"https:\\\/\\\/www.empikfoto.pl\\\/blog\\\/?s={search_term_string}\"},\"query-input\":{\"@type\":\"PropertyValueSpecification\",\"valueRequired\":true,\"valueName\":\"search_term_string\"}}],\"inLanguage\":\"pl-PL\"},{\"@type\":\"Person\",\"@id\":\"https:\\\/\\\/www.empikfoto.pl\\\/blog\\\/#\\\/schema\\\/person\\\/0313802ca5dac502e3266853c59632c0\",\"name\":\"Patrycja\",\"image\":{\"@type\":\"ImageObject\",\"inLanguage\":\"pl-PL\",\"@id\":\"https:\\\/\\\/secure.gravatar.com\\\/avatar\\\/f25168e12215ad42f58e5fb72881daaeb57bd4f907081046016f64bf167db59f?s=96&d=identicon&r=g\",\"url\":\"https:\\\/\\\/secure.gravatar.com\\\/avatar\\\/f25168e12215ad42f58e5fb72881daaeb57bd4f907081046016f64bf167db59f?s=96&d=identicon&r=g\",\"contentUrl\":\"https:\\\/\\\/secure.gravatar.com\\\/avatar\\\/f25168e12215ad42f58e5fb72881daaeb57bd4f907081046016f64bf167db59f?s=96&d=identicon&r=g\",\"caption\":\"Patrycja\"},\"url\":\"https:\\\/\\\/www.empikfoto.pl\\\/blog\\\/author\\\/patrycja\\\/\"}]}<\/script>\n<!-- \/ Yoast SEO plugin. -->","yoast_head_json":{"title":"Pomys\u0142y na oryginalne zapakowanie fotoksi\u0105\u017cki | Empik Foto","robots":{"index":"index","follow":"follow","max-snippet":"max-snippet:-1","max-image-preview":"max-image-preview:large","max-video-preview":"max-video-preview:-1"},"canonical":"https:\/\/www.empikfoto.pl\/blog\/pomysly-oryginalne-zapakowanie-fotoksiazki\/","og_locale":"pl_PL","og_type":"article","og_title":"Pomys\u0142y na oryginalne zapakowanie fotoksi\u0105\u017cki | Empik Foto","og_description":"M\u00f3wi si\u0119, \u017ce pierwsze wra\u017cenie jest najwa\u017cniejsze, bo zostaje w pami\u0119ci najd\u0142u\u017cej. Tak jest nie tylko z lud\u017ami, ale i z rzeczami, kt\u00f3re dostajemy. Je\u015bli co\u015b ju\u017c na pierwszy rzut oka wydaje nam si\u0119 \u0142adne, to przyci\u0105ga nasz\u0105 uwag\u0119 i pobudza ciekawo\u015b\u0107. Dlatego daj\u0105c komu\u015b wyj\u0105tkowy prezent na \u015bwi\u0119ta, nie powinni\u015bmy zapomina\u0107 o jego odpowiednim zapakowaniu. Sprawd\u017a nasze pomys\u0142y na oryginalne zapakowanie fotoksi\u0105\u017cki.","og_url":"https:\/\/www.empikfoto.pl\/blog\/pomysly-oryginalne-zapakowanie-fotoksiazki\/","og_site_name":"blog.empikfoto.pl","article_publisher":"https:\/\/www.facebook.com\/empikfotopl\/","article_published_time":"2017-12-15T14:06:43+00:00","article_modified_time":"2023-11-29T12:01:44+00:00","og_image":[{"width":1500,"height":750,"url":"https:\/\/www.empikfoto.pl\/blog\/empikfoto\/2017\/12\/wooden-art-pieces-painting-process.jpg","type":"image\/jpeg"}],"author":"Patrycja","twitter_card":"summary_large_image","twitter_creator":"@empikfoto","twitter_site":"@empikfoto","twitter_misc":{"Napisane przez":"Patrycja","Szacowany czas czytania":"5 minut"},"schema":{"@context":"https:\/\/schema.org","@graph":[{"@type":"Article","@id":"https:\/\/www.empikfoto.pl\/blog\/pomysly-oryginalne-zapakowanie-fotoksiazki\/#article","isPartOf":{"@id":"https:\/\/www.empikfoto.pl\/blog\/pomysly-oryginalne-zapakowanie-fotoksiazki\/"},"author":{"name":"Patrycja","@id":"https:\/\/www.empikfoto.pl\/blog\/#\/schema\/person\/0313802ca5dac502e3266853c59632c0"},"headline":"Pomys\u0142y na oryginalne zapakowanie fotoksi\u0105\u017cki","datePublished":"2017-12-15T14:06:43+00:00","dateModified":"2023-11-29T12:01:44+00:00","mainEntityOfPage":{"@id":"https:\/\/www.empikfoto.pl\/blog\/pomysly-oryginalne-zapakowanie-fotoksiazki\/"},"wordCount":836,"image":{"@id":"https:\/\/www.empikfoto.pl\/blog\/pomysly-oryginalne-zapakowanie-fotoksiazki\/#primaryimage"},"thumbnailUrl":"https:\/\/www.empikfoto.pl\/blog\/empikfoto\/2017\/12\/wooden-art-pieces-painting-process.jpg","articleSection":["DIY"],"inLanguage":"pl-PL"},{"@type":"WebPage","@id":"https:\/\/www.empikfoto.pl\/blog\/pomysly-oryginalne-zapakowanie-fotoksiazki\/","url":"https:\/\/www.empikfoto.pl\/blog\/pomysly-oryginalne-zapakowanie-fotoksiazki\/","name":"Pomys\u0142y na oryginalne zapakowanie fotoksi\u0105\u017cki | Empik Foto","isPartOf":{"@id":"https:\/\/www.empikfoto.pl\/blog\/#website"},"primaryImageOfPage":{"@id":"https:\/\/www.empikfoto.pl\/blog\/pomysly-oryginalne-zapakowanie-fotoksiazki\/#primaryimage"},"image":{"@id":"https:\/\/www.empikfoto.pl\/blog\/pomysly-oryginalne-zapakowanie-fotoksiazki\/#primaryimage"},"thumbnailUrl":"https:\/\/www.empikfoto.pl\/blog\/empikfoto\/2017\/12\/wooden-art-pieces-painting-process.jpg","datePublished":"2017-12-15T14:06:43+00:00","dateModified":"2023-11-29T12:01:44+00:00","author":{"@id":"https:\/\/www.empikfoto.pl\/blog\/#\/schema\/person\/0313802ca5dac502e3266853c59632c0"},"breadcrumb":{"@id":"https:\/\/www.empikfoto.pl\/blog\/pomysly-oryginalne-zapakowanie-fotoksiazki\/#breadcrumb"},"inLanguage":"pl-PL","potentialAction":[{"@type":"ReadAction","target":["https:\/\/www.empikfoto.pl\/blog\/pomysly-oryginalne-zapakowanie-fotoksiazki\/"]}]},{"@type":"ImageObject","inLanguage":"pl-PL","@id":"https:\/\/www.empikfoto.pl\/blog\/pomysly-oryginalne-zapakowanie-fotoksiazki\/#primaryimage","url":"https:\/\/www.empikfoto.pl\/blog\/empikfoto\/2017\/12\/wooden-art-pieces-painting-process.jpg","contentUrl":"https:\/\/www.empikfoto.pl\/blog\/empikfoto\/2017\/12\/wooden-art-pieces-painting-process.jpg","width":1500,"height":750,"caption":"fotoksi\u0105\u017cka"},{"@type":"BreadcrumbList","@id":"https:\/\/www.empikfoto.pl\/blog\/pomysly-oryginalne-zapakowanie-fotoksiazki\/#breadcrumb","itemListElement":[{"@type":"ListItem","position":1,"name":"Strona g\u0142\u00f3wna","item":"https:\/\/www.empikfoto.pl\/blog\/"},{"@type":"ListItem","position":2,"name":"Pomys\u0142y na oryginalne zapakowanie fotoksi\u0105\u017cki"}]},{"@type":"WebSite","@id":"https:\/\/www.empikfoto.pl\/blog\/#website","url":"https:\/\/www.empikfoto.pl\/blog\/","name":"blog.empikfoto.pl","description":"Poznaj empikfoto.pl od \u015brodka! Dowiedz si\u0119 wi\u0119cej o odbitkach, fotoksi\u0105\u017ckach i fotografii.","potentialAction":[{"@type":"SearchAction","target":{"@type":"EntryPoint","urlTemplate":"https:\/\/www.empikfoto.pl\/blog\/?s={search_term_string}"},"query-input":{"@type":"PropertyValueSpecification","valueRequired":true,"valueName":"search_term_string"}}],"inLanguage":"pl-PL"},{"@type":"Person","@id":"https:\/\/www.empikfoto.pl\/blog\/#\/schema\/person\/0313802ca5dac502e3266853c59632c0","name":"Patrycja","image":{"@type":"ImageObject","inLanguage":"pl-PL","@id":"https:\/\/secure.gravatar.com\/avatar\/f25168e12215ad42f58e5fb72881daaeb57bd4f907081046016f64bf167db59f?s=96&d=identicon&r=g","url":"https:\/\/secure.gravatar.com\/avatar\/f25168e12215ad42f58e5fb72881daaeb57bd4f907081046016f64bf167db59f?s=96&d=identicon&r=g","contentUrl":"https:\/\/secure.gravatar.com\/avatar\/f25168e12215ad42f58e5fb72881daaeb57bd4f907081046016f64bf167db59f?s=96&d=identicon&r=g","caption":"Patrycja"},"url":"https:\/\/www.empikfoto.pl\/blog\/author\/patrycja\/"}]}},"amp_enabled":true,"_links":{"self":[{"href":"https:\/\/www.empikfoto.pl\/blog\/wp-json\/wp\/v2\/posts\/8095","targetHints":{"allow":["GET"]}}],"collection":[{"href":"https:\/\/www.empikfoto.pl\/blog\/wp-json\/wp\/v2\/posts"}],"about":[{"href":"https:\/\/www.empikfoto.pl\/blog\/wp-json\/wp\/v2\/types\/post"}],"author":[{"embeddable":true,"href":"https:\/\/www.empikfoto.pl\/blog\/wp-json\/wp\/v2\/users\/16"}],"replies":[{"embeddable":true,"href":"https:\/\/www.empikfoto.pl\/blog\/wp-json\/wp\/v2\/comments?post=8095"}],"version-history":[{"count":5,"href":"https:\/\/www.empikfoto.pl\/blog\/wp-json\/wp\/v2\/posts\/8095\/revisions"}],"predecessor-version":[{"id":13337,"href":"https:\/\/www.empikfoto.pl\/blog\/wp-json\/wp\/v2\/posts\/8095\/revisions\/13337"}],"wp:featuredmedia":[{"embeddable":true,"href":"https:\/\/www.empikfoto.pl\/blog\/wp-json\/wp\/v2\/media\/13333"}],"wp:attachment":[{"href":"https:\/\/www.empikfoto.pl\/blog\/wp-json\/wp\/v2\/media?parent=8095"}],"wp:term":[{"taxonomy":"category","embeddable":true,"href":"https:\/\/www.empikfoto.pl\/blog\/wp-json\/wp\/v2\/categories?post=8095"},{"taxonomy":"post_tag","embeddable":true,"href":"https:\/\/www.empikfoto.pl\/blog\/wp-json\/wp\/v2\/tags?post=8095"}],"curies":[{"name":"wp","href":"https:\/\/api.w.org\/{rel}","templated":true}]}}