{"id":8138,"date":"2024-01-10T11:25:00","date_gmt":"2024-01-10T10:25:00","guid":{"rendered":"http:\/\/blog.empikfoto.pl\/?p=8138"},"modified":"2024-01-17T09:39:35","modified_gmt":"2024-01-17T08:39:35","slug":"dzien-babci-dziadka-wspolnie-spedzony-czas-najwspanialszym-prezentem","status":"publish","type":"post","link":"https:\/\/www.empikfoto.pl\/blog\/dzien-babci-dziadka-wspolnie-spedzony-czas-najwspanialszym-prezentem\/","title":{"rendered":"Pomys\u0142y na Dzie\u0144 Babci i Dziadka. Wsp\u00f3lnie sp\u0119dzony czas najwspanialszym prezentem!"},"content":{"rendered":"<p><strong><span class=\"TextRun SCXW221930761 BCX0\" lang=\"PL-PL\" xml:lang=\"PL-PL\" data-contrast=\"auto\"><span class=\"NormalTextRun SCXW221930761 BCX0\">Ka\u017cdego roku, wraz z nadej\u015bciem stycznia, pojawia si\u0119 to samo nurtuj\u0105ce pytanie: <\/span><span class=\"NormalTextRun SCXW221930761 BCX0\">co mo\u017cna zrobi\u0107<\/span><span class=\"NormalTextRun SCXW221930761 BCX0\"> na Dzie\u0144 Babci i Dziadka? Jak mo\u017cemy sprawi\u0107 im rado\u015b\u0107? Jaki prezent wybra\u0107<\/span><span class=\"NormalTextRun SCXW221930761 BCX0\"> dla<\/span><span class=\"NormalTextRun SCXW221930761 BCX0\"> babci i dziadk<\/span><span class=\"NormalTextRun SCXW221930761 BCX0\">a<\/span><span class=\"NormalTextRun SCXW221930761 BCX0\">, by<\/span><span class=\"NormalTextRun SCXW221930761 BCX0\"> jeszcze bardziej<\/span><span class=\"NormalTextRun SCXW221930761 BCX0\"> doceni\u0107 ich obecno\u015b\u0107 w naszym \u017cyciu? <\/span><span class=\"NormalTextRun SCXW221930761 BCX0\">Na te pytania postaramy si\u0119 odpowiedzie\u0107 z okazji zbli\u017caj\u0105cego si\u0119 \u015bwi\u0119ta naszych ukochanych senior\u00f3w.<\/span><\/span><span class=\"EOP SCXW221930761 BCX0\" data-ccp-props=\"{&quot;201341983&quot;:0,&quot;335559740&quot;:276}\"> Sprawd\u017a najlepsze pomys\u0142y na Dzie\u0144 Babci i Dziadka!<\/span><\/strong><\/p>\n<p><!--more--><\/p>\n<h2>Dzie\u0144 Babci i Dziadka &#8211; dlaczego warto go celebrowa\u0107?<\/h2>\n<p><span class=\"TextRun SCXW229248247 BCX0\" lang=\"PL-PL\" xml:lang=\"PL-PL\" data-contrast=\"auto\"><span class=\"NormalTextRun SCXW229248247 BCX0\">Psychologowie twierdz\u0105, \u017ce rola dziadk\u00f3w jest nieoceniona <\/span><span class=\"ContextualSpellingAndGrammarError SCXW229248247 BCX0\">zar\u00f3wno<\/span><span class=\"NormalTextRun SCXW229248247 BCX0\"> gdy jeste\u015bmy dzie\u0107mi, jak i wtedy<\/span><span class=\"NormalTextRun SCXW229248247 BCX0\">,<\/span><span class=\"NormalTextRun SCXW229248247 BCX0\"> gdy <\/span><span class=\"NormalTextRun SCXW229248247 BCX0\">to <\/span><span class=\"NormalTextRun SCXW229248247 BCX0\">nasze dzieci pojawiaj\u0105 si\u0119 na \u015bwiecie. <strong><a href=\"https:\/\/www.cbos.pl\/SPISKOM.POL\/2012\/K_008_12.PDF\" target=\"_blank\" rel=\"noopener\">Badania CBOS &#8220;Rola dziadk\u00f3w w naszym \u017cyciu&#8221;<\/a> <\/strong>w<\/span><span class=\"NormalTextRun SCXW229248247 BCX0\">y<\/span><span class=\"NormalTextRun SCXW229248247 BCX0\">kazuj\u0105, \u017ce niemal\u017ce <\/span><span class=\"NormalTextRun SCXW229248247 BCX0\">75%<\/span><span class=\"NormalTextRun SCXW229248247 BCX0\"> spo\u0142ecze\u0144stwa uwa\u017ca, \u017ce zawdzi\u0119cza swoim dziadkom m.in. opiek\u0119 i wychowanie, poczucie bycia kochanym, wpojone od najm\u0142odszych lat zasady moralne<\/span><span class=\"NormalTextRun SCXW229248247 BCX0\">,<\/span> <span class=\"NormalTextRun SCXW229248247 BCX0\">czy zwyczajnie \u2013 znajomo\u015b\u0107 historii rodziny. Dla dziadk\u00f3w wnuki tak\u017ce odgrywaj\u0105 wa\u017cn<\/span><span class=\"NormalTextRun SCXW229248247 BCX0\">\u0105<\/span><span class=\"NormalTextRun SCXW229248247 BCX0\"> rol<\/span><span class=\"NormalTextRun SCXW229248247 BCX0\">\u0119: <\/span><span class=\"NormalTextRun SCXW229248247 BCX0\">czuj\u0105 si\u0119 potrzebni, aktywni, w\u0142\u0105czeni w \u017cycie rodziny, a niekt\u00f3rzy nawet twierdz\u0105, \u017ce przy wnukach\u2026 m\u0142odniej\u0105! Dlatego w\u0142a\u015bnie <strong>Dzie\u0144 Babci i Dziadka to \u015bwi\u0119to wspania\u0142ych, kochaj\u0105cych ludzi, kt\u00f3rym nale\u017cy si\u0119 najpi\u0119kniejszy ze wszystkich prezent\u00f3w<\/strong><\/span><span class=\"NormalTextRun SCXW229248247 BCX0\">, czyli <\/span><span class=\"NormalTextRun SCXW229248247 BCX0\">czas sp\u0119dzony razem. Oto kilka naszych pomys\u0142\u00f3w na sp\u0119dzenie tego szczeg\u00f3lnego dnia, z<\/span><span class=\"NormalTextRun SCXW229248247 BCX0\"> bardzo <\/span><span class=\"NormalTextRun SCXW229248247 BCX0\">szczeg\u00f3lnymi lud\u017ami, w r\u00f3wnie szczeg\u00f3lny spos\u00f3b.<\/span><\/span><span class=\"EOP SCXW229248247 BCX0\" data-ccp-props=\"{&quot;201341983&quot;:0,&quot;335559740&quot;:276}\">\u00a0<\/span><\/p>\n<h2>Najlepsze pomys\u0142y na Dzie\u0144 Babci i Dziadka<\/h2>\n<h3>Wsp\u00f3lny spacer przy ch\u0142odnej, zimowej pogodzie<\/h3>\n<p><span data-contrast=\"auto\">Je\u015bli tylko warunki atmosferyczne na to pozwalaj\u0105, warto wybra\u0107 si\u0119 na <strong>powolny, nied\u0142ugi spacer<\/strong>. A opcji jest naprawd\u0119 wiele! Wybierzcie pobliski park, do kt\u00f3rego chodzili\u015bcie, gdy by\u0142e\u015b jeszcze ma\u0142ym brzd\u0105cem. Powspominajcie czasy, gdzie krzak m\u00f3g\u0142 by\u0107 baz\u0105 dla wszystkich okolicznych dzieciak\u00f3w, pieniek stawa\u0142 si\u0119 podium w zawodach sportowych, a dwa drzewa by\u0142y idealnym substytutem bramki przy grze w pi\u0142k\u0119. Pospacerujcie alejkami, wspominaj\u0105c dawne chwile i nadrabiaj\u0105c wszystkie aktualne wiadomo\u015bci, kt\u00f3rych nie zd\u0105\u017cyli\u015bcie wymieni\u0107 przez telefon. <strong>Dopytaj dziadk\u00f3w o wspomnienia, marzenia, plany czy anegdoty.<\/strong> Zwr\u00f3\u0107 tak\u017ce uwag\u0119 na zorganizowane spacery tematyczne, odbywaj\u0105ce si\u0119 w Twoim mie\u015bcie. Cz\u0119sto wyspecjalizowani przewodnicy opowiadaj\u0105 histori\u0119 mijanych codziennie miejsc, co czyni spacer jeszcze ciekawszym!<\/span><span data-ccp-props=\"{&quot;201341983&quot;:0,&quot;335559740&quot;:276}\">\u00a0<\/span><\/p>\n<div id=\"attachment_11645\" style=\"width: 1010px\" class=\"wp-caption aligncenter\"><img loading=\"lazy\" decoding=\"async\" aria-describedby=\"caption-attachment-11645\" class=\"wp-image-11645 size-full\" src=\"https:\/\/www.empikfoto.pl\/blog\/empikfoto\/2018\/01\/pomysly-na-dzien-babci-i-dziadka-1.jpg\" alt=\"Co mo\u017cna zrobi\u0107 na Dzie\u0144 Babci i Dziadka?\" width=\"1000\" height=\"667\" srcset=\"https:\/\/www.empikfoto.pl\/blog\/empikfoto\/2018\/01\/pomysly-na-dzien-babci-i-dziadka-1.jpg 1000w, https:\/\/www.empikfoto.pl\/blog\/empikfoto\/2018\/01\/pomysly-na-dzien-babci-i-dziadka-1-300x200.jpg 300w, https:\/\/www.empikfoto.pl\/blog\/empikfoto\/2018\/01\/pomysly-na-dzien-babci-i-dziadka-1-768x512.jpg 768w, https:\/\/www.empikfoto.pl\/blog\/empikfoto\/2018\/01\/pomysly-na-dzien-babci-i-dziadka-1-330x220.jpg 330w, https:\/\/www.empikfoto.pl\/blog\/empikfoto\/2018\/01\/pomysly-na-dzien-babci-i-dziadka-1-400x267.jpg 400w\" sizes=\"auto, (max-width: 1000px) 100vw, 1000px\" \/><p id=\"caption-attachment-11645\" class=\"wp-caption-text\">Wsp\u00f3lny spacer po pobliskim parku lub lesie to tylko jeden z pomys\u0142\u00f3w, co mo\u017cna zrobi\u0107 na Dzie\u0144 Babci i Dziadka, by sp\u0119dzi\u0107 czas aktywnie.<\/p><\/div>\n<h3><span data-contrast=\"auto\">Wycieczka do kina jako wydarzenie kulturalne<\/span><span data-ccp-props=\"{&quot;201341983&quot;:0,&quot;335559740&quot;:276}\">\u00a0<\/span><\/h3>\n<p><span data-contrast=\"auto\">Jeszcze gor\u0105cy, s\u0142ony popcorn i dwie godziny kulturalnej rozrywki! Dziadkowie z pewno\u015bci\u0105 dawno nie odwiedzali kinowej sali. Aby w Dniu Babci i Dziadka nie brak\u0142o atrakcji, <strong>wybierzcie si\u0119 do kina na wybrany przez senior\u00f3w seans<\/strong>. Romans, komedia, dramat \u2013 repertuar jest szeroki i przepe\u0142niony filmowymi hitami, wi\u0119c z pewno\u015bci\u0105 jest w czym wybiera\u0107. Po seansie wymienicie si\u0119 wra\u017ceniami i spostrze\u017ceniami przy gor\u0105cej herbacie w dziadkowym domostwie, a i okazja do wystrojenia si\u0119 \u2013 idealna!<\/span><span data-ccp-props=\"{&quot;201341983&quot;:0,&quot;335559740&quot;:276}\">\u00a0<\/span><\/p>\n<h3><span data-contrast=\"auto\">Aromatyczna kawa i kawa\u0142ek pysznego ciasta, czyli wizyta w kawiarni<\/span><span data-ccp-props=\"{&quot;201341983&quot;:0,&quot;335559740&quot;:276}\">\u00a0<\/span><\/h3>\n<p><span data-contrast=\"auto\">Nie znamy lepszego miejsca na wielogodzinne pogaduchy, jak <strong>odwiedziny w kawiarni<\/strong>. Gdy za oknem sypie styczniowy \u015bnieg, a aura nie zach\u0119ca do przebywania poza domem, warto wybra\u0107 si\u0119 w\u0142a\u015bnie na kaw\u0119. Zam\u00f3wcie liczne pyszno\u015bci i sp\u0119d\u017acie te par\u0119 chwil na szczerych pogaduchach, bez rozpraszaczy w postaci ekranu telefonu. Co prawda nic nie pobije ciasta z kruszonk\u0105 spod babcinej r\u0119ki, ale zawsze warto pr\u00f3bowa\u0107!<\/span><span data-ccp-props=\"{&quot;201341983&quot;:0,&quot;335559740&quot;:276}\">\u00a0<\/span><\/p>\n<h3><span data-contrast=\"auto\">Wizyta i wsp\u00f3lne \u015bwi\u0119towanie w ulubionej restauracji<\/span><span data-ccp-props=\"{&quot;201341983&quot;:0,&quot;335559740&quot;:276}\">\u00a0<\/span><\/h3>\n<p><span data-contrast=\"auto\">Zapachy kusz\u0105 ju\u017c od progu\u2026 <strong>wyj\u015bcie do restauracji<\/strong> to zawsze dobry pomys\u0142 na sp\u0119dzenie czasu w gronie rodzinnym. Odpoczynek od codziennego gotowania nale\u017cy si\u0119 nawet najlepszej kucharce, czyli babci. Wypr\u00f3bujcie nowy rodzaj kuchni lub postawcie na znane, pyszne, polskie potrawy i cieszcie si\u0119 z chwil sp\u0119dzonych razem!<\/span><span data-ccp-props=\"{&quot;201341983&quot;:0,&quot;335559740&quot;:276}\">\u00a0<\/span><\/p>\n<h3><span data-contrast=\"auto\">Odwiedziny w muzeum, szczeg\u00f3lnie o tematyce bliskiej dziadkowym sercom<\/span><span data-ccp-props=\"{&quot;201341983&quot;:0,&quot;335559740&quot;:276}\">\u00a0<\/span><\/h3>\n<p><span data-contrast=\"auto\"><strong>Wizyta w muzeum<\/strong> mo\u017ce w pierwszej chwili nie brzmi jak najbardziej ekscytuj\u0105ca aktywno\u015b\u0107 na \u015bwiecie, ale gdy tematyka wzbudza emocje lub przywo\u0142uje wspomnienia, wej\u015bcie do takiego miejsca potrafi zaabsorbowa\u0107 na wiele d\u0142ugich godzin. Szczeg\u00f3lnej uwadze polecamy Muzeum \u017bycia w PRL, Muzeum Powstania Warszawskiego, Centrum Nauki Kopernik, czy Europejskie Centrum Solidarno\u015bci. Sprawd\u017a, co ciekawego kryje si\u0119 w Twoim mie\u015bcie i zabierz dziadk\u00f3w na prywatn\u0105 podr\u00f3\u017c w czasie.<\/span><span data-ccp-props=\"{&quot;201341983&quot;:0,&quot;335559740&quot;:276}\">\u00a0<\/span><\/p>\n<h3><span data-contrast=\"auto\">\u0141atwe i kultowe gry planszowe przy herbacie<\/span><span data-ccp-props=\"{&quot;201341983&quot;:0,&quot;335559740&quot;:276}\">\u00a0<\/span><\/h3>\n<p><span data-contrast=\"auto\">Zasad gdy w chi\u0144czyka chyba nikomu nie trzeba przedstawia\u0107. <strong>Gry planszowe zbli\u017caj\u0105 ca\u0142e rodziny<\/strong> i niejednokrotnie wywo\u0142uj\u0105 g\u0142o\u015bne salwy \u015bmiechu wszystkich uczestnik\u00f3w zabawy. Opr\u00f3cz kultowych tytu\u0142\u00f3w warto wypr\u00f3bowa\u0107 nowoczesne propozycje, kt\u00f3re pog\u0142\u0119bi\u0105 rodzinne relacje \u2013 tutaj sprawdz\u0105 si\u0119 szczeg\u00f3lnie gry oparte na zadawaniu i odpowiadaniu na r\u00f3\u017cnorodne pytania. Mo\u017cesz tak\u017ce zapewni\u0107 \u015bwietn\u0105 rozgrywk\u0119 wybieraj\u0105c gry, kt\u00f3re przypomn\u0105 dziadkom minione czasy, jak np. wielogodzinne stanie w sklepowych kolejkach!<\/span><span data-ccp-props=\"{&quot;201341983&quot;:0,&quot;335559740&quot;:276}\">\u00a0<\/span><\/p>\n<div id=\"attachment_11646\" style=\"width: 1034px\" class=\"wp-caption aligncenter\"><img loading=\"lazy\" decoding=\"async\" aria-describedby=\"caption-attachment-11646\" class=\"wp-image-11646 size-large\" src=\"https:\/\/www.empikfoto.pl\/blog\/empikfoto\/2018\/01\/pomysly-na-dzien-babci-i-dziadka-2-1024x683.jpg\" alt=\"Rodzinne gry i zabawy to jeden z pomys\u0142\u00f3w na Dzie\u0144 Babci i Dziadka.\" width=\"1024\" height=\"683\" srcset=\"https:\/\/www.empikfoto.pl\/blog\/empikfoto\/2018\/01\/pomysly-na-dzien-babci-i-dziadka-2-1024x683.jpg 1024w, https:\/\/www.empikfoto.pl\/blog\/empikfoto\/2018\/01\/pomysly-na-dzien-babci-i-dziadka-2-300x200.jpg 300w, https:\/\/www.empikfoto.pl\/blog\/empikfoto\/2018\/01\/pomysly-na-dzien-babci-i-dziadka-2-768x512.jpg 768w, https:\/\/www.empikfoto.pl\/blog\/empikfoto\/2018\/01\/pomysly-na-dzien-babci-i-dziadka-2-330x220.jpg 330w, https:\/\/www.empikfoto.pl\/blog\/empikfoto\/2018\/01\/pomysly-na-dzien-babci-i-dziadka-2-400x267.jpg 400w, https:\/\/www.empikfoto.pl\/blog\/empikfoto\/2018\/01\/pomysly-na-dzien-babci-i-dziadka-2.jpg 1500w\" sizes=\"auto, (max-width: 1024px) 100vw, 1024px\" \/><p id=\"caption-attachment-11646\" class=\"wp-caption-text\">Wsp\u00f3lne gry i zabawy to pomys\u0142 na Dzie\u0144 Babci i Dziadka, kt\u00f3ry zapewni \u015bwietn\u0105 zabaw\u0119 dla ca\u0142ej rodziny, od najstarszych cz\u0142onk\u00f3w do najm\u0142odszych.<\/p><\/div>\n<h3><span data-contrast=\"auto\">Milionerzy? Postaw na milion? Zorganizuj rodzinny turniej wiedzy!<\/span><span data-ccp-props=\"{&quot;201341983&quot;:0,&quot;335559740&quot;:276}\">\u00a0<\/span><\/h3>\n<p><span data-contrast=\"auto\">Pomys\u0142y na Dzie\u0144 Babci i Dziadka nie musz\u0105 by\u0107 nudne. Zbierz ca\u0142\u0105 rodzin\u0119 i wymy\u015bl kilka pyta\u0144, kt\u00f3re sprawdz\u0105 wiedz\u0119 o Waszych korzeniach, tradycjach, czy przodkach. Obstawiajcie swoje odpowiedzi cukierkami, a by\u0107 mo\u017ce zagranie <em>va banque<\/em> oka\u017ce si\u0119 Wasz\u0105 ostatni\u0105 desk\u0105 ratunku!<\/span><span data-ccp-props=\"{&quot;201341983&quot;:0,&quot;335559740&quot;:276}\">\u00a0<\/span><\/p>\n<h3><span data-contrast=\"auto\">Wsp\u00f3lne ogl\u0105danie i segregowanie zdj\u0119\u0107 w albumach<\/span><span data-ccp-props=\"{&quot;201341983&quot;:0,&quot;335559740&quot;:276}\">\u00a0<\/span><\/h3>\n<p><span data-contrast=\"auto\">Idealnym pretekstem do powspominania i pos\u0142uchania licznych historii z \u017cycia rodziny jest <strong>segregowanie starych fotografii<\/strong>. W <strong><a href=\"https:\/\/www.empikfoto.pl\/albumy-na-zdjecia\">albumach na zdj\u0119cia<\/a> <\/strong>cz\u0119sto dziadkowie trzymaj\u0105 historie z dziesi\u0105tek, a mo\u017ce i nawet setek lat. Je\u015bli jeszcze nie s\u0142ysza\u0142e\u015b, jak dziadek zauroczy\u0142 babci\u0119 swoim idealnie wyprasowanym mundurem, czy umkn\u0119\u0142y Ci szczeg\u00f3\u0142y historii o fatalnej pierwszej randce prababci, warto przejrze\u0107 stare, le\u017c\u0105ce w domu albumy i podpyta\u0107 dziadk\u00f3w o ich wspomnienia. To, czemu szczeg\u00f3lnie warto si\u0119 przyjrze\u0107 to autentyczne emocje dziadk\u00f3w snuj\u0105cych kolejne opowie\u015bci, b\u0142ysk w oku, kt\u00f3ry pojawia si\u0119, gdy przypomn\u0105 sobie jeszcze jeden, zapomniany szczeg\u00f3\u0142. \u017baden, nawet najlepszy film nie zast\u0105pi pasji, jak\u0105 dziadkowie obdarowuj\u0105 rodzinne wspomnienia!<\/span><span data-ccp-props=\"{&quot;201341983&quot;:0,&quot;335559740&quot;:276}\">\u00a0<\/span><\/p>\n<h2>Co mo\u017cna zrobi\u0107 na Dzie\u0144 Babci i Dziadka?<\/h2>\n<p><span data-contrast=\"auto\">Pomys\u0142y na Dzie\u0144 Babci i Dziadka mno\u017c\u0105 si\u0119 szczeg\u00f3lnie wtedy, gdy wiemy co dziadkowie lubi\u0105 i co sprawia im najwi\u0119ksz\u0105 przyjemno\u015b\u0107. Cho\u0107 nie ma jedynej w\u0142a\u015bciwej recepty na idealny wiecz\u00f3r z babci\u0105 i dziadkiem, cz\u0119sto nawet drobne gesty wystarcz\u0105, by pokaza\u0107 jak bardzo nam na nich zale\u017cy, oraz \u017ce by\u0142y i wci\u0105\u017c s\u0105 wa\u017cnymi osobami w naszym \u017cyciu. Pami\u0119taj natomiast, by wsp\u00f3lne chwile zachowa\u0107 na d\u0142u\u017cej. Do uwiecznienia sp\u0119dzonego razem czasu bez w\u0105tpienia przyda Ci si\u0119 aparat. Zadbaj wi\u0119c o szerokie u\u015bmiechy babci i dziadka i zr\u00f3b mn\u00f3stwo zdj\u0119\u0107 ze wsp\u00f3lnego \u015bwi\u0119towania tegorocznego <strong><a href=\"https:\/\/www.empikfoto.pl\/prezenty\/dla-dziadkow\">Dnia Babci i Dziadka<\/a><\/strong>!<\/span><span data-ccp-props=\"{&quot;201341983&quot;:0,&quot;335559740&quot;:276}\">\u00a0<\/span><\/p>\n","protected":false},"excerpt":{"rendered":"<p>Ka\u017cdego roku, wraz z nadej\u015bciem stycznia, pojawia si\u0119 to samo nurtuj\u0105ce pytanie: co mo\u017cna zrobi\u0107 na Dzie\u0144 Babci i Dziadka? Jak mo\u017cemy sprawi\u0107 im rado\u015b\u0107? Jaki prezent wybra\u0107 dla babci i dziadka, by jeszcze bardziej doceni\u0107 ich obecno\u015b\u0107 w naszym \u017cyciu? Na te pytania postaramy si\u0119 odpowiedzie\u0107 z okazji zbli\u017caj\u0105cego si\u0119 \u015bwi\u0119ta naszych ukochanych senior\u00f3w. Sprawd\u017a najlepsze pomys\u0142y na Dzie\u0144 Babci i Dziadka!<\/p>\n","protected":false},"author":16,"featured_media":11644,"comment_status":"closed","ping_status":"closed","sticky":true,"template":"","format":"standard","meta":{"footnotes":""},"categories":[786],"tags":[1074,1075,1076],"class_list":["post-8138","post","type-post","status-publish","format-standard","has-post-thumbnail","hentry","category-inspiracje","tag-dzien-babci-i-dziadka","tag-prezent-dla-babci","tag-prezent-dla-dziadka"],"yoast_head":"<!-- This site is optimized with the Yoast SEO plugin v27.4 - https:\/\/yoast.com\/product\/yoast-seo-wordpress\/ -->\n<title>Pomys\u0142y na Dzie\u0144 Babci i Dziadka \u2013 jak sp\u0119dzi\u0107 wsp\u00f3lny czas? | Empik Foto<\/title>\n<meta name=\"description\" content=\"Wsp\u00f3lnie sp\u0119dzony czas to najcenniejszy prezent dla naszych dziadk\u00f3w. Sprawd\u017a nasze pomys\u0142y, co mo\u017cna zrobi\u0107 na Dzie\u0144 Babci i Dziadka.\" \/>\n<meta name=\"robots\" content=\"index, follow, max-snippet:-1, max-image-preview:large, max-video-preview:-1\" \/>\n<link rel=\"canonical\" href=\"https:\/\/www.empikfoto.pl\/blog\/dzien-babci-dziadka-wspolnie-spedzony-czas-najwspanialszym-prezentem\/\" \/>\n<meta property=\"og:locale\" content=\"pl_PL\" \/>\n<meta property=\"og:type\" content=\"article\" \/>\n<meta property=\"og:title\" content=\"Pomys\u0142y na Dzie\u0144 Babci i Dziadka \u2013 jak sp\u0119dzi\u0107 wsp\u00f3lny czas? | Empik Foto\" \/>\n<meta property=\"og:description\" content=\"Wsp\u00f3lnie sp\u0119dzony czas to najcenniejszy prezent dla naszych dziadk\u00f3w. Sprawd\u017a nasze pomys\u0142y, co mo\u017cna zrobi\u0107 na Dzie\u0144 Babci i Dziadka.\" \/>\n<meta property=\"og:url\" content=\"https:\/\/www.empikfoto.pl\/blog\/dzien-babci-dziadka-wspolnie-spedzony-czas-najwspanialszym-prezentem\/\" \/>\n<meta property=\"og:site_name\" content=\"blog.empikfoto.pl\" \/>\n<meta property=\"article:publisher\" content=\"https:\/\/www.facebook.com\/empikfotopl\/\" \/>\n<meta property=\"article:published_time\" content=\"2024-01-10T10:25:00+00:00\" \/>\n<meta property=\"article:modified_time\" content=\"2024-01-17T08:39:35+00:00\" \/>\n<meta property=\"og:image\" content=\"https:\/\/www.empikfoto.pl\/blog\/empikfoto\/2018\/01\/pomysly-na-dzien-babci-i-dziadka.jpg\" \/>\n\t<meta property=\"og:image:width\" content=\"1500\" \/>\n\t<meta property=\"og:image:height\" content=\"1000\" \/>\n\t<meta property=\"og:image:type\" content=\"image\/jpeg\" \/>\n<meta name=\"author\" content=\"Patrycja\" \/>\n<meta name=\"twitter:card\" content=\"summary_large_image\" \/>\n<meta name=\"twitter:creator\" content=\"@empikfoto\" \/>\n<meta name=\"twitter:site\" content=\"@empikfoto\" \/>\n<meta name=\"twitter:label1\" content=\"Napisane przez\" \/>\n\t<meta name=\"twitter:data1\" content=\"Patrycja\" \/>\n\t<meta name=\"twitter:label2\" content=\"Szacowany czas czytania\" \/>\n\t<meta name=\"twitter:data2\" content=\"7 minut\" \/>\n<script type=\"application\/ld+json\" class=\"yoast-schema-graph\">{\"@context\":\"https:\\\/\\\/schema.org\",\"@graph\":[{\"@type\":\"Article\",\"@id\":\"https:\\\/\\\/www.empikfoto.pl\\\/blog\\\/dzien-babci-dziadka-wspolnie-spedzony-czas-najwspanialszym-prezentem\\\/#article\",\"isPartOf\":{\"@id\":\"https:\\\/\\\/www.empikfoto.pl\\\/blog\\\/dzien-babci-dziadka-wspolnie-spedzony-czas-najwspanialszym-prezentem\\\/\"},\"author\":{\"name\":\"Patrycja\",\"@id\":\"https:\\\/\\\/www.empikfoto.pl\\\/blog\\\/#\\\/schema\\\/person\\\/0313802ca5dac502e3266853c59632c0\"},\"headline\":\"Pomys\u0142y na Dzie\u0144 Babci i Dziadka. Wsp\u00f3lnie sp\u0119dzony czas najwspanialszym prezentem!\",\"datePublished\":\"2024-01-10T10:25:00+00:00\",\"dateModified\":\"2024-01-17T08:39:35+00:00\",\"mainEntityOfPage\":{\"@id\":\"https:\\\/\\\/www.empikfoto.pl\\\/blog\\\/dzien-babci-dziadka-wspolnie-spedzony-czas-najwspanialszym-prezentem\\\/\"},\"wordCount\":1194,\"image\":{\"@id\":\"https:\\\/\\\/www.empikfoto.pl\\\/blog\\\/dzien-babci-dziadka-wspolnie-spedzony-czas-najwspanialszym-prezentem\\\/#primaryimage\"},\"thumbnailUrl\":\"https:\\\/\\\/www.empikfoto.pl\\\/blog\\\/empikfoto\\\/2018\\\/01\\\/pomysly-na-dzien-babci-i-dziadka.jpg\",\"keywords\":[\"dzie\u0144 babci i dziadka\",\"prezent dla babci\",\"prezent dla dziadka\"],\"articleSection\":[\"INSPIRACJE\"],\"inLanguage\":\"pl-PL\"},{\"@type\":\"WebPage\",\"@id\":\"https:\\\/\\\/www.empikfoto.pl\\\/blog\\\/dzien-babci-dziadka-wspolnie-spedzony-czas-najwspanialszym-prezentem\\\/\",\"url\":\"https:\\\/\\\/www.empikfoto.pl\\\/blog\\\/dzien-babci-dziadka-wspolnie-spedzony-czas-najwspanialszym-prezentem\\\/\",\"name\":\"Pomys\u0142y na Dzie\u0144 Babci i Dziadka \u2013 jak sp\u0119dzi\u0107 wsp\u00f3lny czas? | Empik Foto\",\"isPartOf\":{\"@id\":\"https:\\\/\\\/www.empikfoto.pl\\\/blog\\\/#website\"},\"primaryImageOfPage\":{\"@id\":\"https:\\\/\\\/www.empikfoto.pl\\\/blog\\\/dzien-babci-dziadka-wspolnie-spedzony-czas-najwspanialszym-prezentem\\\/#primaryimage\"},\"image\":{\"@id\":\"https:\\\/\\\/www.empikfoto.pl\\\/blog\\\/dzien-babci-dziadka-wspolnie-spedzony-czas-najwspanialszym-prezentem\\\/#primaryimage\"},\"thumbnailUrl\":\"https:\\\/\\\/www.empikfoto.pl\\\/blog\\\/empikfoto\\\/2018\\\/01\\\/pomysly-na-dzien-babci-i-dziadka.jpg\",\"datePublished\":\"2024-01-10T10:25:00+00:00\",\"dateModified\":\"2024-01-17T08:39:35+00:00\",\"author\":{\"@id\":\"https:\\\/\\\/www.empikfoto.pl\\\/blog\\\/#\\\/schema\\\/person\\\/0313802ca5dac502e3266853c59632c0\"},\"description\":\"Wsp\u00f3lnie sp\u0119dzony czas to najcenniejszy prezent dla naszych dziadk\u00f3w. Sprawd\u017a nasze pomys\u0142y, co mo\u017cna zrobi\u0107 na Dzie\u0144 Babci i Dziadka.\",\"breadcrumb\":{\"@id\":\"https:\\\/\\\/www.empikfoto.pl\\\/blog\\\/dzien-babci-dziadka-wspolnie-spedzony-czas-najwspanialszym-prezentem\\\/#breadcrumb\"},\"inLanguage\":\"pl-PL\",\"potentialAction\":[{\"@type\":\"ReadAction\",\"target\":[\"https:\\\/\\\/www.empikfoto.pl\\\/blog\\\/dzien-babci-dziadka-wspolnie-spedzony-czas-najwspanialszym-prezentem\\\/\"]}]},{\"@type\":\"ImageObject\",\"inLanguage\":\"pl-PL\",\"@id\":\"https:\\\/\\\/www.empikfoto.pl\\\/blog\\\/dzien-babci-dziadka-wspolnie-spedzony-czas-najwspanialszym-prezentem\\\/#primaryimage\",\"url\":\"https:\\\/\\\/www.empikfoto.pl\\\/blog\\\/empikfoto\\\/2018\\\/01\\\/pomysly-na-dzien-babci-i-dziadka.jpg\",\"contentUrl\":\"https:\\\/\\\/www.empikfoto.pl\\\/blog\\\/empikfoto\\\/2018\\\/01\\\/pomysly-na-dzien-babci-i-dziadka.jpg\",\"width\":1500,\"height\":1000},{\"@type\":\"BreadcrumbList\",\"@id\":\"https:\\\/\\\/www.empikfoto.pl\\\/blog\\\/dzien-babci-dziadka-wspolnie-spedzony-czas-najwspanialszym-prezentem\\\/#breadcrumb\",\"itemListElement\":[{\"@type\":\"ListItem\",\"position\":1,\"name\":\"Strona g\u0142\u00f3wna\",\"item\":\"https:\\\/\\\/www.empikfoto.pl\\\/blog\\\/\"},{\"@type\":\"ListItem\",\"position\":2,\"name\":\"Pomys\u0142y na Dzie\u0144 Babci i Dziadka. Wsp\u00f3lnie sp\u0119dzony czas najwspanialszym prezentem!\"}]},{\"@type\":\"WebSite\",\"@id\":\"https:\\\/\\\/www.empikfoto.pl\\\/blog\\\/#website\",\"url\":\"https:\\\/\\\/www.empikfoto.pl\\\/blog\\\/\",\"name\":\"blog.empikfoto.pl\",\"description\":\"Poznaj empikfoto.pl od \u015brodka! Dowiedz si\u0119 wi\u0119cej o odbitkach, fotoksi\u0105\u017ckach i fotografii.\",\"potentialAction\":[{\"@type\":\"SearchAction\",\"target\":{\"@type\":\"EntryPoint\",\"urlTemplate\":\"https:\\\/\\\/www.empikfoto.pl\\\/blog\\\/?s={search_term_string}\"},\"query-input\":{\"@type\":\"PropertyValueSpecification\",\"valueRequired\":true,\"valueName\":\"search_term_string\"}}],\"inLanguage\":\"pl-PL\"},{\"@type\":\"Person\",\"@id\":\"https:\\\/\\\/www.empikfoto.pl\\\/blog\\\/#\\\/schema\\\/person\\\/0313802ca5dac502e3266853c59632c0\",\"name\":\"Patrycja\",\"image\":{\"@type\":\"ImageObject\",\"inLanguage\":\"pl-PL\",\"@id\":\"https:\\\/\\\/secure.gravatar.com\\\/avatar\\\/f25168e12215ad42f58e5fb72881daaeb57bd4f907081046016f64bf167db59f?s=96&d=identicon&r=g\",\"url\":\"https:\\\/\\\/secure.gravatar.com\\\/avatar\\\/f25168e12215ad42f58e5fb72881daaeb57bd4f907081046016f64bf167db59f?s=96&d=identicon&r=g\",\"contentUrl\":\"https:\\\/\\\/secure.gravatar.com\\\/avatar\\\/f25168e12215ad42f58e5fb72881daaeb57bd4f907081046016f64bf167db59f?s=96&d=identicon&r=g\",\"caption\":\"Patrycja\"},\"url\":\"https:\\\/\\\/www.empikfoto.pl\\\/blog\\\/author\\\/patrycja\\\/\"}]}<\/script>\n<!-- \/ Yoast SEO plugin. -->","yoast_head_json":{"title":"Pomys\u0142y na Dzie\u0144 Babci i Dziadka \u2013 jak sp\u0119dzi\u0107 wsp\u00f3lny czas? | Empik Foto","description":"Wsp\u00f3lnie sp\u0119dzony czas to najcenniejszy prezent dla naszych dziadk\u00f3w. Sprawd\u017a nasze pomys\u0142y, co mo\u017cna zrobi\u0107 na Dzie\u0144 Babci i Dziadka.","robots":{"index":"index","follow":"follow","max-snippet":"max-snippet:-1","max-image-preview":"max-image-preview:large","max-video-preview":"max-video-preview:-1"},"canonical":"https:\/\/www.empikfoto.pl\/blog\/dzien-babci-dziadka-wspolnie-spedzony-czas-najwspanialszym-prezentem\/","og_locale":"pl_PL","og_type":"article","og_title":"Pomys\u0142y na Dzie\u0144 Babci i Dziadka \u2013 jak sp\u0119dzi\u0107 wsp\u00f3lny czas? | Empik Foto","og_description":"Wsp\u00f3lnie sp\u0119dzony czas to najcenniejszy prezent dla naszych dziadk\u00f3w. Sprawd\u017a nasze pomys\u0142y, co mo\u017cna zrobi\u0107 na Dzie\u0144 Babci i Dziadka.","og_url":"https:\/\/www.empikfoto.pl\/blog\/dzien-babci-dziadka-wspolnie-spedzony-czas-najwspanialszym-prezentem\/","og_site_name":"blog.empikfoto.pl","article_publisher":"https:\/\/www.facebook.com\/empikfotopl\/","article_published_time":"2024-01-10T10:25:00+00:00","article_modified_time":"2024-01-17T08:39:35+00:00","og_image":[{"width":1500,"height":1000,"url":"https:\/\/www.empikfoto.pl\/blog\/empikfoto\/2018\/01\/pomysly-na-dzien-babci-i-dziadka.jpg","type":"image\/jpeg"}],"author":"Patrycja","twitter_card":"summary_large_image","twitter_creator":"@empikfoto","twitter_site":"@empikfoto","twitter_misc":{"Napisane przez":"Patrycja","Szacowany czas czytania":"7 minut"},"schema":{"@context":"https:\/\/schema.org","@graph":[{"@type":"Article","@id":"https:\/\/www.empikfoto.pl\/blog\/dzien-babci-dziadka-wspolnie-spedzony-czas-najwspanialszym-prezentem\/#article","isPartOf":{"@id":"https:\/\/www.empikfoto.pl\/blog\/dzien-babci-dziadka-wspolnie-spedzony-czas-najwspanialszym-prezentem\/"},"author":{"name":"Patrycja","@id":"https:\/\/www.empikfoto.pl\/blog\/#\/schema\/person\/0313802ca5dac502e3266853c59632c0"},"headline":"Pomys\u0142y na Dzie\u0144 Babci i Dziadka. Wsp\u00f3lnie sp\u0119dzony czas najwspanialszym prezentem!","datePublished":"2024-01-10T10:25:00+00:00","dateModified":"2024-01-17T08:39:35+00:00","mainEntityOfPage":{"@id":"https:\/\/www.empikfoto.pl\/blog\/dzien-babci-dziadka-wspolnie-spedzony-czas-najwspanialszym-prezentem\/"},"wordCount":1194,"image":{"@id":"https:\/\/www.empikfoto.pl\/blog\/dzien-babci-dziadka-wspolnie-spedzony-czas-najwspanialszym-prezentem\/#primaryimage"},"thumbnailUrl":"https:\/\/www.empikfoto.pl\/blog\/empikfoto\/2018\/01\/pomysly-na-dzien-babci-i-dziadka.jpg","keywords":["dzie\u0144 babci i dziadka","prezent dla babci","prezent dla dziadka"],"articleSection":["INSPIRACJE"],"inLanguage":"pl-PL"},{"@type":"WebPage","@id":"https:\/\/www.empikfoto.pl\/blog\/dzien-babci-dziadka-wspolnie-spedzony-czas-najwspanialszym-prezentem\/","url":"https:\/\/www.empikfoto.pl\/blog\/dzien-babci-dziadka-wspolnie-spedzony-czas-najwspanialszym-prezentem\/","name":"Pomys\u0142y na Dzie\u0144 Babci i Dziadka \u2013 jak sp\u0119dzi\u0107 wsp\u00f3lny czas? | Empik Foto","isPartOf":{"@id":"https:\/\/www.empikfoto.pl\/blog\/#website"},"primaryImageOfPage":{"@id":"https:\/\/www.empikfoto.pl\/blog\/dzien-babci-dziadka-wspolnie-spedzony-czas-najwspanialszym-prezentem\/#primaryimage"},"image":{"@id":"https:\/\/www.empikfoto.pl\/blog\/dzien-babci-dziadka-wspolnie-spedzony-czas-najwspanialszym-prezentem\/#primaryimage"},"thumbnailUrl":"https:\/\/www.empikfoto.pl\/blog\/empikfoto\/2018\/01\/pomysly-na-dzien-babci-i-dziadka.jpg","datePublished":"2024-01-10T10:25:00+00:00","dateModified":"2024-01-17T08:39:35+00:00","author":{"@id":"https:\/\/www.empikfoto.pl\/blog\/#\/schema\/person\/0313802ca5dac502e3266853c59632c0"},"description":"Wsp\u00f3lnie sp\u0119dzony czas to najcenniejszy prezent dla naszych dziadk\u00f3w. Sprawd\u017a nasze pomys\u0142y, co mo\u017cna zrobi\u0107 na Dzie\u0144 Babci i Dziadka.","breadcrumb":{"@id":"https:\/\/www.empikfoto.pl\/blog\/dzien-babci-dziadka-wspolnie-spedzony-czas-najwspanialszym-prezentem\/#breadcrumb"},"inLanguage":"pl-PL","potentialAction":[{"@type":"ReadAction","target":["https:\/\/www.empikfoto.pl\/blog\/dzien-babci-dziadka-wspolnie-spedzony-czas-najwspanialszym-prezentem\/"]}]},{"@type":"ImageObject","inLanguage":"pl-PL","@id":"https:\/\/www.empikfoto.pl\/blog\/dzien-babci-dziadka-wspolnie-spedzony-czas-najwspanialszym-prezentem\/#primaryimage","url":"https:\/\/www.empikfoto.pl\/blog\/empikfoto\/2018\/01\/pomysly-na-dzien-babci-i-dziadka.jpg","contentUrl":"https:\/\/www.empikfoto.pl\/blog\/empikfoto\/2018\/01\/pomysly-na-dzien-babci-i-dziadka.jpg","width":1500,"height":1000},{"@type":"BreadcrumbList","@id":"https:\/\/www.empikfoto.pl\/blog\/dzien-babci-dziadka-wspolnie-spedzony-czas-najwspanialszym-prezentem\/#breadcrumb","itemListElement":[{"@type":"ListItem","position":1,"name":"Strona g\u0142\u00f3wna","item":"https:\/\/www.empikfoto.pl\/blog\/"},{"@type":"ListItem","position":2,"name":"Pomys\u0142y na Dzie\u0144 Babci i Dziadka. Wsp\u00f3lnie sp\u0119dzony czas najwspanialszym prezentem!"}]},{"@type":"WebSite","@id":"https:\/\/www.empikfoto.pl\/blog\/#website","url":"https:\/\/www.empikfoto.pl\/blog\/","name":"blog.empikfoto.pl","description":"Poznaj empikfoto.pl od \u015brodka! Dowiedz si\u0119 wi\u0119cej o odbitkach, fotoksi\u0105\u017ckach i fotografii.","potentialAction":[{"@type":"SearchAction","target":{"@type":"EntryPoint","urlTemplate":"https:\/\/www.empikfoto.pl\/blog\/?s={search_term_string}"},"query-input":{"@type":"PropertyValueSpecification","valueRequired":true,"valueName":"search_term_string"}}],"inLanguage":"pl-PL"},{"@type":"Person","@id":"https:\/\/www.empikfoto.pl\/blog\/#\/schema\/person\/0313802ca5dac502e3266853c59632c0","name":"Patrycja","image":{"@type":"ImageObject","inLanguage":"pl-PL","@id":"https:\/\/secure.gravatar.com\/avatar\/f25168e12215ad42f58e5fb72881daaeb57bd4f907081046016f64bf167db59f?s=96&d=identicon&r=g","url":"https:\/\/secure.gravatar.com\/avatar\/f25168e12215ad42f58e5fb72881daaeb57bd4f907081046016f64bf167db59f?s=96&d=identicon&r=g","contentUrl":"https:\/\/secure.gravatar.com\/avatar\/f25168e12215ad42f58e5fb72881daaeb57bd4f907081046016f64bf167db59f?s=96&d=identicon&r=g","caption":"Patrycja"},"url":"https:\/\/www.empikfoto.pl\/blog\/author\/patrycja\/"}]}},"amp_enabled":true,"_links":{"self":[{"href":"https:\/\/www.empikfoto.pl\/blog\/wp-json\/wp\/v2\/posts\/8138","targetHints":{"allow":["GET"]}}],"collection":[{"href":"https:\/\/www.empikfoto.pl\/blog\/wp-json\/wp\/v2\/posts"}],"about":[{"href":"https:\/\/www.empikfoto.pl\/blog\/wp-json\/wp\/v2\/types\/post"}],"author":[{"embeddable":true,"href":"https:\/\/www.empikfoto.pl\/blog\/wp-json\/wp\/v2\/users\/16"}],"replies":[{"embeddable":true,"href":"https:\/\/www.empikfoto.pl\/blog\/wp-json\/wp\/v2\/comments?post=8138"}],"version-history":[{"count":12,"href":"https:\/\/www.empikfoto.pl\/blog\/wp-json\/wp\/v2\/posts\/8138\/revisions"}],"predecessor-version":[{"id":13112,"href":"https:\/\/www.empikfoto.pl\/blog\/wp-json\/wp\/v2\/posts\/8138\/revisions\/13112"}],"wp:featuredmedia":[{"embeddable":true,"href":"https:\/\/www.empikfoto.pl\/blog\/wp-json\/wp\/v2\/media\/11644"}],"wp:attachment":[{"href":"https:\/\/www.empikfoto.pl\/blog\/wp-json\/wp\/v2\/media?parent=8138"}],"wp:term":[{"taxonomy":"category","embeddable":true,"href":"https:\/\/www.empikfoto.pl\/blog\/wp-json\/wp\/v2\/categories?post=8138"},{"taxonomy":"post_tag","embeddable":true,"href":"https:\/\/www.empikfoto.pl\/blog\/wp-json\/wp\/v2\/tags?post=8138"}],"curies":[{"name":"wp","href":"https:\/\/api.w.org\/{rel}","templated":true}]}}