{"id":8703,"date":"2018-12-12T12:43:22","date_gmt":"2018-12-12T11:43:22","guid":{"rendered":"https:\/\/blog.empikfoto.pl\/?p=8703"},"modified":"2023-06-30T08:47:03","modified_gmt":"2023-06-30T06:47:03","slug":"fotograficzne-swieta-zaprezentuj-bliskim-emocje-zatrzymane-kadrze","status":"publish","type":"post","link":"https:\/\/www.empikfoto.pl\/blog\/fotograficzne-swieta-zaprezentuj-bliskim-emocje-zatrzymane-kadrze\/","title":{"rendered":"Fotograficzne \u015bwi\u0119ta \u2013 zaPREZENTuj bliskim emocje zatrzymane w kadrze!"},"content":{"rendered":"<p>Zdj\u0119cia wyra\u017caj\u0105 nasze emocje \u2013 w stosunku do portretowanych os\u00f3b, uwiecznianych miejsc czy zatrzymywanych na d\u0142u\u017cej chwil.\u00a0 Tak samo prezenty \u2013 \u015bwiadcz\u0105 o naszych uczuciach w stosunku do innych os\u00f3b. A mog\u0105 wyrazi\u0107 wiele. Na przyk\u0142ad nasz\u0105 bezradno\u015b\u0107 w wyborze podarunku, je\u015bli decydujemy si\u0119 na obdarowanie kogo\u015b bliskiego\u2026 skarpetami czy krawatem. Cz\u0119sto bowiem, mimo za\u017cy\u0142o\u015bci, \u0142\u0105cz\u0105cej nas z bliskimi, po prostu brakuje nam pomys\u0142u na podarek. Mo\u017ce wi\u0119c w tym roku prze\u0142ama\u0107 rutyn\u0119 i podarowa\u0107 co\u015b, co zwi\u0119kszy \u201etrwa\u0142o\u015b\u0107\u201d wspomnie\u0144?<\/p>\n<h3><span style=\"color: #ff6600;\"><strong>Uniwersalny prezent: aparat dla pocz\u0105tkuj\u0105cych<\/strong><\/span><\/h3>\n<p>Tutaj wyb\u00f3r jest naprawd\u0119 szeroki i ka\u017cdy znajdzie model, kt\u00f3ry spe\u0142ni oczekiwania bliskiej osoby i co wi\u0119cej \u2013 mo\u017ce by\u0107 pierwszym krokiem do odkrycia prawdziwej pasji. Dla najmniej wymagaj\u0105cych, pocz\u0105tkuj\u0105cych fotograf\u00f3w, warto zastanowi\u0107 si\u0119 nad aparatem kompaktowym. To konstrukcje, kt\u00f3re mimo kieszonkowych rozmiar\u00f3w maj\u0105 bardzo rozbudowane funkcje optyczne i tryby kreatywne. Mog\u0105 by\u0107 wyposa\u017cone na przyk\u0142ad w 40-krotny zoom, dzi\u0119ki kt\u00f3remu mo\u017cna uchwyci\u0107 np. najmniejszy detal architektoniczny w najwy\u017cszej jako\u015bci obrazu, albo nagra\u0107 zjawiskowy film w 4K lub Full HD w trybie slow-motion. Tak\u0105 propozycj\u0105 mo\u017ce by\u0107 niewielki, bo o grubo\u015bci zaledwie 39,9 mm, aparat <strong><a href=\"https:\/\/www.canon.pl\/cameras\/powershot-sx740-hs\/\">Canon PowerShot SX740 HS<\/a><\/strong><strong>.<\/strong><\/p>\n<p><img loading=\"lazy\" decoding=\"async\" class=\"aligncenter size-full wp-image-8707\" src=\"https:\/\/blog.empikfoto.pl\/empikfoto\/2018\/12\/PowerShot_SX740_HS-Ambient-Silver-FSL-Pier1.jpg\" alt=\"\" width=\"1950\" height=\"1300\" srcset=\"https:\/\/www.empikfoto.pl\/blog\/empikfoto\/2018\/12\/PowerShot_SX740_HS-Ambient-Silver-FSL-Pier1.jpg 1950w, https:\/\/www.empikfoto.pl\/blog\/empikfoto\/2018\/12\/PowerShot_SX740_HS-Ambient-Silver-FSL-Pier1-300x200.jpg 300w, https:\/\/www.empikfoto.pl\/blog\/empikfoto\/2018\/12\/PowerShot_SX740_HS-Ambient-Silver-FSL-Pier1-768x512.jpg 768w, https:\/\/www.empikfoto.pl\/blog\/empikfoto\/2018\/12\/PowerShot_SX740_HS-Ambient-Silver-FSL-Pier1-1024x683.jpg 1024w, https:\/\/www.empikfoto.pl\/blog\/empikfoto\/2018\/12\/PowerShot_SX740_HS-Ambient-Silver-FSL-Pier1-330x220.jpg 330w, https:\/\/www.empikfoto.pl\/blog\/empikfoto\/2018\/12\/PowerShot_SX740_HS-Ambient-Silver-FSL-Pier1-400x267.jpg 400w\" sizes=\"auto, (max-width: 1950px) 100vw, 1950px\" \/><\/p>\n<h3><span style=\"color: #ff6600;\"><strong>Rozwijaj umiej\u0119tno\u015bci z ma\u0142\u0105 lustrzank\u0105<\/strong><\/span><\/h3>\n<p>Bardziej wymagaj\u0105c\u0105 propozycj\u0105 b\u0119dzie amatorska lustrzanka. Szczeg\u00f3lnie dla os\u00f3b, kt\u00f3re chcia\u0142yby rozpocz\u0105\u0107 powa\u017cniejsz\u0105 przygod\u0119 z fotografi\u0105. Od razy uspokajamy \u2013 czasy, gdy zakup lustrzanki wi\u0105za\u0142 si\u0119 z utrat\u0105 fortuny, ju\u017c dawno min\u0119\u0142y. W\u015br\u00f3d modeli dla ambitnych u\u017cytkownik\u00f3w znajdziemy zar\u00f3wno urz\u0105dzenia o \u015bwietnych funkcjach wideo (np. do vlogowania), jak i co\u015b dla os\u00f3b z zaci\u0119ciem stricte fotograficznym. Wszystkie aparaty Canon z tego segmentu \u0142\u0105czy na pewno jedno \u2013 maksymalna intuicyjno\u015b\u0107 obs\u0142ugi i szeroka paleta obiektyw\u00f3w w wysokiej jako\u015bci optyki, znana z bardziej profesjonalnych modeli. Dobrze, aby aparat by\u0142 lekki, ale te\u017c wytrzyma\u0142y. Jak <strong><a href=\"https:\/\/www.canon.pl\/cameras\/eos-200d\/\">Canon EOS 200D<\/a><\/strong> \u2013 jedna z najl\u017cejszych lustrzanek na \u015bwiecie, do kt\u00f3rej dodatkowo bezp\u0142atnie do\u0142\u0105czana jest aplikacja Canon Photo Companion. Zawiera ona spersonalizowane materia\u0142y, wyzwania i inspiracje, kt\u00f3re u\u0142atwiaj\u0105 rozw\u00f3j fotograficznych umiej\u0119tno\u015bci. W sam raz dla ambitnego foto- i wideoamatora.<\/p>\n<p><img loading=\"lazy\" decoding=\"async\" class=\"aligncenter size-full wp-image-8705\" src=\"https:\/\/blog.empikfoto.pl\/empikfoto\/2018\/12\/EOS_200D_Lifestyle_Tom-Martin_Slovenia_2.jpg\" alt=\"\" width=\"1950\" height=\"1300\" srcset=\"https:\/\/www.empikfoto.pl\/blog\/empikfoto\/2018\/12\/EOS_200D_Lifestyle_Tom-Martin_Slovenia_2.jpg 1950w, https:\/\/www.empikfoto.pl\/blog\/empikfoto\/2018\/12\/EOS_200D_Lifestyle_Tom-Martin_Slovenia_2-300x200.jpg 300w, https:\/\/www.empikfoto.pl\/blog\/empikfoto\/2018\/12\/EOS_200D_Lifestyle_Tom-Martin_Slovenia_2-768x512.jpg 768w, https:\/\/www.empikfoto.pl\/blog\/empikfoto\/2018\/12\/EOS_200D_Lifestyle_Tom-Martin_Slovenia_2-1024x683.jpg 1024w, https:\/\/www.empikfoto.pl\/blog\/empikfoto\/2018\/12\/EOS_200D_Lifestyle_Tom-Martin_Slovenia_2-330x220.jpg 330w, https:\/\/www.empikfoto.pl\/blog\/empikfoto\/2018\/12\/EOS_200D_Lifestyle_Tom-Martin_Slovenia_2-400x267.jpg 400w\" sizes=\"auto, (max-width: 1950px) 100vw, 1950px\" \/><\/p>\n<h3><span style=\"color: #ff6600;\"><strong>Kompaktowe rozmiary z wymienn\u0105 optyk\u0105: odkryj bezlusterkowce<\/strong><\/span><\/h3>\n<p>A je\u015bli podstawowe modele lustrzanek to wci\u0105\u017c za ma\u0142o, rozwi\u0105zaniem mog\u0105 okaza\u0107 si\u0119 tzw. bezlusterkowce, czyli cyfrowe aparaty bez mechanizmu lustra, za to z wymiennymi obiektywami. Aparaty te \u0142\u0105cz\u0105 w sobie wszystkie zalety lustrzanek (tu podstawowym atutem jest w\u0142a\u015bnie mo\u017cliwo\u015b\u0107 wymiany optyki), z rozmiarami i wag\u0105 aparat\u00f3w kompaktowych. Zaawansowany amator ucieszy si\u0119 z pewno\u015bci\u0105 z wysokiej jako\u015bci zdj\u0119\u0107 i film\u00f3w nawet w trudnych warunkach o\u015bwietleniowych, ma\u0142ej g\u0142\u0119bi ostro\u015bci dla artystycznego rozmycia t\u0142a czy bardzo stabilnym filmom wideo 4K dzi\u0119ki 5-osiowej stabilizacji obrazu. Oferuje je <strong><a href=\"https:\/\/www.canon.pl\/cameras\/eos-m50\/\">Canon EOS M50<\/a><\/strong> \u2013 intuicyjny w obs\u0142udze, por\u0119czny aparat o klasycznej konstrukcji w nowoczesnej ods\u0142onie, kt\u00f3ry bez trudu mo\u017cna obs\u0142u\u017cy\u0107 jedn\u0105 r\u0119k\u0105.<\/p>\n<p><img loading=\"lazy\" decoding=\"async\" class=\"aligncenter size-full wp-image-8706\" src=\"https:\/\/blog.empikfoto.pl\/empikfoto\/2018\/12\/EOS_M50-Lifestyle-Mohamed-Abdulle-21.jpg\" alt=\"\" width=\"1950\" height=\"1300\" srcset=\"https:\/\/www.empikfoto.pl\/blog\/empikfoto\/2018\/12\/EOS_M50-Lifestyle-Mohamed-Abdulle-21.jpg 1950w, https:\/\/www.empikfoto.pl\/blog\/empikfoto\/2018\/12\/EOS_M50-Lifestyle-Mohamed-Abdulle-21-300x200.jpg 300w, https:\/\/www.empikfoto.pl\/blog\/empikfoto\/2018\/12\/EOS_M50-Lifestyle-Mohamed-Abdulle-21-768x512.jpg 768w, https:\/\/www.empikfoto.pl\/blog\/empikfoto\/2018\/12\/EOS_M50-Lifestyle-Mohamed-Abdulle-21-1024x683.jpg 1024w, https:\/\/www.empikfoto.pl\/blog\/empikfoto\/2018\/12\/EOS_M50-Lifestyle-Mohamed-Abdulle-21-330x220.jpg 330w, https:\/\/www.empikfoto.pl\/blog\/empikfoto\/2018\/12\/EOS_M50-Lifestyle-Mohamed-Abdulle-21-400x267.jpg 400w\" sizes=\"auto, (max-width: 1950px) 100vw, 1950px\" \/><\/p>\n<h3><span style=\"color: #ff6600;\"><strong>Uwieczniaj chwile na d\u0142u\u017cej: akcesoria fotograficzne<\/strong><\/span><\/h3>\n<p>Ale pomys\u0142owe prezenty nie musz\u0105 ko\u0144czy\u0107 si\u0119 na aparatach. Podobnie jak zdj\u0119cia cyfrowe nie musz\u0105 ogranicza\u0107 si\u0119 do galerii zdj\u0119\u0107 na aparacie czy smartfonie. Tutaj z pomoc\u0105 przychodz\u0105 stylowe drukarki \u2013 zar\u00f3wno te kieszonkowe, jak i bardziej zaawansowane nabiurkowe drukarki fotograficzne. One tchn\u0105 drugie \u017cycie w nasze zdj\u0119cia.<\/p>\n<p>Z szerokiego portfolio drukarek Canon bez trudu mo\u017cna wybra\u0107 co\u015b dla siebie.<\/p>\n<p>Na przyk\u0142ad <strong><a href=\"https:\/\/www.canon.pl\/printers\/zoemini\/\">Canon Zoemini<\/a><\/strong> \u2013 niewiele wi\u0119ksza od smartfona \u2013 zmie\u015bci si\u0119 w ka\u017cdej kieszeni. Do tego nie potrzebuje tuszu \u2013 drukuje na specjalnym papierze samoprzylepnym, a aplikacja Canon Mini Print pozwoli na dodanie r\u00f3\u017cnorodnych element\u00f3w graficznych na zdj\u0119ciach \u2013 dzi\u0119ki czemu stan\u0105 si\u0119 one jeszcze bardziej spersonalizowan\u0105 pami\u0105tk\u0105.<\/p>\n<p>Z kolei <strong><a href=\"https:\/\/www.canon.pl\/printers\/selphy-cp1300\/\">Canon SELPHY CP1300<\/a><\/strong> to urz\u0105dzenie, kt\u00f3re potrafi nie tylko drukowa\u0107 pe\u0142nowymiarowe odbitki, ale tak\u017ce miniaturowe paski ze zdj\u0119ciami w trybie fotobudki. \u0141\u0105czno\u015b\u0107 Wi-Fi pozwala w kilka chwil sparowa\u0107 drukark\u0119 z kilkoma urz\u0105dzeniami mobilnymi \u2013 tak wi\u0119c koniec z kolejkami do wydruku. Bezprzewodowe funkcje drukarki pozwalaj\u0105 te\u017c tworzy\u0107 mozaiki i kola\u017ce rodzinne, kt\u00f3re d\u0142ugo b\u0119d\u0105 cieszy\u0107 uczestnik\u00f3w spotka\u0144 np. przy \u015bwi\u0105tecznym stole.<\/p>\n<p><img loading=\"lazy\" decoding=\"async\" class=\"aligncenter size-full wp-image-8704\" src=\"https:\/\/blog.empikfoto.pl\/empikfoto\/2018\/12\/Canon-Zoemini_Lifestyle_Creativity_Josh-Shinner.jpg\" alt=\"\" width=\"1950\" height=\"1300\" srcset=\"https:\/\/www.empikfoto.pl\/blog\/empikfoto\/2018\/12\/Canon-Zoemini_Lifestyle_Creativity_Josh-Shinner.jpg 1950w, https:\/\/www.empikfoto.pl\/blog\/empikfoto\/2018\/12\/Canon-Zoemini_Lifestyle_Creativity_Josh-Shinner-300x200.jpg 300w, https:\/\/www.empikfoto.pl\/blog\/empikfoto\/2018\/12\/Canon-Zoemini_Lifestyle_Creativity_Josh-Shinner-768x512.jpg 768w, https:\/\/www.empikfoto.pl\/blog\/empikfoto\/2018\/12\/Canon-Zoemini_Lifestyle_Creativity_Josh-Shinner-1024x683.jpg 1024w, https:\/\/www.empikfoto.pl\/blog\/empikfoto\/2018\/12\/Canon-Zoemini_Lifestyle_Creativity_Josh-Shinner-330x220.jpg 330w, https:\/\/www.empikfoto.pl\/blog\/empikfoto\/2018\/12\/Canon-Zoemini_Lifestyle_Creativity_Josh-Shinner-400x267.jpg 400w\" sizes=\"auto, (max-width: 1950px) 100vw, 1950px\" \/><\/p>\n<h3><span style=\"color: #ff6600;\"><strong>Nieograniczona kreatywno\u015b\u0107 pomys\u0142\u00f3w<\/strong><\/span><\/h3>\n<p>A co, je\u015bli brakuje nam pomys\u0142\u00f3w na kreatywne wydruki? Aplikacja <a href=\"https:\/\/cp.c-ij.com\/pl\/index.html\">Canon Creative Park<\/a> to nieocenione \u017ar\u00f3d\u0142o pomys\u0142\u00f3w i gotowych szablon\u00f3w dla ca\u0142ej rodziny. Znajdziemy tu bowiem m.in. atrakcyjne ozdoby \u015bwi\u0105teczne, personalizowane poczt\u00f3wki z \u017cyczeniami, opakowania na prezenty i wiele innych niespodzianek z papieru dla du\u017cych i ma\u0142ych u\u017cytkownik\u00f3w.<\/p>\n<p>Przed zakupem prezentowanych tu pomys\u0142\u00f3w na upominki warto odwiedzi\u0107 stron\u0119 <a href=\"https:\/\/www.canon.pl\/cashback\/\">canon.pl\/cashback<\/a> i sprawdzi\u0107, na kt\u00f3re z nich trwa obecnie promocja. Dzi\u0119ki niej mo\u017cna bowiem pozwoli\u0107 sobie na nieco wi\u0119cej i sprawi\u0107 bliskim jeszcze wi\u0119ksz\u0105 rado\u015b\u0107.<\/p>\n","protected":false},"excerpt":{"rendered":"<p>Zdj\u0119cia wyra\u017caj\u0105 nasze emocje \u2013 w stosunku do portretowanych os\u00f3b, uwiecznianych miejsc czy zatrzymywanych na d\u0142u\u017cej chwil.\u00a0 Tak samo prezenty \u2013 \u015bwiadcz\u0105 o naszych uczuciach w stosunku do innych os\u00f3b. A mog\u0105 wyrazi\u0107 wiele. Na przyk\u0142ad nasz\u0105 bezradno\u015b\u0107 w wyborze podarunku, je\u015bli decydujemy si\u0119 na obdarowanie kogo\u015b bliskiego\u2026 skarpetami czy krawatem. Cz\u0119sto bowiem, mimo za\u017cy\u0142o\u015bci, \u0142\u0105cz\u0105cej nas z bliskimi, po prostu brakuje nam pomys\u0142u na podarek. Mo\u017ce wi\u0119c w tym roku prze\u0142ama\u0107 rutyn\u0119 i podarowa\u0107 co\u015b, co zwi\u0119kszy \u201etrwa\u0142o\u015b\u0107\u201d wspomnie\u0144? Uniwersalny prezent: aparat dla pocz\u0105tkuj\u0105cych Tutaj wyb\u00f3r jest naprawd\u0119 szeroki i ka\u017cdy znajdzie model, kt\u00f3ry spe\u0142ni oczekiwania bliskiej osoby i co wi\u0119cej \u2013 mo\u017ce by\u0107 pierwszym krokiem do odkrycia prawdziwej pasji. Dla najmniej wymagaj\u0105cych, pocz\u0105tkuj\u0105cych fotograf\u00f3w, warto zastanowi\u0107 si\u0119 nad aparatem kompaktowym. To konstrukcje, kt\u00f3re mimo kieszonkowych rozmiar\u00f3w maj\u0105 bardzo rozbudowane funkcje optyczne i tryby kreatywne. Mog\u0105 by\u0107 wyposa\u017cone na przyk\u0142ad w 40-krotny zoom, dzi\u0119ki kt\u00f3remu mo\u017cna uchwyci\u0107 np. najmniejszy detal architektoniczny w najwy\u017cszej jako\u015bci obrazu, albo nagra\u0107 zjawiskowy film w 4K lub Full HD w trybie slow-motion. Tak\u0105 propozycj\u0105 mo\u017ce by\u0107 niewielki, bo o grubo\u015bci zaledwie 39,9 mm, aparat Canon PowerShot SX740 HS. Rozwijaj umiej\u0119tno\u015bci z ma\u0142\u0105 lustrzank\u0105 Bardziej wymagaj\u0105c\u0105 propozycj\u0105 b\u0119dzie amatorska lustrzanka. Szczeg\u00f3lnie dla os\u00f3b, kt\u00f3re chcia\u0142yby rozpocz\u0105\u0107 powa\u017cniejsz\u0105 przygod\u0119 z fotografi\u0105. Od razy uspokajamy \u2013 czasy, gdy zakup lustrzanki wi\u0105za\u0142 si\u0119 z utrat\u0105 fortuny, ju\u017c dawno min\u0119\u0142y. W\u015br\u00f3d modeli dla ambitnych u\u017cytkownik\u00f3w znajdziemy zar\u00f3wno urz\u0105dzenia o \u015bwietnych funkcjach wideo (np. do vlogowania), jak i co\u015b dla os\u00f3b z zaci\u0119ciem stricte fotograficznym. Wszystkie aparaty Canon z tego segmentu \u0142\u0105czy na pewno jedno \u2013 maksymalna intuicyjno\u015b\u0107 obs\u0142ugi i szeroka paleta obiektyw\u00f3w w wysokiej jako\u015bci optyki, znana z bardziej profesjonalnych modeli. Dobrze, aby aparat by\u0142 lekki, ale te\u017c wytrzyma\u0142y. Jak Canon EOS 200D \u2013 jedna z najl\u017cejszych lustrzanek na \u015bwiecie, do kt\u00f3rej dodatkowo bezp\u0142atnie do\u0142\u0105czana jest aplikacja Canon Photo Companion. Zawiera ona spersonalizowane materia\u0142y, wyzwania i inspiracje, kt\u00f3re u\u0142atwiaj\u0105 rozw\u00f3j fotograficznych umiej\u0119tno\u015bci. W sam raz dla ambitnego foto- i wideoamatora. Kompaktowe rozmiary z wymienn\u0105 optyk\u0105: odkryj bezlusterkowce A je\u015bli podstawowe modele lustrzanek to wci\u0105\u017c za ma\u0142o, rozwi\u0105zaniem mog\u0105 okaza\u0107 si\u0119 tzw. bezlusterkowce, czyli cyfrowe aparaty bez mechanizmu lustra, za to z wymiennymi obiektywami. Aparaty te \u0142\u0105cz\u0105 w sobie wszystkie zalety lustrzanek (tu podstawowym atutem jest w\u0142a\u015bnie mo\u017cliwo\u015b\u0107 wymiany optyki), z rozmiarami i wag\u0105 aparat\u00f3w kompaktowych. Zaawansowany amator ucieszy si\u0119 z pewno\u015bci\u0105 z wysokiej jako\u015bci zdj\u0119\u0107 i film\u00f3w nawet w trudnych warunkach o\u015bwietleniowych, ma\u0142ej g\u0142\u0119bi ostro\u015bci dla artystycznego rozmycia t\u0142a czy bardzo stabilnym filmom wideo 4K dzi\u0119ki 5-osiowej stabilizacji obrazu. Oferuje je Canon EOS M50 \u2013 intuicyjny w obs\u0142udze, por\u0119czny aparat o klasycznej konstrukcji w nowoczesnej ods\u0142onie, kt\u00f3ry bez trudu mo\u017cna obs\u0142u\u017cy\u0107 jedn\u0105 r\u0119k\u0105. Uwieczniaj chwile na d\u0142u\u017cej: akcesoria fotograficzne Ale pomys\u0142owe prezenty nie musz\u0105 ko\u0144czy\u0107 si\u0119 na aparatach. Podobnie jak zdj\u0119cia cyfrowe nie musz\u0105 ogranicza\u0107 si\u0119 do galerii zdj\u0119\u0107 na aparacie czy smartfonie. Tutaj z pomoc\u0105 przychodz\u0105 stylowe drukarki \u2013 zar\u00f3wno te kieszonkowe, jak i bardziej zaawansowane nabiurkowe drukarki fotograficzne. One tchn\u0105 drugie \u017cycie w nasze zdj\u0119cia. Z szerokiego portfolio drukarek Canon bez trudu mo\u017cna wybra\u0107 co\u015b dla siebie. Na przyk\u0142ad Canon Zoemini \u2013 niewiele wi\u0119ksza od smartfona \u2013 zmie\u015bci si\u0119 w ka\u017cdej kieszeni. Do tego nie potrzebuje tuszu \u2013 drukuje na specjalnym papierze samoprzylepnym, a aplikacja Canon Mini Print pozwoli na dodanie r\u00f3\u017cnorodnych element\u00f3w graficznych na zdj\u0119ciach \u2013 dzi\u0119ki czemu stan\u0105 si\u0119 one jeszcze bardziej spersonalizowan\u0105 pami\u0105tk\u0105. Z kolei Canon SELPHY CP1300 to urz\u0105dzenie, kt\u00f3re potrafi nie tylko drukowa\u0107 pe\u0142nowymiarowe odbitki, ale tak\u017ce miniaturowe paski ze zdj\u0119ciami w trybie fotobudki. \u0141\u0105czno\u015b\u0107 Wi-Fi pozwala w kilka chwil sparowa\u0107 drukark\u0119 z kilkoma urz\u0105dzeniami mobilnymi \u2013 tak wi\u0119c koniec z kolejkami do wydruku. Bezprzewodowe funkcje drukarki pozwalaj\u0105 te\u017c tworzy\u0107 mozaiki i kola\u017ce rodzinne, kt\u00f3re d\u0142ugo b\u0119d\u0105 cieszy\u0107 uczestnik\u00f3w spotka\u0144 np. przy \u015bwi\u0105tecznym stole. Nieograniczona kreatywno\u015b\u0107 pomys\u0142\u00f3w A co, je\u015bli brakuje nam pomys\u0142\u00f3w na kreatywne wydruki? Aplikacja Canon Creative Park to nieocenione \u017ar\u00f3d\u0142o pomys\u0142\u00f3w i gotowych szablon\u00f3w dla ca\u0142ej rodziny. Znajdziemy tu bowiem m.in. atrakcyjne ozdoby \u015bwi\u0105teczne, personalizowane poczt\u00f3wki z \u017cyczeniami, opakowania na prezenty i wiele innych niespodzianek z papieru dla du\u017cych i ma\u0142ych u\u017cytkownik\u00f3w. Przed zakupem prezentowanych tu pomys\u0142\u00f3w na upominki warto odwiedzi\u0107 stron\u0119 canon.pl\/cashback i sprawdzi\u0107, na kt\u00f3re z nich trwa obecnie promocja. Dzi\u0119ki niej mo\u017cna bowiem pozwoli\u0107 sobie na nieco wi\u0119cej i sprawi\u0107 bliskim jeszcze wi\u0119ksz\u0105 rado\u015b\u0107.<\/p>\n","protected":false},"author":16,"featured_media":8708,"comment_status":"closed","ping_status":"closed","sticky":true,"template":"","format":"standard","meta":{"footnotes":""},"categories":[786],"tags":[],"class_list":["post-8703","post","type-post","status-publish","format-standard","has-post-thumbnail","hentry","category-inspiracje"],"yoast_head":"<!-- This site is optimized with the Yoast SEO plugin v27.5 - https:\/\/yoast.com\/product\/yoast-seo-wordpress\/ -->\n<title>Fotograficzne \u015bwi\u0119ta \u2013 zaPREZENTuj bliskim emocje zatrzymane w kadrze<\/title>\n<meta name=\"description\" content=\"Cz\u0119sto, mimo za\u017cy\u0142o\u015bci \u0142\u0105cz\u0105cej nas z bliskimi, po prostu brakuje nam pomys\u0142u na podarek. Mo\u017ce wi\u0119c warto na \u015awi\u0119ta sprawi\u0107 najbli\u017cszym aparat?\" \/>\n<meta name=\"robots\" content=\"index, follow, max-snippet:-1, max-image-preview:large, max-video-preview:-1\" \/>\n<link rel=\"canonical\" href=\"https:\/\/www.empikfoto.pl\/blog\/fotograficzne-swieta-zaprezentuj-bliskim-emocje-zatrzymane-kadrze\/\" \/>\n<meta property=\"og:locale\" content=\"pl_PL\" \/>\n<meta property=\"og:type\" content=\"article\" \/>\n<meta property=\"og:title\" content=\"Fotograficzne \u015bwi\u0119ta \u2013 zaPREZENTuj bliskim emocje zatrzymane w kadrze\" \/>\n<meta property=\"og:description\" content=\"Cz\u0119sto, mimo za\u017cy\u0142o\u015bci \u0142\u0105cz\u0105cej nas z bliskimi, po prostu brakuje nam pomys\u0142u na podarek. Mo\u017ce wi\u0119c warto na \u015awi\u0119ta sprawi\u0107 najbli\u017cszym aparat?\" \/>\n<meta property=\"og:url\" content=\"https:\/\/www.empikfoto.pl\/blog\/fotograficzne-swieta-zaprezentuj-bliskim-emocje-zatrzymane-kadrze\/\" \/>\n<meta property=\"og:site_name\" content=\"blog.empikfoto.pl\" \/>\n<meta property=\"article:publisher\" content=\"https:\/\/www.facebook.com\/empikfotopl\/\" \/>\n<meta property=\"article:published_time\" content=\"2018-12-12T11:43:22+00:00\" \/>\n<meta property=\"article:modified_time\" content=\"2023-06-30T06:47:03+00:00\" \/>\n<meta property=\"og:image\" content=\"https:\/\/www.empikfoto.pl\/blog\/empikfoto\/2018\/12\/SELPHY_CP1300_CINC_Tech_021.jpg\" \/>\n\t<meta property=\"og:image:width\" content=\"1950\" \/>\n\t<meta property=\"og:image:height\" content=\"1300\" \/>\n\t<meta property=\"og:image:type\" content=\"image\/jpeg\" \/>\n<meta name=\"author\" content=\"Patrycja\" \/>\n<meta name=\"twitter:card\" content=\"summary_large_image\" \/>\n<meta name=\"twitter:creator\" content=\"@empikfoto\" \/>\n<meta name=\"twitter:site\" content=\"@empikfoto\" \/>\n<meta name=\"twitter:label1\" content=\"Napisane przez\" \/>\n\t<meta name=\"twitter:data1\" content=\"Patrycja\" \/>\n\t<meta name=\"twitter:label2\" content=\"Szacowany czas czytania\" \/>\n\t<meta name=\"twitter:data2\" content=\"4 minuty\" \/>\n<script type=\"application\/ld+json\" class=\"yoast-schema-graph\">{\"@context\":\"https:\\\/\\\/schema.org\",\"@graph\":[{\"@type\":\"Article\",\"@id\":\"https:\\\/\\\/www.empikfoto.pl\\\/blog\\\/fotograficzne-swieta-zaprezentuj-bliskim-emocje-zatrzymane-kadrze\\\/#article\",\"isPartOf\":{\"@id\":\"https:\\\/\\\/www.empikfoto.pl\\\/blog\\\/fotograficzne-swieta-zaprezentuj-bliskim-emocje-zatrzymane-kadrze\\\/\"},\"author\":{\"name\":\"Patrycja\",\"@id\":\"https:\\\/\\\/www.empikfoto.pl\\\/blog\\\/#\\\/schema\\\/person\\\/0313802ca5dac502e3266853c59632c0\"},\"headline\":\"Fotograficzne \u015bwi\u0119ta \u2013 zaPREZENTuj bliskim emocje zatrzymane w kadrze!\",\"datePublished\":\"2018-12-12T11:43:22+00:00\",\"dateModified\":\"2023-06-30T06:47:03+00:00\",\"mainEntityOfPage\":{\"@id\":\"https:\\\/\\\/www.empikfoto.pl\\\/blog\\\/fotograficzne-swieta-zaprezentuj-bliskim-emocje-zatrzymane-kadrze\\\/\"},\"wordCount\":845,\"image\":{\"@id\":\"https:\\\/\\\/www.empikfoto.pl\\\/blog\\\/fotograficzne-swieta-zaprezentuj-bliskim-emocje-zatrzymane-kadrze\\\/#primaryimage\"},\"thumbnailUrl\":\"https:\\\/\\\/www.empikfoto.pl\\\/blog\\\/empikfoto\\\/2018\\\/12\\\/SELPHY_CP1300_CINC_Tech_021.jpg\",\"articleSection\":[\"INSPIRACJE\"],\"inLanguage\":\"pl-PL\"},{\"@type\":\"WebPage\",\"@id\":\"https:\\\/\\\/www.empikfoto.pl\\\/blog\\\/fotograficzne-swieta-zaprezentuj-bliskim-emocje-zatrzymane-kadrze\\\/\",\"url\":\"https:\\\/\\\/www.empikfoto.pl\\\/blog\\\/fotograficzne-swieta-zaprezentuj-bliskim-emocje-zatrzymane-kadrze\\\/\",\"name\":\"Fotograficzne \u015bwi\u0119ta \u2013 zaPREZENTuj bliskim emocje zatrzymane w kadrze\",\"isPartOf\":{\"@id\":\"https:\\\/\\\/www.empikfoto.pl\\\/blog\\\/#website\"},\"primaryImageOfPage\":{\"@id\":\"https:\\\/\\\/www.empikfoto.pl\\\/blog\\\/fotograficzne-swieta-zaprezentuj-bliskim-emocje-zatrzymane-kadrze\\\/#primaryimage\"},\"image\":{\"@id\":\"https:\\\/\\\/www.empikfoto.pl\\\/blog\\\/fotograficzne-swieta-zaprezentuj-bliskim-emocje-zatrzymane-kadrze\\\/#primaryimage\"},\"thumbnailUrl\":\"https:\\\/\\\/www.empikfoto.pl\\\/blog\\\/empikfoto\\\/2018\\\/12\\\/SELPHY_CP1300_CINC_Tech_021.jpg\",\"datePublished\":\"2018-12-12T11:43:22+00:00\",\"dateModified\":\"2023-06-30T06:47:03+00:00\",\"author\":{\"@id\":\"https:\\\/\\\/www.empikfoto.pl\\\/blog\\\/#\\\/schema\\\/person\\\/0313802ca5dac502e3266853c59632c0\"},\"description\":\"Cz\u0119sto, mimo za\u017cy\u0142o\u015bci \u0142\u0105cz\u0105cej nas z bliskimi, po prostu brakuje nam pomys\u0142u na podarek. Mo\u017ce wi\u0119c warto na \u015awi\u0119ta sprawi\u0107 najbli\u017cszym aparat?\",\"breadcrumb\":{\"@id\":\"https:\\\/\\\/www.empikfoto.pl\\\/blog\\\/fotograficzne-swieta-zaprezentuj-bliskim-emocje-zatrzymane-kadrze\\\/#breadcrumb\"},\"inLanguage\":\"pl-PL\",\"potentialAction\":[{\"@type\":\"ReadAction\",\"target\":[\"https:\\\/\\\/www.empikfoto.pl\\\/blog\\\/fotograficzne-swieta-zaprezentuj-bliskim-emocje-zatrzymane-kadrze\\\/\"]}]},{\"@type\":\"ImageObject\",\"inLanguage\":\"pl-PL\",\"@id\":\"https:\\\/\\\/www.empikfoto.pl\\\/blog\\\/fotograficzne-swieta-zaprezentuj-bliskim-emocje-zatrzymane-kadrze\\\/#primaryimage\",\"url\":\"https:\\\/\\\/www.empikfoto.pl\\\/blog\\\/empikfoto\\\/2018\\\/12\\\/SELPHY_CP1300_CINC_Tech_021.jpg\",\"contentUrl\":\"https:\\\/\\\/www.empikfoto.pl\\\/blog\\\/empikfoto\\\/2018\\\/12\\\/SELPHY_CP1300_CINC_Tech_021.jpg\",\"width\":1950,\"height\":1300},{\"@type\":\"BreadcrumbList\",\"@id\":\"https:\\\/\\\/www.empikfoto.pl\\\/blog\\\/fotograficzne-swieta-zaprezentuj-bliskim-emocje-zatrzymane-kadrze\\\/#breadcrumb\",\"itemListElement\":[{\"@type\":\"ListItem\",\"position\":1,\"name\":\"Strona g\u0142\u00f3wna\",\"item\":\"https:\\\/\\\/www.empikfoto.pl\\\/blog\\\/\"},{\"@type\":\"ListItem\",\"position\":2,\"name\":\"Fotograficzne \u015bwi\u0119ta \u2013 zaPREZENTuj bliskim emocje zatrzymane w kadrze!\"}]},{\"@type\":\"WebSite\",\"@id\":\"https:\\\/\\\/www.empikfoto.pl\\\/blog\\\/#website\",\"url\":\"https:\\\/\\\/www.empikfoto.pl\\\/blog\\\/\",\"name\":\"blog.empikfoto.pl\",\"description\":\"Poznaj empikfoto.pl od \u015brodka! Dowiedz si\u0119 wi\u0119cej o odbitkach, fotoksi\u0105\u017ckach i fotografii.\",\"potentialAction\":[{\"@type\":\"SearchAction\",\"target\":{\"@type\":\"EntryPoint\",\"urlTemplate\":\"https:\\\/\\\/www.empikfoto.pl\\\/blog\\\/?s={search_term_string}\"},\"query-input\":{\"@type\":\"PropertyValueSpecification\",\"valueRequired\":true,\"valueName\":\"search_term_string\"}}],\"inLanguage\":\"pl-PL\"},{\"@type\":\"Person\",\"@id\":\"https:\\\/\\\/www.empikfoto.pl\\\/blog\\\/#\\\/schema\\\/person\\\/0313802ca5dac502e3266853c59632c0\",\"name\":\"Patrycja\",\"image\":{\"@type\":\"ImageObject\",\"inLanguage\":\"pl-PL\",\"@id\":\"https:\\\/\\\/secure.gravatar.com\\\/avatar\\\/f25168e12215ad42f58e5fb72881daaeb57bd4f907081046016f64bf167db59f?s=96&d=identicon&r=g\",\"url\":\"https:\\\/\\\/secure.gravatar.com\\\/avatar\\\/f25168e12215ad42f58e5fb72881daaeb57bd4f907081046016f64bf167db59f?s=96&d=identicon&r=g\",\"contentUrl\":\"https:\\\/\\\/secure.gravatar.com\\\/avatar\\\/f25168e12215ad42f58e5fb72881daaeb57bd4f907081046016f64bf167db59f?s=96&d=identicon&r=g\",\"caption\":\"Patrycja\"},\"url\":\"https:\\\/\\\/www.empikfoto.pl\\\/blog\\\/author\\\/patrycja\\\/\"}]}<\/script>\n<!-- \/ Yoast SEO plugin. -->","yoast_head_json":{"title":"Fotograficzne \u015bwi\u0119ta \u2013 zaPREZENTuj bliskim emocje zatrzymane w kadrze","description":"Cz\u0119sto, mimo za\u017cy\u0142o\u015bci \u0142\u0105cz\u0105cej nas z bliskimi, po prostu brakuje nam pomys\u0142u na podarek. Mo\u017ce wi\u0119c warto na \u015awi\u0119ta sprawi\u0107 najbli\u017cszym aparat?","robots":{"index":"index","follow":"follow","max-snippet":"max-snippet:-1","max-image-preview":"max-image-preview:large","max-video-preview":"max-video-preview:-1"},"canonical":"https:\/\/www.empikfoto.pl\/blog\/fotograficzne-swieta-zaprezentuj-bliskim-emocje-zatrzymane-kadrze\/","og_locale":"pl_PL","og_type":"article","og_title":"Fotograficzne \u015bwi\u0119ta \u2013 zaPREZENTuj bliskim emocje zatrzymane w kadrze","og_description":"Cz\u0119sto, mimo za\u017cy\u0142o\u015bci \u0142\u0105cz\u0105cej nas z bliskimi, po prostu brakuje nam pomys\u0142u na podarek. Mo\u017ce wi\u0119c warto na \u015awi\u0119ta sprawi\u0107 najbli\u017cszym aparat?","og_url":"https:\/\/www.empikfoto.pl\/blog\/fotograficzne-swieta-zaprezentuj-bliskim-emocje-zatrzymane-kadrze\/","og_site_name":"blog.empikfoto.pl","article_publisher":"https:\/\/www.facebook.com\/empikfotopl\/","article_published_time":"2018-12-12T11:43:22+00:00","article_modified_time":"2023-06-30T06:47:03+00:00","og_image":[{"width":1950,"height":1300,"url":"https:\/\/www.empikfoto.pl\/blog\/empikfoto\/2018\/12\/SELPHY_CP1300_CINC_Tech_021.jpg","type":"image\/jpeg"}],"author":"Patrycja","twitter_card":"summary_large_image","twitter_creator":"@empikfoto","twitter_site":"@empikfoto","twitter_misc":{"Napisane przez":"Patrycja","Szacowany czas czytania":"4 minuty"},"schema":{"@context":"https:\/\/schema.org","@graph":[{"@type":"Article","@id":"https:\/\/www.empikfoto.pl\/blog\/fotograficzne-swieta-zaprezentuj-bliskim-emocje-zatrzymane-kadrze\/#article","isPartOf":{"@id":"https:\/\/www.empikfoto.pl\/blog\/fotograficzne-swieta-zaprezentuj-bliskim-emocje-zatrzymane-kadrze\/"},"author":{"name":"Patrycja","@id":"https:\/\/www.empikfoto.pl\/blog\/#\/schema\/person\/0313802ca5dac502e3266853c59632c0"},"headline":"Fotograficzne \u015bwi\u0119ta \u2013 zaPREZENTuj bliskim emocje zatrzymane w kadrze!","datePublished":"2018-12-12T11:43:22+00:00","dateModified":"2023-06-30T06:47:03+00:00","mainEntityOfPage":{"@id":"https:\/\/www.empikfoto.pl\/blog\/fotograficzne-swieta-zaprezentuj-bliskim-emocje-zatrzymane-kadrze\/"},"wordCount":845,"image":{"@id":"https:\/\/www.empikfoto.pl\/blog\/fotograficzne-swieta-zaprezentuj-bliskim-emocje-zatrzymane-kadrze\/#primaryimage"},"thumbnailUrl":"https:\/\/www.empikfoto.pl\/blog\/empikfoto\/2018\/12\/SELPHY_CP1300_CINC_Tech_021.jpg","articleSection":["INSPIRACJE"],"inLanguage":"pl-PL"},{"@type":"WebPage","@id":"https:\/\/www.empikfoto.pl\/blog\/fotograficzne-swieta-zaprezentuj-bliskim-emocje-zatrzymane-kadrze\/","url":"https:\/\/www.empikfoto.pl\/blog\/fotograficzne-swieta-zaprezentuj-bliskim-emocje-zatrzymane-kadrze\/","name":"Fotograficzne \u015bwi\u0119ta \u2013 zaPREZENTuj bliskim emocje zatrzymane w kadrze","isPartOf":{"@id":"https:\/\/www.empikfoto.pl\/blog\/#website"},"primaryImageOfPage":{"@id":"https:\/\/www.empikfoto.pl\/blog\/fotograficzne-swieta-zaprezentuj-bliskim-emocje-zatrzymane-kadrze\/#primaryimage"},"image":{"@id":"https:\/\/www.empikfoto.pl\/blog\/fotograficzne-swieta-zaprezentuj-bliskim-emocje-zatrzymane-kadrze\/#primaryimage"},"thumbnailUrl":"https:\/\/www.empikfoto.pl\/blog\/empikfoto\/2018\/12\/SELPHY_CP1300_CINC_Tech_021.jpg","datePublished":"2018-12-12T11:43:22+00:00","dateModified":"2023-06-30T06:47:03+00:00","author":{"@id":"https:\/\/www.empikfoto.pl\/blog\/#\/schema\/person\/0313802ca5dac502e3266853c59632c0"},"description":"Cz\u0119sto, mimo za\u017cy\u0142o\u015bci \u0142\u0105cz\u0105cej nas z bliskimi, po prostu brakuje nam pomys\u0142u na podarek. Mo\u017ce wi\u0119c warto na \u015awi\u0119ta sprawi\u0107 najbli\u017cszym aparat?","breadcrumb":{"@id":"https:\/\/www.empikfoto.pl\/blog\/fotograficzne-swieta-zaprezentuj-bliskim-emocje-zatrzymane-kadrze\/#breadcrumb"},"inLanguage":"pl-PL","potentialAction":[{"@type":"ReadAction","target":["https:\/\/www.empikfoto.pl\/blog\/fotograficzne-swieta-zaprezentuj-bliskim-emocje-zatrzymane-kadrze\/"]}]},{"@type":"ImageObject","inLanguage":"pl-PL","@id":"https:\/\/www.empikfoto.pl\/blog\/fotograficzne-swieta-zaprezentuj-bliskim-emocje-zatrzymane-kadrze\/#primaryimage","url":"https:\/\/www.empikfoto.pl\/blog\/empikfoto\/2018\/12\/SELPHY_CP1300_CINC_Tech_021.jpg","contentUrl":"https:\/\/www.empikfoto.pl\/blog\/empikfoto\/2018\/12\/SELPHY_CP1300_CINC_Tech_021.jpg","width":1950,"height":1300},{"@type":"BreadcrumbList","@id":"https:\/\/www.empikfoto.pl\/blog\/fotograficzne-swieta-zaprezentuj-bliskim-emocje-zatrzymane-kadrze\/#breadcrumb","itemListElement":[{"@type":"ListItem","position":1,"name":"Strona g\u0142\u00f3wna","item":"https:\/\/www.empikfoto.pl\/blog\/"},{"@type":"ListItem","position":2,"name":"Fotograficzne \u015bwi\u0119ta \u2013 zaPREZENTuj bliskim emocje zatrzymane w kadrze!"}]},{"@type":"WebSite","@id":"https:\/\/www.empikfoto.pl\/blog\/#website","url":"https:\/\/www.empikfoto.pl\/blog\/","name":"blog.empikfoto.pl","description":"Poznaj empikfoto.pl od \u015brodka! Dowiedz si\u0119 wi\u0119cej o odbitkach, fotoksi\u0105\u017ckach i fotografii.","potentialAction":[{"@type":"SearchAction","target":{"@type":"EntryPoint","urlTemplate":"https:\/\/www.empikfoto.pl\/blog\/?s={search_term_string}"},"query-input":{"@type":"PropertyValueSpecification","valueRequired":true,"valueName":"search_term_string"}}],"inLanguage":"pl-PL"},{"@type":"Person","@id":"https:\/\/www.empikfoto.pl\/blog\/#\/schema\/person\/0313802ca5dac502e3266853c59632c0","name":"Patrycja","image":{"@type":"ImageObject","inLanguage":"pl-PL","@id":"https:\/\/secure.gravatar.com\/avatar\/f25168e12215ad42f58e5fb72881daaeb57bd4f907081046016f64bf167db59f?s=96&d=identicon&r=g","url":"https:\/\/secure.gravatar.com\/avatar\/f25168e12215ad42f58e5fb72881daaeb57bd4f907081046016f64bf167db59f?s=96&d=identicon&r=g","contentUrl":"https:\/\/secure.gravatar.com\/avatar\/f25168e12215ad42f58e5fb72881daaeb57bd4f907081046016f64bf167db59f?s=96&d=identicon&r=g","caption":"Patrycja"},"url":"https:\/\/www.empikfoto.pl\/blog\/author\/patrycja\/"}]}},"amp_enabled":true,"_links":{"self":[{"href":"https:\/\/www.empikfoto.pl\/blog\/wp-json\/wp\/v2\/posts\/8703","targetHints":{"allow":["GET"]}}],"collection":[{"href":"https:\/\/www.empikfoto.pl\/blog\/wp-json\/wp\/v2\/posts"}],"about":[{"href":"https:\/\/www.empikfoto.pl\/blog\/wp-json\/wp\/v2\/types\/post"}],"author":[{"embeddable":true,"href":"https:\/\/www.empikfoto.pl\/blog\/wp-json\/wp\/v2\/users\/16"}],"replies":[{"embeddable":true,"href":"https:\/\/www.empikfoto.pl\/blog\/wp-json\/wp\/v2\/comments?post=8703"}],"version-history":[{"count":2,"href":"https:\/\/www.empikfoto.pl\/blog\/wp-json\/wp\/v2\/posts\/8703\/revisions"}],"predecessor-version":[{"id":8710,"href":"https:\/\/www.empikfoto.pl\/blog\/wp-json\/wp\/v2\/posts\/8703\/revisions\/8710"}],"wp:featuredmedia":[{"embeddable":true,"href":"https:\/\/www.empikfoto.pl\/blog\/wp-json\/wp\/v2\/media\/8708"}],"wp:attachment":[{"href":"https:\/\/www.empikfoto.pl\/blog\/wp-json\/wp\/v2\/media?parent=8703"}],"wp:term":[{"taxonomy":"category","embeddable":true,"href":"https:\/\/www.empikfoto.pl\/blog\/wp-json\/wp\/v2\/categories?post=8703"},{"taxonomy":"post_tag","embeddable":true,"href":"https:\/\/www.empikfoto.pl\/blog\/wp-json\/wp\/v2\/tags?post=8703"}],"curies":[{"name":"wp","href":"https:\/\/api.w.org\/{rel}","templated":true}]}}