{"id":8756,"date":"2019-01-29T15:21:27","date_gmt":"2019-01-29T14:21:27","guid":{"rendered":"https:\/\/blog.empikfoto.pl\/?p=8756"},"modified":"2023-06-30T08:47:01","modified_gmt":"2023-06-30T06:47:01","slug":"baby-shower-sprawic-przyszlej-mamie","status":"publish","type":"post","link":"https:\/\/www.empikfoto.pl\/blog\/baby-shower-sprawic-przyszlej-mamie\/","title":{"rendered":"Baby Shower \u2013 co sprawi\u0107 przysz\u0142ej mamie?"},"content":{"rendered":"<p><b>W naszym kraju coraz popularniejsze staje si\u0119 organizowanie imprez, kt\u00f3rych tradycja przyw\u0119drowa\u0142a do nas z Ameryki. Chodzi oczywi\u015bcie o baby shower \u2013 czyli \u201edeszcz prezent\u00f3w\u201d dla przysz\u0142ej mamy i jej dziecka. Impreza organizowana jest na kilka tygodni przed przyj\u015bciem na \u015bwiat nowego cz\u0142onka rodziny. Zobaczcie, co mo\u017cna sprezentowa\u0107 z tej okazji ci\u0119\u017carnej przyjaci\u00f3\u0142ce!<\/b><\/p>\n<p><span style=\"font-weight: 400;\">Nawet je\u015bli nie by\u0142y\u015bcie wcze\u015bniej na podobnej imprezie, to warto sprawi\u0107 przyjemno\u015b\u0107 kole\u017cance, kt\u00f3ra spodziewa si\u0119 dziecka, i zorganizowa\u0107 dla niej wyj\u0105tkowe przyj\u0119cie. Jest to nie tylko okazja do skompletowania wyprawki dla malucha, ale r\u00f3wnie\u017c \u015bwietna zabawa w gronie przyjaci\u00f3\u0142ek, z dobrym jedzeniem i pomys\u0142owymi grami <\/span><span style=\"font-weight: 400;\">?<\/span><span style=\"font-weight: 400;\"> Nale\u017cy pami\u0119ta\u0107, \u017ce \u015bwie\u017co upieczona mama z pewno\u015bci\u0105 na jaki\u015b czas b\u0119dzie wy\u0142\u0105czona ze spotka\u0144 towarzyskich, dlatego warto spotka\u0107 si\u0119 z ni\u0105 jeszcze przed narodzinami malucha.<\/span><\/p>\n<h3><span style=\"color: #ff6600;\"><b>Co dla dziecka?<\/b><\/span><\/h3>\n<p><img loading=\"lazy\" decoding=\"async\" class=\"aligncenter size-full wp-image-8759\" src=\"https:\/\/blog.empikfoto.pl\/empikfoto\/2019\/01\/empik_flat_1-21-of-44.jpg\" alt=\"\" width=\"2048\" height=\"1463\" srcset=\"https:\/\/www.empikfoto.pl\/blog\/empikfoto\/2019\/01\/empik_flat_1-21-of-44.jpg 2048w, https:\/\/www.empikfoto.pl\/blog\/empikfoto\/2019\/01\/empik_flat_1-21-of-44-300x214.jpg 300w, https:\/\/www.empikfoto.pl\/blog\/empikfoto\/2019\/01\/empik_flat_1-21-of-44-768x549.jpg 768w, https:\/\/www.empikfoto.pl\/blog\/empikfoto\/2019\/01\/empik_flat_1-21-of-44-1024x732.jpg 1024w, https:\/\/www.empikfoto.pl\/blog\/empikfoto\/2019\/01\/empik_flat_1-21-of-44-110x80.jpg 110w, https:\/\/www.empikfoto.pl\/blog\/empikfoto\/2019\/01\/empik_flat_1-21-of-44-400x286.jpg 400w\" sizes=\"auto, (max-width: 2048px) 100vw, 2048px\" \/><\/p>\n<p><span style=\"font-weight: 400;\">Warto wcze\u015bniej skonsultowa\u0107 si\u0119 ze wszystkimi uczestniczkami baby shower i przygotowa\u0107 list\u0119 prezent\u00f3w, kt\u00f3re przydadz\u0105 si\u0119 przysz\u0142ej mamie. Pami\u0119tajcie te\u017c, aby na bie\u017c\u0105co skre\u015bla\u0107 zakupione podarunki, by przypadkiem nie zdublowa\u0107 prezent\u00f3w. W przypadku \u015bpioch\u00f3w czy pieluch z pewno\u015bci\u0105 nie b\u0119dzie to problemem, ale ju\u017c np. podgrzewacz do butelki z pewno\u015bci\u0105 wystarczy jeden <\/span><span style=\"font-weight: 400;\">?<\/span><span style=\"font-weight: 400;\"> Pami\u0119tajcie, \u017ce mo\u017cecie maksymalnie personalizowa\u0107 podarunki. \u015aliniak z napisem \u201edziewczyna jak malina\u201d, body \u201enajpi\u0119kniejszy prezent tatusia\u201d czy \u201e\u015bnie\u017cynka mamusi\u201d z pewno\u015bci\u0105 wywo\u0142a u\u015bmiech na ustach obdarowanej mamy. Mo\u017cecie r\u00f3wnie\u017c przygotowa\u0107 kocyk lub r\u0119cznik z wybranym napisem, cytatem lub z\u0142ot\u0105 my\u015bl\u0105. Pomy\u015blcie te\u017c nad stworzeniem personalizowanej ksi\u0105\u017cki z bajkami dla malucha. Kilka inspiracji znajdziecie <a href=\"https:\/\/blog.empikfoto.pl\/2018\/03\/miedzynarodowy-dzien-ksiazki-dla-dzieci\/\">tutaj<\/a>. <\/span><\/p>\n<h3><span style=\"color: #ff6600;\"><b>Co dla mamy?<\/b><\/span><\/h3>\n<p><img loading=\"lazy\" decoding=\"async\" class=\"aligncenter size-full wp-image-8760\" src=\"https:\/\/blog.empikfoto.pl\/empikfoto\/2019\/01\/empik_flat_2-48-of-64.jpg\" alt=\"\" width=\"2048\" height=\"1365\" srcset=\"https:\/\/www.empikfoto.pl\/blog\/empikfoto\/2019\/01\/empik_flat_2-48-of-64.jpg 2048w, https:\/\/www.empikfoto.pl\/blog\/empikfoto\/2019\/01\/empik_flat_2-48-of-64-300x200.jpg 300w, https:\/\/www.empikfoto.pl\/blog\/empikfoto\/2019\/01\/empik_flat_2-48-of-64-768x512.jpg 768w, https:\/\/www.empikfoto.pl\/blog\/empikfoto\/2019\/01\/empik_flat_2-48-of-64-1024x683.jpg 1024w, https:\/\/www.empikfoto.pl\/blog\/empikfoto\/2019\/01\/empik_flat_2-48-of-64-330x220.jpg 330w, https:\/\/www.empikfoto.pl\/blog\/empikfoto\/2019\/01\/empik_flat_2-48-of-64-400x267.jpg 400w\" sizes=\"auto, (max-width: 2048px) 100vw, 2048px\" \/><\/p>\n<p><span style=\"font-weight: 400;\">Poza ubrankami i akcesoriami dla nowego cz\u0142onka rodziny, warto r\u00f3wnie\u017c sprezentowa\u0107 kilka drobiazg\u00f3w mamie. Najlepiej takich, kt\u00f3re u\u0142atwi\u0105 jej organizacj\u0119 przestrzeni do opieki nad dzieckiem lub b\u0119d\u0105 dodatkiem, kt\u00f3ry umili codzienne czynno\u015bci. Pomys\u0142owy kubek z zabawnym napisem z pewno\u015bci\u0105 podtrzyma na duchu zm\u0119czon\u0105 przyjaci\u00f3\u0142k\u0119, gdy ta o poranku, po nieprzespanej nocy, b\u0119dzie ratowa\u0107 si\u0119 ulubion\u0105 kaw\u0105. Mo\u017cecie r\u00f3wnie\u017c przygotowa\u0107 eko torby z odpowiednimi napisami, kt\u00f3re pomog\u0105 jej pouk\u0142ada\u0107 rzeczy malucha, np. torba na akcesoria do k\u0105pieli, torba na pieluchy, torba na spacer z dzieckiem. Niebanalnym pomys\u0142em b\u0119dzie te\u017c podarowanie przysz\u0142ej mamie pi\u0119knego albumu z drewnian\u0105 ok\u0142adk\u0105. Mo\u017cecie na niej wygrawerowa\u0107 napis Baby Shower oraz dat\u0119 tego spotkania <\/span><span style=\"font-weight: 400;\">?<\/span><span style=\"font-weight: 400;\"> Na pierwszej stronie wpiszcie \u017cyczenia dla przyjaci\u00f3\u0142ki. Na imprezie koniecznie zr\u00f3bcie sobie zdj\u0119cie, kt\u00f3re p\u00f3\u017aniej zostanie tam wklejone. Obdarowana b\u0119dzie mog\u0142a uzupe\u0142nia\u0107 album zdj\u0119ciami swoimi i malucha, oprawi\u0107 je odpowiednim komentarzem, a tak\u017ce wklei\u0107 przedmioty takie jak np. opaska dziecka ze szpitala. Z pewno\u015bci\u0105 b\u0119dzie to pami\u0105tka na d\u0142ugie lata <\/span><span style=\"font-weight: 400;\">?<\/span><\/p>\n<h3><span style=\"color: #ff6600;\"><b>Co poza prezentami?<\/b><\/span><\/h3>\n<p><img loading=\"lazy\" decoding=\"async\" class=\"aligncenter size-full wp-image-8757\" src=\"https:\/\/blog.empikfoto.pl\/empikfoto\/2019\/01\/Fotolia_62185466_Subscription_Monthly_XXL.jpg\" alt=\"\" width=\"5184\" height=\"3456\" srcset=\"https:\/\/www.empikfoto.pl\/blog\/empikfoto\/2019\/01\/Fotolia_62185466_Subscription_Monthly_XXL.jpg 5184w, https:\/\/www.empikfoto.pl\/blog\/empikfoto\/2019\/01\/Fotolia_62185466_Subscription_Monthly_XXL-300x200.jpg 300w, https:\/\/www.empikfoto.pl\/blog\/empikfoto\/2019\/01\/Fotolia_62185466_Subscription_Monthly_XXL-768x512.jpg 768w, https:\/\/www.empikfoto.pl\/blog\/empikfoto\/2019\/01\/Fotolia_62185466_Subscription_Monthly_XXL-1024x683.jpg 1024w, https:\/\/www.empikfoto.pl\/blog\/empikfoto\/2019\/01\/Fotolia_62185466_Subscription_Monthly_XXL-330x220.jpg 330w, https:\/\/www.empikfoto.pl\/blog\/empikfoto\/2019\/01\/Fotolia_62185466_Subscription_Monthly_XXL-400x267.jpg 400w\" sizes=\"auto, (max-width: 5184px) 100vw, 5184px\" \/><\/p>\n<p><span style=\"font-weight: 400;\">Pami\u0119tajcie tak\u017ce, aby odpowiednio zadba\u0107 o wystr\u00f3j podczas takiej imprezy. Niebieskie lub r\u00f3\u017cowe balony, babeczki, makaroniki oraz inne s\u0142odycze w podobnym kolorze z pewno\u015bci\u0105 umil\u0105 Wam to spotkanie. Zadbajcie r\u00f3wnie\u017c o kolorowe (i oczywi\u015bcie bezalkoholowe) drinki oraz odpowiednie gry i zabawy. Pami\u0119tajcie, \u017ce ma to by\u0107 dzie\u0144 Waszej kole\u017canki, przygotujcie go wi\u0119c tak, aby d\u0142ugo wspomina\u0142a sw\u00f3j baby shower <\/span><span style=\"font-weight: 400;\">?<\/span><\/p>\n<p><b>Po wi\u0119cej inspiracji na personalizowane prezenty dla malucha i przysz\u0142ej mamy zapraszamy na stron\u0119 <a href=\"https:\/\/www.empikfoto.pl\/\">EmpikFoto<\/a>.<\/b><\/p>\n","protected":false},"excerpt":{"rendered":"<p>W naszym kraju coraz popularniejsze staje si\u0119 organizowanie imprez, kt\u00f3rych tradycja przyw\u0119drowa\u0142a do nas z Ameryki. Chodzi oczywi\u015bcie o baby shower \u2013 czyli \u201edeszcz prezent\u00f3w\u201d dla przysz\u0142ej mamy i jej dziecka. Impreza organizowana jest na kilka tygodni przed przyj\u015bciem na \u015bwiat nowego cz\u0142onka rodziny. Zobaczcie, co mo\u017cna sprezentowa\u0107 z tej okazji ci\u0119\u017carnej przyjaci\u00f3\u0142ce! Nawet je\u015bli nie by\u0142y\u015bcie wcze\u015bniej na podobnej imprezie, to warto sprawi\u0107 przyjemno\u015b\u0107 kole\u017cance, kt\u00f3ra spodziewa si\u0119 dziecka, i zorganizowa\u0107 dla niej wyj\u0105tkowe przyj\u0119cie. Jest to nie tylko okazja do skompletowania wyprawki dla malucha, ale r\u00f3wnie\u017c \u015bwietna zabawa w gronie przyjaci\u00f3\u0142ek, z dobrym jedzeniem i pomys\u0142owymi grami ? Nale\u017cy pami\u0119ta\u0107, \u017ce \u015bwie\u017co upieczona mama z pewno\u015bci\u0105 na jaki\u015b czas b\u0119dzie wy\u0142\u0105czona ze spotka\u0144 towarzyskich, dlatego warto spotka\u0107 si\u0119 z ni\u0105 jeszcze przed narodzinami malucha. Co dla dziecka? Warto wcze\u015bniej skonsultowa\u0107 si\u0119 ze wszystkimi uczestniczkami baby shower i przygotowa\u0107 list\u0119 prezent\u00f3w, kt\u00f3re przydadz\u0105 si\u0119 przysz\u0142ej mamie. Pami\u0119tajcie te\u017c, aby na bie\u017c\u0105co skre\u015bla\u0107 zakupione podarunki, by przypadkiem nie zdublowa\u0107 prezent\u00f3w. W przypadku \u015bpioch\u00f3w czy pieluch z pewno\u015bci\u0105 nie b\u0119dzie to problemem, ale ju\u017c np. podgrzewacz do butelki z pewno\u015bci\u0105 wystarczy jeden ? Pami\u0119tajcie, \u017ce mo\u017cecie maksymalnie personalizowa\u0107 podarunki. \u015aliniak z napisem \u201edziewczyna jak malina\u201d, body \u201enajpi\u0119kniejszy prezent tatusia\u201d czy \u201e\u015bnie\u017cynka mamusi\u201d z pewno\u015bci\u0105 wywo\u0142a u\u015bmiech na ustach obdarowanej mamy. Mo\u017cecie r\u00f3wnie\u017c przygotowa\u0107 kocyk lub r\u0119cznik z wybranym napisem, cytatem lub z\u0142ot\u0105 my\u015bl\u0105. Pomy\u015blcie te\u017c nad stworzeniem personalizowanej ksi\u0105\u017cki z bajkami dla malucha. Kilka inspiracji znajdziecie tutaj. Co dla mamy? Poza ubrankami i akcesoriami dla nowego cz\u0142onka rodziny, warto r\u00f3wnie\u017c sprezentowa\u0107 kilka drobiazg\u00f3w mamie. Najlepiej takich, kt\u00f3re u\u0142atwi\u0105 jej organizacj\u0119 przestrzeni do opieki nad dzieckiem lub b\u0119d\u0105 dodatkiem, kt\u00f3ry umili codzienne czynno\u015bci. Pomys\u0142owy kubek z zabawnym napisem z pewno\u015bci\u0105 podtrzyma na duchu zm\u0119czon\u0105 przyjaci\u00f3\u0142k\u0119, gdy ta o poranku, po nieprzespanej nocy, b\u0119dzie ratowa\u0107 si\u0119 ulubion\u0105 kaw\u0105. Mo\u017cecie r\u00f3wnie\u017c przygotowa\u0107 eko torby z odpowiednimi napisami, kt\u00f3re pomog\u0105 jej pouk\u0142ada\u0107 rzeczy malucha, np. torba na akcesoria do k\u0105pieli, torba na pieluchy, torba na spacer z dzieckiem. Niebanalnym pomys\u0142em b\u0119dzie te\u017c podarowanie przysz\u0142ej mamie pi\u0119knego albumu z drewnian\u0105 ok\u0142adk\u0105. Mo\u017cecie na niej wygrawerowa\u0107 napis Baby Shower oraz dat\u0119 tego spotkania ? Na pierwszej stronie wpiszcie \u017cyczenia dla przyjaci\u00f3\u0142ki. Na imprezie koniecznie zr\u00f3bcie sobie zdj\u0119cie, kt\u00f3re p\u00f3\u017aniej zostanie tam wklejone. Obdarowana b\u0119dzie mog\u0142a uzupe\u0142nia\u0107 album zdj\u0119ciami swoimi i malucha, oprawi\u0107 je odpowiednim komentarzem, a tak\u017ce wklei\u0107 przedmioty takie jak np. opaska dziecka ze szpitala. Z pewno\u015bci\u0105 b\u0119dzie to pami\u0105tka na d\u0142ugie lata ? Co poza prezentami? Pami\u0119tajcie tak\u017ce, aby odpowiednio zadba\u0107 o wystr\u00f3j podczas takiej imprezy. Niebieskie lub r\u00f3\u017cowe balony, babeczki, makaroniki oraz inne s\u0142odycze w podobnym kolorze z pewno\u015bci\u0105 umil\u0105 Wam to spotkanie. Zadbajcie r\u00f3wnie\u017c o kolorowe (i oczywi\u015bcie bezalkoholowe) drinki oraz odpowiednie gry i zabawy. Pami\u0119tajcie, \u017ce ma to by\u0107 dzie\u0144 Waszej kole\u017canki, przygotujcie go wi\u0119c tak, aby d\u0142ugo wspomina\u0142a sw\u00f3j baby shower ? Po wi\u0119cej inspiracji na personalizowane prezenty dla malucha i przysz\u0142ej mamy zapraszamy na stron\u0119 EmpikFoto.<\/p>\n","protected":false},"author":16,"featured_media":8758,"comment_status":"closed","ping_status":"closed","sticky":true,"template":"","format":"standard","meta":{"footnotes":""},"categories":[786],"tags":[],"class_list":["post-8756","post","type-post","status-publish","format-standard","has-post-thumbnail","hentry","category-inspiracje"],"yoast_head":"<!-- This site is optimized with the Yoast SEO plugin v27.5 - https:\/\/yoast.com\/product\/yoast-seo-wordpress\/ -->\n<title>Baby Shower \u2013 co sprawi\u0107 przysz\u0142ej mamie? | blog.empikfoto.pl<\/title>\n<meta name=\"description\" content=\"Baby shower organizowane jest przed przyj\u015bciem na \u015bwiat nowego cz\u0142onka rodziny. Zobaczcie, co mo\u017cna sprezentowa\u0107 z tej okazji ci\u0119\u017carnej przyjaci\u00f3\u0142ce!\" \/>\n<meta name=\"robots\" content=\"index, follow, max-snippet:-1, max-image-preview:large, max-video-preview:-1\" \/>\n<link rel=\"canonical\" href=\"https:\/\/www.empikfoto.pl\/blog\/baby-shower-sprawic-przyszlej-mamie\/\" \/>\n<meta property=\"og:locale\" content=\"pl_PL\" \/>\n<meta property=\"og:type\" content=\"article\" \/>\n<meta property=\"og:title\" content=\"Baby Shower \u2013 co sprawi\u0107 przysz\u0142ej mamie? | blog.empikfoto.pl\" \/>\n<meta property=\"og:description\" content=\"Baby shower organizowane jest przed przyj\u015bciem na \u015bwiat nowego cz\u0142onka rodziny. Zobaczcie, co mo\u017cna sprezentowa\u0107 z tej okazji ci\u0119\u017carnej przyjaci\u00f3\u0142ce!\" \/>\n<meta property=\"og:url\" content=\"https:\/\/www.empikfoto.pl\/blog\/baby-shower-sprawic-przyszlej-mamie\/\" \/>\n<meta property=\"og:site_name\" content=\"blog.empikfoto.pl\" \/>\n<meta property=\"article:publisher\" content=\"https:\/\/www.facebook.com\/empikfotopl\/\" \/>\n<meta property=\"article:published_time\" content=\"2019-01-29T14:21:27+00:00\" \/>\n<meta property=\"article:modified_time\" content=\"2023-06-30T06:47:01+00:00\" \/>\n<meta property=\"og:image\" content=\"https:\/\/www.empikfoto.pl\/blog\/empikfoto\/2019\/01\/Fotolia_240474154_Subscription_Monthly_XXL-1024x683.jpg\" \/>\n\t<meta property=\"og:image:width\" content=\"1024\" \/>\n\t<meta property=\"og:image:height\" content=\"683\" \/>\n\t<meta property=\"og:image:type\" content=\"image\/jpeg\" \/>\n<meta name=\"author\" content=\"Patrycja\" \/>\n<meta name=\"twitter:card\" content=\"summary_large_image\" \/>\n<meta name=\"twitter:creator\" content=\"@empikfoto\" \/>\n<meta name=\"twitter:site\" content=\"@empikfoto\" \/>\n<meta name=\"twitter:label1\" content=\"Napisane przez\" \/>\n\t<meta name=\"twitter:data1\" content=\"Patrycja\" \/>\n\t<meta name=\"twitter:label2\" content=\"Szacowany czas czytania\" \/>\n\t<meta name=\"twitter:data2\" content=\"3 minuty\" \/>\n<script type=\"application\/ld+json\" class=\"yoast-schema-graph\">{\"@context\":\"https:\\\/\\\/schema.org\",\"@graph\":[{\"@type\":\"Article\",\"@id\":\"https:\\\/\\\/www.empikfoto.pl\\\/blog\\\/baby-shower-sprawic-przyszlej-mamie\\\/#article\",\"isPartOf\":{\"@id\":\"https:\\\/\\\/www.empikfoto.pl\\\/blog\\\/baby-shower-sprawic-przyszlej-mamie\\\/\"},\"author\":{\"name\":\"Patrycja\",\"@id\":\"https:\\\/\\\/www.empikfoto.pl\\\/blog\\\/#\\\/schema\\\/person\\\/0313802ca5dac502e3266853c59632c0\"},\"headline\":\"Baby Shower \u2013 co sprawi\u0107 przysz\u0142ej mamie?\",\"datePublished\":\"2019-01-29T14:21:27+00:00\",\"dateModified\":\"2023-06-30T06:47:01+00:00\",\"mainEntityOfPage\":{\"@id\":\"https:\\\/\\\/www.empikfoto.pl\\\/blog\\\/baby-shower-sprawic-przyszlej-mamie\\\/\"},\"wordCount\":585,\"image\":{\"@id\":\"https:\\\/\\\/www.empikfoto.pl\\\/blog\\\/baby-shower-sprawic-przyszlej-mamie\\\/#primaryimage\"},\"thumbnailUrl\":\"https:\\\/\\\/www.empikfoto.pl\\\/blog\\\/empikfoto\\\/2019\\\/01\\\/Fotolia_240474154_Subscription_Monthly_XXL.jpg\",\"articleSection\":[\"INSPIRACJE\"],\"inLanguage\":\"pl-PL\"},{\"@type\":\"WebPage\",\"@id\":\"https:\\\/\\\/www.empikfoto.pl\\\/blog\\\/baby-shower-sprawic-przyszlej-mamie\\\/\",\"url\":\"https:\\\/\\\/www.empikfoto.pl\\\/blog\\\/baby-shower-sprawic-przyszlej-mamie\\\/\",\"name\":\"Baby Shower \u2013 co sprawi\u0107 przysz\u0142ej mamie? | blog.empikfoto.pl\",\"isPartOf\":{\"@id\":\"https:\\\/\\\/www.empikfoto.pl\\\/blog\\\/#website\"},\"primaryImageOfPage\":{\"@id\":\"https:\\\/\\\/www.empikfoto.pl\\\/blog\\\/baby-shower-sprawic-przyszlej-mamie\\\/#primaryimage\"},\"image\":{\"@id\":\"https:\\\/\\\/www.empikfoto.pl\\\/blog\\\/baby-shower-sprawic-przyszlej-mamie\\\/#primaryimage\"},\"thumbnailUrl\":\"https:\\\/\\\/www.empikfoto.pl\\\/blog\\\/empikfoto\\\/2019\\\/01\\\/Fotolia_240474154_Subscription_Monthly_XXL.jpg\",\"datePublished\":\"2019-01-29T14:21:27+00:00\",\"dateModified\":\"2023-06-30T06:47:01+00:00\",\"author\":{\"@id\":\"https:\\\/\\\/www.empikfoto.pl\\\/blog\\\/#\\\/schema\\\/person\\\/0313802ca5dac502e3266853c59632c0\"},\"description\":\"Baby shower organizowane jest przed przyj\u015bciem na \u015bwiat nowego cz\u0142onka rodziny. Zobaczcie, co mo\u017cna sprezentowa\u0107 z tej okazji ci\u0119\u017carnej przyjaci\u00f3\u0142ce!\",\"breadcrumb\":{\"@id\":\"https:\\\/\\\/www.empikfoto.pl\\\/blog\\\/baby-shower-sprawic-przyszlej-mamie\\\/#breadcrumb\"},\"inLanguage\":\"pl-PL\",\"potentialAction\":[{\"@type\":\"ReadAction\",\"target\":[\"https:\\\/\\\/www.empikfoto.pl\\\/blog\\\/baby-shower-sprawic-przyszlej-mamie\\\/\"]}]},{\"@type\":\"ImageObject\",\"inLanguage\":\"pl-PL\",\"@id\":\"https:\\\/\\\/www.empikfoto.pl\\\/blog\\\/baby-shower-sprawic-przyszlej-mamie\\\/#primaryimage\",\"url\":\"https:\\\/\\\/www.empikfoto.pl\\\/blog\\\/empikfoto\\\/2019\\\/01\\\/Fotolia_240474154_Subscription_Monthly_XXL.jpg\",\"contentUrl\":\"https:\\\/\\\/www.empikfoto.pl\\\/blog\\\/empikfoto\\\/2019\\\/01\\\/Fotolia_240474154_Subscription_Monthly_XXL.jpg\",\"width\":5184,\"height\":3456},{\"@type\":\"BreadcrumbList\",\"@id\":\"https:\\\/\\\/www.empikfoto.pl\\\/blog\\\/baby-shower-sprawic-przyszlej-mamie\\\/#breadcrumb\",\"itemListElement\":[{\"@type\":\"ListItem\",\"position\":1,\"name\":\"Strona g\u0142\u00f3wna\",\"item\":\"https:\\\/\\\/www.empikfoto.pl\\\/blog\\\/\"},{\"@type\":\"ListItem\",\"position\":2,\"name\":\"Baby Shower \u2013 co sprawi\u0107 przysz\u0142ej mamie?\"}]},{\"@type\":\"WebSite\",\"@id\":\"https:\\\/\\\/www.empikfoto.pl\\\/blog\\\/#website\",\"url\":\"https:\\\/\\\/www.empikfoto.pl\\\/blog\\\/\",\"name\":\"blog.empikfoto.pl\",\"description\":\"Poznaj empikfoto.pl od \u015brodka! Dowiedz si\u0119 wi\u0119cej o odbitkach, fotoksi\u0105\u017ckach i fotografii.\",\"potentialAction\":[{\"@type\":\"SearchAction\",\"target\":{\"@type\":\"EntryPoint\",\"urlTemplate\":\"https:\\\/\\\/www.empikfoto.pl\\\/blog\\\/?s={search_term_string}\"},\"query-input\":{\"@type\":\"PropertyValueSpecification\",\"valueRequired\":true,\"valueName\":\"search_term_string\"}}],\"inLanguage\":\"pl-PL\"},{\"@type\":\"Person\",\"@id\":\"https:\\\/\\\/www.empikfoto.pl\\\/blog\\\/#\\\/schema\\\/person\\\/0313802ca5dac502e3266853c59632c0\",\"name\":\"Patrycja\",\"image\":{\"@type\":\"ImageObject\",\"inLanguage\":\"pl-PL\",\"@id\":\"https:\\\/\\\/secure.gravatar.com\\\/avatar\\\/f25168e12215ad42f58e5fb72881daaeb57bd4f907081046016f64bf167db59f?s=96&d=identicon&r=g\",\"url\":\"https:\\\/\\\/secure.gravatar.com\\\/avatar\\\/f25168e12215ad42f58e5fb72881daaeb57bd4f907081046016f64bf167db59f?s=96&d=identicon&r=g\",\"contentUrl\":\"https:\\\/\\\/secure.gravatar.com\\\/avatar\\\/f25168e12215ad42f58e5fb72881daaeb57bd4f907081046016f64bf167db59f?s=96&d=identicon&r=g\",\"caption\":\"Patrycja\"},\"url\":\"https:\\\/\\\/www.empikfoto.pl\\\/blog\\\/author\\\/patrycja\\\/\"}]}<\/script>\n<!-- \/ Yoast SEO plugin. -->","yoast_head_json":{"title":"Baby Shower \u2013 co sprawi\u0107 przysz\u0142ej mamie? | blog.empikfoto.pl","description":"Baby shower organizowane jest przed przyj\u015bciem na \u015bwiat nowego cz\u0142onka rodziny. Zobaczcie, co mo\u017cna sprezentowa\u0107 z tej okazji ci\u0119\u017carnej przyjaci\u00f3\u0142ce!","robots":{"index":"index","follow":"follow","max-snippet":"max-snippet:-1","max-image-preview":"max-image-preview:large","max-video-preview":"max-video-preview:-1"},"canonical":"https:\/\/www.empikfoto.pl\/blog\/baby-shower-sprawic-przyszlej-mamie\/","og_locale":"pl_PL","og_type":"article","og_title":"Baby Shower \u2013 co sprawi\u0107 przysz\u0142ej mamie? | blog.empikfoto.pl","og_description":"Baby shower organizowane jest przed przyj\u015bciem na \u015bwiat nowego cz\u0142onka rodziny. Zobaczcie, co mo\u017cna sprezentowa\u0107 z tej okazji ci\u0119\u017carnej przyjaci\u00f3\u0142ce!","og_url":"https:\/\/www.empikfoto.pl\/blog\/baby-shower-sprawic-przyszlej-mamie\/","og_site_name":"blog.empikfoto.pl","article_publisher":"https:\/\/www.facebook.com\/empikfotopl\/","article_published_time":"2019-01-29T14:21:27+00:00","article_modified_time":"2023-06-30T06:47:01+00:00","og_image":[{"width":1024,"height":683,"url":"https:\/\/www.empikfoto.pl\/blog\/empikfoto\/2019\/01\/Fotolia_240474154_Subscription_Monthly_XXL-1024x683.jpg","type":"image\/jpeg"}],"author":"Patrycja","twitter_card":"summary_large_image","twitter_creator":"@empikfoto","twitter_site":"@empikfoto","twitter_misc":{"Napisane przez":"Patrycja","Szacowany czas czytania":"3 minuty"},"schema":{"@context":"https:\/\/schema.org","@graph":[{"@type":"Article","@id":"https:\/\/www.empikfoto.pl\/blog\/baby-shower-sprawic-przyszlej-mamie\/#article","isPartOf":{"@id":"https:\/\/www.empikfoto.pl\/blog\/baby-shower-sprawic-przyszlej-mamie\/"},"author":{"name":"Patrycja","@id":"https:\/\/www.empikfoto.pl\/blog\/#\/schema\/person\/0313802ca5dac502e3266853c59632c0"},"headline":"Baby Shower \u2013 co sprawi\u0107 przysz\u0142ej mamie?","datePublished":"2019-01-29T14:21:27+00:00","dateModified":"2023-06-30T06:47:01+00:00","mainEntityOfPage":{"@id":"https:\/\/www.empikfoto.pl\/blog\/baby-shower-sprawic-przyszlej-mamie\/"},"wordCount":585,"image":{"@id":"https:\/\/www.empikfoto.pl\/blog\/baby-shower-sprawic-przyszlej-mamie\/#primaryimage"},"thumbnailUrl":"https:\/\/www.empikfoto.pl\/blog\/empikfoto\/2019\/01\/Fotolia_240474154_Subscription_Monthly_XXL.jpg","articleSection":["INSPIRACJE"],"inLanguage":"pl-PL"},{"@type":"WebPage","@id":"https:\/\/www.empikfoto.pl\/blog\/baby-shower-sprawic-przyszlej-mamie\/","url":"https:\/\/www.empikfoto.pl\/blog\/baby-shower-sprawic-przyszlej-mamie\/","name":"Baby Shower \u2013 co sprawi\u0107 przysz\u0142ej mamie? | blog.empikfoto.pl","isPartOf":{"@id":"https:\/\/www.empikfoto.pl\/blog\/#website"},"primaryImageOfPage":{"@id":"https:\/\/www.empikfoto.pl\/blog\/baby-shower-sprawic-przyszlej-mamie\/#primaryimage"},"image":{"@id":"https:\/\/www.empikfoto.pl\/blog\/baby-shower-sprawic-przyszlej-mamie\/#primaryimage"},"thumbnailUrl":"https:\/\/www.empikfoto.pl\/blog\/empikfoto\/2019\/01\/Fotolia_240474154_Subscription_Monthly_XXL.jpg","datePublished":"2019-01-29T14:21:27+00:00","dateModified":"2023-06-30T06:47:01+00:00","author":{"@id":"https:\/\/www.empikfoto.pl\/blog\/#\/schema\/person\/0313802ca5dac502e3266853c59632c0"},"description":"Baby shower organizowane jest przed przyj\u015bciem na \u015bwiat nowego cz\u0142onka rodziny. Zobaczcie, co mo\u017cna sprezentowa\u0107 z tej okazji ci\u0119\u017carnej przyjaci\u00f3\u0142ce!","breadcrumb":{"@id":"https:\/\/www.empikfoto.pl\/blog\/baby-shower-sprawic-przyszlej-mamie\/#breadcrumb"},"inLanguage":"pl-PL","potentialAction":[{"@type":"ReadAction","target":["https:\/\/www.empikfoto.pl\/blog\/baby-shower-sprawic-przyszlej-mamie\/"]}]},{"@type":"ImageObject","inLanguage":"pl-PL","@id":"https:\/\/www.empikfoto.pl\/blog\/baby-shower-sprawic-przyszlej-mamie\/#primaryimage","url":"https:\/\/www.empikfoto.pl\/blog\/empikfoto\/2019\/01\/Fotolia_240474154_Subscription_Monthly_XXL.jpg","contentUrl":"https:\/\/www.empikfoto.pl\/blog\/empikfoto\/2019\/01\/Fotolia_240474154_Subscription_Monthly_XXL.jpg","width":5184,"height":3456},{"@type":"BreadcrumbList","@id":"https:\/\/www.empikfoto.pl\/blog\/baby-shower-sprawic-przyszlej-mamie\/#breadcrumb","itemListElement":[{"@type":"ListItem","position":1,"name":"Strona g\u0142\u00f3wna","item":"https:\/\/www.empikfoto.pl\/blog\/"},{"@type":"ListItem","position":2,"name":"Baby Shower \u2013 co sprawi\u0107 przysz\u0142ej mamie?"}]},{"@type":"WebSite","@id":"https:\/\/www.empikfoto.pl\/blog\/#website","url":"https:\/\/www.empikfoto.pl\/blog\/","name":"blog.empikfoto.pl","description":"Poznaj empikfoto.pl od \u015brodka! Dowiedz si\u0119 wi\u0119cej o odbitkach, fotoksi\u0105\u017ckach i fotografii.","potentialAction":[{"@type":"SearchAction","target":{"@type":"EntryPoint","urlTemplate":"https:\/\/www.empikfoto.pl\/blog\/?s={search_term_string}"},"query-input":{"@type":"PropertyValueSpecification","valueRequired":true,"valueName":"search_term_string"}}],"inLanguage":"pl-PL"},{"@type":"Person","@id":"https:\/\/www.empikfoto.pl\/blog\/#\/schema\/person\/0313802ca5dac502e3266853c59632c0","name":"Patrycja","image":{"@type":"ImageObject","inLanguage":"pl-PL","@id":"https:\/\/secure.gravatar.com\/avatar\/f25168e12215ad42f58e5fb72881daaeb57bd4f907081046016f64bf167db59f?s=96&d=identicon&r=g","url":"https:\/\/secure.gravatar.com\/avatar\/f25168e12215ad42f58e5fb72881daaeb57bd4f907081046016f64bf167db59f?s=96&d=identicon&r=g","contentUrl":"https:\/\/secure.gravatar.com\/avatar\/f25168e12215ad42f58e5fb72881daaeb57bd4f907081046016f64bf167db59f?s=96&d=identicon&r=g","caption":"Patrycja"},"url":"https:\/\/www.empikfoto.pl\/blog\/author\/patrycja\/"}]}},"amp_enabled":true,"_links":{"self":[{"href":"https:\/\/www.empikfoto.pl\/blog\/wp-json\/wp\/v2\/posts\/8756","targetHints":{"allow":["GET"]}}],"collection":[{"href":"https:\/\/www.empikfoto.pl\/blog\/wp-json\/wp\/v2\/posts"}],"about":[{"href":"https:\/\/www.empikfoto.pl\/blog\/wp-json\/wp\/v2\/types\/post"}],"author":[{"embeddable":true,"href":"https:\/\/www.empikfoto.pl\/blog\/wp-json\/wp\/v2\/users\/16"}],"replies":[{"embeddable":true,"href":"https:\/\/www.empikfoto.pl\/blog\/wp-json\/wp\/v2\/comments?post=8756"}],"version-history":[{"count":1,"href":"https:\/\/www.empikfoto.pl\/blog\/wp-json\/wp\/v2\/posts\/8756\/revisions"}],"predecessor-version":[{"id":8761,"href":"https:\/\/www.empikfoto.pl\/blog\/wp-json\/wp\/v2\/posts\/8756\/revisions\/8761"}],"wp:featuredmedia":[{"embeddable":true,"href":"https:\/\/www.empikfoto.pl\/blog\/wp-json\/wp\/v2\/media\/8758"}],"wp:attachment":[{"href":"https:\/\/www.empikfoto.pl\/blog\/wp-json\/wp\/v2\/media?parent=8756"}],"wp:term":[{"taxonomy":"category","embeddable":true,"href":"https:\/\/www.empikfoto.pl\/blog\/wp-json\/wp\/v2\/categories?post=8756"},{"taxonomy":"post_tag","embeddable":true,"href":"https:\/\/www.empikfoto.pl\/blog\/wp-json\/wp\/v2\/tags?post=8756"}],"curies":[{"name":"wp","href":"https:\/\/api.w.org\/{rel}","templated":true}]}}