{"id":8913,"date":"2019-06-03T13:12:49","date_gmt":"2019-06-03T11:12:49","guid":{"rendered":"https:\/\/blog.empikfoto.pl\/?p=8913"},"modified":"2023-08-08T15:56:09","modified_gmt":"2023-08-08T13:56:09","slug":"pierwszy-dzien-ojca-pomysly-prezent-niemowlaka","status":"publish","type":"post","link":"https:\/\/www.empikfoto.pl\/blog\/pierwszy-dzien-ojca-pomysly-prezent-niemowlaka\/","title":{"rendered":"Prezent na Dzie\u0144 Ojca od niemowlaka &#8211; pomys\u0142y"},"content":{"rendered":"<p><b>Je\u015bli 23 czerwca tw\u00f3j partner b\u0119dzie po raz pierwszy \u015bwi\u0119towa\u0142 Dzie\u0144 Ojca, warto sprawi\u0107, by by\u0142 dla niego wyj\u0105tkowy! W imieniu Waszego dziecka, albo z jego pomoc\u0105, przygotuj prezent na Dzie\u0144 Ojca od niemowlaka.<\/b><b>\u00a0Jest to chyba jedna z niewielu okazji, kiedy nawet najwi\u0119kszemu twardzielowi zakr\u0119ci si\u0119 \u0142ezka w oku. Zobacz wi\u0119c, co najlepiej sprezentowa\u0107 \u015bwie\u017co upieczonemu tacie!<\/b><\/p>\n<p><!--more--><\/p>\n<h2><b>Pierwsze zdj\u0119cie z tat\u0105!<\/b><\/h2>\n<p><span style=\"font-weight: 400;\">Na t\u0119 okazj\u0119 zdecydowanie najlepszy b\u0119dzie podarunek personalizowany. Je\u015bli masz ju\u017c pi\u0119kne zdj\u0119cie malucha z tat\u0105, to warto postawi\u0107 na <a href=\"https:\/\/www.empikfoto.pl\/wystroj-wnetrz\/fotoobrazy\"><strong>fotoobraz<\/strong><\/a>. Wyj\u0105tkowa ozdoba z pewno\u015bci\u0105 trafi na honorowe miejsce w domu. Je\u015bli nie mo\u017cesz zdecydowa\u0107 si\u0119 na odpowiednie zdj\u0119cie \u2013 nie ma problemu. Zr\u00f3b kola\u017c! Na Empik Foto mo\u017cesz skorzysta\u0107 z gotowych szablon\u00f3w lub zrobi\u0107 sw\u00f3j z wykorzystaniem licznych ramek, clipart\u00f3w oraz ozd\u00f3b. Taki prezent z pewno\u015bci\u0105 b\u0119dzie strza\u0142em w dziesi\u0105tk\u0119!<\/span><\/p>\n<h2><b>Prezent dla \u017ceglarza<\/b><\/h2>\n<p><img loading=\"lazy\" decoding=\"async\" class=\"wp-image-8915 aligncenter\" src=\"https:\/\/blog.empikfoto.pl\/empikfoto\/2019\/06\/Empikfoto_packshot_39-1024x961.jpg\" alt=\"\" width=\"600\" height=\"563\" srcset=\"https:\/\/www.empikfoto.pl\/blog\/empikfoto\/2019\/06\/Empikfoto_packshot_39-1024x961.jpg 1024w, https:\/\/www.empikfoto.pl\/blog\/empikfoto\/2019\/06\/Empikfoto_packshot_39-300x281.jpg 300w, https:\/\/www.empikfoto.pl\/blog\/empikfoto\/2019\/06\/Empikfoto_packshot_39-768x720.jpg 768w, https:\/\/www.empikfoto.pl\/blog\/empikfoto\/2019\/06\/Empikfoto_packshot_39-400x375.jpg 400w\" sizes=\"auto, (max-width: 600px) 100vw, 600px\" \/><\/p>\n<p><span style=\"font-weight: 400;\">Je\u015bli Tw\u00f3j m\u0119\u017cczyzna jest mi\u0142o\u015bnikiem \u017ceglarstwa (lub ma inne hobby), to mo\u017cesz zar\u00f3wno jemu, jak i maluchowi sprezentowa\u0107 podobne koszulki <\/span><span style=\"font-weight: 400;\">?<\/span><span style=\"font-weight: 400;\"> Dla taty zaprojektuj tak\u0105 z napisem KAPITAN, natomiast dla dziecka body z napisem MAJTEK. Dodaj clipart kotwicy lub kapita\u0144skiego ko\u0142a i voil\u00e0! Prezent gotowy. Popu\u015b\u0107 wodze fantazji i dopasuj tre\u015b\u0107 koszulki do zainteresowa\u0144 taty \u2013 dla informatyka zr\u00f3b napisy Ctr+C i Ctr+V, dla mi\u0142o\u015bnika s\u0142odyczy CIACHO i CIASTECZKO, a w przypadku amatora fotografii TATA OBIEKTYW i NIEZ\u0141A APARATKA. Tata i maluch z pewno\u015bci\u0105 b\u0119d\u0105 si\u0119 wspaniale prezentowa\u0107 na wsp\u00f3lnym spacerze w pasuj\u0105cych do siebie koszulkach i body.<\/span><\/p>\n<h2><b>Podarunek dla zapracowanego taty<\/b><\/h2>\n<p><span style=\"font-weight: 400;\">Je\u015bli praca twojego partnera polega, w du\u017cej mierze, na przebywaniu w biurze, to z pewno\u015bci\u0105 ucieszy si\u0119 z pi\u0119knie oprawionej fotografii, kt\u00f3r\u0105 b\u0119dzie m\u00f3g\u0142 ustawi\u0107 na swoim biurku. Warto zastanowi\u0107 si\u0119 nad<strong> drewnian\u0105 ramk\u0105<\/strong>. B\u0119dzie nie tylko elegancko prezentuj\u0105cym si\u0119 upominkiem, ale mo\u017cesz r\u00f3wnie\u017c na niej wygrawerowa\u0107 dowolny napis, np. Kochanemu Tacie, Anto\u015b. Tak pi\u0119knie oprawione zdj\u0119cie wywo\u0142a u\u015bmiech na twarzy m\u0119\u017cczyzny, za ka\u017cdym razem, kiedy na nie spojrzy.<\/span><\/p>\n<h2><b>Najwi\u0119kszy fan taty\u2026<\/b><\/h2>\n<p><span style=\"font-weight: 400;\">\u2026to z pewno\u015bci\u0105 jego maluch. <\/span><span style=\"font-weight: 400;\">Je\u015bli \u015bwie\u017co upieczony tata posiada kolekcj\u0119 plakat\u00f3w swoich ulubionych zespo\u0142\u00f3w lub wokalist\u00f3w, to z przyjemno\u015bci\u0105 do\u0142\u0105czy do nich ten z najlepszym tat\u0105 na \u015bwiecie! Na Empik Foto mo\u017cesz przygotowa\u0107 <a href=\"https:\/\/www.empikfoto.pl\/wystroj-wnetrz\/fotoplakaty\"><strong>plakat z wybranego zdj\u0119cia lub grafiki<\/strong><\/a>. Dodaj odpowiedni napis stylizowany na ulubiony gatunek muzyczny i opraw go w antyram\u0119. W ten spos\u00f3b zamienisz ulubione zdj\u0119cie w ponadczasow\u0105 pami\u0105tk\u0119, kt\u00f3ra b\u0119dzie zdobi\u0107 wasze mieszkanie czy gabinet szcz\u0119\u015bliwego taty.<\/span><\/p>\n<h2><b>Gad\u017cet codziennego u\u017cytku<\/b><\/h2>\n<p><img loading=\"lazy\" decoding=\"async\" class=\"alignnone wp-image-8916 size-large\" src=\"https:\/\/blog.empikfoto.pl\/empikfoto\/2019\/06\/Empikfoto_wn\u0119trza_1-1024x681.jpg\" alt=\"\" width=\"1024\" height=\"681\" srcset=\"https:\/\/www.empikfoto.pl\/blog\/empikfoto\/2019\/06\/Empikfoto_wn\u0119trza_1-1024x681.jpg 1024w, https:\/\/www.empikfoto.pl\/blog\/empikfoto\/2019\/06\/Empikfoto_wn\u0119trza_1-300x200.jpg 300w, https:\/\/www.empikfoto.pl\/blog\/empikfoto\/2019\/06\/Empikfoto_wn\u0119trza_1-768x511.jpg 768w, https:\/\/www.empikfoto.pl\/blog\/empikfoto\/2019\/06\/Empikfoto_wn\u0119trza_1-330x220.jpg 330w, https:\/\/www.empikfoto.pl\/blog\/empikfoto\/2019\/06\/Empikfoto_wn\u0119trza_1-400x266.jpg 400w\" sizes=\"auto, (max-width: 1024px) 100vw, 1024px\" \/><\/p>\n<p><span style=\"font-weight: 400;\">Tata malucha jest gad\u017ceciarzem? Z pewno\u015bci\u0105 przypadnie mu wi\u0119c do gustu case na telefon, pokrowiec na laptopa, breloczek do kluczy czy personalizowany planer. Ka\u017cdy z tych przedmiot\u00f3w mo\u017cesz dowolnie personalizowa\u0107 \u2013 doda\u0107 ulubione zdj\u0119cia, zabawne komentarze, ozdobi\u0107 wybranymi grafikami i ramkami. Tak przygotowane gad\u017cety b\u0119d\u0105 ka\u017cdego dnia poprawia\u0107 nastr\u00f3j zabieganemu tacie. <\/span><\/p>\n<p><b>Wi\u0119cej pomys\u0142\u00f3w na prezent z okazji Dnia Ojca znajdziesz <a href=\"https:\/\/blog.empikfoto.pl\/2017\/06\/prezent-dla-taty\/\">tutaj<\/a>. Wszystkie personalizowane podarunki znajdziesz na stronie <a href=\"https:\/\/www.empikfoto.pl\/\">Empik Foto<\/a>. \u00a0<\/b><\/p>\n","protected":false},"excerpt":{"rendered":"<p>Je\u015bli 23 czerwca tw\u00f3j partner b\u0119dzie po raz pierwszy \u015bwi\u0119towa\u0142 Dzie\u0144 Ojca, warto sprawi\u0107, by by\u0142 dla niego wyj\u0105tkowy! W imieniu Waszego dziecka, albo z jego pomoc\u0105, przygotuj prezent na Dzie\u0144 Ojca od niemowlaka.\u00a0Jest to chyba jedna z niewielu okazji, kiedy nawet najwi\u0119kszemu twardzielowi zakr\u0119ci si\u0119 \u0142ezka w oku. Zobacz wi\u0119c, co najlepiej sprezentowa\u0107 \u015bwie\u017co upieczonemu tacie!<\/p>\n","protected":false},"author":16,"featured_media":8914,"comment_status":"closed","ping_status":"closed","sticky":true,"template":"","format":"standard","meta":{"footnotes":""},"categories":[786],"tags":[],"class_list":["post-8913","post","type-post","status-publish","format-standard","has-post-thumbnail","hentry","category-inspiracje"],"yoast_head":"<!-- This site is optimized with the Yoast SEO plugin v27.5 - https:\/\/yoast.com\/product\/yoast-seo-wordpress\/ -->\n<title>Pierwszy Dzie\u0144 Ojca \u2013 pomys\u0142y na prezent od niemowlaka<\/title>\n<meta name=\"description\" content=\"Je\u015bli w tym roku tw\u00f3j partner b\u0119dzie po raz pierwszy \u015bwi\u0119towa\u0142 Dzie\u0144 Ojca. Sprawd\u017a pomys\u0142y na prezent na dzie\u0144 ojca od niemowlaka!\" \/>\n<meta name=\"robots\" content=\"index, follow, max-snippet:-1, max-image-preview:large, max-video-preview:-1\" \/>\n<link rel=\"canonical\" href=\"https:\/\/www.empikfoto.pl\/blog\/pierwszy-dzien-ojca-pomysly-prezent-niemowlaka\/\" \/>\n<meta property=\"og:locale\" content=\"pl_PL\" \/>\n<meta property=\"og:type\" content=\"article\" \/>\n<meta property=\"og:title\" content=\"Pierwszy Dzie\u0144 Ojca \u2013 pomys\u0142y na prezent od niemowlaka\" \/>\n<meta property=\"og:description\" content=\"Je\u015bli w tym roku tw\u00f3j partner b\u0119dzie po raz pierwszy \u015bwi\u0119towa\u0142 Dzie\u0144 Ojca. Sprawd\u017a pomys\u0142y na prezent na dzie\u0144 ojca od niemowlaka!\" \/>\n<meta property=\"og:url\" content=\"https:\/\/www.empikfoto.pl\/blog\/pierwszy-dzien-ojca-pomysly-prezent-niemowlaka\/\" \/>\n<meta property=\"og:site_name\" content=\"blog.empikfoto.pl\" \/>\n<meta property=\"article:publisher\" content=\"https:\/\/www.facebook.com\/empikfotopl\/\" \/>\n<meta property=\"article:published_time\" content=\"2019-06-03T11:12:49+00:00\" \/>\n<meta property=\"article:modified_time\" content=\"2023-08-08T13:56:09+00:00\" \/>\n<meta property=\"og:image\" content=\"https:\/\/www.empikfoto.pl\/blog\/empikfoto\/2019\/06\/Empik_sesja_prezentowa_3.jpg\" \/>\n\t<meta property=\"og:image:width\" content=\"4885\" \/>\n\t<meta property=\"og:image:height\" content=\"3274\" \/>\n\t<meta property=\"og:image:type\" content=\"image\/jpeg\" \/>\n<meta name=\"author\" content=\"Patrycja\" \/>\n<meta name=\"twitter:card\" content=\"summary_large_image\" \/>\n<meta name=\"twitter:creator\" content=\"@empikfoto\" \/>\n<meta name=\"twitter:site\" content=\"@empikfoto\" \/>\n<meta name=\"twitter:label1\" content=\"Napisane przez\" \/>\n\t<meta name=\"twitter:data1\" content=\"Patrycja\" \/>\n\t<meta name=\"twitter:label2\" content=\"Szacowany czas czytania\" \/>\n\t<meta name=\"twitter:data2\" content=\"4 minuty\" \/>\n<script type=\"application\/ld+json\" class=\"yoast-schema-graph\">{\"@context\":\"https:\\\/\\\/schema.org\",\"@graph\":[{\"@type\":\"Article\",\"@id\":\"https:\\\/\\\/www.empikfoto.pl\\\/blog\\\/pierwszy-dzien-ojca-pomysly-prezent-niemowlaka\\\/#article\",\"isPartOf\":{\"@id\":\"https:\\\/\\\/www.empikfoto.pl\\\/blog\\\/pierwszy-dzien-ojca-pomysly-prezent-niemowlaka\\\/\"},\"author\":{\"name\":\"Patrycja\",\"@id\":\"https:\\\/\\\/www.empikfoto.pl\\\/blog\\\/#\\\/schema\\\/person\\\/0313802ca5dac502e3266853c59632c0\"},\"headline\":\"Prezent na Dzie\u0144 Ojca od niemowlaka &#8211; pomys\u0142y\",\"datePublished\":\"2019-06-03T11:12:49+00:00\",\"dateModified\":\"2023-08-08T13:56:09+00:00\",\"mainEntityOfPage\":{\"@id\":\"https:\\\/\\\/www.empikfoto.pl\\\/blog\\\/pierwszy-dzien-ojca-pomysly-prezent-niemowlaka\\\/\"},\"wordCount\":555,\"image\":{\"@id\":\"https:\\\/\\\/www.empikfoto.pl\\\/blog\\\/pierwszy-dzien-ojca-pomysly-prezent-niemowlaka\\\/#primaryimage\"},\"thumbnailUrl\":\"https:\\\/\\\/www.empikfoto.pl\\\/blog\\\/empikfoto\\\/2019\\\/06\\\/Empik_sesja_prezentowa_3.jpg\",\"articleSection\":[\"INSPIRACJE\"],\"inLanguage\":\"pl-PL\"},{\"@type\":\"WebPage\",\"@id\":\"https:\\\/\\\/www.empikfoto.pl\\\/blog\\\/pierwszy-dzien-ojca-pomysly-prezent-niemowlaka\\\/\",\"url\":\"https:\\\/\\\/www.empikfoto.pl\\\/blog\\\/pierwszy-dzien-ojca-pomysly-prezent-niemowlaka\\\/\",\"name\":\"Pierwszy Dzie\u0144 Ojca \u2013 pomys\u0142y na prezent od niemowlaka\",\"isPartOf\":{\"@id\":\"https:\\\/\\\/www.empikfoto.pl\\\/blog\\\/#website\"},\"primaryImageOfPage\":{\"@id\":\"https:\\\/\\\/www.empikfoto.pl\\\/blog\\\/pierwszy-dzien-ojca-pomysly-prezent-niemowlaka\\\/#primaryimage\"},\"image\":{\"@id\":\"https:\\\/\\\/www.empikfoto.pl\\\/blog\\\/pierwszy-dzien-ojca-pomysly-prezent-niemowlaka\\\/#primaryimage\"},\"thumbnailUrl\":\"https:\\\/\\\/www.empikfoto.pl\\\/blog\\\/empikfoto\\\/2019\\\/06\\\/Empik_sesja_prezentowa_3.jpg\",\"datePublished\":\"2019-06-03T11:12:49+00:00\",\"dateModified\":\"2023-08-08T13:56:09+00:00\",\"author\":{\"@id\":\"https:\\\/\\\/www.empikfoto.pl\\\/blog\\\/#\\\/schema\\\/person\\\/0313802ca5dac502e3266853c59632c0\"},\"description\":\"Je\u015bli w tym roku tw\u00f3j partner b\u0119dzie po raz pierwszy \u015bwi\u0119towa\u0142 Dzie\u0144 Ojca. Sprawd\u017a pomys\u0142y na prezent na dzie\u0144 ojca od niemowlaka!\",\"breadcrumb\":{\"@id\":\"https:\\\/\\\/www.empikfoto.pl\\\/blog\\\/pierwszy-dzien-ojca-pomysly-prezent-niemowlaka\\\/#breadcrumb\"},\"inLanguage\":\"pl-PL\",\"potentialAction\":[{\"@type\":\"ReadAction\",\"target\":[\"https:\\\/\\\/www.empikfoto.pl\\\/blog\\\/pierwszy-dzien-ojca-pomysly-prezent-niemowlaka\\\/\"]}]},{\"@type\":\"ImageObject\",\"inLanguage\":\"pl-PL\",\"@id\":\"https:\\\/\\\/www.empikfoto.pl\\\/blog\\\/pierwszy-dzien-ojca-pomysly-prezent-niemowlaka\\\/#primaryimage\",\"url\":\"https:\\\/\\\/www.empikfoto.pl\\\/blog\\\/empikfoto\\\/2019\\\/06\\\/Empik_sesja_prezentowa_3.jpg\",\"contentUrl\":\"https:\\\/\\\/www.empikfoto.pl\\\/blog\\\/empikfoto\\\/2019\\\/06\\\/Empik_sesja_prezentowa_3.jpg\",\"width\":4885,\"height\":3274},{\"@type\":\"BreadcrumbList\",\"@id\":\"https:\\\/\\\/www.empikfoto.pl\\\/blog\\\/pierwszy-dzien-ojca-pomysly-prezent-niemowlaka\\\/#breadcrumb\",\"itemListElement\":[{\"@type\":\"ListItem\",\"position\":1,\"name\":\"Strona g\u0142\u00f3wna\",\"item\":\"https:\\\/\\\/www.empikfoto.pl\\\/blog\\\/\"},{\"@type\":\"ListItem\",\"position\":2,\"name\":\"Prezent na Dzie\u0144 Ojca od niemowlaka &#8211; pomys\u0142y\"}]},{\"@type\":\"WebSite\",\"@id\":\"https:\\\/\\\/www.empikfoto.pl\\\/blog\\\/#website\",\"url\":\"https:\\\/\\\/www.empikfoto.pl\\\/blog\\\/\",\"name\":\"blog.empikfoto.pl\",\"description\":\"Poznaj empikfoto.pl od \u015brodka! Dowiedz si\u0119 wi\u0119cej o odbitkach, fotoksi\u0105\u017ckach i fotografii.\",\"potentialAction\":[{\"@type\":\"SearchAction\",\"target\":{\"@type\":\"EntryPoint\",\"urlTemplate\":\"https:\\\/\\\/www.empikfoto.pl\\\/blog\\\/?s={search_term_string}\"},\"query-input\":{\"@type\":\"PropertyValueSpecification\",\"valueRequired\":true,\"valueName\":\"search_term_string\"}}],\"inLanguage\":\"pl-PL\"},{\"@type\":\"Person\",\"@id\":\"https:\\\/\\\/www.empikfoto.pl\\\/blog\\\/#\\\/schema\\\/person\\\/0313802ca5dac502e3266853c59632c0\",\"name\":\"Patrycja\",\"image\":{\"@type\":\"ImageObject\",\"inLanguage\":\"pl-PL\",\"@id\":\"https:\\\/\\\/secure.gravatar.com\\\/avatar\\\/f25168e12215ad42f58e5fb72881daaeb57bd4f907081046016f64bf167db59f?s=96&d=identicon&r=g\",\"url\":\"https:\\\/\\\/secure.gravatar.com\\\/avatar\\\/f25168e12215ad42f58e5fb72881daaeb57bd4f907081046016f64bf167db59f?s=96&d=identicon&r=g\",\"contentUrl\":\"https:\\\/\\\/secure.gravatar.com\\\/avatar\\\/f25168e12215ad42f58e5fb72881daaeb57bd4f907081046016f64bf167db59f?s=96&d=identicon&r=g\",\"caption\":\"Patrycja\"},\"url\":\"https:\\\/\\\/www.empikfoto.pl\\\/blog\\\/author\\\/patrycja\\\/\"}]}<\/script>\n<!-- \/ Yoast SEO plugin. -->","yoast_head_json":{"title":"Pierwszy Dzie\u0144 Ojca \u2013 pomys\u0142y na prezent od niemowlaka","description":"Je\u015bli w tym roku tw\u00f3j partner b\u0119dzie po raz pierwszy \u015bwi\u0119towa\u0142 Dzie\u0144 Ojca. Sprawd\u017a pomys\u0142y na prezent na dzie\u0144 ojca od niemowlaka!","robots":{"index":"index","follow":"follow","max-snippet":"max-snippet:-1","max-image-preview":"max-image-preview:large","max-video-preview":"max-video-preview:-1"},"canonical":"https:\/\/www.empikfoto.pl\/blog\/pierwszy-dzien-ojca-pomysly-prezent-niemowlaka\/","og_locale":"pl_PL","og_type":"article","og_title":"Pierwszy Dzie\u0144 Ojca \u2013 pomys\u0142y na prezent od niemowlaka","og_description":"Je\u015bli w tym roku tw\u00f3j partner b\u0119dzie po raz pierwszy \u015bwi\u0119towa\u0142 Dzie\u0144 Ojca. Sprawd\u017a pomys\u0142y na prezent na dzie\u0144 ojca od niemowlaka!","og_url":"https:\/\/www.empikfoto.pl\/blog\/pierwszy-dzien-ojca-pomysly-prezent-niemowlaka\/","og_site_name":"blog.empikfoto.pl","article_publisher":"https:\/\/www.facebook.com\/empikfotopl\/","article_published_time":"2019-06-03T11:12:49+00:00","article_modified_time":"2023-08-08T13:56:09+00:00","og_image":[{"width":4885,"height":3274,"url":"https:\/\/www.empikfoto.pl\/blog\/empikfoto\/2019\/06\/Empik_sesja_prezentowa_3.jpg","type":"image\/jpeg"}],"author":"Patrycja","twitter_card":"summary_large_image","twitter_creator":"@empikfoto","twitter_site":"@empikfoto","twitter_misc":{"Napisane przez":"Patrycja","Szacowany czas czytania":"4 minuty"},"schema":{"@context":"https:\/\/schema.org","@graph":[{"@type":"Article","@id":"https:\/\/www.empikfoto.pl\/blog\/pierwszy-dzien-ojca-pomysly-prezent-niemowlaka\/#article","isPartOf":{"@id":"https:\/\/www.empikfoto.pl\/blog\/pierwszy-dzien-ojca-pomysly-prezent-niemowlaka\/"},"author":{"name":"Patrycja","@id":"https:\/\/www.empikfoto.pl\/blog\/#\/schema\/person\/0313802ca5dac502e3266853c59632c0"},"headline":"Prezent na Dzie\u0144 Ojca od niemowlaka &#8211; pomys\u0142y","datePublished":"2019-06-03T11:12:49+00:00","dateModified":"2023-08-08T13:56:09+00:00","mainEntityOfPage":{"@id":"https:\/\/www.empikfoto.pl\/blog\/pierwszy-dzien-ojca-pomysly-prezent-niemowlaka\/"},"wordCount":555,"image":{"@id":"https:\/\/www.empikfoto.pl\/blog\/pierwszy-dzien-ojca-pomysly-prezent-niemowlaka\/#primaryimage"},"thumbnailUrl":"https:\/\/www.empikfoto.pl\/blog\/empikfoto\/2019\/06\/Empik_sesja_prezentowa_3.jpg","articleSection":["INSPIRACJE"],"inLanguage":"pl-PL"},{"@type":"WebPage","@id":"https:\/\/www.empikfoto.pl\/blog\/pierwszy-dzien-ojca-pomysly-prezent-niemowlaka\/","url":"https:\/\/www.empikfoto.pl\/blog\/pierwszy-dzien-ojca-pomysly-prezent-niemowlaka\/","name":"Pierwszy Dzie\u0144 Ojca \u2013 pomys\u0142y na prezent od niemowlaka","isPartOf":{"@id":"https:\/\/www.empikfoto.pl\/blog\/#website"},"primaryImageOfPage":{"@id":"https:\/\/www.empikfoto.pl\/blog\/pierwszy-dzien-ojca-pomysly-prezent-niemowlaka\/#primaryimage"},"image":{"@id":"https:\/\/www.empikfoto.pl\/blog\/pierwszy-dzien-ojca-pomysly-prezent-niemowlaka\/#primaryimage"},"thumbnailUrl":"https:\/\/www.empikfoto.pl\/blog\/empikfoto\/2019\/06\/Empik_sesja_prezentowa_3.jpg","datePublished":"2019-06-03T11:12:49+00:00","dateModified":"2023-08-08T13:56:09+00:00","author":{"@id":"https:\/\/www.empikfoto.pl\/blog\/#\/schema\/person\/0313802ca5dac502e3266853c59632c0"},"description":"Je\u015bli w tym roku tw\u00f3j partner b\u0119dzie po raz pierwszy \u015bwi\u0119towa\u0142 Dzie\u0144 Ojca. Sprawd\u017a pomys\u0142y na prezent na dzie\u0144 ojca od niemowlaka!","breadcrumb":{"@id":"https:\/\/www.empikfoto.pl\/blog\/pierwszy-dzien-ojca-pomysly-prezent-niemowlaka\/#breadcrumb"},"inLanguage":"pl-PL","potentialAction":[{"@type":"ReadAction","target":["https:\/\/www.empikfoto.pl\/blog\/pierwszy-dzien-ojca-pomysly-prezent-niemowlaka\/"]}]},{"@type":"ImageObject","inLanguage":"pl-PL","@id":"https:\/\/www.empikfoto.pl\/blog\/pierwszy-dzien-ojca-pomysly-prezent-niemowlaka\/#primaryimage","url":"https:\/\/www.empikfoto.pl\/blog\/empikfoto\/2019\/06\/Empik_sesja_prezentowa_3.jpg","contentUrl":"https:\/\/www.empikfoto.pl\/blog\/empikfoto\/2019\/06\/Empik_sesja_prezentowa_3.jpg","width":4885,"height":3274},{"@type":"BreadcrumbList","@id":"https:\/\/www.empikfoto.pl\/blog\/pierwszy-dzien-ojca-pomysly-prezent-niemowlaka\/#breadcrumb","itemListElement":[{"@type":"ListItem","position":1,"name":"Strona g\u0142\u00f3wna","item":"https:\/\/www.empikfoto.pl\/blog\/"},{"@type":"ListItem","position":2,"name":"Prezent na Dzie\u0144 Ojca od niemowlaka &#8211; pomys\u0142y"}]},{"@type":"WebSite","@id":"https:\/\/www.empikfoto.pl\/blog\/#website","url":"https:\/\/www.empikfoto.pl\/blog\/","name":"blog.empikfoto.pl","description":"Poznaj empikfoto.pl od \u015brodka! Dowiedz si\u0119 wi\u0119cej o odbitkach, fotoksi\u0105\u017ckach i fotografii.","potentialAction":[{"@type":"SearchAction","target":{"@type":"EntryPoint","urlTemplate":"https:\/\/www.empikfoto.pl\/blog\/?s={search_term_string}"},"query-input":{"@type":"PropertyValueSpecification","valueRequired":true,"valueName":"search_term_string"}}],"inLanguage":"pl-PL"},{"@type":"Person","@id":"https:\/\/www.empikfoto.pl\/blog\/#\/schema\/person\/0313802ca5dac502e3266853c59632c0","name":"Patrycja","image":{"@type":"ImageObject","inLanguage":"pl-PL","@id":"https:\/\/secure.gravatar.com\/avatar\/f25168e12215ad42f58e5fb72881daaeb57bd4f907081046016f64bf167db59f?s=96&d=identicon&r=g","url":"https:\/\/secure.gravatar.com\/avatar\/f25168e12215ad42f58e5fb72881daaeb57bd4f907081046016f64bf167db59f?s=96&d=identicon&r=g","contentUrl":"https:\/\/secure.gravatar.com\/avatar\/f25168e12215ad42f58e5fb72881daaeb57bd4f907081046016f64bf167db59f?s=96&d=identicon&r=g","caption":"Patrycja"},"url":"https:\/\/www.empikfoto.pl\/blog\/author\/patrycja\/"}]}},"amp_enabled":true,"_links":{"self":[{"href":"https:\/\/www.empikfoto.pl\/blog\/wp-json\/wp\/v2\/posts\/8913","targetHints":{"allow":["GET"]}}],"collection":[{"href":"https:\/\/www.empikfoto.pl\/blog\/wp-json\/wp\/v2\/posts"}],"about":[{"href":"https:\/\/www.empikfoto.pl\/blog\/wp-json\/wp\/v2\/types\/post"}],"author":[{"embeddable":true,"href":"https:\/\/www.empikfoto.pl\/blog\/wp-json\/wp\/v2\/users\/16"}],"replies":[{"embeddable":true,"href":"https:\/\/www.empikfoto.pl\/blog\/wp-json\/wp\/v2\/comments?post=8913"}],"version-history":[{"count":2,"href":"https:\/\/www.empikfoto.pl\/blog\/wp-json\/wp\/v2\/posts\/8913\/revisions"}],"predecessor-version":[{"id":12635,"href":"https:\/\/www.empikfoto.pl\/blog\/wp-json\/wp\/v2\/posts\/8913\/revisions\/12635"}],"wp:featuredmedia":[{"embeddable":true,"href":"https:\/\/www.empikfoto.pl\/blog\/wp-json\/wp\/v2\/media\/8914"}],"wp:attachment":[{"href":"https:\/\/www.empikfoto.pl\/blog\/wp-json\/wp\/v2\/media?parent=8913"}],"wp:term":[{"taxonomy":"category","embeddable":true,"href":"https:\/\/www.empikfoto.pl\/blog\/wp-json\/wp\/v2\/categories?post=8913"},{"taxonomy":"post_tag","embeddable":true,"href":"https:\/\/www.empikfoto.pl\/blog\/wp-json\/wp\/v2\/tags?post=8913"}],"curies":[{"name":"wp","href":"https:\/\/api.w.org\/{rel}","templated":true}]}}