{"id":9110,"date":"2019-11-28T12:48:09","date_gmt":"2019-11-28T11:48:09","guid":{"rendered":"https:\/\/blog.empikfoto.pl\/?p=9110"},"modified":"2023-11-23T11:47:15","modified_gmt":"2023-11-23T10:47:15","slug":"prezenty-na-swieta-pomysl-o-nich-juz-dzisiaj","status":"publish","type":"post","link":"https:\/\/www.empikfoto.pl\/blog\/prezenty-na-swieta-pomysl-o-nich-juz-dzisiaj\/","title":{"rendered":"Prezenty na \u015bwi\u0119ta? Pomy\u015bl o nich ju\u017c dzisiaj!"},"content":{"rendered":"<p><b>Ju\u017c praktycznie grudzie\u0144 \u2013 pogoda za oknem nie przypomina nam o nadchodz\u0105cym Bo\u017cym Narodzeniu, ale niebawem zaczniemy przygotowania do tych \u015bwi\u0105t. Jak co roku obiecujemy sobie, \u017ce nie b\u0119dziemy na ostatni\u0105 chwil\u0119 szuka\u0107 podarunk\u00f3w dla najbli\u017cszych w galerii handlowej. Warto wi\u0119c zaoszcz\u0119dzi\u0107 sobie stresu i poszuka\u0107 odpowiednich upomink\u00f3w jeszcze dzisiaj. Sprawd\u017a nasze propozycje na prezenty na \u015bwi\u0119ta dla najbli\u017cszych.<\/b><\/p>\n<p><!--more--><\/p>\n<p><span style=\"font-weight: 400;\">Wybieraj\u0105c <strong><a href=\"https:\/\/www.empikfoto.pl\/prezenty-swiateczne\" target=\"_blank\" rel=\"noopener\">wyj\u0105tkowe prezenty dla najbli\u017cszych<\/a><\/strong>, nie trzeba wychodzi\u0107 z domu. Je\u015bli zajrzycie na stron\u0119 Empik Foto, znajdziecie tam setki pomys\u0142\u00f3w na podarunki dla ka\u017cdego cz\u0142onka rodziny, niezale\u017cnie od wieku czy upodoba\u0144. Na co warto zwr\u00f3ci\u0107 uwag\u0119? Przygotowali\u015bmy dla Was mini poradnik prezentowy.<\/span><\/p>\n<h2><b>Prezent dla niezorganizowanych<\/b><\/h2>\n<p><span style=\"font-weight: 400;\">Macie w rodzinie osoby, kt\u00f3re niezale\u017cnie od ilo\u015bci przypomnie\u0144 i tak nigdy nie pami\u0119taj\u0105 o urodzinach babci lub rocznicy \u015blubu rodzic\u00f3w, lub co gorsza, swojej w\u0142asnej? Je\u015bli tak, to z pewno\u015bci\u0105 strza\u0142em w dziesi\u0105tk\u0119 b\u0119dzie <strong><a href=\"https:\/\/www.empikfoto.pl\/fotokalendarze\">kalendarz<\/a><\/strong>! Jednak gwarancj\u0105 sukcesu b\u0119dzie jego pe\u0142na personalizacja. Tak aby ju\u017c na etapie projektowania zaznaczy\u0107 najwa\u017cniejsze daty, planowane wyjazdy czy d\u0142ugie weekendy, kt\u00f3re b\u0119dziecie sp\u0119dza\u0107 rodzinnie. Na Empik Foto zaprojektujecie wymarzony kalendarz, a <strong>ka\u017cdy miesi\u0105c ozdobicie wybranym zdj\u0119ciem<\/strong>! Teraz nie ma szans, \u017ceby m\u0105\u017c zapomnia\u0142 o urodzinach mamy!<\/span><\/p>\n<div id=\"attachment_13243\" style=\"width: 1034px\" class=\"wp-caption aligncenter\"><a href=\"https:\/\/www.empikfoto.pl\/fotokalendarze\"><img loading=\"lazy\" decoding=\"async\" aria-describedby=\"caption-attachment-13243\" class=\"wp-image-13243 size-large\" src=\"https:\/\/www.empikfoto.pl\/blog\/empikfoto\/2017\/11\/DSC0926-Edytuj-1024x640.jpg\" alt=\"Prezenty na \u015awi\u0119ta\" width=\"1024\" height=\"640\" srcset=\"https:\/\/www.empikfoto.pl\/blog\/empikfoto\/2017\/11\/DSC0926-Edytuj-1024x640.jpg 1024w, https:\/\/www.empikfoto.pl\/blog\/empikfoto\/2017\/11\/DSC0926-Edytuj-300x188.jpg 300w, https:\/\/www.empikfoto.pl\/blog\/empikfoto\/2017\/11\/DSC0926-Edytuj-768x480.jpg 768w, https:\/\/www.empikfoto.pl\/blog\/empikfoto\/2017\/11\/DSC0926-Edytuj-1536x960.jpg 1536w, https:\/\/www.empikfoto.pl\/blog\/empikfoto\/2017\/11\/DSC0926-Edytuj-2048x1280.jpg 2048w, https:\/\/www.empikfoto.pl\/blog\/empikfoto\/2017\/11\/DSC0926-Edytuj-400x250.jpg 400w\" sizes=\"auto, (max-width: 1024px) 100vw, 1024px\" \/><\/a><p id=\"caption-attachment-13243\" class=\"wp-caption-text\">Z okazji zbli\u017caj\u0105cego si\u0119 roku 2024 Empik Foto przygotowa\u0142 nowe formaty i szaty graficzne kalendarzy, kt\u00f3re mo\u017cesz spersonalizowa\u0107 w\u0142asnymi zdj\u0119ciami &#8211; <a href=\"https:\/\/www.empikfoto.pl\/fotokalendarze\"><strong>wybierz kalendarz dla siebie i swojej rodziny<\/strong><\/a><\/p><\/div>\n<h2><b>Prezent dla \u015bwie\u017co upieczonych rodzic\u00f3w<\/b><\/h2>\n<p><span style=\"font-weight: 400;\">Je\u015bli w rodzinie niedawno urodzi\u0142o si\u0119 dziecko, to z pewno\u015bci\u0105 rodzicom przyda si\u0119 <strong>zestaw kawowy<\/strong>.<\/span><span style=\"font-weight: 400;\">\u00a0Mo\u017cecie sprawi\u0107 im <a href=\"https:\/\/www.empikfoto.pl\/fotoprezenty\/fotokubki-rodzaje\"><strong>kubki ze zdj\u0119ciem<\/strong><\/a> malucha lub, je\u015bli takowego nie posiadacie, z zabawnymi napisami np. &#8220;Pi\u0119kna, m\u0142oda, niewyspana mama Zosi&#8221; lub &#8220;Kubek na kawk\u0119 przy nocnym karmieniu&#8221;. Do tego ulubiona kawa i prezent idealny (i praktyczny) gotowy! Co jeszcze przyda si\u0119 rodzicom? Z pewno\u015bci\u0105 <a href=\"https:\/\/www.empikfoto.pl\/baby-shower\"><strong>akcesoria dla malucha<\/strong><\/a> \u2013 \u015bliniaki czy body, to takie akcesoria, kt\u00f3rych nigdy dosy\u0107 przy ma\u0142ym dziecku. Mo\u017cecie je <strong>dowolnie spersonalizowa\u0107<\/strong> zdj\u0119ciem, grafik\u0105 i napisem. Samemu maluchowi natomiast mo\u017cecie podarowa\u0107 <a href=\"https:\/\/www.empikfoto.pl\/maskotki\"><strong>pluszaka ze zdj\u0119ciem rodzic\u00f3w<\/strong><\/a>. Z pewno\u015bci\u0105 pomo\u017ce przy wieczornym zasypianiu.\u00a0<\/span><\/p>\n<div id=\"attachment_13273\" style=\"width: 1034px\" class=\"wp-caption aligncenter\"><a href=\"https:\/\/www.empikfoto.pl\/fotoksiazka,kolekcja-dziadek-do-orzechow\"><img loading=\"lazy\" decoding=\"async\" aria-describedby=\"caption-attachment-13273\" class=\"wp-image-13273 size-large\" src=\"https:\/\/www.empikfoto.pl\/blog\/empikfoto\/2019\/11\/DSC0860-Edytuj-1-1024x766.jpg\" alt=\"Prezenty na \u015awi\u0119ta\" width=\"1024\" height=\"766\" srcset=\"https:\/\/www.empikfoto.pl\/blog\/empikfoto\/2019\/11\/DSC0860-Edytuj-1-1024x766.jpg 1024w, https:\/\/www.empikfoto.pl\/blog\/empikfoto\/2019\/11\/DSC0860-Edytuj-1-300x225.jpg 300w, https:\/\/www.empikfoto.pl\/blog\/empikfoto\/2019\/11\/DSC0860-Edytuj-1-768x575.jpg 768w, https:\/\/www.empikfoto.pl\/blog\/empikfoto\/2019\/11\/DSC0860-Edytuj-1-1536x1149.jpg 1536w, https:\/\/www.empikfoto.pl\/blog\/empikfoto\/2019\/11\/DSC0860-Edytuj-1-2048x1533.jpg 2048w, https:\/\/www.empikfoto.pl\/blog\/empikfoto\/2019\/11\/DSC0860-Edytuj-1-400x299.jpg 400w\" sizes=\"auto, (max-width: 1024px) 100vw, 1024px\" \/><\/a><p id=\"caption-attachment-13273\" class=\"wp-caption-text\">Dobrym pomys\u0142em na prezent \u015bwi\u0105teczny dla \u015bwie\u017co upieczonych rodzic\u00f3w mo\u017ce by\u0107 fotoksi\u0105\u017cka ze zdj\u0119ciami dziecka &#8211; <a href=\"https:\/\/www.empikfoto.pl\/fotoksiazka,kolekcja-dziadek-do-orzechow\"><strong>Kolekcja Dziadek do Orzech\u00f3w fotoksi\u0105\u017cka<\/strong><\/a><\/p><\/div>\n<h2><b>Prezenty dla artystycznej duszy<\/b><\/h2>\n<p><span style=\"font-weight: 400;\">Macie w rodzinie tak\u0105 osob\u0119, kt\u00f3ra zawsze robi w\u0142asnor\u0119cznie upominki dla najbli\u017cszych? Uwielbia klei\u0107, malowa\u0107 i ozdabia\u0107? Doskona\u0142ym prezentem b\u0119d\u0105 wi\u0119c <strong>akcesoria do wykonania albumu w stylu DIY<\/strong>. Baz\u0105 b\u0119dzie <strong><a href=\"https:\/\/www.empikfoto.pl\/fotoprezenty\/albumy-drewniane\">drewniany album z grawerem<\/a><\/strong>, kt\u00f3rego czarne strony s\u0105 doskona\u0142ym t\u0142em dla zdj\u0119\u0107. Pergaminowe przek\u0142adki nie pozwol\u0105 ubrudzi\u0107 si\u0119 s\u0105siednim kartkom w trakcie ozdabiania. Dla bardziej zaawansowanych, oferujemy tak\u017ce specjalne <strong><a href=\"https:\/\/www.empikfoto.pl\/albumy-do-scrapbookingu\">albumy do scrapbookingu<\/a><\/strong>. Do tego kilka wsp\u00f3lnych fotografii, zestaw naklejek, mazak\u00f3w i innych akcesori\u00f3w, kt\u00f3re sprawi\u0105, \u017ce podarunek b\u0119dzie s\u0142u\u017cy\u0107 przez ca\u0142y rok!\u00a0<\/span><b><\/b><\/p>\n<p style=\"text-align: center;\">Je\u017celi nadal nie jeste\u015b zdecydowany, polecamy sprawdzi\u0107 nasze inne propozycje <a href=\"https:\/\/www.empikfoto.pl\/prezenty-swiateczne\"><strong>prezent\u00f3w na \u015bwi\u0119ta<\/strong><\/a>!<\/p>\n","protected":false},"excerpt":{"rendered":"<p>Ju\u017c praktycznie grudzie\u0144 \u2013 pogoda za oknem nie przypomina nam o nadchodz\u0105cym Bo\u017cym Narodzeniu, ale niebawem zaczniemy przygotowania do tych \u015bwi\u0105t. Jak co roku obiecujemy sobie, \u017ce nie b\u0119dziemy na ostatni\u0105 chwil\u0119 szuka\u0107 podarunk\u00f3w dla najbli\u017cszych w galerii handlowej. Warto wi\u0119c zaoszcz\u0119dzi\u0107 sobie stresu i poszuka\u0107 odpowiednich upomink\u00f3w jeszcze dzisiaj. Sprawd\u017a nasze propozycje na prezenty na \u015bwi\u0119ta dla najbli\u017cszych.<\/p>\n","protected":false},"author":16,"featured_media":13155,"comment_status":"closed","ping_status":"closed","sticky":true,"template":"","format":"standard","meta":{"footnotes":""},"categories":[784],"tags":[],"class_list":["post-9110","post","type-post","status-publish","format-standard","has-post-thumbnail","hentry","category-lifestyle"],"yoast_head":"<!-- This site is optimized with the Yoast SEO plugin v27.5 - https:\/\/yoast.com\/product\/yoast-seo-wordpress\/ -->\n<title>Prezenty na \u015bwi\u0119ta? Pomy\u015bl o nich ju\u017c dzisiaj! | Empik Foto<\/title>\n<meta name=\"description\" content=\"Prezenty na \u015bwi\u0119ta - co roku obiecujemy sobie, \u017ce nie b\u0119dziemy ich szuka\u0107 na ostatni\u0105 chwil\u0119. Na co zwr\u00f3ci\u0107 uwag\u0119? Zainspiruj si\u0119!\" \/>\n<meta name=\"robots\" content=\"index, follow, max-snippet:-1, max-image-preview:large, max-video-preview:-1\" \/>\n<link rel=\"canonical\" href=\"https:\/\/www.empikfoto.pl\/blog\/prezenty-na-swieta-pomysl-o-nich-juz-dzisiaj\/\" \/>\n<meta property=\"og:locale\" content=\"pl_PL\" \/>\n<meta property=\"og:type\" content=\"article\" \/>\n<meta property=\"og:title\" content=\"Prezenty na \u015bwi\u0119ta? Pomy\u015bl o nich ju\u017c dzisiaj! | Empik Foto\" \/>\n<meta property=\"og:description\" content=\"Prezenty na \u015bwi\u0119ta - co roku obiecujemy sobie, \u017ce nie b\u0119dziemy ich szuka\u0107 na ostatni\u0105 chwil\u0119. Na co zwr\u00f3ci\u0107 uwag\u0119? Zainspiruj si\u0119!\" \/>\n<meta property=\"og:url\" content=\"https:\/\/www.empikfoto.pl\/blog\/prezenty-na-swieta-pomysl-o-nich-juz-dzisiaj\/\" \/>\n<meta property=\"og:site_name\" content=\"blog.empikfoto.pl\" \/>\n<meta property=\"article:publisher\" content=\"https:\/\/www.facebook.com\/empikfotopl\/\" \/>\n<meta property=\"article:published_time\" content=\"2019-11-28T11:48:09+00:00\" \/>\n<meta property=\"article:modified_time\" content=\"2023-11-23T10:47:15+00:00\" \/>\n<meta property=\"og:image\" content=\"https:\/\/www.empikfoto.pl\/blog\/empikfoto\/2019\/11\/rodzina-z-coreczka-przy-choince.jpg\" \/>\n\t<meta property=\"og:image:width\" content=\"1000\" \/>\n\t<meta property=\"og:image:height\" content=\"500\" \/>\n\t<meta property=\"og:image:type\" content=\"image\/jpeg\" \/>\n<meta name=\"author\" content=\"Patrycja\" \/>\n<meta name=\"twitter:card\" content=\"summary_large_image\" \/>\n<meta name=\"twitter:creator\" content=\"@empikfoto\" \/>\n<meta name=\"twitter:site\" content=\"@empikfoto\" \/>\n<meta name=\"twitter:label1\" content=\"Napisane przez\" \/>\n\t<meta name=\"twitter:data1\" content=\"Patrycja\" \/>\n\t<meta name=\"twitter:label2\" content=\"Szacowany czas czytania\" \/>\n\t<meta name=\"twitter:data2\" content=\"4 minuty\" \/>\n<script type=\"application\/ld+json\" class=\"yoast-schema-graph\">{\"@context\":\"https:\\\/\\\/schema.org\",\"@graph\":[{\"@type\":\"Article\",\"@id\":\"https:\\\/\\\/www.empikfoto.pl\\\/blog\\\/prezenty-na-swieta-pomysl-o-nich-juz-dzisiaj\\\/#article\",\"isPartOf\":{\"@id\":\"https:\\\/\\\/www.empikfoto.pl\\\/blog\\\/prezenty-na-swieta-pomysl-o-nich-juz-dzisiaj\\\/\"},\"author\":{\"name\":\"Patrycja\",\"@id\":\"https:\\\/\\\/www.empikfoto.pl\\\/blog\\\/#\\\/schema\\\/person\\\/0313802ca5dac502e3266853c59632c0\"},\"headline\":\"Prezenty na \u015bwi\u0119ta? Pomy\u015bl o nich ju\u017c dzisiaj!\",\"datePublished\":\"2019-11-28T11:48:09+00:00\",\"dateModified\":\"2023-11-23T10:47:15+00:00\",\"mainEntityOfPage\":{\"@id\":\"https:\\\/\\\/www.empikfoto.pl\\\/blog\\\/prezenty-na-swieta-pomysl-o-nich-juz-dzisiaj\\\/\"},\"wordCount\":562,\"image\":{\"@id\":\"https:\\\/\\\/www.empikfoto.pl\\\/blog\\\/prezenty-na-swieta-pomysl-o-nich-juz-dzisiaj\\\/#primaryimage\"},\"thumbnailUrl\":\"https:\\\/\\\/www.empikfoto.pl\\\/blog\\\/empikfoto\\\/2019\\\/11\\\/rodzina-z-coreczka-przy-choince.jpg\",\"articleSection\":[\"LIFESTYLE\"],\"inLanguage\":\"pl-PL\"},{\"@type\":\"WebPage\",\"@id\":\"https:\\\/\\\/www.empikfoto.pl\\\/blog\\\/prezenty-na-swieta-pomysl-o-nich-juz-dzisiaj\\\/\",\"url\":\"https:\\\/\\\/www.empikfoto.pl\\\/blog\\\/prezenty-na-swieta-pomysl-o-nich-juz-dzisiaj\\\/\",\"name\":\"Prezenty na \u015bwi\u0119ta? Pomy\u015bl o nich ju\u017c dzisiaj! | Empik Foto\",\"isPartOf\":{\"@id\":\"https:\\\/\\\/www.empikfoto.pl\\\/blog\\\/#website\"},\"primaryImageOfPage\":{\"@id\":\"https:\\\/\\\/www.empikfoto.pl\\\/blog\\\/prezenty-na-swieta-pomysl-o-nich-juz-dzisiaj\\\/#primaryimage\"},\"image\":{\"@id\":\"https:\\\/\\\/www.empikfoto.pl\\\/blog\\\/prezenty-na-swieta-pomysl-o-nich-juz-dzisiaj\\\/#primaryimage\"},\"thumbnailUrl\":\"https:\\\/\\\/www.empikfoto.pl\\\/blog\\\/empikfoto\\\/2019\\\/11\\\/rodzina-z-coreczka-przy-choince.jpg\",\"datePublished\":\"2019-11-28T11:48:09+00:00\",\"dateModified\":\"2023-11-23T10:47:15+00:00\",\"author\":{\"@id\":\"https:\\\/\\\/www.empikfoto.pl\\\/blog\\\/#\\\/schema\\\/person\\\/0313802ca5dac502e3266853c59632c0\"},\"description\":\"Prezenty na \u015bwi\u0119ta - co roku obiecujemy sobie, \u017ce nie b\u0119dziemy ich szuka\u0107 na ostatni\u0105 chwil\u0119. Na co zwr\u00f3ci\u0107 uwag\u0119? Zainspiruj si\u0119!\",\"breadcrumb\":{\"@id\":\"https:\\\/\\\/www.empikfoto.pl\\\/blog\\\/prezenty-na-swieta-pomysl-o-nich-juz-dzisiaj\\\/#breadcrumb\"},\"inLanguage\":\"pl-PL\",\"potentialAction\":[{\"@type\":\"ReadAction\",\"target\":[\"https:\\\/\\\/www.empikfoto.pl\\\/blog\\\/prezenty-na-swieta-pomysl-o-nich-juz-dzisiaj\\\/\"]}]},{\"@type\":\"ImageObject\",\"inLanguage\":\"pl-PL\",\"@id\":\"https:\\\/\\\/www.empikfoto.pl\\\/blog\\\/prezenty-na-swieta-pomysl-o-nich-juz-dzisiaj\\\/#primaryimage\",\"url\":\"https:\\\/\\\/www.empikfoto.pl\\\/blog\\\/empikfoto\\\/2019\\\/11\\\/rodzina-z-coreczka-przy-choince.jpg\",\"contentUrl\":\"https:\\\/\\\/www.empikfoto.pl\\\/blog\\\/empikfoto\\\/2019\\\/11\\\/rodzina-z-coreczka-przy-choince.jpg\",\"width\":1000,\"height\":500,\"caption\":\"Prezenty na \u015awi\u0119ta\"},{\"@type\":\"BreadcrumbList\",\"@id\":\"https:\\\/\\\/www.empikfoto.pl\\\/blog\\\/prezenty-na-swieta-pomysl-o-nich-juz-dzisiaj\\\/#breadcrumb\",\"itemListElement\":[{\"@type\":\"ListItem\",\"position\":1,\"name\":\"Strona g\u0142\u00f3wna\",\"item\":\"https:\\\/\\\/www.empikfoto.pl\\\/blog\\\/\"},{\"@type\":\"ListItem\",\"position\":2,\"name\":\"Prezenty na \u015bwi\u0119ta? Pomy\u015bl o nich ju\u017c dzisiaj!\"}]},{\"@type\":\"WebSite\",\"@id\":\"https:\\\/\\\/www.empikfoto.pl\\\/blog\\\/#website\",\"url\":\"https:\\\/\\\/www.empikfoto.pl\\\/blog\\\/\",\"name\":\"blog.empikfoto.pl\",\"description\":\"Poznaj empikfoto.pl od \u015brodka! Dowiedz si\u0119 wi\u0119cej o odbitkach, fotoksi\u0105\u017ckach i fotografii.\",\"potentialAction\":[{\"@type\":\"SearchAction\",\"target\":{\"@type\":\"EntryPoint\",\"urlTemplate\":\"https:\\\/\\\/www.empikfoto.pl\\\/blog\\\/?s={search_term_string}\"},\"query-input\":{\"@type\":\"PropertyValueSpecification\",\"valueRequired\":true,\"valueName\":\"search_term_string\"}}],\"inLanguage\":\"pl-PL\"},{\"@type\":\"Person\",\"@id\":\"https:\\\/\\\/www.empikfoto.pl\\\/blog\\\/#\\\/schema\\\/person\\\/0313802ca5dac502e3266853c59632c0\",\"name\":\"Patrycja\",\"image\":{\"@type\":\"ImageObject\",\"inLanguage\":\"pl-PL\",\"@id\":\"https:\\\/\\\/secure.gravatar.com\\\/avatar\\\/f25168e12215ad42f58e5fb72881daaeb57bd4f907081046016f64bf167db59f?s=96&d=identicon&r=g\",\"url\":\"https:\\\/\\\/secure.gravatar.com\\\/avatar\\\/f25168e12215ad42f58e5fb72881daaeb57bd4f907081046016f64bf167db59f?s=96&d=identicon&r=g\",\"contentUrl\":\"https:\\\/\\\/secure.gravatar.com\\\/avatar\\\/f25168e12215ad42f58e5fb72881daaeb57bd4f907081046016f64bf167db59f?s=96&d=identicon&r=g\",\"caption\":\"Patrycja\"},\"url\":\"https:\\\/\\\/www.empikfoto.pl\\\/blog\\\/author\\\/patrycja\\\/\"}]}<\/script>\n<!-- \/ Yoast SEO plugin. -->","yoast_head_json":{"title":"Prezenty na \u015bwi\u0119ta? Pomy\u015bl o nich ju\u017c dzisiaj! | Empik Foto","description":"Prezenty na \u015bwi\u0119ta - co roku obiecujemy sobie, \u017ce nie b\u0119dziemy ich szuka\u0107 na ostatni\u0105 chwil\u0119. Na co zwr\u00f3ci\u0107 uwag\u0119? Zainspiruj si\u0119!","robots":{"index":"index","follow":"follow","max-snippet":"max-snippet:-1","max-image-preview":"max-image-preview:large","max-video-preview":"max-video-preview:-1"},"canonical":"https:\/\/www.empikfoto.pl\/blog\/prezenty-na-swieta-pomysl-o-nich-juz-dzisiaj\/","og_locale":"pl_PL","og_type":"article","og_title":"Prezenty na \u015bwi\u0119ta? Pomy\u015bl o nich ju\u017c dzisiaj! | Empik Foto","og_description":"Prezenty na \u015bwi\u0119ta - co roku obiecujemy sobie, \u017ce nie b\u0119dziemy ich szuka\u0107 na ostatni\u0105 chwil\u0119. Na co zwr\u00f3ci\u0107 uwag\u0119? Zainspiruj si\u0119!","og_url":"https:\/\/www.empikfoto.pl\/blog\/prezenty-na-swieta-pomysl-o-nich-juz-dzisiaj\/","og_site_name":"blog.empikfoto.pl","article_publisher":"https:\/\/www.facebook.com\/empikfotopl\/","article_published_time":"2019-11-28T11:48:09+00:00","article_modified_time":"2023-11-23T10:47:15+00:00","og_image":[{"width":1000,"height":500,"url":"https:\/\/www.empikfoto.pl\/blog\/empikfoto\/2019\/11\/rodzina-z-coreczka-przy-choince.jpg","type":"image\/jpeg"}],"author":"Patrycja","twitter_card":"summary_large_image","twitter_creator":"@empikfoto","twitter_site":"@empikfoto","twitter_misc":{"Napisane przez":"Patrycja","Szacowany czas czytania":"4 minuty"},"schema":{"@context":"https:\/\/schema.org","@graph":[{"@type":"Article","@id":"https:\/\/www.empikfoto.pl\/blog\/prezenty-na-swieta-pomysl-o-nich-juz-dzisiaj\/#article","isPartOf":{"@id":"https:\/\/www.empikfoto.pl\/blog\/prezenty-na-swieta-pomysl-o-nich-juz-dzisiaj\/"},"author":{"name":"Patrycja","@id":"https:\/\/www.empikfoto.pl\/blog\/#\/schema\/person\/0313802ca5dac502e3266853c59632c0"},"headline":"Prezenty na \u015bwi\u0119ta? Pomy\u015bl o nich ju\u017c dzisiaj!","datePublished":"2019-11-28T11:48:09+00:00","dateModified":"2023-11-23T10:47:15+00:00","mainEntityOfPage":{"@id":"https:\/\/www.empikfoto.pl\/blog\/prezenty-na-swieta-pomysl-o-nich-juz-dzisiaj\/"},"wordCount":562,"image":{"@id":"https:\/\/www.empikfoto.pl\/blog\/prezenty-na-swieta-pomysl-o-nich-juz-dzisiaj\/#primaryimage"},"thumbnailUrl":"https:\/\/www.empikfoto.pl\/blog\/empikfoto\/2019\/11\/rodzina-z-coreczka-przy-choince.jpg","articleSection":["LIFESTYLE"],"inLanguage":"pl-PL"},{"@type":"WebPage","@id":"https:\/\/www.empikfoto.pl\/blog\/prezenty-na-swieta-pomysl-o-nich-juz-dzisiaj\/","url":"https:\/\/www.empikfoto.pl\/blog\/prezenty-na-swieta-pomysl-o-nich-juz-dzisiaj\/","name":"Prezenty na \u015bwi\u0119ta? Pomy\u015bl o nich ju\u017c dzisiaj! | Empik Foto","isPartOf":{"@id":"https:\/\/www.empikfoto.pl\/blog\/#website"},"primaryImageOfPage":{"@id":"https:\/\/www.empikfoto.pl\/blog\/prezenty-na-swieta-pomysl-o-nich-juz-dzisiaj\/#primaryimage"},"image":{"@id":"https:\/\/www.empikfoto.pl\/blog\/prezenty-na-swieta-pomysl-o-nich-juz-dzisiaj\/#primaryimage"},"thumbnailUrl":"https:\/\/www.empikfoto.pl\/blog\/empikfoto\/2019\/11\/rodzina-z-coreczka-przy-choince.jpg","datePublished":"2019-11-28T11:48:09+00:00","dateModified":"2023-11-23T10:47:15+00:00","author":{"@id":"https:\/\/www.empikfoto.pl\/blog\/#\/schema\/person\/0313802ca5dac502e3266853c59632c0"},"description":"Prezenty na \u015bwi\u0119ta - co roku obiecujemy sobie, \u017ce nie b\u0119dziemy ich szuka\u0107 na ostatni\u0105 chwil\u0119. Na co zwr\u00f3ci\u0107 uwag\u0119? Zainspiruj si\u0119!","breadcrumb":{"@id":"https:\/\/www.empikfoto.pl\/blog\/prezenty-na-swieta-pomysl-o-nich-juz-dzisiaj\/#breadcrumb"},"inLanguage":"pl-PL","potentialAction":[{"@type":"ReadAction","target":["https:\/\/www.empikfoto.pl\/blog\/prezenty-na-swieta-pomysl-o-nich-juz-dzisiaj\/"]}]},{"@type":"ImageObject","inLanguage":"pl-PL","@id":"https:\/\/www.empikfoto.pl\/blog\/prezenty-na-swieta-pomysl-o-nich-juz-dzisiaj\/#primaryimage","url":"https:\/\/www.empikfoto.pl\/blog\/empikfoto\/2019\/11\/rodzina-z-coreczka-przy-choince.jpg","contentUrl":"https:\/\/www.empikfoto.pl\/blog\/empikfoto\/2019\/11\/rodzina-z-coreczka-przy-choince.jpg","width":1000,"height":500,"caption":"Prezenty na \u015awi\u0119ta"},{"@type":"BreadcrumbList","@id":"https:\/\/www.empikfoto.pl\/blog\/prezenty-na-swieta-pomysl-o-nich-juz-dzisiaj\/#breadcrumb","itemListElement":[{"@type":"ListItem","position":1,"name":"Strona g\u0142\u00f3wna","item":"https:\/\/www.empikfoto.pl\/blog\/"},{"@type":"ListItem","position":2,"name":"Prezenty na \u015bwi\u0119ta? Pomy\u015bl o nich ju\u017c dzisiaj!"}]},{"@type":"WebSite","@id":"https:\/\/www.empikfoto.pl\/blog\/#website","url":"https:\/\/www.empikfoto.pl\/blog\/","name":"blog.empikfoto.pl","description":"Poznaj empikfoto.pl od \u015brodka! Dowiedz si\u0119 wi\u0119cej o odbitkach, fotoksi\u0105\u017ckach i fotografii.","potentialAction":[{"@type":"SearchAction","target":{"@type":"EntryPoint","urlTemplate":"https:\/\/www.empikfoto.pl\/blog\/?s={search_term_string}"},"query-input":{"@type":"PropertyValueSpecification","valueRequired":true,"valueName":"search_term_string"}}],"inLanguage":"pl-PL"},{"@type":"Person","@id":"https:\/\/www.empikfoto.pl\/blog\/#\/schema\/person\/0313802ca5dac502e3266853c59632c0","name":"Patrycja","image":{"@type":"ImageObject","inLanguage":"pl-PL","@id":"https:\/\/secure.gravatar.com\/avatar\/f25168e12215ad42f58e5fb72881daaeb57bd4f907081046016f64bf167db59f?s=96&d=identicon&r=g","url":"https:\/\/secure.gravatar.com\/avatar\/f25168e12215ad42f58e5fb72881daaeb57bd4f907081046016f64bf167db59f?s=96&d=identicon&r=g","contentUrl":"https:\/\/secure.gravatar.com\/avatar\/f25168e12215ad42f58e5fb72881daaeb57bd4f907081046016f64bf167db59f?s=96&d=identicon&r=g","caption":"Patrycja"},"url":"https:\/\/www.empikfoto.pl\/blog\/author\/patrycja\/"}]}},"amp_enabled":true,"_links":{"self":[{"href":"https:\/\/www.empikfoto.pl\/blog\/wp-json\/wp\/v2\/posts\/9110","targetHints":{"allow":["GET"]}}],"collection":[{"href":"https:\/\/www.empikfoto.pl\/blog\/wp-json\/wp\/v2\/posts"}],"about":[{"href":"https:\/\/www.empikfoto.pl\/blog\/wp-json\/wp\/v2\/types\/post"}],"author":[{"embeddable":true,"href":"https:\/\/www.empikfoto.pl\/blog\/wp-json\/wp\/v2\/users\/16"}],"replies":[{"embeddable":true,"href":"https:\/\/www.empikfoto.pl\/blog\/wp-json\/wp\/v2\/comments?post=9110"}],"version-history":[{"count":6,"href":"https:\/\/www.empikfoto.pl\/blog\/wp-json\/wp\/v2\/posts\/9110\/revisions"}],"predecessor-version":[{"id":13274,"href":"https:\/\/www.empikfoto.pl\/blog\/wp-json\/wp\/v2\/posts\/9110\/revisions\/13274"}],"wp:featuredmedia":[{"embeddable":true,"href":"https:\/\/www.empikfoto.pl\/blog\/wp-json\/wp\/v2\/media\/13155"}],"wp:attachment":[{"href":"https:\/\/www.empikfoto.pl\/blog\/wp-json\/wp\/v2\/media?parent=9110"}],"wp:term":[{"taxonomy":"category","embeddable":true,"href":"https:\/\/www.empikfoto.pl\/blog\/wp-json\/wp\/v2\/categories?post=9110"},{"taxonomy":"post_tag","embeddable":true,"href":"https:\/\/www.empikfoto.pl\/blog\/wp-json\/wp\/v2\/tags?post=9110"}],"curies":[{"name":"wp","href":"https:\/\/api.w.org\/{rel}","templated":true}]}}