{"id":9131,"date":"2024-01-14T10:07:00","date_gmt":"2024-01-14T09:07:00","guid":{"rendered":"https:\/\/blog.empikfoto.pl\/?p=9131"},"modified":"2024-01-15T10:52:09","modified_gmt":"2024-01-15T09:52:09","slug":"co-kupic-na-prezent-na-dzien-babci-i-dziadka","status":"publish","type":"post","link":"https:\/\/www.empikfoto.pl\/blog\/co-kupic-na-prezent-na-dzien-babci-i-dziadka\/","title":{"rendered":"Co kupi\u0107 na prezent na Dzie\u0144 Babci i Dziadka?"},"content":{"rendered":"<p><b>Co roku zastanawiamy si\u0119, jaki upominek sprawi\u0107 dziadkom z okazji ich \u015bwi\u0119ta. Niestety oni sami nie u\u0142atwiaj\u0105 nam sprawy, gdy\u017c zgodnie twierdz\u0105, \u017ce nic nie potrzebuj\u0105. Je\u015bli wi\u0119c sko\u0144czy\u0142y wam si\u0119 pomys\u0142y na \u201ebabcine\u201d suplementy diety czy \u201edziadkowe\u201d skarpety, to przychodzimy z pomoc\u0105. <\/b><b>Usi\u0105d\u017acie wygodnie w fotelu i przygotujcie si\u0119 na porz\u0105dn\u0105 dawk\u0119 kreatywnych upomink\u00f3w. Co kupi\u0107 na prezent na Dzie\u0144 Babci i Dziadka? Poni\u017cej prezentujemy ranking TOP 5 prezent\u00f3w.<\/b><\/p>\n<p><!--more--><\/p>\n<h2><b>1.\u00a0<\/b><b>Fotoksi\u0105\u017cka, czyli wszystkie n<\/b><b>ajpi\u0119kniejsze wspomnienia w jednym miejscu<\/b><\/h2>\n<p><span style=\"font-weight: 400;\">Nie od dzi\u015b wiadomo, \u017ce dziadkowie najbardziej ceni\u0105 sobie czas sp\u0119dzony wsp\u00f3lnie z wnukami. Doskona\u0142ym pomys\u0142em b\u0119dzie <strong><a href=\"https:\/\/www.empikfoto.pl\/fotoksiazki\/tematy\/dzien-babci-i-dziadka\">fotoksi\u0105\u017cka<\/a><\/strong>, czyli zbi\u00f3r najpi\u0119kniejszych wspomnie\u0144 w jednym miejscu.\u00a0 <\/span><span style=\"font-weight: 400;\"><strong>Mo\u017cecie umie\u015bci\u0107 w niej zdj\u0119cia Waszych dziadk\u00f3w \u2013 pocz\u0105wszy od \u015blubu a\u017c do dzisiaj.<\/strong> Je\u015bli zastanawiacie si\u0119, jak do <a href=\"https:\/\/www.empikfoto.pl\/fotoksiazki\"><strong>fotoksi\u0105\u017cki<\/strong> <\/a>do\u0142\u0105czy\u0107 zdj\u0119cia, kt\u00f3re posiadacie jedynie w wersji &#8220;analogowej&#8221;, podpowied\u017a znajdziecie <strong><a href=\"https:\/\/www.empikfoto.pl\/blog\/fotoksiazka-ze-starych-zdjec-podaruj-fotografiom-nowe-zycie\/\">tutaj<\/a><\/strong>. Mo\u017cecie r\u00f3wnie\u017c przygotowa\u0107 album rodzinny w formie kroniki. Zaczynaj\u0105c od zdj\u0119\u0107 najstarszych prapradziadk\u00f3w, a\u017c po najm\u0142odszych cz\u0142onk\u00f3w rodziny. Taki prezent z pewno\u015bci\u0105 wywo\u0142a \u0142z\u0119 wzruszenia!<\/span><\/p>\n<div id=\"attachment_9133\" style=\"width: 1034px\" class=\"wp-caption aligncenter\"><a href=\"https:\/\/www.empikfoto.pl\/fotoksiazki\"><img loading=\"lazy\" decoding=\"async\" aria-describedby=\"caption-attachment-9133\" class=\"wp-image-9133 size-large\" src=\"https:\/\/www.empikfoto.pl\/blog\/empikfoto\/2019\/12\/empik_flat_1-14-of-44-1024x732.jpg\" alt=\"Fotoksi\u0105\u017cka jako pomys\u0142, co kupi\u0107 na Dzie\u0144 Babci i Dziadka\" width=\"1024\" height=\"732\" srcset=\"https:\/\/www.empikfoto.pl\/blog\/empikfoto\/2019\/12\/empik_flat_1-14-of-44-1024x732.jpg 1024w, https:\/\/www.empikfoto.pl\/blog\/empikfoto\/2019\/12\/empik_flat_1-14-of-44-300x214.jpg 300w, https:\/\/www.empikfoto.pl\/blog\/empikfoto\/2019\/12\/empik_flat_1-14-of-44-768x549.jpg 768w, https:\/\/www.empikfoto.pl\/blog\/empikfoto\/2019\/12\/empik_flat_1-14-of-44-110x80.jpg 110w, https:\/\/www.empikfoto.pl\/blog\/empikfoto\/2019\/12\/empik_flat_1-14-of-44-400x286.jpg 400w, https:\/\/www.empikfoto.pl\/blog\/empikfoto\/2019\/12\/empik_flat_1-14-of-44.jpg 2048w\" sizes=\"auto, (max-width: 1024px) 100vw, 1024px\" \/><\/a><p id=\"caption-attachment-9133\" class=\"wp-caption-text\">Je\u015bli zastanawiasz si\u0119, co kupi\u0107 na prezent na Dzie\u0144 Babci i Dziadka, w\u0142asnor\u0119cznie zaprojektowana <a href=\"https:\/\/www.empikfoto.pl\/fotoksiazki\"><strong>fotoksi\u0105\u017cka<\/strong> <\/a>to jedna z propozycji, kt\u00f3ra najbardziej z\u0142apie za serce!<\/p><\/div>\n<h2><b>2. Fotoobraz, czyli stw\u00f3rz rodzinny portret na p\u0142\u00f3tnie<\/b><\/h2>\n<p><span style=\"font-weight: 400;\">A co gdyby podarowa\u0107 dziadkom <a href=\"https:\/\/www.empikfoto.pl\/wystroj-wnetrz\/fotoobrazy-rodzaje\"><strong>rodzinny portret<\/strong><\/a>? Mo\u017cecie zaaran\u017cowa\u0107 w\u0142asn\u0105 sesj\u0119 zdj\u0119ciow\u0105 \u2013 wystarczy zebra\u0107 cz\u0142onk\u00f3w najbli\u017cszej rodziny (a je\u015bli to mo\u017cliwe, to r\u00f3wnie\u017c tych dalszych<\/span><span style=\"font-weight: 400;\">) i wykona\u0107 kilka uj\u0119\u0107, kt\u00f3re p\u00f3\u017aniej przeniesiecie na\u2026 <strong><a href=\"https:\/\/www.empikfoto.pl\/wystroj-wnetrz\/fotoobrazy-rodzaje\">obraz<\/a><\/strong>. Do wyboru macie te na p\u0142\u00f3tnie, drewnie, czy aluminium w r\u00f3\u017cnych rozmiarach. Taki podarunek z pewno\u015bci\u0105 przysporzy wiele rado\u015bci ju\u017c przy samym wykonywaniu zdj\u0119cia oraz zajmie honorowe miejsce na \u015bcianie.\u00a0<\/span><\/p>\n<div id=\"attachment_12572\" style=\"width: 1010px\" class=\"wp-caption aligncenter\"><img loading=\"lazy\" decoding=\"async\" aria-describedby=\"caption-attachment-12572\" class=\"size-full wp-image-12572\" src=\"https:\/\/www.empikfoto.pl\/blog\/empikfoto\/2022\/01\/prezent-na-dzien-babci-i-dziadka.jpg\" alt=\"prezent na dzie\u0144 babci i dziadka\" width=\"1000\" height=\"714\" srcset=\"https:\/\/www.empikfoto.pl\/blog\/empikfoto\/2022\/01\/prezent-na-dzien-babci-i-dziadka.jpg 1000w, https:\/\/www.empikfoto.pl\/blog\/empikfoto\/2022\/01\/prezent-na-dzien-babci-i-dziadka-300x214.jpg 300w, https:\/\/www.empikfoto.pl\/blog\/empikfoto\/2022\/01\/prezent-na-dzien-babci-i-dziadka-768x548.jpg 768w, https:\/\/www.empikfoto.pl\/blog\/empikfoto\/2022\/01\/prezent-na-dzien-babci-i-dziadka-110x80.jpg 110w, https:\/\/www.empikfoto.pl\/blog\/empikfoto\/2022\/01\/prezent-na-dzien-babci-i-dziadka-400x286.jpg 400w\" sizes=\"auto, (max-width: 1000px) 100vw, 1000px\" \/><p id=\"caption-attachment-12572\" class=\"wp-caption-text\">Wykorzystaj zdj\u0119cia z dziadkami z rodzinnych uroczysto\u015bci do stworzenia <a href=\"https:\/\/www.empikfoto.pl\/pomysly-na-prezent\"><strong>fotoprezentu<\/strong> <\/a>na Dzie\u0144 Babci i Dziadka.<\/p><\/div>\n<h2><b>3. Fotokalendarz do snucia plan\u00f3w na kolejny rok<\/b><\/h2>\n<p><span style=\"font-weight: 400;\">Kolejn\u0105 przydatn\u0105 rzecz\u0105, kt\u00f3ra zazwyczaj znajduje si\u0119 na \u015bcianie w domu naszych dziadk\u00f3w, jest <a href=\"https:\/\/www.empikfoto.pl\/fotokalendarze\/tematy\/dzienbabciidziadka\"><strong>kalendarz<\/strong><\/a>. Babcia z pewno\u015bci\u0105 zapisuje tam daty wizyt u lekarza, a dziadek podgl\u0105da, czy nie zapomnia\u0142 o czyich\u015b urodzinach. Teraz mo\u017cecie przygotowa\u0107 <strong><a href=\"https:\/\/www.empikfoto.pl\/fotokalendarze\/tematy\/dzienbabciidziadka\">kalendarz ze zdj\u0119ciem<\/a><\/strong>, w kt\u00f3rym <strong>ju\u017c na etapie projektowania zaznaczycie wszystkie najwa\u017cniejsze daty<\/strong> \u2013 rocznic\u0119 \u015blubu rodzic\u00f3w, urodziny dzieci czy wsp\u00f3lne wyjazdy. Co wa\u017cniejsze, ka\u017cdy miesi\u0105c mo\u017cecie udekorowa\u0107 innym wsp\u00f3lnym zdj\u0119cie. W ten spos\u00f3b podarunek b\u0119dzie nie tylko praktyczny, ale i maksymalnie spersonalizowany.\u00a0<\/span><\/p>\n<div id=\"attachment_13413\" style=\"width: 1034px\" class=\"wp-caption aligncenter\"><a href=\"https:\/\/www.empikfoto.pl\/kalendarz,kolekcja-krol-i-krolowa-mojego-serduszka-wersja-2\"><img loading=\"lazy\" decoding=\"async\" aria-describedby=\"caption-attachment-13413\" class=\"wp-image-13413 size-large\" src=\"https:\/\/www.empikfoto.pl\/blog\/empikfoto\/2022\/01\/DSC1827-1024x682.jpg\" alt=\"prezent na dzie\u0144 babci i dziadka\" width=\"1024\" height=\"682\" srcset=\"https:\/\/www.empikfoto.pl\/blog\/empikfoto\/2022\/01\/DSC1827-1024x682.jpg 1024w, https:\/\/www.empikfoto.pl\/blog\/empikfoto\/2022\/01\/DSC1827-300x200.jpg 300w, https:\/\/www.empikfoto.pl\/blog\/empikfoto\/2022\/01\/DSC1827-768x512.jpg 768w, https:\/\/www.empikfoto.pl\/blog\/empikfoto\/2022\/01\/DSC1827-1536x1024.jpg 1536w, https:\/\/www.empikfoto.pl\/blog\/empikfoto\/2022\/01\/DSC1827-330x220.jpg 330w, https:\/\/www.empikfoto.pl\/blog\/empikfoto\/2022\/01\/DSC1827-400x267.jpg 400w, https:\/\/www.empikfoto.pl\/blog\/empikfoto\/2022\/01\/DSC1827.jpg 2000w\" sizes=\"auto, (max-width: 1024px) 100vw, 1024px\" \/><\/a><p id=\"caption-attachment-13413\" class=\"wp-caption-text\"><a href=\"https:\/\/www.empikfoto.pl\/kalendarz,kolekcja-krol-i-krolowa-mojego-serduszka-wersja-2\"><strong>Kalendarz personalizowany z kolekcji &#8220;Kr\u00f3l i Kr\u00f3lowa serc&#8221;<\/strong><\/a> z mo\u017cliwo\u015bci\u0105 zaznaczenia najwa\u017cniejszych dat w roku.<\/p><\/div>\n<h2><b>4. Prezent na dzie\u0144 babci i dziadka &#8211; poduszka ze zdj\u0119ciem<\/b><\/h2>\n<p><span style=\"font-weight: 400;\">Dziadek lubi sobie uci\u0105\u0107 popo\u0142udniow\u0105 drzemk\u0119? A mo\u017ce babcia przy wype\u0142nianiu krzy\u017c\u00f3wek cz\u0119sto przysypia? Niezale\u017cnie od tego, czy dziadkowie lubi\u0105 chwil\u0119 podrzema\u0107 w ci\u0105gu dnia, czy nale\u017c\u0105 do tych aktywnych, kt\u00f3rzy na emeryturze postanowili zwiedzi\u0107 wszystkie zak\u0105tki \u015bwiata, to praktycznym podarunkiem b\u0119dzie <strong><a href=\"https:\/\/www.empikfoto.pl\/poduszki\">poduszka ze zdj\u0119ciem<\/a><\/strong>. Prezent sprawdzi si\u0119 zar\u00f3wno w podr\u00f3\u017cy, jak i w domu, kiedy chwilowe zm\u0119czenie we\u017amie w g\u00f3r\u0119. Dodatkowo zabawny napis czy zdj\u0119cie wnuczki b\u0119dzie mi\u0142\u0105 ozdob\u0105.\u00a0<\/span><\/p>\n<div id=\"attachment_13414\" style=\"width: 1034px\" class=\"wp-caption aligncenter\"><a href=\"https:\/\/www.empikfoto.pl\/poduszka,kolekcja-magiczne-polaczenie-wersja-2\"><img loading=\"lazy\" decoding=\"async\" aria-describedby=\"caption-attachment-13414\" class=\"wp-image-13414 size-large\" src=\"https:\/\/www.empikfoto.pl\/blog\/empikfoto\/2022\/01\/DSC1840-1024x682.jpg\" alt=\"prezent na dzie\u0144 babci i dziadka\" width=\"1024\" height=\"682\" srcset=\"https:\/\/www.empikfoto.pl\/blog\/empikfoto\/2022\/01\/DSC1840-1024x682.jpg 1024w, https:\/\/www.empikfoto.pl\/blog\/empikfoto\/2022\/01\/DSC1840-300x200.jpg 300w, https:\/\/www.empikfoto.pl\/blog\/empikfoto\/2022\/01\/DSC1840-768x512.jpg 768w, https:\/\/www.empikfoto.pl\/blog\/empikfoto\/2022\/01\/DSC1840-1536x1024.jpg 1536w, https:\/\/www.empikfoto.pl\/blog\/empikfoto\/2022\/01\/DSC1840-330x220.jpg 330w, https:\/\/www.empikfoto.pl\/blog\/empikfoto\/2022\/01\/DSC1840-400x267.jpg 400w, https:\/\/www.empikfoto.pl\/blog\/empikfoto\/2022\/01\/DSC1840.jpg 2000w\" sizes=\"auto, (max-width: 1024px) 100vw, 1024px\" \/><\/a><p id=\"caption-attachment-13414\" class=\"wp-caption-text\"><a href=\"https:\/\/www.empikfoto.pl\/poduszka,kolekcja-magiczne-polaczenie-wersja-2\"><strong>Poduszka, bawe\u0142na, Kolekcja Magiczne Po\u0142\u0105czenie &#8211; wersja 2, 38&#215;38 cm<\/strong><\/a> &#8211; kt\u00f3\u017c nie lubi poleniuchowa\u0107 z poduszk\u0105, kt\u00f3ra przypomina Ci o wa\u017cnych dla Ciebie osobach i chwilach?<\/p><\/div>\n<h2><b>5. Kubek ze zdj\u0119ciem, czyli poranna herbata ze zdj\u0119ciem ukochanej wnusi<\/b><\/h2>\n<p><span style=\"font-weight: 400;\">Kolejnym pomys\u0142em na praktyczny podarunek jest <strong><a href=\"https:\/\/www.empikfoto.pl\/kubki\/dla-babci-i-dziadka\">personalizowany kubek ze zdj\u0119ciem<\/a><\/strong>. Poranna herbata czy popo\u0142udniowa kawa b\u0119d\u0105 jeszcze przyjemniejsze, je\u015bli naczynie ozdobimy zdj\u0119ciami najbli\u017cszych. Je\u015bli natomiast dziadek (albo babcia?<\/span><span style=\"font-weight: 400;\">) jest mi\u0142o\u015bnikiem pi\u0142ki no\u017cnej lub kibicowania innemu zespo\u0142owi sportowemu, to mo\u017cemy sprawi\u0107 mu\/jej kufel z personalizowanym grawerunkiem. Taki prezent z pewno\u015bci\u0105 zachwyci!<\/span><\/p>\n<div id=\"attachment_13407\" style=\"width: 1034px\" class=\"wp-caption aligncenter\"><a href=\"https:\/\/www.empikfoto.pl\/kubki\/dla-babci-i-dziadka\"><img loading=\"lazy\" decoding=\"async\" aria-describedby=\"caption-attachment-13407\" class=\"wp-image-13407 size-large\" src=\"https:\/\/www.empikfoto.pl\/blog\/empikfoto\/2023\/01\/DSC1850-1024x598.jpg\" alt=\"prezent na dzie\u0144 babci i dziadka\" width=\"1024\" height=\"598\" srcset=\"https:\/\/www.empikfoto.pl\/blog\/empikfoto\/2023\/01\/DSC1850-1024x598.jpg 1024w, https:\/\/www.empikfoto.pl\/blog\/empikfoto\/2023\/01\/DSC1850-300x175.jpg 300w, https:\/\/www.empikfoto.pl\/blog\/empikfoto\/2023\/01\/DSC1850-768x448.jpg 768w, https:\/\/www.empikfoto.pl\/blog\/empikfoto\/2023\/01\/DSC1850-1536x896.jpg 1536w, https:\/\/www.empikfoto.pl\/blog\/empikfoto\/2023\/01\/DSC1850-400x233.jpg 400w, https:\/\/www.empikfoto.pl\/blog\/empikfoto\/2023\/01\/DSC1850.jpg 2000w\" sizes=\"auto, (max-width: 1024px) 100vw, 1024px\" \/><\/a><p id=\"caption-attachment-13407\" class=\"wp-caption-text\">Wybierz <a href=\"https:\/\/www.empikfoto.pl\/kubki\/dla-babci-i-dziadka\"><strong>personalizowany kubek dla babci i dziadka<\/strong><\/a> z dost\u0119pnych szablon\u00f3w lub stw\u00f3rz w\u0142asny projekt!<\/p><\/div>\n<p><b>Wszystkie <a href=\"https:\/\/www.empikfoto.pl\/prezenty\/dla-dziadkow\">pomys\u0142y na prezent na dzie\u0144 Babci i Dziadka<\/a> znajdziecie na stronie Empik Foto!<\/b><\/p>\n","protected":false},"excerpt":{"rendered":"<p>Co roku zastanawiamy si\u0119, jaki upominek sprawi\u0107 dziadkom z okazji ich \u015bwi\u0119ta. Niestety oni sami nie u\u0142atwiaj\u0105 nam sprawy, gdy\u017c zgodnie twierdz\u0105, \u017ce nic nie potrzebuj\u0105. Je\u015bli wi\u0119c sko\u0144czy\u0142y wam si\u0119 pomys\u0142y na \u201ebabcine\u201d suplementy diety czy \u201edziadkowe\u201d skarpety, to przychodzimy z pomoc\u0105. Usi\u0105d\u017acie wygodnie w fotelu i przygotujcie si\u0119 na porz\u0105dn\u0105 dawk\u0119 kreatywnych upomink\u00f3w. Co kupi\u0107 na prezent na Dzie\u0144 Babci i Dziadka? Poni\u017cej prezentujemy ranking TOP 5 prezent\u00f3w.<\/p>\n","protected":false},"author":16,"featured_media":12573,"comment_status":"closed","ping_status":"closed","sticky":true,"template":"","format":"standard","meta":{"footnotes":""},"categories":[784],"tags":[1074,1075,1076],"class_list":["post-9131","post","type-post","status-publish","format-standard","has-post-thumbnail","hentry","category-lifestyle","tag-dzien-babci-i-dziadka","tag-prezent-dla-babci","tag-prezent-dla-dziadka"],"yoast_head":"<!-- This site is optimized with the Yoast SEO plugin v27.5 - https:\/\/yoast.com\/product\/yoast-seo-wordpress\/ -->\n<title>Co kupi\u0107 na prezent na Dzie\u0144 Babci i Dziadka? | Empik Foto<\/title>\n<meta name=\"description\" content=\"Co roku zastanawiamy si\u0119, co kupi\u0107 na prezent na Dzie\u0144 Babci i Dziadka. Prezentujemy ranking personalizowanych prezent\u00f3w dla dziadk\u00f3w!\" \/>\n<meta name=\"robots\" content=\"index, follow, max-snippet:-1, max-image-preview:large, max-video-preview:-1\" \/>\n<link rel=\"canonical\" href=\"https:\/\/www.empikfoto.pl\/blog\/co-kupic-na-prezent-na-dzien-babci-i-dziadka\/\" \/>\n<meta property=\"og:locale\" content=\"pl_PL\" \/>\n<meta property=\"og:type\" content=\"article\" \/>\n<meta property=\"og:title\" content=\"Co kupi\u0107 na prezent na Dzie\u0144 Babci i Dziadka? | Empik Foto\" \/>\n<meta property=\"og:description\" content=\"Co roku zastanawiamy si\u0119, co kupi\u0107 na prezent na Dzie\u0144 Babci i Dziadka. Prezentujemy ranking personalizowanych prezent\u00f3w dla dziadk\u00f3w!\" \/>\n<meta property=\"og:url\" content=\"https:\/\/www.empikfoto.pl\/blog\/co-kupic-na-prezent-na-dzien-babci-i-dziadka\/\" \/>\n<meta property=\"og:site_name\" content=\"blog.empikfoto.pl\" \/>\n<meta property=\"article:publisher\" content=\"https:\/\/www.facebook.com\/empikfotopl\/\" \/>\n<meta property=\"article:published_time\" content=\"2024-01-14T09:07:00+00:00\" \/>\n<meta property=\"article:modified_time\" content=\"2024-01-15T09:52:09+00:00\" \/>\n<meta property=\"og:image\" content=\"https:\/\/www.empikfoto.pl\/blog\/empikfoto\/2022\/01\/prezent-na-dzien-babci-i-dziadka-1.jpg\" \/>\n\t<meta property=\"og:image:width\" content=\"1000\" \/>\n\t<meta property=\"og:image:height\" content=\"562\" \/>\n\t<meta property=\"og:image:type\" content=\"image\/jpeg\" \/>\n<meta name=\"author\" content=\"Patrycja\" \/>\n<meta name=\"twitter:card\" content=\"summary_large_image\" \/>\n<meta name=\"twitter:creator\" content=\"@empikfoto\" \/>\n<meta name=\"twitter:site\" content=\"@empikfoto\" \/>\n<meta name=\"twitter:label1\" content=\"Napisane przez\" \/>\n\t<meta name=\"twitter:data1\" content=\"Patrycja\" \/>\n\t<meta name=\"twitter:label2\" content=\"Szacowany czas czytania\" \/>\n\t<meta name=\"twitter:data2\" content=\"5 minut\" \/>\n<script type=\"application\/ld+json\" class=\"yoast-schema-graph\">{\"@context\":\"https:\\\/\\\/schema.org\",\"@graph\":[{\"@type\":\"Article\",\"@id\":\"https:\\\/\\\/www.empikfoto.pl\\\/blog\\\/co-kupic-na-prezent-na-dzien-babci-i-dziadka\\\/#article\",\"isPartOf\":{\"@id\":\"https:\\\/\\\/www.empikfoto.pl\\\/blog\\\/co-kupic-na-prezent-na-dzien-babci-i-dziadka\\\/\"},\"author\":{\"name\":\"Patrycja\",\"@id\":\"https:\\\/\\\/www.empikfoto.pl\\\/blog\\\/#\\\/schema\\\/person\\\/0313802ca5dac502e3266853c59632c0\"},\"headline\":\"Co kupi\u0107 na prezent na Dzie\u0144 Babci i Dziadka?\",\"datePublished\":\"2024-01-14T09:07:00+00:00\",\"dateModified\":\"2024-01-15T09:52:09+00:00\",\"mainEntityOfPage\":{\"@id\":\"https:\\\/\\\/www.empikfoto.pl\\\/blog\\\/co-kupic-na-prezent-na-dzien-babci-i-dziadka\\\/\"},\"wordCount\":745,\"image\":{\"@id\":\"https:\\\/\\\/www.empikfoto.pl\\\/blog\\\/co-kupic-na-prezent-na-dzien-babci-i-dziadka\\\/#primaryimage\"},\"thumbnailUrl\":\"https:\\\/\\\/www.empikfoto.pl\\\/blog\\\/empikfoto\\\/2022\\\/01\\\/prezent-na-dzien-babci-i-dziadka-1.jpg\",\"keywords\":[\"dzie\u0144 babci i dziadka\",\"prezent dla babci\",\"prezent dla dziadka\"],\"articleSection\":[\"LIFESTYLE\"],\"inLanguage\":\"pl-PL\"},{\"@type\":\"WebPage\",\"@id\":\"https:\\\/\\\/www.empikfoto.pl\\\/blog\\\/co-kupic-na-prezent-na-dzien-babci-i-dziadka\\\/\",\"url\":\"https:\\\/\\\/www.empikfoto.pl\\\/blog\\\/co-kupic-na-prezent-na-dzien-babci-i-dziadka\\\/\",\"name\":\"Co kupi\u0107 na prezent na Dzie\u0144 Babci i Dziadka? | Empik Foto\",\"isPartOf\":{\"@id\":\"https:\\\/\\\/www.empikfoto.pl\\\/blog\\\/#website\"},\"primaryImageOfPage\":{\"@id\":\"https:\\\/\\\/www.empikfoto.pl\\\/blog\\\/co-kupic-na-prezent-na-dzien-babci-i-dziadka\\\/#primaryimage\"},\"image\":{\"@id\":\"https:\\\/\\\/www.empikfoto.pl\\\/blog\\\/co-kupic-na-prezent-na-dzien-babci-i-dziadka\\\/#primaryimage\"},\"thumbnailUrl\":\"https:\\\/\\\/www.empikfoto.pl\\\/blog\\\/empikfoto\\\/2022\\\/01\\\/prezent-na-dzien-babci-i-dziadka-1.jpg\",\"datePublished\":\"2024-01-14T09:07:00+00:00\",\"dateModified\":\"2024-01-15T09:52:09+00:00\",\"author\":{\"@id\":\"https:\\\/\\\/www.empikfoto.pl\\\/blog\\\/#\\\/schema\\\/person\\\/0313802ca5dac502e3266853c59632c0\"},\"description\":\"Co roku zastanawiamy si\u0119, co kupi\u0107 na prezent na Dzie\u0144 Babci i Dziadka. Prezentujemy ranking personalizowanych prezent\u00f3w dla dziadk\u00f3w!\",\"breadcrumb\":{\"@id\":\"https:\\\/\\\/www.empikfoto.pl\\\/blog\\\/co-kupic-na-prezent-na-dzien-babci-i-dziadka\\\/#breadcrumb\"},\"inLanguage\":\"pl-PL\",\"potentialAction\":[{\"@type\":\"ReadAction\",\"target\":[\"https:\\\/\\\/www.empikfoto.pl\\\/blog\\\/co-kupic-na-prezent-na-dzien-babci-i-dziadka\\\/\"]}]},{\"@type\":\"ImageObject\",\"inLanguage\":\"pl-PL\",\"@id\":\"https:\\\/\\\/www.empikfoto.pl\\\/blog\\\/co-kupic-na-prezent-na-dzien-babci-i-dziadka\\\/#primaryimage\",\"url\":\"https:\\\/\\\/www.empikfoto.pl\\\/blog\\\/empikfoto\\\/2022\\\/01\\\/prezent-na-dzien-babci-i-dziadka-1.jpg\",\"contentUrl\":\"https:\\\/\\\/www.empikfoto.pl\\\/blog\\\/empikfoto\\\/2022\\\/01\\\/prezent-na-dzien-babci-i-dziadka-1.jpg\",\"width\":1000,\"height\":562},{\"@type\":\"BreadcrumbList\",\"@id\":\"https:\\\/\\\/www.empikfoto.pl\\\/blog\\\/co-kupic-na-prezent-na-dzien-babci-i-dziadka\\\/#breadcrumb\",\"itemListElement\":[{\"@type\":\"ListItem\",\"position\":1,\"name\":\"Strona g\u0142\u00f3wna\",\"item\":\"https:\\\/\\\/www.empikfoto.pl\\\/blog\\\/\"},{\"@type\":\"ListItem\",\"position\":2,\"name\":\"Co kupi\u0107 na prezent na Dzie\u0144 Babci i Dziadka?\"}]},{\"@type\":\"WebSite\",\"@id\":\"https:\\\/\\\/www.empikfoto.pl\\\/blog\\\/#website\",\"url\":\"https:\\\/\\\/www.empikfoto.pl\\\/blog\\\/\",\"name\":\"blog.empikfoto.pl\",\"description\":\"Poznaj empikfoto.pl od \u015brodka! Dowiedz si\u0119 wi\u0119cej o odbitkach, fotoksi\u0105\u017ckach i fotografii.\",\"potentialAction\":[{\"@type\":\"SearchAction\",\"target\":{\"@type\":\"EntryPoint\",\"urlTemplate\":\"https:\\\/\\\/www.empikfoto.pl\\\/blog\\\/?s={search_term_string}\"},\"query-input\":{\"@type\":\"PropertyValueSpecification\",\"valueRequired\":true,\"valueName\":\"search_term_string\"}}],\"inLanguage\":\"pl-PL\"},{\"@type\":\"Person\",\"@id\":\"https:\\\/\\\/www.empikfoto.pl\\\/blog\\\/#\\\/schema\\\/person\\\/0313802ca5dac502e3266853c59632c0\",\"name\":\"Patrycja\",\"image\":{\"@type\":\"ImageObject\",\"inLanguage\":\"pl-PL\",\"@id\":\"https:\\\/\\\/secure.gravatar.com\\\/avatar\\\/f25168e12215ad42f58e5fb72881daaeb57bd4f907081046016f64bf167db59f?s=96&d=identicon&r=g\",\"url\":\"https:\\\/\\\/secure.gravatar.com\\\/avatar\\\/f25168e12215ad42f58e5fb72881daaeb57bd4f907081046016f64bf167db59f?s=96&d=identicon&r=g\",\"contentUrl\":\"https:\\\/\\\/secure.gravatar.com\\\/avatar\\\/f25168e12215ad42f58e5fb72881daaeb57bd4f907081046016f64bf167db59f?s=96&d=identicon&r=g\",\"caption\":\"Patrycja\"},\"url\":\"https:\\\/\\\/www.empikfoto.pl\\\/blog\\\/author\\\/patrycja\\\/\"}]}<\/script>\n<!-- \/ Yoast SEO plugin. -->","yoast_head_json":{"title":"Co kupi\u0107 na prezent na Dzie\u0144 Babci i Dziadka? | Empik Foto","description":"Co roku zastanawiamy si\u0119, co kupi\u0107 na prezent na Dzie\u0144 Babci i Dziadka. Prezentujemy ranking personalizowanych prezent\u00f3w dla dziadk\u00f3w!","robots":{"index":"index","follow":"follow","max-snippet":"max-snippet:-1","max-image-preview":"max-image-preview:large","max-video-preview":"max-video-preview:-1"},"canonical":"https:\/\/www.empikfoto.pl\/blog\/co-kupic-na-prezent-na-dzien-babci-i-dziadka\/","og_locale":"pl_PL","og_type":"article","og_title":"Co kupi\u0107 na prezent na Dzie\u0144 Babci i Dziadka? | Empik Foto","og_description":"Co roku zastanawiamy si\u0119, co kupi\u0107 na prezent na Dzie\u0144 Babci i Dziadka. Prezentujemy ranking personalizowanych prezent\u00f3w dla dziadk\u00f3w!","og_url":"https:\/\/www.empikfoto.pl\/blog\/co-kupic-na-prezent-na-dzien-babci-i-dziadka\/","og_site_name":"blog.empikfoto.pl","article_publisher":"https:\/\/www.facebook.com\/empikfotopl\/","article_published_time":"2024-01-14T09:07:00+00:00","article_modified_time":"2024-01-15T09:52:09+00:00","og_image":[{"width":1000,"height":562,"url":"https:\/\/www.empikfoto.pl\/blog\/empikfoto\/2022\/01\/prezent-na-dzien-babci-i-dziadka-1.jpg","type":"image\/jpeg"}],"author":"Patrycja","twitter_card":"summary_large_image","twitter_creator":"@empikfoto","twitter_site":"@empikfoto","twitter_misc":{"Napisane przez":"Patrycja","Szacowany czas czytania":"5 minut"},"schema":{"@context":"https:\/\/schema.org","@graph":[{"@type":"Article","@id":"https:\/\/www.empikfoto.pl\/blog\/co-kupic-na-prezent-na-dzien-babci-i-dziadka\/#article","isPartOf":{"@id":"https:\/\/www.empikfoto.pl\/blog\/co-kupic-na-prezent-na-dzien-babci-i-dziadka\/"},"author":{"name":"Patrycja","@id":"https:\/\/www.empikfoto.pl\/blog\/#\/schema\/person\/0313802ca5dac502e3266853c59632c0"},"headline":"Co kupi\u0107 na prezent na Dzie\u0144 Babci i Dziadka?","datePublished":"2024-01-14T09:07:00+00:00","dateModified":"2024-01-15T09:52:09+00:00","mainEntityOfPage":{"@id":"https:\/\/www.empikfoto.pl\/blog\/co-kupic-na-prezent-na-dzien-babci-i-dziadka\/"},"wordCount":745,"image":{"@id":"https:\/\/www.empikfoto.pl\/blog\/co-kupic-na-prezent-na-dzien-babci-i-dziadka\/#primaryimage"},"thumbnailUrl":"https:\/\/www.empikfoto.pl\/blog\/empikfoto\/2022\/01\/prezent-na-dzien-babci-i-dziadka-1.jpg","keywords":["dzie\u0144 babci i dziadka","prezent dla babci","prezent dla dziadka"],"articleSection":["LIFESTYLE"],"inLanguage":"pl-PL"},{"@type":"WebPage","@id":"https:\/\/www.empikfoto.pl\/blog\/co-kupic-na-prezent-na-dzien-babci-i-dziadka\/","url":"https:\/\/www.empikfoto.pl\/blog\/co-kupic-na-prezent-na-dzien-babci-i-dziadka\/","name":"Co kupi\u0107 na prezent na Dzie\u0144 Babci i Dziadka? | Empik Foto","isPartOf":{"@id":"https:\/\/www.empikfoto.pl\/blog\/#website"},"primaryImageOfPage":{"@id":"https:\/\/www.empikfoto.pl\/blog\/co-kupic-na-prezent-na-dzien-babci-i-dziadka\/#primaryimage"},"image":{"@id":"https:\/\/www.empikfoto.pl\/blog\/co-kupic-na-prezent-na-dzien-babci-i-dziadka\/#primaryimage"},"thumbnailUrl":"https:\/\/www.empikfoto.pl\/blog\/empikfoto\/2022\/01\/prezent-na-dzien-babci-i-dziadka-1.jpg","datePublished":"2024-01-14T09:07:00+00:00","dateModified":"2024-01-15T09:52:09+00:00","author":{"@id":"https:\/\/www.empikfoto.pl\/blog\/#\/schema\/person\/0313802ca5dac502e3266853c59632c0"},"description":"Co roku zastanawiamy si\u0119, co kupi\u0107 na prezent na Dzie\u0144 Babci i Dziadka. Prezentujemy ranking personalizowanych prezent\u00f3w dla dziadk\u00f3w!","breadcrumb":{"@id":"https:\/\/www.empikfoto.pl\/blog\/co-kupic-na-prezent-na-dzien-babci-i-dziadka\/#breadcrumb"},"inLanguage":"pl-PL","potentialAction":[{"@type":"ReadAction","target":["https:\/\/www.empikfoto.pl\/blog\/co-kupic-na-prezent-na-dzien-babci-i-dziadka\/"]}]},{"@type":"ImageObject","inLanguage":"pl-PL","@id":"https:\/\/www.empikfoto.pl\/blog\/co-kupic-na-prezent-na-dzien-babci-i-dziadka\/#primaryimage","url":"https:\/\/www.empikfoto.pl\/blog\/empikfoto\/2022\/01\/prezent-na-dzien-babci-i-dziadka-1.jpg","contentUrl":"https:\/\/www.empikfoto.pl\/blog\/empikfoto\/2022\/01\/prezent-na-dzien-babci-i-dziadka-1.jpg","width":1000,"height":562},{"@type":"BreadcrumbList","@id":"https:\/\/www.empikfoto.pl\/blog\/co-kupic-na-prezent-na-dzien-babci-i-dziadka\/#breadcrumb","itemListElement":[{"@type":"ListItem","position":1,"name":"Strona g\u0142\u00f3wna","item":"https:\/\/www.empikfoto.pl\/blog\/"},{"@type":"ListItem","position":2,"name":"Co kupi\u0107 na prezent na Dzie\u0144 Babci i Dziadka?"}]},{"@type":"WebSite","@id":"https:\/\/www.empikfoto.pl\/blog\/#website","url":"https:\/\/www.empikfoto.pl\/blog\/","name":"blog.empikfoto.pl","description":"Poznaj empikfoto.pl od \u015brodka! Dowiedz si\u0119 wi\u0119cej o odbitkach, fotoksi\u0105\u017ckach i fotografii.","potentialAction":[{"@type":"SearchAction","target":{"@type":"EntryPoint","urlTemplate":"https:\/\/www.empikfoto.pl\/blog\/?s={search_term_string}"},"query-input":{"@type":"PropertyValueSpecification","valueRequired":true,"valueName":"search_term_string"}}],"inLanguage":"pl-PL"},{"@type":"Person","@id":"https:\/\/www.empikfoto.pl\/blog\/#\/schema\/person\/0313802ca5dac502e3266853c59632c0","name":"Patrycja","image":{"@type":"ImageObject","inLanguage":"pl-PL","@id":"https:\/\/secure.gravatar.com\/avatar\/f25168e12215ad42f58e5fb72881daaeb57bd4f907081046016f64bf167db59f?s=96&d=identicon&r=g","url":"https:\/\/secure.gravatar.com\/avatar\/f25168e12215ad42f58e5fb72881daaeb57bd4f907081046016f64bf167db59f?s=96&d=identicon&r=g","contentUrl":"https:\/\/secure.gravatar.com\/avatar\/f25168e12215ad42f58e5fb72881daaeb57bd4f907081046016f64bf167db59f?s=96&d=identicon&r=g","caption":"Patrycja"},"url":"https:\/\/www.empikfoto.pl\/blog\/author\/patrycja\/"}]}},"amp_enabled":true,"_links":{"self":[{"href":"https:\/\/www.empikfoto.pl\/blog\/wp-json\/wp\/v2\/posts\/9131","targetHints":{"allow":["GET"]}}],"collection":[{"href":"https:\/\/www.empikfoto.pl\/blog\/wp-json\/wp\/v2\/posts"}],"about":[{"href":"https:\/\/www.empikfoto.pl\/blog\/wp-json\/wp\/v2\/types\/post"}],"author":[{"embeddable":true,"href":"https:\/\/www.empikfoto.pl\/blog\/wp-json\/wp\/v2\/users\/16"}],"replies":[{"embeddable":true,"href":"https:\/\/www.empikfoto.pl\/blog\/wp-json\/wp\/v2\/comments?post=9131"}],"version-history":[{"count":16,"href":"https:\/\/www.empikfoto.pl\/blog\/wp-json\/wp\/v2\/posts\/9131\/revisions"}],"predecessor-version":[{"id":13416,"href":"https:\/\/www.empikfoto.pl\/blog\/wp-json\/wp\/v2\/posts\/9131\/revisions\/13416"}],"wp:featuredmedia":[{"embeddable":true,"href":"https:\/\/www.empikfoto.pl\/blog\/wp-json\/wp\/v2\/media\/12573"}],"wp:attachment":[{"href":"https:\/\/www.empikfoto.pl\/blog\/wp-json\/wp\/v2\/media?parent=9131"}],"wp:term":[{"taxonomy":"category","embeddable":true,"href":"https:\/\/www.empikfoto.pl\/blog\/wp-json\/wp\/v2\/categories?post=9131"},{"taxonomy":"post_tag","embeddable":true,"href":"https:\/\/www.empikfoto.pl\/blog\/wp-json\/wp\/v2\/tags?post=9131"}],"curies":[{"name":"wp","href":"https:\/\/api.w.org\/{rel}","templated":true}]}}