{"id":9360,"date":"2020-04-12T15:11:55","date_gmt":"2020-04-12T13:11:55","guid":{"rendered":"https:\/\/blog.empikfoto.pl\/?p=9360"},"modified":"2023-07-14T11:53:35","modified_gmt":"2023-07-14T09:53:35","slug":"czym-zdjecie-biometryczne-dowodu-osobistego-je-zrobic","status":"publish","type":"post","link":"https:\/\/www.empikfoto.pl\/blog\/czym-zdjecie-biometryczne-dowodu-osobistego-je-zrobic\/","title":{"rendered":"Co to zdj\u0119cie biometryczne do dowodu osobistego? Jak je zrobi\u0107?"},"content":{"rendered":"<p><strong>Do ka\u017cdego wniosku o nowy dokument to\u017csamo\u015bci trzeba do\u0142\u0105czy\u0107 zdj\u0119cie. Od pewnego czasu we wszystkich nowo wydawanych dowodach osobistych i paszportach znajduj\u0105 si\u0119 tzw. fotografie biometryczne, kt\u00f3re znacz\u0105co r\u00f3\u017cni\u0105 si\u0119 od tych wymaganych jeszcze 10 lat temu. Dowiedz si\u0119 wi\u0119cej o wymogach dla zdj\u0119\u0107 do dokument\u00f3w i sprawd\u017a, jak je spe\u0142ni\u0107.<\/strong><!--more--><\/p>\n<h2><strong>Czym jest zdj\u0119cie biometryczne?<\/strong><\/h2>\n<p>Polskie przepisy dotycz\u0105ce wygl\u0105du zdj\u0119\u0107 paszportowych i do dowodu osobistego s\u0105 zgodne z tymi unijnymi. Tzw. zdj\u0119cie biometryczne <strong>stosuje si\u0119 w paszportach ju\u017c od 2010 roku, a w dowodach osobistych od 2015 roku.<\/strong> Maj\u0105 one <strong>u\u0142atwi\u0107 identyfikacj\u0119 posiadacza dokumentu<\/strong> dzi\u0119ki odpowiedniemu wyeksponowaniu tzw. cech biometrycznych twarzy (niezmiennych element\u00f3w jak geometria twarzy, rozstaw i wielko\u015b\u0107 oczu, kszta\u0142t nosa itp.). Biometria u\u0142atwia automatyczne rozpoznawanie twarzy, co jest coraz cz\u0119\u015bciej stosowane chocia\u017cby na przej\u015bciach granicznych na ca\u0142ym \u015bwiecie. W praktyce zdj\u0119cie biometryczne wyr\u00f3\u017cnia si\u0119 tym, \u017ce jest wykonywane<strong> en face (na wprost)<\/strong>, w r\u00f3wnomiernym o\u015bwietleniu i w kolorze. Ponadto musi pokazywa\u0107 ca\u0142\u0105 twarz z zamkni\u0119tymi ustami, otwartymi oczami i naturalnym wyrazem.<\/p>\n<h2><strong>Jak zrobi\u0107 zdj\u0119cie biometryczne?<\/strong><\/h2>\n<p>Aby uzyska\u0107 zdj\u0119cie zgodne z wszelkimi wymaganiami biometrii, najpro\u015bciej uda\u0107 si\u0119 do <strong>profesjonalnego zak\u0142adu fotograficznego<\/strong>. Fotografowie znaj\u0105 szczeg\u00f3\u0142owe wytyczne oraz wzory u\u0142atwiaj\u0105ce prawid\u0142owe zrobienie zdj\u0119cia. Ponosz\u0105 tym samym odpowiedzialno\u015b\u0107 za jako\u015b\u0107 wykonanej fotografii.<\/p>\n<h3><strong>W praktyce to rozwi\u0105zanie cz\u0119sto okazuje si\u0119 dalekie od idea\u0142u. Dlaczego?<\/strong><\/h3>\n<ul>\n<li>Wizyta w zak\u0142adzie poch\u0142ania czas i niema\u0142\u0105 ilo\u015b\u0107 pieni\u0119dzy. Us\u0142uga wykonania i wydruku zdj\u0119cia w kilku egzemplarzach to koszt kilkudziesi\u0119ciu z\u0142otych.<\/li>\n<li>Zwykle wymaga r\u00f3wnie\u017c dojazdu, a nast\u0119pnie oczekiwania na obr\u00f3bk\u0119 fotografii i produkcj\u0119 odbitki. W efekcie okazuje si\u0119, \u017ce na wykonanie jednego zdj\u0119cia trzeba po\u015bwi\u0119ci\u0107 nawet kilka godzin.<\/li>\n<li>Ponadto klienci zak\u0142ad\u00f3w fotograficznych cz\u0119sto s\u0105 niezadowoleni z tego, jak wygl\u0105daj\u0105 na wykonanych zdj\u0119ciach. Z pewno\u015bci\u0105 nie pomaga w tym skr\u0119powanie zwi\u0105zane z pozowaniem przed aparatem w jasnym \u015bwietle.<\/li>\n<\/ul>\n<p>To w\u0142a\u015bnie z wymienionych wy\u017cej powod\u00f3w <strong>wiele os\u00f3b szuka alternatywy<\/strong>. Na szcz\u0119\u015bcie obecnie samodzielne wykonanie zdj\u0119\u0107 do dokument\u00f3w i ich profesjonalne wykonanie s\u0105 \u0142atwiejsze ni\u017c kiedykolwiek!<\/p>\n<p><img loading=\"lazy\" decoding=\"async\" class=\"aligncenter wp-image-12353 size-full\" src=\"https:\/\/www.empikfoto.pl\/blog\/empikfoto\/2020\/04\/zdjecie-biometryczne-e1689328402233.jpg\" alt=\"zdj\u0119cie biometryczne\" width=\"997\" height=\"537\" srcset=\"https:\/\/www.empikfoto.pl\/blog\/empikfoto\/2020\/04\/zdjecie-biometryczne-e1689328402233.jpg 997w, https:\/\/www.empikfoto.pl\/blog\/empikfoto\/2020\/04\/zdjecie-biometryczne-e1689328402233-300x162.jpg 300w, https:\/\/www.empikfoto.pl\/blog\/empikfoto\/2020\/04\/zdjecie-biometryczne-e1689328402233-768x414.jpg 768w, https:\/\/www.empikfoto.pl\/blog\/empikfoto\/2020\/04\/zdjecie-biometryczne-e1689328402233-400x215.jpg 400w\" sizes=\"auto, (max-width: 997px) 100vw, 997px\" \/><\/p>\n<h2><strong>Zdj\u0119cia do dokument\u00f3w robione w domu \u2013 czy to mo\u017cliwe?<\/strong><\/h2>\n<p>Okazuje si\u0119, \u017ce profesjonalnie wygl\u0105daj\u0105ce <strong><a href=\"https:\/\/www.empikfoto.pl\/odbitki,dokumenty\">zdj\u0119cia do dokument\u00f3w<\/a><\/strong> mo\u017cna zrobi\u0107 r\u00f3wnie\u017c w domu. Wystarczy aparat fotograficzny (nawet taki w smartfonie) \u2013 najlepiej z <strong>manualn\u0105 regulacj\u0105 parametr\u00f3w, np. ekspozycji<\/strong>. Ponadto nale\u017cy przygotowa\u0107 jednolite, jasne t\u0142o (mo\u017ce to by\u0107 bia\u0142a \u015bciana lub du\u017ca kartka papieru). Nie s\u0105 potrzebne specjalne lampy \u2013 do zdj\u0119cia wystarczy usi\u0105\u015b\u0107 naprzeciwko okna, by dzienne \u015bwiat\u0142o r\u00f3wnomiernie rozja\u015bnia\u0142o twarz. Gotowe zdj\u0119cie mo\u017cna \u0142atwo wydrukowa\u0107 \u2013 <strong>dzi\u0119ki specjalnej us\u0142udze Empik Foto ich zam\u00f3wienie online jest bardzo proste<\/strong>.<\/p>\n<h2><strong>Jakie warunki powinno spe\u0142nia\u0107 zdj\u0119cie do dowodu lub paszportu?<\/strong><\/h2>\n<p>O czym pami\u0119ta\u0107, robi\u0105c samodzielnie zdj\u0119cia do dokument\u00f3w? Szczeg\u00f3\u0142owe wytyczne na ten temat mo\u017cna znale\u017a\u0107 na stronach rz\u0105dowych (<strong><a href=\"https:\/\/www.gov.pl\/web\/gov\/zdjecie-do-dowodu-lub-paszportu\">https:\/\/www.gov.pl\/web\/gov\/zdjecie-do-dowodu-lub-paszportu<\/a><\/strong>).<\/p>\n<h3><strong>Warto jednak pami\u0119ta\u0107, \u017ce:<\/strong><\/h3>\n<ul>\n<li>twarz musi zajmowa\u0107 ok. 70-80% zdj\u0119cia,<\/li>\n<li>oczy powinny si\u0119 znajdowa\u0107 mniej wi\u0119cej w po\u0142owie jego wysoko\u015bci,<\/li>\n<li>na zdj\u0119ciu musi by\u0107 widoczna ca\u0142a g\u0142owa i g\u00f3rna cz\u0119\u015b\u0107 bark\u00f3w,<\/li>\n<li>brwi musz\u0105 by\u0107 ca\u0142kowicie widoczne,<\/li>\n<li>zdj\u0119cie musi by\u0107 ostre, kontrastowe, w naturalny spos\u00f3b odzwierciedla\u0107 kolory (np. kolor sk\u00f3ry, t\u0119cz\u00f3wek),<\/li>\n<li>zabronione jest noszenie na zdj\u0119ciu nakry\u0107 g\u0142owy (z wyj\u0105tkiem tych zwi\u0105zanych z wyznawan\u0105 religi\u0105),<\/li>\n<li>okulary nie powinny przes\u0142ania\u0107 oczu, trzeba r\u00f3wnie\u017c unika\u0107 odblask\u00f3w \u015bwiat\u0142a w szk\u0142ach,<\/li>\n<li>lepiej do zdj\u0119cia zrezygnowa\u0107 r\u00f3wnie\u017c z wszelkiej bi\u017cuterii i innych ozd\u00f3b, kt\u00f3re mog\u0142yby przes\u0142ania\u0107 twarz.<\/li>\n<\/ul>\n<p>Ponadto nale\u017cy wiedzie\u0107, \u017ce zdj\u0119cie do\u0142\u0105czane do wniosku o wydanie paszportu lub dowodu osobistego <strong>zawsze powinno by\u0107 aktualne (nie starsze ni\u017c 6 miesi\u0119cy)<\/strong>.<\/p>\n","protected":false},"excerpt":{"rendered":"<p>Do ka\u017cdego wniosku o nowy dokument to\u017csamo\u015bci trzeba do\u0142\u0105czy\u0107 zdj\u0119cie. Od pewnego czasu we wszystkich nowo wydawanych dowodach osobistych i paszportach znajduj\u0105 si\u0119 tzw. fotografie biometryczne, kt\u00f3re znacz\u0105co r\u00f3\u017cni\u0105 si\u0119 od tych wymaganych jeszcze 10 lat temu. Dowiedz si\u0119 wi\u0119cej o wymogach dla zdj\u0119\u0107 do dokument\u00f3w i sprawd\u017a, jak je spe\u0142ni\u0107.<\/p>\n","protected":false},"author":16,"featured_media":12352,"comment_status":"closed","ping_status":"closed","sticky":false,"template":"","format":"standard","meta":{"footnotes":""},"categories":[750],"tags":[],"class_list":["post-9360","post","type-post","status-publish","format-standard","has-post-thumbnail","hentry","category-poradnik-2"],"yoast_head":"<!-- This site is optimized with the Yoast SEO plugin v27.5 - https:\/\/yoast.com\/product\/yoast-seo-wordpress\/ -->\n<title>Co to zdj\u0119cie biometryczne do dowodu osobistego? | Empik Foto<\/title>\n<meta name=\"description\" content=\"Czym jest zdj\u0119cie biometryczne do dowodu osobistego? Dowiedz si\u0119, jak je wykona\u0107 i dlaczego s\u0105 wa\u017cne dla to\u017csamo\u015bci i bezpiecze\u0144stwa.\" \/>\n<meta name=\"robots\" content=\"index, follow, max-snippet:-1, max-image-preview:large, max-video-preview:-1\" \/>\n<link rel=\"canonical\" href=\"https:\/\/www.empikfoto.pl\/blog\/czym-zdjecie-biometryczne-dowodu-osobistego-je-zrobic\/\" \/>\n<meta property=\"og:locale\" content=\"pl_PL\" \/>\n<meta property=\"og:type\" content=\"article\" \/>\n<meta property=\"og:title\" content=\"Co to zdj\u0119cie biometryczne do dowodu osobistego? | Empik Foto\" \/>\n<meta property=\"og:description\" content=\"Czym jest zdj\u0119cie biometryczne do dowodu osobistego? Dowiedz si\u0119, jak je wykona\u0107 i dlaczego s\u0105 wa\u017cne dla to\u017csamo\u015bci i bezpiecze\u0144stwa.\" \/>\n<meta property=\"og:url\" content=\"https:\/\/www.empikfoto.pl\/blog\/czym-zdjecie-biometryczne-dowodu-osobistego-je-zrobic\/\" \/>\n<meta property=\"og:site_name\" content=\"blog.empikfoto.pl\" \/>\n<meta property=\"article:publisher\" content=\"https:\/\/www.facebook.com\/empikfotopl\/\" \/>\n<meta property=\"article:published_time\" content=\"2020-04-12T13:11:55+00:00\" \/>\n<meta property=\"article:modified_time\" content=\"2023-07-14T09:53:35+00:00\" \/>\n<meta property=\"og:image\" content=\"https:\/\/www.empikfoto.pl\/blog\/empikfoto\/2020\/04\/nowoczesna-koncepcja-rozpoznawania-twarzy.jpg\" \/>\n\t<meta property=\"og:image:width\" content=\"1000\" \/>\n\t<meta property=\"og:image:height\" content=\"560\" \/>\n\t<meta property=\"og:image:type\" content=\"image\/jpeg\" \/>\n<meta name=\"author\" content=\"Patrycja\" \/>\n<meta name=\"twitter:card\" content=\"summary_large_image\" \/>\n<meta name=\"twitter:creator\" content=\"@empikfoto\" \/>\n<meta name=\"twitter:site\" content=\"@empikfoto\" \/>\n<meta name=\"twitter:label1\" content=\"Napisane przez\" \/>\n\t<meta name=\"twitter:data1\" content=\"Patrycja\" \/>\n\t<meta name=\"twitter:label2\" content=\"Szacowany czas czytania\" \/>\n\t<meta name=\"twitter:data2\" content=\"4 minuty\" \/>\n<script type=\"application\/ld+json\" class=\"yoast-schema-graph\">{\"@context\":\"https:\\\/\\\/schema.org\",\"@graph\":[{\"@type\":\"Article\",\"@id\":\"https:\\\/\\\/www.empikfoto.pl\\\/blog\\\/czym-zdjecie-biometryczne-dowodu-osobistego-je-zrobic\\\/#article\",\"isPartOf\":{\"@id\":\"https:\\\/\\\/www.empikfoto.pl\\\/blog\\\/czym-zdjecie-biometryczne-dowodu-osobistego-je-zrobic\\\/\"},\"author\":{\"name\":\"Patrycja\",\"@id\":\"https:\\\/\\\/www.empikfoto.pl\\\/blog\\\/#\\\/schema\\\/person\\\/0313802ca5dac502e3266853c59632c0\"},\"headline\":\"Co to zdj\u0119cie biometryczne do dowodu osobistego? Jak je zrobi\u0107?\",\"datePublished\":\"2020-04-12T13:11:55+00:00\",\"dateModified\":\"2023-07-14T09:53:35+00:00\",\"mainEntityOfPage\":{\"@id\":\"https:\\\/\\\/www.empikfoto.pl\\\/blog\\\/czym-zdjecie-biometryczne-dowodu-osobistego-je-zrobic\\\/\"},\"wordCount\":692,\"image\":{\"@id\":\"https:\\\/\\\/www.empikfoto.pl\\\/blog\\\/czym-zdjecie-biometryczne-dowodu-osobistego-je-zrobic\\\/#primaryimage\"},\"thumbnailUrl\":\"https:\\\/\\\/www.empikfoto.pl\\\/blog\\\/empikfoto\\\/2020\\\/04\\\/nowoczesna-koncepcja-rozpoznawania-twarzy.jpg\",\"articleSection\":[\"Poradnik\"],\"inLanguage\":\"pl-PL\"},{\"@type\":\"WebPage\",\"@id\":\"https:\\\/\\\/www.empikfoto.pl\\\/blog\\\/czym-zdjecie-biometryczne-dowodu-osobistego-je-zrobic\\\/\",\"url\":\"https:\\\/\\\/www.empikfoto.pl\\\/blog\\\/czym-zdjecie-biometryczne-dowodu-osobistego-je-zrobic\\\/\",\"name\":\"Co to zdj\u0119cie biometryczne do dowodu osobistego? | Empik Foto\",\"isPartOf\":{\"@id\":\"https:\\\/\\\/www.empikfoto.pl\\\/blog\\\/#website\"},\"primaryImageOfPage\":{\"@id\":\"https:\\\/\\\/www.empikfoto.pl\\\/blog\\\/czym-zdjecie-biometryczne-dowodu-osobistego-je-zrobic\\\/#primaryimage\"},\"image\":{\"@id\":\"https:\\\/\\\/www.empikfoto.pl\\\/blog\\\/czym-zdjecie-biometryczne-dowodu-osobistego-je-zrobic\\\/#primaryimage\"},\"thumbnailUrl\":\"https:\\\/\\\/www.empikfoto.pl\\\/blog\\\/empikfoto\\\/2020\\\/04\\\/nowoczesna-koncepcja-rozpoznawania-twarzy.jpg\",\"datePublished\":\"2020-04-12T13:11:55+00:00\",\"dateModified\":\"2023-07-14T09:53:35+00:00\",\"author\":{\"@id\":\"https:\\\/\\\/www.empikfoto.pl\\\/blog\\\/#\\\/schema\\\/person\\\/0313802ca5dac502e3266853c59632c0\"},\"description\":\"Czym jest zdj\u0119cie biometryczne do dowodu osobistego? Dowiedz si\u0119, jak je wykona\u0107 i dlaczego s\u0105 wa\u017cne dla to\u017csamo\u015bci i bezpiecze\u0144stwa.\",\"breadcrumb\":{\"@id\":\"https:\\\/\\\/www.empikfoto.pl\\\/blog\\\/czym-zdjecie-biometryczne-dowodu-osobistego-je-zrobic\\\/#breadcrumb\"},\"inLanguage\":\"pl-PL\",\"potentialAction\":[{\"@type\":\"ReadAction\",\"target\":[\"https:\\\/\\\/www.empikfoto.pl\\\/blog\\\/czym-zdjecie-biometryczne-dowodu-osobistego-je-zrobic\\\/\"]}]},{\"@type\":\"ImageObject\",\"inLanguage\":\"pl-PL\",\"@id\":\"https:\\\/\\\/www.empikfoto.pl\\\/blog\\\/czym-zdjecie-biometryczne-dowodu-osobistego-je-zrobic\\\/#primaryimage\",\"url\":\"https:\\\/\\\/www.empikfoto.pl\\\/blog\\\/empikfoto\\\/2020\\\/04\\\/nowoczesna-koncepcja-rozpoznawania-twarzy.jpg\",\"contentUrl\":\"https:\\\/\\\/www.empikfoto.pl\\\/blog\\\/empikfoto\\\/2020\\\/04\\\/nowoczesna-koncepcja-rozpoznawania-twarzy.jpg\",\"width\":1000,\"height\":560,\"caption\":\"zdj\u0119cie biometryczne\"},{\"@type\":\"BreadcrumbList\",\"@id\":\"https:\\\/\\\/www.empikfoto.pl\\\/blog\\\/czym-zdjecie-biometryczne-dowodu-osobistego-je-zrobic\\\/#breadcrumb\",\"itemListElement\":[{\"@type\":\"ListItem\",\"position\":1,\"name\":\"Strona g\u0142\u00f3wna\",\"item\":\"https:\\\/\\\/www.empikfoto.pl\\\/blog\\\/\"},{\"@type\":\"ListItem\",\"position\":2,\"name\":\"Co to zdj\u0119cie biometryczne do dowodu osobistego? Jak je zrobi\u0107?\"}]},{\"@type\":\"WebSite\",\"@id\":\"https:\\\/\\\/www.empikfoto.pl\\\/blog\\\/#website\",\"url\":\"https:\\\/\\\/www.empikfoto.pl\\\/blog\\\/\",\"name\":\"blog.empikfoto.pl\",\"description\":\"Poznaj empikfoto.pl od \u015brodka! Dowiedz si\u0119 wi\u0119cej o odbitkach, fotoksi\u0105\u017ckach i fotografii.\",\"potentialAction\":[{\"@type\":\"SearchAction\",\"target\":{\"@type\":\"EntryPoint\",\"urlTemplate\":\"https:\\\/\\\/www.empikfoto.pl\\\/blog\\\/?s={search_term_string}\"},\"query-input\":{\"@type\":\"PropertyValueSpecification\",\"valueRequired\":true,\"valueName\":\"search_term_string\"}}],\"inLanguage\":\"pl-PL\"},{\"@type\":\"Person\",\"@id\":\"https:\\\/\\\/www.empikfoto.pl\\\/blog\\\/#\\\/schema\\\/person\\\/0313802ca5dac502e3266853c59632c0\",\"name\":\"Patrycja\",\"image\":{\"@type\":\"ImageObject\",\"inLanguage\":\"pl-PL\",\"@id\":\"https:\\\/\\\/secure.gravatar.com\\\/avatar\\\/f25168e12215ad42f58e5fb72881daaeb57bd4f907081046016f64bf167db59f?s=96&d=identicon&r=g\",\"url\":\"https:\\\/\\\/secure.gravatar.com\\\/avatar\\\/f25168e12215ad42f58e5fb72881daaeb57bd4f907081046016f64bf167db59f?s=96&d=identicon&r=g\",\"contentUrl\":\"https:\\\/\\\/secure.gravatar.com\\\/avatar\\\/f25168e12215ad42f58e5fb72881daaeb57bd4f907081046016f64bf167db59f?s=96&d=identicon&r=g\",\"caption\":\"Patrycja\"},\"url\":\"https:\\\/\\\/www.empikfoto.pl\\\/blog\\\/author\\\/patrycja\\\/\"}]}<\/script>\n<!-- \/ Yoast SEO plugin. -->","yoast_head_json":{"title":"Co to zdj\u0119cie biometryczne do dowodu osobistego? | Empik Foto","description":"Czym jest zdj\u0119cie biometryczne do dowodu osobistego? Dowiedz si\u0119, jak je wykona\u0107 i dlaczego s\u0105 wa\u017cne dla to\u017csamo\u015bci i bezpiecze\u0144stwa.","robots":{"index":"index","follow":"follow","max-snippet":"max-snippet:-1","max-image-preview":"max-image-preview:large","max-video-preview":"max-video-preview:-1"},"canonical":"https:\/\/www.empikfoto.pl\/blog\/czym-zdjecie-biometryczne-dowodu-osobistego-je-zrobic\/","og_locale":"pl_PL","og_type":"article","og_title":"Co to zdj\u0119cie biometryczne do dowodu osobistego? | Empik Foto","og_description":"Czym jest zdj\u0119cie biometryczne do dowodu osobistego? Dowiedz si\u0119, jak je wykona\u0107 i dlaczego s\u0105 wa\u017cne dla to\u017csamo\u015bci i bezpiecze\u0144stwa.","og_url":"https:\/\/www.empikfoto.pl\/blog\/czym-zdjecie-biometryczne-dowodu-osobistego-je-zrobic\/","og_site_name":"blog.empikfoto.pl","article_publisher":"https:\/\/www.facebook.com\/empikfotopl\/","article_published_time":"2020-04-12T13:11:55+00:00","article_modified_time":"2023-07-14T09:53:35+00:00","og_image":[{"width":1000,"height":560,"url":"https:\/\/www.empikfoto.pl\/blog\/empikfoto\/2020\/04\/nowoczesna-koncepcja-rozpoznawania-twarzy.jpg","type":"image\/jpeg"}],"author":"Patrycja","twitter_card":"summary_large_image","twitter_creator":"@empikfoto","twitter_site":"@empikfoto","twitter_misc":{"Napisane przez":"Patrycja","Szacowany czas czytania":"4 minuty"},"schema":{"@context":"https:\/\/schema.org","@graph":[{"@type":"Article","@id":"https:\/\/www.empikfoto.pl\/blog\/czym-zdjecie-biometryczne-dowodu-osobistego-je-zrobic\/#article","isPartOf":{"@id":"https:\/\/www.empikfoto.pl\/blog\/czym-zdjecie-biometryczne-dowodu-osobistego-je-zrobic\/"},"author":{"name":"Patrycja","@id":"https:\/\/www.empikfoto.pl\/blog\/#\/schema\/person\/0313802ca5dac502e3266853c59632c0"},"headline":"Co to zdj\u0119cie biometryczne do dowodu osobistego? Jak je zrobi\u0107?","datePublished":"2020-04-12T13:11:55+00:00","dateModified":"2023-07-14T09:53:35+00:00","mainEntityOfPage":{"@id":"https:\/\/www.empikfoto.pl\/blog\/czym-zdjecie-biometryczne-dowodu-osobistego-je-zrobic\/"},"wordCount":692,"image":{"@id":"https:\/\/www.empikfoto.pl\/blog\/czym-zdjecie-biometryczne-dowodu-osobistego-je-zrobic\/#primaryimage"},"thumbnailUrl":"https:\/\/www.empikfoto.pl\/blog\/empikfoto\/2020\/04\/nowoczesna-koncepcja-rozpoznawania-twarzy.jpg","articleSection":["Poradnik"],"inLanguage":"pl-PL"},{"@type":"WebPage","@id":"https:\/\/www.empikfoto.pl\/blog\/czym-zdjecie-biometryczne-dowodu-osobistego-je-zrobic\/","url":"https:\/\/www.empikfoto.pl\/blog\/czym-zdjecie-biometryczne-dowodu-osobistego-je-zrobic\/","name":"Co to zdj\u0119cie biometryczne do dowodu osobistego? | Empik Foto","isPartOf":{"@id":"https:\/\/www.empikfoto.pl\/blog\/#website"},"primaryImageOfPage":{"@id":"https:\/\/www.empikfoto.pl\/blog\/czym-zdjecie-biometryczne-dowodu-osobistego-je-zrobic\/#primaryimage"},"image":{"@id":"https:\/\/www.empikfoto.pl\/blog\/czym-zdjecie-biometryczne-dowodu-osobistego-je-zrobic\/#primaryimage"},"thumbnailUrl":"https:\/\/www.empikfoto.pl\/blog\/empikfoto\/2020\/04\/nowoczesna-koncepcja-rozpoznawania-twarzy.jpg","datePublished":"2020-04-12T13:11:55+00:00","dateModified":"2023-07-14T09:53:35+00:00","author":{"@id":"https:\/\/www.empikfoto.pl\/blog\/#\/schema\/person\/0313802ca5dac502e3266853c59632c0"},"description":"Czym jest zdj\u0119cie biometryczne do dowodu osobistego? Dowiedz si\u0119, jak je wykona\u0107 i dlaczego s\u0105 wa\u017cne dla to\u017csamo\u015bci i bezpiecze\u0144stwa.","breadcrumb":{"@id":"https:\/\/www.empikfoto.pl\/blog\/czym-zdjecie-biometryczne-dowodu-osobistego-je-zrobic\/#breadcrumb"},"inLanguage":"pl-PL","potentialAction":[{"@type":"ReadAction","target":["https:\/\/www.empikfoto.pl\/blog\/czym-zdjecie-biometryczne-dowodu-osobistego-je-zrobic\/"]}]},{"@type":"ImageObject","inLanguage":"pl-PL","@id":"https:\/\/www.empikfoto.pl\/blog\/czym-zdjecie-biometryczne-dowodu-osobistego-je-zrobic\/#primaryimage","url":"https:\/\/www.empikfoto.pl\/blog\/empikfoto\/2020\/04\/nowoczesna-koncepcja-rozpoznawania-twarzy.jpg","contentUrl":"https:\/\/www.empikfoto.pl\/blog\/empikfoto\/2020\/04\/nowoczesna-koncepcja-rozpoznawania-twarzy.jpg","width":1000,"height":560,"caption":"zdj\u0119cie biometryczne"},{"@type":"BreadcrumbList","@id":"https:\/\/www.empikfoto.pl\/blog\/czym-zdjecie-biometryczne-dowodu-osobistego-je-zrobic\/#breadcrumb","itemListElement":[{"@type":"ListItem","position":1,"name":"Strona g\u0142\u00f3wna","item":"https:\/\/www.empikfoto.pl\/blog\/"},{"@type":"ListItem","position":2,"name":"Co to zdj\u0119cie biometryczne do dowodu osobistego? Jak je zrobi\u0107?"}]},{"@type":"WebSite","@id":"https:\/\/www.empikfoto.pl\/blog\/#website","url":"https:\/\/www.empikfoto.pl\/blog\/","name":"blog.empikfoto.pl","description":"Poznaj empikfoto.pl od \u015brodka! Dowiedz si\u0119 wi\u0119cej o odbitkach, fotoksi\u0105\u017ckach i fotografii.","potentialAction":[{"@type":"SearchAction","target":{"@type":"EntryPoint","urlTemplate":"https:\/\/www.empikfoto.pl\/blog\/?s={search_term_string}"},"query-input":{"@type":"PropertyValueSpecification","valueRequired":true,"valueName":"search_term_string"}}],"inLanguage":"pl-PL"},{"@type":"Person","@id":"https:\/\/www.empikfoto.pl\/blog\/#\/schema\/person\/0313802ca5dac502e3266853c59632c0","name":"Patrycja","image":{"@type":"ImageObject","inLanguage":"pl-PL","@id":"https:\/\/secure.gravatar.com\/avatar\/f25168e12215ad42f58e5fb72881daaeb57bd4f907081046016f64bf167db59f?s=96&d=identicon&r=g","url":"https:\/\/secure.gravatar.com\/avatar\/f25168e12215ad42f58e5fb72881daaeb57bd4f907081046016f64bf167db59f?s=96&d=identicon&r=g","contentUrl":"https:\/\/secure.gravatar.com\/avatar\/f25168e12215ad42f58e5fb72881daaeb57bd4f907081046016f64bf167db59f?s=96&d=identicon&r=g","caption":"Patrycja"},"url":"https:\/\/www.empikfoto.pl\/blog\/author\/patrycja\/"}]}},"amp_enabled":true,"_links":{"self":[{"href":"https:\/\/www.empikfoto.pl\/blog\/wp-json\/wp\/v2\/posts\/9360","targetHints":{"allow":["GET"]}}],"collection":[{"href":"https:\/\/www.empikfoto.pl\/blog\/wp-json\/wp\/v2\/posts"}],"about":[{"href":"https:\/\/www.empikfoto.pl\/blog\/wp-json\/wp\/v2\/types\/post"}],"author":[{"embeddable":true,"href":"https:\/\/www.empikfoto.pl\/blog\/wp-json\/wp\/v2\/users\/16"}],"replies":[{"embeddable":true,"href":"https:\/\/www.empikfoto.pl\/blog\/wp-json\/wp\/v2\/comments?post=9360"}],"version-history":[{"count":3,"href":"https:\/\/www.empikfoto.pl\/blog\/wp-json\/wp\/v2\/posts\/9360\/revisions"}],"predecessor-version":[{"id":12354,"href":"https:\/\/www.empikfoto.pl\/blog\/wp-json\/wp\/v2\/posts\/9360\/revisions\/12354"}],"wp:featuredmedia":[{"embeddable":true,"href":"https:\/\/www.empikfoto.pl\/blog\/wp-json\/wp\/v2\/media\/12352"}],"wp:attachment":[{"href":"https:\/\/www.empikfoto.pl\/blog\/wp-json\/wp\/v2\/media?parent=9360"}],"wp:term":[{"taxonomy":"category","embeddable":true,"href":"https:\/\/www.empikfoto.pl\/blog\/wp-json\/wp\/v2\/categories?post=9360"},{"taxonomy":"post_tag","embeddable":true,"href":"https:\/\/www.empikfoto.pl\/blog\/wp-json\/wp\/v2\/tags?post=9360"}],"curies":[{"name":"wp","href":"https:\/\/api.w.org\/{rel}","templated":true}]}}